{"id":990,"date":"2012-12-14T06:17:01","date_gmt":"2012-12-14T04:17:01","guid":{"rendered":"http:\/\/blog.erm.ee\/?p=990"},"modified":"2013-10-07T15:05:49","modified_gmt":"2013-10-07T13:05:49","slug":"lapates-uusaastakaarte","status":"publish","type":"post","link":"https:\/\/blog.erm.ee\/?p=990","title":{"rendered":"Lapates uusaastakaarte"},"content":{"rendered":"<div class=\"fcbkbttn_buttons_block\" id=\"fcbkbttn_left\"><div class=\"fcbkbttn_like \"><fb:like href=\"https:\/\/blog.erm.ee\/?p=990\" action=\"like\" colorscheme=\"light\" layout=\"standard\"  width=\"225px\" size=\"small\"><\/fb:like><\/div><div class=\"fb-share-button  \" data-href=\"https:\/\/blog.erm.ee\/?p=990\" data-type=\"button\" data-size=\"small\"><\/div><\/div><p><em>Anu J\u00e4rs, teadur-kuraator<\/em><\/p>\n<p style=\"text-align: justify;\">Kas te plaanite sel aastal p\u00fchadekaarte saata? Kas saadate veel traditsioonilisi paberkaarte v\u00f5i olete elektroonilistele \u00f5nnitlustele \u00fcle l\u00e4inud?<\/p>\n<p style=\"text-align: justify;\">Nii v\u00f5i teisiti, praegu on paras aeg heita pilk vanadele postkaartidele. MUISist v\u00f5ib leida arvukalt j\u00f5ulu- ja uusaastakaarte, kuid silmapaistvaid kogusid, mis v\u00f5iksid v\u00f5istelda kollektsion\u00e4\u00e4ride omadega, muuseumidel ette n\u00e4idata ei ole. Selles vallas ei ole muuseumid sihip\u00e4rast kogumist eesm\u00e4rgiks seadnud. Samas on paljudel meie seast ette n\u00e4idata isiklik arhiivkogu \u2013 on ju toredaks kombeks s\u00f5pradelt ja tuttavatelt saadud p\u00fchadekaardid alles hoida. Need kaardid k\u00f5nelevad nii inimestest \u2013 meie l\u00e4hedastest, kes meid kaartidega meeles on pidanud kui ka ajast ja \u00fchiskonnast.<\/p>\n<p style=\"text-align: justify;\">Minu lapsep\u00f5lves saadeti p\u00fchade puhuks v\u00e4ga palju postkaarte. Kui uued kaardid aasta l\u00f5pul m\u00fc\u00fcki j\u00f5udsid, olid raamatupoodides pikad j\u00e4rjekorrad. P\u00e4rast oli tore saabunud kaarte vaadata, m\u00f5ned kaardid kordusid, aga m\u00f5ned oli hoopis erinevad. Nii on mulle meelde s\u00f6\u00f6binud onunaiselt Kanadast tulnud kaardid, mis kohe l\u00f5hnasid teistmoodi kui siinsed kehvapooses tr\u00fckikvaliteedis p\u00f5lvkonnakaaslased.<\/p>\n<p><a href=\"https:\/\/blog.erm.ee\/wp-content\/uploads\/2012\/12\/aa0218.jpg\"><img loading=\"lazy\" decoding=\"async\" data-attachment-id=\"993\" data-permalink=\"https:\/\/blog.erm.ee\/?attachment_id=993#main\" data-orig-file=\"https:\/\/blog.erm.ee\/wp-content\/uploads\/2012\/12\/aa0218.jpg\" data-orig-size=\"752,1024\" data-comments-opened=\"1\" data-image-meta=\"{&quot;aperture&quot;:&quot;0&quot;,&quot;credit&quot;:&quot;&quot;,&quot;camera&quot;:&quot;&quot;,&quot;caption&quot;:&quot;&quot;,&quot;created_timestamp&quot;:&quot;0&quot;,&quot;copyright&quot;:&quot;&quot;,&quot;focal_length&quot;:&quot;0&quot;,&quot;iso&quot;:&quot;0&quot;,&quot;shutter_speed&quot;:&quot;0&quot;,&quot;title&quot;:&quot;&quot;}\" data-image-title=\"aa0218\" data-image-description=\"&lt;p&gt;[#Beginning of Shooting Data Section]&lt;br \/&gt;\nNikon D200&lt;br \/&gt;\nFocal Length: 50mm&lt;br \/&gt;\nOptimize Image: Custom&lt;br \/&gt;\nColor Mode: Mode II (Adobe RGB)&lt;br \/&gt;\nLong Exposure NR: Off&lt;br \/&gt;\nHigh ISO NR: Off&lt;br \/&gt;\n2011\/01\/24 15:57:33.1&lt;br \/&gt;\nExposure Mode: Manual&lt;br \/&gt;\nWhite Balance: Preset d-4&lt;br \/&gt;\nTone Comp.: User-Defined Custom Curve&lt;br \/&gt;\nRAW (12-bit)&lt;br \/&gt;\nMetering Mode: Multi-Pattern&lt;br \/&gt;\nAF Mode: AF-S&lt;br \/&gt;\nHue Adjustment: 0\u00c2\u00b0&lt;br \/&gt;\nImage Size: Large (3872 x 2592)&lt;br \/&gt;\n1\/3 sec &amp;#8211; F\/8&lt;br \/&gt;\nFlash Sync Mode: Not Attached&lt;br \/&gt;\nSaturation: Normal&lt;br \/&gt;\nColor&lt;br \/&gt;\nExposure Comp.: 0 EV&lt;br \/&gt;\nSharpening: Medium high&lt;br \/&gt;\nLens: 50mm F\/2.8 D&lt;br \/&gt;\nSensitivity: ISO 100&lt;br \/&gt;\nImage Comment:&lt;br \/&gt;\n[#End of Shooting Data Section]&lt;\/p&gt;\n\" data-image-caption=\"\" data-large-file=\"https:\/\/blog.erm.ee\/wp-content\/uploads\/2012\/12\/aa0218.jpg\" class=\"aligncenter size-full wp-image-993\" title=\"aa0218\" alt=\"\" src=\"https:\/\/blog.erm.ee\/wp-content\/uploads\/2012\/12\/aa0218.jpg\" width=\"881\" height=\"1200\" srcset=\"https:\/\/blog.erm.ee\/wp-content\/uploads\/2012\/12\/aa0218.jpg 752w, https:\/\/blog.erm.ee\/wp-content\/uploads\/2012\/12\/aa0218-190x260.jpg 190w, https:\/\/blog.erm.ee\/wp-content\/uploads\/2012\/12\/aa0218-220x300.jpg 220w\" sizes=\"auto, (max-width: 881px) 100vw, 881px\" \/><\/a><em>Kanadast saadud j\u00f5ulukaart<\/em><\/p>\n<p style=\"text-align: justify;\">Ma ei hakkaks v\u00e4ga vanasse aega minema, vaid sordikski n\u00f5ukogudeaegseid p\u00fchadekaarte. Kasutasin teadlikult veidi eufemistlikku v\u00e4ljendit \u2013 p\u00fchadekaart. N\u00f5ukogude ajal tr\u00fckiti vaid uusaastakaarte, kuid inimesed saatsid nendega ka j\u00f5ulutervitusi. Kes ei soovinud riskida keelatud j\u00f5ulup\u00fchade nime kasutamisega, v\u00f5is rahus \u201eH\u00e4id p\u00fchi!\u201c soovida ning m\u00f5nele kaardile oligi selline soov peale tr\u00fckitud.<\/p>\n<p><a href=\"https:\/\/blog.erm.ee\/wp-content\/uploads\/2012\/12\/aa0109.jpg\"><img loading=\"lazy\" decoding=\"async\" data-attachment-id=\"994\" data-permalink=\"https:\/\/blog.erm.ee\/?attachment_id=994#main\" data-orig-file=\"https:\/\/blog.erm.ee\/wp-content\/uploads\/2012\/12\/aa0109.jpg\" data-orig-size=\"1024,724\" data-comments-opened=\"1\" data-image-meta=\"{&quot;aperture&quot;:&quot;0&quot;,&quot;credit&quot;:&quot;&quot;,&quot;camera&quot;:&quot;&quot;,&quot;caption&quot;:&quot;&quot;,&quot;created_timestamp&quot;:&quot;0&quot;,&quot;copyright&quot;:&quot;&quot;,&quot;focal_length&quot;:&quot;0&quot;,&quot;iso&quot;:&quot;0&quot;,&quot;shutter_speed&quot;:&quot;0&quot;,&quot;title&quot;:&quot;&quot;}\" data-image-title=\"aa0109\" data-image-description=\"&lt;p&gt;[#Beginning of Shooting Data Section]&lt;br \/&gt;\nNikon D200&lt;br \/&gt;\nFocal Length: 50mm&lt;br \/&gt;\nOptimize Image: Custom&lt;br \/&gt;\nColor Mode: Mode II (Adobe RGB)&lt;br \/&gt;\nLong Exposure NR: Off&lt;br \/&gt;\nHigh ISO NR: Off&lt;br \/&gt;\n2011\/01\/24 14:44:55.3&lt;br \/&gt;\nExposure Mode: Manual&lt;br \/&gt;\nWhite Balance: Preset d-4&lt;br \/&gt;\nTone Comp.: User-Defined Custom Curve&lt;br \/&gt;\nRAW (12-bit)&lt;br \/&gt;\nMetering Mode: Multi-Pattern&lt;br \/&gt;\nAF Mode: AF-S&lt;br \/&gt;\nHue Adjustment: 0\u00c2\u00b0&lt;br \/&gt;\nImage Size: Large (3872 x 2592)&lt;br \/&gt;\n1\/3 sec &amp;#8211; F\/8&lt;br \/&gt;\nFlash Sync Mode: Not Attached&lt;br \/&gt;\nSaturation: Normal&lt;br \/&gt;\nColor&lt;br \/&gt;\nExposure Comp.: 0 EV&lt;br \/&gt;\nSharpening: Medium high&lt;br \/&gt;\nLens: 50mm F\/2.8 D&lt;br \/&gt;\nSensitivity: ISO 100&lt;br \/&gt;\nImage Comment:&lt;br \/&gt;\n[#End of Shooting Data Section]&lt;\/p&gt;\n\" data-image-caption=\"\" data-large-file=\"https:\/\/blog.erm.ee\/wp-content\/uploads\/2012\/12\/aa0109.jpg\" class=\"aligncenter size-full wp-image-994\" title=\"aa0109\" alt=\"\" src=\"https:\/\/blog.erm.ee\/wp-content\/uploads\/2012\/12\/aa0109.jpg\" width=\"1200\" height=\"849\" srcset=\"https:\/\/blog.erm.ee\/wp-content\/uploads\/2012\/12\/aa0109.jpg 1024w, https:\/\/blog.erm.ee\/wp-content\/uploads\/2012\/12\/aa0109-367x260.jpg 367w, https:\/\/blog.erm.ee\/wp-content\/uploads\/2012\/12\/aa0109-300x212.jpg 300w\" sizes=\"auto, (max-width: 1200px) 100vw, 1200px\" \/><\/a><em>Silvia V\u00e4ljali uusaastakaart aastast 1974. Kirjastuses \u201eEesti Raamat\u201c v\u00e4lja antud kaardi tiraa\u017e oli t\u00e4nap\u00e4eva m\u00f5istes meeletu \u2013 200\u00a0000<\/em><\/p>\n<p style=\"text-align: justify;\">Minu m\u00e4letamist m\u00f6\u00f6da ei olnud 1980. aastatel kaubandusv\u00f5rgus ilusaid uusaastakaarte sugugi piisavalt. NSV Liidu Sideministeeriumi kirjastatud kaarte, millel olid veelgi suuremad tr\u00fckiarvud \u2013 leian oma postkaardipakist tiraa\u017ei 45 miljonit, jagus k\u00fcllaga, kuid need ei kuulunud eestlaste eelistuste hulka. Eestis ja Venemaal tr\u00fckitud postkaardid erinesid m\u00e4rkimisv\u00e4\u00e4rselt, pealegi eelistasid eestlased venekeelse tekstita kaarte. M\u00f5nikord l\u00f5igati uusaastasoov kaardi servast lausa \u00e4ra. Siin v\u00f5ite n\u00e4ha \u00fcht 1985. aastal saadetud kaarti, millele saatja on peale kleepinud kuuseehte kujutise, varjamaks venekeelse teksti \u201e\u0421 \u041d\u043e\u0432\u044b\u043c \u0433\u043e\u0434\u043e\u043c!\u201c<\/p>\n<p><a href=\"https:\/\/blog.erm.ee\/wp-content\/uploads\/2012\/12\/aa0305.jpg\"><img loading=\"lazy\" decoding=\"async\" data-attachment-id=\"995\" data-permalink=\"https:\/\/blog.erm.ee\/?attachment_id=995#main\" data-orig-file=\"https:\/\/blog.erm.ee\/wp-content\/uploads\/2012\/12\/aa0305.jpg\" data-orig-size=\"740,1024\" data-comments-opened=\"1\" data-image-meta=\"{&quot;aperture&quot;:&quot;0&quot;,&quot;credit&quot;:&quot;&quot;,&quot;camera&quot;:&quot;&quot;,&quot;caption&quot;:&quot;&quot;,&quot;created_timestamp&quot;:&quot;0&quot;,&quot;copyright&quot;:&quot;&quot;,&quot;focal_length&quot;:&quot;0&quot;,&quot;iso&quot;:&quot;0&quot;,&quot;shutter_speed&quot;:&quot;0&quot;,&quot;title&quot;:&quot;&quot;}\" data-image-title=\"aa0305\" data-image-description=\"&lt;p&gt;[#Beginning of Shooting Data Section]&lt;br \/&gt;\nNikon D200&lt;br \/&gt;\nFocal Length: 50mm&lt;br \/&gt;\nOptimize Image: Custom&lt;br \/&gt;\nColor Mode: Mode II (Adobe RGB)&lt;br \/&gt;\nLong Exposure NR: Off&lt;br \/&gt;\nHigh ISO NR: Off&lt;br \/&gt;\n2011\/01\/24 17:00:20.3&lt;br \/&gt;\nExposure Mode: Manual&lt;br \/&gt;\nWhite Balance: Preset d-4&lt;br \/&gt;\nTone Comp.: User-Defined Custom Curve&lt;br \/&gt;\nRAW (12-bit)&lt;br \/&gt;\nMetering Mode: Multi-Pattern&lt;br \/&gt;\nAF Mode: AF-S&lt;br \/&gt;\nHue Adjustment: 0\u00c2\u00b0&lt;br \/&gt;\nImage Size: Large (3872 x 2592)&lt;br \/&gt;\n1\/3 sec &amp;#8211; F\/8&lt;br \/&gt;\nFlash Sync Mode: Not Attached&lt;br \/&gt;\nSaturation: Normal&lt;br \/&gt;\nColor&lt;br \/&gt;\nExposure Comp.: 0 EV&lt;br \/&gt;\nSharpening: Medium high&lt;br \/&gt;\nLens: 50mm F\/2.8 D&lt;br \/&gt;\nSensitivity: ISO 100&lt;br \/&gt;\nImage Comment:&lt;br \/&gt;\n[#End of Shooting Data Section]&lt;\/p&gt;\n\" data-image-caption=\"\" data-large-file=\"https:\/\/blog.erm.ee\/wp-content\/uploads\/2012\/12\/aa0305.jpg\" class=\"aligncenter size-full wp-image-995\" title=\"aa0305\" alt=\"\" src=\"https:\/\/blog.erm.ee\/wp-content\/uploads\/2012\/12\/aa0305.jpg\" width=\"867\" height=\"1200\" srcset=\"https:\/\/blog.erm.ee\/wp-content\/uploads\/2012\/12\/aa0305.jpg 740w, https:\/\/blog.erm.ee\/wp-content\/uploads\/2012\/12\/aa0305-187x260.jpg 187w, https:\/\/blog.erm.ee\/wp-content\/uploads\/2012\/12\/aa0305-216x300.jpg 216w\" sizes=\"auto, (max-width: 867px) 100vw, 867px\" \/><\/a><\/p>\n<p style=\"text-align: justify;\">Venemaal tr\u00fckitud uusaastakaardid minu lemmikute hulka ei kuulunud. Saatmiseks eelistasin ikka kodumaiseid kaarte, kuigi postkontorist ostsin m\u00f5ned minu meelest eriti hirmsad postkaardid oma kogusse. Alles hiljem olen neid suurema huviga vaatama hakanud, seet\u00f5ttu oli p\u00f5nev lugeda 2000. aastal Peterburis ilmunud J. Ivanovi raamatut Vene j\u00f5ulu- ja uusaastakaartidest, mis avas seda tuttavat, aga siiski nii v\u00f5\u00f5rast maailma. Ivanovi uurimus tugineb 4000 tsaariaegsel ja 2000 n\u00f5ukogude postkaardil.<\/p>\n<p style=\"text-align: justify;\">1970. aastate keskel, siis kui mina kooliteed alustasin, anti N\u00f5ukogude Liidus v\u00e4lja k\u00f5ige rohkem riikliku v\u00f5imu s\u00fcmbolitega (punat\u00e4ht, punalipp, sirp ja vasar, Moskva Kreml ja Spasski torn jne) uusaastakaarte. Nende suur hulk annab m\u00e4rku riigi survest inimesele. Ei m\u00e4leta k\u00fcll, et \u00fckski tuttav m\u00f5ne sellisega meile oma p\u00fchadesoove oleks saatnud.<\/p>\n<p><a href=\"https:\/\/blog.erm.ee\/wp-content\/uploads\/2012\/12\/aa0332.jpg\"><img loading=\"lazy\" decoding=\"async\" data-attachment-id=\"996\" data-permalink=\"https:\/\/blog.erm.ee\/?attachment_id=996#main\" data-orig-file=\"https:\/\/blog.erm.ee\/wp-content\/uploads\/2012\/12\/aa0332.jpg\" data-orig-size=\"711,1024\" data-comments-opened=\"1\" data-image-meta=\"{&quot;aperture&quot;:&quot;0&quot;,&quot;credit&quot;:&quot;&quot;,&quot;camera&quot;:&quot;&quot;,&quot;caption&quot;:&quot;&quot;,&quot;created_timestamp&quot;:&quot;0&quot;,&quot;copyright&quot;:&quot;&quot;,&quot;focal_length&quot;:&quot;0&quot;,&quot;iso&quot;:&quot;0&quot;,&quot;shutter_speed&quot;:&quot;0&quot;,&quot;title&quot;:&quot;&quot;}\" data-image-title=\"aa0332\" data-image-description=\"&lt;p&gt;[#Beginning of Shooting Data Section]&lt;br \/&gt;\nNikon D200&lt;br \/&gt;\nFocal Length: 50mm&lt;br \/&gt;\nOptimize Image: Custom&lt;br \/&gt;\nColor Mode: Mode II (Adobe RGB)&lt;br \/&gt;\nLong Exposure NR: Off&lt;br \/&gt;\nHigh ISO NR: Off&lt;br \/&gt;\n2011\/01\/24 17:06:00.5&lt;br \/&gt;\nExposure Mode: Manual&lt;br \/&gt;\nWhite Balance: Preset d-4&lt;br \/&gt;\nTone Comp.: User-Defined Custom Curve&lt;br \/&gt;\nRAW (12-bit)&lt;br \/&gt;\nMetering Mode: Multi-Pattern&lt;br \/&gt;\nAF Mode: AF-S&lt;br \/&gt;\nHue Adjustment: 0\u00c2\u00b0&lt;br \/&gt;\nImage Size: Large (3872 x 2592)&lt;br \/&gt;\n1\/3 sec &amp;#8211; F\/8&lt;br \/&gt;\nFlash Sync Mode: Not Attached&lt;br \/&gt;\nSaturation: Normal&lt;br \/&gt;\nColor&lt;br \/&gt;\nExposure Comp.: 0 EV&lt;br \/&gt;\nSharpening: Medium high&lt;br \/&gt;\nLens: 50mm F\/2.8 D&lt;br \/&gt;\nSensitivity: ISO 100&lt;br \/&gt;\nImage Comment:&lt;br \/&gt;\n[#End of Shooting Data Section]&lt;\/p&gt;\n\" data-image-caption=\"\" data-large-file=\"https:\/\/blog.erm.ee\/wp-content\/uploads\/2012\/12\/aa0332.jpg\" class=\"aligncenter size-full wp-image-996\" title=\"aa0332\" alt=\"\" src=\"https:\/\/blog.erm.ee\/wp-content\/uploads\/2012\/12\/aa0332.jpg\" width=\"833\" height=\"1200\" srcset=\"https:\/\/blog.erm.ee\/wp-content\/uploads\/2012\/12\/aa0332.jpg 711w, https:\/\/blog.erm.ee\/wp-content\/uploads\/2012\/12\/aa0332-180x260.jpg 180w, https:\/\/blog.erm.ee\/wp-content\/uploads\/2012\/12\/aa0332-208x300.jpg 208w\" sizes=\"auto, (max-width: 833px) 100vw, 833px\" \/><\/a><a href=\"https:\/\/blog.erm.ee\/wp-content\/uploads\/2012\/12\/aa0333.jpg\"><img loading=\"lazy\" decoding=\"async\" data-attachment-id=\"997\" data-permalink=\"https:\/\/blog.erm.ee\/?attachment_id=997#main\" data-orig-file=\"https:\/\/blog.erm.ee\/wp-content\/uploads\/2012\/12\/aa0333.jpg\" data-orig-size=\"724,1024\" data-comments-opened=\"1\" data-image-meta=\"{&quot;aperture&quot;:&quot;0&quot;,&quot;credit&quot;:&quot;&quot;,&quot;camera&quot;:&quot;&quot;,&quot;caption&quot;:&quot;&quot;,&quot;created_timestamp&quot;:&quot;0&quot;,&quot;copyright&quot;:&quot;&quot;,&quot;focal_length&quot;:&quot;0&quot;,&quot;iso&quot;:&quot;0&quot;,&quot;shutter_speed&quot;:&quot;0&quot;,&quot;title&quot;:&quot;&quot;}\" data-image-title=\"aa0333\" data-image-description=\"&lt;p&gt;[#Beginning of Shooting Data Section]&lt;br \/&gt;\nNikon D200&lt;br \/&gt;\nFocal Length: 50mm&lt;br \/&gt;\nOptimize Image: Custom&lt;br \/&gt;\nColor Mode: Mode II (Adobe RGB)&lt;br \/&gt;\nLong Exposure NR: Off&lt;br \/&gt;\nHigh ISO NR: Off&lt;br \/&gt;\n2011\/01\/24 17:06:18.5&lt;br \/&gt;\nExposure Mode: Manual&lt;br \/&gt;\nWhite Balance: Preset d-4&lt;br \/&gt;\nTone Comp.: User-Defined Custom Curve&lt;br \/&gt;\nRAW (12-bit)&lt;br \/&gt;\nMetering Mode: Multi-Pattern&lt;br \/&gt;\nAF Mode: AF-S&lt;br \/&gt;\nHue Adjustment: 0\u00c2\u00b0&lt;br \/&gt;\nImage Size: Large (3872 x 2592)&lt;br \/&gt;\n1\/3 sec &amp;#8211; F\/8&lt;br \/&gt;\nFlash Sync Mode: Not Attached&lt;br \/&gt;\nSaturation: Normal&lt;br \/&gt;\nColor&lt;br \/&gt;\nExposure Comp.: 0 EV&lt;br \/&gt;\nSharpening: Medium high&lt;br \/&gt;\nLens: 50mm F\/2.8 D&lt;br \/&gt;\nSensitivity: ISO 100&lt;br \/&gt;\nImage Comment:&lt;br \/&gt;\n[#End of Shooting Data Section]&lt;\/p&gt;\n\" data-image-caption=\"\" data-large-file=\"https:\/\/blog.erm.ee\/wp-content\/uploads\/2012\/12\/aa0333.jpg\" class=\"aligncenter size-full wp-image-997\" title=\"aa0333\" alt=\"\" src=\"https:\/\/blog.erm.ee\/wp-content\/uploads\/2012\/12\/aa0333.jpg\" width=\"848\" height=\"1200\" srcset=\"https:\/\/blog.erm.ee\/wp-content\/uploads\/2012\/12\/aa0333.jpg 724w, https:\/\/blog.erm.ee\/wp-content\/uploads\/2012\/12\/aa0333-183x260.jpg 183w, https:\/\/blog.erm.ee\/wp-content\/uploads\/2012\/12\/aa0333-212x300.jpg 212w\" sizes=\"auto, (max-width: 848px) 100vw, 848px\" \/><\/a><a href=\"https:\/\/blog.erm.ee\/wp-content\/uploads\/2012\/12\/aa0326.jpg\"><img loading=\"lazy\" decoding=\"async\" data-attachment-id=\"998\" data-permalink=\"https:\/\/blog.erm.ee\/?attachment_id=998#main\" data-orig-file=\"https:\/\/blog.erm.ee\/wp-content\/uploads\/2012\/12\/aa0326.jpg\" data-orig-size=\"724,1024\" data-comments-opened=\"1\" data-image-meta=\"{&quot;aperture&quot;:&quot;0&quot;,&quot;credit&quot;:&quot;&quot;,&quot;camera&quot;:&quot;&quot;,&quot;caption&quot;:&quot;&quot;,&quot;created_timestamp&quot;:&quot;0&quot;,&quot;copyright&quot;:&quot;&quot;,&quot;focal_length&quot;:&quot;0&quot;,&quot;iso&quot;:&quot;0&quot;,&quot;shutter_speed&quot;:&quot;0&quot;,&quot;title&quot;:&quot;&quot;}\" data-image-title=\"aa0326\" data-image-description=\"&lt;p&gt;[#Beginning of Shooting Data Section]&lt;br \/&gt;\nNikon D200&lt;br \/&gt;\nFocal Length: 50mm&lt;br \/&gt;\nOptimize Image: Custom&lt;br \/&gt;\nColor Mode: Mode II (Adobe RGB)&lt;br \/&gt;\nLong Exposure NR: Off&lt;br \/&gt;\nHigh ISO NR: Off&lt;br \/&gt;\n2011\/01\/24 17:04:44&lt;br \/&gt;\nExposure Mode: Manual&lt;br \/&gt;\nWhite Balance: Preset d-4&lt;br \/&gt;\nTone Comp.: User-Defined Custom Curve&lt;br \/&gt;\nRAW (12-bit)&lt;br \/&gt;\nMetering Mode: Multi-Pattern&lt;br \/&gt;\nAF Mode: AF-S&lt;br \/&gt;\nHue Adjustment: 0\u00c2\u00b0&lt;br \/&gt;\nImage Size: Large (3872 x 2592)&lt;br \/&gt;\n1\/3 sec &amp;#8211; F\/8&lt;br \/&gt;\nFlash Sync Mode: Not Attached&lt;br \/&gt;\nSaturation: Normal&lt;br \/&gt;\nColor&lt;br \/&gt;\nExposure Comp.: 0 EV&lt;br \/&gt;\nSharpening: Medium high&lt;br \/&gt;\nLens: 50mm F\/2.8 D&lt;br \/&gt;\nSensitivity: ISO 100&lt;br \/&gt;\nImage Comment:&lt;br \/&gt;\n[#End of Shooting Data Section]&lt;\/p&gt;\n\" data-image-caption=\"\" data-large-file=\"https:\/\/blog.erm.ee\/wp-content\/uploads\/2012\/12\/aa0326.jpg\" class=\"aligncenter size-full wp-image-998\" title=\"aa0326\" alt=\"\" src=\"https:\/\/blog.erm.ee\/wp-content\/uploads\/2012\/12\/aa0326.jpg\" width=\"849\" height=\"1200\" srcset=\"https:\/\/blog.erm.ee\/wp-content\/uploads\/2012\/12\/aa0326.jpg 724w, https:\/\/blog.erm.ee\/wp-content\/uploads\/2012\/12\/aa0326-183x260.jpg 183w, https:\/\/blog.erm.ee\/wp-content\/uploads\/2012\/12\/aa0326-212x300.jpg 212w\" sizes=\"auto, (max-width: 849px) 100vw, 849px\" \/><\/a><\/p>\n<p style=\"text-align: justify;\">Kui 1950. aastatel ja 1960. aastate algul oli uusaasta vastuv\u00f5tmine suuresti kollektiivne s\u00fcndmus (meenutage filmi \u201eKarnevali\u00f6\u00f6\u201c), siis 1970. aastatel hakkas see v\u00f5tma privaatsemat ilmet, nagu viitab ka n\u00f5ukogude kultusfilm \u201eSaatuse iroonia ehk h\u00fcva leili\u201c. 1950.\u20131960. aastate uusaastakaartidel kujutati sageli k\u00f5rgeid kuuski, mis olid \u00fchiste uusaastapidustuste keskmeks. Seevastu 1970. aastate keskel leiame kaartidelt \u00f5ige harva suuri kuuski, inimesed eelistasid madalaid, perekondlikke, \u00f5dusaid, mitteriiklikke kuuski.<\/p>\n<p><a href=\"https:\/\/blog.erm.ee\/wp-content\/uploads\/2012\/12\/aa0285.jpg\"><img loading=\"lazy\" decoding=\"async\" data-attachment-id=\"999\" data-permalink=\"https:\/\/blog.erm.ee\/?attachment_id=999#main\" data-orig-file=\"https:\/\/blog.erm.ee\/wp-content\/uploads\/2012\/12\/aa0285.jpg\" data-orig-size=\"1024,724\" data-comments-opened=\"1\" data-image-meta=\"{&quot;aperture&quot;:&quot;0&quot;,&quot;credit&quot;:&quot;&quot;,&quot;camera&quot;:&quot;&quot;,&quot;caption&quot;:&quot;&quot;,&quot;created_timestamp&quot;:&quot;0&quot;,&quot;copyright&quot;:&quot;&quot;,&quot;focal_length&quot;:&quot;0&quot;,&quot;iso&quot;:&quot;0&quot;,&quot;shutter_speed&quot;:&quot;0&quot;,&quot;title&quot;:&quot;&quot;}\" data-image-title=\"aa0285\" data-image-description=\"&lt;p&gt;[#Beginning of Shooting Data Section]&lt;br \/&gt;\nNikon D200&lt;br \/&gt;\nFocal Length: 50mm&lt;br \/&gt;\nOptimize Image: Custom&lt;br \/&gt;\nColor Mode: Mode II (Adobe RGB)&lt;br \/&gt;\nLong Exposure NR: Off&lt;br \/&gt;\nHigh ISO NR: Off&lt;br \/&gt;\n2011\/01\/24 16:55:16.0&lt;br \/&gt;\nExposure Mode: Manual&lt;br \/&gt;\nWhite Balance: Preset d-4&lt;br \/&gt;\nTone Comp.: User-Defined Custom Curve&lt;br \/&gt;\nRAW (12-bit)&lt;br \/&gt;\nMetering Mode: Multi-Pattern&lt;br \/&gt;\nAF Mode: AF-S&lt;br \/&gt;\nHue Adjustment: 0\u00c2\u00b0&lt;br \/&gt;\nImage Size: Large (3872 x 2592)&lt;br \/&gt;\n1\/3 sec &amp;#8211; F\/8&lt;br \/&gt;\nFlash Sync Mode: Not Attached&lt;br \/&gt;\nSaturation: Normal&lt;br \/&gt;\nColor&lt;br \/&gt;\nExposure Comp.: 0 EV&lt;br \/&gt;\nSharpening: Medium high&lt;br \/&gt;\nLens: 50mm F\/2.8 D&lt;br \/&gt;\nSensitivity: ISO 100&lt;br \/&gt;\nImage Comment:&lt;br \/&gt;\n[#End of Shooting Data Section]&lt;\/p&gt;\n\" data-image-caption=\"\" data-large-file=\"https:\/\/blog.erm.ee\/wp-content\/uploads\/2012\/12\/aa0285.jpg\" class=\"aligncenter size-full wp-image-999\" title=\"aa0285\" alt=\"\" src=\"https:\/\/blog.erm.ee\/wp-content\/uploads\/2012\/12\/aa0285.jpg\" width=\"1200\" height=\"848\" srcset=\"https:\/\/blog.erm.ee\/wp-content\/uploads\/2012\/12\/aa0285.jpg 1024w, https:\/\/blog.erm.ee\/wp-content\/uploads\/2012\/12\/aa0285-367x260.jpg 367w, https:\/\/blog.erm.ee\/wp-content\/uploads\/2012\/12\/aa0285-300x212.jpg 300w\" sizes=\"auto, (max-width: 1200px) 100vw, 1200px\" \/><\/a><\/p>\n<p><a href=\"https:\/\/blog.erm.ee\/wp-content\/uploads\/2012\/12\/aa0282.jpg\"><img loading=\"lazy\" decoding=\"async\" data-attachment-id=\"1000\" data-permalink=\"https:\/\/blog.erm.ee\/?attachment_id=1000#main\" data-orig-file=\"https:\/\/blog.erm.ee\/wp-content\/uploads\/2012\/12\/aa0282.jpg\" data-orig-size=\"1024,723\" data-comments-opened=\"1\" data-image-meta=\"{&quot;aperture&quot;:&quot;0&quot;,&quot;credit&quot;:&quot;&quot;,&quot;camera&quot;:&quot;&quot;,&quot;caption&quot;:&quot;&quot;,&quot;created_timestamp&quot;:&quot;0&quot;,&quot;copyright&quot;:&quot;&quot;,&quot;focal_length&quot;:&quot;0&quot;,&quot;iso&quot;:&quot;0&quot;,&quot;shutter_speed&quot;:&quot;0&quot;,&quot;title&quot;:&quot;&quot;}\" data-image-title=\"aa0282\" data-image-description=\"&lt;p&gt;[#Beginning of Shooting Data Section]&lt;br \/&gt;\nNikon D200&lt;br \/&gt;\nFocal Length: 50mm&lt;br \/&gt;\nOptimize Image: Custom&lt;br \/&gt;\nColor Mode: Mode II (Adobe RGB)&lt;br \/&gt;\nLong Exposure NR: Off&lt;br \/&gt;\nHigh ISO NR: Off&lt;br \/&gt;\n2011\/01\/24 16:54:36.8&lt;br \/&gt;\nExposure Mode: Manual&lt;br \/&gt;\nWhite Balance: Preset d-4&lt;br \/&gt;\nTone Comp.: User-Defined Custom Curve&lt;br \/&gt;\nRAW (12-bit)&lt;br \/&gt;\nMetering Mode: Multi-Pattern&lt;br \/&gt;\nAF Mode: AF-S&lt;br \/&gt;\nHue Adjustment: 0\u00c2\u00b0&lt;br \/&gt;\nImage Size: Large (3872 x 2592)&lt;br \/&gt;\n1\/3 sec &amp;#8211; F\/8&lt;br \/&gt;\nFlash Sync Mode: Not Attached&lt;br \/&gt;\nSaturation: Normal&lt;br \/&gt;\nColor&lt;br \/&gt;\nExposure Comp.: 0 EV&lt;br \/&gt;\nSharpening: Medium high&lt;br \/&gt;\nLens: 50mm F\/2.8 D&lt;br \/&gt;\nSensitivity: ISO 100&lt;br \/&gt;\nImage Comment:&lt;br \/&gt;\n[#End of Shooting Data Section]&lt;\/p&gt;\n\" data-image-caption=\"\" data-large-file=\"https:\/\/blog.erm.ee\/wp-content\/uploads\/2012\/12\/aa0282.jpg\" class=\"aligncenter size-full wp-image-1000\" title=\"aa0282\" alt=\"\" src=\"https:\/\/blog.erm.ee\/wp-content\/uploads\/2012\/12\/aa0282.jpg\" width=\"1200\" height=\"847\" srcset=\"https:\/\/blog.erm.ee\/wp-content\/uploads\/2012\/12\/aa0282.jpg 1024w, https:\/\/blog.erm.ee\/wp-content\/uploads\/2012\/12\/aa0282-368x260.jpg 368w, https:\/\/blog.erm.ee\/wp-content\/uploads\/2012\/12\/aa0282-300x211.jpg 300w\" sizes=\"auto, (max-width: 1200px) 100vw, 1200px\" \/><\/a><\/p>\n<p><em>Kaardid aastatest 1962 ja 1969<\/em>.<\/p>\n<p style=\"text-align: justify;\">1970. aastate keskpaiga kaartidel v\u00f5is kuuse k\u00f5rval harva inimesi n\u00e4ha, seal kujutati k\u00f5ige sagedamini pakasetaati (vene k <em>ded moroz<\/em>), kes oli uusaastapidustuste keskseks tegelaseks. Pakasetaat t\u00e4itis kaartidel ideoloogilise liidri, n\u00f5ukogude laste organisaatori ja kasvataja rolli. N\u00f5ukogude inimestele sisendati juba lapsep\u00f5lvest \u00fchiskondliku prioriteeti perekondliku ees ning erinevalt varasematest aegadest kujutati n\u00f5ukogude postkaartidel lapsi ja vanemaid koos v\u00e4ga harva.<\/p>\n<p style=\"text-align: justify;\">1960. aastate keskpaigast hakkasid n\u00e4\u00e4rikaartidel kuuse juurde \u00fcha sagedamini ilmuma loomad. M\u00f5nes m\u00f5ttes asendasid nad pildilt taandunud inimesi.<\/p>\n<p><a href=\"https:\/\/blog.erm.ee\/wp-content\/uploads\/2012\/12\/aa0321.jpg\"><img loading=\"lazy\" decoding=\"async\" data-attachment-id=\"1001\" data-permalink=\"https:\/\/blog.erm.ee\/?attachment_id=1001#main\" data-orig-file=\"https:\/\/blog.erm.ee\/wp-content\/uploads\/2012\/12\/aa0321.jpg\" data-orig-size=\"709,1024\" data-comments-opened=\"1\" data-image-meta=\"{&quot;aperture&quot;:&quot;0&quot;,&quot;credit&quot;:&quot;&quot;,&quot;camera&quot;:&quot;&quot;,&quot;caption&quot;:&quot;&quot;,&quot;created_timestamp&quot;:&quot;0&quot;,&quot;copyright&quot;:&quot;&quot;,&quot;focal_length&quot;:&quot;0&quot;,&quot;iso&quot;:&quot;0&quot;,&quot;shutter_speed&quot;:&quot;0&quot;,&quot;title&quot;:&quot;&quot;}\" data-image-title=\"aa0321\" data-image-description=\"&lt;p&gt;[#Beginning of Shooting Data Section]&lt;br \/&gt;\nNikon D200&lt;br \/&gt;\nFocal Length: 50mm&lt;br \/&gt;\nOptimize Image: Custom&lt;br \/&gt;\nColor Mode: Mode II (Adobe RGB)&lt;br \/&gt;\nLong Exposure NR: Off&lt;br \/&gt;\nHigh ISO NR: Off&lt;br \/&gt;\n2011\/01\/24 17:03:41.2&lt;br \/&gt;\nExposure Mode: Manual&lt;br \/&gt;\nWhite Balance: Preset d-4&lt;br \/&gt;\nTone Comp.: User-Defined Custom Curve&lt;br \/&gt;\nRAW (12-bit)&lt;br \/&gt;\nMetering Mode: Multi-Pattern&lt;br \/&gt;\nAF Mode: AF-S&lt;br \/&gt;\nHue Adjustment: 0\u00c2\u00b0&lt;br \/&gt;\nImage Size: Large (3872 x 2592)&lt;br \/&gt;\n1\/3 sec &amp;#8211; F\/8&lt;br \/&gt;\nFlash Sync Mode: Not Attached&lt;br \/&gt;\nSaturation: Normal&lt;br \/&gt;\nColor&lt;br \/&gt;\nExposure Comp.: 0 EV&lt;br \/&gt;\nSharpening: Medium high&lt;br \/&gt;\nLens: 50mm F\/2.8 D&lt;br \/&gt;\nSensitivity: ISO 100&lt;br \/&gt;\nImage Comment:&lt;br \/&gt;\n[#End of Shooting Data Section]&lt;\/p&gt;\n\" data-image-caption=\"\" data-large-file=\"https:\/\/blog.erm.ee\/wp-content\/uploads\/2012\/12\/aa0321.jpg\" class=\"aligncenter size-full wp-image-1001\" title=\"aa0321\" alt=\"\" src=\"https:\/\/blog.erm.ee\/wp-content\/uploads\/2012\/12\/aa0321.jpg\" width=\"831\" height=\"1200\" srcset=\"https:\/\/blog.erm.ee\/wp-content\/uploads\/2012\/12\/aa0321.jpg 709w, https:\/\/blog.erm.ee\/wp-content\/uploads\/2012\/12\/aa0321-180x260.jpg 180w, https:\/\/blog.erm.ee\/wp-content\/uploads\/2012\/12\/aa0321-207x300.jpg 207w\" sizes=\"auto, (max-width: 831px) 100vw, 831px\" \/><\/a><a href=\"https:\/\/blog.erm.ee\/wp-content\/uploads\/2012\/12\/aa0340.jpg\"><img loading=\"lazy\" decoding=\"async\" data-attachment-id=\"1002\" data-permalink=\"https:\/\/blog.erm.ee\/?attachment_id=1002#main\" data-orig-file=\"https:\/\/blog.erm.ee\/wp-content\/uploads\/2012\/12\/aa0340.jpg\" data-orig-size=\"737,1024\" data-comments-opened=\"1\" data-image-meta=\"{&quot;aperture&quot;:&quot;0&quot;,&quot;credit&quot;:&quot;&quot;,&quot;camera&quot;:&quot;&quot;,&quot;caption&quot;:&quot;&quot;,&quot;created_timestamp&quot;:&quot;0&quot;,&quot;copyright&quot;:&quot;&quot;,&quot;focal_length&quot;:&quot;0&quot;,&quot;iso&quot;:&quot;0&quot;,&quot;shutter_speed&quot;:&quot;0&quot;,&quot;title&quot;:&quot;&quot;}\" data-image-title=\"aa0340\" data-image-description=\"&lt;p&gt;[#Beginning of Shooting Data Section]&lt;br \/&gt;\nNikon D200&lt;br \/&gt;\nFocal Length: 50mm&lt;br \/&gt;\nOptimize Image: Custom&lt;br \/&gt;\nColor Mode: Mode II (Adobe RGB)&lt;br \/&gt;\nLong Exposure NR: Off&lt;br \/&gt;\nHigh ISO NR: Off&lt;br \/&gt;\n2011\/01\/24 17:07:50.6&lt;br \/&gt;\nExposure Mode: Manual&lt;br \/&gt;\nWhite Balance: Preset d-4&lt;br \/&gt;\nTone Comp.: User-Defined Custom Curve&lt;br \/&gt;\nRAW (12-bit)&lt;br \/&gt;\nMetering Mode: Multi-Pattern&lt;br \/&gt;\nAF Mode: AF-S&lt;br \/&gt;\nHue Adjustment: 0\u00c2\u00b0&lt;br \/&gt;\nImage Size: Large (3872 x 2592)&lt;br \/&gt;\n1\/3 sec &amp;#8211; F\/8&lt;br \/&gt;\nFlash Sync Mode: Not Attached&lt;br \/&gt;\nSaturation: Normal&lt;br \/&gt;\nColor&lt;br \/&gt;\nExposure Comp.: 0 EV&lt;br \/&gt;\nSharpening: Medium high&lt;br \/&gt;\nLens: 50mm F\/2.8 D&lt;br \/&gt;\nSensitivity: ISO 100&lt;br \/&gt;\nImage Comment:&lt;br \/&gt;\n[#End of Shooting Data Section]&lt;\/p&gt;\n\" data-image-caption=\"\" data-large-file=\"https:\/\/blog.erm.ee\/wp-content\/uploads\/2012\/12\/aa0340.jpg\" class=\"aligncenter size-full wp-image-1002\" title=\"aa0340\" alt=\"\" src=\"https:\/\/blog.erm.ee\/wp-content\/uploads\/2012\/12\/aa0340.jpg\" width=\"864\" height=\"1200\" srcset=\"https:\/\/blog.erm.ee\/wp-content\/uploads\/2012\/12\/aa0340.jpg 737w, https:\/\/blog.erm.ee\/wp-content\/uploads\/2012\/12\/aa0340-187x260.jpg 187w, https:\/\/blog.erm.ee\/wp-content\/uploads\/2012\/12\/aa0340-215x300.jpg 215w\" sizes=\"auto, (max-width: 864px) 100vw, 864px\" \/><\/a><em>Kaardid aastatest 1978 ja 1970<\/em>.<\/p>\n<p style=\"text-align: justify;\">Uusaastakaartidele jagus n\u00f5ukogulikku (v\u00f5lts)entusiasmi, mis innustas inimesi uutele t\u00f6\u00f6v\u00f5itudele. Laiselda ei tohtinud ka n\u00e4\u00e4rivana, t\u00e4psemalt pakasetaat, kes rakendati kaartidel t\u00f6\u00f6le. Siinn\u00e4htaval pildil viib ta kingitusi omaaegse n\u00f5ukogude suurehituse Baikali-Amuuri magistraali ehitajatele.<\/p>\n<p><a href=\"https:\/\/blog.erm.ee\/wp-content\/uploads\/2012\/12\/aa0314.jpg\"><img loading=\"lazy\" decoding=\"async\" data-attachment-id=\"1003\" data-permalink=\"https:\/\/blog.erm.ee\/?attachment_id=1003#main\" data-orig-file=\"https:\/\/blog.erm.ee\/wp-content\/uploads\/2012\/12\/aa0314.jpg\" data-orig-size=\"722,1024\" data-comments-opened=\"1\" data-image-meta=\"{&quot;aperture&quot;:&quot;0&quot;,&quot;credit&quot;:&quot;&quot;,&quot;camera&quot;:&quot;&quot;,&quot;caption&quot;:&quot;&quot;,&quot;created_timestamp&quot;:&quot;0&quot;,&quot;copyright&quot;:&quot;&quot;,&quot;focal_length&quot;:&quot;0&quot;,&quot;iso&quot;:&quot;0&quot;,&quot;shutter_speed&quot;:&quot;0&quot;,&quot;title&quot;:&quot;&quot;}\" data-image-title=\"aa0314\" data-image-description=\"&lt;p&gt;[#Beginning of Shooting Data Section]&lt;br \/&gt;\nNikon D200&lt;br \/&gt;\nFocal Length: 50mm&lt;br \/&gt;\nOptimize Image: Custom&lt;br \/&gt;\nColor Mode: Mode II (Adobe RGB)&lt;br \/&gt;\nLong Exposure NR: Off&lt;br \/&gt;\nHigh ISO NR: Off&lt;br \/&gt;\n2011\/01\/24 17:02:14.2&lt;br \/&gt;\nExposure Mode: Manual&lt;br \/&gt;\nWhite Balance: Preset d-4&lt;br \/&gt;\nTone Comp.: User-Defined Custom Curve&lt;br \/&gt;\nRAW (12-bit)&lt;br \/&gt;\nMetering Mode: Multi-Pattern&lt;br \/&gt;\nAF Mode: AF-S&lt;br \/&gt;\nHue Adjustment: 0\u00c2\u00b0&lt;br \/&gt;\nImage Size: Large (3872 x 2592)&lt;br \/&gt;\n1\/3 sec &amp;#8211; F\/8&lt;br \/&gt;\nFlash Sync Mode: Not Attached&lt;br \/&gt;\nSaturation: Normal&lt;br \/&gt;\nColor&lt;br \/&gt;\nExposure Comp.: 0 EV&lt;br \/&gt;\nSharpening: Medium high&lt;br \/&gt;\nLens: 50mm F\/2.8 D&lt;br \/&gt;\nSensitivity: ISO 100&lt;br \/&gt;\nImage Comment:&lt;br \/&gt;\n[#End of Shooting Data Section]&lt;\/p&gt;\n\" data-image-caption=\"\" data-large-file=\"https:\/\/blog.erm.ee\/wp-content\/uploads\/2012\/12\/aa0314.jpg\" class=\"aligncenter size-full wp-image-1003\" title=\"aa0314\" alt=\"\" src=\"https:\/\/blog.erm.ee\/wp-content\/uploads\/2012\/12\/aa0314.jpg\" width=\"846\" height=\"1200\" srcset=\"https:\/\/blog.erm.ee\/wp-content\/uploads\/2012\/12\/aa0314.jpg 722w, https:\/\/blog.erm.ee\/wp-content\/uploads\/2012\/12\/aa0314-183x260.jpg 183w, https:\/\/blog.erm.ee\/wp-content\/uploads\/2012\/12\/aa0314-211x300.jpg 211w\" sizes=\"auto, (max-width: 846px) 100vw, 846px\" \/><\/a><a href=\"https:\/\/blog.erm.ee\/wp-content\/uploads\/2012\/12\/aa0277.jpg\"><img loading=\"lazy\" decoding=\"async\" data-attachment-id=\"1004\" data-permalink=\"https:\/\/blog.erm.ee\/?attachment_id=1004#main\" data-orig-file=\"https:\/\/blog.erm.ee\/wp-content\/uploads\/2012\/12\/aa0277.jpg\" data-orig-size=\"1024,725\" data-comments-opened=\"1\" data-image-meta=\"{&quot;aperture&quot;:&quot;0&quot;,&quot;credit&quot;:&quot;&quot;,&quot;camera&quot;:&quot;&quot;,&quot;caption&quot;:&quot;&quot;,&quot;created_timestamp&quot;:&quot;0&quot;,&quot;copyright&quot;:&quot;&quot;,&quot;focal_length&quot;:&quot;0&quot;,&quot;iso&quot;:&quot;0&quot;,&quot;shutter_speed&quot;:&quot;0&quot;,&quot;title&quot;:&quot;&quot;}\" data-image-title=\"aa0277\" data-image-description=\"&lt;p&gt;[#Beginning of Shooting Data Section]&lt;br \/&gt;\nNikon D200&lt;br \/&gt;\nFocal Length: 50mm&lt;br \/&gt;\nOptimize Image: Custom&lt;br \/&gt;\nColor Mode: Mode II (Adobe RGB)&lt;br \/&gt;\nLong Exposure NR: Off&lt;br \/&gt;\nHigh ISO NR: Off&lt;br \/&gt;\n2011\/01\/24 16:53:31.0&lt;br \/&gt;\nExposure Mode: Manual&lt;br \/&gt;\nWhite Balance: Preset d-4&lt;br \/&gt;\nTone Comp.: User-Defined Custom Curve&lt;br \/&gt;\nRAW (12-bit)&lt;br \/&gt;\nMetering Mode: Multi-Pattern&lt;br \/&gt;\nAF Mode: AF-S&lt;br \/&gt;\nHue Adjustment: 0\u00c2\u00b0&lt;br \/&gt;\nImage Size: Large (3872 x 2592)&lt;br \/&gt;\n1\/3 sec &amp;#8211; F\/8&lt;br \/&gt;\nFlash Sync Mode: Not Attached&lt;br \/&gt;\nSaturation: Normal&lt;br \/&gt;\nColor&lt;br \/&gt;\nExposure Comp.: 0 EV&lt;br \/&gt;\nSharpening: Medium high&lt;br \/&gt;\nLens: 50mm F\/2.8 D&lt;br \/&gt;\nSensitivity: ISO 100&lt;br \/&gt;\nImage Comment:&lt;br \/&gt;\n[#End of Shooting Data Section]&lt;\/p&gt;\n\" data-image-caption=\"\" data-large-file=\"https:\/\/blog.erm.ee\/wp-content\/uploads\/2012\/12\/aa0277.jpg\" class=\"aligncenter size-full wp-image-1004\" title=\"aa0277\" alt=\"\" src=\"https:\/\/blog.erm.ee\/wp-content\/uploads\/2012\/12\/aa0277.jpg\" width=\"1200\" height=\"850\" srcset=\"https:\/\/blog.erm.ee\/wp-content\/uploads\/2012\/12\/aa0277.jpg 1024w, https:\/\/blog.erm.ee\/wp-content\/uploads\/2012\/12\/aa0277-367x260.jpg 367w, https:\/\/blog.erm.ee\/wp-content\/uploads\/2012\/12\/aa0277-300x212.jpg 300w\" sizes=\"auto, (max-width: 1200px) 100vw, 1200px\" \/><\/a><em>Kaardid aastatest <\/em><em>1981 ja 1979<\/em>.<\/p>\n<p style=\"text-align: justify;\">Minu esitatud kaardivalikusse sattus mitmeid erinevate tegelastega postkaarte, kuid n\u00f5ukogude ajal nende osakaal \u00fcldiselt v\u00e4henes \u2013 \u00fcha sagedamini esitati kaartidel kompositsioone kuuseokste, k\u00fc\u00fcnalde, kingitustega jm v\u00f5i siis talvemaastikke.<\/p>\n<p><a href=\"https:\/\/blog.erm.ee\/wp-content\/uploads\/2012\/12\/aa0355.jpg\"><img loading=\"lazy\" decoding=\"async\" data-attachment-id=\"1005\" data-permalink=\"https:\/\/blog.erm.ee\/?attachment_id=1005#main\" data-orig-file=\"https:\/\/blog.erm.ee\/wp-content\/uploads\/2012\/12\/aa0355.jpg\" data-orig-size=\"719,1024\" data-comments-opened=\"1\" data-image-meta=\"{&quot;aperture&quot;:&quot;0&quot;,&quot;credit&quot;:&quot;&quot;,&quot;camera&quot;:&quot;&quot;,&quot;caption&quot;:&quot;&quot;,&quot;created_timestamp&quot;:&quot;0&quot;,&quot;copyright&quot;:&quot;&quot;,&quot;focal_length&quot;:&quot;0&quot;,&quot;iso&quot;:&quot;0&quot;,&quot;shutter_speed&quot;:&quot;0&quot;,&quot;title&quot;:&quot;&quot;}\" data-image-title=\"aa0355\" data-image-description=\"&lt;p&gt;[#Beginning of Shooting Data Section]&lt;br \/&gt;\nNikon D200&lt;br \/&gt;\nFocal Length: 50mm&lt;br \/&gt;\nOptimize Image: Custom&lt;br \/&gt;\nColor Mode: Mode II (Adobe RGB)&lt;br \/&gt;\nLong Exposure NR: Off&lt;br \/&gt;\nHigh ISO NR: Off&lt;br \/&gt;\n2011\/01\/24 17:11:11&lt;br \/&gt;\nExposure Mode: Manual&lt;br \/&gt;\nWhite Balance: Preset d-4&lt;br \/&gt;\nTone Comp.: User-Defined Custom Curve&lt;br \/&gt;\nRAW (12-bit)&lt;br \/&gt;\nMetering Mode: Multi-Pattern&lt;br \/&gt;\nAF Mode: AF-S&lt;br \/&gt;\nHue Adjustment: 0\u00c2\u00b0&lt;br \/&gt;\nImage Size: Large (3872 x 2592)&lt;br \/&gt;\n1\/3 sec &amp;#8211; F\/8&lt;br \/&gt;\nFlash Sync Mode: Not Attached&lt;br \/&gt;\nSaturation: Normal&lt;br \/&gt;\nColor&lt;br \/&gt;\nExposure Comp.: 0 EV&lt;br \/&gt;\nSharpening: Medium high&lt;br \/&gt;\nLens: 50mm F\/2.8 D&lt;br \/&gt;\nSensitivity: ISO 100&lt;br \/&gt;\nImage Comment:&lt;br \/&gt;\n[#End of Shooting Data Section]&lt;\/p&gt;\n\" data-image-caption=\"\" data-large-file=\"https:\/\/blog.erm.ee\/wp-content\/uploads\/2012\/12\/aa0355.jpg\" class=\"aligncenter size-full wp-image-1005\" title=\"aa0355\" alt=\"\" src=\"https:\/\/blog.erm.ee\/wp-content\/uploads\/2012\/12\/aa0355.jpg\" width=\"842\" height=\"1200\" srcset=\"https:\/\/blog.erm.ee\/wp-content\/uploads\/2012\/12\/aa0355.jpg 719w, https:\/\/blog.erm.ee\/wp-content\/uploads\/2012\/12\/aa0355-182x260.jpg 182w, https:\/\/blog.erm.ee\/wp-content\/uploads\/2012\/12\/aa0355-210x300.jpg 210w\" sizes=\"auto, (max-width: 842px) 100vw, 842px\" \/><\/a><em>Kaart aastast 1962<\/em>.<\/p>\n<p style=\"text-align: justify;\">Eesti n\u00f5ukogudeaegsetel uusaastakaartidel on sageli kujutatud maju, peamiselt taluelamuid, mis seostuvad eestlastele kodutunde ja juurtega. Need oli j\u00f5ulukaartidel Eesti Vabariigis 1920. aastail ega kadunud p\u00fchadekaartidelt ka n\u00f5ukogude ajal.<\/p>\n<p><a href=\"https:\/\/blog.erm.ee\/wp-content\/uploads\/2012\/12\/aa0118.jpg\"><img loading=\"lazy\" decoding=\"async\" data-attachment-id=\"1006\" data-permalink=\"https:\/\/blog.erm.ee\/?attachment_id=1006#main\" data-orig-file=\"https:\/\/blog.erm.ee\/wp-content\/uploads\/2012\/12\/aa0118.jpg\" data-orig-size=\"1024,722\" data-comments-opened=\"1\" data-image-meta=\"{&quot;aperture&quot;:&quot;0&quot;,&quot;credit&quot;:&quot;&quot;,&quot;camera&quot;:&quot;&quot;,&quot;caption&quot;:&quot;&quot;,&quot;created_timestamp&quot;:&quot;0&quot;,&quot;copyright&quot;:&quot;&quot;,&quot;focal_length&quot;:&quot;0&quot;,&quot;iso&quot;:&quot;0&quot;,&quot;shutter_speed&quot;:&quot;0&quot;,&quot;title&quot;:&quot;&quot;}\" data-image-title=\"aa0118\" data-image-description=\"&lt;p&gt;[#Beginning of Shooting Data Section]&lt;br \/&gt;\nNikon D200&lt;br \/&gt;\nFocal Length: 50mm&lt;br \/&gt;\nOptimize Image: Custom&lt;br \/&gt;\nColor Mode: Mode II (Adobe RGB)&lt;br \/&gt;\nLong Exposure NR: Off&lt;br \/&gt;\nHigh ISO NR: Off&lt;br \/&gt;\n2011\/01\/24 14:47:47.9&lt;br \/&gt;\nExposure Mode: Manual&lt;br \/&gt;\nWhite Balance: Preset d-4&lt;br \/&gt;\nTone Comp.: User-Defined Custom Curve&lt;br \/&gt;\nRAW (12-bit)&lt;br \/&gt;\nMetering Mode: Multi-Pattern&lt;br \/&gt;\nAF Mode: AF-S&lt;br \/&gt;\nHue Adjustment: 0\u00c2\u00b0&lt;br \/&gt;\nImage Size: Large (3872 x 2592)&lt;br \/&gt;\n1\/3 sec &amp;#8211; F\/8&lt;br \/&gt;\nFlash Sync Mode: Not Attached&lt;br \/&gt;\nSaturation: Normal&lt;br \/&gt;\nColor&lt;br \/&gt;\nExposure Comp.: 0 EV&lt;br \/&gt;\nSharpening: Medium high&lt;br \/&gt;\nLens: 50mm F\/2.8 D&lt;br \/&gt;\nSensitivity: ISO 100&lt;br \/&gt;\nImage Comment:&lt;br \/&gt;\n[#End of Shooting Data Section]&lt;\/p&gt;\n\" data-image-caption=\"\" data-large-file=\"https:\/\/blog.erm.ee\/wp-content\/uploads\/2012\/12\/aa0118.jpg\" class=\"aligncenter size-full wp-image-1006\" title=\"aa0118\" alt=\"\" src=\"https:\/\/blog.erm.ee\/wp-content\/uploads\/2012\/12\/aa0118.jpg\" width=\"1200\" height=\"846\" srcset=\"https:\/\/blog.erm.ee\/wp-content\/uploads\/2012\/12\/aa0118.jpg 1024w, https:\/\/blog.erm.ee\/wp-content\/uploads\/2012\/12\/aa0118-368x260.jpg 368w, https:\/\/blog.erm.ee\/wp-content\/uploads\/2012\/12\/aa0118-300x211.jpg 300w\" sizes=\"auto, (max-width: 1200px) 100vw, 1200px\" \/><\/a><em>Kaart aastast 1984<\/em>.<\/p>\n<p style=\"text-align: justify;\">Venemaal tr\u00fckitud kaartidel on maamaju hoopis harvemini, pigem on neil kujutatud linlike paneelmaju \u2013 moodsa elu ja progressi s\u00fcmboleid. Korteriv\u00f5tmete n\u00e4ol on sellele 1982. aasta kaardile j\u00f5udnud \u00fcks n\u00f5ukogude inimese suuremaid uusaastasoove \u2013 et uuel aastal naerataks \u00f5nn ning \u00f5nnestuks saada korteriorder \u2013 paber, mis annaks \u00f5iguse uuele elamispinnale. V\u00f5tmekarbi kaanel on kujutatud kvaliteedim\u00e4rk, mis tollal pidi t\u00e4histama eriti kvaliteetset toodangut. N\u00f5ukogudeaegne kvaliteedim\u00e4rgi kohta k\u00e4iv nali \u00fctles aga, et see on venelane, kes on pea otsast \u00e4ra h\u00e4benenud.<\/p>\n<p><a href=\"https:\/\/blog.erm.ee\/wp-content\/uploads\/2012\/12\/aa0312.jpg\"><img loading=\"lazy\" decoding=\"async\" data-attachment-id=\"1007\" data-permalink=\"https:\/\/blog.erm.ee\/?attachment_id=1007#main\" data-orig-file=\"https:\/\/blog.erm.ee\/wp-content\/uploads\/2012\/12\/aa0312.jpg\" data-orig-size=\"710,1024\" data-comments-opened=\"1\" data-image-meta=\"{&quot;aperture&quot;:&quot;0&quot;,&quot;credit&quot;:&quot;&quot;,&quot;camera&quot;:&quot;&quot;,&quot;caption&quot;:&quot;&quot;,&quot;created_timestamp&quot;:&quot;0&quot;,&quot;copyright&quot;:&quot;&quot;,&quot;focal_length&quot;:&quot;0&quot;,&quot;iso&quot;:&quot;0&quot;,&quot;shutter_speed&quot;:&quot;0&quot;,&quot;title&quot;:&quot;&quot;}\" data-image-title=\"aa0312\" data-image-description=\"&lt;p&gt;[#Beginning of Shooting Data Section]&lt;br \/&gt;\nNikon D200&lt;br \/&gt;\nFocal Length: 50mm&lt;br \/&gt;\nOptimize Image: Custom&lt;br \/&gt;\nColor Mode: Mode II (Adobe RGB)&lt;br \/&gt;\nLong Exposure NR: Off&lt;br \/&gt;\nHigh ISO NR: Off&lt;br \/&gt;\n2011\/01\/24 17:01:48&lt;br \/&gt;\nExposure Mode: Manual&lt;br \/&gt;\nWhite Balance: Preset d-4&lt;br \/&gt;\nTone Comp.: User-Defined Custom Curve&lt;br \/&gt;\nRAW (12-bit)&lt;br \/&gt;\nMetering Mode: Multi-Pattern&lt;br \/&gt;\nAF Mode: AF-S&lt;br \/&gt;\nHue Adjustment: 0\u00c2\u00b0&lt;br \/&gt;\nImage Size: Large (3872 x 2592)&lt;br \/&gt;\n1\/3 sec &amp;#8211; F\/8&lt;br \/&gt;\nFlash Sync Mode: Not Attached&lt;br \/&gt;\nSaturation: Normal&lt;br \/&gt;\nColor&lt;br \/&gt;\nExposure Comp.: 0 EV&lt;br \/&gt;\nSharpening: Medium high&lt;br \/&gt;\nLens: 50mm F\/2.8 D&lt;br \/&gt;\nSensitivity: ISO 100&lt;br \/&gt;\nImage Comment:&lt;br \/&gt;\n[#End of Shooting Data Section]&lt;\/p&gt;\n\" data-image-caption=\"\" data-large-file=\"https:\/\/blog.erm.ee\/wp-content\/uploads\/2012\/12\/aa0312.jpg\" class=\"aligncenter size-full wp-image-1007\" title=\"aa0312\" alt=\"\" src=\"https:\/\/blog.erm.ee\/wp-content\/uploads\/2012\/12\/aa0312.jpg\" width=\"832\" height=\"1200\" srcset=\"https:\/\/blog.erm.ee\/wp-content\/uploads\/2012\/12\/aa0312.jpg 710w, https:\/\/blog.erm.ee\/wp-content\/uploads\/2012\/12\/aa0312-180x260.jpg 180w, https:\/\/blog.erm.ee\/wp-content\/uploads\/2012\/12\/aa0312-208x300.jpg 208w\" sizes=\"auto, (max-width: 832px) 100vw, 832px\" \/><\/a><em>Kaart aastast 1982<\/em>.<\/p>\n<p style=\"text-align: justify;\">N\u00f5ukogude Eesti n\u00e4\u00e4rikaardid olid tunduvalt enam minevikust inspireeritud kui Venemaal tr\u00fckitud. Sellele ei viidanud mitte ainult vinnkaevuga talvemaastikud. S\u00fcvenes veelgi 1930. aastail esile kerkinud rahvuslik suund, kus j\u00f5ulukaartidele ilmusid \u00fcha rohkem j\u00f5uluvorstid ja \u00f5llekannud. Rahvusliku r\u00f5hutamine kulmineerus 1980. aastatel.<\/p>\n<p><a href=\"https:\/\/blog.erm.ee\/wp-content\/uploads\/2012\/12\/aa0005.jpg\"><img loading=\"lazy\" decoding=\"async\" data-attachment-id=\"1008\" data-permalink=\"https:\/\/blog.erm.ee\/?attachment_id=1008#main\" data-orig-file=\"https:\/\/blog.erm.ee\/wp-content\/uploads\/2012\/12\/aa0005.jpg\" data-orig-size=\"699,1024\" data-comments-opened=\"1\" data-image-meta=\"{&quot;aperture&quot;:&quot;0&quot;,&quot;credit&quot;:&quot;&quot;,&quot;camera&quot;:&quot;&quot;,&quot;caption&quot;:&quot;&quot;,&quot;created_timestamp&quot;:&quot;0&quot;,&quot;copyright&quot;:&quot;&quot;,&quot;focal_length&quot;:&quot;0&quot;,&quot;iso&quot;:&quot;0&quot;,&quot;shutter_speed&quot;:&quot;0&quot;,&quot;title&quot;:&quot;&quot;}\" data-image-title=\"aa0005\" data-image-description=\"&lt;p&gt;[#Beginning of Shooting Data Section]&lt;br \/&gt;\nNikon D200&lt;br \/&gt;\nFocal Length: 50mm&lt;br \/&gt;\nOptimize Image: Custom&lt;br \/&gt;\nColor Mode: Mode II (Adobe RGB)&lt;br \/&gt;\nLong Exposure NR: Off&lt;br \/&gt;\nHigh ISO NR: Off&lt;br \/&gt;\n2011\/01\/24 12:33:45.7&lt;br \/&gt;\nExposure Mode: Manual&lt;br \/&gt;\nWhite Balance: Preset d-4&lt;br \/&gt;\nTone Comp.: User-Defined Custom Curve&lt;br \/&gt;\nRAW (12-bit)&lt;br \/&gt;\nMetering Mode: Multi-Pattern&lt;br \/&gt;\nAF Mode: AF-S&lt;br \/&gt;\nHue Adjustment: 0\u00c2\u00b0&lt;br \/&gt;\nImage Size: Large (3872 x 2592)&lt;br \/&gt;\n1\/3 sec &amp;#8211; F\/8&lt;br \/&gt;\nFlash Sync Mode: Not Attached&lt;br \/&gt;\nSaturation: Normal&lt;br \/&gt;\nColor&lt;br \/&gt;\nExposure Comp.: 0 EV&lt;br \/&gt;\nSharpening: Medium high&lt;br \/&gt;\nLens: 50mm F\/2.8 D&lt;br \/&gt;\nSensitivity: ISO 100&lt;br \/&gt;\nImage Comment:&lt;br \/&gt;\n[#End of Shooting Data Section]&lt;\/p&gt;\n\" data-image-caption=\"\" data-large-file=\"https:\/\/blog.erm.ee\/wp-content\/uploads\/2012\/12\/aa0005.jpg\" class=\"aligncenter size-full wp-image-1008\" title=\"aa0005\" alt=\"\" src=\"https:\/\/blog.erm.ee\/wp-content\/uploads\/2012\/12\/aa0005.jpg\" width=\"819\" height=\"1200\" srcset=\"https:\/\/blog.erm.ee\/wp-content\/uploads\/2012\/12\/aa0005.jpg 699w, https:\/\/blog.erm.ee\/wp-content\/uploads\/2012\/12\/aa0005-177x260.jpg 177w, https:\/\/blog.erm.ee\/wp-content\/uploads\/2012\/12\/aa0005-204x300.jpg 204w\" sizes=\"auto, (max-width: 819px) 100vw, 819px\" \/><\/a><a href=\"https:\/\/blog.erm.ee\/wp-content\/uploads\/2012\/12\/aa0009.jpg\"><img loading=\"lazy\" decoding=\"async\" data-attachment-id=\"1009\" data-permalink=\"https:\/\/blog.erm.ee\/?attachment_id=1009#main\" data-orig-file=\"https:\/\/blog.erm.ee\/wp-content\/uploads\/2012\/12\/aa0009.jpg\" data-orig-size=\"736,1024\" data-comments-opened=\"1\" data-image-meta=\"{&quot;aperture&quot;:&quot;0&quot;,&quot;credit&quot;:&quot;&quot;,&quot;camera&quot;:&quot;&quot;,&quot;caption&quot;:&quot;&quot;,&quot;created_timestamp&quot;:&quot;0&quot;,&quot;copyright&quot;:&quot;&quot;,&quot;focal_length&quot;:&quot;0&quot;,&quot;iso&quot;:&quot;0&quot;,&quot;shutter_speed&quot;:&quot;0&quot;,&quot;title&quot;:&quot;&quot;}\" data-image-title=\"aa0009\" data-image-description=\"&lt;p&gt;[#Beginning of Shooting Data Section]&lt;br \/&gt;\nNikon D200&lt;br \/&gt;\nFocal Length: 50mm&lt;br \/&gt;\nOptimize Image: Custom&lt;br \/&gt;\nColor Mode: Mode II (Adobe RGB)&lt;br \/&gt;\nLong Exposure NR: Off&lt;br \/&gt;\nHigh ISO NR: Off&lt;br \/&gt;\n2011\/01\/24 12:35:23.0&lt;br \/&gt;\nExposure Mode: Manual&lt;br \/&gt;\nWhite Balance: Preset d-4&lt;br \/&gt;\nTone Comp.: User-Defined Custom Curve&lt;br \/&gt;\nRAW (12-bit)&lt;br \/&gt;\nMetering Mode: Multi-Pattern&lt;br \/&gt;\nAF Mode: AF-S&lt;br \/&gt;\nHue Adjustment: 0\u00c2\u00b0&lt;br \/&gt;\nImage Size: Large (3872 x 2592)&lt;br \/&gt;\n1\/3 sec &amp;#8211; F\/8&lt;br \/&gt;\nFlash Sync Mode: Not Attached&lt;br \/&gt;\nSaturation: Normal&lt;br \/&gt;\nColor&lt;br \/&gt;\nExposure Comp.: 0 EV&lt;br \/&gt;\nSharpening: Medium high&lt;br \/&gt;\nLens: 50mm F\/2.8 D&lt;br \/&gt;\nSensitivity: ISO 100&lt;br \/&gt;\nImage Comment:&lt;br \/&gt;\n[#End of Shooting Data Section]&lt;\/p&gt;\n\" data-image-caption=\"\" data-large-file=\"https:\/\/blog.erm.ee\/wp-content\/uploads\/2012\/12\/aa0009.jpg\" class=\"aligncenter size-full wp-image-1009\" title=\"aa0009\" alt=\"\" src=\"https:\/\/blog.erm.ee\/wp-content\/uploads\/2012\/12\/aa0009.jpg\" width=\"863\" height=\"1200\" srcset=\"https:\/\/blog.erm.ee\/wp-content\/uploads\/2012\/12\/aa0009.jpg 736w, https:\/\/blog.erm.ee\/wp-content\/uploads\/2012\/12\/aa0009-186x260.jpg 186w, https:\/\/blog.erm.ee\/wp-content\/uploads\/2012\/12\/aa0009-215x300.jpg 215w\" sizes=\"auto, (max-width: 863px) 100vw, 863px\" \/><\/a><a href=\"https:\/\/blog.erm.ee\/wp-content\/uploads\/2012\/12\/aa0087.jpg\"><img loading=\"lazy\" decoding=\"async\" data-attachment-id=\"1010\" data-permalink=\"https:\/\/blog.erm.ee\/?attachment_id=1010#main\" data-orig-file=\"https:\/\/blog.erm.ee\/wp-content\/uploads\/2012\/12\/aa0087.jpg\" data-orig-size=\"728,1024\" data-comments-opened=\"1\" data-image-meta=\"{&quot;aperture&quot;:&quot;0&quot;,&quot;credit&quot;:&quot;&quot;,&quot;camera&quot;:&quot;&quot;,&quot;caption&quot;:&quot;&quot;,&quot;created_timestamp&quot;:&quot;0&quot;,&quot;copyright&quot;:&quot;&quot;,&quot;focal_length&quot;:&quot;0&quot;,&quot;iso&quot;:&quot;0&quot;,&quot;shutter_speed&quot;:&quot;0&quot;,&quot;title&quot;:&quot;&quot;}\" data-image-title=\"aa0087\" data-image-description=\"&lt;p&gt;[#Beginning of Shooting Data Section]&lt;br \/&gt;\nNikon D200&lt;br \/&gt;\nFocal Length: 50mm&lt;br \/&gt;\nOptimize Image: Custom&lt;br \/&gt;\nColor Mode: Mode II (Adobe RGB)&lt;br \/&gt;\nLong Exposure NR: Off&lt;br \/&gt;\nHigh ISO NR: Off&lt;br \/&gt;\n2011\/01\/24 14:38:32.8&lt;br \/&gt;\nExposure Mode: Manual&lt;br \/&gt;\nWhite Balance: Preset d-4&lt;br \/&gt;\nTone Comp.: User-Defined Custom Curve&lt;br \/&gt;\nRAW (12-bit)&lt;br \/&gt;\nMetering Mode: Multi-Pattern&lt;br \/&gt;\nAF Mode: AF-S&lt;br \/&gt;\nHue Adjustment: 0\u00c2\u00b0&lt;br \/&gt;\nImage Size: Large (3872 x 2592)&lt;br \/&gt;\n1\/3 sec &amp;#8211; F\/8&lt;br \/&gt;\nFlash Sync Mode: Not Attached&lt;br \/&gt;\nSaturation: Normal&lt;br \/&gt;\nColor&lt;br \/&gt;\nExposure Comp.: 0 EV&lt;br \/&gt;\nSharpening: Medium high&lt;br \/&gt;\nLens: 50mm F\/2.8 D&lt;br \/&gt;\nSensitivity: ISO 100&lt;br \/&gt;\nImage Comment:&lt;br \/&gt;\n[#End of Shooting Data Section]&lt;\/p&gt;\n\" data-image-caption=\"\" data-large-file=\"https:\/\/blog.erm.ee\/wp-content\/uploads\/2012\/12\/aa0087.jpg\" class=\"aligncenter size-full wp-image-1010\" title=\"aa0087\" alt=\"\" src=\"https:\/\/blog.erm.ee\/wp-content\/uploads\/2012\/12\/aa0087.jpg\" width=\"853\" height=\"1200\" srcset=\"https:\/\/blog.erm.ee\/wp-content\/uploads\/2012\/12\/aa0087.jpg 728w, https:\/\/blog.erm.ee\/wp-content\/uploads\/2012\/12\/aa0087-184x260.jpg 184w, https:\/\/blog.erm.ee\/wp-content\/uploads\/2012\/12\/aa0087-213x300.jpg 213w\" sizes=\"auto, (max-width: 853px) 100vw, 853px\" \/><\/a><em>Kaardid aastatest 1976, 1981 ja 1985. <\/em><\/p>\n<p style=\"text-align: justify;\">Kirik on ilmseks kristlike j\u00f5ulup\u00fchade s\u00fcmboliks. N\u00f5ukogude ajal uusaastakaartidel kirikul kohta ei olnud, kuid ajalooliste linnavaadete osana p\u00e4\u00e4sesid kirikutornid salamahti siiski pildile. Selle foto teeb poliitiliselt korrektseks Pika Hermanni tipus lehviv ENSV lipp, mis j\u00f5ujooned paika paneb.<\/p>\n<p><a href=\"https:\/\/blog.erm.ee\/wp-content\/uploads\/2012\/12\/aa0152.jpg\"><img loading=\"lazy\" decoding=\"async\" data-attachment-id=\"1011\" data-permalink=\"https:\/\/blog.erm.ee\/?attachment_id=1011#main\" data-orig-file=\"https:\/\/blog.erm.ee\/wp-content\/uploads\/2012\/12\/aa0152.jpg\" data-orig-size=\"1024,727\" data-comments-opened=\"1\" data-image-meta=\"{&quot;aperture&quot;:&quot;0&quot;,&quot;credit&quot;:&quot;&quot;,&quot;camera&quot;:&quot;&quot;,&quot;caption&quot;:&quot;&quot;,&quot;created_timestamp&quot;:&quot;0&quot;,&quot;copyright&quot;:&quot;&quot;,&quot;focal_length&quot;:&quot;0&quot;,&quot;iso&quot;:&quot;0&quot;,&quot;shutter_speed&quot;:&quot;0&quot;,&quot;title&quot;:&quot;&quot;}\" data-image-title=\"aa0152\" data-image-description=\"&lt;p&gt;[#Beginning of Shooting Data Section]&lt;br \/&gt;\nNikon D200&lt;br \/&gt;\nFocal Length: 50mm&lt;br \/&gt;\nOptimize Image: Custom&lt;br \/&gt;\nColor Mode: Mode II (Adobe RGB)&lt;br \/&gt;\nLong Exposure NR: Off&lt;br \/&gt;\nHigh ISO NR: Off&lt;br \/&gt;\n2011\/01\/24 15:34:49.6&lt;br \/&gt;\nExposure Mode: Manual&lt;br \/&gt;\nWhite Balance: Preset d-4&lt;br \/&gt;\nTone Comp.: User-Defined Custom Curve&lt;br \/&gt;\nRAW (12-bit)&lt;br \/&gt;\nMetering Mode: Multi-Pattern&lt;br \/&gt;\nAF Mode: AF-S&lt;br \/&gt;\nHue Adjustment: 0\u00c2\u00b0&lt;br \/&gt;\nImage Size: Large (3872 x 2592)&lt;br \/&gt;\n1\/3 sec &amp;#8211; F\/8&lt;br \/&gt;\nFlash Sync Mode: Not Attached&lt;br \/&gt;\nSaturation: Normal&lt;br \/&gt;\nColor&lt;br \/&gt;\nExposure Comp.: 0 EV&lt;br \/&gt;\nSharpening: Medium high&lt;br \/&gt;\nLens: 50mm F\/2.8 D&lt;br \/&gt;\nSensitivity: ISO 100&lt;br \/&gt;\nImage Comment:&lt;br \/&gt;\n[#End of Shooting Data Section]&lt;\/p&gt;\n\" data-image-caption=\"\" data-large-file=\"https:\/\/blog.erm.ee\/wp-content\/uploads\/2012\/12\/aa0152.jpg\" class=\"aligncenter size-full wp-image-1011\" title=\"aa0152\" alt=\"\" src=\"https:\/\/blog.erm.ee\/wp-content\/uploads\/2012\/12\/aa0152.jpg\" width=\"1200\" height=\"852\" srcset=\"https:\/\/blog.erm.ee\/wp-content\/uploads\/2012\/12\/aa0152.jpg 1024w, https:\/\/blog.erm.ee\/wp-content\/uploads\/2012\/12\/aa0152-366x260.jpg 366w, https:\/\/blog.erm.ee\/wp-content\/uploads\/2012\/12\/aa0152-300x212.jpg 300w\" sizes=\"auto, (max-width: 1200px) 100vw, 1200px\" \/><\/a><em>Kaart aastast 1985.<\/em><\/p>\n<p style=\"text-align: justify;\">1980. aastate l\u00f5pul, kui j\u00f5ulud rehabiliteeriti, ilmusid kirikud taas p\u00fchadekaartidele. Sinna j\u00f5udsid ka sellised motiivid, millel meie varasemas j\u00f5ulukaarditraditsioonis eriti kohta ei olnud, n\u00e4iteks j\u00f5ululapsuke. K\u00f5ige rohkem v\u00f5ib piiblistseene n\u00e4ha just 1990. aastate alguse kaartidel, kui usuteema ideoloogilise surve alt vabanes.<\/p>\n<p><a href=\"https:\/\/blog.erm.ee\/wp-content\/uploads\/2012\/12\/aa0150.jpg\"><img loading=\"lazy\" decoding=\"async\" data-attachment-id=\"1012\" data-permalink=\"https:\/\/blog.erm.ee\/?attachment_id=1012#main\" data-orig-file=\"https:\/\/blog.erm.ee\/wp-content\/uploads\/2012\/12\/aa0150.jpg\" data-orig-size=\"1024,722\" data-comments-opened=\"1\" data-image-meta=\"{&quot;aperture&quot;:&quot;0&quot;,&quot;credit&quot;:&quot;&quot;,&quot;camera&quot;:&quot;&quot;,&quot;caption&quot;:&quot;&quot;,&quot;created_timestamp&quot;:&quot;0&quot;,&quot;copyright&quot;:&quot;&quot;,&quot;focal_length&quot;:&quot;0&quot;,&quot;iso&quot;:&quot;0&quot;,&quot;shutter_speed&quot;:&quot;0&quot;,&quot;title&quot;:&quot;&quot;}\" data-image-title=\"aa0150\" data-image-description=\"&lt;p&gt;[#Beginning of Shooting Data Section]&lt;br \/&gt;\nNikon D200&lt;br \/&gt;\nFocal Length: 50mm&lt;br \/&gt;\nOptimize Image: Custom&lt;br \/&gt;\nColor Mode: Mode II (Adobe RGB)&lt;br \/&gt;\nLong Exposure NR: Off&lt;br \/&gt;\nHigh ISO NR: Off&lt;br \/&gt;\n2011\/01\/24 15:34:24.0&lt;br \/&gt;\nExposure Mode: Manual&lt;br \/&gt;\nWhite Balance: Preset d-4&lt;br \/&gt;\nTone Comp.: User-Defined Custom Curve&lt;br \/&gt;\nRAW (12-bit)&lt;br \/&gt;\nMetering Mode: Multi-Pattern&lt;br \/&gt;\nAF Mode: AF-S&lt;br \/&gt;\nHue Adjustment: 0\u00c2\u00b0&lt;br \/&gt;\nImage Size: Large (3872 x 2592)&lt;br \/&gt;\n1\/3 sec &amp;#8211; F\/8&lt;br \/&gt;\nFlash Sync Mode: Not Attached&lt;br \/&gt;\nSaturation: Normal&lt;br \/&gt;\nColor&lt;br \/&gt;\nExposure Comp.: 0 EV&lt;br \/&gt;\nSharpening: Medium high&lt;br \/&gt;\nLens: 50mm F\/2.8 D&lt;br \/&gt;\nSensitivity: ISO 100&lt;br \/&gt;\nImage Comment:&lt;br \/&gt;\n[#End of Shooting Data Section]&lt;\/p&gt;\n\" data-image-caption=\"\" data-large-file=\"https:\/\/blog.erm.ee\/wp-content\/uploads\/2012\/12\/aa0150.jpg\" class=\"aligncenter size-full wp-image-1012\" title=\"aa0150\" alt=\"\" src=\"https:\/\/blog.erm.ee\/wp-content\/uploads\/2012\/12\/aa0150.jpg\" width=\"1200\" height=\"846\" srcset=\"https:\/\/blog.erm.ee\/wp-content\/uploads\/2012\/12\/aa0150.jpg 1024w, https:\/\/blog.erm.ee\/wp-content\/uploads\/2012\/12\/aa0150-368x260.jpg 368w, https:\/\/blog.erm.ee\/wp-content\/uploads\/2012\/12\/aa0150-300x211.jpg 300w\" sizes=\"auto, (max-width: 1200px) 100vw, 1200px\" \/><\/a><a href=\"https:\/\/blog.erm.ee\/wp-content\/uploads\/2012\/12\/aa0051.jpg\"><img loading=\"lazy\" decoding=\"async\" data-attachment-id=\"1013\" data-permalink=\"https:\/\/blog.erm.ee\/?attachment_id=1013#main\" data-orig-file=\"https:\/\/blog.erm.ee\/wp-content\/uploads\/2012\/12\/aa0051.jpg\" data-orig-size=\"730,1024\" data-comments-opened=\"1\" data-image-meta=\"{&quot;aperture&quot;:&quot;0&quot;,&quot;credit&quot;:&quot;&quot;,&quot;camera&quot;:&quot;&quot;,&quot;caption&quot;:&quot;&quot;,&quot;created_timestamp&quot;:&quot;0&quot;,&quot;copyright&quot;:&quot;&quot;,&quot;focal_length&quot;:&quot;0&quot;,&quot;iso&quot;:&quot;0&quot;,&quot;shutter_speed&quot;:&quot;0&quot;,&quot;title&quot;:&quot;&quot;}\" data-image-title=\"aa0051\" data-image-description=\"&lt;p&gt;[#Beginning of Shooting Data Section]&lt;br \/&gt;\nNikon D200&lt;br \/&gt;\nFocal Length: 50mm&lt;br \/&gt;\nOptimize Image: Custom&lt;br \/&gt;\nColor Mode: Mode II (Adobe RGB)&lt;br \/&gt;\nLong Exposure NR: Off&lt;br \/&gt;\nHigh ISO NR: Off&lt;br \/&gt;\n2011\/01\/24 12:50:30.1&lt;br \/&gt;\nExposure Mode: Manual&lt;br \/&gt;\nWhite Balance: Preset d-4&lt;br \/&gt;\nTone Comp.: User-Defined Custom Curve&lt;br \/&gt;\nRAW (12-bit)&lt;br \/&gt;\nMetering Mode: Multi-Pattern&lt;br \/&gt;\nAF Mode: AF-S&lt;br \/&gt;\nHue Adjustment: 0\u00c2\u00b0&lt;br \/&gt;\nImage Size: Large (3872 x 2592)&lt;br \/&gt;\n1\/3 sec &amp;#8211; F\/8&lt;br \/&gt;\nFlash Sync Mode: Not Attached&lt;br \/&gt;\nSaturation: Normal&lt;br \/&gt;\nColor&lt;br \/&gt;\nExposure Comp.: 0 EV&lt;br \/&gt;\nSharpening: Medium high&lt;br \/&gt;\nLens: 50mm F\/2.8 D&lt;br \/&gt;\nSensitivity: ISO 100&lt;br \/&gt;\nImage Comment:&lt;br \/&gt;\n[#End of Shooting Data Section]&lt;\/p&gt;\n\" data-image-caption=\"\" data-large-file=\"https:\/\/blog.erm.ee\/wp-content\/uploads\/2012\/12\/aa0051.jpg\" class=\"aligncenter size-full wp-image-1013\" title=\"aa0051\" alt=\"\" src=\"https:\/\/blog.erm.ee\/wp-content\/uploads\/2012\/12\/aa0051.jpg\" width=\"855\" height=\"1200\" srcset=\"https:\/\/blog.erm.ee\/wp-content\/uploads\/2012\/12\/aa0051.jpg 730w, https:\/\/blog.erm.ee\/wp-content\/uploads\/2012\/12\/aa0051-185x260.jpg 185w, https:\/\/blog.erm.ee\/wp-content\/uploads\/2012\/12\/aa0051-213x300.jpg 213w\" sizes=\"auto, (max-width: 855px) 100vw, 855px\" \/><\/a><em>Kaardid aastatest 1989 ja 1990<\/em>.<\/p>\n<p style=\"text-align: justify;\">Nii nagu n\u00f5ukogude v\u00f5im end uusaastakaartidel kehtestas, j\u00f5udis p\u00fchadekaartidele ka taastatav Eesti riiklus.<\/p>\n<p><a href=\"https:\/\/blog.erm.ee\/wp-content\/uploads\/2012\/12\/aa0205.jpg\"><img loading=\"lazy\" decoding=\"async\" data-attachment-id=\"1014\" data-permalink=\"https:\/\/blog.erm.ee\/?attachment_id=1014#main\" data-orig-file=\"https:\/\/blog.erm.ee\/wp-content\/uploads\/2012\/12\/aa0205.jpg\" data-orig-size=\"572,1024\" data-comments-opened=\"1\" data-image-meta=\"{&quot;aperture&quot;:&quot;0&quot;,&quot;credit&quot;:&quot;&quot;,&quot;camera&quot;:&quot;&quot;,&quot;caption&quot;:&quot;&quot;,&quot;created_timestamp&quot;:&quot;0&quot;,&quot;copyright&quot;:&quot;&quot;,&quot;focal_length&quot;:&quot;0&quot;,&quot;iso&quot;:&quot;0&quot;,&quot;shutter_speed&quot;:&quot;0&quot;,&quot;title&quot;:&quot;&quot;}\" data-image-title=\"aa0205\" data-image-description=\"&lt;p&gt;[#Beginning of Shooting Data Section]&lt;br \/&gt;\nNikon D200&lt;br \/&gt;\nFocal Length: 50mm&lt;br \/&gt;\nOptimize Image: Custom&lt;br \/&gt;\nColor Mode: Mode II (Adobe RGB)&lt;br \/&gt;\nLong Exposure NR: Off&lt;br \/&gt;\nHigh ISO NR: Off&lt;br \/&gt;\n2011\/01\/24 15:53:10.9&lt;br \/&gt;\nExposure Mode: Manual&lt;br \/&gt;\nWhite Balance: Preset d-4&lt;br \/&gt;\nTone Comp.: User-Defined Custom Curve&lt;br \/&gt;\nRAW (12-bit)&lt;br \/&gt;\nMetering Mode: Multi-Pattern&lt;br \/&gt;\nAF Mode: AF-S&lt;br \/&gt;\nHue Adjustment: 0\u00c2\u00b0&lt;br \/&gt;\nImage Size: Large (3872 x 2592)&lt;br \/&gt;\n1\/3 sec &amp;#8211; F\/8&lt;br \/&gt;\nFlash Sync Mode: Not Attached&lt;br \/&gt;\nSaturation: Normal&lt;br \/&gt;\nColor&lt;br \/&gt;\nExposure Comp.: 0 EV&lt;br \/&gt;\nSharpening: Medium high&lt;br \/&gt;\nLens: 50mm F\/2.8 D&lt;br \/&gt;\nSensitivity: ISO 100&lt;br \/&gt;\nImage Comment:&lt;br \/&gt;\n[#End of Shooting Data Section]&lt;\/p&gt;\n\" data-image-caption=\"\" data-large-file=\"https:\/\/blog.erm.ee\/wp-content\/uploads\/2012\/12\/aa0205.jpg\" class=\"aligncenter size-full wp-image-1014\" title=\"aa0205\" alt=\"\" src=\"https:\/\/blog.erm.ee\/wp-content\/uploads\/2012\/12\/aa0205.jpg\" width=\"670\" height=\"1200\" srcset=\"https:\/\/blog.erm.ee\/wp-content\/uploads\/2012\/12\/aa0205.jpg 572w, https:\/\/blog.erm.ee\/wp-content\/uploads\/2012\/12\/aa0205-145x260.jpg 145w, https:\/\/blog.erm.ee\/wp-content\/uploads\/2012\/12\/aa0205-167x300.jpg 167w\" sizes=\"auto, (max-width: 670px) 100vw, 670px\" \/><\/a><em>Kaart aastast 1988<\/em>.<\/p>\n<p style=\"text-align: justify;\">Heitke pilk oma v\u00f5i l\u00e4hedaste kaardikogusse. Vaadake, mida p\u00f5nevat te seal n\u00e4ete?<\/p>\n<div class=\"fcbkbttn_buttons_block\" id=\"fcbkbttn_left\"><div class=\"fcbkbttn_like \"><fb:like href=\"https:\/\/blog.erm.ee\/?p=990\" action=\"like\" colorscheme=\"light\" layout=\"standard\"  width=\"225px\" size=\"small\"><\/fb:like><\/div><div class=\"fb-share-button  \" data-href=\"https:\/\/blog.erm.ee\/?p=990\" data-type=\"button\" data-size=\"small\"><\/div><\/div>","protected":false},"excerpt":{"rendered":"<p>Anu J\u00e4rs, teadur-kuraator Kas te plaanite sel aastal p\u00fchadekaarte saata? Kas saadate veel traditsioonilisi paberkaarte v\u00f5i olete elektroonilistele \u00f5nnitlustele \u00fcle l\u00e4inud? Nii v\u00f5i teisiti, praegu on paras aeg heita pilk vanadele postkaartidele. MUISist v\u00f5ib leida arvukalt j\u00f5ulu- ja uusaastakaarte, kuid silmapaistvaid kogusid, mis v\u00f5iksid v\u00f5istelda kollektsion\u00e4\u00e4ride omadega, muuseumidel ette n\u00e4idata ei ole. Selles vallas ei&hellip;<\/p>\n","protected":false},"author":1,"featured_media":994,"comment_status":"open","ping_status":"open","sticky":false,"template":"","format":"standard","meta":{"_monsterinsights_skip_tracking":false,"_monsterinsights_sitenote_active":false,"_monsterinsights_sitenote_note":"","_monsterinsights_sitenote_category":0,"jetpack_post_was_ever_published":false,"_jetpack_newsletter_access":"","_jetpack_dont_email_post_to_subs":false,"_jetpack_newsletter_tier_id":0,"_jetpack_memberships_contains_paywalled_content":false,"_jetpack_memberships_contains_paid_content":false,"footnotes":""},"categories":[5],"tags":[],"class_list":["post-990","post","type-post","status-publish","format-standard","has-post-thumbnail","hentry","category-museaal"],"yoast_head":"<!-- This site is optimized with the Yoast SEO plugin v27.5 - https:\/\/yoast.com\/product\/yoast-seo-wordpress\/ -->\n<title>Lapates uusaastakaarte  - Eesti Rahva Muuseumi ajaveeb<\/title>\n<meta name=\"robots\" content=\"index, follow, max-snippet:-1, max-image-preview:large, max-video-preview:-1\" \/>\n<link rel=\"canonical\" href=\"https:\/\/blog.erm.ee\/?p=990\" \/>\n<meta property=\"og:locale\" content=\"et_EE\" \/>\n<meta property=\"og:type\" content=\"article\" \/>\n<meta property=\"og:title\" content=\"Lapates uusaastakaarte  - Eesti Rahva Muuseumi ajaveeb\" \/>\n<meta property=\"og:description\" content=\"Anu J\u00e4rs, teadur-kuraator Kas te plaanite sel aastal p\u00fchadekaarte saata? Kas saadate veel traditsioonilisi paberkaarte v\u00f5i olete elektroonilistele \u00f5nnitlustele \u00fcle l\u00e4inud? Nii v\u00f5i teisiti, praegu on paras aeg heita pilk vanadele postkaartidele. MUISist v\u00f5ib leida arvukalt j\u00f5ulu- ja uusaastakaarte, kuid silmapaistvaid kogusid, mis v\u00f5iksid v\u00f5istelda kollektsion\u00e4\u00e4ride omadega, muuseumidel ette n\u00e4idata ei ole. Selles vallas ei&hellip;\" \/>\n<meta property=\"og:url\" content=\"https:\/\/blog.erm.ee\/?p=990\" \/>\n<meta property=\"og:site_name\" content=\"Eesti Rahva Muuseumi ajaveeb\" \/>\n<meta property=\"article:published_time\" content=\"2012-12-14T04:17:01+00:00\" \/>\n<meta property=\"article:modified_time\" content=\"2013-10-07T13:05:49+00:00\" \/>\n<meta property=\"og:image\" content=\"https:\/\/blog.erm.ee\/wp-content\/uploads\/2012\/12\/aa0109.jpg\" \/>\n\t<meta property=\"og:image:width\" content=\"1024\" \/>\n\t<meta property=\"og:image:height\" content=\"724\" \/>\n\t<meta property=\"og:image:type\" content=\"image\/jpeg\" \/>\n<meta name=\"author\" content=\"Eesti Rahva Muuseum\" \/>\n<meta name=\"twitter:card\" content=\"summary_large_image\" \/>\n<meta name=\"twitter:label1\" content=\"Written by\" \/>\n\t<meta name=\"twitter:data1\" content=\"Eesti Rahva Muuseum\" \/>\n\t<meta name=\"twitter:label2\" content=\"Est. reading time\" \/>\n\t<meta name=\"twitter:data2\" content=\"5 minutit\" \/>\n<script type=\"application\/ld+json\" class=\"yoast-schema-graph\">{\"@context\":\"https:\\\/\\\/schema.org\",\"@graph\":[{\"@type\":\"Article\",\"@id\":\"https:\\\/\\\/blog.erm.ee\\\/?p=990#article\",\"isPartOf\":{\"@id\":\"https:\\\/\\\/blog.erm.ee\\\/?p=990\"},\"author\":{\"name\":\"Eesti Rahva Muuseum\",\"@id\":\"https:\\\/\\\/blog.erm.ee\\\/#\\\/schema\\\/person\\\/6e98c391cb00a33e7c22a3571e062114\"},\"headline\":\"Lapates uusaastakaarte\",\"datePublished\":\"2012-12-14T04:17:01+00:00\",\"dateModified\":\"2013-10-07T13:05:49+00:00\",\"mainEntityOfPage\":{\"@id\":\"https:\\\/\\\/blog.erm.ee\\\/?p=990\"},\"wordCount\":1024,\"commentCount\":1,\"image\":{\"@id\":\"https:\\\/\\\/blog.erm.ee\\\/?p=990#primaryimage\"},\"thumbnailUrl\":\"https:\\\/\\\/blog.erm.ee\\\/wp-content\\\/uploads\\\/2012\\\/12\\\/aa0109.jpg\",\"articleSection\":[\"Museaal\"],\"inLanguage\":\"et\",\"potentialAction\":[{\"@type\":\"CommentAction\",\"name\":\"Comment\",\"target\":[\"https:\\\/\\\/blog.erm.ee\\\/?p=990#respond\"]}]},{\"@type\":\"WebPage\",\"@id\":\"https:\\\/\\\/blog.erm.ee\\\/?p=990\",\"url\":\"https:\\\/\\\/blog.erm.ee\\\/?p=990\",\"name\":\"Lapates uusaastakaarte - Eesti Rahva Muuseumi ajaveeb\",\"isPartOf\":{\"@id\":\"https:\\\/\\\/blog.erm.ee\\\/#website\"},\"primaryImageOfPage\":{\"@id\":\"https:\\\/\\\/blog.erm.ee\\\/?p=990#primaryimage\"},\"image\":{\"@id\":\"https:\\\/\\\/blog.erm.ee\\\/?p=990#primaryimage\"},\"thumbnailUrl\":\"https:\\\/\\\/blog.erm.ee\\\/wp-content\\\/uploads\\\/2012\\\/12\\\/aa0109.jpg\",\"datePublished\":\"2012-12-14T04:17:01+00:00\",\"dateModified\":\"2013-10-07T13:05:49+00:00\",\"author\":{\"@id\":\"https:\\\/\\\/blog.erm.ee\\\/#\\\/schema\\\/person\\\/6e98c391cb00a33e7c22a3571e062114\"},\"breadcrumb\":{\"@id\":\"https:\\\/\\\/blog.erm.ee\\\/?p=990#breadcrumb\"},\"inLanguage\":\"et\",\"potentialAction\":[{\"@type\":\"ReadAction\",\"target\":[\"https:\\\/\\\/blog.erm.ee\\\/?p=990\"]}]},{\"@type\":\"ImageObject\",\"inLanguage\":\"et\",\"@id\":\"https:\\\/\\\/blog.erm.ee\\\/?p=990#primaryimage\",\"url\":\"https:\\\/\\\/blog.erm.ee\\\/wp-content\\\/uploads\\\/2012\\\/12\\\/aa0109.jpg\",\"contentUrl\":\"https:\\\/\\\/blog.erm.ee\\\/wp-content\\\/uploads\\\/2012\\\/12\\\/aa0109.jpg\",\"width\":1024,\"height\":724},{\"@type\":\"BreadcrumbList\",\"@id\":\"https:\\\/\\\/blog.erm.ee\\\/?p=990#breadcrumb\",\"itemListElement\":[{\"@type\":\"ListItem\",\"position\":1,\"name\":\"Home\",\"item\":\"https:\\\/\\\/blog.erm.ee\\\/\"},{\"@type\":\"ListItem\",\"position\":2,\"name\":\"Lapates uusaastakaarte\"}]},{\"@type\":\"WebSite\",\"@id\":\"https:\\\/\\\/blog.erm.ee\\\/#website\",\"url\":\"https:\\\/\\\/blog.erm.ee\\\/\",\"name\":\"Eesti Rahva Muuseumi ajaveeb\",\"description\":\"\",\"potentialAction\":[{\"@type\":\"SearchAction\",\"target\":{\"@type\":\"EntryPoint\",\"urlTemplate\":\"https:\\\/\\\/blog.erm.ee\\\/?s={search_term_string}\"},\"query-input\":{\"@type\":\"PropertyValueSpecification\",\"valueRequired\":true,\"valueName\":\"search_term_string\"}}],\"inLanguage\":\"et\"},{\"@type\":\"Person\",\"@id\":\"https:\\\/\\\/blog.erm.ee\\\/#\\\/schema\\\/person\\\/6e98c391cb00a33e7c22a3571e062114\",\"name\":\"Eesti Rahva Muuseum\",\"image\":{\"@type\":\"ImageObject\",\"inLanguage\":\"et\",\"@id\":\"https:\\\/\\\/secure.gravatar.com\\\/avatar\\\/cb6d9ad5fb49f3f7315028ce5fe60641075f2cb52b8a058ff5a985fa2d8c1da0?s=96&d=mm&r=g\",\"url\":\"https:\\\/\\\/secure.gravatar.com\\\/avatar\\\/cb6d9ad5fb49f3f7315028ce5fe60641075f2cb52b8a058ff5a985fa2d8c1da0?s=96&d=mm&r=g\",\"contentUrl\":\"https:\\\/\\\/secure.gravatar.com\\\/avatar\\\/cb6d9ad5fb49f3f7315028ce5fe60641075f2cb52b8a058ff5a985fa2d8c1da0?s=96&d=mm&r=g\",\"caption\":\"Eesti Rahva Muuseum\"},\"sameAs\":[\"http:\\\/\\\/www.erm.ee\"],\"url\":\"https:\\\/\\\/blog.erm.ee\\\/?author=1\"}]}<\/script>\n<!-- \/ Yoast SEO plugin. -->","yoast_head_json":{"title":"Lapates uusaastakaarte  - Eesti Rahva Muuseumi ajaveeb","robots":{"index":"index","follow":"follow","max-snippet":"max-snippet:-1","max-image-preview":"max-image-preview:large","max-video-preview":"max-video-preview:-1"},"canonical":"https:\/\/blog.erm.ee\/?p=990","og_locale":"et_EE","og_type":"article","og_title":"Lapates uusaastakaarte  - Eesti Rahva Muuseumi ajaveeb","og_description":"Anu J\u00e4rs, teadur-kuraator Kas te plaanite sel aastal p\u00fchadekaarte saata? Kas saadate veel traditsioonilisi paberkaarte v\u00f5i olete elektroonilistele \u00f5nnitlustele \u00fcle l\u00e4inud? Nii v\u00f5i teisiti, praegu on paras aeg heita pilk vanadele postkaartidele. MUISist v\u00f5ib leida arvukalt j\u00f5ulu- ja uusaastakaarte, kuid silmapaistvaid kogusid, mis v\u00f5iksid v\u00f5istelda kollektsion\u00e4\u00e4ride omadega, muuseumidel ette n\u00e4idata ei ole. Selles vallas ei&hellip;","og_url":"https:\/\/blog.erm.ee\/?p=990","og_site_name":"Eesti Rahva Muuseumi ajaveeb","article_published_time":"2012-12-14T04:17:01+00:00","article_modified_time":"2013-10-07T13:05:49+00:00","og_image":[{"width":1024,"height":724,"url":"https:\/\/blog.erm.ee\/wp-content\/uploads\/2012\/12\/aa0109.jpg","type":"image\/jpeg"}],"author":"Eesti Rahva Muuseum","twitter_card":"summary_large_image","twitter_misc":{"Written by":"Eesti Rahva Muuseum","Est. reading time":"5 minutit"},"schema":{"@context":"https:\/\/schema.org","@graph":[{"@type":"Article","@id":"https:\/\/blog.erm.ee\/?p=990#article","isPartOf":{"@id":"https:\/\/blog.erm.ee\/?p=990"},"author":{"name":"Eesti Rahva Muuseum","@id":"https:\/\/blog.erm.ee\/#\/schema\/person\/6e98c391cb00a33e7c22a3571e062114"},"headline":"Lapates uusaastakaarte","datePublished":"2012-12-14T04:17:01+00:00","dateModified":"2013-10-07T13:05:49+00:00","mainEntityOfPage":{"@id":"https:\/\/blog.erm.ee\/?p=990"},"wordCount":1024,"commentCount":1,"image":{"@id":"https:\/\/blog.erm.ee\/?p=990#primaryimage"},"thumbnailUrl":"https:\/\/blog.erm.ee\/wp-content\/uploads\/2012\/12\/aa0109.jpg","articleSection":["Museaal"],"inLanguage":"et","potentialAction":[{"@type":"CommentAction","name":"Comment","target":["https:\/\/blog.erm.ee\/?p=990#respond"]}]},{"@type":"WebPage","@id":"https:\/\/blog.erm.ee\/?p=990","url":"https:\/\/blog.erm.ee\/?p=990","name":"Lapates uusaastakaarte - Eesti Rahva Muuseumi ajaveeb","isPartOf":{"@id":"https:\/\/blog.erm.ee\/#website"},"primaryImageOfPage":{"@id":"https:\/\/blog.erm.ee\/?p=990#primaryimage"},"image":{"@id":"https:\/\/blog.erm.ee\/?p=990#primaryimage"},"thumbnailUrl":"https:\/\/blog.erm.ee\/wp-content\/uploads\/2012\/12\/aa0109.jpg","datePublished":"2012-12-14T04:17:01+00:00","dateModified":"2013-10-07T13:05:49+00:00","author":{"@id":"https:\/\/blog.erm.ee\/#\/schema\/person\/6e98c391cb00a33e7c22a3571e062114"},"breadcrumb":{"@id":"https:\/\/blog.erm.ee\/?p=990#breadcrumb"},"inLanguage":"et","potentialAction":[{"@type":"ReadAction","target":["https:\/\/blog.erm.ee\/?p=990"]}]},{"@type":"ImageObject","inLanguage":"et","@id":"https:\/\/blog.erm.ee\/?p=990#primaryimage","url":"https:\/\/blog.erm.ee\/wp-content\/uploads\/2012\/12\/aa0109.jpg","contentUrl":"https:\/\/blog.erm.ee\/wp-content\/uploads\/2012\/12\/aa0109.jpg","width":1024,"height":724},{"@type":"BreadcrumbList","@id":"https:\/\/blog.erm.ee\/?p=990#breadcrumb","itemListElement":[{"@type":"ListItem","position":1,"name":"Home","item":"https:\/\/blog.erm.ee\/"},{"@type":"ListItem","position":2,"name":"Lapates uusaastakaarte"}]},{"@type":"WebSite","@id":"https:\/\/blog.erm.ee\/#website","url":"https:\/\/blog.erm.ee\/","name":"Eesti Rahva Muuseumi ajaveeb","description":"","potentialAction":[{"@type":"SearchAction","target":{"@type":"EntryPoint","urlTemplate":"https:\/\/blog.erm.ee\/?s={search_term_string}"},"query-input":{"@type":"PropertyValueSpecification","valueRequired":true,"valueName":"search_term_string"}}],"inLanguage":"et"},{"@type":"Person","@id":"https:\/\/blog.erm.ee\/#\/schema\/person\/6e98c391cb00a33e7c22a3571e062114","name":"Eesti Rahva Muuseum","image":{"@type":"ImageObject","inLanguage":"et","@id":"https:\/\/secure.gravatar.com\/avatar\/cb6d9ad5fb49f3f7315028ce5fe60641075f2cb52b8a058ff5a985fa2d8c1da0?s=96&d=mm&r=g","url":"https:\/\/secure.gravatar.com\/avatar\/cb6d9ad5fb49f3f7315028ce5fe60641075f2cb52b8a058ff5a985fa2d8c1da0?s=96&d=mm&r=g","contentUrl":"https:\/\/secure.gravatar.com\/avatar\/cb6d9ad5fb49f3f7315028ce5fe60641075f2cb52b8a058ff5a985fa2d8c1da0?s=96&d=mm&r=g","caption":"Eesti Rahva Muuseum"},"sameAs":["http:\/\/www.erm.ee"],"url":"https:\/\/blog.erm.ee\/?author=1"}]}},"jetpack_featured_media_url":"https:\/\/blog.erm.ee\/wp-content\/uploads\/2012\/12\/aa0109.jpg","jetpack_shortlink":"https:\/\/wp.me\/p2l9Zd-fY","jetpack_sharing_enabled":true,"jetpack_likes_enabled":true,"_links":{"self":[{"href":"https:\/\/blog.erm.ee\/index.php?rest_route=\/wp\/v2\/posts\/990","targetHints":{"allow":["GET"]}}],"collection":[{"href":"https:\/\/blog.erm.ee\/index.php?rest_route=\/wp\/v2\/posts"}],"about":[{"href":"https:\/\/blog.erm.ee\/index.php?rest_route=\/wp\/v2\/types\/post"}],"author":[{"embeddable":true,"href":"https:\/\/blog.erm.ee\/index.php?rest_route=\/wp\/v2\/users\/1"}],"replies":[{"embeddable":true,"href":"https:\/\/blog.erm.ee\/index.php?rest_route=%2Fwp%2Fv2%2Fcomments&post=990"}],"version-history":[{"count":11,"href":"https:\/\/blog.erm.ee\/index.php?rest_route=\/wp\/v2\/posts\/990\/revisions"}],"predecessor-version":[{"id":2910,"href":"https:\/\/blog.erm.ee\/index.php?rest_route=\/wp\/v2\/posts\/990\/revisions\/2910"}],"wp:featuredmedia":[{"embeddable":true,"href":"https:\/\/blog.erm.ee\/index.php?rest_route=\/wp\/v2\/media\/994"}],"wp:attachment":[{"href":"https:\/\/blog.erm.ee\/index.php?rest_route=%2Fwp%2Fv2%2Fmedia&parent=990"}],"wp:term":[{"taxonomy":"category","embeddable":true,"href":"https:\/\/blog.erm.ee\/index.php?rest_route=%2Fwp%2Fv2%2Fcategories&post=990"},{"taxonomy":"post_tag","embeddable":true,"href":"https:\/\/blog.erm.ee\/index.php?rest_route=%2Fwp%2Fv2%2Ftags&post=990"}],"curies":[{"name":"wp","href":"https:\/\/api.w.org\/{rel}","templated":true}]}}