{"id":9789,"date":"2017-04-13T06:15:23","date_gmt":"2017-04-13T03:15:23","guid":{"rendered":"http:\/\/blog.erm.ee\/?p=9789"},"modified":"2017-04-13T10:24:52","modified_gmt":"2017-04-13T07:24:52","slug":"palju-onne-eesti-rahva-muuseum","status":"publish","type":"post","link":"https:\/\/blog.erm.ee\/?p=9789","title":{"rendered":"Palju \u00f5nne, Eesti Rahva Muuseum!"},"content":{"rendered":"<div class=\"fcbkbttn_buttons_block\" id=\"fcbkbttn_left\"><div class=\"fcbkbttn_like \"><fb:like href=\"https:\/\/blog.erm.ee\/?p=9789\" action=\"like\" colorscheme=\"light\" layout=\"standard\"  width=\"225px\" size=\"small\"><\/fb:like><\/div><div class=\"fb-share-button  \" data-href=\"https:\/\/blog.erm.ee\/?p=9789\" data-type=\"button\" data-size=\"small\"><\/div><\/div><p><em>Marleen Metslaid, teadur<\/em><\/p>\n<p>Eesti Rahva Muuseum saab 14. aprillil 108-aastaseks. See on esimene s\u00fcnnip\u00e4ev, mida muuseum saab pidada uues majas, uues kodus. Seekord ei t\u00e4histata seda kuigi suurejooneliselt, muuseumi uksed on sel p\u00e4eval lausa suure reede t\u00f5ttu k\u00fclastajatele suletud, kuid eks kahe aasta p\u00e4rast siis seda v\u00f5imsamalt!<\/p>\n<p>S\u00fcnnip\u00e4evajuttu kirjutama asudes m\u00f5tisklesin selle \u00fcle, et kuigi uues kodus, on ERM ju saanud tegelikult tagasi Raadile \u2013 siia, kus ta avas m\u00f5isahoones k\u00fclastajatele uksed peaaegu 94 aastat tagasi (13. mail 1923). Sedagi nimetati tollal \u201eoma kodu\u201c saamiseks, millele arheoloogiaprofessor A. M. Tallgren poeetilist v\u00e4rvingut juurde lisas: \u201eKodu on koht, kus mind tuntakse ja armastatakse ja kus on t\u00fckk minust enesest. Muuseum on seda kollektiivses m\u00f5ttes.\u201c (Tallgren 1923.)<\/p>\n<p>Hiljem on \u00fcks k\u00fclastaja meenutanud muuseumis k\u00e4iku Raadil j\u00e4rgmiselt: \u201e\u00dcldmulje oli ka see, et enamus v\u00e4ljapanekuid oli otsekui minu kodust toodud. S\u00fcndisin ju 1923. a. v\u00e4ga vanas talumajas ja elasin seal kuni 1943. a. \u00dcldse oli minu lapsep\u00f5lves k\u00f5ik v\u00e4ga vana ja algeline.\u201c (Lembit Saulep, KV 818: 204)<\/p>\n<p><a href=\"https:\/\/blog.erm.ee\/wp-content\/uploads\/2017\/04\/062106_ERM_Fk_2896_518_01.jpg\"><img loading=\"lazy\" decoding=\"async\" data-attachment-id=\"9794\" data-permalink=\"https:\/\/blog.erm.ee\/?attachment_id=9794#main\" data-orig-file=\"https:\/\/blog.erm.ee\/wp-content\/uploads\/2017\/04\/062106_ERM_Fk_2896_518_01.jpg\" data-orig-size=\"1200,831\" data-comments-opened=\"1\" data-image-meta=\"{&quot;aperture&quot;:&quot;0&quot;,&quot;credit&quot;:&quot;&quot;,&quot;camera&quot;:&quot;&quot;,&quot;caption&quot;:&quot;&quot;,&quot;created_timestamp&quot;:&quot;0&quot;,&quot;copyright&quot;:&quot;&quot;,&quot;focal_length&quot;:&quot;0&quot;,&quot;iso&quot;:&quot;0&quot;,&quot;shutter_speed&quot;:&quot;0&quot;,&quot;title&quot;:&quot;&quot;,&quot;orientation&quot;:&quot;0&quot;}\" data-image-title=\"062106_ERM_Fk_2896_518_01\" data-image-description=\"\" data-image-caption=\"\" data-large-file=\"https:\/\/blog.erm.ee\/wp-content\/uploads\/2017\/04\/062106_ERM_Fk_2896_518_01-1024x709.jpg\" class=\"alignnone size-full wp-image-9794\" src=\"https:\/\/blog.erm.ee\/wp-content\/uploads\/2017\/04\/062106_ERM_Fk_2896_518_01.jpg\" alt=\"\" width=\"1200\" height=\"831\" srcset=\"https:\/\/blog.erm.ee\/wp-content\/uploads\/2017\/04\/062106_ERM_Fk_2896_518_01.jpg 1200w, https:\/\/blog.erm.ee\/wp-content\/uploads\/2017\/04\/062106_ERM_Fk_2896_518_01-375x260.jpg 375w, https:\/\/blog.erm.ee\/wp-content\/uploads\/2017\/04\/062106_ERM_Fk_2896_518_01-300x208.jpg 300w, https:\/\/blog.erm.ee\/wp-content\/uploads\/2017\/04\/062106_ERM_Fk_2896_518_01-768x532.jpg 768w, https:\/\/blog.erm.ee\/wp-content\/uploads\/2017\/04\/062106_ERM_Fk_2896_518_01-1024x709.jpg 1024w\" sizes=\"auto, (max-width: 1200px) 100vw, 1200px\" \/><\/a><em>Foto: Tootsen 1936. R\u00f5uge maanaiste ekskursioon Raadi m\u00f5isas, grupipilt muuseumi juures. ERM Fk 2896:518<\/em><\/p>\n<p>Teine k\u00fclastaja on meenutanud: \u201eNeiuna, 1931. a. olles Raadi m\u00f5isas praktikal, \u00f5nnestus mul k\u00fclastada seda imep\u00e4rast ja hingej\u00e4\u00e4nud kultuuri templit. Olin uhke, et nende seinte vahel on tallel ka minu s\u00fcnnik\u00fcla saamislood.\u201c (Leida Rohtla, KV 819: 72-73).<\/p>\n<p>Kui Teise maailmas\u00f5ja keeristes \u201eoma kodust\u201c ilma j\u00e4\u00e4di, ei unustatud seda p\u00e4randit ja selle t\u00e4htsust Eesti kultuurile ka okupatsiooni- ja pagulasaastatel. Eerik Laid kirjutas Rootsis paguluses olles muuseumi 50. s\u00fcnnip\u00e4eva puhul lootusrikkalt: \u201eEnnem usume uude vabasse rahvuslikku loomingusse uuesti vabaneval kodumaal. Siis hakkab ka varasemate p\u00f5lvede vaimuvara meile j\u00e4lle k\u00f5nelema oma p\u00f5lise, individualistliku rahvaomase keele ja meelega.\u201c (Laid 1959). N\u00f5ukogude Eestis m\u00e4rkis muuseumi 50. aastap\u00e4eva t\u00e4histamine uuestis\u00fcndi, s\u00f5jaj\u00e4rgsete raskete aastate \u00fcletamist. Iseseisvat Eestit ja uut maja tuli aga veel aastak\u00fcmneid oodata.<\/p>\n<p>Kodu ja koduse tunde teema l\u00f5petuseks avaldan lootust, et ka praegune k\u00fclastaja leiab ERMi v\u00e4ljapanekutest midagi kodust ja \u00e4ratuntavat ning m\u00f5tlemapanevat, mis tekitab vajaduse siia \u00fcha uuesti tagasi tulla.<\/p>\n<p>Raadi lossis (nagu seda harilikult kutsuti) asunud muuseumi kohta arhiivimaterjale lapates v\u00f5ib sattuda faktidele, mis panevad muigama \u2013 kas t\u00f5esti pole 100 aasta jooksul midagi muutunud!<\/p>\n<p>Kui ERMi juhatus hakkas 1921. aastal konkreetsemalt r\u00e4\u00e4kima Raadi m\u00f5isahoone sobivusest muuseumi tegevuseks, siis toodi positiivsete joontena v\u00e4lja keskk\u00fctte olemasolu, v\u00e4ikest tulekardetavust ja ainult sanitaarremondi vajadust. Negatiivse poole pealt mainiti aga kaugust kesklinnast, kuid arvati, et \u201esiin aitaks tulevikus elektri raudtee h\u00e4dast v\u00e4lja, soojal ajal kevadel ja suvel aga oleks Raadim\u00f5isa park ja sellega \u00fchenduses muuseum just linnarahva juuremeelitajaks\u201c. (Protokoll 14. m\u00e4rts 1921)<\/p>\n<p><a href=\"https:\/\/blog.erm.ee\/wp-content\/uploads\/2017\/04\/314862_ERM_Fk_810_3_02.jpg\"><img loading=\"lazy\" decoding=\"async\" data-attachment-id=\"9795\" data-permalink=\"https:\/\/blog.erm.ee\/?attachment_id=9795#main\" data-orig-file=\"https:\/\/blog.erm.ee\/wp-content\/uploads\/2017\/04\/314862_ERM_Fk_810_3_02.jpg\" data-orig-size=\"1200,993\" data-comments-opened=\"1\" data-image-meta=\"{&quot;aperture&quot;:&quot;0&quot;,&quot;credit&quot;:&quot;&quot;,&quot;camera&quot;:&quot;&quot;,&quot;caption&quot;:&quot;&quot;,&quot;created_timestamp&quot;:&quot;0&quot;,&quot;copyright&quot;:&quot;Merylin Suve&quot;,&quot;focal_length&quot;:&quot;0&quot;,&quot;iso&quot;:&quot;0&quot;,&quot;shutter_speed&quot;:&quot;0&quot;,&quot;title&quot;:&quot;&quot;,&quot;orientation&quot;:&quot;0&quot;}\" data-image-title=\"314862_ERM_Fk_810_3_02\" data-image-description=\"\" data-image-caption=\"\" data-large-file=\"https:\/\/blog.erm.ee\/wp-content\/uploads\/2017\/04\/314862_ERM_Fk_810_3_02-1024x847.jpg\" class=\"alignnone size-full wp-image-9795\" src=\"https:\/\/blog.erm.ee\/wp-content\/uploads\/2017\/04\/314862_ERM_Fk_810_3_02.jpg\" alt=\"\" width=\"1200\" height=\"993\" srcset=\"https:\/\/blog.erm.ee\/wp-content\/uploads\/2017\/04\/314862_ERM_Fk_810_3_02.jpg 1200w, https:\/\/blog.erm.ee\/wp-content\/uploads\/2017\/04\/314862_ERM_Fk_810_3_02-314x260.jpg 314w, https:\/\/blog.erm.ee\/wp-content\/uploads\/2017\/04\/314862_ERM_Fk_810_3_02-300x248.jpg 300w, https:\/\/blog.erm.ee\/wp-content\/uploads\/2017\/04\/314862_ERM_Fk_810_3_02-768x636.jpg 768w, https:\/\/blog.erm.ee\/wp-content\/uploads\/2017\/04\/314862_ERM_Fk_810_3_02-1024x847.jpg 1024w\" sizes=\"auto, (max-width: 1200px) 100vw, 1200px\" \/><\/a><em>Foto: Marta Kool 1937. Esemete kataloogimistuba Raadil. ERM Fk 810:3<\/em><\/p>\n<p>Teatavasti trammiliiklust Raadile s\u00f5dadevahelise ajal (ega hiljemgi) ei s\u00fcndinud. Nii kirjutati 1920. aastatel hoopis bussi\u00fchenduse parandamise vajadusest: \u201eKahjuks on aga senistest eeln\u00f5udest v\u00e4lja j\u00e4\u00e4nud omnibuse liini pikendamine Peetri kiriku juurest Raadi m\u00f5isani. Nagu E. R. Muuseum linnavalitsusele saadetud kirjas seletab, oleks soovitav omnibuse \u00fchendust linna ja Raadi vahel pidada 15. maist kuni 15. sept. iga p\u00e4ev peale esmasp\u00e4evade kl. \u00bd 12 \u2013 \u00bd 3 ja 15. sept. kuni 15. maini igal p\u00fchap\u00e4eval, kolmap\u00e4eval ja reedel kl. 11-2. Peale selle oleks Muuseumi kui ka \u00fclikooli personali huvides, kes Raadil asuvad, et omnibus iga p\u00e4ev kl. 8-10 vahel k\u00e4iks sama vahet. Liikumise alalhoidmiseks oleks esialgu k\u00fcllalt, kui \u00fcks omnibuss kindlatel aegadel iga poole tunni tagant seda teed k\u00e4iks. Eriti Muuseumi vaatajatele oleks omnibuse k\u00e4imapanek v\u00e4ga t\u00e4htis, sest pika maa t\u00f5ttu j\u00e4tab nii m\u00f5nigi Muuseumis k\u00e4imata korraliku liikumisvahendi puudumisel. Muuseumi vaatajate arv on j\u00e4rjest t\u00f5usmas ja see t\u00f5useks veelgi korraliku, reeglip\u00e4rase \u00fchenduse sisseseadmisel.\u201c (Postimees, 25. september 1926).<\/p>\n<p><a href=\"https:\/\/blog.erm.ee\/wp-content\/uploads\/2017\/04\/339062_ERM_Fk_2966_148_04.jpg\"><img loading=\"lazy\" decoding=\"async\" data-attachment-id=\"9796\" data-permalink=\"https:\/\/blog.erm.ee\/?attachment_id=9796#main\" data-orig-file=\"https:\/\/blog.erm.ee\/wp-content\/uploads\/2017\/04\/339062_ERM_Fk_2966_148_04.jpg\" data-orig-size=\"1200,738\" data-comments-opened=\"1\" data-image-meta=\"{&quot;aperture&quot;:&quot;0&quot;,&quot;credit&quot;:&quot;&quot;,&quot;camera&quot;:&quot;&quot;,&quot;caption&quot;:&quot;&quot;,&quot;created_timestamp&quot;:&quot;0&quot;,&quot;copyright&quot;:&quot;&quot;,&quot;focal_length&quot;:&quot;0&quot;,&quot;iso&quot;:&quot;0&quot;,&quot;shutter_speed&quot;:&quot;0&quot;,&quot;title&quot;:&quot;&quot;,&quot;orientation&quot;:&quot;0&quot;}\" data-image-title=\"339062_ERM_Fk_2966_148_04\" data-image-description=\"\" data-image-caption=\"\" data-large-file=\"https:\/\/blog.erm.ee\/wp-content\/uploads\/2017\/04\/339062_ERM_Fk_2966_148_04-1024x630.jpg\" class=\"alignnone size-full wp-image-9796\" src=\"https:\/\/blog.erm.ee\/wp-content\/uploads\/2017\/04\/339062_ERM_Fk_2966_148_04.jpg\" alt=\"\" width=\"1200\" height=\"738\" srcset=\"https:\/\/blog.erm.ee\/wp-content\/uploads\/2017\/04\/339062_ERM_Fk_2966_148_04.jpg 1200w, https:\/\/blog.erm.ee\/wp-content\/uploads\/2017\/04\/339062_ERM_Fk_2966_148_04-423x260.jpg 423w, https:\/\/blog.erm.ee\/wp-content\/uploads\/2017\/04\/339062_ERM_Fk_2966_148_04-300x185.jpg 300w, https:\/\/blog.erm.ee\/wp-content\/uploads\/2017\/04\/339062_ERM_Fk_2966_148_04-768x472.jpg 768w, https:\/\/blog.erm.ee\/wp-content\/uploads\/2017\/04\/339062_ERM_Fk_2966_148_04-1024x630.jpg 1024w\" sizes=\"auto, (max-width: 1200px) 100vw, 1200px\" \/><\/a><em>Tartu, Vabadussild. \u201e 1926. aasta alguseks sai valmis uus sild &#8211;\u00a0 Vabadussild, mis kandis ka autoliiklust. Siitkaudu liikus Tartu tihedaim bussiliin raudteejaama ja Peetri kiriku (hiljem Raadi lossi) vahel.\u201c (<\/em><span class=\"_5yl5\">Aare Olander &#8220;Tartu kadunud vaated&#8221; 2013 lk 267). <\/span><em>ERM Fk 2966:148<\/em><\/p>\n<p>Ma ei tea, kuidas bussi\u00fchenduse k\u00fcsimus muuseumi ja Tartu kesklinna vahel tookord lahendati, k\u00fcll aga oli ERM 1930. aastatel oma k\u00fclastajate arvuga v\u00e4ga rahul. Ajakirjanduses ilmus tihti \u00fclevaateid selle kohta, kui palju inimesi on n\u00e4dalas, kuus v\u00f5i aasta jooksul ERMis k\u00e4inud; kui palju neist on koduseid ja kui palju v\u00e4lismaalasi. 1930. aastal k\u00fclastas suvisel poolaastal muuseumi peaaegu 11\u00a0000 inimest, aasta varem oli see number 2700 v\u00f5rra v\u00e4iksem (Postimees, 26. oktoober 1930). 1936. aastal k\u00fclastas muuseumi \u00fcle 18\u00a0000 inimese, nendest 2000 v\u00e4lismaalast (Postimees, 20. aprill 1937). Taoline k\u00fclastatavus j\u00e4tkus aastak\u00fcmne l\u00f5puni.<\/p>\n<p><a href=\"https:\/\/blog.erm.ee\/wp-content\/uploads\/2017\/04\/324504_ERM_Fk_2955_342_03.jpg\"><img loading=\"lazy\" decoding=\"async\" data-attachment-id=\"9797\" data-permalink=\"https:\/\/blog.erm.ee\/?attachment_id=9797#main\" data-orig-file=\"https:\/\/blog.erm.ee\/wp-content\/uploads\/2017\/04\/324504_ERM_Fk_2955_342_03.jpg\" data-orig-size=\"1200,747\" data-comments-opened=\"1\" data-image-meta=\"{&quot;aperture&quot;:&quot;0&quot;,&quot;credit&quot;:&quot;&quot;,&quot;camera&quot;:&quot;&quot;,&quot;caption&quot;:&quot;&quot;,&quot;created_timestamp&quot;:&quot;0&quot;,&quot;copyright&quot;:&quot;Arp Karm&quot;,&quot;focal_length&quot;:&quot;0&quot;,&quot;iso&quot;:&quot;0&quot;,&quot;shutter_speed&quot;:&quot;0&quot;,&quot;title&quot;:&quot;&quot;,&quot;orientation&quot;:&quot;0&quot;}\" data-image-title=\"324504_ERM_Fk_2955_342_03\" data-image-description=\"\" data-image-caption=\"\" data-large-file=\"https:\/\/blog.erm.ee\/wp-content\/uploads\/2017\/04\/324504_ERM_Fk_2955_342_03-1024x637.jpg\" class=\"alignnone size-full wp-image-9797\" src=\"https:\/\/blog.erm.ee\/wp-content\/uploads\/2017\/04\/324504_ERM_Fk_2955_342_03.jpg\" alt=\"\" width=\"1200\" height=\"747\" srcset=\"https:\/\/blog.erm.ee\/wp-content\/uploads\/2017\/04\/324504_ERM_Fk_2955_342_03.jpg 1200w, https:\/\/blog.erm.ee\/wp-content\/uploads\/2017\/04\/324504_ERM_Fk_2955_342_03-418x260.jpg 418w, https:\/\/blog.erm.ee\/wp-content\/uploads\/2017\/04\/324504_ERM_Fk_2955_342_03-300x187.jpg 300w, https:\/\/blog.erm.ee\/wp-content\/uploads\/2017\/04\/324504_ERM_Fk_2955_342_03-768x478.jpg 768w, https:\/\/blog.erm.ee\/wp-content\/uploads\/2017\/04\/324504_ERM_Fk_2955_342_03-1024x637.jpg 1024w\" sizes=\"auto, (max-width: 1200px) 100vw, 1200px\" \/><\/a><em>Foto: Elmar Einasto. Tartu 5. algkool ekskursioonil, Raadi tiigi kallastel. ERM Fk 2955:342<\/em><\/p>\n<p>1934. aastal j\u00f5uti ERMis ka nn muuseumijuhtide instituudi asutamiseni, mille t\u00e4nap\u00e4evaseks vasteks on muuseumiv\u00e4liste giidide v\u00f5rgustik.<\/p>\n<p>\u201eUus elukutse \u2013 muuseumi tutvustajad. Alates 1. juunist on Eesti Rahva Muuseumis eriliselt ettevalmistatud juhid, kes vastava tasu eest \u2013 1 kr. tund \u2013 annavad muuseumik\u00fclastajatele suus\u00f5nalisi seletusi muuseumis v\u00e4ljapandud asjade kohta. Seesugust seletuseandmist pole kasutanud mitte ainult ekskurs., kellele nad peamiselt olid m\u00f5eldudki, vaid ka mitmed \u00fcksikisikud, muuseas ka v\u00e4listuristid. 1. juunist kuni 27. juulini on juhatajaid ja seletajaid n\u00f5utud ning antud kokku 90 korda. \/\u2026\/<\/p>\n<p>Kui kaua aega n\u00f5uab muuseumi k\u00fclastamine.<\/p>\n<p>Harilikult j\u00f5uavad k\u00fclastajad muuseumi tunni aja kestes, olgugi pealiskaudselt l\u00e4bi vaadata. Siiski on olnud juhtumeid, kus on n\u00f5utud p\u00f5hjalikumaid seletuseandmisi, mis on kestnud isegi \u00fcle kahe tunni. On ju muuseumi kogusid \u00fcle 30 saali, \u2013 siis pole ka seegi aeg pikk neile, kes asjast rohkem huvitatud.<\/p>\n<p>Sise- ja v\u00e4lismaa mitteturistidele, vaid eriliste \u00fclesannetega Eestis viibivatele teadlastele, kunstnikele, diplomaatidele jne. \u2013 on muuseumi kogude avamisest saadik seletusi antud n\u00f5utavais v\u00f5\u00f5rkeelis muuseumi personaali poolt. Kogu selle aja kestes prantsuse keele tarvitamine on olnud esikohal, sest \u00fckski prantsuse kunstnik v\u00f5i teadlane, kes on peatunud Tartus, pole j\u00e4tnud k\u00fclastamata ka Eesti Rahva Muuseumi. Peale prantslaste eneste on tarvitanud prantsuse keelt enamasti k\u00f5ik l\u00f5una-eurooplased ja ka inglased. Saksa keelt peale sakslaste eneste on tarvitatud l\u00e4bik\u00e4imiskeeleks skandinaavlastega. Poola, Leedu ja L\u00e4ti noorem teadusemeeste p\u00f5lv eelistab vene keelt saksa ja prantsuse keelest. Ka soome keele tarvitamine on olnud k\u00fcllalt suur. Inglisekeelset juhatust on n\u00f5utud ja antud muuseumi tegevuse seitsme ja poole aasta kestes ainult 3 korda \u2013 2 korda ameeriklastele ja 1 kord inglastele.\u201c (Postimees, 29. juuli 1934).<\/p>\n<p>Keeleline aspekt on t\u00e4nap\u00e4evaks arvatavasti v\u00e4gagi muutunud ning inglise keele osakaal giidituurides kordi t\u00f5usnud.<\/p>\n<p>Allikad:<\/p>\n<p><em>Tallgren, A. M. 1923. Eesti muuseum ja soome-ugri teaduse alad. \u2013 Odamees, nr 249, 27. okt, 5.<\/em><\/p>\n<p><em>\u00dchendus muuseumi ja linna vahel. \u2013 Postimees, 25. sept 1926.\u00a0<\/em><\/p>\n<p><em>Uus amet \u2013 muuseumi tutvustajad. (30. mail \u201934 teatati muuseumi hoolekogu koosolekult, et seatakse sisse muuseumijuhtide instituut, kus ekskursioonid ja teised k\u00fclastajad v\u00f5ivad palgata omale asjatundja, kes annab seletust muuseumis v\u00e4ljapandud asjade kohta. \u2013 Postimees, 29. juuli 1934.<\/em><\/p>\n<p><em>1350 vaatajat \u00fchel p\u00e4eval \u2013 laulupeo p\u00fchap\u00e4ev; poolaastal olnud k\u00fclastajaid 10\u00a0944, nendest 1011 v\u00e4lismaalast. Eelmisel aastal samal ajal oli 8190 k\u00fclastajat. \u2013 Postimees, 26. oktoober 1930.<\/em><\/p>\n<p><em>M\u00f6\u00f6dunud aastal (st aprill 1936 \u2013 aprill 1937) olnud 18\u00a0225 \u00fcksikk\u00fclastajat ja 348 ekskursiooni. Nendest 2007 v\u00e4lismaalast. Tasulist seletuseandmist k\u00fcsiti 137 korral (eelmisel aastal 156 korral). \u2013 Postimees, 20.04.1937.<\/em><\/p>\n<p><em>Muuseumi k\u00fclastas aasta jooksul 18\u00a0989 inimest. \u2013 Postimees, 8. mai 1938.<\/em><\/p>\n<p><em>Muuseumi k\u00fclastas aasta jooksul 18\u00a0406 inimest. \u2013 Postimees, 19. aprill 1939.<\/em><\/p>\n<div class=\"fcbkbttn_buttons_block\" id=\"fcbkbttn_left\"><div class=\"fcbkbttn_like \"><fb:like href=\"https:\/\/blog.erm.ee\/?p=9789\" action=\"like\" colorscheme=\"light\" layout=\"standard\"  width=\"225px\" size=\"small\"><\/fb:like><\/div><div class=\"fb-share-button  \" data-href=\"https:\/\/blog.erm.ee\/?p=9789\" data-type=\"button\" data-size=\"small\"><\/div><\/div>","protected":false},"excerpt":{"rendered":"<p>Marleen Metslaid, teadur Eesti Rahva Muuseum saab 14. aprillil 108-aastaseks. See on esimene s\u00fcnnip\u00e4ev, mida muuseum saab pidada uues majas, uues kodus. Seekord ei t\u00e4histata seda kuigi suurejooneliselt, muuseumi uksed on sel p\u00e4eval lausa suure reede t\u00f5ttu k\u00fclastajatele suletud, kuid eks kahe aasta p\u00e4rast siis seda v\u00f5imsamalt! S\u00fcnnip\u00e4evajuttu kirjutama asudes m\u00f5tisklesin selle \u00fcle, et kuigi&hellip;<\/p>\n","protected":false},"author":1,"featured_media":9795,"comment_status":"open","ping_status":"open","sticky":false,"template":"","format":"standard","meta":{"_monsterinsights_skip_tracking":false,"_monsterinsights_sitenote_active":false,"_monsterinsights_sitenote_note":"","_monsterinsights_sitenote_category":0,"jetpack_post_was_ever_published":false,"_jetpack_newsletter_access":"","_jetpack_dont_email_post_to_subs":false,"_jetpack_newsletter_tier_id":0,"_jetpack_memberships_contains_paywalled_content":false,"_jetpack_memberships_contains_paid_content":false,"footnotes":""},"categories":[10],"tags":[],"class_list":["post-9789","post","type-post","status-publish","format-standard","has-post-thumbnail","hentry","category-teadus"],"yoast_head":"<!-- This site is optimized with the Yoast SEO plugin v27.5 - https:\/\/yoast.com\/product\/yoast-seo-wordpress\/ -->\n<title>Palju \u00f5nne, Eesti Rahva Muuseum! - Eesti Rahva Muuseumi ajaveeb<\/title>\n<meta name=\"robots\" content=\"index, follow, max-snippet:-1, max-image-preview:large, max-video-preview:-1\" \/>\n<link rel=\"canonical\" href=\"https:\/\/blog.erm.ee\/?p=9789\" \/>\n<meta property=\"og:locale\" content=\"et_EE\" \/>\n<meta property=\"og:type\" content=\"article\" \/>\n<meta property=\"og:title\" content=\"Palju \u00f5nne, Eesti Rahva Muuseum! - Eesti Rahva Muuseumi ajaveeb\" \/>\n<meta property=\"og:description\" content=\"Marleen Metslaid, teadur Eesti Rahva Muuseum saab 14. aprillil 108-aastaseks. See on esimene s\u00fcnnip\u00e4ev, mida muuseum saab pidada uues majas, uues kodus. Seekord ei t\u00e4histata seda kuigi suurejooneliselt, muuseumi uksed on sel p\u00e4eval lausa suure reede t\u00f5ttu k\u00fclastajatele suletud, kuid eks kahe aasta p\u00e4rast siis seda v\u00f5imsamalt! S\u00fcnnip\u00e4evajuttu kirjutama asudes m\u00f5tisklesin selle \u00fcle, et kuigi&hellip;\" \/>\n<meta property=\"og:url\" content=\"https:\/\/blog.erm.ee\/?p=9789\" \/>\n<meta property=\"og:site_name\" content=\"Eesti Rahva Muuseumi ajaveeb\" \/>\n<meta property=\"article:published_time\" content=\"2017-04-13T03:15:23+00:00\" \/>\n<meta property=\"article:modified_time\" content=\"2017-04-13T07:24:52+00:00\" \/>\n<meta property=\"og:image\" content=\"https:\/\/blog.erm.ee\/wp-content\/uploads\/2017\/04\/314862_ERM_Fk_810_3_02.jpg\" \/>\n\t<meta property=\"og:image:width\" content=\"1200\" \/>\n\t<meta property=\"og:image:height\" content=\"993\" \/>\n\t<meta property=\"og:image:type\" content=\"image\/jpeg\" \/>\n<meta name=\"author\" content=\"Eesti Rahva Muuseum\" \/>\n<meta name=\"twitter:card\" content=\"summary_large_image\" \/>\n<meta name=\"twitter:label1\" content=\"Written by\" \/>\n\t<meta name=\"twitter:data1\" content=\"Eesti Rahva Muuseum\" \/>\n\t<meta name=\"twitter:label2\" content=\"Est. reading time\" \/>\n\t<meta name=\"twitter:data2\" content=\"6 minutit\" \/>\n<script type=\"application\/ld+json\" class=\"yoast-schema-graph\">{\"@context\":\"https:\\\/\\\/schema.org\",\"@graph\":[{\"@type\":\"Article\",\"@id\":\"https:\\\/\\\/blog.erm.ee\\\/?p=9789#article\",\"isPartOf\":{\"@id\":\"https:\\\/\\\/blog.erm.ee\\\/?p=9789\"},\"author\":{\"name\":\"Eesti Rahva Muuseum\",\"@id\":\"https:\\\/\\\/blog.erm.ee\\\/#\\\/schema\\\/person\\\/6e98c391cb00a33e7c22a3571e062114\"},\"headline\":\"Palju \u00f5nne, Eesti Rahva Muuseum!\",\"datePublished\":\"2017-04-13T03:15:23+00:00\",\"dateModified\":\"2017-04-13T07:24:52+00:00\",\"mainEntityOfPage\":{\"@id\":\"https:\\\/\\\/blog.erm.ee\\\/?p=9789\"},\"wordCount\":1192,\"commentCount\":0,\"image\":{\"@id\":\"https:\\\/\\\/blog.erm.ee\\\/?p=9789#primaryimage\"},\"thumbnailUrl\":\"https:\\\/\\\/blog.erm.ee\\\/wp-content\\\/uploads\\\/2017\\\/04\\\/314862_ERM_Fk_810_3_02.jpg\",\"articleSection\":[\"Teadus\"],\"inLanguage\":\"et\",\"potentialAction\":[{\"@type\":\"CommentAction\",\"name\":\"Comment\",\"target\":[\"https:\\\/\\\/blog.erm.ee\\\/?p=9789#respond\"]}]},{\"@type\":\"WebPage\",\"@id\":\"https:\\\/\\\/blog.erm.ee\\\/?p=9789\",\"url\":\"https:\\\/\\\/blog.erm.ee\\\/?p=9789\",\"name\":\"Palju \u00f5nne, Eesti Rahva Muuseum! - Eesti Rahva Muuseumi ajaveeb\",\"isPartOf\":{\"@id\":\"https:\\\/\\\/blog.erm.ee\\\/#website\"},\"primaryImageOfPage\":{\"@id\":\"https:\\\/\\\/blog.erm.ee\\\/?p=9789#primaryimage\"},\"image\":{\"@id\":\"https:\\\/\\\/blog.erm.ee\\\/?p=9789#primaryimage\"},\"thumbnailUrl\":\"https:\\\/\\\/blog.erm.ee\\\/wp-content\\\/uploads\\\/2017\\\/04\\\/314862_ERM_Fk_810_3_02.jpg\",\"datePublished\":\"2017-04-13T03:15:23+00:00\",\"dateModified\":\"2017-04-13T07:24:52+00:00\",\"author\":{\"@id\":\"https:\\\/\\\/blog.erm.ee\\\/#\\\/schema\\\/person\\\/6e98c391cb00a33e7c22a3571e062114\"},\"breadcrumb\":{\"@id\":\"https:\\\/\\\/blog.erm.ee\\\/?p=9789#breadcrumb\"},\"inLanguage\":\"et\",\"potentialAction\":[{\"@type\":\"ReadAction\",\"target\":[\"https:\\\/\\\/blog.erm.ee\\\/?p=9789\"]}]},{\"@type\":\"ImageObject\",\"inLanguage\":\"et\",\"@id\":\"https:\\\/\\\/blog.erm.ee\\\/?p=9789#primaryimage\",\"url\":\"https:\\\/\\\/blog.erm.ee\\\/wp-content\\\/uploads\\\/2017\\\/04\\\/314862_ERM_Fk_810_3_02.jpg\",\"contentUrl\":\"https:\\\/\\\/blog.erm.ee\\\/wp-content\\\/uploads\\\/2017\\\/04\\\/314862_ERM_Fk_810_3_02.jpg\",\"width\":1200,\"height\":993},{\"@type\":\"BreadcrumbList\",\"@id\":\"https:\\\/\\\/blog.erm.ee\\\/?p=9789#breadcrumb\",\"itemListElement\":[{\"@type\":\"ListItem\",\"position\":1,\"name\":\"Home\",\"item\":\"https:\\\/\\\/blog.erm.ee\\\/\"},{\"@type\":\"ListItem\",\"position\":2,\"name\":\"Palju \u00f5nne, Eesti Rahva Muuseum!\"}]},{\"@type\":\"WebSite\",\"@id\":\"https:\\\/\\\/blog.erm.ee\\\/#website\",\"url\":\"https:\\\/\\\/blog.erm.ee\\\/\",\"name\":\"Eesti Rahva Muuseumi ajaveeb\",\"description\":\"\",\"potentialAction\":[{\"@type\":\"SearchAction\",\"target\":{\"@type\":\"EntryPoint\",\"urlTemplate\":\"https:\\\/\\\/blog.erm.ee\\\/?s={search_term_string}\"},\"query-input\":{\"@type\":\"PropertyValueSpecification\",\"valueRequired\":true,\"valueName\":\"search_term_string\"}}],\"inLanguage\":\"et\"},{\"@type\":\"Person\",\"@id\":\"https:\\\/\\\/blog.erm.ee\\\/#\\\/schema\\\/person\\\/6e98c391cb00a33e7c22a3571e062114\",\"name\":\"Eesti Rahva Muuseum\",\"image\":{\"@type\":\"ImageObject\",\"inLanguage\":\"et\",\"@id\":\"https:\\\/\\\/secure.gravatar.com\\\/avatar\\\/cb6d9ad5fb49f3f7315028ce5fe60641075f2cb52b8a058ff5a985fa2d8c1da0?s=96&d=mm&r=g\",\"url\":\"https:\\\/\\\/secure.gravatar.com\\\/avatar\\\/cb6d9ad5fb49f3f7315028ce5fe60641075f2cb52b8a058ff5a985fa2d8c1da0?s=96&d=mm&r=g\",\"contentUrl\":\"https:\\\/\\\/secure.gravatar.com\\\/avatar\\\/cb6d9ad5fb49f3f7315028ce5fe60641075f2cb52b8a058ff5a985fa2d8c1da0?s=96&d=mm&r=g\",\"caption\":\"Eesti Rahva Muuseum\"},\"sameAs\":[\"http:\\\/\\\/www.erm.ee\"],\"url\":\"https:\\\/\\\/blog.erm.ee\\\/?author=1\"}]}<\/script>\n<!-- \/ Yoast SEO plugin. -->","yoast_head_json":{"title":"Palju \u00f5nne, Eesti Rahva Muuseum! - Eesti Rahva Muuseumi ajaveeb","robots":{"index":"index","follow":"follow","max-snippet":"max-snippet:-1","max-image-preview":"max-image-preview:large","max-video-preview":"max-video-preview:-1"},"canonical":"https:\/\/blog.erm.ee\/?p=9789","og_locale":"et_EE","og_type":"article","og_title":"Palju \u00f5nne, Eesti Rahva Muuseum! - Eesti Rahva Muuseumi ajaveeb","og_description":"Marleen Metslaid, teadur Eesti Rahva Muuseum saab 14. aprillil 108-aastaseks. See on esimene s\u00fcnnip\u00e4ev, mida muuseum saab pidada uues majas, uues kodus. Seekord ei t\u00e4histata seda kuigi suurejooneliselt, muuseumi uksed on sel p\u00e4eval lausa suure reede t\u00f5ttu k\u00fclastajatele suletud, kuid eks kahe aasta p\u00e4rast siis seda v\u00f5imsamalt! S\u00fcnnip\u00e4evajuttu kirjutama asudes m\u00f5tisklesin selle \u00fcle, et kuigi&hellip;","og_url":"https:\/\/blog.erm.ee\/?p=9789","og_site_name":"Eesti Rahva Muuseumi ajaveeb","article_published_time":"2017-04-13T03:15:23+00:00","article_modified_time":"2017-04-13T07:24:52+00:00","og_image":[{"width":1200,"height":993,"url":"https:\/\/blog.erm.ee\/wp-content\/uploads\/2017\/04\/314862_ERM_Fk_810_3_02.jpg","type":"image\/jpeg"}],"author":"Eesti Rahva Muuseum","twitter_card":"summary_large_image","twitter_misc":{"Written by":"Eesti Rahva Muuseum","Est. reading time":"6 minutit"},"schema":{"@context":"https:\/\/schema.org","@graph":[{"@type":"Article","@id":"https:\/\/blog.erm.ee\/?p=9789#article","isPartOf":{"@id":"https:\/\/blog.erm.ee\/?p=9789"},"author":{"name":"Eesti Rahva Muuseum","@id":"https:\/\/blog.erm.ee\/#\/schema\/person\/6e98c391cb00a33e7c22a3571e062114"},"headline":"Palju \u00f5nne, Eesti Rahva Muuseum!","datePublished":"2017-04-13T03:15:23+00:00","dateModified":"2017-04-13T07:24:52+00:00","mainEntityOfPage":{"@id":"https:\/\/blog.erm.ee\/?p=9789"},"wordCount":1192,"commentCount":0,"image":{"@id":"https:\/\/blog.erm.ee\/?p=9789#primaryimage"},"thumbnailUrl":"https:\/\/blog.erm.ee\/wp-content\/uploads\/2017\/04\/314862_ERM_Fk_810_3_02.jpg","articleSection":["Teadus"],"inLanguage":"et","potentialAction":[{"@type":"CommentAction","name":"Comment","target":["https:\/\/blog.erm.ee\/?p=9789#respond"]}]},{"@type":"WebPage","@id":"https:\/\/blog.erm.ee\/?p=9789","url":"https:\/\/blog.erm.ee\/?p=9789","name":"Palju \u00f5nne, Eesti Rahva Muuseum! - Eesti Rahva Muuseumi ajaveeb","isPartOf":{"@id":"https:\/\/blog.erm.ee\/#website"},"primaryImageOfPage":{"@id":"https:\/\/blog.erm.ee\/?p=9789#primaryimage"},"image":{"@id":"https:\/\/blog.erm.ee\/?p=9789#primaryimage"},"thumbnailUrl":"https:\/\/blog.erm.ee\/wp-content\/uploads\/2017\/04\/314862_ERM_Fk_810_3_02.jpg","datePublished":"2017-04-13T03:15:23+00:00","dateModified":"2017-04-13T07:24:52+00:00","author":{"@id":"https:\/\/blog.erm.ee\/#\/schema\/person\/6e98c391cb00a33e7c22a3571e062114"},"breadcrumb":{"@id":"https:\/\/blog.erm.ee\/?p=9789#breadcrumb"},"inLanguage":"et","potentialAction":[{"@type":"ReadAction","target":["https:\/\/blog.erm.ee\/?p=9789"]}]},{"@type":"ImageObject","inLanguage":"et","@id":"https:\/\/blog.erm.ee\/?p=9789#primaryimage","url":"https:\/\/blog.erm.ee\/wp-content\/uploads\/2017\/04\/314862_ERM_Fk_810_3_02.jpg","contentUrl":"https:\/\/blog.erm.ee\/wp-content\/uploads\/2017\/04\/314862_ERM_Fk_810_3_02.jpg","width":1200,"height":993},{"@type":"BreadcrumbList","@id":"https:\/\/blog.erm.ee\/?p=9789#breadcrumb","itemListElement":[{"@type":"ListItem","position":1,"name":"Home","item":"https:\/\/blog.erm.ee\/"},{"@type":"ListItem","position":2,"name":"Palju \u00f5nne, Eesti Rahva Muuseum!"}]},{"@type":"WebSite","@id":"https:\/\/blog.erm.ee\/#website","url":"https:\/\/blog.erm.ee\/","name":"Eesti Rahva Muuseumi ajaveeb","description":"","potentialAction":[{"@type":"SearchAction","target":{"@type":"EntryPoint","urlTemplate":"https:\/\/blog.erm.ee\/?s={search_term_string}"},"query-input":{"@type":"PropertyValueSpecification","valueRequired":true,"valueName":"search_term_string"}}],"inLanguage":"et"},{"@type":"Person","@id":"https:\/\/blog.erm.ee\/#\/schema\/person\/6e98c391cb00a33e7c22a3571e062114","name":"Eesti Rahva Muuseum","image":{"@type":"ImageObject","inLanguage":"et","@id":"https:\/\/secure.gravatar.com\/avatar\/cb6d9ad5fb49f3f7315028ce5fe60641075f2cb52b8a058ff5a985fa2d8c1da0?s=96&d=mm&r=g","url":"https:\/\/secure.gravatar.com\/avatar\/cb6d9ad5fb49f3f7315028ce5fe60641075f2cb52b8a058ff5a985fa2d8c1da0?s=96&d=mm&r=g","contentUrl":"https:\/\/secure.gravatar.com\/avatar\/cb6d9ad5fb49f3f7315028ce5fe60641075f2cb52b8a058ff5a985fa2d8c1da0?s=96&d=mm&r=g","caption":"Eesti Rahva Muuseum"},"sameAs":["http:\/\/www.erm.ee"],"url":"https:\/\/blog.erm.ee\/?author=1"}]}},"jetpack_featured_media_url":"https:\/\/blog.erm.ee\/wp-content\/uploads\/2017\/04\/314862_ERM_Fk_810_3_02.jpg","jetpack_shortlink":"https:\/\/wp.me\/p2l9Zd-2xT","jetpack_sharing_enabled":true,"jetpack_likes_enabled":true,"_links":{"self":[{"href":"https:\/\/blog.erm.ee\/index.php?rest_route=\/wp\/v2\/posts\/9789","targetHints":{"allow":["GET"]}}],"collection":[{"href":"https:\/\/blog.erm.ee\/index.php?rest_route=\/wp\/v2\/posts"}],"about":[{"href":"https:\/\/blog.erm.ee\/index.php?rest_route=\/wp\/v2\/types\/post"}],"author":[{"embeddable":true,"href":"https:\/\/blog.erm.ee\/index.php?rest_route=\/wp\/v2\/users\/1"}],"replies":[{"embeddable":true,"href":"https:\/\/blog.erm.ee\/index.php?rest_route=%2Fwp%2Fv2%2Fcomments&post=9789"}],"version-history":[{"count":6,"href":"https:\/\/blog.erm.ee\/index.php?rest_route=\/wp\/v2\/posts\/9789\/revisions"}],"predecessor-version":[{"id":9830,"href":"https:\/\/blog.erm.ee\/index.php?rest_route=\/wp\/v2\/posts\/9789\/revisions\/9830"}],"wp:featuredmedia":[{"embeddable":true,"href":"https:\/\/blog.erm.ee\/index.php?rest_route=\/wp\/v2\/media\/9795"}],"wp:attachment":[{"href":"https:\/\/blog.erm.ee\/index.php?rest_route=%2Fwp%2Fv2%2Fmedia&parent=9789"}],"wp:term":[{"taxonomy":"category","embeddable":true,"href":"https:\/\/blog.erm.ee\/index.php?rest_route=%2Fwp%2Fv2%2Fcategories&post=9789"},{"taxonomy":"post_tag","embeddable":true,"href":"https:\/\/blog.erm.ee\/index.php?rest_route=%2Fwp%2Fv2%2Ftags&post=9789"}],"curies":[{"name":"wp","href":"https:\/\/api.w.org\/{rel}","templated":true}]}}