{"id":9649,"date":"2017-03-16T05:43:04","date_gmt":"2017-03-16T03:43:04","guid":{"rendered":"http:\/\/blog.erm.ee\/?p=9649"},"modified":"2017-03-16T08:12:54","modified_gmt":"2017-03-16T06:12:54","slug":"maailm-algab-eesti-rahva-muuseumist","status":"publish","type":"post","link":"https:\/\/blog.erm.ee\/?p=9649","title":{"rendered":"Maailm algab Eesti Rahva Muuseumist!"},"content":{"rendered":"<div class=\"fcbkbttn_buttons_block\" id=\"fcbkbttn_left\"><div class=\"fcbkbttn_like \"><fb:like href=\"https:\/\/blog.erm.ee\/?p=9649\" action=\"like\" colorscheme=\"light\" layout=\"standard\"  width=\"225px\" size=\"small\"><\/fb:like><\/div><div class=\"fb-share-button  \" data-href=\"https:\/\/blog.erm.ee\/?p=9649\" data-type=\"button\" data-size=\"small\"><\/div><\/div><p><em>Karin Leivategija, Maailmafilmi programmitoimkonna liige<\/em><\/p>\n<p>Maailmafilmi festival tuleb j\u00e4lle. See on meil juba 14. kord kutsuda kokku dokumentaalfilmis\u00f5pru ja filmitegijaid, et \u00fcheskoos vaadata ja arutleda oluliste filmide \u00fcle, mis kirjeldavad meile erinevaid inimesi, kogemusi, kultuuripraktikaid ning laiemaid \u00fchiskondlikke protsesse \u00fcle maailma.<\/p>\n<p><span class=\"embed-youtube\" style=\"text-align:center; display: block;\"><iframe loading=\"lazy\" class=\"youtube-player\" width=\"700\" height=\"394\" src=\"https:\/\/www.youtube.com\/embed\/johk2o2-HhU?version=3&#038;rel=1&#038;showsearch=0&#038;showinfo=1&#038;iv_load_policy=1&#038;fs=1&#038;hl=et&#038;autohide=2&#038;wmode=transparent\" allowfullscreen=\"true\" style=\"border:0;\" sandbox=\"allow-scripts allow-same-origin allow-popups allow-presentation allow-popups-to-escape-sandbox\"><\/iframe><\/span><\/p>\n<p>Sel aastal on festivali juures toimunud m\u00f5ned muudatused. Nimelt kolis Maailmafilm Eesti Rahva Muuseumi uude majja Raadile. Siin on meil kaks saali, Hurda saal ja Maailmafilmi saal, kus saame samaaegselt filme n\u00e4idata. \u00c4ra ei ole unustatud ka intensiivsetest p\u00e4evadest v\u00e4sima kippuvaid festivalis\u00f5pru, kes saavad dokumentaalfilmikunsti nautida horisontaalsemas asendis patjade peal l\u00f6sukinos. P\u00f5neva uuendusena toome teieni Maailmafilmi n\u00e4idistesaali, mis asub eraldi filmisaalis p\u00fcsin\u00e4itusel \u201eKohtumised\u201c. N\u00e4idistesaal annab muuseumik\u00fclastajale v\u00f5imaluse vaadata valikut dokumentaalfilme, mida p\u00f5hiprogrammis ei n\u00e4e, kuid mis annavad t\u00f5husalt edasi festivali meeleolu ja mitmekesist sisukontseptsiooni.<\/p>\n<p>Filmivalik on nagu alati suurep\u00e4raselt lai ning intrigeeriv. Kuna festival ei sea esitatud filmidele rangeid kriteeriume, on meil v\u00f5imalus nautida v\u00e4ga erinevat filmikeelt kasutavat dokumentaalfilmikunsti. Samuti ei ole kriteeriume filmide sisul, kuid programmi koostamisel on eelistatud filme, mis r\u00e4\u00e4givad midagi olulist maailma kohta, kus me just praegu elame, ning mis k\u00f5netaksid ka meie kohalikku vaatajat, isegi kui filmi tegevus leiab aset meist geograafiliselt v\u00f5i kultuuriliselt kaugel. Nagu alati leidub k\u00f5rgelt tunnustatud re\u017eiss\u00f6\u00f6ride filmide k\u00f5rval programmis ka uute talentide silmapaistvat loomingut.<\/p>\n<p>Koos Arengukoost\u00f6\u00f6 \u00dcmarlauaga toome teieni migratsiooni erinevaid tahke vaatleva teemaprogrammi \u201eNelja tuule poole\u201c. Filmid uurivad, missugustel p\u00f5hjustel inimesed tahavad v\u00f5i on sunnitud kodust kaugele r\u00e4ndama (\u201eNeed, kes h\u00fcppavad\u201c, \u201eLiivamehed\u201c); kuidas kohanetakse uues, kultuuriliselt erinevas keskkonnas (\u201eL\u00f5imumine Inch&#8217;Allah\u201c, \u201eArlette. Julgus on j\u00f5ud\u201c) ja mis j\u00e4\u00e4b neile, kes j\u00e4\u00e4vad maha (\u201eTeekond Alepposse\u201c, \u201eAltimir\u201c). Inspireerituna filmist \u201eTeekond Alepposse\u201c ja eelk\u00f5ige t\u00e4nasest maailmast, kus info \u00fclek\u00fcllus l\u00e4mmatab, kuid s\u00f5napaari \u201et\u00f5de ja vale\u201c t\u00e4hendus muutub \u00fcha abstraktsemaks, korraldab MT\u00dc Ethical Links teisip\u00e4eval debati \u201eKelmid ja kangelased \u2013 kuidas leida infor\u00e4gastikus \u00f5ige tee\u201c.<\/p>\n<p><a href=\"https:\/\/blog.erm.ee\/wp-content\/uploads\/2017\/03\/Photo-3-FI16-1-E3CD_still3.jpg\"><img loading=\"lazy\" decoding=\"async\" data-attachment-id=\"9655\" data-permalink=\"https:\/\/blog.erm.ee\/?attachment_id=9655#main\" data-orig-file=\"https:\/\/blog.erm.ee\/wp-content\/uploads\/2017\/03\/Photo-3-FI16-1-E3CD_still3.jpg\" data-orig-size=\"1200,675\" data-comments-opened=\"1\" data-image-meta=\"{&quot;aperture&quot;:&quot;0&quot;,&quot;credit&quot;:&quot;&quot;,&quot;camera&quot;:&quot;&quot;,&quot;caption&quot;:&quot;&quot;,&quot;created_timestamp&quot;:&quot;0&quot;,&quot;copyright&quot;:&quot;&quot;,&quot;focal_length&quot;:&quot;0&quot;,&quot;iso&quot;:&quot;0&quot;,&quot;shutter_speed&quot;:&quot;0&quot;,&quot;title&quot;:&quot;&quot;,&quot;orientation&quot;:&quot;0&quot;}\" data-image-title=\"Photo 3 FI16-1-E3CD_still3\" data-image-description=\"\" data-image-caption=\"\" data-large-file=\"https:\/\/blog.erm.ee\/wp-content\/uploads\/2017\/03\/Photo-3-FI16-1-E3CD_still3-1024x576.jpg\" class=\"alignnone size-full wp-image-9655\" src=\"https:\/\/blog.erm.ee\/wp-content\/uploads\/2017\/03\/Photo-3-FI16-1-E3CD_still3.jpg\" alt=\"\" width=\"1200\" height=\"675\" srcset=\"https:\/\/blog.erm.ee\/wp-content\/uploads\/2017\/03\/Photo-3-FI16-1-E3CD_still3.jpg 1200w, https:\/\/blog.erm.ee\/wp-content\/uploads\/2017\/03\/Photo-3-FI16-1-E3CD_still3-460x260.jpg 460w, https:\/\/blog.erm.ee\/wp-content\/uploads\/2017\/03\/Photo-3-FI16-1-E3CD_still3-300x169.jpg 300w, https:\/\/blog.erm.ee\/wp-content\/uploads\/2017\/03\/Photo-3-FI16-1-E3CD_still3-768x432.jpg 768w, https:\/\/blog.erm.ee\/wp-content\/uploads\/2017\/03\/Photo-3-FI16-1-E3CD_still3-1024x576.jpg 1024w\" sizes=\"auto, (max-width: 1200px) 100vw, 1200px\" \/><\/a><em>Kaader filmist Teekond Aleposse<\/em><\/p>\n<p>Provokatiivse pealkirjaga teemaprogramm \u201eNaise koht\u201c n\u00e4itab meile filme tugevatest naistest, kes peavad oma elu olulisimaid v\u00f5itlusi. Filmis \u201eN\u00f5bu Madenn\u201c v\u00f5itleb noor naine \u00f5iguse eest elada tavalist elu hoolimata vaimsest puudest; visuaalselt v\u00f5luvas ja emotsionaalses filmis \u201eEesseisev elu\u201c v\u00f5itleb ema oma enneaegselt s\u00fcndinud kaksikute elu eest; koomiliselt julges ja valeh\u00e4bile hoope jagavas filmis \u201eP\u00fcha vesi\u201c astub Ruanda raadiostaar Vestine v\u00e4lja iga naise \u00f5iguse eest saada teadlikuks oma naudingu s\u00fcgavaimast allikast ja kutsub ka mehi naiste seksuaalsuses paremini orienteeruma.<\/p>\n<p><a href=\"https:\/\/blog.erm.ee\/wp-content\/uploads\/2017\/03\/Kaader-filmist-P\u00fcha-vesi.jpeg\"><img loading=\"lazy\" decoding=\"async\" data-attachment-id=\"9654\" data-permalink=\"https:\/\/blog.erm.ee\/?attachment_id=9654#main\" data-orig-file=\"https:\/\/blog.erm.ee\/wp-content\/uploads\/2017\/03\/Kaader-filmist-P\u00fcha-vesi.jpeg\" data-orig-size=\"1200,675\" data-comments-opened=\"1\" data-image-meta=\"{&quot;aperture&quot;:&quot;0&quot;,&quot;credit&quot;:&quot;&quot;,&quot;camera&quot;:&quot;&quot;,&quot;caption&quot;:&quot;&quot;,&quot;created_timestamp&quot;:&quot;0&quot;,&quot;copyright&quot;:&quot;&quot;,&quot;focal_length&quot;:&quot;0&quot;,&quot;iso&quot;:&quot;0&quot;,&quot;shutter_speed&quot;:&quot;0&quot;,&quot;title&quot;:&quot;&quot;,&quot;orientation&quot;:&quot;0&quot;}\" data-image-title=\"Kaader filmist P\u00fcha vesi\" data-image-description=\"\" data-image-caption=\"\" data-large-file=\"https:\/\/blog.erm.ee\/wp-content\/uploads\/2017\/03\/Kaader-filmist-P\u00fcha-vesi-1024x576.jpeg\" class=\"alignnone size-full wp-image-9654\" src=\"https:\/\/blog.erm.ee\/wp-content\/uploads\/2017\/03\/Kaader-filmist-P\u00fcha-vesi.jpeg\" alt=\"\" width=\"1200\" height=\"675\" srcset=\"https:\/\/blog.erm.ee\/wp-content\/uploads\/2017\/03\/Kaader-filmist-P\u00fcha-vesi.jpeg 1200w, https:\/\/blog.erm.ee\/wp-content\/uploads\/2017\/03\/Kaader-filmist-P\u00fcha-vesi-460x260.jpeg 460w, https:\/\/blog.erm.ee\/wp-content\/uploads\/2017\/03\/Kaader-filmist-P\u00fcha-vesi-300x169.jpeg 300w, https:\/\/blog.erm.ee\/wp-content\/uploads\/2017\/03\/Kaader-filmist-P\u00fcha-vesi-768x432.jpeg 768w, https:\/\/blog.erm.ee\/wp-content\/uploads\/2017\/03\/Kaader-filmist-P\u00fcha-vesi-1024x576.jpeg 1024w\" sizes=\"auto, (max-width: 1200px) 100vw, 1200px\" \/><\/a><em>Kaader filmist P\u00fcha vesi<\/em><\/p>\n<p>Keerulisi lahinguid peavad ka teemaprogrammi \u201eKeha ja vaim\u201c peategelased. S\u00fcnges filmis \u201eLahing saatanaga\u201c p\u00f5rkab kaasaegne meditsiin kokku traditsiooniliste ja j\u00e4ikade religioossete t\u00f5ekspidamistega, mis teeb v\u00e4ljap\u00e4\u00e4su leidmise \u201ekurjast vaimust\u201c vaevatud noorte naiste jaoks \u00e4\u00e4rmiselt keeruliseks. \u201eKanaarilindude\u201c tegelased heitlevad m\u00fcrgise hallituse tekitatud t\u00f5siste terviseh\u00e4dadega. Elukvaliteedi langus ja isoleeritus v\u00e4lismaailmast tabab neid seda raskemalt, et suur osa \u00fchiskonnast ei ole n\u00f5us nende haigust t\u00f5siselt v\u00f5tma. \u201eH\u00e4iritud normaalsuses\u201c uurib aga f\u00fc\u00fcsilise puude, kuid erksa vaimuga Jacob, mida t\u00e4hendab \u00fcldse t\u00e4nap\u00e4eva maailmas normaalsus.<\/p>\n<p><a href=\"https:\/\/blog.erm.ee\/wp-content\/uploads\/2017\/03\/Kaader-filmist-H\u00e4iritud-normaalsus.jpg\"><img loading=\"lazy\" decoding=\"async\" data-attachment-id=\"9652\" data-permalink=\"https:\/\/blog.erm.ee\/?attachment_id=9652#main\" data-orig-file=\"https:\/\/blog.erm.ee\/wp-content\/uploads\/2017\/03\/Kaader-filmist-H\u00e4iritud-normaalsus.jpg\" data-orig-size=\"759,1080\" data-comments-opened=\"1\" data-image-meta=\"{&quot;aperture&quot;:&quot;0&quot;,&quot;credit&quot;:&quot;&quot;,&quot;camera&quot;:&quot;&quot;,&quot;caption&quot;:&quot;&quot;,&quot;created_timestamp&quot;:&quot;0&quot;,&quot;copyright&quot;:&quot;&quot;,&quot;focal_length&quot;:&quot;0&quot;,&quot;iso&quot;:&quot;0&quot;,&quot;shutter_speed&quot;:&quot;0&quot;,&quot;title&quot;:&quot;&quot;,&quot;orientation&quot;:&quot;0&quot;}\" data-image-title=\"Kaader filmist H\u00e4iritud normaalsus\" data-image-description=\"\" data-image-caption=\"\" data-large-file=\"https:\/\/blog.erm.ee\/wp-content\/uploads\/2017\/03\/Kaader-filmist-H\u00e4iritud-normaalsus-720x1024.jpg\" class=\"alignnone size-full wp-image-9652\" src=\"https:\/\/blog.erm.ee\/wp-content\/uploads\/2017\/03\/Kaader-filmist-H\u00e4iritud-normaalsus.jpg\" alt=\"\" width=\"759\" height=\"1080\" srcset=\"https:\/\/blog.erm.ee\/wp-content\/uploads\/2017\/03\/Kaader-filmist-H\u00e4iritud-normaalsus.jpg 759w, https:\/\/blog.erm.ee\/wp-content\/uploads\/2017\/03\/Kaader-filmist-H\u00e4iritud-normaalsus-183x260.jpg 183w, https:\/\/blog.erm.ee\/wp-content\/uploads\/2017\/03\/Kaader-filmist-H\u00e4iritud-normaalsus-211x300.jpg 211w, https:\/\/blog.erm.ee\/wp-content\/uploads\/2017\/03\/Kaader-filmist-H\u00e4iritud-normaalsus-720x1024.jpg 720w\" sizes=\"auto, (max-width: 759px) 100vw, 759px\" \/><\/a><em>Kaader filmist H\u00e4iritud normaalsus<\/em><\/p>\n<p>Mingil m\u00e4\u00e4ral k\u00e4sitlevad k\u00f5ik eelpool mainitud teemaprogrammid normaalne olemist. Kes on t\u00e4nap\u00e4eva maailmas \u201enormaalne\u201c ja kuidas peab k\u00e4ituma, mida r\u00e4\u00e4kima, kuidas end representeerima, et paista \u201enormaalne\u201c? Sest suurem osa inimesi tahabki selles niigi peapeale p\u00f6\u00f6ratud maailmas lihtsalt normaalne olla.<\/p>\n<p>Festivali programmist leiab taas heal hulgal visuaalantropoloogilisi dokumentaalfilme. Nende autorid on kasutanud filmikaamerat uurimuslikul eesm\u00e4rgil, et salvestada, m\u00f5testada ja kirjeldada erinevaid antropoloogilisi teemasid \u00fcle maailma. Ka siin on teemadering v\u00e4ga lai. \u201eFaber navalis\u201c on p\u00f5nevalt sensoorne ja visuaalselt nauditav elamus, mis tutvustab meile puulaeva ehitamise protsessi. \u201eVaimude v\u00f5imalikkusest\u201c esitab k\u00fcsimuse, kuidas filmida midagi, mis ei ole silmale n\u00e4htav, kuid mida paljud selgelt tunnetavad. \u201eNicobar, pikk tee&#8230;\u201c k\u00fcsib, kas \u00f5ilsatel eesm\u00e4rkidel pakutud v\u00e4lisabi v\u00f5ib vahel osutuda kultuuri kestmaj\u00e4\u00e4misele suuremaks ohuks kui h\u00e4vituslik tsunami.<\/p>\n<p>P\u00f5nevaid teemaprogramme on festivalil aga veel ja kindlasti leiavad ka dokumentaalfilmikunstiga veel mitte sina peal olevad inimesed programmist midagi puudutavat. K\u00f5ik on teretulnud Maailmafilmi festivalist osa v\u00f5tma, filmij\u00e4rgsetes aruteludes kaasa r\u00e4\u00e4kima ja Eesti Rahva Muuseumis festivalin\u00e4dala v\u00e4ltel kultuurselt aega veetma.<\/p>\n<p>14. Maailmafilmi festival toimub ERMis 20.\u201325. m\u00e4rtsini.<br \/>\nFilmiinfo ja programmi leiate festivali kodulehelt: <a href=\"http:\/\/www.worldfilm.ee\">www.worldfilm.ee<\/a><\/p>\n<div class=\"fcbkbttn_buttons_block\" id=\"fcbkbttn_left\"><div class=\"fcbkbttn_like \"><fb:like href=\"https:\/\/blog.erm.ee\/?p=9649\" action=\"like\" colorscheme=\"light\" layout=\"standard\"  width=\"225px\" size=\"small\"><\/fb:like><\/div><div class=\"fb-share-button  \" data-href=\"https:\/\/blog.erm.ee\/?p=9649\" data-type=\"button\" data-size=\"small\"><\/div><\/div>","protected":false},"excerpt":{"rendered":"<p>Karin Leivategija, Maailmafilmi programmitoimkonna liige Maailmafilmi festival tuleb j\u00e4lle. See on meil juba 14. kord kutsuda kokku dokumentaalfilmis\u00f5pru ja filmitegijaid, et \u00fcheskoos vaadata ja arutleda oluliste filmide \u00fcle, mis kirjeldavad meile erinevaid inimesi, kogemusi, kultuuripraktikaid ning laiemaid \u00fchiskondlikke protsesse \u00fcle maailma. Sel aastal on festivali juures toimunud m\u00f5ned muudatused. Nimelt kolis Maailmafilm Eesti Rahva Muuseumi&hellip;<\/p>\n","protected":false},"author":1,"featured_media":9655,"comment_status":"open","ping_status":"open","sticky":false,"template":"","format":"standard","meta":{"_monsterinsights_skip_tracking":false,"_monsterinsights_sitenote_active":false,"_monsterinsights_sitenote_note":"","_monsterinsights_sitenote_category":0,"jetpack_post_was_ever_published":false,"_jetpack_newsletter_access":"","_jetpack_dont_email_post_to_subs":true,"_jetpack_newsletter_tier_id":0,"_jetpack_memberships_contains_paywalled_content":false,"_jetpack_memberships_contains_paid_content":false,"footnotes":""},"categories":[19],"tags":[],"class_list":["post-9649","post","type-post","status-publish","format-standard","has-post-thumbnail","hentry","category-sundmus"],"yoast_head":"<!-- This site is optimized with the Yoast SEO plugin v27.5 - https:\/\/yoast.com\/product\/yoast-seo-wordpress\/ -->\n<title>Maailm algab Eesti Rahva Muuseumist! - Eesti Rahva Muuseumi ajaveeb<\/title>\n<meta name=\"robots\" content=\"index, follow, max-snippet:-1, max-image-preview:large, max-video-preview:-1\" \/>\n<link rel=\"canonical\" href=\"https:\/\/blog.erm.ee\/?p=9649\" \/>\n<meta property=\"og:locale\" content=\"et_EE\" \/>\n<meta property=\"og:type\" content=\"article\" \/>\n<meta property=\"og:title\" content=\"Maailm algab Eesti Rahva Muuseumist! - Eesti Rahva Muuseumi ajaveeb\" \/>\n<meta property=\"og:description\" content=\"Karin Leivategija, Maailmafilmi programmitoimkonna liige Maailmafilmi festival tuleb j\u00e4lle. See on meil juba 14. kord kutsuda kokku dokumentaalfilmis\u00f5pru ja filmitegijaid, et \u00fcheskoos vaadata ja arutleda oluliste filmide \u00fcle, mis kirjeldavad meile erinevaid inimesi, kogemusi, kultuuripraktikaid ning laiemaid \u00fchiskondlikke protsesse \u00fcle maailma. Sel aastal on festivali juures toimunud m\u00f5ned muudatused. Nimelt kolis Maailmafilm Eesti Rahva Muuseumi&hellip;\" \/>\n<meta property=\"og:url\" content=\"https:\/\/blog.erm.ee\/?p=9649\" \/>\n<meta property=\"og:site_name\" content=\"Eesti Rahva Muuseumi ajaveeb\" \/>\n<meta property=\"article:published_time\" content=\"2017-03-16T03:43:04+00:00\" \/>\n<meta property=\"article:modified_time\" content=\"2017-03-16T06:12:54+00:00\" \/>\n<meta property=\"og:image\" content=\"https:\/\/blog.erm.ee\/wp-content\/uploads\/2017\/03\/Photo-3-FI16-1-E3CD_still3.jpg\" \/>\n\t<meta property=\"og:image:width\" content=\"1200\" \/>\n\t<meta property=\"og:image:height\" content=\"675\" \/>\n\t<meta property=\"og:image:type\" content=\"image\/jpeg\" \/>\n<meta name=\"author\" content=\"Eesti Rahva Muuseum\" \/>\n<meta name=\"twitter:card\" content=\"summary_large_image\" \/>\n<meta name=\"twitter:label1\" content=\"Written by\" \/>\n\t<meta name=\"twitter:data1\" content=\"Eesti Rahva Muuseum\" \/>\n\t<meta name=\"twitter:label2\" content=\"Est. reading time\" \/>\n\t<meta name=\"twitter:data2\" content=\"4 minutit\" \/>\n<script type=\"application\/ld+json\" class=\"yoast-schema-graph\">{\"@context\":\"https:\\\/\\\/schema.org\",\"@graph\":[{\"@type\":\"Article\",\"@id\":\"https:\\\/\\\/blog.erm.ee\\\/?p=9649#article\",\"isPartOf\":{\"@id\":\"https:\\\/\\\/blog.erm.ee\\\/?p=9649\"},\"author\":{\"name\":\"Eesti Rahva Muuseum\",\"@id\":\"https:\\\/\\\/blog.erm.ee\\\/#\\\/schema\\\/person\\\/6e98c391cb00a33e7c22a3571e062114\"},\"headline\":\"Maailm algab Eesti Rahva Muuseumist!\",\"datePublished\":\"2017-03-16T03:43:04+00:00\",\"dateModified\":\"2017-03-16T06:12:54+00:00\",\"mainEntityOfPage\":{\"@id\":\"https:\\\/\\\/blog.erm.ee\\\/?p=9649\"},\"wordCount\":757,\"commentCount\":0,\"image\":{\"@id\":\"https:\\\/\\\/blog.erm.ee\\\/?p=9649#primaryimage\"},\"thumbnailUrl\":\"https:\\\/\\\/blog.erm.ee\\\/wp-content\\\/uploads\\\/2017\\\/03\\\/Photo-3-FI16-1-E3CD_still3.jpg\",\"articleSection\":[\"S\u00fcndmus\"],\"inLanguage\":\"et\",\"potentialAction\":[{\"@type\":\"CommentAction\",\"name\":\"Comment\",\"target\":[\"https:\\\/\\\/blog.erm.ee\\\/?p=9649#respond\"]}]},{\"@type\":\"WebPage\",\"@id\":\"https:\\\/\\\/blog.erm.ee\\\/?p=9649\",\"url\":\"https:\\\/\\\/blog.erm.ee\\\/?p=9649\",\"name\":\"Maailm algab Eesti Rahva Muuseumist! - Eesti Rahva Muuseumi ajaveeb\",\"isPartOf\":{\"@id\":\"https:\\\/\\\/blog.erm.ee\\\/#website\"},\"primaryImageOfPage\":{\"@id\":\"https:\\\/\\\/blog.erm.ee\\\/?p=9649#primaryimage\"},\"image\":{\"@id\":\"https:\\\/\\\/blog.erm.ee\\\/?p=9649#primaryimage\"},\"thumbnailUrl\":\"https:\\\/\\\/blog.erm.ee\\\/wp-content\\\/uploads\\\/2017\\\/03\\\/Photo-3-FI16-1-E3CD_still3.jpg\",\"datePublished\":\"2017-03-16T03:43:04+00:00\",\"dateModified\":\"2017-03-16T06:12:54+00:00\",\"author\":{\"@id\":\"https:\\\/\\\/blog.erm.ee\\\/#\\\/schema\\\/person\\\/6e98c391cb00a33e7c22a3571e062114\"},\"breadcrumb\":{\"@id\":\"https:\\\/\\\/blog.erm.ee\\\/?p=9649#breadcrumb\"},\"inLanguage\":\"et\",\"potentialAction\":[{\"@type\":\"ReadAction\",\"target\":[\"https:\\\/\\\/blog.erm.ee\\\/?p=9649\"]}]},{\"@type\":\"ImageObject\",\"inLanguage\":\"et\",\"@id\":\"https:\\\/\\\/blog.erm.ee\\\/?p=9649#primaryimage\",\"url\":\"https:\\\/\\\/blog.erm.ee\\\/wp-content\\\/uploads\\\/2017\\\/03\\\/Photo-3-FI16-1-E3CD_still3.jpg\",\"contentUrl\":\"https:\\\/\\\/blog.erm.ee\\\/wp-content\\\/uploads\\\/2017\\\/03\\\/Photo-3-FI16-1-E3CD_still3.jpg\",\"width\":1200,\"height\":675},{\"@type\":\"BreadcrumbList\",\"@id\":\"https:\\\/\\\/blog.erm.ee\\\/?p=9649#breadcrumb\",\"itemListElement\":[{\"@type\":\"ListItem\",\"position\":1,\"name\":\"Home\",\"item\":\"https:\\\/\\\/blog.erm.ee\\\/\"},{\"@type\":\"ListItem\",\"position\":2,\"name\":\"Maailm algab Eesti Rahva Muuseumist!\"}]},{\"@type\":\"WebSite\",\"@id\":\"https:\\\/\\\/blog.erm.ee\\\/#website\",\"url\":\"https:\\\/\\\/blog.erm.ee\\\/\",\"name\":\"Eesti Rahva Muuseumi ajaveeb\",\"description\":\"\",\"potentialAction\":[{\"@type\":\"SearchAction\",\"target\":{\"@type\":\"EntryPoint\",\"urlTemplate\":\"https:\\\/\\\/blog.erm.ee\\\/?s={search_term_string}\"},\"query-input\":{\"@type\":\"PropertyValueSpecification\",\"valueRequired\":true,\"valueName\":\"search_term_string\"}}],\"inLanguage\":\"et\"},{\"@type\":\"Person\",\"@id\":\"https:\\\/\\\/blog.erm.ee\\\/#\\\/schema\\\/person\\\/6e98c391cb00a33e7c22a3571e062114\",\"name\":\"Eesti Rahva Muuseum\",\"image\":{\"@type\":\"ImageObject\",\"inLanguage\":\"et\",\"@id\":\"https:\\\/\\\/secure.gravatar.com\\\/avatar\\\/cb6d9ad5fb49f3f7315028ce5fe60641075f2cb52b8a058ff5a985fa2d8c1da0?s=96&d=mm&r=g\",\"url\":\"https:\\\/\\\/secure.gravatar.com\\\/avatar\\\/cb6d9ad5fb49f3f7315028ce5fe60641075f2cb52b8a058ff5a985fa2d8c1da0?s=96&d=mm&r=g\",\"contentUrl\":\"https:\\\/\\\/secure.gravatar.com\\\/avatar\\\/cb6d9ad5fb49f3f7315028ce5fe60641075f2cb52b8a058ff5a985fa2d8c1da0?s=96&d=mm&r=g\",\"caption\":\"Eesti Rahva Muuseum\"},\"sameAs\":[\"http:\\\/\\\/www.erm.ee\"],\"url\":\"https:\\\/\\\/blog.erm.ee\\\/?author=1\"}]}<\/script>\n<!-- \/ Yoast SEO plugin. -->","yoast_head_json":{"title":"Maailm algab Eesti Rahva Muuseumist! - Eesti Rahva Muuseumi ajaveeb","robots":{"index":"index","follow":"follow","max-snippet":"max-snippet:-1","max-image-preview":"max-image-preview:large","max-video-preview":"max-video-preview:-1"},"canonical":"https:\/\/blog.erm.ee\/?p=9649","og_locale":"et_EE","og_type":"article","og_title":"Maailm algab Eesti Rahva Muuseumist! - Eesti Rahva Muuseumi ajaveeb","og_description":"Karin Leivategija, Maailmafilmi programmitoimkonna liige Maailmafilmi festival tuleb j\u00e4lle. See on meil juba 14. kord kutsuda kokku dokumentaalfilmis\u00f5pru ja filmitegijaid, et \u00fcheskoos vaadata ja arutleda oluliste filmide \u00fcle, mis kirjeldavad meile erinevaid inimesi, kogemusi, kultuuripraktikaid ning laiemaid \u00fchiskondlikke protsesse \u00fcle maailma. Sel aastal on festivali juures toimunud m\u00f5ned muudatused. Nimelt kolis Maailmafilm Eesti Rahva Muuseumi&hellip;","og_url":"https:\/\/blog.erm.ee\/?p=9649","og_site_name":"Eesti Rahva Muuseumi ajaveeb","article_published_time":"2017-03-16T03:43:04+00:00","article_modified_time":"2017-03-16T06:12:54+00:00","og_image":[{"width":1200,"height":675,"url":"https:\/\/blog.erm.ee\/wp-content\/uploads\/2017\/03\/Photo-3-FI16-1-E3CD_still3.jpg","type":"image\/jpeg"}],"author":"Eesti Rahva Muuseum","twitter_card":"summary_large_image","twitter_misc":{"Written by":"Eesti Rahva Muuseum","Est. reading time":"4 minutit"},"schema":{"@context":"https:\/\/schema.org","@graph":[{"@type":"Article","@id":"https:\/\/blog.erm.ee\/?p=9649#article","isPartOf":{"@id":"https:\/\/blog.erm.ee\/?p=9649"},"author":{"name":"Eesti Rahva Muuseum","@id":"https:\/\/blog.erm.ee\/#\/schema\/person\/6e98c391cb00a33e7c22a3571e062114"},"headline":"Maailm algab Eesti Rahva Muuseumist!","datePublished":"2017-03-16T03:43:04+00:00","dateModified":"2017-03-16T06:12:54+00:00","mainEntityOfPage":{"@id":"https:\/\/blog.erm.ee\/?p=9649"},"wordCount":757,"commentCount":0,"image":{"@id":"https:\/\/blog.erm.ee\/?p=9649#primaryimage"},"thumbnailUrl":"https:\/\/blog.erm.ee\/wp-content\/uploads\/2017\/03\/Photo-3-FI16-1-E3CD_still3.jpg","articleSection":["S\u00fcndmus"],"inLanguage":"et","potentialAction":[{"@type":"CommentAction","name":"Comment","target":["https:\/\/blog.erm.ee\/?p=9649#respond"]}]},{"@type":"WebPage","@id":"https:\/\/blog.erm.ee\/?p=9649","url":"https:\/\/blog.erm.ee\/?p=9649","name":"Maailm algab Eesti Rahva Muuseumist! - Eesti Rahva Muuseumi ajaveeb","isPartOf":{"@id":"https:\/\/blog.erm.ee\/#website"},"primaryImageOfPage":{"@id":"https:\/\/blog.erm.ee\/?p=9649#primaryimage"},"image":{"@id":"https:\/\/blog.erm.ee\/?p=9649#primaryimage"},"thumbnailUrl":"https:\/\/blog.erm.ee\/wp-content\/uploads\/2017\/03\/Photo-3-FI16-1-E3CD_still3.jpg","datePublished":"2017-03-16T03:43:04+00:00","dateModified":"2017-03-16T06:12:54+00:00","author":{"@id":"https:\/\/blog.erm.ee\/#\/schema\/person\/6e98c391cb00a33e7c22a3571e062114"},"breadcrumb":{"@id":"https:\/\/blog.erm.ee\/?p=9649#breadcrumb"},"inLanguage":"et","potentialAction":[{"@type":"ReadAction","target":["https:\/\/blog.erm.ee\/?p=9649"]}]},{"@type":"ImageObject","inLanguage":"et","@id":"https:\/\/blog.erm.ee\/?p=9649#primaryimage","url":"https:\/\/blog.erm.ee\/wp-content\/uploads\/2017\/03\/Photo-3-FI16-1-E3CD_still3.jpg","contentUrl":"https:\/\/blog.erm.ee\/wp-content\/uploads\/2017\/03\/Photo-3-FI16-1-E3CD_still3.jpg","width":1200,"height":675},{"@type":"BreadcrumbList","@id":"https:\/\/blog.erm.ee\/?p=9649#breadcrumb","itemListElement":[{"@type":"ListItem","position":1,"name":"Home","item":"https:\/\/blog.erm.ee\/"},{"@type":"ListItem","position":2,"name":"Maailm algab Eesti Rahva Muuseumist!"}]},{"@type":"WebSite","@id":"https:\/\/blog.erm.ee\/#website","url":"https:\/\/blog.erm.ee\/","name":"Eesti Rahva Muuseumi ajaveeb","description":"","potentialAction":[{"@type":"SearchAction","target":{"@type":"EntryPoint","urlTemplate":"https:\/\/blog.erm.ee\/?s={search_term_string}"},"query-input":{"@type":"PropertyValueSpecification","valueRequired":true,"valueName":"search_term_string"}}],"inLanguage":"et"},{"@type":"Person","@id":"https:\/\/blog.erm.ee\/#\/schema\/person\/6e98c391cb00a33e7c22a3571e062114","name":"Eesti Rahva Muuseum","image":{"@type":"ImageObject","inLanguage":"et","@id":"https:\/\/secure.gravatar.com\/avatar\/cb6d9ad5fb49f3f7315028ce5fe60641075f2cb52b8a058ff5a985fa2d8c1da0?s=96&d=mm&r=g","url":"https:\/\/secure.gravatar.com\/avatar\/cb6d9ad5fb49f3f7315028ce5fe60641075f2cb52b8a058ff5a985fa2d8c1da0?s=96&d=mm&r=g","contentUrl":"https:\/\/secure.gravatar.com\/avatar\/cb6d9ad5fb49f3f7315028ce5fe60641075f2cb52b8a058ff5a985fa2d8c1da0?s=96&d=mm&r=g","caption":"Eesti Rahva Muuseum"},"sameAs":["http:\/\/www.erm.ee"],"url":"https:\/\/blog.erm.ee\/?author=1"}]}},"jetpack_featured_media_url":"https:\/\/blog.erm.ee\/wp-content\/uploads\/2017\/03\/Photo-3-FI16-1-E3CD_still3.jpg","jetpack_shortlink":"https:\/\/wp.me\/p2l9Zd-2vD","jetpack_sharing_enabled":true,"jetpack_likes_enabled":true,"_links":{"self":[{"href":"https:\/\/blog.erm.ee\/index.php?rest_route=\/wp\/v2\/posts\/9649","targetHints":{"allow":["GET"]}}],"collection":[{"href":"https:\/\/blog.erm.ee\/index.php?rest_route=\/wp\/v2\/posts"}],"about":[{"href":"https:\/\/blog.erm.ee\/index.php?rest_route=\/wp\/v2\/types\/post"}],"author":[{"embeddable":true,"href":"https:\/\/blog.erm.ee\/index.php?rest_route=\/wp\/v2\/users\/1"}],"replies":[{"embeddable":true,"href":"https:\/\/blog.erm.ee\/index.php?rest_route=%2Fwp%2Fv2%2Fcomments&post=9649"}],"version-history":[{"count":5,"href":"https:\/\/blog.erm.ee\/index.php?rest_route=\/wp\/v2\/posts\/9649\/revisions"}],"predecessor-version":[{"id":9660,"href":"https:\/\/blog.erm.ee\/index.php?rest_route=\/wp\/v2\/posts\/9649\/revisions\/9660"}],"wp:featuredmedia":[{"embeddable":true,"href":"https:\/\/blog.erm.ee\/index.php?rest_route=\/wp\/v2\/media\/9655"}],"wp:attachment":[{"href":"https:\/\/blog.erm.ee\/index.php?rest_route=%2Fwp%2Fv2%2Fmedia&parent=9649"}],"wp:term":[{"taxonomy":"category","embeddable":true,"href":"https:\/\/blog.erm.ee\/index.php?rest_route=%2Fwp%2Fv2%2Fcategories&post=9649"},{"taxonomy":"post_tag","embeddable":true,"href":"https:\/\/blog.erm.ee\/index.php?rest_route=%2Fwp%2Fv2%2Ftags&post=9649"}],"curies":[{"name":"wp","href":"https:\/\/api.w.org\/{rel}","templated":true}]}}