{"id":96,"date":"2012-03-23T10:14:31","date_gmt":"2012-03-23T08:14:31","guid":{"rendered":"http:\/\/blog.erm.ee\/?p=96"},"modified":"2013-10-07T16:48:58","modified_gmt":"2013-10-07T14:48:58","slug":"eesti-keele-paev-petseri-lingvistilises-gumnaasiumis-15-matsil","status":"publish","type":"post","link":"https:\/\/blog.erm.ee\/?p=96","title":{"rendered":"Eesti keele p\u00e4ev Petseri Lingvistilises G\u00fcmnaasiumis 15.m\u00e4rtsil"},"content":{"rendered":"<div class=\"fcbkbttn_buttons_block\" id=\"fcbkbttn_left\"><div class=\"fcbkbttn_like \"><fb:like href=\"https:\/\/blog.erm.ee\/?p=96\" action=\"like\" colorscheme=\"light\" layout=\"standard\"  width=\"225px\" size=\"small\"><\/fb:like><\/div><div class=\"fb-share-button  \" data-href=\"https:\/\/blog.erm.ee\/?p=96\" data-type=\"button\" data-size=\"small\"><\/div><\/div><p><em>Vaike Reemann, teadur-kuraator ja Tiina Tael, peaarhivaar<\/em><br \/>\nEmakeelep\u00e4eva j\u00e4rgsel varahommikul startis meie v\u00e4ike tarmukas seltskond &#8211; Sirje Madisson, Virve Tuubel, Tiina Tael ja Vaike Reemann &#8211; Tartust, et Petseris rahvasuus eesti kooliks h\u00fc\u00fctud g\u00fcmnaasiumi \u00f5pilastele eesti keeles eesti kultuurist ja Eesti Rahva Muuseumist r\u00e4\u00e4kida. Meiega oli otsustanud\u00a0 liituda ka Postimehe reporter Raimu Hanson, vahendamaks lehelugejaile killukesi Petseri noorte identiteediotsingutest.<br \/>\nSirje oli ERMi S\u00f5prade Seltsi poolt k\u00f5ik juba ette nii ladusaks korraldanud, et ka kardetud piiri\u00fcletamine ei takistanud meid suisa lubatust varem kohale j\u00f5udmast. Olime oodatud. Tartust p\u00e4rit eesti keele \u00f5petaja Vally Tamm, kes kogu selle ettev\u00f5tmise innustunud algataja oli, tutvustas meile koolimaja ja viis meid seej\u00e4rel kooli s\u00f6\u00f6klasse, kus meie korisevad k\u00f5hud nostalgilise \u201emakaronid- lihakaste-kapsasalat- kompott\u201c n\u00e4ljapeletuse said. Midagi ammu ja tahtsi unustatut ujus nende l\u00f5hnade ajel m\u00e4lu kultuurkihtide alt v\u00e4lja.<br \/>\nKool asub endiselt vanas puumajas, mille vanust arvestatakse Lenini s\u00fcnniaasta j\u00e4rgi. Majale andis m\u00f5nusa koduse tunde ahjude soojus \u2013 jah, siin k\u00f6etakse veel puudega. Vaene majahoidja, iga p\u00e4ev paark\u00fcmmend s\u00fclet\u00e4it puid! Meie reisiseltskonnast nii m\u00f5nedki on aastate eest Petseri kooli ennegi k\u00fclastanud, m\u00f5ni isegi \u00f6\u00f6binud, nii et maja oli tuttav. Viimasest k\u00fclastusest on siiski m\u00f6\u00f6dunud tosinkond aastat ja selle ajaga on \u00fcht-teist ka muutunud: enam pole kahe auguga kuivk\u00e4imlat ja saal on saanud parketi ja uue lae (vaata pildilt). Kool kannab n\u00fc\u00fcd lingvistilise g\u00fcmnaasiumi nime, peale eesti keele pidavat \u00f5ppekavas olema n\u00e4iteks ka setu ja soome keel ning \u201ehead isu\u201c oskavad selle kooli lapsed vist igas keeles \u00f6elda \u2013 v\u00e4hemasti s\u00f6\u00f6klas on spikrid seinal.<br \/>\nKusagilt kostus aga\u00a0 koridori eesti ja setukeelset laulu. Selgus, et \u00f5pilased harjutasid meie tervituseks m\u00f5eldud etteasteid, laulsid h\u00e4\u00e4li soojaks. Peagi istusime saalis, ei pigem suuremat sorti klassiruumis, kus meie auks esinesid leelokoor Tsirguk\u00f5s\u00f5, mida juhendab Helju Tsopatalo, kolm seto r\u00e4bikutes ent tikk-kontsadel v\u00f5imsalt k\u00f5lavate h\u00e4\u00e4ltega g\u00fcmnaasiumineidu ja laulu- ja naljanumbrite esitajad keskastme klassidest. Laulsime meiegi p\u00fc\u00fcdlikult paberi pealt kaasa \u00fchislaulu vanadest meistrimeestest, mille ootamatuks l\u00f5pusalmiks oli ninanips muuseumit\u00f6\u00f6tajate pihta. S\u00fcdamlik igatahes.<br \/>\nJ\u00e4rgnesid meie peetud tutvustused rahvakalendrist, rahvar\u00f5ivastest\u00a0 ja Eesti Rahva Muuseumi tegemistest-kogumisest ja kopsakas raamatukott, mille Sirje muuseumi poolt kooli raamatukogule kingituseks \u00fcle andis.<\/p>\n<p><img loading=\"lazy\" decoding=\"async\" data-attachment-id=\"97\" data-permalink=\"https:\/\/blog.erm.ee\/?attachment_id=97#main\" data-orig-file=\"https:\/\/blog.erm.ee\/wp-content\/uploads\/2012\/03\/418265_317189701674842_100001514438385_860034_1521878937_n.jpg\" data-orig-size=\"600,450\" data-comments-opened=\"1\" data-image-meta=\"{&quot;aperture&quot;:&quot;0&quot;,&quot;credit&quot;:&quot;&quot;,&quot;camera&quot;:&quot;&quot;,&quot;caption&quot;:&quot;&quot;,&quot;created_timestamp&quot;:&quot;0&quot;,&quot;copyright&quot;:&quot;&quot;,&quot;focal_length&quot;:&quot;0&quot;,&quot;iso&quot;:&quot;0&quot;,&quot;shutter_speed&quot;:&quot;0&quot;,&quot;title&quot;:&quot;&quot;}\" data-image-title=\"418265_317189701674842_100001514438385_860034_1521878937_n\" data-image-description=\"\" data-image-caption=\"\" data-large-file=\"https:\/\/blog.erm.ee\/wp-content\/uploads\/2012\/03\/418265_317189701674842_100001514438385_860034_1521878937_n.jpg\" class=\"alignnone size-full wp-image-97\" alt=\"418265_317189701674842_100001514438385_860034_1521878937_n\" src=\"https:\/\/blog.erm.ee\/wp-content\/uploads\/2012\/03\/418265_317189701674842_100001514438385_860034_1521878937_n.jpg\" width=\"600\" height=\"450\" srcset=\"https:\/\/blog.erm.ee\/wp-content\/uploads\/2012\/03\/418265_317189701674842_100001514438385_860034_1521878937_n.jpg 600w, https:\/\/blog.erm.ee\/wp-content\/uploads\/2012\/03\/418265_317189701674842_100001514438385_860034_1521878937_n-346x260.jpg 346w, https:\/\/blog.erm.ee\/wp-content\/uploads\/2012\/03\/418265_317189701674842_100001514438385_860034_1521878937_n-300x225.jpg 300w\" sizes=\"auto, (max-width: 600px) 100vw, 600px\" \/><\/p>\n<p><em>Eesti keele p\u00e4eval r\u00e4\u00e4giti esemetest, mis meid selles keeles k\u00f5netavad. Virve Tuubel ja Vaike Reemann. Foto: Sirje Madisson<\/em><br \/>\nEnne tagasiteele asumist jalutasime pisut linnapeal. Uskumatu kui r\u00e4\u00e4mas, kulunud ja lagunenud n\u00f5ukaaeg vaatas meile vastu. Ainult Petseri klooster s\u00e4rab ja hiilgab oma v\u00e4rvides nagu muiste. Kevadise p\u00e4ikese ja sulailma helgus ning kloostri vaikus ja rahu\u00a0 tulid meie peale. Peale meie imetles koos ajaloost pajatava giidiga kupleid ja kloostrivaateid tosinajagu mustades solaidr\u00f5ivastes\u00a0 kvaliteetjalan\u00f5usid kandvat meest, kes esmapilgul hinnates v\u00f5isid kuuluda kas v\u00f5imu- v\u00f5i maffialadvikusse. Vaikne hooaeg.<br \/>\nM\u00f5istagi ei v\u00f5inud meiegi idakaubandust eirates linnast lahkuda. Pooletunnine tuur k\u00f5ige uuemas ja moodsamas poes tuletas meelde aega nii umbes 15 aastat tagasi. Mu meelest polnud seal superodavat midagi, aga l\u00e4\u00e4ne tr\u00e4na maksis ikka n\u00e4otult palju, ka kohvitass 70 rubla eest (1euro=38 rubla) on kallim kui Tallinnas. Kohvik ise oli aga vastselt remonditud ja s\u00e4delevalt sinise, teises ruumis puna-kuldse sisekujunduse saanud. Midagi s\u00fcdamlikult traditsiooni hoidvat oli seal ometi &#8211; tagumises ruumis, kus tava j\u00e4rgi p\u00fchasenurk v\u00f5inuks olla, langes pilk ootamatult v\u00e4heldasele p\u00fchapildile, mis m\u00f5jus kui ikoon.<br \/>\nPiiri\u00fcletus t\u00f5i sedapuhku kaks ootamatust. Vene piiril n\u00f5uti bussijuhilt veelkord teemaksu. No jaa, kui teed on nii lagunenud, siis peab t\u00f5est palju raha koguma, et nad kuidagimoodi l\u00e4bis\u00f5idetavad oleksid. Eesti piiril suunati meie buss aga \u201er\u00f6ntgenisse\u201c ehk l\u00e4bivalgustusele. Uued aparaadid olevat n\u00fc\u00fcd meie \u00fchis-Euroopat turvamas.<br \/>\nKui loojanguvaljuses taas ERMi n\u00e4itusemaja ees peatusime, valdas meid kummaliselt unen\u00e4oline tunne: kas see p\u00e4ev oli ikka p\u00e4riselt reaalajas olnud.<\/p>\n<p><img loading=\"lazy\" decoding=\"async\" data-attachment-id=\"98\" data-permalink=\"https:\/\/blog.erm.ee\/?attachment_id=98#main\" data-orig-file=\"https:\/\/blog.erm.ee\/wp-content\/uploads\/2012\/03\/IMG_0291.jpg\" data-orig-size=\"600,450\" data-comments-opened=\"1\" data-image-meta=\"{&quot;aperture&quot;:&quot;0&quot;,&quot;credit&quot;:&quot;&quot;,&quot;camera&quot;:&quot;&quot;,&quot;caption&quot;:&quot;&quot;,&quot;created_timestamp&quot;:&quot;0&quot;,&quot;copyright&quot;:&quot;&quot;,&quot;focal_length&quot;:&quot;0&quot;,&quot;iso&quot;:&quot;0&quot;,&quot;shutter_speed&quot;:&quot;0&quot;,&quot;title&quot;:&quot;&quot;}\" data-image-title=\"IMG_0291\" data-image-description=\"\" data-image-caption=\"\" data-large-file=\"https:\/\/blog.erm.ee\/wp-content\/uploads\/2012\/03\/IMG_0291.jpg\" class=\"alignnone size-full wp-image-98\" alt=\"IMG_0291\" src=\"https:\/\/blog.erm.ee\/wp-content\/uploads\/2012\/03\/IMG_0291.jpg\" width=\"600\" height=\"450\" srcset=\"https:\/\/blog.erm.ee\/wp-content\/uploads\/2012\/03\/IMG_0291.jpg 600w, https:\/\/blog.erm.ee\/wp-content\/uploads\/2012\/03\/IMG_0291-346x260.jpg 346w, https:\/\/blog.erm.ee\/wp-content\/uploads\/2012\/03\/IMG_0291-300x225.jpg 300w\" sizes=\"auto, (max-width: 600px) 100vw, 600px\" \/><br \/>\n<em>Leelokoor Tsirguk\u00f5s\u00f5 . Koolis on praegu kirjas direktor Svetlana Rakuta andmeil 158 last. Eesti ja sealhulgas setu juurtega lapsi on neist v\u00e4iksem osa. Foto: Sirje Madisson<br \/>\n<\/em><\/p>\n<div class=\"fcbkbttn_buttons_block\" id=\"fcbkbttn_left\"><div class=\"fcbkbttn_like \"><fb:like href=\"https:\/\/blog.erm.ee\/?p=96\" action=\"like\" colorscheme=\"light\" layout=\"standard\"  width=\"225px\" size=\"small\"><\/fb:like><\/div><div class=\"fb-share-button  \" data-href=\"https:\/\/blog.erm.ee\/?p=96\" data-type=\"button\" data-size=\"small\"><\/div><\/div>","protected":false},"excerpt":{"rendered":"<p>Vaike Reemann, teadur-kuraator ja Tiina Tael, peaarhivaar Emakeelep\u00e4eva j\u00e4rgsel varahommikul startis meie v\u00e4ike tarmukas seltskond &#8211; Sirje Madisson, Virve Tuubel, Tiina Tael ja Vaike Reemann &#8211; Tartust, et Petseris rahvasuus eesti kooliks h\u00fc\u00fctud g\u00fcmnaasiumi \u00f5pilastele eesti keeles eesti kultuurist ja Eesti Rahva Muuseumist r\u00e4\u00e4kida. Meiega oli otsustanud\u00a0 liituda ka Postimehe reporter Raimu Hanson, vahendamaks lehelugejaile&hellip;<\/p>\n","protected":false},"author":1,"featured_media":98,"comment_status":"open","ping_status":"open","sticky":false,"template":"","format":"standard","meta":{"_monsterinsights_skip_tracking":false,"_monsterinsights_sitenote_active":false,"_monsterinsights_sitenote_note":"","_monsterinsights_sitenote_category":0,"jetpack_post_was_ever_published":false,"_jetpack_newsletter_access":"","_jetpack_dont_email_post_to_subs":false,"_jetpack_newsletter_tier_id":0,"_jetpack_memberships_contains_paywalled_content":false,"_jetpack_memberships_contains_paid_content":false,"footnotes":""},"categories":[19],"tags":[],"class_list":["post-96","post","type-post","status-publish","format-standard","has-post-thumbnail","hentry","category-sundmus"],"yoast_head":"<!-- This site is optimized with the Yoast SEO plugin v27.5 - https:\/\/yoast.com\/product\/yoast-seo-wordpress\/ -->\n<title>Eesti keele p\u00e4ev Petseri Lingvistilises G\u00fcmnaasiumis 15.m\u00e4rtsil - Eesti Rahva Muuseumi ajaveeb<\/title>\n<meta name=\"robots\" content=\"index, follow, max-snippet:-1, max-image-preview:large, max-video-preview:-1\" \/>\n<link rel=\"canonical\" href=\"https:\/\/blog.erm.ee\/?p=96\" \/>\n<meta property=\"og:locale\" content=\"et_EE\" \/>\n<meta property=\"og:type\" content=\"article\" \/>\n<meta property=\"og:title\" content=\"Eesti keele p\u00e4ev Petseri Lingvistilises G\u00fcmnaasiumis 15.m\u00e4rtsil - Eesti Rahva Muuseumi ajaveeb\" \/>\n<meta property=\"og:description\" content=\"Vaike Reemann, teadur-kuraator ja Tiina Tael, peaarhivaar Emakeelep\u00e4eva j\u00e4rgsel varahommikul startis meie v\u00e4ike tarmukas seltskond &#8211; Sirje Madisson, Virve Tuubel, Tiina Tael ja Vaike Reemann &#8211; Tartust, et Petseris rahvasuus eesti kooliks h\u00fc\u00fctud g\u00fcmnaasiumi \u00f5pilastele eesti keeles eesti kultuurist ja Eesti Rahva Muuseumist r\u00e4\u00e4kida. Meiega oli otsustanud\u00a0 liituda ka Postimehe reporter Raimu Hanson, vahendamaks lehelugejaile&hellip;\" \/>\n<meta property=\"og:url\" content=\"https:\/\/blog.erm.ee\/?p=96\" \/>\n<meta property=\"og:site_name\" content=\"Eesti Rahva Muuseumi ajaveeb\" \/>\n<meta property=\"article:published_time\" content=\"2012-03-23T08:14:31+00:00\" \/>\n<meta property=\"article:modified_time\" content=\"2013-10-07T14:48:58+00:00\" \/>\n<meta property=\"og:image\" content=\"https:\/\/blog.erm.ee\/wp-content\/uploads\/2012\/03\/IMG_0291.jpg\" \/>\n\t<meta property=\"og:image:width\" content=\"600\" \/>\n\t<meta property=\"og:image:height\" content=\"450\" \/>\n\t<meta property=\"og:image:type\" content=\"image\/jpeg\" \/>\n<meta name=\"author\" content=\"Eesti Rahva Muuseum\" \/>\n<meta name=\"twitter:card\" content=\"summary_large_image\" \/>\n<meta name=\"twitter:label1\" content=\"Written by\" \/>\n\t<meta name=\"twitter:data1\" content=\"Eesti Rahva Muuseum\" \/>\n\t<meta name=\"twitter:label2\" content=\"Est. reading time\" \/>\n\t<meta name=\"twitter:data2\" content=\"3 minutit\" \/>\n<script type=\"application\/ld+json\" class=\"yoast-schema-graph\">{\"@context\":\"https:\\\/\\\/schema.org\",\"@graph\":[{\"@type\":\"Article\",\"@id\":\"https:\\\/\\\/blog.erm.ee\\\/?p=96#article\",\"isPartOf\":{\"@id\":\"https:\\\/\\\/blog.erm.ee\\\/?p=96\"},\"author\":{\"name\":\"Eesti Rahva Muuseum\",\"@id\":\"https:\\\/\\\/blog.erm.ee\\\/#\\\/schema\\\/person\\\/6e98c391cb00a33e7c22a3571e062114\"},\"headline\":\"Eesti keele p\u00e4ev Petseri Lingvistilises G\u00fcmnaasiumis 15.m\u00e4rtsil\",\"datePublished\":\"2012-03-23T08:14:31+00:00\",\"dateModified\":\"2013-10-07T14:48:58+00:00\",\"mainEntityOfPage\":{\"@id\":\"https:\\\/\\\/blog.erm.ee\\\/?p=96\"},\"wordCount\":698,\"commentCount\":0,\"image\":{\"@id\":\"https:\\\/\\\/blog.erm.ee\\\/?p=96#primaryimage\"},\"thumbnailUrl\":\"https:\\\/\\\/blog.erm.ee\\\/wp-content\\\/uploads\\\/2012\\\/03\\\/IMG_0291.jpg\",\"articleSection\":[\"S\u00fcndmus\"],\"inLanguage\":\"et\",\"potentialAction\":[{\"@type\":\"CommentAction\",\"name\":\"Comment\",\"target\":[\"https:\\\/\\\/blog.erm.ee\\\/?p=96#respond\"]}]},{\"@type\":\"WebPage\",\"@id\":\"https:\\\/\\\/blog.erm.ee\\\/?p=96\",\"url\":\"https:\\\/\\\/blog.erm.ee\\\/?p=96\",\"name\":\"Eesti keele p\u00e4ev Petseri Lingvistilises G\u00fcmnaasiumis 15.m\u00e4rtsil - Eesti Rahva Muuseumi ajaveeb\",\"isPartOf\":{\"@id\":\"https:\\\/\\\/blog.erm.ee\\\/#website\"},\"primaryImageOfPage\":{\"@id\":\"https:\\\/\\\/blog.erm.ee\\\/?p=96#primaryimage\"},\"image\":{\"@id\":\"https:\\\/\\\/blog.erm.ee\\\/?p=96#primaryimage\"},\"thumbnailUrl\":\"https:\\\/\\\/blog.erm.ee\\\/wp-content\\\/uploads\\\/2012\\\/03\\\/IMG_0291.jpg\",\"datePublished\":\"2012-03-23T08:14:31+00:00\",\"dateModified\":\"2013-10-07T14:48:58+00:00\",\"author\":{\"@id\":\"https:\\\/\\\/blog.erm.ee\\\/#\\\/schema\\\/person\\\/6e98c391cb00a33e7c22a3571e062114\"},\"breadcrumb\":{\"@id\":\"https:\\\/\\\/blog.erm.ee\\\/?p=96#breadcrumb\"},\"inLanguage\":\"et\",\"potentialAction\":[{\"@type\":\"ReadAction\",\"target\":[\"https:\\\/\\\/blog.erm.ee\\\/?p=96\"]}]},{\"@type\":\"ImageObject\",\"inLanguage\":\"et\",\"@id\":\"https:\\\/\\\/blog.erm.ee\\\/?p=96#primaryimage\",\"url\":\"https:\\\/\\\/blog.erm.ee\\\/wp-content\\\/uploads\\\/2012\\\/03\\\/IMG_0291.jpg\",\"contentUrl\":\"https:\\\/\\\/blog.erm.ee\\\/wp-content\\\/uploads\\\/2012\\\/03\\\/IMG_0291.jpg\",\"width\":600,\"height\":450},{\"@type\":\"BreadcrumbList\",\"@id\":\"https:\\\/\\\/blog.erm.ee\\\/?p=96#breadcrumb\",\"itemListElement\":[{\"@type\":\"ListItem\",\"position\":1,\"name\":\"Home\",\"item\":\"https:\\\/\\\/blog.erm.ee\\\/\"},{\"@type\":\"ListItem\",\"position\":2,\"name\":\"Eesti keele p\u00e4ev Petseri Lingvistilises G\u00fcmnaasiumis 15.m\u00e4rtsil\"}]},{\"@type\":\"WebSite\",\"@id\":\"https:\\\/\\\/blog.erm.ee\\\/#website\",\"url\":\"https:\\\/\\\/blog.erm.ee\\\/\",\"name\":\"Eesti Rahva Muuseumi ajaveeb\",\"description\":\"\",\"potentialAction\":[{\"@type\":\"SearchAction\",\"target\":{\"@type\":\"EntryPoint\",\"urlTemplate\":\"https:\\\/\\\/blog.erm.ee\\\/?s={search_term_string}\"},\"query-input\":{\"@type\":\"PropertyValueSpecification\",\"valueRequired\":true,\"valueName\":\"search_term_string\"}}],\"inLanguage\":\"et\"},{\"@type\":\"Person\",\"@id\":\"https:\\\/\\\/blog.erm.ee\\\/#\\\/schema\\\/person\\\/6e98c391cb00a33e7c22a3571e062114\",\"name\":\"Eesti Rahva Muuseum\",\"image\":{\"@type\":\"ImageObject\",\"inLanguage\":\"et\",\"@id\":\"https:\\\/\\\/secure.gravatar.com\\\/avatar\\\/cb6d9ad5fb49f3f7315028ce5fe60641075f2cb52b8a058ff5a985fa2d8c1da0?s=96&d=mm&r=g\",\"url\":\"https:\\\/\\\/secure.gravatar.com\\\/avatar\\\/cb6d9ad5fb49f3f7315028ce5fe60641075f2cb52b8a058ff5a985fa2d8c1da0?s=96&d=mm&r=g\",\"contentUrl\":\"https:\\\/\\\/secure.gravatar.com\\\/avatar\\\/cb6d9ad5fb49f3f7315028ce5fe60641075f2cb52b8a058ff5a985fa2d8c1da0?s=96&d=mm&r=g\",\"caption\":\"Eesti Rahva Muuseum\"},\"sameAs\":[\"http:\\\/\\\/www.erm.ee\"],\"url\":\"https:\\\/\\\/blog.erm.ee\\\/?author=1\"}]}<\/script>\n<!-- \/ Yoast SEO plugin. -->","yoast_head_json":{"title":"Eesti keele p\u00e4ev Petseri Lingvistilises G\u00fcmnaasiumis 15.m\u00e4rtsil - Eesti Rahva Muuseumi ajaveeb","robots":{"index":"index","follow":"follow","max-snippet":"max-snippet:-1","max-image-preview":"max-image-preview:large","max-video-preview":"max-video-preview:-1"},"canonical":"https:\/\/blog.erm.ee\/?p=96","og_locale":"et_EE","og_type":"article","og_title":"Eesti keele p\u00e4ev Petseri Lingvistilises G\u00fcmnaasiumis 15.m\u00e4rtsil - Eesti Rahva Muuseumi ajaveeb","og_description":"Vaike Reemann, teadur-kuraator ja Tiina Tael, peaarhivaar Emakeelep\u00e4eva j\u00e4rgsel varahommikul startis meie v\u00e4ike tarmukas seltskond &#8211; Sirje Madisson, Virve Tuubel, Tiina Tael ja Vaike Reemann &#8211; Tartust, et Petseris rahvasuus eesti kooliks h\u00fc\u00fctud g\u00fcmnaasiumi \u00f5pilastele eesti keeles eesti kultuurist ja Eesti Rahva Muuseumist r\u00e4\u00e4kida. Meiega oli otsustanud\u00a0 liituda ka Postimehe reporter Raimu Hanson, vahendamaks lehelugejaile&hellip;","og_url":"https:\/\/blog.erm.ee\/?p=96","og_site_name":"Eesti Rahva Muuseumi ajaveeb","article_published_time":"2012-03-23T08:14:31+00:00","article_modified_time":"2013-10-07T14:48:58+00:00","og_image":[{"width":600,"height":450,"url":"https:\/\/blog.erm.ee\/wp-content\/uploads\/2012\/03\/IMG_0291.jpg","type":"image\/jpeg"}],"author":"Eesti Rahva Muuseum","twitter_card":"summary_large_image","twitter_misc":{"Written by":"Eesti Rahva Muuseum","Est. reading time":"3 minutit"},"schema":{"@context":"https:\/\/schema.org","@graph":[{"@type":"Article","@id":"https:\/\/blog.erm.ee\/?p=96#article","isPartOf":{"@id":"https:\/\/blog.erm.ee\/?p=96"},"author":{"name":"Eesti Rahva Muuseum","@id":"https:\/\/blog.erm.ee\/#\/schema\/person\/6e98c391cb00a33e7c22a3571e062114"},"headline":"Eesti keele p\u00e4ev Petseri Lingvistilises G\u00fcmnaasiumis 15.m\u00e4rtsil","datePublished":"2012-03-23T08:14:31+00:00","dateModified":"2013-10-07T14:48:58+00:00","mainEntityOfPage":{"@id":"https:\/\/blog.erm.ee\/?p=96"},"wordCount":698,"commentCount":0,"image":{"@id":"https:\/\/blog.erm.ee\/?p=96#primaryimage"},"thumbnailUrl":"https:\/\/blog.erm.ee\/wp-content\/uploads\/2012\/03\/IMG_0291.jpg","articleSection":["S\u00fcndmus"],"inLanguage":"et","potentialAction":[{"@type":"CommentAction","name":"Comment","target":["https:\/\/blog.erm.ee\/?p=96#respond"]}]},{"@type":"WebPage","@id":"https:\/\/blog.erm.ee\/?p=96","url":"https:\/\/blog.erm.ee\/?p=96","name":"Eesti keele p\u00e4ev Petseri Lingvistilises G\u00fcmnaasiumis 15.m\u00e4rtsil - Eesti Rahva Muuseumi ajaveeb","isPartOf":{"@id":"https:\/\/blog.erm.ee\/#website"},"primaryImageOfPage":{"@id":"https:\/\/blog.erm.ee\/?p=96#primaryimage"},"image":{"@id":"https:\/\/blog.erm.ee\/?p=96#primaryimage"},"thumbnailUrl":"https:\/\/blog.erm.ee\/wp-content\/uploads\/2012\/03\/IMG_0291.jpg","datePublished":"2012-03-23T08:14:31+00:00","dateModified":"2013-10-07T14:48:58+00:00","author":{"@id":"https:\/\/blog.erm.ee\/#\/schema\/person\/6e98c391cb00a33e7c22a3571e062114"},"breadcrumb":{"@id":"https:\/\/blog.erm.ee\/?p=96#breadcrumb"},"inLanguage":"et","potentialAction":[{"@type":"ReadAction","target":["https:\/\/blog.erm.ee\/?p=96"]}]},{"@type":"ImageObject","inLanguage":"et","@id":"https:\/\/blog.erm.ee\/?p=96#primaryimage","url":"https:\/\/blog.erm.ee\/wp-content\/uploads\/2012\/03\/IMG_0291.jpg","contentUrl":"https:\/\/blog.erm.ee\/wp-content\/uploads\/2012\/03\/IMG_0291.jpg","width":600,"height":450},{"@type":"BreadcrumbList","@id":"https:\/\/blog.erm.ee\/?p=96#breadcrumb","itemListElement":[{"@type":"ListItem","position":1,"name":"Home","item":"https:\/\/blog.erm.ee\/"},{"@type":"ListItem","position":2,"name":"Eesti keele p\u00e4ev Petseri Lingvistilises G\u00fcmnaasiumis 15.m\u00e4rtsil"}]},{"@type":"WebSite","@id":"https:\/\/blog.erm.ee\/#website","url":"https:\/\/blog.erm.ee\/","name":"Eesti Rahva Muuseumi ajaveeb","description":"","potentialAction":[{"@type":"SearchAction","target":{"@type":"EntryPoint","urlTemplate":"https:\/\/blog.erm.ee\/?s={search_term_string}"},"query-input":{"@type":"PropertyValueSpecification","valueRequired":true,"valueName":"search_term_string"}}],"inLanguage":"et"},{"@type":"Person","@id":"https:\/\/blog.erm.ee\/#\/schema\/person\/6e98c391cb00a33e7c22a3571e062114","name":"Eesti Rahva Muuseum","image":{"@type":"ImageObject","inLanguage":"et","@id":"https:\/\/secure.gravatar.com\/avatar\/cb6d9ad5fb49f3f7315028ce5fe60641075f2cb52b8a058ff5a985fa2d8c1da0?s=96&d=mm&r=g","url":"https:\/\/secure.gravatar.com\/avatar\/cb6d9ad5fb49f3f7315028ce5fe60641075f2cb52b8a058ff5a985fa2d8c1da0?s=96&d=mm&r=g","contentUrl":"https:\/\/secure.gravatar.com\/avatar\/cb6d9ad5fb49f3f7315028ce5fe60641075f2cb52b8a058ff5a985fa2d8c1da0?s=96&d=mm&r=g","caption":"Eesti Rahva Muuseum"},"sameAs":["http:\/\/www.erm.ee"],"url":"https:\/\/blog.erm.ee\/?author=1"}]}},"jetpack_featured_media_url":"https:\/\/blog.erm.ee\/wp-content\/uploads\/2012\/03\/IMG_0291.jpg","jetpack_shortlink":"https:\/\/wp.me\/p2l9Zd-1y","jetpack_sharing_enabled":true,"jetpack_likes_enabled":true,"_links":{"self":[{"href":"https:\/\/blog.erm.ee\/index.php?rest_route=\/wp\/v2\/posts\/96","targetHints":{"allow":["GET"]}}],"collection":[{"href":"https:\/\/blog.erm.ee\/index.php?rest_route=\/wp\/v2\/posts"}],"about":[{"href":"https:\/\/blog.erm.ee\/index.php?rest_route=\/wp\/v2\/types\/post"}],"author":[{"embeddable":true,"href":"https:\/\/blog.erm.ee\/index.php?rest_route=\/wp\/v2\/users\/1"}],"replies":[{"embeddable":true,"href":"https:\/\/blog.erm.ee\/index.php?rest_route=%2Fwp%2Fv2%2Fcomments&post=96"}],"version-history":[{"count":18,"href":"https:\/\/blog.erm.ee\/index.php?rest_route=\/wp\/v2\/posts\/96\/revisions"}],"predecessor-version":[{"id":3219,"href":"https:\/\/blog.erm.ee\/index.php?rest_route=\/wp\/v2\/posts\/96\/revisions\/3219"}],"wp:featuredmedia":[{"embeddable":true,"href":"https:\/\/blog.erm.ee\/index.php?rest_route=\/wp\/v2\/media\/98"}],"wp:attachment":[{"href":"https:\/\/blog.erm.ee\/index.php?rest_route=%2Fwp%2Fv2%2Fmedia&parent=96"}],"wp:term":[{"taxonomy":"category","embeddable":true,"href":"https:\/\/blog.erm.ee\/index.php?rest_route=%2Fwp%2Fv2%2Fcategories&post=96"},{"taxonomy":"post_tag","embeddable":true,"href":"https:\/\/blog.erm.ee\/index.php?rest_route=%2Fwp%2Fv2%2Ftags&post=96"}],"curies":[{"name":"wp","href":"https:\/\/api.w.org\/{rel}","templated":true}]}}