{"id":9533,"date":"2017-02-23T07:58:37","date_gmt":"2017-02-23T05:58:37","guid":{"rendered":"http:\/\/blog.erm.ee\/?p=9533"},"modified":"2017-02-23T08:04:30","modified_gmt":"2017-02-23T06:04:30","slug":"anna-vares-alias-peeter-ronk-reamees-ja-vabadusristi-kavaler","status":"publish","type":"post","link":"https:\/\/blog.erm.ee\/?p=9533","title":{"rendered":"Anna Vares alias Peeter Ronk, reamees ja Vabadusristi kavaler"},"content":{"rendered":"<div class=\"fcbkbttn_buttons_block\" id=\"fcbkbttn_left\"><div class=\"fcbkbttn_like \"><fb:like href=\"https:\/\/blog.erm.ee\/?p=9533\" action=\"like\" colorscheme=\"light\" layout=\"standard\"  width=\"225px\" size=\"small\"><\/fb:like><\/div><div class=\"fb-share-button  \" data-href=\"https:\/\/blog.erm.ee\/?p=9533\" data-type=\"button\" data-size=\"small\"><\/div><\/div><p><em>K\u00fclli Lupkin, projektijuht<br \/>\n<\/em><\/p>\n<p><em>Fotod Anna Varese perekonnaarhiivist<\/em><\/p>\n<p>L\u00e4heneva Eesti Vabariigi aastap\u00e4eva puhul on m\u00f5nus meenutada eestlasi, kes on meile oma elusaatusega muljet avaldanud. Inimesed, kes on teinud midagi tavatut, ootamatut, julget, panevad meid ikka veidi ebamugavust tundma ja m\u00f5tlema, <em>kas mina oleksin nii teinud; kas ma oleksin selleks valmis olnud, julgenud seda teha<\/em>! Me kujutame ette, et sellised inimesed ongi ebatavalised. Ja nii see kindlasti ongi.<\/p>\n<p><a href=\"https:\/\/blog.erm.ee\/wp-content\/uploads\/2017\/02\/bv0003-1.jpg\"><img loading=\"lazy\" decoding=\"async\" data-attachment-id=\"9534\" data-permalink=\"https:\/\/blog.erm.ee\/?attachment_id=9534#main\" data-orig-file=\"https:\/\/blog.erm.ee\/wp-content\/uploads\/2017\/02\/bv0003-1.jpg\" data-orig-size=\"727,1200\" data-comments-opened=\"1\" data-image-meta=\"{&quot;aperture&quot;:&quot;0&quot;,&quot;credit&quot;:&quot;&quot;,&quot;camera&quot;:&quot;&quot;,&quot;caption&quot;:&quot;&quot;,&quot;created_timestamp&quot;:&quot;1485188164&quot;,&quot;copyright&quot;:&quot;&quot;,&quot;focal_length&quot;:&quot;0&quot;,&quot;iso&quot;:&quot;0&quot;,&quot;shutter_speed&quot;:&quot;0&quot;,&quot;title&quot;:&quot;&quot;,&quot;orientation&quot;:&quot;0&quot;}\" data-image-title=\"bv0003\" data-image-description=\"\" data-image-caption=\"\" data-large-file=\"https:\/\/blog.erm.ee\/wp-content\/uploads\/2017\/02\/bv0003-1-620x1024.jpg\" class=\"alignnone size-full wp-image-9534\" src=\"https:\/\/blog.erm.ee\/wp-content\/uploads\/2017\/02\/bv0003-1.jpg\" alt=\"\" width=\"727\" height=\"1200\" srcset=\"https:\/\/blog.erm.ee\/wp-content\/uploads\/2017\/02\/bv0003-1.jpg 727w, https:\/\/blog.erm.ee\/wp-content\/uploads\/2017\/02\/bv0003-1-158x260.jpg 158w, https:\/\/blog.erm.ee\/wp-content\/uploads\/2017\/02\/bv0003-1-182x300.jpg 182w, https:\/\/blog.erm.ee\/wp-content\/uploads\/2017\/02\/bv0003-1-620x1024.jpg 620w\" sizes=\"auto, (max-width: 727px) 100vw, 727px\" \/><\/a><em>Anna Vares<\/em><\/p>\n<p>Anna Vares l\u00e4ks 18 aastasena vabatahtlikult Vabaduss\u00f5tta \u2013 see polnud tollal kaugeltki tavaline samm \u00fche naise kohta. Ta teenis pool aastat 1. ratsapolgu sidekomandos k\u00e4skjalana ja j\u00f5udis osa v\u00f5tta lahingutest Narva rindel, Munam\u00e4e ja Marienburgi \u00fcmbruses ning L\u00e4timaal. Anna s\u00f5dis Peeter Ronga nime all, sest ei soovinud, et temasse suhtutaks kui naisterahvasse.<\/p>\n<p><a href=\"https:\/\/blog.erm.ee\/wp-content\/uploads\/2017\/02\/bv0016.jpg\"><img loading=\"lazy\" decoding=\"async\" data-attachment-id=\"9536\" data-permalink=\"https:\/\/blog.erm.ee\/?attachment_id=9536#main\" data-orig-file=\"https:\/\/blog.erm.ee\/wp-content\/uploads\/2017\/02\/bv0016.jpg\" data-orig-size=\"717,1200\" data-comments-opened=\"1\" data-image-meta=\"{&quot;aperture&quot;:&quot;0&quot;,&quot;credit&quot;:&quot;&quot;,&quot;camera&quot;:&quot;&quot;,&quot;caption&quot;:&quot;&quot;,&quot;created_timestamp&quot;:&quot;1485188526&quot;,&quot;copyright&quot;:&quot;&quot;,&quot;focal_length&quot;:&quot;0&quot;,&quot;iso&quot;:&quot;0&quot;,&quot;shutter_speed&quot;:&quot;0&quot;,&quot;title&quot;:&quot;&quot;,&quot;orientation&quot;:&quot;0&quot;}\" data-image-title=\"bv0016\" data-image-description=\"\" data-image-caption=\"\" data-large-file=\"https:\/\/blog.erm.ee\/wp-content\/uploads\/2017\/02\/bv0016-612x1024.jpg\" class=\"alignnone size-full wp-image-9536\" src=\"https:\/\/blog.erm.ee\/wp-content\/uploads\/2017\/02\/bv0016.jpg\" alt=\"\" width=\"717\" height=\"1200\" srcset=\"https:\/\/blog.erm.ee\/wp-content\/uploads\/2017\/02\/bv0016.jpg 717w, https:\/\/blog.erm.ee\/wp-content\/uploads\/2017\/02\/bv0016-155x260.jpg 155w, https:\/\/blog.erm.ee\/wp-content\/uploads\/2017\/02\/bv0016-179x300.jpg 179w, https:\/\/blog.erm.ee\/wp-content\/uploads\/2017\/02\/bv0016-612x1024.jpg 612w\" sizes=\"auto, (max-width: 717px) 100vw, 717px\" \/><\/a><em>Anna Vares<br \/>\n<\/em><\/p>\n<p>Anna Vares <em>alias<\/em> Peeter Ronk on \u00fcks kahest eesti naisest, keda tunnustati Vabadusristi aum\u00e4rgiga, teine on Salme Bergman. Talle anti 1920. aastal Vabadusristi II liigi 3. j\u00e4rk, sest ta paistis silma\u00a0 \u201evahvusega, mis \u00fclesn\u00e4idatud lahingus 20.03. 1919 Munam\u00e4e juures\u201c.<\/p>\n<p><a href=\"https:\/\/blog.erm.ee\/wp-content\/uploads\/2017\/02\/bv0014.jpg\"><img loading=\"lazy\" decoding=\"async\" data-attachment-id=\"9535\" data-permalink=\"https:\/\/blog.erm.ee\/?attachment_id=9535#main\" data-orig-file=\"https:\/\/blog.erm.ee\/wp-content\/uploads\/2017\/02\/bv0014.jpg\" data-orig-size=\"847,1200\" data-comments-opened=\"1\" data-image-meta=\"{&quot;aperture&quot;:&quot;0&quot;,&quot;credit&quot;:&quot;&quot;,&quot;camera&quot;:&quot;&quot;,&quot;caption&quot;:&quot;&quot;,&quot;created_timestamp&quot;:&quot;1485188489&quot;,&quot;copyright&quot;:&quot;&quot;,&quot;focal_length&quot;:&quot;0&quot;,&quot;iso&quot;:&quot;0&quot;,&quot;shutter_speed&quot;:&quot;0&quot;,&quot;title&quot;:&quot;&quot;,&quot;orientation&quot;:&quot;0&quot;}\" data-image-title=\"bv0014\" data-image-description=\"\" data-image-caption=\"\" data-large-file=\"https:\/\/blog.erm.ee\/wp-content\/uploads\/2017\/02\/bv0014-723x1024.jpg\" class=\"alignnone size-full wp-image-9535\" src=\"https:\/\/blog.erm.ee\/wp-content\/uploads\/2017\/02\/bv0014.jpg\" alt=\"\" width=\"847\" height=\"1200\" srcset=\"https:\/\/blog.erm.ee\/wp-content\/uploads\/2017\/02\/bv0014.jpg 847w, https:\/\/blog.erm.ee\/wp-content\/uploads\/2017\/02\/bv0014-184x260.jpg 184w, https:\/\/blog.erm.ee\/wp-content\/uploads\/2017\/02\/bv0014-212x300.jpg 212w, https:\/\/blog.erm.ee\/wp-content\/uploads\/2017\/02\/bv0014-768x1088.jpg 768w, https:\/\/blog.erm.ee\/wp-content\/uploads\/2017\/02\/bv0014-723x1024.jpg 723w\" sizes=\"auto, (max-width: 847px) 100vw, 847px\" \/><\/a><em>Anna Vares, 1923<\/em><\/p>\n<p>Rahu ja k\u00fclluse ajastul m\u00f5nusalt diivanil lebades ja tee k\u00f5rvale m\u00f5tteid veeretades tundub see k\u00f5ik seikluslik ja romantilinegi. Tegelikkus oli ilmselt hoopis midagi muud \u2013 k\u00fclm, n\u00e4lg, kurnatus, magamatus\u2026<\/p>\n<p>P\u00e4rast s\u00f5da Anna abiellus ja sai perekonnanimeks Kukk (saatuse iroonia: Vares \u2013 Ronk \u2013 Kukk). Ta sai viis last ning N\u00f5ukogude v\u00f5im andis talle 1946. aastal emamedali. Kuid see ei p\u00e4\u00e4stnud teda 1949. aastal Siberisse k\u00fc\u00fcditamisest. Eestisse tagasi tulles asus ta elama Viljandimaale, kus elas k\u00f5rge eani, surres 1987. aastal 86aastasena.<\/p>\n<p><a href=\"https:\/\/blog.erm.ee\/wp-content\/uploads\/2017\/02\/bv0006.jpg\"><img loading=\"lazy\" decoding=\"async\" data-attachment-id=\"9538\" data-permalink=\"https:\/\/blog.erm.ee\/?attachment_id=9538#main\" data-orig-file=\"https:\/\/blog.erm.ee\/wp-content\/uploads\/2017\/02\/bv0006.jpg\" data-orig-size=\"762,1200\" data-comments-opened=\"1\" data-image-meta=\"{&quot;aperture&quot;:&quot;0&quot;,&quot;credit&quot;:&quot;&quot;,&quot;camera&quot;:&quot;&quot;,&quot;caption&quot;:&quot;&quot;,&quot;created_timestamp&quot;:&quot;1485188259&quot;,&quot;copyright&quot;:&quot;&quot;,&quot;focal_length&quot;:&quot;0&quot;,&quot;iso&quot;:&quot;0&quot;,&quot;shutter_speed&quot;:&quot;0&quot;,&quot;title&quot;:&quot;&quot;,&quot;orientation&quot;:&quot;0&quot;}\" data-image-title=\"bv0006\" data-image-description=\"\" data-image-caption=\"\" data-large-file=\"https:\/\/blog.erm.ee\/wp-content\/uploads\/2017\/02\/bv0006-650x1024.jpg\" class=\"alignnone size-full wp-image-9538\" src=\"https:\/\/blog.erm.ee\/wp-content\/uploads\/2017\/02\/bv0006.jpg\" alt=\"\" width=\"762\" height=\"1200\" srcset=\"https:\/\/blog.erm.ee\/wp-content\/uploads\/2017\/02\/bv0006.jpg 762w, https:\/\/blog.erm.ee\/wp-content\/uploads\/2017\/02\/bv0006-165x260.jpg 165w, https:\/\/blog.erm.ee\/wp-content\/uploads\/2017\/02\/bv0006-191x300.jpg 191w, https:\/\/blog.erm.ee\/wp-content\/uploads\/2017\/02\/bv0006-650x1024.jpg 650w\" sizes=\"auto, (max-width: 762px) 100vw, 762px\" \/><\/a><em>Kaks vanemat last: Magda ja Ilmar<\/em><\/p>\n<p><a href=\"https:\/\/blog.erm.ee\/wp-content\/uploads\/2017\/02\/bv0007.jpg\"><img loading=\"lazy\" decoding=\"async\" data-attachment-id=\"9539\" data-permalink=\"https:\/\/blog.erm.ee\/?attachment_id=9539#main\" data-orig-file=\"https:\/\/blog.erm.ee\/wp-content\/uploads\/2017\/02\/bv0007.jpg\" data-orig-size=\"751,1200\" data-comments-opened=\"1\" data-image-meta=\"{&quot;aperture&quot;:&quot;0&quot;,&quot;credit&quot;:&quot;&quot;,&quot;camera&quot;:&quot;&quot;,&quot;caption&quot;:&quot;&quot;,&quot;created_timestamp&quot;:&quot;1485188287&quot;,&quot;copyright&quot;:&quot;&quot;,&quot;focal_length&quot;:&quot;0&quot;,&quot;iso&quot;:&quot;0&quot;,&quot;shutter_speed&quot;:&quot;0&quot;,&quot;title&quot;:&quot;&quot;,&quot;orientation&quot;:&quot;0&quot;}\" data-image-title=\"bv0007\" data-image-description=\"\" data-image-caption=\"\" data-large-file=\"https:\/\/blog.erm.ee\/wp-content\/uploads\/2017\/02\/bv0007-641x1024.jpg\" class=\"alignnone size-full wp-image-9539\" src=\"https:\/\/blog.erm.ee\/wp-content\/uploads\/2017\/02\/bv0007.jpg\" alt=\"\" width=\"751\" height=\"1200\" srcset=\"https:\/\/blog.erm.ee\/wp-content\/uploads\/2017\/02\/bv0007.jpg 751w, https:\/\/blog.erm.ee\/wp-content\/uploads\/2017\/02\/bv0007-163x260.jpg 163w, https:\/\/blog.erm.ee\/wp-content\/uploads\/2017\/02\/bv0007-188x300.jpg 188w, https:\/\/blog.erm.ee\/wp-content\/uploads\/2017\/02\/bv0007-641x1024.jpg 641w\" sizes=\"auto, (max-width: 751px) 100vw, 751px\" \/><\/a><em>Kolm vanemat last: Magda, Ilmar ja Vaike<\/em><\/p>\n<p><a href=\"https:\/\/blog.erm.ee\/wp-content\/uploads\/2017\/02\/bv0012.jpg\"><img loading=\"lazy\" decoding=\"async\" data-attachment-id=\"9540\" data-permalink=\"https:\/\/blog.erm.ee\/?attachment_id=9540#main\" data-orig-file=\"https:\/\/blog.erm.ee\/wp-content\/uploads\/2017\/02\/bv0012.jpg\" data-orig-size=\"1200,777\" data-comments-opened=\"1\" data-image-meta=\"{&quot;aperture&quot;:&quot;0&quot;,&quot;credit&quot;:&quot;&quot;,&quot;camera&quot;:&quot;&quot;,&quot;caption&quot;:&quot;&quot;,&quot;created_timestamp&quot;:&quot;1485188445&quot;,&quot;copyright&quot;:&quot;&quot;,&quot;focal_length&quot;:&quot;0&quot;,&quot;iso&quot;:&quot;0&quot;,&quot;shutter_speed&quot;:&quot;0&quot;,&quot;title&quot;:&quot;&quot;,&quot;orientation&quot;:&quot;0&quot;}\" data-image-title=\"bv0012\" data-image-description=\"\" data-image-caption=\"\" data-large-file=\"https:\/\/blog.erm.ee\/wp-content\/uploads\/2017\/02\/bv0012-1024x663.jpg\" class=\"alignnone size-full wp-image-9540\" src=\"https:\/\/blog.erm.ee\/wp-content\/uploads\/2017\/02\/bv0012.jpg\" alt=\"\" width=\"1200\" height=\"777\" srcset=\"https:\/\/blog.erm.ee\/wp-content\/uploads\/2017\/02\/bv0012.jpg 1200w, https:\/\/blog.erm.ee\/wp-content\/uploads\/2017\/02\/bv0012-402x260.jpg 402w, https:\/\/blog.erm.ee\/wp-content\/uploads\/2017\/02\/bv0012-300x194.jpg 300w, https:\/\/blog.erm.ee\/wp-content\/uploads\/2017\/02\/bv0012-768x497.jpg 768w, https:\/\/blog.erm.ee\/wp-content\/uploads\/2017\/02\/bv0012-1024x663.jpg 1024w\" sizes=\"auto, (max-width: 1200px) 100vw, 1200px\" \/><\/a><em>Anna oma nelja lapse ja ema Liisiga Viljandimaal oma talus 1946. v\u00f5i 1947. aastal<\/em><\/p>\n<p><a href=\"https:\/\/blog.erm.ee\/wp-content\/uploads\/2017\/02\/bv0013.jpg\"><img loading=\"lazy\" decoding=\"async\" data-attachment-id=\"9541\" data-permalink=\"https:\/\/blog.erm.ee\/?attachment_id=9541#main\" data-orig-file=\"https:\/\/blog.erm.ee\/wp-content\/uploads\/2017\/02\/bv0013.jpg\" data-orig-size=\"1200,780\" data-comments-opened=\"1\" data-image-meta=\"{&quot;aperture&quot;:&quot;0&quot;,&quot;credit&quot;:&quot;&quot;,&quot;camera&quot;:&quot;&quot;,&quot;caption&quot;:&quot;&quot;,&quot;created_timestamp&quot;:&quot;1485188473&quot;,&quot;copyright&quot;:&quot;&quot;,&quot;focal_length&quot;:&quot;0&quot;,&quot;iso&quot;:&quot;0&quot;,&quot;shutter_speed&quot;:&quot;0&quot;,&quot;title&quot;:&quot;&quot;,&quot;orientation&quot;:&quot;0&quot;}\" data-image-title=\"bv0013\" data-image-description=\"\" data-image-caption=\"\" data-large-file=\"https:\/\/blog.erm.ee\/wp-content\/uploads\/2017\/02\/bv0013-1024x666.jpg\" class=\"alignnone size-full wp-image-9541\" src=\"https:\/\/blog.erm.ee\/wp-content\/uploads\/2017\/02\/bv0013.jpg\" alt=\"\" width=\"1200\" height=\"780\" srcset=\"https:\/\/blog.erm.ee\/wp-content\/uploads\/2017\/02\/bv0013.jpg 1200w, https:\/\/blog.erm.ee\/wp-content\/uploads\/2017\/02\/bv0013-400x260.jpg 400w, https:\/\/blog.erm.ee\/wp-content\/uploads\/2017\/02\/bv0013-300x195.jpg 300w, https:\/\/blog.erm.ee\/wp-content\/uploads\/2017\/02\/bv0013-768x499.jpg 768w, https:\/\/blog.erm.ee\/wp-content\/uploads\/2017\/02\/bv0013-1024x666.jpg 1024w\" sizes=\"auto, (max-width: 1200px) 100vw, 1200px\" \/><\/a><em>Oma talus Viljandimaal 1946 v\u00f5i 1947. aastal<\/em><\/p>\n<p><a href=\"https:\/\/blog.erm.ee\/wp-content\/uploads\/2017\/02\/bv0004.jpg\"><img loading=\"lazy\" decoding=\"async\" data-attachment-id=\"9542\" data-permalink=\"https:\/\/blog.erm.ee\/?attachment_id=9542#main\" data-orig-file=\"https:\/\/blog.erm.ee\/wp-content\/uploads\/2017\/02\/bv0004.jpg\" data-orig-size=\"1200,845\" data-comments-opened=\"1\" data-image-meta=\"{&quot;aperture&quot;:&quot;0&quot;,&quot;credit&quot;:&quot;&quot;,&quot;camera&quot;:&quot;&quot;,&quot;caption&quot;:&quot;&quot;,&quot;created_timestamp&quot;:&quot;1485188210&quot;,&quot;copyright&quot;:&quot;&quot;,&quot;focal_length&quot;:&quot;0&quot;,&quot;iso&quot;:&quot;0&quot;,&quot;shutter_speed&quot;:&quot;0&quot;,&quot;title&quot;:&quot;&quot;,&quot;orientation&quot;:&quot;0&quot;}\" data-image-title=\"bv0004\" data-image-description=\"\" data-image-caption=\"\" data-large-file=\"https:\/\/blog.erm.ee\/wp-content\/uploads\/2017\/02\/bv0004-1024x721.jpg\" class=\"alignnone size-full wp-image-9542\" src=\"https:\/\/blog.erm.ee\/wp-content\/uploads\/2017\/02\/bv0004.jpg\" alt=\"\" width=\"1200\" height=\"845\" srcset=\"https:\/\/blog.erm.ee\/wp-content\/uploads\/2017\/02\/bv0004.jpg 1200w, https:\/\/blog.erm.ee\/wp-content\/uploads\/2017\/02\/bv0004-369x260.jpg 369w, https:\/\/blog.erm.ee\/wp-content\/uploads\/2017\/02\/bv0004-300x211.jpg 300w, https:\/\/blog.erm.ee\/wp-content\/uploads\/2017\/02\/bv0004-768x541.jpg 768w, https:\/\/blog.erm.ee\/wp-content\/uploads\/2017\/02\/bv0004-1024x721.jpg 1024w\" sizes=\"auto, (max-width: 1200px) 100vw, 1200px\" \/><\/a><em>80 aasta juubelil koos lastega<\/em><\/p>\n<p><a href=\"https:\/\/blog.erm.ee\/wp-content\/uploads\/2017\/02\/bv0010.jpg\"><img loading=\"lazy\" decoding=\"async\" data-attachment-id=\"9543\" data-permalink=\"https:\/\/blog.erm.ee\/?attachment_id=9543#main\" data-orig-file=\"https:\/\/blog.erm.ee\/wp-content\/uploads\/2017\/02\/bv0010.jpg\" data-orig-size=\"1200,851\" data-comments-opened=\"1\" data-image-meta=\"{&quot;aperture&quot;:&quot;0&quot;,&quot;credit&quot;:&quot;&quot;,&quot;camera&quot;:&quot;&quot;,&quot;caption&quot;:&quot;&quot;,&quot;created_timestamp&quot;:&quot;1485188390&quot;,&quot;copyright&quot;:&quot;&quot;,&quot;focal_length&quot;:&quot;0&quot;,&quot;iso&quot;:&quot;0&quot;,&quot;shutter_speed&quot;:&quot;0&quot;,&quot;title&quot;:&quot;&quot;,&quot;orientation&quot;:&quot;0&quot;}\" data-image-title=\"bv0010\" data-image-description=\"\" data-image-caption=\"\" data-large-file=\"https:\/\/blog.erm.ee\/wp-content\/uploads\/2017\/02\/bv0010-1024x726.jpg\" class=\"alignnone size-full wp-image-9543\" src=\"https:\/\/blog.erm.ee\/wp-content\/uploads\/2017\/02\/bv0010.jpg\" alt=\"\" width=\"1200\" height=\"851\" srcset=\"https:\/\/blog.erm.ee\/wp-content\/uploads\/2017\/02\/bv0010.jpg 1200w, https:\/\/blog.erm.ee\/wp-content\/uploads\/2017\/02\/bv0010-367x260.jpg 367w, https:\/\/blog.erm.ee\/wp-content\/uploads\/2017\/02\/bv0010-300x213.jpg 300w, https:\/\/blog.erm.ee\/wp-content\/uploads\/2017\/02\/bv0010-768x545.jpg 768w, https:\/\/blog.erm.ee\/wp-content\/uploads\/2017\/02\/bv0010-1024x726.jpg 1024w\" sizes=\"auto, (max-width: 1200px) 100vw, 1200px\" \/><\/a><em>80 aasta juubelis koos lapselastega<\/em><\/p>\n<p>Tema elust ja saatusest on viimasel ajal pikemalt kirjutatud meedias ja ka raamatus.<a href=\"#_ftn1\" name=\"_ftnref1\">[1]<\/a> Aasta alguses k\u00fclastas aga ERMi Anna lapselaps Toomas Leppik, kes leidis Eesti teenetem\u00e4rke tutvustavas saalis \u00fclevaate oma vanaema saavutuste kohta. Ta v\u00f5ttis muuseumiga \u00fchendust ja pakkus ERMile eksponeerimiseks Annale kuulunud Vabadusristi. T\u00e4nu sellele perele on see n\u00fc\u00fcd eksponeeritud ERMi saalis \u201eRahvas ja riik\u201c.<\/p>\n<p>Head vabariigi aastap\u00e4eva!<\/p>\n<p><a href=\"https:\/\/blog.erm.ee\/wp-content\/uploads\/2017\/02\/Anna-Vares_1.jpg\"><img loading=\"lazy\" decoding=\"async\" data-attachment-id=\"9547\" data-permalink=\"https:\/\/blog.erm.ee\/?attachment_id=9547#main\" data-orig-file=\"https:\/\/blog.erm.ee\/wp-content\/uploads\/2017\/02\/Anna-Vares_1.jpg\" data-orig-size=\"801,1200\" data-comments-opened=\"1\" data-image-meta=\"{&quot;aperture&quot;:&quot;0&quot;,&quot;credit&quot;:&quot;&quot;,&quot;camera&quot;:&quot;&quot;,&quot;caption&quot;:&quot;&quot;,&quot;created_timestamp&quot;:&quot;1485255228&quot;,&quot;copyright&quot;:&quot;&quot;,&quot;focal_length&quot;:&quot;0&quot;,&quot;iso&quot;:&quot;0&quot;,&quot;shutter_speed&quot;:&quot;0&quot;,&quot;title&quot;:&quot;&quot;,&quot;orientation&quot;:&quot;0&quot;}\" data-image-title=\"Anna Vares_1\" data-image-description=\"\" data-image-caption=\"\" data-large-file=\"https:\/\/blog.erm.ee\/wp-content\/uploads\/2017\/02\/Anna-Vares_1-684x1024.jpg\" class=\"alignnone size-full wp-image-9547\" src=\"https:\/\/blog.erm.ee\/wp-content\/uploads\/2017\/02\/Anna-Vares_1.jpg\" alt=\"\" width=\"801\" height=\"1200\" srcset=\"https:\/\/blog.erm.ee\/wp-content\/uploads\/2017\/02\/Anna-Vares_1.jpg 801w, https:\/\/blog.erm.ee\/wp-content\/uploads\/2017\/02\/Anna-Vares_1-174x260.jpg 174w, https:\/\/blog.erm.ee\/wp-content\/uploads\/2017\/02\/Anna-Vares_1-200x300.jpg 200w, https:\/\/blog.erm.ee\/wp-content\/uploads\/2017\/02\/Anna-Vares_1-768x1151.jpg 768w, https:\/\/blog.erm.ee\/wp-content\/uploads\/2017\/02\/Anna-Vares_1-684x1024.jpg 684w\" sizes=\"auto, (max-width: 801px) 100vw, 801px\" \/><\/a><em>Foto Anu Ansu<\/em><\/p>\n<p><a href=\"https:\/\/blog.erm.ee\/wp-content\/uploads\/2017\/02\/Anna-Vares_2.jpg\"><img loading=\"lazy\" decoding=\"async\" data-attachment-id=\"9548\" data-permalink=\"https:\/\/blog.erm.ee\/?attachment_id=9548#main\" data-orig-file=\"https:\/\/blog.erm.ee\/wp-content\/uploads\/2017\/02\/Anna-Vares_2.jpg\" data-orig-size=\"1200,801\" data-comments-opened=\"1\" data-image-meta=\"{&quot;aperture&quot;:&quot;0&quot;,&quot;credit&quot;:&quot;&quot;,&quot;camera&quot;:&quot;&quot;,&quot;caption&quot;:&quot;&quot;,&quot;created_timestamp&quot;:&quot;1485255335&quot;,&quot;copyright&quot;:&quot;&quot;,&quot;focal_length&quot;:&quot;0&quot;,&quot;iso&quot;:&quot;0&quot;,&quot;shutter_speed&quot;:&quot;0&quot;,&quot;title&quot;:&quot;&quot;,&quot;orientation&quot;:&quot;0&quot;}\" data-image-title=\"Anna Vares_2\" data-image-description=\"\" data-image-caption=\"\" data-large-file=\"https:\/\/blog.erm.ee\/wp-content\/uploads\/2017\/02\/Anna-Vares_2-1024x684.jpg\" class=\"alignnone size-full wp-image-9548\" src=\"https:\/\/blog.erm.ee\/wp-content\/uploads\/2017\/02\/Anna-Vares_2.jpg\" alt=\"\" width=\"1200\" height=\"801\" srcset=\"https:\/\/blog.erm.ee\/wp-content\/uploads\/2017\/02\/Anna-Vares_2.jpg 1200w, https:\/\/blog.erm.ee\/wp-content\/uploads\/2017\/02\/Anna-Vares_2-390x260.jpg 390w, https:\/\/blog.erm.ee\/wp-content\/uploads\/2017\/02\/Anna-Vares_2-300x200.jpg 300w, https:\/\/blog.erm.ee\/wp-content\/uploads\/2017\/02\/Anna-Vares_2-768x513.jpg 768w, https:\/\/blog.erm.ee\/wp-content\/uploads\/2017\/02\/Anna-Vares_2-1024x684.jpg 1024w\" sizes=\"auto, (max-width: 1200px) 100vw, 1200px\" \/><\/a><em>Foto Anu Ansu<\/em><\/p>\n<p><a href=\"https:\/\/blog.erm.ee\/wp-content\/uploads\/2017\/02\/Anna-Vares_3.jpg\"><img loading=\"lazy\" decoding=\"async\" data-attachment-id=\"9549\" data-permalink=\"https:\/\/blog.erm.ee\/?attachment_id=9549#main\" data-orig-file=\"https:\/\/blog.erm.ee\/wp-content\/uploads\/2017\/02\/Anna-Vares_3.jpg\" data-orig-size=\"1200,801\" data-comments-opened=\"1\" data-image-meta=\"{&quot;aperture&quot;:&quot;0&quot;,&quot;credit&quot;:&quot;&quot;,&quot;camera&quot;:&quot;&quot;,&quot;caption&quot;:&quot;&quot;,&quot;created_timestamp&quot;:&quot;1485255369&quot;,&quot;copyright&quot;:&quot;&quot;,&quot;focal_length&quot;:&quot;0&quot;,&quot;iso&quot;:&quot;0&quot;,&quot;shutter_speed&quot;:&quot;0&quot;,&quot;title&quot;:&quot;&quot;,&quot;orientation&quot;:&quot;0&quot;}\" data-image-title=\"Anna Vares_3\" data-image-description=\"\" data-image-caption=\"\" data-large-file=\"https:\/\/blog.erm.ee\/wp-content\/uploads\/2017\/02\/Anna-Vares_3-1024x684.jpg\" class=\"alignnone size-full wp-image-9549\" src=\"https:\/\/blog.erm.ee\/wp-content\/uploads\/2017\/02\/Anna-Vares_3.jpg\" alt=\"\" width=\"1200\" height=\"801\" srcset=\"https:\/\/blog.erm.ee\/wp-content\/uploads\/2017\/02\/Anna-Vares_3.jpg 1200w, https:\/\/blog.erm.ee\/wp-content\/uploads\/2017\/02\/Anna-Vares_3-390x260.jpg 390w, https:\/\/blog.erm.ee\/wp-content\/uploads\/2017\/02\/Anna-Vares_3-300x200.jpg 300w, https:\/\/blog.erm.ee\/wp-content\/uploads\/2017\/02\/Anna-Vares_3-768x513.jpg 768w, https:\/\/blog.erm.ee\/wp-content\/uploads\/2017\/02\/Anna-Vares_3-1024x684.jpg 1024w\" sizes=\"auto, (max-width: 1200px) 100vw, 1200px\" \/><\/a><em>Foto Anu Ansu<\/em><\/p>\n<p><a href=\"#_ftnref1\" name=\"_ftn1\">[1]<\/a> <a href=\"http:\/\/naine24.postimees.ee\/4014297\/vabadussoja-amatsoon-anna-vares-kukk-naine-kes-voitles-mehena-vabaduse-eest\">http:\/\/naine24.postimees.ee\/4014297\/vabadussoja-amatsoon-anna-vares-kukk-naine-kes-voitles-mehena-vabaduse-eest<\/a>;\u00a0 Anneli Aasm\u00e4e \u201eKolme linnunimega s\u00f5jakangelanna\u201c Elukiri, 2016; <a href=\"http:\/\/dea.digar.ee\/cgi-bin\/dea?a=d&amp;d=esmaspaev19380411.2.21\">http:\/\/dea.digar.ee\/cgi-bin\/dea?a=d&amp;d=esmaspaev19380411.2.21<\/a>; Ain Krillo, Jaak Pihlak, Mati Strauss \u201eEesti Vabaduseristi kavalerid\u201c, 2016.<\/p>\n<div class=\"fcbkbttn_buttons_block\" id=\"fcbkbttn_left\"><div class=\"fcbkbttn_like \"><fb:like href=\"https:\/\/blog.erm.ee\/?p=9533\" action=\"like\" colorscheme=\"light\" layout=\"standard\"  width=\"225px\" size=\"small\"><\/fb:like><\/div><div class=\"fb-share-button  \" data-href=\"https:\/\/blog.erm.ee\/?p=9533\" data-type=\"button\" data-size=\"small\"><\/div><\/div>","protected":false},"excerpt":{"rendered":"<p>K\u00fclli Lupkin, projektijuht Fotod Anna Varese perekonnaarhiivist L\u00e4heneva Eesti Vabariigi aastap\u00e4eva puhul on m\u00f5nus meenutada eestlasi, kes on meile oma elusaatusega muljet avaldanud. Inimesed, kes on teinud midagi tavatut, ootamatut, julget, panevad meid ikka veidi ebamugavust tundma ja m\u00f5tlema, kas mina oleksin nii teinud; kas ma oleksin selleks valmis olnud, julgenud seda teha! Me kujutame&hellip;<\/p>\n","protected":false},"author":1,"featured_media":9547,"comment_status":"open","ping_status":"open","sticky":false,"template":"","format":"standard","meta":{"_monsterinsights_skip_tracking":false,"_monsterinsights_sitenote_active":false,"_monsterinsights_sitenote_note":"","_monsterinsights_sitenote_category":0,"jetpack_post_was_ever_published":false,"_jetpack_newsletter_access":"","_jetpack_dont_email_post_to_subs":true,"_jetpack_newsletter_tier_id":0,"_jetpack_memberships_contains_paywalled_content":false,"_jetpack_memberships_contains_paid_content":false,"footnotes":""},"categories":[7],"tags":[],"class_list":["post-9533","post","type-post","status-publish","format-standard","has-post-thumbnail","hentry","category-naitus"],"yoast_head":"<!-- This site is optimized with the Yoast SEO plugin v27.4 - https:\/\/yoast.com\/product\/yoast-seo-wordpress\/ -->\n<title>Anna Vares alias Peeter Ronk, reamees ja Vabadusristi kavaler - Eesti Rahva Muuseumi ajaveeb<\/title>\n<meta name=\"robots\" content=\"index, follow, max-snippet:-1, max-image-preview:large, max-video-preview:-1\" \/>\n<link rel=\"canonical\" href=\"https:\/\/blog.erm.ee\/?p=9533\" \/>\n<meta property=\"og:locale\" content=\"et_EE\" \/>\n<meta property=\"og:type\" content=\"article\" \/>\n<meta property=\"og:title\" content=\"Anna Vares alias Peeter Ronk, reamees ja Vabadusristi kavaler - Eesti Rahva Muuseumi ajaveeb\" \/>\n<meta property=\"og:description\" content=\"K\u00fclli Lupkin, projektijuht Fotod Anna Varese perekonnaarhiivist L\u00e4heneva Eesti Vabariigi aastap\u00e4eva puhul on m\u00f5nus meenutada eestlasi, kes on meile oma elusaatusega muljet avaldanud. Inimesed, kes on teinud midagi tavatut, ootamatut, julget, panevad meid ikka veidi ebamugavust tundma ja m\u00f5tlema, kas mina oleksin nii teinud; kas ma oleksin selleks valmis olnud, julgenud seda teha! Me kujutame&hellip;\" \/>\n<meta property=\"og:url\" content=\"https:\/\/blog.erm.ee\/?p=9533\" \/>\n<meta property=\"og:site_name\" content=\"Eesti Rahva Muuseumi ajaveeb\" \/>\n<meta property=\"article:published_time\" content=\"2017-02-23T05:58:37+00:00\" \/>\n<meta property=\"article:modified_time\" content=\"2017-02-23T06:04:30+00:00\" \/>\n<meta property=\"og:image\" content=\"https:\/\/blog.erm.ee\/wp-content\/uploads\/2017\/02\/Anna-Vares_1.jpg\" \/>\n\t<meta property=\"og:image:width\" content=\"801\" \/>\n\t<meta property=\"og:image:height\" content=\"1200\" \/>\n\t<meta property=\"og:image:type\" content=\"image\/jpeg\" \/>\n<meta name=\"author\" content=\"Eesti Rahva Muuseum\" \/>\n<meta name=\"twitter:card\" content=\"summary_large_image\" \/>\n<meta name=\"twitter:label1\" content=\"Written by\" \/>\n\t<meta name=\"twitter:data1\" content=\"Eesti Rahva Muuseum\" \/>\n\t<meta name=\"twitter:label2\" content=\"Est. reading time\" \/>\n\t<meta name=\"twitter:data2\" content=\"2 minutit\" \/>\n<script type=\"application\/ld+json\" class=\"yoast-schema-graph\">{\"@context\":\"https:\\\/\\\/schema.org\",\"@graph\":[{\"@type\":\"Article\",\"@id\":\"https:\\\/\\\/blog.erm.ee\\\/?p=9533#article\",\"isPartOf\":{\"@id\":\"https:\\\/\\\/blog.erm.ee\\\/?p=9533\"},\"author\":{\"name\":\"Eesti Rahva Muuseum\",\"@id\":\"https:\\\/\\\/blog.erm.ee\\\/#\\\/schema\\\/person\\\/6e98c391cb00a33e7c22a3571e062114\"},\"headline\":\"Anna Vares alias Peeter Ronk, reamees ja Vabadusristi kavaler\",\"datePublished\":\"2017-02-23T05:58:37+00:00\",\"dateModified\":\"2017-02-23T06:04:30+00:00\",\"mainEntityOfPage\":{\"@id\":\"https:\\\/\\\/blog.erm.ee\\\/?p=9533\"},\"wordCount\":417,\"commentCount\":0,\"image\":{\"@id\":\"https:\\\/\\\/blog.erm.ee\\\/?p=9533#primaryimage\"},\"thumbnailUrl\":\"https:\\\/\\\/blog.erm.ee\\\/wp-content\\\/uploads\\\/2017\\\/02\\\/Anna-Vares_1.jpg\",\"articleSection\":[\"N\u00e4itus\"],\"inLanguage\":\"et\",\"potentialAction\":[{\"@type\":\"CommentAction\",\"name\":\"Comment\",\"target\":[\"https:\\\/\\\/blog.erm.ee\\\/?p=9533#respond\"]}]},{\"@type\":\"WebPage\",\"@id\":\"https:\\\/\\\/blog.erm.ee\\\/?p=9533\",\"url\":\"https:\\\/\\\/blog.erm.ee\\\/?p=9533\",\"name\":\"Anna Vares alias Peeter Ronk, reamees ja Vabadusristi kavaler - Eesti Rahva Muuseumi ajaveeb\",\"isPartOf\":{\"@id\":\"https:\\\/\\\/blog.erm.ee\\\/#website\"},\"primaryImageOfPage\":{\"@id\":\"https:\\\/\\\/blog.erm.ee\\\/?p=9533#primaryimage\"},\"image\":{\"@id\":\"https:\\\/\\\/blog.erm.ee\\\/?p=9533#primaryimage\"},\"thumbnailUrl\":\"https:\\\/\\\/blog.erm.ee\\\/wp-content\\\/uploads\\\/2017\\\/02\\\/Anna-Vares_1.jpg\",\"datePublished\":\"2017-02-23T05:58:37+00:00\",\"dateModified\":\"2017-02-23T06:04:30+00:00\",\"author\":{\"@id\":\"https:\\\/\\\/blog.erm.ee\\\/#\\\/schema\\\/person\\\/6e98c391cb00a33e7c22a3571e062114\"},\"breadcrumb\":{\"@id\":\"https:\\\/\\\/blog.erm.ee\\\/?p=9533#breadcrumb\"},\"inLanguage\":\"et\",\"potentialAction\":[{\"@type\":\"ReadAction\",\"target\":[\"https:\\\/\\\/blog.erm.ee\\\/?p=9533\"]}]},{\"@type\":\"ImageObject\",\"inLanguage\":\"et\",\"@id\":\"https:\\\/\\\/blog.erm.ee\\\/?p=9533#primaryimage\",\"url\":\"https:\\\/\\\/blog.erm.ee\\\/wp-content\\\/uploads\\\/2017\\\/02\\\/Anna-Vares_1.jpg\",\"contentUrl\":\"https:\\\/\\\/blog.erm.ee\\\/wp-content\\\/uploads\\\/2017\\\/02\\\/Anna-Vares_1.jpg\",\"width\":801,\"height\":1200},{\"@type\":\"BreadcrumbList\",\"@id\":\"https:\\\/\\\/blog.erm.ee\\\/?p=9533#breadcrumb\",\"itemListElement\":[{\"@type\":\"ListItem\",\"position\":1,\"name\":\"Home\",\"item\":\"https:\\\/\\\/blog.erm.ee\\\/\"},{\"@type\":\"ListItem\",\"position\":2,\"name\":\"Anna Vares alias Peeter Ronk, reamees ja Vabadusristi kavaler\"}]},{\"@type\":\"WebSite\",\"@id\":\"https:\\\/\\\/blog.erm.ee\\\/#website\",\"url\":\"https:\\\/\\\/blog.erm.ee\\\/\",\"name\":\"Eesti Rahva Muuseumi ajaveeb\",\"description\":\"\",\"potentialAction\":[{\"@type\":\"SearchAction\",\"target\":{\"@type\":\"EntryPoint\",\"urlTemplate\":\"https:\\\/\\\/blog.erm.ee\\\/?s={search_term_string}\"},\"query-input\":{\"@type\":\"PropertyValueSpecification\",\"valueRequired\":true,\"valueName\":\"search_term_string\"}}],\"inLanguage\":\"et\"},{\"@type\":\"Person\",\"@id\":\"https:\\\/\\\/blog.erm.ee\\\/#\\\/schema\\\/person\\\/6e98c391cb00a33e7c22a3571e062114\",\"name\":\"Eesti Rahva Muuseum\",\"image\":{\"@type\":\"ImageObject\",\"inLanguage\":\"et\",\"@id\":\"https:\\\/\\\/secure.gravatar.com\\\/avatar\\\/cb6d9ad5fb49f3f7315028ce5fe60641075f2cb52b8a058ff5a985fa2d8c1da0?s=96&d=mm&r=g\",\"url\":\"https:\\\/\\\/secure.gravatar.com\\\/avatar\\\/cb6d9ad5fb49f3f7315028ce5fe60641075f2cb52b8a058ff5a985fa2d8c1da0?s=96&d=mm&r=g\",\"contentUrl\":\"https:\\\/\\\/secure.gravatar.com\\\/avatar\\\/cb6d9ad5fb49f3f7315028ce5fe60641075f2cb52b8a058ff5a985fa2d8c1da0?s=96&d=mm&r=g\",\"caption\":\"Eesti Rahva Muuseum\"},\"sameAs\":[\"http:\\\/\\\/www.erm.ee\"],\"url\":\"https:\\\/\\\/blog.erm.ee\\\/?author=1\"}]}<\/script>\n<!-- \/ Yoast SEO plugin. -->","yoast_head_json":{"title":"Anna Vares alias Peeter Ronk, reamees ja Vabadusristi kavaler - Eesti Rahva Muuseumi ajaveeb","robots":{"index":"index","follow":"follow","max-snippet":"max-snippet:-1","max-image-preview":"max-image-preview:large","max-video-preview":"max-video-preview:-1"},"canonical":"https:\/\/blog.erm.ee\/?p=9533","og_locale":"et_EE","og_type":"article","og_title":"Anna Vares alias Peeter Ronk, reamees ja Vabadusristi kavaler - Eesti Rahva Muuseumi ajaveeb","og_description":"K\u00fclli Lupkin, projektijuht Fotod Anna Varese perekonnaarhiivist L\u00e4heneva Eesti Vabariigi aastap\u00e4eva puhul on m\u00f5nus meenutada eestlasi, kes on meile oma elusaatusega muljet avaldanud. Inimesed, kes on teinud midagi tavatut, ootamatut, julget, panevad meid ikka veidi ebamugavust tundma ja m\u00f5tlema, kas mina oleksin nii teinud; kas ma oleksin selleks valmis olnud, julgenud seda teha! Me kujutame&hellip;","og_url":"https:\/\/blog.erm.ee\/?p=9533","og_site_name":"Eesti Rahva Muuseumi ajaveeb","article_published_time":"2017-02-23T05:58:37+00:00","article_modified_time":"2017-02-23T06:04:30+00:00","og_image":[{"width":801,"height":1200,"url":"https:\/\/blog.erm.ee\/wp-content\/uploads\/2017\/02\/Anna-Vares_1.jpg","type":"image\/jpeg"}],"author":"Eesti Rahva Muuseum","twitter_card":"summary_large_image","twitter_misc":{"Written by":"Eesti Rahva Muuseum","Est. reading time":"2 minutit"},"schema":{"@context":"https:\/\/schema.org","@graph":[{"@type":"Article","@id":"https:\/\/blog.erm.ee\/?p=9533#article","isPartOf":{"@id":"https:\/\/blog.erm.ee\/?p=9533"},"author":{"name":"Eesti Rahva Muuseum","@id":"https:\/\/blog.erm.ee\/#\/schema\/person\/6e98c391cb00a33e7c22a3571e062114"},"headline":"Anna Vares alias Peeter Ronk, reamees ja Vabadusristi kavaler","datePublished":"2017-02-23T05:58:37+00:00","dateModified":"2017-02-23T06:04:30+00:00","mainEntityOfPage":{"@id":"https:\/\/blog.erm.ee\/?p=9533"},"wordCount":417,"commentCount":0,"image":{"@id":"https:\/\/blog.erm.ee\/?p=9533#primaryimage"},"thumbnailUrl":"https:\/\/blog.erm.ee\/wp-content\/uploads\/2017\/02\/Anna-Vares_1.jpg","articleSection":["N\u00e4itus"],"inLanguage":"et","potentialAction":[{"@type":"CommentAction","name":"Comment","target":["https:\/\/blog.erm.ee\/?p=9533#respond"]}]},{"@type":"WebPage","@id":"https:\/\/blog.erm.ee\/?p=9533","url":"https:\/\/blog.erm.ee\/?p=9533","name":"Anna Vares alias Peeter Ronk, reamees ja Vabadusristi kavaler - Eesti Rahva Muuseumi ajaveeb","isPartOf":{"@id":"https:\/\/blog.erm.ee\/#website"},"primaryImageOfPage":{"@id":"https:\/\/blog.erm.ee\/?p=9533#primaryimage"},"image":{"@id":"https:\/\/blog.erm.ee\/?p=9533#primaryimage"},"thumbnailUrl":"https:\/\/blog.erm.ee\/wp-content\/uploads\/2017\/02\/Anna-Vares_1.jpg","datePublished":"2017-02-23T05:58:37+00:00","dateModified":"2017-02-23T06:04:30+00:00","author":{"@id":"https:\/\/blog.erm.ee\/#\/schema\/person\/6e98c391cb00a33e7c22a3571e062114"},"breadcrumb":{"@id":"https:\/\/blog.erm.ee\/?p=9533#breadcrumb"},"inLanguage":"et","potentialAction":[{"@type":"ReadAction","target":["https:\/\/blog.erm.ee\/?p=9533"]}]},{"@type":"ImageObject","inLanguage":"et","@id":"https:\/\/blog.erm.ee\/?p=9533#primaryimage","url":"https:\/\/blog.erm.ee\/wp-content\/uploads\/2017\/02\/Anna-Vares_1.jpg","contentUrl":"https:\/\/blog.erm.ee\/wp-content\/uploads\/2017\/02\/Anna-Vares_1.jpg","width":801,"height":1200},{"@type":"BreadcrumbList","@id":"https:\/\/blog.erm.ee\/?p=9533#breadcrumb","itemListElement":[{"@type":"ListItem","position":1,"name":"Home","item":"https:\/\/blog.erm.ee\/"},{"@type":"ListItem","position":2,"name":"Anna Vares alias Peeter Ronk, reamees ja Vabadusristi kavaler"}]},{"@type":"WebSite","@id":"https:\/\/blog.erm.ee\/#website","url":"https:\/\/blog.erm.ee\/","name":"Eesti Rahva Muuseumi ajaveeb","description":"","potentialAction":[{"@type":"SearchAction","target":{"@type":"EntryPoint","urlTemplate":"https:\/\/blog.erm.ee\/?s={search_term_string}"},"query-input":{"@type":"PropertyValueSpecification","valueRequired":true,"valueName":"search_term_string"}}],"inLanguage":"et"},{"@type":"Person","@id":"https:\/\/blog.erm.ee\/#\/schema\/person\/6e98c391cb00a33e7c22a3571e062114","name":"Eesti Rahva Muuseum","image":{"@type":"ImageObject","inLanguage":"et","@id":"https:\/\/secure.gravatar.com\/avatar\/cb6d9ad5fb49f3f7315028ce5fe60641075f2cb52b8a058ff5a985fa2d8c1da0?s=96&d=mm&r=g","url":"https:\/\/secure.gravatar.com\/avatar\/cb6d9ad5fb49f3f7315028ce5fe60641075f2cb52b8a058ff5a985fa2d8c1da0?s=96&d=mm&r=g","contentUrl":"https:\/\/secure.gravatar.com\/avatar\/cb6d9ad5fb49f3f7315028ce5fe60641075f2cb52b8a058ff5a985fa2d8c1da0?s=96&d=mm&r=g","caption":"Eesti Rahva Muuseum"},"sameAs":["http:\/\/www.erm.ee"],"url":"https:\/\/blog.erm.ee\/?author=1"}]}},"jetpack_featured_media_url":"https:\/\/blog.erm.ee\/wp-content\/uploads\/2017\/02\/Anna-Vares_1.jpg","jetpack_shortlink":"https:\/\/wp.me\/p2l9Zd-2tL","jetpack_sharing_enabled":true,"jetpack_likes_enabled":true,"_links":{"self":[{"href":"https:\/\/blog.erm.ee\/index.php?rest_route=\/wp\/v2\/posts\/9533","targetHints":{"allow":["GET"]}}],"collection":[{"href":"https:\/\/blog.erm.ee\/index.php?rest_route=\/wp\/v2\/posts"}],"about":[{"href":"https:\/\/blog.erm.ee\/index.php?rest_route=\/wp\/v2\/types\/post"}],"author":[{"embeddable":true,"href":"https:\/\/blog.erm.ee\/index.php?rest_route=\/wp\/v2\/users\/1"}],"replies":[{"embeddable":true,"href":"https:\/\/blog.erm.ee\/index.php?rest_route=%2Fwp%2Fv2%2Fcomments&post=9533"}],"version-history":[{"count":7,"href":"https:\/\/blog.erm.ee\/index.php?rest_route=\/wp\/v2\/posts\/9533\/revisions"}],"predecessor-version":[{"id":9552,"href":"https:\/\/blog.erm.ee\/index.php?rest_route=\/wp\/v2\/posts\/9533\/revisions\/9552"}],"wp:featuredmedia":[{"embeddable":true,"href":"https:\/\/blog.erm.ee\/index.php?rest_route=\/wp\/v2\/media\/9547"}],"wp:attachment":[{"href":"https:\/\/blog.erm.ee\/index.php?rest_route=%2Fwp%2Fv2%2Fmedia&parent=9533"}],"wp:term":[{"taxonomy":"category","embeddable":true,"href":"https:\/\/blog.erm.ee\/index.php?rest_route=%2Fwp%2Fv2%2Fcategories&post=9533"},{"taxonomy":"post_tag","embeddable":true,"href":"https:\/\/blog.erm.ee\/index.php?rest_route=%2Fwp%2Fv2%2Ftags&post=9533"}],"curies":[{"name":"wp","href":"https:\/\/api.w.org\/{rel}","templated":true}]}}