{"id":927,"date":"2012-11-22T10:45:39","date_gmt":"2012-11-22T08:45:39","guid":{"rendered":"http:\/\/blog.erm.ee\/?p=927"},"modified":"2014-05-07T22:57:50","modified_gmt":"2014-05-07T20:57:50","slug":"osalusprojekti-koogipool","status":"publish","type":"post","link":"https:\/\/blog.erm.ee\/?p=927","title":{"rendered":"Osalusprojekti k\u00f6\u00f6gipool"},"content":{"rendered":"<div class=\"fcbkbttn_buttons_block\" id=\"fcbkbttn_left\"><div class=\"fcbkbttn_like \"><fb:like href=\"https:\/\/blog.erm.ee\/?p=927\" action=\"like\" colorscheme=\"light\" layout=\"standard\"  width=\"225px\" size=\"small\"><\/fb:like><\/div><div class=\"fb-share-button  \" data-href=\"https:\/\/blog.erm.ee\/?p=927\" data-type=\"button\" data-size=\"small\"><\/div><\/div><p style=\"text-align: justify;\"><em>Tekst: Ehti J\u00e4rv, uurimisassistent<br \/>\nJaanika Jaanits, koost\u00f6\u00f6v\u00f5rgustike koordinaator<\/em><\/p>\n<p style=\"text-align: justify;\"><a href=\"https:\/\/blog.erm.ee\/wp-content\/uploads\/2012\/11\/fotovoistlus_blogi.jpg\"><img loading=\"lazy\" decoding=\"async\" data-attachment-id=\"926\" data-permalink=\"https:\/\/blog.erm.ee\/?attachment_id=926#main\" data-orig-file=\"https:\/\/blog.erm.ee\/wp-content\/uploads\/2012\/11\/fotovoistlus_blogi.jpg\" data-orig-size=\"405,206\" data-comments-opened=\"1\" data-image-meta=\"{&quot;aperture&quot;:&quot;0&quot;,&quot;credit&quot;:&quot;&quot;,&quot;camera&quot;:&quot;&quot;,&quot;caption&quot;:&quot;&quot;,&quot;created_timestamp&quot;:&quot;0&quot;,&quot;copyright&quot;:&quot;&quot;,&quot;focal_length&quot;:&quot;0&quot;,&quot;iso&quot;:&quot;0&quot;,&quot;shutter_speed&quot;:&quot;0&quot;,&quot;title&quot;:&quot;&quot;}\" data-image-title=\"fotovoistlus_blogi\" data-image-description=\"\" data-image-caption=\"\" data-large-file=\"https:\/\/blog.erm.ee\/wp-content\/uploads\/2012\/11\/fotovoistlus_blogi.jpg\" class=\"size-full wp-image-926 alignnone\" title=\"fotovoistlus_blogi\" src=\"https:\/\/blog.erm.ee\/wp-content\/uploads\/2012\/11\/fotovoistlus_blogi.jpg\" alt=\"\" width=\"405\" height=\"206\" srcset=\"https:\/\/blog.erm.ee\/wp-content\/uploads\/2012\/11\/fotovoistlus_blogi.jpg 405w, https:\/\/blog.erm.ee\/wp-content\/uploads\/2012\/11\/fotovoistlus_blogi-300x152.jpg 300w\" sizes=\"auto, (max-width: 405px) 100vw, 405px\" \/><\/a><\/p>\n<p style=\"text-align: left;\">T\u00e4na, 22. novembril, avatakse ERMis n\u00e4itus \u201eEesti Rahva toidulaud: soustist sushini\u201c, mille eellugu on aga hoopis teistsugune kui tavap\u00e4rastel n\u00e4itustel. Nimelt on tegemist n\u00e4ituse \u201e<a href=\"http:\/\/www.erm.ee\/et\/kylasta\/Naitusemaja\/Naitused\/108\">Ostupalavik: tarbimiskultuur Eestis 1990.\u20132000.aastatel<\/a>\u201c raames toimunud j\u00e4rjekordse osalusprojekti tulemuste esitlemisega. Kuna n\u00e4itusse ei ole k\u00f5ik teemad, mis v\u00e4\u00e4riksid k\u00e4sitlemist, \u00e4ra mahtunud, oleme korraldanud tarbimise v\u00f5imalikult mitmek\u00fclgseks k\u00e4sitlemiseks erinevaid \u00fcritusi, loengusarju ja ka osalusprojekte. Viimaste eesm\u00e4rgiks on anda h\u00e4\u00e4l inimestele, et nad tuleksid ja jagaksid muuseumiga oma lugusid, kogemusi, fotosid vms.<\/p>\n<p>N\u00e4itus on koostatud v\u00f5istlusele \u201cPildista, mida Sa s\u00f6\u00f6d!\u201d saabunud toidufotode p\u00f5hjal. Tervet galeriid saab vaadata osalusprojekti veebilehelt <a href=\"http:\/\/omalood.erm.ee\/\">http:\/\/omalood.erm.ee\/<\/a>. V\u00f5istlusel osaleti 597 postitusega, kokku saabus 711 fotot. Projektis osales 319 inimest \u00fcle kogu Eesti ning ka v\u00e4liseestlaste hulgast. Aga siin ei soovi me mitte projekti tulemusi esitleda, neid tulge n\u00e4itusele vaatama! Seekordse blogisissekande m\u00f5te on r\u00e4\u00e4kida \u00fche osalusprojekti k\u00f6\u00f6gipoolest.<\/p>\n<h5><strong>Miks korraldab muuseum toidufototeemalist kampaaniat?<\/strong><\/h5>\n<p>Osalusprojekti m\u00f5ned eesm\u00e4rgid:<br \/>\n* Koguda materjali inimeste toitumis- ja tarbimisharjumuste kohta, mille kaudu omakorda on v\u00f5imalik uurida kaasaja argikultuuri.<br \/>\n* Laiendada tarbimisn\u00e4ituse \u201cOstupalavik: tarbimiskultuur Eestis 1990.\u20132000. aastatel\u201d temaatikat.<br \/>\n* V\u00f5imaldada ja soodustada kogukondlikku osalust.<br \/>\n* Teavitada inimesi t\u00e4nap\u00e4eva muuseumide tegevusp\u00f5him\u00f5tetest.<br \/>\n* Katsetada veebip\u00f5hist osalust tehnilisest k\u00fcljest.<\/p>\n<h5><strong>Miks peaks inimene projektis osalema?<\/strong><\/h5>\n<p>* Teema motiveerib \u2013 toit ja toiduga seonduv on populaarne teema, inimesed peavad toidublogisid, toitu pildistatakse igap\u00e4evaselt ning eksponeeritakse internetis.<br \/>\n*Osaleda v\u00f5istlusel ja saada auhind. V\u00f5istluslik moment lisab kindlasti p\u00f5nevust, samuti on osalejal v\u00f5imalik saada oma panuse eest tunnustust.<br \/>\n* Soovitakse jagada pilte oma toidukorrast, s\u00f6\u00f6misharjumustest nii teiste osalejate kui muuseumiga ja saada tagasisidet oma pildi\/s\u00f6\u00f6gi kohta.<\/p>\n<h5><strong>Kuidas kampaaniat ette valmistati?<\/strong><\/h5>\n<p>Ettevalmistusperiood koosnes mitmest etapist. K\u00f5igepealt oli olemas huvi ja vajadus<br \/>\nkorraldada \u201cOstupalaviku\u201d raames j\u00e4rjekordne osalusprojekt. Seej\u00e4rel tuli idee koguda materjali inimeste tarbimisharjumuste kohta toidutemaatika kaudu. Kui idee oli paigas, algas v\u00f5istluse korraldamise praktilise poole organiseerimine (\u00fcleskutse koostamine, tehniliste vajaduste v\u00e4ljaselgitamine jne). Seej\u00e4rel tuli vaadata, kas soovitud tehnilisi lahendusi on ka reaalselt v\u00f5imalik teostada.<br \/>\nKuna tegemist oli v\u00f5istlusega, mille jaoks vajati ka auhindu, tuli leida ka sponsoreid. J\u00f5udmaks infoga v\u00f5istlusest laiema sihtr\u00fchmani, otsisime ka koost\u00f6\u00f6partnereid, kes oma kanalites kampaaniat kajastaks.<\/p>\n<p>\u00dcheks eesm\u00e4rgiks oli, et pildid ja lood tekitaksid arutelu toidu, toitumise ja tarbimise \u00fcle laiemalt. Selleks otsisime ka erinevaid kommentaatoreid, keda kutsusime \u00fcles v\u00f5istlusele saabunud piltidel silma peal hoidma ning oma kommentaaridega diskussiooni \u00e4rgitama. Kommentaatorite valiku p\u00f5him\u00f5tteks sai nende seotus toidukultuuriga.<\/p>\n<h5><strong>Kuidas kampaaniat tutvustati, milliseid kanaleid kasutati?<\/strong><\/h5>\n<p>Lisaks tavap\u00e4rasele info edastamisele pressiteatega, muuseumi kodulehele \u00fcleskutse lisamisele ja teavitusele Facebookis, olid koost\u00f6\u00f6partneritena kaasatud ka Nami-Nami retspetikogu portaal ja Delfi Naistekas. Uudisteportaal avaldas k\u00f5igepealt \u00fcleskutse ja v\u00f5istluse toimumise ajal ka m\u00f5ned lood saabunud fotodest. Samuti avaldati retseptikogu portaali Nami-Nami Facebooki lehel uudis v\u00f5istluse toimumisest. Sponsoritest jagas \u00fcleskutset Fotoluks ning oma Facebooki seinal andis v\u00f5istlusest teada toidublogija-kommenteerija Marju Randmer (blogi tassike.ee autor). Kokkuv\u00f5ttes v\u00f5ib \u00f6elda, et k\u00f5ige<br \/>\nrohkem j\u00f5utigi omalood.erm.ee lehele t\u00e4nu Facebooki (9073 vaatamist omalood.erm.ee-sse) ning Delfi Naisteka (2192 vaatamist omalood.erm.ee-sse) kaudu.<\/p>\n<p>Koost\u00f6\u00f6partnerid v\u00f5imaldasid info viia selliste sihtr\u00fchmadeni, kes muidu muuseumiga nii tihedalt seotud ei ole. See aga t\u00e4hendas, et kohati hakkas n\u00e4iteks Nami-Nami m\u00f5jul domineerima toidublogijate osakaal ning retseptiraamatutest tuntud pildikeel fotode stiilis. Neid m\u00f5jutusi tunnetasid m\u00f5ned v\u00f5istlusel osalejad ja ajakirjanikud kritiseerides laetud fotosid \u201c<a href=\"http:\/\/www.maaleht.ee\/news\/uudised\/elu\/fotod-eestlane-naitab-teistele-oma-toidulauda-piltilusana.d?id=65227574\">klantspiltideks<\/a>\u201d. Teisalt suunasid ka Delfi Naisteka tehtud lood v\u00f5istlusel osalema just teatud t\u00fc\u00fcpi toidufotodega. N\u00e4iteks, kui avaldati lugu <a href=\"http:\/\/naistekas.delfi.ee\/kodu_ja_aed\/kook\/fotod-pildista-mida-sa-sood-vaata-millised-koogid-on-eestlaste-toidulaual.d?id=65135224\">v\u00f5istlusel osalevatest kookidest-tortidest<\/a>, hakkas saabuma veelgi rohkem kooke ja torte. Niisamuti suunas Delfi <a href=\"http:\/\/naistekas.delfi.ee\/kodu_ja_aed\/kook\/fotod-pildista-mida-sa-sood-vaata-milliseid-kalaroogi-eestlased-armastavad.d?id=65146194\">kalateemaline uudis<\/a> inimesi \u00fcles laadima pilte just kalatoitudest. Kuigi p\u00e4rast selle loo ilmumist laeti \u00fcles ka mitmeid pilte n-\u00f6 tavalistest toitudest.<\/p>\n<h5><strong>Kuidas kampaania toimus?<\/strong><\/h5>\n<p>K\u00f5igis kampaania etappides osales kaks muuseumit\u00f6\u00f6tajat. Nende kanda j\u00e4i ka peamine suhtlus v\u00f5istluse toimumise ajal \u2013 igap\u00e4evaselt oldi h\u00f5ivatud fotode l\u00e4bivaatamise ja kinnitamisega, et need pildigaleriis avalikustada. Erinevatel aegadel lisandus veelgi inimesi: kampaania idee formuleerimisel olid kaasatud varasemate osalusprojektidega seotud kolleegid; IT-spetsialist valmistas ette veebilahenduse; kommunikatsiooni ning sponsorite leidmisega abistasid vastava valdkonna t\u00f6\u00f6tajad; ning fotodest n\u00e4ituse koostamisel olid h\u00f5ivatud fototehnik, kunstnikud ja n\u00e4ituse meister.<\/p>\n<p>\u00dcheks k\u00f5ige enam ootamatusi pakkunud osaks tuleb pidada projekti k\u00e4imal\u00fckkamist. Varasemate osalusprojektide kogemuse p\u00f5hjal eeldasime pigem l\u00fchemat ettevalmistusperioodi. Veebilahenduse loomise tehniliste k\u00fcsimuste lahendamisele kulus aga rohkem t\u00f6\u00f6tunde kui kampaania toimumise jooksul.<br \/>\nSooviks oli, et saaks \u00fcles laadida fotosid, mida oleks v\u00f5imalik ka koheselt galeriis n\u00e4ha. Samas oli oluline, et juba saadetud fotodele oleks v\u00f5imalik anda v\u00e4ga kergelt tagasisidet, st \u00fche klikiga n-\u00f6 like\u2019ida ja ka lihtsalt kommenteerida. P\u00f5him\u00f5tteliselt sarnane Facebooki s\u00fcsteemiga.<br \/>\nP\u00f5rkusime vajaduste ning kitsukese eelarve k\u00e4\u00e4ridesse. Osalusprojektide tarbeks loodud veebikeskkond <a href=\"http:\/\/omalood.erm.ee\/\">http:\/\/omalood.edicypages.com<\/a>\/ ei ole mugavalt ja kiiresti kohandatav uute erit\u00fc\u00fcbiliste projektide vajadustele. Kindlasti on seda v\u00f5imalik arendada, aga see n\u00f5uab ka muuseumilt rahalisi ressursse, et tellida vajalikku veebidisaini ja programmeerimist\u00f6id.<\/p>\n<p>Kuigi osalusprojektid ning erinevate sihtgruppide kaasamine muuseumi tegevusse on j\u00e4rjest enam p\u00e4evakorral, ei ole selleks veel eraldi rida muuseumi eelarves.<br \/>\nSeega on iga osalusprojekt alati seotud vajadusega leida lisarahastust ning kui rahalist toetust programmeerimiseks leida ei \u00f5nnestu, tulebki p\u00f6\u00f6rduda tasuta vabavaraliste veebiplatvormide poole ja kohandada kampaaniat vastavalt sellele, milliseid lahendusi need v\u00f5imaldavad.<\/p>\n<h5><strong>Milline oli ettev\u00f5tmise &#8220;kasutajamugavus&#8221; ehk kui lihtne oli osalejatel kaasa l\u00fc\u00fca?<\/strong><\/h5>\n<p>Projekti ette valmistades oli \u00fcheks kriteeriumiks v\u00f5imalikult madal osalusl\u00e4vi \u2013 st et inimesel oleks kerge pilti \u00fcles laadida, poleks eraldi registreerumist ega muuseumi-poolseid heidutavaid k\u00fcsimusi. Samuti oli oluline, et tagasiside andmine postitustele oleks v\u00f5imalikult lihtne. Foto saatjal tuli t\u00e4ita omalood.erm.ee veebilehel vorm, kus tuli vastata kolmele k\u00fcsimusele, t\u00e4ita isikuandmete lahtrid ning laadida foto \u00fcles. Kampaania korraldajad kontrollisid seej\u00e4rel, kas fotod on v\u00f5istluse tingimustega koosk\u00f5las. Kui foto ja kirjeldus olid j\u00f5udnud toidufoto portaali, oli osalejal soovitav k\u00e4ia aeg-ajalt vaatamas, kas tema fotot on kommenteeritud v\u00f5i kuidas hinnatud. See oli oluline, kuna v\u00f5itjate loosimisel osalesid sotsiaalmeedias enim jagatud ning kommenteeritud postitused.<\/p>\n<p>Sotsiaalmeedias jagamise kaudu piltide hindamine on ka \u00fcks tehnilistele vajadustele j\u00e4releandmise tulemus. Algne m\u00f5te ja soov oli, et hindamine toimuks otse piltide juures, kuid seda kasutatud Bloggeri veebilahendus ei v\u00f5imaldanud. Pildi kohapealne hindamine v\u00f5imaldanuks anon\u00fc\u00fcmsemat l\u00e4henemist ning oleks olnud potentsiaalselt ligip\u00e4\u00e4setav ka nt neile, kellel sotsiaalmeedias kontot ei ole.<\/p>\n<h5><strong>Korraldajate muljed<\/strong><\/h5>\n<p>Projekt, mille l\u00e4bivaks ideeks on kutsuda ning motiveerida inimesi panustama muuseumi kogumist\u00f6\u00f6sse n\u00f5uab korraldajatelt palju aega suhtlemiseks \u2013 tarvis on anda tagasisidet, k\u00f5rvaldada tekkinud t\u00f5rkeid jms.<br \/>\nKorraldajate eesm\u00e4rk oli ka sisulise diskussiooni tekitamine osalejate vahel. Soovisime n\u00e4ha, mis tekitab rohkem sisulist diskussiooni n\u00e4iteks toiduainete hankimisviiside v\u00f5i valmistamise osas. Arutelu \u00e4rgitamiseks k\u00fcsisid korraldajad t\u00e4psustusi ning p\u00fc\u00fcdsid t\u00f5statada teemasid, mis v\u00f5iksid inimesi m\u00f5tisklema kutsuda. Kuid alati ei olnud v\u00f5imalust muude t\u00f6\u00f6kohustuste k\u00f5rvalt arutellu nii kiiresti l\u00fclituda, et fotol veel teatud uudisv\u00e4\u00e4rtust olnuks. Teatud ajanihkega kommenteerimise probleemiks on aga see, et inimene on juba huvi kaotanud, ta ei pruugi tulla iga p\u00e4ev portaali vaatama, kuidas tema v\u00f5istlust\u00f6\u00f6l \u201cl\u00e4heb\u201d. Seet\u00f5ttu j\u00e4id nii m\u00f5nedki esitatud k\u00fcsimused foto autori vastuseta. Sarnast laadi projekti tegemisel tulebki edaspidi arvestada, et korraldajad on ka ise panustajateks, aktiivselt kommenteerides ning aruteluteemasid v\u00e4lja pakkudes.<br \/>\nIlma kutsutud kommenteerijate abita oleks sisuline arutelu peaaegu olematuks j\u00e4\u00e4nud. Tundub, et inimesed jagavad meeleldi fotosid vaadates tekkinud emotsioone, v\u00e4hem aga soovitakse arutleda. Veebis toimuva kampaania puhul tuleb r\u00f5hutada, et see allub tavap\u00e4rasele interneti loogikale: me oleme harjunud kiire, peaaegu momentaalse tagasisidega igale tehtud liigutusele. Facebooki pilti postitades ootame like\u00b4i kohe, mitte t\u00f6\u00f6p\u00e4evadel kella 9-18ni. Seet\u00f5ttu tuli sageli laekunud kaast\u00f6id kinnitada ka t\u00f6\u00f6v\u00e4lisel ajal, et hoida \u00fcleval osalejate huvi oma postituse k\u00e4ek\u00e4igu vastu.<\/p>\n<p>Inimeste muuseumi tegevusse kaasamise ja osalusprojektide kohta \u00fcldisemalt loe: <a href=\"http:\/\/www.participatorymuseum.org\/read\/\">http:\/\/www.participatorymuseum.org\/read\/<\/a><\/p>\n<p style=\"text-align: justify;\">\n<div class=\"fcbkbttn_buttons_block\" id=\"fcbkbttn_left\"><div class=\"fcbkbttn_like \"><fb:like href=\"https:\/\/blog.erm.ee\/?p=927\" action=\"like\" colorscheme=\"light\" layout=\"standard\"  width=\"225px\" size=\"small\"><\/fb:like><\/div><div class=\"fb-share-button  \" data-href=\"https:\/\/blog.erm.ee\/?p=927\" data-type=\"button\" data-size=\"small\"><\/div><\/div>","protected":false},"excerpt":{"rendered":"<p>Tekst: Ehti J\u00e4rv, uurimisassistent Jaanika Jaanits, koost\u00f6\u00f6v\u00f5rgustike koordinaator T\u00e4na, 22. novembril, avatakse ERMis n\u00e4itus \u201eEesti Rahva toidulaud: soustist sushini\u201c, mille eellugu on aga hoopis teistsugune kui tavap\u00e4rastel n\u00e4itustel. Nimelt on tegemist n\u00e4ituse \u201eOstupalavik: tarbimiskultuur Eestis 1990.\u20132000.aastatel\u201c raames toimunud j\u00e4rjekordse osalusprojekti tulemuste esitlemisega. Kuna n\u00e4itusse ei ole k\u00f5ik teemad, mis v\u00e4\u00e4riksid k\u00e4sitlemist, \u00e4ra mahtunud, oleme korraldanud&hellip;<\/p>\n","protected":false},"author":1,"featured_media":926,"comment_status":"open","ping_status":"open","sticky":false,"template":"","format":"standard","meta":{"_monsterinsights_skip_tracking":false,"_monsterinsights_sitenote_active":false,"_monsterinsights_sitenote_note":"","_monsterinsights_sitenote_category":0,"jetpack_post_was_ever_published":false,"_jetpack_newsletter_access":"","_jetpack_dont_email_post_to_subs":false,"_jetpack_newsletter_tier_id":0,"_jetpack_memberships_contains_paywalled_content":false,"_jetpack_memberships_contains_paid_content":false,"footnotes":""},"categories":[30],"tags":[],"class_list":["post-927","post","type-post","status-publish","format-standard","has-post-thumbnail","hentry","category-osalus"],"yoast_head":"<!-- This site is optimized with the Yoast SEO plugin v27.5 - https:\/\/yoast.com\/product\/yoast-seo-wordpress\/ -->\n<title>Osalusprojekti k\u00f6\u00f6gipool - Eesti Rahva Muuseumi ajaveeb<\/title>\n<meta name=\"robots\" content=\"index, follow, max-snippet:-1, max-image-preview:large, max-video-preview:-1\" \/>\n<link rel=\"canonical\" href=\"https:\/\/blog.erm.ee\/?p=927\" \/>\n<meta property=\"og:locale\" content=\"et_EE\" \/>\n<meta property=\"og:type\" content=\"article\" \/>\n<meta property=\"og:title\" content=\"Osalusprojekti k\u00f6\u00f6gipool - Eesti Rahva Muuseumi ajaveeb\" \/>\n<meta property=\"og:description\" content=\"Tekst: Ehti J\u00e4rv, uurimisassistent Jaanika Jaanits, koost\u00f6\u00f6v\u00f5rgustike koordinaator T\u00e4na, 22. novembril, avatakse ERMis n\u00e4itus \u201eEesti Rahva toidulaud: soustist sushini\u201c, mille eellugu on aga hoopis teistsugune kui tavap\u00e4rastel n\u00e4itustel. Nimelt on tegemist n\u00e4ituse \u201eOstupalavik: tarbimiskultuur Eestis 1990.\u20132000.aastatel\u201c raames toimunud j\u00e4rjekordse osalusprojekti tulemuste esitlemisega. Kuna n\u00e4itusse ei ole k\u00f5ik teemad, mis v\u00e4\u00e4riksid k\u00e4sitlemist, \u00e4ra mahtunud, oleme korraldanud&hellip;\" \/>\n<meta property=\"og:url\" content=\"https:\/\/blog.erm.ee\/?p=927\" \/>\n<meta property=\"og:site_name\" content=\"Eesti Rahva Muuseumi ajaveeb\" \/>\n<meta property=\"article:published_time\" content=\"2012-11-22T08:45:39+00:00\" \/>\n<meta property=\"article:modified_time\" content=\"2014-05-07T20:57:50+00:00\" \/>\n<meta property=\"og:image\" content=\"https:\/\/blog.erm.ee\/wp-content\/uploads\/2012\/11\/fotovoistlus_blogi.jpg\" \/>\n\t<meta property=\"og:image:width\" content=\"405\" \/>\n\t<meta property=\"og:image:height\" content=\"206\" \/>\n\t<meta property=\"og:image:type\" content=\"image\/jpeg\" \/>\n<meta name=\"author\" content=\"Eesti Rahva Muuseum\" \/>\n<meta name=\"twitter:card\" content=\"summary_large_image\" \/>\n<meta name=\"twitter:label1\" content=\"Written by\" \/>\n\t<meta name=\"twitter:data1\" content=\"Eesti Rahva Muuseum\" \/>\n\t<meta name=\"twitter:label2\" content=\"Est. reading time\" \/>\n\t<meta name=\"twitter:data2\" content=\"7 minutit\" \/>\n<script type=\"application\/ld+json\" class=\"yoast-schema-graph\">{\"@context\":\"https:\\\/\\\/schema.org\",\"@graph\":[{\"@type\":\"Article\",\"@id\":\"https:\\\/\\\/blog.erm.ee\\\/?p=927#article\",\"isPartOf\":{\"@id\":\"https:\\\/\\\/blog.erm.ee\\\/?p=927\"},\"author\":{\"name\":\"Eesti Rahva Muuseum\",\"@id\":\"https:\\\/\\\/blog.erm.ee\\\/#\\\/schema\\\/person\\\/6e98c391cb00a33e7c22a3571e062114\"},\"headline\":\"Osalusprojekti k\u00f6\u00f6gipool\",\"datePublished\":\"2012-11-22T08:45:39+00:00\",\"dateModified\":\"2014-05-07T20:57:50+00:00\",\"mainEntityOfPage\":{\"@id\":\"https:\\\/\\\/blog.erm.ee\\\/?p=927\"},\"wordCount\":1362,\"commentCount\":0,\"image\":{\"@id\":\"https:\\\/\\\/blog.erm.ee\\\/?p=927#primaryimage\"},\"thumbnailUrl\":\"https:\\\/\\\/blog.erm.ee\\\/wp-content\\\/uploads\\\/2012\\\/11\\\/fotovoistlus_blogi.jpg\",\"articleSection\":[\"Osalus\"],\"inLanguage\":\"et\",\"potentialAction\":[{\"@type\":\"CommentAction\",\"name\":\"Comment\",\"target\":[\"https:\\\/\\\/blog.erm.ee\\\/?p=927#respond\"]}]},{\"@type\":\"WebPage\",\"@id\":\"https:\\\/\\\/blog.erm.ee\\\/?p=927\",\"url\":\"https:\\\/\\\/blog.erm.ee\\\/?p=927\",\"name\":\"Osalusprojekti k\u00f6\u00f6gipool - Eesti Rahva Muuseumi ajaveeb\",\"isPartOf\":{\"@id\":\"https:\\\/\\\/blog.erm.ee\\\/#website\"},\"primaryImageOfPage\":{\"@id\":\"https:\\\/\\\/blog.erm.ee\\\/?p=927#primaryimage\"},\"image\":{\"@id\":\"https:\\\/\\\/blog.erm.ee\\\/?p=927#primaryimage\"},\"thumbnailUrl\":\"https:\\\/\\\/blog.erm.ee\\\/wp-content\\\/uploads\\\/2012\\\/11\\\/fotovoistlus_blogi.jpg\",\"datePublished\":\"2012-11-22T08:45:39+00:00\",\"dateModified\":\"2014-05-07T20:57:50+00:00\",\"author\":{\"@id\":\"https:\\\/\\\/blog.erm.ee\\\/#\\\/schema\\\/person\\\/6e98c391cb00a33e7c22a3571e062114\"},\"breadcrumb\":{\"@id\":\"https:\\\/\\\/blog.erm.ee\\\/?p=927#breadcrumb\"},\"inLanguage\":\"et\",\"potentialAction\":[{\"@type\":\"ReadAction\",\"target\":[\"https:\\\/\\\/blog.erm.ee\\\/?p=927\"]}]},{\"@type\":\"ImageObject\",\"inLanguage\":\"et\",\"@id\":\"https:\\\/\\\/blog.erm.ee\\\/?p=927#primaryimage\",\"url\":\"https:\\\/\\\/blog.erm.ee\\\/wp-content\\\/uploads\\\/2012\\\/11\\\/fotovoistlus_blogi.jpg\",\"contentUrl\":\"https:\\\/\\\/blog.erm.ee\\\/wp-content\\\/uploads\\\/2012\\\/11\\\/fotovoistlus_blogi.jpg\",\"width\":405,\"height\":206},{\"@type\":\"BreadcrumbList\",\"@id\":\"https:\\\/\\\/blog.erm.ee\\\/?p=927#breadcrumb\",\"itemListElement\":[{\"@type\":\"ListItem\",\"position\":1,\"name\":\"Home\",\"item\":\"https:\\\/\\\/blog.erm.ee\\\/\"},{\"@type\":\"ListItem\",\"position\":2,\"name\":\"Osalusprojekti k\u00f6\u00f6gipool\"}]},{\"@type\":\"WebSite\",\"@id\":\"https:\\\/\\\/blog.erm.ee\\\/#website\",\"url\":\"https:\\\/\\\/blog.erm.ee\\\/\",\"name\":\"Eesti Rahva Muuseumi ajaveeb\",\"description\":\"\",\"potentialAction\":[{\"@type\":\"SearchAction\",\"target\":{\"@type\":\"EntryPoint\",\"urlTemplate\":\"https:\\\/\\\/blog.erm.ee\\\/?s={search_term_string}\"},\"query-input\":{\"@type\":\"PropertyValueSpecification\",\"valueRequired\":true,\"valueName\":\"search_term_string\"}}],\"inLanguage\":\"et\"},{\"@type\":\"Person\",\"@id\":\"https:\\\/\\\/blog.erm.ee\\\/#\\\/schema\\\/person\\\/6e98c391cb00a33e7c22a3571e062114\",\"name\":\"Eesti Rahva Muuseum\",\"image\":{\"@type\":\"ImageObject\",\"inLanguage\":\"et\",\"@id\":\"https:\\\/\\\/secure.gravatar.com\\\/avatar\\\/cb6d9ad5fb49f3f7315028ce5fe60641075f2cb52b8a058ff5a985fa2d8c1da0?s=96&d=mm&r=g\",\"url\":\"https:\\\/\\\/secure.gravatar.com\\\/avatar\\\/cb6d9ad5fb49f3f7315028ce5fe60641075f2cb52b8a058ff5a985fa2d8c1da0?s=96&d=mm&r=g\",\"contentUrl\":\"https:\\\/\\\/secure.gravatar.com\\\/avatar\\\/cb6d9ad5fb49f3f7315028ce5fe60641075f2cb52b8a058ff5a985fa2d8c1da0?s=96&d=mm&r=g\",\"caption\":\"Eesti Rahva Muuseum\"},\"sameAs\":[\"http:\\\/\\\/www.erm.ee\"],\"url\":\"https:\\\/\\\/blog.erm.ee\\\/?author=1\"}]}<\/script>\n<!-- \/ Yoast SEO plugin. -->","yoast_head_json":{"title":"Osalusprojekti k\u00f6\u00f6gipool - Eesti Rahva Muuseumi ajaveeb","robots":{"index":"index","follow":"follow","max-snippet":"max-snippet:-1","max-image-preview":"max-image-preview:large","max-video-preview":"max-video-preview:-1"},"canonical":"https:\/\/blog.erm.ee\/?p=927","og_locale":"et_EE","og_type":"article","og_title":"Osalusprojekti k\u00f6\u00f6gipool - Eesti Rahva Muuseumi ajaveeb","og_description":"Tekst: Ehti J\u00e4rv, uurimisassistent Jaanika Jaanits, koost\u00f6\u00f6v\u00f5rgustike koordinaator T\u00e4na, 22. novembril, avatakse ERMis n\u00e4itus \u201eEesti Rahva toidulaud: soustist sushini\u201c, mille eellugu on aga hoopis teistsugune kui tavap\u00e4rastel n\u00e4itustel. Nimelt on tegemist n\u00e4ituse \u201eOstupalavik: tarbimiskultuur Eestis 1990.\u20132000.aastatel\u201c raames toimunud j\u00e4rjekordse osalusprojekti tulemuste esitlemisega. Kuna n\u00e4itusse ei ole k\u00f5ik teemad, mis v\u00e4\u00e4riksid k\u00e4sitlemist, \u00e4ra mahtunud, oleme korraldanud&hellip;","og_url":"https:\/\/blog.erm.ee\/?p=927","og_site_name":"Eesti Rahva Muuseumi ajaveeb","article_published_time":"2012-11-22T08:45:39+00:00","article_modified_time":"2014-05-07T20:57:50+00:00","og_image":[{"width":405,"height":206,"url":"https:\/\/blog.erm.ee\/wp-content\/uploads\/2012\/11\/fotovoistlus_blogi.jpg","type":"image\/jpeg"}],"author":"Eesti Rahva Muuseum","twitter_card":"summary_large_image","twitter_misc":{"Written by":"Eesti Rahva Muuseum","Est. reading time":"7 minutit"},"schema":{"@context":"https:\/\/schema.org","@graph":[{"@type":"Article","@id":"https:\/\/blog.erm.ee\/?p=927#article","isPartOf":{"@id":"https:\/\/blog.erm.ee\/?p=927"},"author":{"name":"Eesti Rahva Muuseum","@id":"https:\/\/blog.erm.ee\/#\/schema\/person\/6e98c391cb00a33e7c22a3571e062114"},"headline":"Osalusprojekti k\u00f6\u00f6gipool","datePublished":"2012-11-22T08:45:39+00:00","dateModified":"2014-05-07T20:57:50+00:00","mainEntityOfPage":{"@id":"https:\/\/blog.erm.ee\/?p=927"},"wordCount":1362,"commentCount":0,"image":{"@id":"https:\/\/blog.erm.ee\/?p=927#primaryimage"},"thumbnailUrl":"https:\/\/blog.erm.ee\/wp-content\/uploads\/2012\/11\/fotovoistlus_blogi.jpg","articleSection":["Osalus"],"inLanguage":"et","potentialAction":[{"@type":"CommentAction","name":"Comment","target":["https:\/\/blog.erm.ee\/?p=927#respond"]}]},{"@type":"WebPage","@id":"https:\/\/blog.erm.ee\/?p=927","url":"https:\/\/blog.erm.ee\/?p=927","name":"Osalusprojekti k\u00f6\u00f6gipool - Eesti Rahva Muuseumi ajaveeb","isPartOf":{"@id":"https:\/\/blog.erm.ee\/#website"},"primaryImageOfPage":{"@id":"https:\/\/blog.erm.ee\/?p=927#primaryimage"},"image":{"@id":"https:\/\/blog.erm.ee\/?p=927#primaryimage"},"thumbnailUrl":"https:\/\/blog.erm.ee\/wp-content\/uploads\/2012\/11\/fotovoistlus_blogi.jpg","datePublished":"2012-11-22T08:45:39+00:00","dateModified":"2014-05-07T20:57:50+00:00","author":{"@id":"https:\/\/blog.erm.ee\/#\/schema\/person\/6e98c391cb00a33e7c22a3571e062114"},"breadcrumb":{"@id":"https:\/\/blog.erm.ee\/?p=927#breadcrumb"},"inLanguage":"et","potentialAction":[{"@type":"ReadAction","target":["https:\/\/blog.erm.ee\/?p=927"]}]},{"@type":"ImageObject","inLanguage":"et","@id":"https:\/\/blog.erm.ee\/?p=927#primaryimage","url":"https:\/\/blog.erm.ee\/wp-content\/uploads\/2012\/11\/fotovoistlus_blogi.jpg","contentUrl":"https:\/\/blog.erm.ee\/wp-content\/uploads\/2012\/11\/fotovoistlus_blogi.jpg","width":405,"height":206},{"@type":"BreadcrumbList","@id":"https:\/\/blog.erm.ee\/?p=927#breadcrumb","itemListElement":[{"@type":"ListItem","position":1,"name":"Home","item":"https:\/\/blog.erm.ee\/"},{"@type":"ListItem","position":2,"name":"Osalusprojekti k\u00f6\u00f6gipool"}]},{"@type":"WebSite","@id":"https:\/\/blog.erm.ee\/#website","url":"https:\/\/blog.erm.ee\/","name":"Eesti Rahva Muuseumi ajaveeb","description":"","potentialAction":[{"@type":"SearchAction","target":{"@type":"EntryPoint","urlTemplate":"https:\/\/blog.erm.ee\/?s={search_term_string}"},"query-input":{"@type":"PropertyValueSpecification","valueRequired":true,"valueName":"search_term_string"}}],"inLanguage":"et"},{"@type":"Person","@id":"https:\/\/blog.erm.ee\/#\/schema\/person\/6e98c391cb00a33e7c22a3571e062114","name":"Eesti Rahva Muuseum","image":{"@type":"ImageObject","inLanguage":"et","@id":"https:\/\/secure.gravatar.com\/avatar\/cb6d9ad5fb49f3f7315028ce5fe60641075f2cb52b8a058ff5a985fa2d8c1da0?s=96&d=mm&r=g","url":"https:\/\/secure.gravatar.com\/avatar\/cb6d9ad5fb49f3f7315028ce5fe60641075f2cb52b8a058ff5a985fa2d8c1da0?s=96&d=mm&r=g","contentUrl":"https:\/\/secure.gravatar.com\/avatar\/cb6d9ad5fb49f3f7315028ce5fe60641075f2cb52b8a058ff5a985fa2d8c1da0?s=96&d=mm&r=g","caption":"Eesti Rahva Muuseum"},"sameAs":["http:\/\/www.erm.ee"],"url":"https:\/\/blog.erm.ee\/?author=1"}]}},"jetpack_featured_media_url":"https:\/\/blog.erm.ee\/wp-content\/uploads\/2012\/11\/fotovoistlus_blogi.jpg","jetpack_shortlink":"https:\/\/wp.me\/p2l9Zd-eX","jetpack_sharing_enabled":true,"jetpack_likes_enabled":true,"_links":{"self":[{"href":"https:\/\/blog.erm.ee\/index.php?rest_route=\/wp\/v2\/posts\/927","targetHints":{"allow":["GET"]}}],"collection":[{"href":"https:\/\/blog.erm.ee\/index.php?rest_route=\/wp\/v2\/posts"}],"about":[{"href":"https:\/\/blog.erm.ee\/index.php?rest_route=\/wp\/v2\/types\/post"}],"author":[{"embeddable":true,"href":"https:\/\/blog.erm.ee\/index.php?rest_route=\/wp\/v2\/users\/1"}],"replies":[{"embeddable":true,"href":"https:\/\/blog.erm.ee\/index.php?rest_route=%2Fwp%2Fv2%2Fcomments&post=927"}],"version-history":[{"count":14,"href":"https:\/\/blog.erm.ee\/index.php?rest_route=\/wp\/v2\/posts\/927\/revisions"}],"predecessor-version":[{"id":4737,"href":"https:\/\/blog.erm.ee\/index.php?rest_route=\/wp\/v2\/posts\/927\/revisions\/4737"}],"wp:featuredmedia":[{"embeddable":true,"href":"https:\/\/blog.erm.ee\/index.php?rest_route=\/wp\/v2\/media\/926"}],"wp:attachment":[{"href":"https:\/\/blog.erm.ee\/index.php?rest_route=%2Fwp%2Fv2%2Fmedia&parent=927"}],"wp:term":[{"taxonomy":"category","embeddable":true,"href":"https:\/\/blog.erm.ee\/index.php?rest_route=%2Fwp%2Fv2%2Fcategories&post=927"},{"taxonomy":"post_tag","embeddable":true,"href":"https:\/\/blog.erm.ee\/index.php?rest_route=%2Fwp%2Fv2%2Ftags&post=927"}],"curies":[{"name":"wp","href":"https:\/\/api.w.org\/{rel}","templated":true}]}}