{"id":9250,"date":"2017-01-26T06:09:37","date_gmt":"2017-01-26T04:09:37","guid":{"rendered":"http:\/\/blog.erm.ee\/?p=9250"},"modified":"2017-01-26T20:14:58","modified_gmt":"2017-01-26T18:14:58","slug":"ilusad-ja-kurvad-kukepildid-kaua-ei-saa-vaadata-muidu-touseb-palavik","status":"publish","type":"post","link":"https:\/\/blog.erm.ee\/?p=9250","title":{"rendered":"Ilusad ja kurvad kukepildid. Kaua ei saa vaadata, muidu t\u00f5useb palavik"},"content":{"rendered":"<div class=\"fcbkbttn_buttons_block\" id=\"fcbkbttn_left\"><div class=\"fcbkbttn_like \"><fb:like href=\"https:\/\/blog.erm.ee\/?p=9250\" action=\"like\" colorscheme=\"light\" layout=\"standard\"  width=\"225px\" size=\"small\"><\/fb:like><\/div><div class=\"fb-share-button  \" data-href=\"https:\/\/blog.erm.ee\/?p=9250\" data-type=\"button\" data-size=\"small\"><\/div><\/div><p><em>Siret Saar, koguhoidja<\/em><\/p>\n<p>Lapsena oli mul k\u00f5ik selge: kass on emane, koer isane, rebane flirtiv daam, hunt proletariaadi esindaja, l\u00f5vi ja tiiger on abielus, j\u00e4nes j\u00e4\u00e4b alati h\u00e4diseks poisiks ning kukk on hea r\u00fchiga t\u00fc\u00fctu targutaja. Kindla teadmise andsid multikad ja raamatute illustratsioonid, miski polnud segane. See, et maavanaema juures vahel m\u00f5ned asjad teisiti olid, ei muutnud midagi \u2013 need kaks maailma said eksisteerida paralleelselt.<\/p>\n<p><a href=\"https:\/\/blog.erm.ee\/wp-content\/uploads\/2017\/01\/pilt.jpg\"><img loading=\"lazy\" decoding=\"async\" data-attachment-id=\"9311\" data-permalink=\"https:\/\/blog.erm.ee\/?attachment_id=9311#main\" data-orig-file=\"https:\/\/blog.erm.ee\/wp-content\/uploads\/2017\/01\/pilt.jpg\" data-orig-size=\"1200,849\" data-comments-opened=\"1\" data-image-meta=\"{&quot;aperture&quot;:&quot;0&quot;,&quot;credit&quot;:&quot;&quot;,&quot;camera&quot;:&quot;&quot;,&quot;caption&quot;:&quot;&quot;,&quot;created_timestamp&quot;:&quot;0&quot;,&quot;copyright&quot;:&quot;&quot;,&quot;focal_length&quot;:&quot;0&quot;,&quot;iso&quot;:&quot;0&quot;,&quot;shutter_speed&quot;:&quot;0&quot;,&quot;title&quot;:&quot;&quot;,&quot;orientation&quot;:&quot;0&quot;}\" data-image-title=\"pilt\" data-image-description=\"\" data-image-caption=\"\" data-large-file=\"https:\/\/blog.erm.ee\/wp-content\/uploads\/2017\/01\/pilt-1024x724.jpg\" class=\"alignnone size-full wp-image-9311\" src=\"https:\/\/blog.erm.ee\/wp-content\/uploads\/2017\/01\/pilt.jpg\" alt=\"\" width=\"1200\" height=\"849\" srcset=\"https:\/\/blog.erm.ee\/wp-content\/uploads\/2017\/01\/pilt.jpg 1200w, https:\/\/blog.erm.ee\/wp-content\/uploads\/2017\/01\/pilt-367x260.jpg 367w, https:\/\/blog.erm.ee\/wp-content\/uploads\/2017\/01\/pilt-300x212.jpg 300w, https:\/\/blog.erm.ee\/wp-content\/uploads\/2017\/01\/pilt-768x543.jpg 768w, https:\/\/blog.erm.ee\/wp-content\/uploads\/2017\/01\/pilt-1024x724.jpg 1024w\" sizes=\"auto, (max-width: 1200px) 100vw, 1200px\" \/><\/a>28. jaanuaril algab kukeaasta. Siin on sel puhul ERMi fotokogu p\u00f5hjal galerii kukkedest koos ilukirjanduslike kikaste kirjeldustega.<\/p>\n<p><strong>Ning kanad, selle asemel, et uhkelt ja p\u00f5lglikult p\u00f6\u00f6rata h\u00e4nnad nende poole, jooksid kui meeletud neile lustlikult vastu, nokkadel meelitused, \u00f5hinad ning k\u00f5lvatud himud. M\u00f5ne noore kukenolgi hoovi ilmudes, kes oli tulnud m\u00f5nest pimedast, vaesest ja viletsast popsniku laudast, sulgedel s\u00f5nniku lehk, jalgadel maanteede pori, nokal totrus ja edevus, piirasid kanad selle \u00f5hinal \u00fcmber, j\u00e4ttes tema, vana r\u00fc\u00fctli ja vaimuaadliku, \u00fcksinda keset hoovi. See oli ennekuulmatu kasvatamatus. (A. Gailit \u201eP\u00f5hjaneitsi&#8221;. Novell &#8220;Viimne romantik&#8221;<\/strong><strong>)<\/strong><\/p>\n<p><a href=\"https:\/\/blog.erm.ee\/wp-content\/uploads\/2017\/01\/078994_ERM_Fk_2644_8140.jpg\"><img loading=\"lazy\" decoding=\"async\" data-attachment-id=\"9316\" data-permalink=\"https:\/\/blog.erm.ee\/?attachment_id=9316#main\" data-orig-file=\"https:\/\/blog.erm.ee\/wp-content\/uploads\/2017\/01\/078994_ERM_Fk_2644_8140.jpg\" data-orig-size=\"1200,790\" data-comments-opened=\"1\" data-image-meta=\"{&quot;aperture&quot;:&quot;0&quot;,&quot;credit&quot;:&quot;&quot;,&quot;camera&quot;:&quot;&quot;,&quot;caption&quot;:&quot;&quot;,&quot;created_timestamp&quot;:&quot;0&quot;,&quot;copyright&quot;:&quot;\\u00a9 Eesti Rahva Muuseum&quot;,&quot;focal_length&quot;:&quot;0&quot;,&quot;iso&quot;:&quot;0&quot;,&quot;shutter_speed&quot;:&quot;0&quot;,&quot;title&quot;:&quot;&quot;,&quot;orientation&quot;:&quot;0&quot;}\" data-image-title=\"078994_ERM_Fk_2644_8140\" data-image-description=\"\" data-image-caption=\"\" data-large-file=\"https:\/\/blog.erm.ee\/wp-content\/uploads\/2017\/01\/078994_ERM_Fk_2644_8140-1024x674.jpg\" class=\"alignnone size-full wp-image-9316\" src=\"https:\/\/blog.erm.ee\/wp-content\/uploads\/2017\/01\/078994_ERM_Fk_2644_8140.jpg\" alt=\"\" width=\"1200\" height=\"790\" srcset=\"https:\/\/blog.erm.ee\/wp-content\/uploads\/2017\/01\/078994_ERM_Fk_2644_8140.jpg 1200w, https:\/\/blog.erm.ee\/wp-content\/uploads\/2017\/01\/078994_ERM_Fk_2644_8140-395x260.jpg 395w, https:\/\/blog.erm.ee\/wp-content\/uploads\/2017\/01\/078994_ERM_Fk_2644_8140-300x198.jpg 300w, https:\/\/blog.erm.ee\/wp-content\/uploads\/2017\/01\/078994_ERM_Fk_2644_8140-768x506.jpg 768w, https:\/\/blog.erm.ee\/wp-content\/uploads\/2017\/01\/078994_ERM_Fk_2644_8140-1024x674.jpg 1024w\" sizes=\"auto, (max-width: 1200px) 100vw, 1200px\" \/><\/a><em>ERM Fk 2644:8140. Foto: Viktor Salmre 1970<\/em><\/p>\n<p><strong>\u201eNo n\u00fc\u00fcd on ta p\u00e4ris hulluks l\u00e4inud,\u201c m\u00f5tles kana murelikult ja kiskus kapa kuke k\u00e4est \u00e4ra. Kukk aga tantsis ja h\u00fcples \u00fchel jalal, kutsudes teisi Metsapoole kukki endaga v\u00f5itlema. T\u00fckk aega niimoodi k\u00e4ratsenud, langes kukk l\u00f6sakile ja vajus jalapealt s\u00fcgavasse unne. Kuid ega \u00f5nnetused sellega veel l\u00f5ppenud. Liigsest \u00f5llepruukimisest oli kukekesel k\u00f5ht lahti l\u00e4inud ja ta m\u00e4\u00e4ris oma ilusad p\u00fcksid \u00e4ra. (\u201eLoomamuinasjutud\u201c, muinasjutt \u201eKuidas Metsapoole kukk \u00f5lut j\u00f5i\u201c)<\/strong><\/p>\n<p><a href=\"https:\/\/blog.erm.ee\/wp-content\/uploads\/2017\/01\/347922_ERM_Fk_2976_55.jpg\"><img loading=\"lazy\" decoding=\"async\" data-attachment-id=\"9317\" data-permalink=\"https:\/\/blog.erm.ee\/?attachment_id=9317#main\" data-orig-file=\"https:\/\/blog.erm.ee\/wp-content\/uploads\/2017\/01\/347922_ERM_Fk_2976_55.jpg\" data-orig-size=\"1200,801\" data-comments-opened=\"1\" data-image-meta=\"{&quot;aperture&quot;:&quot;0&quot;,&quot;credit&quot;:&quot;&quot;,&quot;camera&quot;:&quot;&quot;,&quot;caption&quot;:&quot;&quot;,&quot;created_timestamp&quot;:&quot;1373122371&quot;,&quot;copyright&quot;:&quot;&quot;,&quot;focal_length&quot;:&quot;0&quot;,&quot;iso&quot;:&quot;0&quot;,&quot;shutter_speed&quot;:&quot;0&quot;,&quot;title&quot;:&quot;&quot;,&quot;orientation&quot;:&quot;0&quot;}\" data-image-title=\"347922_ERM_Fk_2976_55\" data-image-description=\"\" data-image-caption=\"\" data-large-file=\"https:\/\/blog.erm.ee\/wp-content\/uploads\/2017\/01\/347922_ERM_Fk_2976_55-1024x684.jpg\" class=\"alignnone size-full wp-image-9317\" src=\"https:\/\/blog.erm.ee\/wp-content\/uploads\/2017\/01\/347922_ERM_Fk_2976_55.jpg\" alt=\"\" width=\"1200\" height=\"801\" srcset=\"https:\/\/blog.erm.ee\/wp-content\/uploads\/2017\/01\/347922_ERM_Fk_2976_55.jpg 1200w, https:\/\/blog.erm.ee\/wp-content\/uploads\/2017\/01\/347922_ERM_Fk_2976_55-390x260.jpg 390w, https:\/\/blog.erm.ee\/wp-content\/uploads\/2017\/01\/347922_ERM_Fk_2976_55-300x200.jpg 300w, https:\/\/blog.erm.ee\/wp-content\/uploads\/2017\/01\/347922_ERM_Fk_2976_55-768x513.jpg 768w, https:\/\/blog.erm.ee\/wp-content\/uploads\/2017\/01\/347922_ERM_Fk_2976_55-1024x684.jpg 1024w\" sizes=\"auto, (max-width: 1200px) 100vw, 1200px\" \/><\/a><em>ERM Fk 2976:55. Foto Anu Ansu 2013<\/em><\/p>\n<p><strong>Kolonel j\u00e4lgis kuke kaudu naise meeleolu. Miski linnu juures ei v\u00e4\u00e4rinud pahameelt. Ta oli treeninguteks valmis. Kael ja kintsud olid sulitud ja tumepunased, hari sakiline, lind tervikuna n\u00e4gi v\u00e4lja kuidagi paljas ja kaitsetu. (G. G. <em>M\u00e1rquez \u201eKolonelile ei kirjuta keegi\u201c)<\/em><\/strong><\/p>\n<p><a href=\"https:\/\/blog.erm.ee\/wp-content\/uploads\/2017\/01\/078997_ERM_Fk_2644_8143.jpg\"><img loading=\"lazy\" decoding=\"async\" data-attachment-id=\"9318\" data-permalink=\"https:\/\/blog.erm.ee\/?attachment_id=9318#main\" data-orig-file=\"https:\/\/blog.erm.ee\/wp-content\/uploads\/2017\/01\/078997_ERM_Fk_2644_8143.jpg\" data-orig-size=\"796,1200\" data-comments-opened=\"1\" data-image-meta=\"{&quot;aperture&quot;:&quot;0&quot;,&quot;credit&quot;:&quot;&quot;,&quot;camera&quot;:&quot;&quot;,&quot;caption&quot;:&quot;&quot;,&quot;created_timestamp&quot;:&quot;0&quot;,&quot;copyright&quot;:&quot;\\u00a9 Eesti Rahva Muuseum&quot;,&quot;focal_length&quot;:&quot;0&quot;,&quot;iso&quot;:&quot;0&quot;,&quot;shutter_speed&quot;:&quot;0&quot;,&quot;title&quot;:&quot;&quot;,&quot;orientation&quot;:&quot;0&quot;}\" data-image-title=\"078997_ERM_Fk_2644_8143\" data-image-description=\"\" data-image-caption=\"\" data-large-file=\"https:\/\/blog.erm.ee\/wp-content\/uploads\/2017\/01\/078997_ERM_Fk_2644_8143-679x1024.jpg\" class=\"alignnone size-full wp-image-9318\" src=\"https:\/\/blog.erm.ee\/wp-content\/uploads\/2017\/01\/078997_ERM_Fk_2644_8143.jpg\" alt=\"\" width=\"796\" height=\"1200\" srcset=\"https:\/\/blog.erm.ee\/wp-content\/uploads\/2017\/01\/078997_ERM_Fk_2644_8143.jpg 796w, https:\/\/blog.erm.ee\/wp-content\/uploads\/2017\/01\/078997_ERM_Fk_2644_8143-172x260.jpg 172w, https:\/\/blog.erm.ee\/wp-content\/uploads\/2017\/01\/078997_ERM_Fk_2644_8143-199x300.jpg 199w, https:\/\/blog.erm.ee\/wp-content\/uploads\/2017\/01\/078997_ERM_Fk_2644_8143-768x1158.jpg 768w, https:\/\/blog.erm.ee\/wp-content\/uploads\/2017\/01\/078997_ERM_Fk_2644_8143-679x1024.jpg 679w\" sizes=\"auto, (max-width: 796px) 100vw, 796px\" \/><\/a><em>ERM Fk 2644:8143. Foto: Viktor Salmre 1970<\/em><\/p>\n<p><strong>M\u00e4rganud kuke s\u00fcnget n\u00e4gu, kiljatas kana: \u201eOi \u00f5udust, mida sa, suureharjaline, niimoodi p\u00f5rnitsed?\u201c Kukk ei vastanud t\u00fckk aega midagi, vahtis ainult enda ette, pikalt ja v\u00e4risedes. L\u00f5puks ta lausus \u00f5\u00f5nsa h\u00e4\u00e4lega: \u201eN\u00fc\u00fcd tuleb maailma l\u00f5pp. Seda see p\u00f6\u00f6rlev-keerlev kukkumine t\u00e4hendab.\u201c (\u201eLoomamuinasjutud\u201c, muinasjutt \u201eLoomad p\u00f5genevad maailmal\u00f5pu eest\u201c)<\/strong><\/p>\n<p><a href=\"https:\/\/blog.erm.ee\/wp-content\/uploads\/2017\/01\/078995_ERM_Fk_2644_8141.jpg\"><img loading=\"lazy\" decoding=\"async\" data-attachment-id=\"9319\" data-permalink=\"https:\/\/blog.erm.ee\/?attachment_id=9319#main\" data-orig-file=\"https:\/\/blog.erm.ee\/wp-content\/uploads\/2017\/01\/078995_ERM_Fk_2644_8141.jpg\" data-orig-size=\"1200,790\" data-comments-opened=\"1\" data-image-meta=\"{&quot;aperture&quot;:&quot;0&quot;,&quot;credit&quot;:&quot;&quot;,&quot;camera&quot;:&quot;&quot;,&quot;caption&quot;:&quot;&quot;,&quot;created_timestamp&quot;:&quot;0&quot;,&quot;copyright&quot;:&quot;\\u00a9 Eesti Rahva Muuseum&quot;,&quot;focal_length&quot;:&quot;0&quot;,&quot;iso&quot;:&quot;0&quot;,&quot;shutter_speed&quot;:&quot;0&quot;,&quot;title&quot;:&quot;&quot;,&quot;orientation&quot;:&quot;0&quot;}\" data-image-title=\"078995_ERM_Fk_2644_8141\" data-image-description=\"\" data-image-caption=\"\" data-large-file=\"https:\/\/blog.erm.ee\/wp-content\/uploads\/2017\/01\/078995_ERM_Fk_2644_8141-1024x674.jpg\" class=\"alignnone size-full wp-image-9319\" src=\"https:\/\/blog.erm.ee\/wp-content\/uploads\/2017\/01\/078995_ERM_Fk_2644_8141.jpg\" alt=\"\" width=\"1200\" height=\"790\" srcset=\"https:\/\/blog.erm.ee\/wp-content\/uploads\/2017\/01\/078995_ERM_Fk_2644_8141.jpg 1200w, https:\/\/blog.erm.ee\/wp-content\/uploads\/2017\/01\/078995_ERM_Fk_2644_8141-395x260.jpg 395w, https:\/\/blog.erm.ee\/wp-content\/uploads\/2017\/01\/078995_ERM_Fk_2644_8141-300x198.jpg 300w, https:\/\/blog.erm.ee\/wp-content\/uploads\/2017\/01\/078995_ERM_Fk_2644_8141-768x506.jpg 768w, https:\/\/blog.erm.ee\/wp-content\/uploads\/2017\/01\/078995_ERM_Fk_2644_8141-1024x674.jpg 1024w\" sizes=\"auto, (max-width: 1200px) 100vw, 1200px\" \/><\/a><em>ERM Fk 2644: 8141: Foto Viktor Salmre 1970<\/em><\/p>\n<p><strong>Noor kukk l\u00e4ks ajapikku \u00f5ige toredaks. Saatuse tahtel sai temast seal v\u00e4ikeses r\u00e4pases hoovis kolme takus kana seltsis keigar. Ta \u00f5ppis teiste kukkede kiremise peale kaela \u00f5ieli ajama ja saatis oma l\u00e4bil\u00f5ikavad vastused teisele poole m\u00fc\u00fcri, maailma, millest ta midagi ei teadnud. Tema kiremine oli ise\u00e4ranis k\u00e4rts ja teiste kukkede kauge k\u00f5rin \u00e4rritas teda jahmatavalt palju.\u00a0 (D. H. Lawrence \u201eMees, kes suri\u201c)<\/strong><\/p>\n<div id=\"attachment_9320\" style=\"width: 1210px\" class=\"wp-caption alignnone\"><a href=\"https:\/\/blog.erm.ee\/wp-content\/uploads\/2017\/01\/313668_ERM_Fk_349_338.jpg\"><img loading=\"lazy\" decoding=\"async\" aria-describedby=\"caption-attachment-9320\" data-attachment-id=\"9320\" data-permalink=\"https:\/\/blog.erm.ee\/?attachment_id=9320#main\" data-orig-file=\"https:\/\/blog.erm.ee\/wp-content\/uploads\/2017\/01\/313668_ERM_Fk_349_338.jpg\" data-orig-size=\"1200,860\" data-comments-opened=\"1\" data-image-meta=\"{&quot;aperture&quot;:&quot;0&quot;,&quot;credit&quot;:&quot;&quot;,&quot;camera&quot;:&quot;&quot;,&quot;caption&quot;:&quot;[#Beginning of Shooting Data Section]\\rNikon D70\\r\\rFocal Length: 50mm\\r\\rOptimize Image: Custom\\r\\rColor Mode: Mode II (Adobe RGB)\\r\\rNoise Reduction: OFF\\r\\r2006\/02\/13 14:53:47\\r\\rExposure Mode: Manual\\r\\rWhite Balance: Preset\\r\\rTone Comp: Normal\\r\\rJPEG (8-bit) Fine\\r\\rMetering Mode: Multi-Pattern\\r\\rAF Mode: AF-S\\r\\rHue Adjustment: 0\\u00b0\\r\\rImage Size:  Large (3008 x 2000)\\r\\r1\/30 sec - F\/13\\r\\rFlash Sync Mode: Not Attached\\r\\rSaturation:  Normal\\r\\rExposure Comp.: 0 EV\\r\\rSharpening: Auto\\r\\rLens: 50mm F\/2.8 D\\r\\rSensitivity: ISO 200\\r\\rImage Comment:                                     \\r\\r[#End of Shooting Data Section]&quot;,&quot;created_timestamp&quot;:&quot;1139842427&quot;,&quot;copyright&quot;:&quot;&quot;,&quot;focal_length&quot;:&quot;0&quot;,&quot;iso&quot;:&quot;0&quot;,&quot;shutter_speed&quot;:&quot;0&quot;,&quot;title&quot;:&quot;&quot;,&quot;orientation&quot;:&quot;0&quot;}\" data-image-title=\"313668_ERM_Fk_349_338\" data-image-description=\"\" data-image-caption=\"&lt;p&gt;[#Beginning of Shooting Data Section]&lt;br \/&gt;\nNikon D70&lt;\/p&gt;\n&lt;p&gt;Focal Length: 50mm&lt;\/p&gt;\n&lt;p&gt;Optimize Image: Custom&lt;\/p&gt;\n&lt;p&gt;Color Mode: Mode II (Adobe RGB)&lt;\/p&gt;\n&lt;p&gt;Noise Reduction: OFF&lt;\/p&gt;\n&lt;p&gt;2006\/02\/13 14:53:47&lt;\/p&gt;\n&lt;p&gt;Exposure Mode: Manual&lt;\/p&gt;\n&lt;p&gt;White Balance: Preset&lt;\/p&gt;\n&lt;p&gt;Tone Comp: Normal&lt;\/p&gt;\n&lt;p&gt;JPEG (8-bit) Fine&lt;\/p&gt;\n&lt;p&gt;Metering Mode: Multi-Pattern&lt;\/p&gt;\n&lt;p&gt;AF Mode: AF-S&lt;\/p&gt;\n&lt;p&gt;Hue Adjustment: 0\u00b0&lt;\/p&gt;\n&lt;p&gt;Image Size:  Large (3008 x 2000)&lt;\/p&gt;\n&lt;p&gt;1\/30 sec &amp;#8211; F\/13&lt;\/p&gt;\n&lt;p&gt;Flash Sync Mode: Not Attached&lt;\/p&gt;\n&lt;p&gt;Saturation:  Normal&lt;\/p&gt;\n&lt;p&gt;Exposure Comp.: 0 EV&lt;\/p&gt;\n&lt;p&gt;Sharpening: Auto&lt;\/p&gt;\n&lt;p&gt;Lens: 50mm F\/2.8 D&lt;\/p&gt;\n&lt;p&gt;Sensitivity: ISO 200&lt;\/p&gt;\n&lt;p&gt;Image Comment:                                     &lt;\/p&gt;\n&lt;p&gt;[#End of Shooting Data Section]&lt;\/p&gt;\n\" data-large-file=\"https:\/\/blog.erm.ee\/wp-content\/uploads\/2017\/01\/313668_ERM_Fk_349_338-1024x734.jpg\" class=\"size-full wp-image-9320\" src=\"https:\/\/blog.erm.ee\/wp-content\/uploads\/2017\/01\/313668_ERM_Fk_349_338.jpg\" alt=\"\" width=\"1200\" height=\"860\" srcset=\"https:\/\/blog.erm.ee\/wp-content\/uploads\/2017\/01\/313668_ERM_Fk_349_338.jpg 1200w, https:\/\/blog.erm.ee\/wp-content\/uploads\/2017\/01\/313668_ERM_Fk_349_338-363x260.jpg 363w, https:\/\/blog.erm.ee\/wp-content\/uploads\/2017\/01\/313668_ERM_Fk_349_338-300x215.jpg 300w, https:\/\/blog.erm.ee\/wp-content\/uploads\/2017\/01\/313668_ERM_Fk_349_338-768x550.jpg 768w, https:\/\/blog.erm.ee\/wp-content\/uploads\/2017\/01\/313668_ERM_Fk_349_338-1024x734.jpg 1024w\" sizes=\"auto, (max-width: 1200px) 100vw, 1200px\" \/><\/a><p id=\"caption-attachment-9320\" class=\"wp-caption-text\"><em>\u00a0<\/em><\/p><\/div>\n<p><em>ERM Fk 349:338. Foto: Johannes P\u00e4\u00e4suke 1914<\/em><\/p>\n<p><strong>L\u00f5puks l\u00f5i uhkus kukele niimoodi p\u00e4he, et ta otsustas minna kirema kuningalossi. \u201eKui sul, vaene kukk, oleks niisama palju j\u00f5udu ja m\u00f5istust, nagu on ilu,\u201c lausus ohates kana, kes pidi \u00fcksinda k\u00f5ik t\u00f6\u00f6d \u00e4ra tegema. (\u201eLoomamuinasjutud\u201c, muinasjutt \u201eKuningaile kireja\u201c)<\/strong><\/p>\n<p><a href=\"https:\/\/blog.erm.ee\/wp-content\/uploads\/2017\/01\/078996_ERM_Fk_2644_8142.jpg\"><img loading=\"lazy\" decoding=\"async\" data-attachment-id=\"9321\" data-permalink=\"https:\/\/blog.erm.ee\/?attachment_id=9321#main\" data-orig-file=\"https:\/\/blog.erm.ee\/wp-content\/uploads\/2017\/01\/078996_ERM_Fk_2644_8142.jpg\" data-orig-size=\"1200,796\" data-comments-opened=\"1\" data-image-meta=\"{&quot;aperture&quot;:&quot;0&quot;,&quot;credit&quot;:&quot;&quot;,&quot;camera&quot;:&quot;&quot;,&quot;caption&quot;:&quot;&quot;,&quot;created_timestamp&quot;:&quot;0&quot;,&quot;copyright&quot;:&quot;\\u00a9 Eesti Rahva Muuseum&quot;,&quot;focal_length&quot;:&quot;0&quot;,&quot;iso&quot;:&quot;0&quot;,&quot;shutter_speed&quot;:&quot;0&quot;,&quot;title&quot;:&quot;&quot;,&quot;orientation&quot;:&quot;0&quot;}\" data-image-title=\"078996_ERM_Fk_2644_8142\" data-image-description=\"\" data-image-caption=\"\" data-large-file=\"https:\/\/blog.erm.ee\/wp-content\/uploads\/2017\/01\/078996_ERM_Fk_2644_8142-1024x679.jpg\" class=\"alignnone size-full wp-image-9321\" src=\"https:\/\/blog.erm.ee\/wp-content\/uploads\/2017\/01\/078996_ERM_Fk_2644_8142.jpg\" alt=\"\" width=\"1200\" height=\"796\" srcset=\"https:\/\/blog.erm.ee\/wp-content\/uploads\/2017\/01\/078996_ERM_Fk_2644_8142.jpg 1200w, https:\/\/blog.erm.ee\/wp-content\/uploads\/2017\/01\/078996_ERM_Fk_2644_8142-392x260.jpg 392w, https:\/\/blog.erm.ee\/wp-content\/uploads\/2017\/01\/078996_ERM_Fk_2644_8142-300x199.jpg 300w, https:\/\/blog.erm.ee\/wp-content\/uploads\/2017\/01\/078996_ERM_Fk_2644_8142-768x509.jpg 768w, https:\/\/blog.erm.ee\/wp-content\/uploads\/2017\/01\/078996_ERM_Fk_2644_8142-1024x679.jpg 1024w\" sizes=\"auto, (max-width: 1200px) 100vw, 1200px\" \/><\/a><em>ERM Fk 2644:8142. Foto: Viktor Salmre 1970<\/em><\/p>\n<p><strong>Kukeke vaatab toomingat: marju v\u00e4he alles j\u00e4\u00e4nud. H\u00fcppas alla ja nokkis kanakesel silma peast. Kanake l\u00e4ks kohtusse. \u201eSuured kohtunikud, v\u00e4iksed kohtunikud, m\u00f5istke kohut! Kukeke nokkis mul silma peast.\u201c \u2013 \u201eKutsu kukeke siia.\u201c (\u201eSugulaste muinasjutud. Valimik soome-ugri rahvaste jutte\u201c, karjala muinasjutt \u201eKukeke ja kanake\u201c)<\/strong><\/p>\n<p><a href=\"https:\/\/blog.erm.ee\/wp-content\/uploads\/2017\/01\/326712_ERM_Fk_2957_1235.jpg\"><img loading=\"lazy\" decoding=\"async\" data-attachment-id=\"9322\" data-permalink=\"https:\/\/blog.erm.ee\/?attachment_id=9322#main\" data-orig-file=\"https:\/\/blog.erm.ee\/wp-content\/uploads\/2017\/01\/326712_ERM_Fk_2957_1235.jpg\" data-orig-size=\"1200,790\" data-comments-opened=\"1\" data-image-meta=\"{&quot;aperture&quot;:&quot;0&quot;,&quot;credit&quot;:&quot;&quot;,&quot;camera&quot;:&quot;&quot;,&quot;caption&quot;:&quot;&quot;,&quot;created_timestamp&quot;:&quot;0&quot;,&quot;copyright&quot;:&quot;&quot;,&quot;focal_length&quot;:&quot;0&quot;,&quot;iso&quot;:&quot;0&quot;,&quot;shutter_speed&quot;:&quot;0&quot;,&quot;title&quot;:&quot;&quot;,&quot;orientation&quot;:&quot;0&quot;}\" data-image-title=\"326712_ERM_Fk_2957_1235\" data-image-description=\"\" data-image-caption=\"\" data-large-file=\"https:\/\/blog.erm.ee\/wp-content\/uploads\/2017\/01\/326712_ERM_Fk_2957_1235-1024x674.jpg\" class=\"alignnone size-full wp-image-9322\" src=\"https:\/\/blog.erm.ee\/wp-content\/uploads\/2017\/01\/326712_ERM_Fk_2957_1235.jpg\" alt=\"\" width=\"1200\" height=\"790\" srcset=\"https:\/\/blog.erm.ee\/wp-content\/uploads\/2017\/01\/326712_ERM_Fk_2957_1235.jpg 1200w, https:\/\/blog.erm.ee\/wp-content\/uploads\/2017\/01\/326712_ERM_Fk_2957_1235-395x260.jpg 395w, https:\/\/blog.erm.ee\/wp-content\/uploads\/2017\/01\/326712_ERM_Fk_2957_1235-300x198.jpg 300w, https:\/\/blog.erm.ee\/wp-content\/uploads\/2017\/01\/326712_ERM_Fk_2957_1235-768x506.jpg 768w, https:\/\/blog.erm.ee\/wp-content\/uploads\/2017\/01\/326712_ERM_Fk_2957_1235-1024x674.jpg 1024w\" sizes=\"auto, (max-width: 1200px) 100vw, 1200px\" \/><\/a><em>ERM Fk 2957:1235. Foto Hans Voolmann u 1925\u20131930<\/em><\/p>\n<p><strong>Kostab v\u00e4ejuht: \u201eK\u00e4es on hukk! \/ J\u00e4lle tornis kireb kukk, \/ hirm on t\u00e4itnud terve linna.\u201c \/ Tsaargi aknast vaatab sinna: \/ n\u00e4eb, seal kukk, too valvur hea, \/ itta p\u00f6\u00f6ranud on pea \u2026 (A. Pu\u0161kin \u201eMuinasjutt kuldkikkast\u201c)<\/strong><\/p>\n<p><a href=\"https:\/\/blog.erm.ee\/wp-content\/uploads\/2017\/01\/073930_ERM_Fk_2644_3076.jpg\"><img loading=\"lazy\" decoding=\"async\" data-attachment-id=\"9323\" data-permalink=\"https:\/\/blog.erm.ee\/?attachment_id=9323#main\" data-orig-file=\"https:\/\/blog.erm.ee\/wp-content\/uploads\/2017\/01\/073930_ERM_Fk_2644_3076.jpg\" data-orig-size=\"1200,785\" data-comments-opened=\"1\" data-image-meta=\"{&quot;aperture&quot;:&quot;0&quot;,&quot;credit&quot;:&quot;&quot;,&quot;camera&quot;:&quot;&quot;,&quot;caption&quot;:&quot;&quot;,&quot;created_timestamp&quot;:&quot;0&quot;,&quot;copyright&quot;:&quot;&quot;,&quot;focal_length&quot;:&quot;0&quot;,&quot;iso&quot;:&quot;0&quot;,&quot;shutter_speed&quot;:&quot;0&quot;,&quot;title&quot;:&quot;&quot;,&quot;orientation&quot;:&quot;0&quot;}\" data-image-title=\"073930_ERM_Fk_2644_3076\" data-image-description=\"\" data-image-caption=\"\" data-large-file=\"https:\/\/blog.erm.ee\/wp-content\/uploads\/2017\/01\/073930_ERM_Fk_2644_3076-1024x670.jpg\" class=\"alignnone size-full wp-image-9323\" src=\"https:\/\/blog.erm.ee\/wp-content\/uploads\/2017\/01\/073930_ERM_Fk_2644_3076.jpg\" alt=\"\" width=\"1200\" height=\"785\" srcset=\"https:\/\/blog.erm.ee\/wp-content\/uploads\/2017\/01\/073930_ERM_Fk_2644_3076.jpg 1200w, https:\/\/blog.erm.ee\/wp-content\/uploads\/2017\/01\/073930_ERM_Fk_2644_3076-397x260.jpg 397w, https:\/\/blog.erm.ee\/wp-content\/uploads\/2017\/01\/073930_ERM_Fk_2644_3076-300x196.jpg 300w, https:\/\/blog.erm.ee\/wp-content\/uploads\/2017\/01\/073930_ERM_Fk_2644_3076-768x502.jpg 768w, https:\/\/blog.erm.ee\/wp-content\/uploads\/2017\/01\/073930_ERM_Fk_2644_3076-1024x670.jpg 1024w\" sizes=\"auto, (max-width: 1200px) 100vw, 1200px\" \/><\/a><em>ERM Fk 2644:3076 Foto Viktor Salmre 1970<\/em><\/p>\n<p><strong>Emil ei m\u00f5istnud, mis on kukega lahti, aga tal hakkas kukest kahju, seep\u00e4rast ta l\u00e4ks ja t\u00f5stis vaesekese jalgadele. Kukk seisis m\u00f5nda aega ja tuikus edasi-tagasi, just nagu katsuks j\u00e4rele, kas jalad kannavad, aga siis haaras teda mingi meeltesegadus, ta kires ja laksutas \u00fclemeelikult tiibu ning pistis kileda kukeleeguga kanakarja poole jooksu. (A. Lindgren \u201eVahtram\u00e4e Emil\u201c)<\/strong><\/p>\n<p><a href=\"https:\/\/blog.erm.ee\/wp-content\/uploads\/2017\/01\/064115_ERM_Fk_2905_187.jpg\"><img loading=\"lazy\" decoding=\"async\" data-attachment-id=\"9324\" data-permalink=\"https:\/\/blog.erm.ee\/?attachment_id=9324#main\" data-orig-file=\"https:\/\/blog.erm.ee\/wp-content\/uploads\/2017\/01\/064115_ERM_Fk_2905_187.jpg\" data-orig-size=\"869,1200\" data-comments-opened=\"1\" data-image-meta=\"{&quot;aperture&quot;:&quot;0&quot;,&quot;credit&quot;:&quot;&quot;,&quot;camera&quot;:&quot;&quot;,&quot;caption&quot;:&quot;&quot;,&quot;created_timestamp&quot;:&quot;1158838621&quot;,&quot;copyright&quot;:&quot;&quot;,&quot;focal_length&quot;:&quot;0&quot;,&quot;iso&quot;:&quot;0&quot;,&quot;shutter_speed&quot;:&quot;0&quot;,&quot;title&quot;:&quot;&quot;,&quot;orientation&quot;:&quot;0&quot;}\" data-image-title=\"064115_ERM_Fk_2905_187\" data-image-description=\"\" data-image-caption=\"\" data-large-file=\"https:\/\/blog.erm.ee\/wp-content\/uploads\/2017\/01\/064115_ERM_Fk_2905_187-742x1024.jpg\" class=\"alignnone size-full wp-image-9324\" src=\"https:\/\/blog.erm.ee\/wp-content\/uploads\/2017\/01\/064115_ERM_Fk_2905_187.jpg\" alt=\"\" width=\"869\" height=\"1200\" srcset=\"https:\/\/blog.erm.ee\/wp-content\/uploads\/2017\/01\/064115_ERM_Fk_2905_187.jpg 869w, https:\/\/blog.erm.ee\/wp-content\/uploads\/2017\/01\/064115_ERM_Fk_2905_187-188x260.jpg 188w, https:\/\/blog.erm.ee\/wp-content\/uploads\/2017\/01\/064115_ERM_Fk_2905_187-217x300.jpg 217w, https:\/\/blog.erm.ee\/wp-content\/uploads\/2017\/01\/064115_ERM_Fk_2905_187-768x1061.jpg 768w, https:\/\/blog.erm.ee\/wp-content\/uploads\/2017\/01\/064115_ERM_Fk_2905_187-742x1024.jpg 742w\" sizes=\"auto, (max-width: 869px) 100vw, 869px\" \/><\/a><em>ERM Fk 2905:187. Foto Veljo Tirmaste 1969<\/em><\/p>\n<p><strong>Bojaar k\u00e4skis kokal kukk ahju visata. Kukk p\u00fc\u00fcti kinni ja visati ahju, otse p\u00f5levatesse leekidesse. Kukk hakkas j\u00e4lle omaette podisema: \u201eNokake, nokake, s\u00fclita vett! Suuke, suuke, kalla vett!\u201c Vesi voolas v\u00e4lja ja kustutas leegid. Kukk saputas sulgi ja lendas bojaari paleesse. Ja hakkas j\u00e4lle karjuma: \u201eKikerikii! Bojaar, kuule, bojaar! Anna meie veskikivid, sinine ja kuldne, tagasi!\u201c (\u201eKuldseid lugusid laiast ilmast. Vene muinasjutud ja b\u00f5liinad\u201c, \u201eKuldharjaga kukeke ja veskikivid\u201c)<\/strong><\/p>\n<p><a href=\"https:\/\/blog.erm.ee\/wp-content\/uploads\/2017\/01\/353453_ERM_Fk_2991_150.jpg\"><img loading=\"lazy\" decoding=\"async\" data-attachment-id=\"9325\" data-permalink=\"https:\/\/blog.erm.ee\/?attachment_id=9325#main\" data-orig-file=\"https:\/\/blog.erm.ee\/wp-content\/uploads\/2017\/01\/353453_ERM_Fk_2991_150.jpg\" data-orig-size=\"800,1200\" data-comments-opened=\"1\" data-image-meta=\"{&quot;aperture&quot;:&quot;0&quot;,&quot;credit&quot;:&quot;&quot;,&quot;camera&quot;:&quot;&quot;,&quot;caption&quot;:&quot;&quot;,&quot;created_timestamp&quot;:&quot;1383994252&quot;,&quot;copyright&quot;:&quot;&quot;,&quot;focal_length&quot;:&quot;0&quot;,&quot;iso&quot;:&quot;0&quot;,&quot;shutter_speed&quot;:&quot;0&quot;,&quot;title&quot;:&quot;&quot;,&quot;orientation&quot;:&quot;0&quot;}\" data-image-title=\"353453_ERM_Fk_2991_150\" data-image-description=\"\" data-image-caption=\"\" data-large-file=\"https:\/\/blog.erm.ee\/wp-content\/uploads\/2017\/01\/353453_ERM_Fk_2991_150-683x1024.jpg\" class=\"alignnone size-full wp-image-9325\" src=\"https:\/\/blog.erm.ee\/wp-content\/uploads\/2017\/01\/353453_ERM_Fk_2991_150.jpg\" alt=\"\" width=\"800\" height=\"1200\" srcset=\"https:\/\/blog.erm.ee\/wp-content\/uploads\/2017\/01\/353453_ERM_Fk_2991_150.jpg 800w, https:\/\/blog.erm.ee\/wp-content\/uploads\/2017\/01\/353453_ERM_Fk_2991_150-173x260.jpg 173w, https:\/\/blog.erm.ee\/wp-content\/uploads\/2017\/01\/353453_ERM_Fk_2991_150-200x300.jpg 200w, https:\/\/blog.erm.ee\/wp-content\/uploads\/2017\/01\/353453_ERM_Fk_2991_150-768x1152.jpg 768w, https:\/\/blog.erm.ee\/wp-content\/uploads\/2017\/01\/353453_ERM_Fk_2991_150-683x1024.jpg 683w\" sizes=\"auto, (max-width: 800px) 100vw, 800px\" \/><\/a><em>ERM Fk 2991:150. Foto Berta Vosman 2013<\/em><\/p>\n<p><strong>Kuke terveks silmapilk \/ tegi arsti rohutilk, \/ ja ta laulis: \/ \u201eKukeleegu! \/ Pidukruubid pehmeks keegu!\u201c \/ Hoovipere kukke vahtis, \/ talle \u00f5nne soovis, \/ kuni r\u00f5\u00f5mupidu lahti \/ uuesti l\u00e4ks hoovis. \/ Sokk h\u00fcppas, kass kargas, \/ v\u00e4ike notsu l\u00f5i trummi, \/ siil vehkis tantsu, \/ m\u00fcra kostis Tartu. (Felix Kotta \u201eTublid loomad\u201c)<\/strong><\/p>\n<p><a href=\"https:\/\/blog.erm.ee\/wp-content\/uploads\/2017\/01\/061844_ERM_Fk_2896_256.jpg\"><img loading=\"lazy\" decoding=\"async\" data-attachment-id=\"9326\" data-permalink=\"https:\/\/blog.erm.ee\/?attachment_id=9326#main\" data-orig-file=\"https:\/\/blog.erm.ee\/wp-content\/uploads\/2017\/01\/061844_ERM_Fk_2896_256.jpg\" data-orig-size=\"1200,773\" data-comments-opened=\"1\" data-image-meta=\"{&quot;aperture&quot;:&quot;0&quot;,&quot;credit&quot;:&quot;&quot;,&quot;camera&quot;:&quot;&quot;,&quot;caption&quot;:&quot;&quot;,&quot;created_timestamp&quot;:&quot;1159459803&quot;,&quot;copyright&quot;:&quot;&quot;,&quot;focal_length&quot;:&quot;0&quot;,&quot;iso&quot;:&quot;0&quot;,&quot;shutter_speed&quot;:&quot;0&quot;,&quot;title&quot;:&quot;&quot;,&quot;orientation&quot;:&quot;0&quot;}\" data-image-title=\"061844_ERM_Fk_2896_256\" data-image-description=\"\" data-image-caption=\"\" data-large-file=\"https:\/\/blog.erm.ee\/wp-content\/uploads\/2017\/01\/061844_ERM_Fk_2896_256-1024x660.jpg\" class=\"alignnone size-full wp-image-9326\" src=\"https:\/\/blog.erm.ee\/wp-content\/uploads\/2017\/01\/061844_ERM_Fk_2896_256.jpg\" alt=\"\" width=\"1200\" height=\"773\" srcset=\"https:\/\/blog.erm.ee\/wp-content\/uploads\/2017\/01\/061844_ERM_Fk_2896_256.jpg 1200w, https:\/\/blog.erm.ee\/wp-content\/uploads\/2017\/01\/061844_ERM_Fk_2896_256-404x260.jpg 404w, https:\/\/blog.erm.ee\/wp-content\/uploads\/2017\/01\/061844_ERM_Fk_2896_256-300x193.jpg 300w, https:\/\/blog.erm.ee\/wp-content\/uploads\/2017\/01\/061844_ERM_Fk_2896_256-768x495.jpg 768w, https:\/\/blog.erm.ee\/wp-content\/uploads\/2017\/01\/061844_ERM_Fk_2896_256-1024x660.jpg 1024w\" sizes=\"auto, (max-width: 1200px) 100vw, 1200px\" \/><\/a><em>ERM Fk 2896:256. Foto 1970<\/em><\/p>\n<p><strong>Kukk: Ega ma rumal ole, et sinu juurde tulen. Kelleks sa mind pead?<\/strong><\/p>\n<p><strong>Rebane: Tean, sa oled tark. V\u00e4ga tark! \u00d5pid aina. Mulle targad ainult meeldivadki. Rumalatega pole ju midagi r\u00e4\u00e4kida. Lenda aia pealt maha, tark kukeke, lenda! (H. Rammo \u201eRiukaraamat\u201c, n\u00e4idend \u201eTark kukk ja kaval rebane\u201c)<\/strong><\/p>\n<p><a href=\"https:\/\/blog.erm.ee\/wp-content\/uploads\/2017\/01\/073929_ERM_Fk_2644_3075.jpg\"><img loading=\"lazy\" decoding=\"async\" data-attachment-id=\"9327\" data-permalink=\"https:\/\/blog.erm.ee\/?attachment_id=9327#main\" data-orig-file=\"https:\/\/blog.erm.ee\/wp-content\/uploads\/2017\/01\/073929_ERM_Fk_2644_3075.jpg\" data-orig-size=\"782,1200\" data-comments-opened=\"1\" data-image-meta=\"{&quot;aperture&quot;:&quot;0&quot;,&quot;credit&quot;:&quot;&quot;,&quot;camera&quot;:&quot;&quot;,&quot;caption&quot;:&quot;&quot;,&quot;created_timestamp&quot;:&quot;0&quot;,&quot;copyright&quot;:&quot;&quot;,&quot;focal_length&quot;:&quot;0&quot;,&quot;iso&quot;:&quot;0&quot;,&quot;shutter_speed&quot;:&quot;0&quot;,&quot;title&quot;:&quot;&quot;,&quot;orientation&quot;:&quot;0&quot;}\" data-image-title=\"073929_ERM_Fk_2644_3075\" data-image-description=\"\" data-image-caption=\"\" data-large-file=\"https:\/\/blog.erm.ee\/wp-content\/uploads\/2017\/01\/073929_ERM_Fk_2644_3075-667x1024.jpg\" class=\"alignnone size-full wp-image-9327\" src=\"https:\/\/blog.erm.ee\/wp-content\/uploads\/2017\/01\/073929_ERM_Fk_2644_3075.jpg\" alt=\"\" width=\"782\" height=\"1200\" srcset=\"https:\/\/blog.erm.ee\/wp-content\/uploads\/2017\/01\/073929_ERM_Fk_2644_3075.jpg 782w, https:\/\/blog.erm.ee\/wp-content\/uploads\/2017\/01\/073929_ERM_Fk_2644_3075-169x260.jpg 169w, https:\/\/blog.erm.ee\/wp-content\/uploads\/2017\/01\/073929_ERM_Fk_2644_3075-196x300.jpg 196w, https:\/\/blog.erm.ee\/wp-content\/uploads\/2017\/01\/073929_ERM_Fk_2644_3075-768x1179.jpg 768w, https:\/\/blog.erm.ee\/wp-content\/uploads\/2017\/01\/073929_ERM_Fk_2644_3075-667x1024.jpg 667w\" sizes=\"auto, (max-width: 782px) 100vw, 782px\" \/><\/a><em>ERM Fk 2644:3075. Foto Viktor Salmre 1970<\/em><\/p>\n<div class=\"fcbkbttn_buttons_block\" id=\"fcbkbttn_left\"><div class=\"fcbkbttn_like \"><fb:like href=\"https:\/\/blog.erm.ee\/?p=9250\" action=\"like\" colorscheme=\"light\" layout=\"standard\"  width=\"225px\" size=\"small\"><\/fb:like><\/div><div class=\"fb-share-button  \" data-href=\"https:\/\/blog.erm.ee\/?p=9250\" data-type=\"button\" data-size=\"small\"><\/div><\/div>","protected":false},"excerpt":{"rendered":"<p>Siret Saar, koguhoidja Lapsena oli mul k\u00f5ik selge: kass on emane, koer isane, rebane flirtiv daam, hunt proletariaadi esindaja, l\u00f5vi ja tiiger on abielus, j\u00e4nes j\u00e4\u00e4b alati h\u00e4diseks poisiks ning kukk on hea r\u00fchiga t\u00fc\u00fctu targutaja. Kindla teadmise andsid multikad ja raamatute illustratsioonid, miski polnud segane. See, et maavanaema juures vahel m\u00f5ned asjad teisiti olid,&hellip;<\/p>\n","protected":false},"author":1,"featured_media":9319,"comment_status":"open","ping_status":"open","sticky":false,"template":"","format":"standard","meta":{"_monsterinsights_skip_tracking":false,"_monsterinsights_sitenote_active":false,"_monsterinsights_sitenote_note":"","_monsterinsights_sitenote_category":0,"jetpack_post_was_ever_published":false,"_jetpack_newsletter_access":"","_jetpack_dont_email_post_to_subs":true,"_jetpack_newsletter_tier_id":0,"_jetpack_memberships_contains_paywalled_content":false,"_jetpack_memberships_contains_paid_content":false,"footnotes":""},"categories":[6],"tags":[],"class_list":["post-9250","post","type-post","status-publish","format-standard","has-post-thumbnail","hentry","category-foto"],"yoast_head":"<!-- This site is optimized with the Yoast SEO plugin v27.5 - https:\/\/yoast.com\/product\/yoast-seo-wordpress\/ -->\n<title>Ilusad ja kurvad kukepildid. Kaua ei saa vaadata, muidu t\u00f5useb palavik - Eesti Rahva Muuseumi ajaveeb<\/title>\n<meta name=\"robots\" content=\"index, follow, max-snippet:-1, max-image-preview:large, max-video-preview:-1\" \/>\n<link rel=\"canonical\" href=\"https:\/\/blog.erm.ee\/?p=9250\" \/>\n<meta property=\"og:locale\" content=\"et_EE\" \/>\n<meta property=\"og:type\" content=\"article\" \/>\n<meta property=\"og:title\" content=\"Ilusad ja kurvad kukepildid. Kaua ei saa vaadata, muidu t\u00f5useb palavik - Eesti Rahva Muuseumi ajaveeb\" \/>\n<meta property=\"og:description\" content=\"Siret Saar, koguhoidja Lapsena oli mul k\u00f5ik selge: kass on emane, koer isane, rebane flirtiv daam, hunt proletariaadi esindaja, l\u00f5vi ja tiiger on abielus, j\u00e4nes j\u00e4\u00e4b alati h\u00e4diseks poisiks ning kukk on hea r\u00fchiga t\u00fc\u00fctu targutaja. Kindla teadmise andsid multikad ja raamatute illustratsioonid, miski polnud segane. See, et maavanaema juures vahel m\u00f5ned asjad teisiti olid,&hellip;\" \/>\n<meta property=\"og:url\" content=\"https:\/\/blog.erm.ee\/?p=9250\" \/>\n<meta property=\"og:site_name\" content=\"Eesti Rahva Muuseumi ajaveeb\" \/>\n<meta property=\"article:published_time\" content=\"2017-01-26T04:09:37+00:00\" \/>\n<meta property=\"article:modified_time\" content=\"2017-01-26T18:14:58+00:00\" \/>\n<meta property=\"og:image\" content=\"https:\/\/blog.erm.ee\/wp-content\/uploads\/2017\/01\/078995_ERM_Fk_2644_8141.jpg\" \/>\n\t<meta property=\"og:image:width\" content=\"1200\" \/>\n\t<meta property=\"og:image:height\" content=\"790\" \/>\n\t<meta property=\"og:image:type\" content=\"image\/jpeg\" \/>\n<meta name=\"author\" content=\"Eesti Rahva Muuseum\" \/>\n<meta name=\"twitter:card\" content=\"summary_large_image\" \/>\n<meta name=\"twitter:label1\" content=\"Written by\" \/>\n\t<meta name=\"twitter:data1\" content=\"Eesti Rahva Muuseum\" \/>\n\t<meta name=\"twitter:label2\" content=\"Est. reading time\" \/>\n\t<meta name=\"twitter:data2\" content=\"4 minutit\" \/>\n<script type=\"application\/ld+json\" class=\"yoast-schema-graph\">{\"@context\":\"https:\\\/\\\/schema.org\",\"@graph\":[{\"@type\":\"Article\",\"@id\":\"https:\\\/\\\/blog.erm.ee\\\/?p=9250#article\",\"isPartOf\":{\"@id\":\"https:\\\/\\\/blog.erm.ee\\\/?p=9250\"},\"author\":{\"name\":\"Eesti Rahva Muuseum\",\"@id\":\"https:\\\/\\\/blog.erm.ee\\\/#\\\/schema\\\/person\\\/6e98c391cb00a33e7c22a3571e062114\"},\"headline\":\"Ilusad ja kurvad kukepildid. Kaua ei saa vaadata, muidu t\u00f5useb palavik\",\"datePublished\":\"2017-01-26T04:09:37+00:00\",\"dateModified\":\"2017-01-26T18:14:58+00:00\",\"mainEntityOfPage\":{\"@id\":\"https:\\\/\\\/blog.erm.ee\\\/?p=9250\"},\"wordCount\":883,\"commentCount\":1,\"image\":{\"@id\":\"https:\\\/\\\/blog.erm.ee\\\/?p=9250#primaryimage\"},\"thumbnailUrl\":\"https:\\\/\\\/blog.erm.ee\\\/wp-content\\\/uploads\\\/2017\\\/01\\\/078995_ERM_Fk_2644_8141.jpg\",\"articleSection\":[\"Foto\"],\"inLanguage\":\"et\",\"potentialAction\":[{\"@type\":\"CommentAction\",\"name\":\"Comment\",\"target\":[\"https:\\\/\\\/blog.erm.ee\\\/?p=9250#respond\"]}]},{\"@type\":\"WebPage\",\"@id\":\"https:\\\/\\\/blog.erm.ee\\\/?p=9250\",\"url\":\"https:\\\/\\\/blog.erm.ee\\\/?p=9250\",\"name\":\"Ilusad ja kurvad kukepildid. Kaua ei saa vaadata, muidu t\u00f5useb palavik - Eesti Rahva Muuseumi ajaveeb\",\"isPartOf\":{\"@id\":\"https:\\\/\\\/blog.erm.ee\\\/#website\"},\"primaryImageOfPage\":{\"@id\":\"https:\\\/\\\/blog.erm.ee\\\/?p=9250#primaryimage\"},\"image\":{\"@id\":\"https:\\\/\\\/blog.erm.ee\\\/?p=9250#primaryimage\"},\"thumbnailUrl\":\"https:\\\/\\\/blog.erm.ee\\\/wp-content\\\/uploads\\\/2017\\\/01\\\/078995_ERM_Fk_2644_8141.jpg\",\"datePublished\":\"2017-01-26T04:09:37+00:00\",\"dateModified\":\"2017-01-26T18:14:58+00:00\",\"author\":{\"@id\":\"https:\\\/\\\/blog.erm.ee\\\/#\\\/schema\\\/person\\\/6e98c391cb00a33e7c22a3571e062114\"},\"breadcrumb\":{\"@id\":\"https:\\\/\\\/blog.erm.ee\\\/?p=9250#breadcrumb\"},\"inLanguage\":\"et\",\"potentialAction\":[{\"@type\":\"ReadAction\",\"target\":[\"https:\\\/\\\/blog.erm.ee\\\/?p=9250\"]}]},{\"@type\":\"ImageObject\",\"inLanguage\":\"et\",\"@id\":\"https:\\\/\\\/blog.erm.ee\\\/?p=9250#primaryimage\",\"url\":\"https:\\\/\\\/blog.erm.ee\\\/wp-content\\\/uploads\\\/2017\\\/01\\\/078995_ERM_Fk_2644_8141.jpg\",\"contentUrl\":\"https:\\\/\\\/blog.erm.ee\\\/wp-content\\\/uploads\\\/2017\\\/01\\\/078995_ERM_Fk_2644_8141.jpg\",\"width\":1200,\"height\":790},{\"@type\":\"BreadcrumbList\",\"@id\":\"https:\\\/\\\/blog.erm.ee\\\/?p=9250#breadcrumb\",\"itemListElement\":[{\"@type\":\"ListItem\",\"position\":1,\"name\":\"Home\",\"item\":\"https:\\\/\\\/blog.erm.ee\\\/\"},{\"@type\":\"ListItem\",\"position\":2,\"name\":\"Ilusad ja kurvad kukepildid. Kaua ei saa vaadata, muidu t\u00f5useb palavik\"}]},{\"@type\":\"WebSite\",\"@id\":\"https:\\\/\\\/blog.erm.ee\\\/#website\",\"url\":\"https:\\\/\\\/blog.erm.ee\\\/\",\"name\":\"Eesti Rahva Muuseumi ajaveeb\",\"description\":\"\",\"potentialAction\":[{\"@type\":\"SearchAction\",\"target\":{\"@type\":\"EntryPoint\",\"urlTemplate\":\"https:\\\/\\\/blog.erm.ee\\\/?s={search_term_string}\"},\"query-input\":{\"@type\":\"PropertyValueSpecification\",\"valueRequired\":true,\"valueName\":\"search_term_string\"}}],\"inLanguage\":\"et\"},{\"@type\":\"Person\",\"@id\":\"https:\\\/\\\/blog.erm.ee\\\/#\\\/schema\\\/person\\\/6e98c391cb00a33e7c22a3571e062114\",\"name\":\"Eesti Rahva Muuseum\",\"image\":{\"@type\":\"ImageObject\",\"inLanguage\":\"et\",\"@id\":\"https:\\\/\\\/secure.gravatar.com\\\/avatar\\\/cb6d9ad5fb49f3f7315028ce5fe60641075f2cb52b8a058ff5a985fa2d8c1da0?s=96&d=mm&r=g\",\"url\":\"https:\\\/\\\/secure.gravatar.com\\\/avatar\\\/cb6d9ad5fb49f3f7315028ce5fe60641075f2cb52b8a058ff5a985fa2d8c1da0?s=96&d=mm&r=g\",\"contentUrl\":\"https:\\\/\\\/secure.gravatar.com\\\/avatar\\\/cb6d9ad5fb49f3f7315028ce5fe60641075f2cb52b8a058ff5a985fa2d8c1da0?s=96&d=mm&r=g\",\"caption\":\"Eesti Rahva Muuseum\"},\"sameAs\":[\"http:\\\/\\\/www.erm.ee\"],\"url\":\"https:\\\/\\\/blog.erm.ee\\\/?author=1\"}]}<\/script>\n<!-- \/ Yoast SEO plugin. -->","yoast_head_json":{"title":"Ilusad ja kurvad kukepildid. Kaua ei saa vaadata, muidu t\u00f5useb palavik - Eesti Rahva Muuseumi ajaveeb","robots":{"index":"index","follow":"follow","max-snippet":"max-snippet:-1","max-image-preview":"max-image-preview:large","max-video-preview":"max-video-preview:-1"},"canonical":"https:\/\/blog.erm.ee\/?p=9250","og_locale":"et_EE","og_type":"article","og_title":"Ilusad ja kurvad kukepildid. Kaua ei saa vaadata, muidu t\u00f5useb palavik - Eesti Rahva Muuseumi ajaveeb","og_description":"Siret Saar, koguhoidja Lapsena oli mul k\u00f5ik selge: kass on emane, koer isane, rebane flirtiv daam, hunt proletariaadi esindaja, l\u00f5vi ja tiiger on abielus, j\u00e4nes j\u00e4\u00e4b alati h\u00e4diseks poisiks ning kukk on hea r\u00fchiga t\u00fc\u00fctu targutaja. Kindla teadmise andsid multikad ja raamatute illustratsioonid, miski polnud segane. See, et maavanaema juures vahel m\u00f5ned asjad teisiti olid,&hellip;","og_url":"https:\/\/blog.erm.ee\/?p=9250","og_site_name":"Eesti Rahva Muuseumi ajaveeb","article_published_time":"2017-01-26T04:09:37+00:00","article_modified_time":"2017-01-26T18:14:58+00:00","og_image":[{"width":1200,"height":790,"url":"https:\/\/blog.erm.ee\/wp-content\/uploads\/2017\/01\/078995_ERM_Fk_2644_8141.jpg","type":"image\/jpeg"}],"author":"Eesti Rahva Muuseum","twitter_card":"summary_large_image","twitter_misc":{"Written by":"Eesti Rahva Muuseum","Est. reading time":"4 minutit"},"schema":{"@context":"https:\/\/schema.org","@graph":[{"@type":"Article","@id":"https:\/\/blog.erm.ee\/?p=9250#article","isPartOf":{"@id":"https:\/\/blog.erm.ee\/?p=9250"},"author":{"name":"Eesti Rahva Muuseum","@id":"https:\/\/blog.erm.ee\/#\/schema\/person\/6e98c391cb00a33e7c22a3571e062114"},"headline":"Ilusad ja kurvad kukepildid. Kaua ei saa vaadata, muidu t\u00f5useb palavik","datePublished":"2017-01-26T04:09:37+00:00","dateModified":"2017-01-26T18:14:58+00:00","mainEntityOfPage":{"@id":"https:\/\/blog.erm.ee\/?p=9250"},"wordCount":883,"commentCount":1,"image":{"@id":"https:\/\/blog.erm.ee\/?p=9250#primaryimage"},"thumbnailUrl":"https:\/\/blog.erm.ee\/wp-content\/uploads\/2017\/01\/078995_ERM_Fk_2644_8141.jpg","articleSection":["Foto"],"inLanguage":"et","potentialAction":[{"@type":"CommentAction","name":"Comment","target":["https:\/\/blog.erm.ee\/?p=9250#respond"]}]},{"@type":"WebPage","@id":"https:\/\/blog.erm.ee\/?p=9250","url":"https:\/\/blog.erm.ee\/?p=9250","name":"Ilusad ja kurvad kukepildid. Kaua ei saa vaadata, muidu t\u00f5useb palavik - Eesti Rahva Muuseumi ajaveeb","isPartOf":{"@id":"https:\/\/blog.erm.ee\/#website"},"primaryImageOfPage":{"@id":"https:\/\/blog.erm.ee\/?p=9250#primaryimage"},"image":{"@id":"https:\/\/blog.erm.ee\/?p=9250#primaryimage"},"thumbnailUrl":"https:\/\/blog.erm.ee\/wp-content\/uploads\/2017\/01\/078995_ERM_Fk_2644_8141.jpg","datePublished":"2017-01-26T04:09:37+00:00","dateModified":"2017-01-26T18:14:58+00:00","author":{"@id":"https:\/\/blog.erm.ee\/#\/schema\/person\/6e98c391cb00a33e7c22a3571e062114"},"breadcrumb":{"@id":"https:\/\/blog.erm.ee\/?p=9250#breadcrumb"},"inLanguage":"et","potentialAction":[{"@type":"ReadAction","target":["https:\/\/blog.erm.ee\/?p=9250"]}]},{"@type":"ImageObject","inLanguage":"et","@id":"https:\/\/blog.erm.ee\/?p=9250#primaryimage","url":"https:\/\/blog.erm.ee\/wp-content\/uploads\/2017\/01\/078995_ERM_Fk_2644_8141.jpg","contentUrl":"https:\/\/blog.erm.ee\/wp-content\/uploads\/2017\/01\/078995_ERM_Fk_2644_8141.jpg","width":1200,"height":790},{"@type":"BreadcrumbList","@id":"https:\/\/blog.erm.ee\/?p=9250#breadcrumb","itemListElement":[{"@type":"ListItem","position":1,"name":"Home","item":"https:\/\/blog.erm.ee\/"},{"@type":"ListItem","position":2,"name":"Ilusad ja kurvad kukepildid. Kaua ei saa vaadata, muidu t\u00f5useb palavik"}]},{"@type":"WebSite","@id":"https:\/\/blog.erm.ee\/#website","url":"https:\/\/blog.erm.ee\/","name":"Eesti Rahva Muuseumi ajaveeb","description":"","potentialAction":[{"@type":"SearchAction","target":{"@type":"EntryPoint","urlTemplate":"https:\/\/blog.erm.ee\/?s={search_term_string}"},"query-input":{"@type":"PropertyValueSpecification","valueRequired":true,"valueName":"search_term_string"}}],"inLanguage":"et"},{"@type":"Person","@id":"https:\/\/blog.erm.ee\/#\/schema\/person\/6e98c391cb00a33e7c22a3571e062114","name":"Eesti Rahva Muuseum","image":{"@type":"ImageObject","inLanguage":"et","@id":"https:\/\/secure.gravatar.com\/avatar\/cb6d9ad5fb49f3f7315028ce5fe60641075f2cb52b8a058ff5a985fa2d8c1da0?s=96&d=mm&r=g","url":"https:\/\/secure.gravatar.com\/avatar\/cb6d9ad5fb49f3f7315028ce5fe60641075f2cb52b8a058ff5a985fa2d8c1da0?s=96&d=mm&r=g","contentUrl":"https:\/\/secure.gravatar.com\/avatar\/cb6d9ad5fb49f3f7315028ce5fe60641075f2cb52b8a058ff5a985fa2d8c1da0?s=96&d=mm&r=g","caption":"Eesti Rahva Muuseum"},"sameAs":["http:\/\/www.erm.ee"],"url":"https:\/\/blog.erm.ee\/?author=1"}]}},"jetpack_featured_media_url":"https:\/\/blog.erm.ee\/wp-content\/uploads\/2017\/01\/078995_ERM_Fk_2644_8141.jpg","jetpack_shortlink":"https:\/\/wp.me\/p2l9Zd-2pc","jetpack_sharing_enabled":true,"jetpack_likes_enabled":true,"_links":{"self":[{"href":"https:\/\/blog.erm.ee\/index.php?rest_route=\/wp\/v2\/posts\/9250","targetHints":{"allow":["GET"]}}],"collection":[{"href":"https:\/\/blog.erm.ee\/index.php?rest_route=\/wp\/v2\/posts"}],"about":[{"href":"https:\/\/blog.erm.ee\/index.php?rest_route=\/wp\/v2\/types\/post"}],"author":[{"embeddable":true,"href":"https:\/\/blog.erm.ee\/index.php?rest_route=\/wp\/v2\/users\/1"}],"replies":[{"embeddable":true,"href":"https:\/\/blog.erm.ee\/index.php?rest_route=%2Fwp%2Fv2%2Fcomments&post=9250"}],"version-history":[{"count":8,"href":"https:\/\/blog.erm.ee\/index.php?rest_route=\/wp\/v2\/posts\/9250\/revisions"}],"predecessor-version":[{"id":9405,"href":"https:\/\/blog.erm.ee\/index.php?rest_route=\/wp\/v2\/posts\/9250\/revisions\/9405"}],"wp:featuredmedia":[{"embeddable":true,"href":"https:\/\/blog.erm.ee\/index.php?rest_route=\/wp\/v2\/media\/9319"}],"wp:attachment":[{"href":"https:\/\/blog.erm.ee\/index.php?rest_route=%2Fwp%2Fv2%2Fmedia&parent=9250"}],"wp:term":[{"taxonomy":"category","embeddable":true,"href":"https:\/\/blog.erm.ee\/index.php?rest_route=%2Fwp%2Fv2%2Fcategories&post=9250"},{"taxonomy":"post_tag","embeddable":true,"href":"https:\/\/blog.erm.ee\/index.php?rest_route=%2Fwp%2Fv2%2Ftags&post=9250"}],"curies":[{"name":"wp","href":"https:\/\/api.w.org\/{rel}","templated":true}]}}