{"id":9195,"date":"2016-12-22T06:48:54","date_gmt":"2016-12-22T04:48:54","guid":{"rendered":"http:\/\/blog.erm.ee\/?p=9195"},"modified":"2016-12-22T06:48:54","modified_gmt":"2016-12-22T04:48:54","slug":"kingitused-koige-tublimatele","status":"publish","type":"post","link":"https:\/\/blog.erm.ee\/?p=9195","title":{"rendered":"Kingitused k\u00f5ige tublimatele"},"content":{"rendered":"<div class=\"fcbkbttn_buttons_block\" id=\"fcbkbttn_left\"><div class=\"fcbkbttn_like \"><fb:like href=\"https:\/\/blog.erm.ee\/?p=9195\" action=\"like\" colorscheme=\"light\" layout=\"standard\"  width=\"225px\" size=\"small\"><\/fb:like><\/div><div class=\"fb-share-button  \" data-href=\"https:\/\/blog.erm.ee\/?p=9195\" data-type=\"button\" data-size=\"small\"><\/div><\/div><p><em>Kristi \u00dctt, arhivaar<\/em><\/p>\n<p>J\u00f5ululaup\u00e4ev on peagi k\u00e4es ja usinatel j\u00f5uluvanadel mahukad kingikotid juba komplekteeritud. Kes ootab taadilt p\u00f5nevat raamatut, kes uut suusapaari, reisi l\u00f5unamaale v\u00f5i hoopiski kotit\u00e4it maitsvaid komme \u2013 soove mustmiljon. Mitmesuguseid toredaid kingitusi ja kingipakke leiate meie fotogaleriist.<\/p>\n<p><a href=\"https:\/\/blog.erm.ee\/wp-content\/uploads\/2016\/12\/326551_ERM_Fk_2957_1074.jpg\"><img loading=\"lazy\" decoding=\"async\" data-attachment-id=\"9200\" data-permalink=\"https:\/\/blog.erm.ee\/?attachment_id=9200#main\" data-orig-file=\"https:\/\/blog.erm.ee\/wp-content\/uploads\/2016\/12\/326551_ERM_Fk_2957_1074.jpg\" data-orig-size=\"1200,815\" data-comments-opened=\"1\" data-image-meta=\"{&quot;aperture&quot;:&quot;0&quot;,&quot;credit&quot;:&quot;&quot;,&quot;camera&quot;:&quot;&quot;,&quot;caption&quot;:&quot;&quot;,&quot;created_timestamp&quot;:&quot;0&quot;,&quot;copyright&quot;:&quot;&quot;,&quot;focal_length&quot;:&quot;0&quot;,&quot;iso&quot;:&quot;0&quot;,&quot;shutter_speed&quot;:&quot;0&quot;,&quot;title&quot;:&quot;&quot;,&quot;orientation&quot;:&quot;0&quot;}\" data-image-title=\"326551_ERM_Fk_2957_1074\" data-image-description=\"\" data-image-caption=\"\" data-large-file=\"https:\/\/blog.erm.ee\/wp-content\/uploads\/2016\/12\/326551_ERM_Fk_2957_1074-1024x695.jpg\" class=\"alignnone size-full wp-image-9200\" src=\"https:\/\/blog.erm.ee\/wp-content\/uploads\/2016\/12\/326551_ERM_Fk_2957_1074.jpg\" alt=\"\" width=\"1200\" height=\"815\" srcset=\"https:\/\/blog.erm.ee\/wp-content\/uploads\/2016\/12\/326551_ERM_Fk_2957_1074.jpg 1200w, https:\/\/blog.erm.ee\/wp-content\/uploads\/2016\/12\/326551_ERM_Fk_2957_1074-383x260.jpg 383w, https:\/\/blog.erm.ee\/wp-content\/uploads\/2016\/12\/326551_ERM_Fk_2957_1074-300x204.jpg 300w, https:\/\/blog.erm.ee\/wp-content\/uploads\/2016\/12\/326551_ERM_Fk_2957_1074-768x522.jpg 768w, https:\/\/blog.erm.ee\/wp-content\/uploads\/2016\/12\/326551_ERM_Fk_2957_1074-1024x695.jpg 1024w\" sizes=\"auto, (max-width: 1200px) 100vw, 1200px\" \/><\/a><em>J\u00f5ulukompositsioon \u00f5llekannu ja kingipakiga. Foto: Hans Voolmann, u 1925\u20131930.\u00a0 ERM Fk 2957:1074<\/em><\/p>\n<p><a href=\"https:\/\/blog.erm.ee\/wp-content\/uploads\/2016\/12\/068175_ERM_Fk_2910_641.jpg\"><img loading=\"lazy\" decoding=\"async\" data-attachment-id=\"9201\" data-permalink=\"https:\/\/blog.erm.ee\/?attachment_id=9201#main\" data-orig-file=\"https:\/\/blog.erm.ee\/wp-content\/uploads\/2016\/12\/068175_ERM_Fk_2910_641.jpg\" data-orig-size=\"1185,1200\" data-comments-opened=\"1\" data-image-meta=\"{&quot;aperture&quot;:&quot;0&quot;,&quot;credit&quot;:&quot;&quot;,&quot;camera&quot;:&quot;&quot;,&quot;caption&quot;:&quot;&quot;,&quot;created_timestamp&quot;:&quot;0&quot;,&quot;copyright&quot;:&quot;\\u00a9 Eesti Rahva Muuseum&quot;,&quot;focal_length&quot;:&quot;0&quot;,&quot;iso&quot;:&quot;0&quot;,&quot;shutter_speed&quot;:&quot;0&quot;,&quot;title&quot;:&quot;&quot;,&quot;orientation&quot;:&quot;0&quot;}\" data-image-title=\"068175_ERM_Fk_2910_641\" data-image-description=\"\" data-image-caption=\"\" data-large-file=\"https:\/\/blog.erm.ee\/wp-content\/uploads\/2016\/12\/068175_ERM_Fk_2910_641-1011x1024.jpg\" class=\"alignnone size-full wp-image-9201\" src=\"https:\/\/blog.erm.ee\/wp-content\/uploads\/2016\/12\/068175_ERM_Fk_2910_641.jpg\" alt=\"\" width=\"1185\" height=\"1200\" srcset=\"https:\/\/blog.erm.ee\/wp-content\/uploads\/2016\/12\/068175_ERM_Fk_2910_641.jpg 1185w, https:\/\/blog.erm.ee\/wp-content\/uploads\/2016\/12\/068175_ERM_Fk_2910_641-257x260.jpg 257w, https:\/\/blog.erm.ee\/wp-content\/uploads\/2016\/12\/068175_ERM_Fk_2910_641-296x300.jpg 296w, https:\/\/blog.erm.ee\/wp-content\/uploads\/2016\/12\/068175_ERM_Fk_2910_641-768x778.jpg 768w, https:\/\/blog.erm.ee\/wp-content\/uploads\/2016\/12\/068175_ERM_Fk_2910_641-1011x1024.jpg 1011w, https:\/\/blog.erm.ee\/wp-content\/uploads\/2016\/12\/068175_ERM_Fk_2910_641-50x50.jpg 50w\" sizes=\"auto, (max-width: 1185px) 100vw, 1185px\" \/><\/a><em>Perekond Loo j\u00f5ulu\u00f5htul oma kodus Vancouveris 1960. a. Fotograaf teadmata. ERM Fk 2910:641<\/em><\/p>\n<p><a href=\"https:\/\/blog.erm.ee\/wp-content\/uploads\/2016\/12\/309747_ERM_Fk_2938_620.jpg\"><img loading=\"lazy\" decoding=\"async\" data-attachment-id=\"9202\" data-permalink=\"https:\/\/blog.erm.ee\/?attachment_id=9202#main\" data-orig-file=\"https:\/\/blog.erm.ee\/wp-content\/uploads\/2016\/12\/309747_ERM_Fk_2938_620.jpg\" data-orig-size=\"1200,869\" data-comments-opened=\"1\" data-image-meta=\"{&quot;aperture&quot;:&quot;0&quot;,&quot;credit&quot;:&quot;Arp Karm&quot;,&quot;camera&quot;:&quot;&quot;,&quot;caption&quot;:&quot;&quot;,&quot;created_timestamp&quot;:&quot;1254130399&quot;,&quot;copyright&quot;:&quot;Arp Karm&quot;,&quot;focal_length&quot;:&quot;0&quot;,&quot;iso&quot;:&quot;0&quot;,&quot;shutter_speed&quot;:&quot;0&quot;,&quot;title&quot;:&quot;&quot;,&quot;orientation&quot;:&quot;0&quot;}\" data-image-title=\"309747_ERM_Fk_2938_620\" data-image-description=\"\" data-image-caption=\"\" data-large-file=\"https:\/\/blog.erm.ee\/wp-content\/uploads\/2016\/12\/309747_ERM_Fk_2938_620-1024x742.jpg\" class=\"alignnone size-full wp-image-9202\" src=\"https:\/\/blog.erm.ee\/wp-content\/uploads\/2016\/12\/309747_ERM_Fk_2938_620.jpg\" alt=\"\" width=\"1200\" height=\"869\" srcset=\"https:\/\/blog.erm.ee\/wp-content\/uploads\/2016\/12\/309747_ERM_Fk_2938_620.jpg 1200w, https:\/\/blog.erm.ee\/wp-content\/uploads\/2016\/12\/309747_ERM_Fk_2938_620-359x260.jpg 359w, https:\/\/blog.erm.ee\/wp-content\/uploads\/2016\/12\/309747_ERM_Fk_2938_620-300x217.jpg 300w, https:\/\/blog.erm.ee\/wp-content\/uploads\/2016\/12\/309747_ERM_Fk_2938_620-768x556.jpg 768w, https:\/\/blog.erm.ee\/wp-content\/uploads\/2016\/12\/309747_ERM_Fk_2938_620-1024x742.jpg 1024w\" sizes=\"auto, (max-width: 1200px) 100vw, 1200px\" \/><\/a><em>Kaks last j\u00f5uluvanalt saadud kingitustega 1973. a Olustveres. Fotograaf teadmata. ERM Fk 2938:620<\/em><\/p>\n<p><a href=\"https:\/\/blog.erm.ee\/wp-content\/uploads\/2016\/12\/066852_ERM_Fk_2909_1344.jpg\"><img loading=\"lazy\" decoding=\"async\" data-attachment-id=\"9203\" data-permalink=\"https:\/\/blog.erm.ee\/?attachment_id=9203#main\" data-orig-file=\"https:\/\/blog.erm.ee\/wp-content\/uploads\/2016\/12\/066852_ERM_Fk_2909_1344.jpg\" data-orig-size=\"1200,856\" data-comments-opened=\"1\" data-image-meta=\"{&quot;aperture&quot;:&quot;0&quot;,&quot;credit&quot;:&quot;Arp Karm&quot;,&quot;camera&quot;:&quot;&quot;,&quot;caption&quot;:&quot;&quot;,&quot;created_timestamp&quot;:&quot;1205164710&quot;,&quot;copyright&quot;:&quot;Arp Karm&quot;,&quot;focal_length&quot;:&quot;0&quot;,&quot;iso&quot;:&quot;0&quot;,&quot;shutter_speed&quot;:&quot;0&quot;,&quot;title&quot;:&quot;&quot;,&quot;orientation&quot;:&quot;0&quot;}\" data-image-title=\"066852_ERM_Fk_2909_1344\" data-image-description=\"\" data-image-caption=\"\" data-large-file=\"https:\/\/blog.erm.ee\/wp-content\/uploads\/2016\/12\/066852_ERM_Fk_2909_1344-1024x730.jpg\" class=\"alignnone size-full wp-image-9203\" src=\"https:\/\/blog.erm.ee\/wp-content\/uploads\/2016\/12\/066852_ERM_Fk_2909_1344.jpg\" alt=\"\" width=\"1200\" height=\"856\" srcset=\"https:\/\/blog.erm.ee\/wp-content\/uploads\/2016\/12\/066852_ERM_Fk_2909_1344.jpg 1200w, https:\/\/blog.erm.ee\/wp-content\/uploads\/2016\/12\/066852_ERM_Fk_2909_1344-364x260.jpg 364w, https:\/\/blog.erm.ee\/wp-content\/uploads\/2016\/12\/066852_ERM_Fk_2909_1344-300x214.jpg 300w, https:\/\/blog.erm.ee\/wp-content\/uploads\/2016\/12\/066852_ERM_Fk_2909_1344-768x548.jpg 768w, https:\/\/blog.erm.ee\/wp-content\/uploads\/2016\/12\/066852_ERM_Fk_2909_1344-1024x730.jpg 1024w\" sizes=\"auto, (max-width: 1200px) 100vw, 1200px\" \/><\/a><em>J\u00e4nesekost\u00fc\u00fcmis t\u00fcdruk 1985. a Saadj\u00e4rve kolhoosi lastep\u00e4evakodus n\u00e4\u00e4rivanalt kommikarpi vastu v\u00f5tmas. Teadmata fotograaf. ERM Fk 2909:1344<\/em><\/p>\n<p><a href=\"https:\/\/blog.erm.ee\/wp-content\/uploads\/2016\/12\/337042_ERM_Fk_2960_9165.jpg\"><img loading=\"lazy\" decoding=\"async\" data-attachment-id=\"9204\" data-permalink=\"https:\/\/blog.erm.ee\/?attachment_id=9204#main\" data-orig-file=\"https:\/\/blog.erm.ee\/wp-content\/uploads\/2016\/12\/337042_ERM_Fk_2960_9165.jpg\" data-orig-size=\"1194,1200\" data-comments-opened=\"1\" data-image-meta=\"{&quot;aperture&quot;:&quot;0&quot;,&quot;credit&quot;:&quot;&quot;,&quot;camera&quot;:&quot;&quot;,&quot;caption&quot;:&quot;[#Beginning of Shooting Data Section]\\rNikon D200\\rFocal Length: 50mm\\rOptimize Image: Custom\\rColor Mode: Mode II (Adobe RGB)\\rLong Exposure NR: Off\\rHigh ISO NR: Off\\r2012\/11\/07 13:46:49\\rExposure Mode: Manual\\rWhite Balance: Preset d-2\\rTone Comp.: User-Defined Custom Curve\\rRAW (12-bit)\\rMetering Mode: Center-Weighted\\rAF Mode: AF-S\\rHue Adjustment: 0\\u00b0\\rImage Size: Large (3872 x 2592)\\r1\/30 sec - F\/8\\rFlash Sync Mode: Not Attached\\rSaturation: Normal\\rColor\\rExposure Comp.: 0 EV\\rSharpening: High\\rLens: 50mm F\/2.8 D\\rSensitivity: ISO 100\\rImage Comment:                                     \\r[#End of Shooting Data Section]&quot;,&quot;created_timestamp&quot;:&quot;1352296009&quot;,&quot;copyright&quot;:&quot;&quot;,&quot;focal_length&quot;:&quot;0&quot;,&quot;iso&quot;:&quot;0&quot;,&quot;shutter_speed&quot;:&quot;0&quot;,&quot;title&quot;:&quot;&quot;,&quot;orientation&quot;:&quot;0&quot;}\" data-image-title=\"337042_ERM_Fk_2960_9165\" data-image-description=\"\" data-image-caption=\"&lt;p&gt;[#Beginning of Shooting Data Section]&lt;br \/&gt;\nNikon D200&lt;br \/&gt;\nFocal Length: 50mm&lt;br \/&gt;\nOptimize Image: Custom&lt;br \/&gt;\nColor Mode: Mode II (Adobe RGB)&lt;br \/&gt;\nLong Exposure NR: Off&lt;br \/&gt;\nHigh ISO NR: Off&lt;br \/&gt;\n2012\/11\/07 13:46:49&lt;br \/&gt;\nExposure Mode: Manual&lt;br \/&gt;\nWhite Balance: Preset d-2&lt;br \/&gt;\nTone Comp.: User-Defined Custom Curve&lt;br \/&gt;\nRAW (12-bit)&lt;br \/&gt;\nMetering Mode: Center-Weighted&lt;br \/&gt;\nAF Mode: AF-S&lt;br \/&gt;\nHue Adjustment: 0\u00b0&lt;br \/&gt;\nImage Size: Large (3872 x 2592)&lt;br \/&gt;\n1\/30 sec &amp;#8211; F\/8&lt;br \/&gt;\nFlash Sync Mode: Not Attached&lt;br \/&gt;\nSaturation: Normal&lt;br \/&gt;\nColor&lt;br \/&gt;\nExposure Comp.: 0 EV&lt;br \/&gt;\nSharpening: High&lt;br \/&gt;\nLens: 50mm F\/2.8 D&lt;br \/&gt;\nSensitivity: ISO 100&lt;br \/&gt;\nImage Comment:&lt;br \/&gt;\n[#End of Shooting Data Section]&lt;\/p&gt;\n\" data-large-file=\"https:\/\/blog.erm.ee\/wp-content\/uploads\/2016\/12\/337042_ERM_Fk_2960_9165-1019x1024.jpg\" class=\"size-full wp-image-9204\" src=\"https:\/\/blog.erm.ee\/wp-content\/uploads\/2016\/12\/337042_ERM_Fk_2960_9165.jpg\" alt=\"\" width=\"1194\" height=\"1200\" srcset=\"https:\/\/blog.erm.ee\/wp-content\/uploads\/2016\/12\/337042_ERM_Fk_2960_9165.jpg 1194w, https:\/\/blog.erm.ee\/wp-content\/uploads\/2016\/12\/337042_ERM_Fk_2960_9165-259x260.jpg 259w, https:\/\/blog.erm.ee\/wp-content\/uploads\/2016\/12\/337042_ERM_Fk_2960_9165-768x772.jpg 768w, https:\/\/blog.erm.ee\/wp-content\/uploads\/2016\/12\/337042_ERM_Fk_2960_9165-1019x1024.jpg 1019w, https:\/\/blog.erm.ee\/wp-content\/uploads\/2016\/12\/337042_ERM_Fk_2960_9165-50x50.jpg 50w\" sizes=\"auto, (max-width: 1194px) 100vw, 1194px\" \/><\/a><em>Hans Fred Mager j\u00f5uluvana s\u00fcles istumas u 1950\u20131960. Fotograaf teadmata. ERM Fk 2960:9165<\/em><\/p>\n<p><a href=\"https:\/\/blog.erm.ee\/wp-content\/uploads\/2016\/12\/311461_ERM_Fk_2947_46.jpg\"><img loading=\"lazy\" decoding=\"async\" data-attachment-id=\"9205\" data-permalink=\"https:\/\/blog.erm.ee\/?attachment_id=9205#main\" data-orig-file=\"https:\/\/blog.erm.ee\/wp-content\/uploads\/2016\/12\/311461_ERM_Fk_2947_46.jpg\" data-orig-size=\"1200,821\" data-comments-opened=\"1\" data-image-meta=\"{&quot;aperture&quot;:&quot;0&quot;,&quot;credit&quot;:&quot;&quot;,&quot;camera&quot;:&quot;&quot;,&quot;caption&quot;:&quot;[#Beginning of Shooting Data Section]\\rNikon D200\\rFocal Length: 50mm\\rOptimize Image: Custom\\rColor Mode: Mode II (Adobe RGB)\\rLong Exposure NR: Off\\rHigh ISO NR: Off\\r2011\/08\/17 09:36:02.8\\rExposure Mode: Manual\\rWhite Balance: Preset d-4\\rTone Comp.: User-Defined Custom Curve\\rRAW (12-bit)\\rMetering Mode: Multi-Pattern\\rAF Mode: AF-S\\rHue Adjustment: 0\\u00b0\\rImage Size: Large (3872 x 2592)\\r1\/5 sec - F\/9\\rFlash Sync Mode: Not Attached\\rSaturation: Normal\\rColor\\rExposure Comp.: 0 EV\\rSharpening: Medium high\\rLens: 50mm F\/2.8 D\\rSensitivity: ISO 100\\rImage Comment:                                     \\r[#End of Shooting Data Section]&quot;,&quot;created_timestamp&quot;:&quot;1313573762&quot;,&quot;copyright&quot;:&quot;&quot;,&quot;focal_length&quot;:&quot;0&quot;,&quot;iso&quot;:&quot;0&quot;,&quot;shutter_speed&quot;:&quot;0&quot;,&quot;title&quot;:&quot;&quot;,&quot;orientation&quot;:&quot;0&quot;}\" data-image-title=\"311461_ERM_Fk_2947_46\" data-image-description=\"\" data-image-caption=\"&lt;p&gt;[#Beginning of Shooting Data Section]&lt;br \/&gt;\nNikon D200&lt;br \/&gt;\nFocal Length: 50mm&lt;br \/&gt;\nOptimize Image: Custom&lt;br \/&gt;\nColor Mode: Mode II (Adobe RGB)&lt;br \/&gt;\nLong Exposure NR: Off&lt;br \/&gt;\nHigh ISO NR: Off&lt;br \/&gt;\n2011\/08\/17 09:36:02.8&lt;br \/&gt;\nExposure Mode: Manual&lt;br \/&gt;\nWhite Balance: Preset d-4&lt;br \/&gt;\nTone Comp.: User-Defined Custom Curve&lt;br \/&gt;\nRAW (12-bit)&lt;br \/&gt;\nMetering Mode: Multi-Pattern&lt;br \/&gt;\nAF Mode: AF-S&lt;br \/&gt;\nHue Adjustment: 0\u00b0&lt;br \/&gt;\nImage Size: Large (3872 x 2592)&lt;br \/&gt;\n1\/5 sec &amp;#8211; F\/9&lt;br \/&gt;\nFlash Sync Mode: Not Attached&lt;br \/&gt;\nSaturation: Normal&lt;br \/&gt;\nColor&lt;br \/&gt;\nExposure Comp.: 0 EV&lt;br \/&gt;\nSharpening: Medium high&lt;br \/&gt;\nLens: 50mm F\/2.8 D&lt;br \/&gt;\nSensitivity: ISO 100&lt;br \/&gt;\nImage Comment:&lt;br \/&gt;\n[#End of Shooting Data Section]&lt;\/p&gt;\n\" data-large-file=\"https:\/\/blog.erm.ee\/wp-content\/uploads\/2016\/12\/311461_ERM_Fk_2947_46-1024x701.jpg\" class=\"size-full wp-image-9205\" src=\"https:\/\/blog.erm.ee\/wp-content\/uploads\/2016\/12\/311461_ERM_Fk_2947_46.jpg\" alt=\"\" width=\"1200\" height=\"821\" srcset=\"https:\/\/blog.erm.ee\/wp-content\/uploads\/2016\/12\/311461_ERM_Fk_2947_46.jpg 1200w, https:\/\/blog.erm.ee\/wp-content\/uploads\/2016\/12\/311461_ERM_Fk_2947_46-380x260.jpg 380w, https:\/\/blog.erm.ee\/wp-content\/uploads\/2016\/12\/311461_ERM_Fk_2947_46-300x205.jpg 300w, https:\/\/blog.erm.ee\/wp-content\/uploads\/2016\/12\/311461_ERM_Fk_2947_46-768x525.jpg 768w, https:\/\/blog.erm.ee\/wp-content\/uploads\/2016\/12\/311461_ERM_Fk_2947_46-1024x701.jpg 1024w\" sizes=\"auto, (max-width: 1200px) 100vw, 1200px\" \/><\/a><em>Lapsed lasteaia j\u00f5ulupakkidega kuuse juures. Foto: Eve Saar, 1995. ERM Fk 2947:46.<\/em><\/p>\n<p><a href=\"https:\/\/blog.erm.ee\/wp-content\/uploads\/2016\/12\/049283_ERM_Fk_2834_1392.jpg\"><img loading=\"lazy\" decoding=\"async\" data-attachment-id=\"9206\" data-permalink=\"https:\/\/blog.erm.ee\/?attachment_id=9206#main\" data-orig-file=\"https:\/\/blog.erm.ee\/wp-content\/uploads\/2016\/12\/049283_ERM_Fk_2834_1392.jpg\" data-orig-size=\"780,1200\" data-comments-opened=\"1\" data-image-meta=\"{&quot;aperture&quot;:&quot;0&quot;,&quot;credit&quot;:&quot;&quot;,&quot;camera&quot;:&quot;&quot;,&quot;caption&quot;:&quot;&quot;,&quot;created_timestamp&quot;:&quot;0&quot;,&quot;copyright&quot;:&quot;&quot;,&quot;focal_length&quot;:&quot;0&quot;,&quot;iso&quot;:&quot;0&quot;,&quot;shutter_speed&quot;:&quot;0&quot;,&quot;title&quot;:&quot;&quot;,&quot;orientation&quot;:&quot;0&quot;}\" data-image-title=\"049283_ERM_Fk_2834_1392\" data-image-description=\"\" data-image-caption=\"\" data-large-file=\"https:\/\/blog.erm.ee\/wp-content\/uploads\/2016\/12\/049283_ERM_Fk_2834_1392-666x1024.jpg\" class=\"alignnone size-full wp-image-9206\" src=\"https:\/\/blog.erm.ee\/wp-content\/uploads\/2016\/12\/049283_ERM_Fk_2834_1392.jpg\" alt=\"\" width=\"780\" height=\"1200\" srcset=\"https:\/\/blog.erm.ee\/wp-content\/uploads\/2016\/12\/049283_ERM_Fk_2834_1392.jpg 780w, https:\/\/blog.erm.ee\/wp-content\/uploads\/2016\/12\/049283_ERM_Fk_2834_1392-169x260.jpg 169w, https:\/\/blog.erm.ee\/wp-content\/uploads\/2016\/12\/049283_ERM_Fk_2834_1392-195x300.jpg 195w, https:\/\/blog.erm.ee\/wp-content\/uploads\/2016\/12\/049283_ERM_Fk_2834_1392-768x1182.jpg 768w, https:\/\/blog.erm.ee\/wp-content\/uploads\/2016\/12\/049283_ERM_Fk_2834_1392-666x1024.jpg 666w\" sizes=\"auto, (max-width: 780px) 100vw, 780px\" \/><\/a><em>V\u00e4ike poiss ku\u0161etil kingitusi uurimas. Foto: Agnes T\u00f5ldsepp, 1960. aastate l\u00f5pp. ERM Fk 2834:1392<\/em><\/p>\n<p><a href=\"https:\/\/blog.erm.ee\/wp-content\/uploads\/2016\/12\/343735_ERM_Fk_2971_3463.jpg\"><img loading=\"lazy\" decoding=\"async\" data-attachment-id=\"9207\" data-permalink=\"https:\/\/blog.erm.ee\/?attachment_id=9207#main\" data-orig-file=\"https:\/\/blog.erm.ee\/wp-content\/uploads\/2016\/12\/343735_ERM_Fk_2971_3463.jpg\" data-orig-size=\"1200,759\" data-comments-opened=\"1\" data-image-meta=\"{&quot;aperture&quot;:&quot;0&quot;,&quot;credit&quot;:&quot;&quot;,&quot;camera&quot;:&quot;&quot;,&quot;caption&quot;:&quot;&quot;,&quot;created_timestamp&quot;:&quot;0&quot;,&quot;copyright&quot;:&quot;&quot;,&quot;focal_length&quot;:&quot;0&quot;,&quot;iso&quot;:&quot;0&quot;,&quot;shutter_speed&quot;:&quot;0&quot;,&quot;title&quot;:&quot;&quot;,&quot;orientation&quot;:&quot;0&quot;}\" data-image-title=\"343735_ERM_Fk_2971_3463\" data-image-description=\"\" data-image-caption=\"\" data-large-file=\"https:\/\/blog.erm.ee\/wp-content\/uploads\/2016\/12\/343735_ERM_Fk_2971_3463-1024x648.jpg\" class=\"alignnone size-full wp-image-9207\" src=\"https:\/\/blog.erm.ee\/wp-content\/uploads\/2016\/12\/343735_ERM_Fk_2971_3463.jpg\" alt=\"\" width=\"1200\" height=\"759\" srcset=\"https:\/\/blog.erm.ee\/wp-content\/uploads\/2016\/12\/343735_ERM_Fk_2971_3463.jpg 1200w, https:\/\/blog.erm.ee\/wp-content\/uploads\/2016\/12\/343735_ERM_Fk_2971_3463-411x260.jpg 411w, https:\/\/blog.erm.ee\/wp-content\/uploads\/2016\/12\/343735_ERM_Fk_2971_3463-300x190.jpg 300w, https:\/\/blog.erm.ee\/wp-content\/uploads\/2016\/12\/343735_ERM_Fk_2971_3463-768x486.jpg 768w, https:\/\/blog.erm.ee\/wp-content\/uploads\/2016\/12\/343735_ERM_Fk_2971_3463-1024x648.jpg 1024w\" sizes=\"auto, (max-width: 1200px) 100vw, 1200px\" \/><\/a><em>Pereema n\u00e4\u00e4ripakki avamas. Foto: Jaak Eelmets, u 1985\u20131990. ERM Fk 2971:3463.<\/em><\/p>\n<p><a href=\"https:\/\/blog.erm.ee\/wp-content\/uploads\/2016\/12\/046356_ERM_Fk_2822_65.jpg\"><img loading=\"lazy\" decoding=\"async\" data-attachment-id=\"9208\" data-permalink=\"https:\/\/blog.erm.ee\/?attachment_id=9208#main\" data-orig-file=\"https:\/\/blog.erm.ee\/wp-content\/uploads\/2016\/12\/046356_ERM_Fk_2822_65.jpg\" data-orig-size=\"1200,897\" data-comments-opened=\"1\" data-image-meta=\"{&quot;aperture&quot;:&quot;0&quot;,&quot;credit&quot;:&quot;&quot;,&quot;camera&quot;:&quot;&quot;,&quot;caption&quot;:&quot;&quot;,&quot;created_timestamp&quot;:&quot;1039011302&quot;,&quot;copyright&quot;:&quot;&quot;,&quot;focal_length&quot;:&quot;0&quot;,&quot;iso&quot;:&quot;0&quot;,&quot;shutter_speed&quot;:&quot;0&quot;,&quot;title&quot;:&quot;&quot;,&quot;orientation&quot;:&quot;0&quot;}\" data-image-title=\"046356_ERM_Fk_2822_65\" data-image-description=\"\" data-image-caption=\"\" data-large-file=\"https:\/\/blog.erm.ee\/wp-content\/uploads\/2016\/12\/046356_ERM_Fk_2822_65-1024x765.jpg\" class=\"alignnone size-full wp-image-9208\" src=\"https:\/\/blog.erm.ee\/wp-content\/uploads\/2016\/12\/046356_ERM_Fk_2822_65.jpg\" alt=\"\" width=\"1200\" height=\"897\" srcset=\"https:\/\/blog.erm.ee\/wp-content\/uploads\/2016\/12\/046356_ERM_Fk_2822_65.jpg 1200w, https:\/\/blog.erm.ee\/wp-content\/uploads\/2016\/12\/046356_ERM_Fk_2822_65-348x260.jpg 348w, https:\/\/blog.erm.ee\/wp-content\/uploads\/2016\/12\/046356_ERM_Fk_2822_65-300x224.jpg 300w, https:\/\/blog.erm.ee\/wp-content\/uploads\/2016\/12\/046356_ERM_Fk_2822_65-768x574.jpg 768w, https:\/\/blog.erm.ee\/wp-content\/uploads\/2016\/12\/046356_ERM_Fk_2822_65-1024x765.jpg 1024w\" sizes=\"auto, (max-width: 1200px) 100vw, 1200px\" \/><\/a><em>Liia N\u00f5u j\u00f5ulukingitustega oma toas Uppsalas. Foto: Helga N\u00f5u, 1969. ERM Fk 2822:65.<\/em><\/p>\n<p><a href=\"https:\/\/blog.erm.ee\/wp-content\/uploads\/2016\/12\/067932_ERM_Fk_2910_398.jpg\"><img loading=\"lazy\" decoding=\"async\" data-attachment-id=\"9209\" data-permalink=\"https:\/\/blog.erm.ee\/?attachment_id=9209#main\" data-orig-file=\"https:\/\/blog.erm.ee\/wp-content\/uploads\/2016\/12\/067932_ERM_Fk_2910_398.jpg\" data-orig-size=\"818,1200\" data-comments-opened=\"1\" data-image-meta=\"{&quot;aperture&quot;:&quot;0&quot;,&quot;credit&quot;:&quot;&quot;,&quot;camera&quot;:&quot;&quot;,&quot;caption&quot;:&quot;&quot;,&quot;created_timestamp&quot;:&quot;0&quot;,&quot;copyright&quot;:&quot;\\u00a9 Eesti Rahva Muuseum&quot;,&quot;focal_length&quot;:&quot;0&quot;,&quot;iso&quot;:&quot;0&quot;,&quot;shutter_speed&quot;:&quot;0&quot;,&quot;title&quot;:&quot;&quot;,&quot;orientation&quot;:&quot;0&quot;}\" data-image-title=\"067932_ERM_Fk_2910_398\" data-image-description=\"\" data-image-caption=\"\" data-large-file=\"https:\/\/blog.erm.ee\/wp-content\/uploads\/2016\/12\/067932_ERM_Fk_2910_398-698x1024.jpg\" class=\"alignnone size-full wp-image-9209\" src=\"https:\/\/blog.erm.ee\/wp-content\/uploads\/2016\/12\/067932_ERM_Fk_2910_398.jpg\" alt=\"\" width=\"818\" height=\"1200\" srcset=\"https:\/\/blog.erm.ee\/wp-content\/uploads\/2016\/12\/067932_ERM_Fk_2910_398.jpg 818w, https:\/\/blog.erm.ee\/wp-content\/uploads\/2016\/12\/067932_ERM_Fk_2910_398-177x260.jpg 177w, https:\/\/blog.erm.ee\/wp-content\/uploads\/2016\/12\/067932_ERM_Fk_2910_398-205x300.jpg 205w, https:\/\/blog.erm.ee\/wp-content\/uploads\/2016\/12\/067932_ERM_Fk_2910_398-768x1127.jpg 768w, https:\/\/blog.erm.ee\/wp-content\/uploads\/2016\/12\/067932_ERM_Fk_2910_398-698x1024.jpg 698w\" sizes=\"auto, (max-width: 818px) 100vw, 818px\" \/><\/a><em>Perekond J\u00f5geveri j\u00f5ulupuu koos kingipakkidega Canberras 1981. a. Fotograaf teadmata. ERM Fk 2910:398<\/em><\/p>\n<p><a href=\"https:\/\/blog.erm.ee\/wp-content\/uploads\/2016\/12\/343733_ERM_Fk_2971_3461.jpg\"><img loading=\"lazy\" decoding=\"async\" data-attachment-id=\"9210\" data-permalink=\"https:\/\/blog.erm.ee\/?attachment_id=9210#main\" data-orig-file=\"https:\/\/blog.erm.ee\/wp-content\/uploads\/2016\/12\/343733_ERM_Fk_2971_3461.jpg\" data-orig-size=\"1200,774\" data-comments-opened=\"1\" data-image-meta=\"{&quot;aperture&quot;:&quot;0&quot;,&quot;credit&quot;:&quot;&quot;,&quot;camera&quot;:&quot;&quot;,&quot;caption&quot;:&quot;&quot;,&quot;created_timestamp&quot;:&quot;0&quot;,&quot;copyright&quot;:&quot;&quot;,&quot;focal_length&quot;:&quot;0&quot;,&quot;iso&quot;:&quot;0&quot;,&quot;shutter_speed&quot;:&quot;0&quot;,&quot;title&quot;:&quot;&quot;,&quot;orientation&quot;:&quot;0&quot;}\" data-image-title=\"343733_ERM_Fk_2971_3461\" data-image-description=\"\" data-image-caption=\"\" data-large-file=\"https:\/\/blog.erm.ee\/wp-content\/uploads\/2016\/12\/343733_ERM_Fk_2971_3461-1024x660.jpg\" class=\"alignnone size-full wp-image-9210\" src=\"https:\/\/blog.erm.ee\/wp-content\/uploads\/2016\/12\/343733_ERM_Fk_2971_3461.jpg\" alt=\"\" width=\"1200\" height=\"774\" srcset=\"https:\/\/blog.erm.ee\/wp-content\/uploads\/2016\/12\/343733_ERM_Fk_2971_3461.jpg 1200w, https:\/\/blog.erm.ee\/wp-content\/uploads\/2016\/12\/343733_ERM_Fk_2971_3461-403x260.jpg 403w, https:\/\/blog.erm.ee\/wp-content\/uploads\/2016\/12\/343733_ERM_Fk_2971_3461-300x194.jpg 300w, https:\/\/blog.erm.ee\/wp-content\/uploads\/2016\/12\/343733_ERM_Fk_2971_3461-768x495.jpg 768w, https:\/\/blog.erm.ee\/wp-content\/uploads\/2016\/12\/343733_ERM_Fk_2971_3461-1024x660.jpg 1024w\" sizes=\"auto, (max-width: 1200px) 100vw, 1200px\" \/><\/a><em>Poiss n\u00e4\u00e4risokult kinki vastu v\u00f5tmas. Foto: Jaak Eelmets, u 1985\u20131990. ERM Fk 2971:3461<\/em><\/p>\n<p><a href=\"https:\/\/blog.erm.ee\/wp-content\/uploads\/2016\/12\/343728_ERM_Fk_2971_3456.jpg\"><img loading=\"lazy\" decoding=\"async\" data-attachment-id=\"9211\" data-permalink=\"https:\/\/blog.erm.ee\/?attachment_id=9211#main\" data-orig-file=\"https:\/\/blog.erm.ee\/wp-content\/uploads\/2016\/12\/343728_ERM_Fk_2971_3456.jpg\" data-orig-size=\"1200,777\" data-comments-opened=\"1\" data-image-meta=\"{&quot;aperture&quot;:&quot;0&quot;,&quot;credit&quot;:&quot;&quot;,&quot;camera&quot;:&quot;&quot;,&quot;caption&quot;:&quot;&quot;,&quot;created_timestamp&quot;:&quot;0&quot;,&quot;copyright&quot;:&quot;&quot;,&quot;focal_length&quot;:&quot;0&quot;,&quot;iso&quot;:&quot;0&quot;,&quot;shutter_speed&quot;:&quot;0&quot;,&quot;title&quot;:&quot;&quot;,&quot;orientation&quot;:&quot;0&quot;}\" data-image-title=\"343728_ERM_Fk_2971_3456\" data-image-description=\"\" data-image-caption=\"\" data-large-file=\"https:\/\/blog.erm.ee\/wp-content\/uploads\/2016\/12\/343728_ERM_Fk_2971_3456-1024x663.jpg\" class=\"alignnone size-full wp-image-9211\" src=\"https:\/\/blog.erm.ee\/wp-content\/uploads\/2016\/12\/343728_ERM_Fk_2971_3456.jpg\" alt=\"\" width=\"1200\" height=\"777\" srcset=\"https:\/\/blog.erm.ee\/wp-content\/uploads\/2016\/12\/343728_ERM_Fk_2971_3456.jpg 1200w, https:\/\/blog.erm.ee\/wp-content\/uploads\/2016\/12\/343728_ERM_Fk_2971_3456-402x260.jpg 402w, https:\/\/blog.erm.ee\/wp-content\/uploads\/2016\/12\/343728_ERM_Fk_2971_3456-300x194.jpg 300w, https:\/\/blog.erm.ee\/wp-content\/uploads\/2016\/12\/343728_ERM_Fk_2971_3456-768x497.jpg 768w, https:\/\/blog.erm.ee\/wp-content\/uploads\/2016\/12\/343728_ERM_Fk_2971_3456-1024x663.jpg 1024w\" sizes=\"auto, (max-width: 1200px) 100vw, 1200px\" \/><\/a><em>Lapsed kinke avamas. Foto: Jaak Eelmets, u 1985\u20131990. ERM Fk\u00a0 2971:3456<\/em><\/p>\n<p><a href=\"https:\/\/blog.erm.ee\/wp-content\/uploads\/2016\/12\/049386_ERM_Fk_2834_1495.jpg\"><img loading=\"lazy\" decoding=\"async\" data-attachment-id=\"9212\" data-permalink=\"https:\/\/blog.erm.ee\/?attachment_id=9212#main\" data-orig-file=\"https:\/\/blog.erm.ee\/wp-content\/uploads\/2016\/12\/049386_ERM_Fk_2834_1495.jpg\" data-orig-size=\"1200,780\" data-comments-opened=\"1\" data-image-meta=\"{&quot;aperture&quot;:&quot;0&quot;,&quot;credit&quot;:&quot;&quot;,&quot;camera&quot;:&quot;&quot;,&quot;caption&quot;:&quot;&quot;,&quot;created_timestamp&quot;:&quot;0&quot;,&quot;copyright&quot;:&quot;&quot;,&quot;focal_length&quot;:&quot;0&quot;,&quot;iso&quot;:&quot;0&quot;,&quot;shutter_speed&quot;:&quot;0&quot;,&quot;title&quot;:&quot;&quot;,&quot;orientation&quot;:&quot;0&quot;}\" data-image-title=\"049386_ERM_Fk_2834_1495\" data-image-description=\"\" data-image-caption=\"\" data-large-file=\"https:\/\/blog.erm.ee\/wp-content\/uploads\/2016\/12\/049386_ERM_Fk_2834_1495-1024x666.jpg\" class=\"alignnone size-full wp-image-9212\" src=\"https:\/\/blog.erm.ee\/wp-content\/uploads\/2016\/12\/049386_ERM_Fk_2834_1495.jpg\" alt=\"\" width=\"1200\" height=\"780\" srcset=\"https:\/\/blog.erm.ee\/wp-content\/uploads\/2016\/12\/049386_ERM_Fk_2834_1495.jpg 1200w, https:\/\/blog.erm.ee\/wp-content\/uploads\/2016\/12\/049386_ERM_Fk_2834_1495-400x260.jpg 400w, https:\/\/blog.erm.ee\/wp-content\/uploads\/2016\/12\/049386_ERM_Fk_2834_1495-300x195.jpg 300w, https:\/\/blog.erm.ee\/wp-content\/uploads\/2016\/12\/049386_ERM_Fk_2834_1495-768x499.jpg 768w, https:\/\/blog.erm.ee\/wp-content\/uploads\/2016\/12\/049386_ERM_Fk_2834_1495-1024x666.jpg 1024w\" sizes=\"auto, (max-width: 1200px) 100vw, 1200px\" \/><\/a><em>Lapsed lasteaia n\u00e4\u00e4ripeol kingipakke uurimas. Foto: Agnes T\u00f5ldsepp, 1960. aastate l\u00f5pp. ERM Fk 2834:1495<\/em><\/p>\n<p><a href=\"https:\/\/blog.erm.ee\/wp-content\/uploads\/2016\/12\/049356_ERM_Fk_2834_1465.jpg\"><img loading=\"lazy\" decoding=\"async\" data-attachment-id=\"9213\" data-permalink=\"https:\/\/blog.erm.ee\/?attachment_id=9213#main\" data-orig-file=\"https:\/\/blog.erm.ee\/wp-content\/uploads\/2016\/12\/049356_ERM_Fk_2834_1465.jpg\" data-orig-size=\"780,1200\" data-comments-opened=\"1\" data-image-meta=\"{&quot;aperture&quot;:&quot;0&quot;,&quot;credit&quot;:&quot;&quot;,&quot;camera&quot;:&quot;&quot;,&quot;caption&quot;:&quot;&quot;,&quot;created_timestamp&quot;:&quot;0&quot;,&quot;copyright&quot;:&quot;&quot;,&quot;focal_length&quot;:&quot;0&quot;,&quot;iso&quot;:&quot;0&quot;,&quot;shutter_speed&quot;:&quot;0&quot;,&quot;title&quot;:&quot;&quot;,&quot;orientation&quot;:&quot;0&quot;}\" data-image-title=\"049356_ERM_Fk_2834_1465\" data-image-description=\"\" data-image-caption=\"\" data-large-file=\"https:\/\/blog.erm.ee\/wp-content\/uploads\/2016\/12\/049356_ERM_Fk_2834_1465-666x1024.jpg\" class=\"alignnone size-full wp-image-9213\" src=\"https:\/\/blog.erm.ee\/wp-content\/uploads\/2016\/12\/049356_ERM_Fk_2834_1465.jpg\" alt=\"\" width=\"780\" height=\"1200\" srcset=\"https:\/\/blog.erm.ee\/wp-content\/uploads\/2016\/12\/049356_ERM_Fk_2834_1465.jpg 780w, https:\/\/blog.erm.ee\/wp-content\/uploads\/2016\/12\/049356_ERM_Fk_2834_1465-169x260.jpg 169w, https:\/\/blog.erm.ee\/wp-content\/uploads\/2016\/12\/049356_ERM_Fk_2834_1465-195x300.jpg 195w, https:\/\/blog.erm.ee\/wp-content\/uploads\/2016\/12\/049356_ERM_Fk_2834_1465-768x1182.jpg 768w, https:\/\/blog.erm.ee\/wp-content\/uploads\/2016\/12\/049356_ERM_Fk_2834_1465-666x1024.jpg 666w\" sizes=\"auto, (max-width: 780px) 100vw, 780px\" \/><\/a><em>Lapsed kingipakkidega lasteaia n\u00e4\u00e4ripeol. Foto: Agnes T\u00f5ldsepp, 1960. aastate l\u00f5pp. ERM Fk 2834:1465<\/em><\/p>\n<p><a href=\"https:\/\/blog.erm.ee\/wp-content\/uploads\/2016\/12\/099471_ERM_HM_Fk_573.jpg\"><img loading=\"lazy\" decoding=\"async\" data-attachment-id=\"9214\" data-permalink=\"https:\/\/blog.erm.ee\/?attachment_id=9214#main\" data-orig-file=\"https:\/\/blog.erm.ee\/wp-content\/uploads\/2016\/12\/099471_ERM_HM_Fk_573.jpg\" data-orig-size=\"1200,755\" data-comments-opened=\"1\" data-image-meta=\"{&quot;aperture&quot;:&quot;0&quot;,&quot;credit&quot;:&quot;&quot;,&quot;camera&quot;:&quot;&quot;,&quot;caption&quot;:&quot;&quot;,&quot;created_timestamp&quot;:&quot;0&quot;,&quot;copyright&quot;:&quot;&quot;,&quot;focal_length&quot;:&quot;0&quot;,&quot;iso&quot;:&quot;0&quot;,&quot;shutter_speed&quot;:&quot;0&quot;,&quot;title&quot;:&quot;&quot;,&quot;orientation&quot;:&quot;0&quot;}\" data-image-title=\"099471_ERM_HM_Fk_573\" data-image-description=\"\" data-image-caption=\"\" data-large-file=\"https:\/\/blog.erm.ee\/wp-content\/uploads\/2016\/12\/099471_ERM_HM_Fk_573-1024x644.jpg\" class=\"alignnone size-full wp-image-9214\" src=\"https:\/\/blog.erm.ee\/wp-content\/uploads\/2016\/12\/099471_ERM_HM_Fk_573.jpg\" alt=\"\" width=\"1200\" height=\"755\" srcset=\"https:\/\/blog.erm.ee\/wp-content\/uploads\/2016\/12\/099471_ERM_HM_Fk_573.jpg 1200w, https:\/\/blog.erm.ee\/wp-content\/uploads\/2016\/12\/099471_ERM_HM_Fk_573-413x260.jpg 413w, https:\/\/blog.erm.ee\/wp-content\/uploads\/2016\/12\/099471_ERM_HM_Fk_573-300x189.jpg 300w, https:\/\/blog.erm.ee\/wp-content\/uploads\/2016\/12\/099471_ERM_HM_Fk_573-768x483.jpg 768w, https:\/\/blog.erm.ee\/wp-content\/uploads\/2016\/12\/099471_ERM_HM_Fk_573-1024x644.jpg 1024w\" sizes=\"auto, (max-width: 1200px) 100vw, 1200px\" \/><\/a><em>T\u00fcdruk Kutsari algkooli n\u00e4\u00e4ripeol kinki vastu v\u00f5tmas. Fotograaf teadmata. ERM HM Fk 573<\/em><\/p>\n<p><a href=\"https:\/\/blog.erm.ee\/wp-content\/uploads\/2016\/12\/311462_ERM_Fk_2947_47.jpg\"><img loading=\"lazy\" decoding=\"async\" data-attachment-id=\"9215\" data-permalink=\"https:\/\/blog.erm.ee\/?attachment_id=9215#main\" data-orig-file=\"https:\/\/blog.erm.ee\/wp-content\/uploads\/2016\/12\/311462_ERM_Fk_2947_47.jpg\" data-orig-size=\"813,1200\" data-comments-opened=\"1\" data-image-meta=\"{&quot;aperture&quot;:&quot;0&quot;,&quot;credit&quot;:&quot;&quot;,&quot;camera&quot;:&quot;&quot;,&quot;caption&quot;:&quot;[#Beginning of Shooting Data Section]\\rNikon D200\\rFocal Length: 50mm\\rOptimize Image: Custom\\rColor Mode: Mode II (Adobe RGB)\\rLong Exposure NR: Off\\rHigh ISO NR: Off\\r2011\/08\/17 09:36:33.7\\rExposure Mode: Manual\\rWhite Balance: Preset d-4\\rTone Comp.: User-Defined Custom Curve\\rRAW (12-bit)\\rMetering Mode: Multi-Pattern\\rAF Mode: AF-S\\rHue Adjustment: 0\\u00b0\\rImage Size: Large (3872 x 2592)\\r1\/5 sec - F\/9\\rFlash Sync Mode: Not Attached\\rSaturation: Normal\\rColor\\rExposure Comp.: 0 EV\\rSharpening: Medium high\\rLens: 50mm F\/2.8 D\\rSensitivity: ISO 100\\rImage Comment:                                     \\r[#End of Shooting Data Section]&quot;,&quot;created_timestamp&quot;:&quot;1313573793&quot;,&quot;copyright&quot;:&quot;&quot;,&quot;focal_length&quot;:&quot;0&quot;,&quot;iso&quot;:&quot;0&quot;,&quot;shutter_speed&quot;:&quot;0&quot;,&quot;title&quot;:&quot;&quot;,&quot;orientation&quot;:&quot;0&quot;}\" data-image-title=\"311462_ERM_Fk_2947_47\" data-image-description=\"\" data-image-caption=\"&lt;p&gt;[#Beginning of Shooting Data Section]&lt;br \/&gt;\nNikon D200&lt;br \/&gt;\nFocal Length: 50mm&lt;br \/&gt;\nOptimize Image: Custom&lt;br \/&gt;\nColor Mode: Mode II (Adobe RGB)&lt;br \/&gt;\nLong Exposure NR: Off&lt;br \/&gt;\nHigh ISO NR: Off&lt;br \/&gt;\n2011\/08\/17 09:36:33.7&lt;br \/&gt;\nExposure Mode: Manual&lt;br \/&gt;\nWhite Balance: Preset d-4&lt;br \/&gt;\nTone Comp.: User-Defined Custom Curve&lt;br \/&gt;\nRAW (12-bit)&lt;br \/&gt;\nMetering Mode: Multi-Pattern&lt;br \/&gt;\nAF Mode: AF-S&lt;br \/&gt;\nHue Adjustment: 0\u00b0&lt;br \/&gt;\nImage Size: Large (3872 x 2592)&lt;br \/&gt;\n1\/5 sec &amp;#8211; F\/9&lt;br \/&gt;\nFlash Sync Mode: Not Attached&lt;br \/&gt;\nSaturation: Normal&lt;br \/&gt;\nColor&lt;br \/&gt;\nExposure Comp.: 0 EV&lt;br \/&gt;\nSharpening: Medium high&lt;br \/&gt;\nLens: 50mm F\/2.8 D&lt;br \/&gt;\nSensitivity: ISO 100&lt;br \/&gt;\nImage Comment:&lt;br \/&gt;\n[#End of Shooting Data Section]&lt;\/p&gt;\n\" data-large-file=\"https:\/\/blog.erm.ee\/wp-content\/uploads\/2016\/12\/311462_ERM_Fk_2947_47-694x1024.jpg\" class=\"size-full wp-image-9215\" src=\"https:\/\/blog.erm.ee\/wp-content\/uploads\/2016\/12\/311462_ERM_Fk_2947_47.jpg\" alt=\"\" width=\"813\" height=\"1200\" srcset=\"https:\/\/blog.erm.ee\/wp-content\/uploads\/2016\/12\/311462_ERM_Fk_2947_47.jpg 813w, https:\/\/blog.erm.ee\/wp-content\/uploads\/2016\/12\/311462_ERM_Fk_2947_47-176x260.jpg 176w, https:\/\/blog.erm.ee\/wp-content\/uploads\/2016\/12\/311462_ERM_Fk_2947_47-203x300.jpg 203w, https:\/\/blog.erm.ee\/wp-content\/uploads\/2016\/12\/311462_ERM_Fk_2947_47-768x1134.jpg 768w, https:\/\/blog.erm.ee\/wp-content\/uploads\/2016\/12\/311462_ERM_Fk_2947_47-694x1024.jpg 694w\" sizes=\"auto, (max-width: 813px) 100vw, 813px\" \/><\/a><em>Isa pojaga j\u00f5uluvanalt kingitust vastu v\u00f5tmas. Foto: Eve Saar, 1995. ERM Fk 2947:47<\/em><\/p>\n<p><a href=\"https:\/\/blog.erm.ee\/wp-content\/uploads\/2016\/12\/311454_ERM_Fk_2947_39.jpg\"><img loading=\"lazy\" decoding=\"async\" data-attachment-id=\"9216\" data-permalink=\"https:\/\/blog.erm.ee\/?attachment_id=9216#main\" data-orig-file=\"https:\/\/blog.erm.ee\/wp-content\/uploads\/2016\/12\/311454_ERM_Fk_2947_39.jpg\" data-orig-size=\"818,1200\" data-comments-opened=\"1\" data-image-meta=\"{&quot;aperture&quot;:&quot;0&quot;,&quot;credit&quot;:&quot;&quot;,&quot;camera&quot;:&quot;&quot;,&quot;caption&quot;:&quot;[#Beginning of Shooting Data Section]\\rNikon D200\\rFocal Length: 50mm\\rOptimize Image: Custom\\rColor Mode: Mode II (Adobe RGB)\\rLong Exposure NR: Off\\rHigh ISO NR: Off\\r2011\/08\/17 09:34:28.0\\rExposure Mode: Manual\\rWhite Balance: Preset d-4\\rTone Comp.: User-Defined Custom Curve\\rRAW (12-bit)\\rMetering Mode: Multi-Pattern\\rAF Mode: AF-S\\rHue Adjustment: 0\\u00b0\\rImage Size: Large (3872 x 2592)\\r1\/5 sec - F\/9\\rFlash Sync Mode: Not Attached\\rSaturation: Normal\\rColor\\rExposure Comp.: 0 EV\\rSharpening: Medium high\\rLens: 50mm F\/2.8 D\\rSensitivity: ISO 100\\rImage Comment:                                     \\r[#End of Shooting Data Section]&quot;,&quot;created_timestamp&quot;:&quot;1313573668&quot;,&quot;copyright&quot;:&quot;&quot;,&quot;focal_length&quot;:&quot;0&quot;,&quot;iso&quot;:&quot;0&quot;,&quot;shutter_speed&quot;:&quot;0&quot;,&quot;title&quot;:&quot;&quot;,&quot;orientation&quot;:&quot;0&quot;}\" data-image-title=\"311454_ERM_Fk_2947_39\" data-image-description=\"\" data-image-caption=\"&lt;p&gt;[#Beginning of Shooting Data Section]&lt;br \/&gt;\nNikon D200&lt;br \/&gt;\nFocal Length: 50mm&lt;br \/&gt;\nOptimize Image: Custom&lt;br \/&gt;\nColor Mode: Mode II (Adobe RGB)&lt;br \/&gt;\nLong Exposure NR: Off&lt;br \/&gt;\nHigh ISO NR: Off&lt;br \/&gt;\n2011\/08\/17 09:34:28.0&lt;br \/&gt;\nExposure Mode: Manual&lt;br \/&gt;\nWhite Balance: Preset d-4&lt;br \/&gt;\nTone Comp.: User-Defined Custom Curve&lt;br \/&gt;\nRAW (12-bit)&lt;br \/&gt;\nMetering Mode: Multi-Pattern&lt;br \/&gt;\nAF Mode: AF-S&lt;br \/&gt;\nHue Adjustment: 0\u00b0&lt;br \/&gt;\nImage Size: Large (3872 x 2592)&lt;br \/&gt;\n1\/5 sec &amp;#8211; F\/9&lt;br \/&gt;\nFlash Sync Mode: Not Attached&lt;br \/&gt;\nSaturation: Normal&lt;br \/&gt;\nColor&lt;br \/&gt;\nExposure Comp.: 0 EV&lt;br \/&gt;\nSharpening: Medium high&lt;br \/&gt;\nLens: 50mm F\/2.8 D&lt;br \/&gt;\nSensitivity: ISO 100&lt;br \/&gt;\nImage Comment:&lt;br \/&gt;\n[#End of Shooting Data Section]&lt;\/p&gt;\n\" data-large-file=\"https:\/\/blog.erm.ee\/wp-content\/uploads\/2016\/12\/311454_ERM_Fk_2947_39-698x1024.jpg\" class=\"size-full wp-image-9216\" src=\"https:\/\/blog.erm.ee\/wp-content\/uploads\/2016\/12\/311454_ERM_Fk_2947_39.jpg\" alt=\"\" width=\"818\" height=\"1200\" srcset=\"https:\/\/blog.erm.ee\/wp-content\/uploads\/2016\/12\/311454_ERM_Fk_2947_39.jpg 818w, https:\/\/blog.erm.ee\/wp-content\/uploads\/2016\/12\/311454_ERM_Fk_2947_39-177x260.jpg 177w, https:\/\/blog.erm.ee\/wp-content\/uploads\/2016\/12\/311454_ERM_Fk_2947_39-205x300.jpg 205w, https:\/\/blog.erm.ee\/wp-content\/uploads\/2016\/12\/311454_ERM_Fk_2947_39-768x1127.jpg 768w, https:\/\/blog.erm.ee\/wp-content\/uploads\/2016\/12\/311454_ERM_Fk_2947_39-698x1024.jpg 698w\" sizes=\"auto, (max-width: 818px) 100vw, 818px\" \/><\/a><em>Poiss j\u00f5ulukingituseks saadud autoga. Foto: Eve Saar, 1995. ERM Fk 2947:39<\/em><\/p>\n<div class=\"fcbkbttn_buttons_block\" id=\"fcbkbttn_left\"><div class=\"fcbkbttn_like \"><fb:like href=\"https:\/\/blog.erm.ee\/?p=9195\" action=\"like\" colorscheme=\"light\" layout=\"standard\"  width=\"225px\" size=\"small\"><\/fb:like><\/div><div class=\"fb-share-button  \" data-href=\"https:\/\/blog.erm.ee\/?p=9195\" data-type=\"button\" data-size=\"small\"><\/div><\/div>","protected":false},"excerpt":{"rendered":"<p>Kristi \u00dctt, arhivaar J\u00f5ululaup\u00e4ev on peagi k\u00e4es ja usinatel j\u00f5uluvanadel mahukad kingikotid juba komplekteeritud. Kes ootab taadilt p\u00f5nevat raamatut, kes uut suusapaari, reisi l\u00f5unamaale v\u00f5i hoopiski kotit\u00e4it maitsvaid komme \u2013 soove mustmiljon. Mitmesuguseid toredaid kingitusi ja kingipakke leiate meie fotogaleriist. J\u00f5ulukompositsioon \u00f5llekannu ja kingipakiga. Foto: Hans Voolmann, u 1925\u20131930.\u00a0 ERM Fk 2957:1074 Perekond Loo j\u00f5ulu\u00f5htul&hellip;<\/p>\n","protected":false},"author":1,"featured_media":9208,"comment_status":"open","ping_status":"open","sticky":false,"template":"","format":"standard","meta":{"_monsterinsights_skip_tracking":false,"_monsterinsights_sitenote_active":false,"_monsterinsights_sitenote_note":"","_monsterinsights_sitenote_category":0,"jetpack_post_was_ever_published":false,"_jetpack_newsletter_access":"","_jetpack_dont_email_post_to_subs":false,"_jetpack_newsletter_tier_id":0,"_jetpack_memberships_contains_paywalled_content":false,"_jetpack_memberships_contains_paid_content":false,"footnotes":""},"categories":[6],"tags":[],"class_list":["post-9195","post","type-post","status-publish","format-standard","has-post-thumbnail","hentry","category-foto"],"yoast_head":"<!-- This site is optimized with the Yoast SEO plugin v27.5 - https:\/\/yoast.com\/product\/yoast-seo-wordpress\/ -->\n<title>Kingitused k\u00f5ige tublimatele - Eesti Rahva Muuseumi ajaveeb<\/title>\n<meta name=\"robots\" content=\"index, follow, max-snippet:-1, max-image-preview:large, max-video-preview:-1\" \/>\n<link rel=\"canonical\" href=\"https:\/\/blog.erm.ee\/?p=9195\" \/>\n<meta property=\"og:locale\" content=\"et_EE\" \/>\n<meta property=\"og:type\" content=\"article\" \/>\n<meta property=\"og:title\" content=\"Kingitused k\u00f5ige tublimatele - Eesti Rahva Muuseumi ajaveeb\" \/>\n<meta property=\"og:description\" content=\"Kristi \u00dctt, arhivaar J\u00f5ululaup\u00e4ev on peagi k\u00e4es ja usinatel j\u00f5uluvanadel mahukad kingikotid juba komplekteeritud. Kes ootab taadilt p\u00f5nevat raamatut, kes uut suusapaari, reisi l\u00f5unamaale v\u00f5i hoopiski kotit\u00e4it maitsvaid komme \u2013 soove mustmiljon. Mitmesuguseid toredaid kingitusi ja kingipakke leiate meie fotogaleriist. J\u00f5ulukompositsioon \u00f5llekannu ja kingipakiga. Foto: Hans Voolmann, u 1925\u20131930.\u00a0 ERM Fk 2957:1074 Perekond Loo j\u00f5ulu\u00f5htul&hellip;\" \/>\n<meta property=\"og:url\" content=\"https:\/\/blog.erm.ee\/?p=9195\" \/>\n<meta property=\"og:site_name\" content=\"Eesti Rahva Muuseumi ajaveeb\" \/>\n<meta property=\"article:published_time\" content=\"2016-12-22T04:48:54+00:00\" \/>\n<meta property=\"og:image\" content=\"https:\/\/blog.erm.ee\/wp-content\/uploads\/2016\/12\/046356_ERM_Fk_2822_65.jpg\" \/>\n\t<meta property=\"og:image:width\" content=\"1200\" \/>\n\t<meta property=\"og:image:height\" content=\"897\" \/>\n\t<meta property=\"og:image:type\" content=\"image\/jpeg\" \/>\n<meta name=\"author\" content=\"Eesti Rahva Muuseum\" \/>\n<meta name=\"twitter:card\" content=\"summary_large_image\" \/>\n<meta name=\"twitter:label1\" content=\"Written by\" \/>\n\t<meta name=\"twitter:data1\" content=\"Eesti Rahva Muuseum\" \/>\n\t<meta name=\"twitter:label2\" content=\"Est. reading time\" \/>\n\t<meta name=\"twitter:data2\" content=\"1 minut\" \/>\n<script type=\"application\/ld+json\" class=\"yoast-schema-graph\">{\"@context\":\"https:\\\/\\\/schema.org\",\"@graph\":[{\"@type\":\"Article\",\"@id\":\"https:\\\/\\\/blog.erm.ee\\\/?p=9195#article\",\"isPartOf\":{\"@id\":\"https:\\\/\\\/blog.erm.ee\\\/?p=9195\"},\"author\":{\"name\":\"Eesti Rahva Muuseum\",\"@id\":\"https:\\\/\\\/blog.erm.ee\\\/#\\\/schema\\\/person\\\/6e98c391cb00a33e7c22a3571e062114\"},\"headline\":\"Kingitused k\u00f5ige tublimatele\",\"datePublished\":\"2016-12-22T04:48:54+00:00\",\"mainEntityOfPage\":{\"@id\":\"https:\\\/\\\/blog.erm.ee\\\/?p=9195\"},\"wordCount\":274,\"commentCount\":0,\"image\":{\"@id\":\"https:\\\/\\\/blog.erm.ee\\\/?p=9195#primaryimage\"},\"thumbnailUrl\":\"https:\\\/\\\/blog.erm.ee\\\/wp-content\\\/uploads\\\/2016\\\/12\\\/046356_ERM_Fk_2822_65.jpg\",\"articleSection\":[\"Foto\"],\"inLanguage\":\"et\",\"potentialAction\":[{\"@type\":\"CommentAction\",\"name\":\"Comment\",\"target\":[\"https:\\\/\\\/blog.erm.ee\\\/?p=9195#respond\"]}]},{\"@type\":\"WebPage\",\"@id\":\"https:\\\/\\\/blog.erm.ee\\\/?p=9195\",\"url\":\"https:\\\/\\\/blog.erm.ee\\\/?p=9195\",\"name\":\"Kingitused k\u00f5ige tublimatele - Eesti Rahva Muuseumi ajaveeb\",\"isPartOf\":{\"@id\":\"https:\\\/\\\/blog.erm.ee\\\/#website\"},\"primaryImageOfPage\":{\"@id\":\"https:\\\/\\\/blog.erm.ee\\\/?p=9195#primaryimage\"},\"image\":{\"@id\":\"https:\\\/\\\/blog.erm.ee\\\/?p=9195#primaryimage\"},\"thumbnailUrl\":\"https:\\\/\\\/blog.erm.ee\\\/wp-content\\\/uploads\\\/2016\\\/12\\\/046356_ERM_Fk_2822_65.jpg\",\"datePublished\":\"2016-12-22T04:48:54+00:00\",\"author\":{\"@id\":\"https:\\\/\\\/blog.erm.ee\\\/#\\\/schema\\\/person\\\/6e98c391cb00a33e7c22a3571e062114\"},\"breadcrumb\":{\"@id\":\"https:\\\/\\\/blog.erm.ee\\\/?p=9195#breadcrumb\"},\"inLanguage\":\"et\",\"potentialAction\":[{\"@type\":\"ReadAction\",\"target\":[\"https:\\\/\\\/blog.erm.ee\\\/?p=9195\"]}]},{\"@type\":\"ImageObject\",\"inLanguage\":\"et\",\"@id\":\"https:\\\/\\\/blog.erm.ee\\\/?p=9195#primaryimage\",\"url\":\"https:\\\/\\\/blog.erm.ee\\\/wp-content\\\/uploads\\\/2016\\\/12\\\/046356_ERM_Fk_2822_65.jpg\",\"contentUrl\":\"https:\\\/\\\/blog.erm.ee\\\/wp-content\\\/uploads\\\/2016\\\/12\\\/046356_ERM_Fk_2822_65.jpg\",\"width\":1200,\"height\":897},{\"@type\":\"BreadcrumbList\",\"@id\":\"https:\\\/\\\/blog.erm.ee\\\/?p=9195#breadcrumb\",\"itemListElement\":[{\"@type\":\"ListItem\",\"position\":1,\"name\":\"Home\",\"item\":\"https:\\\/\\\/blog.erm.ee\\\/\"},{\"@type\":\"ListItem\",\"position\":2,\"name\":\"Kingitused k\u00f5ige tublimatele\"}]},{\"@type\":\"WebSite\",\"@id\":\"https:\\\/\\\/blog.erm.ee\\\/#website\",\"url\":\"https:\\\/\\\/blog.erm.ee\\\/\",\"name\":\"Eesti Rahva Muuseumi ajaveeb\",\"description\":\"\",\"potentialAction\":[{\"@type\":\"SearchAction\",\"target\":{\"@type\":\"EntryPoint\",\"urlTemplate\":\"https:\\\/\\\/blog.erm.ee\\\/?s={search_term_string}\"},\"query-input\":{\"@type\":\"PropertyValueSpecification\",\"valueRequired\":true,\"valueName\":\"search_term_string\"}}],\"inLanguage\":\"et\"},{\"@type\":\"Person\",\"@id\":\"https:\\\/\\\/blog.erm.ee\\\/#\\\/schema\\\/person\\\/6e98c391cb00a33e7c22a3571e062114\",\"name\":\"Eesti Rahva Muuseum\",\"image\":{\"@type\":\"ImageObject\",\"inLanguage\":\"et\",\"@id\":\"https:\\\/\\\/secure.gravatar.com\\\/avatar\\\/cb6d9ad5fb49f3f7315028ce5fe60641075f2cb52b8a058ff5a985fa2d8c1da0?s=96&d=mm&r=g\",\"url\":\"https:\\\/\\\/secure.gravatar.com\\\/avatar\\\/cb6d9ad5fb49f3f7315028ce5fe60641075f2cb52b8a058ff5a985fa2d8c1da0?s=96&d=mm&r=g\",\"contentUrl\":\"https:\\\/\\\/secure.gravatar.com\\\/avatar\\\/cb6d9ad5fb49f3f7315028ce5fe60641075f2cb52b8a058ff5a985fa2d8c1da0?s=96&d=mm&r=g\",\"caption\":\"Eesti Rahva Muuseum\"},\"sameAs\":[\"http:\\\/\\\/www.erm.ee\"],\"url\":\"https:\\\/\\\/blog.erm.ee\\\/?author=1\"}]}<\/script>\n<!-- \/ Yoast SEO plugin. -->","yoast_head_json":{"title":"Kingitused k\u00f5ige tublimatele - Eesti Rahva Muuseumi ajaveeb","robots":{"index":"index","follow":"follow","max-snippet":"max-snippet:-1","max-image-preview":"max-image-preview:large","max-video-preview":"max-video-preview:-1"},"canonical":"https:\/\/blog.erm.ee\/?p=9195","og_locale":"et_EE","og_type":"article","og_title":"Kingitused k\u00f5ige tublimatele - Eesti Rahva Muuseumi ajaveeb","og_description":"Kristi \u00dctt, arhivaar J\u00f5ululaup\u00e4ev on peagi k\u00e4es ja usinatel j\u00f5uluvanadel mahukad kingikotid juba komplekteeritud. Kes ootab taadilt p\u00f5nevat raamatut, kes uut suusapaari, reisi l\u00f5unamaale v\u00f5i hoopiski kotit\u00e4it maitsvaid komme \u2013 soove mustmiljon. Mitmesuguseid toredaid kingitusi ja kingipakke leiate meie fotogaleriist. J\u00f5ulukompositsioon \u00f5llekannu ja kingipakiga. Foto: Hans Voolmann, u 1925\u20131930.\u00a0 ERM Fk 2957:1074 Perekond Loo j\u00f5ulu\u00f5htul&hellip;","og_url":"https:\/\/blog.erm.ee\/?p=9195","og_site_name":"Eesti Rahva Muuseumi ajaveeb","article_published_time":"2016-12-22T04:48:54+00:00","og_image":[{"width":1200,"height":897,"url":"https:\/\/blog.erm.ee\/wp-content\/uploads\/2016\/12\/046356_ERM_Fk_2822_65.jpg","type":"image\/jpeg"}],"author":"Eesti Rahva Muuseum","twitter_card":"summary_large_image","twitter_misc":{"Written by":"Eesti Rahva Muuseum","Est. reading time":"1 minut"},"schema":{"@context":"https:\/\/schema.org","@graph":[{"@type":"Article","@id":"https:\/\/blog.erm.ee\/?p=9195#article","isPartOf":{"@id":"https:\/\/blog.erm.ee\/?p=9195"},"author":{"name":"Eesti Rahva Muuseum","@id":"https:\/\/blog.erm.ee\/#\/schema\/person\/6e98c391cb00a33e7c22a3571e062114"},"headline":"Kingitused k\u00f5ige tublimatele","datePublished":"2016-12-22T04:48:54+00:00","mainEntityOfPage":{"@id":"https:\/\/blog.erm.ee\/?p=9195"},"wordCount":274,"commentCount":0,"image":{"@id":"https:\/\/blog.erm.ee\/?p=9195#primaryimage"},"thumbnailUrl":"https:\/\/blog.erm.ee\/wp-content\/uploads\/2016\/12\/046356_ERM_Fk_2822_65.jpg","articleSection":["Foto"],"inLanguage":"et","potentialAction":[{"@type":"CommentAction","name":"Comment","target":["https:\/\/blog.erm.ee\/?p=9195#respond"]}]},{"@type":"WebPage","@id":"https:\/\/blog.erm.ee\/?p=9195","url":"https:\/\/blog.erm.ee\/?p=9195","name":"Kingitused k\u00f5ige tublimatele - Eesti Rahva Muuseumi ajaveeb","isPartOf":{"@id":"https:\/\/blog.erm.ee\/#website"},"primaryImageOfPage":{"@id":"https:\/\/blog.erm.ee\/?p=9195#primaryimage"},"image":{"@id":"https:\/\/blog.erm.ee\/?p=9195#primaryimage"},"thumbnailUrl":"https:\/\/blog.erm.ee\/wp-content\/uploads\/2016\/12\/046356_ERM_Fk_2822_65.jpg","datePublished":"2016-12-22T04:48:54+00:00","author":{"@id":"https:\/\/blog.erm.ee\/#\/schema\/person\/6e98c391cb00a33e7c22a3571e062114"},"breadcrumb":{"@id":"https:\/\/blog.erm.ee\/?p=9195#breadcrumb"},"inLanguage":"et","potentialAction":[{"@type":"ReadAction","target":["https:\/\/blog.erm.ee\/?p=9195"]}]},{"@type":"ImageObject","inLanguage":"et","@id":"https:\/\/blog.erm.ee\/?p=9195#primaryimage","url":"https:\/\/blog.erm.ee\/wp-content\/uploads\/2016\/12\/046356_ERM_Fk_2822_65.jpg","contentUrl":"https:\/\/blog.erm.ee\/wp-content\/uploads\/2016\/12\/046356_ERM_Fk_2822_65.jpg","width":1200,"height":897},{"@type":"BreadcrumbList","@id":"https:\/\/blog.erm.ee\/?p=9195#breadcrumb","itemListElement":[{"@type":"ListItem","position":1,"name":"Home","item":"https:\/\/blog.erm.ee\/"},{"@type":"ListItem","position":2,"name":"Kingitused k\u00f5ige tublimatele"}]},{"@type":"WebSite","@id":"https:\/\/blog.erm.ee\/#website","url":"https:\/\/blog.erm.ee\/","name":"Eesti Rahva Muuseumi ajaveeb","description":"","potentialAction":[{"@type":"SearchAction","target":{"@type":"EntryPoint","urlTemplate":"https:\/\/blog.erm.ee\/?s={search_term_string}"},"query-input":{"@type":"PropertyValueSpecification","valueRequired":true,"valueName":"search_term_string"}}],"inLanguage":"et"},{"@type":"Person","@id":"https:\/\/blog.erm.ee\/#\/schema\/person\/6e98c391cb00a33e7c22a3571e062114","name":"Eesti Rahva Muuseum","image":{"@type":"ImageObject","inLanguage":"et","@id":"https:\/\/secure.gravatar.com\/avatar\/cb6d9ad5fb49f3f7315028ce5fe60641075f2cb52b8a058ff5a985fa2d8c1da0?s=96&d=mm&r=g","url":"https:\/\/secure.gravatar.com\/avatar\/cb6d9ad5fb49f3f7315028ce5fe60641075f2cb52b8a058ff5a985fa2d8c1da0?s=96&d=mm&r=g","contentUrl":"https:\/\/secure.gravatar.com\/avatar\/cb6d9ad5fb49f3f7315028ce5fe60641075f2cb52b8a058ff5a985fa2d8c1da0?s=96&d=mm&r=g","caption":"Eesti Rahva Muuseum"},"sameAs":["http:\/\/www.erm.ee"],"url":"https:\/\/blog.erm.ee\/?author=1"}]}},"jetpack_featured_media_url":"https:\/\/blog.erm.ee\/wp-content\/uploads\/2016\/12\/046356_ERM_Fk_2822_65.jpg","jetpack_shortlink":"https:\/\/wp.me\/p2l9Zd-2oj","jetpack_sharing_enabled":true,"jetpack_likes_enabled":true,"_links":{"self":[{"href":"https:\/\/blog.erm.ee\/index.php?rest_route=\/wp\/v2\/posts\/9195","targetHints":{"allow":["GET"]}}],"collection":[{"href":"https:\/\/blog.erm.ee\/index.php?rest_route=\/wp\/v2\/posts"}],"about":[{"href":"https:\/\/blog.erm.ee\/index.php?rest_route=\/wp\/v2\/types\/post"}],"author":[{"embeddable":true,"href":"https:\/\/blog.erm.ee\/index.php?rest_route=\/wp\/v2\/users\/1"}],"replies":[{"embeddable":true,"href":"https:\/\/blog.erm.ee\/index.php?rest_route=%2Fwp%2Fv2%2Fcomments&post=9195"}],"version-history":[{"count":7,"href":"https:\/\/blog.erm.ee\/index.php?rest_route=\/wp\/v2\/posts\/9195\/revisions"}],"predecessor-version":[{"id":9220,"href":"https:\/\/blog.erm.ee\/index.php?rest_route=\/wp\/v2\/posts\/9195\/revisions\/9220"}],"wp:featuredmedia":[{"embeddable":true,"href":"https:\/\/blog.erm.ee\/index.php?rest_route=\/wp\/v2\/media\/9208"}],"wp:attachment":[{"href":"https:\/\/blog.erm.ee\/index.php?rest_route=%2Fwp%2Fv2%2Fmedia&parent=9195"}],"wp:term":[{"taxonomy":"category","embeddable":true,"href":"https:\/\/blog.erm.ee\/index.php?rest_route=%2Fwp%2Fv2%2Fcategories&post=9195"},{"taxonomy":"post_tag","embeddable":true,"href":"https:\/\/blog.erm.ee\/index.php?rest_route=%2Fwp%2Fv2%2Ftags&post=9195"}],"curies":[{"name":"wp","href":"https:\/\/api.w.org\/{rel}","templated":true}]}}