{"id":8944,"date":"2016-11-29T06:09:59","date_gmt":"2016-11-29T04:09:59","guid":{"rendered":"http:\/\/blog.erm.ee\/?p=8944"},"modified":"2016-12-28T13:31:42","modified_gmt":"2016-12-28T11:31:42","slug":"millest-jutustavad-anonuumsed-pildid-kulafotograaf-oskar-torva-klaasnegatiivide-naitel","status":"publish","type":"post","link":"https:\/\/blog.erm.ee\/?p=8944","title":{"rendered":"Millest jutustavad anon\u00fc\u00fcmsed pildid k\u00fclafotograaf Oskar T\u00f5rva klaasnegatiivide n\u00e4itel?"},"content":{"rendered":"<div class=\"fcbkbttn_buttons_block\" id=\"fcbkbttn_left\"><div class=\"fcbkbttn_like \"><fb:like href=\"https:\/\/blog.erm.ee\/?p=8944\" action=\"like\" colorscheme=\"light\" layout=\"standard\"  width=\"225px\" size=\"small\"><\/fb:like><\/div><div class=\"fb-share-button  \" data-href=\"https:\/\/blog.erm.ee\/?p=8944\" data-type=\"button\" data-size=\"small\"><\/div><\/div><p><em>Tiina Tael, peaarhivaar<\/em><\/p>\n<p>Vanad pildid jutustavad meile m\u00f6\u00f6dunud aegadest, ent harva on nende juures teavet, kes on pildil v\u00f5i mis s\u00fcndmuse puhul on foto tehtud. Kui pilt p\u00e4rineb kellegi fotoalbumist, siis on sageli info pildiomaniku peas ja kui tema lahkub, j\u00e4\u00e4bki lugu teadmatuks. Heal juhul vaatab pildilt vastu kellegi tuttav n\u00e4gu v\u00f5i on koht kuidagi tuttav, kuid ikkagi j\u00e4\u00e4b palju k\u00fcsim\u00e4rke, millal ja millise s\u00fcndmuse puhul on fotoj\u00e4\u00e4dvustus tehtud.<\/p>\n<p>M\u00e4luasutuste (muuseumide, arhiivide) kogudes on v\u00e4ga palju selliseid pilte, mille t\u00e4psemat lugu ei tea, ent ometi annavad need olulist teavet. Kui fotode tagak\u00fcljel v\u00f5i albumisse kleebitud piltide juures v\u00f5ib veel olla m\u00e4rkmeid, siis negatiivide puhul juhtub harva, et need on pakendatud ja m\u00e4rgistatud nii, et pildil kujutatut saab \u00fclest\u00e4helduste abil tuvastada.<\/p>\n<p>Aeg-ajalt tuleb aga vanade majade p\u00f6\u00f6ningult v\u00f5i panipaikadest v\u00e4lja kastide viisi negatiive, mis vihjavad m\u00f5ne kutselise fotograafi loomingule. Sageli on need paksu tolmukorra all, vahel hallitusega kahjustatud, m\u00f5ni ka m\u00f5rane, kuid pildi s\u00e4ilinud osa on v\u00e4ga selge ja ilmekas. Kui tegemist on Eesti fotograafia ajaloos tuntud meistri loominguga, siis v\u00e4\u00e4riks sellised negatiivid s\u00e4ilitamist. N\u00e4iteks k\u00fclafotograafide puhul saame teada, milline oli tema t\u00f6\u00f6p\u00f5ld nii geograafiliselt kui ka temaatiliselt; milliseid s\u00fcndmusi ta kutsuti j\u00e4\u00e4dvustama, milline oli tema ateljee v\u00f5i kus ta pildistas portreefotosid. Oma lugu jutustavad ka r\u00f5ivad inimeste seljas, hooned ja \u00fcksikud detailid, mis annavad vihjeid oletatavatele s\u00fcndmustele. Andmeteta autorinegatiivide puhul oskame m\u00e4\u00e4ratleda umbkaudset pildistamise kohta (nt kihelkond v\u00f5i k\u00fcla) ja pildistamise aega.<\/p>\n<p>Hiljuti sai Eesti Rahva Muuseumi fotokogu rikkamaks Pala k\u00fclafotograafi <strong>Oskar T\u00f5rva<\/strong> klaasnegatiivide kogu v\u00f5rra (ERM Fk 3001, 328 negatiivi). Oskar T\u00f5rvast on v\u00e4he andmeid: tema nimi on k\u00fcll <a href=\"http:\/\/www.linnamuuseum.ee\/eestipiltnik\/?action=view&amp;id=795\">Eesti fotograafide andmebaasis<\/a>, ent m\u00e4luasutuste kogudes on tema nimega fikseeritud \u00fcksikuid fotosid. Rahvusarhiivist leiame \u00f5hukese toimiku (ERA.3167.1.7385), milles on Oskar T\u00f5rva 5. aprilli 1939 kuup\u00e4evaga avaldus Tartu t\u00f6\u00f6oskusametile, et ta v\u00f5iks \u00f5iendada kutseeksami fotograafia-operaatori erialal, ning Pala vallavalitsuse tunnistus 8. aprillist 1939 selle kohta, et ta on t\u00f6\u00f6tanud alates 1925. aastast fotograafia alal ning vastavad aparaadid ja tarberiistad on T\u00f5rval olemas. Toimikust ilmneb ka tema s\u00fcnnikuup\u00e4ev 24. august 1901 (vkj 11. august 1901). T\u00f5rva edasisegi tegutsemise kohta on andmeid napilt, osa negatiive on dateeritud aastaga 1941 ning suri raske haiguse tagaj\u00e4rjel\u00a022. juunil\u00a01942. aastal. Vihjeid fotograafi perekonna ja p\u00e4ritolu kohta saime juba tema piltide legendeerimisel.<\/p>\n<p>Ligi 100 aastat vanade klaasnegatiivide tuvastamine on kaunis keeruline, sest piltidel olevad inimesed ja nende kaasaegsed on lahkunud. Kergemini on \u00e4ratuntavad t\u00e4nini s\u00e4ilinud \u00fchiskondlikud hooned, koolipildid kas koolihoonete v\u00f5i \u00f5petajate kaudu, samuti leerifotod kiriku\u00f5petajaid tundes. Hea oleks piltide kirjeldamisel leida kohalik teejuht, kes piirkonda h\u00e4sti teab ja tunneks m\u00f5nel juhul \u00e4ra ka pildile j\u00e4\u00e4dvustatud inimesi. Oskar T\u00f5rva piltide legendeerimisel oli muuseumil abi ERMi kirjasaatjast Helgi Sulustest (1932\u20132015), kelle vahendusel negatiivid muuseumisse j\u00f5udsidki ning kes oskas ligi sajakonnale pildile l\u00e4hema info anda.<\/p>\n<p><a href=\"https:\/\/blog.erm.ee\/wp-content\/uploads\/2016\/11\/363301_ERM_Fk_3001_87.jpg\"><img loading=\"lazy\" decoding=\"async\" data-attachment-id=\"8946\" data-permalink=\"https:\/\/blog.erm.ee\/?attachment_id=8946#main\" data-orig-file=\"https:\/\/blog.erm.ee\/wp-content\/uploads\/2016\/11\/363301_ERM_Fk_3001_87.jpg\" data-orig-size=\"1200,803\" data-comments-opened=\"1\" data-image-meta=\"{&quot;aperture&quot;:&quot;0&quot;,&quot;credit&quot;:&quot;&quot;,&quot;camera&quot;:&quot;&quot;,&quot;caption&quot;:&quot;&quot;,&quot;created_timestamp&quot;:&quot;0&quot;,&quot;copyright&quot;:&quot;&quot;,&quot;focal_length&quot;:&quot;0&quot;,&quot;iso&quot;:&quot;0&quot;,&quot;shutter_speed&quot;:&quot;0&quot;,&quot;title&quot;:&quot;&quot;,&quot;orientation&quot;:&quot;0&quot;}\" data-image-title=\"363301_erm_fk_3001_87\" data-image-description=\"\" data-image-caption=\"\" data-large-file=\"https:\/\/blog.erm.ee\/wp-content\/uploads\/2016\/11\/363301_ERM_Fk_3001_87-1024x685.jpg\" class=\"alignnone size-full wp-image-8946\" src=\"https:\/\/blog.erm.ee\/wp-content\/uploads\/2016\/11\/363301_ERM_Fk_3001_87.jpg\" alt=\"363301_erm_fk_3001_87\" width=\"1200\" height=\"803\" srcset=\"https:\/\/blog.erm.ee\/wp-content\/uploads\/2016\/11\/363301_ERM_Fk_3001_87.jpg 1200w, https:\/\/blog.erm.ee\/wp-content\/uploads\/2016\/11\/363301_ERM_Fk_3001_87-389x260.jpg 389w, https:\/\/blog.erm.ee\/wp-content\/uploads\/2016\/11\/363301_ERM_Fk_3001_87-300x201.jpg 300w, https:\/\/blog.erm.ee\/wp-content\/uploads\/2016\/11\/363301_ERM_Fk_3001_87-768x514.jpg 768w, https:\/\/blog.erm.ee\/wp-content\/uploads\/2016\/11\/363301_ERM_Fk_3001_87-1024x685.jpg 1024w\" sizes=\"auto, (max-width: 1200px) 100vw, 1200px\" \/><\/a><em>Pidu sugulaste ja k\u00fclarahvaga Pala vallas Sassukveres. Istuvad (paremalt): Klaara Lepasepp (1907\u20131968), s\u00fcles Helju Lepasepp (1937), Aliise T\u00f5rva (1901\u20131995), s\u00fcles Urve T\u00f5rva (1936), T\u00f5rva poiste ema Anlisa (1865\u20131944), Leena Villemson-Ertis-Puusta (1882\u20131967), s\u00fcles Vello Talve (1935). Seisavad: Liine Rosalie Lepasepp (1890\u20131972), Lilli T\u00f5rva (1902\u20131981), Eduard T\u00f5rva (1986-?), Karla T\u00f5rva (1899\u20131970), Daavet Puusta (1873\u20131963), Hugo Lepasepp (1924\u20131944 T\u0161erkass\u00f5), Johannes Feldmann-Talve (1909\u20131966). Foto: Oskar T\u00f5rva, 1938. ERM Fk 3001:87<\/em><\/p>\n<p>See foto kuup\u00e4evaga 12. juuni 1938 on saanud Helgi Suluste ja vennat\u00fctre Liia abil v\u00e4ga t\u00e4pse legendi k\u00f5igi pildilolijate l\u00fchikese elulooga. Pildilt leiame fotograafi ema Anlisa ning vennad Karla ja Eduardi.<\/p>\n<p>See foto kuup\u00e4evaga 12. juuni 1938 on saanud Helgi Suluste abil v\u00e4ga t\u00e4pse legendi k\u00f5igi pildilolijate l\u00fchikese elulooga. Pildilt leiame fotograafi enda, tema abikaasa Salme, ema Ann Liisa ja venna Karli. Kuna T\u00f5rva legendeeritud negatiivide hulgas on ka tema \u00f5e Aliide pulmapilt ja venna Karli foto ning on m\u00e4rgitud, et nad on Halliku k\u00fclast, siis saame fotode abil teada ka perekond T\u00f5rva t\u00e4psema elukoha. Nii t\u00e4psete legendidega negatiive on selles kogus \u00fcksikuid.<\/p>\n<p><a href=\"https:\/\/blog.erm.ee\/wp-content\/uploads\/2016\/11\/363415_ERM_Fk_3001_201.jpg\"><img loading=\"lazy\" decoding=\"async\" data-attachment-id=\"8947\" data-permalink=\"https:\/\/blog.erm.ee\/?attachment_id=8947#main\" data-orig-file=\"https:\/\/blog.erm.ee\/wp-content\/uploads\/2016\/11\/363415_ERM_Fk_3001_201.jpg\" data-orig-size=\"1200,797\" data-comments-opened=\"1\" data-image-meta=\"{&quot;aperture&quot;:&quot;0&quot;,&quot;credit&quot;:&quot;&quot;,&quot;camera&quot;:&quot;&quot;,&quot;caption&quot;:&quot;&quot;,&quot;created_timestamp&quot;:&quot;0&quot;,&quot;copyright&quot;:&quot;&quot;,&quot;focal_length&quot;:&quot;0&quot;,&quot;iso&quot;:&quot;0&quot;,&quot;shutter_speed&quot;:&quot;0&quot;,&quot;title&quot;:&quot;&quot;,&quot;orientation&quot;:&quot;0&quot;}\" data-image-title=\"363415_erm_fk_3001_201\" data-image-description=\"\" data-image-caption=\"\" data-large-file=\"https:\/\/blog.erm.ee\/wp-content\/uploads\/2016\/11\/363415_ERM_Fk_3001_201-1024x680.jpg\" class=\"alignnone size-full wp-image-8947\" src=\"https:\/\/blog.erm.ee\/wp-content\/uploads\/2016\/11\/363415_ERM_Fk_3001_201.jpg\" alt=\"363415_erm_fk_3001_201\" width=\"1200\" height=\"797\" srcset=\"https:\/\/blog.erm.ee\/wp-content\/uploads\/2016\/11\/363415_ERM_Fk_3001_201.jpg 1200w, https:\/\/blog.erm.ee\/wp-content\/uploads\/2016\/11\/363415_ERM_Fk_3001_201-391x260.jpg 391w, https:\/\/blog.erm.ee\/wp-content\/uploads\/2016\/11\/363415_ERM_Fk_3001_201-300x199.jpg 300w, https:\/\/blog.erm.ee\/wp-content\/uploads\/2016\/11\/363415_ERM_Fk_3001_201-768x510.jpg 768w, https:\/\/blog.erm.ee\/wp-content\/uploads\/2016\/11\/363415_ERM_Fk_3001_201-1024x680.jpg 1024w\" sizes=\"auto, (max-width: 1200px) 100vw, 1200px\" \/><\/a><em>Koolitund Pala valla koolis. Foto: Oskar T\u00f5rva, 1930. aastad. ERM Fk 3001:201<\/em><\/p>\n<p>Ei ole teada, mis kooliga on tegemist, ent t\u00f5en\u00e4oliselt on see m\u00f5ni Pala valla koos. Foto jutustab aga 1930. aastate k\u00fclakooli klassiruumi sisustusest, \u00f5ppevahenditest, koolilaste r\u00f5ivastusest ja koolikorrast.<\/p>\n<p>Tavaliselt on k\u00f5ige kergem tuvastada koolide grupipilte, sest koolimajad, mille taustal fotod on tehtud, on tuttavad v\u00f5i tuntakse \u00e4ra \u00f5petajad. K\u00fcll aga v\u00f5ib kimpu j\u00e4\u00e4da t\u00e4pse aja m\u00e4\u00e4ramisega.<\/p>\n<p><a href=\"https:\/\/blog.erm.ee\/wp-content\/uploads\/2016\/11\/363488_ERM_Fk_3001_274.jpg\"><img loading=\"lazy\" decoding=\"async\" data-attachment-id=\"8948\" data-permalink=\"https:\/\/blog.erm.ee\/?attachment_id=8948#main\" data-orig-file=\"https:\/\/blog.erm.ee\/wp-content\/uploads\/2016\/11\/363488_ERM_Fk_3001_274.jpg\" data-orig-size=\"809,1200\" data-comments-opened=\"1\" data-image-meta=\"{&quot;aperture&quot;:&quot;0&quot;,&quot;credit&quot;:&quot;&quot;,&quot;camera&quot;:&quot;&quot;,&quot;caption&quot;:&quot;&quot;,&quot;created_timestamp&quot;:&quot;0&quot;,&quot;copyright&quot;:&quot;&quot;,&quot;focal_length&quot;:&quot;0&quot;,&quot;iso&quot;:&quot;0&quot;,&quot;shutter_speed&quot;:&quot;0&quot;,&quot;title&quot;:&quot;&quot;,&quot;orientation&quot;:&quot;0&quot;}\" data-image-title=\"363488_erm_fk_3001_274\" data-image-description=\"\" data-image-caption=\"\" data-large-file=\"https:\/\/blog.erm.ee\/wp-content\/uploads\/2016\/11\/363488_ERM_Fk_3001_274-690x1024.jpg\" class=\"alignnone size-full wp-image-8948\" src=\"https:\/\/blog.erm.ee\/wp-content\/uploads\/2016\/11\/363488_ERM_Fk_3001_274.jpg\" alt=\"363488_erm_fk_3001_274\" width=\"809\" height=\"1200\" srcset=\"https:\/\/blog.erm.ee\/wp-content\/uploads\/2016\/11\/363488_ERM_Fk_3001_274.jpg 809w, https:\/\/blog.erm.ee\/wp-content\/uploads\/2016\/11\/363488_ERM_Fk_3001_274-175x260.jpg 175w, https:\/\/blog.erm.ee\/wp-content\/uploads\/2016\/11\/363488_ERM_Fk_3001_274-202x300.jpg 202w, https:\/\/blog.erm.ee\/wp-content\/uploads\/2016\/11\/363488_ERM_Fk_3001_274-768x1139.jpg 768w, https:\/\/blog.erm.ee\/wp-content\/uploads\/2016\/11\/363488_ERM_Fk_3001_274-690x1024.jpg 690w\" sizes=\"auto, (max-width: 809px) 100vw, 809px\" \/><\/a><em>Torila 6-klassilise algkooli l\u00f5petavad t\u00fctarlapsed koolimaja ees. Foto: Oskar T\u00f5rva, 1932. ERM Fk 3001:274<\/em><\/p>\n<p>P\u00f5hiteemad, mida fotograaf Oskar T\u00f5rva s\u00e4ilinud klaasnegatiivid kajastavad, on koolielu, leer, matused, pulmad, perekonnaportreed. K\u00f5ige lihtsam tundub olevat m\u00e4\u00e4rata koolide ja leeride grupipilte.<\/p>\n<p><a href=\"https:\/\/blog.erm.ee\/wp-content\/uploads\/2016\/11\/363470_ERM_Fk_3001_256.jpg\"><img loading=\"lazy\" decoding=\"async\" data-attachment-id=\"8949\" data-permalink=\"https:\/\/blog.erm.ee\/?attachment_id=8949#main\" data-orig-file=\"https:\/\/blog.erm.ee\/wp-content\/uploads\/2016\/11\/363470_ERM_Fk_3001_256.jpg\" data-orig-size=\"1200,889\" data-comments-opened=\"1\" data-image-meta=\"{&quot;aperture&quot;:&quot;0&quot;,&quot;credit&quot;:&quot;&quot;,&quot;camera&quot;:&quot;&quot;,&quot;caption&quot;:&quot;&quot;,&quot;created_timestamp&quot;:&quot;0&quot;,&quot;copyright&quot;:&quot;&quot;,&quot;focal_length&quot;:&quot;0&quot;,&quot;iso&quot;:&quot;0&quot;,&quot;shutter_speed&quot;:&quot;0&quot;,&quot;title&quot;:&quot;&quot;,&quot;orientation&quot;:&quot;0&quot;}\" data-image-title=\"363470_erm_fk_3001_256\" data-image-description=\"\" data-image-caption=\"\" data-large-file=\"https:\/\/blog.erm.ee\/wp-content\/uploads\/2016\/11\/363470_ERM_Fk_3001_256-1024x759.jpg\" class=\"alignnone size-full wp-image-8949\" src=\"https:\/\/blog.erm.ee\/wp-content\/uploads\/2016\/11\/363470_ERM_Fk_3001_256.jpg\" alt=\"363470_erm_fk_3001_256\" width=\"1200\" height=\"889\" srcset=\"https:\/\/blog.erm.ee\/wp-content\/uploads\/2016\/11\/363470_ERM_Fk_3001_256.jpg 1200w, https:\/\/blog.erm.ee\/wp-content\/uploads\/2016\/11\/363470_ERM_Fk_3001_256-351x260.jpg 351w, https:\/\/blog.erm.ee\/wp-content\/uploads\/2016\/11\/363470_ERM_Fk_3001_256-300x222.jpg 300w, https:\/\/blog.erm.ee\/wp-content\/uploads\/2016\/11\/363470_ERM_Fk_3001_256-768x569.jpg 768w, https:\/\/blog.erm.ee\/wp-content\/uploads\/2016\/11\/363470_ERM_Fk_3001_256-1024x759.jpg 1024w\" sizes=\"auto, (max-width: 1200px) 100vw, 1200px\" \/><\/a><em>T\u00fctarlaste leer Kodaveres \u00f5nnistamise p\u00e4eval 25. mail 1930. Foto: Oskar T\u00f5rva, 1930. ERM Fk 3001:256<\/em><\/p>\n<p>T\u00e4pset aega ja kohta aitas kindlasti m\u00e4\u00e4rata asjaolu, et pildil on kiriku\u00f5petaja ja k\u00f6ster. \u00d5petaja Johannes Walter teenis Kodavere kirikus 1927\u20131939 ja k\u00f6ster Leo Altmann 1926\u20131932. Minu abiline Helgi Suluste leidis pildilt ka tuttavaid n\u00e4gusid. Kirikuraamatute v\u00f5i leerip\u00e4eva laululehe j\u00e4rgi saaks nimetada ka fotol olevad neiud.<\/p>\n<p>P\u00e4ris kindel k\u00fcll ei ole, kuid n\u00e4ib, et mitmed perekonnafotodki on tehtud leerip\u00e4eval.<\/p>\n<p><a href=\"https:\/\/blog.erm.ee\/wp-content\/uploads\/2016\/11\/363442_ERM_Fk_3001_228.jpg\"><img loading=\"lazy\" decoding=\"async\" data-attachment-id=\"8950\" data-permalink=\"https:\/\/blog.erm.ee\/?attachment_id=8950#main\" data-orig-file=\"https:\/\/blog.erm.ee\/wp-content\/uploads\/2016\/11\/363442_ERM_Fk_3001_228.jpg\" data-orig-size=\"1200,867\" data-comments-opened=\"1\" data-image-meta=\"{&quot;aperture&quot;:&quot;0&quot;,&quot;credit&quot;:&quot;&quot;,&quot;camera&quot;:&quot;&quot;,&quot;caption&quot;:&quot;&quot;,&quot;created_timestamp&quot;:&quot;0&quot;,&quot;copyright&quot;:&quot;&quot;,&quot;focal_length&quot;:&quot;0&quot;,&quot;iso&quot;:&quot;0&quot;,&quot;shutter_speed&quot;:&quot;0&quot;,&quot;title&quot;:&quot;&quot;,&quot;orientation&quot;:&quot;0&quot;}\" data-image-title=\"363442_erm_fk_3001_228\" data-image-description=\"\" data-image-caption=\"\" data-large-file=\"https:\/\/blog.erm.ee\/wp-content\/uploads\/2016\/11\/363442_ERM_Fk_3001_228-1024x740.jpg\" class=\"alignnone size-full wp-image-8950\" src=\"https:\/\/blog.erm.ee\/wp-content\/uploads\/2016\/11\/363442_ERM_Fk_3001_228.jpg\" alt=\"363442_erm_fk_3001_228\" width=\"1200\" height=\"867\" srcset=\"https:\/\/blog.erm.ee\/wp-content\/uploads\/2016\/11\/363442_ERM_Fk_3001_228.jpg 1200w, https:\/\/blog.erm.ee\/wp-content\/uploads\/2016\/11\/363442_ERM_Fk_3001_228-360x260.jpg 360w, https:\/\/blog.erm.ee\/wp-content\/uploads\/2016\/11\/363442_ERM_Fk_3001_228-300x217.jpg 300w, https:\/\/blog.erm.ee\/wp-content\/uploads\/2016\/11\/363442_ERM_Fk_3001_228-768x555.jpg 768w, https:\/\/blog.erm.ee\/wp-content\/uploads\/2016\/11\/363442_ERM_Fk_3001_228-1024x740.jpg 1024w\" sizes=\"auto, (max-width: 1200px) 100vw, 1200px\" \/><\/a><em>Perefoto leerip\u00e4eval. Foto: Oskar T\u00f5rva, 1930. aastad. ERM Fk 3001:228<\/em><\/p>\n<p>Foto keskele on paigutatud valges kleidis noor neiu ja pildile on j\u00e4\u00e4dvustatud kolm-neli p\u00f5lvkonda; perekond ja nende elukoht on teadmata, samuti s\u00fcndmuse aeg. K\u00fcll aga on tegemist Kodavere kihelkonna inimestega 1930. aastatel.<\/p>\n<p><a href=\"https:\/\/blog.erm.ee\/wp-content\/uploads\/2016\/11\/363447_ERM_Fk_3001_233.jpg\"><img loading=\"lazy\" decoding=\"async\" data-attachment-id=\"8951\" data-permalink=\"https:\/\/blog.erm.ee\/?attachment_id=8951#main\" data-orig-file=\"https:\/\/blog.erm.ee\/wp-content\/uploads\/2016\/11\/363447_ERM_Fk_3001_233.jpg\" data-orig-size=\"1200,870\" data-comments-opened=\"1\" data-image-meta=\"{&quot;aperture&quot;:&quot;0&quot;,&quot;credit&quot;:&quot;&quot;,&quot;camera&quot;:&quot;&quot;,&quot;caption&quot;:&quot;&quot;,&quot;created_timestamp&quot;:&quot;0&quot;,&quot;copyright&quot;:&quot;&quot;,&quot;focal_length&quot;:&quot;0&quot;,&quot;iso&quot;:&quot;0&quot;,&quot;shutter_speed&quot;:&quot;0&quot;,&quot;title&quot;:&quot;&quot;,&quot;orientation&quot;:&quot;0&quot;}\" data-image-title=\"363447_erm_fk_3001_233\" data-image-description=\"\" data-image-caption=\"\" data-large-file=\"https:\/\/blog.erm.ee\/wp-content\/uploads\/2016\/11\/363447_ERM_Fk_3001_233-1024x742.jpg\" class=\"alignnone size-full wp-image-8951\" src=\"https:\/\/blog.erm.ee\/wp-content\/uploads\/2016\/11\/363447_ERM_Fk_3001_233.jpg\" alt=\"363447_erm_fk_3001_233\" width=\"1200\" height=\"870\" srcset=\"https:\/\/blog.erm.ee\/wp-content\/uploads\/2016\/11\/363447_ERM_Fk_3001_233.jpg 1200w, https:\/\/blog.erm.ee\/wp-content\/uploads\/2016\/11\/363447_ERM_Fk_3001_233-359x260.jpg 359w, https:\/\/blog.erm.ee\/wp-content\/uploads\/2016\/11\/363447_ERM_Fk_3001_233-300x218.jpg 300w, https:\/\/blog.erm.ee\/wp-content\/uploads\/2016\/11\/363447_ERM_Fk_3001_233-768x557.jpg 768w, https:\/\/blog.erm.ee\/wp-content\/uploads\/2016\/11\/363447_ERM_Fk_3001_233-1024x742.jpg 1024w\" sizes=\"auto, (max-width: 1200px) 100vw, 1200px\" \/><\/a><em>Pala valla noormehed leerip\u00e4eval? Foto: Oskar T\u00f5rva, 1930. aastad. ERM Fk 3001:233<\/em><\/p>\n<p>Noormeeste grupifoto taluaias on pildistatud samuti arvatavasti nende leerip\u00e4eval. Noormehed on \u00fcheealised ning pidulikus r\u00f5ivastuses (\u00fchel koguni rosett rinnas), peole viitab ka l\u00f5\u00f5tspill ja napsipudel.<\/p>\n<p><a href=\"https:\/\/blog.erm.ee\/wp-content\/uploads\/2016\/11\/363455_ERM_Fk_3001_241.jpg\"><img loading=\"lazy\" decoding=\"async\" data-attachment-id=\"8953\" data-permalink=\"https:\/\/blog.erm.ee\/?attachment_id=8953#main\" data-orig-file=\"https:\/\/blog.erm.ee\/wp-content\/uploads\/2016\/11\/363455_ERM_Fk_3001_241.jpg\" data-orig-size=\"811,1200\" data-comments-opened=\"1\" data-image-meta=\"{&quot;aperture&quot;:&quot;0&quot;,&quot;credit&quot;:&quot;&quot;,&quot;camera&quot;:&quot;&quot;,&quot;caption&quot;:&quot;&quot;,&quot;created_timestamp&quot;:&quot;0&quot;,&quot;copyright&quot;:&quot;&quot;,&quot;focal_length&quot;:&quot;0&quot;,&quot;iso&quot;:&quot;0&quot;,&quot;shutter_speed&quot;:&quot;0&quot;,&quot;title&quot;:&quot;&quot;,&quot;orientation&quot;:&quot;0&quot;}\" data-image-title=\"363455_erm_fk_3001_241\" data-image-description=\"\" data-image-caption=\"\" data-large-file=\"https:\/\/blog.erm.ee\/wp-content\/uploads\/2016\/11\/363455_ERM_Fk_3001_241-692x1024.jpg\" class=\"alignnone size-full wp-image-8953\" src=\"https:\/\/blog.erm.ee\/wp-content\/uploads\/2016\/11\/363455_ERM_Fk_3001_241.jpg\" alt=\"363455_erm_fk_3001_241\" width=\"811\" height=\"1200\" srcset=\"https:\/\/blog.erm.ee\/wp-content\/uploads\/2016\/11\/363455_ERM_Fk_3001_241.jpg 811w, https:\/\/blog.erm.ee\/wp-content\/uploads\/2016\/11\/363455_ERM_Fk_3001_241-176x260.jpg 176w, https:\/\/blog.erm.ee\/wp-content\/uploads\/2016\/11\/363455_ERM_Fk_3001_241-203x300.jpg 203w, https:\/\/blog.erm.ee\/wp-content\/uploads\/2016\/11\/363455_ERM_Fk_3001_241-768x1136.jpg 768w, https:\/\/blog.erm.ee\/wp-content\/uploads\/2016\/11\/363455_ERM_Fk_3001_241-692x1024.jpg 692w\" sizes=\"auto, (max-width: 811px) 100vw, 811px\" \/><\/a><\/p>\n<table style=\"height: 14px;\" width=\"634\">\n<tbody>\n<tr>\n<td><\/td>\n<td><\/td>\n<\/tr>\n<\/tbody>\n<\/table>\n<p><em>Perepilt noormeeste leerip\u00e4eva(?) puhul. Foto: Oskar T\u00f5rva, 1930. aastad. ERM Fk 3001:241<\/em><\/p>\n<p>Ka see perepilt n\u00e4ikse olevat tehtud leerip\u00e4eva puhul, siingi on noormehed rosetiga.<\/p>\n<p><a href=\"https:\/\/blog.erm.ee\/wp-content\/uploads\/2016\/11\/363228_ERM_Fk_3001_14.jpg\"><img loading=\"lazy\" decoding=\"async\" data-attachment-id=\"8954\" data-permalink=\"https:\/\/blog.erm.ee\/?attachment_id=8954#main\" data-orig-file=\"https:\/\/blog.erm.ee\/wp-content\/uploads\/2016\/11\/363228_ERM_Fk_3001_14.jpg\" data-orig-size=\"1200,807\" data-comments-opened=\"1\" data-image-meta=\"{&quot;aperture&quot;:&quot;0&quot;,&quot;credit&quot;:&quot;&quot;,&quot;camera&quot;:&quot;&quot;,&quot;caption&quot;:&quot;&quot;,&quot;created_timestamp&quot;:&quot;0&quot;,&quot;copyright&quot;:&quot;&quot;,&quot;focal_length&quot;:&quot;0&quot;,&quot;iso&quot;:&quot;0&quot;,&quot;shutter_speed&quot;:&quot;0&quot;,&quot;title&quot;:&quot;&quot;,&quot;orientation&quot;:&quot;0&quot;}\" data-image-title=\"363228_erm_fk_3001_14\" data-image-description=\"\" data-image-caption=\"\" data-large-file=\"https:\/\/blog.erm.ee\/wp-content\/uploads\/2016\/11\/363228_ERM_Fk_3001_14-1024x689.jpg\" class=\"alignnone size-full wp-image-8954\" src=\"https:\/\/blog.erm.ee\/wp-content\/uploads\/2016\/11\/363228_ERM_Fk_3001_14.jpg\" alt=\"363228_erm_fk_3001_14\" width=\"1200\" height=\"807\" srcset=\"https:\/\/blog.erm.ee\/wp-content\/uploads\/2016\/11\/363228_ERM_Fk_3001_14.jpg 1200w, https:\/\/blog.erm.ee\/wp-content\/uploads\/2016\/11\/363228_ERM_Fk_3001_14-387x260.jpg 387w, https:\/\/blog.erm.ee\/wp-content\/uploads\/2016\/11\/363228_ERM_Fk_3001_14-300x202.jpg 300w, https:\/\/blog.erm.ee\/wp-content\/uploads\/2016\/11\/363228_ERM_Fk_3001_14-768x516.jpg 768w, https:\/\/blog.erm.ee\/wp-content\/uploads\/2016\/11\/363228_ERM_Fk_3001_14-1024x689.jpg 1024w\" sizes=\"auto, (max-width: 1200px) 100vw, 1200px\" \/><\/a><em>Talupere lastega Kodavere kihelkonnast. Foto: Oskar T\u00f5rva, 1930. aastad. ERM Fk 3001:14<\/em><\/p>\n<p>Oletatavalt talupere kolm p\u00f5lve: ema-isa oma kolme lapse ja laste vanaemaga. Pildistatud on taluaias ja mitte igap\u00e4evases r\u00f5ivastuses, pigem on fotograafi tulekuks end p\u00fchap\u00e4evaselt riidesse pandud. Muide, Oskar T\u00f5rva portree- ja perefotode puhul on see tavaline, et pildistatud on \u00f5ues, aga kas see viitab ka sellele, et tal ateljeepind puudus?<\/p>\n<p><a href=\"https:\/\/blog.erm.ee\/wp-content\/uploads\/2016\/11\/363232_ERM_Fk_3001_18.jpg\"><img loading=\"lazy\" decoding=\"async\" data-attachment-id=\"8955\" data-permalink=\"https:\/\/blog.erm.ee\/?attachment_id=8955#main\" data-orig-file=\"https:\/\/blog.erm.ee\/wp-content\/uploads\/2016\/11\/363232_ERM_Fk_3001_18.jpg\" data-orig-size=\"804,1200\" data-comments-opened=\"1\" data-image-meta=\"{&quot;aperture&quot;:&quot;0&quot;,&quot;credit&quot;:&quot;&quot;,&quot;camera&quot;:&quot;&quot;,&quot;caption&quot;:&quot;&quot;,&quot;created_timestamp&quot;:&quot;0&quot;,&quot;copyright&quot;:&quot;&quot;,&quot;focal_length&quot;:&quot;0&quot;,&quot;iso&quot;:&quot;0&quot;,&quot;shutter_speed&quot;:&quot;0&quot;,&quot;title&quot;:&quot;&quot;,&quot;orientation&quot;:&quot;0&quot;}\" data-image-title=\"363232_erm_fk_3001_18\" data-image-description=\"\" data-image-caption=\"\" data-large-file=\"https:\/\/blog.erm.ee\/wp-content\/uploads\/2016\/11\/363232_ERM_Fk_3001_18-686x1024.jpg\" class=\"alignnone size-full wp-image-8955\" src=\"https:\/\/blog.erm.ee\/wp-content\/uploads\/2016\/11\/363232_ERM_Fk_3001_18.jpg\" alt=\"363232_erm_fk_3001_18\" width=\"804\" height=\"1200\" srcset=\"https:\/\/blog.erm.ee\/wp-content\/uploads\/2016\/11\/363232_ERM_Fk_3001_18.jpg 804w, https:\/\/blog.erm.ee\/wp-content\/uploads\/2016\/11\/363232_ERM_Fk_3001_18-174x260.jpg 174w, https:\/\/blog.erm.ee\/wp-content\/uploads\/2016\/11\/363232_ERM_Fk_3001_18-201x300.jpg 201w, https:\/\/blog.erm.ee\/wp-content\/uploads\/2016\/11\/363232_ERM_Fk_3001_18-768x1146.jpg 768w, https:\/\/blog.erm.ee\/wp-content\/uploads\/2016\/11\/363232_ERM_Fk_3001_18-686x1024.jpg 686w\" sizes=\"auto, (max-width: 804px) 100vw, 804px\" \/><\/a><em>Mehe ja naise portree. Foto: Oskar T\u00f5rva, 1930. aastad. ERM Fk 3001:18<\/em><\/p>\n<p>Pildi allkirjaks v\u00f5iks olla ka mees ja naine pidulikus r\u00f5ivastuses. V\u00f5imalik, et tegemist on pulmafotoga, millele vihjavad maja seinale n\u00f5jatuvad kased.<\/p>\n<p><a href=\"https:\/\/blog.erm.ee\/wp-content\/uploads\/2016\/11\/363374_ERM_Fk_3001_160.jpg\"><img loading=\"lazy\" decoding=\"async\" data-attachment-id=\"8956\" data-permalink=\"https:\/\/blog.erm.ee\/?attachment_id=8956#main\" data-orig-file=\"https:\/\/blog.erm.ee\/wp-content\/uploads\/2016\/11\/363374_ERM_Fk_3001_160.jpg\" data-orig-size=\"798,1200\" data-comments-opened=\"1\" data-image-meta=\"{&quot;aperture&quot;:&quot;0&quot;,&quot;credit&quot;:&quot;&quot;,&quot;camera&quot;:&quot;&quot;,&quot;caption&quot;:&quot;&quot;,&quot;created_timestamp&quot;:&quot;0&quot;,&quot;copyright&quot;:&quot;&quot;,&quot;focal_length&quot;:&quot;0&quot;,&quot;iso&quot;:&quot;0&quot;,&quot;shutter_speed&quot;:&quot;0&quot;,&quot;title&quot;:&quot;&quot;,&quot;orientation&quot;:&quot;0&quot;}\" data-image-title=\"363374_erm_fk_3001_160\" data-image-description=\"\" data-image-caption=\"\" data-large-file=\"https:\/\/blog.erm.ee\/wp-content\/uploads\/2016\/11\/363374_ERM_Fk_3001_160-681x1024.jpg\" class=\"alignnone size-full wp-image-8956\" src=\"https:\/\/blog.erm.ee\/wp-content\/uploads\/2016\/11\/363374_ERM_Fk_3001_160.jpg\" alt=\"363374_erm_fk_3001_160\" width=\"798\" height=\"1200\" srcset=\"https:\/\/blog.erm.ee\/wp-content\/uploads\/2016\/11\/363374_ERM_Fk_3001_160.jpg 798w, https:\/\/blog.erm.ee\/wp-content\/uploads\/2016\/11\/363374_ERM_Fk_3001_160-173x260.jpg 173w, https:\/\/blog.erm.ee\/wp-content\/uploads\/2016\/11\/363374_ERM_Fk_3001_160-200x300.jpg 200w, https:\/\/blog.erm.ee\/wp-content\/uploads\/2016\/11\/363374_ERM_Fk_3001_160-768x1155.jpg 768w, https:\/\/blog.erm.ee\/wp-content\/uploads\/2016\/11\/363374_ERM_Fk_3001_160-681x1024.jpg 681w\" sizes=\"auto, (max-width: 798px) 100vw, 798px\" \/><\/a><em>Kaks last lihav\u00f5ttep\u00fchadel. Foto: Oskar T\u00f5rva, 1930. aastad. ERM Fk 3001:160<\/em><\/p>\n<p>T\u00f5en\u00e4oliselt on lapsi pildistatud nende kodus ja nn ateljeefotot on ilmestatud lihav\u00f5ttep\u00fchadele iseloomuliku atribuutikaga: munad, pajuoksad, lihav\u00f5ttej\u00e4nes. Lisaks r\u00f5ivastusele saab infot ka toonasest kodusisustusest (tapeet, laudlina, seinavaip, voodikatmine).<\/p>\n<p><a href=\"https:\/\/blog.erm.ee\/wp-content\/uploads\/2016\/11\/363294_ERM_Fk_3001_80.jpg\"><img loading=\"lazy\" decoding=\"async\" data-attachment-id=\"8957\" data-permalink=\"https:\/\/blog.erm.ee\/?attachment_id=8957#main\" data-orig-file=\"https:\/\/blog.erm.ee\/wp-content\/uploads\/2016\/11\/363294_ERM_Fk_3001_80.jpg\" data-orig-size=\"801,1200\" data-comments-opened=\"1\" data-image-meta=\"{&quot;aperture&quot;:&quot;0&quot;,&quot;credit&quot;:&quot;&quot;,&quot;camera&quot;:&quot;&quot;,&quot;caption&quot;:&quot;&quot;,&quot;created_timestamp&quot;:&quot;0&quot;,&quot;copyright&quot;:&quot;&quot;,&quot;focal_length&quot;:&quot;0&quot;,&quot;iso&quot;:&quot;0&quot;,&quot;shutter_speed&quot;:&quot;0&quot;,&quot;title&quot;:&quot;&quot;,&quot;orientation&quot;:&quot;0&quot;}\" data-image-title=\"363294_erm_fk_3001_80\" data-image-description=\"\" data-image-caption=\"\" data-large-file=\"https:\/\/blog.erm.ee\/wp-content\/uploads\/2016\/11\/363294_ERM_Fk_3001_80-684x1024.jpg\" class=\"alignnone size-full wp-image-8957\" src=\"https:\/\/blog.erm.ee\/wp-content\/uploads\/2016\/11\/363294_ERM_Fk_3001_80.jpg\" alt=\"363294_erm_fk_3001_80\" width=\"801\" height=\"1200\" srcset=\"https:\/\/blog.erm.ee\/wp-content\/uploads\/2016\/11\/363294_ERM_Fk_3001_80.jpg 801w, https:\/\/blog.erm.ee\/wp-content\/uploads\/2016\/11\/363294_ERM_Fk_3001_80-174x260.jpg 174w, https:\/\/blog.erm.ee\/wp-content\/uploads\/2016\/11\/363294_ERM_Fk_3001_80-200x300.jpg 200w, https:\/\/blog.erm.ee\/wp-content\/uploads\/2016\/11\/363294_ERM_Fk_3001_80-768x1151.jpg 768w, https:\/\/blog.erm.ee\/wp-content\/uploads\/2016\/11\/363294_ERM_Fk_3001_80-684x1024.jpg 684w\" sizes=\"auto, (max-width: 801px) 100vw, 801px\" \/><\/a><em>Isa t\u00fctrega j\u00f5ulukuuse all. Foto: Oskar T\u00f5rva, 1930. aastad. ERM Fk 3001:80<\/em><\/p>\n<p>Siingi on kuusk ilmselge vihje, aga p\u00f5nevad detailid on kuuseehted ja t\u00fcdruku k\u00e4es olev m\u00e4nguasi.<\/p>\n<p><a href=\"https:\/\/blog.erm.ee\/wp-content\/uploads\/2016\/11\/363379_ERM_Fk_3001_165.jpg\"><img loading=\"lazy\" decoding=\"async\" data-attachment-id=\"8958\" data-permalink=\"https:\/\/blog.erm.ee\/?attachment_id=8958#main\" data-orig-file=\"https:\/\/blog.erm.ee\/wp-content\/uploads\/2016\/11\/363379_ERM_Fk_3001_165.jpg\" data-orig-size=\"1200,901\" data-comments-opened=\"1\" data-image-meta=\"{&quot;aperture&quot;:&quot;0&quot;,&quot;credit&quot;:&quot;&quot;,&quot;camera&quot;:&quot;&quot;,&quot;caption&quot;:&quot;&quot;,&quot;created_timestamp&quot;:&quot;0&quot;,&quot;copyright&quot;:&quot;&quot;,&quot;focal_length&quot;:&quot;0&quot;,&quot;iso&quot;:&quot;0&quot;,&quot;shutter_speed&quot;:&quot;0&quot;,&quot;title&quot;:&quot;&quot;,&quot;orientation&quot;:&quot;0&quot;}\" data-image-title=\"363379_erm_fk_3001_165\" data-image-description=\"\" data-image-caption=\"\" data-large-file=\"https:\/\/blog.erm.ee\/wp-content\/uploads\/2016\/11\/363379_ERM_Fk_3001_165-1024x769.jpg\" class=\"alignnone size-full wp-image-8958\" src=\"https:\/\/blog.erm.ee\/wp-content\/uploads\/2016\/11\/363379_ERM_Fk_3001_165.jpg\" alt=\"363379_erm_fk_3001_165\" width=\"1200\" height=\"901\" srcset=\"https:\/\/blog.erm.ee\/wp-content\/uploads\/2016\/11\/363379_ERM_Fk_3001_165.jpg 1200w, https:\/\/blog.erm.ee\/wp-content\/uploads\/2016\/11\/363379_ERM_Fk_3001_165-346x260.jpg 346w, https:\/\/blog.erm.ee\/wp-content\/uploads\/2016\/11\/363379_ERM_Fk_3001_165-300x225.jpg 300w, https:\/\/blog.erm.ee\/wp-content\/uploads\/2016\/11\/363379_ERM_Fk_3001_165-768x577.jpg 768w, https:\/\/blog.erm.ee\/wp-content\/uploads\/2016\/11\/363379_ERM_Fk_3001_165-1024x769.jpg 1024w\" sizes=\"auto, (max-width: 1200px) 100vw, 1200px\" \/><\/a><em>Kaks portreefotot: lapsed t\u00e4iskasvanutega ja lapsed omavahel. Foto: Oskar T\u00f5rva, 1930. aastad. ERM Fk 3001:165<\/em><\/p>\n<p>T\u00f5rva portreefotode puhul on p\u00e4ris tavaline, et \u00fchele platele on tehtud kaks v\u00f5tet, n\u00e4iteks kaug- ja l\u00e4hivaade v\u00f5i perepilt ja pere lapsed. Huvitava detailina leiame sellelt pildilt toataimepoti kaunistamisviisi.<\/p>\n<p><a href=\"https:\/\/blog.erm.ee\/wp-content\/uploads\/2016\/11\/363230_ERM_Fk_3001_16.jpg\"><img loading=\"lazy\" decoding=\"async\" data-attachment-id=\"8959\" data-permalink=\"https:\/\/blog.erm.ee\/?attachment_id=8959#main\" data-orig-file=\"https:\/\/blog.erm.ee\/wp-content\/uploads\/2016\/11\/363230_ERM_Fk_3001_16.jpg\" data-orig-size=\"1200,797\" data-comments-opened=\"1\" data-image-meta=\"{&quot;aperture&quot;:&quot;0&quot;,&quot;credit&quot;:&quot;&quot;,&quot;camera&quot;:&quot;&quot;,&quot;caption&quot;:&quot;&quot;,&quot;created_timestamp&quot;:&quot;0&quot;,&quot;copyright&quot;:&quot;&quot;,&quot;focal_length&quot;:&quot;0&quot;,&quot;iso&quot;:&quot;0&quot;,&quot;shutter_speed&quot;:&quot;0&quot;,&quot;title&quot;:&quot;&quot;,&quot;orientation&quot;:&quot;0&quot;}\" data-image-title=\"363230_erm_fk_3001_16\" data-image-description=\"\" data-image-caption=\"\" data-large-file=\"https:\/\/blog.erm.ee\/wp-content\/uploads\/2016\/11\/363230_ERM_Fk_3001_16-1024x680.jpg\" class=\"alignnone size-full wp-image-8959\" src=\"https:\/\/blog.erm.ee\/wp-content\/uploads\/2016\/11\/363230_ERM_Fk_3001_16.jpg\" alt=\"363230_erm_fk_3001_16\" width=\"1200\" height=\"797\" srcset=\"https:\/\/blog.erm.ee\/wp-content\/uploads\/2016\/11\/363230_ERM_Fk_3001_16.jpg 1200w, https:\/\/blog.erm.ee\/wp-content\/uploads\/2016\/11\/363230_ERM_Fk_3001_16-391x260.jpg 391w, https:\/\/blog.erm.ee\/wp-content\/uploads\/2016\/11\/363230_ERM_Fk_3001_16-300x199.jpg 300w, https:\/\/blog.erm.ee\/wp-content\/uploads\/2016\/11\/363230_ERM_Fk_3001_16-768x510.jpg 768w, https:\/\/blog.erm.ee\/wp-content\/uploads\/2016\/11\/363230_ERM_Fk_3001_16-1024x680.jpg 1024w\" sizes=\"auto, (max-width: 1200px) 100vw, 1200px\" \/><\/a><em>Talu\u00f5u pererahva ja hobuvankritega. Foto: Oskar T\u00f5rva, 1930. aastad. ERM Fk 3001:16<\/em><\/p>\n<p>See foto annab fantaasiale p\u00e4ris palju ruumi. Vankritel olevate kohvrite j\u00e4rgi v\u00f5iks arvata, et pilt on j\u00e4\u00e4dvustatud p\u00e4rast kolimist. Mingile pidulikumale s\u00fcndmusele vihjavad ka kaskedega ehitud rehealuse uksed ja paistab, et toapoolne sein on samuti puudega ehitud. \u00dcks noormees valab pudelist m\u00e4rjukest.<\/p>\n<p><a href=\"https:\/\/blog.erm.ee\/wp-content\/uploads\/2016\/11\/363408_ERM_Fk_3001_194.jpg\"><img loading=\"lazy\" decoding=\"async\" data-attachment-id=\"8960\" data-permalink=\"https:\/\/blog.erm.ee\/?attachment_id=8960#main\" data-orig-file=\"https:\/\/blog.erm.ee\/wp-content\/uploads\/2016\/11\/363408_ERM_Fk_3001_194.jpg\" data-orig-size=\"1200,799\" data-comments-opened=\"1\" data-image-meta=\"{&quot;aperture&quot;:&quot;0&quot;,&quot;credit&quot;:&quot;&quot;,&quot;camera&quot;:&quot;&quot;,&quot;caption&quot;:&quot;&quot;,&quot;created_timestamp&quot;:&quot;0&quot;,&quot;copyright&quot;:&quot;&quot;,&quot;focal_length&quot;:&quot;0&quot;,&quot;iso&quot;:&quot;0&quot;,&quot;shutter_speed&quot;:&quot;0&quot;,&quot;title&quot;:&quot;&quot;,&quot;orientation&quot;:&quot;0&quot;}\" data-image-title=\"363408_erm_fk_3001_194\" data-image-description=\"\" data-image-caption=\"\" data-large-file=\"https:\/\/blog.erm.ee\/wp-content\/uploads\/2016\/11\/363408_ERM_Fk_3001_194-1024x682.jpg\" class=\"alignnone size-full wp-image-8960\" src=\"https:\/\/blog.erm.ee\/wp-content\/uploads\/2016\/11\/363408_ERM_Fk_3001_194.jpg\" alt=\"363408_erm_fk_3001_194\" width=\"1200\" height=\"799\" srcset=\"https:\/\/blog.erm.ee\/wp-content\/uploads\/2016\/11\/363408_ERM_Fk_3001_194.jpg 1200w, https:\/\/blog.erm.ee\/wp-content\/uploads\/2016\/11\/363408_ERM_Fk_3001_194-390x260.jpg 390w, https:\/\/blog.erm.ee\/wp-content\/uploads\/2016\/11\/363408_ERM_Fk_3001_194-300x200.jpg 300w, https:\/\/blog.erm.ee\/wp-content\/uploads\/2016\/11\/363408_ERM_Fk_3001_194-768x511.jpg 768w, https:\/\/blog.erm.ee\/wp-content\/uploads\/2016\/11\/363408_ERM_Fk_3001_194-1024x682.jpg 1024w\" sizes=\"auto, (max-width: 1200px) 100vw, 1200px\" \/><\/a><em>Talupere aias. Foto: Oskar T\u00f5rva, 1930. aastad. ERM Fk 3001:194<\/em><\/p>\n<p>See perepilt on tehtud koos taluga, nii et ka taluaed \u00f5unapuudega on j\u00e4\u00e4dvustatud. M\u00e4rkamata ei j\u00e4\u00e4 ka lippaed, mis eraldab \u00f5unapuuaeda \u00f5uealast. Talu (v\u00f5i koolitalu?) n\u00e4ib olevat heal j\u00e4rjel.<\/p>\n<p><a href=\"https:\/\/blog.erm.ee\/wp-content\/uploads\/2016\/11\/363363_ERM_Fk_3001_149.jpg\"><img loading=\"lazy\" decoding=\"async\" data-attachment-id=\"8961\" data-permalink=\"https:\/\/blog.erm.ee\/?attachment_id=8961#main\" data-orig-file=\"https:\/\/blog.erm.ee\/wp-content\/uploads\/2016\/11\/363363_ERM_Fk_3001_149.jpg\" data-orig-size=\"1200,806\" data-comments-opened=\"1\" data-image-meta=\"{&quot;aperture&quot;:&quot;0&quot;,&quot;credit&quot;:&quot;&quot;,&quot;camera&quot;:&quot;&quot;,&quot;caption&quot;:&quot;&quot;,&quot;created_timestamp&quot;:&quot;0&quot;,&quot;copyright&quot;:&quot;&quot;,&quot;focal_length&quot;:&quot;0&quot;,&quot;iso&quot;:&quot;0&quot;,&quot;shutter_speed&quot;:&quot;0&quot;,&quot;title&quot;:&quot;&quot;,&quot;orientation&quot;:&quot;0&quot;}\" data-image-title=\"363363_erm_fk_3001_149\" data-image-description=\"\" data-image-caption=\"\" data-large-file=\"https:\/\/blog.erm.ee\/wp-content\/uploads\/2016\/11\/363363_ERM_Fk_3001_149-1024x688.jpg\" class=\"alignnone size-full wp-image-8961\" src=\"https:\/\/blog.erm.ee\/wp-content\/uploads\/2016\/11\/363363_ERM_Fk_3001_149.jpg\" alt=\"363363_erm_fk_3001_149\" width=\"1200\" height=\"806\" srcset=\"https:\/\/blog.erm.ee\/wp-content\/uploads\/2016\/11\/363363_ERM_Fk_3001_149.jpg 1200w, https:\/\/blog.erm.ee\/wp-content\/uploads\/2016\/11\/363363_ERM_Fk_3001_149-387x260.jpg 387w, https:\/\/blog.erm.ee\/wp-content\/uploads\/2016\/11\/363363_ERM_Fk_3001_149-300x202.jpg 300w, https:\/\/blog.erm.ee\/wp-content\/uploads\/2016\/11\/363363_ERM_Fk_3001_149-768x516.jpg 768w, https:\/\/blog.erm.ee\/wp-content\/uploads\/2016\/11\/363363_ERM_Fk_3001_149-1024x688.jpg 1024w\" sizes=\"auto, (max-width: 1200px) 100vw, 1200px\" \/><\/a><em>Matuserong hobustega. Foto: Oskar T\u00f5rva, 1930. aastad. ERM Fk 3001:149<\/em><\/p>\n<p>V\u00f5imalik, et j\u00e4\u00e4dvustatud on hetke enne talu\u00f5uest teeleasumist v\u00f5i siis juba kalmistu juures. Matustele vihjab vankris n\u00e4htav kirst.<\/p>\n<p><a href=\"https:\/\/blog.erm.ee\/wp-content\/uploads\/2016\/11\/363369_ERM_Fk_3001_155.jpg\"><img loading=\"lazy\" decoding=\"async\" data-attachment-id=\"8962\" data-permalink=\"https:\/\/blog.erm.ee\/?attachment_id=8962#main\" data-orig-file=\"https:\/\/blog.erm.ee\/wp-content\/uploads\/2016\/11\/363369_ERM_Fk_3001_155.jpg\" data-orig-size=\"1200,813\" data-comments-opened=\"1\" data-image-meta=\"{&quot;aperture&quot;:&quot;0&quot;,&quot;credit&quot;:&quot;&quot;,&quot;camera&quot;:&quot;&quot;,&quot;caption&quot;:&quot;&quot;,&quot;created_timestamp&quot;:&quot;0&quot;,&quot;copyright&quot;:&quot;&quot;,&quot;focal_length&quot;:&quot;0&quot;,&quot;iso&quot;:&quot;0&quot;,&quot;shutter_speed&quot;:&quot;0&quot;,&quot;title&quot;:&quot;&quot;,&quot;orientation&quot;:&quot;0&quot;}\" data-image-title=\"363369_erm_fk_3001_155\" data-image-description=\"\" data-image-caption=\"\" data-large-file=\"https:\/\/blog.erm.ee\/wp-content\/uploads\/2016\/11\/363369_ERM_Fk_3001_155-1024x694.jpg\" class=\"alignnone size-full wp-image-8962\" src=\"https:\/\/blog.erm.ee\/wp-content\/uploads\/2016\/11\/363369_ERM_Fk_3001_155.jpg\" alt=\"363369_erm_fk_3001_155\" width=\"1200\" height=\"813\" srcset=\"https:\/\/blog.erm.ee\/wp-content\/uploads\/2016\/11\/363369_ERM_Fk_3001_155.jpg 1200w, https:\/\/blog.erm.ee\/wp-content\/uploads\/2016\/11\/363369_ERM_Fk_3001_155-384x260.jpg 384w, https:\/\/blog.erm.ee\/wp-content\/uploads\/2016\/11\/363369_ERM_Fk_3001_155-300x203.jpg 300w, https:\/\/blog.erm.ee\/wp-content\/uploads\/2016\/11\/363369_ERM_Fk_3001_155-768x520.jpg 768w, https:\/\/blog.erm.ee\/wp-content\/uploads\/2016\/11\/363369_ERM_Fk_3001_155-1024x694.jpg 1024w\" sizes=\"auto, (max-width: 1200px) 100vw, 1200px\" \/><\/a><em>Leinavad vanemad v\u00e4ikelapse kirstu juures. Kodavere kihelkond. Foto: Oskar T\u00f5rva, 1930. aastad. ERM Fk 3001:155<\/em><\/p>\n<p>Foto jutustab matusekombestikust. Lahkunu teelesaatmine kodust, taluuks kaunistatud kuuskedega.<\/p>\n<p><a href=\"https:\/\/blog.erm.ee\/wp-content\/uploads\/2016\/11\/363372_ERM_Fk_3001_158.jpg\"><img loading=\"lazy\" decoding=\"async\" data-attachment-id=\"8963\" data-permalink=\"https:\/\/blog.erm.ee\/?attachment_id=8963#main\" data-orig-file=\"https:\/\/blog.erm.ee\/wp-content\/uploads\/2016\/11\/363372_ERM_Fk_3001_158.jpg\" data-orig-size=\"1200,899\" data-comments-opened=\"1\" data-image-meta=\"{&quot;aperture&quot;:&quot;0&quot;,&quot;credit&quot;:&quot;&quot;,&quot;camera&quot;:&quot;&quot;,&quot;caption&quot;:&quot;&quot;,&quot;created_timestamp&quot;:&quot;0&quot;,&quot;copyright&quot;:&quot;&quot;,&quot;focal_length&quot;:&quot;0&quot;,&quot;iso&quot;:&quot;0&quot;,&quot;shutter_speed&quot;:&quot;0&quot;,&quot;title&quot;:&quot;&quot;,&quot;orientation&quot;:&quot;0&quot;}\" data-image-title=\"363372_erm_fk_3001_158\" data-image-description=\"\" data-image-caption=\"\" data-large-file=\"https:\/\/blog.erm.ee\/wp-content\/uploads\/2016\/11\/363372_ERM_Fk_3001_158-1024x767.jpg\" class=\"alignnone size-full wp-image-8963\" src=\"https:\/\/blog.erm.ee\/wp-content\/uploads\/2016\/11\/363372_ERM_Fk_3001_158.jpg\" alt=\"363372_erm_fk_3001_158\" width=\"1200\" height=\"899\" srcset=\"https:\/\/blog.erm.ee\/wp-content\/uploads\/2016\/11\/363372_ERM_Fk_3001_158.jpg 1200w, https:\/\/blog.erm.ee\/wp-content\/uploads\/2016\/11\/363372_ERM_Fk_3001_158-347x260.jpg 347w, https:\/\/blog.erm.ee\/wp-content\/uploads\/2016\/11\/363372_ERM_Fk_3001_158-300x225.jpg 300w, https:\/\/blog.erm.ee\/wp-content\/uploads\/2016\/11\/363372_ERM_Fk_3001_158-768x575.jpg 768w, https:\/\/blog.erm.ee\/wp-content\/uploads\/2016\/11\/363372_ERM_Fk_3001_158-1024x767.jpg 1024w\" sizes=\"auto, (max-width: 1200px) 100vw, 1200px\" \/><\/a><em>Hobuse pesemine vesiveski juures. Foto: Oskar T\u00f5rva, 1930. aastad. ERM Fk 3001:158<\/em><\/p>\n<p>Pildilt leiame kolm noorikut tolleaegses supelusriietuses ning kaldal olev hoone viitab vesiveskile. T\u00e4pne pildistamiskoht on k\u00fcll hetkel teadmata, aga kui palju Kodavere kihelkonnas ikka vesiveskeid oli?<\/p>\n<p><a href=\"https:\/\/blog.erm.ee\/wp-content\/uploads\/2016\/11\/363266_ERM_Fk_3001_52.jpg\"><img loading=\"lazy\" decoding=\"async\" data-attachment-id=\"8964\" data-permalink=\"https:\/\/blog.erm.ee\/?attachment_id=8964#main\" data-orig-file=\"https:\/\/blog.erm.ee\/wp-content\/uploads\/2016\/11\/363266_ERM_Fk_3001_52.jpg\" data-orig-size=\"1200,903\" data-comments-opened=\"1\" data-image-meta=\"{&quot;aperture&quot;:&quot;0&quot;,&quot;credit&quot;:&quot;&quot;,&quot;camera&quot;:&quot;&quot;,&quot;caption&quot;:&quot;&quot;,&quot;created_timestamp&quot;:&quot;0&quot;,&quot;copyright&quot;:&quot;&quot;,&quot;focal_length&quot;:&quot;0&quot;,&quot;iso&quot;:&quot;0&quot;,&quot;shutter_speed&quot;:&quot;0&quot;,&quot;title&quot;:&quot;&quot;,&quot;orientation&quot;:&quot;0&quot;}\" data-image-title=\"363266_erm_fk_3001_52\" data-image-description=\"\" data-image-caption=\"\" data-large-file=\"https:\/\/blog.erm.ee\/wp-content\/uploads\/2016\/11\/363266_ERM_Fk_3001_52-1024x771.jpg\" class=\"alignnone size-full wp-image-8964\" src=\"https:\/\/blog.erm.ee\/wp-content\/uploads\/2016\/11\/363266_ERM_Fk_3001_52.jpg\" alt=\"363266_erm_fk_3001_52\" width=\"1200\" height=\"903\" srcset=\"https:\/\/blog.erm.ee\/wp-content\/uploads\/2016\/11\/363266_ERM_Fk_3001_52.jpg 1200w, https:\/\/blog.erm.ee\/wp-content\/uploads\/2016\/11\/363266_ERM_Fk_3001_52-346x260.jpg 346w, https:\/\/blog.erm.ee\/wp-content\/uploads\/2016\/11\/363266_ERM_Fk_3001_52-300x226.jpg 300w, https:\/\/blog.erm.ee\/wp-content\/uploads\/2016\/11\/363266_ERM_Fk_3001_52-768x578.jpg 768w, https:\/\/blog.erm.ee\/wp-content\/uploads\/2016\/11\/363266_ERM_Fk_3001_52-1024x771.jpg 1024w\" sizes=\"auto, (max-width: 1200px) 100vw, 1200px\" \/><\/a><em>K\u00e4\u00e4pa sild. Foto: Oskar T\u00f5rva, 1941. ERM Fk 3001:52<\/em><\/p>\n<p>Blogi avaldamise ajal oli t\u00e4pne asukoht teadmata, kuid t\u00e4helepaneliku blogilugeja abil saadud t\u00e4iendavaks legendiks<em>: <\/em>1941. aasta aprillis K\u00e4\u00e4pa silla juures istuvad vasakul Agu Selge komsorg, paremal Rudolf Paju Pala, Saare ja Voore koolide vanempioneerijuht<\/p>\n<p><a href=\"https:\/\/blog.erm.ee\/wp-content\/uploads\/2016\/11\/363388_ERM_Fk_3001_174.jpg\"><img loading=\"lazy\" decoding=\"async\" data-attachment-id=\"8965\" data-permalink=\"https:\/\/blog.erm.ee\/?attachment_id=8965#main\" data-orig-file=\"https:\/\/blog.erm.ee\/wp-content\/uploads\/2016\/11\/363388_ERM_Fk_3001_174.jpg\" data-orig-size=\"1200,810\" data-comments-opened=\"1\" data-image-meta=\"{&quot;aperture&quot;:&quot;0&quot;,&quot;credit&quot;:&quot;&quot;,&quot;camera&quot;:&quot;&quot;,&quot;caption&quot;:&quot;&quot;,&quot;created_timestamp&quot;:&quot;0&quot;,&quot;copyright&quot;:&quot;&quot;,&quot;focal_length&quot;:&quot;0&quot;,&quot;iso&quot;:&quot;0&quot;,&quot;shutter_speed&quot;:&quot;0&quot;,&quot;title&quot;:&quot;&quot;,&quot;orientation&quot;:&quot;0&quot;}\" data-image-title=\"363388_erm_fk_3001_174\" data-image-description=\"\" data-image-caption=\"\" data-large-file=\"https:\/\/blog.erm.ee\/wp-content\/uploads\/2016\/11\/363388_ERM_Fk_3001_174-1024x691.jpg\" class=\"alignnone size-full wp-image-8965\" src=\"https:\/\/blog.erm.ee\/wp-content\/uploads\/2016\/11\/363388_ERM_Fk_3001_174.jpg\" alt=\"363388_erm_fk_3001_174\" width=\"1200\" height=\"810\" srcset=\"https:\/\/blog.erm.ee\/wp-content\/uploads\/2016\/11\/363388_ERM_Fk_3001_174.jpg 1200w, https:\/\/blog.erm.ee\/wp-content\/uploads\/2016\/11\/363388_ERM_Fk_3001_174-385x260.jpg 385w, https:\/\/blog.erm.ee\/wp-content\/uploads\/2016\/11\/363388_ERM_Fk_3001_174-300x203.jpg 300w, https:\/\/blog.erm.ee\/wp-content\/uploads\/2016\/11\/363388_ERM_Fk_3001_174-768x518.jpg 768w, https:\/\/blog.erm.ee\/wp-content\/uploads\/2016\/11\/363388_ERM_Fk_3001_174-1024x691.jpg 1024w\" sizes=\"auto, (max-width: 1200px) 100vw, 1200px\" \/><\/a><em>Metsatalgud Pala vallas. Foto: Oskar T\u00f5rva, 1930. aastad. ERM Fk 3001:174<\/em><\/p>\n<p>T\u00f5en\u00e4oliselt on tegemist k\u00fclvit\u00f6\u00f6dega raielangil. Suur seltskond ning valge p\u00f5llega perenaised on ilmselge vihje talgutele.<\/p>\n<p><a href=\"https:\/\/blog.erm.ee\/wp-content\/uploads\/2016\/11\/363394_ERM_Fk_3001_180.jpg\"><img loading=\"lazy\" decoding=\"async\" data-attachment-id=\"8966\" data-permalink=\"https:\/\/blog.erm.ee\/?attachment_id=8966#main\" data-orig-file=\"https:\/\/blog.erm.ee\/wp-content\/uploads\/2016\/11\/363394_ERM_Fk_3001_180.jpg\" data-orig-size=\"1200,803\" data-comments-opened=\"1\" data-image-meta=\"{&quot;aperture&quot;:&quot;0&quot;,&quot;credit&quot;:&quot;&quot;,&quot;camera&quot;:&quot;&quot;,&quot;caption&quot;:&quot;&quot;,&quot;created_timestamp&quot;:&quot;0&quot;,&quot;copyright&quot;:&quot;&quot;,&quot;focal_length&quot;:&quot;0&quot;,&quot;iso&quot;:&quot;0&quot;,&quot;shutter_speed&quot;:&quot;0&quot;,&quot;title&quot;:&quot;&quot;,&quot;orientation&quot;:&quot;0&quot;}\" data-image-title=\"363394_erm_fk_3001_180\" data-image-description=\"\" data-image-caption=\"\" data-large-file=\"https:\/\/blog.erm.ee\/wp-content\/uploads\/2016\/11\/363394_ERM_Fk_3001_180-1024x685.jpg\" class=\"alignnone size-full wp-image-8966\" src=\"https:\/\/blog.erm.ee\/wp-content\/uploads\/2016\/11\/363394_ERM_Fk_3001_180.jpg\" alt=\"363394_erm_fk_3001_180\" width=\"1200\" height=\"803\" srcset=\"https:\/\/blog.erm.ee\/wp-content\/uploads\/2016\/11\/363394_ERM_Fk_3001_180.jpg 1200w, https:\/\/blog.erm.ee\/wp-content\/uploads\/2016\/11\/363394_ERM_Fk_3001_180-389x260.jpg 389w, https:\/\/blog.erm.ee\/wp-content\/uploads\/2016\/11\/363394_ERM_Fk_3001_180-300x201.jpg 300w, https:\/\/blog.erm.ee\/wp-content\/uploads\/2016\/11\/363394_ERM_Fk_3001_180-768x514.jpg 768w, https:\/\/blog.erm.ee\/wp-content\/uploads\/2016\/11\/363394_ERM_Fk_3001_180-1024x685.jpg 1024w\" sizes=\"auto, (max-width: 1200px) 100vw, 1200px\" \/><\/a><em>Kaks noormeest jalgratastega. Foto: Oskar T\u00f5rva, 1930. aastad. ERM Fk 3001:180<\/em><\/p>\n<p>\u00dcks vahva foto k\u00fclavaheteelt, kus noormeestest ja nende s\u00f5iduvahenditest enamgi t\u00f5mbab t\u00e4helepanu priik\u00fc\u00fcti nautiv kass. Sellest, et koer v\u00f5i kass oli ka 1930. aastatel pereliikmeks, annavad tunnistust arvukad perefotod, kus lemmikloom poseerib koos perekonnaga kenasti fotograafile.<\/p>\n<p><a href=\"https:\/\/blog.erm.ee\/wp-content\/uploads\/2016\/11\/363336_ERM_Fk_3001_122.jpg\"><img loading=\"lazy\" decoding=\"async\" data-attachment-id=\"8967\" data-permalink=\"https:\/\/blog.erm.ee\/?attachment_id=8967#main\" data-orig-file=\"https:\/\/blog.erm.ee\/wp-content\/uploads\/2016\/11\/363336_ERM_Fk_3001_122.jpg\" data-orig-size=\"1200,803\" data-comments-opened=\"1\" data-image-meta=\"{&quot;aperture&quot;:&quot;0&quot;,&quot;credit&quot;:&quot;&quot;,&quot;camera&quot;:&quot;&quot;,&quot;caption&quot;:&quot;&quot;,&quot;created_timestamp&quot;:&quot;0&quot;,&quot;copyright&quot;:&quot;&quot;,&quot;focal_length&quot;:&quot;0&quot;,&quot;iso&quot;:&quot;0&quot;,&quot;shutter_speed&quot;:&quot;0&quot;,&quot;title&quot;:&quot;&quot;,&quot;orientation&quot;:&quot;0&quot;}\" data-image-title=\"363336_erm_fk_3001_122\" data-image-description=\"\" data-image-caption=\"\" data-large-file=\"https:\/\/blog.erm.ee\/wp-content\/uploads\/2016\/11\/363336_ERM_Fk_3001_122-1024x685.jpg\" class=\"alignnone size-full wp-image-8967\" src=\"https:\/\/blog.erm.ee\/wp-content\/uploads\/2016\/11\/363336_ERM_Fk_3001_122.jpg\" alt=\"363336_erm_fk_3001_122\" width=\"1200\" height=\"803\" srcset=\"https:\/\/blog.erm.ee\/wp-content\/uploads\/2016\/11\/363336_ERM_Fk_3001_122.jpg 1200w, https:\/\/blog.erm.ee\/wp-content\/uploads\/2016\/11\/363336_ERM_Fk_3001_122-389x260.jpg 389w, https:\/\/blog.erm.ee\/wp-content\/uploads\/2016\/11\/363336_ERM_Fk_3001_122-300x201.jpg 300w, https:\/\/blog.erm.ee\/wp-content\/uploads\/2016\/11\/363336_ERM_Fk_3001_122-768x514.jpg 768w, https:\/\/blog.erm.ee\/wp-content\/uploads\/2016\/11\/363336_ERM_Fk_3001_122-1024x685.jpg 1024w\" sizes=\"auto, (max-width: 1200px) 100vw, 1200px\" \/><\/a><em>Perepilt. Foto: Oskar T\u00f5rva, 1930. aastad. ERM Fk 3001:122<\/em><\/p>\n<p>Siingi on meile tundmatu talupere kolm p\u00f5lve ja koer, taustaks talu\u00f5u \u00f5unapuudega. N\u00e4ib, et lattaiale on pandud midagi tuulduma.<\/p>\n<p><a href=\"https:\/\/blog.erm.ee\/wp-content\/uploads\/2016\/11\/363398_ERM_Fk_3001_184.jpg\"><img loading=\"lazy\" decoding=\"async\" data-attachment-id=\"8968\" data-permalink=\"https:\/\/blog.erm.ee\/?attachment_id=8968#main\" data-orig-file=\"https:\/\/blog.erm.ee\/wp-content\/uploads\/2016\/11\/363398_ERM_Fk_3001_184.jpg\" data-orig-size=\"1200,803\" data-comments-opened=\"1\" data-image-meta=\"{&quot;aperture&quot;:&quot;0&quot;,&quot;credit&quot;:&quot;&quot;,&quot;camera&quot;:&quot;&quot;,&quot;caption&quot;:&quot;&quot;,&quot;created_timestamp&quot;:&quot;0&quot;,&quot;copyright&quot;:&quot;&quot;,&quot;focal_length&quot;:&quot;0&quot;,&quot;iso&quot;:&quot;0&quot;,&quot;shutter_speed&quot;:&quot;0&quot;,&quot;title&quot;:&quot;&quot;,&quot;orientation&quot;:&quot;0&quot;}\" data-image-title=\"363398_erm_fk_3001_184\" data-image-description=\"\" data-image-caption=\"\" data-large-file=\"https:\/\/blog.erm.ee\/wp-content\/uploads\/2016\/11\/363398_ERM_Fk_3001_184-1024x685.jpg\" class=\"alignnone size-full wp-image-8968\" src=\"https:\/\/blog.erm.ee\/wp-content\/uploads\/2016\/11\/363398_ERM_Fk_3001_184.jpg\" alt=\"363398_erm_fk_3001_184\" width=\"1200\" height=\"803\" srcset=\"https:\/\/blog.erm.ee\/wp-content\/uploads\/2016\/11\/363398_ERM_Fk_3001_184.jpg 1200w, https:\/\/blog.erm.ee\/wp-content\/uploads\/2016\/11\/363398_ERM_Fk_3001_184-389x260.jpg 389w, https:\/\/blog.erm.ee\/wp-content\/uploads\/2016\/11\/363398_ERM_Fk_3001_184-300x201.jpg 300w, https:\/\/blog.erm.ee\/wp-content\/uploads\/2016\/11\/363398_ERM_Fk_3001_184-768x514.jpg 768w, https:\/\/blog.erm.ee\/wp-content\/uploads\/2016\/11\/363398_ERM_Fk_3001_184-1024x685.jpg 1024w\" sizes=\"auto, (max-width: 1200px) 100vw, 1200px\" \/><\/a><em>P\u00e4\u00e4stearmee seltskond muusikariistadega. Foto: Oskar T\u00f5rva, 1930. aastad ERM Fk 3001:184<\/em><\/p>\n<p>\u00dchesugused naiste peakatted ja meeste vormim\u00fctsid viitavad kindlale grupile; fotot suurendades loeme m\u00fctsikirjast <em>P\u00e4\u00e4stearmee<\/em>.<\/p>\n<p><a href=\"https:\/\/blog.erm.ee\/wp-content\/uploads\/2016\/11\/363454_ERM_Fk_3001_240.jpg\"><img loading=\"lazy\" decoding=\"async\" data-attachment-id=\"8969\" data-permalink=\"https:\/\/blog.erm.ee\/?attachment_id=8969#main\" data-orig-file=\"https:\/\/blog.erm.ee\/wp-content\/uploads\/2016\/11\/363454_ERM_Fk_3001_240.jpg\" data-orig-size=\"1200,808\" data-comments-opened=\"1\" data-image-meta=\"{&quot;aperture&quot;:&quot;0&quot;,&quot;credit&quot;:&quot;&quot;,&quot;camera&quot;:&quot;&quot;,&quot;caption&quot;:&quot;&quot;,&quot;created_timestamp&quot;:&quot;0&quot;,&quot;copyright&quot;:&quot;&quot;,&quot;focal_length&quot;:&quot;0&quot;,&quot;iso&quot;:&quot;0&quot;,&quot;shutter_speed&quot;:&quot;0&quot;,&quot;title&quot;:&quot;&quot;,&quot;orientation&quot;:&quot;0&quot;}\" data-image-title=\"363454_erm_fk_3001_240\" data-image-description=\"\" data-image-caption=\"\" data-large-file=\"https:\/\/blog.erm.ee\/wp-content\/uploads\/2016\/11\/363454_ERM_Fk_3001_240-1024x689.jpg\" class=\"alignnone size-full wp-image-8969\" src=\"https:\/\/blog.erm.ee\/wp-content\/uploads\/2016\/11\/363454_ERM_Fk_3001_240.jpg\" alt=\"363454_erm_fk_3001_240\" width=\"1200\" height=\"808\" srcset=\"https:\/\/blog.erm.ee\/wp-content\/uploads\/2016\/11\/363454_ERM_Fk_3001_240.jpg 1200w, https:\/\/blog.erm.ee\/wp-content\/uploads\/2016\/11\/363454_ERM_Fk_3001_240-386x260.jpg 386w, https:\/\/blog.erm.ee\/wp-content\/uploads\/2016\/11\/363454_ERM_Fk_3001_240-300x202.jpg 300w, https:\/\/blog.erm.ee\/wp-content\/uploads\/2016\/11\/363454_ERM_Fk_3001_240-768x517.jpg 768w, https:\/\/blog.erm.ee\/wp-content\/uploads\/2016\/11\/363454_ERM_Fk_3001_240-1024x689.jpg 1024w\" sizes=\"auto, (max-width: 1200px) 100vw, 1200px\" \/><\/a><em>Grupp talver\u00f5ivastes inimesi taluhoone taustal. Kodavere kihelkond. Foto: Oskar T\u00f5rva, 1930. aastad. ERM Fk 3001:240<\/em><\/p>\n<p>Ehkki seltskond on anon\u00fc\u00fcmne, kajastub fotol ilmekalt toonane k\u00fclarahva riietusviis, mis puudutab \u00fcler\u00f5ivaid ja peakatteid.<\/p>\n<p><a href=\"https:\/\/blog.erm.ee\/wp-content\/uploads\/2016\/11\/363334_ERM_Fk_3001_120.jpg\"><img loading=\"lazy\" decoding=\"async\" data-attachment-id=\"8970\" data-permalink=\"https:\/\/blog.erm.ee\/?attachment_id=8970#main\" data-orig-file=\"https:\/\/blog.erm.ee\/wp-content\/uploads\/2016\/11\/363334_ERM_Fk_3001_120.jpg\" data-orig-size=\"1200,799\" data-comments-opened=\"1\" data-image-meta=\"{&quot;aperture&quot;:&quot;0&quot;,&quot;credit&quot;:&quot;&quot;,&quot;camera&quot;:&quot;&quot;,&quot;caption&quot;:&quot;&quot;,&quot;created_timestamp&quot;:&quot;0&quot;,&quot;copyright&quot;:&quot;&quot;,&quot;focal_length&quot;:&quot;0&quot;,&quot;iso&quot;:&quot;0&quot;,&quot;shutter_speed&quot;:&quot;0&quot;,&quot;title&quot;:&quot;&quot;,&quot;orientation&quot;:&quot;0&quot;}\" data-image-title=\"363334_erm_fk_3001_120\" data-image-description=\"\" data-image-caption=\"\" data-large-file=\"https:\/\/blog.erm.ee\/wp-content\/uploads\/2016\/11\/363334_ERM_Fk_3001_120-1024x682.jpg\" class=\"alignnone size-full wp-image-8970\" src=\"https:\/\/blog.erm.ee\/wp-content\/uploads\/2016\/11\/363334_ERM_Fk_3001_120.jpg\" alt=\"363334_erm_fk_3001_120\" width=\"1200\" height=\"799\" srcset=\"https:\/\/blog.erm.ee\/wp-content\/uploads\/2016\/11\/363334_ERM_Fk_3001_120.jpg 1200w, https:\/\/blog.erm.ee\/wp-content\/uploads\/2016\/11\/363334_ERM_Fk_3001_120-390x260.jpg 390w, https:\/\/blog.erm.ee\/wp-content\/uploads\/2016\/11\/363334_ERM_Fk_3001_120-300x200.jpg 300w, https:\/\/blog.erm.ee\/wp-content\/uploads\/2016\/11\/363334_ERM_Fk_3001_120-768x511.jpg 768w, https:\/\/blog.erm.ee\/wp-content\/uploads\/2016\/11\/363334_ERM_Fk_3001_120-1024x682.jpg 1024w\" sizes=\"auto, (max-width: 1200px) 100vw, 1200px\" \/><\/a><em>Kaks meest lapsega ahjupottide valmistamise t\u00f6\u00f6kojas. Kodavere khk. Foto: Oskar T\u00f5rva, 1930. aastad. ERM Fk 3001:120<\/em><\/p>\n<p>Ilmekas seletava tekstita pilt. Esimese hinnangu j\u00e4rgi on see k\u00e4sit\u00f6\u00f6lise t\u00f6\u00f6tuba, l\u00e4hemal uurimisel aga tuvastatud pottsepat\u00f6\u00f6kojaks: meeste tegevusest annavad vihjeid potikedrad, p\u00f5randal n\u00e4ivat olevat ahjupotid v\u00f5i katusekivid. Kolleegid, kes rohkem asja tunnevad, tuvastasid t\u00f6\u00f6laualt neljakandilise, umbes 10\u201315 cm s\u00fcgavuse p\u00f5hja ja tagarandiga tooriku ning m\u00e4rkasid maas olevate pottide omap\u00e4ra.<\/p>\n<div class=\"fcbkbttn_buttons_block\" id=\"fcbkbttn_left\"><div class=\"fcbkbttn_like \"><fb:like href=\"https:\/\/blog.erm.ee\/?p=8944\" action=\"like\" colorscheme=\"light\" layout=\"standard\"  width=\"225px\" size=\"small\"><\/fb:like><\/div><div class=\"fb-share-button  \" data-href=\"https:\/\/blog.erm.ee\/?p=8944\" data-type=\"button\" data-size=\"small\"><\/div><\/div>","protected":false},"excerpt":{"rendered":"<p>Tiina Tael, peaarhivaar Vanad pildid jutustavad meile m\u00f6\u00f6dunud aegadest, ent harva on nende juures teavet, kes on pildil v\u00f5i mis s\u00fcndmuse puhul on foto tehtud. Kui pilt p\u00e4rineb kellegi fotoalbumist, siis on sageli info pildiomaniku peas ja kui tema lahkub, j\u00e4\u00e4bki lugu teadmatuks. Heal juhul vaatab pildilt vastu kellegi tuttav n\u00e4gu v\u00f5i on koht kuidagi&hellip;<\/p>\n","protected":false},"author":1,"featured_media":8967,"comment_status":"open","ping_status":"open","sticky":false,"template":"","format":"standard","meta":{"_monsterinsights_skip_tracking":false,"_monsterinsights_sitenote_active":false,"_monsterinsights_sitenote_note":"","_monsterinsights_sitenote_category":0,"jetpack_post_was_ever_published":false,"_jetpack_newsletter_access":"","_jetpack_dont_email_post_to_subs":true,"_jetpack_newsletter_tier_id":0,"_jetpack_memberships_contains_paywalled_content":false,"_jetpack_memberships_contains_paid_content":false,"footnotes":""},"categories":[6],"tags":[],"class_list":["post-8944","post","type-post","status-publish","format-standard","has-post-thumbnail","hentry","category-foto"],"yoast_head":"<!-- This site is optimized with the Yoast SEO plugin v27.5 - https:\/\/yoast.com\/product\/yoast-seo-wordpress\/ -->\n<title>Millest jutustavad anon\u00fc\u00fcmsed pildid k\u00fclafotograaf Oskar T\u00f5rva klaasnegatiivide n\u00e4itel? - Eesti Rahva Muuseumi ajaveeb<\/title>\n<meta name=\"robots\" content=\"index, follow, max-snippet:-1, max-image-preview:large, max-video-preview:-1\" \/>\n<link rel=\"canonical\" href=\"https:\/\/blog.erm.ee\/?p=8944\" \/>\n<meta property=\"og:locale\" content=\"et_EE\" \/>\n<meta property=\"og:type\" content=\"article\" \/>\n<meta property=\"og:title\" content=\"Millest jutustavad anon\u00fc\u00fcmsed pildid k\u00fclafotograaf Oskar T\u00f5rva klaasnegatiivide n\u00e4itel? - Eesti Rahva Muuseumi ajaveeb\" \/>\n<meta property=\"og:description\" content=\"Tiina Tael, peaarhivaar Vanad pildid jutustavad meile m\u00f6\u00f6dunud aegadest, ent harva on nende juures teavet, kes on pildil v\u00f5i mis s\u00fcndmuse puhul on foto tehtud. Kui pilt p\u00e4rineb kellegi fotoalbumist, siis on sageli info pildiomaniku peas ja kui tema lahkub, j\u00e4\u00e4bki lugu teadmatuks. Heal juhul vaatab pildilt vastu kellegi tuttav n\u00e4gu v\u00f5i on koht kuidagi&hellip;\" \/>\n<meta property=\"og:url\" content=\"https:\/\/blog.erm.ee\/?p=8944\" \/>\n<meta property=\"og:site_name\" content=\"Eesti Rahva Muuseumi ajaveeb\" \/>\n<meta property=\"article:published_time\" content=\"2016-11-29T04:09:59+00:00\" \/>\n<meta property=\"article:modified_time\" content=\"2016-12-28T11:31:42+00:00\" \/>\n<meta property=\"og:image\" content=\"https:\/\/blog.erm.ee\/wp-content\/uploads\/2016\/11\/363336_ERM_Fk_3001_122.jpg\" \/>\n\t<meta property=\"og:image:width\" content=\"1200\" \/>\n\t<meta property=\"og:image:height\" content=\"803\" \/>\n\t<meta property=\"og:image:type\" content=\"image\/jpeg\" \/>\n<meta name=\"author\" content=\"Eesti Rahva Muuseum\" \/>\n<meta name=\"twitter:card\" content=\"summary_large_image\" \/>\n<meta name=\"twitter:label1\" content=\"Written by\" \/>\n\t<meta name=\"twitter:data1\" content=\"Eesti Rahva Muuseum\" \/>\n\t<meta name=\"twitter:label2\" content=\"Est. reading time\" \/>\n\t<meta name=\"twitter:data2\" content=\"9 minutit\" \/>\n<script type=\"application\/ld+json\" class=\"yoast-schema-graph\">{\"@context\":\"https:\\\/\\\/schema.org\",\"@graph\":[{\"@type\":\"Article\",\"@id\":\"https:\\\/\\\/blog.erm.ee\\\/?p=8944#article\",\"isPartOf\":{\"@id\":\"https:\\\/\\\/blog.erm.ee\\\/?p=8944\"},\"author\":{\"name\":\"Eesti Rahva Muuseum\",\"@id\":\"https:\\\/\\\/blog.erm.ee\\\/#\\\/schema\\\/person\\\/6e98c391cb00a33e7c22a3571e062114\"},\"headline\":\"Millest jutustavad anon\u00fc\u00fcmsed pildid k\u00fclafotograaf Oskar T\u00f5rva klaasnegatiivide n\u00e4itel?\",\"datePublished\":\"2016-11-29T04:09:59+00:00\",\"dateModified\":\"2016-12-28T11:31:42+00:00\",\"mainEntityOfPage\":{\"@id\":\"https:\\\/\\\/blog.erm.ee\\\/?p=8944\"},\"wordCount\":1737,\"commentCount\":3,\"image\":{\"@id\":\"https:\\\/\\\/blog.erm.ee\\\/?p=8944#primaryimage\"},\"thumbnailUrl\":\"https:\\\/\\\/blog.erm.ee\\\/wp-content\\\/uploads\\\/2016\\\/11\\\/363336_ERM_Fk_3001_122.jpg\",\"articleSection\":[\"Foto\"],\"inLanguage\":\"et\",\"potentialAction\":[{\"@type\":\"CommentAction\",\"name\":\"Comment\",\"target\":[\"https:\\\/\\\/blog.erm.ee\\\/?p=8944#respond\"]}]},{\"@type\":\"WebPage\",\"@id\":\"https:\\\/\\\/blog.erm.ee\\\/?p=8944\",\"url\":\"https:\\\/\\\/blog.erm.ee\\\/?p=8944\",\"name\":\"Millest jutustavad anon\u00fc\u00fcmsed pildid k\u00fclafotograaf Oskar T\u00f5rva klaasnegatiivide n\u00e4itel? - Eesti Rahva Muuseumi ajaveeb\",\"isPartOf\":{\"@id\":\"https:\\\/\\\/blog.erm.ee\\\/#website\"},\"primaryImageOfPage\":{\"@id\":\"https:\\\/\\\/blog.erm.ee\\\/?p=8944#primaryimage\"},\"image\":{\"@id\":\"https:\\\/\\\/blog.erm.ee\\\/?p=8944#primaryimage\"},\"thumbnailUrl\":\"https:\\\/\\\/blog.erm.ee\\\/wp-content\\\/uploads\\\/2016\\\/11\\\/363336_ERM_Fk_3001_122.jpg\",\"datePublished\":\"2016-11-29T04:09:59+00:00\",\"dateModified\":\"2016-12-28T11:31:42+00:00\",\"author\":{\"@id\":\"https:\\\/\\\/blog.erm.ee\\\/#\\\/schema\\\/person\\\/6e98c391cb00a33e7c22a3571e062114\"},\"breadcrumb\":{\"@id\":\"https:\\\/\\\/blog.erm.ee\\\/?p=8944#breadcrumb\"},\"inLanguage\":\"et\",\"potentialAction\":[{\"@type\":\"ReadAction\",\"target\":[\"https:\\\/\\\/blog.erm.ee\\\/?p=8944\"]}]},{\"@type\":\"ImageObject\",\"inLanguage\":\"et\",\"@id\":\"https:\\\/\\\/blog.erm.ee\\\/?p=8944#primaryimage\",\"url\":\"https:\\\/\\\/blog.erm.ee\\\/wp-content\\\/uploads\\\/2016\\\/11\\\/363336_ERM_Fk_3001_122.jpg\",\"contentUrl\":\"https:\\\/\\\/blog.erm.ee\\\/wp-content\\\/uploads\\\/2016\\\/11\\\/363336_ERM_Fk_3001_122.jpg\",\"width\":1200,\"height\":803},{\"@type\":\"BreadcrumbList\",\"@id\":\"https:\\\/\\\/blog.erm.ee\\\/?p=8944#breadcrumb\",\"itemListElement\":[{\"@type\":\"ListItem\",\"position\":1,\"name\":\"Home\",\"item\":\"https:\\\/\\\/blog.erm.ee\\\/\"},{\"@type\":\"ListItem\",\"position\":2,\"name\":\"Millest jutustavad anon\u00fc\u00fcmsed pildid k\u00fclafotograaf Oskar T\u00f5rva klaasnegatiivide n\u00e4itel?\"}]},{\"@type\":\"WebSite\",\"@id\":\"https:\\\/\\\/blog.erm.ee\\\/#website\",\"url\":\"https:\\\/\\\/blog.erm.ee\\\/\",\"name\":\"Eesti Rahva Muuseumi ajaveeb\",\"description\":\"\",\"potentialAction\":[{\"@type\":\"SearchAction\",\"target\":{\"@type\":\"EntryPoint\",\"urlTemplate\":\"https:\\\/\\\/blog.erm.ee\\\/?s={search_term_string}\"},\"query-input\":{\"@type\":\"PropertyValueSpecification\",\"valueRequired\":true,\"valueName\":\"search_term_string\"}}],\"inLanguage\":\"et\"},{\"@type\":\"Person\",\"@id\":\"https:\\\/\\\/blog.erm.ee\\\/#\\\/schema\\\/person\\\/6e98c391cb00a33e7c22a3571e062114\",\"name\":\"Eesti Rahva Muuseum\",\"image\":{\"@type\":\"ImageObject\",\"inLanguage\":\"et\",\"@id\":\"https:\\\/\\\/secure.gravatar.com\\\/avatar\\\/cb6d9ad5fb49f3f7315028ce5fe60641075f2cb52b8a058ff5a985fa2d8c1da0?s=96&d=mm&r=g\",\"url\":\"https:\\\/\\\/secure.gravatar.com\\\/avatar\\\/cb6d9ad5fb49f3f7315028ce5fe60641075f2cb52b8a058ff5a985fa2d8c1da0?s=96&d=mm&r=g\",\"contentUrl\":\"https:\\\/\\\/secure.gravatar.com\\\/avatar\\\/cb6d9ad5fb49f3f7315028ce5fe60641075f2cb52b8a058ff5a985fa2d8c1da0?s=96&d=mm&r=g\",\"caption\":\"Eesti Rahva Muuseum\"},\"sameAs\":[\"http:\\\/\\\/www.erm.ee\"],\"url\":\"https:\\\/\\\/blog.erm.ee\\\/?author=1\"}]}<\/script>\n<!-- \/ Yoast SEO plugin. -->","yoast_head_json":{"title":"Millest jutustavad anon\u00fc\u00fcmsed pildid k\u00fclafotograaf Oskar T\u00f5rva klaasnegatiivide n\u00e4itel? - Eesti Rahva Muuseumi ajaveeb","robots":{"index":"index","follow":"follow","max-snippet":"max-snippet:-1","max-image-preview":"max-image-preview:large","max-video-preview":"max-video-preview:-1"},"canonical":"https:\/\/blog.erm.ee\/?p=8944","og_locale":"et_EE","og_type":"article","og_title":"Millest jutustavad anon\u00fc\u00fcmsed pildid k\u00fclafotograaf Oskar T\u00f5rva klaasnegatiivide n\u00e4itel? - Eesti Rahva Muuseumi ajaveeb","og_description":"Tiina Tael, peaarhivaar Vanad pildid jutustavad meile m\u00f6\u00f6dunud aegadest, ent harva on nende juures teavet, kes on pildil v\u00f5i mis s\u00fcndmuse puhul on foto tehtud. Kui pilt p\u00e4rineb kellegi fotoalbumist, siis on sageli info pildiomaniku peas ja kui tema lahkub, j\u00e4\u00e4bki lugu teadmatuks. Heal juhul vaatab pildilt vastu kellegi tuttav n\u00e4gu v\u00f5i on koht kuidagi&hellip;","og_url":"https:\/\/blog.erm.ee\/?p=8944","og_site_name":"Eesti Rahva Muuseumi ajaveeb","article_published_time":"2016-11-29T04:09:59+00:00","article_modified_time":"2016-12-28T11:31:42+00:00","og_image":[{"width":1200,"height":803,"url":"https:\/\/blog.erm.ee\/wp-content\/uploads\/2016\/11\/363336_ERM_Fk_3001_122.jpg","type":"image\/jpeg"}],"author":"Eesti Rahva Muuseum","twitter_card":"summary_large_image","twitter_misc":{"Written by":"Eesti Rahva Muuseum","Est. reading time":"9 minutit"},"schema":{"@context":"https:\/\/schema.org","@graph":[{"@type":"Article","@id":"https:\/\/blog.erm.ee\/?p=8944#article","isPartOf":{"@id":"https:\/\/blog.erm.ee\/?p=8944"},"author":{"name":"Eesti Rahva Muuseum","@id":"https:\/\/blog.erm.ee\/#\/schema\/person\/6e98c391cb00a33e7c22a3571e062114"},"headline":"Millest jutustavad anon\u00fc\u00fcmsed pildid k\u00fclafotograaf Oskar T\u00f5rva klaasnegatiivide n\u00e4itel?","datePublished":"2016-11-29T04:09:59+00:00","dateModified":"2016-12-28T11:31:42+00:00","mainEntityOfPage":{"@id":"https:\/\/blog.erm.ee\/?p=8944"},"wordCount":1737,"commentCount":3,"image":{"@id":"https:\/\/blog.erm.ee\/?p=8944#primaryimage"},"thumbnailUrl":"https:\/\/blog.erm.ee\/wp-content\/uploads\/2016\/11\/363336_ERM_Fk_3001_122.jpg","articleSection":["Foto"],"inLanguage":"et","potentialAction":[{"@type":"CommentAction","name":"Comment","target":["https:\/\/blog.erm.ee\/?p=8944#respond"]}]},{"@type":"WebPage","@id":"https:\/\/blog.erm.ee\/?p=8944","url":"https:\/\/blog.erm.ee\/?p=8944","name":"Millest jutustavad anon\u00fc\u00fcmsed pildid k\u00fclafotograaf Oskar T\u00f5rva klaasnegatiivide n\u00e4itel? - Eesti Rahva Muuseumi ajaveeb","isPartOf":{"@id":"https:\/\/blog.erm.ee\/#website"},"primaryImageOfPage":{"@id":"https:\/\/blog.erm.ee\/?p=8944#primaryimage"},"image":{"@id":"https:\/\/blog.erm.ee\/?p=8944#primaryimage"},"thumbnailUrl":"https:\/\/blog.erm.ee\/wp-content\/uploads\/2016\/11\/363336_ERM_Fk_3001_122.jpg","datePublished":"2016-11-29T04:09:59+00:00","dateModified":"2016-12-28T11:31:42+00:00","author":{"@id":"https:\/\/blog.erm.ee\/#\/schema\/person\/6e98c391cb00a33e7c22a3571e062114"},"breadcrumb":{"@id":"https:\/\/blog.erm.ee\/?p=8944#breadcrumb"},"inLanguage":"et","potentialAction":[{"@type":"ReadAction","target":["https:\/\/blog.erm.ee\/?p=8944"]}]},{"@type":"ImageObject","inLanguage":"et","@id":"https:\/\/blog.erm.ee\/?p=8944#primaryimage","url":"https:\/\/blog.erm.ee\/wp-content\/uploads\/2016\/11\/363336_ERM_Fk_3001_122.jpg","contentUrl":"https:\/\/blog.erm.ee\/wp-content\/uploads\/2016\/11\/363336_ERM_Fk_3001_122.jpg","width":1200,"height":803},{"@type":"BreadcrumbList","@id":"https:\/\/blog.erm.ee\/?p=8944#breadcrumb","itemListElement":[{"@type":"ListItem","position":1,"name":"Home","item":"https:\/\/blog.erm.ee\/"},{"@type":"ListItem","position":2,"name":"Millest jutustavad anon\u00fc\u00fcmsed pildid k\u00fclafotograaf Oskar T\u00f5rva klaasnegatiivide n\u00e4itel?"}]},{"@type":"WebSite","@id":"https:\/\/blog.erm.ee\/#website","url":"https:\/\/blog.erm.ee\/","name":"Eesti Rahva Muuseumi ajaveeb","description":"","potentialAction":[{"@type":"SearchAction","target":{"@type":"EntryPoint","urlTemplate":"https:\/\/blog.erm.ee\/?s={search_term_string}"},"query-input":{"@type":"PropertyValueSpecification","valueRequired":true,"valueName":"search_term_string"}}],"inLanguage":"et"},{"@type":"Person","@id":"https:\/\/blog.erm.ee\/#\/schema\/person\/6e98c391cb00a33e7c22a3571e062114","name":"Eesti Rahva Muuseum","image":{"@type":"ImageObject","inLanguage":"et","@id":"https:\/\/secure.gravatar.com\/avatar\/cb6d9ad5fb49f3f7315028ce5fe60641075f2cb52b8a058ff5a985fa2d8c1da0?s=96&d=mm&r=g","url":"https:\/\/secure.gravatar.com\/avatar\/cb6d9ad5fb49f3f7315028ce5fe60641075f2cb52b8a058ff5a985fa2d8c1da0?s=96&d=mm&r=g","contentUrl":"https:\/\/secure.gravatar.com\/avatar\/cb6d9ad5fb49f3f7315028ce5fe60641075f2cb52b8a058ff5a985fa2d8c1da0?s=96&d=mm&r=g","caption":"Eesti Rahva Muuseum"},"sameAs":["http:\/\/www.erm.ee"],"url":"https:\/\/blog.erm.ee\/?author=1"}]}},"jetpack_featured_media_url":"https:\/\/blog.erm.ee\/wp-content\/uploads\/2016\/11\/363336_ERM_Fk_3001_122.jpg","jetpack_shortlink":"https:\/\/wp.me\/p2l9Zd-2kg","jetpack_sharing_enabled":true,"jetpack_likes_enabled":true,"_links":{"self":[{"href":"https:\/\/blog.erm.ee\/index.php?rest_route=\/wp\/v2\/posts\/8944","targetHints":{"allow":["GET"]}}],"collection":[{"href":"https:\/\/blog.erm.ee\/index.php?rest_route=\/wp\/v2\/posts"}],"about":[{"href":"https:\/\/blog.erm.ee\/index.php?rest_route=\/wp\/v2\/types\/post"}],"author":[{"embeddable":true,"href":"https:\/\/blog.erm.ee\/index.php?rest_route=\/wp\/v2\/users\/1"}],"replies":[{"embeddable":true,"href":"https:\/\/blog.erm.ee\/index.php?rest_route=%2Fwp%2Fv2%2Fcomments&post=8944"}],"version-history":[{"count":11,"href":"https:\/\/blog.erm.ee\/index.php?rest_route=\/wp\/v2\/posts\/8944\/revisions"}],"predecessor-version":[{"id":9225,"href":"https:\/\/blog.erm.ee\/index.php?rest_route=\/wp\/v2\/posts\/8944\/revisions\/9225"}],"wp:featuredmedia":[{"embeddable":true,"href":"https:\/\/blog.erm.ee\/index.php?rest_route=\/wp\/v2\/media\/8967"}],"wp:attachment":[{"href":"https:\/\/blog.erm.ee\/index.php?rest_route=%2Fwp%2Fv2%2Fmedia&parent=8944"}],"wp:term":[{"taxonomy":"category","embeddable":true,"href":"https:\/\/blog.erm.ee\/index.php?rest_route=%2Fwp%2Fv2%2Fcategories&post=8944"},{"taxonomy":"post_tag","embeddable":true,"href":"https:\/\/blog.erm.ee\/index.php?rest_route=%2Fwp%2Fv2%2Ftags&post=8944"}],"curies":[{"name":"wp","href":"https:\/\/api.w.org\/{rel}","templated":true}]}}