{"id":8860,"date":"2016-11-15T09:17:12","date_gmt":"2016-11-15T07:17:12","guid":{"rendered":"http:\/\/blog.erm.ee\/?p=8860"},"modified":"2016-11-15T09:17:12","modified_gmt":"2016-11-15T07:17:12","slug":"karvased-ja-sulelised-sobrad","status":"publish","type":"post","link":"https:\/\/blog.erm.ee\/?p=8860","title":{"rendered":"Karvased ja sulelised s\u00f5brad"},"content":{"rendered":"<div class=\"fcbkbttn_buttons_block\" id=\"fcbkbttn_left\"><div class=\"fcbkbttn_like \"><fb:like href=\"https:\/\/blog.erm.ee\/?p=8860\" action=\"like\" colorscheme=\"light\" layout=\"standard\"  width=\"225px\" size=\"small\"><\/fb:like><\/div><div class=\"fb-share-button  \" data-href=\"https:\/\/blog.erm.ee\/?p=8860\" data-type=\"button\" data-size=\"small\"><\/div><\/div><p><em>Kristi \u00dctt, arhivaar<\/em><\/p>\n<p>Eesti Lemmikloomaregistris<a href=\"#_edn1\" name=\"_ednref1\"><\/a> (<a href=\"http:\/\/www.lemmikloomaregister.ee\">www.lemmikloomaregister.ee<\/a>) on hetkel arvel 45096 koera, 12353 kassi, 250 tuhkrut, 9 hobust, 2 merisiga, 1 hamster, 1 madu, 1 j\u00e4nes ning lisaks 9 m\u00f5ne muu loomaliigi isendit. Kokkuv\u00f5ttes on registris 57754 looma, kuid antud hulk h\u00f5lmab ainult mikrokiibitud lemmikuid. Kogu Eestis on suur hulk kiipideta loomi ja neidki, kes endale alles kodu otsivad. Kui suurt r\u00f5\u00f5mu \u00fcks muhe lemmikloom v\u00f5ib pakkuda n\u00e4ete meie galeriist.<\/p>\n<p><a href=\"https:\/\/blog.erm.ee\/wp-content\/uploads\/2016\/11\/082143_ERM_Fk_2644_11289.jpg\"><img loading=\"lazy\" decoding=\"async\" data-attachment-id=\"8868\" data-permalink=\"https:\/\/blog.erm.ee\/?attachment_id=8868#main\" data-orig-file=\"https:\/\/blog.erm.ee\/wp-content\/uploads\/2016\/11\/082143_ERM_Fk_2644_11289.jpg\" data-orig-size=\"789,1200\" data-comments-opened=\"1\" data-image-meta=\"{&quot;aperture&quot;:&quot;0&quot;,&quot;credit&quot;:&quot;&quot;,&quot;camera&quot;:&quot;&quot;,&quot;caption&quot;:&quot;&quot;,&quot;created_timestamp&quot;:&quot;0&quot;,&quot;copyright&quot;:&quot;\\u00a9 Eesti Rahva Muuseum&quot;,&quot;focal_length&quot;:&quot;0&quot;,&quot;iso&quot;:&quot;0&quot;,&quot;shutter_speed&quot;:&quot;0&quot;,&quot;title&quot;:&quot;&quot;,&quot;orientation&quot;:&quot;0&quot;}\" data-image-title=\"082143_erm_fk_2644_11289\" data-image-description=\"\" data-image-caption=\"\" data-large-file=\"https:\/\/blog.erm.ee\/wp-content\/uploads\/2016\/11\/082143_ERM_Fk_2644_11289-673x1024.jpg\" class=\"alignnone size-full wp-image-8868\" src=\"https:\/\/blog.erm.ee\/wp-content\/uploads\/2016\/11\/082143_ERM_Fk_2644_11289.jpg\" alt=\"082143_erm_fk_2644_11289\" width=\"789\" height=\"1200\" srcset=\"https:\/\/blog.erm.ee\/wp-content\/uploads\/2016\/11\/082143_ERM_Fk_2644_11289.jpg 789w, https:\/\/blog.erm.ee\/wp-content\/uploads\/2016\/11\/082143_ERM_Fk_2644_11289-171x260.jpg 171w, https:\/\/blog.erm.ee\/wp-content\/uploads\/2016\/11\/082143_ERM_Fk_2644_11289-197x300.jpg 197w, https:\/\/blog.erm.ee\/wp-content\/uploads\/2016\/11\/082143_ERM_Fk_2644_11289-768x1168.jpg 768w, https:\/\/blog.erm.ee\/wp-content\/uploads\/2016\/11\/082143_ERM_Fk_2644_11289-673x1024.jpg 673w\" sizes=\"auto, (max-width: 789px) 100vw, 789px\" \/><\/a><em>Lapsed hamstriga. Foto: Viktor Salmre, 1975.\u00a0 ERM Fk 2644:11289<\/em><\/p>\n<p><a href=\"https:\/\/blog.erm.ee\/wp-content\/uploads\/2016\/11\/063687_ERM_Fk_2902_49.jpg\"><img loading=\"lazy\" decoding=\"async\" data-attachment-id=\"8869\" data-permalink=\"https:\/\/blog.erm.ee\/?attachment_id=8869#main\" data-orig-file=\"https:\/\/blog.erm.ee\/wp-content\/uploads\/2016\/11\/063687_ERM_Fk_2902_49.jpg\" data-orig-size=\"1200,781\" data-comments-opened=\"1\" data-image-meta=\"{&quot;aperture&quot;:&quot;0&quot;,&quot;credit&quot;:&quot;&quot;,&quot;camera&quot;:&quot;&quot;,&quot;caption&quot;:&quot;&quot;,&quot;created_timestamp&quot;:&quot;1165504454&quot;,&quot;copyright&quot;:&quot;&quot;,&quot;focal_length&quot;:&quot;0&quot;,&quot;iso&quot;:&quot;0&quot;,&quot;shutter_speed&quot;:&quot;0&quot;,&quot;title&quot;:&quot;&quot;,&quot;orientation&quot;:&quot;0&quot;}\" data-image-title=\"063687_erm_fk_2902_49\" data-image-description=\"\" data-image-caption=\"\" data-large-file=\"https:\/\/blog.erm.ee\/wp-content\/uploads\/2016\/11\/063687_ERM_Fk_2902_49-1024x666.jpg\" class=\"alignnone size-full wp-image-8869\" src=\"https:\/\/blog.erm.ee\/wp-content\/uploads\/2016\/11\/063687_ERM_Fk_2902_49.jpg\" alt=\"063687_erm_fk_2902_49\" width=\"1200\" height=\"781\" srcset=\"https:\/\/blog.erm.ee\/wp-content\/uploads\/2016\/11\/063687_ERM_Fk_2902_49.jpg 1200w, https:\/\/blog.erm.ee\/wp-content\/uploads\/2016\/11\/063687_ERM_Fk_2902_49-399x260.jpg 399w, https:\/\/blog.erm.ee\/wp-content\/uploads\/2016\/11\/063687_ERM_Fk_2902_49-300x195.jpg 300w, https:\/\/blog.erm.ee\/wp-content\/uploads\/2016\/11\/063687_ERM_Fk_2902_49-768x500.jpg 768w, https:\/\/blog.erm.ee\/wp-content\/uploads\/2016\/11\/063687_ERM_Fk_2902_49-1024x666.jpg 1024w\" sizes=\"auto, (max-width: 1200px) 100vw, 1200px\" \/><\/a><em>Lapsed k\u00fc\u00fclikutega. Foto: Ehapalu. ERM Fk 2902:49<\/em><\/p>\n<p><a href=\"https:\/\/blog.erm.ee\/wp-content\/uploads\/2016\/11\/054015_ERM_Fk_2858_156.jpg\"><img loading=\"lazy\" decoding=\"async\" data-attachment-id=\"8870\" data-permalink=\"https:\/\/blog.erm.ee\/?attachment_id=8870#main\" data-orig-file=\"https:\/\/blog.erm.ee\/wp-content\/uploads\/2016\/11\/054015_ERM_Fk_2858_156.jpg\" data-orig-size=\"1200,776\" data-comments-opened=\"1\" data-image-meta=\"{&quot;aperture&quot;:&quot;0&quot;,&quot;credit&quot;:&quot;&quot;,&quot;camera&quot;:&quot;&quot;,&quot;caption&quot;:&quot;&quot;,&quot;created_timestamp&quot;:&quot;0&quot;,&quot;copyright&quot;:&quot;&quot;,&quot;focal_length&quot;:&quot;0&quot;,&quot;iso&quot;:&quot;0&quot;,&quot;shutter_speed&quot;:&quot;0&quot;,&quot;title&quot;:&quot;&quot;,&quot;orientation&quot;:&quot;0&quot;}\" data-image-title=\"054015_erm_fk_2858_156\" data-image-description=\"\" data-image-caption=\"\" data-large-file=\"https:\/\/blog.erm.ee\/wp-content\/uploads\/2016\/11\/054015_ERM_Fk_2858_156-1024x662.jpg\" class=\"alignnone size-full wp-image-8870\" src=\"https:\/\/blog.erm.ee\/wp-content\/uploads\/2016\/11\/054015_ERM_Fk_2858_156.jpg\" alt=\"054015_erm_fk_2858_156\" width=\"1200\" height=\"776\" srcset=\"https:\/\/blog.erm.ee\/wp-content\/uploads\/2016\/11\/054015_ERM_Fk_2858_156.jpg 1200w, https:\/\/blog.erm.ee\/wp-content\/uploads\/2016\/11\/054015_ERM_Fk_2858_156-402x260.jpg 402w, https:\/\/blog.erm.ee\/wp-content\/uploads\/2016\/11\/054015_ERM_Fk_2858_156-300x194.jpg 300w, https:\/\/blog.erm.ee\/wp-content\/uploads\/2016\/11\/054015_ERM_Fk_2858_156-768x497.jpg 768w, https:\/\/blog.erm.ee\/wp-content\/uploads\/2016\/11\/054015_ERM_Fk_2858_156-1024x662.jpg 1024w\" sizes=\"auto, (max-width: 1200px) 100vw, 1200px\" \/><\/a><em>Puudel Narvas aknal. Foto: Maris Rosenthal, 2004. ERM Fk 2858:156<\/em><\/p>\n<p><a href=\"https:\/\/blog.erm.ee\/wp-content\/uploads\/2016\/11\/062104_ERM_Fk_2896_516.jpg\"><img loading=\"lazy\" decoding=\"async\" data-attachment-id=\"8871\" data-permalink=\"https:\/\/blog.erm.ee\/?attachment_id=8871#main\" data-orig-file=\"https:\/\/blog.erm.ee\/wp-content\/uploads\/2016\/11\/062104_ERM_Fk_2896_516.jpg\" data-orig-size=\"1200,941\" data-comments-opened=\"1\" data-image-meta=\"{&quot;aperture&quot;:&quot;0&quot;,&quot;credit&quot;:&quot;&quot;,&quot;camera&quot;:&quot;&quot;,&quot;caption&quot;:&quot;[#Beginning of Shooting Data Section]\\rNikon D70\\r\\rFocal Length: 50mm\\r\\rOptimize Image: Custom\\r\\rColor Mode: Mode II (Adobe RGB)\\r\\rNoise Reduction: OFF\\r\\r2006\/11\/28 10:30:07.1\\r\\rExposure Mode: Manual\\r\\rWhite Balance: Preset\\r\\rTone Comp: Auto\\r\\rRAW (12-bit) Lossless\\r\\rMetering Mode: Multi-Pattern\\r\\rAF Mode: AF-S\\r\\rHue Adjustment: 0\\u00b0\\r\\rImage Size:  Large (3008 x 2000)\\r\\r1\/30 sec - F\/9\\r\\rFlash Sync Mode: Not Attached\\r\\rSaturation:  Normal\\r\\rExposure Comp.: 0 EV\\r\\rSharpening: None\\r\\rLens: 50mm F\/2.8 D\\r\\rSensitivity: ISO 200\\r\\rImage Comment:                                     \\r\\r[#End of Shooting Data Section]&quot;,&quot;created_timestamp&quot;:&quot;1164709807&quot;,&quot;copyright&quot;:&quot;&quot;,&quot;focal_length&quot;:&quot;0&quot;,&quot;iso&quot;:&quot;0&quot;,&quot;shutter_speed&quot;:&quot;0&quot;,&quot;title&quot;:&quot;&quot;,&quot;orientation&quot;:&quot;0&quot;}\" data-image-title=\"062104_erm_fk_2896_516\" data-image-description=\"\" data-image-caption=\"&lt;p&gt;[#Beginning of Shooting Data Section]&lt;br \/&gt;\nNikon D70&lt;\/p&gt;\n&lt;p&gt;Focal Length: 50mm&lt;\/p&gt;\n&lt;p&gt;Optimize Image: Custom&lt;\/p&gt;\n&lt;p&gt;Color Mode: Mode II (Adobe RGB)&lt;\/p&gt;\n&lt;p&gt;Noise Reduction: OFF&lt;\/p&gt;\n&lt;p&gt;2006\/11\/28 10:30:07.1&lt;\/p&gt;\n&lt;p&gt;Exposure Mode: Manual&lt;\/p&gt;\n&lt;p&gt;White Balance: Preset&lt;\/p&gt;\n&lt;p&gt;Tone Comp: Auto&lt;\/p&gt;\n&lt;p&gt;RAW (12-bit) Lossless&lt;\/p&gt;\n&lt;p&gt;Metering Mode: Multi-Pattern&lt;\/p&gt;\n&lt;p&gt;AF Mode: AF-S&lt;\/p&gt;\n&lt;p&gt;Hue Adjustment: 0\u00b0&lt;\/p&gt;\n&lt;p&gt;Image Size:  Large (3008 x 2000)&lt;\/p&gt;\n&lt;p&gt;1\/30 sec &amp;#8211; F\/9&lt;\/p&gt;\n&lt;p&gt;Flash Sync Mode: Not Attached&lt;\/p&gt;\n&lt;p&gt;Saturation:  Normal&lt;\/p&gt;\n&lt;p&gt;Exposure Comp.: 0 EV&lt;\/p&gt;\n&lt;p&gt;Sharpening: None&lt;\/p&gt;\n&lt;p&gt;Lens: 50mm F\/2.8 D&lt;\/p&gt;\n&lt;p&gt;Sensitivity: ISO 200&lt;\/p&gt;\n&lt;p&gt;Image Comment:                                     &lt;\/p&gt;\n&lt;p&gt;[#End of Shooting Data Section]&lt;\/p&gt;\n\" data-large-file=\"https:\/\/blog.erm.ee\/wp-content\/uploads\/2016\/11\/062104_ERM_Fk_2896_516-1024x803.jpg\" class=\"size-full wp-image-8871\" src=\"https:\/\/blog.erm.ee\/wp-content\/uploads\/2016\/11\/062104_ERM_Fk_2896_516.jpg\" alt=\"[#Beginning of Shooting Data Section] Nikon D70 Focal Length: 50mm Optimize Image: Custom Color Mode: Mode II (Adobe RGB) Noise Reduction: OFF 2006\/11\/28 10:30:07.1 Exposure Mode: Manual White Balance: Preset Tone Comp: Auto RAW (12-bit) Lossless Metering Mode: Multi-Pattern AF Mode: AF-S Hue Adjustment: 0\u00b0 Image Size: Large (3008 x 2000) 1\/30 sec - F\/9 Flash Sync Mode: Not Attached Saturation: Normal Exposure Comp.: 0 EV Sharpening: None Lens: 50mm F\/2.8 D Sensitivity: ISO 200 Image Comment: [#End of Shooting Data Section]\" width=\"1200\" height=\"941\" srcset=\"https:\/\/blog.erm.ee\/wp-content\/uploads\/2016\/11\/062104_ERM_Fk_2896_516.jpg 1200w, https:\/\/blog.erm.ee\/wp-content\/uploads\/2016\/11\/062104_ERM_Fk_2896_516-332x260.jpg 332w, https:\/\/blog.erm.ee\/wp-content\/uploads\/2016\/11\/062104_ERM_Fk_2896_516-300x235.jpg 300w, https:\/\/blog.erm.ee\/wp-content\/uploads\/2016\/11\/062104_ERM_Fk_2896_516-768x602.jpg 768w, https:\/\/blog.erm.ee\/wp-content\/uploads\/2016\/11\/062104_ERM_Fk_2896_516-1024x803.jpg 1024w\" sizes=\"auto, (max-width: 1200px) 100vw, 1200px\" \/><\/a><\/p>\n<p><em>Talvel Tootsis koertega jalutamas 31.12.1983. Teadmata fotograaf. ERM Fk 2896:516<\/em><\/p>\n<p><a href=\"https:\/\/blog.erm.ee\/wp-content\/uploads\/2016\/11\/316200_ERM_Fk_1356_51.jpg\"><img loading=\"lazy\" decoding=\"async\" data-attachment-id=\"8872\" data-permalink=\"https:\/\/blog.erm.ee\/?attachment_id=8872#main\" data-orig-file=\"https:\/\/blog.erm.ee\/wp-content\/uploads\/2016\/11\/316200_ERM_Fk_1356_51.jpg\" data-orig-size=\"1200,814\" data-comments-opened=\"1\" data-image-meta=\"{&quot;aperture&quot;:&quot;0&quot;,&quot;credit&quot;:&quot;&quot;,&quot;camera&quot;:&quot;&quot;,&quot;caption&quot;:&quot;&quot;,&quot;created_timestamp&quot;:&quot;1234434846&quot;,&quot;copyright&quot;:&quot;Merylin Suve&quot;,&quot;focal_length&quot;:&quot;0&quot;,&quot;iso&quot;:&quot;0&quot;,&quot;shutter_speed&quot;:&quot;0&quot;,&quot;title&quot;:&quot;&quot;,&quot;orientation&quot;:&quot;0&quot;}\" data-image-title=\"316200_erm_fk_1356_51\" data-image-description=\"\" data-image-caption=\"\" data-large-file=\"https:\/\/blog.erm.ee\/wp-content\/uploads\/2016\/11\/316200_ERM_Fk_1356_51-1024x695.jpg\" class=\"alignnone size-full wp-image-8872\" src=\"https:\/\/blog.erm.ee\/wp-content\/uploads\/2016\/11\/316200_ERM_Fk_1356_51.jpg\" alt=\"316200_erm_fk_1356_51\" width=\"1200\" height=\"814\" srcset=\"https:\/\/blog.erm.ee\/wp-content\/uploads\/2016\/11\/316200_ERM_Fk_1356_51.jpg 1200w, https:\/\/blog.erm.ee\/wp-content\/uploads\/2016\/11\/316200_ERM_Fk_1356_51-383x260.jpg 383w, https:\/\/blog.erm.ee\/wp-content\/uploads\/2016\/11\/316200_ERM_Fk_1356_51-300x204.jpg 300w, https:\/\/blog.erm.ee\/wp-content\/uploads\/2016\/11\/316200_ERM_Fk_1356_51-768x521.jpg 768w, https:\/\/blog.erm.ee\/wp-content\/uploads\/2016\/11\/316200_ERM_Fk_1356_51-1024x695.jpg 1024w\" sizes=\"auto, (max-width: 1200px) 100vw, 1200px\" \/><\/a><em>Tarvastu m\u00f5isa omaniku von Mennenkampfi poeg oma ponihobusega. Foto: Jaan Riet, 1918. ERM Fk 1356:51<\/em><\/p>\n<p><a href=\"https:\/\/blog.erm.ee\/wp-content\/uploads\/2016\/11\/062098_ERM_Fk_2896_510.jpg\"><img loading=\"lazy\" decoding=\"async\" data-attachment-id=\"8873\" data-permalink=\"https:\/\/blog.erm.ee\/?attachment_id=8873#main\" data-orig-file=\"https:\/\/blog.erm.ee\/wp-content\/uploads\/2016\/11\/062098_ERM_Fk_2896_510.jpg\" data-orig-size=\"1200,816\" data-comments-opened=\"1\" data-image-meta=\"{&quot;aperture&quot;:&quot;0&quot;,&quot;credit&quot;:&quot;&quot;,&quot;camera&quot;:&quot;&quot;,&quot;caption&quot;:&quot;[#Beginning of Shooting Data Section]\\rNikon D70\\r\\rFocal Length: 50mm\\r\\rOptimize Image: Custom\\r\\rColor Mode: Mode II (Adobe RGB)\\r\\rNoise Reduction: OFF\\r\\r2006\/11\/28 10:28:22.9\\r\\rExposure Mode: Manual\\r\\rWhite Balance: Preset\\r\\rTone Comp: Auto\\r\\rRAW (12-bit) Lossless\\r\\rMetering Mode: Multi-Pattern\\r\\rAF Mode: AF-S\\r\\rHue Adjustment: 0\\u00b0\\r\\rImage Size:  Large (3008 x 2000)\\r\\r1\/30 sec - F\/9\\r\\rFlash Sync Mode: Not Attached\\r\\rSaturation:  Normal\\r\\rExposure Comp.: 0 EV\\r\\rSharpening: None\\r\\rLens: 50mm F\/2.8 D\\r\\rSensitivity: ISO 200\\r\\rImage Comment:                                     \\r\\r[#End of Shooting Data Section]&quot;,&quot;created_timestamp&quot;:&quot;1164709702&quot;,&quot;copyright&quot;:&quot;&quot;,&quot;focal_length&quot;:&quot;0&quot;,&quot;iso&quot;:&quot;0&quot;,&quot;shutter_speed&quot;:&quot;0&quot;,&quot;title&quot;:&quot;&quot;,&quot;orientation&quot;:&quot;0&quot;}\" data-image-title=\"062098_erm_fk_2896_510\" data-image-description=\"\" data-image-caption=\"&lt;p&gt;[#Beginning of Shooting Data Section]&lt;br \/&gt;\nNikon D70&lt;\/p&gt;\n&lt;p&gt;Focal Length: 50mm&lt;\/p&gt;\n&lt;p&gt;Optimize Image: Custom&lt;\/p&gt;\n&lt;p&gt;Color Mode: Mode II (Adobe RGB)&lt;\/p&gt;\n&lt;p&gt;Noise Reduction: OFF&lt;\/p&gt;\n&lt;p&gt;2006\/11\/28 10:28:22.9&lt;\/p&gt;\n&lt;p&gt;Exposure Mode: Manual&lt;\/p&gt;\n&lt;p&gt;White Balance: Preset&lt;\/p&gt;\n&lt;p&gt;Tone Comp: Auto&lt;\/p&gt;\n&lt;p&gt;RAW (12-bit) Lossless&lt;\/p&gt;\n&lt;p&gt;Metering Mode: Multi-Pattern&lt;\/p&gt;\n&lt;p&gt;AF Mode: AF-S&lt;\/p&gt;\n&lt;p&gt;Hue Adjustment: 0\u00b0&lt;\/p&gt;\n&lt;p&gt;Image Size:  Large (3008 x 2000)&lt;\/p&gt;\n&lt;p&gt;1\/30 sec &amp;#8211; F\/9&lt;\/p&gt;\n&lt;p&gt;Flash Sync Mode: Not Attached&lt;\/p&gt;\n&lt;p&gt;Saturation:  Normal&lt;\/p&gt;\n&lt;p&gt;Exposure Comp.: 0 EV&lt;\/p&gt;\n&lt;p&gt;Sharpening: None&lt;\/p&gt;\n&lt;p&gt;Lens: 50mm F\/2.8 D&lt;\/p&gt;\n&lt;p&gt;Sensitivity: ISO 200&lt;\/p&gt;\n&lt;p&gt;Image Comment:                                     &lt;\/p&gt;\n&lt;p&gt;[#End of Shooting Data Section]&lt;\/p&gt;\n\" data-large-file=\"https:\/\/blog.erm.ee\/wp-content\/uploads\/2016\/11\/062098_ERM_Fk_2896_510-1024x696.jpg\" class=\"size-full wp-image-8873\" src=\"https:\/\/blog.erm.ee\/wp-content\/uploads\/2016\/11\/062098_ERM_Fk_2896_510.jpg\" alt=\"[#Beginning of Shooting Data Section] Nikon D70 Focal Length: 50mm Optimize Image: Custom Color Mode: Mode II (Adobe RGB) Noise Reduction: OFF 2006\/11\/28 10:28:22.9 Exposure Mode: Manual White Balance: Preset Tone Comp: Auto RAW (12-bit) Lossless Metering Mode: Multi-Pattern AF Mode: AF-S Hue Adjustment: 0\u00b0 Image Size: Large (3008 x 2000) 1\/30 sec - F\/9 Flash Sync Mode: Not Attached Saturation: Normal Exposure Comp.: 0 EV Sharpening: None Lens: 50mm F\/2.8 D Sensitivity: ISO 200 Image Comment: [#End of Shooting Data Section]\" width=\"1200\" height=\"816\" srcset=\"https:\/\/blog.erm.ee\/wp-content\/uploads\/2016\/11\/062098_ERM_Fk_2896_510.jpg 1200w, https:\/\/blog.erm.ee\/wp-content\/uploads\/2016\/11\/062098_ERM_Fk_2896_510-382x260.jpg 382w, https:\/\/blog.erm.ee\/wp-content\/uploads\/2016\/11\/062098_ERM_Fk_2896_510-300x204.jpg 300w, https:\/\/blog.erm.ee\/wp-content\/uploads\/2016\/11\/062098_ERM_Fk_2896_510-768x522.jpg 768w, https:\/\/blog.erm.ee\/wp-content\/uploads\/2016\/11\/062098_ERM_Fk_2896_510-1024x696.jpg 1024w\" sizes=\"auto, (max-width: 1200px) 100vw, 1200px\" \/><\/a><\/p>\n<p><em>Isa ja poeg lemmikutega V\u00e4ndras 1951. a. Teadmata fotograaf. ERM Fk 2896:510<\/em><\/p>\n<p><a href=\"https:\/\/blog.erm.ee\/wp-content\/uploads\/2016\/11\/342704_ERM_Fk_2971_2432.jpg\"><img loading=\"lazy\" decoding=\"async\" data-attachment-id=\"8874\" data-permalink=\"https:\/\/blog.erm.ee\/?attachment_id=8874#main\" data-orig-file=\"https:\/\/blog.erm.ee\/wp-content\/uploads\/2016\/11\/342704_ERM_Fk_2971_2432.jpg\" data-orig-size=\"776,1200\" data-comments-opened=\"1\" data-image-meta=\"{&quot;aperture&quot;:&quot;0&quot;,&quot;credit&quot;:&quot;&quot;,&quot;camera&quot;:&quot;&quot;,&quot;caption&quot;:&quot;&quot;,&quot;created_timestamp&quot;:&quot;0&quot;,&quot;copyright&quot;:&quot;&quot;,&quot;focal_length&quot;:&quot;0&quot;,&quot;iso&quot;:&quot;0&quot;,&quot;shutter_speed&quot;:&quot;0&quot;,&quot;title&quot;:&quot;&quot;,&quot;orientation&quot;:&quot;0&quot;}\" data-image-title=\"342704_erm_fk_2971_2432\" data-image-description=\"\" data-image-caption=\"\" data-large-file=\"https:\/\/blog.erm.ee\/wp-content\/uploads\/2016\/11\/342704_ERM_Fk_2971_2432-662x1024.jpg\" class=\"alignnone size-full wp-image-8874\" src=\"https:\/\/blog.erm.ee\/wp-content\/uploads\/2016\/11\/342704_ERM_Fk_2971_2432.jpg\" alt=\"342704_erm_fk_2971_2432\" width=\"776\" height=\"1200\" srcset=\"https:\/\/blog.erm.ee\/wp-content\/uploads\/2016\/11\/342704_ERM_Fk_2971_2432.jpg 776w, https:\/\/blog.erm.ee\/wp-content\/uploads\/2016\/11\/342704_ERM_Fk_2971_2432-168x260.jpg 168w, https:\/\/blog.erm.ee\/wp-content\/uploads\/2016\/11\/342704_ERM_Fk_2971_2432-194x300.jpg 194w, https:\/\/blog.erm.ee\/wp-content\/uploads\/2016\/11\/342704_ERM_Fk_2971_2432-768x1188.jpg 768w, https:\/\/blog.erm.ee\/wp-content\/uploads\/2016\/11\/342704_ERM_Fk_2971_2432-662x1024.jpg 662w\" sizes=\"auto, (max-width: 776px) 100vw, 776px\" \/><\/a><em>Neiu valge rotiga. Foto: Jaak Eelmets, u 1992. ERM Fk 2971:2432<\/em><\/p>\n<p><a href=\"https:\/\/blog.erm.ee\/wp-content\/uploads\/2016\/11\/076706_ERM_Fk_2644_5852.jpg\"><img loading=\"lazy\" decoding=\"async\" data-attachment-id=\"8875\" data-permalink=\"https:\/\/blog.erm.ee\/?attachment_id=8875#main\" data-orig-file=\"https:\/\/blog.erm.ee\/wp-content\/uploads\/2016\/11\/076706_ERM_Fk_2644_5852.jpg\" data-orig-size=\"783,1200\" data-comments-opened=\"1\" data-image-meta=\"{&quot;aperture&quot;:&quot;0&quot;,&quot;credit&quot;:&quot;&quot;,&quot;camera&quot;:&quot;&quot;,&quot;caption&quot;:&quot;&quot;,&quot;created_timestamp&quot;:&quot;0&quot;,&quot;copyright&quot;:&quot;&quot;,&quot;focal_length&quot;:&quot;0&quot;,&quot;iso&quot;:&quot;0&quot;,&quot;shutter_speed&quot;:&quot;0&quot;,&quot;title&quot;:&quot;&quot;,&quot;orientation&quot;:&quot;0&quot;}\" data-image-title=\"076706_erm_fk_2644_5852\" data-image-description=\"\" data-image-caption=\"\" data-large-file=\"https:\/\/blog.erm.ee\/wp-content\/uploads\/2016\/11\/076706_ERM_Fk_2644_5852-668x1024.jpg\" class=\"alignnone size-full wp-image-8875\" src=\"https:\/\/blog.erm.ee\/wp-content\/uploads\/2016\/11\/076706_ERM_Fk_2644_5852.jpg\" alt=\"076706_erm_fk_2644_5852\" width=\"783\" height=\"1200\" srcset=\"https:\/\/blog.erm.ee\/wp-content\/uploads\/2016\/11\/076706_ERM_Fk_2644_5852.jpg 783w, https:\/\/blog.erm.ee\/wp-content\/uploads\/2016\/11\/076706_ERM_Fk_2644_5852-170x260.jpg 170w, https:\/\/blog.erm.ee\/wp-content\/uploads\/2016\/11\/076706_ERM_Fk_2644_5852-196x300.jpg 196w, https:\/\/blog.erm.ee\/wp-content\/uploads\/2016\/11\/076706_ERM_Fk_2644_5852-768x1177.jpg 768w, https:\/\/blog.erm.ee\/wp-content\/uploads\/2016\/11\/076706_ERM_Fk_2644_5852-668x1024.jpg 668w\" sizes=\"auto, (max-width: 783px) 100vw, 783px\" \/><\/a><em>Kirjanik Leonid Zaitsev papagoid toitmas. Foto: Viktor Salmre, 1968. ERM Fk 2644:5852.<\/em><\/p>\n<p><a href=\"https:\/\/blog.erm.ee\/wp-content\/uploads\/2016\/11\/340547_ERM_Fk_2971_275.jpg\"><img loading=\"lazy\" decoding=\"async\" data-attachment-id=\"8876\" data-permalink=\"https:\/\/blog.erm.ee\/?attachment_id=8876#main\" data-orig-file=\"https:\/\/blog.erm.ee\/wp-content\/uploads\/2016\/11\/340547_ERM_Fk_2971_275.jpg\" data-orig-size=\"777,1200\" data-comments-opened=\"1\" data-image-meta=\"{&quot;aperture&quot;:&quot;0&quot;,&quot;credit&quot;:&quot;&quot;,&quot;camera&quot;:&quot;&quot;,&quot;caption&quot;:&quot;&quot;,&quot;created_timestamp&quot;:&quot;0&quot;,&quot;copyright&quot;:&quot;&quot;,&quot;focal_length&quot;:&quot;0&quot;,&quot;iso&quot;:&quot;0&quot;,&quot;shutter_speed&quot;:&quot;0&quot;,&quot;title&quot;:&quot;&quot;,&quot;orientation&quot;:&quot;0&quot;}\" data-image-title=\"340547_erm_fk_2971_275\" data-image-description=\"\" data-image-caption=\"\" data-large-file=\"https:\/\/blog.erm.ee\/wp-content\/uploads\/2016\/11\/340547_ERM_Fk_2971_275-663x1024.jpg\" class=\"alignnone size-full wp-image-8876\" src=\"https:\/\/blog.erm.ee\/wp-content\/uploads\/2016\/11\/340547_ERM_Fk_2971_275.jpg\" alt=\"340547_erm_fk_2971_275\" width=\"777\" height=\"1200\" srcset=\"https:\/\/blog.erm.ee\/wp-content\/uploads\/2016\/11\/340547_ERM_Fk_2971_275.jpg 777w, https:\/\/blog.erm.ee\/wp-content\/uploads\/2016\/11\/340547_ERM_Fk_2971_275-168x260.jpg 168w, https:\/\/blog.erm.ee\/wp-content\/uploads\/2016\/11\/340547_ERM_Fk_2971_275-194x300.jpg 194w, https:\/\/blog.erm.ee\/wp-content\/uploads\/2016\/11\/340547_ERM_Fk_2971_275-768x1186.jpg 768w, https:\/\/blog.erm.ee\/wp-content\/uploads\/2016\/11\/340547_ERM_Fk_2971_275-663x1024.jpg 663w\" sizes=\"auto, (max-width: 777px) 100vw, 777px\" \/><\/a><em>Fotograaf Jevgeni Kapov kilpkonnaga. Foto: Jaak Eelmets, u 1990. ERM Fk 2971:275<\/em><\/p>\n<p><a href=\"https:\/\/blog.erm.ee\/wp-content\/uploads\/2016\/11\/069873_ERM_Fk_2914_238.jpg\"><img loading=\"lazy\" decoding=\"async\" data-attachment-id=\"8877\" data-permalink=\"https:\/\/blog.erm.ee\/?attachment_id=8877#main\" data-orig-file=\"https:\/\/blog.erm.ee\/wp-content\/uploads\/2016\/11\/069873_ERM_Fk_2914_238.jpg\" data-orig-size=\"1200,778\" data-comments-opened=\"1\" data-image-meta=\"{&quot;aperture&quot;:&quot;0&quot;,&quot;credit&quot;:&quot;&quot;,&quot;camera&quot;:&quot;&quot;,&quot;caption&quot;:&quot;&quot;,&quot;created_timestamp&quot;:&quot;0&quot;,&quot;copyright&quot;:&quot;&quot;,&quot;focal_length&quot;:&quot;0&quot;,&quot;iso&quot;:&quot;0&quot;,&quot;shutter_speed&quot;:&quot;0&quot;,&quot;title&quot;:&quot;&quot;,&quot;orientation&quot;:&quot;0&quot;}\" data-image-title=\"069873_erm_fk_2914_238\" data-image-description=\"\" data-image-caption=\"\" data-large-file=\"https:\/\/blog.erm.ee\/wp-content\/uploads\/2016\/11\/069873_ERM_Fk_2914_238-1024x664.jpg\" class=\"alignnone size-full wp-image-8877\" src=\"https:\/\/blog.erm.ee\/wp-content\/uploads\/2016\/11\/069873_ERM_Fk_2914_238.jpg\" alt=\"069873_erm_fk_2914_238\" width=\"1200\" height=\"778\" srcset=\"https:\/\/blog.erm.ee\/wp-content\/uploads\/2016\/11\/069873_ERM_Fk_2914_238.jpg 1200w, https:\/\/blog.erm.ee\/wp-content\/uploads\/2016\/11\/069873_ERM_Fk_2914_238-401x260.jpg 401w, https:\/\/blog.erm.ee\/wp-content\/uploads\/2016\/11\/069873_ERM_Fk_2914_238-300x195.jpg 300w, https:\/\/blog.erm.ee\/wp-content\/uploads\/2016\/11\/069873_ERM_Fk_2914_238-768x498.jpg 768w, https:\/\/blog.erm.ee\/wp-content\/uploads\/2016\/11\/069873_ERM_Fk_2914_238-1024x664.jpg 1024w\" sizes=\"auto, (max-width: 1200px) 100vw, 1200px\" \/><\/a><em>Jevgeni T\u0161alanov oma koera T\u0161ipiga Kuk-ju j\u00f5el Komi Vabariigis. Foto: Art Leete, 2003. ERM Fk 2914:238.<\/em><\/p>\n<p><a href=\"https:\/\/blog.erm.ee\/wp-content\/uploads\/2016\/11\/061845_ERM_Fk_2896_257.jpg\"><img loading=\"lazy\" decoding=\"async\" data-attachment-id=\"8878\" data-permalink=\"https:\/\/blog.erm.ee\/?attachment_id=8878#main\" data-orig-file=\"https:\/\/blog.erm.ee\/wp-content\/uploads\/2016\/11\/061845_ERM_Fk_2896_257.jpg\" data-orig-size=\"1200,788\" data-comments-opened=\"1\" data-image-meta=\"{&quot;aperture&quot;:&quot;0&quot;,&quot;credit&quot;:&quot;&quot;,&quot;camera&quot;:&quot;&quot;,&quot;caption&quot;:&quot;&quot;,&quot;created_timestamp&quot;:&quot;1159459812&quot;,&quot;copyright&quot;:&quot;&quot;,&quot;focal_length&quot;:&quot;0&quot;,&quot;iso&quot;:&quot;0&quot;,&quot;shutter_speed&quot;:&quot;0&quot;,&quot;title&quot;:&quot;&quot;,&quot;orientation&quot;:&quot;0&quot;}\" data-image-title=\"061845_erm_fk_2896_257\" data-image-description=\"\" data-image-caption=\"\" data-large-file=\"https:\/\/blog.erm.ee\/wp-content\/uploads\/2016\/11\/061845_ERM_Fk_2896_257-1024x672.jpg\" class=\"alignnone size-full wp-image-8878\" src=\"https:\/\/blog.erm.ee\/wp-content\/uploads\/2016\/11\/061845_ERM_Fk_2896_257.jpg\" alt=\"061845_erm_fk_2896_257\" width=\"1200\" height=\"788\" srcset=\"https:\/\/blog.erm.ee\/wp-content\/uploads\/2016\/11\/061845_ERM_Fk_2896_257.jpg 1200w, https:\/\/blog.erm.ee\/wp-content\/uploads\/2016\/11\/061845_ERM_Fk_2896_257-396x260.jpg 396w, https:\/\/blog.erm.ee\/wp-content\/uploads\/2016\/11\/061845_ERM_Fk_2896_257-300x197.jpg 300w, https:\/\/blog.erm.ee\/wp-content\/uploads\/2016\/11\/061845_ERM_Fk_2896_257-768x504.jpg 768w, https:\/\/blog.erm.ee\/wp-content\/uploads\/2016\/11\/061845_ERM_Fk_2896_257-1024x672.jpg 1024w\" sizes=\"auto, (max-width: 1200px) 100vw, 1200px\" \/><\/a><em>Kass Vaassa lapse und valvamas. Teadmata fotograaf, 1970. ERM Fk 2896:257<\/em><\/p>\n<p><a href=\"https:\/\/blog.erm.ee\/wp-content\/uploads\/2016\/11\/046112_ERM_Fk_2821_336.jpg\"><img loading=\"lazy\" decoding=\"async\" data-attachment-id=\"8867\" data-permalink=\"https:\/\/blog.erm.ee\/?attachment_id=8867#main\" data-orig-file=\"https:\/\/blog.erm.ee\/wp-content\/uploads\/2016\/11\/046112_ERM_Fk_2821_336.jpg\" data-orig-size=\"923,1200\" data-comments-opened=\"1\" data-image-meta=\"{&quot;aperture&quot;:&quot;0&quot;,&quot;credit&quot;:&quot;&quot;,&quot;camera&quot;:&quot;&quot;,&quot;caption&quot;:&quot;&quot;,&quot;created_timestamp&quot;:&quot;0&quot;,&quot;copyright&quot;:&quot;&quot;,&quot;focal_length&quot;:&quot;0&quot;,&quot;iso&quot;:&quot;0&quot;,&quot;shutter_speed&quot;:&quot;0&quot;,&quot;title&quot;:&quot;&quot;,&quot;orientation&quot;:&quot;0&quot;}\" data-image-title=\"046112_erm_fk_2821_336\" data-image-description=\"\" data-image-caption=\"\" data-large-file=\"https:\/\/blog.erm.ee\/wp-content\/uploads\/2016\/11\/046112_ERM_Fk_2821_336-788x1024.jpg\" class=\"alignnone size-full wp-image-8867\" src=\"https:\/\/blog.erm.ee\/wp-content\/uploads\/2016\/11\/046112_ERM_Fk_2821_336.jpg\" alt=\"046112_erm_fk_2821_336\" width=\"923\" height=\"1200\" srcset=\"https:\/\/blog.erm.ee\/wp-content\/uploads\/2016\/11\/046112_ERM_Fk_2821_336.jpg 923w, https:\/\/blog.erm.ee\/wp-content\/uploads\/2016\/11\/046112_ERM_Fk_2821_336-200x260.jpg 200w, https:\/\/blog.erm.ee\/wp-content\/uploads\/2016\/11\/046112_ERM_Fk_2821_336-231x300.jpg 231w, https:\/\/blog.erm.ee\/wp-content\/uploads\/2016\/11\/046112_ERM_Fk_2821_336-768x998.jpg 768w, https:\/\/blog.erm.ee\/wp-content\/uploads\/2016\/11\/046112_ERM_Fk_2821_336-788x1024.jpg 788w\" sizes=\"auto, (max-width: 923px) 100vw, 923px\" \/><\/a><em>Mees koeraga trepil istumas. Teadmata fotograaf. ERM Fk\u00a0 2821:336<\/em><\/p>\n<p><a href=\"https:\/\/blog.erm.ee\/wp-content\/uploads\/2016\/11\/306134_ERM_Fk_2935_693.jpg\"><img loading=\"lazy\" decoding=\"async\" data-attachment-id=\"8879\" data-permalink=\"https:\/\/blog.erm.ee\/?attachment_id=8879#main\" data-orig-file=\"https:\/\/blog.erm.ee\/wp-content\/uploads\/2016\/11\/306134_ERM_Fk_2935_693.jpg\" data-orig-size=\"1200,900\" data-comments-opened=\"1\" data-image-meta=\"{&quot;aperture&quot;:&quot;0&quot;,&quot;credit&quot;:&quot;&quot;,&quot;camera&quot;:&quot;&quot;,&quot;caption&quot;:&quot;&quot;,&quot;created_timestamp&quot;:&quot;1246642878&quot;,&quot;copyright&quot;:&quot;&quot;,&quot;focal_length&quot;:&quot;0&quot;,&quot;iso&quot;:&quot;0&quot;,&quot;shutter_speed&quot;:&quot;0&quot;,&quot;title&quot;:&quot;&quot;,&quot;orientation&quot;:&quot;0&quot;}\" data-image-title=\"306134_erm_fk_2935_693\" data-image-description=\"\" data-image-caption=\"\" data-large-file=\"https:\/\/blog.erm.ee\/wp-content\/uploads\/2016\/11\/306134_ERM_Fk_2935_693-1024x768.jpg\" class=\"alignnone size-full wp-image-8879\" src=\"https:\/\/blog.erm.ee\/wp-content\/uploads\/2016\/11\/306134_ERM_Fk_2935_693.jpg\" alt=\"306134_erm_fk_2935_693\" width=\"1200\" height=\"900\" srcset=\"https:\/\/blog.erm.ee\/wp-content\/uploads\/2016\/11\/306134_ERM_Fk_2935_693.jpg 1200w, https:\/\/blog.erm.ee\/wp-content\/uploads\/2016\/11\/306134_ERM_Fk_2935_693-347x260.jpg 347w, https:\/\/blog.erm.ee\/wp-content\/uploads\/2016\/11\/306134_ERM_Fk_2935_693-300x225.jpg 300w, https:\/\/blog.erm.ee\/wp-content\/uploads\/2016\/11\/306134_ERM_Fk_2935_693-768x576.jpg 768w, https:\/\/blog.erm.ee\/wp-content\/uploads\/2016\/11\/306134_ERM_Fk_2935_693-1024x768.jpg 1024w\" sizes=\"auto, (max-width: 1200px) 100vw, 1200px\" \/><\/a><em>Deegu puuris. Foto: Saskia Lillepuu, 2009. ERM Fk 2935:693<\/em><\/p>\n<p><a href=\"https:\/\/blog.erm.ee\/wp-content\/uploads\/2016\/11\/061914_ERM_Fk_2896_326.jpg\"><img loading=\"lazy\" decoding=\"async\" data-attachment-id=\"8880\" data-permalink=\"https:\/\/blog.erm.ee\/?attachment_id=8880#main\" data-orig-file=\"https:\/\/blog.erm.ee\/wp-content\/uploads\/2016\/11\/061914_ERM_Fk_2896_326.jpg\" data-orig-size=\"1200,891\" data-comments-opened=\"1\" data-image-meta=\"{&quot;aperture&quot;:&quot;0&quot;,&quot;credit&quot;:&quot;&quot;,&quot;camera&quot;:&quot;&quot;,&quot;caption&quot;:&quot;&quot;,&quot;created_timestamp&quot;:&quot;1159460944&quot;,&quot;copyright&quot;:&quot;&quot;,&quot;focal_length&quot;:&quot;0&quot;,&quot;iso&quot;:&quot;0&quot;,&quot;shutter_speed&quot;:&quot;0&quot;,&quot;title&quot;:&quot;&quot;,&quot;orientation&quot;:&quot;0&quot;}\" data-image-title=\"061914_erm_fk_2896_326\" data-image-description=\"\" data-image-caption=\"\" data-large-file=\"https:\/\/blog.erm.ee\/wp-content\/uploads\/2016\/11\/061914_ERM_Fk_2896_326-1024x760.jpg\" class=\"alignnone size-full wp-image-8880\" src=\"https:\/\/blog.erm.ee\/wp-content\/uploads\/2016\/11\/061914_ERM_Fk_2896_326.jpg\" alt=\"061914_erm_fk_2896_326\" width=\"1200\" height=\"891\" srcset=\"https:\/\/blog.erm.ee\/wp-content\/uploads\/2016\/11\/061914_ERM_Fk_2896_326.jpg 1200w, https:\/\/blog.erm.ee\/wp-content\/uploads\/2016\/11\/061914_ERM_Fk_2896_326-350x260.jpg 350w, https:\/\/blog.erm.ee\/wp-content\/uploads\/2016\/11\/061914_ERM_Fk_2896_326-300x223.jpg 300w, https:\/\/blog.erm.ee\/wp-content\/uploads\/2016\/11\/061914_ERM_Fk_2896_326-768x570.jpg 768w, https:\/\/blog.erm.ee\/wp-content\/uploads\/2016\/11\/061914_ERM_Fk_2896_326-1024x760.jpg 1024w\" sizes=\"auto, (max-width: 1200px) 100vw, 1200px\" \/><\/a><em>Kass soojendamas end koer Morre pehme kasuka peal Sipa k\u00fclas. Teadmata fotograaf, u 2006. ERM Fk 2896:326<\/em><\/p>\n<p><a href=\"https:\/\/blog.erm.ee\/wp-content\/uploads\/2016\/11\/343755_ERM_Fk_2971_3483.jpg\"><img loading=\"lazy\" decoding=\"async\" data-attachment-id=\"8881\" data-permalink=\"https:\/\/blog.erm.ee\/?attachment_id=8881#main\" data-orig-file=\"https:\/\/blog.erm.ee\/wp-content\/uploads\/2016\/11\/343755_ERM_Fk_2971_3483.jpg\" data-orig-size=\"774,1200\" data-comments-opened=\"1\" data-image-meta=\"{&quot;aperture&quot;:&quot;0&quot;,&quot;credit&quot;:&quot;&quot;,&quot;camera&quot;:&quot;&quot;,&quot;caption&quot;:&quot;&quot;,&quot;created_timestamp&quot;:&quot;0&quot;,&quot;copyright&quot;:&quot;&quot;,&quot;focal_length&quot;:&quot;0&quot;,&quot;iso&quot;:&quot;0&quot;,&quot;shutter_speed&quot;:&quot;0&quot;,&quot;title&quot;:&quot;&quot;,&quot;orientation&quot;:&quot;0&quot;}\" data-image-title=\"343755_erm_fk_2971_3483\" data-image-description=\"\" data-image-caption=\"\" data-large-file=\"https:\/\/blog.erm.ee\/wp-content\/uploads\/2016\/11\/343755_ERM_Fk_2971_3483-660x1024.jpg\" class=\"alignnone size-full wp-image-8881\" src=\"https:\/\/blog.erm.ee\/wp-content\/uploads\/2016\/11\/343755_ERM_Fk_2971_3483.jpg\" alt=\"343755_erm_fk_2971_3483\" width=\"774\" height=\"1200\" srcset=\"https:\/\/blog.erm.ee\/wp-content\/uploads\/2016\/11\/343755_ERM_Fk_2971_3483.jpg 774w, https:\/\/blog.erm.ee\/wp-content\/uploads\/2016\/11\/343755_ERM_Fk_2971_3483-168x260.jpg 168w, https:\/\/blog.erm.ee\/wp-content\/uploads\/2016\/11\/343755_ERM_Fk_2971_3483-194x300.jpg 194w, https:\/\/blog.erm.ee\/wp-content\/uploads\/2016\/11\/343755_ERM_Fk_2971_3483-768x1191.jpg 768w, https:\/\/blog.erm.ee\/wp-content\/uploads\/2016\/11\/343755_ERM_Fk_2971_3483-660x1024.jpg 660w\" sizes=\"auto, (max-width: 774px) 100vw, 774px\" \/><\/a><em>Poiss koeraga. Foto: Jaak Eelmets, u 1983. ERM Fk 2971:3483<\/em><\/p>\n<p><a href=\"https:\/\/blog.erm.ee\/wp-content\/uploads\/2016\/11\/062101_ERM_Fk_2896_513.jpg\"><img loading=\"lazy\" decoding=\"async\" data-attachment-id=\"8882\" data-permalink=\"https:\/\/blog.erm.ee\/?attachment_id=8882#main\" data-orig-file=\"https:\/\/blog.erm.ee\/wp-content\/uploads\/2016\/11\/062101_ERM_Fk_2896_513.jpg\" data-orig-size=\"792,1200\" data-comments-opened=\"1\" data-image-meta=\"{&quot;aperture&quot;:&quot;0&quot;,&quot;credit&quot;:&quot;&quot;,&quot;camera&quot;:&quot;&quot;,&quot;caption&quot;:&quot;[#Beginning of Shooting Data Section]\\rNikon D70\\r\\rFocal Length: 50mm\\r\\rOptimize Image: Custom\\r\\rColor Mode: Mode II (Adobe RGB)\\r\\rNoise Reduction: OFF\\r\\r2006\/11\/28 10:29:12.8\\r\\rExposure Mode: Manual\\r\\rWhite Balance: Preset\\r\\rTone Comp: Auto\\r\\rRAW (12-bit) Lossless\\r\\rMetering Mode: Multi-Pattern\\r\\rAF Mode: AF-S\\r\\rHue Adjustment: 0\\u00b0\\r\\rImage Size:  Large (3008 x 2000)\\r\\r1\/30 sec - F\/9\\r\\rFlash Sync Mode: Not Attached\\r\\rSaturation:  Normal\\r\\rExposure Comp.: 0 EV\\r\\rSharpening: None\\r\\rLens: 50mm F\/2.8 D\\r\\rSensitivity: ISO 200\\r\\rImage Comment:                                     \\r\\r[#End of Shooting Data Section]&quot;,&quot;created_timestamp&quot;:&quot;1164709752&quot;,&quot;copyright&quot;:&quot;&quot;,&quot;focal_length&quot;:&quot;0&quot;,&quot;iso&quot;:&quot;0&quot;,&quot;shutter_speed&quot;:&quot;0&quot;,&quot;title&quot;:&quot;&quot;,&quot;orientation&quot;:&quot;0&quot;}\" data-image-title=\"062101_erm_fk_2896_513\" data-image-description=\"\" data-image-caption=\"&lt;p&gt;[#Beginning of Shooting Data Section]&lt;br \/&gt;\nNikon D70&lt;\/p&gt;\n&lt;p&gt;Focal Length: 50mm&lt;\/p&gt;\n&lt;p&gt;Optimize Image: Custom&lt;\/p&gt;\n&lt;p&gt;Color Mode: Mode II (Adobe RGB)&lt;\/p&gt;\n&lt;p&gt;Noise Reduction: OFF&lt;\/p&gt;\n&lt;p&gt;2006\/11\/28 10:29:12.8&lt;\/p&gt;\n&lt;p&gt;Exposure Mode: Manual&lt;\/p&gt;\n&lt;p&gt;White Balance: Preset&lt;\/p&gt;\n&lt;p&gt;Tone Comp: Auto&lt;\/p&gt;\n&lt;p&gt;RAW (12-bit) Lossless&lt;\/p&gt;\n&lt;p&gt;Metering Mode: Multi-Pattern&lt;\/p&gt;\n&lt;p&gt;AF Mode: AF-S&lt;\/p&gt;\n&lt;p&gt;Hue Adjustment: 0\u00b0&lt;\/p&gt;\n&lt;p&gt;Image Size:  Large (3008 x 2000)&lt;\/p&gt;\n&lt;p&gt;1\/30 sec &amp;#8211; F\/9&lt;\/p&gt;\n&lt;p&gt;Flash Sync Mode: Not Attached&lt;\/p&gt;\n&lt;p&gt;Saturation:  Normal&lt;\/p&gt;\n&lt;p&gt;Exposure Comp.: 0 EV&lt;\/p&gt;\n&lt;p&gt;Sharpening: None&lt;\/p&gt;\n&lt;p&gt;Lens: 50mm F\/2.8 D&lt;\/p&gt;\n&lt;p&gt;Sensitivity: ISO 200&lt;\/p&gt;\n&lt;p&gt;Image Comment:                                     &lt;\/p&gt;\n&lt;p&gt;[#End of Shooting Data Section]&lt;\/p&gt;\n\" data-large-file=\"https:\/\/blog.erm.ee\/wp-content\/uploads\/2016\/11\/062101_ERM_Fk_2896_513-676x1024.jpg\" class=\"size-full wp-image-8882\" src=\"https:\/\/blog.erm.ee\/wp-content\/uploads\/2016\/11\/062101_ERM_Fk_2896_513.jpg\" alt=\"[#Beginning of Shooting Data Section] Nikon D70 Focal Length: 50mm Optimize Image: Custom Color Mode: Mode II (Adobe RGB) Noise Reduction: OFF 2006\/11\/28 10:29:12.8 Exposure Mode: Manual White Balance: Preset Tone Comp: Auto RAW (12-bit) Lossless Metering Mode: Multi-Pattern AF Mode: AF-S Hue Adjustment: 0\u00b0 Image Size: Large (3008 x 2000) 1\/30 sec - F\/9 Flash Sync Mode: Not Attached Saturation: Normal Exposure Comp.: 0 EV Sharpening: None Lens: 50mm F\/2.8 D Sensitivity: ISO 200 Image Comment: [#End of Shooting Data Section]\" width=\"792\" height=\"1200\" srcset=\"https:\/\/blog.erm.ee\/wp-content\/uploads\/2016\/11\/062101_ERM_Fk_2896_513.jpg 792w, https:\/\/blog.erm.ee\/wp-content\/uploads\/2016\/11\/062101_ERM_Fk_2896_513-172x260.jpg 172w, https:\/\/blog.erm.ee\/wp-content\/uploads\/2016\/11\/062101_ERM_Fk_2896_513-198x300.jpg 198w, https:\/\/blog.erm.ee\/wp-content\/uploads\/2016\/11\/062101_ERM_Fk_2896_513-768x1164.jpg 768w, https:\/\/blog.erm.ee\/wp-content\/uploads\/2016\/11\/062101_ERM_Fk_2896_513-676x1024.jpg 676w\" sizes=\"auto, (max-width: 792px) 100vw, 792px\" \/><\/a><\/p>\n<p><em>Evald M\u00e4e koeraga jahil. Teadmata fotograaf, u 1951. ERM Fk 2896:513<\/em><\/p>\n<p><a href=\"https:\/\/blog.erm.ee\/wp-content\/uploads\/2016\/11\/352229_ERM_Fk_2989_12.jpg\"><img loading=\"lazy\" decoding=\"async\" data-attachment-id=\"8883\" data-permalink=\"https:\/\/blog.erm.ee\/?attachment_id=8883#main\" data-orig-file=\"https:\/\/blog.erm.ee\/wp-content\/uploads\/2016\/11\/352229_ERM_Fk_2989_12.jpg\" data-orig-size=\"892,1200\" data-comments-opened=\"1\" data-image-meta=\"{&quot;aperture&quot;:&quot;0&quot;,&quot;credit&quot;:&quot;&quot;,&quot;camera&quot;:&quot;&quot;,&quot;caption&quot;:&quot;&quot;,&quot;created_timestamp&quot;:&quot;1424252108&quot;,&quot;copyright&quot;:&quot;&quot;,&quot;focal_length&quot;:&quot;0&quot;,&quot;iso&quot;:&quot;0&quot;,&quot;shutter_speed&quot;:&quot;0&quot;,&quot;title&quot;:&quot;&quot;,&quot;orientation&quot;:&quot;0&quot;}\" data-image-title=\"352229_erm_fk_2989_12\" data-image-description=\"\" data-image-caption=\"\" data-large-file=\"https:\/\/blog.erm.ee\/wp-content\/uploads\/2016\/11\/352229_ERM_Fk_2989_12-761x1024.jpg\" class=\"alignnone size-full wp-image-8883\" src=\"https:\/\/blog.erm.ee\/wp-content\/uploads\/2016\/11\/352229_ERM_Fk_2989_12.jpg\" alt=\"352229_erm_fk_2989_12\" width=\"892\" height=\"1200\" srcset=\"https:\/\/blog.erm.ee\/wp-content\/uploads\/2016\/11\/352229_ERM_Fk_2989_12.jpg 892w, https:\/\/blog.erm.ee\/wp-content\/uploads\/2016\/11\/352229_ERM_Fk_2989_12-193x260.jpg 193w, https:\/\/blog.erm.ee\/wp-content\/uploads\/2016\/11\/352229_ERM_Fk_2989_12-223x300.jpg 223w, https:\/\/blog.erm.ee\/wp-content\/uploads\/2016\/11\/352229_ERM_Fk_2989_12-768x1033.jpg 768w, https:\/\/blog.erm.ee\/wp-content\/uploads\/2016\/11\/352229_ERM_Fk_2989_12-761x1024.jpg 761w\" sizes=\"auto, (max-width: 892px) 100vw, 892px\" \/><\/a><em>V\u00e4ike Enn kassiga. Teadmata fotograaf, u 1960. ERM Fk 2989:12<\/em><\/p>\n<p><a href=\"https:\/\/blog.erm.ee\/wp-content\/uploads\/2016\/11\/318284_ERM_Fk_2160_475.jpg\"><img loading=\"lazy\" decoding=\"async\" data-attachment-id=\"8884\" data-permalink=\"https:\/\/blog.erm.ee\/?attachment_id=8884#main\" data-orig-file=\"https:\/\/blog.erm.ee\/wp-content\/uploads\/2016\/11\/318284_ERM_Fk_2160_475.jpg\" data-orig-size=\"1200,770\" data-comments-opened=\"1\" data-image-meta=\"{&quot;aperture&quot;:&quot;0&quot;,&quot;credit&quot;:&quot;Arp Karm&quot;,&quot;camera&quot;:&quot;&quot;,&quot;caption&quot;:&quot;&quot;,&quot;created_timestamp&quot;:&quot;1266918497&quot;,&quot;copyright&quot;:&quot;Arp Karm&quot;,&quot;focal_length&quot;:&quot;0&quot;,&quot;iso&quot;:&quot;0&quot;,&quot;shutter_speed&quot;:&quot;0&quot;,&quot;title&quot;:&quot;&quot;,&quot;orientation&quot;:&quot;0&quot;}\" data-image-title=\"318284_erm_fk_2160_475\" data-image-description=\"\" data-image-caption=\"\" data-large-file=\"https:\/\/blog.erm.ee\/wp-content\/uploads\/2016\/11\/318284_ERM_Fk_2160_475-1024x657.jpg\" class=\"alignnone size-full wp-image-8884\" src=\"https:\/\/blog.erm.ee\/wp-content\/uploads\/2016\/11\/318284_ERM_Fk_2160_475.jpg\" alt=\"318284_erm_fk_2160_475\" width=\"1200\" height=\"770\" srcset=\"https:\/\/blog.erm.ee\/wp-content\/uploads\/2016\/11\/318284_ERM_Fk_2160_475.jpg 1200w, https:\/\/blog.erm.ee\/wp-content\/uploads\/2016\/11\/318284_ERM_Fk_2160_475-405x260.jpg 405w, https:\/\/blog.erm.ee\/wp-content\/uploads\/2016\/11\/318284_ERM_Fk_2160_475-300x193.jpg 300w, https:\/\/blog.erm.ee\/wp-content\/uploads\/2016\/11\/318284_ERM_Fk_2160_475-768x493.jpg 768w, https:\/\/blog.erm.ee\/wp-content\/uploads\/2016\/11\/318284_ERM_Fk_2160_475-1024x657.jpg 1024w\" sizes=\"auto, (max-width: 1200px) 100vw, 1200px\" \/><\/a><em>Tori khk \u00c4rmi talu koduloomad ja \u2013linnud \u00f5uel. Teadmata fotograaf. ERM Fk 2160:475<\/em><\/p>\n<p><a href=\"https:\/\/blog.erm.ee\/wp-content\/uploads\/2016\/11\/326881_ERM_Fk_2957_1404.jpg\"><img loading=\"lazy\" decoding=\"async\" data-attachment-id=\"8885\" data-permalink=\"https:\/\/blog.erm.ee\/?attachment_id=8885#main\" data-orig-file=\"https:\/\/blog.erm.ee\/wp-content\/uploads\/2016\/11\/326881_ERM_Fk_2957_1404.jpg\" data-orig-size=\"791,1200\" data-comments-opened=\"1\" data-image-meta=\"{&quot;aperture&quot;:&quot;0&quot;,&quot;credit&quot;:&quot;&quot;,&quot;camera&quot;:&quot;&quot;,&quot;caption&quot;:&quot;&quot;,&quot;created_timestamp&quot;:&quot;0&quot;,&quot;copyright&quot;:&quot;&quot;,&quot;focal_length&quot;:&quot;0&quot;,&quot;iso&quot;:&quot;0&quot;,&quot;shutter_speed&quot;:&quot;0&quot;,&quot;title&quot;:&quot;&quot;,&quot;orientation&quot;:&quot;0&quot;}\" data-image-title=\"326881_erm_fk_2957_1404\" data-image-description=\"\" data-image-caption=\"\" data-large-file=\"https:\/\/blog.erm.ee\/wp-content\/uploads\/2016\/11\/326881_ERM_Fk_2957_1404-675x1024.jpg\" class=\"alignnone size-full wp-image-8885\" src=\"https:\/\/blog.erm.ee\/wp-content\/uploads\/2016\/11\/326881_ERM_Fk_2957_1404.jpg\" alt=\"326881_erm_fk_2957_1404\" width=\"791\" height=\"1200\" srcset=\"https:\/\/blog.erm.ee\/wp-content\/uploads\/2016\/11\/326881_ERM_Fk_2957_1404.jpg 791w, https:\/\/blog.erm.ee\/wp-content\/uploads\/2016\/11\/326881_ERM_Fk_2957_1404-171x260.jpg 171w, https:\/\/blog.erm.ee\/wp-content\/uploads\/2016\/11\/326881_ERM_Fk_2957_1404-198x300.jpg 198w, https:\/\/blog.erm.ee\/wp-content\/uploads\/2016\/11\/326881_ERM_Fk_2957_1404-768x1165.jpg 768w, https:\/\/blog.erm.ee\/wp-content\/uploads\/2016\/11\/326881_ERM_Fk_2957_1404-675x1024.jpg 675w\" sizes=\"auto, (max-width: 791px) 100vw, 791px\" \/><\/a><em>J\u00f5e\u00e4\u00e4re k\u00fcla talumees koerale trikke \u00f5petamas. Foto: Hans Voolmann, u 1930. ERM Fk 2957:1404<\/em><\/p>\n<p><a href=\"https:\/\/blog.erm.ee\/wp-content\/uploads\/2016\/11\/061832_ERM_Fk_2896_244.jpg\"><img loading=\"lazy\" decoding=\"async\" data-attachment-id=\"8886\" data-permalink=\"https:\/\/blog.erm.ee\/?attachment_id=8886#main\" data-orig-file=\"https:\/\/blog.erm.ee\/wp-content\/uploads\/2016\/11\/061832_ERM_Fk_2896_244.jpg\" data-orig-size=\"1200,895\" data-comments-opened=\"1\" data-image-meta=\"{&quot;aperture&quot;:&quot;0&quot;,&quot;credit&quot;:&quot;&quot;,&quot;camera&quot;:&quot;&quot;,&quot;caption&quot;:&quot;&quot;,&quot;created_timestamp&quot;:&quot;1159459626&quot;,&quot;copyright&quot;:&quot;&quot;,&quot;focal_length&quot;:&quot;0&quot;,&quot;iso&quot;:&quot;0&quot;,&quot;shutter_speed&quot;:&quot;0&quot;,&quot;title&quot;:&quot;&quot;,&quot;orientation&quot;:&quot;0&quot;}\" data-image-title=\"061832_erm_fk_2896_244\" data-image-description=\"\" data-image-caption=\"\" data-large-file=\"https:\/\/blog.erm.ee\/wp-content\/uploads\/2016\/11\/061832_ERM_Fk_2896_244-1024x764.jpg\" class=\"alignnone size-full wp-image-8886\" src=\"https:\/\/blog.erm.ee\/wp-content\/uploads\/2016\/11\/061832_ERM_Fk_2896_244.jpg\" alt=\"061832_erm_fk_2896_244\" width=\"1200\" height=\"895\" srcset=\"https:\/\/blog.erm.ee\/wp-content\/uploads\/2016\/11\/061832_ERM_Fk_2896_244.jpg 1200w, https:\/\/blog.erm.ee\/wp-content\/uploads\/2016\/11\/061832_ERM_Fk_2896_244-349x260.jpg 349w, https:\/\/blog.erm.ee\/wp-content\/uploads\/2016\/11\/061832_ERM_Fk_2896_244-300x224.jpg 300w, https:\/\/blog.erm.ee\/wp-content\/uploads\/2016\/11\/061832_ERM_Fk_2896_244-768x573.jpg 768w, https:\/\/blog.erm.ee\/wp-content\/uploads\/2016\/11\/061832_ERM_Fk_2896_244-1024x764.jpg 1024w\" sizes=\"auto, (max-width: 1200px) 100vw, 1200px\" \/><\/a><em>Kass Roosi oma poegadega. Teadmata fotograaf, 1983. ERM Fk 2896:244.<\/em><\/p>\n<p><img loading=\"lazy\" decoding=\"async\" data-attachment-id=\"8887\" data-permalink=\"https:\/\/blog.erm.ee\/?attachment_id=8887#main\" data-orig-file=\"https:\/\/blog.erm.ee\/wp-content\/uploads\/2016\/11\/302317_ERM_Fk_2926_231.jpg\" data-orig-size=\"896,1200\" data-comments-opened=\"1\" data-image-meta=\"{&quot;aperture&quot;:&quot;0&quot;,&quot;credit&quot;:&quot;&quot;,&quot;camera&quot;:&quot;&quot;,&quot;caption&quot;:&quot;[#Beginning of Shooting Data Section]\\rNikon D200\\rFocal Length: 50mm\\rOptimize Image: Custom\\rColor Mode: Mode II (Adobe RGB)\\rLong Exposure NR: Off\\rHigh ISO NR: Off\\r2010\/05\/27 16:15:11.9\\rExposure Mode: Manual\\rWhite Balance: Flash\\rTone Comp.: Auto\\rRAW (12-bit)\\rMetering Mode: Spot\\rAF Mode: AF-S\\rHue Adjustment: 0\\u00b0\\rImage Size: Large (3872 x 2592)\\r1\/30 sec - F\/9\\rFlash Sync Mode: Not Attached\\rSaturation: Normal\\rColor\\rExposure Comp.: 0 EV\\rSharpening: Medium high\\rLens: 50mm F\/2.8 D\\rSensitivity: ISO 100\\rImage Comment:                                     \\r[#End of Shooting Data Section]&quot;,&quot;created_timestamp&quot;:&quot;1274976911&quot;,&quot;copyright&quot;:&quot;&quot;,&quot;focal_length&quot;:&quot;0&quot;,&quot;iso&quot;:&quot;0&quot;,&quot;shutter_speed&quot;:&quot;0&quot;,&quot;title&quot;:&quot;&quot;,&quot;orientation&quot;:&quot;0&quot;}\" data-image-title=\"302317_erm_fk_2926_231\" data-image-description=\"\" data-image-caption=\"&lt;p&gt;[#Beginning of Shooting Data Section]&lt;br \/&gt;\nNikon D200&lt;br \/&gt;\nFocal Length: 50mm&lt;br \/&gt;\nOptimize Image: Custom&lt;br \/&gt;\nColor Mode: Mode II (Adobe RGB)&lt;br \/&gt;\nLong Exposure NR: Off&lt;br \/&gt;\nHigh ISO NR: Off&lt;br \/&gt;\n2010\/05\/27 16:15:11.9&lt;br \/&gt;\nExposure Mode: Manual&lt;br \/&gt;\nWhite Balance: Flash&lt;br \/&gt;\nTone Comp.: Auto&lt;br \/&gt;\nRAW (12-bit)&lt;br \/&gt;\nMetering Mode: Spot&lt;br \/&gt;\nAF Mode: AF-S&lt;br \/&gt;\nHue Adjustment: 0\u00b0&lt;br \/&gt;\nImage Size: Large (3872 x 2592)&lt;br \/&gt;\n1\/30 sec &amp;#8211; F\/9&lt;br \/&gt;\nFlash Sync Mode: Not Attached&lt;br \/&gt;\nSaturation: Normal&lt;br \/&gt;\nColor&lt;br \/&gt;\nExposure Comp.: 0 EV&lt;br \/&gt;\nSharpening: Medium high&lt;br \/&gt;\nLens: 50mm F\/2.8 D&lt;br \/&gt;\nSensitivity: ISO 100&lt;br \/&gt;\nImage Comment:&lt;br \/&gt;\n[#End of Shooting Data Section]&lt;\/p&gt;\n\" data-large-file=\"https:\/\/blog.erm.ee\/wp-content\/uploads\/2016\/11\/302317_ERM_Fk_2926_231-765x1024.jpg\" class=\"size-full wp-image-8887\" src=\"https:\/\/blog.erm.ee\/wp-content\/uploads\/2016\/11\/302317_ERM_Fk_2926_231.jpg\" alt=\"[#Beginning of Shooting Data Section] Nikon D200 Focal Length: 50mm Optimize Image: Custom Color Mode: Mode II (Adobe RGB) Long Exposure NR: Off High ISO NR: Off 2010\/05\/27 16:15:11.9 Exposure Mode: Manual White Balance: Flash Tone Comp.: Auto RAW (12-bit) Metering Mode: Spot AF Mode: AF-S Hue Adjustment: 0\u00b0 Image Size: Large (3872 x 2592) 1\/30 sec - F\/9 Flash Sync Mode: Not Attached Saturation: Normal Color Exposure Comp.: 0 EV Sharpening: Medium high Lens: 50mm F\/2.8 D Sensitivity: ISO 100 Image Comment: [#End of Shooting Data Section]\" width=\"896\" height=\"1200\" srcset=\"https:\/\/blog.erm.ee\/wp-content\/uploads\/2016\/11\/302317_ERM_Fk_2926_231.jpg 896w, https:\/\/blog.erm.ee\/wp-content\/uploads\/2016\/11\/302317_ERM_Fk_2926_231-194x260.jpg 194w, https:\/\/blog.erm.ee\/wp-content\/uploads\/2016\/11\/302317_ERM_Fk_2926_231-224x300.jpg 224w, https:\/\/blog.erm.ee\/wp-content\/uploads\/2016\/11\/302317_ERM_Fk_2926_231-768x1029.jpg 768w, https:\/\/blog.erm.ee\/wp-content\/uploads\/2016\/11\/302317_ERM_Fk_2926_231-765x1024.jpg 765w\" sizes=\"auto, (max-width: 896px) 100vw, 896px\" \/><em>Tiina hobusega Saaremaal suvekodus. Foto: Enda Naaber, 1977. ERM Fk 2926:231.<\/em><\/p>\n<p><a href=\"https:\/\/blog.erm.ee\/wp-content\/uploads\/2016\/11\/063127_ERM_Fk_2901_74.jpg\"><img loading=\"lazy\" decoding=\"async\" data-attachment-id=\"8888\" data-permalink=\"https:\/\/blog.erm.ee\/?attachment_id=8888#main\" data-orig-file=\"https:\/\/blog.erm.ee\/wp-content\/uploads\/2016\/11\/063127_ERM_Fk_2901_74.jpg\" data-orig-size=\"1200,802\" data-comments-opened=\"1\" data-image-meta=\"{&quot;aperture&quot;:&quot;0&quot;,&quot;credit&quot;:&quot;&quot;,&quot;camera&quot;:&quot;&quot;,&quot;caption&quot;:&quot;&quot;,&quot;created_timestamp&quot;:&quot;0&quot;,&quot;copyright&quot;:&quot;&quot;,&quot;focal_length&quot;:&quot;0&quot;,&quot;iso&quot;:&quot;0&quot;,&quot;shutter_speed&quot;:&quot;0&quot;,&quot;title&quot;:&quot;&quot;,&quot;orientation&quot;:&quot;0&quot;}\" data-image-title=\"063127_erm_fk_2901_74\" data-image-description=\"\" data-image-caption=\"\" data-large-file=\"https:\/\/blog.erm.ee\/wp-content\/uploads\/2016\/11\/063127_ERM_Fk_2901_74-1024x684.jpg\" class=\"alignnone size-full wp-image-8888\" src=\"https:\/\/blog.erm.ee\/wp-content\/uploads\/2016\/11\/063127_ERM_Fk_2901_74.jpg\" alt=\"063127_erm_fk_2901_74\" width=\"1200\" height=\"802\" srcset=\"https:\/\/blog.erm.ee\/wp-content\/uploads\/2016\/11\/063127_ERM_Fk_2901_74.jpg 1200w, https:\/\/blog.erm.ee\/wp-content\/uploads\/2016\/11\/063127_ERM_Fk_2901_74-389x260.jpg 389w, https:\/\/blog.erm.ee\/wp-content\/uploads\/2016\/11\/063127_ERM_Fk_2901_74-300x201.jpg 300w, https:\/\/blog.erm.ee\/wp-content\/uploads\/2016\/11\/063127_ERM_Fk_2901_74-768x513.jpg 768w, https:\/\/blog.erm.ee\/wp-content\/uploads\/2016\/11\/063127_ERM_Fk_2901_74-1024x684.jpg 1024w\" sizes=\"auto, (max-width: 1200px) 100vw, 1200px\" \/><\/a><em>Koeraga seltskond tares aega veetmas. Teadmata fotograaf. ERM Fk 2901:74<\/em><\/p>\n<p>&nbsp;<\/p>\n<div class=\"fcbkbttn_buttons_block\" id=\"fcbkbttn_left\"><div class=\"fcbkbttn_like \"><fb:like href=\"https:\/\/blog.erm.ee\/?p=8860\" action=\"like\" colorscheme=\"light\" layout=\"standard\"  width=\"225px\" size=\"small\"><\/fb:like><\/div><div class=\"fb-share-button  \" data-href=\"https:\/\/blog.erm.ee\/?p=8860\" data-type=\"button\" data-size=\"small\"><\/div><\/div>","protected":false},"excerpt":{"rendered":"<p>Kristi \u00dctt, arhivaar Eesti Lemmikloomaregistris (www.lemmikloomaregister.ee) on hetkel arvel 45096 koera, 12353 kassi, 250 tuhkrut, 9 hobust, 2 merisiga, 1 hamster, 1 madu, 1 j\u00e4nes ning lisaks 9 m\u00f5ne muu loomaliigi isendit. Kokkuv\u00f5ttes on registris 57754 looma, kuid antud hulk h\u00f5lmab ainult mikrokiibitud lemmikuid. Kogu Eestis on suur hulk kiipideta loomi ja neidki, kes endale&hellip;<\/p>\n","protected":false},"author":1,"featured_media":8887,"comment_status":"open","ping_status":"open","sticky":false,"template":"","format":"standard","meta":{"_monsterinsights_skip_tracking":false,"_monsterinsights_sitenote_active":false,"_monsterinsights_sitenote_note":"","_monsterinsights_sitenote_category":0,"jetpack_post_was_ever_published":false,"_jetpack_newsletter_access":"","_jetpack_dont_email_post_to_subs":false,"_jetpack_newsletter_tier_id":0,"_jetpack_memberships_contains_paywalled_content":false,"_jetpack_memberships_contains_paid_content":false,"footnotes":""},"categories":[6],"tags":[],"class_list":["post-8860","post","type-post","status-publish","format-standard","has-post-thumbnail","hentry","category-foto"],"yoast_head":"<!-- This site is optimized with the Yoast SEO plugin v27.5 - https:\/\/yoast.com\/product\/yoast-seo-wordpress\/ -->\n<title>Karvased ja sulelised s\u00f5brad - Eesti Rahva Muuseumi ajaveeb<\/title>\n<meta name=\"robots\" content=\"index, follow, max-snippet:-1, max-image-preview:large, max-video-preview:-1\" \/>\n<link rel=\"canonical\" href=\"https:\/\/blog.erm.ee\/?p=8860\" \/>\n<meta property=\"og:locale\" content=\"et_EE\" \/>\n<meta property=\"og:type\" content=\"article\" \/>\n<meta property=\"og:title\" content=\"Karvased ja sulelised s\u00f5brad - Eesti Rahva Muuseumi ajaveeb\" \/>\n<meta property=\"og:description\" content=\"Kristi \u00dctt, arhivaar Eesti Lemmikloomaregistris (www.lemmikloomaregister.ee) on hetkel arvel 45096 koera, 12353 kassi, 250 tuhkrut, 9 hobust, 2 merisiga, 1 hamster, 1 madu, 1 j\u00e4nes ning lisaks 9 m\u00f5ne muu loomaliigi isendit. Kokkuv\u00f5ttes on registris 57754 looma, kuid antud hulk h\u00f5lmab ainult mikrokiibitud lemmikuid. Kogu Eestis on suur hulk kiipideta loomi ja neidki, kes endale&hellip;\" \/>\n<meta property=\"og:url\" content=\"https:\/\/blog.erm.ee\/?p=8860\" \/>\n<meta property=\"og:site_name\" content=\"Eesti Rahva Muuseumi ajaveeb\" \/>\n<meta property=\"article:published_time\" content=\"2016-11-15T07:17:12+00:00\" \/>\n<meta property=\"og:image\" content=\"https:\/\/blog.erm.ee\/wp-content\/uploads\/2016\/11\/302317_ERM_Fk_2926_231.jpg\" \/>\n\t<meta property=\"og:image:width\" content=\"896\" \/>\n\t<meta property=\"og:image:height\" content=\"1200\" \/>\n\t<meta property=\"og:image:type\" content=\"image\/jpeg\" \/>\n<meta name=\"author\" content=\"Eesti Rahva Muuseum\" \/>\n<meta name=\"twitter:card\" content=\"summary_large_image\" \/>\n<meta name=\"twitter:label1\" content=\"Written by\" \/>\n\t<meta name=\"twitter:data1\" content=\"Eesti Rahva Muuseum\" \/>\n\t<meta name=\"twitter:label2\" content=\"Est. reading time\" \/>\n\t<meta name=\"twitter:data2\" content=\"1 minut\" \/>\n<script type=\"application\/ld+json\" class=\"yoast-schema-graph\">{\"@context\":\"https:\\\/\\\/schema.org\",\"@graph\":[{\"@type\":\"Article\",\"@id\":\"https:\\\/\\\/blog.erm.ee\\\/?p=8860#article\",\"isPartOf\":{\"@id\":\"https:\\\/\\\/blog.erm.ee\\\/?p=8860\"},\"author\":{\"name\":\"Eesti Rahva Muuseum\",\"@id\":\"https:\\\/\\\/blog.erm.ee\\\/#\\\/schema\\\/person\\\/6e98c391cb00a33e7c22a3571e062114\"},\"headline\":\"Karvased ja sulelised s\u00f5brad\",\"datePublished\":\"2016-11-15T07:17:12+00:00\",\"mainEntityOfPage\":{\"@id\":\"https:\\\/\\\/blog.erm.ee\\\/?p=8860\"},\"wordCount\":295,\"commentCount\":0,\"image\":{\"@id\":\"https:\\\/\\\/blog.erm.ee\\\/?p=8860#primaryimage\"},\"thumbnailUrl\":\"https:\\\/\\\/blog.erm.ee\\\/wp-content\\\/uploads\\\/2016\\\/11\\\/302317_ERM_Fk_2926_231.jpg\",\"articleSection\":[\"Foto\"],\"inLanguage\":\"et\",\"potentialAction\":[{\"@type\":\"CommentAction\",\"name\":\"Comment\",\"target\":[\"https:\\\/\\\/blog.erm.ee\\\/?p=8860#respond\"]}]},{\"@type\":\"WebPage\",\"@id\":\"https:\\\/\\\/blog.erm.ee\\\/?p=8860\",\"url\":\"https:\\\/\\\/blog.erm.ee\\\/?p=8860\",\"name\":\"Karvased ja sulelised s\u00f5brad - Eesti Rahva Muuseumi ajaveeb\",\"isPartOf\":{\"@id\":\"https:\\\/\\\/blog.erm.ee\\\/#website\"},\"primaryImageOfPage\":{\"@id\":\"https:\\\/\\\/blog.erm.ee\\\/?p=8860#primaryimage\"},\"image\":{\"@id\":\"https:\\\/\\\/blog.erm.ee\\\/?p=8860#primaryimage\"},\"thumbnailUrl\":\"https:\\\/\\\/blog.erm.ee\\\/wp-content\\\/uploads\\\/2016\\\/11\\\/302317_ERM_Fk_2926_231.jpg\",\"datePublished\":\"2016-11-15T07:17:12+00:00\",\"author\":{\"@id\":\"https:\\\/\\\/blog.erm.ee\\\/#\\\/schema\\\/person\\\/6e98c391cb00a33e7c22a3571e062114\"},\"breadcrumb\":{\"@id\":\"https:\\\/\\\/blog.erm.ee\\\/?p=8860#breadcrumb\"},\"inLanguage\":\"et\",\"potentialAction\":[{\"@type\":\"ReadAction\",\"target\":[\"https:\\\/\\\/blog.erm.ee\\\/?p=8860\"]}]},{\"@type\":\"ImageObject\",\"inLanguage\":\"et\",\"@id\":\"https:\\\/\\\/blog.erm.ee\\\/?p=8860#primaryimage\",\"url\":\"https:\\\/\\\/blog.erm.ee\\\/wp-content\\\/uploads\\\/2016\\\/11\\\/302317_ERM_Fk_2926_231.jpg\",\"contentUrl\":\"https:\\\/\\\/blog.erm.ee\\\/wp-content\\\/uploads\\\/2016\\\/11\\\/302317_ERM_Fk_2926_231.jpg\",\"width\":896,\"height\":1200,\"caption\":\"[#Beginning of Shooting Data Section] Nikon D200 Focal Length: 50mm Optimize Image: Custom Color Mode: Mode II (Adobe RGB) Long Exposure NR: Off High ISO NR: Off 2010\\\/05\\\/27 16:15:11.9 Exposure Mode: Manual White Balance: Flash Tone Comp.: Auto RAW (12-bit) Metering Mode: Spot AF Mode: AF-S Hue Adjustment: 0\u00b0 Image Size: Large (3872 x 2592) 1\\\/30 sec - F\\\/9 Flash Sync Mode: Not Attached Saturation: Normal Color Exposure Comp.: 0 EV Sharpening: Medium high Lens: 50mm F\\\/2.8 D Sensitivity: ISO 100 Image Comment: [#End of Shooting Data Section]\"},{\"@type\":\"BreadcrumbList\",\"@id\":\"https:\\\/\\\/blog.erm.ee\\\/?p=8860#breadcrumb\",\"itemListElement\":[{\"@type\":\"ListItem\",\"position\":1,\"name\":\"Home\",\"item\":\"https:\\\/\\\/blog.erm.ee\\\/\"},{\"@type\":\"ListItem\",\"position\":2,\"name\":\"Karvased ja sulelised s\u00f5brad\"}]},{\"@type\":\"WebSite\",\"@id\":\"https:\\\/\\\/blog.erm.ee\\\/#website\",\"url\":\"https:\\\/\\\/blog.erm.ee\\\/\",\"name\":\"Eesti Rahva Muuseumi ajaveeb\",\"description\":\"\",\"potentialAction\":[{\"@type\":\"SearchAction\",\"target\":{\"@type\":\"EntryPoint\",\"urlTemplate\":\"https:\\\/\\\/blog.erm.ee\\\/?s={search_term_string}\"},\"query-input\":{\"@type\":\"PropertyValueSpecification\",\"valueRequired\":true,\"valueName\":\"search_term_string\"}}],\"inLanguage\":\"et\"},{\"@type\":\"Person\",\"@id\":\"https:\\\/\\\/blog.erm.ee\\\/#\\\/schema\\\/person\\\/6e98c391cb00a33e7c22a3571e062114\",\"name\":\"Eesti Rahva Muuseum\",\"image\":{\"@type\":\"ImageObject\",\"inLanguage\":\"et\",\"@id\":\"https:\\\/\\\/secure.gravatar.com\\\/avatar\\\/cb6d9ad5fb49f3f7315028ce5fe60641075f2cb52b8a058ff5a985fa2d8c1da0?s=96&d=mm&r=g\",\"url\":\"https:\\\/\\\/secure.gravatar.com\\\/avatar\\\/cb6d9ad5fb49f3f7315028ce5fe60641075f2cb52b8a058ff5a985fa2d8c1da0?s=96&d=mm&r=g\",\"contentUrl\":\"https:\\\/\\\/secure.gravatar.com\\\/avatar\\\/cb6d9ad5fb49f3f7315028ce5fe60641075f2cb52b8a058ff5a985fa2d8c1da0?s=96&d=mm&r=g\",\"caption\":\"Eesti Rahva Muuseum\"},\"sameAs\":[\"http:\\\/\\\/www.erm.ee\"],\"url\":\"https:\\\/\\\/blog.erm.ee\\\/?author=1\"}]}<\/script>\n<!-- \/ Yoast SEO plugin. -->","yoast_head_json":{"title":"Karvased ja sulelised s\u00f5brad - Eesti Rahva Muuseumi ajaveeb","robots":{"index":"index","follow":"follow","max-snippet":"max-snippet:-1","max-image-preview":"max-image-preview:large","max-video-preview":"max-video-preview:-1"},"canonical":"https:\/\/blog.erm.ee\/?p=8860","og_locale":"et_EE","og_type":"article","og_title":"Karvased ja sulelised s\u00f5brad - Eesti Rahva Muuseumi ajaveeb","og_description":"Kristi \u00dctt, arhivaar Eesti Lemmikloomaregistris (www.lemmikloomaregister.ee) on hetkel arvel 45096 koera, 12353 kassi, 250 tuhkrut, 9 hobust, 2 merisiga, 1 hamster, 1 madu, 1 j\u00e4nes ning lisaks 9 m\u00f5ne muu loomaliigi isendit. Kokkuv\u00f5ttes on registris 57754 looma, kuid antud hulk h\u00f5lmab ainult mikrokiibitud lemmikuid. Kogu Eestis on suur hulk kiipideta loomi ja neidki, kes endale&hellip;","og_url":"https:\/\/blog.erm.ee\/?p=8860","og_site_name":"Eesti Rahva Muuseumi ajaveeb","article_published_time":"2016-11-15T07:17:12+00:00","og_image":[{"width":896,"height":1200,"url":"https:\/\/blog.erm.ee\/wp-content\/uploads\/2016\/11\/302317_ERM_Fk_2926_231.jpg","type":"image\/jpeg"}],"author":"Eesti Rahva Muuseum","twitter_card":"summary_large_image","twitter_misc":{"Written by":"Eesti Rahva Muuseum","Est. reading time":"1 minut"},"schema":{"@context":"https:\/\/schema.org","@graph":[{"@type":"Article","@id":"https:\/\/blog.erm.ee\/?p=8860#article","isPartOf":{"@id":"https:\/\/blog.erm.ee\/?p=8860"},"author":{"name":"Eesti Rahva Muuseum","@id":"https:\/\/blog.erm.ee\/#\/schema\/person\/6e98c391cb00a33e7c22a3571e062114"},"headline":"Karvased ja sulelised s\u00f5brad","datePublished":"2016-11-15T07:17:12+00:00","mainEntityOfPage":{"@id":"https:\/\/blog.erm.ee\/?p=8860"},"wordCount":295,"commentCount":0,"image":{"@id":"https:\/\/blog.erm.ee\/?p=8860#primaryimage"},"thumbnailUrl":"https:\/\/blog.erm.ee\/wp-content\/uploads\/2016\/11\/302317_ERM_Fk_2926_231.jpg","articleSection":["Foto"],"inLanguage":"et","potentialAction":[{"@type":"CommentAction","name":"Comment","target":["https:\/\/blog.erm.ee\/?p=8860#respond"]}]},{"@type":"WebPage","@id":"https:\/\/blog.erm.ee\/?p=8860","url":"https:\/\/blog.erm.ee\/?p=8860","name":"Karvased ja sulelised s\u00f5brad - Eesti Rahva Muuseumi ajaveeb","isPartOf":{"@id":"https:\/\/blog.erm.ee\/#website"},"primaryImageOfPage":{"@id":"https:\/\/blog.erm.ee\/?p=8860#primaryimage"},"image":{"@id":"https:\/\/blog.erm.ee\/?p=8860#primaryimage"},"thumbnailUrl":"https:\/\/blog.erm.ee\/wp-content\/uploads\/2016\/11\/302317_ERM_Fk_2926_231.jpg","datePublished":"2016-11-15T07:17:12+00:00","author":{"@id":"https:\/\/blog.erm.ee\/#\/schema\/person\/6e98c391cb00a33e7c22a3571e062114"},"breadcrumb":{"@id":"https:\/\/blog.erm.ee\/?p=8860#breadcrumb"},"inLanguage":"et","potentialAction":[{"@type":"ReadAction","target":["https:\/\/blog.erm.ee\/?p=8860"]}]},{"@type":"ImageObject","inLanguage":"et","@id":"https:\/\/blog.erm.ee\/?p=8860#primaryimage","url":"https:\/\/blog.erm.ee\/wp-content\/uploads\/2016\/11\/302317_ERM_Fk_2926_231.jpg","contentUrl":"https:\/\/blog.erm.ee\/wp-content\/uploads\/2016\/11\/302317_ERM_Fk_2926_231.jpg","width":896,"height":1200,"caption":"[#Beginning of Shooting Data Section] Nikon D200 Focal Length: 50mm Optimize Image: Custom Color Mode: Mode II (Adobe RGB) Long Exposure NR: Off High ISO NR: Off 2010\/05\/27 16:15:11.9 Exposure Mode: Manual White Balance: Flash Tone Comp.: Auto RAW (12-bit) Metering Mode: Spot AF Mode: AF-S Hue Adjustment: 0\u00b0 Image Size: Large (3872 x 2592) 1\/30 sec - F\/9 Flash Sync Mode: Not Attached Saturation: Normal Color Exposure Comp.: 0 EV Sharpening: Medium high Lens: 50mm F\/2.8 D Sensitivity: ISO 100 Image Comment: [#End of Shooting Data Section]"},{"@type":"BreadcrumbList","@id":"https:\/\/blog.erm.ee\/?p=8860#breadcrumb","itemListElement":[{"@type":"ListItem","position":1,"name":"Home","item":"https:\/\/blog.erm.ee\/"},{"@type":"ListItem","position":2,"name":"Karvased ja sulelised s\u00f5brad"}]},{"@type":"WebSite","@id":"https:\/\/blog.erm.ee\/#website","url":"https:\/\/blog.erm.ee\/","name":"Eesti Rahva Muuseumi ajaveeb","description":"","potentialAction":[{"@type":"SearchAction","target":{"@type":"EntryPoint","urlTemplate":"https:\/\/blog.erm.ee\/?s={search_term_string}"},"query-input":{"@type":"PropertyValueSpecification","valueRequired":true,"valueName":"search_term_string"}}],"inLanguage":"et"},{"@type":"Person","@id":"https:\/\/blog.erm.ee\/#\/schema\/person\/6e98c391cb00a33e7c22a3571e062114","name":"Eesti Rahva Muuseum","image":{"@type":"ImageObject","inLanguage":"et","@id":"https:\/\/secure.gravatar.com\/avatar\/cb6d9ad5fb49f3f7315028ce5fe60641075f2cb52b8a058ff5a985fa2d8c1da0?s=96&d=mm&r=g","url":"https:\/\/secure.gravatar.com\/avatar\/cb6d9ad5fb49f3f7315028ce5fe60641075f2cb52b8a058ff5a985fa2d8c1da0?s=96&d=mm&r=g","contentUrl":"https:\/\/secure.gravatar.com\/avatar\/cb6d9ad5fb49f3f7315028ce5fe60641075f2cb52b8a058ff5a985fa2d8c1da0?s=96&d=mm&r=g","caption":"Eesti Rahva Muuseum"},"sameAs":["http:\/\/www.erm.ee"],"url":"https:\/\/blog.erm.ee\/?author=1"}]}},"jetpack_featured_media_url":"https:\/\/blog.erm.ee\/wp-content\/uploads\/2016\/11\/302317_ERM_Fk_2926_231.jpg","jetpack_shortlink":"https:\/\/wp.me\/p2l9Zd-2iU","jetpack_sharing_enabled":true,"jetpack_likes_enabled":true,"_links":{"self":[{"href":"https:\/\/blog.erm.ee\/index.php?rest_route=\/wp\/v2\/posts\/8860","targetHints":{"allow":["GET"]}}],"collection":[{"href":"https:\/\/blog.erm.ee\/index.php?rest_route=\/wp\/v2\/posts"}],"about":[{"href":"https:\/\/blog.erm.ee\/index.php?rest_route=\/wp\/v2\/types\/post"}],"author":[{"embeddable":true,"href":"https:\/\/blog.erm.ee\/index.php?rest_route=\/wp\/v2\/users\/1"}],"replies":[{"embeddable":true,"href":"https:\/\/blog.erm.ee\/index.php?rest_route=%2Fwp%2Fv2%2Fcomments&post=8860"}],"version-history":[{"count":6,"href":"https:\/\/blog.erm.ee\/index.php?rest_route=\/wp\/v2\/posts\/8860\/revisions"}],"predecessor-version":[{"id":8891,"href":"https:\/\/blog.erm.ee\/index.php?rest_route=\/wp\/v2\/posts\/8860\/revisions\/8891"}],"wp:featuredmedia":[{"embeddable":true,"href":"https:\/\/blog.erm.ee\/index.php?rest_route=\/wp\/v2\/media\/8887"}],"wp:attachment":[{"href":"https:\/\/blog.erm.ee\/index.php?rest_route=%2Fwp%2Fv2%2Fmedia&parent=8860"}],"wp:term":[{"taxonomy":"category","embeddable":true,"href":"https:\/\/blog.erm.ee\/index.php?rest_route=%2Fwp%2Fv2%2Fcategories&post=8860"},{"taxonomy":"post_tag","embeddable":true,"href":"https:\/\/blog.erm.ee\/index.php?rest_route=%2Fwp%2Fv2%2Ftags&post=8860"}],"curies":[{"name":"wp","href":"https:\/\/api.w.org\/{rel}","templated":true}]}}