{"id":8828,"date":"2016-11-03T05:49:46","date_gmt":"2016-11-03T03:49:46","guid":{"rendered":"http:\/\/blog.erm.ee\/?p=8828"},"modified":"2016-11-02T11:30:59","modified_gmt":"2016-11-02T09:30:59","slug":"labi-vepslaste-maa-50-aastat-hiljem","status":"publish","type":"post","link":"https:\/\/blog.erm.ee\/?p=8828","title":{"rendered":"\u201eL\u00e4bi vepslaste maa: 50 aastat hiljem\u201c"},"content":{"rendered":"<div class=\"fcbkbttn_buttons_block\" id=\"fcbkbttn_left\"><div class=\"fcbkbttn_like \"><fb:like href=\"https:\/\/blog.erm.ee\/?p=8828\" action=\"like\" colorscheme=\"light\" layout=\"standard\"  width=\"225px\" size=\"small\"><\/fb:like><\/div><div class=\"fb-share-button  \" data-href=\"https:\/\/blog.erm.ee\/?p=8828\" data-type=\"button\" data-size=\"small\"><\/div><\/div><p><em>Martin Beek, \u00fcli\u00f5pilane ja Fenno-Ugria Noored esimees<\/em><\/p>\n<p>Kui laskuda kirjanduslikesse liialdustesse, siis tol reedesel \u00f5htupoolikul on Eesti Rahva Muuseumi Hurda saali \u00f5hk ootus\u00e4revusest paks. Rahvas siseneb saali, sealhulgas ka siinolevate ridade tagasihoidlik kirjutaja. Inimesi on kohale tulnud igasuguseid: on vanemaid, on nooremaid, sekka ka m\u00f5ni \u00e4raeksinu mingilt muult \u00fclakorrusel toimuvalt \u00fcrituselt. Loodetavasti ei ole keegi siiski kohale ilmunud \u00fcksnes saali eesotsas laual ootava koogi ja veini p\u00e4rast. Kuid \u00e4rgem peatugem triviaalsel. \u00d6eldakse sissejuhatavad s\u00f5nad ja film algab. V\u00f5i noh, tegelikult on ekraan endiselt must ja k\u00f5lab vaid kitarrimuusika ja siinkirjutaja m\u00e4luk\u00f5rv tahab sinna juurde panna ka lehma ammumise (v\u00f5imalik, et seda siiski ei olnud). \u00c4revus kasvab veelgi. Ja n\u00fc\u00fcd see algab p\u00e4riselt, koos pildiga ja puha.<\/p>\n<p><a href=\"https:\/\/blog.erm.ee\/wp-content\/uploads\/2016\/11\/MG_7214_v.jpg\"><img loading=\"lazy\" decoding=\"async\" data-attachment-id=\"8829\" data-permalink=\"https:\/\/blog.erm.ee\/?attachment_id=8829#main\" data-orig-file=\"https:\/\/blog.erm.ee\/wp-content\/uploads\/2016\/11\/MG_7214_v.jpg\" data-orig-size=\"1200,800\" data-comments-opened=\"1\" data-image-meta=\"{&quot;aperture&quot;:&quot;0&quot;,&quot;credit&quot;:&quot;&quot;,&quot;camera&quot;:&quot;&quot;,&quot;caption&quot;:&quot;&quot;,&quot;created_timestamp&quot;:&quot;0&quot;,&quot;copyright&quot;:&quot;&quot;,&quot;focal_length&quot;:&quot;0&quot;,&quot;iso&quot;:&quot;0&quot;,&quot;shutter_speed&quot;:&quot;0&quot;,&quot;title&quot;:&quot;&quot;,&quot;orientation&quot;:&quot;0&quot;}\" data-image-title=\"_mg_7214_v\" data-image-description=\"\" data-image-caption=\"\" data-large-file=\"https:\/\/blog.erm.ee\/wp-content\/uploads\/2016\/11\/MG_7214_v-1024x683.jpg\" class=\"alignnone size-full wp-image-8829\" src=\"https:\/\/blog.erm.ee\/wp-content\/uploads\/2016\/11\/MG_7214_v.jpg\" alt=\"_mg_7214_v\" width=\"1200\" height=\"800\" srcset=\"https:\/\/blog.erm.ee\/wp-content\/uploads\/2016\/11\/MG_7214_v.jpg 1200w, https:\/\/blog.erm.ee\/wp-content\/uploads\/2016\/11\/MG_7214_v-390x260.jpg 390w, https:\/\/blog.erm.ee\/wp-content\/uploads\/2016\/11\/MG_7214_v-300x200.jpg 300w, https:\/\/blog.erm.ee\/wp-content\/uploads\/2016\/11\/MG_7214_v-768x512.jpg 768w, https:\/\/blog.erm.ee\/wp-content\/uploads\/2016\/11\/MG_7214_v-1024x683.jpg 1024w\" sizes=\"auto, (max-width: 1200px) 100vw, 1200px\" \/><\/a><em>Filmi operaator ja teine autor Maido Selgm\u00e4e. Foto: Indrek J\u00e4\u00e4ts<\/em><\/p>\n<p>Indrek J\u00e4\u00e4tsu ja Maido Selgm\u00e4e etnoloogiline film \u201eL\u00e4bi vepslaste maa: 50 aastat hiljem\u201c k\u00f5nnib sama rada, mida 50 aastat varem (nimigi \u00fctleb, eks ole) k\u00f5ndisid filmitegijate kunagised kolleegid. See suuresti v\u00f5ssakasvanud rada kulgeb l\u00e4bi vanade vepsa k\u00fclade, heites vanade fotode ja kirjelduste abil aeg-ajalt pilke ka minevikku. Kui 50 aasta eest oli tegu veel t\u00e4ies eluj\u00f5us k\u00fcladega, siis praeguseks on paljud neist h\u00e4\u00e4bumas. M\u00f5ned on t\u00e4iesti maha j\u00e4etud, et asenduda n\u00e4iteks m\u00f5ne rikkuri jahimaja ja Eiffeli torni miniatuurse puust koopiaga. Teised on v\u00e4hem, kolmandad rohkem alles. Endisaegset hiilgust ja rahvarohkust siiski silma ei hakka. K\u00f5ige selle juures j\u00e4\u00e4b meelde nii Vepsamaa kaunis loodus kui ka vepslaste imeline puitarhitektuur. Paraku n\u00e4eb filmis ka m\u00f5lema kurba k\u00e4ek\u00e4iku.<\/p>\n<p><a href=\"https:\/\/blog.erm.ee\/wp-content\/uploads\/2016\/11\/4_v.jpg\"><img loading=\"lazy\" decoding=\"async\" data-attachment-id=\"8832\" data-permalink=\"https:\/\/blog.erm.ee\/?attachment_id=8832#main\" data-orig-file=\"https:\/\/blog.erm.ee\/wp-content\/uploads\/2016\/11\/4_v.jpg\" data-orig-size=\"1200,675\" data-comments-opened=\"1\" data-image-meta=\"{&quot;aperture&quot;:&quot;0&quot;,&quot;credit&quot;:&quot;&quot;,&quot;camera&quot;:&quot;&quot;,&quot;caption&quot;:&quot;&quot;,&quot;created_timestamp&quot;:&quot;0&quot;,&quot;copyright&quot;:&quot;&quot;,&quot;focal_length&quot;:&quot;0&quot;,&quot;iso&quot;:&quot;0&quot;,&quot;shutter_speed&quot;:&quot;0&quot;,&quot;title&quot;:&quot;&quot;,&quot;orientation&quot;:&quot;0&quot;}\" data-image-title=\"4_v\" data-image-description=\"\" data-image-caption=\"\" data-large-file=\"https:\/\/blog.erm.ee\/wp-content\/uploads\/2016\/11\/4_v-1024x576.jpg\" class=\"alignnone size-full wp-image-8832\" src=\"https:\/\/blog.erm.ee\/wp-content\/uploads\/2016\/11\/4_v.jpg\" alt=\"4_v\" width=\"1200\" height=\"675\" srcset=\"https:\/\/blog.erm.ee\/wp-content\/uploads\/2016\/11\/4_v.jpg 1200w, https:\/\/blog.erm.ee\/wp-content\/uploads\/2016\/11\/4_v-460x260.jpg 460w, https:\/\/blog.erm.ee\/wp-content\/uploads\/2016\/11\/4_v-300x169.jpg 300w, https:\/\/blog.erm.ee\/wp-content\/uploads\/2016\/11\/4_v-768x432.jpg 768w, https:\/\/blog.erm.ee\/wp-content\/uploads\/2016\/11\/4_v-1024x576.jpg 1024w\" sizes=\"auto, (max-width: 1200px) 100vw, 1200px\" \/><\/a><em>Kaader filmist<\/em><\/p>\n<p>Ennek\u00f5ike r\u00e4\u00e4gib film aga vepslastest, rahvast, kes kunagi Vana-Vene riigile aluse pani ja kelle keelt, kultuuri ja keda ennastki \u00e4hvardab n\u00fc\u00fcd kadumine. N\u00e4eme vepsa keele suhteliselt n\u00f5rka positsiooni ning kuuleme lugusid ka solvavast kohtlemisest ning vepslastele antud halvustavatest nimetustest. Sellisel taustal on m\u00f5istetav ka inimeste soov v\u00f5imalikult kiiresti venelaseks saada. Samas n\u00e4eb filmis ka vepslasi, kes oma vepsluse \u00fcle uhked on ja kes n\u00e4iteks ka Leningradis tudeerides uhkusega vepsa keelt pruukisid.\u00a0 Esmajoones n\u00e4eb aga inimesi ja killukesi nende lugudest. Kuuleb ka vepsa keelt. Veel enne filmi l\u00f5ppu v\u00f5ib n\u00e4ha \u00fches suuremas asulas (mille nime siinkirjutaja kahjuks ei m\u00e4leta) toimuvat vepsa pidu. Peetakse k\u00f5nesid, lauldakse nii vepsa kui vene keeles ja ilmselt ka s\u00fc\u00fcakse ja tantsitakse ja veedetakse l\u00f5busasti aega. Paraku on see pidu vahest paljude Venemaa p\u00f5lisrahvaste kultuuri v\u00f5rdpilt. Tantsida ja laulda v\u00f5ib, aga sellega asi ka piirdub. V\u00f5ib-olla aga tantsust ja laulust ei piisa.<\/p>\n<p><a href=\"https:\/\/blog.erm.ee\/wp-content\/uploads\/2016\/11\/6_v.jpg\"><img loading=\"lazy\" decoding=\"async\" data-attachment-id=\"8833\" data-permalink=\"https:\/\/blog.erm.ee\/?attachment_id=8833#main\" data-orig-file=\"https:\/\/blog.erm.ee\/wp-content\/uploads\/2016\/11\/6_v.jpg\" data-orig-size=\"1200,675\" data-comments-opened=\"1\" data-image-meta=\"{&quot;aperture&quot;:&quot;0&quot;,&quot;credit&quot;:&quot;&quot;,&quot;camera&quot;:&quot;&quot;,&quot;caption&quot;:&quot;&quot;,&quot;created_timestamp&quot;:&quot;0&quot;,&quot;copyright&quot;:&quot;&quot;,&quot;focal_length&quot;:&quot;0&quot;,&quot;iso&quot;:&quot;0&quot;,&quot;shutter_speed&quot;:&quot;0&quot;,&quot;title&quot;:&quot;&quot;,&quot;orientation&quot;:&quot;0&quot;}\" data-image-title=\"6_v\" data-image-description=\"\" data-image-caption=\"\" data-large-file=\"https:\/\/blog.erm.ee\/wp-content\/uploads\/2016\/11\/6_v-1024x576.jpg\" class=\"alignnone size-full wp-image-8833\" src=\"https:\/\/blog.erm.ee\/wp-content\/uploads\/2016\/11\/6_v.jpg\" alt=\"6_v\" width=\"1200\" height=\"675\" srcset=\"https:\/\/blog.erm.ee\/wp-content\/uploads\/2016\/11\/6_v.jpg 1200w, https:\/\/blog.erm.ee\/wp-content\/uploads\/2016\/11\/6_v-460x260.jpg 460w, https:\/\/blog.erm.ee\/wp-content\/uploads\/2016\/11\/6_v-300x169.jpg 300w, https:\/\/blog.erm.ee\/wp-content\/uploads\/2016\/11\/6_v-768x432.jpg 768w, https:\/\/blog.erm.ee\/wp-content\/uploads\/2016\/11\/6_v-1024x576.jpg 1024w\" sizes=\"auto, (max-width: 1200px) 100vw, 1200px\" \/><\/a><em>Kaader filmist<\/em><\/p>\n<p>L\u00f5puks film l\u00f5peb, nagu head asjad ikka. Indrek J\u00e4\u00e4ts annab filmi kohta selgitust ja vastab vaatajate k\u00fcsimustele. K\u00fcsimusi on, nagu ikka, seinast seina. Siinolevate ridade autorile aga tikub p\u00e4he k\u00fcsimus (mida ta tol hetkel ei esita, sest k\u00fcsimus tekib palju hiljem, nii n\u00e4dal peale \u00fcritust), kas film on m\u00f5istetav ka ilma selgitavate kommentaarideta, nii-\u00f6elda konteksti tundmata? Ja kas peaks \u00fcldse olema? Sest kui k\u00f5ik filmid muudkui konteksti seletaksid, \u00e4kki j\u00e4\u00e4ks sisuks eneseks v\u00e4he ruumi? Olles n\u00e4inud seda filmi aga Tartu esilinastusel koos k\u00f5ige saatvaga (nagu J\u00e4\u00e4tsu kommentaar ja ka eelpool mainitud kook ja vein), v\u00f5in \u00f6elda, et hea oli. Vaadakem!<\/p>\n<div class=\"fcbkbttn_buttons_block\" id=\"fcbkbttn_left\"><div class=\"fcbkbttn_like \"><fb:like href=\"https:\/\/blog.erm.ee\/?p=8828\" action=\"like\" colorscheme=\"light\" layout=\"standard\"  width=\"225px\" size=\"small\"><\/fb:like><\/div><div class=\"fb-share-button  \" data-href=\"https:\/\/blog.erm.ee\/?p=8828\" data-type=\"button\" data-size=\"small\"><\/div><\/div>","protected":false},"excerpt":{"rendered":"<p>Martin Beek, \u00fcli\u00f5pilane ja Fenno-Ugria Noored esimees Kui laskuda kirjanduslikesse liialdustesse, siis tol reedesel \u00f5htupoolikul on Eesti Rahva Muuseumi Hurda saali \u00f5hk ootus\u00e4revusest paks. Rahvas siseneb saali, sealhulgas ka siinolevate ridade tagasihoidlik kirjutaja. Inimesi on kohale tulnud igasuguseid: on vanemaid, on nooremaid, sekka ka m\u00f5ni \u00e4raeksinu mingilt muult \u00fclakorrusel toimuvalt \u00fcrituselt. Loodetavasti ei ole keegi&hellip;<\/p>\n","protected":false},"author":1,"featured_media":8829,"comment_status":"open","ping_status":"open","sticky":false,"template":"","format":"standard","meta":{"_monsterinsights_skip_tracking":false,"_monsterinsights_sitenote_active":false,"_monsterinsights_sitenote_note":"","_monsterinsights_sitenote_category":0,"jetpack_post_was_ever_published":false,"_jetpack_newsletter_access":"","_jetpack_dont_email_post_to_subs":false,"_jetpack_newsletter_tier_id":0,"_jetpack_memberships_contains_paywalled_content":false,"_jetpack_memberships_contains_paid_content":false,"footnotes":""},"categories":[28],"tags":[],"class_list":["post-8828","post","type-post","status-publish","format-standard","has-post-thumbnail","hentry","category-soome-ugri"],"yoast_head":"<!-- This site is optimized with the Yoast SEO plugin v27.5 - https:\/\/yoast.com\/product\/yoast-seo-wordpress\/ -->\n<title>\u201eL\u00e4bi vepslaste maa: 50 aastat hiljem\u201c - Eesti Rahva Muuseumi ajaveeb<\/title>\n<meta name=\"robots\" content=\"index, follow, max-snippet:-1, max-image-preview:large, max-video-preview:-1\" \/>\n<link rel=\"canonical\" href=\"https:\/\/blog.erm.ee\/?p=8828\" \/>\n<meta property=\"og:locale\" content=\"et_EE\" \/>\n<meta property=\"og:type\" content=\"article\" \/>\n<meta property=\"og:title\" content=\"\u201eL\u00e4bi vepslaste maa: 50 aastat hiljem\u201c - Eesti Rahva Muuseumi ajaveeb\" \/>\n<meta property=\"og:description\" content=\"Martin Beek, \u00fcli\u00f5pilane ja Fenno-Ugria Noored esimees Kui laskuda kirjanduslikesse liialdustesse, siis tol reedesel \u00f5htupoolikul on Eesti Rahva Muuseumi Hurda saali \u00f5hk ootus\u00e4revusest paks. Rahvas siseneb saali, sealhulgas ka siinolevate ridade tagasihoidlik kirjutaja. Inimesi on kohale tulnud igasuguseid: on vanemaid, on nooremaid, sekka ka m\u00f5ni \u00e4raeksinu mingilt muult \u00fclakorrusel toimuvalt \u00fcrituselt. Loodetavasti ei ole keegi&hellip;\" \/>\n<meta property=\"og:url\" content=\"https:\/\/blog.erm.ee\/?p=8828\" \/>\n<meta property=\"og:site_name\" content=\"Eesti Rahva Muuseumi ajaveeb\" \/>\n<meta property=\"article:published_time\" content=\"2016-11-03T03:49:46+00:00\" \/>\n<meta property=\"og:image\" content=\"https:\/\/blog.erm.ee\/wp-content\/uploads\/2016\/11\/MG_7214_v.jpg\" \/>\n\t<meta property=\"og:image:width\" content=\"1200\" \/>\n\t<meta property=\"og:image:height\" content=\"800\" \/>\n\t<meta property=\"og:image:type\" content=\"image\/jpeg\" \/>\n<meta name=\"author\" content=\"Eesti Rahva Muuseum\" \/>\n<meta name=\"twitter:card\" content=\"summary_large_image\" \/>\n<meta name=\"twitter:label1\" content=\"Written by\" \/>\n\t<meta name=\"twitter:data1\" content=\"Eesti Rahva Muuseum\" \/>\n\t<meta name=\"twitter:label2\" content=\"Est. reading time\" \/>\n\t<meta name=\"twitter:data2\" content=\"3 minutit\" \/>\n<script type=\"application\/ld+json\" class=\"yoast-schema-graph\">{\"@context\":\"https:\\\/\\\/schema.org\",\"@graph\":[{\"@type\":\"Article\",\"@id\":\"https:\\\/\\\/blog.erm.ee\\\/?p=8828#article\",\"isPartOf\":{\"@id\":\"https:\\\/\\\/blog.erm.ee\\\/?p=8828\"},\"author\":{\"name\":\"Eesti Rahva Muuseum\",\"@id\":\"https:\\\/\\\/blog.erm.ee\\\/#\\\/schema\\\/person\\\/6e98c391cb00a33e7c22a3571e062114\"},\"headline\":\"\u201eL\u00e4bi vepslaste maa: 50 aastat hiljem\u201c\",\"datePublished\":\"2016-11-03T03:49:46+00:00\",\"mainEntityOfPage\":{\"@id\":\"https:\\\/\\\/blog.erm.ee\\\/?p=8828\"},\"wordCount\":570,\"commentCount\":0,\"image\":{\"@id\":\"https:\\\/\\\/blog.erm.ee\\\/?p=8828#primaryimage\"},\"thumbnailUrl\":\"https:\\\/\\\/blog.erm.ee\\\/wp-content\\\/uploads\\\/2016\\\/11\\\/MG_7214_v.jpg\",\"articleSection\":[\"Soome-ugri\"],\"inLanguage\":\"et\",\"potentialAction\":[{\"@type\":\"CommentAction\",\"name\":\"Comment\",\"target\":[\"https:\\\/\\\/blog.erm.ee\\\/?p=8828#respond\"]}]},{\"@type\":\"WebPage\",\"@id\":\"https:\\\/\\\/blog.erm.ee\\\/?p=8828\",\"url\":\"https:\\\/\\\/blog.erm.ee\\\/?p=8828\",\"name\":\"\u201eL\u00e4bi vepslaste maa: 50 aastat hiljem\u201c - Eesti Rahva Muuseumi ajaveeb\",\"isPartOf\":{\"@id\":\"https:\\\/\\\/blog.erm.ee\\\/#website\"},\"primaryImageOfPage\":{\"@id\":\"https:\\\/\\\/blog.erm.ee\\\/?p=8828#primaryimage\"},\"image\":{\"@id\":\"https:\\\/\\\/blog.erm.ee\\\/?p=8828#primaryimage\"},\"thumbnailUrl\":\"https:\\\/\\\/blog.erm.ee\\\/wp-content\\\/uploads\\\/2016\\\/11\\\/MG_7214_v.jpg\",\"datePublished\":\"2016-11-03T03:49:46+00:00\",\"author\":{\"@id\":\"https:\\\/\\\/blog.erm.ee\\\/#\\\/schema\\\/person\\\/6e98c391cb00a33e7c22a3571e062114\"},\"breadcrumb\":{\"@id\":\"https:\\\/\\\/blog.erm.ee\\\/?p=8828#breadcrumb\"},\"inLanguage\":\"et\",\"potentialAction\":[{\"@type\":\"ReadAction\",\"target\":[\"https:\\\/\\\/blog.erm.ee\\\/?p=8828\"]}]},{\"@type\":\"ImageObject\",\"inLanguage\":\"et\",\"@id\":\"https:\\\/\\\/blog.erm.ee\\\/?p=8828#primaryimage\",\"url\":\"https:\\\/\\\/blog.erm.ee\\\/wp-content\\\/uploads\\\/2016\\\/11\\\/MG_7214_v.jpg\",\"contentUrl\":\"https:\\\/\\\/blog.erm.ee\\\/wp-content\\\/uploads\\\/2016\\\/11\\\/MG_7214_v.jpg\",\"width\":1200,\"height\":800},{\"@type\":\"BreadcrumbList\",\"@id\":\"https:\\\/\\\/blog.erm.ee\\\/?p=8828#breadcrumb\",\"itemListElement\":[{\"@type\":\"ListItem\",\"position\":1,\"name\":\"Home\",\"item\":\"https:\\\/\\\/blog.erm.ee\\\/\"},{\"@type\":\"ListItem\",\"position\":2,\"name\":\"\u201eL\u00e4bi vepslaste maa: 50 aastat hiljem\u201c\"}]},{\"@type\":\"WebSite\",\"@id\":\"https:\\\/\\\/blog.erm.ee\\\/#website\",\"url\":\"https:\\\/\\\/blog.erm.ee\\\/\",\"name\":\"Eesti Rahva Muuseumi ajaveeb\",\"description\":\"\",\"potentialAction\":[{\"@type\":\"SearchAction\",\"target\":{\"@type\":\"EntryPoint\",\"urlTemplate\":\"https:\\\/\\\/blog.erm.ee\\\/?s={search_term_string}\"},\"query-input\":{\"@type\":\"PropertyValueSpecification\",\"valueRequired\":true,\"valueName\":\"search_term_string\"}}],\"inLanguage\":\"et\"},{\"@type\":\"Person\",\"@id\":\"https:\\\/\\\/blog.erm.ee\\\/#\\\/schema\\\/person\\\/6e98c391cb00a33e7c22a3571e062114\",\"name\":\"Eesti Rahva Muuseum\",\"image\":{\"@type\":\"ImageObject\",\"inLanguage\":\"et\",\"@id\":\"https:\\\/\\\/secure.gravatar.com\\\/avatar\\\/cb6d9ad5fb49f3f7315028ce5fe60641075f2cb52b8a058ff5a985fa2d8c1da0?s=96&d=mm&r=g\",\"url\":\"https:\\\/\\\/secure.gravatar.com\\\/avatar\\\/cb6d9ad5fb49f3f7315028ce5fe60641075f2cb52b8a058ff5a985fa2d8c1da0?s=96&d=mm&r=g\",\"contentUrl\":\"https:\\\/\\\/secure.gravatar.com\\\/avatar\\\/cb6d9ad5fb49f3f7315028ce5fe60641075f2cb52b8a058ff5a985fa2d8c1da0?s=96&d=mm&r=g\",\"caption\":\"Eesti Rahva Muuseum\"},\"sameAs\":[\"http:\\\/\\\/www.erm.ee\"],\"url\":\"https:\\\/\\\/blog.erm.ee\\\/?author=1\"}]}<\/script>\n<!-- \/ Yoast SEO plugin. -->","yoast_head_json":{"title":"\u201eL\u00e4bi vepslaste maa: 50 aastat hiljem\u201c - Eesti Rahva Muuseumi ajaveeb","robots":{"index":"index","follow":"follow","max-snippet":"max-snippet:-1","max-image-preview":"max-image-preview:large","max-video-preview":"max-video-preview:-1"},"canonical":"https:\/\/blog.erm.ee\/?p=8828","og_locale":"et_EE","og_type":"article","og_title":"\u201eL\u00e4bi vepslaste maa: 50 aastat hiljem\u201c - Eesti Rahva Muuseumi ajaveeb","og_description":"Martin Beek, \u00fcli\u00f5pilane ja Fenno-Ugria Noored esimees Kui laskuda kirjanduslikesse liialdustesse, siis tol reedesel \u00f5htupoolikul on Eesti Rahva Muuseumi Hurda saali \u00f5hk ootus\u00e4revusest paks. Rahvas siseneb saali, sealhulgas ka siinolevate ridade tagasihoidlik kirjutaja. Inimesi on kohale tulnud igasuguseid: on vanemaid, on nooremaid, sekka ka m\u00f5ni \u00e4raeksinu mingilt muult \u00fclakorrusel toimuvalt \u00fcrituselt. Loodetavasti ei ole keegi&hellip;","og_url":"https:\/\/blog.erm.ee\/?p=8828","og_site_name":"Eesti Rahva Muuseumi ajaveeb","article_published_time":"2016-11-03T03:49:46+00:00","og_image":[{"width":1200,"height":800,"url":"https:\/\/blog.erm.ee\/wp-content\/uploads\/2016\/11\/MG_7214_v.jpg","type":"image\/jpeg"}],"author":"Eesti Rahva Muuseum","twitter_card":"summary_large_image","twitter_misc":{"Written by":"Eesti Rahva Muuseum","Est. reading time":"3 minutit"},"schema":{"@context":"https:\/\/schema.org","@graph":[{"@type":"Article","@id":"https:\/\/blog.erm.ee\/?p=8828#article","isPartOf":{"@id":"https:\/\/blog.erm.ee\/?p=8828"},"author":{"name":"Eesti Rahva Muuseum","@id":"https:\/\/blog.erm.ee\/#\/schema\/person\/6e98c391cb00a33e7c22a3571e062114"},"headline":"\u201eL\u00e4bi vepslaste maa: 50 aastat hiljem\u201c","datePublished":"2016-11-03T03:49:46+00:00","mainEntityOfPage":{"@id":"https:\/\/blog.erm.ee\/?p=8828"},"wordCount":570,"commentCount":0,"image":{"@id":"https:\/\/blog.erm.ee\/?p=8828#primaryimage"},"thumbnailUrl":"https:\/\/blog.erm.ee\/wp-content\/uploads\/2016\/11\/MG_7214_v.jpg","articleSection":["Soome-ugri"],"inLanguage":"et","potentialAction":[{"@type":"CommentAction","name":"Comment","target":["https:\/\/blog.erm.ee\/?p=8828#respond"]}]},{"@type":"WebPage","@id":"https:\/\/blog.erm.ee\/?p=8828","url":"https:\/\/blog.erm.ee\/?p=8828","name":"\u201eL\u00e4bi vepslaste maa: 50 aastat hiljem\u201c - Eesti Rahva Muuseumi ajaveeb","isPartOf":{"@id":"https:\/\/blog.erm.ee\/#website"},"primaryImageOfPage":{"@id":"https:\/\/blog.erm.ee\/?p=8828#primaryimage"},"image":{"@id":"https:\/\/blog.erm.ee\/?p=8828#primaryimage"},"thumbnailUrl":"https:\/\/blog.erm.ee\/wp-content\/uploads\/2016\/11\/MG_7214_v.jpg","datePublished":"2016-11-03T03:49:46+00:00","author":{"@id":"https:\/\/blog.erm.ee\/#\/schema\/person\/6e98c391cb00a33e7c22a3571e062114"},"breadcrumb":{"@id":"https:\/\/blog.erm.ee\/?p=8828#breadcrumb"},"inLanguage":"et","potentialAction":[{"@type":"ReadAction","target":["https:\/\/blog.erm.ee\/?p=8828"]}]},{"@type":"ImageObject","inLanguage":"et","@id":"https:\/\/blog.erm.ee\/?p=8828#primaryimage","url":"https:\/\/blog.erm.ee\/wp-content\/uploads\/2016\/11\/MG_7214_v.jpg","contentUrl":"https:\/\/blog.erm.ee\/wp-content\/uploads\/2016\/11\/MG_7214_v.jpg","width":1200,"height":800},{"@type":"BreadcrumbList","@id":"https:\/\/blog.erm.ee\/?p=8828#breadcrumb","itemListElement":[{"@type":"ListItem","position":1,"name":"Home","item":"https:\/\/blog.erm.ee\/"},{"@type":"ListItem","position":2,"name":"\u201eL\u00e4bi vepslaste maa: 50 aastat hiljem\u201c"}]},{"@type":"WebSite","@id":"https:\/\/blog.erm.ee\/#website","url":"https:\/\/blog.erm.ee\/","name":"Eesti Rahva Muuseumi ajaveeb","description":"","potentialAction":[{"@type":"SearchAction","target":{"@type":"EntryPoint","urlTemplate":"https:\/\/blog.erm.ee\/?s={search_term_string}"},"query-input":{"@type":"PropertyValueSpecification","valueRequired":true,"valueName":"search_term_string"}}],"inLanguage":"et"},{"@type":"Person","@id":"https:\/\/blog.erm.ee\/#\/schema\/person\/6e98c391cb00a33e7c22a3571e062114","name":"Eesti Rahva Muuseum","image":{"@type":"ImageObject","inLanguage":"et","@id":"https:\/\/secure.gravatar.com\/avatar\/cb6d9ad5fb49f3f7315028ce5fe60641075f2cb52b8a058ff5a985fa2d8c1da0?s=96&d=mm&r=g","url":"https:\/\/secure.gravatar.com\/avatar\/cb6d9ad5fb49f3f7315028ce5fe60641075f2cb52b8a058ff5a985fa2d8c1da0?s=96&d=mm&r=g","contentUrl":"https:\/\/secure.gravatar.com\/avatar\/cb6d9ad5fb49f3f7315028ce5fe60641075f2cb52b8a058ff5a985fa2d8c1da0?s=96&d=mm&r=g","caption":"Eesti Rahva Muuseum"},"sameAs":["http:\/\/www.erm.ee"],"url":"https:\/\/blog.erm.ee\/?author=1"}]}},"jetpack_featured_media_url":"https:\/\/blog.erm.ee\/wp-content\/uploads\/2016\/11\/MG_7214_v.jpg","jetpack_shortlink":"https:\/\/wp.me\/p2l9Zd-2io","jetpack_sharing_enabled":true,"jetpack_likes_enabled":true,"_links":{"self":[{"href":"https:\/\/blog.erm.ee\/index.php?rest_route=\/wp\/v2\/posts\/8828","targetHints":{"allow":["GET"]}}],"collection":[{"href":"https:\/\/blog.erm.ee\/index.php?rest_route=\/wp\/v2\/posts"}],"about":[{"href":"https:\/\/blog.erm.ee\/index.php?rest_route=\/wp\/v2\/types\/post"}],"author":[{"embeddable":true,"href":"https:\/\/blog.erm.ee\/index.php?rest_route=\/wp\/v2\/users\/1"}],"replies":[{"embeddable":true,"href":"https:\/\/blog.erm.ee\/index.php?rest_route=%2Fwp%2Fv2%2Fcomments&post=8828"}],"version-history":[{"count":2,"href":"https:\/\/blog.erm.ee\/index.php?rest_route=\/wp\/v2\/posts\/8828\/revisions"}],"predecessor-version":[{"id":8835,"href":"https:\/\/blog.erm.ee\/index.php?rest_route=\/wp\/v2\/posts\/8828\/revisions\/8835"}],"wp:featuredmedia":[{"embeddable":true,"href":"https:\/\/blog.erm.ee\/index.php?rest_route=\/wp\/v2\/media\/8829"}],"wp:attachment":[{"href":"https:\/\/blog.erm.ee\/index.php?rest_route=%2Fwp%2Fv2%2Fmedia&parent=8828"}],"wp:term":[{"taxonomy":"category","embeddable":true,"href":"https:\/\/blog.erm.ee\/index.php?rest_route=%2Fwp%2Fv2%2Fcategories&post=8828"},{"taxonomy":"post_tag","embeddable":true,"href":"https:\/\/blog.erm.ee\/index.php?rest_route=%2Fwp%2Fv2%2Ftags&post=8828"}],"curies":[{"name":"wp","href":"https:\/\/api.w.org\/{rel}","templated":true}]}}