{"id":8645,"date":"2016-10-13T06:15:31","date_gmt":"2016-10-13T03:15:31","guid":{"rendered":"http:\/\/blog.erm.ee\/?p=8645"},"modified":"2016-10-13T06:15:31","modified_gmt":"2016-10-13T03:15:31","slug":"pogus-tutvus-ermi-fotokogudega-fotomehaanik-eduard-sellekese-pilte-tartu-kasitooliste-tookodadest","status":"publish","type":"post","link":"https:\/\/blog.erm.ee\/?p=8645","title":{"rendered":"P\u00f5gus tutvus ERMi fotokogudega: fotomehaanik Eduard Sellekese pilte Tartu k\u00e4sit\u00f6\u00f6liste t\u00f6\u00f6kodadest"},"content":{"rendered":"<div class=\"fcbkbttn_buttons_block\" id=\"fcbkbttn_left\"><div class=\"fcbkbttn_like \"><fb:like href=\"https:\/\/blog.erm.ee\/?p=8645\" action=\"like\" colorscheme=\"light\" layout=\"standard\"  width=\"225px\" size=\"small\"><\/fb:like><\/div><div class=\"fb-share-button  \" data-href=\"https:\/\/blog.erm.ee\/?p=8645\" data-type=\"button\" data-size=\"small\"><\/div><\/div><p><em>Tiina Tael, peaarhivaar<\/em><\/p>\n<p>Enam kui pool sajandit fotograafina leiba teeninud Eduard Sellekese pilte on ERMi fotokogus tuhandeid, arvukalt on neid ka teiste m\u00e4luasutuste ja kollektsion\u00e4\u00e4ride kogudes ning kindlasti leidub neid eraisikute pildialbumiteski. Eduard Sellekese loomingu n\u00e4itena esitleme tema fotosid Tartu k\u00e4sit\u00f6\u00f6liste t\u00f6\u00f6kodadest, mis pildistatud 1940. aastal \u2013 ajal, mil \u00fchiskonnas toimusid suured muutused, mis kajastuvad m\u00f5neti ka fotodel.<\/p>\n<p>Eduard Selleke s\u00fcndis 18. augustil 1885 Tartumaal Puhja vallas Ulila k\u00fclas. Koolihariduse sai ta Tartus ja Luugas. Venemaal omandas ka fotograafi kutse ning tegutses sel alal \u00fcle poole sajandi, aastatel 1919\u20131976.\u00a0 Tema fotodest paljastub seik, et ta olnud 1917. aastal Kroonlinnas Lenini autojuhiks.<\/p>\n<p><a href=\"https:\/\/blog.erm.ee\/wp-content\/uploads\/2016\/10\/930_42.jpg\"><img loading=\"lazy\" decoding=\"async\" data-attachment-id=\"8646\" data-permalink=\"https:\/\/blog.erm.ee\/?attachment_id=8646#main\" data-orig-file=\"https:\/\/blog.erm.ee\/wp-content\/uploads\/2016\/10\/930_42.jpg\" data-orig-size=\"1200,721\" data-comments-opened=\"1\" data-image-meta=\"{&quot;aperture&quot;:&quot;0&quot;,&quot;credit&quot;:&quot;&quot;,&quot;camera&quot;:&quot;&quot;,&quot;caption&quot;:&quot;&quot;,&quot;created_timestamp&quot;:&quot;1475067741&quot;,&quot;copyright&quot;:&quot;&quot;,&quot;focal_length&quot;:&quot;0&quot;,&quot;iso&quot;:&quot;0&quot;,&quot;shutter_speed&quot;:&quot;0&quot;,&quot;title&quot;:&quot;&quot;,&quot;orientation&quot;:&quot;0&quot;}\" data-image-title=\"930_42\" data-image-description=\"\" data-image-caption=\"\" data-large-file=\"https:\/\/blog.erm.ee\/wp-content\/uploads\/2016\/10\/930_42-1024x615.jpg\" class=\"alignnone size-full wp-image-8646\" src=\"https:\/\/blog.erm.ee\/wp-content\/uploads\/2016\/10\/930_42.jpg\" alt=\"930_42\" width=\"1200\" height=\"721\" srcset=\"https:\/\/blog.erm.ee\/wp-content\/uploads\/2016\/10\/930_42.jpg 1200w, https:\/\/blog.erm.ee\/wp-content\/uploads\/2016\/10\/930_42-433x260.jpg 433w, https:\/\/blog.erm.ee\/wp-content\/uploads\/2016\/10\/930_42-300x180.jpg 300w, https:\/\/blog.erm.ee\/wp-content\/uploads\/2016\/10\/930_42-768x461.jpg 768w, https:\/\/blog.erm.ee\/wp-content\/uploads\/2016\/10\/930_42-1024x615.jpg 1024w\" sizes=\"auto, (max-width: 1200px) 100vw, 1200px\" \/><\/a><em>Eduard Selleke Lenini autojuhina Kroonlinnas, 15. m\u00e4rts 1917. ERM Fk 930:42<\/em><\/p>\n<p>Sellekese k\u00e4e all on valminud reportaa\u017efotod s\u00f5jas\u00fcndmustest, teadusfotod, postkaardid ja reprod. Tema fotoateljeed olid Tartus aadressil Pepleri tn 6 (1932. aastast Kindral P\u00f5dra tn) ja Kuperjanovi 25 (1934\u20131937). Ta t\u00f6\u00f6tas pikemat aega Tartu \u00dclikooli teadusfotograafina ning tegi suuremaid tellimust\u00f6id nii \u00fclikooli arheoloogiakabinetile kui ka muuseumitele.<\/p>\n<p><a href=\"https:\/\/blog.erm.ee\/wp-content\/uploads\/2016\/10\/930_116.jpg\"><img loading=\"lazy\" decoding=\"async\" data-attachment-id=\"8647\" data-permalink=\"https:\/\/blog.erm.ee\/?attachment_id=8647#main\" data-orig-file=\"https:\/\/blog.erm.ee\/wp-content\/uploads\/2016\/10\/930_116.jpg\" data-orig-size=\"769,1200\" data-comments-opened=\"1\" data-image-meta=\"{&quot;aperture&quot;:&quot;0&quot;,&quot;credit&quot;:&quot;&quot;,&quot;camera&quot;:&quot;&quot;,&quot;caption&quot;:&quot;&quot;,&quot;created_timestamp&quot;:&quot;1475067767&quot;,&quot;copyright&quot;:&quot;&quot;,&quot;focal_length&quot;:&quot;0&quot;,&quot;iso&quot;:&quot;0&quot;,&quot;shutter_speed&quot;:&quot;0&quot;,&quot;title&quot;:&quot;&quot;,&quot;orientation&quot;:&quot;0&quot;}\" data-image-title=\"930_116\" data-image-description=\"\" data-image-caption=\"\" data-large-file=\"https:\/\/blog.erm.ee\/wp-content\/uploads\/2016\/10\/930_116-656x1024.jpg\" class=\"alignnone size-full wp-image-8647\" src=\"https:\/\/blog.erm.ee\/wp-content\/uploads\/2016\/10\/930_116.jpg\" alt=\"930_116\" width=\"769\" height=\"1200\" srcset=\"https:\/\/blog.erm.ee\/wp-content\/uploads\/2016\/10\/930_116.jpg 769w, https:\/\/blog.erm.ee\/wp-content\/uploads\/2016\/10\/930_116-167x260.jpg 167w, https:\/\/blog.erm.ee\/wp-content\/uploads\/2016\/10\/930_116-192x300.jpg 192w, https:\/\/blog.erm.ee\/wp-content\/uploads\/2016\/10\/930_116-768x1198.jpg 768w, https:\/\/blog.erm.ee\/wp-content\/uploads\/2016\/10\/930_116-656x1024.jpg 656w\" sizes=\"auto, (max-width: 769px) 100vw, 769px\" \/><\/a><em>Fotomehaanik Eduard Sellekese reklaamplakat t\u00f6\u00f6n\u00e4idetega. ERM Fk 930:116<\/em><\/p>\n<p>Eesti Rahva Muuseum tellis Sellekeselt pilte 1920.\u20131940. aastatel: tema k\u00e4e all on valminud populaarsed postkaardid Raadist, samuti on ta pildistanud muuseumi kogusid ja s\u00fcndmusi, linnavaateid, k\u00e4sit\u00f6\u00f6liste t\u00f6\u00f6kodasid ning pannud paberile etnograafide v\u00e4lit\u00f6\u00f6pildistusi v\u00f5i teinud reprosid teiste fotograafide loomingust. Selleke suri 1. m\u00e4rtsil 1976 ning on maetud Pauluse kalmistule.<\/p>\n<p>Tartu k\u00e4sit\u00f6\u00f6liste t\u00f6\u00f6kodadest tehtud fotoseeria (ERM Fk 945) on dateeritud aastaga 1940. Kui pahatihti juhtub, et \u00e4ride ja t\u00f6\u00f6stusettev\u00f5tete puhul on fotod hoonete fassaadist, siis selle kogu puhul saame piiluda ka maja sisemusse, uudistada t\u00f6\u00f6koja sisseseadet ning n\u00e4ha meistreid igap\u00e4evatoimetuste juures.<\/p>\n<p>Kuigi peakataloogis m\u00e4rgitud kuup\u00e4evast \u201eII 1940\u201c v\u00f5iks arvata pildistamisajaks veebruarit, siis Eesti NSV vapp, Stalini pilt v\u00f5i peakatted reedavad v\u00e4hemasti m\u00f5nede fotode pildistamisajaks aasta teist poolt. Muuseumisse on need vastu v\u00f5etud aga juba uue korra ajal 1942. aastal.<\/p>\n<p><a href=\"https:\/\/blog.erm.ee\/wp-content\/uploads\/2016\/10\/004194_ERM_Fk_945_33.jpg\"><img loading=\"lazy\" decoding=\"async\" data-attachment-id=\"8648\" data-permalink=\"https:\/\/blog.erm.ee\/?attachment_id=8648#main\" data-orig-file=\"https:\/\/blog.erm.ee\/wp-content\/uploads\/2016\/10\/004194_ERM_Fk_945_33.jpg\" data-orig-size=\"1200,851\" data-comments-opened=\"1\" data-image-meta=\"{&quot;aperture&quot;:&quot;0&quot;,&quot;credit&quot;:&quot;&quot;,&quot;camera&quot;:&quot;&quot;,&quot;caption&quot;:&quot;&quot;,&quot;created_timestamp&quot;:&quot;0&quot;,&quot;copyright&quot;:&quot;&quot;,&quot;focal_length&quot;:&quot;0&quot;,&quot;iso&quot;:&quot;0&quot;,&quot;shutter_speed&quot;:&quot;0&quot;,&quot;title&quot;:&quot;&quot;,&quot;orientation&quot;:&quot;0&quot;}\" data-image-title=\"004194_erm_fk_945_33\" data-image-description=\"\" data-image-caption=\"\" data-large-file=\"https:\/\/blog.erm.ee\/wp-content\/uploads\/2016\/10\/004194_ERM_Fk_945_33-1024x726.jpg\" class=\"alignnone size-full wp-image-8648\" src=\"https:\/\/blog.erm.ee\/wp-content\/uploads\/2016\/10\/004194_ERM_Fk_945_33.jpg\" alt=\"004194_erm_fk_945_33\" width=\"1200\" height=\"851\" srcset=\"https:\/\/blog.erm.ee\/wp-content\/uploads\/2016\/10\/004194_ERM_Fk_945_33.jpg 1200w, https:\/\/blog.erm.ee\/wp-content\/uploads\/2016\/10\/004194_ERM_Fk_945_33-367x260.jpg 367w, https:\/\/blog.erm.ee\/wp-content\/uploads\/2016\/10\/004194_ERM_Fk_945_33-300x213.jpg 300w, https:\/\/blog.erm.ee\/wp-content\/uploads\/2016\/10\/004194_ERM_Fk_945_33-768x545.jpg 768w, https:\/\/blog.erm.ee\/wp-content\/uploads\/2016\/10\/004194_ERM_Fk_945_33-1024x726.jpg 1024w\" sizes=\"auto, (max-width: 1200px) 100vw, 1200px\" \/><\/a><em>I. Tammiku k\u00f6ie- ja kartonaa\u017eit\u00f6\u00f6stus. Tartu, 21. juuni tn 33. ERM Fk 945:33<\/em><\/p>\n<p><a href=\"https:\/\/blog.erm.ee\/wp-content\/uploads\/2016\/10\/004183_ERM_Fk_945_22.jpg\"><img loading=\"lazy\" decoding=\"async\" data-attachment-id=\"8650\" data-permalink=\"https:\/\/blog.erm.ee\/?attachment_id=8650#main\" data-orig-file=\"https:\/\/blog.erm.ee\/wp-content\/uploads\/2016\/10\/004183_ERM_Fk_945_22.jpg\" data-orig-size=\"1200,860\" data-comments-opened=\"1\" data-image-meta=\"{&quot;aperture&quot;:&quot;0&quot;,&quot;credit&quot;:&quot;&quot;,&quot;camera&quot;:&quot;&quot;,&quot;caption&quot;:&quot;&quot;,&quot;created_timestamp&quot;:&quot;0&quot;,&quot;copyright&quot;:&quot;&quot;,&quot;focal_length&quot;:&quot;0&quot;,&quot;iso&quot;:&quot;0&quot;,&quot;shutter_speed&quot;:&quot;0&quot;,&quot;title&quot;:&quot;&quot;,&quot;orientation&quot;:&quot;0&quot;}\" data-image-title=\"004183_erm_fk_945_22\" data-image-description=\"\" data-image-caption=\"\" data-large-file=\"https:\/\/blog.erm.ee\/wp-content\/uploads\/2016\/10\/004183_ERM_Fk_945_22-1024x734.jpg\" class=\"alignnone size-full wp-image-8650\" src=\"https:\/\/blog.erm.ee\/wp-content\/uploads\/2016\/10\/004183_ERM_Fk_945_22.jpg\" alt=\"004183_erm_fk_945_22\" width=\"1200\" height=\"860\" srcset=\"https:\/\/blog.erm.ee\/wp-content\/uploads\/2016\/10\/004183_ERM_Fk_945_22.jpg 1200w, https:\/\/blog.erm.ee\/wp-content\/uploads\/2016\/10\/004183_ERM_Fk_945_22-363x260.jpg 363w, https:\/\/blog.erm.ee\/wp-content\/uploads\/2016\/10\/004183_ERM_Fk_945_22-300x215.jpg 300w, https:\/\/blog.erm.ee\/wp-content\/uploads\/2016\/10\/004183_ERM_Fk_945_22-768x550.jpg 768w, https:\/\/blog.erm.ee\/wp-content\/uploads\/2016\/10\/004183_ERM_Fk_945_22-1024x734.jpg 1024w\" sizes=\"auto, (max-width: 1200px) 100vw, 1200px\" \/><\/a><em>Karl Kaio maalrit\u00f6\u00f6koda (t\u00f6\u00f6tab koos abilistega). Tartu, \u00dclikooli 12. ERM Fk 945:22<\/em><\/p>\n<p><a href=\"https:\/\/blog.erm.ee\/wp-content\/uploads\/2016\/10\/000873_ERM_Fk_945_1.jpg\"><img loading=\"lazy\" decoding=\"async\" data-attachment-id=\"8651\" data-permalink=\"https:\/\/blog.erm.ee\/?attachment_id=8651#main\" data-orig-file=\"https:\/\/blog.erm.ee\/wp-content\/uploads\/2016\/10\/000873_ERM_Fk_945_1.jpg\" data-orig-size=\"1200,799\" data-comments-opened=\"1\" data-image-meta=\"{&quot;aperture&quot;:&quot;0&quot;,&quot;credit&quot;:&quot;&quot;,&quot;camera&quot;:&quot;&quot;,&quot;caption&quot;:&quot;&quot;,&quot;created_timestamp&quot;:&quot;0&quot;,&quot;copyright&quot;:&quot;&quot;,&quot;focal_length&quot;:&quot;0&quot;,&quot;iso&quot;:&quot;0&quot;,&quot;shutter_speed&quot;:&quot;0&quot;,&quot;title&quot;:&quot;&quot;,&quot;orientation&quot;:&quot;0&quot;}\" data-image-title=\"000873_erm_fk_945_1\" data-image-description=\"\" data-image-caption=\"\" data-large-file=\"https:\/\/blog.erm.ee\/wp-content\/uploads\/2016\/10\/000873_ERM_Fk_945_1-1024x682.jpg\" class=\"alignnone size-full wp-image-8651\" src=\"https:\/\/blog.erm.ee\/wp-content\/uploads\/2016\/10\/000873_ERM_Fk_945_1.jpg\" alt=\"000873_erm_fk_945_1\" width=\"1200\" height=\"799\" srcset=\"https:\/\/blog.erm.ee\/wp-content\/uploads\/2016\/10\/000873_ERM_Fk_945_1.jpg 1200w, https:\/\/blog.erm.ee\/wp-content\/uploads\/2016\/10\/000873_ERM_Fk_945_1-390x260.jpg 390w, https:\/\/blog.erm.ee\/wp-content\/uploads\/2016\/10\/000873_ERM_Fk_945_1-300x200.jpg 300w, https:\/\/blog.erm.ee\/wp-content\/uploads\/2016\/10\/000873_ERM_Fk_945_1-768x511.jpg 768w, https:\/\/blog.erm.ee\/wp-content\/uploads\/2016\/10\/000873_ERM_Fk_945_1-1024x682.jpg 1024w\" sizes=\"auto, (max-width: 1200px) 100vw, 1200px\" \/><\/a><em>Johannes Keissi kellassepat\u00f6\u00f6koda (t\u00f6\u00f6tab \u00fcksi, t\u00f6\u00f6- ja \u00e4riruum koos). Tartu, T\u00e4he 69. ERM Fk 945:1<\/em><\/p>\n<p><a href=\"https:\/\/blog.erm.ee\/wp-content\/uploads\/2016\/10\/000875_ERM_Fk_945_3.jpg\"><img loading=\"lazy\" decoding=\"async\" data-attachment-id=\"8652\" data-permalink=\"https:\/\/blog.erm.ee\/?attachment_id=8652#main\" data-orig-file=\"https:\/\/blog.erm.ee\/wp-content\/uploads\/2016\/10\/000875_ERM_Fk_945_3.jpg\" data-orig-size=\"799,1200\" data-comments-opened=\"1\" data-image-meta=\"{&quot;aperture&quot;:&quot;0&quot;,&quot;credit&quot;:&quot;&quot;,&quot;camera&quot;:&quot;&quot;,&quot;caption&quot;:&quot;&quot;,&quot;created_timestamp&quot;:&quot;0&quot;,&quot;copyright&quot;:&quot;&quot;,&quot;focal_length&quot;:&quot;0&quot;,&quot;iso&quot;:&quot;0&quot;,&quot;shutter_speed&quot;:&quot;0&quot;,&quot;title&quot;:&quot;&quot;,&quot;orientation&quot;:&quot;0&quot;}\" data-image-title=\"000875_erm_fk_945_3\" data-image-description=\"\" data-image-caption=\"\" data-large-file=\"https:\/\/blog.erm.ee\/wp-content\/uploads\/2016\/10\/000875_ERM_Fk_945_3-682x1024.jpg\" class=\"alignnone size-full wp-image-8652\" src=\"https:\/\/blog.erm.ee\/wp-content\/uploads\/2016\/10\/000875_ERM_Fk_945_3.jpg\" alt=\"000875_erm_fk_945_3\" width=\"799\" height=\"1200\" srcset=\"https:\/\/blog.erm.ee\/wp-content\/uploads\/2016\/10\/000875_ERM_Fk_945_3.jpg 799w, https:\/\/blog.erm.ee\/wp-content\/uploads\/2016\/10\/000875_ERM_Fk_945_3-173x260.jpg 173w, https:\/\/blog.erm.ee\/wp-content\/uploads\/2016\/10\/000875_ERM_Fk_945_3-200x300.jpg 200w, https:\/\/blog.erm.ee\/wp-content\/uploads\/2016\/10\/000875_ERM_Fk_945_3-768x1153.jpg 768w, https:\/\/blog.erm.ee\/wp-content\/uploads\/2016\/10\/000875_ERM_Fk_945_3-682x1024.jpg 682w\" sizes=\"auto, (max-width: 799px) 100vw, 799px\" \/><\/a><em>Johannes Koorti keemiline riidepuhastuse ja aurupressimise t\u00f6\u00f6koda (t\u00f6\u00f6tab abilistega, vastuv\u00f5turuum samas). Tartu, 21. juuni tn 12. ERM Fk 945:3<\/em><\/p>\n<p><a href=\"https:\/\/blog.erm.ee\/wp-content\/uploads\/2016\/10\/004168_ERM_Fk_945_7.jpg\"><img loading=\"lazy\" decoding=\"async\" data-attachment-id=\"8653\" data-permalink=\"https:\/\/blog.erm.ee\/?attachment_id=8653#main\" data-orig-file=\"https:\/\/blog.erm.ee\/wp-content\/uploads\/2016\/10\/004168_ERM_Fk_945_7.jpg\" data-orig-size=\"1200,842\" data-comments-opened=\"1\" data-image-meta=\"{&quot;aperture&quot;:&quot;0&quot;,&quot;credit&quot;:&quot;&quot;,&quot;camera&quot;:&quot;&quot;,&quot;caption&quot;:&quot;&quot;,&quot;created_timestamp&quot;:&quot;0&quot;,&quot;copyright&quot;:&quot;&quot;,&quot;focal_length&quot;:&quot;0&quot;,&quot;iso&quot;:&quot;0&quot;,&quot;shutter_speed&quot;:&quot;0&quot;,&quot;title&quot;:&quot;&quot;,&quot;orientation&quot;:&quot;0&quot;}\" data-image-title=\"004168_erm_fk_945_7\" data-image-description=\"\" data-image-caption=\"\" data-large-file=\"https:\/\/blog.erm.ee\/wp-content\/uploads\/2016\/10\/004168_ERM_Fk_945_7-1024x719.jpg\" class=\"alignnone size-full wp-image-8653\" src=\"https:\/\/blog.erm.ee\/wp-content\/uploads\/2016\/10\/004168_ERM_Fk_945_7.jpg\" alt=\"004168_erm_fk_945_7\" width=\"1200\" height=\"842\" srcset=\"https:\/\/blog.erm.ee\/wp-content\/uploads\/2016\/10\/004168_ERM_Fk_945_7.jpg 1200w, https:\/\/blog.erm.ee\/wp-content\/uploads\/2016\/10\/004168_ERM_Fk_945_7-371x260.jpg 371w, https:\/\/blog.erm.ee\/wp-content\/uploads\/2016\/10\/004168_ERM_Fk_945_7-300x211.jpg 300w, https:\/\/blog.erm.ee\/wp-content\/uploads\/2016\/10\/004168_ERM_Fk_945_7-768x539.jpg 768w, https:\/\/blog.erm.ee\/wp-content\/uploads\/2016\/10\/004168_ERM_Fk_945_7-1024x719.jpg 1024w\" sizes=\"auto, (max-width: 1200px) 100vw, 1200px\" \/><\/a><em>Elmar Sibula kingsepat\u00f6\u00f6tuba elutoaga samas ruumis. Tartu, Meltsiveski 2. ERM Fk 945:7<\/em><\/p>\n<p><a href=\"https:\/\/blog.erm.ee\/wp-content\/uploads\/2016\/10\/004176_ERM_Fk_945_15.jpg\"><img loading=\"lazy\" decoding=\"async\" data-attachment-id=\"8654\" data-permalink=\"https:\/\/blog.erm.ee\/?attachment_id=8654#main\" data-orig-file=\"https:\/\/blog.erm.ee\/wp-content\/uploads\/2016\/10\/004176_ERM_Fk_945_15.jpg\" data-orig-size=\"1200,849\" data-comments-opened=\"1\" data-image-meta=\"{&quot;aperture&quot;:&quot;0&quot;,&quot;credit&quot;:&quot;&quot;,&quot;camera&quot;:&quot;&quot;,&quot;caption&quot;:&quot;&quot;,&quot;created_timestamp&quot;:&quot;0&quot;,&quot;copyright&quot;:&quot;&quot;,&quot;focal_length&quot;:&quot;0&quot;,&quot;iso&quot;:&quot;0&quot;,&quot;shutter_speed&quot;:&quot;0&quot;,&quot;title&quot;:&quot;&quot;,&quot;orientation&quot;:&quot;0&quot;}\" data-image-title=\"004176_erm_fk_945_15\" data-image-description=\"\" data-image-caption=\"\" data-large-file=\"https:\/\/blog.erm.ee\/wp-content\/uploads\/2016\/10\/004176_ERM_Fk_945_15-1024x724.jpg\" class=\"alignnone size-full wp-image-8654\" src=\"https:\/\/blog.erm.ee\/wp-content\/uploads\/2016\/10\/004176_ERM_Fk_945_15.jpg\" alt=\"004176_erm_fk_945_15\" width=\"1200\" height=\"849\" srcset=\"https:\/\/blog.erm.ee\/wp-content\/uploads\/2016\/10\/004176_ERM_Fk_945_15.jpg 1200w, https:\/\/blog.erm.ee\/wp-content\/uploads\/2016\/10\/004176_ERM_Fk_945_15-367x260.jpg 367w, https:\/\/blog.erm.ee\/wp-content\/uploads\/2016\/10\/004176_ERM_Fk_945_15-300x212.jpg 300w, https:\/\/blog.erm.ee\/wp-content\/uploads\/2016\/10\/004176_ERM_Fk_945_15-768x543.jpg 768w, https:\/\/blog.erm.ee\/wp-content\/uploads\/2016\/10\/004176_ERM_Fk_945_15-1024x724.jpg 1024w\" sizes=\"auto, (max-width: 1200px) 100vw, 1200px\" \/><\/a><em>Mihkel K\u00e4\u00e4ro kingsepat\u00f6\u00f6tuba (t\u00f6\u00f6tab \u00fcksi, t\u00f6\u00f6tuba asub eluruumis ja on sirmidega eraldatud). Tartu, G. Adolfi 28. ERM Fk 945:15<\/em><\/p>\n<p><a href=\"https:\/\/blog.erm.ee\/wp-content\/uploads\/2016\/10\/004181_ERM_Fk_945_20.jpg\"><img loading=\"lazy\" decoding=\"async\" data-attachment-id=\"8655\" data-permalink=\"https:\/\/blog.erm.ee\/?attachment_id=8655#main\" data-orig-file=\"https:\/\/blog.erm.ee\/wp-content\/uploads\/2016\/10\/004181_ERM_Fk_945_20.jpg\" data-orig-size=\"1200,848\" data-comments-opened=\"1\" data-image-meta=\"{&quot;aperture&quot;:&quot;0&quot;,&quot;credit&quot;:&quot;&quot;,&quot;camera&quot;:&quot;&quot;,&quot;caption&quot;:&quot;&quot;,&quot;created_timestamp&quot;:&quot;0&quot;,&quot;copyright&quot;:&quot;&quot;,&quot;focal_length&quot;:&quot;0&quot;,&quot;iso&quot;:&quot;0&quot;,&quot;shutter_speed&quot;:&quot;0&quot;,&quot;title&quot;:&quot;&quot;,&quot;orientation&quot;:&quot;0&quot;}\" data-image-title=\"004181_erm_fk_945_20\" data-image-description=\"\" data-image-caption=\"\" data-large-file=\"https:\/\/blog.erm.ee\/wp-content\/uploads\/2016\/10\/004181_ERM_Fk_945_20-1024x724.jpg\" class=\"alignnone size-full wp-image-8655\" src=\"https:\/\/blog.erm.ee\/wp-content\/uploads\/2016\/10\/004181_ERM_Fk_945_20.jpg\" alt=\"004181_erm_fk_945_20\" width=\"1200\" height=\"848\" srcset=\"https:\/\/blog.erm.ee\/wp-content\/uploads\/2016\/10\/004181_ERM_Fk_945_20.jpg 1200w, https:\/\/blog.erm.ee\/wp-content\/uploads\/2016\/10\/004181_ERM_Fk_945_20-368x260.jpg 368w, https:\/\/blog.erm.ee\/wp-content\/uploads\/2016\/10\/004181_ERM_Fk_945_20-300x212.jpg 300w, https:\/\/blog.erm.ee\/wp-content\/uploads\/2016\/10\/004181_ERM_Fk_945_20-768x543.jpg 768w, https:\/\/blog.erm.ee\/wp-content\/uploads\/2016\/10\/004181_ERM_Fk_945_20-1024x724.jpg 1024w\" sizes=\"auto, (max-width: 1200px) 100vw, 1200px\" \/><\/a><em>Gerhard Kangro m\u00fctsit\u00f6\u00f6koda (t\u00f6\u00f6tab abilistega, \u00e4riruum eraldi). Tartu, Aleksandri 15. ERM Fk 945:20<\/em><\/p>\n<p><a href=\"https:\/\/blog.erm.ee\/wp-content\/uploads\/2016\/10\/004190_ERM_Fk_945_29.jpg\"><img loading=\"lazy\" decoding=\"async\" data-attachment-id=\"8656\" data-permalink=\"https:\/\/blog.erm.ee\/?attachment_id=8656#main\" data-orig-file=\"https:\/\/blog.erm.ee\/wp-content\/uploads\/2016\/10\/004190_ERM_Fk_945_29.jpg\" data-orig-size=\"1200,845\" data-comments-opened=\"1\" data-image-meta=\"{&quot;aperture&quot;:&quot;0&quot;,&quot;credit&quot;:&quot;&quot;,&quot;camera&quot;:&quot;&quot;,&quot;caption&quot;:&quot;&quot;,&quot;created_timestamp&quot;:&quot;0&quot;,&quot;copyright&quot;:&quot;&quot;,&quot;focal_length&quot;:&quot;0&quot;,&quot;iso&quot;:&quot;0&quot;,&quot;shutter_speed&quot;:&quot;0&quot;,&quot;title&quot;:&quot;&quot;,&quot;orientation&quot;:&quot;0&quot;}\" data-image-title=\"004190_erm_fk_945_29\" data-image-description=\"\" data-image-caption=\"\" data-large-file=\"https:\/\/blog.erm.ee\/wp-content\/uploads\/2016\/10\/004190_ERM_Fk_945_29-1024x721.jpg\" class=\"alignnone size-full wp-image-8656\" src=\"https:\/\/blog.erm.ee\/wp-content\/uploads\/2016\/10\/004190_ERM_Fk_945_29.jpg\" alt=\"004190_erm_fk_945_29\" width=\"1200\" height=\"845\" srcset=\"https:\/\/blog.erm.ee\/wp-content\/uploads\/2016\/10\/004190_ERM_Fk_945_29.jpg 1200w, https:\/\/blog.erm.ee\/wp-content\/uploads\/2016\/10\/004190_ERM_Fk_945_29-369x260.jpg 369w, https:\/\/blog.erm.ee\/wp-content\/uploads\/2016\/10\/004190_ERM_Fk_945_29-300x211.jpg 300w, https:\/\/blog.erm.ee\/wp-content\/uploads\/2016\/10\/004190_ERM_Fk_945_29-768x541.jpg 768w, https:\/\/blog.erm.ee\/wp-content\/uploads\/2016\/10\/004190_ERM_Fk_945_29-1024x721.jpg 1024w\" sizes=\"auto, (max-width: 1200px) 100vw, 1200px\" \/><\/a><em>J. Kala k\u00fcbarat\u00f6\u00f6tuba naistele. Tartu, Aleksandri 7. ERM Fk 945:29<\/em><\/p>\n<p><a href=\"https:\/\/blog.erm.ee\/wp-content\/uploads\/2016\/10\/004180_ERM_Fk_945_19.jpg\"><img loading=\"lazy\" decoding=\"async\" data-attachment-id=\"8657\" data-permalink=\"https:\/\/blog.erm.ee\/?attachment_id=8657#main\" data-orig-file=\"https:\/\/blog.erm.ee\/wp-content\/uploads\/2016\/10\/004180_ERM_Fk_945_19.jpg\" data-orig-size=\"1200,841\" data-comments-opened=\"1\" data-image-meta=\"{&quot;aperture&quot;:&quot;0&quot;,&quot;credit&quot;:&quot;&quot;,&quot;camera&quot;:&quot;&quot;,&quot;caption&quot;:&quot;&quot;,&quot;created_timestamp&quot;:&quot;0&quot;,&quot;copyright&quot;:&quot;&quot;,&quot;focal_length&quot;:&quot;0&quot;,&quot;iso&quot;:&quot;0&quot;,&quot;shutter_speed&quot;:&quot;0&quot;,&quot;title&quot;:&quot;&quot;,&quot;orientation&quot;:&quot;0&quot;}\" data-image-title=\"004180_erm_fk_945_19\" data-image-description=\"\" data-image-caption=\"\" data-large-file=\"https:\/\/blog.erm.ee\/wp-content\/uploads\/2016\/10\/004180_ERM_Fk_945_19-1024x718.jpg\" class=\"alignnone size-full wp-image-8657\" src=\"https:\/\/blog.erm.ee\/wp-content\/uploads\/2016\/10\/004180_ERM_Fk_945_19.jpg\" alt=\"004180_erm_fk_945_19\" width=\"1200\" height=\"841\" srcset=\"https:\/\/blog.erm.ee\/wp-content\/uploads\/2016\/10\/004180_ERM_Fk_945_19.jpg 1200w, https:\/\/blog.erm.ee\/wp-content\/uploads\/2016\/10\/004180_ERM_Fk_945_19-371x260.jpg 371w, https:\/\/blog.erm.ee\/wp-content\/uploads\/2016\/10\/004180_ERM_Fk_945_19-300x210.jpg 300w, https:\/\/blog.erm.ee\/wp-content\/uploads\/2016\/10\/004180_ERM_Fk_945_19-768x538.jpg 768w, https:\/\/blog.erm.ee\/wp-content\/uploads\/2016\/10\/004180_ERM_Fk_945_19-1024x718.jpg 1024w\" sizes=\"auto, (max-width: 1200px) 100vw, 1200px\" \/><\/a><em>K. Reinumetsa r\u00e4tsepat\u00f6\u00f6tuba (t\u00f6\u00f6tab koos naisega). Tartu, Narva 52. ERM Fk 945:19<\/em><\/p>\n<p><a href=\"https:\/\/blog.erm.ee\/wp-content\/uploads\/2016\/10\/004182_ERM_Fk_945_21.jpg\"><img loading=\"lazy\" decoding=\"async\" data-attachment-id=\"8658\" data-permalink=\"https:\/\/blog.erm.ee\/?attachment_id=8658#main\" data-orig-file=\"https:\/\/blog.erm.ee\/wp-content\/uploads\/2016\/10\/004182_ERM_Fk_945_21.jpg\" data-orig-size=\"1200,840\" data-comments-opened=\"1\" data-image-meta=\"{&quot;aperture&quot;:&quot;0&quot;,&quot;credit&quot;:&quot;&quot;,&quot;camera&quot;:&quot;&quot;,&quot;caption&quot;:&quot;&quot;,&quot;created_timestamp&quot;:&quot;0&quot;,&quot;copyright&quot;:&quot;&quot;,&quot;focal_length&quot;:&quot;0&quot;,&quot;iso&quot;:&quot;0&quot;,&quot;shutter_speed&quot;:&quot;0&quot;,&quot;title&quot;:&quot;&quot;,&quot;orientation&quot;:&quot;0&quot;}\" data-image-title=\"004182_erm_fk_945_21\" data-image-description=\"\" data-image-caption=\"\" data-large-file=\"https:\/\/blog.erm.ee\/wp-content\/uploads\/2016\/10\/004182_ERM_Fk_945_21-1024x717.jpg\" class=\"alignnone size-full wp-image-8658\" src=\"https:\/\/blog.erm.ee\/wp-content\/uploads\/2016\/10\/004182_ERM_Fk_945_21.jpg\" alt=\"004182_erm_fk_945_21\" width=\"1200\" height=\"840\" srcset=\"https:\/\/blog.erm.ee\/wp-content\/uploads\/2016\/10\/004182_ERM_Fk_945_21.jpg 1200w, https:\/\/blog.erm.ee\/wp-content\/uploads\/2016\/10\/004182_ERM_Fk_945_21-371x260.jpg 371w, https:\/\/blog.erm.ee\/wp-content\/uploads\/2016\/10\/004182_ERM_Fk_945_21-300x210.jpg 300w, https:\/\/blog.erm.ee\/wp-content\/uploads\/2016\/10\/004182_ERM_Fk_945_21-768x538.jpg 768w, https:\/\/blog.erm.ee\/wp-content\/uploads\/2016\/10\/004182_ERM_Fk_945_21-1024x717.jpg 1024w\" sizes=\"auto, (max-width: 1200px) 100vw, 1200px\" \/><\/a><em>Jaan Tuulase r\u00e4tsepat\u00f6\u00f6koda. Tartu, Gildi 4\u20131. ERM Fk 945:21<\/em><\/p>\n<p><a href=\"https:\/\/blog.erm.ee\/wp-content\/uploads\/2016\/10\/004184_ERM_Fk_945_23.jpg\"><img loading=\"lazy\" decoding=\"async\" data-attachment-id=\"8659\" data-permalink=\"https:\/\/blog.erm.ee\/?attachment_id=8659#main\" data-orig-file=\"https:\/\/blog.erm.ee\/wp-content\/uploads\/2016\/10\/004184_ERM_Fk_945_23.jpg\" data-orig-size=\"1200,838\" data-comments-opened=\"1\" data-image-meta=\"{&quot;aperture&quot;:&quot;0&quot;,&quot;credit&quot;:&quot;&quot;,&quot;camera&quot;:&quot;&quot;,&quot;caption&quot;:&quot;&quot;,&quot;created_timestamp&quot;:&quot;0&quot;,&quot;copyright&quot;:&quot;&quot;,&quot;focal_length&quot;:&quot;0&quot;,&quot;iso&quot;:&quot;0&quot;,&quot;shutter_speed&quot;:&quot;0&quot;,&quot;title&quot;:&quot;&quot;,&quot;orientation&quot;:&quot;0&quot;}\" data-image-title=\"004184_erm_fk_945_23\" data-image-description=\"\" data-image-caption=\"\" data-large-file=\"https:\/\/blog.erm.ee\/wp-content\/uploads\/2016\/10\/004184_ERM_Fk_945_23-1024x715.jpg\" class=\"alignnone size-full wp-image-8659\" src=\"https:\/\/blog.erm.ee\/wp-content\/uploads\/2016\/10\/004184_ERM_Fk_945_23.jpg\" alt=\"004184_erm_fk_945_23\" width=\"1200\" height=\"838\" srcset=\"https:\/\/blog.erm.ee\/wp-content\/uploads\/2016\/10\/004184_ERM_Fk_945_23.jpg 1200w, https:\/\/blog.erm.ee\/wp-content\/uploads\/2016\/10\/004184_ERM_Fk_945_23-372x260.jpg 372w, https:\/\/blog.erm.ee\/wp-content\/uploads\/2016\/10\/004184_ERM_Fk_945_23-300x210.jpg 300w, https:\/\/blog.erm.ee\/wp-content\/uploads\/2016\/10\/004184_ERM_Fk_945_23-768x536.jpg 768w, https:\/\/blog.erm.ee\/wp-content\/uploads\/2016\/10\/004184_ERM_Fk_945_23-1024x715.jpg 1024w\" sizes=\"auto, (max-width: 1200px) 100vw, 1200px\" \/><\/a><em>Karl Undi plekksepat\u00f6\u00f6tuba (t\u00f6\u00f6tab naisega; t\u00f6\u00f6ruum, samas ka \u00e4riruum). Tartu, Riia 77. ERM Fk 945:23<\/em><\/p>\n<p><a href=\"https:\/\/blog.erm.ee\/wp-content\/uploads\/2016\/10\/004188_ERM_Fk_945_27.jpg\"><img loading=\"lazy\" decoding=\"async\" data-attachment-id=\"8660\" data-permalink=\"https:\/\/blog.erm.ee\/?attachment_id=8660#main\" data-orig-file=\"https:\/\/blog.erm.ee\/wp-content\/uploads\/2016\/10\/004188_ERM_Fk_945_27.jpg\" data-orig-size=\"1200,844\" data-comments-opened=\"1\" data-image-meta=\"{&quot;aperture&quot;:&quot;0&quot;,&quot;credit&quot;:&quot;&quot;,&quot;camera&quot;:&quot;&quot;,&quot;caption&quot;:&quot;&quot;,&quot;created_timestamp&quot;:&quot;0&quot;,&quot;copyright&quot;:&quot;&quot;,&quot;focal_length&quot;:&quot;0&quot;,&quot;iso&quot;:&quot;0&quot;,&quot;shutter_speed&quot;:&quot;0&quot;,&quot;title&quot;:&quot;&quot;,&quot;orientation&quot;:&quot;0&quot;}\" data-image-title=\"004188_erm_fk_945_27\" data-image-description=\"\" data-image-caption=\"\" data-large-file=\"https:\/\/blog.erm.ee\/wp-content\/uploads\/2016\/10\/004188_ERM_Fk_945_27-1024x720.jpg\" class=\"alignnone size-full wp-image-8660\" src=\"https:\/\/blog.erm.ee\/wp-content\/uploads\/2016\/10\/004188_ERM_Fk_945_27.jpg\" alt=\"004188_erm_fk_945_27\" width=\"1200\" height=\"844\" srcset=\"https:\/\/blog.erm.ee\/wp-content\/uploads\/2016\/10\/004188_ERM_Fk_945_27.jpg 1200w, https:\/\/blog.erm.ee\/wp-content\/uploads\/2016\/10\/004188_ERM_Fk_945_27-370x260.jpg 370w, https:\/\/blog.erm.ee\/wp-content\/uploads\/2016\/10\/004188_ERM_Fk_945_27-300x211.jpg 300w, https:\/\/blog.erm.ee\/wp-content\/uploads\/2016\/10\/004188_ERM_Fk_945_27-768x540.jpg 768w, https:\/\/blog.erm.ee\/wp-content\/uploads\/2016\/10\/004188_ERM_Fk_945_27-1024x720.jpg 1024w\" sizes=\"auto, (max-width: 1200px) 100vw, 1200px\" \/><\/a><em>Johannes Villmanni kullassepat\u00f6\u00f6koda (t\u00f6\u00f6tab koos \u00fche abilisega). Tartu, G. Adolfi 15. ERM Fk 945:27<\/em><\/p>\n<p><a href=\"https:\/\/blog.erm.ee\/wp-content\/uploads\/2016\/10\/004187_ERM_Fk_945_26.jpg\"><img loading=\"lazy\" decoding=\"async\" data-attachment-id=\"8661\" data-permalink=\"https:\/\/blog.erm.ee\/?attachment_id=8661#main\" data-orig-file=\"https:\/\/blog.erm.ee\/wp-content\/uploads\/2016\/10\/004187_ERM_Fk_945_26.jpg\" data-orig-size=\"1200,841\" data-comments-opened=\"1\" data-image-meta=\"{&quot;aperture&quot;:&quot;0&quot;,&quot;credit&quot;:&quot;&quot;,&quot;camera&quot;:&quot;&quot;,&quot;caption&quot;:&quot;&quot;,&quot;created_timestamp&quot;:&quot;0&quot;,&quot;copyright&quot;:&quot;&quot;,&quot;focal_length&quot;:&quot;0&quot;,&quot;iso&quot;:&quot;0&quot;,&quot;shutter_speed&quot;:&quot;0&quot;,&quot;title&quot;:&quot;&quot;,&quot;orientation&quot;:&quot;0&quot;}\" data-image-title=\"004187_erm_fk_945_26\" data-image-description=\"\" data-image-caption=\"\" data-large-file=\"https:\/\/blog.erm.ee\/wp-content\/uploads\/2016\/10\/004187_ERM_Fk_945_26-1024x718.jpg\" class=\"alignnone size-full wp-image-8661\" src=\"https:\/\/blog.erm.ee\/wp-content\/uploads\/2016\/10\/004187_ERM_Fk_945_26.jpg\" alt=\"004187_erm_fk_945_26\" width=\"1200\" height=\"841\" srcset=\"https:\/\/blog.erm.ee\/wp-content\/uploads\/2016\/10\/004187_ERM_Fk_945_26.jpg 1200w, https:\/\/blog.erm.ee\/wp-content\/uploads\/2016\/10\/004187_ERM_Fk_945_26-371x260.jpg 371w, https:\/\/blog.erm.ee\/wp-content\/uploads\/2016\/10\/004187_ERM_Fk_945_26-300x210.jpg 300w, https:\/\/blog.erm.ee\/wp-content\/uploads\/2016\/10\/004187_ERM_Fk_945_26-768x538.jpg 768w, https:\/\/blog.erm.ee\/wp-content\/uploads\/2016\/10\/004187_ERM_Fk_945_26-1024x718.jpg 1024w\" sizes=\"auto, (max-width: 1200px) 100vw, 1200px\" \/><\/a><em>H. Hausenbergi elektri- ja armatuurit\u00f6\u00f6stus. Tartu, 21. juuni tn. ERM Fk 945:26<\/em><\/p>\n<p><a href=\"https:\/\/blog.erm.ee\/wp-content\/uploads\/2016\/10\/004193_ERM_Fk_945_32.jpg\"><img loading=\"lazy\" decoding=\"async\" data-attachment-id=\"8662\" data-permalink=\"https:\/\/blog.erm.ee\/?attachment_id=8662#main\" data-orig-file=\"https:\/\/blog.erm.ee\/wp-content\/uploads\/2016\/10\/004193_ERM_Fk_945_32.jpg\" data-orig-size=\"1200,826\" data-comments-opened=\"1\" data-image-meta=\"{&quot;aperture&quot;:&quot;0&quot;,&quot;credit&quot;:&quot;&quot;,&quot;camera&quot;:&quot;&quot;,&quot;caption&quot;:&quot;&quot;,&quot;created_timestamp&quot;:&quot;0&quot;,&quot;copyright&quot;:&quot;&quot;,&quot;focal_length&quot;:&quot;0&quot;,&quot;iso&quot;:&quot;0&quot;,&quot;shutter_speed&quot;:&quot;0&quot;,&quot;title&quot;:&quot;&quot;,&quot;orientation&quot;:&quot;0&quot;}\" data-image-title=\"004193_erm_fk_945_32\" data-image-description=\"\" data-image-caption=\"\" data-large-file=\"https:\/\/blog.erm.ee\/wp-content\/uploads\/2016\/10\/004193_ERM_Fk_945_32-1024x705.jpg\" class=\"alignnone size-full wp-image-8662\" src=\"https:\/\/blog.erm.ee\/wp-content\/uploads\/2016\/10\/004193_ERM_Fk_945_32.jpg\" alt=\"004193_erm_fk_945_32\" width=\"1200\" height=\"826\" srcset=\"https:\/\/blog.erm.ee\/wp-content\/uploads\/2016\/10\/004193_ERM_Fk_945_32.jpg 1200w, https:\/\/blog.erm.ee\/wp-content\/uploads\/2016\/10\/004193_ERM_Fk_945_32-378x260.jpg 378w, https:\/\/blog.erm.ee\/wp-content\/uploads\/2016\/10\/004193_ERM_Fk_945_32-300x207.jpg 300w, https:\/\/blog.erm.ee\/wp-content\/uploads\/2016\/10\/004193_ERM_Fk_945_32-768x529.jpg 768w, https:\/\/blog.erm.ee\/wp-content\/uploads\/2016\/10\/004193_ERM_Fk_945_32-1024x705.jpg 1024w\" sizes=\"auto, (max-width: 1200px) 100vw, 1200px\" \/><\/a><em>Osvald N\u00f5mme \u0161okolaadi- ja kompvekit\u00f6\u00f6stus. Tartu, Aleksandri 24a. ERM Fk 945:32<\/em><\/p>\n<p><a href=\"https:\/\/blog.erm.ee\/wp-content\/uploads\/2016\/10\/004174_ERM_Fk_945_13.jpg\"><img loading=\"lazy\" decoding=\"async\" data-attachment-id=\"8663\" data-permalink=\"https:\/\/blog.erm.ee\/?attachment_id=8663#main\" data-orig-file=\"https:\/\/blog.erm.ee\/wp-content\/uploads\/2016\/10\/004174_ERM_Fk_945_13.jpg\" data-orig-size=\"1200,816\" data-comments-opened=\"1\" data-image-meta=\"{&quot;aperture&quot;:&quot;0&quot;,&quot;credit&quot;:&quot;&quot;,&quot;camera&quot;:&quot;&quot;,&quot;caption&quot;:&quot;&quot;,&quot;created_timestamp&quot;:&quot;0&quot;,&quot;copyright&quot;:&quot;&quot;,&quot;focal_length&quot;:&quot;0&quot;,&quot;iso&quot;:&quot;0&quot;,&quot;shutter_speed&quot;:&quot;0&quot;,&quot;title&quot;:&quot;&quot;,&quot;orientation&quot;:&quot;0&quot;}\" data-image-title=\"004174_erm_fk_945_13\" data-image-description=\"\" data-image-caption=\"\" data-large-file=\"https:\/\/blog.erm.ee\/wp-content\/uploads\/2016\/10\/004174_ERM_Fk_945_13-1024x696.jpg\" class=\"alignnone size-full wp-image-8663\" src=\"https:\/\/blog.erm.ee\/wp-content\/uploads\/2016\/10\/004174_ERM_Fk_945_13.jpg\" alt=\"004174_erm_fk_945_13\" width=\"1200\" height=\"816\" srcset=\"https:\/\/blog.erm.ee\/wp-content\/uploads\/2016\/10\/004174_ERM_Fk_945_13.jpg 1200w, https:\/\/blog.erm.ee\/wp-content\/uploads\/2016\/10\/004174_ERM_Fk_945_13-382x260.jpg 382w, https:\/\/blog.erm.ee\/wp-content\/uploads\/2016\/10\/004174_ERM_Fk_945_13-300x204.jpg 300w, https:\/\/blog.erm.ee\/wp-content\/uploads\/2016\/10\/004174_ERM_Fk_945_13-768x522.jpg 768w, https:\/\/blog.erm.ee\/wp-content\/uploads\/2016\/10\/004174_ERM_Fk_945_13-1024x696.jpg 1024w\" sizes=\"auto, (max-width: 1200px) 100vw, 1200px\" \/><\/a><em>Villem Kuusloo pagarit\u00f6\u00f6tuba (t\u00f6\u00f6tab abilistega, \u00e4riruum eraldi). Tartu, Riia 75. ERM Fk 945:13<\/em><\/p>\n<p><a href=\"https:\/\/blog.erm.ee\/wp-content\/uploads\/2016\/10\/004177_ERM_Fk_945_16.jpg\"><img loading=\"lazy\" decoding=\"async\" data-attachment-id=\"8664\" data-permalink=\"https:\/\/blog.erm.ee\/?attachment_id=8664#main\" data-orig-file=\"https:\/\/blog.erm.ee\/wp-content\/uploads\/2016\/10\/004177_ERM_Fk_945_16.jpg\" data-orig-size=\"1200,845\" data-comments-opened=\"1\" data-image-meta=\"{&quot;aperture&quot;:&quot;0&quot;,&quot;credit&quot;:&quot;&quot;,&quot;camera&quot;:&quot;&quot;,&quot;caption&quot;:&quot;&quot;,&quot;created_timestamp&quot;:&quot;0&quot;,&quot;copyright&quot;:&quot;&quot;,&quot;focal_length&quot;:&quot;0&quot;,&quot;iso&quot;:&quot;0&quot;,&quot;shutter_speed&quot;:&quot;0&quot;,&quot;title&quot;:&quot;&quot;,&quot;orientation&quot;:&quot;0&quot;}\" data-image-title=\"004177_erm_fk_945_16\" data-image-description=\"\" data-image-caption=\"\" data-large-file=\"https:\/\/blog.erm.ee\/wp-content\/uploads\/2016\/10\/004177_ERM_Fk_945_16-1024x721.jpg\" class=\"alignnone size-full wp-image-8664\" src=\"https:\/\/blog.erm.ee\/wp-content\/uploads\/2016\/10\/004177_ERM_Fk_945_16.jpg\" alt=\"004177_erm_fk_945_16\" width=\"1200\" height=\"845\" srcset=\"https:\/\/blog.erm.ee\/wp-content\/uploads\/2016\/10\/004177_ERM_Fk_945_16.jpg 1200w, https:\/\/blog.erm.ee\/wp-content\/uploads\/2016\/10\/004177_ERM_Fk_945_16-369x260.jpg 369w, https:\/\/blog.erm.ee\/wp-content\/uploads\/2016\/10\/004177_ERM_Fk_945_16-300x211.jpg 300w, https:\/\/blog.erm.ee\/wp-content\/uploads\/2016\/10\/004177_ERM_Fk_945_16-768x541.jpg 768w, https:\/\/blog.erm.ee\/wp-content\/uploads\/2016\/10\/004177_ERM_Fk_945_16-1024x721.jpg 1024w\" sizes=\"auto, (max-width: 1200px) 100vw, 1200px\" \/><\/a><em>P. Laursoni pesukoda \u201eEstonia&#8221;. Tartu, Gildi 7. ERM Fk 945:16<\/em><\/p>\n<p><a href=\"https:\/\/blog.erm.ee\/wp-content\/uploads\/2016\/10\/004169_ERM_Fk_945_8.jpg\"><img loading=\"lazy\" decoding=\"async\" data-attachment-id=\"8665\" data-permalink=\"https:\/\/blog.erm.ee\/?attachment_id=8665#main\" data-orig-file=\"https:\/\/blog.erm.ee\/wp-content\/uploads\/2016\/10\/004169_ERM_Fk_945_8.jpg\" data-orig-size=\"1200,845\" data-comments-opened=\"1\" data-image-meta=\"{&quot;aperture&quot;:&quot;0&quot;,&quot;credit&quot;:&quot;&quot;,&quot;camera&quot;:&quot;&quot;,&quot;caption&quot;:&quot;&quot;,&quot;created_timestamp&quot;:&quot;0&quot;,&quot;copyright&quot;:&quot;&quot;,&quot;focal_length&quot;:&quot;0&quot;,&quot;iso&quot;:&quot;0&quot;,&quot;shutter_speed&quot;:&quot;0&quot;,&quot;title&quot;:&quot;&quot;,&quot;orientation&quot;:&quot;0&quot;}\" data-image-title=\"004169_erm_fk_945_8\" data-image-description=\"\" data-image-caption=\"\" data-large-file=\"https:\/\/blog.erm.ee\/wp-content\/uploads\/2016\/10\/004169_ERM_Fk_945_8-1024x721.jpg\" class=\"alignnone size-full wp-image-8665\" src=\"https:\/\/blog.erm.ee\/wp-content\/uploads\/2016\/10\/004169_ERM_Fk_945_8.jpg\" alt=\"004169_erm_fk_945_8\" width=\"1200\" height=\"845\" srcset=\"https:\/\/blog.erm.ee\/wp-content\/uploads\/2016\/10\/004169_ERM_Fk_945_8.jpg 1200w, https:\/\/blog.erm.ee\/wp-content\/uploads\/2016\/10\/004169_ERM_Fk_945_8-369x260.jpg 369w, https:\/\/blog.erm.ee\/wp-content\/uploads\/2016\/10\/004169_ERM_Fk_945_8-300x211.jpg 300w, https:\/\/blog.erm.ee\/wp-content\/uploads\/2016\/10\/004169_ERM_Fk_945_8-768x541.jpg 768w, https:\/\/blog.erm.ee\/wp-content\/uploads\/2016\/10\/004169_ERM_Fk_945_8-1024x721.jpg 1024w\" sizes=\"auto, (max-width: 1200px) 100vw, 1200px\" \/><\/a><em>Eduard Triipuse juuksurit\u00f6\u00f6tuba (sildil: Teatrifris\u00f6\u00f6r). Tartu, Narva 48. ERM Fk 945:8<\/em><\/p>\n<p><a href=\"https:\/\/blog.erm.ee\/wp-content\/uploads\/2016\/10\/004197_ERM_Fk_945_36.jpg\"><img loading=\"lazy\" decoding=\"async\" data-attachment-id=\"8666\" data-permalink=\"https:\/\/blog.erm.ee\/?attachment_id=8666#main\" data-orig-file=\"https:\/\/blog.erm.ee\/wp-content\/uploads\/2016\/10\/004197_ERM_Fk_945_36.jpg\" data-orig-size=\"1200,839\" data-comments-opened=\"1\" data-image-meta=\"{&quot;aperture&quot;:&quot;0&quot;,&quot;credit&quot;:&quot;&quot;,&quot;camera&quot;:&quot;&quot;,&quot;caption&quot;:&quot;&quot;,&quot;created_timestamp&quot;:&quot;0&quot;,&quot;copyright&quot;:&quot;&quot;,&quot;focal_length&quot;:&quot;0&quot;,&quot;iso&quot;:&quot;0&quot;,&quot;shutter_speed&quot;:&quot;0&quot;,&quot;title&quot;:&quot;&quot;,&quot;orientation&quot;:&quot;0&quot;}\" data-image-title=\"004197_erm_fk_945_36\" data-image-description=\"\" data-image-caption=\"\" data-large-file=\"https:\/\/blog.erm.ee\/wp-content\/uploads\/2016\/10\/004197_ERM_Fk_945_36-1024x716.jpg\" class=\"alignnone size-full wp-image-8666\" src=\"https:\/\/blog.erm.ee\/wp-content\/uploads\/2016\/10\/004197_ERM_Fk_945_36.jpg\" alt=\"004197_erm_fk_945_36\" width=\"1200\" height=\"839\" srcset=\"https:\/\/blog.erm.ee\/wp-content\/uploads\/2016\/10\/004197_ERM_Fk_945_36.jpg 1200w, https:\/\/blog.erm.ee\/wp-content\/uploads\/2016\/10\/004197_ERM_Fk_945_36-372x260.jpg 372w, https:\/\/blog.erm.ee\/wp-content\/uploads\/2016\/10\/004197_ERM_Fk_945_36-300x210.jpg 300w, https:\/\/blog.erm.ee\/wp-content\/uploads\/2016\/10\/004197_ERM_Fk_945_36-768x537.jpg 768w, https:\/\/blog.erm.ee\/wp-content\/uploads\/2016\/10\/004197_ERM_Fk_945_36-1024x716.jpg 1024w\" sizes=\"auto, (max-width: 1200px) 100vw, 1200px\" \/><\/a><em>Karl K\u00e4\u00e4riku t\u00f5llasepat\u00f6\u00f6stus. Tartu, Fortuna 8. ERM Fk 945:36<\/em><\/p>\n<p><a href=\"https:\/\/blog.erm.ee\/wp-content\/uploads\/2016\/10\/004198_ERM_Fk_945_37.jpg\"><img loading=\"lazy\" decoding=\"async\" data-attachment-id=\"8667\" data-permalink=\"https:\/\/blog.erm.ee\/?attachment_id=8667#main\" data-orig-file=\"https:\/\/blog.erm.ee\/wp-content\/uploads\/2016\/10\/004198_ERM_Fk_945_37.jpg\" data-orig-size=\"1200,848\" data-comments-opened=\"1\" data-image-meta=\"{&quot;aperture&quot;:&quot;0&quot;,&quot;credit&quot;:&quot;&quot;,&quot;camera&quot;:&quot;&quot;,&quot;caption&quot;:&quot;&quot;,&quot;created_timestamp&quot;:&quot;0&quot;,&quot;copyright&quot;:&quot;&quot;,&quot;focal_length&quot;:&quot;0&quot;,&quot;iso&quot;:&quot;0&quot;,&quot;shutter_speed&quot;:&quot;0&quot;,&quot;title&quot;:&quot;&quot;,&quot;orientation&quot;:&quot;0&quot;}\" data-image-title=\"004198_erm_fk_945_37\" data-image-description=\"\" data-image-caption=\"\" data-large-file=\"https:\/\/blog.erm.ee\/wp-content\/uploads\/2016\/10\/004198_ERM_Fk_945_37-1024x724.jpg\" class=\"alignnone size-full wp-image-8667\" src=\"https:\/\/blog.erm.ee\/wp-content\/uploads\/2016\/10\/004198_ERM_Fk_945_37.jpg\" alt=\"004198_erm_fk_945_37\" width=\"1200\" height=\"848\" srcset=\"https:\/\/blog.erm.ee\/wp-content\/uploads\/2016\/10\/004198_ERM_Fk_945_37.jpg 1200w, https:\/\/blog.erm.ee\/wp-content\/uploads\/2016\/10\/004198_ERM_Fk_945_37-368x260.jpg 368w, https:\/\/blog.erm.ee\/wp-content\/uploads\/2016\/10\/004198_ERM_Fk_945_37-300x212.jpg 300w, https:\/\/blog.erm.ee\/wp-content\/uploads\/2016\/10\/004198_ERM_Fk_945_37-768x543.jpg 768w, https:\/\/blog.erm.ee\/wp-content\/uploads\/2016\/10\/004198_ERM_Fk_945_37-1024x724.jpg 1024w\" sizes=\"auto, (max-width: 1200px) 100vw, 1200px\" \/><\/a><em>Karl K\u00e4\u00e4riku t\u00f5llasepat\u00f6\u00f6stus \u00a0(t\u00f6\u00f6tab kolme abilisega). Tartu, Fortuna 8. ERM Fk 945:37.<\/em><\/p>\n<p><a href=\"https:\/\/blog.erm.ee\/wp-content\/uploads\/2016\/10\/004185_ERM_Fk_945_24.jpg\"><img loading=\"lazy\" decoding=\"async\" data-attachment-id=\"8668\" data-permalink=\"https:\/\/blog.erm.ee\/?attachment_id=8668#main\" data-orig-file=\"https:\/\/blog.erm.ee\/wp-content\/uploads\/2016\/10\/004185_ERM_Fk_945_24.jpg\" data-orig-size=\"1200,845\" data-comments-opened=\"1\" data-image-meta=\"{&quot;aperture&quot;:&quot;0&quot;,&quot;credit&quot;:&quot;&quot;,&quot;camera&quot;:&quot;&quot;,&quot;caption&quot;:&quot;&quot;,&quot;created_timestamp&quot;:&quot;0&quot;,&quot;copyright&quot;:&quot;&quot;,&quot;focal_length&quot;:&quot;0&quot;,&quot;iso&quot;:&quot;0&quot;,&quot;shutter_speed&quot;:&quot;0&quot;,&quot;title&quot;:&quot;&quot;,&quot;orientation&quot;:&quot;0&quot;}\" data-image-title=\"004185_erm_fk_945_24\" data-image-description=\"\" data-image-caption=\"\" data-large-file=\"https:\/\/blog.erm.ee\/wp-content\/uploads\/2016\/10\/004185_ERM_Fk_945_24-1024x721.jpg\" class=\"alignnone size-full wp-image-8668\" src=\"https:\/\/blog.erm.ee\/wp-content\/uploads\/2016\/10\/004185_ERM_Fk_945_24.jpg\" alt=\"004185_erm_fk_945_24\" width=\"1200\" height=\"845\" srcset=\"https:\/\/blog.erm.ee\/wp-content\/uploads\/2016\/10\/004185_ERM_Fk_945_24.jpg 1200w, https:\/\/blog.erm.ee\/wp-content\/uploads\/2016\/10\/004185_ERM_Fk_945_24-369x260.jpg 369w, https:\/\/blog.erm.ee\/wp-content\/uploads\/2016\/10\/004185_ERM_Fk_945_24-300x211.jpg 300w, https:\/\/blog.erm.ee\/wp-content\/uploads\/2016\/10\/004185_ERM_Fk_945_24-768x541.jpg 768w, https:\/\/blog.erm.ee\/wp-content\/uploads\/2016\/10\/004185_ERM_Fk_945_24-1024x721.jpg 1024w\" sizes=\"auto, (max-width: 1200px) 100vw, 1200px\" \/><\/a><em>Voldemar Pediuse harja- ja pintslit\u00f6\u00f6koda (t\u00f6\u00f6tab koos naisega, enne abilistega). Tartu, Riia 25. ERM Fk 945:24.<\/em><\/p>\n<p><a href=\"https:\/\/blog.erm.ee\/wp-content\/uploads\/2016\/10\/000878_ERM_Fk_945_6.jpg\"><img loading=\"lazy\" decoding=\"async\" data-attachment-id=\"8669\" data-permalink=\"https:\/\/blog.erm.ee\/?attachment_id=8669#main\" data-orig-file=\"https:\/\/blog.erm.ee\/wp-content\/uploads\/2016\/10\/000878_ERM_Fk_945_6.jpg\" data-orig-size=\"1200,795\" data-comments-opened=\"1\" data-image-meta=\"{&quot;aperture&quot;:&quot;0&quot;,&quot;credit&quot;:&quot;&quot;,&quot;camera&quot;:&quot;&quot;,&quot;caption&quot;:&quot;&quot;,&quot;created_timestamp&quot;:&quot;0&quot;,&quot;copyright&quot;:&quot;&quot;,&quot;focal_length&quot;:&quot;0&quot;,&quot;iso&quot;:&quot;0&quot;,&quot;shutter_speed&quot;:&quot;0&quot;,&quot;title&quot;:&quot;&quot;,&quot;orientation&quot;:&quot;0&quot;}\" data-image-title=\"000878_erm_fk_945_6\" data-image-description=\"\" data-image-caption=\"\" data-large-file=\"https:\/\/blog.erm.ee\/wp-content\/uploads\/2016\/10\/000878_ERM_Fk_945_6-1024x678.jpg\" class=\"alignnone size-full wp-image-8669\" src=\"https:\/\/blog.erm.ee\/wp-content\/uploads\/2016\/10\/000878_ERM_Fk_945_6.jpg\" alt=\"000878_erm_fk_945_6\" width=\"1200\" height=\"795\" srcset=\"https:\/\/blog.erm.ee\/wp-content\/uploads\/2016\/10\/000878_ERM_Fk_945_6.jpg 1200w, https:\/\/blog.erm.ee\/wp-content\/uploads\/2016\/10\/000878_ERM_Fk_945_6-392x260.jpg 392w, https:\/\/blog.erm.ee\/wp-content\/uploads\/2016\/10\/000878_ERM_Fk_945_6-300x199.jpg 300w, https:\/\/blog.erm.ee\/wp-content\/uploads\/2016\/10\/000878_ERM_Fk_945_6-768x509.jpg 768w, https:\/\/blog.erm.ee\/wp-content\/uploads\/2016\/10\/000878_ERM_Fk_945_6-1024x678.jpg 1024w\" sizes=\"auto, (max-width: 1200px) 100vw, 1200px\" \/><\/a><em>R. Madissoni klaasipuhumise t\u00f6\u00f6tuba (t\u00f6\u00f6tab \u00fcksi, kasutab elektril\u00f5\u00f5tsa gaasitule jaoks). Tartu, Narva 91. ERM Fk 945:6.<\/em><\/p>\n<p><a href=\"https:\/\/blog.erm.ee\/wp-content\/uploads\/2016\/10\/004173_ERM_Fk_945_12.jpg\"><img loading=\"lazy\" decoding=\"async\" data-attachment-id=\"8670\" data-permalink=\"https:\/\/blog.erm.ee\/?attachment_id=8670#main\" data-orig-file=\"https:\/\/blog.erm.ee\/wp-content\/uploads\/2016\/10\/004173_ERM_Fk_945_12.jpg\" data-orig-size=\"1200,823\" data-comments-opened=\"1\" data-image-meta=\"{&quot;aperture&quot;:&quot;0&quot;,&quot;credit&quot;:&quot;&quot;,&quot;camera&quot;:&quot;&quot;,&quot;caption&quot;:&quot;&quot;,&quot;created_timestamp&quot;:&quot;0&quot;,&quot;copyright&quot;:&quot;&quot;,&quot;focal_length&quot;:&quot;0&quot;,&quot;iso&quot;:&quot;0&quot;,&quot;shutter_speed&quot;:&quot;0&quot;,&quot;title&quot;:&quot;&quot;,&quot;orientation&quot;:&quot;0&quot;}\" data-image-title=\"004173_erm_fk_945_12\" data-image-description=\"\" data-image-caption=\"\" data-large-file=\"https:\/\/blog.erm.ee\/wp-content\/uploads\/2016\/10\/004173_ERM_Fk_945_12-1024x702.jpg\" class=\"alignnone size-full wp-image-8670\" src=\"https:\/\/blog.erm.ee\/wp-content\/uploads\/2016\/10\/004173_ERM_Fk_945_12.jpg\" alt=\"004173_erm_fk_945_12\" width=\"1200\" height=\"823\" srcset=\"https:\/\/blog.erm.ee\/wp-content\/uploads\/2016\/10\/004173_ERM_Fk_945_12.jpg 1200w, https:\/\/blog.erm.ee\/wp-content\/uploads\/2016\/10\/004173_ERM_Fk_945_12-379x260.jpg 379w, https:\/\/blog.erm.ee\/wp-content\/uploads\/2016\/10\/004173_ERM_Fk_945_12-300x206.jpg 300w, https:\/\/blog.erm.ee\/wp-content\/uploads\/2016\/10\/004173_ERM_Fk_945_12-768x527.jpg 768w, https:\/\/blog.erm.ee\/wp-content\/uploads\/2016\/10\/004173_ERM_Fk_945_12-1024x702.jpg 1024w\" sizes=\"auto, (max-width: 1200px) 100vw, 1200px\" \/><\/a><em>\u201eTeaduse&#8221; tr\u00fckikoda (t\u00f6\u00f6tab abilistega, tr\u00fckikoda asub kirjutusmaterjali kaupluse juures). Tartu, 21. juuni tn. ERM Fk 945:12<\/em><\/p>\n<p><a href=\"https:\/\/blog.erm.ee\/wp-content\/uploads\/2016\/10\/004201_ERM_Fk_945_40.jpg\"><img loading=\"lazy\" decoding=\"async\" data-attachment-id=\"8671\" data-permalink=\"https:\/\/blog.erm.ee\/?attachment_id=8671#main\" data-orig-file=\"https:\/\/blog.erm.ee\/wp-content\/uploads\/2016\/10\/004201_ERM_Fk_945_40.jpg\" data-orig-size=\"1200,831\" data-comments-opened=\"1\" data-image-meta=\"{&quot;aperture&quot;:&quot;0&quot;,&quot;credit&quot;:&quot;&quot;,&quot;camera&quot;:&quot;&quot;,&quot;caption&quot;:&quot;&quot;,&quot;created_timestamp&quot;:&quot;0&quot;,&quot;copyright&quot;:&quot;&quot;,&quot;focal_length&quot;:&quot;0&quot;,&quot;iso&quot;:&quot;0&quot;,&quot;shutter_speed&quot;:&quot;0&quot;,&quot;title&quot;:&quot;&quot;,&quot;orientation&quot;:&quot;0&quot;}\" data-image-title=\"004201_erm_fk_945_40\" data-image-description=\"\" data-image-caption=\"\" data-large-file=\"https:\/\/blog.erm.ee\/wp-content\/uploads\/2016\/10\/004201_ERM_Fk_945_40-1024x709.jpg\" class=\"alignnone size-full wp-image-8671\" src=\"https:\/\/blog.erm.ee\/wp-content\/uploads\/2016\/10\/004201_ERM_Fk_945_40.jpg\" alt=\"004201_erm_fk_945_40\" width=\"1200\" height=\"831\" srcset=\"https:\/\/blog.erm.ee\/wp-content\/uploads\/2016\/10\/004201_ERM_Fk_945_40.jpg 1200w, https:\/\/blog.erm.ee\/wp-content\/uploads\/2016\/10\/004201_ERM_Fk_945_40-375x260.jpg 375w, https:\/\/blog.erm.ee\/wp-content\/uploads\/2016\/10\/004201_ERM_Fk_945_40-300x208.jpg 300w, https:\/\/blog.erm.ee\/wp-content\/uploads\/2016\/10\/004201_ERM_Fk_945_40-768x532.jpg 768w, https:\/\/blog.erm.ee\/wp-content\/uploads\/2016\/10\/004201_ERM_Fk_945_40-1024x709.jpg 1024w\" sizes=\"auto, (max-width: 1200px) 100vw, 1200px\" \/><\/a><em>Aleksander Fadejevi m\u00e4nguasjade t\u00f6\u00f6tuba. Tartu, Kaluri 33\u20131. ERM Fk 945:40<\/em><\/p>\n<div class=\"fcbkbttn_buttons_block\" id=\"fcbkbttn_left\"><div class=\"fcbkbttn_like \"><fb:like href=\"https:\/\/blog.erm.ee\/?p=8645\" action=\"like\" colorscheme=\"light\" layout=\"standard\"  width=\"225px\" size=\"small\"><\/fb:like><\/div><div class=\"fb-share-button  \" data-href=\"https:\/\/blog.erm.ee\/?p=8645\" data-type=\"button\" data-size=\"small\"><\/div><\/div>","protected":false},"excerpt":{"rendered":"<p>Tiina Tael, peaarhivaar Enam kui pool sajandit fotograafina leiba teeninud Eduard Sellekese pilte on ERMi fotokogus tuhandeid, arvukalt on neid ka teiste m\u00e4luasutuste ja kollektsion\u00e4\u00e4ride kogudes ning kindlasti leidub neid eraisikute pildialbumiteski. Eduard Sellekese loomingu n\u00e4itena esitleme tema fotosid Tartu k\u00e4sit\u00f6\u00f6liste t\u00f6\u00f6kodadest, mis pildistatud 1940. aastal \u2013 ajal, mil \u00fchiskonnas toimusid suured muutused, mis kajastuvad&hellip;<\/p>\n","protected":false},"author":1,"featured_media":8655,"comment_status":"open","ping_status":"open","sticky":false,"template":"","format":"standard","meta":{"_monsterinsights_skip_tracking":false,"_monsterinsights_sitenote_active":false,"_monsterinsights_sitenote_note":"","_monsterinsights_sitenote_category":0,"jetpack_post_was_ever_published":false,"_jetpack_newsletter_access":"","_jetpack_dont_email_post_to_subs":false,"_jetpack_newsletter_tier_id":0,"_jetpack_memberships_contains_paywalled_content":false,"_jetpack_memberships_contains_paid_content":false,"footnotes":""},"categories":[6],"tags":[],"class_list":["post-8645","post","type-post","status-publish","format-standard","has-post-thumbnail","hentry","category-foto"],"yoast_head":"<!-- This site is optimized with the Yoast SEO plugin v27.5 - https:\/\/yoast.com\/product\/yoast-seo-wordpress\/ -->\n<title>P\u00f5gus tutvus ERMi fotokogudega: fotomehaanik Eduard Sellekese pilte Tartu k\u00e4sit\u00f6\u00f6liste t\u00f6\u00f6kodadest - Eesti Rahva Muuseumi ajaveeb<\/title>\n<meta name=\"robots\" content=\"index, follow, max-snippet:-1, max-image-preview:large, max-video-preview:-1\" \/>\n<link rel=\"canonical\" href=\"https:\/\/blog.erm.ee\/?p=8645\" \/>\n<meta property=\"og:locale\" content=\"et_EE\" \/>\n<meta property=\"og:type\" content=\"article\" \/>\n<meta property=\"og:title\" content=\"P\u00f5gus tutvus ERMi fotokogudega: fotomehaanik Eduard Sellekese pilte Tartu k\u00e4sit\u00f6\u00f6liste t\u00f6\u00f6kodadest - Eesti Rahva Muuseumi ajaveeb\" \/>\n<meta property=\"og:description\" content=\"Tiina Tael, peaarhivaar Enam kui pool sajandit fotograafina leiba teeninud Eduard Sellekese pilte on ERMi fotokogus tuhandeid, arvukalt on neid ka teiste m\u00e4luasutuste ja kollektsion\u00e4\u00e4ride kogudes ning kindlasti leidub neid eraisikute pildialbumiteski. Eduard Sellekese loomingu n\u00e4itena esitleme tema fotosid Tartu k\u00e4sit\u00f6\u00f6liste t\u00f6\u00f6kodadest, mis pildistatud 1940. aastal \u2013 ajal, mil \u00fchiskonnas toimusid suured muutused, mis kajastuvad&hellip;\" \/>\n<meta property=\"og:url\" content=\"https:\/\/blog.erm.ee\/?p=8645\" \/>\n<meta property=\"og:site_name\" content=\"Eesti Rahva Muuseumi ajaveeb\" \/>\n<meta property=\"article:published_time\" content=\"2016-10-13T03:15:31+00:00\" \/>\n<meta property=\"og:image\" content=\"https:\/\/blog.erm.ee\/wp-content\/uploads\/2016\/10\/004181_ERM_Fk_945_20.jpg\" \/>\n\t<meta property=\"og:image:width\" content=\"1200\" \/>\n\t<meta property=\"og:image:height\" content=\"848\" \/>\n\t<meta property=\"og:image:type\" content=\"image\/jpeg\" \/>\n<meta name=\"author\" content=\"Eesti Rahva Muuseum\" \/>\n<meta name=\"twitter:card\" content=\"summary_large_image\" \/>\n<meta name=\"twitter:label1\" content=\"Written by\" \/>\n\t<meta name=\"twitter:data1\" content=\"Eesti Rahva Muuseum\" \/>\n\t<meta name=\"twitter:label2\" content=\"Est. reading time\" \/>\n\t<meta name=\"twitter:data2\" content=\"3 minutit\" \/>\n<script type=\"application\/ld+json\" class=\"yoast-schema-graph\">{\"@context\":\"https:\\\/\\\/schema.org\",\"@graph\":[{\"@type\":\"Article\",\"@id\":\"https:\\\/\\\/blog.erm.ee\\\/?p=8645#article\",\"isPartOf\":{\"@id\":\"https:\\\/\\\/blog.erm.ee\\\/?p=8645\"},\"author\":{\"name\":\"Eesti Rahva Muuseum\",\"@id\":\"https:\\\/\\\/blog.erm.ee\\\/#\\\/schema\\\/person\\\/6e98c391cb00a33e7c22a3571e062114\"},\"headline\":\"P\u00f5gus tutvus ERMi fotokogudega: fotomehaanik Eduard Sellekese pilte Tartu k\u00e4sit\u00f6\u00f6liste t\u00f6\u00f6kodadest\",\"datePublished\":\"2016-10-13T03:15:31+00:00\",\"mainEntityOfPage\":{\"@id\":\"https:\\\/\\\/blog.erm.ee\\\/?p=8645\"},\"wordCount\":637,\"commentCount\":0,\"image\":{\"@id\":\"https:\\\/\\\/blog.erm.ee\\\/?p=8645#primaryimage\"},\"thumbnailUrl\":\"https:\\\/\\\/blog.erm.ee\\\/wp-content\\\/uploads\\\/2016\\\/10\\\/004181_ERM_Fk_945_20.jpg\",\"articleSection\":[\"Foto\"],\"inLanguage\":\"et\",\"potentialAction\":[{\"@type\":\"CommentAction\",\"name\":\"Comment\",\"target\":[\"https:\\\/\\\/blog.erm.ee\\\/?p=8645#respond\"]}]},{\"@type\":\"WebPage\",\"@id\":\"https:\\\/\\\/blog.erm.ee\\\/?p=8645\",\"url\":\"https:\\\/\\\/blog.erm.ee\\\/?p=8645\",\"name\":\"P\u00f5gus tutvus ERMi fotokogudega: fotomehaanik Eduard Sellekese pilte Tartu k\u00e4sit\u00f6\u00f6liste t\u00f6\u00f6kodadest - Eesti Rahva Muuseumi ajaveeb\",\"isPartOf\":{\"@id\":\"https:\\\/\\\/blog.erm.ee\\\/#website\"},\"primaryImageOfPage\":{\"@id\":\"https:\\\/\\\/blog.erm.ee\\\/?p=8645#primaryimage\"},\"image\":{\"@id\":\"https:\\\/\\\/blog.erm.ee\\\/?p=8645#primaryimage\"},\"thumbnailUrl\":\"https:\\\/\\\/blog.erm.ee\\\/wp-content\\\/uploads\\\/2016\\\/10\\\/004181_ERM_Fk_945_20.jpg\",\"datePublished\":\"2016-10-13T03:15:31+00:00\",\"author\":{\"@id\":\"https:\\\/\\\/blog.erm.ee\\\/#\\\/schema\\\/person\\\/6e98c391cb00a33e7c22a3571e062114\"},\"breadcrumb\":{\"@id\":\"https:\\\/\\\/blog.erm.ee\\\/?p=8645#breadcrumb\"},\"inLanguage\":\"et\",\"potentialAction\":[{\"@type\":\"ReadAction\",\"target\":[\"https:\\\/\\\/blog.erm.ee\\\/?p=8645\"]}]},{\"@type\":\"ImageObject\",\"inLanguage\":\"et\",\"@id\":\"https:\\\/\\\/blog.erm.ee\\\/?p=8645#primaryimage\",\"url\":\"https:\\\/\\\/blog.erm.ee\\\/wp-content\\\/uploads\\\/2016\\\/10\\\/004181_ERM_Fk_945_20.jpg\",\"contentUrl\":\"https:\\\/\\\/blog.erm.ee\\\/wp-content\\\/uploads\\\/2016\\\/10\\\/004181_ERM_Fk_945_20.jpg\",\"width\":1200,\"height\":848},{\"@type\":\"BreadcrumbList\",\"@id\":\"https:\\\/\\\/blog.erm.ee\\\/?p=8645#breadcrumb\",\"itemListElement\":[{\"@type\":\"ListItem\",\"position\":1,\"name\":\"Home\",\"item\":\"https:\\\/\\\/blog.erm.ee\\\/\"},{\"@type\":\"ListItem\",\"position\":2,\"name\":\"P\u00f5gus tutvus ERMi fotokogudega: fotomehaanik Eduard Sellekese pilte Tartu k\u00e4sit\u00f6\u00f6liste t\u00f6\u00f6kodadest\"}]},{\"@type\":\"WebSite\",\"@id\":\"https:\\\/\\\/blog.erm.ee\\\/#website\",\"url\":\"https:\\\/\\\/blog.erm.ee\\\/\",\"name\":\"Eesti Rahva Muuseumi ajaveeb\",\"description\":\"\",\"potentialAction\":[{\"@type\":\"SearchAction\",\"target\":{\"@type\":\"EntryPoint\",\"urlTemplate\":\"https:\\\/\\\/blog.erm.ee\\\/?s={search_term_string}\"},\"query-input\":{\"@type\":\"PropertyValueSpecification\",\"valueRequired\":true,\"valueName\":\"search_term_string\"}}],\"inLanguage\":\"et\"},{\"@type\":\"Person\",\"@id\":\"https:\\\/\\\/blog.erm.ee\\\/#\\\/schema\\\/person\\\/6e98c391cb00a33e7c22a3571e062114\",\"name\":\"Eesti Rahva Muuseum\",\"image\":{\"@type\":\"ImageObject\",\"inLanguage\":\"et\",\"@id\":\"https:\\\/\\\/secure.gravatar.com\\\/avatar\\\/cb6d9ad5fb49f3f7315028ce5fe60641075f2cb52b8a058ff5a985fa2d8c1da0?s=96&d=mm&r=g\",\"url\":\"https:\\\/\\\/secure.gravatar.com\\\/avatar\\\/cb6d9ad5fb49f3f7315028ce5fe60641075f2cb52b8a058ff5a985fa2d8c1da0?s=96&d=mm&r=g\",\"contentUrl\":\"https:\\\/\\\/secure.gravatar.com\\\/avatar\\\/cb6d9ad5fb49f3f7315028ce5fe60641075f2cb52b8a058ff5a985fa2d8c1da0?s=96&d=mm&r=g\",\"caption\":\"Eesti Rahva Muuseum\"},\"sameAs\":[\"http:\\\/\\\/www.erm.ee\"],\"url\":\"https:\\\/\\\/blog.erm.ee\\\/?author=1\"}]}<\/script>\n<!-- \/ Yoast SEO plugin. -->","yoast_head_json":{"title":"P\u00f5gus tutvus ERMi fotokogudega: fotomehaanik Eduard Sellekese pilte Tartu k\u00e4sit\u00f6\u00f6liste t\u00f6\u00f6kodadest - Eesti Rahva Muuseumi ajaveeb","robots":{"index":"index","follow":"follow","max-snippet":"max-snippet:-1","max-image-preview":"max-image-preview:large","max-video-preview":"max-video-preview:-1"},"canonical":"https:\/\/blog.erm.ee\/?p=8645","og_locale":"et_EE","og_type":"article","og_title":"P\u00f5gus tutvus ERMi fotokogudega: fotomehaanik Eduard Sellekese pilte Tartu k\u00e4sit\u00f6\u00f6liste t\u00f6\u00f6kodadest - Eesti Rahva Muuseumi ajaveeb","og_description":"Tiina Tael, peaarhivaar Enam kui pool sajandit fotograafina leiba teeninud Eduard Sellekese pilte on ERMi fotokogus tuhandeid, arvukalt on neid ka teiste m\u00e4luasutuste ja kollektsion\u00e4\u00e4ride kogudes ning kindlasti leidub neid eraisikute pildialbumiteski. Eduard Sellekese loomingu n\u00e4itena esitleme tema fotosid Tartu k\u00e4sit\u00f6\u00f6liste t\u00f6\u00f6kodadest, mis pildistatud 1940. aastal \u2013 ajal, mil \u00fchiskonnas toimusid suured muutused, mis kajastuvad&hellip;","og_url":"https:\/\/blog.erm.ee\/?p=8645","og_site_name":"Eesti Rahva Muuseumi ajaveeb","article_published_time":"2016-10-13T03:15:31+00:00","og_image":[{"width":1200,"height":848,"url":"https:\/\/blog.erm.ee\/wp-content\/uploads\/2016\/10\/004181_ERM_Fk_945_20.jpg","type":"image\/jpeg"}],"author":"Eesti Rahva Muuseum","twitter_card":"summary_large_image","twitter_misc":{"Written by":"Eesti Rahva Muuseum","Est. reading time":"3 minutit"},"schema":{"@context":"https:\/\/schema.org","@graph":[{"@type":"Article","@id":"https:\/\/blog.erm.ee\/?p=8645#article","isPartOf":{"@id":"https:\/\/blog.erm.ee\/?p=8645"},"author":{"name":"Eesti Rahva Muuseum","@id":"https:\/\/blog.erm.ee\/#\/schema\/person\/6e98c391cb00a33e7c22a3571e062114"},"headline":"P\u00f5gus tutvus ERMi fotokogudega: fotomehaanik Eduard Sellekese pilte Tartu k\u00e4sit\u00f6\u00f6liste t\u00f6\u00f6kodadest","datePublished":"2016-10-13T03:15:31+00:00","mainEntityOfPage":{"@id":"https:\/\/blog.erm.ee\/?p=8645"},"wordCount":637,"commentCount":0,"image":{"@id":"https:\/\/blog.erm.ee\/?p=8645#primaryimage"},"thumbnailUrl":"https:\/\/blog.erm.ee\/wp-content\/uploads\/2016\/10\/004181_ERM_Fk_945_20.jpg","articleSection":["Foto"],"inLanguage":"et","potentialAction":[{"@type":"CommentAction","name":"Comment","target":["https:\/\/blog.erm.ee\/?p=8645#respond"]}]},{"@type":"WebPage","@id":"https:\/\/blog.erm.ee\/?p=8645","url":"https:\/\/blog.erm.ee\/?p=8645","name":"P\u00f5gus tutvus ERMi fotokogudega: fotomehaanik Eduard Sellekese pilte Tartu k\u00e4sit\u00f6\u00f6liste t\u00f6\u00f6kodadest - Eesti Rahva Muuseumi ajaveeb","isPartOf":{"@id":"https:\/\/blog.erm.ee\/#website"},"primaryImageOfPage":{"@id":"https:\/\/blog.erm.ee\/?p=8645#primaryimage"},"image":{"@id":"https:\/\/blog.erm.ee\/?p=8645#primaryimage"},"thumbnailUrl":"https:\/\/blog.erm.ee\/wp-content\/uploads\/2016\/10\/004181_ERM_Fk_945_20.jpg","datePublished":"2016-10-13T03:15:31+00:00","author":{"@id":"https:\/\/blog.erm.ee\/#\/schema\/person\/6e98c391cb00a33e7c22a3571e062114"},"breadcrumb":{"@id":"https:\/\/blog.erm.ee\/?p=8645#breadcrumb"},"inLanguage":"et","potentialAction":[{"@type":"ReadAction","target":["https:\/\/blog.erm.ee\/?p=8645"]}]},{"@type":"ImageObject","inLanguage":"et","@id":"https:\/\/blog.erm.ee\/?p=8645#primaryimage","url":"https:\/\/blog.erm.ee\/wp-content\/uploads\/2016\/10\/004181_ERM_Fk_945_20.jpg","contentUrl":"https:\/\/blog.erm.ee\/wp-content\/uploads\/2016\/10\/004181_ERM_Fk_945_20.jpg","width":1200,"height":848},{"@type":"BreadcrumbList","@id":"https:\/\/blog.erm.ee\/?p=8645#breadcrumb","itemListElement":[{"@type":"ListItem","position":1,"name":"Home","item":"https:\/\/blog.erm.ee\/"},{"@type":"ListItem","position":2,"name":"P\u00f5gus tutvus ERMi fotokogudega: fotomehaanik Eduard Sellekese pilte Tartu k\u00e4sit\u00f6\u00f6liste t\u00f6\u00f6kodadest"}]},{"@type":"WebSite","@id":"https:\/\/blog.erm.ee\/#website","url":"https:\/\/blog.erm.ee\/","name":"Eesti Rahva Muuseumi ajaveeb","description":"","potentialAction":[{"@type":"SearchAction","target":{"@type":"EntryPoint","urlTemplate":"https:\/\/blog.erm.ee\/?s={search_term_string}"},"query-input":{"@type":"PropertyValueSpecification","valueRequired":true,"valueName":"search_term_string"}}],"inLanguage":"et"},{"@type":"Person","@id":"https:\/\/blog.erm.ee\/#\/schema\/person\/6e98c391cb00a33e7c22a3571e062114","name":"Eesti Rahva Muuseum","image":{"@type":"ImageObject","inLanguage":"et","@id":"https:\/\/secure.gravatar.com\/avatar\/cb6d9ad5fb49f3f7315028ce5fe60641075f2cb52b8a058ff5a985fa2d8c1da0?s=96&d=mm&r=g","url":"https:\/\/secure.gravatar.com\/avatar\/cb6d9ad5fb49f3f7315028ce5fe60641075f2cb52b8a058ff5a985fa2d8c1da0?s=96&d=mm&r=g","contentUrl":"https:\/\/secure.gravatar.com\/avatar\/cb6d9ad5fb49f3f7315028ce5fe60641075f2cb52b8a058ff5a985fa2d8c1da0?s=96&d=mm&r=g","caption":"Eesti Rahva Muuseum"},"sameAs":["http:\/\/www.erm.ee"],"url":"https:\/\/blog.erm.ee\/?author=1"}]}},"jetpack_featured_media_url":"https:\/\/blog.erm.ee\/wp-content\/uploads\/2016\/10\/004181_ERM_Fk_945_20.jpg","jetpack_shortlink":"https:\/\/wp.me\/p2l9Zd-2fr","jetpack_sharing_enabled":true,"jetpack_likes_enabled":true,"_links":{"self":[{"href":"https:\/\/blog.erm.ee\/index.php?rest_route=\/wp\/v2\/posts\/8645","targetHints":{"allow":["GET"]}}],"collection":[{"href":"https:\/\/blog.erm.ee\/index.php?rest_route=\/wp\/v2\/posts"}],"about":[{"href":"https:\/\/blog.erm.ee\/index.php?rest_route=\/wp\/v2\/types\/post"}],"author":[{"embeddable":true,"href":"https:\/\/blog.erm.ee\/index.php?rest_route=\/wp\/v2\/users\/1"}],"replies":[{"embeddable":true,"href":"https:\/\/blog.erm.ee\/index.php?rest_route=%2Fwp%2Fv2%2Fcomments&post=8645"}],"version-history":[{"count":2,"href":"https:\/\/blog.erm.ee\/index.php?rest_route=\/wp\/v2\/posts\/8645\/revisions"}],"predecessor-version":[{"id":8672,"href":"https:\/\/blog.erm.ee\/index.php?rest_route=\/wp\/v2\/posts\/8645\/revisions\/8672"}],"wp:featuredmedia":[{"embeddable":true,"href":"https:\/\/blog.erm.ee\/index.php?rest_route=\/wp\/v2\/media\/8655"}],"wp:attachment":[{"href":"https:\/\/blog.erm.ee\/index.php?rest_route=%2Fwp%2Fv2%2Fmedia&parent=8645"}],"wp:term":[{"taxonomy":"category","embeddable":true,"href":"https:\/\/blog.erm.ee\/index.php?rest_route=%2Fwp%2Fv2%2Fcategories&post=8645"},{"taxonomy":"post_tag","embeddable":true,"href":"https:\/\/blog.erm.ee\/index.php?rest_route=%2Fwp%2Fv2%2Ftags&post=8645"}],"curies":[{"name":"wp","href":"https:\/\/api.w.org\/{rel}","templated":true}]}}