{"id":8542,"date":"2016-10-06T08:09:21","date_gmt":"2016-10-06T05:09:21","guid":{"rendered":"http:\/\/blog.erm.ee\/?p=8542"},"modified":"2016-10-06T08:16:13","modified_gmt":"2016-10-06T05:16:13","slug":"baskortostani-udmurtide-palvused-2-kulapalvus-balzjuga","status":"publish","type":"post","link":"https:\/\/blog.erm.ee\/?p=8542","title":{"rendered":"Ba\u0161kortostani udmurtide palvused 2. K\u00fclapalvus \u2013 Balzjuga"},"content":{"rendered":"<div class=\"fcbkbttn_buttons_block\" id=\"fcbkbttn_left\"><div class=\"fcbkbttn_like \"><fb:like href=\"https:\/\/blog.erm.ee\/?p=8542\" action=\"like\" colorscheme=\"light\" layout=\"standard\"  width=\"225px\" size=\"small\"><\/fb:like><\/div><div class=\"fb-share-button  \" data-href=\"https:\/\/blog.erm.ee\/?p=8542\" data-type=\"button\" data-size=\"small\"><\/div><\/div><p><em>Eva Toulouze,soome-ugri uuringute professor INALCO (Pariis), T\u00dc teadur<\/em><\/p>\n<p>Balzjuga k\u00fclapalvus oli esimene, kus me juunis 2014 koos Liivo Niglase ja Laur Vallikiviga osalesime. Elasime esimestest v\u00e4lit\u00f6\u00f6dest alates Balzjugas \u00fche v\u00e4ga meeldiva perenaise juures ja kohtusime seega paljude k\u00fclaelanikega, naabrite ja pererahva sugulastega. Nii et me ei olnud siis enam tundmatud v\u00f5\u00f5rad, vaid pigem omad inimesed.<\/p>\n<p>Meie eest hoolitses ka Balzjuga noor ohvripapp Fridman Habipjanov, kohaliku kooli muusika\u00f5petaja ja \u00fche lapse isa, kellega palju aega veetsime. Tema abilised, mh k\u00fclaelanikud, olid ka meile tuttavad. N\u00f5nda oli kindel, et meie kohalolek ei saa kedagi segada.<\/p>\n<p>See palvus on eriti huvitav, sest just selles k\u00fclas on 60 aastat palvetanud vana ja autoriteetne ohvripapp Nazip Sadriev, kes on valinud Fridmani enda j\u00e4reltulijaks ja teda koolitanud. J\u00e4rjepidevus on selles k\u00fclas tagatud \u2013 Fridman korraldab oma palvust t\u00e4pselt nii, nagu talle on \u00f5petatud.<\/p>\n<p>Palvuse p\u00e4eva varahommikul l\u00e4heb Fridman lamba j\u00e4rele, nagu kokku lepitud.<\/p>\n<p><a href=\"https:\/\/blog.erm.ee\/wp-content\/uploads\/2016\/09\/1-2.jpg\"><img loading=\"lazy\" decoding=\"async\" data-attachment-id=\"8546\" data-permalink=\"https:\/\/blog.erm.ee\/?attachment_id=8546#main\" data-orig-file=\"https:\/\/blog.erm.ee\/wp-content\/uploads\/2016\/09\/1-2.jpg\" data-orig-size=\"1200,900\" data-comments-opened=\"1\" data-image-meta=\"{&quot;aperture&quot;:&quot;0&quot;,&quot;credit&quot;:&quot;&quot;,&quot;camera&quot;:&quot;&quot;,&quot;caption&quot;:&quot;&quot;,&quot;created_timestamp&quot;:&quot;0&quot;,&quot;copyright&quot;:&quot;&quot;,&quot;focal_length&quot;:&quot;0&quot;,&quot;iso&quot;:&quot;0&quot;,&quot;shutter_speed&quot;:&quot;0&quot;,&quot;title&quot;:&quot;&quot;,&quot;orientation&quot;:&quot;0&quot;}\" data-image-title=\"1\" data-image-description=\"\" data-image-caption=\"\" data-large-file=\"https:\/\/blog.erm.ee\/wp-content\/uploads\/2016\/09\/1-2-1024x768.jpg\" class=\"alignnone size-full wp-image-8546\" src=\"https:\/\/blog.erm.ee\/wp-content\/uploads\/2016\/09\/1-2.jpg\" alt=\"1\" width=\"1200\" height=\"900\" srcset=\"https:\/\/blog.erm.ee\/wp-content\/uploads\/2016\/09\/1-2.jpg 1200w, https:\/\/blog.erm.ee\/wp-content\/uploads\/2016\/09\/1-2-347x260.jpg 347w, https:\/\/blog.erm.ee\/wp-content\/uploads\/2016\/09\/1-2-300x225.jpg 300w, https:\/\/blog.erm.ee\/wp-content\/uploads\/2016\/09\/1-2-768x576.jpg 768w, https:\/\/blog.erm.ee\/wp-content\/uploads\/2016\/09\/1-2-1024x768.jpg 1024w\" sizes=\"auto, (max-width: 1200px) 100vw, 1200px\" \/><\/a><em>Fridman v\u00f5tab lamba, Balzjuga 6.06.2014. Foto: Eva Toulouze<\/em><\/p>\n<p>Perenaine annab talle koos lambaga enda k\u00fcpsetatud leiva, kuhu on topitud m\u00fcnt.<\/p>\n<p><a href=\"https:\/\/blog.erm.ee\/wp-content\/uploads\/2016\/10\/2.jpg\"><img loading=\"lazy\" decoding=\"async\" data-attachment-id=\"8547\" data-permalink=\"https:\/\/blog.erm.ee\/?attachment_id=8547#main\" data-orig-file=\"https:\/\/blog.erm.ee\/wp-content\/uploads\/2016\/10\/2.jpg\" data-orig-size=\"1200,900\" data-comments-opened=\"1\" data-image-meta=\"{&quot;aperture&quot;:&quot;0&quot;,&quot;credit&quot;:&quot;&quot;,&quot;camera&quot;:&quot;&quot;,&quot;caption&quot;:&quot;&quot;,&quot;created_timestamp&quot;:&quot;0&quot;,&quot;copyright&quot;:&quot;&quot;,&quot;focal_length&quot;:&quot;0&quot;,&quot;iso&quot;:&quot;0&quot;,&quot;shutter_speed&quot;:&quot;0&quot;,&quot;title&quot;:&quot;&quot;,&quot;orientation&quot;:&quot;0&quot;}\" data-image-title=\"2\" data-image-description=\"\" data-image-caption=\"\" data-large-file=\"https:\/\/blog.erm.ee\/wp-content\/uploads\/2016\/10\/2-1024x768.jpg\" class=\"alignnone size-full wp-image-8547\" src=\"https:\/\/blog.erm.ee\/wp-content\/uploads\/2016\/10\/2.jpg\" alt=\"2\" width=\"1200\" height=\"900\" srcset=\"https:\/\/blog.erm.ee\/wp-content\/uploads\/2016\/10\/2.jpg 1200w, https:\/\/blog.erm.ee\/wp-content\/uploads\/2016\/10\/2-347x260.jpg 347w, https:\/\/blog.erm.ee\/wp-content\/uploads\/2016\/10\/2-300x225.jpg 300w, https:\/\/blog.erm.ee\/wp-content\/uploads\/2016\/10\/2-768x576.jpg 768w, https:\/\/blog.erm.ee\/wp-content\/uploads\/2016\/10\/2-1024x768.jpg 1024w\" sizes=\"auto, (max-width: 1200px) 100vw, 1200px\" \/><\/a><em>Lamba perenaine annab Sidorile leiva, Balzjuga 6.06.2014. Foto: Laur Vallikivi<\/em><\/p>\n<p>Seekord andis lamba \u00fche abilise, Sidori ema. Siis s\u00f5idab Fridman abiliste juurest l\u00e4bi ja viib nad ohvrikohale, mis on natuke k\u00fclast v\u00e4ljas metsas, mis j\u00e4\u00e4b suure tee poole.<\/p>\n<p><a href=\"https:\/\/blog.erm.ee\/wp-content\/uploads\/2016\/10\/3.jpg\"><img loading=\"lazy\" decoding=\"async\" data-attachment-id=\"8549\" data-permalink=\"https:\/\/blog.erm.ee\/?attachment_id=8549#main\" data-orig-file=\"https:\/\/blog.erm.ee\/wp-content\/uploads\/2016\/10\/3.jpg\" data-orig-size=\"1200,901\" data-comments-opened=\"1\" data-image-meta=\"{&quot;aperture&quot;:&quot;0&quot;,&quot;credit&quot;:&quot;&quot;,&quot;camera&quot;:&quot;&quot;,&quot;caption&quot;:&quot;&quot;,&quot;created_timestamp&quot;:&quot;0&quot;,&quot;copyright&quot;:&quot;&quot;,&quot;focal_length&quot;:&quot;0&quot;,&quot;iso&quot;:&quot;0&quot;,&quot;shutter_speed&quot;:&quot;0&quot;,&quot;title&quot;:&quot;&quot;,&quot;orientation&quot;:&quot;0&quot;}\" data-image-title=\"3\" data-image-description=\"\" data-image-caption=\"\" data-large-file=\"https:\/\/blog.erm.ee\/wp-content\/uploads\/2016\/10\/3-1024x769.jpg\" class=\"alignnone size-full wp-image-8549\" src=\"https:\/\/blog.erm.ee\/wp-content\/uploads\/2016\/10\/3.jpg\" alt=\"3\" width=\"1200\" height=\"901\" srcset=\"https:\/\/blog.erm.ee\/wp-content\/uploads\/2016\/10\/3.jpg 1200w, https:\/\/blog.erm.ee\/wp-content\/uploads\/2016\/10\/3-346x260.jpg 346w, https:\/\/blog.erm.ee\/wp-content\/uploads\/2016\/10\/3-300x225.jpg 300w, https:\/\/blog.erm.ee\/wp-content\/uploads\/2016\/10\/3-768x577.jpg 768w, https:\/\/blog.erm.ee\/wp-content\/uploads\/2016\/10\/3-1024x769.jpg 1024w\" sizes=\"auto, (max-width: 1200px) 100vw, 1200px\" \/><\/a><em>Ohvriplats Balzjugas, 6.06.2014. Foto: Laur Vallikivi<\/em><\/p>\n<p><a href=\"https:\/\/blog.erm.ee\/wp-content\/uploads\/2016\/10\/4.jpg\"><img loading=\"lazy\" decoding=\"async\" data-attachment-id=\"8550\" data-permalink=\"https:\/\/blog.erm.ee\/?attachment_id=8550#main\" data-orig-file=\"https:\/\/blog.erm.ee\/wp-content\/uploads\/2016\/10\/4.jpg\" data-orig-size=\"1200,900\" data-comments-opened=\"1\" data-image-meta=\"{&quot;aperture&quot;:&quot;0&quot;,&quot;credit&quot;:&quot;&quot;,&quot;camera&quot;:&quot;&quot;,&quot;caption&quot;:&quot;&quot;,&quot;created_timestamp&quot;:&quot;0&quot;,&quot;copyright&quot;:&quot;&quot;,&quot;focal_length&quot;:&quot;0&quot;,&quot;iso&quot;:&quot;0&quot;,&quot;shutter_speed&quot;:&quot;0&quot;,&quot;title&quot;:&quot;&quot;,&quot;orientation&quot;:&quot;0&quot;}\" data-image-title=\"4\" data-image-description=\"\" data-image-caption=\"\" data-large-file=\"https:\/\/blog.erm.ee\/wp-content\/uploads\/2016\/10\/4-1024x768.jpg\" class=\"alignnone size-full wp-image-8550\" src=\"https:\/\/blog.erm.ee\/wp-content\/uploads\/2016\/10\/4.jpg\" alt=\"4\" width=\"1200\" height=\"900\" srcset=\"https:\/\/blog.erm.ee\/wp-content\/uploads\/2016\/10\/4.jpg 1200w, https:\/\/blog.erm.ee\/wp-content\/uploads\/2016\/10\/4-347x260.jpg 347w, https:\/\/blog.erm.ee\/wp-content\/uploads\/2016\/10\/4-300x225.jpg 300w, https:\/\/blog.erm.ee\/wp-content\/uploads\/2016\/10\/4-768x576.jpg 768w, https:\/\/blog.erm.ee\/wp-content\/uploads\/2016\/10\/4-1024x768.jpg 1024w\" sizes=\"auto, (max-width: 1200px) 100vw, 1200px\" \/><\/a><em>Ohvriplats Balzjugas, 6.06.2014. Foto: Eva Toulouze<\/em><\/p>\n<p>Nad tassivad kohale lamba ja muud asjad, mida vaja l\u00e4heb: katlad ja elanike juurest kogutud toiduained, vilja ja v\u00f5i. Palvusele on kogunenud ohvripapp Fridman ja abilised Sidor, \u0160urik, Fajz\u00f5 ja Mengaraj, kes on k\u00f5ik temast vanemad. Mengaraj on kaasa v\u00f5tnud lapselapse, kes on kogu ettevalmistuse juures. Kohal on ka antropoloogid&#8230; Abilistel on kogu aeg midagi teha: tuleb l\u00f5hkuda puid, et mitu tundi tuld \u00fclal hoida (l\u00f5puks on kolm l\u00f5ket); tuua vett l\u00e4hedal asuvast allikast ning puhastada-koristada p\u00fchakoht.<\/p>\n<p><a href=\"https:\/\/blog.erm.ee\/wp-content\/uploads\/2016\/10\/5.jpg\"><img loading=\"lazy\" decoding=\"async\" data-attachment-id=\"8551\" data-permalink=\"https:\/\/blog.erm.ee\/?attachment_id=8551#main\" data-orig-file=\"https:\/\/blog.erm.ee\/wp-content\/uploads\/2016\/10\/5.jpg\" data-orig-size=\"1200,900\" data-comments-opened=\"1\" data-image-meta=\"{&quot;aperture&quot;:&quot;0&quot;,&quot;credit&quot;:&quot;&quot;,&quot;camera&quot;:&quot;&quot;,&quot;caption&quot;:&quot;&quot;,&quot;created_timestamp&quot;:&quot;0&quot;,&quot;copyright&quot;:&quot;&quot;,&quot;focal_length&quot;:&quot;0&quot;,&quot;iso&quot;:&quot;0&quot;,&quot;shutter_speed&quot;:&quot;0&quot;,&quot;title&quot;:&quot;&quot;,&quot;orientation&quot;:&quot;0&quot;}\" data-image-title=\"5\" data-image-description=\"\" data-image-caption=\"\" data-large-file=\"https:\/\/blog.erm.ee\/wp-content\/uploads\/2016\/10\/5-1024x768.jpg\" class=\"alignnone size-full wp-image-8551\" src=\"https:\/\/blog.erm.ee\/wp-content\/uploads\/2016\/10\/5.jpg\" alt=\"5\" width=\"1200\" height=\"900\" srcset=\"https:\/\/blog.erm.ee\/wp-content\/uploads\/2016\/10\/5.jpg 1200w, https:\/\/blog.erm.ee\/wp-content\/uploads\/2016\/10\/5-347x260.jpg 347w, https:\/\/blog.erm.ee\/wp-content\/uploads\/2016\/10\/5-300x225.jpg 300w, https:\/\/blog.erm.ee\/wp-content\/uploads\/2016\/10\/5-768x576.jpg 768w, https:\/\/blog.erm.ee\/wp-content\/uploads\/2016\/10\/5-1024x768.jpg 1024w\" sizes=\"auto, (max-width: 1200px) 100vw, 1200px\" \/><\/a><em>Sidor puhastab lauda, Fajz\u00f5 vaatab, Balzjuga 6.06.2014. Foto: Laur Vallikivi<\/em><\/p>\n<p>Samal ajal valmistutakse esimeseks palveks. Selleks tuleb keeta lihata putru, mis v\u00f5tab aega, sest esmalt on vaja l\u00f5ke teha, siis oodata, kuni vesi keema l\u00e4heb, ja pudruaine sinna sisse valada. Fridman s\u00e4tib valmis oma palvekoha: torkab suure kaseoksa maa sisse ning valmistab noodihoidja, kuhu paneb palveteksti.<a href=\"https:\/\/blog.erm.ee\/wp-content\/uploads\/2016\/10\/6.jpg\"><img loading=\"lazy\" decoding=\"async\" data-attachment-id=\"8552\" data-permalink=\"https:\/\/blog.erm.ee\/?attachment_id=8552#main\" data-orig-file=\"https:\/\/blog.erm.ee\/wp-content\/uploads\/2016\/10\/6.jpg\" data-orig-size=\"1200,899\" data-comments-opened=\"1\" data-image-meta=\"{&quot;aperture&quot;:&quot;0&quot;,&quot;credit&quot;:&quot;&quot;,&quot;camera&quot;:&quot;&quot;,&quot;caption&quot;:&quot;&quot;,&quot;created_timestamp&quot;:&quot;0&quot;,&quot;copyright&quot;:&quot;&quot;,&quot;focal_length&quot;:&quot;0&quot;,&quot;iso&quot;:&quot;0&quot;,&quot;shutter_speed&quot;:&quot;0&quot;,&quot;title&quot;:&quot;&quot;,&quot;orientation&quot;:&quot;0&quot;}\" data-image-title=\"6\" data-image-description=\"\" data-image-caption=\"\" data-large-file=\"https:\/\/blog.erm.ee\/wp-content\/uploads\/2016\/10\/6-1024x767.jpg\" class=\"alignnone size-full wp-image-8552\" src=\"https:\/\/blog.erm.ee\/wp-content\/uploads\/2016\/10\/6.jpg\" alt=\"6\" width=\"1200\" height=\"899\" srcset=\"https:\/\/blog.erm.ee\/wp-content\/uploads\/2016\/10\/6.jpg 1200w, https:\/\/blog.erm.ee\/wp-content\/uploads\/2016\/10\/6-347x260.jpg 347w, https:\/\/blog.erm.ee\/wp-content\/uploads\/2016\/10\/6-300x225.jpg 300w, https:\/\/blog.erm.ee\/wp-content\/uploads\/2016\/10\/6-768x575.jpg 768w, https:\/\/blog.erm.ee\/wp-content\/uploads\/2016\/10\/6-1024x767.jpg 1024w\" sizes=\"auto, (max-width: 1200px) 100vw, 1200px\" \/><\/a><em>Fridman valmistub palveks, Balzjuga 6.06.2014. Foto: Eva Toulouze<\/em><\/p>\n<p>Ta pole veel nii kogenud ja kardab, et tekst l\u00e4heb meelest \u00e4ra\u2026 Kui puder on valmis, paneb Fridman selga ohvripapi kost\u00fc\u00fcmi, mis imiteerib natuke vana <em>shortderem<\/em>\u2019it, valget kodukootud vertikaalsete triipudega r\u00fc\u00fcd. Fridmani r\u00fc\u00fc pole kodukootud ja on sinakat v\u00e4rvi. P\u00e4ris <em>shortderem<\/em>\u2019it ei koo keegi enam t\u00e4nap\u00e4eval ning vanu pole saada: see, kellel see on, kasutab seda surir\u00f5ivaks. Fridman palvetab, k\u00e4es putru t\u00e4is kauss, mille all on r\u00e4tik ja kaseoksad.<\/p>\n<p><a href=\"https:\/\/blog.erm.ee\/wp-content\/uploads\/2016\/10\/7.jpg\"><img loading=\"lazy\" decoding=\"async\" data-attachment-id=\"8553\" data-permalink=\"https:\/\/blog.erm.ee\/?attachment_id=8553#main\" data-orig-file=\"https:\/\/blog.erm.ee\/wp-content\/uploads\/2016\/10\/7.jpg\" data-orig-size=\"899,1200\" data-comments-opened=\"1\" data-image-meta=\"{&quot;aperture&quot;:&quot;0&quot;,&quot;credit&quot;:&quot;&quot;,&quot;camera&quot;:&quot;&quot;,&quot;caption&quot;:&quot;&quot;,&quot;created_timestamp&quot;:&quot;0&quot;,&quot;copyright&quot;:&quot;&quot;,&quot;focal_length&quot;:&quot;0&quot;,&quot;iso&quot;:&quot;0&quot;,&quot;shutter_speed&quot;:&quot;0&quot;,&quot;title&quot;:&quot;&quot;,&quot;orientation&quot;:&quot;0&quot;}\" data-image-title=\"7\" data-image-description=\"\" data-image-caption=\"\" data-large-file=\"https:\/\/blog.erm.ee\/wp-content\/uploads\/2016\/10\/7-767x1024.jpg\" class=\"alignnone size-full wp-image-8553\" src=\"https:\/\/blog.erm.ee\/wp-content\/uploads\/2016\/10\/7.jpg\" alt=\"7\" width=\"899\" height=\"1200\" srcset=\"https:\/\/blog.erm.ee\/wp-content\/uploads\/2016\/10\/7.jpg 899w, https:\/\/blog.erm.ee\/wp-content\/uploads\/2016\/10\/7-195x260.jpg 195w, https:\/\/blog.erm.ee\/wp-content\/uploads\/2016\/10\/7-225x300.jpg 225w, https:\/\/blog.erm.ee\/wp-content\/uploads\/2016\/10\/7-768x1025.jpg 768w, https:\/\/blog.erm.ee\/wp-content\/uploads\/2016\/10\/7-767x1024.jpg 767w\" sizes=\"auto, (max-width: 899px) 100vw, 899px\" \/><\/a><em>Fridman loeb palvet, Balzjuga, 6.06.2014. Foto: Eva Toulouze<\/em><\/p>\n<p>Abilised p\u00f5lvitavad ja iga kord, kui Fridman \u00fctleb kummardudes <em>Omin<\/em> (umbes kolm korda palve jooksul), kummarduvad abilised s\u00fcgavalt, nii et pea puudutab maad. See palve kannab nimetust <em>siziskon<\/em> ja sellega lubatakse jumal Inmarile teha ohverdus.<\/p>\n<p><a href=\"https:\/\/blog.erm.ee\/wp-content\/uploads\/2016\/10\/8.jpg\"><img loading=\"lazy\" decoding=\"async\" data-attachment-id=\"8555\" data-permalink=\"https:\/\/blog.erm.ee\/?attachment_id=8555#main\" data-orig-file=\"https:\/\/blog.erm.ee\/wp-content\/uploads\/2016\/10\/8.jpg\" data-orig-size=\"1200,900\" data-comments-opened=\"1\" data-image-meta=\"{&quot;aperture&quot;:&quot;0&quot;,&quot;credit&quot;:&quot;&quot;,&quot;camera&quot;:&quot;&quot;,&quot;caption&quot;:&quot;&quot;,&quot;created_timestamp&quot;:&quot;0&quot;,&quot;copyright&quot;:&quot;&quot;,&quot;focal_length&quot;:&quot;0&quot;,&quot;iso&quot;:&quot;0&quot;,&quot;shutter_speed&quot;:&quot;0&quot;,&quot;title&quot;:&quot;&quot;,&quot;orientation&quot;:&quot;0&quot;}\" data-image-title=\"8\" data-image-description=\"\" data-image-caption=\"\" data-large-file=\"https:\/\/blog.erm.ee\/wp-content\/uploads\/2016\/10\/8-1024x768.jpg\" class=\"alignnone size-full wp-image-8555\" src=\"https:\/\/blog.erm.ee\/wp-content\/uploads\/2016\/10\/8.jpg\" alt=\"8\" width=\"1200\" height=\"900\" srcset=\"https:\/\/blog.erm.ee\/wp-content\/uploads\/2016\/10\/8.jpg 1200w, https:\/\/blog.erm.ee\/wp-content\/uploads\/2016\/10\/8-347x260.jpg 347w, https:\/\/blog.erm.ee\/wp-content\/uploads\/2016\/10\/8-300x225.jpg 300w, https:\/\/blog.erm.ee\/wp-content\/uploads\/2016\/10\/8-768x576.jpg 768w, https:\/\/blog.erm.ee\/wp-content\/uploads\/2016\/10\/8-1024x768.jpg 1024w\" sizes=\"auto, (max-width: 1200px) 100vw, 1200px\" \/><\/a>Siziskon, Balzjuga, 6.06.2014. Foto: Laur Vallikivi<\/p>\n<p>Fridman, tema abilised ning antropoloogid s\u00f6\u00f6vad vahel seda putru, millega palvetati, iga\u00fcks omaette edasi palvetades. Aga Fridmanil pole aega isegi \u00fcmber riietuda, sest kohe j\u00e4rgneb lamba ohverdamine. N\u00fc\u00fcd p\u00f5lvitavad ainult Sidor, Mingaraj ja tema lapselaps, sest \u0160urik ja Fajz\u00f5 tegelevad lambaga.<\/p>\n<p><a href=\"https:\/\/blog.erm.ee\/wp-content\/uploads\/2016\/10\/10.jpg\"><img loading=\"lazy\" decoding=\"async\" data-attachment-id=\"8556\" data-permalink=\"https:\/\/blog.erm.ee\/?attachment_id=8556#main\" data-orig-file=\"https:\/\/blog.erm.ee\/wp-content\/uploads\/2016\/10\/10.jpg\" data-orig-size=\"1200,900\" data-comments-opened=\"1\" data-image-meta=\"{&quot;aperture&quot;:&quot;0&quot;,&quot;credit&quot;:&quot;&quot;,&quot;camera&quot;:&quot;&quot;,&quot;caption&quot;:&quot;&quot;,&quot;created_timestamp&quot;:&quot;0&quot;,&quot;copyright&quot;:&quot;&quot;,&quot;focal_length&quot;:&quot;0&quot;,&quot;iso&quot;:&quot;0&quot;,&quot;shutter_speed&quot;:&quot;0&quot;,&quot;title&quot;:&quot;&quot;,&quot;orientation&quot;:&quot;0&quot;}\" data-image-title=\"10\" data-image-description=\"\" data-image-caption=\"\" data-large-file=\"https:\/\/blog.erm.ee\/wp-content\/uploads\/2016\/10\/10-1024x768.jpg\" class=\"alignnone size-full wp-image-8556\" src=\"https:\/\/blog.erm.ee\/wp-content\/uploads\/2016\/10\/10.jpg\" alt=\"10\" width=\"1200\" height=\"900\" srcset=\"https:\/\/blog.erm.ee\/wp-content\/uploads\/2016\/10\/10.jpg 1200w, https:\/\/blog.erm.ee\/wp-content\/uploads\/2016\/10\/10-347x260.jpg 347w, https:\/\/blog.erm.ee\/wp-content\/uploads\/2016\/10\/10-300x225.jpg 300w, https:\/\/blog.erm.ee\/wp-content\/uploads\/2016\/10\/10-768x576.jpg 768w, https:\/\/blog.erm.ee\/wp-content\/uploads\/2016\/10\/10-1024x768.jpg 1024w\" sizes=\"auto, (max-width: 1200px) 100vw, 1200px\" \/><\/a><em>Ohverdamise palve: ohvripapp, lambaohverdajad ja p\u00f5lvitavad abilised, Balzjuga, 6.06.2014. Foto: Laur Vallikivi<\/em><\/p>\n<p>Nad asetavad ohvrilooma k\u00fclili, seovad tal k\u00e4pad kinni ja piserdavad kaseoksaga teda puhastamise eesm\u00e4rgil. Fridman on oma kohal, hoides r\u00e4tiku ja kaseokste peal k\u00e4es sedasama leiba, mille perenaine talle ennist andis. Sel ajal kui Fridman palvetab, l\u00f5ikavad abilised lambal k\u00f5ri lahti ja v\u00f5tavad esimesed verepritsmed lusika peale, et see tulle visata. Seekord aga see ununes&#8230;<\/p>\n<p><a href=\"https:\/\/blog.erm.ee\/wp-content\/uploads\/2016\/10\/11-1.jpg\"><img loading=\"lazy\" decoding=\"async\" data-attachment-id=\"8558\" data-permalink=\"https:\/\/blog.erm.ee\/?attachment_id=8558#main\" data-orig-file=\"https:\/\/blog.erm.ee\/wp-content\/uploads\/2016\/10\/11-1.jpg\" data-orig-size=\"1200,900\" data-comments-opened=\"1\" data-image-meta=\"{&quot;aperture&quot;:&quot;0&quot;,&quot;credit&quot;:&quot;&quot;,&quot;camera&quot;:&quot;&quot;,&quot;caption&quot;:&quot;&quot;,&quot;created_timestamp&quot;:&quot;0&quot;,&quot;copyright&quot;:&quot;&quot;,&quot;focal_length&quot;:&quot;0&quot;,&quot;iso&quot;:&quot;0&quot;,&quot;shutter_speed&quot;:&quot;0&quot;,&quot;title&quot;:&quot;&quot;,&quot;orientation&quot;:&quot;0&quot;}\" data-image-title=\"11\" data-image-description=\"\" data-image-caption=\"\" data-large-file=\"https:\/\/blog.erm.ee\/wp-content\/uploads\/2016\/10\/11-1-1024x768.jpg\" class=\"alignnone size-full wp-image-8558\" src=\"https:\/\/blog.erm.ee\/wp-content\/uploads\/2016\/10\/11-1.jpg\" alt=\"11\" width=\"1200\" height=\"900\" srcset=\"https:\/\/blog.erm.ee\/wp-content\/uploads\/2016\/10\/11-1.jpg 1200w, https:\/\/blog.erm.ee\/wp-content\/uploads\/2016\/10\/11-1-347x260.jpg 347w, https:\/\/blog.erm.ee\/wp-content\/uploads\/2016\/10\/11-1-300x225.jpg 300w, https:\/\/blog.erm.ee\/wp-content\/uploads\/2016\/10\/11-1-768x576.jpg 768w, https:\/\/blog.erm.ee\/wp-content\/uploads\/2016\/10\/11-1-1024x768.jpg 1024w\" sizes=\"auto, (max-width: 1200px) 100vw, 1200px\" \/><\/a><em>Lamba ohverdamine. Noaga Sidor, lusikaga Fajz\u00f5, Balzjuga, 6.06.2014. Foto: Laur Vallikivi<\/em><\/p>\n<p>Siis tuleb v\u00e4ga pikk paus. Suurde katlasse tule peal on vahepeal pandud soola ja vett. Abilised tegelevad lambakorjusega, mille nad n\u00fclivad ja t\u00fckeldavad.<\/p>\n<p><a href=\"https:\/\/blog.erm.ee\/wp-content\/uploads\/2016\/10\/12.jpg\"><img loading=\"lazy\" decoding=\"async\" data-attachment-id=\"8559\" data-permalink=\"https:\/\/blog.erm.ee\/?attachment_id=8559#main\" data-orig-file=\"https:\/\/blog.erm.ee\/wp-content\/uploads\/2016\/10\/12.jpg\" data-orig-size=\"900,1200\" data-comments-opened=\"1\" data-image-meta=\"{&quot;aperture&quot;:&quot;0&quot;,&quot;credit&quot;:&quot;&quot;,&quot;camera&quot;:&quot;&quot;,&quot;caption&quot;:&quot;&quot;,&quot;created_timestamp&quot;:&quot;0&quot;,&quot;copyright&quot;:&quot;&quot;,&quot;focal_length&quot;:&quot;0&quot;,&quot;iso&quot;:&quot;0&quot;,&quot;shutter_speed&quot;:&quot;0&quot;,&quot;title&quot;:&quot;&quot;,&quot;orientation&quot;:&quot;0&quot;}\" data-image-title=\"12\" data-image-description=\"\" data-image-caption=\"\" data-large-file=\"https:\/\/blog.erm.ee\/wp-content\/uploads\/2016\/10\/12-768x1024.jpg\" class=\"alignnone size-full wp-image-8559\" src=\"https:\/\/blog.erm.ee\/wp-content\/uploads\/2016\/10\/12.jpg\" alt=\"12\" width=\"900\" height=\"1200\" srcset=\"https:\/\/blog.erm.ee\/wp-content\/uploads\/2016\/10\/12.jpg 900w, https:\/\/blog.erm.ee\/wp-content\/uploads\/2016\/10\/12-195x260.jpg 195w, https:\/\/blog.erm.ee\/wp-content\/uploads\/2016\/10\/12-225x300.jpg 225w, https:\/\/blog.erm.ee\/wp-content\/uploads\/2016\/10\/12-768x1024.jpg 768w\" sizes=\"auto, (max-width: 900px) 100vw, 900px\" \/><\/a><em>Lamba n\u00fclgimine ja t\u00fckeldamine, Balzjuga, 6.06.2014. Foto: Laur Vallikivi<\/em><\/p>\n<p>K\u00f5ige ajamahukam t\u00f6\u00f6 on sisikonna puhastamine, mis on naiste \u00fclesandeks, kui neid on. Seekord otsustas Sidor (kelle lammas see oli), et ta teeb puhastust\u00f6\u00f6 ise \u00e4ra ja ei lase millelgi raisku minna. Seej\u00e4rel pannakse lihat\u00fckid ning puhastatud sisikond katlasse ja oodatakse, kuni k\u00f5ik pehmeks keeb.<\/p>\n<p><a href=\"https:\/\/blog.erm.ee\/wp-content\/uploads\/2016\/10\/13.jpg\"><img loading=\"lazy\" decoding=\"async\" data-attachment-id=\"8560\" data-permalink=\"https:\/\/blog.erm.ee\/?attachment_id=8560#main\" data-orig-file=\"https:\/\/blog.erm.ee\/wp-content\/uploads\/2016\/10\/13.jpg\" data-orig-size=\"1200,899\" data-comments-opened=\"1\" data-image-meta=\"{&quot;aperture&quot;:&quot;0&quot;,&quot;credit&quot;:&quot;&quot;,&quot;camera&quot;:&quot;&quot;,&quot;caption&quot;:&quot;&quot;,&quot;created_timestamp&quot;:&quot;0&quot;,&quot;copyright&quot;:&quot;&quot;,&quot;focal_length&quot;:&quot;0&quot;,&quot;iso&quot;:&quot;0&quot;,&quot;shutter_speed&quot;:&quot;0&quot;,&quot;title&quot;:&quot;&quot;,&quot;orientation&quot;:&quot;0&quot;}\" data-image-title=\"13\" data-image-description=\"\" data-image-caption=\"\" data-large-file=\"https:\/\/blog.erm.ee\/wp-content\/uploads\/2016\/10\/13-1024x767.jpg\" class=\"alignnone size-full wp-image-8560\" src=\"https:\/\/blog.erm.ee\/wp-content\/uploads\/2016\/10\/13.jpg\" alt=\"13\" width=\"1200\" height=\"899\" srcset=\"https:\/\/blog.erm.ee\/wp-content\/uploads\/2016\/10\/13.jpg 1200w, https:\/\/blog.erm.ee\/wp-content\/uploads\/2016\/10\/13-347x260.jpg 347w, https:\/\/blog.erm.ee\/wp-content\/uploads\/2016\/10\/13-300x225.jpg 300w, https:\/\/blog.erm.ee\/wp-content\/uploads\/2016\/10\/13-768x575.jpg 768w, https:\/\/blog.erm.ee\/wp-content\/uploads\/2016\/10\/13-1024x767.jpg 1024w\" sizes=\"auto, (max-width: 1200px) 100vw, 1200px\" \/><\/a><em>Liha pannakse katlasse, Balzjuga, 6.06.2014. Foto: Laur Vallikivi<\/em><\/p>\n<p>See v\u00f5tab kaua aega, nii et samal ajal juuakse teed (mis valmib teisel, v\u00e4iksel l\u00f5kkel ja mille jaoks \u0160urik on nurmelt mustas\u00f5stralehti toonud), aetakse juttu ning loetakse kogutud raha \u00fcle. Just selle pika aja jooksul \u00fchinevadki teistega esimesed k\u00fclaelanikud, esimesena vana ohvripapp, kes kaasatakse abilisena.<\/p>\n<p><a href=\"https:\/\/blog.erm.ee\/wp-content\/uploads\/2016\/10\/14.jpg\"><img loading=\"lazy\" decoding=\"async\" data-attachment-id=\"8561\" data-permalink=\"https:\/\/blog.erm.ee\/?attachment_id=8561#main\" data-orig-file=\"https:\/\/blog.erm.ee\/wp-content\/uploads\/2016\/10\/14.jpg\" data-orig-size=\"900,1200\" data-comments-opened=\"1\" data-image-meta=\"{&quot;aperture&quot;:&quot;0&quot;,&quot;credit&quot;:&quot;&quot;,&quot;camera&quot;:&quot;&quot;,&quot;caption&quot;:&quot;&quot;,&quot;created_timestamp&quot;:&quot;0&quot;,&quot;copyright&quot;:&quot;&quot;,&quot;focal_length&quot;:&quot;0&quot;,&quot;iso&quot;:&quot;0&quot;,&quot;shutter_speed&quot;:&quot;0&quot;,&quot;title&quot;:&quot;&quot;,&quot;orientation&quot;:&quot;0&quot;}\" data-image-title=\"14\" data-image-description=\"\" data-image-caption=\"\" data-large-file=\"https:\/\/blog.erm.ee\/wp-content\/uploads\/2016\/10\/14-768x1024.jpg\" class=\"alignnone size-full wp-image-8561\" src=\"https:\/\/blog.erm.ee\/wp-content\/uploads\/2016\/10\/14.jpg\" alt=\"14\" width=\"900\" height=\"1200\" srcset=\"https:\/\/blog.erm.ee\/wp-content\/uploads\/2016\/10\/14.jpg 900w, https:\/\/blog.erm.ee\/wp-content\/uploads\/2016\/10\/14-195x260.jpg 195w, https:\/\/blog.erm.ee\/wp-content\/uploads\/2016\/10\/14-225x300.jpg 225w, https:\/\/blog.erm.ee\/wp-content\/uploads\/2016\/10\/14-768x1024.jpg 768w\" sizes=\"auto, (max-width: 900px) 100vw, 900px\" \/><\/a><em>Nazip Sadriev j\u00f5uab kohale, Balzjuga, 6.06.2014. Foto: Laur Vallikivi<\/em><\/p>\n<p><a href=\"https:\/\/blog.erm.ee\/wp-content\/uploads\/2016\/10\/15.jpg\"><img loading=\"lazy\" decoding=\"async\" data-attachment-id=\"8562\" data-permalink=\"https:\/\/blog.erm.ee\/?attachment_id=8562#main\" data-orig-file=\"https:\/\/blog.erm.ee\/wp-content\/uploads\/2016\/10\/15.jpg\" data-orig-size=\"1200,899\" data-comments-opened=\"1\" data-image-meta=\"{&quot;aperture&quot;:&quot;0&quot;,&quot;credit&quot;:&quot;&quot;,&quot;camera&quot;:&quot;&quot;,&quot;caption&quot;:&quot;&quot;,&quot;created_timestamp&quot;:&quot;0&quot;,&quot;copyright&quot;:&quot;&quot;,&quot;focal_length&quot;:&quot;0&quot;,&quot;iso&quot;:&quot;0&quot;,&quot;shutter_speed&quot;:&quot;0&quot;,&quot;title&quot;:&quot;&quot;,&quot;orientation&quot;:&quot;0&quot;}\" data-image-title=\"15\" data-image-description=\"\" data-image-caption=\"\" data-large-file=\"https:\/\/blog.erm.ee\/wp-content\/uploads\/2016\/10\/15-1024x767.jpg\" class=\"alignnone size-full wp-image-8562\" src=\"https:\/\/blog.erm.ee\/wp-content\/uploads\/2016\/10\/15.jpg\" alt=\"15\" width=\"1200\" height=\"899\" srcset=\"https:\/\/blog.erm.ee\/wp-content\/uploads\/2016\/10\/15.jpg 1200w, https:\/\/blog.erm.ee\/wp-content\/uploads\/2016\/10\/15-347x260.jpg 347w, https:\/\/blog.erm.ee\/wp-content\/uploads\/2016\/10\/15-300x225.jpg 300w, https:\/\/blog.erm.ee\/wp-content\/uploads\/2016\/10\/15-768x575.jpg 768w, https:\/\/blog.erm.ee\/wp-content\/uploads\/2016\/10\/15-1024x767.jpg 1024w\" sizes=\"auto, (max-width: 1200px) 100vw, 1200px\" \/><\/a><em>Vana ja noor ohvripapp \u00fche k\u00fclanaisega, Balzjuga, 6.06.2014. Foto: Eva Toulouze<\/em><\/p>\n<p>Pooleteise v\u00f5i kahe tunni p\u00e4rast on liha pehme ja see v\u00f5etakse v\u00e4lja.<\/p>\n<p><a href=\"https:\/\/blog.erm.ee\/wp-content\/uploads\/2016\/10\/16.jpg\"><img loading=\"lazy\" decoding=\"async\" data-attachment-id=\"8563\" data-permalink=\"https:\/\/blog.erm.ee\/?attachment_id=8563#main\" data-orig-file=\"https:\/\/blog.erm.ee\/wp-content\/uploads\/2016\/10\/16.jpg\" data-orig-size=\"1200,900\" data-comments-opened=\"1\" data-image-meta=\"{&quot;aperture&quot;:&quot;0&quot;,&quot;credit&quot;:&quot;&quot;,&quot;camera&quot;:&quot;&quot;,&quot;caption&quot;:&quot;&quot;,&quot;created_timestamp&quot;:&quot;0&quot;,&quot;copyright&quot;:&quot;&quot;,&quot;focal_length&quot;:&quot;0&quot;,&quot;iso&quot;:&quot;0&quot;,&quot;shutter_speed&quot;:&quot;0&quot;,&quot;title&quot;:&quot;&quot;,&quot;orientation&quot;:&quot;0&quot;}\" data-image-title=\"16\" data-image-description=\"\" data-image-caption=\"\" data-large-file=\"https:\/\/blog.erm.ee\/wp-content\/uploads\/2016\/10\/16-1024x768.jpg\" class=\"alignnone size-full wp-image-8563\" src=\"https:\/\/blog.erm.ee\/wp-content\/uploads\/2016\/10\/16.jpg\" alt=\"16\" width=\"1200\" height=\"900\" srcset=\"https:\/\/blog.erm.ee\/wp-content\/uploads\/2016\/10\/16.jpg 1200w, https:\/\/blog.erm.ee\/wp-content\/uploads\/2016\/10\/16-347x260.jpg 347w, https:\/\/blog.erm.ee\/wp-content\/uploads\/2016\/10\/16-300x225.jpg 300w, https:\/\/blog.erm.ee\/wp-content\/uploads\/2016\/10\/16-768x576.jpg 768w, https:\/\/blog.erm.ee\/wp-content\/uploads\/2016\/10\/16-1024x768.jpg 1024w\" sizes=\"auto, (max-width: 1200px) 100vw, 1200px\" \/><\/a><em>Sidor v\u00f5tab liha v\u00e4lja, \u0160urik hoiab vaagnat, Mingaraj vaatab, Balzjuga, 6.06.2014. Foto: Eva Toulouze<\/em><\/p>\n<p>Fridman peab v\u00e4lja valima need osad, millega ta palvetama\u00a0hakkab: s\u00fcda, maksa, pea, osa paremast eeskintsust, parem eesribi.<\/p>\n<p><a href=\"https:\/\/blog.erm.ee\/wp-content\/uploads\/2016\/10\/17.jpg\"><img loading=\"lazy\" decoding=\"async\" data-attachment-id=\"8564\" data-permalink=\"https:\/\/blog.erm.ee\/?attachment_id=8564#main\" data-orig-file=\"https:\/\/blog.erm.ee\/wp-content\/uploads\/2016\/10\/17.jpg\" data-orig-size=\"1200,899\" data-comments-opened=\"1\" data-image-meta=\"{&quot;aperture&quot;:&quot;0&quot;,&quot;credit&quot;:&quot;&quot;,&quot;camera&quot;:&quot;&quot;,&quot;caption&quot;:&quot;&quot;,&quot;created_timestamp&quot;:&quot;0&quot;,&quot;copyright&quot;:&quot;&quot;,&quot;focal_length&quot;:&quot;0&quot;,&quot;iso&quot;:&quot;0&quot;,&quot;shutter_speed&quot;:&quot;0&quot;,&quot;title&quot;:&quot;&quot;,&quot;orientation&quot;:&quot;0&quot;}\" data-image-title=\"17\" data-image-description=\"\" data-image-caption=\"\" data-large-file=\"https:\/\/blog.erm.ee\/wp-content\/uploads\/2016\/10\/17-1024x767.jpg\" class=\"alignnone size-full wp-image-8564\" src=\"https:\/\/blog.erm.ee\/wp-content\/uploads\/2016\/10\/17.jpg\" alt=\"17\" width=\"1200\" height=\"899\" srcset=\"https:\/\/blog.erm.ee\/wp-content\/uploads\/2016\/10\/17.jpg 1200w, https:\/\/blog.erm.ee\/wp-content\/uploads\/2016\/10\/17-347x260.jpg 347w, https:\/\/blog.erm.ee\/wp-content\/uploads\/2016\/10\/17-300x225.jpg 300w, https:\/\/blog.erm.ee\/wp-content\/uploads\/2016\/10\/17-768x575.jpg 768w, https:\/\/blog.erm.ee\/wp-content\/uploads\/2016\/10\/17-1024x767.jpg 1024w\" sizes=\"auto, (max-width: 1200px) 100vw, 1200px\" \/><\/a><em>Fridman valib lihat\u00fckke, millega palvetada, Balzjuga, 6.06.2014. Foto: Laur Vallikivi<\/em><\/p>\n<p>Selleks et oleks teada, milline on parem pool, on need t\u00fckid m\u00e4rgistatud enne katlasse viskamist. Seej\u00e4rel asub Fridman j\u00e4lle palvetama, n\u00fc\u00fcd r\u00e4tiku ja okste peal lihakauss, ning k\u00f5ik kohalolijad, keda on juba palju, on p\u00f5lvili.<\/p>\n<p><a href=\"https:\/\/blog.erm.ee\/wp-content\/uploads\/2016\/10\/18.jpg\"><img loading=\"lazy\" decoding=\"async\" data-attachment-id=\"8565\" data-permalink=\"https:\/\/blog.erm.ee\/?attachment_id=8565#main\" data-orig-file=\"https:\/\/blog.erm.ee\/wp-content\/uploads\/2016\/10\/18.jpg\" data-orig-size=\"1200,900\" data-comments-opened=\"1\" data-image-meta=\"{&quot;aperture&quot;:&quot;0&quot;,&quot;credit&quot;:&quot;&quot;,&quot;camera&quot;:&quot;&quot;,&quot;caption&quot;:&quot;&quot;,&quot;created_timestamp&quot;:&quot;0&quot;,&quot;copyright&quot;:&quot;&quot;,&quot;focal_length&quot;:&quot;0&quot;,&quot;iso&quot;:&quot;0&quot;,&quot;shutter_speed&quot;:&quot;0&quot;,&quot;title&quot;:&quot;&quot;,&quot;orientation&quot;:&quot;0&quot;}\" data-image-title=\"18\" data-image-description=\"\" data-image-caption=\"\" data-large-file=\"https:\/\/blog.erm.ee\/wp-content\/uploads\/2016\/10\/18-1024x768.jpg\" class=\"alignnone size-full wp-image-8565\" src=\"https:\/\/blog.erm.ee\/wp-content\/uploads\/2016\/10\/18.jpg\" alt=\"18\" width=\"1200\" height=\"900\" srcset=\"https:\/\/blog.erm.ee\/wp-content\/uploads\/2016\/10\/18.jpg 1200w, https:\/\/blog.erm.ee\/wp-content\/uploads\/2016\/10\/18-347x260.jpg 347w, https:\/\/blog.erm.ee\/wp-content\/uploads\/2016\/10\/18-300x225.jpg 300w, https:\/\/blog.erm.ee\/wp-content\/uploads\/2016\/10\/18-768x576.jpg 768w, https:\/\/blog.erm.ee\/wp-content\/uploads\/2016\/10\/18-1024x768.jpg 1024w\" sizes=\"auto, (max-width: 1200px) 100vw, 1200px\" \/><\/a><em>Inimesed p\u00f5lvili, Balzjuga, 6.06.2014. Foto: Laur Vallikivi<\/em><\/p>\n<p><a href=\"https:\/\/blog.erm.ee\/wp-content\/uploads\/2016\/10\/19.jpg\"><img loading=\"lazy\" decoding=\"async\" data-attachment-id=\"8566\" data-permalink=\"https:\/\/blog.erm.ee\/?attachment_id=8566#main\" data-orig-file=\"https:\/\/blog.erm.ee\/wp-content\/uploads\/2016\/10\/19.jpg\" data-orig-size=\"1200,899\" data-comments-opened=\"1\" data-image-meta=\"{&quot;aperture&quot;:&quot;0&quot;,&quot;credit&quot;:&quot;&quot;,&quot;camera&quot;:&quot;&quot;,&quot;caption&quot;:&quot;&quot;,&quot;created_timestamp&quot;:&quot;0&quot;,&quot;copyright&quot;:&quot;&quot;,&quot;focal_length&quot;:&quot;0&quot;,&quot;iso&quot;:&quot;0&quot;,&quot;shutter_speed&quot;:&quot;0&quot;,&quot;title&quot;:&quot;&quot;,&quot;orientation&quot;:&quot;0&quot;}\" data-image-title=\"19\" data-image-description=\"\" data-image-caption=\"\" data-large-file=\"https:\/\/blog.erm.ee\/wp-content\/uploads\/2016\/10\/19-1024x767.jpg\" class=\"alignnone size-full wp-image-8566\" src=\"https:\/\/blog.erm.ee\/wp-content\/uploads\/2016\/10\/19.jpg\" alt=\"19\" width=\"1200\" height=\"899\" srcset=\"https:\/\/blog.erm.ee\/wp-content\/uploads\/2016\/10\/19.jpg 1200w, https:\/\/blog.erm.ee\/wp-content\/uploads\/2016\/10\/19-347x260.jpg 347w, https:\/\/blog.erm.ee\/wp-content\/uploads\/2016\/10\/19-300x225.jpg 300w, https:\/\/blog.erm.ee\/wp-content\/uploads\/2016\/10\/19-768x575.jpg 768w, https:\/\/blog.erm.ee\/wp-content\/uploads\/2016\/10\/19-1024x767.jpg 1024w\" sizes=\"auto, (max-width: 1200px) 100vw, 1200px\" \/><\/a><em>Inimesed p\u00f5lvili, Balzjuga, 6.06.2014. Foto: Laur Vallikivi<\/em><\/p>\n<p><a href=\"https:\/\/blog.erm.ee\/wp-content\/uploads\/2016\/10\/20.jpg\"><img loading=\"lazy\" decoding=\"async\" data-attachment-id=\"8567\" data-permalink=\"https:\/\/blog.erm.ee\/?attachment_id=8567#main\" data-orig-file=\"https:\/\/blog.erm.ee\/wp-content\/uploads\/2016\/10\/20.jpg\" data-orig-size=\"1200,900\" data-comments-opened=\"1\" data-image-meta=\"{&quot;aperture&quot;:&quot;0&quot;,&quot;credit&quot;:&quot;&quot;,&quot;camera&quot;:&quot;&quot;,&quot;caption&quot;:&quot;&quot;,&quot;created_timestamp&quot;:&quot;0&quot;,&quot;copyright&quot;:&quot;&quot;,&quot;focal_length&quot;:&quot;0&quot;,&quot;iso&quot;:&quot;0&quot;,&quot;shutter_speed&quot;:&quot;0&quot;,&quot;title&quot;:&quot;&quot;,&quot;orientation&quot;:&quot;0&quot;}\" data-image-title=\"20\" data-image-description=\"\" data-image-caption=\"\" data-large-file=\"https:\/\/blog.erm.ee\/wp-content\/uploads\/2016\/10\/20-1024x768.jpg\" class=\"alignnone size-full wp-image-8567\" src=\"https:\/\/blog.erm.ee\/wp-content\/uploads\/2016\/10\/20.jpg\" alt=\"20\" width=\"1200\" height=\"900\" srcset=\"https:\/\/blog.erm.ee\/wp-content\/uploads\/2016\/10\/20.jpg 1200w, https:\/\/blog.erm.ee\/wp-content\/uploads\/2016\/10\/20-347x260.jpg 347w, https:\/\/blog.erm.ee\/wp-content\/uploads\/2016\/10\/20-300x225.jpg 300w, https:\/\/blog.erm.ee\/wp-content\/uploads\/2016\/10\/20-768x576.jpg 768w, https:\/\/blog.erm.ee\/wp-content\/uploads\/2016\/10\/20-1024x768.jpg 1024w\" sizes=\"auto, (max-width: 1200px) 100vw, 1200px\" \/><\/a><em>Maani kummardus, Balzjuga, 6.06.2014. Foto: Laur Vallikivi<\/em><\/p>\n<p>J\u00e4lle tuleb kaua oodata! Aga tegevust abilistel j\u00e4tkub: lihapuljongisse on valatud vilja ning lisatud v\u00f5i.<\/p>\n<p><a href=\"https:\/\/blog.erm.ee\/wp-content\/uploads\/2016\/10\/21.jpg\"><img loading=\"lazy\" decoding=\"async\" data-attachment-id=\"8568\" data-permalink=\"https:\/\/blog.erm.ee\/?attachment_id=8568#main\" data-orig-file=\"https:\/\/blog.erm.ee\/wp-content\/uploads\/2016\/10\/21.jpg\" data-orig-size=\"1200,899\" data-comments-opened=\"1\" data-image-meta=\"{&quot;aperture&quot;:&quot;0&quot;,&quot;credit&quot;:&quot;&quot;,&quot;camera&quot;:&quot;&quot;,&quot;caption&quot;:&quot;&quot;,&quot;created_timestamp&quot;:&quot;0&quot;,&quot;copyright&quot;:&quot;&quot;,&quot;focal_length&quot;:&quot;0&quot;,&quot;iso&quot;:&quot;0&quot;,&quot;shutter_speed&quot;:&quot;0&quot;,&quot;title&quot;:&quot;&quot;,&quot;orientation&quot;:&quot;0&quot;}\" data-image-title=\"21\" data-image-description=\"\" data-image-caption=\"\" data-large-file=\"https:\/\/blog.erm.ee\/wp-content\/uploads\/2016\/10\/21-1024x767.jpg\" class=\"alignnone size-full wp-image-8568\" src=\"https:\/\/blog.erm.ee\/wp-content\/uploads\/2016\/10\/21.jpg\" alt=\"21\" width=\"1200\" height=\"899\" srcset=\"https:\/\/blog.erm.ee\/wp-content\/uploads\/2016\/10\/21.jpg 1200w, https:\/\/blog.erm.ee\/wp-content\/uploads\/2016\/10\/21-347x260.jpg 347w, https:\/\/blog.erm.ee\/wp-content\/uploads\/2016\/10\/21-300x225.jpg 300w, https:\/\/blog.erm.ee\/wp-content\/uploads\/2016\/10\/21-768x575.jpg 768w, https:\/\/blog.erm.ee\/wp-content\/uploads\/2016\/10\/21-1024x767.jpg 1024w\" sizes=\"auto, (max-width: 1200px) 100vw, 1200px\" \/><\/a><em>Nazip Sadriev paneb v\u00f5i pudru sisse, Balzjuga, 6.06.2014. Foto: Eva Toulouze<\/em><\/p>\n<p>Teinegi katel on kasutusse v\u00f5etud ja n\u00fc\u00fcd keedetakse neis putru. \u00dched abilised segavad suure labidaga putru, teised tegelevad lihaga: eraldavad liha kontidest, et lisada see siis pudrule. Puhastatud kondid pannakse \u00e4mbrisse ja usaldatakse vananaistele, kes need suurema r\u00f5\u00f5muga l\u00f5puni n\u00e4rivad.<\/p>\n<p><a href=\"https:\/\/blog.erm.ee\/wp-content\/uploads\/2016\/10\/22.jpg\"><img loading=\"lazy\" decoding=\"async\" data-attachment-id=\"8569\" data-permalink=\"https:\/\/blog.erm.ee\/?attachment_id=8569#main\" data-orig-file=\"https:\/\/blog.erm.ee\/wp-content\/uploads\/2016\/10\/22.jpg\" data-orig-size=\"1200,900\" data-comments-opened=\"1\" data-image-meta=\"{&quot;aperture&quot;:&quot;0&quot;,&quot;credit&quot;:&quot;&quot;,&quot;camera&quot;:&quot;&quot;,&quot;caption&quot;:&quot;&quot;,&quot;created_timestamp&quot;:&quot;0&quot;,&quot;copyright&quot;:&quot;&quot;,&quot;focal_length&quot;:&quot;0&quot;,&quot;iso&quot;:&quot;0&quot;,&quot;shutter_speed&quot;:&quot;0&quot;,&quot;title&quot;:&quot;&quot;,&quot;orientation&quot;:&quot;0&quot;}\" data-image-title=\"22\" data-image-description=\"\" data-image-caption=\"\" data-large-file=\"https:\/\/blog.erm.ee\/wp-content\/uploads\/2016\/10\/22-1024x768.jpg\" class=\"alignnone size-full wp-image-8569\" src=\"https:\/\/blog.erm.ee\/wp-content\/uploads\/2016\/10\/22.jpg\" alt=\"22\" width=\"1200\" height=\"900\" srcset=\"https:\/\/blog.erm.ee\/wp-content\/uploads\/2016\/10\/22.jpg 1200w, https:\/\/blog.erm.ee\/wp-content\/uploads\/2016\/10\/22-347x260.jpg 347w, https:\/\/blog.erm.ee\/wp-content\/uploads\/2016\/10\/22-300x225.jpg 300w, https:\/\/blog.erm.ee\/wp-content\/uploads\/2016\/10\/22-768x576.jpg 768w, https:\/\/blog.erm.ee\/wp-content\/uploads\/2016\/10\/22-1024x768.jpg 1024w\" sizes=\"auto, (max-width: 1200px) 100vw, 1200px\" \/><\/a><em>Fajz\u00f5 ja \u0160urik segavad putru, Balzjuga, 6.06.2014. Foto: Eva Toulouze<\/em><\/p>\n<p><a href=\"https:\/\/blog.erm.ee\/wp-content\/uploads\/2016\/10\/23.jpg\"><img loading=\"lazy\" decoding=\"async\" data-attachment-id=\"8570\" data-permalink=\"https:\/\/blog.erm.ee\/?attachment_id=8570#main\" data-orig-file=\"https:\/\/blog.erm.ee\/wp-content\/uploads\/2016\/10\/23.jpg\" data-orig-size=\"1200,900\" data-comments-opened=\"1\" data-image-meta=\"{&quot;aperture&quot;:&quot;0&quot;,&quot;credit&quot;:&quot;&quot;,&quot;camera&quot;:&quot;&quot;,&quot;caption&quot;:&quot;&quot;,&quot;created_timestamp&quot;:&quot;0&quot;,&quot;copyright&quot;:&quot;&quot;,&quot;focal_length&quot;:&quot;0&quot;,&quot;iso&quot;:&quot;0&quot;,&quot;shutter_speed&quot;:&quot;0&quot;,&quot;title&quot;:&quot;&quot;,&quot;orientation&quot;:&quot;0&quot;}\" data-image-title=\"23\" data-image-description=\"\" data-image-caption=\"\" data-large-file=\"https:\/\/blog.erm.ee\/wp-content\/uploads\/2016\/10\/23-1024x768.jpg\" class=\"alignnone size-full wp-image-8570\" src=\"https:\/\/blog.erm.ee\/wp-content\/uploads\/2016\/10\/23.jpg\" alt=\"23\" width=\"1200\" height=\"900\" srcset=\"https:\/\/blog.erm.ee\/wp-content\/uploads\/2016\/10\/23.jpg 1200w, https:\/\/blog.erm.ee\/wp-content\/uploads\/2016\/10\/23-347x260.jpg 347w, https:\/\/blog.erm.ee\/wp-content\/uploads\/2016\/10\/23-300x225.jpg 300w, https:\/\/blog.erm.ee\/wp-content\/uploads\/2016\/10\/23-768x576.jpg 768w, https:\/\/blog.erm.ee\/wp-content\/uploads\/2016\/10\/23-1024x768.jpg 1024w\" sizes=\"auto, (max-width: 1200px) 100vw, 1200px\" \/><\/a><em>Abilised sorteerivad liha, Balzjuga, 6.06.2014. Foto: Eva Toulouze<\/em><\/p>\n<p><a href=\"https:\/\/blog.erm.ee\/wp-content\/uploads\/2016\/10\/24.jpg\"><img loading=\"lazy\" decoding=\"async\" data-attachment-id=\"8571\" data-permalink=\"https:\/\/blog.erm.ee\/?attachment_id=8571#main\" data-orig-file=\"https:\/\/blog.erm.ee\/wp-content\/uploads\/2016\/10\/24.jpg\" data-orig-size=\"1200,901\" data-comments-opened=\"1\" data-image-meta=\"{&quot;aperture&quot;:&quot;0&quot;,&quot;credit&quot;:&quot;&quot;,&quot;camera&quot;:&quot;&quot;,&quot;caption&quot;:&quot;&quot;,&quot;created_timestamp&quot;:&quot;0&quot;,&quot;copyright&quot;:&quot;&quot;,&quot;focal_length&quot;:&quot;0&quot;,&quot;iso&quot;:&quot;0&quot;,&quot;shutter_speed&quot;:&quot;0&quot;,&quot;title&quot;:&quot;&quot;,&quot;orientation&quot;:&quot;0&quot;}\" data-image-title=\"24\" data-image-description=\"\" data-image-caption=\"\" data-large-file=\"https:\/\/blog.erm.ee\/wp-content\/uploads\/2016\/10\/24-1024x769.jpg\" class=\"alignnone size-full wp-image-8571\" src=\"https:\/\/blog.erm.ee\/wp-content\/uploads\/2016\/10\/24.jpg\" alt=\"24\" width=\"1200\" height=\"901\" srcset=\"https:\/\/blog.erm.ee\/wp-content\/uploads\/2016\/10\/24.jpg 1200w, https:\/\/blog.erm.ee\/wp-content\/uploads\/2016\/10\/24-346x260.jpg 346w, https:\/\/blog.erm.ee\/wp-content\/uploads\/2016\/10\/24-300x225.jpg 300w, https:\/\/blog.erm.ee\/wp-content\/uploads\/2016\/10\/24-768x577.jpg 768w, https:\/\/blog.erm.ee\/wp-content\/uploads\/2016\/10\/24-1024x769.jpg 1024w\" sizes=\"auto, (max-width: 1200px) 100vw, 1200px\" \/><\/a><em>Puder p\u00e4rast liha lisamist, Balzjuga, 6.06.2014. Foto: Eva Toulouze<\/em><\/p>\n<p>Inimesi voolab \u00fcha juurde. Sugulased kogunevad, aetakse juttu, oodatakse, kuni puder valmis saab. Kui abilised teatavad l\u00f5puks, et puder on valmis, t\u00f5stetakse katel tule k\u00f5rvale ja inimesed v\u00f5tavad j\u00e4rjekorda, et oma osa saada.<\/p>\n<p><a href=\"https:\/\/blog.erm.ee\/wp-content\/uploads\/2016\/10\/25.jpg\"><img loading=\"lazy\" decoding=\"async\" data-attachment-id=\"8572\" data-permalink=\"https:\/\/blog.erm.ee\/?attachment_id=8572#main\" data-orig-file=\"https:\/\/blog.erm.ee\/wp-content\/uploads\/2016\/10\/25.jpg\" data-orig-size=\"1200,900\" data-comments-opened=\"1\" data-image-meta=\"{&quot;aperture&quot;:&quot;0&quot;,&quot;credit&quot;:&quot;&quot;,&quot;camera&quot;:&quot;&quot;,&quot;caption&quot;:&quot;&quot;,&quot;created_timestamp&quot;:&quot;0&quot;,&quot;copyright&quot;:&quot;&quot;,&quot;focal_length&quot;:&quot;0&quot;,&quot;iso&quot;:&quot;0&quot;,&quot;shutter_speed&quot;:&quot;0&quot;,&quot;title&quot;:&quot;&quot;,&quot;orientation&quot;:&quot;0&quot;}\" data-image-title=\"25\" data-image-description=\"\" data-image-caption=\"\" data-large-file=\"https:\/\/blog.erm.ee\/wp-content\/uploads\/2016\/10\/25-1024x768.jpg\" class=\"alignnone size-full wp-image-8572\" src=\"https:\/\/blog.erm.ee\/wp-content\/uploads\/2016\/10\/25.jpg\" alt=\"25\" width=\"1200\" height=\"900\" srcset=\"https:\/\/blog.erm.ee\/wp-content\/uploads\/2016\/10\/25.jpg 1200w, https:\/\/blog.erm.ee\/wp-content\/uploads\/2016\/10\/25-347x260.jpg 347w, https:\/\/blog.erm.ee\/wp-content\/uploads\/2016\/10\/25-300x225.jpg 300w, https:\/\/blog.erm.ee\/wp-content\/uploads\/2016\/10\/25-768x576.jpg 768w, https:\/\/blog.erm.ee\/wp-content\/uploads\/2016\/10\/25-1024x768.jpg 1024w\" sizes=\"auto, (max-width: 1200px) 100vw, 1200px\" \/><\/a><em>\u0160urik jagab rahvale putru, Balzjuga, 6.06.2014. Foto: Eva Toulouze<\/em><\/p>\n<p><a href=\"https:\/\/blog.erm.ee\/wp-content\/uploads\/2016\/10\/26.jpg\"><img loading=\"lazy\" decoding=\"async\" data-attachment-id=\"8573\" data-permalink=\"https:\/\/blog.erm.ee\/?attachment_id=8573#main\" data-orig-file=\"https:\/\/blog.erm.ee\/wp-content\/uploads\/2016\/10\/26.jpg\" data-orig-size=\"1200,900\" data-comments-opened=\"1\" data-image-meta=\"{&quot;aperture&quot;:&quot;0&quot;,&quot;credit&quot;:&quot;&quot;,&quot;camera&quot;:&quot;&quot;,&quot;caption&quot;:&quot;&quot;,&quot;created_timestamp&quot;:&quot;0&quot;,&quot;copyright&quot;:&quot;&quot;,&quot;focal_length&quot;:&quot;0&quot;,&quot;iso&quot;:&quot;0&quot;,&quot;shutter_speed&quot;:&quot;0&quot;,&quot;title&quot;:&quot;&quot;,&quot;orientation&quot;:&quot;0&quot;}\" data-image-title=\"26\" data-image-description=\"\" data-image-caption=\"\" data-large-file=\"https:\/\/blog.erm.ee\/wp-content\/uploads\/2016\/10\/26-1024x768.jpg\" class=\"alignnone size-full wp-image-8573\" src=\"https:\/\/blog.erm.ee\/wp-content\/uploads\/2016\/10\/26.jpg\" alt=\"26\" width=\"1200\" height=\"900\" srcset=\"https:\/\/blog.erm.ee\/wp-content\/uploads\/2016\/10\/26.jpg 1200w, https:\/\/blog.erm.ee\/wp-content\/uploads\/2016\/10\/26-347x260.jpg 347w, https:\/\/blog.erm.ee\/wp-content\/uploads\/2016\/10\/26-300x225.jpg 300w, https:\/\/blog.erm.ee\/wp-content\/uploads\/2016\/10\/26-768x576.jpg 768w, https:\/\/blog.erm.ee\/wp-content\/uploads\/2016\/10\/26-1024x768.jpg 1024w\" sizes=\"auto, (max-width: 1200px) 100vw, 1200px\" \/><\/a><em>Pudru jagamine, Balzjuga, 6.06.2014. Foto: Laur Vallikivi<\/em><\/p>\n<p>Tavaliselt s\u00fc\u00fcakse mitmekesi \u00fchest taldrikust v\u00f5i kausist ja istutakse sugulaste ringis, et s\u00fc\u00fca p\u00fchaputru.<\/p>\n<p><a href=\"https:\/\/blog.erm.ee\/wp-content\/uploads\/2016\/10\/27.jpg\"><img loading=\"lazy\" decoding=\"async\" data-attachment-id=\"8574\" data-permalink=\"https:\/\/blog.erm.ee\/?attachment_id=8574#main\" data-orig-file=\"https:\/\/blog.erm.ee\/wp-content\/uploads\/2016\/10\/27.jpg\" data-orig-size=\"1200,901\" data-comments-opened=\"1\" data-image-meta=\"{&quot;aperture&quot;:&quot;0&quot;,&quot;credit&quot;:&quot;&quot;,&quot;camera&quot;:&quot;&quot;,&quot;caption&quot;:&quot;&quot;,&quot;created_timestamp&quot;:&quot;0&quot;,&quot;copyright&quot;:&quot;&quot;,&quot;focal_length&quot;:&quot;0&quot;,&quot;iso&quot;:&quot;0&quot;,&quot;shutter_speed&quot;:&quot;0&quot;,&quot;title&quot;:&quot;&quot;,&quot;orientation&quot;:&quot;0&quot;}\" data-image-title=\"27\" data-image-description=\"\" data-image-caption=\"\" data-large-file=\"https:\/\/blog.erm.ee\/wp-content\/uploads\/2016\/10\/27-1024x769.jpg\" class=\"alignnone size-full wp-image-8574\" src=\"https:\/\/blog.erm.ee\/wp-content\/uploads\/2016\/10\/27.jpg\" alt=\"27\" width=\"1200\" height=\"901\" srcset=\"https:\/\/blog.erm.ee\/wp-content\/uploads\/2016\/10\/27.jpg 1200w, https:\/\/blog.erm.ee\/wp-content\/uploads\/2016\/10\/27-346x260.jpg 346w, https:\/\/blog.erm.ee\/wp-content\/uploads\/2016\/10\/27-300x225.jpg 300w, https:\/\/blog.erm.ee\/wp-content\/uploads\/2016\/10\/27-768x577.jpg 768w, https:\/\/blog.erm.ee\/wp-content\/uploads\/2016\/10\/27-1024x769.jpg 1024w\" sizes=\"auto, (max-width: 1200px) 100vw, 1200px\" \/><\/a><em>Pudru s\u00f6\u00f6mine, Balzjuga 6.06.2014. Foto: Laur Vallikivi<\/em><\/p>\n<p><a href=\"https:\/\/blog.erm.ee\/wp-content\/uploads\/2016\/10\/28.jpg\"><img loading=\"lazy\" decoding=\"async\" data-attachment-id=\"8575\" data-permalink=\"https:\/\/blog.erm.ee\/?attachment_id=8575#main\" data-orig-file=\"https:\/\/blog.erm.ee\/wp-content\/uploads\/2016\/10\/28.jpg\" data-orig-size=\"1200,900\" data-comments-opened=\"1\" data-image-meta=\"{&quot;aperture&quot;:&quot;0&quot;,&quot;credit&quot;:&quot;&quot;,&quot;camera&quot;:&quot;&quot;,&quot;caption&quot;:&quot;&quot;,&quot;created_timestamp&quot;:&quot;0&quot;,&quot;copyright&quot;:&quot;&quot;,&quot;focal_length&quot;:&quot;0&quot;,&quot;iso&quot;:&quot;0&quot;,&quot;shutter_speed&quot;:&quot;0&quot;,&quot;title&quot;:&quot;&quot;,&quot;orientation&quot;:&quot;0&quot;}\" data-image-title=\"28\" data-image-description=\"\" data-image-caption=\"\" data-large-file=\"https:\/\/blog.erm.ee\/wp-content\/uploads\/2016\/10\/28-1024x768.jpg\" class=\"alignnone size-full wp-image-8575\" src=\"https:\/\/blog.erm.ee\/wp-content\/uploads\/2016\/10\/28.jpg\" alt=\"28\" width=\"1200\" height=\"900\" srcset=\"https:\/\/blog.erm.ee\/wp-content\/uploads\/2016\/10\/28.jpg 1200w, https:\/\/blog.erm.ee\/wp-content\/uploads\/2016\/10\/28-347x260.jpg 347w, https:\/\/blog.erm.ee\/wp-content\/uploads\/2016\/10\/28-300x225.jpg 300w, https:\/\/blog.erm.ee\/wp-content\/uploads\/2016\/10\/28-768x576.jpg 768w, https:\/\/blog.erm.ee\/wp-content\/uploads\/2016\/10\/28-1024x768.jpg 1024w\" sizes=\"auto, (max-width: 1200px) 100vw, 1200px\" \/><\/a><em>Pudru s\u00f6\u00f6mine, Balzjuga, 6.06.2014. Foto: Laur Vallikivi<\/em><\/p>\n<p>P\u00e4rast s\u00f6\u00f6ki tuleb viimane palve. Fridman on vahepeal Fajz\u00f5ga raha \u00fcle lugenud ja n\u00fc\u00fcd tuleb rahapalve ehk \u201epalve raha peal\u201c. Fridmani asend on n\u00fc\u00fcd teistsugune: ta on palja peaga ning p\u00f5lvitab.<\/p>\n<p><a href=\"https:\/\/blog.erm.ee\/wp-content\/uploads\/2016\/10\/29.jpg\"><img loading=\"lazy\" decoding=\"async\" data-attachment-id=\"8576\" data-permalink=\"https:\/\/blog.erm.ee\/?attachment_id=8576#main\" data-orig-file=\"https:\/\/blog.erm.ee\/wp-content\/uploads\/2016\/10\/29.jpg\" data-orig-size=\"1200,900\" data-comments-opened=\"1\" data-image-meta=\"{&quot;aperture&quot;:&quot;0&quot;,&quot;credit&quot;:&quot;&quot;,&quot;camera&quot;:&quot;&quot;,&quot;caption&quot;:&quot;&quot;,&quot;created_timestamp&quot;:&quot;0&quot;,&quot;copyright&quot;:&quot;&quot;,&quot;focal_length&quot;:&quot;0&quot;,&quot;iso&quot;:&quot;0&quot;,&quot;shutter_speed&quot;:&quot;0&quot;,&quot;title&quot;:&quot;&quot;,&quot;orientation&quot;:&quot;0&quot;}\" data-image-title=\"29\" data-image-description=\"\" data-image-caption=\"\" data-large-file=\"https:\/\/blog.erm.ee\/wp-content\/uploads\/2016\/10\/29-1024x768.jpg\" class=\"alignnone size-full wp-image-8576\" src=\"https:\/\/blog.erm.ee\/wp-content\/uploads\/2016\/10\/29.jpg\" alt=\"29\" width=\"1200\" height=\"900\" srcset=\"https:\/\/blog.erm.ee\/wp-content\/uploads\/2016\/10\/29.jpg 1200w, https:\/\/blog.erm.ee\/wp-content\/uploads\/2016\/10\/29-347x260.jpg 347w, https:\/\/blog.erm.ee\/wp-content\/uploads\/2016\/10\/29-300x225.jpg 300w, https:\/\/blog.erm.ee\/wp-content\/uploads\/2016\/10\/29-768x576.jpg 768w, https:\/\/blog.erm.ee\/wp-content\/uploads\/2016\/10\/29-1024x768.jpg 1024w\" sizes=\"auto, (max-width: 1200px) 100vw, 1200px\" \/><\/a><em>Palve raha peal (d\u017euge\u0161), Balzjuga, 6.06.2014. Foto: Laur Vallikivi<\/em><\/p>\n<p>Rahvas aga p\u00f5lvitab nagu ennegi.<\/p>\n<p><a href=\"https:\/\/blog.erm.ee\/wp-content\/uploads\/2016\/10\/30.jpg\"><img loading=\"lazy\" decoding=\"async\" data-attachment-id=\"8577\" data-permalink=\"https:\/\/blog.erm.ee\/?attachment_id=8577#main\" data-orig-file=\"https:\/\/blog.erm.ee\/wp-content\/uploads\/2016\/10\/30.jpg\" data-orig-size=\"1200,900\" data-comments-opened=\"1\" data-image-meta=\"{&quot;aperture&quot;:&quot;0&quot;,&quot;credit&quot;:&quot;&quot;,&quot;camera&quot;:&quot;&quot;,&quot;caption&quot;:&quot;&quot;,&quot;created_timestamp&quot;:&quot;0&quot;,&quot;copyright&quot;:&quot;&quot;,&quot;focal_length&quot;:&quot;0&quot;,&quot;iso&quot;:&quot;0&quot;,&quot;shutter_speed&quot;:&quot;0&quot;,&quot;title&quot;:&quot;&quot;,&quot;orientation&quot;:&quot;0&quot;}\" data-image-title=\"30\" data-image-description=\"\" data-image-caption=\"\" data-large-file=\"https:\/\/blog.erm.ee\/wp-content\/uploads\/2016\/10\/30-1024x768.jpg\" class=\"alignnone size-full wp-image-8577\" src=\"https:\/\/blog.erm.ee\/wp-content\/uploads\/2016\/10\/30.jpg\" alt=\"30\" width=\"1200\" height=\"900\" srcset=\"https:\/\/blog.erm.ee\/wp-content\/uploads\/2016\/10\/30.jpg 1200w, https:\/\/blog.erm.ee\/wp-content\/uploads\/2016\/10\/30-347x260.jpg 347w, https:\/\/blog.erm.ee\/wp-content\/uploads\/2016\/10\/30-300x225.jpg 300w, https:\/\/blog.erm.ee\/wp-content\/uploads\/2016\/10\/30-768x576.jpg 768w, https:\/\/blog.erm.ee\/wp-content\/uploads\/2016\/10\/30-1024x768.jpg 1024w\" sizes=\"auto, (max-width: 1200px) 100vw, 1200px\" \/><\/a><em>Rahvas palvetab p\u00e4rast s\u00f6\u00f6ki, Balzjuga, 6.06.2014. Foto: Laur Vallikivi<\/em><\/p>\n<p><a href=\"https:\/\/blog.erm.ee\/wp-content\/uploads\/2016\/10\/31.jpg\"><img loading=\"lazy\" decoding=\"async\" data-attachment-id=\"8578\" data-permalink=\"https:\/\/blog.erm.ee\/?attachment_id=8578#main\" data-orig-file=\"https:\/\/blog.erm.ee\/wp-content\/uploads\/2016\/10\/31.jpg\" data-orig-size=\"1200,899\" data-comments-opened=\"1\" data-image-meta=\"{&quot;aperture&quot;:&quot;0&quot;,&quot;credit&quot;:&quot;&quot;,&quot;camera&quot;:&quot;&quot;,&quot;caption&quot;:&quot;&quot;,&quot;created_timestamp&quot;:&quot;0&quot;,&quot;copyright&quot;:&quot;&quot;,&quot;focal_length&quot;:&quot;0&quot;,&quot;iso&quot;:&quot;0&quot;,&quot;shutter_speed&quot;:&quot;0&quot;,&quot;title&quot;:&quot;&quot;,&quot;orientation&quot;:&quot;0&quot;}\" data-image-title=\"31\" data-image-description=\"\" data-image-caption=\"\" data-large-file=\"https:\/\/blog.erm.ee\/wp-content\/uploads\/2016\/10\/31-1024x767.jpg\" class=\"alignnone size-full wp-image-8578\" src=\"https:\/\/blog.erm.ee\/wp-content\/uploads\/2016\/10\/31.jpg\" alt=\"31\" width=\"1200\" height=\"899\" srcset=\"https:\/\/blog.erm.ee\/wp-content\/uploads\/2016\/10\/31.jpg 1200w, https:\/\/blog.erm.ee\/wp-content\/uploads\/2016\/10\/31-347x260.jpg 347w, https:\/\/blog.erm.ee\/wp-content\/uploads\/2016\/10\/31-300x225.jpg 300w, https:\/\/blog.erm.ee\/wp-content\/uploads\/2016\/10\/31-768x575.jpg 768w, https:\/\/blog.erm.ee\/wp-content\/uploads\/2016\/10\/31-1024x767.jpg 1024w\" sizes=\"auto, (max-width: 1200px) 100vw, 1200px\" \/><\/a><em>Rahvas palvetab p\u00e4rast s\u00f6\u00f6ki, Balzjuga, 6.06.2014. Foto: Laur Vallikivi<\/em><\/p>\n<p>Kui palve saab l\u00e4bi, liiguvad nad kodu poole.<\/p>\n<p><a href=\"https:\/\/blog.erm.ee\/wp-content\/uploads\/2016\/10\/32.jpg\"><img loading=\"lazy\" decoding=\"async\" data-attachment-id=\"8579\" data-permalink=\"https:\/\/blog.erm.ee\/?attachment_id=8579#main\" data-orig-file=\"https:\/\/blog.erm.ee\/wp-content\/uploads\/2016\/10\/32.jpg\" data-orig-size=\"1200,901\" data-comments-opened=\"1\" data-image-meta=\"{&quot;aperture&quot;:&quot;0&quot;,&quot;credit&quot;:&quot;&quot;,&quot;camera&quot;:&quot;&quot;,&quot;caption&quot;:&quot;&quot;,&quot;created_timestamp&quot;:&quot;0&quot;,&quot;copyright&quot;:&quot;&quot;,&quot;focal_length&quot;:&quot;0&quot;,&quot;iso&quot;:&quot;0&quot;,&quot;shutter_speed&quot;:&quot;0&quot;,&quot;title&quot;:&quot;&quot;,&quot;orientation&quot;:&quot;0&quot;}\" data-image-title=\"32\" data-image-description=\"\" data-image-caption=\"\" data-large-file=\"https:\/\/blog.erm.ee\/wp-content\/uploads\/2016\/10\/32-1024x769.jpg\" class=\"alignnone size-full wp-image-8579\" src=\"https:\/\/blog.erm.ee\/wp-content\/uploads\/2016\/10\/32.jpg\" alt=\"32\" width=\"1200\" height=\"901\" srcset=\"https:\/\/blog.erm.ee\/wp-content\/uploads\/2016\/10\/32.jpg 1200w, https:\/\/blog.erm.ee\/wp-content\/uploads\/2016\/10\/32-346x260.jpg 346w, https:\/\/blog.erm.ee\/wp-content\/uploads\/2016\/10\/32-300x225.jpg 300w, https:\/\/blog.erm.ee\/wp-content\/uploads\/2016\/10\/32-768x577.jpg 768w, https:\/\/blog.erm.ee\/wp-content\/uploads\/2016\/10\/32-1024x769.jpg 1024w\" sizes=\"auto, (max-width: 1200px) 100vw, 1200px\" \/><\/a><em>Inimesed lahkuvad, Balzjuga, 6.06.2014. Foto: Eva Toulouze<\/em><\/p>\n<p>Meeskond j\u00e4\u00e4b kohale, et k\u00f5ik \u00e4ra puhastada, katlad puhtaks pesta, tuleasemed rituaalselt kinni panna.<\/p>\n<p><a href=\"https:\/\/blog.erm.ee\/wp-content\/uploads\/2016\/10\/33.jpg\"><img loading=\"lazy\" decoding=\"async\" data-attachment-id=\"8580\" data-permalink=\"https:\/\/blog.erm.ee\/?attachment_id=8580#main\" data-orig-file=\"https:\/\/blog.erm.ee\/wp-content\/uploads\/2016\/10\/33.jpg\" data-orig-size=\"1200,900\" data-comments-opened=\"1\" data-image-meta=\"{&quot;aperture&quot;:&quot;0&quot;,&quot;credit&quot;:&quot;&quot;,&quot;camera&quot;:&quot;&quot;,&quot;caption&quot;:&quot;&quot;,&quot;created_timestamp&quot;:&quot;0&quot;,&quot;copyright&quot;:&quot;&quot;,&quot;focal_length&quot;:&quot;0&quot;,&quot;iso&quot;:&quot;0&quot;,&quot;shutter_speed&quot;:&quot;0&quot;,&quot;title&quot;:&quot;&quot;,&quot;orientation&quot;:&quot;0&quot;}\" data-image-title=\"33\" data-image-description=\"\" data-image-caption=\"\" data-large-file=\"https:\/\/blog.erm.ee\/wp-content\/uploads\/2016\/10\/33-1024x768.jpg\" class=\"alignnone size-full wp-image-8580\" src=\"https:\/\/blog.erm.ee\/wp-content\/uploads\/2016\/10\/33.jpg\" alt=\"33\" width=\"1200\" height=\"900\" srcset=\"https:\/\/blog.erm.ee\/wp-content\/uploads\/2016\/10\/33.jpg 1200w, https:\/\/blog.erm.ee\/wp-content\/uploads\/2016\/10\/33-347x260.jpg 347w, https:\/\/blog.erm.ee\/wp-content\/uploads\/2016\/10\/33-300x225.jpg 300w, https:\/\/blog.erm.ee\/wp-content\/uploads\/2016\/10\/33-768x576.jpg 768w, https:\/\/blog.erm.ee\/wp-content\/uploads\/2016\/10\/33-1024x768.jpg 1024w\" sizes=\"auto, (max-width: 1200px) 100vw, 1200px\" \/><\/a><em>Tuleaseme rituaalne kinnipanemine, Balzjuga 6.06.2014. Foto: Laur Vallikivi<\/em><\/p>\n<p>Kui \u00fclesanded on t\u00e4idetud, peab Fridman veel kord palve, aga n\u00fc\u00fcd on abilised p\u00fcsti ja kummarduvad nagu temagi iga <em>omin<\/em>\u2019i peal. Siis kustutakse viimane tuli ja pannakse pada auto peale.<\/p>\n<p><a href=\"https:\/\/blog.erm.ee\/wp-content\/uploads\/2016\/10\/34.jpg\"><img loading=\"lazy\" decoding=\"async\" data-attachment-id=\"8581\" data-permalink=\"https:\/\/blog.erm.ee\/?attachment_id=8581#main\" data-orig-file=\"https:\/\/blog.erm.ee\/wp-content\/uploads\/2016\/10\/34.jpg\" data-orig-size=\"900,1200\" data-comments-opened=\"1\" data-image-meta=\"{&quot;aperture&quot;:&quot;0&quot;,&quot;credit&quot;:&quot;&quot;,&quot;camera&quot;:&quot;&quot;,&quot;caption&quot;:&quot;&quot;,&quot;created_timestamp&quot;:&quot;0&quot;,&quot;copyright&quot;:&quot;&quot;,&quot;focal_length&quot;:&quot;0&quot;,&quot;iso&quot;:&quot;0&quot;,&quot;shutter_speed&quot;:&quot;0&quot;,&quot;title&quot;:&quot;&quot;,&quot;orientation&quot;:&quot;0&quot;}\" data-image-title=\"34\" data-image-description=\"\" data-image-caption=\"\" data-large-file=\"https:\/\/blog.erm.ee\/wp-content\/uploads\/2016\/10\/34-768x1024.jpg\" class=\"alignnone size-full wp-image-8581\" src=\"https:\/\/blog.erm.ee\/wp-content\/uploads\/2016\/10\/34.jpg\" alt=\"34\" width=\"900\" height=\"1200\" srcset=\"https:\/\/blog.erm.ee\/wp-content\/uploads\/2016\/10\/34.jpg 900w, https:\/\/blog.erm.ee\/wp-content\/uploads\/2016\/10\/34-195x260.jpg 195w, https:\/\/blog.erm.ee\/wp-content\/uploads\/2016\/10\/34-225x300.jpg 225w, https:\/\/blog.erm.ee\/wp-content\/uploads\/2016\/10\/34-768x1024.jpg 768w\" sizes=\"auto, (max-width: 900px) 100vw, 900px\" \/><\/a><em>Viimane palve abilistele, Balzjuga 6.06.2014. Foto: Laur Vallikivi<\/em><\/p>\n<p><a href=\"https:\/\/blog.erm.ee\/wp-content\/uploads\/2016\/10\/35.jpg\"><img loading=\"lazy\" decoding=\"async\" data-attachment-id=\"8582\" data-permalink=\"https:\/\/blog.erm.ee\/?attachment_id=8582#main\" data-orig-file=\"https:\/\/blog.erm.ee\/wp-content\/uploads\/2016\/10\/35.jpg\" data-orig-size=\"1200,901\" data-comments-opened=\"1\" data-image-meta=\"{&quot;aperture&quot;:&quot;0&quot;,&quot;credit&quot;:&quot;&quot;,&quot;camera&quot;:&quot;&quot;,&quot;caption&quot;:&quot;&quot;,&quot;created_timestamp&quot;:&quot;0&quot;,&quot;copyright&quot;:&quot;&quot;,&quot;focal_length&quot;:&quot;0&quot;,&quot;iso&quot;:&quot;0&quot;,&quot;shutter_speed&quot;:&quot;0&quot;,&quot;title&quot;:&quot;&quot;,&quot;orientation&quot;:&quot;0&quot;}\" data-image-title=\"35\" data-image-description=\"\" data-image-caption=\"\" data-large-file=\"https:\/\/blog.erm.ee\/wp-content\/uploads\/2016\/10\/35-1024x769.jpg\" class=\"alignnone size-full wp-image-8582\" src=\"https:\/\/blog.erm.ee\/wp-content\/uploads\/2016\/10\/35.jpg\" alt=\"35\" width=\"1200\" height=\"901\" srcset=\"https:\/\/blog.erm.ee\/wp-content\/uploads\/2016\/10\/35.jpg 1200w, https:\/\/blog.erm.ee\/wp-content\/uploads\/2016\/10\/35-346x260.jpg 346w, https:\/\/blog.erm.ee\/wp-content\/uploads\/2016\/10\/35-300x225.jpg 300w, https:\/\/blog.erm.ee\/wp-content\/uploads\/2016\/10\/35-768x577.jpg 768w, https:\/\/blog.erm.ee\/wp-content\/uploads\/2016\/10\/35-1024x769.jpg 1024w\" sizes=\"auto, (max-width: 1200px) 100vw, 1200px\" \/><\/a><em>Viimane palve abilistele, Balzjuga 6.06.2014. Foto: Laur Vallikivi<\/em><\/p>\n<p><a href=\"https:\/\/blog.erm.ee\/wp-content\/uploads\/2016\/10\/36.jpg\"><img loading=\"lazy\" decoding=\"async\" data-attachment-id=\"8583\" data-permalink=\"https:\/\/blog.erm.ee\/?attachment_id=8583#main\" data-orig-file=\"https:\/\/blog.erm.ee\/wp-content\/uploads\/2016\/10\/36.jpg\" data-orig-size=\"1200,899\" data-comments-opened=\"1\" data-image-meta=\"{&quot;aperture&quot;:&quot;0&quot;,&quot;credit&quot;:&quot;&quot;,&quot;camera&quot;:&quot;&quot;,&quot;caption&quot;:&quot;&quot;,&quot;created_timestamp&quot;:&quot;0&quot;,&quot;copyright&quot;:&quot;&quot;,&quot;focal_length&quot;:&quot;0&quot;,&quot;iso&quot;:&quot;0&quot;,&quot;shutter_speed&quot;:&quot;0&quot;,&quot;title&quot;:&quot;&quot;,&quot;orientation&quot;:&quot;0&quot;}\" data-image-title=\"36\" data-image-description=\"\" data-image-caption=\"\" data-large-file=\"https:\/\/blog.erm.ee\/wp-content\/uploads\/2016\/10\/36-1024x767.jpg\" class=\"alignnone size-full wp-image-8583\" src=\"https:\/\/blog.erm.ee\/wp-content\/uploads\/2016\/10\/36.jpg\" alt=\"36\" width=\"1200\" height=\"899\" srcset=\"https:\/\/blog.erm.ee\/wp-content\/uploads\/2016\/10\/36.jpg 1200w, https:\/\/blog.erm.ee\/wp-content\/uploads\/2016\/10\/36-347x260.jpg 347w, https:\/\/blog.erm.ee\/wp-content\/uploads\/2016\/10\/36-300x225.jpg 300w, https:\/\/blog.erm.ee\/wp-content\/uploads\/2016\/10\/36-768x575.jpg 768w, https:\/\/blog.erm.ee\/wp-content\/uploads\/2016\/10\/36-1024x767.jpg 1024w\" sizes=\"auto, (max-width: 1200px) 100vw, 1200px\" \/><\/a><em>L\u00f5pp. F\u00fc\u00fcsiline tuleaseme kustutamine. Balzjuga 6.06.2014, Foto Eva Toulouze<\/em><\/p>\n<p>See, kes ei ole saanud l\u00f5unaks p\u00fcha putru, v\u00f5ib p\u00f6\u00f6rduda Fridmani poole, kes jagab laiali k\u00f5ik, mis on alles j\u00e4\u00e4nud. Seda s\u00fc\u00fcakse veel paar p\u00e4eva, aga ettevaatust \u2013 loomadele seda ei anta, seda peavad s\u00f6\u00f6ma ainult inimesed.<\/p>\n<div class=\"fcbkbttn_buttons_block\" id=\"fcbkbttn_left\"><div class=\"fcbkbttn_like \"><fb:like href=\"https:\/\/blog.erm.ee\/?p=8542\" action=\"like\" colorscheme=\"light\" layout=\"standard\"  width=\"225px\" size=\"small\"><\/fb:like><\/div><div class=\"fb-share-button  \" data-href=\"https:\/\/blog.erm.ee\/?p=8542\" data-type=\"button\" data-size=\"small\"><\/div><\/div>","protected":false},"excerpt":{"rendered":"<p>Eva Toulouze,soome-ugri uuringute professor INALCO (Pariis), T\u00dc teadur Balzjuga k\u00fclapalvus oli esimene, kus me juunis 2014 koos Liivo Niglase ja Laur Vallikiviga osalesime. Elasime esimestest v\u00e4lit\u00f6\u00f6dest alates Balzjugas \u00fche v\u00e4ga meeldiva perenaise juures ja kohtusime seega paljude k\u00fclaelanikega, naabrite ja pererahva sugulastega. Nii et me ei olnud siis enam tundmatud v\u00f5\u00f5rad, vaid pigem omad inimesed.&hellip;<\/p>\n","protected":false},"author":1,"featured_media":8565,"comment_status":"open","ping_status":"open","sticky":false,"template":"","format":"standard","meta":{"_monsterinsights_skip_tracking":false,"_monsterinsights_sitenote_active":false,"_monsterinsights_sitenote_note":"","_monsterinsights_sitenote_category":0,"jetpack_post_was_ever_published":false,"_jetpack_newsletter_access":"","_jetpack_dont_email_post_to_subs":true,"_jetpack_newsletter_tier_id":0,"_jetpack_memberships_contains_paywalled_content":false,"_jetpack_memberships_contains_paid_content":false,"footnotes":""},"categories":[28],"tags":[],"class_list":["post-8542","post","type-post","status-publish","format-standard","has-post-thumbnail","hentry","category-soome-ugri"],"yoast_head":"<!-- This site is optimized with the Yoast SEO plugin v27.5 - https:\/\/yoast.com\/product\/yoast-seo-wordpress\/ -->\n<title>Ba\u0161kortostani udmurtide palvused 2. K\u00fclapalvus \u2013 Balzjuga - Eesti Rahva Muuseumi ajaveeb<\/title>\n<meta name=\"robots\" content=\"index, follow, max-snippet:-1, max-image-preview:large, max-video-preview:-1\" \/>\n<link rel=\"canonical\" href=\"https:\/\/blog.erm.ee\/?p=8542\" \/>\n<meta property=\"og:locale\" content=\"et_EE\" \/>\n<meta property=\"og:type\" content=\"article\" \/>\n<meta property=\"og:title\" content=\"Ba\u0161kortostani udmurtide palvused 2. K\u00fclapalvus \u2013 Balzjuga - Eesti Rahva Muuseumi ajaveeb\" \/>\n<meta property=\"og:description\" content=\"Eva Toulouze,soome-ugri uuringute professor INALCO (Pariis), T\u00dc teadur Balzjuga k\u00fclapalvus oli esimene, kus me juunis 2014 koos Liivo Niglase ja Laur Vallikiviga osalesime. Elasime esimestest v\u00e4lit\u00f6\u00f6dest alates Balzjugas \u00fche v\u00e4ga meeldiva perenaise juures ja kohtusime seega paljude k\u00fclaelanikega, naabrite ja pererahva sugulastega. Nii et me ei olnud siis enam tundmatud v\u00f5\u00f5rad, vaid pigem omad inimesed.&hellip;\" \/>\n<meta property=\"og:url\" content=\"https:\/\/blog.erm.ee\/?p=8542\" \/>\n<meta property=\"og:site_name\" content=\"Eesti Rahva Muuseumi ajaveeb\" \/>\n<meta property=\"article:published_time\" content=\"2016-10-06T05:09:21+00:00\" \/>\n<meta property=\"article:modified_time\" content=\"2016-10-06T05:16:13+00:00\" \/>\n<meta property=\"og:image\" content=\"https:\/\/blog.erm.ee\/wp-content\/uploads\/2016\/10\/18.jpg\" \/>\n\t<meta property=\"og:image:width\" content=\"1200\" \/>\n\t<meta property=\"og:image:height\" content=\"900\" \/>\n\t<meta property=\"og:image:type\" content=\"image\/jpeg\" \/>\n<meta name=\"author\" content=\"Eesti Rahva Muuseum\" \/>\n<meta name=\"twitter:card\" content=\"summary_large_image\" \/>\n<meta name=\"twitter:label1\" content=\"Written by\" \/>\n\t<meta name=\"twitter:data1\" content=\"Eesti Rahva Muuseum\" \/>\n\t<meta name=\"twitter:label2\" content=\"Est. reading time\" \/>\n\t<meta name=\"twitter:data2\" content=\"7 minutit\" \/>\n<script type=\"application\/ld+json\" class=\"yoast-schema-graph\">{\"@context\":\"https:\\\/\\\/schema.org\",\"@graph\":[{\"@type\":\"Article\",\"@id\":\"https:\\\/\\\/blog.erm.ee\\\/?p=8542#article\",\"isPartOf\":{\"@id\":\"https:\\\/\\\/blog.erm.ee\\\/?p=8542\"},\"author\":{\"name\":\"Eesti Rahva Muuseum\",\"@id\":\"https:\\\/\\\/blog.erm.ee\\\/#\\\/schema\\\/person\\\/6e98c391cb00a33e7c22a3571e062114\"},\"headline\":\"Ba\u0161kortostani udmurtide palvused 2. K\u00fclapalvus \u2013 Balzjuga\",\"datePublished\":\"2016-10-06T05:09:21+00:00\",\"dateModified\":\"2016-10-06T05:16:13+00:00\",\"mainEntityOfPage\":{\"@id\":\"https:\\\/\\\/blog.erm.ee\\\/?p=8542\"},\"wordCount\":1339,\"commentCount\":0,\"image\":{\"@id\":\"https:\\\/\\\/blog.erm.ee\\\/?p=8542#primaryimage\"},\"thumbnailUrl\":\"https:\\\/\\\/blog.erm.ee\\\/wp-content\\\/uploads\\\/2016\\\/10\\\/18.jpg\",\"articleSection\":[\"Soome-ugri\"],\"inLanguage\":\"et\",\"potentialAction\":[{\"@type\":\"CommentAction\",\"name\":\"Comment\",\"target\":[\"https:\\\/\\\/blog.erm.ee\\\/?p=8542#respond\"]}]},{\"@type\":\"WebPage\",\"@id\":\"https:\\\/\\\/blog.erm.ee\\\/?p=8542\",\"url\":\"https:\\\/\\\/blog.erm.ee\\\/?p=8542\",\"name\":\"Ba\u0161kortostani udmurtide palvused 2. K\u00fclapalvus \u2013 Balzjuga - Eesti Rahva Muuseumi ajaveeb\",\"isPartOf\":{\"@id\":\"https:\\\/\\\/blog.erm.ee\\\/#website\"},\"primaryImageOfPage\":{\"@id\":\"https:\\\/\\\/blog.erm.ee\\\/?p=8542#primaryimage\"},\"image\":{\"@id\":\"https:\\\/\\\/blog.erm.ee\\\/?p=8542#primaryimage\"},\"thumbnailUrl\":\"https:\\\/\\\/blog.erm.ee\\\/wp-content\\\/uploads\\\/2016\\\/10\\\/18.jpg\",\"datePublished\":\"2016-10-06T05:09:21+00:00\",\"dateModified\":\"2016-10-06T05:16:13+00:00\",\"author\":{\"@id\":\"https:\\\/\\\/blog.erm.ee\\\/#\\\/schema\\\/person\\\/6e98c391cb00a33e7c22a3571e062114\"},\"breadcrumb\":{\"@id\":\"https:\\\/\\\/blog.erm.ee\\\/?p=8542#breadcrumb\"},\"inLanguage\":\"et\",\"potentialAction\":[{\"@type\":\"ReadAction\",\"target\":[\"https:\\\/\\\/blog.erm.ee\\\/?p=8542\"]}]},{\"@type\":\"ImageObject\",\"inLanguage\":\"et\",\"@id\":\"https:\\\/\\\/blog.erm.ee\\\/?p=8542#primaryimage\",\"url\":\"https:\\\/\\\/blog.erm.ee\\\/wp-content\\\/uploads\\\/2016\\\/10\\\/18.jpg\",\"contentUrl\":\"https:\\\/\\\/blog.erm.ee\\\/wp-content\\\/uploads\\\/2016\\\/10\\\/18.jpg\",\"width\":1200,\"height\":900},{\"@type\":\"BreadcrumbList\",\"@id\":\"https:\\\/\\\/blog.erm.ee\\\/?p=8542#breadcrumb\",\"itemListElement\":[{\"@type\":\"ListItem\",\"position\":1,\"name\":\"Home\",\"item\":\"https:\\\/\\\/blog.erm.ee\\\/\"},{\"@type\":\"ListItem\",\"position\":2,\"name\":\"Ba\u0161kortostani udmurtide palvused 2. K\u00fclapalvus \u2013 Balzjuga\"}]},{\"@type\":\"WebSite\",\"@id\":\"https:\\\/\\\/blog.erm.ee\\\/#website\",\"url\":\"https:\\\/\\\/blog.erm.ee\\\/\",\"name\":\"Eesti Rahva Muuseumi ajaveeb\",\"description\":\"\",\"potentialAction\":[{\"@type\":\"SearchAction\",\"target\":{\"@type\":\"EntryPoint\",\"urlTemplate\":\"https:\\\/\\\/blog.erm.ee\\\/?s={search_term_string}\"},\"query-input\":{\"@type\":\"PropertyValueSpecification\",\"valueRequired\":true,\"valueName\":\"search_term_string\"}}],\"inLanguage\":\"et\"},{\"@type\":\"Person\",\"@id\":\"https:\\\/\\\/blog.erm.ee\\\/#\\\/schema\\\/person\\\/6e98c391cb00a33e7c22a3571e062114\",\"name\":\"Eesti Rahva Muuseum\",\"image\":{\"@type\":\"ImageObject\",\"inLanguage\":\"et\",\"@id\":\"https:\\\/\\\/secure.gravatar.com\\\/avatar\\\/cb6d9ad5fb49f3f7315028ce5fe60641075f2cb52b8a058ff5a985fa2d8c1da0?s=96&d=mm&r=g\",\"url\":\"https:\\\/\\\/secure.gravatar.com\\\/avatar\\\/cb6d9ad5fb49f3f7315028ce5fe60641075f2cb52b8a058ff5a985fa2d8c1da0?s=96&d=mm&r=g\",\"contentUrl\":\"https:\\\/\\\/secure.gravatar.com\\\/avatar\\\/cb6d9ad5fb49f3f7315028ce5fe60641075f2cb52b8a058ff5a985fa2d8c1da0?s=96&d=mm&r=g\",\"caption\":\"Eesti Rahva Muuseum\"},\"sameAs\":[\"http:\\\/\\\/www.erm.ee\"],\"url\":\"https:\\\/\\\/blog.erm.ee\\\/?author=1\"}]}<\/script>\n<!-- \/ Yoast SEO plugin. -->","yoast_head_json":{"title":"Ba\u0161kortostani udmurtide palvused 2. K\u00fclapalvus \u2013 Balzjuga - Eesti Rahva Muuseumi ajaveeb","robots":{"index":"index","follow":"follow","max-snippet":"max-snippet:-1","max-image-preview":"max-image-preview:large","max-video-preview":"max-video-preview:-1"},"canonical":"https:\/\/blog.erm.ee\/?p=8542","og_locale":"et_EE","og_type":"article","og_title":"Ba\u0161kortostani udmurtide palvused 2. K\u00fclapalvus \u2013 Balzjuga - Eesti Rahva Muuseumi ajaveeb","og_description":"Eva Toulouze,soome-ugri uuringute professor INALCO (Pariis), T\u00dc teadur Balzjuga k\u00fclapalvus oli esimene, kus me juunis 2014 koos Liivo Niglase ja Laur Vallikiviga osalesime. Elasime esimestest v\u00e4lit\u00f6\u00f6dest alates Balzjugas \u00fche v\u00e4ga meeldiva perenaise juures ja kohtusime seega paljude k\u00fclaelanikega, naabrite ja pererahva sugulastega. Nii et me ei olnud siis enam tundmatud v\u00f5\u00f5rad, vaid pigem omad inimesed.&hellip;","og_url":"https:\/\/blog.erm.ee\/?p=8542","og_site_name":"Eesti Rahva Muuseumi ajaveeb","article_published_time":"2016-10-06T05:09:21+00:00","article_modified_time":"2016-10-06T05:16:13+00:00","og_image":[{"width":1200,"height":900,"url":"https:\/\/blog.erm.ee\/wp-content\/uploads\/2016\/10\/18.jpg","type":"image\/jpeg"}],"author":"Eesti Rahva Muuseum","twitter_card":"summary_large_image","twitter_misc":{"Written by":"Eesti Rahva Muuseum","Est. reading time":"7 minutit"},"schema":{"@context":"https:\/\/schema.org","@graph":[{"@type":"Article","@id":"https:\/\/blog.erm.ee\/?p=8542#article","isPartOf":{"@id":"https:\/\/blog.erm.ee\/?p=8542"},"author":{"name":"Eesti Rahva Muuseum","@id":"https:\/\/blog.erm.ee\/#\/schema\/person\/6e98c391cb00a33e7c22a3571e062114"},"headline":"Ba\u0161kortostani udmurtide palvused 2. K\u00fclapalvus \u2013 Balzjuga","datePublished":"2016-10-06T05:09:21+00:00","dateModified":"2016-10-06T05:16:13+00:00","mainEntityOfPage":{"@id":"https:\/\/blog.erm.ee\/?p=8542"},"wordCount":1339,"commentCount":0,"image":{"@id":"https:\/\/blog.erm.ee\/?p=8542#primaryimage"},"thumbnailUrl":"https:\/\/blog.erm.ee\/wp-content\/uploads\/2016\/10\/18.jpg","articleSection":["Soome-ugri"],"inLanguage":"et","potentialAction":[{"@type":"CommentAction","name":"Comment","target":["https:\/\/blog.erm.ee\/?p=8542#respond"]}]},{"@type":"WebPage","@id":"https:\/\/blog.erm.ee\/?p=8542","url":"https:\/\/blog.erm.ee\/?p=8542","name":"Ba\u0161kortostani udmurtide palvused 2. K\u00fclapalvus \u2013 Balzjuga - Eesti Rahva Muuseumi ajaveeb","isPartOf":{"@id":"https:\/\/blog.erm.ee\/#website"},"primaryImageOfPage":{"@id":"https:\/\/blog.erm.ee\/?p=8542#primaryimage"},"image":{"@id":"https:\/\/blog.erm.ee\/?p=8542#primaryimage"},"thumbnailUrl":"https:\/\/blog.erm.ee\/wp-content\/uploads\/2016\/10\/18.jpg","datePublished":"2016-10-06T05:09:21+00:00","dateModified":"2016-10-06T05:16:13+00:00","author":{"@id":"https:\/\/blog.erm.ee\/#\/schema\/person\/6e98c391cb00a33e7c22a3571e062114"},"breadcrumb":{"@id":"https:\/\/blog.erm.ee\/?p=8542#breadcrumb"},"inLanguage":"et","potentialAction":[{"@type":"ReadAction","target":["https:\/\/blog.erm.ee\/?p=8542"]}]},{"@type":"ImageObject","inLanguage":"et","@id":"https:\/\/blog.erm.ee\/?p=8542#primaryimage","url":"https:\/\/blog.erm.ee\/wp-content\/uploads\/2016\/10\/18.jpg","contentUrl":"https:\/\/blog.erm.ee\/wp-content\/uploads\/2016\/10\/18.jpg","width":1200,"height":900},{"@type":"BreadcrumbList","@id":"https:\/\/blog.erm.ee\/?p=8542#breadcrumb","itemListElement":[{"@type":"ListItem","position":1,"name":"Home","item":"https:\/\/blog.erm.ee\/"},{"@type":"ListItem","position":2,"name":"Ba\u0161kortostani udmurtide palvused 2. K\u00fclapalvus \u2013 Balzjuga"}]},{"@type":"WebSite","@id":"https:\/\/blog.erm.ee\/#website","url":"https:\/\/blog.erm.ee\/","name":"Eesti Rahva Muuseumi ajaveeb","description":"","potentialAction":[{"@type":"SearchAction","target":{"@type":"EntryPoint","urlTemplate":"https:\/\/blog.erm.ee\/?s={search_term_string}"},"query-input":{"@type":"PropertyValueSpecification","valueRequired":true,"valueName":"search_term_string"}}],"inLanguage":"et"},{"@type":"Person","@id":"https:\/\/blog.erm.ee\/#\/schema\/person\/6e98c391cb00a33e7c22a3571e062114","name":"Eesti Rahva Muuseum","image":{"@type":"ImageObject","inLanguage":"et","@id":"https:\/\/secure.gravatar.com\/avatar\/cb6d9ad5fb49f3f7315028ce5fe60641075f2cb52b8a058ff5a985fa2d8c1da0?s=96&d=mm&r=g","url":"https:\/\/secure.gravatar.com\/avatar\/cb6d9ad5fb49f3f7315028ce5fe60641075f2cb52b8a058ff5a985fa2d8c1da0?s=96&d=mm&r=g","contentUrl":"https:\/\/secure.gravatar.com\/avatar\/cb6d9ad5fb49f3f7315028ce5fe60641075f2cb52b8a058ff5a985fa2d8c1da0?s=96&d=mm&r=g","caption":"Eesti Rahva Muuseum"},"sameAs":["http:\/\/www.erm.ee"],"url":"https:\/\/blog.erm.ee\/?author=1"}]}},"jetpack_featured_media_url":"https:\/\/blog.erm.ee\/wp-content\/uploads\/2016\/10\/18.jpg","jetpack_shortlink":"https:\/\/wp.me\/p2l9Zd-2dM","jetpack_sharing_enabled":true,"jetpack_likes_enabled":true,"_links":{"self":[{"href":"https:\/\/blog.erm.ee\/index.php?rest_route=\/wp\/v2\/posts\/8542","targetHints":{"allow":["GET"]}}],"collection":[{"href":"https:\/\/blog.erm.ee\/index.php?rest_route=\/wp\/v2\/posts"}],"about":[{"href":"https:\/\/blog.erm.ee\/index.php?rest_route=\/wp\/v2\/types\/post"}],"author":[{"embeddable":true,"href":"https:\/\/blog.erm.ee\/index.php?rest_route=\/wp\/v2\/users\/1"}],"replies":[{"embeddable":true,"href":"https:\/\/blog.erm.ee\/index.php?rest_route=%2Fwp%2Fv2%2Fcomments&post=8542"}],"version-history":[{"count":7,"href":"https:\/\/blog.erm.ee\/index.php?rest_route=\/wp\/v2\/posts\/8542\/revisions"}],"predecessor-version":[{"id":8619,"href":"https:\/\/blog.erm.ee\/index.php?rest_route=\/wp\/v2\/posts\/8542\/revisions\/8619"}],"wp:featuredmedia":[{"embeddable":true,"href":"https:\/\/blog.erm.ee\/index.php?rest_route=\/wp\/v2\/media\/8565"}],"wp:attachment":[{"href":"https:\/\/blog.erm.ee\/index.php?rest_route=%2Fwp%2Fv2%2Fmedia&parent=8542"}],"wp:term":[{"taxonomy":"category","embeddable":true,"href":"https:\/\/blog.erm.ee\/index.php?rest_route=%2Fwp%2Fv2%2Fcategories&post=8542"},{"taxonomy":"post_tag","embeddable":true,"href":"https:\/\/blog.erm.ee\/index.php?rest_route=%2Fwp%2Fv2%2Ftags&post=8542"}],"curies":[{"name":"wp","href":"https:\/\/api.w.org\/{rel}","templated":true}]}}