{"id":8501,"date":"2016-09-27T09:40:00","date_gmt":"2016-09-27T06:40:00","guid":{"rendered":"http:\/\/blog.erm.ee\/?p=8501"},"modified":"2016-09-27T10:32:45","modified_gmt":"2016-09-27T07:32:45","slug":"kuidas-ermis-pusinaitustele-giide-koolitati","status":"publish","type":"post","link":"https:\/\/blog.erm.ee\/?p=8501","title":{"rendered":"Kuidas ERMis p\u00fcsin\u00e4itustele giide koolitati"},"content":{"rendered":"<div class=\"fcbkbttn_buttons_block\" id=\"fcbkbttn_left\"><div class=\"fcbkbttn_like \"><fb:like href=\"https:\/\/blog.erm.ee\/?p=8501\" action=\"like\" colorscheme=\"light\" layout=\"standard\"  width=\"225px\" size=\"small\"><\/fb:like><\/div><div class=\"fb-share-button  \" data-href=\"https:\/\/blog.erm.ee\/?p=8501\" data-type=\"button\" data-size=\"small\"><\/div><\/div><p><em>Kaari Siemer, hariduskeskuse\u00a0juhataja<\/em><\/p>\n<p><strong>24. septembril 2015 saatis Eesti Rahva Muuseum v\u00e4lja pressiteate, mis algas j\u00e4rgnevalt:<\/strong><\/p>\n<p>\u201e22. septembril 2016 avab Eesti Rahva Muuseum uue maja. Uute n\u00e4ituste pindala on 6500 m<sup>2<\/sup>, mis on k\u00fcmme korda suurem kui senised n\u00e4ituste pinnad. N\u00e4ituste tutvustamiseks ootame koost\u00f6\u00f6le giide, \u00f5petajaid, \u00fcli\u00f5pilasi ja k\u00f5iki teisi huvilisi.\u201c<\/p>\n<p>Kuigi muuseumi avamiskuup\u00e4ev on n\u00fc\u00fcdseks muutunud \u2013 1. oktoobrini on j\u00e4\u00e4nud vaid m\u00f5ned p\u00e4evad, on \u00fclej\u00e4\u00e4nud info sama: uus maja, k\u00fcmme korda suurem n\u00e4itusepind kui seni ning t\u00f5en\u00e4oliselt k\u00fcmneid kordi suurem publikuhuvi. Julgesime oma helgemates unistustes loota, et p\u00fcsin\u00e4ituste giidikooli huvilisi on umbes 75 ringis, kuid tegelikkus \u00fcletas k\u00f5ik ootused. Paari n\u00e4dala jooksul pani ennast kirja ligemale 150 inimest!<\/p>\n<p>Muuseumi giidiks soovis saada nii mehi kui naisi (naiste osalusprotsent on palju suurem kui meeste oma), nii vanu kui noori (seenioritest g\u00fcmnasistideni), nii kutselisi giide, kogenud pedagooge, \u00fcli\u00f5pilasi kui teisi h\u00e4id muuseumis\u00f5pru. K\u00f5ige noorem osaleja alustas koolitust 10-p\u00e4evasena ning tegi ema s\u00fcles vapralt peaaegu kogu \u00f5ppuse kaasa.<\/p>\n<p>M\u00e4rkimist v\u00e4\u00e4rib keelte rohkus. Praegu, koolituse l\u00f5pusirgel, v\u00f5ime \u00f6elda, et kaetud on suisa \u00fcksteist v\u00f5\u00f5rkeelt: inglise, saksa, vene, soome, rootsi, leedu, l\u00e4ti, itaalia, mordva, udmurdi ja mari keeles.<\/p>\n<p><a href=\"https:\/\/blog.erm.ee\/wp-content\/uploads\/2016\/09\/giidikool1.jpg\"><img loading=\"lazy\" decoding=\"async\" data-attachment-id=\"8507\" data-permalink=\"https:\/\/blog.erm.ee\/?attachment_id=8507#main\" data-orig-file=\"https:\/\/blog.erm.ee\/wp-content\/uploads\/2016\/09\/giidikool1.jpg\" data-orig-size=\"1200,902\" data-comments-opened=\"1\" data-image-meta=\"{&quot;aperture&quot;:&quot;0&quot;,&quot;credit&quot;:&quot;&quot;,&quot;camera&quot;:&quot;&quot;,&quot;caption&quot;:&quot;&quot;,&quot;created_timestamp&quot;:&quot;1446286396&quot;,&quot;copyright&quot;:&quot;&quot;,&quot;focal_length&quot;:&quot;0&quot;,&quot;iso&quot;:&quot;0&quot;,&quot;shutter_speed&quot;:&quot;0&quot;,&quot;title&quot;:&quot;&quot;,&quot;orientation&quot;:&quot;0&quot;}\" data-image-title=\"giidikool1\" data-image-description=\"\" data-image-caption=\"\" data-large-file=\"https:\/\/blog.erm.ee\/wp-content\/uploads\/2016\/09\/giidikool1-1024x770.jpg\" class=\"alignnone size-full wp-image-8507\" src=\"https:\/\/blog.erm.ee\/wp-content\/uploads\/2016\/09\/giidikool1.jpg\" alt=\"giidikool1\" width=\"1200\" height=\"902\" srcset=\"https:\/\/blog.erm.ee\/wp-content\/uploads\/2016\/09\/giidikool1.jpg 1200w, https:\/\/blog.erm.ee\/wp-content\/uploads\/2016\/09\/giidikool1-346x260.jpg 346w, https:\/\/blog.erm.ee\/wp-content\/uploads\/2016\/09\/giidikool1-300x226.jpg 300w, https:\/\/blog.erm.ee\/wp-content\/uploads\/2016\/09\/giidikool1-768x577.jpg 768w, https:\/\/blog.erm.ee\/wp-content\/uploads\/2016\/09\/giidikool1-1024x770.jpg 1024w\" sizes=\"auto, (max-width: 1200px) 100vw, 1200px\" \/><\/a><em>Giidide koolituse esimene p\u00e4ev. Foto autor Sirje Madisson<\/em><\/p>\n<p>31. oktoobril 2015 alanud aastapikkuse koolituse eesm\u00e4rgiks oli eelk\u00f5ige v\u00e4lja koolitada p\u00e4devad giidid, kes tunnevad muuseumi ning n\u00e4itusi, nende olemust ning inimesi, kes v\u00e4ljapanekuga aastaid t\u00f6\u00f6d on teinud. Nii toimusid kord kuus \u00f5ppep\u00e4evad, kus p\u00e4eva esimesel poolel tutvustati eesti p\u00fcsin\u00e4itust \u201eKohtumised\u201c ning p\u00e4rastl\u00f5unal soome-ugri p\u00fcsin\u00e4itust \u201eUurali kaja\u201c. \u00d5ppep\u00e4evad olid pikad: alustasime kell 10 ning l\u00f5petasime \u00f5htul kell 17. K\u00f5nelejateks olid k\u00f5igi n\u00e4itusteosade kuraatorid (<em>t\u00f5elised oma ala spetsilistid, <\/em>nagu \u00f5hkasid mitmed osalejad koolituse tagasisides), kujundajad, tehniliste lahenduste loojad ja kutselised giidid.<\/p>\n<p>Kuigi p\u00e4evad olid pikad ning sisutihedad, oli koolituse meeleolu v\u00e4ga s\u00f5bralik ja meeldiv. Giidide s\u00f5nul inspireeris neid k\u00f5ige enam esinejate professionaalsus, p\u00f5hjalikkus ning p\u00fchendumus:<\/p>\n<p><em>Koolituse juures meeldis ettekandjate erudeeritus, vaimustus ja p\u00fchendumus. See nakkas ka mind, tundsin ennast ERMi oma inimesena. Ei saa salata, et kelkisin sellega ka pisut kolleegide ees. Sain palju uut teada, samuti meelde tuletada varasemaid teadmisi, mis olid aja jooksul \u00e4hmastunud. Olin sunnitud v\u00e4lja tulema kujunenud mugavustsoonist. Tore oli olla s\u00f5bralikus huvitatud \u00f5hkkonnas. K\u00f5ik kokku meenutas \u00fclikoolis k\u00e4imise aegu.<\/em><\/p>\n<p><em>K\u00f5ige meeldej\u00e4\u00e4vam esineja minu jaoks oli \u00fcks kuraatoritest, kelle teksap\u00fcksid on eksponeeritud \u201eRaudse eesriide taga\u201c n\u00e4ituseosas. Ta r\u00e4\u00e4kis v\u00e4ga isiklikult ja emotsionaalselt sellest, kuidas ta need p\u00fcksid sai ja need muuseumisse j\u00f5udsid. Oli hea n\u00e4ha, kui isiklik see side muuseumi ja kuraatori vahel oli.<\/em><\/p>\n<p>\/K\u00f5ige enam j\u00e4i meelde\/<em> vaiban\u00e4ituse kuraator. Kuigi mind isiklikult ei huvita see teema v\u00e4ga, paelus esineja kirglikkus ja entusiasm teema suhtes.<\/em><\/p>\n<p><a href=\"https:\/\/blog.erm.ee\/wp-content\/uploads\/2016\/09\/giidikool3.jpg\"><img loading=\"lazy\" decoding=\"async\" data-attachment-id=\"8509\" data-permalink=\"https:\/\/blog.erm.ee\/?attachment_id=8509#main\" data-orig-file=\"https:\/\/blog.erm.ee\/wp-content\/uploads\/2016\/09\/giidikool3.jpg\" data-orig-size=\"1200,900\" data-comments-opened=\"1\" data-image-meta=\"{&quot;aperture&quot;:&quot;0&quot;,&quot;credit&quot;:&quot;&quot;,&quot;camera&quot;:&quot;&quot;,&quot;caption&quot;:&quot;&quot;,&quot;created_timestamp&quot;:&quot;1465035797&quot;,&quot;copyright&quot;:&quot;&quot;,&quot;focal_length&quot;:&quot;0&quot;,&quot;iso&quot;:&quot;0&quot;,&quot;shutter_speed&quot;:&quot;0&quot;,&quot;title&quot;:&quot;&quot;,&quot;orientation&quot;:&quot;0&quot;}\" data-image-title=\"giidikool3\" data-image-description=\"\" data-image-caption=\"\" data-large-file=\"https:\/\/blog.erm.ee\/wp-content\/uploads\/2016\/09\/giidikool3-1024x768.jpg\" class=\"alignnone size-full wp-image-8509\" src=\"https:\/\/blog.erm.ee\/wp-content\/uploads\/2016\/09\/giidikool3.jpg\" alt=\"giidikool3\" width=\"1200\" height=\"900\" srcset=\"https:\/\/blog.erm.ee\/wp-content\/uploads\/2016\/09\/giidikool3.jpg 1200w, https:\/\/blog.erm.ee\/wp-content\/uploads\/2016\/09\/giidikool3-347x260.jpg 347w, https:\/\/blog.erm.ee\/wp-content\/uploads\/2016\/09\/giidikool3-300x225.jpg 300w, https:\/\/blog.erm.ee\/wp-content\/uploads\/2016\/09\/giidikool3-768x576.jpg 768w, https:\/\/blog.erm.ee\/wp-content\/uploads\/2016\/09\/giidikool3-1024x768.jpg 1024w\" sizes=\"auto, (max-width: 1200px) 100vw, 1200px\" \/><\/a><em>Tulevased ERMi giidid tegelussaalis. Foto autor Sirje Madisson<\/em><\/p>\n<p>Juuni alguses oli koolituse viimane \u00f5ppep\u00e4ev, mil k\u00fclastasime ERMi uut maja. K\u00f5ik see, millest kuuldud, sai n\u00fc\u00fcd selgemaks ning k\u00e4egakatsutavamaks:<\/p>\n<p><em>K\u00f5ige rohkem j\u00e4i meelde ikkagi esimene k\u00fclastus uude majja, sest siis sai f\u00fc\u00fcsiliselt katsutavaks ja n\u00e4htavaks\u00a0 k\u00f5ik, millest nii kaua r\u00e4\u00e4gitud. Maja j\u00e4ttis v\u00f5imsa ja suure mulje. Sai aru, kui palju t\u00f6\u00f6d selle nimel on tehtud aastaid.<\/em><\/p>\n<p>Sama kuu keskel toimusid kirjalikud eksamid nii eesti kui soome-ugri n\u00e4ituse kohta. Umbes sajaviiek\u00fcmnest inimesest, kes koolitusel alustasid, j\u00f5udis eksamile sadakond. Kontrollisime tulevaste giidide teadmisi l\u00e4htuvalt n\u00e4itustest: kui h\u00e4sti tuntakse nende \u00fclesehitust, kontseptsiooni ning tausta. Enamik sooritas eksami v\u00e4ga h\u00e4sti ning oli n\u00e4ha, et kevadeni vastu pidanud giididel oli j\u00e4tkuvalt s\u00e4ra silmis!<\/p>\n<p><em>Kirjalik eksam oli suurep\u00e4rane! \u00dcheski kohas ei tekkinud k\u00fcsimust, miks ma \u00fchte v\u00f5i teist teadma pean.\u00a0<\/em><\/p>\n<p><a href=\"https:\/\/blog.erm.ee\/wp-content\/uploads\/2016\/09\/Giidikool4.jpg\"><img loading=\"lazy\" decoding=\"async\" data-attachment-id=\"8510\" data-permalink=\"https:\/\/blog.erm.ee\/?attachment_id=8510#main\" data-orig-file=\"https:\/\/blog.erm.ee\/wp-content\/uploads\/2016\/09\/Giidikool4.jpg\" data-orig-size=\"1200,765\" data-comments-opened=\"1\" data-image-meta=\"{&quot;aperture&quot;:&quot;0&quot;,&quot;credit&quot;:&quot;&quot;,&quot;camera&quot;:&quot;&quot;,&quot;caption&quot;:&quot;&quot;,&quot;created_timestamp&quot;:&quot;1474735704&quot;,&quot;copyright&quot;:&quot;&quot;,&quot;focal_length&quot;:&quot;0&quot;,&quot;iso&quot;:&quot;0&quot;,&quot;shutter_speed&quot;:&quot;0&quot;,&quot;title&quot;:&quot;&quot;,&quot;orientation&quot;:&quot;0&quot;}\" data-image-title=\"giidikool4\" data-image-description=\"\" data-image-caption=\"\" data-large-file=\"https:\/\/blog.erm.ee\/wp-content\/uploads\/2016\/09\/Giidikool4-1024x653.jpg\" class=\"alignnone size-full wp-image-8510\" src=\"https:\/\/blog.erm.ee\/wp-content\/uploads\/2016\/09\/Giidikool4.jpg\" alt=\"giidikool4\" width=\"1200\" height=\"765\" srcset=\"https:\/\/blog.erm.ee\/wp-content\/uploads\/2016\/09\/Giidikool4.jpg 1200w, https:\/\/blog.erm.ee\/wp-content\/uploads\/2016\/09\/Giidikool4-408x260.jpg 408w, https:\/\/blog.erm.ee\/wp-content\/uploads\/2016\/09\/Giidikool4-300x191.jpg 300w, https:\/\/blog.erm.ee\/wp-content\/uploads\/2016\/09\/Giidikool4-768x490.jpg 768w, https:\/\/blog.erm.ee\/wp-content\/uploads\/2016\/09\/Giidikool4-1024x653.jpg 1024w\" sizes=\"auto, (max-width: 1200px) 100vw, 1200px\" \/><\/a><em>Giidide &#8220;testimine&#8221; uuel p\u00fcsin\u00e4itusel. Foto autor Kaari Siemer<\/em><\/p>\n<p>M\u00f6\u00f6dunud n\u00e4dalal j\u00f5udis koolitus l\u00f5pusirgele: toimusid esimesed tulevaste giidide n\u00e4idistuurid n\u00e4itustel, publikuks eksamikomisjon. Pingeliste p\u00e4evade l\u00f5puks said esimesed ERMi giidid atesteeritud.<\/p>\n<p>Oma tuleristsed saavad veriv\u00e4rsked ERMi giidid juba sel laup\u00e4eval, 1. oktoobril, mil uus maja k\u00fclastajatele avatakse.<\/p>\n<p><strong>\u00a0<\/strong><em>* illustreerimiseks on kasutatud koolitusel osalenute tagasiside<\/em><\/p>\n<p><strong>\u00a0<\/strong><\/p>\n<div class=\"fcbkbttn_buttons_block\" id=\"fcbkbttn_left\"><div class=\"fcbkbttn_like \"><fb:like href=\"https:\/\/blog.erm.ee\/?p=8501\" action=\"like\" colorscheme=\"light\" layout=\"standard\"  width=\"225px\" size=\"small\"><\/fb:like><\/div><div class=\"fb-share-button  \" data-href=\"https:\/\/blog.erm.ee\/?p=8501\" data-type=\"button\" data-size=\"small\"><\/div><\/div>","protected":false},"excerpt":{"rendered":"<p>Kaari Siemer, hariduskeskuse\u00a0juhataja 24. septembril 2015 saatis Eesti Rahva Muuseum v\u00e4lja pressiteate, mis algas j\u00e4rgnevalt: \u201e22. septembril 2016 avab Eesti Rahva Muuseum uue maja. Uute n\u00e4ituste pindala on 6500 m2, mis on k\u00fcmme korda suurem kui senised n\u00e4ituste pinnad. N\u00e4ituste tutvustamiseks ootame koost\u00f6\u00f6le giide, \u00f5petajaid, \u00fcli\u00f5pilasi ja k\u00f5iki teisi huvilisi.\u201c Kuigi muuseumi avamiskuup\u00e4ev on n\u00fc\u00fcdseks&hellip;<\/p>\n","protected":false},"author":1,"featured_media":8511,"comment_status":"open","ping_status":"open","sticky":false,"template":"","format":"standard","meta":{"_monsterinsights_skip_tracking":false,"_monsterinsights_sitenote_active":false,"_monsterinsights_sitenote_note":"","_monsterinsights_sitenote_category":0,"jetpack_post_was_ever_published":false,"_jetpack_newsletter_access":"","_jetpack_dont_email_post_to_subs":true,"_jetpack_newsletter_tier_id":0,"_jetpack_memberships_contains_paywalled_content":false,"_jetpack_memberships_contains_paid_content":false,"footnotes":""},"categories":[7],"tags":[],"class_list":["post-8501","post","type-post","status-publish","format-standard","has-post-thumbnail","hentry","category-naitus"],"yoast_head":"<!-- This site is optimized with the Yoast SEO plugin v27.5 - https:\/\/yoast.com\/product\/yoast-seo-wordpress\/ -->\n<title>Kuidas ERMis p\u00fcsin\u00e4itustele giide koolitati - Eesti Rahva Muuseumi ajaveeb<\/title>\n<meta name=\"robots\" content=\"index, follow, max-snippet:-1, max-image-preview:large, max-video-preview:-1\" \/>\n<link rel=\"canonical\" href=\"https:\/\/blog.erm.ee\/?p=8501\" \/>\n<meta property=\"og:locale\" content=\"et_EE\" \/>\n<meta property=\"og:type\" content=\"article\" \/>\n<meta property=\"og:title\" content=\"Kuidas ERMis p\u00fcsin\u00e4itustele giide koolitati - Eesti Rahva Muuseumi ajaveeb\" \/>\n<meta property=\"og:description\" content=\"Kaari Siemer, hariduskeskuse\u00a0juhataja 24. septembril 2015 saatis Eesti Rahva Muuseum v\u00e4lja pressiteate, mis algas j\u00e4rgnevalt: \u201e22. septembril 2016 avab Eesti Rahva Muuseum uue maja. Uute n\u00e4ituste pindala on 6500 m2, mis on k\u00fcmme korda suurem kui senised n\u00e4ituste pinnad. N\u00e4ituste tutvustamiseks ootame koost\u00f6\u00f6le giide, \u00f5petajaid, \u00fcli\u00f5pilasi ja k\u00f5iki teisi huvilisi.\u201c Kuigi muuseumi avamiskuup\u00e4ev on n\u00fc\u00fcdseks&hellip;\" \/>\n<meta property=\"og:url\" content=\"https:\/\/blog.erm.ee\/?p=8501\" \/>\n<meta property=\"og:site_name\" content=\"Eesti Rahva Muuseumi ajaveeb\" \/>\n<meta property=\"article:published_time\" content=\"2016-09-27T06:40:00+00:00\" \/>\n<meta property=\"article:modified_time\" content=\"2016-09-27T07:32:45+00:00\" \/>\n<meta property=\"og:image\" content=\"https:\/\/blog.erm.ee\/wp-content\/uploads\/2016\/09\/giidikool5.jpg\" \/>\n\t<meta property=\"og:image:width\" content=\"1200\" \/>\n\t<meta property=\"og:image:height\" content=\"900\" \/>\n\t<meta property=\"og:image:type\" content=\"image\/jpeg\" \/>\n<meta name=\"author\" content=\"Eesti Rahva Muuseum\" \/>\n<meta name=\"twitter:card\" content=\"summary_large_image\" \/>\n<meta name=\"twitter:label1\" content=\"Written by\" \/>\n\t<meta name=\"twitter:data1\" content=\"Eesti Rahva Muuseum\" \/>\n\t<meta name=\"twitter:label2\" content=\"Est. reading time\" \/>\n\t<meta name=\"twitter:data2\" content=\"4 minutit\" \/>\n<script type=\"application\/ld+json\" class=\"yoast-schema-graph\">{\"@context\":\"https:\\\/\\\/schema.org\",\"@graph\":[{\"@type\":\"Article\",\"@id\":\"https:\\\/\\\/blog.erm.ee\\\/?p=8501#article\",\"isPartOf\":{\"@id\":\"https:\\\/\\\/blog.erm.ee\\\/?p=8501\"},\"author\":{\"name\":\"Eesti Rahva Muuseum\",\"@id\":\"https:\\\/\\\/blog.erm.ee\\\/#\\\/schema\\\/person\\\/6e98c391cb00a33e7c22a3571e062114\"},\"headline\":\"Kuidas ERMis p\u00fcsin\u00e4itustele giide koolitati\",\"datePublished\":\"2016-09-27T06:40:00+00:00\",\"dateModified\":\"2016-09-27T07:32:45+00:00\",\"mainEntityOfPage\":{\"@id\":\"https:\\\/\\\/blog.erm.ee\\\/?p=8501\"},\"wordCount\":724,\"commentCount\":0,\"image\":{\"@id\":\"https:\\\/\\\/blog.erm.ee\\\/?p=8501#primaryimage\"},\"thumbnailUrl\":\"https:\\\/\\\/blog.erm.ee\\\/wp-content\\\/uploads\\\/2016\\\/09\\\/giidikool5.jpg\",\"articleSection\":[\"N\u00e4itus\"],\"inLanguage\":\"et\",\"potentialAction\":[{\"@type\":\"CommentAction\",\"name\":\"Comment\",\"target\":[\"https:\\\/\\\/blog.erm.ee\\\/?p=8501#respond\"]}]},{\"@type\":\"WebPage\",\"@id\":\"https:\\\/\\\/blog.erm.ee\\\/?p=8501\",\"url\":\"https:\\\/\\\/blog.erm.ee\\\/?p=8501\",\"name\":\"Kuidas ERMis p\u00fcsin\u00e4itustele giide koolitati - Eesti Rahva Muuseumi ajaveeb\",\"isPartOf\":{\"@id\":\"https:\\\/\\\/blog.erm.ee\\\/#website\"},\"primaryImageOfPage\":{\"@id\":\"https:\\\/\\\/blog.erm.ee\\\/?p=8501#primaryimage\"},\"image\":{\"@id\":\"https:\\\/\\\/blog.erm.ee\\\/?p=8501#primaryimage\"},\"thumbnailUrl\":\"https:\\\/\\\/blog.erm.ee\\\/wp-content\\\/uploads\\\/2016\\\/09\\\/giidikool5.jpg\",\"datePublished\":\"2016-09-27T06:40:00+00:00\",\"dateModified\":\"2016-09-27T07:32:45+00:00\",\"author\":{\"@id\":\"https:\\\/\\\/blog.erm.ee\\\/#\\\/schema\\\/person\\\/6e98c391cb00a33e7c22a3571e062114\"},\"breadcrumb\":{\"@id\":\"https:\\\/\\\/blog.erm.ee\\\/?p=8501#breadcrumb\"},\"inLanguage\":\"et\",\"potentialAction\":[{\"@type\":\"ReadAction\",\"target\":[\"https:\\\/\\\/blog.erm.ee\\\/?p=8501\"]}]},{\"@type\":\"ImageObject\",\"inLanguage\":\"et\",\"@id\":\"https:\\\/\\\/blog.erm.ee\\\/?p=8501#primaryimage\",\"url\":\"https:\\\/\\\/blog.erm.ee\\\/wp-content\\\/uploads\\\/2016\\\/09\\\/giidikool5.jpg\",\"contentUrl\":\"https:\\\/\\\/blog.erm.ee\\\/wp-content\\\/uploads\\\/2016\\\/09\\\/giidikool5.jpg\",\"width\":1200,\"height\":900},{\"@type\":\"BreadcrumbList\",\"@id\":\"https:\\\/\\\/blog.erm.ee\\\/?p=8501#breadcrumb\",\"itemListElement\":[{\"@type\":\"ListItem\",\"position\":1,\"name\":\"Home\",\"item\":\"https:\\\/\\\/blog.erm.ee\\\/\"},{\"@type\":\"ListItem\",\"position\":2,\"name\":\"Kuidas ERMis p\u00fcsin\u00e4itustele giide koolitati\"}]},{\"@type\":\"WebSite\",\"@id\":\"https:\\\/\\\/blog.erm.ee\\\/#website\",\"url\":\"https:\\\/\\\/blog.erm.ee\\\/\",\"name\":\"Eesti Rahva Muuseumi ajaveeb\",\"description\":\"\",\"potentialAction\":[{\"@type\":\"SearchAction\",\"target\":{\"@type\":\"EntryPoint\",\"urlTemplate\":\"https:\\\/\\\/blog.erm.ee\\\/?s={search_term_string}\"},\"query-input\":{\"@type\":\"PropertyValueSpecification\",\"valueRequired\":true,\"valueName\":\"search_term_string\"}}],\"inLanguage\":\"et\"},{\"@type\":\"Person\",\"@id\":\"https:\\\/\\\/blog.erm.ee\\\/#\\\/schema\\\/person\\\/6e98c391cb00a33e7c22a3571e062114\",\"name\":\"Eesti Rahva Muuseum\",\"image\":{\"@type\":\"ImageObject\",\"inLanguage\":\"et\",\"@id\":\"https:\\\/\\\/secure.gravatar.com\\\/avatar\\\/cb6d9ad5fb49f3f7315028ce5fe60641075f2cb52b8a058ff5a985fa2d8c1da0?s=96&d=mm&r=g\",\"url\":\"https:\\\/\\\/secure.gravatar.com\\\/avatar\\\/cb6d9ad5fb49f3f7315028ce5fe60641075f2cb52b8a058ff5a985fa2d8c1da0?s=96&d=mm&r=g\",\"contentUrl\":\"https:\\\/\\\/secure.gravatar.com\\\/avatar\\\/cb6d9ad5fb49f3f7315028ce5fe60641075f2cb52b8a058ff5a985fa2d8c1da0?s=96&d=mm&r=g\",\"caption\":\"Eesti Rahva Muuseum\"},\"sameAs\":[\"http:\\\/\\\/www.erm.ee\"],\"url\":\"https:\\\/\\\/blog.erm.ee\\\/?author=1\"}]}<\/script>\n<!-- \/ Yoast SEO plugin. -->","yoast_head_json":{"title":"Kuidas ERMis p\u00fcsin\u00e4itustele giide koolitati - Eesti Rahva Muuseumi ajaveeb","robots":{"index":"index","follow":"follow","max-snippet":"max-snippet:-1","max-image-preview":"max-image-preview:large","max-video-preview":"max-video-preview:-1"},"canonical":"https:\/\/blog.erm.ee\/?p=8501","og_locale":"et_EE","og_type":"article","og_title":"Kuidas ERMis p\u00fcsin\u00e4itustele giide koolitati - Eesti Rahva Muuseumi ajaveeb","og_description":"Kaari Siemer, hariduskeskuse\u00a0juhataja 24. septembril 2015 saatis Eesti Rahva Muuseum v\u00e4lja pressiteate, mis algas j\u00e4rgnevalt: \u201e22. septembril 2016 avab Eesti Rahva Muuseum uue maja. Uute n\u00e4ituste pindala on 6500 m2, mis on k\u00fcmme korda suurem kui senised n\u00e4ituste pinnad. N\u00e4ituste tutvustamiseks ootame koost\u00f6\u00f6le giide, \u00f5petajaid, \u00fcli\u00f5pilasi ja k\u00f5iki teisi huvilisi.\u201c Kuigi muuseumi avamiskuup\u00e4ev on n\u00fc\u00fcdseks&hellip;","og_url":"https:\/\/blog.erm.ee\/?p=8501","og_site_name":"Eesti Rahva Muuseumi ajaveeb","article_published_time":"2016-09-27T06:40:00+00:00","article_modified_time":"2016-09-27T07:32:45+00:00","og_image":[{"width":1200,"height":900,"url":"https:\/\/blog.erm.ee\/wp-content\/uploads\/2016\/09\/giidikool5.jpg","type":"image\/jpeg"}],"author":"Eesti Rahva Muuseum","twitter_card":"summary_large_image","twitter_misc":{"Written by":"Eesti Rahva Muuseum","Est. reading time":"4 minutit"},"schema":{"@context":"https:\/\/schema.org","@graph":[{"@type":"Article","@id":"https:\/\/blog.erm.ee\/?p=8501#article","isPartOf":{"@id":"https:\/\/blog.erm.ee\/?p=8501"},"author":{"name":"Eesti Rahva Muuseum","@id":"https:\/\/blog.erm.ee\/#\/schema\/person\/6e98c391cb00a33e7c22a3571e062114"},"headline":"Kuidas ERMis p\u00fcsin\u00e4itustele giide koolitati","datePublished":"2016-09-27T06:40:00+00:00","dateModified":"2016-09-27T07:32:45+00:00","mainEntityOfPage":{"@id":"https:\/\/blog.erm.ee\/?p=8501"},"wordCount":724,"commentCount":0,"image":{"@id":"https:\/\/blog.erm.ee\/?p=8501#primaryimage"},"thumbnailUrl":"https:\/\/blog.erm.ee\/wp-content\/uploads\/2016\/09\/giidikool5.jpg","articleSection":["N\u00e4itus"],"inLanguage":"et","potentialAction":[{"@type":"CommentAction","name":"Comment","target":["https:\/\/blog.erm.ee\/?p=8501#respond"]}]},{"@type":"WebPage","@id":"https:\/\/blog.erm.ee\/?p=8501","url":"https:\/\/blog.erm.ee\/?p=8501","name":"Kuidas ERMis p\u00fcsin\u00e4itustele giide koolitati - Eesti Rahva Muuseumi ajaveeb","isPartOf":{"@id":"https:\/\/blog.erm.ee\/#website"},"primaryImageOfPage":{"@id":"https:\/\/blog.erm.ee\/?p=8501#primaryimage"},"image":{"@id":"https:\/\/blog.erm.ee\/?p=8501#primaryimage"},"thumbnailUrl":"https:\/\/blog.erm.ee\/wp-content\/uploads\/2016\/09\/giidikool5.jpg","datePublished":"2016-09-27T06:40:00+00:00","dateModified":"2016-09-27T07:32:45+00:00","author":{"@id":"https:\/\/blog.erm.ee\/#\/schema\/person\/6e98c391cb00a33e7c22a3571e062114"},"breadcrumb":{"@id":"https:\/\/blog.erm.ee\/?p=8501#breadcrumb"},"inLanguage":"et","potentialAction":[{"@type":"ReadAction","target":["https:\/\/blog.erm.ee\/?p=8501"]}]},{"@type":"ImageObject","inLanguage":"et","@id":"https:\/\/blog.erm.ee\/?p=8501#primaryimage","url":"https:\/\/blog.erm.ee\/wp-content\/uploads\/2016\/09\/giidikool5.jpg","contentUrl":"https:\/\/blog.erm.ee\/wp-content\/uploads\/2016\/09\/giidikool5.jpg","width":1200,"height":900},{"@type":"BreadcrumbList","@id":"https:\/\/blog.erm.ee\/?p=8501#breadcrumb","itemListElement":[{"@type":"ListItem","position":1,"name":"Home","item":"https:\/\/blog.erm.ee\/"},{"@type":"ListItem","position":2,"name":"Kuidas ERMis p\u00fcsin\u00e4itustele giide koolitati"}]},{"@type":"WebSite","@id":"https:\/\/blog.erm.ee\/#website","url":"https:\/\/blog.erm.ee\/","name":"Eesti Rahva Muuseumi ajaveeb","description":"","potentialAction":[{"@type":"SearchAction","target":{"@type":"EntryPoint","urlTemplate":"https:\/\/blog.erm.ee\/?s={search_term_string}"},"query-input":{"@type":"PropertyValueSpecification","valueRequired":true,"valueName":"search_term_string"}}],"inLanguage":"et"},{"@type":"Person","@id":"https:\/\/blog.erm.ee\/#\/schema\/person\/6e98c391cb00a33e7c22a3571e062114","name":"Eesti Rahva Muuseum","image":{"@type":"ImageObject","inLanguage":"et","@id":"https:\/\/secure.gravatar.com\/avatar\/cb6d9ad5fb49f3f7315028ce5fe60641075f2cb52b8a058ff5a985fa2d8c1da0?s=96&d=mm&r=g","url":"https:\/\/secure.gravatar.com\/avatar\/cb6d9ad5fb49f3f7315028ce5fe60641075f2cb52b8a058ff5a985fa2d8c1da0?s=96&d=mm&r=g","contentUrl":"https:\/\/secure.gravatar.com\/avatar\/cb6d9ad5fb49f3f7315028ce5fe60641075f2cb52b8a058ff5a985fa2d8c1da0?s=96&d=mm&r=g","caption":"Eesti Rahva Muuseum"},"sameAs":["http:\/\/www.erm.ee"],"url":"https:\/\/blog.erm.ee\/?author=1"}]}},"jetpack_featured_media_url":"https:\/\/blog.erm.ee\/wp-content\/uploads\/2016\/09\/giidikool5.jpg","jetpack_shortlink":"https:\/\/wp.me\/p2l9Zd-2d7","jetpack_sharing_enabled":true,"jetpack_likes_enabled":true,"_links":{"self":[{"href":"https:\/\/blog.erm.ee\/index.php?rest_route=\/wp\/v2\/posts\/8501","targetHints":{"allow":["GET"]}}],"collection":[{"href":"https:\/\/blog.erm.ee\/index.php?rest_route=\/wp\/v2\/posts"}],"about":[{"href":"https:\/\/blog.erm.ee\/index.php?rest_route=\/wp\/v2\/types\/post"}],"author":[{"embeddable":true,"href":"https:\/\/blog.erm.ee\/index.php?rest_route=\/wp\/v2\/users\/1"}],"replies":[{"embeddable":true,"href":"https:\/\/blog.erm.ee\/index.php?rest_route=%2Fwp%2Fv2%2Fcomments&post=8501"}],"version-history":[{"count":7,"href":"https:\/\/blog.erm.ee\/index.php?rest_route=\/wp\/v2\/posts\/8501\/revisions"}],"predecessor-version":[{"id":8513,"href":"https:\/\/blog.erm.ee\/index.php?rest_route=\/wp\/v2\/posts\/8501\/revisions\/8513"}],"wp:featuredmedia":[{"embeddable":true,"href":"https:\/\/blog.erm.ee\/index.php?rest_route=\/wp\/v2\/media\/8511"}],"wp:attachment":[{"href":"https:\/\/blog.erm.ee\/index.php?rest_route=%2Fwp%2Fv2%2Fmedia&parent=8501"}],"wp:term":[{"taxonomy":"category","embeddable":true,"href":"https:\/\/blog.erm.ee\/index.php?rest_route=%2Fwp%2Fv2%2Fcategories&post=8501"},{"taxonomy":"post_tag","embeddable":true,"href":"https:\/\/blog.erm.ee\/index.php?rest_route=%2Fwp%2Fv2%2Ftags&post=8501"}],"curies":[{"name":"wp","href":"https:\/\/api.w.org\/{rel}","templated":true}]}}