{"id":8425,"date":"2016-09-13T08:08:07","date_gmt":"2016-09-13T05:08:07","guid":{"rendered":"http:\/\/blog.erm.ee\/?p=8425"},"modified":"2016-09-13T08:08:07","modified_gmt":"2016-09-13T05:08:07","slug":"toetus-touseb-tasapisi","status":"publish","type":"post","link":"https:\/\/blog.erm.ee\/?p=8425","title":{"rendered":"Toetus t\u00f5useb tasapisi"},"content":{"rendered":"<div class=\"fcbkbttn_buttons_block\" id=\"fcbkbttn_left\"><div class=\"fcbkbttn_like \"><fb:like href=\"https:\/\/blog.erm.ee\/?p=8425\" action=\"like\" colorscheme=\"light\" layout=\"standard\"  width=\"225px\" size=\"small\"><\/fb:like><\/div><div class=\"fb-share-button  \" data-href=\"https:\/\/blog.erm.ee\/?p=8425\" data-type=\"button\" data-size=\"small\"><\/div><\/div><p><em>Kaarel Tarand, avalike suhete juht<\/em><\/p>\n<p>V\u00f5rreldes m\u00e4rtsis l\u00e4bi viidud arvamusk\u00fcsitlusega (vt siit: <a href=\"https:\/\/blog.erm.ee\/?p=7984\">https:\/\/blog.erm.ee\/?p=7984<\/a>) on Eesti Rahva Muuseumi tuntus Eesti elanike hulgas ootusp\u00e4raselt pisut t\u00f5usnud, nagu on kasvanud ka meediakajastuste hulk k\u00f5igis meediat\u00fc\u00fcpides. TSN Emor viis augusti l\u00f5pul ERMi tellimusel l\u00e4bi kordusk\u00fcsitluse muuseumi tuntuse ja muuseumiga seotud m\u00e4rks\u00f5nade kohta.<\/p>\n<p>Eesti Rahva Muuseumi tuntus 2016 august (k\u00fcsitlus 17.08-25.08.2016)<\/p>\n<p>Sihtr\u00fchm: 15-74 aastane elanikkond<\/p>\n<p>\u00dcldkogumi suurus: 982 231<\/p>\n<p>Valimi suurus: 567<\/p>\n<p>Ette antud valikuteta k\u00fcsimusele \u201eMilliseid suuremaid muuseume Eestis te teate?\u201c vastates nimetas ERMi 32% vastajatest, mis annab kindla teise positsiooni Eesti Kunstimuuseumi j\u00e4rel.<\/p>\n<p><a href=\"https:\/\/blog.erm.ee\/wp-content\/uploads\/2016\/09\/Capture.3JPG.jpg\"><img loading=\"lazy\" decoding=\"async\" data-attachment-id=\"8429\" data-permalink=\"https:\/\/blog.erm.ee\/?attachment_id=8429#main\" data-orig-file=\"https:\/\/blog.erm.ee\/wp-content\/uploads\/2016\/09\/Capture.3JPG.jpg\" data-orig-size=\"1200,663\" data-comments-opened=\"1\" data-image-meta=\"{&quot;aperture&quot;:&quot;0&quot;,&quot;credit&quot;:&quot;Berta Vosman&quot;,&quot;camera&quot;:&quot;&quot;,&quot;caption&quot;:&quot;&quot;,&quot;created_timestamp&quot;:&quot;1473679791&quot;,&quot;copyright&quot;:&quot;&quot;,&quot;focal_length&quot;:&quot;0&quot;,&quot;iso&quot;:&quot;0&quot;,&quot;shutter_speed&quot;:&quot;0&quot;,&quot;title&quot;:&quot;&quot;,&quot;orientation&quot;:&quot;0&quot;}\" data-image-title=\"capture-3jpg\" data-image-description=\"\" data-image-caption=\"\" data-large-file=\"https:\/\/blog.erm.ee\/wp-content\/uploads\/2016\/09\/Capture.3JPG-1024x566.jpg\" class=\"alignnone size-full wp-image-8429\" src=\"https:\/\/blog.erm.ee\/wp-content\/uploads\/2016\/09\/Capture.3JPG.jpg\" alt=\"capture-3jpg\" width=\"1200\" height=\"663\" srcset=\"https:\/\/blog.erm.ee\/wp-content\/uploads\/2016\/09\/Capture.3JPG.jpg 1200w, https:\/\/blog.erm.ee\/wp-content\/uploads\/2016\/09\/Capture.3JPG-460x254.jpg 460w, https:\/\/blog.erm.ee\/wp-content\/uploads\/2016\/09\/Capture.3JPG-300x166.jpg 300w, https:\/\/blog.erm.ee\/wp-content\/uploads\/2016\/09\/Capture.3JPG-768x424.jpg 768w, https:\/\/blog.erm.ee\/wp-content\/uploads\/2016\/09\/Capture.3JPG-1024x566.jpg 1024w\" sizes=\"auto, (max-width: 1200px) 100vw, 1200px\" \/><\/a><\/p>\n<p>Teine k\u00fcsimus \u201eKas teate v\u00f5i olete kuulnud Eesti Rahva Muuseumist?\u201c esitati vaid neile, kes esimeses vastuses ERMi ei nimetanud. Ka nii tuvastatud aidatud tuntus on pisut \u00fcle vea piiride kasvanud.<\/p>\n<p><a href=\"https:\/\/blog.erm.ee\/wp-content\/uploads\/2016\/09\/Capture4.jpg\"><img loading=\"lazy\" decoding=\"async\" data-attachment-id=\"8430\" data-permalink=\"https:\/\/blog.erm.ee\/?attachment_id=8430#main\" data-orig-file=\"https:\/\/blog.erm.ee\/wp-content\/uploads\/2016\/09\/Capture4.jpg\" data-orig-size=\"1200,1133\" data-comments-opened=\"1\" data-image-meta=\"{&quot;aperture&quot;:&quot;0&quot;,&quot;credit&quot;:&quot;Berta Vosman&quot;,&quot;camera&quot;:&quot;&quot;,&quot;caption&quot;:&quot;&quot;,&quot;created_timestamp&quot;:&quot;1473679848&quot;,&quot;copyright&quot;:&quot;&quot;,&quot;focal_length&quot;:&quot;0&quot;,&quot;iso&quot;:&quot;0&quot;,&quot;shutter_speed&quot;:&quot;0&quot;,&quot;title&quot;:&quot;&quot;,&quot;orientation&quot;:&quot;0&quot;}\" data-image-title=\"capture4\" data-image-description=\"\" data-image-caption=\"\" data-large-file=\"https:\/\/blog.erm.ee\/wp-content\/uploads\/2016\/09\/Capture4-1024x967.jpg\" class=\"alignnone size-full wp-image-8430\" src=\"https:\/\/blog.erm.ee\/wp-content\/uploads\/2016\/09\/Capture4.jpg\" alt=\"capture4\" width=\"1200\" height=\"1133\" srcset=\"https:\/\/blog.erm.ee\/wp-content\/uploads\/2016\/09\/Capture4.jpg 1200w, https:\/\/blog.erm.ee\/wp-content\/uploads\/2016\/09\/Capture4-275x260.jpg 275w, https:\/\/blog.erm.ee\/wp-content\/uploads\/2016\/09\/Capture4-300x283.jpg 300w, https:\/\/blog.erm.ee\/wp-content\/uploads\/2016\/09\/Capture4-768x725.jpg 768w, https:\/\/blog.erm.ee\/wp-content\/uploads\/2016\/09\/Capture4-1024x967.jpg 1024w\" sizes=\"auto, (max-width: 1200px) 100vw, 1200px\" \/><\/a><\/p>\n<p>Sotsiaaldemograafiliste l\u00f5igete j\u00e4rgi \u00fcldistuste tegemine oleks valimi v\u00e4iksuse t\u00f5ttu pisut ettevaatamatu, olgu valik neid n\u00e4itajaid siinkohal vaid illustratsiooniks.<\/p>\n<p><a href=\"https:\/\/blog.erm.ee\/wp-content\/uploads\/2016\/09\/Capture2.jpg\"><img loading=\"lazy\" decoding=\"async\" data-attachment-id=\"8431\" data-permalink=\"https:\/\/blog.erm.ee\/?attachment_id=8431#main\" data-orig-file=\"https:\/\/blog.erm.ee\/wp-content\/uploads\/2016\/09\/Capture2.jpg\" data-orig-size=\"1200,650\" data-comments-opened=\"1\" data-image-meta=\"{&quot;aperture&quot;:&quot;0&quot;,&quot;credit&quot;:&quot;Berta Vosman&quot;,&quot;camera&quot;:&quot;&quot;,&quot;caption&quot;:&quot;&quot;,&quot;created_timestamp&quot;:&quot;1473679675&quot;,&quot;copyright&quot;:&quot;&quot;,&quot;focal_length&quot;:&quot;0&quot;,&quot;iso&quot;:&quot;0&quot;,&quot;shutter_speed&quot;:&quot;0&quot;,&quot;title&quot;:&quot;&quot;,&quot;orientation&quot;:&quot;0&quot;}\" data-image-title=\"capture2\" data-image-description=\"\" data-image-caption=\"\" data-large-file=\"https:\/\/blog.erm.ee\/wp-content\/uploads\/2016\/09\/Capture2-1024x555.jpg\" class=\"alignnone size-full wp-image-8431\" src=\"https:\/\/blog.erm.ee\/wp-content\/uploads\/2016\/09\/Capture2.jpg\" alt=\"capture2\" width=\"1200\" height=\"650\" srcset=\"https:\/\/blog.erm.ee\/wp-content\/uploads\/2016\/09\/Capture2.jpg 1200w, https:\/\/blog.erm.ee\/wp-content\/uploads\/2016\/09\/Capture2-460x249.jpg 460w, https:\/\/blog.erm.ee\/wp-content\/uploads\/2016\/09\/Capture2-300x163.jpg 300w, https:\/\/blog.erm.ee\/wp-content\/uploads\/2016\/09\/Capture2-768x416.jpg 768w, https:\/\/blog.erm.ee\/wp-content\/uploads\/2016\/09\/Capture2-1024x555.jpg 1024w\" sizes=\"auto, (max-width: 1200px) 100vw, 1200px\" \/><\/a><\/p>\n<p>Vanuser\u00fchmiti on ERMi summaarne tuntus (spontaanne + aidatud) enim kasvanud nooremate vanuser\u00fchmade hulgas.<\/p>\n<p><a href=\"https:\/\/blog.erm.ee\/wp-content\/uploads\/2016\/09\/Capture.jpg\"><img loading=\"lazy\" decoding=\"async\" data-attachment-id=\"8432\" data-permalink=\"https:\/\/blog.erm.ee\/?attachment_id=8432#main\" data-orig-file=\"https:\/\/blog.erm.ee\/wp-content\/uploads\/2016\/09\/Capture.jpg\" data-orig-size=\"1200,621\" data-comments-opened=\"1\" data-image-meta=\"{&quot;aperture&quot;:&quot;0&quot;,&quot;credit&quot;:&quot;Berta Vosman&quot;,&quot;camera&quot;:&quot;&quot;,&quot;caption&quot;:&quot;&quot;,&quot;created_timestamp&quot;:&quot;1473679617&quot;,&quot;copyright&quot;:&quot;&quot;,&quot;focal_length&quot;:&quot;0&quot;,&quot;iso&quot;:&quot;0&quot;,&quot;shutter_speed&quot;:&quot;0&quot;,&quot;title&quot;:&quot;&quot;,&quot;orientation&quot;:&quot;0&quot;}\" data-image-title=\"capture\" data-image-description=\"\" data-image-caption=\"\" data-large-file=\"https:\/\/blog.erm.ee\/wp-content\/uploads\/2016\/09\/Capture-1024x530.jpg\" class=\"alignnone size-full wp-image-8432\" src=\"https:\/\/blog.erm.ee\/wp-content\/uploads\/2016\/09\/Capture.jpg\" alt=\"capture\" width=\"1200\" height=\"621\" srcset=\"https:\/\/blog.erm.ee\/wp-content\/uploads\/2016\/09\/Capture.jpg 1200w, https:\/\/blog.erm.ee\/wp-content\/uploads\/2016\/09\/Capture-460x238.jpg 460w, https:\/\/blog.erm.ee\/wp-content\/uploads\/2016\/09\/Capture-300x155.jpg 300w, https:\/\/blog.erm.ee\/wp-content\/uploads\/2016\/09\/Capture-768x397.jpg 768w, https:\/\/blog.erm.ee\/wp-content\/uploads\/2016\/09\/Capture-1024x530.jpg 1024w\" sizes=\"auto, (max-width: 1200px) 100vw, 1200px\" \/><\/a><\/p>\n<p>Endiselt seostab vastajate enamus ERMi m\u00e4rks\u00f5nadega ajalugu, kultuur, folkloor ja vanad asjad, samuti nimetatakse sagedasti uut hoonet ja ehitamist. Muud m\u00e4rks\u00f5nad on juhuslikud ja statistiliselt t\u00e4htsusetud.<\/p>\n<p>Inimeste kavatsused Eesti Rahva Muuseumi tema avamisj\u00e4rgse aasta jooksul k\u00fclastada ei ole arvestataval m\u00e4\u00e4ral muutunud, pigem v\u00f5i kindlalt on see plaan u 400 tuhandel Eesti elanikul vanuses 15-75 aastat.<\/p>\n<p><a href=\"https:\/\/blog.erm.ee\/wp-content\/uploads\/2016\/09\/Capture5.jpg\"><img loading=\"lazy\" decoding=\"async\" data-attachment-id=\"8433\" data-permalink=\"https:\/\/blog.erm.ee\/?attachment_id=8433#main\" data-orig-file=\"https:\/\/blog.erm.ee\/wp-content\/uploads\/2016\/09\/Capture5.jpg\" data-orig-size=\"1200,718\" data-comments-opened=\"1\" data-image-meta=\"{&quot;aperture&quot;:&quot;0&quot;,&quot;credit&quot;:&quot;Berta Vosman&quot;,&quot;camera&quot;:&quot;&quot;,&quot;caption&quot;:&quot;&quot;,&quot;created_timestamp&quot;:&quot;1473679971&quot;,&quot;copyright&quot;:&quot;&quot;,&quot;focal_length&quot;:&quot;0&quot;,&quot;iso&quot;:&quot;0&quot;,&quot;shutter_speed&quot;:&quot;0&quot;,&quot;title&quot;:&quot;&quot;,&quot;orientation&quot;:&quot;0&quot;}\" data-image-title=\"capture5\" data-image-description=\"\" data-image-caption=\"\" data-large-file=\"https:\/\/blog.erm.ee\/wp-content\/uploads\/2016\/09\/Capture5-1024x613.jpg\" class=\"alignnone size-full wp-image-8433\" src=\"https:\/\/blog.erm.ee\/wp-content\/uploads\/2016\/09\/Capture5.jpg\" alt=\"capture5\" width=\"1200\" height=\"718\" srcset=\"https:\/\/blog.erm.ee\/wp-content\/uploads\/2016\/09\/Capture5.jpg 1200w, https:\/\/blog.erm.ee\/wp-content\/uploads\/2016\/09\/Capture5-435x260.jpg 435w, https:\/\/blog.erm.ee\/wp-content\/uploads\/2016\/09\/Capture5-300x180.jpg 300w, https:\/\/blog.erm.ee\/wp-content\/uploads\/2016\/09\/Capture5-768x460.jpg 768w, https:\/\/blog.erm.ee\/wp-content\/uploads\/2016\/09\/Capture5-1024x613.jpg 1024w\" sizes=\"auto, (max-width: 1200px) 100vw, 1200px\" \/><\/a><\/p>\n<p>&nbsp;<\/p>\n<p>&nbsp;<\/p>\n<div class=\"fcbkbttn_buttons_block\" id=\"fcbkbttn_left\"><div class=\"fcbkbttn_like \"><fb:like href=\"https:\/\/blog.erm.ee\/?p=8425\" action=\"like\" colorscheme=\"light\" layout=\"standard\"  width=\"225px\" size=\"small\"><\/fb:like><\/div><div class=\"fb-share-button  \" data-href=\"https:\/\/blog.erm.ee\/?p=8425\" data-type=\"button\" data-size=\"small\"><\/div><\/div>","protected":false},"excerpt":{"rendered":"<p>Kaarel Tarand, avalike suhete juht V\u00f5rreldes m\u00e4rtsis l\u00e4bi viidud arvamusk\u00fcsitlusega (vt siit: https:\/\/blog.erm.ee\/?p=7984) on Eesti Rahva Muuseumi tuntus Eesti elanike hulgas ootusp\u00e4raselt pisut t\u00f5usnud, nagu on kasvanud ka meediakajastuste hulk k\u00f5igis meediat\u00fc\u00fcpides. TSN Emor viis augusti l\u00f5pul ERMi tellimusel l\u00e4bi kordusk\u00fcsitluse muuseumi tuntuse ja muuseumiga seotud m\u00e4rks\u00f5nade kohta. Eesti Rahva Muuseumi tuntus 2016 august (k\u00fcsitlus&hellip;<\/p>\n","protected":false},"author":1,"featured_media":8429,"comment_status":"open","ping_status":"open","sticky":false,"template":"","format":"standard","meta":{"_monsterinsights_skip_tracking":false,"_monsterinsights_sitenote_active":false,"_monsterinsights_sitenote_note":"","_monsterinsights_sitenote_category":0,"jetpack_post_was_ever_published":false,"_jetpack_newsletter_access":"","_jetpack_dont_email_post_to_subs":false,"_jetpack_newsletter_tier_id":0,"_jetpack_memberships_contains_paywalled_content":false,"_jetpack_memberships_contains_paid_content":false,"footnotes":""},"categories":[17],"tags":[],"class_list":["post-8425","post","type-post","status-publish","format-standard","has-post-thumbnail","hentry","category-uus-maja"],"yoast_head":"<!-- This site is optimized with the Yoast SEO plugin v27.5 - https:\/\/yoast.com\/product\/yoast-seo-wordpress\/ -->\n<title>Toetus t\u00f5useb tasapisi - Eesti Rahva Muuseumi ajaveeb<\/title>\n<meta name=\"robots\" content=\"index, follow, max-snippet:-1, max-image-preview:large, max-video-preview:-1\" \/>\n<link rel=\"canonical\" href=\"https:\/\/blog.erm.ee\/?p=8425\" \/>\n<meta property=\"og:locale\" content=\"et_EE\" \/>\n<meta property=\"og:type\" content=\"article\" \/>\n<meta property=\"og:title\" content=\"Toetus t\u00f5useb tasapisi - Eesti Rahva Muuseumi ajaveeb\" \/>\n<meta property=\"og:description\" content=\"Kaarel Tarand, avalike suhete juht V\u00f5rreldes m\u00e4rtsis l\u00e4bi viidud arvamusk\u00fcsitlusega (vt siit: https:\/\/blog.erm.ee\/?p=7984) on Eesti Rahva Muuseumi tuntus Eesti elanike hulgas ootusp\u00e4raselt pisut t\u00f5usnud, nagu on kasvanud ka meediakajastuste hulk k\u00f5igis meediat\u00fc\u00fcpides. TSN Emor viis augusti l\u00f5pul ERMi tellimusel l\u00e4bi kordusk\u00fcsitluse muuseumi tuntuse ja muuseumiga seotud m\u00e4rks\u00f5nade kohta. Eesti Rahva Muuseumi tuntus 2016 august (k\u00fcsitlus&hellip;\" \/>\n<meta property=\"og:url\" content=\"https:\/\/blog.erm.ee\/?p=8425\" \/>\n<meta property=\"og:site_name\" content=\"Eesti Rahva Muuseumi ajaveeb\" \/>\n<meta property=\"article:published_time\" content=\"2016-09-13T05:08:07+00:00\" \/>\n<meta property=\"og:image\" content=\"https:\/\/blog.erm.ee\/wp-content\/uploads\/2016\/09\/Capture.3JPG.jpg\" \/>\n\t<meta property=\"og:image:width\" content=\"1200\" \/>\n\t<meta property=\"og:image:height\" content=\"663\" \/>\n\t<meta property=\"og:image:type\" content=\"image\/jpeg\" \/>\n<meta name=\"author\" content=\"Eesti Rahva Muuseum\" \/>\n<meta name=\"twitter:card\" content=\"summary_large_image\" \/>\n<meta name=\"twitter:label1\" content=\"Written by\" \/>\n\t<meta name=\"twitter:data1\" content=\"Eesti Rahva Muuseum\" \/>\n\t<meta name=\"twitter:label2\" content=\"Est. reading time\" \/>\n\t<meta name=\"twitter:data2\" content=\"1 minut\" \/>\n<script type=\"application\/ld+json\" class=\"yoast-schema-graph\">{\"@context\":\"https:\\\/\\\/schema.org\",\"@graph\":[{\"@type\":\"Article\",\"@id\":\"https:\\\/\\\/blog.erm.ee\\\/?p=8425#article\",\"isPartOf\":{\"@id\":\"https:\\\/\\\/blog.erm.ee\\\/?p=8425\"},\"author\":{\"name\":\"Eesti Rahva Muuseum\",\"@id\":\"https:\\\/\\\/blog.erm.ee\\\/#\\\/schema\\\/person\\\/6e98c391cb00a33e7c22a3571e062114\"},\"headline\":\"Toetus t\u00f5useb tasapisi\",\"datePublished\":\"2016-09-13T05:08:07+00:00\",\"mainEntityOfPage\":{\"@id\":\"https:\\\/\\\/blog.erm.ee\\\/?p=8425\"},\"wordCount\":244,\"commentCount\":0,\"image\":{\"@id\":\"https:\\\/\\\/blog.erm.ee\\\/?p=8425#primaryimage\"},\"thumbnailUrl\":\"https:\\\/\\\/blog.erm.ee\\\/wp-content\\\/uploads\\\/2016\\\/09\\\/Capture.3JPG.jpg\",\"articleSection\":[\"Uus maja\"],\"inLanguage\":\"et\",\"potentialAction\":[{\"@type\":\"CommentAction\",\"name\":\"Comment\",\"target\":[\"https:\\\/\\\/blog.erm.ee\\\/?p=8425#respond\"]}]},{\"@type\":\"WebPage\",\"@id\":\"https:\\\/\\\/blog.erm.ee\\\/?p=8425\",\"url\":\"https:\\\/\\\/blog.erm.ee\\\/?p=8425\",\"name\":\"Toetus t\u00f5useb tasapisi - Eesti Rahva Muuseumi ajaveeb\",\"isPartOf\":{\"@id\":\"https:\\\/\\\/blog.erm.ee\\\/#website\"},\"primaryImageOfPage\":{\"@id\":\"https:\\\/\\\/blog.erm.ee\\\/?p=8425#primaryimage\"},\"image\":{\"@id\":\"https:\\\/\\\/blog.erm.ee\\\/?p=8425#primaryimage\"},\"thumbnailUrl\":\"https:\\\/\\\/blog.erm.ee\\\/wp-content\\\/uploads\\\/2016\\\/09\\\/Capture.3JPG.jpg\",\"datePublished\":\"2016-09-13T05:08:07+00:00\",\"author\":{\"@id\":\"https:\\\/\\\/blog.erm.ee\\\/#\\\/schema\\\/person\\\/6e98c391cb00a33e7c22a3571e062114\"},\"breadcrumb\":{\"@id\":\"https:\\\/\\\/blog.erm.ee\\\/?p=8425#breadcrumb\"},\"inLanguage\":\"et\",\"potentialAction\":[{\"@type\":\"ReadAction\",\"target\":[\"https:\\\/\\\/blog.erm.ee\\\/?p=8425\"]}]},{\"@type\":\"ImageObject\",\"inLanguage\":\"et\",\"@id\":\"https:\\\/\\\/blog.erm.ee\\\/?p=8425#primaryimage\",\"url\":\"https:\\\/\\\/blog.erm.ee\\\/wp-content\\\/uploads\\\/2016\\\/09\\\/Capture.3JPG.jpg\",\"contentUrl\":\"https:\\\/\\\/blog.erm.ee\\\/wp-content\\\/uploads\\\/2016\\\/09\\\/Capture.3JPG.jpg\",\"width\":1200,\"height\":663},{\"@type\":\"BreadcrumbList\",\"@id\":\"https:\\\/\\\/blog.erm.ee\\\/?p=8425#breadcrumb\",\"itemListElement\":[{\"@type\":\"ListItem\",\"position\":1,\"name\":\"Home\",\"item\":\"https:\\\/\\\/blog.erm.ee\\\/\"},{\"@type\":\"ListItem\",\"position\":2,\"name\":\"Toetus t\u00f5useb tasapisi\"}]},{\"@type\":\"WebSite\",\"@id\":\"https:\\\/\\\/blog.erm.ee\\\/#website\",\"url\":\"https:\\\/\\\/blog.erm.ee\\\/\",\"name\":\"Eesti Rahva Muuseumi ajaveeb\",\"description\":\"\",\"potentialAction\":[{\"@type\":\"SearchAction\",\"target\":{\"@type\":\"EntryPoint\",\"urlTemplate\":\"https:\\\/\\\/blog.erm.ee\\\/?s={search_term_string}\"},\"query-input\":{\"@type\":\"PropertyValueSpecification\",\"valueRequired\":true,\"valueName\":\"search_term_string\"}}],\"inLanguage\":\"et\"},{\"@type\":\"Person\",\"@id\":\"https:\\\/\\\/blog.erm.ee\\\/#\\\/schema\\\/person\\\/6e98c391cb00a33e7c22a3571e062114\",\"name\":\"Eesti Rahva Muuseum\",\"image\":{\"@type\":\"ImageObject\",\"inLanguage\":\"et\",\"@id\":\"https:\\\/\\\/secure.gravatar.com\\\/avatar\\\/cb6d9ad5fb49f3f7315028ce5fe60641075f2cb52b8a058ff5a985fa2d8c1da0?s=96&d=mm&r=g\",\"url\":\"https:\\\/\\\/secure.gravatar.com\\\/avatar\\\/cb6d9ad5fb49f3f7315028ce5fe60641075f2cb52b8a058ff5a985fa2d8c1da0?s=96&d=mm&r=g\",\"contentUrl\":\"https:\\\/\\\/secure.gravatar.com\\\/avatar\\\/cb6d9ad5fb49f3f7315028ce5fe60641075f2cb52b8a058ff5a985fa2d8c1da0?s=96&d=mm&r=g\",\"caption\":\"Eesti Rahva Muuseum\"},\"sameAs\":[\"http:\\\/\\\/www.erm.ee\"],\"url\":\"https:\\\/\\\/blog.erm.ee\\\/?author=1\"}]}<\/script>\n<!-- \/ Yoast SEO plugin. -->","yoast_head_json":{"title":"Toetus t\u00f5useb tasapisi - Eesti Rahva Muuseumi ajaveeb","robots":{"index":"index","follow":"follow","max-snippet":"max-snippet:-1","max-image-preview":"max-image-preview:large","max-video-preview":"max-video-preview:-1"},"canonical":"https:\/\/blog.erm.ee\/?p=8425","og_locale":"et_EE","og_type":"article","og_title":"Toetus t\u00f5useb tasapisi - Eesti Rahva Muuseumi ajaveeb","og_description":"Kaarel Tarand, avalike suhete juht V\u00f5rreldes m\u00e4rtsis l\u00e4bi viidud arvamusk\u00fcsitlusega (vt siit: https:\/\/blog.erm.ee\/?p=7984) on Eesti Rahva Muuseumi tuntus Eesti elanike hulgas ootusp\u00e4raselt pisut t\u00f5usnud, nagu on kasvanud ka meediakajastuste hulk k\u00f5igis meediat\u00fc\u00fcpides. TSN Emor viis augusti l\u00f5pul ERMi tellimusel l\u00e4bi kordusk\u00fcsitluse muuseumi tuntuse ja muuseumiga seotud m\u00e4rks\u00f5nade kohta. Eesti Rahva Muuseumi tuntus 2016 august (k\u00fcsitlus&hellip;","og_url":"https:\/\/blog.erm.ee\/?p=8425","og_site_name":"Eesti Rahva Muuseumi ajaveeb","article_published_time":"2016-09-13T05:08:07+00:00","og_image":[{"width":1200,"height":663,"url":"https:\/\/blog.erm.ee\/wp-content\/uploads\/2016\/09\/Capture.3JPG.jpg","type":"image\/jpeg"}],"author":"Eesti Rahva Muuseum","twitter_card":"summary_large_image","twitter_misc":{"Written by":"Eesti Rahva Muuseum","Est. reading time":"1 minut"},"schema":{"@context":"https:\/\/schema.org","@graph":[{"@type":"Article","@id":"https:\/\/blog.erm.ee\/?p=8425#article","isPartOf":{"@id":"https:\/\/blog.erm.ee\/?p=8425"},"author":{"name":"Eesti Rahva Muuseum","@id":"https:\/\/blog.erm.ee\/#\/schema\/person\/6e98c391cb00a33e7c22a3571e062114"},"headline":"Toetus t\u00f5useb tasapisi","datePublished":"2016-09-13T05:08:07+00:00","mainEntityOfPage":{"@id":"https:\/\/blog.erm.ee\/?p=8425"},"wordCount":244,"commentCount":0,"image":{"@id":"https:\/\/blog.erm.ee\/?p=8425#primaryimage"},"thumbnailUrl":"https:\/\/blog.erm.ee\/wp-content\/uploads\/2016\/09\/Capture.3JPG.jpg","articleSection":["Uus maja"],"inLanguage":"et","potentialAction":[{"@type":"CommentAction","name":"Comment","target":["https:\/\/blog.erm.ee\/?p=8425#respond"]}]},{"@type":"WebPage","@id":"https:\/\/blog.erm.ee\/?p=8425","url":"https:\/\/blog.erm.ee\/?p=8425","name":"Toetus t\u00f5useb tasapisi - Eesti Rahva Muuseumi ajaveeb","isPartOf":{"@id":"https:\/\/blog.erm.ee\/#website"},"primaryImageOfPage":{"@id":"https:\/\/blog.erm.ee\/?p=8425#primaryimage"},"image":{"@id":"https:\/\/blog.erm.ee\/?p=8425#primaryimage"},"thumbnailUrl":"https:\/\/blog.erm.ee\/wp-content\/uploads\/2016\/09\/Capture.3JPG.jpg","datePublished":"2016-09-13T05:08:07+00:00","author":{"@id":"https:\/\/blog.erm.ee\/#\/schema\/person\/6e98c391cb00a33e7c22a3571e062114"},"breadcrumb":{"@id":"https:\/\/blog.erm.ee\/?p=8425#breadcrumb"},"inLanguage":"et","potentialAction":[{"@type":"ReadAction","target":["https:\/\/blog.erm.ee\/?p=8425"]}]},{"@type":"ImageObject","inLanguage":"et","@id":"https:\/\/blog.erm.ee\/?p=8425#primaryimage","url":"https:\/\/blog.erm.ee\/wp-content\/uploads\/2016\/09\/Capture.3JPG.jpg","contentUrl":"https:\/\/blog.erm.ee\/wp-content\/uploads\/2016\/09\/Capture.3JPG.jpg","width":1200,"height":663},{"@type":"BreadcrumbList","@id":"https:\/\/blog.erm.ee\/?p=8425#breadcrumb","itemListElement":[{"@type":"ListItem","position":1,"name":"Home","item":"https:\/\/blog.erm.ee\/"},{"@type":"ListItem","position":2,"name":"Toetus t\u00f5useb tasapisi"}]},{"@type":"WebSite","@id":"https:\/\/blog.erm.ee\/#website","url":"https:\/\/blog.erm.ee\/","name":"Eesti Rahva Muuseumi ajaveeb","description":"","potentialAction":[{"@type":"SearchAction","target":{"@type":"EntryPoint","urlTemplate":"https:\/\/blog.erm.ee\/?s={search_term_string}"},"query-input":{"@type":"PropertyValueSpecification","valueRequired":true,"valueName":"search_term_string"}}],"inLanguage":"et"},{"@type":"Person","@id":"https:\/\/blog.erm.ee\/#\/schema\/person\/6e98c391cb00a33e7c22a3571e062114","name":"Eesti Rahva Muuseum","image":{"@type":"ImageObject","inLanguage":"et","@id":"https:\/\/secure.gravatar.com\/avatar\/cb6d9ad5fb49f3f7315028ce5fe60641075f2cb52b8a058ff5a985fa2d8c1da0?s=96&d=mm&r=g","url":"https:\/\/secure.gravatar.com\/avatar\/cb6d9ad5fb49f3f7315028ce5fe60641075f2cb52b8a058ff5a985fa2d8c1da0?s=96&d=mm&r=g","contentUrl":"https:\/\/secure.gravatar.com\/avatar\/cb6d9ad5fb49f3f7315028ce5fe60641075f2cb52b8a058ff5a985fa2d8c1da0?s=96&d=mm&r=g","caption":"Eesti Rahva Muuseum"},"sameAs":["http:\/\/www.erm.ee"],"url":"https:\/\/blog.erm.ee\/?author=1"}]}},"jetpack_featured_media_url":"https:\/\/blog.erm.ee\/wp-content\/uploads\/2016\/09\/Capture.3JPG.jpg","jetpack_shortlink":"https:\/\/wp.me\/p2l9Zd-2bT","jetpack_sharing_enabled":true,"jetpack_likes_enabled":true,"_links":{"self":[{"href":"https:\/\/blog.erm.ee\/index.php?rest_route=\/wp\/v2\/posts\/8425","targetHints":{"allow":["GET"]}}],"collection":[{"href":"https:\/\/blog.erm.ee\/index.php?rest_route=\/wp\/v2\/posts"}],"about":[{"href":"https:\/\/blog.erm.ee\/index.php?rest_route=\/wp\/v2\/types\/post"}],"author":[{"embeddable":true,"href":"https:\/\/blog.erm.ee\/index.php?rest_route=\/wp\/v2\/users\/1"}],"replies":[{"embeddable":true,"href":"https:\/\/blog.erm.ee\/index.php?rest_route=%2Fwp%2Fv2%2Fcomments&post=8425"}],"version-history":[{"count":4,"href":"https:\/\/blog.erm.ee\/index.php?rest_route=\/wp\/v2\/posts\/8425\/revisions"}],"predecessor-version":[{"id":8434,"href":"https:\/\/blog.erm.ee\/index.php?rest_route=\/wp\/v2\/posts\/8425\/revisions\/8434"}],"wp:featuredmedia":[{"embeddable":true,"href":"https:\/\/blog.erm.ee\/index.php?rest_route=\/wp\/v2\/media\/8429"}],"wp:attachment":[{"href":"https:\/\/blog.erm.ee\/index.php?rest_route=%2Fwp%2Fv2%2Fmedia&parent=8425"}],"wp:term":[{"taxonomy":"category","embeddable":true,"href":"https:\/\/blog.erm.ee\/index.php?rest_route=%2Fwp%2Fv2%2Fcategories&post=8425"},{"taxonomy":"post_tag","embeddable":true,"href":"https:\/\/blog.erm.ee\/index.php?rest_route=%2Fwp%2Fv2%2Ftags&post=8425"}],"curies":[{"name":"wp","href":"https:\/\/api.w.org\/{rel}","templated":true}]}}