{"id":8372,"date":"2016-09-06T06:12:42","date_gmt":"2016-09-06T03:12:42","guid":{"rendered":"http:\/\/blog.erm.ee\/?p=8372"},"modified":"2016-09-06T11:47:40","modified_gmt":"2016-09-06T08:47:40","slug":"uulitsast-promenaadiks-vaateid-roosi-tanavalt","status":"publish","type":"post","link":"https:\/\/blog.erm.ee\/?p=8372","title":{"rendered":"Uulitsast promenaadiks &#8211; vaateid Roosi t\u00e4navalt"},"content":{"rendered":"<div class=\"fcbkbttn_buttons_block\" id=\"fcbkbttn_left\"><div class=\"fcbkbttn_like \"><fb:like href=\"https:\/\/blog.erm.ee\/?p=8372\" action=\"like\" colorscheme=\"light\" layout=\"standard\"  width=\"225px\" size=\"small\"><\/fb:like><\/div><div class=\"fb-share-button  \" data-href=\"https:\/\/blog.erm.ee\/?p=8372\" data-type=\"button\" data-size=\"small\"><\/div><\/div><p><em>Tiina Tael, peaarhivaar<\/em><\/p>\n<p>Roosi t\u00e4nav on k\u00f5ige otsem tee, mis kesklinnast uue Eesti Rahva Muuseumini viib. Viimaste aastatega on tee tublisti muutunud: Jaama t\u00e4nava ja Muuseumi tee vahelisel l\u00f5igul on n\u00fc\u00fcd jalak\u00e4ijate promenaad ning muuseumi avamiseks n\u00e4ib kogu t\u00e4nav saavat uhke v\u00e4ljan\u00e4gemise, mis p\u00e4\u00e4dib tee l\u00f5pus t\u00e4navanimele kohaselt suure roosiv\u00e4ljaga muuseumi ees. T\u00f5en\u00e4oliselt muutub see paik l\u00e4hiaastatel veelgi, eriti t\u00e4nava \u00e4\u00e4rde j\u00e4\u00e4vate hoonete ja haljasalade osas.<\/p>\n<p>ERMi fotokogus on 89 fotot Roosi t\u00e4navast, enamik aastatest 1984\u20131990 Harry Duglase pildistatuna, ent on ka pilte l\u00e4inud sajandi algusest ning kunstikogust leiame m\u00f5ned joonised sajand varasemastki ajast. Seekordses blogiloos tutvustame vanimaid t\u00e4navavaateid.<\/p>\n<p><a href=\"https:\/\/blog.erm.ee\/wp-content\/uploads\/2016\/09\/073675_ERM_K_2301.jpg\"><img loading=\"lazy\" decoding=\"async\" data-attachment-id=\"8373\" data-permalink=\"https:\/\/blog.erm.ee\/?attachment_id=8373#main\" data-orig-file=\"https:\/\/blog.erm.ee\/wp-content\/uploads\/2016\/09\/073675_ERM_K_2301.jpg\" data-orig-size=\"1200,637\" data-comments-opened=\"1\" data-image-meta=\"{&quot;aperture&quot;:&quot;0&quot;,&quot;credit&quot;:&quot;&quot;,&quot;camera&quot;:&quot;&quot;,&quot;caption&quot;:&quot;&quot;,&quot;created_timestamp&quot;:&quot;0&quot;,&quot;copyright&quot;:&quot;\\u00a9 Eesti Rahva Muuseum&quot;,&quot;focal_length&quot;:&quot;0&quot;,&quot;iso&quot;:&quot;0&quot;,&quot;shutter_speed&quot;:&quot;0&quot;,&quot;title&quot;:&quot;&quot;,&quot;orientation&quot;:&quot;0&quot;}\" data-image-title=\"073675_ERM_K_2301\" data-image-description=\"\" data-image-caption=\"\" data-large-file=\"https:\/\/blog.erm.ee\/wp-content\/uploads\/2016\/09\/073675_ERM_K_2301-1024x544.jpg\" class=\"alignnone size-full wp-image-8373\" src=\"https:\/\/blog.erm.ee\/wp-content\/uploads\/2016\/09\/073675_ERM_K_2301.jpg\" alt=\"073675_ERM_K_2301\" width=\"1200\" height=\"637\" srcset=\"https:\/\/blog.erm.ee\/wp-content\/uploads\/2016\/09\/073675_ERM_K_2301.jpg 1200w, https:\/\/blog.erm.ee\/wp-content\/uploads\/2016\/09\/073675_ERM_K_2301-460x244.jpg 460w, https:\/\/blog.erm.ee\/wp-content\/uploads\/2016\/09\/073675_ERM_K_2301-300x159.jpg 300w, https:\/\/blog.erm.ee\/wp-content\/uploads\/2016\/09\/073675_ERM_K_2301-768x408.jpg 768w, https:\/\/blog.erm.ee\/wp-content\/uploads\/2016\/09\/073675_ERM_K_2301-1024x544.jpg 1024w\" sizes=\"auto, (max-width: 1200px) 100vw, 1200px\" \/><\/a><em>Tartu, vaade Roosi t\u00e4navalt Toomem\u00e4e suunas. Puul\u00f5ige. Kunstnik Hermann Eduard Hartmann. ERM K 2301<\/em><\/p>\n<p><a href=\"https:\/\/blog.erm.ee\/wp-content\/uploads\/2016\/09\/074565_ERM_K_2238.jpg\"><img loading=\"lazy\" decoding=\"async\" data-attachment-id=\"8374\" data-permalink=\"https:\/\/blog.erm.ee\/?attachment_id=8374#main\" data-orig-file=\"https:\/\/blog.erm.ee\/wp-content\/uploads\/2016\/09\/074565_ERM_K_2238.jpg\" data-orig-size=\"1200,884\" data-comments-opened=\"1\" data-image-meta=\"{&quot;aperture&quot;:&quot;0&quot;,&quot;credit&quot;:&quot;&quot;,&quot;camera&quot;:&quot;&quot;,&quot;caption&quot;:&quot;&quot;,&quot;created_timestamp&quot;:&quot;0&quot;,&quot;copyright&quot;:&quot;\\u00a9 Eesti Rahva Muuseum&quot;,&quot;focal_length&quot;:&quot;0&quot;,&quot;iso&quot;:&quot;0&quot;,&quot;shutter_speed&quot;:&quot;0&quot;,&quot;title&quot;:&quot;&quot;,&quot;orientation&quot;:&quot;0&quot;}\" data-image-title=\"074565_ERM_K_2238\" data-image-description=\"\" data-image-caption=\"\" data-large-file=\"https:\/\/blog.erm.ee\/wp-content\/uploads\/2016\/09\/074565_ERM_K_2238-1024x754.jpg\" class=\"alignnone size-full wp-image-8374\" src=\"https:\/\/blog.erm.ee\/wp-content\/uploads\/2016\/09\/074565_ERM_K_2238.jpg\" alt=\"074565_ERM_K_2238\" width=\"1200\" height=\"884\" srcset=\"https:\/\/blog.erm.ee\/wp-content\/uploads\/2016\/09\/074565_ERM_K_2238.jpg 1200w, https:\/\/blog.erm.ee\/wp-content\/uploads\/2016\/09\/074565_ERM_K_2238-353x260.jpg 353w, https:\/\/blog.erm.ee\/wp-content\/uploads\/2016\/09\/074565_ERM_K_2238-300x221.jpg 300w, https:\/\/blog.erm.ee\/wp-content\/uploads\/2016\/09\/074565_ERM_K_2238-768x566.jpg 768w, https:\/\/blog.erm.ee\/wp-content\/uploads\/2016\/09\/074565_ERM_K_2238-1024x754.jpg 1024w\" sizes=\"auto, (max-width: 1200px) 100vw, 1200px\" \/><\/a><em>Tartu, vaade Roosi t\u00e4navalt Toomem\u00e4e suunas. Litograafia. Kunstnik Georg Friedrich Schlater, 1833. ERM K 2238<\/em><\/p>\n<table style=\"height: 5px;\" width=\"584\">\n<tbody>\n<tr>\n<td>\n<table>\n<tbody>\n<tr>\n<td><\/td>\n<td><em><span style=\"background-color: #ffffff;\">\u00a0<\/span><\/em><\/td>\n<\/tr>\n<\/tbody>\n<\/table>\n<\/td>\n<td><\/td>\n<\/tr>\n<\/tbody>\n<\/table>\n<p><a href=\"https:\/\/blog.erm.ee\/wp-content\/uploads\/2016\/09\/314704_ERM_Fk_738_71.jpg\"><img loading=\"lazy\" decoding=\"async\" data-attachment-id=\"8375\" data-permalink=\"https:\/\/blog.erm.ee\/?attachment_id=8375#main\" data-orig-file=\"https:\/\/blog.erm.ee\/wp-content\/uploads\/2016\/09\/314704_ERM_Fk_738_71.jpg\" data-orig-size=\"1200,889\" data-comments-opened=\"1\" data-image-meta=\"{&quot;aperture&quot;:&quot;0&quot;,&quot;credit&quot;:&quot;&quot;,&quot;camera&quot;:&quot;&quot;,&quot;caption&quot;:&quot;&quot;,&quot;created_timestamp&quot;:&quot;0&quot;,&quot;copyright&quot;:&quot;\\u00a9 Eesti Rahva Muuseum&quot;,&quot;focal_length&quot;:&quot;0&quot;,&quot;iso&quot;:&quot;0&quot;,&quot;shutter_speed&quot;:&quot;0&quot;,&quot;title&quot;:&quot;&quot;,&quot;orientation&quot;:&quot;0&quot;}\" data-image-title=\"314704_ERM_Fk_738_71\" data-image-description=\"\" data-image-caption=\"\" data-large-file=\"https:\/\/blog.erm.ee\/wp-content\/uploads\/2016\/09\/314704_ERM_Fk_738_71-1024x759.jpg\" class=\"alignnone size-full wp-image-8375\" src=\"https:\/\/blog.erm.ee\/wp-content\/uploads\/2016\/09\/314704_ERM_Fk_738_71.jpg\" alt=\"314704_ERM_Fk_738_71\" width=\"1200\" height=\"889\" srcset=\"https:\/\/blog.erm.ee\/wp-content\/uploads\/2016\/09\/314704_ERM_Fk_738_71.jpg 1200w, https:\/\/blog.erm.ee\/wp-content\/uploads\/2016\/09\/314704_ERM_Fk_738_71-351x260.jpg 351w, https:\/\/blog.erm.ee\/wp-content\/uploads\/2016\/09\/314704_ERM_Fk_738_71-300x222.jpg 300w, https:\/\/blog.erm.ee\/wp-content\/uploads\/2016\/09\/314704_ERM_Fk_738_71-768x569.jpg 768w, https:\/\/blog.erm.ee\/wp-content\/uploads\/2016\/09\/314704_ERM_Fk_738_71-1024x759.jpg 1024w\" sizes=\"auto, (max-width: 1200px) 100vw, 1200px\" \/><\/a><em>Roosi tn 11. Foto Joseph Zmigrodsky albumist. Pildistanud t\u00f5en\u00e4oliselt Reinhold Sachker 20. sajandi alguses. ERM Fk 738:71<\/em><\/p>\n<p>J\u00e4rgmisel fotol p\u00f6\u00f6rake t\u00e4helepanu kaevule. Ka praegu on Roosi t\u00e4naval s\u00e4ilinud \u00fcks kaev, mis oli Tartu linnapildis veel 1980. aastatel kaunis tavaline. Ent praegu on see vist j\u00e4\u00e4nud ainuesindajaks ning v\u00f5imalik, et l\u00e4hiajal kaob seegi.<\/p>\n<p><a href=\"https:\/\/blog.erm.ee\/wp-content\/uploads\/2016\/09\/313648_ERM_Fk_349_318.jpg\"><img loading=\"lazy\" decoding=\"async\" data-attachment-id=\"8376\" data-permalink=\"https:\/\/blog.erm.ee\/?attachment_id=8376#main\" data-orig-file=\"https:\/\/blog.erm.ee\/wp-content\/uploads\/2016\/09\/313648_ERM_Fk_349_318.jpg\" data-orig-size=\"1200,841\" data-comments-opened=\"1\" data-image-meta=\"{&quot;aperture&quot;:&quot;0&quot;,&quot;credit&quot;:&quot;&quot;,&quot;camera&quot;:&quot;&quot;,&quot;caption&quot;:&quot;[#Beginning of Shooting Data Section]\\rNikon D70\\r\\rFocal Length: 50mm\\r\\rOptimize Image: Custom\\r\\rColor Mode: Mode II (Adobe RGB)\\r\\rNoise Reduction: OFF\\r\\r2006\/02\/13 14:48:47\\r\\rExposure Mode: Manual\\r\\rWhite Balance: Preset\\r\\rTone Comp: Normal\\r\\rJPEG (8-bit) Fine\\r\\rMetering Mode: Multi-Pattern\\r\\rAF Mode: AF-S\\r\\rHue Adjustment: 0\\u00b0\\r\\rImage Size:  Large (3008 x 2000)\\r\\r1\/30 sec - F\/13\\r\\rFlash Sync Mode: Not Attached\\r\\rSaturation:  Normal\\r\\rExposure Comp.: 0 EV\\r\\rSharpening: Auto\\r\\rLens: 50mm F\/2.8 D\\r\\rSensitivity: ISO 200\\r\\rImage Comment:                                     \\r\\r[#End of Shooting Data Section]&quot;,&quot;created_timestamp&quot;:&quot;1139842127&quot;,&quot;copyright&quot;:&quot;\\u00a9 Eesti Rahva Muuseum&quot;,&quot;focal_length&quot;:&quot;0&quot;,&quot;iso&quot;:&quot;0&quot;,&quot;shutter_speed&quot;:&quot;0&quot;,&quot;title&quot;:&quot;&quot;,&quot;orientation&quot;:&quot;0&quot;}\" data-image-title=\"313648_ERM_Fk_349_318\" data-image-description=\"\" data-image-caption=\"&lt;p&gt;[#Beginning of Shooting Data Section]&lt;br \/&gt;\nNikon D70&lt;\/p&gt;\n&lt;p&gt;Focal Length: 50mm&lt;\/p&gt;\n&lt;p&gt;Optimize Image: Custom&lt;\/p&gt;\n&lt;p&gt;Color Mode: Mode II (Adobe RGB)&lt;\/p&gt;\n&lt;p&gt;Noise Reduction: OFF&lt;\/p&gt;\n&lt;p&gt;2006\/02\/13 14:48:47&lt;\/p&gt;\n&lt;p&gt;Exposure Mode: Manual&lt;\/p&gt;\n&lt;p&gt;White Balance: Preset&lt;\/p&gt;\n&lt;p&gt;Tone Comp: Normal&lt;\/p&gt;\n&lt;p&gt;JPEG (8-bit) Fine&lt;\/p&gt;\n&lt;p&gt;Metering Mode: Multi-Pattern&lt;\/p&gt;\n&lt;p&gt;AF Mode: AF-S&lt;\/p&gt;\n&lt;p&gt;Hue Adjustment: 0\u00b0&lt;\/p&gt;\n&lt;p&gt;Image Size:  Large (3008 x 2000)&lt;\/p&gt;\n&lt;p&gt;1\/30 sec &amp;#8211; F\/13&lt;\/p&gt;\n&lt;p&gt;Flash Sync Mode: Not Attached&lt;\/p&gt;\n&lt;p&gt;Saturation:  Normal&lt;\/p&gt;\n&lt;p&gt;Exposure Comp.: 0 EV&lt;\/p&gt;\n&lt;p&gt;Sharpening: Auto&lt;\/p&gt;\n&lt;p&gt;Lens: 50mm F\/2.8 D&lt;\/p&gt;\n&lt;p&gt;Sensitivity: ISO 200&lt;\/p&gt;\n&lt;p&gt;Image Comment:                                     &lt;\/p&gt;\n&lt;p&gt;[#End of Shooting Data Section]&lt;\/p&gt;\n\" data-large-file=\"https:\/\/blog.erm.ee\/wp-content\/uploads\/2016\/09\/313648_ERM_Fk_349_318-1024x718.jpg\" class=\"size-full wp-image-8376\" src=\"https:\/\/blog.erm.ee\/wp-content\/uploads\/2016\/09\/313648_ERM_Fk_349_318.jpg\" alt=\"[#Beginning of Shooting Data Section] Nikon D70 Focal Length: 50mm Optimize Image: Custom Color Mode: Mode II (Adobe RGB) Noise Reduction: OFF 2006\/02\/13 14:48:47 Exposure Mode: Manual White Balance: Preset Tone Comp: Normal JPEG (8-bit) Fine Metering Mode: Multi-Pattern AF Mode: AF-S Hue Adjustment: 0\u00b0 Image Size: Large (3008 x 2000) 1\/30 sec - F\/13 Flash Sync Mode: Not Attached Saturation: Normal Exposure Comp.: 0 EV Sharpening: Auto Lens: 50mm F\/2.8 D Sensitivity: ISO 200 Image Comment: [#End of Shooting Data Section]\" width=\"1200\" height=\"841\" srcset=\"https:\/\/blog.erm.ee\/wp-content\/uploads\/2016\/09\/313648_ERM_Fk_349_318.jpg 1200w, https:\/\/blog.erm.ee\/wp-content\/uploads\/2016\/09\/313648_ERM_Fk_349_318-371x260.jpg 371w, https:\/\/blog.erm.ee\/wp-content\/uploads\/2016\/09\/313648_ERM_Fk_349_318-300x210.jpg 300w, https:\/\/blog.erm.ee\/wp-content\/uploads\/2016\/09\/313648_ERM_Fk_349_318-768x538.jpg 768w, https:\/\/blog.erm.ee\/wp-content\/uploads\/2016\/09\/313648_ERM_Fk_349_318-1024x718.jpg 1024w\" sizes=\"auto, (max-width: 1200px) 100vw, 1200px\" \/><\/a><em>Hoov Roosi uul. 33\u201335. Foto Johannes P\u00e4\u00e4suke, 1914. ERM Fk 349:318<\/em><\/p>\n<p><a href=\"https:\/\/blog.erm.ee\/wp-content\/uploads\/2016\/09\/313715_ERM_Fk_349_385.jpg\"><img loading=\"lazy\" decoding=\"async\" data-attachment-id=\"8377\" data-permalink=\"https:\/\/blog.erm.ee\/?attachment_id=8377#main\" data-orig-file=\"https:\/\/blog.erm.ee\/wp-content\/uploads\/2016\/09\/313715_ERM_Fk_349_385.jpg\" data-orig-size=\"852,1200\" data-comments-opened=\"1\" data-image-meta=\"{&quot;aperture&quot;:&quot;0&quot;,&quot;credit&quot;:&quot;&quot;,&quot;camera&quot;:&quot;&quot;,&quot;caption&quot;:&quot;[#Beginning of Shooting Data Section]\\rNikon D70\\r\\rFocal Length: 50mm\\r\\rOptimize Image: Custom\\r\\rColor Mode: Mode II (Adobe RGB)\\r\\rNoise Reduction: OFF\\r\\r2006\/02\/13 15:04:28.1\\r\\rExposure Mode: Manual\\r\\rWhite Balance: Preset\\r\\rTone Comp: Normal\\r\\rJPEG (8-bit) Fine\\r\\rMetering Mode: Multi-Pattern\\r\\rAF Mode: AF-S\\r\\rHue Adjustment: 0\\u00b0\\r\\rImage Size:  Large (3008 x 2000)\\r\\r1\/30 sec - F\/13\\r\\rFlash Sync Mode: Not Attached\\r\\rSaturation:  Normal\\r\\rExposure Comp.: 0 EV\\r\\rSharpening: Auto\\r\\rLens: 50mm F\/2.8 D\\r\\rSensitivity: ISO 200\\r\\rImage Comment:                                     \\r\\r[#End of Shooting Data Section]&quot;,&quot;created_timestamp&quot;:&quot;1139843068&quot;,&quot;copyright&quot;:&quot;\\u00a9 Eesti Rahva Muuseum&quot;,&quot;focal_length&quot;:&quot;0&quot;,&quot;iso&quot;:&quot;0&quot;,&quot;shutter_speed&quot;:&quot;0&quot;,&quot;title&quot;:&quot;&quot;,&quot;orientation&quot;:&quot;0&quot;}\" data-image-title=\"313715_ERM_Fk_349_385\" data-image-description=\"\" data-image-caption=\"&lt;p&gt;[#Beginning of Shooting Data Section]&lt;br \/&gt;\nNikon D70&lt;\/p&gt;\n&lt;p&gt;Focal Length: 50mm&lt;\/p&gt;\n&lt;p&gt;Optimize Image: Custom&lt;\/p&gt;\n&lt;p&gt;Color Mode: Mode II (Adobe RGB)&lt;\/p&gt;\n&lt;p&gt;Noise Reduction: OFF&lt;\/p&gt;\n&lt;p&gt;2006\/02\/13 15:04:28.1&lt;\/p&gt;\n&lt;p&gt;Exposure Mode: Manual&lt;\/p&gt;\n&lt;p&gt;White Balance: Preset&lt;\/p&gt;\n&lt;p&gt;Tone Comp: Normal&lt;\/p&gt;\n&lt;p&gt;JPEG (8-bit) Fine&lt;\/p&gt;\n&lt;p&gt;Metering Mode: Multi-Pattern&lt;\/p&gt;\n&lt;p&gt;AF Mode: AF-S&lt;\/p&gt;\n&lt;p&gt;Hue Adjustment: 0\u00b0&lt;\/p&gt;\n&lt;p&gt;Image Size:  Large (3008 x 2000)&lt;\/p&gt;\n&lt;p&gt;1\/30 sec &amp;#8211; F\/13&lt;\/p&gt;\n&lt;p&gt;Flash Sync Mode: Not Attached&lt;\/p&gt;\n&lt;p&gt;Saturation:  Normal&lt;\/p&gt;\n&lt;p&gt;Exposure Comp.: 0 EV&lt;\/p&gt;\n&lt;p&gt;Sharpening: Auto&lt;\/p&gt;\n&lt;p&gt;Lens: 50mm F\/2.8 D&lt;\/p&gt;\n&lt;p&gt;Sensitivity: ISO 200&lt;\/p&gt;\n&lt;p&gt;Image Comment:                                     &lt;\/p&gt;\n&lt;p&gt;[#End of Shooting Data Section]&lt;\/p&gt;\n\" data-large-file=\"https:\/\/blog.erm.ee\/wp-content\/uploads\/2016\/09\/313715_ERM_Fk_349_385-727x1024.jpg\" class=\"size-full wp-image-8377\" src=\"https:\/\/blog.erm.ee\/wp-content\/uploads\/2016\/09\/313715_ERM_Fk_349_385.jpg\" alt=\"[#Beginning of Shooting Data Section] Nikon D70 Focal Length: 50mm Optimize Image: Custom Color Mode: Mode II (Adobe RGB) Noise Reduction: OFF 2006\/02\/13 15:04:28.1 Exposure Mode: Manual White Balance: Preset Tone Comp: Normal JPEG (8-bit) Fine Metering Mode: Multi-Pattern AF Mode: AF-S Hue Adjustment: 0\u00b0 Image Size: Large (3008 x 2000) 1\/30 sec - F\/13 Flash Sync Mode: Not Attached Saturation: Normal Exposure Comp.: 0 EV Sharpening: Auto Lens: 50mm F\/2.8 D Sensitivity: ISO 200 Image Comment: [#End of Shooting Data Section]\" width=\"852\" height=\"1200\" srcset=\"https:\/\/blog.erm.ee\/wp-content\/uploads\/2016\/09\/313715_ERM_Fk_349_385.jpg 852w, https:\/\/blog.erm.ee\/wp-content\/uploads\/2016\/09\/313715_ERM_Fk_349_385-185x260.jpg 185w, https:\/\/blog.erm.ee\/wp-content\/uploads\/2016\/09\/313715_ERM_Fk_349_385-213x300.jpg 213w, https:\/\/blog.erm.ee\/wp-content\/uploads\/2016\/09\/313715_ERM_Fk_349_385-768x1082.jpg 768w, https:\/\/blog.erm.ee\/wp-content\/uploads\/2016\/09\/313715_ERM_Fk_349_385-727x1024.jpg 727w\" sizes=\"auto, (max-width: 852px) 100vw, 852px\" \/><\/a><em>Jaama-Roosi uulitsa nurk. Foto Johannes P\u00e4\u00e4suke, 1914. ERM Fk 349:385<\/em><\/p>\n<p>J\u00e4rgnevalt m\u00f5ned endised t\u00e4navavaated, mis on pildistatud ligi veerand sajandit tagasi.<\/p>\n<p><a href=\"https:\/\/blog.erm.ee\/wp-content\/uploads\/2016\/09\/1923_37.jpg\"><img loading=\"lazy\" decoding=\"async\" data-attachment-id=\"8378\" data-permalink=\"https:\/\/blog.erm.ee\/?attachment_id=8378#main\" data-orig-file=\"https:\/\/blog.erm.ee\/wp-content\/uploads\/2016\/09\/1923_37.jpg\" data-orig-size=\"1200,943\" data-comments-opened=\"1\" data-image-meta=\"{&quot;aperture&quot;:&quot;0&quot;,&quot;credit&quot;:&quot;&quot;,&quot;camera&quot;:&quot;&quot;,&quot;caption&quot;:&quot;&quot;,&quot;created_timestamp&quot;:&quot;1472725604&quot;,&quot;copyright&quot;:&quot;\\u00a9 Eesti Rahva Muuseum&quot;,&quot;focal_length&quot;:&quot;0&quot;,&quot;iso&quot;:&quot;0&quot;,&quot;shutter_speed&quot;:&quot;0&quot;,&quot;title&quot;:&quot;&quot;,&quot;orientation&quot;:&quot;0&quot;}\" data-image-title=\"1923_37\" data-image-description=\"\" data-image-caption=\"\" data-large-file=\"https:\/\/blog.erm.ee\/wp-content\/uploads\/2016\/09\/1923_37-1024x805.jpg\" class=\"alignnone size-full wp-image-8378\" src=\"https:\/\/blog.erm.ee\/wp-content\/uploads\/2016\/09\/1923_37.jpg\" alt=\"1923_37\" width=\"1200\" height=\"943\" srcset=\"https:\/\/blog.erm.ee\/wp-content\/uploads\/2016\/09\/1923_37.jpg 1200w, https:\/\/blog.erm.ee\/wp-content\/uploads\/2016\/09\/1923_37-331x260.jpg 331w, https:\/\/blog.erm.ee\/wp-content\/uploads\/2016\/09\/1923_37-300x236.jpg 300w, https:\/\/blog.erm.ee\/wp-content\/uploads\/2016\/09\/1923_37-768x604.jpg 768w, https:\/\/blog.erm.ee\/wp-content\/uploads\/2016\/09\/1923_37-1024x805.jpg 1024w\" sizes=\"auto, (max-width: 1200px) 100vw, 1200px\" \/><\/a><em>Roosi t\u00e4nav, vaade Puiestee t\u00e4nava poolt Peetri t\u00e4nava suunas. Foto Heiki P\u00e4rdi, 1980. ERM Fk 1923:37<\/em><\/p>\n<p><a href=\"https:\/\/blog.erm.ee\/wp-content\/uploads\/2016\/09\/2060_284.jpg\"><img loading=\"lazy\" decoding=\"async\" data-attachment-id=\"8379\" data-permalink=\"https:\/\/blog.erm.ee\/?attachment_id=8379#main\" data-orig-file=\"https:\/\/blog.erm.ee\/wp-content\/uploads\/2016\/09\/2060_284.jpg\" data-orig-size=\"1200,728\" data-comments-opened=\"1\" data-image-meta=\"{&quot;aperture&quot;:&quot;0&quot;,&quot;credit&quot;:&quot;&quot;,&quot;camera&quot;:&quot;&quot;,&quot;caption&quot;:&quot;&quot;,&quot;created_timestamp&quot;:&quot;1472725799&quot;,&quot;copyright&quot;:&quot;\\u00a9 Eesti Rahva Muuseum&quot;,&quot;focal_length&quot;:&quot;0&quot;,&quot;iso&quot;:&quot;0&quot;,&quot;shutter_speed&quot;:&quot;0&quot;,&quot;title&quot;:&quot;&quot;,&quot;orientation&quot;:&quot;0&quot;}\" data-image-title=\"2060_284\" data-image-description=\"\" data-image-caption=\"\" data-large-file=\"https:\/\/blog.erm.ee\/wp-content\/uploads\/2016\/09\/2060_284-1024x621.jpg\" class=\"alignnone size-full wp-image-8379\" src=\"https:\/\/blog.erm.ee\/wp-content\/uploads\/2016\/09\/2060_284.jpg\" alt=\"2060_284\" width=\"1200\" height=\"728\" srcset=\"https:\/\/blog.erm.ee\/wp-content\/uploads\/2016\/09\/2060_284.jpg 1200w, https:\/\/blog.erm.ee\/wp-content\/uploads\/2016\/09\/2060_284-429x260.jpg 429w, https:\/\/blog.erm.ee\/wp-content\/uploads\/2016\/09\/2060_284-300x182.jpg 300w, https:\/\/blog.erm.ee\/wp-content\/uploads\/2016\/09\/2060_284-768x466.jpg 768w, https:\/\/blog.erm.ee\/wp-content\/uploads\/2016\/09\/2060_284-1024x621.jpg 1024w\" sizes=\"auto, (max-width: 1200px) 100vw, 1200px\" \/><\/a><em>Roosi t\u00e4nav, vaade Pika t\u00e4nava kohalt kesklinna suunas. Taga k\u00f5rguvad hooned on \u00fclikooli \u00fchiselamud. Foto Harry Duglas, 1984. ERM Fk 2060:284<\/em><\/p>\n<p><a href=\"https:\/\/blog.erm.ee\/wp-content\/uploads\/2016\/09\/2060_283.jpg\"><img loading=\"lazy\" decoding=\"async\" data-attachment-id=\"8380\" data-permalink=\"https:\/\/blog.erm.ee\/?attachment_id=8380#main\" data-orig-file=\"https:\/\/blog.erm.ee\/wp-content\/uploads\/2016\/09\/2060_283.jpg\" data-orig-size=\"1200,734\" data-comments-opened=\"1\" data-image-meta=\"{&quot;aperture&quot;:&quot;0&quot;,&quot;credit&quot;:&quot;&quot;,&quot;camera&quot;:&quot;&quot;,&quot;caption&quot;:&quot;&quot;,&quot;created_timestamp&quot;:&quot;1472725784&quot;,&quot;copyright&quot;:&quot;\\u00a9 Eesti Rahva Muuseum&quot;,&quot;focal_length&quot;:&quot;0&quot;,&quot;iso&quot;:&quot;0&quot;,&quot;shutter_speed&quot;:&quot;0&quot;,&quot;title&quot;:&quot;&quot;,&quot;orientation&quot;:&quot;0&quot;}\" data-image-title=\"2060_283\" data-image-description=\"\" data-image-caption=\"\" data-large-file=\"https:\/\/blog.erm.ee\/wp-content\/uploads\/2016\/09\/2060_283-1024x626.jpg\" class=\"alignnone size-full wp-image-8380\" src=\"https:\/\/blog.erm.ee\/wp-content\/uploads\/2016\/09\/2060_283.jpg\" alt=\"2060_283\" width=\"1200\" height=\"734\" srcset=\"https:\/\/blog.erm.ee\/wp-content\/uploads\/2016\/09\/2060_283.jpg 1200w, https:\/\/blog.erm.ee\/wp-content\/uploads\/2016\/09\/2060_283-425x260.jpg 425w, https:\/\/blog.erm.ee\/wp-content\/uploads\/2016\/09\/2060_283-300x184.jpg 300w, https:\/\/blog.erm.ee\/wp-content\/uploads\/2016\/09\/2060_283-768x470.jpg 768w, https:\/\/blog.erm.ee\/wp-content\/uploads\/2016\/09\/2060_283-1024x626.jpg 1024w\" sizes=\"auto, (max-width: 1200px) 100vw, 1200px\" \/><\/a><em>Roosi t\u00e4nav, vaade Pika t\u00e4nava kohalt Jaama t\u00e4nava suunas. Foto Harry Duglas, 1984. ERM Fk 2060:283<\/em><\/p>\n<p><a href=\"https:\/\/blog.erm.ee\/wp-content\/uploads\/2016\/09\/2379_173.jpg\"><img loading=\"lazy\" decoding=\"async\" data-attachment-id=\"8381\" data-permalink=\"https:\/\/blog.erm.ee\/?attachment_id=8381#main\" data-orig-file=\"https:\/\/blog.erm.ee\/wp-content\/uploads\/2016\/09\/2379_173.jpg\" data-orig-size=\"1200,744\" data-comments-opened=\"1\" data-image-meta=\"{&quot;aperture&quot;:&quot;0&quot;,&quot;credit&quot;:&quot;&quot;,&quot;camera&quot;:&quot;&quot;,&quot;caption&quot;:&quot;&quot;,&quot;created_timestamp&quot;:&quot;1472726057&quot;,&quot;copyright&quot;:&quot;\\u00a9 Eesti Rahva Muuseum&quot;,&quot;focal_length&quot;:&quot;0&quot;,&quot;iso&quot;:&quot;0&quot;,&quot;shutter_speed&quot;:&quot;0&quot;,&quot;title&quot;:&quot;&quot;,&quot;orientation&quot;:&quot;0&quot;}\" data-image-title=\"2379_173\" data-image-description=\"\" data-image-caption=\"\" data-large-file=\"https:\/\/blog.erm.ee\/wp-content\/uploads\/2016\/09\/2379_173-1024x635.jpg\" class=\"alignnone size-full wp-image-8381\" src=\"https:\/\/blog.erm.ee\/wp-content\/uploads\/2016\/09\/2379_173.jpg\" alt=\"2379_173\" width=\"1200\" height=\"744\" srcset=\"https:\/\/blog.erm.ee\/wp-content\/uploads\/2016\/09\/2379_173.jpg 1200w, https:\/\/blog.erm.ee\/wp-content\/uploads\/2016\/09\/2379_173-419x260.jpg 419w, https:\/\/blog.erm.ee\/wp-content\/uploads\/2016\/09\/2379_173-300x186.jpg 300w, https:\/\/blog.erm.ee\/wp-content\/uploads\/2016\/09\/2379_173-768x476.jpg 768w, https:\/\/blog.erm.ee\/wp-content\/uploads\/2016\/09\/2379_173-1024x635.jpg 1024w\" sizes=\"auto, (max-width: 1200px) 100vw, 1200px\" \/><\/a><em>Roosi t\u00e4nav, vaade Jaama t\u00e4navalt \u00e4\u00e4relinna poole. Foto Harry Duglas, 1990. ERM Fk 2379:173<\/em><\/p>\n<p><a href=\"https:\/\/blog.erm.ee\/wp-content\/uploads\/2016\/09\/2379_146.jpg\"><img loading=\"lazy\" decoding=\"async\" data-attachment-id=\"8382\" data-permalink=\"https:\/\/blog.erm.ee\/?attachment_id=8382#main\" data-orig-file=\"https:\/\/blog.erm.ee\/wp-content\/uploads\/2016\/09\/2379_146.jpg\" data-orig-size=\"1200,738\" data-comments-opened=\"1\" data-image-meta=\"{&quot;aperture&quot;:&quot;0&quot;,&quot;credit&quot;:&quot;&quot;,&quot;camera&quot;:&quot;&quot;,&quot;caption&quot;:&quot;&quot;,&quot;created_timestamp&quot;:&quot;1472725929&quot;,&quot;copyright&quot;:&quot;\\u00a9 Eesti Rahva Muuseum&quot;,&quot;focal_length&quot;:&quot;0&quot;,&quot;iso&quot;:&quot;0&quot;,&quot;shutter_speed&quot;:&quot;0&quot;,&quot;title&quot;:&quot;&quot;,&quot;orientation&quot;:&quot;0&quot;}\" data-image-title=\"2379_146\" data-image-description=\"\" data-image-caption=\"\" data-large-file=\"https:\/\/blog.erm.ee\/wp-content\/uploads\/2016\/09\/2379_146-1024x630.jpg\" class=\"alignnone size-full wp-image-8382\" src=\"https:\/\/blog.erm.ee\/wp-content\/uploads\/2016\/09\/2379_146.jpg\" alt=\"2379_146\" width=\"1200\" height=\"738\" srcset=\"https:\/\/blog.erm.ee\/wp-content\/uploads\/2016\/09\/2379_146.jpg 1200w, https:\/\/blog.erm.ee\/wp-content\/uploads\/2016\/09\/2379_146-423x260.jpg 423w, https:\/\/blog.erm.ee\/wp-content\/uploads\/2016\/09\/2379_146-300x185.jpg 300w, https:\/\/blog.erm.ee\/wp-content\/uploads\/2016\/09\/2379_146-768x472.jpg 768w, https:\/\/blog.erm.ee\/wp-content\/uploads\/2016\/09\/2379_146-1024x630.jpg 1024w\" sizes=\"auto, (max-width: 1200px) 100vw, 1200px\" \/><\/a><em>Roosi t\u00e4nav, vaade Puiestee t\u00e4navalt \u00e4\u00e4relinna poole. Foto Harry Duglas, 1990. ERM Fk 2379:146<\/em><\/p>\n<p><a href=\"https:\/\/blog.erm.ee\/wp-content\/uploads\/2016\/09\/2379_157.jpg\"><img loading=\"lazy\" decoding=\"async\" data-attachment-id=\"8383\" data-permalink=\"https:\/\/blog.erm.ee\/?attachment_id=8383#main\" data-orig-file=\"https:\/\/blog.erm.ee\/wp-content\/uploads\/2016\/09\/2379_157.jpg\" data-orig-size=\"1200,740\" data-comments-opened=\"1\" data-image-meta=\"{&quot;aperture&quot;:&quot;0&quot;,&quot;credit&quot;:&quot;&quot;,&quot;camera&quot;:&quot;&quot;,&quot;caption&quot;:&quot;&quot;,&quot;created_timestamp&quot;:&quot;1472726007&quot;,&quot;copyright&quot;:&quot;\\u00a9 Eesti Rahva Muuseum&quot;,&quot;focal_length&quot;:&quot;0&quot;,&quot;iso&quot;:&quot;0&quot;,&quot;shutter_speed&quot;:&quot;0&quot;,&quot;title&quot;:&quot;&quot;,&quot;orientation&quot;:&quot;0&quot;}\" data-image-title=\"2379_157\" data-image-description=\"\" data-image-caption=\"\" data-large-file=\"https:\/\/blog.erm.ee\/wp-content\/uploads\/2016\/09\/2379_157-1024x631.jpg\" class=\"alignnone size-full wp-image-8383\" src=\"https:\/\/blog.erm.ee\/wp-content\/uploads\/2016\/09\/2379_157.jpg\" alt=\"2379_157\" width=\"1200\" height=\"740\" srcset=\"https:\/\/blog.erm.ee\/wp-content\/uploads\/2016\/09\/2379_157.jpg 1200w, https:\/\/blog.erm.ee\/wp-content\/uploads\/2016\/09\/2379_157-422x260.jpg 422w, https:\/\/blog.erm.ee\/wp-content\/uploads\/2016\/09\/2379_157-300x185.jpg 300w, https:\/\/blog.erm.ee\/wp-content\/uploads\/2016\/09\/2379_157-768x474.jpg 768w, https:\/\/blog.erm.ee\/wp-content\/uploads\/2016\/09\/2379_157-1024x631.jpg 1024w\" sizes=\"auto, (max-width: 1200px) 100vw, 1200px\" \/><\/a><em>Roosi t\u00e4nav, vaade J\u00e4nese t\u00e4navalt \u00e4\u00e4relinna poole. Paremal, piirdeaia taga on n\u00f5ukogude s\u00f5jav\u00e4e territoorium. Foto Harry Duglas, 1990. ERM Fk 2379:157<\/em><\/p>\n<p>Siin l\u00f5ppes vanasti linn, edasi kulges auklik kruusatee, ent v\u00f5ssakasvanud ja tarastatud tee\u00e4\u00e4r ei tundunud eriti turvaline, et teekonda j\u00e4tkata, pealegi oli siin n\u00f5ukogude s\u00f5jav\u00e4e territoorium. Vanemaid fotosid J\u00e4nese t\u00e4nava ja Muuseumi tee vahelisest teel\u00f5igust muuseumis ei ole. Viimase viie aastaga on see tublisti muutunud: v\u00f5sast ja okastraadi tagant tulid n\u00e4htavale vanad lennukiangaarid, lammutatud on m\u00f5ned s\u00f5jav\u00e4est j\u00e4\u00e4nud betoonehitised, autolammutust\u00f6\u00f6koda Muuseumi tee ristmikul enam ei ole, teed on laiendatud, avarust on palju rohkem.<\/p>\n<p>Roosi t\u00e4navat on majade kaupa pildistatud aastatel 1984\u20131990, fotograafiks Harry Duglas, kes on ka teisi Tartu linna t\u00e4navaid hoone kaupa pildistanud. Huvitav on j\u00e4lgida majade elukulgu: m\u00f5ned on asendunud uutega, m\u00f5ned on renoveeritud, m\u00f5ned on mattunud rohelusse v\u00f5i peitunud hekim\u00fc\u00fcri taha. T\u00e4nava alguses on elamud, mis on ehitatud 1960. aastate alguses \u2013 need on \u00fcldilmelt \u00fcsna sarnased pildistamishetkega, ent k\u00f5rgeks kasvanud puude t\u00f5ttu pole need nii h\u00e4sti j\u00e4lgitavad.<\/p>\n<p><a href=\"https:\/\/blog.erm.ee\/wp-content\/uploads\/2016\/09\/2060_273.jpg\"><img loading=\"lazy\" decoding=\"async\" data-attachment-id=\"8384\" data-permalink=\"https:\/\/blog.erm.ee\/?attachment_id=8384#main\" data-orig-file=\"https:\/\/blog.erm.ee\/wp-content\/uploads\/2016\/09\/2060_273.jpg\" data-orig-size=\"1200,732\" data-comments-opened=\"1\" data-image-meta=\"{&quot;aperture&quot;:&quot;0&quot;,&quot;credit&quot;:&quot;&quot;,&quot;camera&quot;:&quot;&quot;,&quot;caption&quot;:&quot;&quot;,&quot;created_timestamp&quot;:&quot;1472725720&quot;,&quot;copyright&quot;:&quot;\\u00a9 Eesti Rahva Muuseum&quot;,&quot;focal_length&quot;:&quot;0&quot;,&quot;iso&quot;:&quot;0&quot;,&quot;shutter_speed&quot;:&quot;0&quot;,&quot;title&quot;:&quot;&quot;,&quot;orientation&quot;:&quot;0&quot;}\" data-image-title=\"2060_273\" data-image-description=\"\" data-image-caption=\"\" data-large-file=\"https:\/\/blog.erm.ee\/wp-content\/uploads\/2016\/09\/2060_273-1024x625.jpg\" class=\"alignnone size-full wp-image-8384\" src=\"https:\/\/blog.erm.ee\/wp-content\/uploads\/2016\/09\/2060_273.jpg\" alt=\"2060_273\" width=\"1200\" height=\"732\" srcset=\"https:\/\/blog.erm.ee\/wp-content\/uploads\/2016\/09\/2060_273.jpg 1200w, https:\/\/blog.erm.ee\/wp-content\/uploads\/2016\/09\/2060_273-426x260.jpg 426w, https:\/\/blog.erm.ee\/wp-content\/uploads\/2016\/09\/2060_273-300x183.jpg 300w, https:\/\/blog.erm.ee\/wp-content\/uploads\/2016\/09\/2060_273-768x468.jpg 768w, https:\/\/blog.erm.ee\/wp-content\/uploads\/2016\/09\/2060_273-1024x625.jpg 1024w\" sizes=\"auto, (max-width: 1200px) 100vw, 1200px\" \/><\/a><em>Roosi 1, ehitatud 1961. Foto Harry Duglas, 1984. ERM Fk 2060:273. Praegu on maja krohvitud ning selles tegutseb Tartu Peetri kooli lasteaed.<\/em><\/p>\n<p><a href=\"https:\/\/blog.erm.ee\/wp-content\/uploads\/2016\/09\/2060_276.jpg\"><img loading=\"lazy\" decoding=\"async\" data-attachment-id=\"8385\" data-permalink=\"https:\/\/blog.erm.ee\/?attachment_id=8385#main\" data-orig-file=\"https:\/\/blog.erm.ee\/wp-content\/uploads\/2016\/09\/2060_276.jpg\" data-orig-size=\"1200,735\" data-comments-opened=\"1\" data-image-meta=\"{&quot;aperture&quot;:&quot;0&quot;,&quot;credit&quot;:&quot;&quot;,&quot;camera&quot;:&quot;&quot;,&quot;caption&quot;:&quot;&quot;,&quot;created_timestamp&quot;:&quot;1472725736&quot;,&quot;copyright&quot;:&quot;\\u00a9 Eesti Rahva Muuseum&quot;,&quot;focal_length&quot;:&quot;0&quot;,&quot;iso&quot;:&quot;0&quot;,&quot;shutter_speed&quot;:&quot;0&quot;,&quot;title&quot;:&quot;&quot;,&quot;orientation&quot;:&quot;0&quot;}\" data-image-title=\"2060_276\" data-image-description=\"\" data-image-caption=\"\" data-large-file=\"https:\/\/blog.erm.ee\/wp-content\/uploads\/2016\/09\/2060_276-1024x627.jpg\" class=\"alignnone size-full wp-image-8385\" src=\"https:\/\/blog.erm.ee\/wp-content\/uploads\/2016\/09\/2060_276.jpg\" alt=\"2060_276\" width=\"1200\" height=\"735\" srcset=\"https:\/\/blog.erm.ee\/wp-content\/uploads\/2016\/09\/2060_276.jpg 1200w, https:\/\/blog.erm.ee\/wp-content\/uploads\/2016\/09\/2060_276-424x260.jpg 424w, https:\/\/blog.erm.ee\/wp-content\/uploads\/2016\/09\/2060_276-300x184.jpg 300w, https:\/\/blog.erm.ee\/wp-content\/uploads\/2016\/09\/2060_276-768x470.jpg 768w, https:\/\/blog.erm.ee\/wp-content\/uploads\/2016\/09\/2060_276-1024x627.jpg 1024w\" sizes=\"auto, (max-width: 1200px) 100vw, 1200px\" \/><\/a><em>Roosi 6, ehitatud 1960. Foto Harry Duglas, 1984. ERM Fk 2060:276. Suvel peitub maja lopsaka kase varju.<\/em><\/p>\n<p><a href=\"https:\/\/blog.erm.ee\/wp-content\/uploads\/2016\/09\/2060_279.jpg\"><img loading=\"lazy\" decoding=\"async\" data-attachment-id=\"8386\" data-permalink=\"https:\/\/blog.erm.ee\/?attachment_id=8386#main\" data-orig-file=\"https:\/\/blog.erm.ee\/wp-content\/uploads\/2016\/09\/2060_279.jpg\" data-orig-size=\"1200,733\" data-comments-opened=\"1\" data-image-meta=\"{&quot;aperture&quot;:&quot;0&quot;,&quot;credit&quot;:&quot;&quot;,&quot;camera&quot;:&quot;&quot;,&quot;caption&quot;:&quot;&quot;,&quot;created_timestamp&quot;:&quot;1472725753&quot;,&quot;copyright&quot;:&quot;\\u00a9 Eesti Rahva Muuseum&quot;,&quot;focal_length&quot;:&quot;0&quot;,&quot;iso&quot;:&quot;0&quot;,&quot;shutter_speed&quot;:&quot;0&quot;,&quot;title&quot;:&quot;&quot;,&quot;orientation&quot;:&quot;0&quot;}\" data-image-title=\"2060_279\" data-image-description=\"\" data-image-caption=\"\" data-large-file=\"https:\/\/blog.erm.ee\/wp-content\/uploads\/2016\/09\/2060_279-1024x625.jpg\" class=\"alignnone size-full wp-image-8386\" src=\"https:\/\/blog.erm.ee\/wp-content\/uploads\/2016\/09\/2060_279.jpg\" alt=\"2060_279\" width=\"1200\" height=\"733\" srcset=\"https:\/\/blog.erm.ee\/wp-content\/uploads\/2016\/09\/2060_279.jpg 1200w, https:\/\/blog.erm.ee\/wp-content\/uploads\/2016\/09\/2060_279-426x260.jpg 426w, https:\/\/blog.erm.ee\/wp-content\/uploads\/2016\/09\/2060_279-300x183.jpg 300w, https:\/\/blog.erm.ee\/wp-content\/uploads\/2016\/09\/2060_279-768x469.jpg 768w, https:\/\/blog.erm.ee\/wp-content\/uploads\/2016\/09\/2060_279-1024x625.jpg 1024w\" sizes=\"auto, (max-width: 1200px) 100vw, 1200px\" \/><\/a><em>Roosi 9, ehitatud 1960. Fotograaf Harry Duglas, 1984. ERM Fk 2060:279. Kuusk t\u00e4navanurgal on t\u00e4naseks sirgunud majast mitu korda k\u00f5rgemaks ja lattaed maja ees on asendunud hekiga.<\/em><\/p>\n<p><a href=\"https:\/\/blog.erm.ee\/wp-content\/uploads\/2016\/09\/2060_583.jpg\"><img loading=\"lazy\" decoding=\"async\" data-attachment-id=\"8387\" data-permalink=\"https:\/\/blog.erm.ee\/?attachment_id=8387#main\" data-orig-file=\"https:\/\/blog.erm.ee\/wp-content\/uploads\/2016\/09\/2060_583.jpg\" data-orig-size=\"1200,731\" data-comments-opened=\"1\" data-image-meta=\"{&quot;aperture&quot;:&quot;0&quot;,&quot;credit&quot;:&quot;&quot;,&quot;camera&quot;:&quot;&quot;,&quot;caption&quot;:&quot;&quot;,&quot;created_timestamp&quot;:&quot;1472725898&quot;,&quot;copyright&quot;:&quot;\\u00a9 Eesti Rahva Muuseum&quot;,&quot;focal_length&quot;:&quot;0&quot;,&quot;iso&quot;:&quot;0&quot;,&quot;shutter_speed&quot;:&quot;0&quot;,&quot;title&quot;:&quot;&quot;,&quot;orientation&quot;:&quot;0&quot;}\" data-image-title=\"2060_583\" data-image-description=\"\" data-image-caption=\"\" data-large-file=\"https:\/\/blog.erm.ee\/wp-content\/uploads\/2016\/09\/2060_583-1024x624.jpg\" class=\"alignnone size-full wp-image-8387\" src=\"https:\/\/blog.erm.ee\/wp-content\/uploads\/2016\/09\/2060_583.jpg\" alt=\"2060_583\" width=\"1200\" height=\"731\" srcset=\"https:\/\/blog.erm.ee\/wp-content\/uploads\/2016\/09\/2060_583.jpg 1200w, https:\/\/blog.erm.ee\/wp-content\/uploads\/2016\/09\/2060_583-427x260.jpg 427w, https:\/\/blog.erm.ee\/wp-content\/uploads\/2016\/09\/2060_583-300x183.jpg 300w, https:\/\/blog.erm.ee\/wp-content\/uploads\/2016\/09\/2060_583-768x468.jpg 768w, https:\/\/blog.erm.ee\/wp-content\/uploads\/2016\/09\/2060_583-1024x624.jpg 1024w\" sizes=\"auto, (max-width: 1200px) 100vw, 1200px\" \/><\/a><em>Roosi 10, ehitatud 1917. Foto Harry Duglas, 1984. ERM Fk 2060:583. Maja on t\u00e4naseks saanud uue vooderduse ja katuse, aknakohad ukse k\u00f5rvalt on kadunud.<\/em><\/p>\n<p><a href=\"https:\/\/blog.erm.ee\/wp-content\/uploads\/2016\/09\/2060_300.jpg\"><img loading=\"lazy\" decoding=\"async\" data-attachment-id=\"8388\" data-permalink=\"https:\/\/blog.erm.ee\/?attachment_id=8388#main\" data-orig-file=\"https:\/\/blog.erm.ee\/wp-content\/uploads\/2016\/09\/2060_300.jpg\" data-orig-size=\"1200,839\" data-comments-opened=\"1\" data-image-meta=\"{&quot;aperture&quot;:&quot;0&quot;,&quot;credit&quot;:&quot;&quot;,&quot;camera&quot;:&quot;&quot;,&quot;caption&quot;:&quot;&quot;,&quot;created_timestamp&quot;:&quot;1472725849&quot;,&quot;copyright&quot;:&quot;\\u00a9 Eesti Rahva Muuseum&quot;,&quot;focal_length&quot;:&quot;0&quot;,&quot;iso&quot;:&quot;0&quot;,&quot;shutter_speed&quot;:&quot;0&quot;,&quot;title&quot;:&quot;&quot;,&quot;orientation&quot;:&quot;0&quot;}\" data-image-title=\"2060_300\" data-image-description=\"\" data-image-caption=\"\" data-large-file=\"https:\/\/blog.erm.ee\/wp-content\/uploads\/2016\/09\/2060_300-1024x716.jpg\" class=\"alignnone size-full wp-image-8388\" src=\"https:\/\/blog.erm.ee\/wp-content\/uploads\/2016\/09\/2060_300.jpg\" alt=\"2060_300\" width=\"1200\" height=\"839\" srcset=\"https:\/\/blog.erm.ee\/wp-content\/uploads\/2016\/09\/2060_300.jpg 1200w, https:\/\/blog.erm.ee\/wp-content\/uploads\/2016\/09\/2060_300-372x260.jpg 372w, https:\/\/blog.erm.ee\/wp-content\/uploads\/2016\/09\/2060_300-300x210.jpg 300w, https:\/\/blog.erm.ee\/wp-content\/uploads\/2016\/09\/2060_300-768x537.jpg 768w, https:\/\/blog.erm.ee\/wp-content\/uploads\/2016\/09\/2060_300-1024x716.jpg 1024w\" sizes=\"auto, (max-width: 1200px) 100vw, 1200px\" \/><\/a><em>Roosi 15. Foto Harry Duglas, 1984. ERM Fk 2060:300. Maja on h\u00e4vinud.<\/em><\/p>\n<p><a href=\"https:\/\/blog.erm.ee\/wp-content\/uploads\/2016\/09\/2060_433.jpg\"><img loading=\"lazy\" decoding=\"async\" data-attachment-id=\"8389\" data-permalink=\"https:\/\/blog.erm.ee\/?attachment_id=8389#main\" data-orig-file=\"https:\/\/blog.erm.ee\/wp-content\/uploads\/2016\/09\/2060_433.jpg\" data-orig-size=\"1200,729\" data-comments-opened=\"1\" data-image-meta=\"{&quot;aperture&quot;:&quot;0&quot;,&quot;credit&quot;:&quot;&quot;,&quot;camera&quot;:&quot;&quot;,&quot;caption&quot;:&quot;&quot;,&quot;created_timestamp&quot;:&quot;1472725881&quot;,&quot;copyright&quot;:&quot;\\u00a9 Eesti Rahva Muuseum&quot;,&quot;focal_length&quot;:&quot;0&quot;,&quot;iso&quot;:&quot;0&quot;,&quot;shutter_speed&quot;:&quot;0&quot;,&quot;title&quot;:&quot;&quot;,&quot;orientation&quot;:&quot;0&quot;}\" data-image-title=\"2060_433\" data-image-description=\"\" data-image-caption=\"\" data-large-file=\"https:\/\/blog.erm.ee\/wp-content\/uploads\/2016\/09\/2060_433-1024x622.jpg\" class=\"alignnone size-full wp-image-8389\" src=\"https:\/\/blog.erm.ee\/wp-content\/uploads\/2016\/09\/2060_433.jpg\" alt=\"2060_433\" width=\"1200\" height=\"729\" srcset=\"https:\/\/blog.erm.ee\/wp-content\/uploads\/2016\/09\/2060_433.jpg 1200w, https:\/\/blog.erm.ee\/wp-content\/uploads\/2016\/09\/2060_433-428x260.jpg 428w, https:\/\/blog.erm.ee\/wp-content\/uploads\/2016\/09\/2060_433-300x182.jpg 300w, https:\/\/blog.erm.ee\/wp-content\/uploads\/2016\/09\/2060_433-768x467.jpg 768w, https:\/\/blog.erm.ee\/wp-content\/uploads\/2016\/09\/2060_433-1024x622.jpg 1024w\" sizes=\"auto, (max-width: 1200px) 100vw, 1200px\" \/><\/a><em>Roosi 16, vaade hoovile. Foto Harry Duglas, 1984. ERM Fk 2060:433. Puukuurid on t\u00e4naseks lammutatud, lattaed asendunud traataiaga. Pildile pole j\u00e4\u00e4nud t\u00e4nava \u00e4\u00e4rde j\u00e4\u00e4v kaev, mis elab ilmselt viimaseid elup\u00e4evi.<\/em><\/p>\n<p><a href=\"https:\/\/blog.erm.ee\/wp-content\/uploads\/2016\/09\/2060_293.jpg\"><img loading=\"lazy\" decoding=\"async\" data-attachment-id=\"8390\" data-permalink=\"https:\/\/blog.erm.ee\/?attachment_id=8390#main\" data-orig-file=\"https:\/\/blog.erm.ee\/wp-content\/uploads\/2016\/09\/2060_293.jpg\" data-orig-size=\"1200,716\" data-comments-opened=\"1\" data-image-meta=\"{&quot;aperture&quot;:&quot;0&quot;,&quot;credit&quot;:&quot;&quot;,&quot;camera&quot;:&quot;&quot;,&quot;caption&quot;:&quot;&quot;,&quot;created_timestamp&quot;:&quot;1472725831&quot;,&quot;copyright&quot;:&quot;\\u00a9 Eesti Rahva Muuseum&quot;,&quot;focal_length&quot;:&quot;0&quot;,&quot;iso&quot;:&quot;0&quot;,&quot;shutter_speed&quot;:&quot;0&quot;,&quot;title&quot;:&quot;&quot;,&quot;orientation&quot;:&quot;0&quot;}\" data-image-title=\"2060_293\" data-image-description=\"\" data-image-caption=\"\" data-large-file=\"https:\/\/blog.erm.ee\/wp-content\/uploads\/2016\/09\/2060_293-1024x611.jpg\" class=\"alignnone size-full wp-image-8390\" src=\"https:\/\/blog.erm.ee\/wp-content\/uploads\/2016\/09\/2060_293.jpg\" alt=\"2060_293\" width=\"1200\" height=\"716\" srcset=\"https:\/\/blog.erm.ee\/wp-content\/uploads\/2016\/09\/2060_293.jpg 1200w, https:\/\/blog.erm.ee\/wp-content\/uploads\/2016\/09\/2060_293-436x260.jpg 436w, https:\/\/blog.erm.ee\/wp-content\/uploads\/2016\/09\/2060_293-300x179.jpg 300w, https:\/\/blog.erm.ee\/wp-content\/uploads\/2016\/09\/2060_293-768x458.jpg 768w, https:\/\/blog.erm.ee\/wp-content\/uploads\/2016\/09\/2060_293-1024x611.jpg 1024w\" sizes=\"auto, (max-width: 1200px) 100vw, 1200px\" \/><\/a><em>Roosi 24a. Fotograaf Harry Duglas, 1984. ERM Fk 2060:293. Hoone on h\u00e4vinud, selle asemele on ehitatud uus hoone.<\/em><\/p>\n<p><a href=\"https:\/\/blog.erm.ee\/wp-content\/uploads\/2016\/09\/2355_19.jpg\"><img loading=\"lazy\" decoding=\"async\" data-attachment-id=\"8391\" data-permalink=\"https:\/\/blog.erm.ee\/?attachment_id=8391#main\" data-orig-file=\"https:\/\/blog.erm.ee\/wp-content\/uploads\/2016\/09\/2355_19.jpg\" data-orig-size=\"1200,748\" data-comments-opened=\"1\" data-image-meta=\"{&quot;aperture&quot;:&quot;0&quot;,&quot;credit&quot;:&quot;&quot;,&quot;camera&quot;:&quot;&quot;,&quot;caption&quot;:&quot;&quot;,&quot;created_timestamp&quot;:&quot;1472725683&quot;,&quot;copyright&quot;:&quot;\\u00a9 Eesti Rahva Muuseum&quot;,&quot;focal_length&quot;:&quot;0&quot;,&quot;iso&quot;:&quot;0&quot;,&quot;shutter_speed&quot;:&quot;0&quot;,&quot;title&quot;:&quot;&quot;,&quot;orientation&quot;:&quot;0&quot;}\" data-image-title=\"2355_19\" data-image-description=\"\" data-image-caption=\"\" data-large-file=\"https:\/\/blog.erm.ee\/wp-content\/uploads\/2016\/09\/2355_19-1024x638.jpg\" class=\"alignnone size-full wp-image-8391\" src=\"https:\/\/blog.erm.ee\/wp-content\/uploads\/2016\/09\/2355_19.jpg\" alt=\"2355_19\" width=\"1200\" height=\"748\" srcset=\"https:\/\/blog.erm.ee\/wp-content\/uploads\/2016\/09\/2355_19.jpg 1200w, https:\/\/blog.erm.ee\/wp-content\/uploads\/2016\/09\/2355_19-417x260.jpg 417w, https:\/\/blog.erm.ee\/wp-content\/uploads\/2016\/09\/2355_19-300x187.jpg 300w, https:\/\/blog.erm.ee\/wp-content\/uploads\/2016\/09\/2355_19-768x479.jpg 768w, https:\/\/blog.erm.ee\/wp-content\/uploads\/2016\/09\/2355_19-1024x638.jpg 1024w\" sizes=\"auto, (max-width: 1200px) 100vw, 1200px\" \/><\/a><em>Roosi 26, ehitatud enne s\u00f5da. Endine kirik (palvemaja), n\u00fc\u00fcd ehitatud korteriteks. Foto Harry Duglas, 1990. ERM Fk 2355:19. Renoveeritud.<\/em><\/p>\n<p><a href=\"https:\/\/blog.erm.ee\/wp-content\/uploads\/2016\/09\/2355_3.jpg\"><img loading=\"lazy\" decoding=\"async\" data-attachment-id=\"8392\" data-permalink=\"https:\/\/blog.erm.ee\/?attachment_id=8392#main\" data-orig-file=\"https:\/\/blog.erm.ee\/wp-content\/uploads\/2016\/09\/2355_3.jpg\" data-orig-size=\"1200,739\" data-comments-opened=\"1\" data-image-meta=\"{&quot;aperture&quot;:&quot;0&quot;,&quot;credit&quot;:&quot;&quot;,&quot;camera&quot;:&quot;&quot;,&quot;caption&quot;:&quot;&quot;,&quot;created_timestamp&quot;:&quot;1472725632&quot;,&quot;copyright&quot;:&quot;\\u00a9 Eesti Rahva Muuseum&quot;,&quot;focal_length&quot;:&quot;0&quot;,&quot;iso&quot;:&quot;0&quot;,&quot;shutter_speed&quot;:&quot;0&quot;,&quot;title&quot;:&quot;&quot;,&quot;orientation&quot;:&quot;0&quot;}\" data-image-title=\"2355_3\" data-image-description=\"\" data-image-caption=\"\" data-large-file=\"https:\/\/blog.erm.ee\/wp-content\/uploads\/2016\/09\/2355_3-1024x631.jpg\" class=\"alignnone size-full wp-image-8392\" src=\"https:\/\/blog.erm.ee\/wp-content\/uploads\/2016\/09\/2355_3.jpg\" alt=\"2355_3\" width=\"1200\" height=\"739\" srcset=\"https:\/\/blog.erm.ee\/wp-content\/uploads\/2016\/09\/2355_3.jpg 1200w, https:\/\/blog.erm.ee\/wp-content\/uploads\/2016\/09\/2355_3-422x260.jpg 422w, https:\/\/blog.erm.ee\/wp-content\/uploads\/2016\/09\/2355_3-300x185.jpg 300w, https:\/\/blog.erm.ee\/wp-content\/uploads\/2016\/09\/2355_3-768x473.jpg 768w, https:\/\/blog.erm.ee\/wp-content\/uploads\/2016\/09\/2355_3-1024x631.jpg 1024w\" sizes=\"auto, (max-width: 1200px) 100vw, 1200px\" \/><\/a><em>Roosi 28, endine pottsepat\u00f6\u00f6koda. Foto Harry Duglas, 1990. T\u00e4naseks renoveeritud, peale on ehitatud 3. korrus; hoones paiknevad korterid ja Raar Kinnisvara kontor.<\/em><\/p>\n<p><a href=\"https:\/\/blog.erm.ee\/wp-content\/uploads\/2016\/09\/2355_4.jpg\"><img loading=\"lazy\" decoding=\"async\" data-attachment-id=\"8393\" data-permalink=\"https:\/\/blog.erm.ee\/?attachment_id=8393#main\" data-orig-file=\"https:\/\/blog.erm.ee\/wp-content\/uploads\/2016\/09\/2355_4.jpg\" data-orig-size=\"1200,736\" data-comments-opened=\"1\" data-image-meta=\"{&quot;aperture&quot;:&quot;0&quot;,&quot;credit&quot;:&quot;&quot;,&quot;camera&quot;:&quot;&quot;,&quot;caption&quot;:&quot;&quot;,&quot;created_timestamp&quot;:&quot;1472725649&quot;,&quot;copyright&quot;:&quot;\\u00a9 Eesti Rahva Muuseum&quot;,&quot;focal_length&quot;:&quot;0&quot;,&quot;iso&quot;:&quot;0&quot;,&quot;shutter_speed&quot;:&quot;0&quot;,&quot;title&quot;:&quot;&quot;,&quot;orientation&quot;:&quot;0&quot;}\" data-image-title=\"2355_4\" data-image-description=\"\" data-image-caption=\"\" data-large-file=\"https:\/\/blog.erm.ee\/wp-content\/uploads\/2016\/09\/2355_4-1024x628.jpg\" class=\"alignnone size-full wp-image-8393\" src=\"https:\/\/blog.erm.ee\/wp-content\/uploads\/2016\/09\/2355_4.jpg\" alt=\"2355_4\" width=\"1200\" height=\"736\" srcset=\"https:\/\/blog.erm.ee\/wp-content\/uploads\/2016\/09\/2355_4.jpg 1200w, https:\/\/blog.erm.ee\/wp-content\/uploads\/2016\/09\/2355_4-424x260.jpg 424w, https:\/\/blog.erm.ee\/wp-content\/uploads\/2016\/09\/2355_4-300x184.jpg 300w, https:\/\/blog.erm.ee\/wp-content\/uploads\/2016\/09\/2355_4-768x471.jpg 768w, https:\/\/blog.erm.ee\/wp-content\/uploads\/2016\/09\/2355_4-1024x628.jpg 1024w\" sizes=\"auto, (max-width: 1200px) 100vw, 1200px\" \/><\/a><em>Roosi 28 hoovivaade. Foto Harry Duglas, 1990. Praegu p\u00fc\u00fcavad pilku maalingud akendel.<\/em><\/p>\n<p><a href=\"https:\/\/blog.erm.ee\/wp-content\/uploads\/2016\/09\/2060_424.jpg\"><img loading=\"lazy\" decoding=\"async\" data-attachment-id=\"8394\" data-permalink=\"https:\/\/blog.erm.ee\/?attachment_id=8394#main\" data-orig-file=\"https:\/\/blog.erm.ee\/wp-content\/uploads\/2016\/09\/2060_424.jpg\" data-orig-size=\"1200,733\" data-comments-opened=\"1\" data-image-meta=\"{&quot;aperture&quot;:&quot;0&quot;,&quot;credit&quot;:&quot;&quot;,&quot;camera&quot;:&quot;&quot;,&quot;caption&quot;:&quot;&quot;,&quot;created_timestamp&quot;:&quot;1472725865&quot;,&quot;copyright&quot;:&quot;\\u00a9 Eesti Rahva Muuseum&quot;,&quot;focal_length&quot;:&quot;0&quot;,&quot;iso&quot;:&quot;0&quot;,&quot;shutter_speed&quot;:&quot;0&quot;,&quot;title&quot;:&quot;&quot;,&quot;orientation&quot;:&quot;0&quot;}\" data-image-title=\"2060_424\" data-image-description=\"\" data-image-caption=\"\" data-large-file=\"https:\/\/blog.erm.ee\/wp-content\/uploads\/2016\/09\/2060_424-1024x625.jpg\" class=\"alignnone size-full wp-image-8394\" src=\"https:\/\/blog.erm.ee\/wp-content\/uploads\/2016\/09\/2060_424.jpg\" alt=\"2060_424\" width=\"1200\" height=\"733\" srcset=\"https:\/\/blog.erm.ee\/wp-content\/uploads\/2016\/09\/2060_424.jpg 1200w, https:\/\/blog.erm.ee\/wp-content\/uploads\/2016\/09\/2060_424-426x260.jpg 426w, https:\/\/blog.erm.ee\/wp-content\/uploads\/2016\/09\/2060_424-300x183.jpg 300w, https:\/\/blog.erm.ee\/wp-content\/uploads\/2016\/09\/2060_424-768x469.jpg 768w, https:\/\/blog.erm.ee\/wp-content\/uploads\/2016\/09\/2060_424-1024x625.jpg 1024w\" sizes=\"auto, (max-width: 1200px) 100vw, 1200px\" \/><\/a><em>Roosi 29, Pika t\u00e4nava ristmikult. Foto Harry Duglas, 1984. ERM Fk 2060:424. Hoone h\u00e4vinud.<\/em><\/p>\n<p><a href=\"https:\/\/blog.erm.ee\/wp-content\/uploads\/2016\/09\/2379_144.jpg\"><img loading=\"lazy\" decoding=\"async\" data-attachment-id=\"8395\" data-permalink=\"https:\/\/blog.erm.ee\/?attachment_id=8395#main\" data-orig-file=\"https:\/\/blog.erm.ee\/wp-content\/uploads\/2016\/09\/2379_144.jpg\" data-orig-size=\"1200,746\" data-comments-opened=\"1\" data-image-meta=\"{&quot;aperture&quot;:&quot;0&quot;,&quot;credit&quot;:&quot;&quot;,&quot;camera&quot;:&quot;&quot;,&quot;caption&quot;:&quot;&quot;,&quot;created_timestamp&quot;:&quot;1472725915&quot;,&quot;copyright&quot;:&quot;\\u00a9 Eesti Rahva Muuseum&quot;,&quot;focal_length&quot;:&quot;0&quot;,&quot;iso&quot;:&quot;0&quot;,&quot;shutter_speed&quot;:&quot;0&quot;,&quot;title&quot;:&quot;&quot;,&quot;orientation&quot;:&quot;0&quot;}\" data-image-title=\"2379_144\" data-image-description=\"\" data-image-caption=\"\" data-large-file=\"https:\/\/blog.erm.ee\/wp-content\/uploads\/2016\/09\/2379_144-1024x637.jpg\" class=\"alignnone size-full wp-image-8395\" src=\"https:\/\/blog.erm.ee\/wp-content\/uploads\/2016\/09\/2379_144.jpg\" alt=\"2379_144\" width=\"1200\" height=\"746\" srcset=\"https:\/\/blog.erm.ee\/wp-content\/uploads\/2016\/09\/2379_144.jpg 1200w, https:\/\/blog.erm.ee\/wp-content\/uploads\/2016\/09\/2379_144-418x260.jpg 418w, https:\/\/blog.erm.ee\/wp-content\/uploads\/2016\/09\/2379_144-300x187.jpg 300w, https:\/\/blog.erm.ee\/wp-content\/uploads\/2016\/09\/2379_144-768x477.jpg 768w, https:\/\/blog.erm.ee\/wp-content\/uploads\/2016\/09\/2379_144-1024x637.jpg 1024w\" sizes=\"auto, (max-width: 1200px) 100vw, 1200px\" \/><\/a><em>Roosi 30, ehitatud enne s\u00f5da. Pildistamise ajal oli majas Tallinna kombinaat Esttorgtehnika Tartu osakond. Foto Harry Duglas, 1990. ERM Fk 2379:144<\/em><\/p>\n<p><a href=\"https:\/\/blog.erm.ee\/wp-content\/uploads\/2016\/09\/2379_147.jpg\"><img loading=\"lazy\" decoding=\"async\" data-attachment-id=\"8396\" data-permalink=\"https:\/\/blog.erm.ee\/?attachment_id=8396#main\" data-orig-file=\"https:\/\/blog.erm.ee\/wp-content\/uploads\/2016\/09\/2379_147.jpg\" data-orig-size=\"1200,745\" data-comments-opened=\"1\" data-image-meta=\"{&quot;aperture&quot;:&quot;0&quot;,&quot;credit&quot;:&quot;&quot;,&quot;camera&quot;:&quot;&quot;,&quot;caption&quot;:&quot;&quot;,&quot;created_timestamp&quot;:&quot;1472725946&quot;,&quot;copyright&quot;:&quot;\\u00a9 Eesti Rahva Muuseum&quot;,&quot;focal_length&quot;:&quot;0&quot;,&quot;iso&quot;:&quot;0&quot;,&quot;shutter_speed&quot;:&quot;0&quot;,&quot;title&quot;:&quot;&quot;,&quot;orientation&quot;:&quot;0&quot;}\" data-image-title=\"2379_147\" data-image-description=\"\" data-image-caption=\"\" data-large-file=\"https:\/\/blog.erm.ee\/wp-content\/uploads\/2016\/09\/2379_147-1024x636.jpg\" class=\"alignnone size-full wp-image-8396\" src=\"https:\/\/blog.erm.ee\/wp-content\/uploads\/2016\/09\/2379_147.jpg\" alt=\"2379_147\" width=\"1200\" height=\"745\" srcset=\"https:\/\/blog.erm.ee\/wp-content\/uploads\/2016\/09\/2379_147.jpg 1200w, https:\/\/blog.erm.ee\/wp-content\/uploads\/2016\/09\/2379_147-419x260.jpg 419w, https:\/\/blog.erm.ee\/wp-content\/uploads\/2016\/09\/2379_147-300x186.jpg 300w, https:\/\/blog.erm.ee\/wp-content\/uploads\/2016\/09\/2379_147-768x477.jpg 768w, https:\/\/blog.erm.ee\/wp-content\/uploads\/2016\/09\/2379_147-1024x636.jpg 1024w\" sizes=\"auto, (max-width: 1200px) 100vw, 1200px\" \/><\/a><em>Roosi 32, ehitatud u 1938. Foto Harry Duglas, 1990. ERM Fk 2379:147<\/em><\/p>\n<p><a href=\"https:\/\/blog.erm.ee\/wp-content\/uploads\/2016\/09\/2379_150.jpg\"><img loading=\"lazy\" decoding=\"async\" data-attachment-id=\"8397\" data-permalink=\"https:\/\/blog.erm.ee\/?attachment_id=8397#main\" data-orig-file=\"https:\/\/blog.erm.ee\/wp-content\/uploads\/2016\/09\/2379_150.jpg\" data-orig-size=\"1200,745\" data-comments-opened=\"1\" data-image-meta=\"{&quot;aperture&quot;:&quot;0&quot;,&quot;credit&quot;:&quot;&quot;,&quot;camera&quot;:&quot;&quot;,&quot;caption&quot;:&quot;&quot;,&quot;created_timestamp&quot;:&quot;1472725960&quot;,&quot;copyright&quot;:&quot;\\u00a9 Eesti Rahva Muuseum&quot;,&quot;focal_length&quot;:&quot;0&quot;,&quot;iso&quot;:&quot;0&quot;,&quot;shutter_speed&quot;:&quot;0&quot;,&quot;title&quot;:&quot;&quot;,&quot;orientation&quot;:&quot;0&quot;}\" data-image-title=\"2379_150\" data-image-description=\"\" data-image-caption=\"\" data-large-file=\"https:\/\/blog.erm.ee\/wp-content\/uploads\/2016\/09\/2379_150-1024x636.jpg\" class=\"alignnone size-full wp-image-8397\" src=\"https:\/\/blog.erm.ee\/wp-content\/uploads\/2016\/09\/2379_150.jpg\" alt=\"2379_150\" width=\"1200\" height=\"745\" srcset=\"https:\/\/blog.erm.ee\/wp-content\/uploads\/2016\/09\/2379_150.jpg 1200w, https:\/\/blog.erm.ee\/wp-content\/uploads\/2016\/09\/2379_150-419x260.jpg 419w, https:\/\/blog.erm.ee\/wp-content\/uploads\/2016\/09\/2379_150-300x186.jpg 300w, https:\/\/blog.erm.ee\/wp-content\/uploads\/2016\/09\/2379_150-768x477.jpg 768w, https:\/\/blog.erm.ee\/wp-content\/uploads\/2016\/09\/2379_150-1024x636.jpg 1024w\" sizes=\"auto, (max-width: 1200px) 100vw, 1200px\" \/><\/a><em>Roosi 34, ehitatud u 1938. Pooles majas asus varem kauplus. Foto Harry Duglas, 1990. ERM Fk 2379:150. Praegu on hoone parempoolne uks ja m\u00f5ned fassaadiaknad kinni m\u00fc\u00fcritud.<\/em><\/p>\n<p><a href=\"https:\/\/blog.erm.ee\/wp-content\/uploads\/2016\/09\/2355_6.jpg\"><img loading=\"lazy\" decoding=\"async\" data-attachment-id=\"8399\" data-permalink=\"https:\/\/blog.erm.ee\/?attachment_id=8399#main\" data-orig-file=\"https:\/\/blog.erm.ee\/wp-content\/uploads\/2016\/09\/2355_6.jpg\" data-orig-size=\"1200,743\" data-comments-opened=\"1\" data-image-meta=\"{&quot;aperture&quot;:&quot;0&quot;,&quot;credit&quot;:&quot;&quot;,&quot;camera&quot;:&quot;&quot;,&quot;caption&quot;:&quot;&quot;,&quot;created_timestamp&quot;:&quot;1472725666&quot;,&quot;copyright&quot;:&quot;\\u00a9 Eesti Rahva Muuseum&quot;,&quot;focal_length&quot;:&quot;0&quot;,&quot;iso&quot;:&quot;0&quot;,&quot;shutter_speed&quot;:&quot;0&quot;,&quot;title&quot;:&quot;&quot;,&quot;orientation&quot;:&quot;0&quot;}\" data-image-title=\"2355_6\" data-image-description=\"\" data-image-caption=\"\" data-large-file=\"https:\/\/blog.erm.ee\/wp-content\/uploads\/2016\/09\/2355_6-1024x634.jpg\" class=\"alignnone size-full wp-image-8399\" src=\"https:\/\/blog.erm.ee\/wp-content\/uploads\/2016\/09\/2355_6.jpg\" alt=\"2355_6\" width=\"1200\" height=\"743\" srcset=\"https:\/\/blog.erm.ee\/wp-content\/uploads\/2016\/09\/2355_6.jpg 1200w, https:\/\/blog.erm.ee\/wp-content\/uploads\/2016\/09\/2355_6-420x260.jpg 420w, https:\/\/blog.erm.ee\/wp-content\/uploads\/2016\/09\/2355_6-300x186.jpg 300w, https:\/\/blog.erm.ee\/wp-content\/uploads\/2016\/09\/2355_6-768x476.jpg 768w, https:\/\/blog.erm.ee\/wp-content\/uploads\/2016\/09\/2355_6-1024x634.jpg 1024w\" sizes=\"auto, (max-width: 1200px) 100vw, 1200px\" \/><\/a><em>Roosi 40 a. Hoovimaja, ehitatud enne s\u00f5da. Foto Harry Duglas, 1990. ERM Fk 2355:6<\/em><\/p>\n<p><a href=\"https:\/\/blog.erm.ee\/wp-content\/uploads\/2016\/09\/2060_290.jpg\"><img loading=\"lazy\" decoding=\"async\" data-attachment-id=\"8400\" data-permalink=\"https:\/\/blog.erm.ee\/?attachment_id=8400#main\" data-orig-file=\"https:\/\/blog.erm.ee\/wp-content\/uploads\/2016\/09\/2060_290.jpg\" data-orig-size=\"1200,727\" data-comments-opened=\"1\" data-image-meta=\"{&quot;aperture&quot;:&quot;0&quot;,&quot;credit&quot;:&quot;&quot;,&quot;camera&quot;:&quot;&quot;,&quot;caption&quot;:&quot;&quot;,&quot;created_timestamp&quot;:&quot;1472725816&quot;,&quot;copyright&quot;:&quot;\\u00a9 Eesti Rahva Muuseum&quot;,&quot;focal_length&quot;:&quot;0&quot;,&quot;iso&quot;:&quot;0&quot;,&quot;shutter_speed&quot;:&quot;0&quot;,&quot;title&quot;:&quot;&quot;,&quot;orientation&quot;:&quot;0&quot;}\" data-image-title=\"2060_290\" data-image-description=\"\" data-image-caption=\"\" data-large-file=\"https:\/\/blog.erm.ee\/wp-content\/uploads\/2016\/09\/2060_290-1024x620.jpg\" class=\"alignnone size-full wp-image-8400\" src=\"https:\/\/blog.erm.ee\/wp-content\/uploads\/2016\/09\/2060_290.jpg\" alt=\"2060_290\" width=\"1200\" height=\"727\" srcset=\"https:\/\/blog.erm.ee\/wp-content\/uploads\/2016\/09\/2060_290.jpg 1200w, https:\/\/blog.erm.ee\/wp-content\/uploads\/2016\/09\/2060_290-429x260.jpg 429w, https:\/\/blog.erm.ee\/wp-content\/uploads\/2016\/09\/2060_290-300x182.jpg 300w, https:\/\/blog.erm.ee\/wp-content\/uploads\/2016\/09\/2060_290-768x465.jpg 768w, https:\/\/blog.erm.ee\/wp-content\/uploads\/2016\/09\/2060_290-1024x620.jpg 1024w\" sizes=\"auto, (max-width: 1200px) 100vw, 1200px\" \/><\/a><em>Roosi 41. Foto Harry Duglas, 1984. ERM Fk 2060:290. Maja on varisemisohtlik ja seisab t\u00f5en\u00e4oliselt viimaseid hetki p\u00fcsti.<\/em><\/p>\n<p><a href=\"https:\/\/blog.erm.ee\/wp-content\/uploads\/2016\/09\/2379_154.jpg\"><img loading=\"lazy\" decoding=\"async\" data-attachment-id=\"8401\" data-permalink=\"https:\/\/blog.erm.ee\/?attachment_id=8401#main\" data-orig-file=\"https:\/\/blog.erm.ee\/wp-content\/uploads\/2016\/09\/2379_154.jpg\" data-orig-size=\"1200,741\" data-comments-opened=\"1\" data-image-meta=\"{&quot;aperture&quot;:&quot;0&quot;,&quot;credit&quot;:&quot;&quot;,&quot;camera&quot;:&quot;&quot;,&quot;caption&quot;:&quot;&quot;,&quot;created_timestamp&quot;:&quot;1472725975&quot;,&quot;copyright&quot;:&quot;\\u00a9 Eesti Rahva Muuseum&quot;,&quot;focal_length&quot;:&quot;0&quot;,&quot;iso&quot;:&quot;0&quot;,&quot;shutter_speed&quot;:&quot;0&quot;,&quot;title&quot;:&quot;&quot;,&quot;orientation&quot;:&quot;0&quot;}\" data-image-title=\"2379_154\" data-image-description=\"\" data-image-caption=\"\" data-large-file=\"https:\/\/blog.erm.ee\/wp-content\/uploads\/2016\/09\/2379_154-1024x632.jpg\" class=\"alignnone size-full wp-image-8401\" src=\"https:\/\/blog.erm.ee\/wp-content\/uploads\/2016\/09\/2379_154.jpg\" alt=\"2379_154\" width=\"1200\" height=\"741\" srcset=\"https:\/\/blog.erm.ee\/wp-content\/uploads\/2016\/09\/2379_154.jpg 1200w, https:\/\/blog.erm.ee\/wp-content\/uploads\/2016\/09\/2379_154-421x260.jpg 421w, https:\/\/blog.erm.ee\/wp-content\/uploads\/2016\/09\/2379_154-300x185.jpg 300w, https:\/\/blog.erm.ee\/wp-content\/uploads\/2016\/09\/2379_154-768x474.jpg 768w, https:\/\/blog.erm.ee\/wp-content\/uploads\/2016\/09\/2379_154-1024x632.jpg 1024w\" sizes=\"auto, (max-width: 1200px) 100vw, 1200px\" \/><\/a><em>Vanausuliste kalmistu v\u00e4rav ja Roosi 46 elamu (ehitatud enne s\u00f5da). Foto Harry Duglas, 1990. ERM Fk 2379:154. <\/em><\/p>\n<p>T\u00e4nap\u00e4eval on kalmistuv\u00e4ravale lisandunud vanausuliste rist; elamu on renoveeritud, sellele on paigaldatud uus katus ja seinavooderdus, mansardkorrusele on ehitatud aken, aknaluugid puuduvad.<\/p>\n<p><a href=\"https:\/\/blog.erm.ee\/wp-content\/uploads\/2016\/09\/2477_9.jpg\"><img loading=\"lazy\" decoding=\"async\" data-attachment-id=\"8402\" data-permalink=\"https:\/\/blog.erm.ee\/?attachment_id=8402#main\" data-orig-file=\"https:\/\/blog.erm.ee\/wp-content\/uploads\/2016\/09\/2477_9.jpg\" data-orig-size=\"1200,803\" data-comments-opened=\"1\" data-image-meta=\"{&quot;aperture&quot;:&quot;0&quot;,&quot;credit&quot;:&quot;&quot;,&quot;camera&quot;:&quot;&quot;,&quot;caption&quot;:&quot;&quot;,&quot;created_timestamp&quot;:&quot;1472725701&quot;,&quot;copyright&quot;:&quot;\\u00a9 Eesti Rahva Muuseum&quot;,&quot;focal_length&quot;:&quot;0&quot;,&quot;iso&quot;:&quot;0&quot;,&quot;shutter_speed&quot;:&quot;0&quot;,&quot;title&quot;:&quot;&quot;,&quot;orientation&quot;:&quot;0&quot;}\" data-image-title=\"2477_9\" data-image-description=\"\" data-image-caption=\"\" data-large-file=\"https:\/\/blog.erm.ee\/wp-content\/uploads\/2016\/09\/2477_9-1024x685.jpg\" class=\"alignnone size-full wp-image-8402\" src=\"https:\/\/blog.erm.ee\/wp-content\/uploads\/2016\/09\/2477_9.jpg\" alt=\"2477_9\" width=\"1200\" height=\"803\" srcset=\"https:\/\/blog.erm.ee\/wp-content\/uploads\/2016\/09\/2477_9.jpg 1200w, https:\/\/blog.erm.ee\/wp-content\/uploads\/2016\/09\/2477_9-389x260.jpg 389w, https:\/\/blog.erm.ee\/wp-content\/uploads\/2016\/09\/2477_9-300x201.jpg 300w, https:\/\/blog.erm.ee\/wp-content\/uploads\/2016\/09\/2477_9-768x514.jpg 768w, https:\/\/blog.erm.ee\/wp-content\/uploads\/2016\/09\/2477_9-1024x685.jpg 1024w\" sizes=\"auto, (max-width: 1200px) 100vw, 1200px\" \/><\/a><em>Juudi surnuaia v\u00e4rav ja piirdeaed. ERM Fk 2477_9. Foto J\u00fcri Karm, 1992.<\/em><\/p>\n<p>1895 rajati Roosi t\u00e4navale juudi kalmistu. Linnavalitsus andis maad tasuta vene vanausuliste kalmistu k\u00f5rval. Seda 293 s\u00fclla suurust maa-ala soovisid ka vanausulised ise, misp\u00e4rast oli juudi kogudusel tegemist, et t\u00e4idetakse just nende palve. V\u00e4rava ja \u00fcmbritseva aia katteks annetas rikas juudi kaupmees Itschok Kahn. Pinna silumise heaks tegid annetusi koguduse liikmed. Surnup\u00fchadeks 1895 oli k\u00f5ik korda seatud ja j\u00e4rgmise aasta 18. augustil ehitas Tartu kogudus kalmistule matusekambri. Tekst M. Michelsonilt. 2015 ehitati uus piirdeaed ja v\u00e4rav.<\/p>\n<p><a href=\"https:\/\/blog.erm.ee\/wp-content\/uploads\/2016\/09\/2379_156.jpg\"><img loading=\"lazy\" decoding=\"async\" data-attachment-id=\"8403\" data-permalink=\"https:\/\/blog.erm.ee\/?attachment_id=8403#main\" data-orig-file=\"https:\/\/blog.erm.ee\/wp-content\/uploads\/2016\/09\/2379_156.jpg\" data-orig-size=\"1200,747\" data-comments-opened=\"1\" data-image-meta=\"{&quot;aperture&quot;:&quot;0&quot;,&quot;credit&quot;:&quot;&quot;,&quot;camera&quot;:&quot;&quot;,&quot;caption&quot;:&quot;&quot;,&quot;created_timestamp&quot;:&quot;1472725992&quot;,&quot;copyright&quot;:&quot;\\u00a9 Eesti Rahva Muuseum&quot;,&quot;focal_length&quot;:&quot;0&quot;,&quot;iso&quot;:&quot;0&quot;,&quot;shutter_speed&quot;:&quot;0&quot;,&quot;title&quot;:&quot;&quot;,&quot;orientation&quot;:&quot;0&quot;}\" data-image-title=\"2379_156\" data-image-description=\"\" data-image-caption=\"\" data-large-file=\"https:\/\/blog.erm.ee\/wp-content\/uploads\/2016\/09\/2379_156-1024x637.jpg\" class=\"alignnone size-full wp-image-8403\" src=\"https:\/\/blog.erm.ee\/wp-content\/uploads\/2016\/09\/2379_156.jpg\" alt=\"2379_156\" width=\"1200\" height=\"747\" srcset=\"https:\/\/blog.erm.ee\/wp-content\/uploads\/2016\/09\/2379_156.jpg 1200w, https:\/\/blog.erm.ee\/wp-content\/uploads\/2016\/09\/2379_156-418x260.jpg 418w, https:\/\/blog.erm.ee\/wp-content\/uploads\/2016\/09\/2379_156-300x187.jpg 300w, https:\/\/blog.erm.ee\/wp-content\/uploads\/2016\/09\/2379_156-768x478.jpg 768w, https:\/\/blog.erm.ee\/wp-content\/uploads\/2016\/09\/2379_156-1024x637.jpg 1024w\" sizes=\"auto, (max-width: 1200px) 100vw, 1200px\" \/><\/a><em>Roosi 48, ehitatud u 1938. Foto Harry Duglas 1990. ERM Fk 2379:156. Renoveeritud.<\/em><\/p>\n<p><a href=\"https:\/\/blog.erm.ee\/wp-content\/uploads\/2016\/09\/2379_169.jpg\"><img loading=\"lazy\" decoding=\"async\" data-attachment-id=\"8404\" data-permalink=\"https:\/\/blog.erm.ee\/?attachment_id=8404#main\" data-orig-file=\"https:\/\/blog.erm.ee\/wp-content\/uploads\/2016\/09\/2379_169.jpg\" data-orig-size=\"1200,746\" data-comments-opened=\"1\" data-image-meta=\"{&quot;aperture&quot;:&quot;0&quot;,&quot;credit&quot;:&quot;&quot;,&quot;camera&quot;:&quot;&quot;,&quot;caption&quot;:&quot;&quot;,&quot;created_timestamp&quot;:&quot;1472726043&quot;,&quot;copyright&quot;:&quot;\\u00a9 Eesti Rahva Muuseum&quot;,&quot;focal_length&quot;:&quot;0&quot;,&quot;iso&quot;:&quot;0&quot;,&quot;shutter_speed&quot;:&quot;0&quot;,&quot;title&quot;:&quot;&quot;,&quot;orientation&quot;:&quot;0&quot;}\" data-image-title=\"2379_169\" data-image-description=\"\" data-image-caption=\"\" data-large-file=\"https:\/\/blog.erm.ee\/wp-content\/uploads\/2016\/09\/2379_169-1024x637.jpg\" class=\"alignnone size-full wp-image-8404\" src=\"https:\/\/blog.erm.ee\/wp-content\/uploads\/2016\/09\/2379_169.jpg\" alt=\"2379_169\" width=\"1200\" height=\"746\" srcset=\"https:\/\/blog.erm.ee\/wp-content\/uploads\/2016\/09\/2379_169.jpg 1200w, https:\/\/blog.erm.ee\/wp-content\/uploads\/2016\/09\/2379_169-418x260.jpg 418w, https:\/\/blog.erm.ee\/wp-content\/uploads\/2016\/09\/2379_169-300x187.jpg 300w, https:\/\/blog.erm.ee\/wp-content\/uploads\/2016\/09\/2379_169-768x477.jpg 768w, https:\/\/blog.erm.ee\/wp-content\/uploads\/2016\/09\/2379_169-1024x637.jpg 1024w\" sizes=\"auto, (max-width: 1200px) 100vw, 1200px\" \/><\/a><em>Roosi 59, ehitatud u 1938. Foto Harry Duglas, 1990. ERM Fk 2379:169. Renoveeritud, t\u00e4nap\u00e4eval laudvooderdusega.<\/em><\/p>\n<p><a href=\"https:\/\/blog.erm.ee\/wp-content\/uploads\/2016\/09\/2379_168.jpg\"><img loading=\"lazy\" decoding=\"async\" data-attachment-id=\"8405\" data-permalink=\"https:\/\/blog.erm.ee\/?attachment_id=8405#main\" data-orig-file=\"https:\/\/blog.erm.ee\/wp-content\/uploads\/2016\/09\/2379_168.jpg\" data-orig-size=\"1200,728\" data-comments-opened=\"1\" data-image-meta=\"{&quot;aperture&quot;:&quot;0&quot;,&quot;credit&quot;:&quot;&quot;,&quot;camera&quot;:&quot;&quot;,&quot;caption&quot;:&quot;&quot;,&quot;created_timestamp&quot;:&quot;1472726024&quot;,&quot;copyright&quot;:&quot;\\u00a9 Eesti Rahva Muuseum&quot;,&quot;focal_length&quot;:&quot;0&quot;,&quot;iso&quot;:&quot;0&quot;,&quot;shutter_speed&quot;:&quot;0&quot;,&quot;title&quot;:&quot;&quot;,&quot;orientation&quot;:&quot;0&quot;}\" data-image-title=\"2379_168\" data-image-description=\"\" data-image-caption=\"\" data-large-file=\"https:\/\/blog.erm.ee\/wp-content\/uploads\/2016\/09\/2379_168-1024x621.jpg\" class=\"alignnone size-full wp-image-8405\" src=\"https:\/\/blog.erm.ee\/wp-content\/uploads\/2016\/09\/2379_168.jpg\" alt=\"2379_168\" width=\"1200\" height=\"728\" srcset=\"https:\/\/blog.erm.ee\/wp-content\/uploads\/2016\/09\/2379_168.jpg 1200w, https:\/\/blog.erm.ee\/wp-content\/uploads\/2016\/09\/2379_168-429x260.jpg 429w, https:\/\/blog.erm.ee\/wp-content\/uploads\/2016\/09\/2379_168-300x182.jpg 300w, https:\/\/blog.erm.ee\/wp-content\/uploads\/2016\/09\/2379_168-768x466.jpg 768w, https:\/\/blog.erm.ee\/wp-content\/uploads\/2016\/09\/2379_168-1024x621.jpg 1024w\" sizes=\"auto, (max-width: 1200px) 100vw, 1200px\" \/><\/a><em>Roosi 61, ehitatud u 1938. Foto Harry Duglas, 1990. ERM Fk 2379:168. Renoveeritud.<\/em><\/p>\n<div class=\"fcbkbttn_buttons_block\" id=\"fcbkbttn_left\"><div class=\"fcbkbttn_like \"><fb:like href=\"https:\/\/blog.erm.ee\/?p=8372\" action=\"like\" colorscheme=\"light\" layout=\"standard\"  width=\"225px\" size=\"small\"><\/fb:like><\/div><div class=\"fb-share-button  \" data-href=\"https:\/\/blog.erm.ee\/?p=8372\" data-type=\"button\" data-size=\"small\"><\/div><\/div>","protected":false},"excerpt":{"rendered":"<p>Tiina Tael, peaarhivaar Roosi t\u00e4nav on k\u00f5ige otsem tee, mis kesklinnast uue Eesti Rahva Muuseumini viib. Viimaste aastatega on tee tublisti muutunud: Jaama t\u00e4nava ja Muuseumi tee vahelisel l\u00f5igul on n\u00fc\u00fcd jalak\u00e4ijate promenaad ning muuseumi avamiseks n\u00e4ib kogu t\u00e4nav saavat uhke v\u00e4ljan\u00e4gemise, mis p\u00e4\u00e4dib tee l\u00f5pus t\u00e4navanimele kohaselt suure roosiv\u00e4ljaga muuseumi ees. T\u00f5en\u00e4oliselt muutub see&hellip;<\/p>\n","protected":false},"author":1,"featured_media":8380,"comment_status":"open","ping_status":"open","sticky":false,"template":"","format":"standard","meta":{"_monsterinsights_skip_tracking":false,"_monsterinsights_sitenote_active":false,"_monsterinsights_sitenote_note":"","_monsterinsights_sitenote_category":0,"jetpack_post_was_ever_published":false,"_jetpack_newsletter_access":"","_jetpack_dont_email_post_to_subs":false,"_jetpack_newsletter_tier_id":0,"_jetpack_memberships_contains_paywalled_content":false,"_jetpack_memberships_contains_paid_content":false,"footnotes":""},"categories":[6],"tags":[],"class_list":["post-8372","post","type-post","status-publish","format-standard","has-post-thumbnail","hentry","category-foto"],"yoast_head":"<!-- This site is optimized with the Yoast SEO plugin v27.5 - https:\/\/yoast.com\/product\/yoast-seo-wordpress\/ -->\n<title>Uulitsast promenaadiks - vaateid Roosi t\u00e4navalt - Eesti Rahva Muuseumi ajaveeb<\/title>\n<meta name=\"robots\" content=\"index, follow, max-snippet:-1, max-image-preview:large, max-video-preview:-1\" \/>\n<link rel=\"canonical\" href=\"https:\/\/blog.erm.ee\/?p=8372\" \/>\n<meta property=\"og:locale\" content=\"et_EE\" \/>\n<meta property=\"og:type\" content=\"article\" \/>\n<meta property=\"og:title\" content=\"Uulitsast promenaadiks - vaateid Roosi t\u00e4navalt - Eesti Rahva Muuseumi ajaveeb\" \/>\n<meta property=\"og:description\" content=\"Tiina Tael, peaarhivaar Roosi t\u00e4nav on k\u00f5ige otsem tee, mis kesklinnast uue Eesti Rahva Muuseumini viib. Viimaste aastatega on tee tublisti muutunud: Jaama t\u00e4nava ja Muuseumi tee vahelisel l\u00f5igul on n\u00fc\u00fcd jalak\u00e4ijate promenaad ning muuseumi avamiseks n\u00e4ib kogu t\u00e4nav saavat uhke v\u00e4ljan\u00e4gemise, mis p\u00e4\u00e4dib tee l\u00f5pus t\u00e4navanimele kohaselt suure roosiv\u00e4ljaga muuseumi ees. T\u00f5en\u00e4oliselt muutub see&hellip;\" \/>\n<meta property=\"og:url\" content=\"https:\/\/blog.erm.ee\/?p=8372\" \/>\n<meta property=\"og:site_name\" content=\"Eesti Rahva Muuseumi ajaveeb\" \/>\n<meta property=\"article:published_time\" content=\"2016-09-06T03:12:42+00:00\" \/>\n<meta property=\"article:modified_time\" content=\"2016-09-06T08:47:40+00:00\" \/>\n<meta property=\"og:image\" content=\"https:\/\/blog.erm.ee\/wp-content\/uploads\/2016\/09\/2060_283.jpg\" \/>\n\t<meta property=\"og:image:width\" content=\"1200\" \/>\n\t<meta property=\"og:image:height\" content=\"734\" \/>\n\t<meta property=\"og:image:type\" content=\"image\/jpeg\" \/>\n<meta name=\"author\" content=\"Eesti Rahva Muuseum\" \/>\n<meta name=\"twitter:card\" content=\"summary_large_image\" \/>\n<meta name=\"twitter:label1\" content=\"Written by\" \/>\n\t<meta name=\"twitter:data1\" content=\"Eesti Rahva Muuseum\" \/>\n\t<meta name=\"twitter:label2\" content=\"Est. reading time\" \/>\n\t<meta name=\"twitter:data2\" content=\"5 minutit\" \/>\n<script type=\"application\/ld+json\" class=\"yoast-schema-graph\">{\"@context\":\"https:\\\/\\\/schema.org\",\"@graph\":[{\"@type\":\"Article\",\"@id\":\"https:\\\/\\\/blog.erm.ee\\\/?p=8372#article\",\"isPartOf\":{\"@id\":\"https:\\\/\\\/blog.erm.ee\\\/?p=8372\"},\"author\":{\"name\":\"Eesti Rahva Muuseum\",\"@id\":\"https:\\\/\\\/blog.erm.ee\\\/#\\\/schema\\\/person\\\/6e98c391cb00a33e7c22a3571e062114\"},\"headline\":\"Uulitsast promenaadiks &#8211; vaateid Roosi t\u00e4navalt\",\"datePublished\":\"2016-09-06T03:12:42+00:00\",\"dateModified\":\"2016-09-06T08:47:40+00:00\",\"mainEntityOfPage\":{\"@id\":\"https:\\\/\\\/blog.erm.ee\\\/?p=8372\"},\"wordCount\":974,\"commentCount\":6,\"image\":{\"@id\":\"https:\\\/\\\/blog.erm.ee\\\/?p=8372#primaryimage\"},\"thumbnailUrl\":\"https:\\\/\\\/blog.erm.ee\\\/wp-content\\\/uploads\\\/2016\\\/09\\\/2060_283.jpg\",\"articleSection\":[\"Foto\"],\"inLanguage\":\"et\",\"potentialAction\":[{\"@type\":\"CommentAction\",\"name\":\"Comment\",\"target\":[\"https:\\\/\\\/blog.erm.ee\\\/?p=8372#respond\"]}]},{\"@type\":\"WebPage\",\"@id\":\"https:\\\/\\\/blog.erm.ee\\\/?p=8372\",\"url\":\"https:\\\/\\\/blog.erm.ee\\\/?p=8372\",\"name\":\"Uulitsast promenaadiks - vaateid Roosi t\u00e4navalt - Eesti Rahva Muuseumi ajaveeb\",\"isPartOf\":{\"@id\":\"https:\\\/\\\/blog.erm.ee\\\/#website\"},\"primaryImageOfPage\":{\"@id\":\"https:\\\/\\\/blog.erm.ee\\\/?p=8372#primaryimage\"},\"image\":{\"@id\":\"https:\\\/\\\/blog.erm.ee\\\/?p=8372#primaryimage\"},\"thumbnailUrl\":\"https:\\\/\\\/blog.erm.ee\\\/wp-content\\\/uploads\\\/2016\\\/09\\\/2060_283.jpg\",\"datePublished\":\"2016-09-06T03:12:42+00:00\",\"dateModified\":\"2016-09-06T08:47:40+00:00\",\"author\":{\"@id\":\"https:\\\/\\\/blog.erm.ee\\\/#\\\/schema\\\/person\\\/6e98c391cb00a33e7c22a3571e062114\"},\"breadcrumb\":{\"@id\":\"https:\\\/\\\/blog.erm.ee\\\/?p=8372#breadcrumb\"},\"inLanguage\":\"et\",\"potentialAction\":[{\"@type\":\"ReadAction\",\"target\":[\"https:\\\/\\\/blog.erm.ee\\\/?p=8372\"]}]},{\"@type\":\"ImageObject\",\"inLanguage\":\"et\",\"@id\":\"https:\\\/\\\/blog.erm.ee\\\/?p=8372#primaryimage\",\"url\":\"https:\\\/\\\/blog.erm.ee\\\/wp-content\\\/uploads\\\/2016\\\/09\\\/2060_283.jpg\",\"contentUrl\":\"https:\\\/\\\/blog.erm.ee\\\/wp-content\\\/uploads\\\/2016\\\/09\\\/2060_283.jpg\",\"width\":1200,\"height\":734},{\"@type\":\"BreadcrumbList\",\"@id\":\"https:\\\/\\\/blog.erm.ee\\\/?p=8372#breadcrumb\",\"itemListElement\":[{\"@type\":\"ListItem\",\"position\":1,\"name\":\"Home\",\"item\":\"https:\\\/\\\/blog.erm.ee\\\/\"},{\"@type\":\"ListItem\",\"position\":2,\"name\":\"Uulitsast promenaadiks &#8211; vaateid Roosi t\u00e4navalt\"}]},{\"@type\":\"WebSite\",\"@id\":\"https:\\\/\\\/blog.erm.ee\\\/#website\",\"url\":\"https:\\\/\\\/blog.erm.ee\\\/\",\"name\":\"Eesti Rahva Muuseumi ajaveeb\",\"description\":\"\",\"potentialAction\":[{\"@type\":\"SearchAction\",\"target\":{\"@type\":\"EntryPoint\",\"urlTemplate\":\"https:\\\/\\\/blog.erm.ee\\\/?s={search_term_string}\"},\"query-input\":{\"@type\":\"PropertyValueSpecification\",\"valueRequired\":true,\"valueName\":\"search_term_string\"}}],\"inLanguage\":\"et\"},{\"@type\":\"Person\",\"@id\":\"https:\\\/\\\/blog.erm.ee\\\/#\\\/schema\\\/person\\\/6e98c391cb00a33e7c22a3571e062114\",\"name\":\"Eesti Rahva Muuseum\",\"image\":{\"@type\":\"ImageObject\",\"inLanguage\":\"et\",\"@id\":\"https:\\\/\\\/secure.gravatar.com\\\/avatar\\\/cb6d9ad5fb49f3f7315028ce5fe60641075f2cb52b8a058ff5a985fa2d8c1da0?s=96&d=mm&r=g\",\"url\":\"https:\\\/\\\/secure.gravatar.com\\\/avatar\\\/cb6d9ad5fb49f3f7315028ce5fe60641075f2cb52b8a058ff5a985fa2d8c1da0?s=96&d=mm&r=g\",\"contentUrl\":\"https:\\\/\\\/secure.gravatar.com\\\/avatar\\\/cb6d9ad5fb49f3f7315028ce5fe60641075f2cb52b8a058ff5a985fa2d8c1da0?s=96&d=mm&r=g\",\"caption\":\"Eesti Rahva Muuseum\"},\"sameAs\":[\"http:\\\/\\\/www.erm.ee\"],\"url\":\"https:\\\/\\\/blog.erm.ee\\\/?author=1\"}]}<\/script>\n<!-- \/ Yoast SEO plugin. -->","yoast_head_json":{"title":"Uulitsast promenaadiks - vaateid Roosi t\u00e4navalt - Eesti Rahva Muuseumi ajaveeb","robots":{"index":"index","follow":"follow","max-snippet":"max-snippet:-1","max-image-preview":"max-image-preview:large","max-video-preview":"max-video-preview:-1"},"canonical":"https:\/\/blog.erm.ee\/?p=8372","og_locale":"et_EE","og_type":"article","og_title":"Uulitsast promenaadiks - vaateid Roosi t\u00e4navalt - Eesti Rahva Muuseumi ajaveeb","og_description":"Tiina Tael, peaarhivaar Roosi t\u00e4nav on k\u00f5ige otsem tee, mis kesklinnast uue Eesti Rahva Muuseumini viib. Viimaste aastatega on tee tublisti muutunud: Jaama t\u00e4nava ja Muuseumi tee vahelisel l\u00f5igul on n\u00fc\u00fcd jalak\u00e4ijate promenaad ning muuseumi avamiseks n\u00e4ib kogu t\u00e4nav saavat uhke v\u00e4ljan\u00e4gemise, mis p\u00e4\u00e4dib tee l\u00f5pus t\u00e4navanimele kohaselt suure roosiv\u00e4ljaga muuseumi ees. T\u00f5en\u00e4oliselt muutub see&hellip;","og_url":"https:\/\/blog.erm.ee\/?p=8372","og_site_name":"Eesti Rahva Muuseumi ajaveeb","article_published_time":"2016-09-06T03:12:42+00:00","article_modified_time":"2016-09-06T08:47:40+00:00","og_image":[{"width":1200,"height":734,"url":"https:\/\/blog.erm.ee\/wp-content\/uploads\/2016\/09\/2060_283.jpg","type":"image\/jpeg"}],"author":"Eesti Rahva Muuseum","twitter_card":"summary_large_image","twitter_misc":{"Written by":"Eesti Rahva Muuseum","Est. reading time":"5 minutit"},"schema":{"@context":"https:\/\/schema.org","@graph":[{"@type":"Article","@id":"https:\/\/blog.erm.ee\/?p=8372#article","isPartOf":{"@id":"https:\/\/blog.erm.ee\/?p=8372"},"author":{"name":"Eesti Rahva Muuseum","@id":"https:\/\/blog.erm.ee\/#\/schema\/person\/6e98c391cb00a33e7c22a3571e062114"},"headline":"Uulitsast promenaadiks &#8211; vaateid Roosi t\u00e4navalt","datePublished":"2016-09-06T03:12:42+00:00","dateModified":"2016-09-06T08:47:40+00:00","mainEntityOfPage":{"@id":"https:\/\/blog.erm.ee\/?p=8372"},"wordCount":974,"commentCount":6,"image":{"@id":"https:\/\/blog.erm.ee\/?p=8372#primaryimage"},"thumbnailUrl":"https:\/\/blog.erm.ee\/wp-content\/uploads\/2016\/09\/2060_283.jpg","articleSection":["Foto"],"inLanguage":"et","potentialAction":[{"@type":"CommentAction","name":"Comment","target":["https:\/\/blog.erm.ee\/?p=8372#respond"]}]},{"@type":"WebPage","@id":"https:\/\/blog.erm.ee\/?p=8372","url":"https:\/\/blog.erm.ee\/?p=8372","name":"Uulitsast promenaadiks - vaateid Roosi t\u00e4navalt - Eesti Rahva Muuseumi ajaveeb","isPartOf":{"@id":"https:\/\/blog.erm.ee\/#website"},"primaryImageOfPage":{"@id":"https:\/\/blog.erm.ee\/?p=8372#primaryimage"},"image":{"@id":"https:\/\/blog.erm.ee\/?p=8372#primaryimage"},"thumbnailUrl":"https:\/\/blog.erm.ee\/wp-content\/uploads\/2016\/09\/2060_283.jpg","datePublished":"2016-09-06T03:12:42+00:00","dateModified":"2016-09-06T08:47:40+00:00","author":{"@id":"https:\/\/blog.erm.ee\/#\/schema\/person\/6e98c391cb00a33e7c22a3571e062114"},"breadcrumb":{"@id":"https:\/\/blog.erm.ee\/?p=8372#breadcrumb"},"inLanguage":"et","potentialAction":[{"@type":"ReadAction","target":["https:\/\/blog.erm.ee\/?p=8372"]}]},{"@type":"ImageObject","inLanguage":"et","@id":"https:\/\/blog.erm.ee\/?p=8372#primaryimage","url":"https:\/\/blog.erm.ee\/wp-content\/uploads\/2016\/09\/2060_283.jpg","contentUrl":"https:\/\/blog.erm.ee\/wp-content\/uploads\/2016\/09\/2060_283.jpg","width":1200,"height":734},{"@type":"BreadcrumbList","@id":"https:\/\/blog.erm.ee\/?p=8372#breadcrumb","itemListElement":[{"@type":"ListItem","position":1,"name":"Home","item":"https:\/\/blog.erm.ee\/"},{"@type":"ListItem","position":2,"name":"Uulitsast promenaadiks &#8211; vaateid Roosi t\u00e4navalt"}]},{"@type":"WebSite","@id":"https:\/\/blog.erm.ee\/#website","url":"https:\/\/blog.erm.ee\/","name":"Eesti Rahva Muuseumi ajaveeb","description":"","potentialAction":[{"@type":"SearchAction","target":{"@type":"EntryPoint","urlTemplate":"https:\/\/blog.erm.ee\/?s={search_term_string}"},"query-input":{"@type":"PropertyValueSpecification","valueRequired":true,"valueName":"search_term_string"}}],"inLanguage":"et"},{"@type":"Person","@id":"https:\/\/blog.erm.ee\/#\/schema\/person\/6e98c391cb00a33e7c22a3571e062114","name":"Eesti Rahva Muuseum","image":{"@type":"ImageObject","inLanguage":"et","@id":"https:\/\/secure.gravatar.com\/avatar\/cb6d9ad5fb49f3f7315028ce5fe60641075f2cb52b8a058ff5a985fa2d8c1da0?s=96&d=mm&r=g","url":"https:\/\/secure.gravatar.com\/avatar\/cb6d9ad5fb49f3f7315028ce5fe60641075f2cb52b8a058ff5a985fa2d8c1da0?s=96&d=mm&r=g","contentUrl":"https:\/\/secure.gravatar.com\/avatar\/cb6d9ad5fb49f3f7315028ce5fe60641075f2cb52b8a058ff5a985fa2d8c1da0?s=96&d=mm&r=g","caption":"Eesti Rahva Muuseum"},"sameAs":["http:\/\/www.erm.ee"],"url":"https:\/\/blog.erm.ee\/?author=1"}]}},"jetpack_featured_media_url":"https:\/\/blog.erm.ee\/wp-content\/uploads\/2016\/09\/2060_283.jpg","jetpack_shortlink":"https:\/\/wp.me\/p2l9Zd-2b2","jetpack_sharing_enabled":true,"jetpack_likes_enabled":true,"_links":{"self":[{"href":"https:\/\/blog.erm.ee\/index.php?rest_route=\/wp\/v2\/posts\/8372","targetHints":{"allow":["GET"]}}],"collection":[{"href":"https:\/\/blog.erm.ee\/index.php?rest_route=\/wp\/v2\/posts"}],"about":[{"href":"https:\/\/blog.erm.ee\/index.php?rest_route=\/wp\/v2\/types\/post"}],"author":[{"embeddable":true,"href":"https:\/\/blog.erm.ee\/index.php?rest_route=\/wp\/v2\/users\/1"}],"replies":[{"embeddable":true,"href":"https:\/\/blog.erm.ee\/index.php?rest_route=%2Fwp%2Fv2%2Fcomments&post=8372"}],"version-history":[{"count":9,"href":"https:\/\/blog.erm.ee\/index.php?rest_route=\/wp\/v2\/posts\/8372\/revisions"}],"predecessor-version":[{"id":8415,"href":"https:\/\/blog.erm.ee\/index.php?rest_route=\/wp\/v2\/posts\/8372\/revisions\/8415"}],"wp:featuredmedia":[{"embeddable":true,"href":"https:\/\/blog.erm.ee\/index.php?rest_route=\/wp\/v2\/media\/8380"}],"wp:attachment":[{"href":"https:\/\/blog.erm.ee\/index.php?rest_route=%2Fwp%2Fv2%2Fmedia&parent=8372"}],"wp:term":[{"taxonomy":"category","embeddable":true,"href":"https:\/\/blog.erm.ee\/index.php?rest_route=%2Fwp%2Fv2%2Fcategories&post=8372"},{"taxonomy":"post_tag","embeddable":true,"href":"https:\/\/blog.erm.ee\/index.php?rest_route=%2Fwp%2Fv2%2Ftags&post=8372"}],"curies":[{"name":"wp","href":"https:\/\/api.w.org\/{rel}","templated":true}]}}