{"id":8009,"date":"2016-04-26T07:59:56","date_gmt":"2016-04-26T04:59:56","guid":{"rendered":"http:\/\/blog.erm.ee\/?p=8009"},"modified":"2016-04-26T12:04:36","modified_gmt":"2016-04-26T09:04:36","slug":"habemikud-ja-vuntsilised","status":"publish","type":"post","link":"https:\/\/blog.erm.ee\/?p=8009","title":{"rendered":"Habemikud ja vuntsilised"},"content":{"rendered":"<div class=\"fcbkbttn_buttons_block\" id=\"fcbkbttn_left\"><div class=\"fcbkbttn_like \"><fb:like href=\"https:\/\/blog.erm.ee\/?p=8009\" action=\"like\" colorscheme=\"light\" layout=\"standard\"  width=\"225px\" size=\"small\"><\/fb:like><\/div><div class=\"fb-share-button  \" data-href=\"https:\/\/blog.erm.ee\/?p=8009\" data-type=\"button\" data-size=\"small\"><\/div><\/div><p><em>Siret Saar, koguhoidja<\/em><\/p>\n<p>Habemed ning vuntsid on toredad, sest need lisavad n\u00e4ole karakteersust ja ilmekust. \u00dctled <em>habe<\/em> ja kohe meenuvad Lev Tolstoi ja Fidel Castro; \u00fctled <em>vuntsid<\/em> ja silme ees kangastuvad Salvador Dali ja Freddy Mercury \u2013 v\u00e4gevad mehed k\u00f5ik.<\/p>\n<p>Kindlasti on tegemist ka praktilise moesuunaga. Targad teadlased on v\u00e4lja arvestanud, et mehed kulutavad n\u00e4o raseerimisele keskmiselt 5 kuud kogu elust. Kandes vuntse, on v\u00f5imalik seda 1 kuu v\u00f5rra l\u00fchendada. Mis siis veel habemest r\u00e4\u00e4kida!<\/p>\n<p>Tundub, et habe on soositum kui vuntsid \u2013 habemega kujutatakse heas\u00fcdamlikku pereisa, professorit, karuse olekuga \u00f5rna hingega meremeest. Vuntsid kipuvad viitama inimesele, kes on teistsugune. \u00dcksnes vuntsidega j\u00f5uluvana tunduks \u00fcsna kahtlane.<\/p>\n<p>Siin on pildigalerii habekatest ning vurrulistest ERMi fotokogu p\u00f5hjal.<\/p>\n<p><strong>\u017dabookujuline ehk meremehe habe<\/strong><\/p>\n<p><strong><a href=\"https:\/\/blog.erm.ee\/wp-content\/uploads\/2016\/04\/021183_ERM_Fk_166_8.jpg\"><img loading=\"lazy\" decoding=\"async\" data-attachment-id=\"8014\" data-permalink=\"https:\/\/blog.erm.ee\/?attachment_id=8014#main\" data-orig-file=\"https:\/\/blog.erm.ee\/wp-content\/uploads\/2016\/04\/021183_ERM_Fk_166_8.jpg\" data-orig-size=\"886,1200\" data-comments-opened=\"1\" data-image-meta=\"{&quot;aperture&quot;:&quot;0&quot;,&quot;credit&quot;:&quot;&quot;,&quot;camera&quot;:&quot;&quot;,&quot;caption&quot;:&quot;&quot;,&quot;created_timestamp&quot;:&quot;0&quot;,&quot;copyright&quot;:&quot;&quot;,&quot;focal_length&quot;:&quot;0&quot;,&quot;iso&quot;:&quot;0&quot;,&quot;shutter_speed&quot;:&quot;0&quot;,&quot;title&quot;:&quot;&quot;,&quot;orientation&quot;:&quot;0&quot;}\" data-image-title=\"021183_ERM_Fk_166_8\" data-image-description=\"\" data-image-caption=\"\" data-large-file=\"https:\/\/blog.erm.ee\/wp-content\/uploads\/2016\/04\/021183_ERM_Fk_166_8-756x1024.jpg\" class=\"alignnone size-full wp-image-8014\" src=\"https:\/\/blog.erm.ee\/wp-content\/uploads\/2016\/04\/021183_ERM_Fk_166_8.jpg\" alt=\"021183_ERM_Fk_166_8\" width=\"886\" height=\"1200\" srcset=\"https:\/\/blog.erm.ee\/wp-content\/uploads\/2016\/04\/021183_ERM_Fk_166_8.jpg 886w, https:\/\/blog.erm.ee\/wp-content\/uploads\/2016\/04\/021183_ERM_Fk_166_8-192x260.jpg 192w, https:\/\/blog.erm.ee\/wp-content\/uploads\/2016\/04\/021183_ERM_Fk_166_8-222x300.jpg 222w, https:\/\/blog.erm.ee\/wp-content\/uploads\/2016\/04\/021183_ERM_Fk_166_8-768x1040.jpg 768w, https:\/\/blog.erm.ee\/wp-content\/uploads\/2016\/04\/021183_ERM_Fk_166_8-756x1024.jpg 756w\" sizes=\"auto, (max-width: 886px) 100vw, 886px\" \/><\/a><\/strong><em>Prof A. Landau antropoloogilised \u00fclesv\u00f5tted liivlastest ja l\u00e4tlastest 1907. a Vindavi ligidal. ERM Fk 166:8 <\/em><\/p>\n<p><a href=\"https:\/\/blog.erm.ee\/wp-content\/uploads\/2016\/04\/021505_ERM_Fk_172_21.jpg\"><img loading=\"lazy\" decoding=\"async\" data-attachment-id=\"8015\" data-permalink=\"https:\/\/blog.erm.ee\/?attachment_id=8015#main\" data-orig-file=\"https:\/\/blog.erm.ee\/wp-content\/uploads\/2016\/04\/021505_ERM_Fk_172_21.jpg\" data-orig-size=\"831,1200\" data-comments-opened=\"1\" data-image-meta=\"{&quot;aperture&quot;:&quot;0&quot;,&quot;credit&quot;:&quot;&quot;,&quot;camera&quot;:&quot;&quot;,&quot;caption&quot;:&quot;&quot;,&quot;created_timestamp&quot;:&quot;0&quot;,&quot;copyright&quot;:&quot;&quot;,&quot;focal_length&quot;:&quot;0&quot;,&quot;iso&quot;:&quot;0&quot;,&quot;shutter_speed&quot;:&quot;0&quot;,&quot;title&quot;:&quot;&quot;,&quot;orientation&quot;:&quot;0&quot;}\" data-image-title=\"021505_ERM_Fk_172_21\" data-image-description=\"\" data-image-caption=\"\" data-large-file=\"https:\/\/blog.erm.ee\/wp-content\/uploads\/2016\/04\/021505_ERM_Fk_172_21-709x1024.jpg\" class=\"alignnone size-full wp-image-8015\" src=\"https:\/\/blog.erm.ee\/wp-content\/uploads\/2016\/04\/021505_ERM_Fk_172_21.jpg\" alt=\"021505_ERM_Fk_172_21\" width=\"831\" height=\"1200\" srcset=\"https:\/\/blog.erm.ee\/wp-content\/uploads\/2016\/04\/021505_ERM_Fk_172_21.jpg 831w, https:\/\/blog.erm.ee\/wp-content\/uploads\/2016\/04\/021505_ERM_Fk_172_21-180x260.jpg 180w, https:\/\/blog.erm.ee\/wp-content\/uploads\/2016\/04\/021505_ERM_Fk_172_21-208x300.jpg 208w, https:\/\/blog.erm.ee\/wp-content\/uploads\/2016\/04\/021505_ERM_Fk_172_21-768x1109.jpg 768w, https:\/\/blog.erm.ee\/wp-content\/uploads\/2016\/04\/021505_ERM_Fk_172_21-709x1024.jpg 709w\" sizes=\"auto, (max-width: 831px) 100vw, 831px\" \/><\/a><em>Foto: O. Kallas 1894 K\u00e4inas. ERM Fk 172:21<\/em><\/p>\n<p><a href=\"https:\/\/blog.erm.ee\/wp-content\/uploads\/2016\/04\/021202_ERM_Fk_166_27.jpg\"><img loading=\"lazy\" decoding=\"async\" data-attachment-id=\"8016\" data-permalink=\"https:\/\/blog.erm.ee\/?attachment_id=8016#main\" data-orig-file=\"https:\/\/blog.erm.ee\/wp-content\/uploads\/2016\/04\/021202_ERM_Fk_166_27.jpg\" data-orig-size=\"913,1200\" data-comments-opened=\"1\" data-image-meta=\"{&quot;aperture&quot;:&quot;0&quot;,&quot;credit&quot;:&quot;&quot;,&quot;camera&quot;:&quot;&quot;,&quot;caption&quot;:&quot;&quot;,&quot;created_timestamp&quot;:&quot;0&quot;,&quot;copyright&quot;:&quot;&quot;,&quot;focal_length&quot;:&quot;0&quot;,&quot;iso&quot;:&quot;0&quot;,&quot;shutter_speed&quot;:&quot;0&quot;,&quot;title&quot;:&quot;&quot;,&quot;orientation&quot;:&quot;0&quot;}\" data-image-title=\"021202_ERM_Fk_166_27\" data-image-description=\"\" data-image-caption=\"\" data-large-file=\"https:\/\/blog.erm.ee\/wp-content\/uploads\/2016\/04\/021202_ERM_Fk_166_27-779x1024.jpg\" class=\"alignnone size-full wp-image-8016\" src=\"https:\/\/blog.erm.ee\/wp-content\/uploads\/2016\/04\/021202_ERM_Fk_166_27.jpg\" alt=\"021202_ERM_Fk_166_27\" width=\"913\" height=\"1200\" srcset=\"https:\/\/blog.erm.ee\/wp-content\/uploads\/2016\/04\/021202_ERM_Fk_166_27.jpg 913w, https:\/\/blog.erm.ee\/wp-content\/uploads\/2016\/04\/021202_ERM_Fk_166_27-198x260.jpg 198w, https:\/\/blog.erm.ee\/wp-content\/uploads\/2016\/04\/021202_ERM_Fk_166_27-228x300.jpg 228w, https:\/\/blog.erm.ee\/wp-content\/uploads\/2016\/04\/021202_ERM_Fk_166_27-768x1009.jpg 768w, https:\/\/blog.erm.ee\/wp-content\/uploads\/2016\/04\/021202_ERM_Fk_166_27-779x1024.jpg 779w\" sizes=\"auto, (max-width: 913px) 100vw, 913px\" \/><\/a><em>Prof A. Landau antropoloogilised \u00fclesv\u00f5tted liivlastest ja l\u00e4tlastest 1907. a Vindavi ligidal. ERM Fk 166:27<\/em><\/p>\n<p><strong>Ristk\u00fclikukujuline ehk vene habe<\/strong><\/p>\n<p><a href=\"https:\/\/blog.erm.ee\/wp-content\/uploads\/2016\/04\/082834_ERM_Fk_2644_11980.jpg\"><img loading=\"lazy\" decoding=\"async\" data-attachment-id=\"8017\" data-permalink=\"https:\/\/blog.erm.ee\/?attachment_id=8017#main\" data-orig-file=\"https:\/\/blog.erm.ee\/wp-content\/uploads\/2016\/04\/082834_ERM_Fk_2644_11980.jpg\" data-orig-size=\"785,1200\" data-comments-opened=\"1\" data-image-meta=\"{&quot;aperture&quot;:&quot;0&quot;,&quot;credit&quot;:&quot;&quot;,&quot;camera&quot;:&quot;&quot;,&quot;caption&quot;:&quot;&quot;,&quot;created_timestamp&quot;:&quot;0&quot;,&quot;copyright&quot;:&quot;\\u00a9 Eesti Rahva Muuseum&quot;,&quot;focal_length&quot;:&quot;0&quot;,&quot;iso&quot;:&quot;0&quot;,&quot;shutter_speed&quot;:&quot;0&quot;,&quot;title&quot;:&quot;&quot;,&quot;orientation&quot;:&quot;0&quot;}\" data-image-title=\"082834_ERM_Fk_2644_11980\" data-image-description=\"\" data-image-caption=\"\" data-large-file=\"https:\/\/blog.erm.ee\/wp-content\/uploads\/2016\/04\/082834_ERM_Fk_2644_11980-670x1024.jpg\" class=\"alignnone size-full wp-image-8017\" src=\"https:\/\/blog.erm.ee\/wp-content\/uploads\/2016\/04\/082834_ERM_Fk_2644_11980.jpg\" alt=\"082834_ERM_Fk_2644_11980\" width=\"785\" height=\"1200\" srcset=\"https:\/\/blog.erm.ee\/wp-content\/uploads\/2016\/04\/082834_ERM_Fk_2644_11980.jpg 785w, https:\/\/blog.erm.ee\/wp-content\/uploads\/2016\/04\/082834_ERM_Fk_2644_11980-170x260.jpg 170w, https:\/\/blog.erm.ee\/wp-content\/uploads\/2016\/04\/082834_ERM_Fk_2644_11980-196x300.jpg 196w, https:\/\/blog.erm.ee\/wp-content\/uploads\/2016\/04\/082834_ERM_Fk_2644_11980-768x1174.jpg 768w, https:\/\/blog.erm.ee\/wp-content\/uploads\/2016\/04\/082834_ERM_Fk_2644_11980-670x1024.jpg 670w\" sizes=\"auto, (max-width: 785px) 100vw, 785px\" \/><\/a><em>Foto: V. Salmre 1973-1980. ERM Fk 2644:11980<\/em><\/p>\n<p><a href=\"https:\/\/blog.erm.ee\/wp-content\/uploads\/2016\/04\/025611_ERM_Fk_375_138.jpg\"><img loading=\"lazy\" decoding=\"async\" data-attachment-id=\"8018\" data-permalink=\"https:\/\/blog.erm.ee\/?attachment_id=8018#main\" data-orig-file=\"https:\/\/blog.erm.ee\/wp-content\/uploads\/2016\/04\/025611_ERM_Fk_375_138.jpg\" data-orig-size=\"761,1200\" data-comments-opened=\"1\" data-image-meta=\"{&quot;aperture&quot;:&quot;0&quot;,&quot;credit&quot;:&quot;&quot;,&quot;camera&quot;:&quot;&quot;,&quot;caption&quot;:&quot;&quot;,&quot;created_timestamp&quot;:&quot;0&quot;,&quot;copyright&quot;:&quot;&quot;,&quot;focal_length&quot;:&quot;0&quot;,&quot;iso&quot;:&quot;0&quot;,&quot;shutter_speed&quot;:&quot;0&quot;,&quot;title&quot;:&quot;&quot;,&quot;orientation&quot;:&quot;0&quot;}\" data-image-title=\"025611_ERM_Fk_375_138\" data-image-description=\"\" data-image-caption=\"\" data-large-file=\"https:\/\/blog.erm.ee\/wp-content\/uploads\/2016\/04\/025611_ERM_Fk_375_138-649x1024.jpg\" class=\"alignnone size-full wp-image-8018\" src=\"https:\/\/blog.erm.ee\/wp-content\/uploads\/2016\/04\/025611_ERM_Fk_375_138.jpg\" alt=\"025611_ERM_Fk_375_138\" width=\"761\" height=\"1200\" srcset=\"https:\/\/blog.erm.ee\/wp-content\/uploads\/2016\/04\/025611_ERM_Fk_375_138.jpg 761w, https:\/\/blog.erm.ee\/wp-content\/uploads\/2016\/04\/025611_ERM_Fk_375_138-165x260.jpg 165w, https:\/\/blog.erm.ee\/wp-content\/uploads\/2016\/04\/025611_ERM_Fk_375_138-190x300.jpg 190w, https:\/\/blog.erm.ee\/wp-content\/uploads\/2016\/04\/025611_ERM_Fk_375_138-649x1024.jpg 649w\" sizes=\"auto, (max-width: 761px) 100vw, 761px\" \/><\/a><em>Foto: R. Sachker. ERM Fk 375:138<\/em><\/p>\n<p><a href=\"https:\/\/blog.erm.ee\/wp-content\/uploads\/2016\/04\/020487_ERM_Fk_111_54.jpg\"><img loading=\"lazy\" decoding=\"async\" data-attachment-id=\"8019\" data-permalink=\"https:\/\/blog.erm.ee\/?attachment_id=8019#main\" data-orig-file=\"https:\/\/blog.erm.ee\/wp-content\/uploads\/2016\/04\/020487_ERM_Fk_111_54.jpg\" data-orig-size=\"774,1200\" data-comments-opened=\"1\" data-image-meta=\"{&quot;aperture&quot;:&quot;0&quot;,&quot;credit&quot;:&quot;&quot;,&quot;camera&quot;:&quot;&quot;,&quot;caption&quot;:&quot;&quot;,&quot;created_timestamp&quot;:&quot;0&quot;,&quot;copyright&quot;:&quot;&quot;,&quot;focal_length&quot;:&quot;0&quot;,&quot;iso&quot;:&quot;0&quot;,&quot;shutter_speed&quot;:&quot;0&quot;,&quot;title&quot;:&quot;&quot;,&quot;orientation&quot;:&quot;0&quot;}\" data-image-title=\"020487_ERM_Fk_111_54\" data-image-description=\"\" data-image-caption=\"\" data-large-file=\"https:\/\/blog.erm.ee\/wp-content\/uploads\/2016\/04\/020487_ERM_Fk_111_54-660x1024.jpg\" class=\"alignnone size-full wp-image-8019\" src=\"https:\/\/blog.erm.ee\/wp-content\/uploads\/2016\/04\/020487_ERM_Fk_111_54.jpg\" alt=\"020487_ERM_Fk_111_54\" width=\"774\" height=\"1200\" srcset=\"https:\/\/blog.erm.ee\/wp-content\/uploads\/2016\/04\/020487_ERM_Fk_111_54.jpg 774w, https:\/\/blog.erm.ee\/wp-content\/uploads\/2016\/04\/020487_ERM_Fk_111_54-168x260.jpg 168w, https:\/\/blog.erm.ee\/wp-content\/uploads\/2016\/04\/020487_ERM_Fk_111_54-194x300.jpg 194w, https:\/\/blog.erm.ee\/wp-content\/uploads\/2016\/04\/020487_ERM_Fk_111_54-768x1191.jpg 768w, https:\/\/blog.erm.ee\/wp-content\/uploads\/2016\/04\/020487_ERM_Fk_111_54-660x1024.jpg 660w\" sizes=\"auto, (max-width: 774px) 100vw, 774px\" \/><\/a><em>Foto: A. Arro. ERM Fk 111:54<\/em><\/p>\n<p><a href=\"https:\/\/blog.erm.ee\/wp-content\/uploads\/2016\/04\/025579_ERM_Fk_375_106.jpg\"><img loading=\"lazy\" decoding=\"async\" data-attachment-id=\"8020\" data-permalink=\"https:\/\/blog.erm.ee\/?attachment_id=8020#main\" data-orig-file=\"https:\/\/blog.erm.ee\/wp-content\/uploads\/2016\/04\/025579_ERM_Fk_375_106.jpg\" data-orig-size=\"832,1200\" data-comments-opened=\"1\" data-image-meta=\"{&quot;aperture&quot;:&quot;0&quot;,&quot;credit&quot;:&quot;&quot;,&quot;camera&quot;:&quot;&quot;,&quot;caption&quot;:&quot;&quot;,&quot;created_timestamp&quot;:&quot;0&quot;,&quot;copyright&quot;:&quot;&quot;,&quot;focal_length&quot;:&quot;0&quot;,&quot;iso&quot;:&quot;0&quot;,&quot;shutter_speed&quot;:&quot;0&quot;,&quot;title&quot;:&quot;&quot;,&quot;orientation&quot;:&quot;0&quot;}\" data-image-title=\"025579_ERM_Fk_375_106\" data-image-description=\"\" data-image-caption=\"\" data-large-file=\"https:\/\/blog.erm.ee\/wp-content\/uploads\/2016\/04\/025579_ERM_Fk_375_106-710x1024.jpg\" class=\"alignnone size-full wp-image-8020\" src=\"https:\/\/blog.erm.ee\/wp-content\/uploads\/2016\/04\/025579_ERM_Fk_375_106.jpg\" alt=\"025579_ERM_Fk_375_106\" width=\"832\" height=\"1200\" srcset=\"https:\/\/blog.erm.ee\/wp-content\/uploads\/2016\/04\/025579_ERM_Fk_375_106.jpg 832w, https:\/\/blog.erm.ee\/wp-content\/uploads\/2016\/04\/025579_ERM_Fk_375_106-180x260.jpg 180w, https:\/\/blog.erm.ee\/wp-content\/uploads\/2016\/04\/025579_ERM_Fk_375_106-208x300.jpg 208w, https:\/\/blog.erm.ee\/wp-content\/uploads\/2016\/04\/025579_ERM_Fk_375_106-768x1108.jpg 768w, https:\/\/blog.erm.ee\/wp-content\/uploads\/2016\/04\/025579_ERM_Fk_375_106-710x1024.jpg 710w\" sizes=\"auto, (max-width: 832px) 100vw, 832px\" \/><\/a><em>Foto: R. Sachker. ERM Fk 375:106<\/em><\/p>\n<p><strong>Ovaalne habe <\/strong><\/p>\n<p><a href=\"https:\/\/blog.erm.ee\/wp-content\/uploads\/2016\/04\/021205_ERM_Fk_166_30.jpg\"><img loading=\"lazy\" decoding=\"async\" data-attachment-id=\"8021\" data-permalink=\"https:\/\/blog.erm.ee\/?attachment_id=8021#main\" data-orig-file=\"https:\/\/blog.erm.ee\/wp-content\/uploads\/2016\/04\/021205_ERM_Fk_166_30.jpg\" data-orig-size=\"882,1200\" data-comments-opened=\"1\" data-image-meta=\"{&quot;aperture&quot;:&quot;0&quot;,&quot;credit&quot;:&quot;&quot;,&quot;camera&quot;:&quot;&quot;,&quot;caption&quot;:&quot;&quot;,&quot;created_timestamp&quot;:&quot;0&quot;,&quot;copyright&quot;:&quot;&quot;,&quot;focal_length&quot;:&quot;0&quot;,&quot;iso&quot;:&quot;0&quot;,&quot;shutter_speed&quot;:&quot;0&quot;,&quot;title&quot;:&quot;&quot;,&quot;orientation&quot;:&quot;0&quot;}\" data-image-title=\"021205_ERM_Fk_166_30\" data-image-description=\"\" data-image-caption=\"\" data-large-file=\"https:\/\/blog.erm.ee\/wp-content\/uploads\/2016\/04\/021205_ERM_Fk_166_30-753x1024.jpg\" class=\"alignnone size-full wp-image-8021\" src=\"https:\/\/blog.erm.ee\/wp-content\/uploads\/2016\/04\/021205_ERM_Fk_166_30.jpg\" alt=\"021205_ERM_Fk_166_30\" width=\"882\" height=\"1200\" srcset=\"https:\/\/blog.erm.ee\/wp-content\/uploads\/2016\/04\/021205_ERM_Fk_166_30.jpg 882w, https:\/\/blog.erm.ee\/wp-content\/uploads\/2016\/04\/021205_ERM_Fk_166_30-191x260.jpg 191w, https:\/\/blog.erm.ee\/wp-content\/uploads\/2016\/04\/021205_ERM_Fk_166_30-221x300.jpg 221w, https:\/\/blog.erm.ee\/wp-content\/uploads\/2016\/04\/021205_ERM_Fk_166_30-768x1045.jpg 768w, https:\/\/blog.erm.ee\/wp-content\/uploads\/2016\/04\/021205_ERM_Fk_166_30-753x1024.jpg 753w\" sizes=\"auto, (max-width: 882px) 100vw, 882px\" \/><\/a><em>Prof A. Landau antropoloogilised \u00fclesv\u00f5tted liivlastest ja l\u00e4tlastest 1907. a Vindavi ligidal. ERM Fk 166:30<\/em><\/p>\n<p><a href=\"https:\/\/blog.erm.ee\/wp-content\/uploads\/2016\/04\/338431_ERM_Fk_2964_1272.jpg\"><img loading=\"lazy\" decoding=\"async\" data-attachment-id=\"8022\" data-permalink=\"https:\/\/blog.erm.ee\/?attachment_id=8022#main\" data-orig-file=\"https:\/\/blog.erm.ee\/wp-content\/uploads\/2016\/04\/338431_ERM_Fk_2964_1272.jpg\" data-orig-size=\"773,1200\" data-comments-opened=\"1\" data-image-meta=\"{&quot;aperture&quot;:&quot;0&quot;,&quot;credit&quot;:&quot;&quot;,&quot;camera&quot;:&quot;&quot;,&quot;caption&quot;:&quot;&quot;,&quot;created_timestamp&quot;:&quot;0&quot;,&quot;copyright&quot;:&quot;&quot;,&quot;focal_length&quot;:&quot;0&quot;,&quot;iso&quot;:&quot;0&quot;,&quot;shutter_speed&quot;:&quot;0&quot;,&quot;title&quot;:&quot;&quot;,&quot;orientation&quot;:&quot;0&quot;}\" data-image-title=\"338431_ERM_Fk_2964_1272\" data-image-description=\"\" data-image-caption=\"\" data-large-file=\"https:\/\/blog.erm.ee\/wp-content\/uploads\/2016\/04\/338431_ERM_Fk_2964_1272-660x1024.jpg\" class=\"alignnone size-full wp-image-8022\" src=\"https:\/\/blog.erm.ee\/wp-content\/uploads\/2016\/04\/338431_ERM_Fk_2964_1272.jpg\" alt=\"338431_ERM_Fk_2964_1272\" width=\"773\" height=\"1200\" srcset=\"https:\/\/blog.erm.ee\/wp-content\/uploads\/2016\/04\/338431_ERM_Fk_2964_1272.jpg 773w, https:\/\/blog.erm.ee\/wp-content\/uploads\/2016\/04\/338431_ERM_Fk_2964_1272-167x260.jpg 167w, https:\/\/blog.erm.ee\/wp-content\/uploads\/2016\/04\/338431_ERM_Fk_2964_1272-193x300.jpg 193w, https:\/\/blog.erm.ee\/wp-content\/uploads\/2016\/04\/338431_ERM_Fk_2964_1272-768x1192.jpg 768w, https:\/\/blog.erm.ee\/wp-content\/uploads\/2016\/04\/338431_ERM_Fk_2964_1272-660x1024.jpg 660w\" sizes=\"auto, (max-width: 773px) 100vw, 773px\" \/><\/a><em>Foto: M. Ansu 1992. ERM Fk 2964:1272<\/em><\/p>\n<p><strong>R\u00f5ngashabe<\/strong><\/p>\n<p><a href=\"https:\/\/blog.erm.ee\/wp-content\/uploads\/2016\/04\/026736_ERM_Fk_447_8.jpg\"><img loading=\"lazy\" decoding=\"async\" data-attachment-id=\"8023\" data-permalink=\"https:\/\/blog.erm.ee\/?attachment_id=8023#main\" data-orig-file=\"https:\/\/blog.erm.ee\/wp-content\/uploads\/2016\/04\/026736_ERM_Fk_447_8.jpg\" data-orig-size=\"847,1200\" data-comments-opened=\"1\" data-image-meta=\"{&quot;aperture&quot;:&quot;0&quot;,&quot;credit&quot;:&quot;&quot;,&quot;camera&quot;:&quot;&quot;,&quot;caption&quot;:&quot;&quot;,&quot;created_timestamp&quot;:&quot;0&quot;,&quot;copyright&quot;:&quot;&quot;,&quot;focal_length&quot;:&quot;0&quot;,&quot;iso&quot;:&quot;0&quot;,&quot;shutter_speed&quot;:&quot;0&quot;,&quot;title&quot;:&quot;&quot;,&quot;orientation&quot;:&quot;0&quot;}\" data-image-title=\"026736_ERM_Fk_447_8\" data-image-description=\"\" data-image-caption=\"\" data-large-file=\"https:\/\/blog.erm.ee\/wp-content\/uploads\/2016\/04\/026736_ERM_Fk_447_8-723x1024.jpg\" class=\"alignnone size-full wp-image-8023\" src=\"https:\/\/blog.erm.ee\/wp-content\/uploads\/2016\/04\/026736_ERM_Fk_447_8.jpg\" alt=\"026736_ERM_Fk_447_8\" width=\"847\" height=\"1200\" srcset=\"https:\/\/blog.erm.ee\/wp-content\/uploads\/2016\/04\/026736_ERM_Fk_447_8.jpg 847w, https:\/\/blog.erm.ee\/wp-content\/uploads\/2016\/04\/026736_ERM_Fk_447_8-184x260.jpg 184w, https:\/\/blog.erm.ee\/wp-content\/uploads\/2016\/04\/026736_ERM_Fk_447_8-212x300.jpg 212w, https:\/\/blog.erm.ee\/wp-content\/uploads\/2016\/04\/026736_ERM_Fk_447_8-768x1088.jpg 768w, https:\/\/blog.erm.ee\/wp-content\/uploads\/2016\/04\/026736_ERM_Fk_447_8-723x1024.jpg 723w\" sizes=\"auto, (max-width: 847px) 100vw, 847px\" \/><\/a><em>Foto: E. Allas 1895 P\u00f6ide. ERM Fk 447:8<\/em><\/p>\n<p><strong>Pikad vuntsid<\/strong><\/p>\n<p><a href=\"https:\/\/blog.erm.ee\/wp-content\/uploads\/2016\/04\/083182_ERM_Fk_2644_12328.jpg\"><img loading=\"lazy\" decoding=\"async\" data-attachment-id=\"8024\" data-permalink=\"https:\/\/blog.erm.ee\/?attachment_id=8024#main\" data-orig-file=\"https:\/\/blog.erm.ee\/wp-content\/uploads\/2016\/04\/083182_ERM_Fk_2644_12328.jpg\" data-orig-size=\"1200,800\" data-comments-opened=\"1\" data-image-meta=\"{&quot;aperture&quot;:&quot;0&quot;,&quot;credit&quot;:&quot;&quot;,&quot;camera&quot;:&quot;&quot;,&quot;caption&quot;:&quot;&quot;,&quot;created_timestamp&quot;:&quot;0&quot;,&quot;copyright&quot;:&quot;\\u00a9 Eesti Rahva Muuseum&quot;,&quot;focal_length&quot;:&quot;0&quot;,&quot;iso&quot;:&quot;0&quot;,&quot;shutter_speed&quot;:&quot;0&quot;,&quot;title&quot;:&quot;&quot;,&quot;orientation&quot;:&quot;0&quot;}\" data-image-title=\"083182_ERM_Fk_2644_12328\" data-image-description=\"\" data-image-caption=\"\" data-large-file=\"https:\/\/blog.erm.ee\/wp-content\/uploads\/2016\/04\/083182_ERM_Fk_2644_12328-1024x683.jpg\" class=\"alignnone size-full wp-image-8024\" src=\"https:\/\/blog.erm.ee\/wp-content\/uploads\/2016\/04\/083182_ERM_Fk_2644_12328.jpg\" alt=\"083182_ERM_Fk_2644_12328\" width=\"1200\" height=\"800\" srcset=\"https:\/\/blog.erm.ee\/wp-content\/uploads\/2016\/04\/083182_ERM_Fk_2644_12328.jpg 1200w, https:\/\/blog.erm.ee\/wp-content\/uploads\/2016\/04\/083182_ERM_Fk_2644_12328-390x260.jpg 390w, https:\/\/blog.erm.ee\/wp-content\/uploads\/2016\/04\/083182_ERM_Fk_2644_12328-300x200.jpg 300w, https:\/\/blog.erm.ee\/wp-content\/uploads\/2016\/04\/083182_ERM_Fk_2644_12328-768x512.jpg 768w, https:\/\/blog.erm.ee\/wp-content\/uploads\/2016\/04\/083182_ERM_Fk_2644_12328-1024x683.jpg 1024w\" sizes=\"auto, (max-width: 1200px) 100vw, 1200px\" \/><\/a><em>Foto: V. Salmre 1975-1985. ERM Fk 2644:12328<\/em><\/p>\n<p><a href=\"https:\/\/blog.erm.ee\/wp-content\/uploads\/2016\/04\/341195_ERM_Fk_2971_923.jpg\"><img loading=\"lazy\" decoding=\"async\" data-attachment-id=\"8025\" data-permalink=\"https:\/\/blog.erm.ee\/?attachment_id=8025#main\" data-orig-file=\"https:\/\/blog.erm.ee\/wp-content\/uploads\/2016\/04\/341195_ERM_Fk_2971_923.jpg\" data-orig-size=\"782,1200\" data-comments-opened=\"1\" data-image-meta=\"{&quot;aperture&quot;:&quot;0&quot;,&quot;credit&quot;:&quot;&quot;,&quot;camera&quot;:&quot;&quot;,&quot;caption&quot;:&quot;&quot;,&quot;created_timestamp&quot;:&quot;0&quot;,&quot;copyright&quot;:&quot;&quot;,&quot;focal_length&quot;:&quot;0&quot;,&quot;iso&quot;:&quot;0&quot;,&quot;shutter_speed&quot;:&quot;0&quot;,&quot;title&quot;:&quot;&quot;,&quot;orientation&quot;:&quot;0&quot;}\" data-image-title=\"341195_ERM_Fk_2971_923\" data-image-description=\"\" data-image-caption=\"\" data-large-file=\"https:\/\/blog.erm.ee\/wp-content\/uploads\/2016\/04\/341195_ERM_Fk_2971_923-667x1024.jpg\" class=\"alignnone size-full wp-image-8025\" src=\"https:\/\/blog.erm.ee\/wp-content\/uploads\/2016\/04\/341195_ERM_Fk_2971_923.jpg\" alt=\"341195_ERM_Fk_2971_923\" width=\"782\" height=\"1200\" srcset=\"https:\/\/blog.erm.ee\/wp-content\/uploads\/2016\/04\/341195_ERM_Fk_2971_923.jpg 782w, https:\/\/blog.erm.ee\/wp-content\/uploads\/2016\/04\/341195_ERM_Fk_2971_923-169x260.jpg 169w, https:\/\/blog.erm.ee\/wp-content\/uploads\/2016\/04\/341195_ERM_Fk_2971_923-196x300.jpg 196w, https:\/\/blog.erm.ee\/wp-content\/uploads\/2016\/04\/341195_ERM_Fk_2971_923-768x1179.jpg 768w, https:\/\/blog.erm.ee\/wp-content\/uploads\/2016\/04\/341195_ERM_Fk_2971_923-667x1024.jpg 667w\" sizes=\"auto, (max-width: 782px) 100vw, 782px\" \/><\/a><em>Foto: J. Eelmets u 1992. ERM Fk 2971:923.<\/em><\/p>\n<p><strong>Klassikalised vuntsid<\/strong><\/p>\n<p><img loading=\"lazy\" decoding=\"async\" data-attachment-id=\"8026\" data-permalink=\"https:\/\/blog.erm.ee\/?attachment_id=8026#main\" data-orig-file=\"https:\/\/blog.erm.ee\/wp-content\/uploads\/2016\/04\/349122_ERM_Fk_2977_537.jpg\" data-orig-size=\"623,1200\" data-comments-opened=\"1\" data-image-meta=\"{&quot;aperture&quot;:&quot;0&quot;,&quot;credit&quot;:&quot;&quot;,&quot;camera&quot;:&quot;&quot;,&quot;caption&quot;:&quot;[#Beginning of Shooting Data Section]\\rNikon D200\\rFocal Length: 50mm\\rOptimize Image: Custom\\rColor Mode: Mode II (Adobe RGB)\\rLong Exposure NR: Off\\rHigh ISO NR: Off\\r2012\/11\/21 15:21:48.5\\rExposure Mode: Manual\\rWhite Balance: Preset d-1\\rTone Comp.: User-Defined Custom Curve\\rRAW (12-bit)\\rMetering Mode: Center-Weighted\\rAF Mode: AF-S\\rHue Adjustment: 0\\u00b0\\rImage Size: Large (3872 x 2592)\\r1\/8 sec - F\/7.1\\rFlash Sync Mode: Not Attached\\rSaturation: Normal\\rColor\\rExposure Comp.: 0 EV\\rSharpening: High\\rLens: 50mm F\/2.8 D\\rSensitivity: ISO 100\\rImage Comment:                                     \\r[#End of Shooting Data Section]&quot;,&quot;created_timestamp&quot;:&quot;1353511308&quot;,&quot;copyright&quot;:&quot;&quot;,&quot;focal_length&quot;:&quot;0&quot;,&quot;iso&quot;:&quot;0&quot;,&quot;shutter_speed&quot;:&quot;0&quot;,&quot;title&quot;:&quot;&quot;,&quot;orientation&quot;:&quot;0&quot;}\" data-image-title=\"349122_ERM_Fk_2977_537\" data-image-description=\"\" data-image-caption=\"&lt;p&gt;[#Beginning of Shooting Data Section]&lt;br \/&gt;\nNikon D200&lt;br \/&gt;\nFocal Length: 50mm&lt;br \/&gt;\nOptimize Image: Custom&lt;br \/&gt;\nColor Mode: Mode II (Adobe RGB)&lt;br \/&gt;\nLong Exposure NR: Off&lt;br \/&gt;\nHigh ISO NR: Off&lt;br \/&gt;\n2012\/11\/21 15:21:48.5&lt;br \/&gt;\nExposure Mode: Manual&lt;br \/&gt;\nWhite Balance: Preset d-1&lt;br \/&gt;\nTone Comp.: User-Defined Custom Curve&lt;br \/&gt;\nRAW (12-bit)&lt;br \/&gt;\nMetering Mode: Center-Weighted&lt;br \/&gt;\nAF Mode: AF-S&lt;br \/&gt;\nHue Adjustment: 0\u00b0&lt;br \/&gt;\nImage Size: Large (3872 x 2592)&lt;br \/&gt;\n1\/8 sec &amp;#8211; F\/7.1&lt;br \/&gt;\nFlash Sync Mode: Not Attached&lt;br \/&gt;\nSaturation: Normal&lt;br \/&gt;\nColor&lt;br \/&gt;\nExposure Comp.: 0 EV&lt;br \/&gt;\nSharpening: High&lt;br \/&gt;\nLens: 50mm F\/2.8 D&lt;br \/&gt;\nSensitivity: ISO 100&lt;br \/&gt;\nImage Comment:&lt;br \/&gt;\n[#End of Shooting Data Section]&lt;\/p&gt;\n\" data-large-file=\"https:\/\/blog.erm.ee\/wp-content\/uploads\/2016\/04\/349122_ERM_Fk_2977_537-532x1024.jpg\" class=\"size-full wp-image-8026\" src=\"https:\/\/blog.erm.ee\/wp-content\/uploads\/2016\/04\/349122_ERM_Fk_2977_537.jpg\" alt=\"[#Beginning of Shooting Data Section] Nikon D200 Focal Length: 50mm Optimize Image: Custom Color Mode: Mode II (Adobe RGB) Long Exposure NR: Off High ISO NR: Off 2012\/11\/21 15:21:48.5 Exposure Mode: Manual White Balance: Preset d-1 Tone Comp.: User-Defined Custom Curve RAW (12-bit) Metering Mode: Center-Weighted AF Mode: AF-S Hue Adjustment: 0\u00b0 Image Size: Large (3872 x 2592) 1\/8 sec - F\/7.1 Flash Sync Mode: Not Attached Saturation: Normal Color Exposure Comp.: 0 EV Sharpening: High Lens: 50mm F\/2.8 D Sensitivity: ISO 100 Image Comment: [#End of Shooting Data Section]\" width=\"623\" height=\"1200\" srcset=\"https:\/\/blog.erm.ee\/wp-content\/uploads\/2016\/04\/349122_ERM_Fk_2977_537.jpg 623w, https:\/\/blog.erm.ee\/wp-content\/uploads\/2016\/04\/349122_ERM_Fk_2977_537-135x260.jpg 135w, https:\/\/blog.erm.ee\/wp-content\/uploads\/2016\/04\/349122_ERM_Fk_2977_537-156x300.jpg 156w, https:\/\/blog.erm.ee\/wp-content\/uploads\/2016\/04\/349122_ERM_Fk_2977_537-532x1024.jpg 532w\" sizes=\"auto, (max-width: 623px) 100vw, 623px\" \/><\/p>\n<p><em>Digikoopia A-T. Merisalu fotokogust. ERM Fk 2977:537<\/em><\/p>\n<p><a href=\"https:\/\/blog.erm.ee\/wp-content\/uploads\/2016\/04\/340617_ERM_Fk_2971_345.jpg\"><img loading=\"lazy\" decoding=\"async\" data-attachment-id=\"8027\" data-permalink=\"https:\/\/blog.erm.ee\/?attachment_id=8027#main\" data-orig-file=\"https:\/\/blog.erm.ee\/wp-content\/uploads\/2016\/04\/340617_ERM_Fk_2971_345.jpg\" data-orig-size=\"1200,775\" data-comments-opened=\"1\" data-image-meta=\"{&quot;aperture&quot;:&quot;0&quot;,&quot;credit&quot;:&quot;&quot;,&quot;camera&quot;:&quot;&quot;,&quot;caption&quot;:&quot;&quot;,&quot;created_timestamp&quot;:&quot;0&quot;,&quot;copyright&quot;:&quot;&quot;,&quot;focal_length&quot;:&quot;0&quot;,&quot;iso&quot;:&quot;0&quot;,&quot;shutter_speed&quot;:&quot;0&quot;,&quot;title&quot;:&quot;&quot;,&quot;orientation&quot;:&quot;0&quot;}\" data-image-title=\"340617_ERM_Fk_2971_345\" data-image-description=\"\" data-image-caption=\"\" data-large-file=\"https:\/\/blog.erm.ee\/wp-content\/uploads\/2016\/04\/340617_ERM_Fk_2971_345-1024x661.jpg\" class=\"alignnone size-full wp-image-8027\" src=\"https:\/\/blog.erm.ee\/wp-content\/uploads\/2016\/04\/340617_ERM_Fk_2971_345.jpg\" alt=\"340617_ERM_Fk_2971_345\" width=\"1200\" height=\"775\" srcset=\"https:\/\/blog.erm.ee\/wp-content\/uploads\/2016\/04\/340617_ERM_Fk_2971_345.jpg 1200w, https:\/\/blog.erm.ee\/wp-content\/uploads\/2016\/04\/340617_ERM_Fk_2971_345-403x260.jpg 403w, https:\/\/blog.erm.ee\/wp-content\/uploads\/2016\/04\/340617_ERM_Fk_2971_345-300x194.jpg 300w, https:\/\/blog.erm.ee\/wp-content\/uploads\/2016\/04\/340617_ERM_Fk_2971_345-768x496.jpg 768w, https:\/\/blog.erm.ee\/wp-content\/uploads\/2016\/04\/340617_ERM_Fk_2971_345-1024x661.jpg 1024w\" sizes=\"auto, (max-width: 1200px) 100vw, 1200px\" \/><\/a><em>Foto: J. Eelmets 1992. ERM Fk 2971:345<\/em><\/p>\n<p><a href=\"https:\/\/blog.erm.ee\/wp-content\/uploads\/2016\/04\/097863_ERM_Fk_535_7.jpg\"><img loading=\"lazy\" decoding=\"async\" data-attachment-id=\"8028\" data-permalink=\"https:\/\/blog.erm.ee\/?attachment_id=8028#main\" data-orig-file=\"https:\/\/blog.erm.ee\/wp-content\/uploads\/2016\/04\/097863_ERM_Fk_535_7.jpg\" data-orig-size=\"795,1200\" data-comments-opened=\"1\" data-image-meta=\"{&quot;aperture&quot;:&quot;0&quot;,&quot;credit&quot;:&quot;&quot;,&quot;camera&quot;:&quot;&quot;,&quot;caption&quot;:&quot;&quot;,&quot;created_timestamp&quot;:&quot;1348656749&quot;,&quot;copyright&quot;:&quot;&quot;,&quot;focal_length&quot;:&quot;0&quot;,&quot;iso&quot;:&quot;0&quot;,&quot;shutter_speed&quot;:&quot;0&quot;,&quot;title&quot;:&quot;&quot;,&quot;orientation&quot;:&quot;0&quot;}\" data-image-title=\"097863_ERM_Fk_535_7\" data-image-description=\"\" data-image-caption=\"\" data-large-file=\"https:\/\/blog.erm.ee\/wp-content\/uploads\/2016\/04\/097863_ERM_Fk_535_7-678x1024.jpg\" class=\"alignnone size-full wp-image-8028\" src=\"https:\/\/blog.erm.ee\/wp-content\/uploads\/2016\/04\/097863_ERM_Fk_535_7.jpg\" alt=\"097863_ERM_Fk_535_7\" width=\"795\" height=\"1200\" srcset=\"https:\/\/blog.erm.ee\/wp-content\/uploads\/2016\/04\/097863_ERM_Fk_535_7.jpg 795w, https:\/\/blog.erm.ee\/wp-content\/uploads\/2016\/04\/097863_ERM_Fk_535_7-172x260.jpg 172w, https:\/\/blog.erm.ee\/wp-content\/uploads\/2016\/04\/097863_ERM_Fk_535_7-199x300.jpg 199w, https:\/\/blog.erm.ee\/wp-content\/uploads\/2016\/04\/097863_ERM_Fk_535_7-768x1159.jpg 768w, https:\/\/blog.erm.ee\/wp-content\/uploads\/2016\/04\/097863_ERM_Fk_535_7-678x1024.jpg 678w\" sizes=\"auto, (max-width: 795px) 100vw, 795px\" \/><\/a><em>Foto: V. Staden. Tartu j\u00f5umees Pabut. ERM Fk 535:7<\/em><\/p>\n<p><strong>Vigurvuntsid<\/strong><\/p>\n<p><a href=\"https:\/\/blog.erm.ee\/wp-content\/uploads\/2016\/04\/038387_ERM_Fk_2746_40.jpg\"><img loading=\"lazy\" decoding=\"async\" data-attachment-id=\"8029\" data-permalink=\"https:\/\/blog.erm.ee\/?attachment_id=8029#main\" data-orig-file=\"https:\/\/blog.erm.ee\/wp-content\/uploads\/2016\/04\/038387_ERM_Fk_2746_40.jpg\" data-orig-size=\"719,1200\" data-comments-opened=\"1\" data-image-meta=\"{&quot;aperture&quot;:&quot;0&quot;,&quot;credit&quot;:&quot;&quot;,&quot;camera&quot;:&quot;&quot;,&quot;caption&quot;:&quot;&quot;,&quot;created_timestamp&quot;:&quot;0&quot;,&quot;copyright&quot;:&quot;&quot;,&quot;focal_length&quot;:&quot;0&quot;,&quot;iso&quot;:&quot;0&quot;,&quot;shutter_speed&quot;:&quot;0&quot;,&quot;title&quot;:&quot;&quot;,&quot;orientation&quot;:&quot;0&quot;}\" data-image-title=\"038387_ERM_Fk_2746_40\" data-image-description=\"\" data-image-caption=\"\" data-large-file=\"https:\/\/blog.erm.ee\/wp-content\/uploads\/2016\/04\/038387_ERM_Fk_2746_40-614x1024.jpg\" class=\"alignnone size-full wp-image-8029\" src=\"https:\/\/blog.erm.ee\/wp-content\/uploads\/2016\/04\/038387_ERM_Fk_2746_40.jpg\" alt=\"038387_ERM_Fk_2746_40\" width=\"719\" height=\"1200\" srcset=\"https:\/\/blog.erm.ee\/wp-content\/uploads\/2016\/04\/038387_ERM_Fk_2746_40.jpg 719w, https:\/\/blog.erm.ee\/wp-content\/uploads\/2016\/04\/038387_ERM_Fk_2746_40-156x260.jpg 156w, https:\/\/blog.erm.ee\/wp-content\/uploads\/2016\/04\/038387_ERM_Fk_2746_40-180x300.jpg 180w, https:\/\/blog.erm.ee\/wp-content\/uploads\/2016\/04\/038387_ERM_Fk_2746_40-614x1024.jpg 614w\" sizes=\"auto, (max-width: 719px) 100vw, 719px\" \/><\/a><\/p>\n<p><em>Fotograaf teadmata. ERM Fk 2746:40<\/em><\/p>\n<p><a href=\"https:\/\/blog.erm.ee\/wp-content\/uploads\/2016\/04\/038471_ERM_Fk_2746_124.jpg\"><img loading=\"lazy\" decoding=\"async\" data-attachment-id=\"8030\" data-permalink=\"https:\/\/blog.erm.ee\/?attachment_id=8030#main\" data-orig-file=\"https:\/\/blog.erm.ee\/wp-content\/uploads\/2016\/04\/038471_ERM_Fk_2746_124.jpg\" data-orig-size=\"741,1200\" data-comments-opened=\"1\" data-image-meta=\"{&quot;aperture&quot;:&quot;0&quot;,&quot;credit&quot;:&quot;&quot;,&quot;camera&quot;:&quot;&quot;,&quot;caption&quot;:&quot;&quot;,&quot;created_timestamp&quot;:&quot;0&quot;,&quot;copyright&quot;:&quot;&quot;,&quot;focal_length&quot;:&quot;0&quot;,&quot;iso&quot;:&quot;0&quot;,&quot;shutter_speed&quot;:&quot;0&quot;,&quot;title&quot;:&quot;&quot;,&quot;orientation&quot;:&quot;0&quot;}\" data-image-title=\"038471_ERM_Fk_2746_124\" data-image-description=\"\" data-image-caption=\"\" data-large-file=\"https:\/\/blog.erm.ee\/wp-content\/uploads\/2016\/04\/038471_ERM_Fk_2746_124-632x1024.jpg\" class=\"alignnone size-full wp-image-8030\" src=\"https:\/\/blog.erm.ee\/wp-content\/uploads\/2016\/04\/038471_ERM_Fk_2746_124.jpg\" alt=\"038471_ERM_Fk_2746_124\" width=\"741\" height=\"1200\" srcset=\"https:\/\/blog.erm.ee\/wp-content\/uploads\/2016\/04\/038471_ERM_Fk_2746_124.jpg 741w, https:\/\/blog.erm.ee\/wp-content\/uploads\/2016\/04\/038471_ERM_Fk_2746_124-161x260.jpg 161w, https:\/\/blog.erm.ee\/wp-content\/uploads\/2016\/04\/038471_ERM_Fk_2746_124-185x300.jpg 185w, https:\/\/blog.erm.ee\/wp-content\/uploads\/2016\/04\/038471_ERM_Fk_2746_124-632x1024.jpg 632w\" sizes=\"auto, (max-width: 741px) 100vw, 741px\" \/><\/a><\/p>\n<p><em>Fotograaf teadmata. ERM Fk 2746:124<\/em><\/p>\n<div class=\"fcbkbttn_buttons_block\" id=\"fcbkbttn_left\"><div class=\"fcbkbttn_like \"><fb:like href=\"https:\/\/blog.erm.ee\/?p=8009\" action=\"like\" colorscheme=\"light\" layout=\"standard\"  width=\"225px\" size=\"small\"><\/fb:like><\/div><div class=\"fb-share-button  \" data-href=\"https:\/\/blog.erm.ee\/?p=8009\" data-type=\"button\" data-size=\"small\"><\/div><\/div>","protected":false},"excerpt":{"rendered":"<p>Siret Saar, koguhoidja Habemed ning vuntsid on toredad, sest need lisavad n\u00e4ole karakteersust ja ilmekust. \u00dctled habe ja kohe meenuvad Lev Tolstoi ja Fidel Castro; \u00fctled vuntsid ja silme ees kangastuvad Salvador Dali ja Freddy Mercury \u2013 v\u00e4gevad mehed k\u00f5ik. Kindlasti on tegemist ka praktilise moesuunaga. Targad teadlased on v\u00e4lja arvestanud, et mehed kulutavad n\u00e4o&hellip;<\/p>\n","protected":false},"author":1,"featured_media":8024,"comment_status":"open","ping_status":"open","sticky":false,"template":"","format":"standard","meta":{"_monsterinsights_skip_tracking":false,"_monsterinsights_sitenote_active":false,"_monsterinsights_sitenote_note":"","_monsterinsights_sitenote_category":0,"jetpack_post_was_ever_published":false,"_jetpack_newsletter_access":"","_jetpack_dont_email_post_to_subs":false,"_jetpack_newsletter_tier_id":0,"_jetpack_memberships_contains_paywalled_content":false,"_jetpack_memberships_contains_paid_content":false,"footnotes":""},"categories":[6],"tags":[],"class_list":["post-8009","post","type-post","status-publish","format-standard","has-post-thumbnail","hentry","category-foto"],"yoast_head":"<!-- This site is optimized with the Yoast SEO plugin v27.5 - https:\/\/yoast.com\/product\/yoast-seo-wordpress\/ -->\n<title>Habemikud ja vuntsilised - Eesti Rahva Muuseumi ajaveeb<\/title>\n<meta name=\"robots\" content=\"index, follow, max-snippet:-1, max-image-preview:large, max-video-preview:-1\" \/>\n<link rel=\"canonical\" href=\"https:\/\/blog.erm.ee\/?p=8009\" \/>\n<meta property=\"og:locale\" content=\"et_EE\" \/>\n<meta property=\"og:type\" content=\"article\" \/>\n<meta property=\"og:title\" content=\"Habemikud ja vuntsilised - Eesti Rahva Muuseumi ajaveeb\" \/>\n<meta property=\"og:description\" content=\"Siret Saar, koguhoidja Habemed ning vuntsid on toredad, sest need lisavad n\u00e4ole karakteersust ja ilmekust. \u00dctled habe ja kohe meenuvad Lev Tolstoi ja Fidel Castro; \u00fctled vuntsid ja silme ees kangastuvad Salvador Dali ja Freddy Mercury \u2013 v\u00e4gevad mehed k\u00f5ik. Kindlasti on tegemist ka praktilise moesuunaga. Targad teadlased on v\u00e4lja arvestanud, et mehed kulutavad n\u00e4o&hellip;\" \/>\n<meta property=\"og:url\" content=\"https:\/\/blog.erm.ee\/?p=8009\" \/>\n<meta property=\"og:site_name\" content=\"Eesti Rahva Muuseumi ajaveeb\" \/>\n<meta property=\"article:published_time\" content=\"2016-04-26T04:59:56+00:00\" \/>\n<meta property=\"article:modified_time\" content=\"2016-04-26T09:04:36+00:00\" \/>\n<meta property=\"og:image\" content=\"https:\/\/blog.erm.ee\/wp-content\/uploads\/2016\/04\/083182_ERM_Fk_2644_12328.jpg\" \/>\n\t<meta property=\"og:image:width\" content=\"1200\" \/>\n\t<meta property=\"og:image:height\" content=\"800\" \/>\n\t<meta property=\"og:image:type\" content=\"image\/jpeg\" \/>\n<meta name=\"author\" content=\"Eesti Rahva Muuseum\" \/>\n<meta name=\"twitter:card\" content=\"summary_large_image\" \/>\n<meta name=\"twitter:label1\" content=\"Written by\" \/>\n\t<meta name=\"twitter:data1\" content=\"Eesti Rahva Muuseum\" \/>\n\t<meta name=\"twitter:label2\" content=\"Est. reading time\" \/>\n\t<meta name=\"twitter:data2\" content=\"1 minut\" \/>\n<script type=\"application\/ld+json\" class=\"yoast-schema-graph\">{\"@context\":\"https:\\\/\\\/schema.org\",\"@graph\":[{\"@type\":\"Article\",\"@id\":\"https:\\\/\\\/blog.erm.ee\\\/?p=8009#article\",\"isPartOf\":{\"@id\":\"https:\\\/\\\/blog.erm.ee\\\/?p=8009\"},\"author\":{\"name\":\"Eesti Rahva Muuseum\",\"@id\":\"https:\\\/\\\/blog.erm.ee\\\/#\\\/schema\\\/person\\\/6e98c391cb00a33e7c22a3571e062114\"},\"headline\":\"Habemikud ja vuntsilised\",\"datePublished\":\"2016-04-26T04:59:56+00:00\",\"dateModified\":\"2016-04-26T09:04:36+00:00\",\"mainEntityOfPage\":{\"@id\":\"https:\\\/\\\/blog.erm.ee\\\/?p=8009\"},\"wordCount\":269,\"commentCount\":0,\"image\":{\"@id\":\"https:\\\/\\\/blog.erm.ee\\\/?p=8009#primaryimage\"},\"thumbnailUrl\":\"https:\\\/\\\/blog.erm.ee\\\/wp-content\\\/uploads\\\/2016\\\/04\\\/083182_ERM_Fk_2644_12328.jpg\",\"articleSection\":[\"Foto\"],\"inLanguage\":\"et\",\"potentialAction\":[{\"@type\":\"CommentAction\",\"name\":\"Comment\",\"target\":[\"https:\\\/\\\/blog.erm.ee\\\/?p=8009#respond\"]}]},{\"@type\":\"WebPage\",\"@id\":\"https:\\\/\\\/blog.erm.ee\\\/?p=8009\",\"url\":\"https:\\\/\\\/blog.erm.ee\\\/?p=8009\",\"name\":\"Habemikud ja vuntsilised - Eesti Rahva Muuseumi ajaveeb\",\"isPartOf\":{\"@id\":\"https:\\\/\\\/blog.erm.ee\\\/#website\"},\"primaryImageOfPage\":{\"@id\":\"https:\\\/\\\/blog.erm.ee\\\/?p=8009#primaryimage\"},\"image\":{\"@id\":\"https:\\\/\\\/blog.erm.ee\\\/?p=8009#primaryimage\"},\"thumbnailUrl\":\"https:\\\/\\\/blog.erm.ee\\\/wp-content\\\/uploads\\\/2016\\\/04\\\/083182_ERM_Fk_2644_12328.jpg\",\"datePublished\":\"2016-04-26T04:59:56+00:00\",\"dateModified\":\"2016-04-26T09:04:36+00:00\",\"author\":{\"@id\":\"https:\\\/\\\/blog.erm.ee\\\/#\\\/schema\\\/person\\\/6e98c391cb00a33e7c22a3571e062114\"},\"breadcrumb\":{\"@id\":\"https:\\\/\\\/blog.erm.ee\\\/?p=8009#breadcrumb\"},\"inLanguage\":\"et\",\"potentialAction\":[{\"@type\":\"ReadAction\",\"target\":[\"https:\\\/\\\/blog.erm.ee\\\/?p=8009\"]}]},{\"@type\":\"ImageObject\",\"inLanguage\":\"et\",\"@id\":\"https:\\\/\\\/blog.erm.ee\\\/?p=8009#primaryimage\",\"url\":\"https:\\\/\\\/blog.erm.ee\\\/wp-content\\\/uploads\\\/2016\\\/04\\\/083182_ERM_Fk_2644_12328.jpg\",\"contentUrl\":\"https:\\\/\\\/blog.erm.ee\\\/wp-content\\\/uploads\\\/2016\\\/04\\\/083182_ERM_Fk_2644_12328.jpg\",\"width\":1200,\"height\":800},{\"@type\":\"BreadcrumbList\",\"@id\":\"https:\\\/\\\/blog.erm.ee\\\/?p=8009#breadcrumb\",\"itemListElement\":[{\"@type\":\"ListItem\",\"position\":1,\"name\":\"Home\",\"item\":\"https:\\\/\\\/blog.erm.ee\\\/\"},{\"@type\":\"ListItem\",\"position\":2,\"name\":\"Habemikud ja vuntsilised\"}]},{\"@type\":\"WebSite\",\"@id\":\"https:\\\/\\\/blog.erm.ee\\\/#website\",\"url\":\"https:\\\/\\\/blog.erm.ee\\\/\",\"name\":\"Eesti Rahva Muuseumi ajaveeb\",\"description\":\"\",\"potentialAction\":[{\"@type\":\"SearchAction\",\"target\":{\"@type\":\"EntryPoint\",\"urlTemplate\":\"https:\\\/\\\/blog.erm.ee\\\/?s={search_term_string}\"},\"query-input\":{\"@type\":\"PropertyValueSpecification\",\"valueRequired\":true,\"valueName\":\"search_term_string\"}}],\"inLanguage\":\"et\"},{\"@type\":\"Person\",\"@id\":\"https:\\\/\\\/blog.erm.ee\\\/#\\\/schema\\\/person\\\/6e98c391cb00a33e7c22a3571e062114\",\"name\":\"Eesti Rahva Muuseum\",\"image\":{\"@type\":\"ImageObject\",\"inLanguage\":\"et\",\"@id\":\"https:\\\/\\\/secure.gravatar.com\\\/avatar\\\/cb6d9ad5fb49f3f7315028ce5fe60641075f2cb52b8a058ff5a985fa2d8c1da0?s=96&d=mm&r=g\",\"url\":\"https:\\\/\\\/secure.gravatar.com\\\/avatar\\\/cb6d9ad5fb49f3f7315028ce5fe60641075f2cb52b8a058ff5a985fa2d8c1da0?s=96&d=mm&r=g\",\"contentUrl\":\"https:\\\/\\\/secure.gravatar.com\\\/avatar\\\/cb6d9ad5fb49f3f7315028ce5fe60641075f2cb52b8a058ff5a985fa2d8c1da0?s=96&d=mm&r=g\",\"caption\":\"Eesti Rahva Muuseum\"},\"sameAs\":[\"http:\\\/\\\/www.erm.ee\"],\"url\":\"https:\\\/\\\/blog.erm.ee\\\/?author=1\"}]}<\/script>\n<!-- \/ Yoast SEO plugin. -->","yoast_head_json":{"title":"Habemikud ja vuntsilised - Eesti Rahva Muuseumi ajaveeb","robots":{"index":"index","follow":"follow","max-snippet":"max-snippet:-1","max-image-preview":"max-image-preview:large","max-video-preview":"max-video-preview:-1"},"canonical":"https:\/\/blog.erm.ee\/?p=8009","og_locale":"et_EE","og_type":"article","og_title":"Habemikud ja vuntsilised - Eesti Rahva Muuseumi ajaveeb","og_description":"Siret Saar, koguhoidja Habemed ning vuntsid on toredad, sest need lisavad n\u00e4ole karakteersust ja ilmekust. \u00dctled habe ja kohe meenuvad Lev Tolstoi ja Fidel Castro; \u00fctled vuntsid ja silme ees kangastuvad Salvador Dali ja Freddy Mercury \u2013 v\u00e4gevad mehed k\u00f5ik. Kindlasti on tegemist ka praktilise moesuunaga. Targad teadlased on v\u00e4lja arvestanud, et mehed kulutavad n\u00e4o&hellip;","og_url":"https:\/\/blog.erm.ee\/?p=8009","og_site_name":"Eesti Rahva Muuseumi ajaveeb","article_published_time":"2016-04-26T04:59:56+00:00","article_modified_time":"2016-04-26T09:04:36+00:00","og_image":[{"width":1200,"height":800,"url":"https:\/\/blog.erm.ee\/wp-content\/uploads\/2016\/04\/083182_ERM_Fk_2644_12328.jpg","type":"image\/jpeg"}],"author":"Eesti Rahva Muuseum","twitter_card":"summary_large_image","twitter_misc":{"Written by":"Eesti Rahva Muuseum","Est. reading time":"1 minut"},"schema":{"@context":"https:\/\/schema.org","@graph":[{"@type":"Article","@id":"https:\/\/blog.erm.ee\/?p=8009#article","isPartOf":{"@id":"https:\/\/blog.erm.ee\/?p=8009"},"author":{"name":"Eesti Rahva Muuseum","@id":"https:\/\/blog.erm.ee\/#\/schema\/person\/6e98c391cb00a33e7c22a3571e062114"},"headline":"Habemikud ja vuntsilised","datePublished":"2016-04-26T04:59:56+00:00","dateModified":"2016-04-26T09:04:36+00:00","mainEntityOfPage":{"@id":"https:\/\/blog.erm.ee\/?p=8009"},"wordCount":269,"commentCount":0,"image":{"@id":"https:\/\/blog.erm.ee\/?p=8009#primaryimage"},"thumbnailUrl":"https:\/\/blog.erm.ee\/wp-content\/uploads\/2016\/04\/083182_ERM_Fk_2644_12328.jpg","articleSection":["Foto"],"inLanguage":"et","potentialAction":[{"@type":"CommentAction","name":"Comment","target":["https:\/\/blog.erm.ee\/?p=8009#respond"]}]},{"@type":"WebPage","@id":"https:\/\/blog.erm.ee\/?p=8009","url":"https:\/\/blog.erm.ee\/?p=8009","name":"Habemikud ja vuntsilised - Eesti Rahva Muuseumi ajaveeb","isPartOf":{"@id":"https:\/\/blog.erm.ee\/#website"},"primaryImageOfPage":{"@id":"https:\/\/blog.erm.ee\/?p=8009#primaryimage"},"image":{"@id":"https:\/\/blog.erm.ee\/?p=8009#primaryimage"},"thumbnailUrl":"https:\/\/blog.erm.ee\/wp-content\/uploads\/2016\/04\/083182_ERM_Fk_2644_12328.jpg","datePublished":"2016-04-26T04:59:56+00:00","dateModified":"2016-04-26T09:04:36+00:00","author":{"@id":"https:\/\/blog.erm.ee\/#\/schema\/person\/6e98c391cb00a33e7c22a3571e062114"},"breadcrumb":{"@id":"https:\/\/blog.erm.ee\/?p=8009#breadcrumb"},"inLanguage":"et","potentialAction":[{"@type":"ReadAction","target":["https:\/\/blog.erm.ee\/?p=8009"]}]},{"@type":"ImageObject","inLanguage":"et","@id":"https:\/\/blog.erm.ee\/?p=8009#primaryimage","url":"https:\/\/blog.erm.ee\/wp-content\/uploads\/2016\/04\/083182_ERM_Fk_2644_12328.jpg","contentUrl":"https:\/\/blog.erm.ee\/wp-content\/uploads\/2016\/04\/083182_ERM_Fk_2644_12328.jpg","width":1200,"height":800},{"@type":"BreadcrumbList","@id":"https:\/\/blog.erm.ee\/?p=8009#breadcrumb","itemListElement":[{"@type":"ListItem","position":1,"name":"Home","item":"https:\/\/blog.erm.ee\/"},{"@type":"ListItem","position":2,"name":"Habemikud ja vuntsilised"}]},{"@type":"WebSite","@id":"https:\/\/blog.erm.ee\/#website","url":"https:\/\/blog.erm.ee\/","name":"Eesti Rahva Muuseumi ajaveeb","description":"","potentialAction":[{"@type":"SearchAction","target":{"@type":"EntryPoint","urlTemplate":"https:\/\/blog.erm.ee\/?s={search_term_string}"},"query-input":{"@type":"PropertyValueSpecification","valueRequired":true,"valueName":"search_term_string"}}],"inLanguage":"et"},{"@type":"Person","@id":"https:\/\/blog.erm.ee\/#\/schema\/person\/6e98c391cb00a33e7c22a3571e062114","name":"Eesti Rahva Muuseum","image":{"@type":"ImageObject","inLanguage":"et","@id":"https:\/\/secure.gravatar.com\/avatar\/cb6d9ad5fb49f3f7315028ce5fe60641075f2cb52b8a058ff5a985fa2d8c1da0?s=96&d=mm&r=g","url":"https:\/\/secure.gravatar.com\/avatar\/cb6d9ad5fb49f3f7315028ce5fe60641075f2cb52b8a058ff5a985fa2d8c1da0?s=96&d=mm&r=g","contentUrl":"https:\/\/secure.gravatar.com\/avatar\/cb6d9ad5fb49f3f7315028ce5fe60641075f2cb52b8a058ff5a985fa2d8c1da0?s=96&d=mm&r=g","caption":"Eesti Rahva Muuseum"},"sameAs":["http:\/\/www.erm.ee"],"url":"https:\/\/blog.erm.ee\/?author=1"}]}},"jetpack_featured_media_url":"https:\/\/blog.erm.ee\/wp-content\/uploads\/2016\/04\/083182_ERM_Fk_2644_12328.jpg","jetpack_shortlink":"https:\/\/wp.me\/p2l9Zd-25b","jetpack_sharing_enabled":true,"jetpack_likes_enabled":true,"_links":{"self":[{"href":"https:\/\/blog.erm.ee\/index.php?rest_route=\/wp\/v2\/posts\/8009","targetHints":{"allow":["GET"]}}],"collection":[{"href":"https:\/\/blog.erm.ee\/index.php?rest_route=\/wp\/v2\/posts"}],"about":[{"href":"https:\/\/blog.erm.ee\/index.php?rest_route=\/wp\/v2\/types\/post"}],"author":[{"embeddable":true,"href":"https:\/\/blog.erm.ee\/index.php?rest_route=\/wp\/v2\/users\/1"}],"replies":[{"embeddable":true,"href":"https:\/\/blog.erm.ee\/index.php?rest_route=%2Fwp%2Fv2%2Fcomments&post=8009"}],"version-history":[{"count":4,"href":"https:\/\/blog.erm.ee\/index.php?rest_route=\/wp\/v2\/posts\/8009\/revisions"}],"predecessor-version":[{"id":8033,"href":"https:\/\/blog.erm.ee\/index.php?rest_route=\/wp\/v2\/posts\/8009\/revisions\/8033"}],"wp:featuredmedia":[{"embeddable":true,"href":"https:\/\/blog.erm.ee\/index.php?rest_route=\/wp\/v2\/media\/8024"}],"wp:attachment":[{"href":"https:\/\/blog.erm.ee\/index.php?rest_route=%2Fwp%2Fv2%2Fmedia&parent=8009"}],"wp:term":[{"taxonomy":"category","embeddable":true,"href":"https:\/\/blog.erm.ee\/index.php?rest_route=%2Fwp%2Fv2%2Fcategories&post=8009"},{"taxonomy":"post_tag","embeddable":true,"href":"https:\/\/blog.erm.ee\/index.php?rest_route=%2Fwp%2Fv2%2Ftags&post=8009"}],"curies":[{"name":"wp","href":"https:\/\/api.w.org\/{rel}","templated":true}]}}