{"id":7840,"date":"2016-04-07T07:57:53","date_gmt":"2016-04-07T04:57:53","guid":{"rendered":"http:\/\/blog.erm.ee\/?p=7840"},"modified":"2016-04-07T15:01:11","modified_gmt":"2016-04-07T12:01:11","slug":"rahvusromantiliste-maalide-jalgedes","status":"publish","type":"post","link":"https:\/\/blog.erm.ee\/?p=7840","title":{"rendered":"Rahvusromantiliste maalide j\u00e4lgedes"},"content":{"rendered":"<div class=\"fcbkbttn_buttons_block\" id=\"fcbkbttn_left\"><div class=\"fcbkbttn_like \"><fb:like href=\"https:\/\/blog.erm.ee\/?p=7840\" action=\"like\" colorscheme=\"light\" layout=\"standard\"  width=\"225px\" size=\"small\"><\/fb:like><\/div><div class=\"fb-share-button  \" data-href=\"https:\/\/blog.erm.ee\/?p=7840\" data-type=\"button\" data-size=\"small\"><\/div><\/div><p><em>Reet Mark, omakultuuride osakonna juhataja<\/em><\/p>\n<p>1914. aasta kevadel kirjutas Ants Laikmaa toonasele ERMi direktorile Oskar Kallasele:<em> \u201e\u2026noormees on mu praeguste paremate t\u00f5otavamate j\u00fcngrite seast, \u00fcks terasem ja kallim \u2013 nimi ka Kallis \u2013 ja loob juba ilusaid asju Eesti stiilis \u2013 h\u00fc\u00fcan teda juba naljatades \u201eEesti Kallelaks\u201d. \/\u2026\/ Ja kui ta peaks omale muuseumis midagi skizzerida tahtma, lubate ehk sedagi (vanu kirjasid jm. Ta m\u00f5istab neid iluste raamatute jm ilustuseks tarvitada).\u201d<a href=\"#_ftn1\" name=\"_ftnref1\"><strong>[1]<\/strong><\/a><\/em><\/p>\n<p>K\u00f5ike seda ilu, mida Oskar Kallis koos teiste Laikmaa \u00f5pilastega eelmise sajandi alguses looma hakkas, saab t\u00e4navu oktoobrist n\u00e4ha ERMi uues majas. Jah, oktoobris ei avata mitte ainult p\u00fcsin\u00e4itused, vaid tagumise sissep\u00e4\u00e4su, <em>blackbox<\/em>\u2019i ja kohviku l\u00e4hedale j\u00e4\u00e4b saal, kus hakkavad toimuma kiiremini vahetuvad n\u00e4itused.<\/p>\n<p><a href=\"https:\/\/blog.erm.ee\/wp-content\/uploads\/2016\/03\/A.-Ridali.-J\u00fcri\u00f6\u00f6-\u00fclest\u00f5us.-39-HM-145x1882.jpg\" rel=\"attachment wp-att-7842\"><img loading=\"lazy\" decoding=\"async\" data-attachment-id=\"7842\" data-permalink=\"https:\/\/blog.erm.ee\/?attachment_id=7842#main\" data-orig-file=\"https:\/\/blog.erm.ee\/wp-content\/uploads\/2016\/03\/A.-Ridali.-J\u00fcri\u00f6\u00f6-\u00fclest\u00f5us.-39-HM-145x1882.jpg\" data-orig-size=\"1200,907\" data-comments-opened=\"1\" data-image-meta=\"{&quot;aperture&quot;:&quot;0&quot;,&quot;credit&quot;:&quot;Conservation Centre Kanut&quot;,&quot;camera&quot;:&quot;&quot;,&quot;caption&quot;:&quot;&quot;,&quot;created_timestamp&quot;:&quot;1414153673&quot;,&quot;copyright&quot;:&quot;(C)2013 CC Kanut, all rights reserved&quot;,&quot;focal_length&quot;:&quot;0&quot;,&quot;iso&quot;:&quot;0&quot;,&quot;shutter_speed&quot;:&quot;0&quot;,&quot;title&quot;:&quot;&quot;,&quot;orientation&quot;:&quot;0&quot;}\" data-image-title=\"A. Ridali. J\u00fcri\u00f6\u00f6 \u00fclest\u00f5us. 39 HM 145&amp;#215;188,2\" data-image-description=\"\" data-image-caption=\"\" data-large-file=\"https:\/\/blog.erm.ee\/wp-content\/uploads\/2016\/03\/A.-Ridali.-J\u00fcri\u00f6\u00f6-\u00fclest\u00f5us.-39-HM-145x1882-1024x774.jpg\" class=\"alignnone size-large wp-image-7842\" src=\"https:\/\/blog.erm.ee\/wp-content\/uploads\/2016\/03\/A.-Ridali.-J\u00fcri\u00f6\u00f6-\u00fclest\u00f5us.-39-HM-145x1882-1024x774.jpg\" alt=\"A. Ridali. J\u00fcri\u00f6\u00f6 \u00fclest\u00f5us. 39 HM 145x188,2\" width=\"700\" height=\"529\" srcset=\"https:\/\/blog.erm.ee\/wp-content\/uploads\/2016\/03\/A.-Ridali.-J\u00fcri\u00f6\u00f6-\u00fclest\u00f5us.-39-HM-145x1882-1024x774.jpg 1024w, https:\/\/blog.erm.ee\/wp-content\/uploads\/2016\/03\/A.-Ridali.-J\u00fcri\u00f6\u00f6-\u00fclest\u00f5us.-39-HM-145x1882-344x260.jpg 344w, https:\/\/blog.erm.ee\/wp-content\/uploads\/2016\/03\/A.-Ridali.-J\u00fcri\u00f6\u00f6-\u00fclest\u00f5us.-39-HM-145x1882-300x227.jpg 300w, https:\/\/blog.erm.ee\/wp-content\/uploads\/2016\/03\/A.-Ridali.-J\u00fcri\u00f6\u00f6-\u00fclest\u00f5us.-39-HM-145x1882-768x580.jpg 768w, https:\/\/blog.erm.ee\/wp-content\/uploads\/2016\/03\/A.-Ridali.-J\u00fcri\u00f6\u00f6-\u00fclest\u00f5us.-39-HM-145x1882.jpg 1200w\" sizes=\"auto, (max-width: 700px) 100vw, 700px\" \/><\/a><em>Aleksander Ridali \u201eJ\u00fcri\u00f6\u00f6 \u00fclest\u00f5us. 1939 \u00a0SA Haapsalu ja L\u00e4\u00e4nemaa Muuseumid.<\/em><\/p>\n<p>Avan\u00e4itusel \u201eRahvusromantism ajaloo haardes\u201c on esimest korda k\u00f5rvuti kahe \u00e4rkamisaja kunst: 20. sajandi alguse ja 1980. aastate oma, Ants Laikmaa ja V\u00e4lko Tuul k\u00f5rvuti Kaljo P\u00f5llu ja J\u00fcri Arrakuga jpt. ERMi enda kunstikogus on \u00fcks Aleksander M\u00fclberi maal ja kaks Oskar Kallise oma, \u00fclej\u00e4\u00e4nud teosed annavad meile Eesti ja Tartu kunstimuuseumid, aga ka ajaloomuuseum ning SA Haapsalu ja L\u00e4\u00e4nemaa Muuseumid. Praegu k\u00e4ib agar piltide otsimine erakogudest, sest paljude tuntud teoste autorid pole teada. Viimasel paarik\u00fcmnel aastal on kunstiturg nii elav olnud, et omanikud on vahetunud.<\/p>\n<p>Kuidas \u00fcldse leida pilti erakogust? Selleks v\u00f5etakse ette kunstniku kataloog koos teoste nimekirjaga ja hakatakse sealt j\u00e4rge ajama. Varasemal ajal, kui oksjoneid ei korraldatud, tuli tugineda vanadele n\u00e4ituseaktidele, kui t\u00f6\u00f6 oli juba kuskil n\u00e4itusel olnud, v\u00f5i lihtsalt tutvustele. Praegu on suureks abiks kunstigaleriid, kus enamasti on teada, kellele \u00fcks v\u00f5i teine t\u00f6\u00f6 m\u00fc\u00fcdi. Muidugi on ka t\u00e4nap\u00e4eval suureks abiks r\u00e4\u00e4kimine nii kunstiteadlaste, kunstikogujate kui ka antiigikaupmeestega. N\u00e4iteks Oskar Raunami 1937. aasta maailman\u00e4ituse Balti paviljoni kavandid sain ma k\u00e4tte t\u00e4nu Mai Levinile, kes juhatas mind kunstniku t\u00fctre juurde.<\/p>\n<p><a href=\"https:\/\/blog.erm.ee\/wp-content\/uploads\/2016\/03\/Raunam.-Kavandid.-37.jpg\" rel=\"attachment wp-att-7843\"><img loading=\"lazy\" decoding=\"async\" data-attachment-id=\"7843\" data-permalink=\"https:\/\/blog.erm.ee\/?attachment_id=7843#main\" data-orig-file=\"https:\/\/blog.erm.ee\/wp-content\/uploads\/2016\/03\/Raunam.-Kavandid.-37.jpg\" data-orig-size=\"1200,901\" data-comments-opened=\"1\" data-image-meta=\"{&quot;aperture&quot;:&quot;0&quot;,&quot;credit&quot;:&quot;&quot;,&quot;camera&quot;:&quot;&quot;,&quot;caption&quot;:&quot;&quot;,&quot;created_timestamp&quot;:&quot;1457613072&quot;,&quot;copyright&quot;:&quot;&quot;,&quot;focal_length&quot;:&quot;0&quot;,&quot;iso&quot;:&quot;0&quot;,&quot;shutter_speed&quot;:&quot;0&quot;,&quot;title&quot;:&quot;&quot;,&quot;orientation&quot;:&quot;0&quot;}\" data-image-title=\"Raunam. Kavandid. 37\" data-image-description=\"\" data-image-caption=\"\" data-large-file=\"https:\/\/blog.erm.ee\/wp-content\/uploads\/2016\/03\/Raunam.-Kavandid.-37-1024x769.jpg\" class=\"alignnone size-large wp-image-7843\" src=\"https:\/\/blog.erm.ee\/wp-content\/uploads\/2016\/03\/Raunam.-Kavandid.-37-1024x769.jpg\" alt=\"Raunam. Kavandid. 37\" width=\"700\" height=\"526\" srcset=\"https:\/\/blog.erm.ee\/wp-content\/uploads\/2016\/03\/Raunam.-Kavandid.-37-1024x769.jpg 1024w, https:\/\/blog.erm.ee\/wp-content\/uploads\/2016\/03\/Raunam.-Kavandid.-37-346x260.jpg 346w, https:\/\/blog.erm.ee\/wp-content\/uploads\/2016\/03\/Raunam.-Kavandid.-37-300x225.jpg 300w, https:\/\/blog.erm.ee\/wp-content\/uploads\/2016\/03\/Raunam.-Kavandid.-37-768x577.jpg 768w, https:\/\/blog.erm.ee\/wp-content\/uploads\/2016\/03\/Raunam.-Kavandid.-37.jpg 1200w\" sizes=\"auto, (max-width: 700px) 100vw, 700px\" \/><\/a><em>Oskar Raunami 1937. aasta maailman\u00e4ituse Balti paviljoni \u00fcldsaali dekoratsiooni kavandid<\/em><\/p>\n<p>Keeruliseks l\u00e4heb asi siis, kui m\u00f5ni kunstikogu haamri alla l\u00e4heb, nagu juhtus Guido Sammelselja suurep\u00e4rase koguga. Pankrotihaldur ei tohi ostjate nime ilma neilt luba k\u00fcsimata \u00f6elda, nende otsimine on aga v\u00e4ga t\u00f6\u00f6mahukas. Siis ei j\u00e4\u00e4gi muud \u00fcle kui lehte teade panna.<\/p>\n<p>R\u00e4\u00e4gin \u00fche l\u00f5busa loo elust enesest: kuidas ma Juhan P\u00fcttsepa maali otsisin. Tegelikult polnud mul P\u00fcttsepa ajaloolistest maalidest aimugi. Aga mulle kirjutas arheoloog Marge Konsa, kes otsis p\u00fcsiekspositsiooni Lembituga seotud asju, ja palus abi maali leidmisel. Ainsaks viiteks oli Lauri Vahtre ja Mart Laari ajaloo\u00f5pikus ilmunud pilt Lembitu langemisest. Seda vaadates tundus, et tegemist on kas illustratsiooniga v\u00f5i maalist \u00fcmberjoonistatud pildiga. T\u00f5in kunstimuuseumist P\u00fcttsepa kataloogi ja selgus, et 1930. aastatel on kunstnik t\u00f5esti teinud mitu ajaloolist maali. Samas tuli ka v\u00e4lja, et p\u00e4rast s\u00f5da pole neid n\u00e4itustel n\u00e4idatud. Sellel ajal tehti ajaloomaale enamasti tellimuse peale ja kunstiteadlased ei pea neist eriti. \u00dchest enne s\u00f5da koostatud leksikonist sain teada, et P\u00fcttsepp oli teinud v\u00e4rvilisi illustratsioone legendaarsele 1933. aastal ilmunud \u201eEesti rahva ajaloole\u201c ning Lembitu langemine oli ka nende hulgas. L\u00e4ksin kirjandusmuuseumi ja otsisin v\u00e4rvitahvlid v\u00e4lja. T\u00f5esti uhke pilt, millest uuemal ajal oli \u00f5piku jaoks eeskuju v\u00f5etud.<\/p>\n<p><a href=\"https:\/\/blog.erm.ee\/wp-content\/uploads\/2016\/03\/Lembitu-langemne.-v\u00e4rvitahvel-Eesti-Rahva-Ajaloost.jpg\" rel=\"attachment wp-att-7844\"><img loading=\"lazy\" decoding=\"async\" data-attachment-id=\"7844\" data-permalink=\"https:\/\/blog.erm.ee\/?attachment_id=7844#main\" data-orig-file=\"https:\/\/blog.erm.ee\/wp-content\/uploads\/2016\/03\/Lembitu-langemne.-v\u00e4rvitahvel-Eesti-Rahva-Ajaloost.jpg\" data-orig-size=\"1200,900\" data-comments-opened=\"1\" data-image-meta=\"{&quot;aperture&quot;:&quot;0&quot;,&quot;credit&quot;:&quot;&quot;,&quot;camera&quot;:&quot;&quot;,&quot;caption&quot;:&quot;&quot;,&quot;created_timestamp&quot;:&quot;1455281979&quot;,&quot;copyright&quot;:&quot;&quot;,&quot;focal_length&quot;:&quot;0&quot;,&quot;iso&quot;:&quot;0&quot;,&quot;shutter_speed&quot;:&quot;0&quot;,&quot;title&quot;:&quot;&quot;,&quot;orientation&quot;:&quot;0&quot;}\" data-image-title=\"Lembitu langemne. v\u00e4rvitahvel Eesti Rahva Ajaloost\" data-image-description=\"\" data-image-caption=\"\" data-large-file=\"https:\/\/blog.erm.ee\/wp-content\/uploads\/2016\/03\/Lembitu-langemne.-v\u00e4rvitahvel-Eesti-Rahva-Ajaloost-1024x768.jpg\" class=\"alignnone size-large wp-image-7844\" src=\"https:\/\/blog.erm.ee\/wp-content\/uploads\/2016\/03\/Lembitu-langemne.-v\u00e4rvitahvel-Eesti-Rahva-Ajaloost-1024x768.jpg\" alt=\"Lembitu langemne. v\u00e4rvitahvel Eesti Rahva Ajaloost\" width=\"700\" height=\"525\" srcset=\"https:\/\/blog.erm.ee\/wp-content\/uploads\/2016\/03\/Lembitu-langemne.-v\u00e4rvitahvel-Eesti-Rahva-Ajaloost-1024x768.jpg 1024w, https:\/\/blog.erm.ee\/wp-content\/uploads\/2016\/03\/Lembitu-langemne.-v\u00e4rvitahvel-Eesti-Rahva-Ajaloost-347x260.jpg 347w, https:\/\/blog.erm.ee\/wp-content\/uploads\/2016\/03\/Lembitu-langemne.-v\u00e4rvitahvel-Eesti-Rahva-Ajaloost-300x225.jpg 300w, https:\/\/blog.erm.ee\/wp-content\/uploads\/2016\/03\/Lembitu-langemne.-v\u00e4rvitahvel-Eesti-Rahva-Ajaloost-768x576.jpg 768w, https:\/\/blog.erm.ee\/wp-content\/uploads\/2016\/03\/Lembitu-langemne.-v\u00e4rvitahvel-Eesti-Rahva-Ajaloost.jpg 1200w\" sizes=\"auto, (max-width: 700px) 100vw, 700px\" \/><\/a><em>Juhan P\u00fcttsepp \u201eLembitu langemine\u201c, 1931\/32(?), illustratsioon<\/em><\/p>\n<p>Tundus, et sellega on n\u00fc\u00fcd k\u00f5ik, kuid s\u00fcda ei j\u00e4\u00e4nud rahule. Kirjutasin Juhan P\u00fcttsepa lapselapsele Juhani P\u00fcttsepale ja k\u00fcsisin, ega tema midagi nendest maalidest ei tea. Teadis k\u00fcll ja koguni kahte pilti. Ning mis ime: Lembitu langemist kujutav suur \u00f5limaal asus peaaegu ERMi k\u00f5rvalmajas \u00dcli\u00f5pilasselts Raimla valduses. Selgus, et kunstnik oli seltsi vilistlane ning kinkis maali neile 1937. aastal seltsi 15. aastap\u00e4evaks. Sain kontaktid, l\u00e4ksin kohale ja olin meeldivalt \u00fcllatunud v\u00e4ga heast pildist. Raimla liikmed pidasid omavahel n\u00f5u, kas nad raatsivad maali \u00fcheksaks kuuks meile n\u00e4itusele anda, ja praeguseks on otsus tehtud: me saame selle pildi! Marge sai lisaks P\u00fcttseppa Lembitule Eesti Kunstimuuseumist ka Aleksander Prometi tehtud Lembitu pildi.<\/p>\n<p>Kui keegi lugejatest on rahvusromantilise maali v\u00f5i skulptuuri \u00f5nnelik omanik ja tahab seda ka teistele n\u00e4idata, siis palun andke m\u00e4rku: <a href=\"mailto:reet.mark@erm.ee\">reet.mark@erm.ee<\/a><\/p>\n<p><a href=\"#_ftnref1\" name=\"_ftn1\">[1]<\/a><em> A. Laikmaa dateerimata kiri O. Kallasele. Eesti Kultuurilooline Arhiiv, f 186, m 68:2, l 71<\/em><\/p>\n<div class=\"fcbkbttn_buttons_block\" id=\"fcbkbttn_left\"><div class=\"fcbkbttn_like \"><fb:like href=\"https:\/\/blog.erm.ee\/?p=7840\" action=\"like\" colorscheme=\"light\" layout=\"standard\"  width=\"225px\" size=\"small\"><\/fb:like><\/div><div class=\"fb-share-button  \" data-href=\"https:\/\/blog.erm.ee\/?p=7840\" data-type=\"button\" data-size=\"small\"><\/div><\/div>","protected":false},"excerpt":{"rendered":"<p>Reet Mark, omakultuuride osakonna juhataja 1914. aasta kevadel kirjutas Ants Laikmaa toonasele ERMi direktorile Oskar Kallasele: \u201e\u2026noormees on mu praeguste paremate t\u00f5otavamate j\u00fcngrite seast, \u00fcks terasem ja kallim \u2013 nimi ka Kallis \u2013 ja loob juba ilusaid asju Eesti stiilis \u2013 h\u00fc\u00fcan teda juba naljatades \u201eEesti Kallelaks\u201d. \/\u2026\/ Ja kui ta peaks omale muuseumis midagi&hellip;<\/p>\n","protected":false},"author":1,"featured_media":7844,"comment_status":"open","ping_status":"open","sticky":false,"template":"","format":"standard","meta":{"_monsterinsights_skip_tracking":false,"_monsterinsights_sitenote_active":false,"_monsterinsights_sitenote_note":"","_monsterinsights_sitenote_category":0,"jetpack_post_was_ever_published":false,"_jetpack_newsletter_access":"","_jetpack_dont_email_post_to_subs":false,"_jetpack_newsletter_tier_id":0,"_jetpack_memberships_contains_paywalled_content":false,"_jetpack_memberships_contains_paid_content":false,"footnotes":""},"categories":[7],"tags":[],"class_list":["post-7840","post","type-post","status-publish","format-standard","has-post-thumbnail","hentry","category-naitus"],"yoast_head":"<!-- This site is optimized with the Yoast SEO plugin v27.5 - https:\/\/yoast.com\/product\/yoast-seo-wordpress\/ -->\n<title>Rahvusromantiliste maalide j\u00e4lgedes - Eesti Rahva Muuseumi ajaveeb<\/title>\n<meta name=\"robots\" content=\"index, follow, max-snippet:-1, max-image-preview:large, max-video-preview:-1\" \/>\n<link rel=\"canonical\" href=\"https:\/\/blog.erm.ee\/?p=7840\" \/>\n<meta property=\"og:locale\" content=\"et_EE\" \/>\n<meta property=\"og:type\" content=\"article\" \/>\n<meta property=\"og:title\" content=\"Rahvusromantiliste maalide j\u00e4lgedes - Eesti Rahva Muuseumi ajaveeb\" \/>\n<meta property=\"og:description\" content=\"Reet Mark, omakultuuride osakonna juhataja 1914. aasta kevadel kirjutas Ants Laikmaa toonasele ERMi direktorile Oskar Kallasele: \u201e\u2026noormees on mu praeguste paremate t\u00f5otavamate j\u00fcngrite seast, \u00fcks terasem ja kallim \u2013 nimi ka Kallis \u2013 ja loob juba ilusaid asju Eesti stiilis \u2013 h\u00fc\u00fcan teda juba naljatades \u201eEesti Kallelaks\u201d. \/\u2026\/ Ja kui ta peaks omale muuseumis midagi&hellip;\" \/>\n<meta property=\"og:url\" content=\"https:\/\/blog.erm.ee\/?p=7840\" \/>\n<meta property=\"og:site_name\" content=\"Eesti Rahva Muuseumi ajaveeb\" \/>\n<meta property=\"article:published_time\" content=\"2016-04-07T04:57:53+00:00\" \/>\n<meta property=\"article:modified_time\" content=\"2016-04-07T12:01:11+00:00\" \/>\n<meta property=\"og:image\" content=\"https:\/\/blog.erm.ee\/wp-content\/uploads\/2016\/03\/Lembitu-langemne.-v\u00e4rvitahvel-Eesti-Rahva-Ajaloost.jpg\" \/>\n\t<meta property=\"og:image:width\" content=\"1200\" \/>\n\t<meta property=\"og:image:height\" content=\"900\" \/>\n\t<meta property=\"og:image:type\" content=\"image\/jpeg\" \/>\n<meta name=\"author\" content=\"Eesti Rahva Muuseum\" \/>\n<meta name=\"twitter:card\" content=\"summary_large_image\" \/>\n<meta name=\"twitter:label1\" content=\"Written by\" \/>\n\t<meta name=\"twitter:data1\" content=\"Eesti Rahva Muuseum\" \/>\n\t<meta name=\"twitter:label2\" content=\"Est. reading time\" \/>\n\t<meta name=\"twitter:data2\" content=\"4 minutit\" \/>\n<script type=\"application\/ld+json\" class=\"yoast-schema-graph\">{\"@context\":\"https:\\\/\\\/schema.org\",\"@graph\":[{\"@type\":\"Article\",\"@id\":\"https:\\\/\\\/blog.erm.ee\\\/?p=7840#article\",\"isPartOf\":{\"@id\":\"https:\\\/\\\/blog.erm.ee\\\/?p=7840\"},\"author\":{\"name\":\"Eesti Rahva Muuseum\",\"@id\":\"https:\\\/\\\/blog.erm.ee\\\/#\\\/schema\\\/person\\\/6e98c391cb00a33e7c22a3571e062114\"},\"headline\":\"Rahvusromantiliste maalide j\u00e4lgedes\",\"datePublished\":\"2016-04-07T04:57:53+00:00\",\"dateModified\":\"2016-04-07T12:01:11+00:00\",\"mainEntityOfPage\":{\"@id\":\"https:\\\/\\\/blog.erm.ee\\\/?p=7840\"},\"wordCount\":728,\"commentCount\":0,\"image\":{\"@id\":\"https:\\\/\\\/blog.erm.ee\\\/?p=7840#primaryimage\"},\"thumbnailUrl\":\"https:\\\/\\\/blog.erm.ee\\\/wp-content\\\/uploads\\\/2016\\\/03\\\/Lembitu-langemne.-v\u00e4rvitahvel-Eesti-Rahva-Ajaloost.jpg\",\"articleSection\":[\"N\u00e4itus\"],\"inLanguage\":\"et\",\"potentialAction\":[{\"@type\":\"CommentAction\",\"name\":\"Comment\",\"target\":[\"https:\\\/\\\/blog.erm.ee\\\/?p=7840#respond\"]}]},{\"@type\":\"WebPage\",\"@id\":\"https:\\\/\\\/blog.erm.ee\\\/?p=7840\",\"url\":\"https:\\\/\\\/blog.erm.ee\\\/?p=7840\",\"name\":\"Rahvusromantiliste maalide j\u00e4lgedes - Eesti Rahva Muuseumi ajaveeb\",\"isPartOf\":{\"@id\":\"https:\\\/\\\/blog.erm.ee\\\/#website\"},\"primaryImageOfPage\":{\"@id\":\"https:\\\/\\\/blog.erm.ee\\\/?p=7840#primaryimage\"},\"image\":{\"@id\":\"https:\\\/\\\/blog.erm.ee\\\/?p=7840#primaryimage\"},\"thumbnailUrl\":\"https:\\\/\\\/blog.erm.ee\\\/wp-content\\\/uploads\\\/2016\\\/03\\\/Lembitu-langemne.-v\u00e4rvitahvel-Eesti-Rahva-Ajaloost.jpg\",\"datePublished\":\"2016-04-07T04:57:53+00:00\",\"dateModified\":\"2016-04-07T12:01:11+00:00\",\"author\":{\"@id\":\"https:\\\/\\\/blog.erm.ee\\\/#\\\/schema\\\/person\\\/6e98c391cb00a33e7c22a3571e062114\"},\"breadcrumb\":{\"@id\":\"https:\\\/\\\/blog.erm.ee\\\/?p=7840#breadcrumb\"},\"inLanguage\":\"et\",\"potentialAction\":[{\"@type\":\"ReadAction\",\"target\":[\"https:\\\/\\\/blog.erm.ee\\\/?p=7840\"]}]},{\"@type\":\"ImageObject\",\"inLanguage\":\"et\",\"@id\":\"https:\\\/\\\/blog.erm.ee\\\/?p=7840#primaryimage\",\"url\":\"https:\\\/\\\/blog.erm.ee\\\/wp-content\\\/uploads\\\/2016\\\/03\\\/Lembitu-langemne.-v\u00e4rvitahvel-Eesti-Rahva-Ajaloost.jpg\",\"contentUrl\":\"https:\\\/\\\/blog.erm.ee\\\/wp-content\\\/uploads\\\/2016\\\/03\\\/Lembitu-langemne.-v\u00e4rvitahvel-Eesti-Rahva-Ajaloost.jpg\",\"width\":1200,\"height\":900},{\"@type\":\"BreadcrumbList\",\"@id\":\"https:\\\/\\\/blog.erm.ee\\\/?p=7840#breadcrumb\",\"itemListElement\":[{\"@type\":\"ListItem\",\"position\":1,\"name\":\"Home\",\"item\":\"https:\\\/\\\/blog.erm.ee\\\/\"},{\"@type\":\"ListItem\",\"position\":2,\"name\":\"Rahvusromantiliste maalide j\u00e4lgedes\"}]},{\"@type\":\"WebSite\",\"@id\":\"https:\\\/\\\/blog.erm.ee\\\/#website\",\"url\":\"https:\\\/\\\/blog.erm.ee\\\/\",\"name\":\"Eesti Rahva Muuseumi ajaveeb\",\"description\":\"\",\"potentialAction\":[{\"@type\":\"SearchAction\",\"target\":{\"@type\":\"EntryPoint\",\"urlTemplate\":\"https:\\\/\\\/blog.erm.ee\\\/?s={search_term_string}\"},\"query-input\":{\"@type\":\"PropertyValueSpecification\",\"valueRequired\":true,\"valueName\":\"search_term_string\"}}],\"inLanguage\":\"et\"},{\"@type\":\"Person\",\"@id\":\"https:\\\/\\\/blog.erm.ee\\\/#\\\/schema\\\/person\\\/6e98c391cb00a33e7c22a3571e062114\",\"name\":\"Eesti Rahva Muuseum\",\"image\":{\"@type\":\"ImageObject\",\"inLanguage\":\"et\",\"@id\":\"https:\\\/\\\/secure.gravatar.com\\\/avatar\\\/cb6d9ad5fb49f3f7315028ce5fe60641075f2cb52b8a058ff5a985fa2d8c1da0?s=96&d=mm&r=g\",\"url\":\"https:\\\/\\\/secure.gravatar.com\\\/avatar\\\/cb6d9ad5fb49f3f7315028ce5fe60641075f2cb52b8a058ff5a985fa2d8c1da0?s=96&d=mm&r=g\",\"contentUrl\":\"https:\\\/\\\/secure.gravatar.com\\\/avatar\\\/cb6d9ad5fb49f3f7315028ce5fe60641075f2cb52b8a058ff5a985fa2d8c1da0?s=96&d=mm&r=g\",\"caption\":\"Eesti Rahva Muuseum\"},\"sameAs\":[\"http:\\\/\\\/www.erm.ee\"],\"url\":\"https:\\\/\\\/blog.erm.ee\\\/?author=1\"}]}<\/script>\n<!-- \/ Yoast SEO plugin. -->","yoast_head_json":{"title":"Rahvusromantiliste maalide j\u00e4lgedes - Eesti Rahva Muuseumi ajaveeb","robots":{"index":"index","follow":"follow","max-snippet":"max-snippet:-1","max-image-preview":"max-image-preview:large","max-video-preview":"max-video-preview:-1"},"canonical":"https:\/\/blog.erm.ee\/?p=7840","og_locale":"et_EE","og_type":"article","og_title":"Rahvusromantiliste maalide j\u00e4lgedes - Eesti Rahva Muuseumi ajaveeb","og_description":"Reet Mark, omakultuuride osakonna juhataja 1914. aasta kevadel kirjutas Ants Laikmaa toonasele ERMi direktorile Oskar Kallasele: \u201e\u2026noormees on mu praeguste paremate t\u00f5otavamate j\u00fcngrite seast, \u00fcks terasem ja kallim \u2013 nimi ka Kallis \u2013 ja loob juba ilusaid asju Eesti stiilis \u2013 h\u00fc\u00fcan teda juba naljatades \u201eEesti Kallelaks\u201d. \/\u2026\/ Ja kui ta peaks omale muuseumis midagi&hellip;","og_url":"https:\/\/blog.erm.ee\/?p=7840","og_site_name":"Eesti Rahva Muuseumi ajaveeb","article_published_time":"2016-04-07T04:57:53+00:00","article_modified_time":"2016-04-07T12:01:11+00:00","og_image":[{"width":1200,"height":900,"url":"https:\/\/blog.erm.ee\/wp-content\/uploads\/2016\/03\/Lembitu-langemne.-v\u00e4rvitahvel-Eesti-Rahva-Ajaloost.jpg","type":"image\/jpeg"}],"author":"Eesti Rahva Muuseum","twitter_card":"summary_large_image","twitter_misc":{"Written by":"Eesti Rahva Muuseum","Est. reading time":"4 minutit"},"schema":{"@context":"https:\/\/schema.org","@graph":[{"@type":"Article","@id":"https:\/\/blog.erm.ee\/?p=7840#article","isPartOf":{"@id":"https:\/\/blog.erm.ee\/?p=7840"},"author":{"name":"Eesti Rahva Muuseum","@id":"https:\/\/blog.erm.ee\/#\/schema\/person\/6e98c391cb00a33e7c22a3571e062114"},"headline":"Rahvusromantiliste maalide j\u00e4lgedes","datePublished":"2016-04-07T04:57:53+00:00","dateModified":"2016-04-07T12:01:11+00:00","mainEntityOfPage":{"@id":"https:\/\/blog.erm.ee\/?p=7840"},"wordCount":728,"commentCount":0,"image":{"@id":"https:\/\/blog.erm.ee\/?p=7840#primaryimage"},"thumbnailUrl":"https:\/\/blog.erm.ee\/wp-content\/uploads\/2016\/03\/Lembitu-langemne.-v\u00e4rvitahvel-Eesti-Rahva-Ajaloost.jpg","articleSection":["N\u00e4itus"],"inLanguage":"et","potentialAction":[{"@type":"CommentAction","name":"Comment","target":["https:\/\/blog.erm.ee\/?p=7840#respond"]}]},{"@type":"WebPage","@id":"https:\/\/blog.erm.ee\/?p=7840","url":"https:\/\/blog.erm.ee\/?p=7840","name":"Rahvusromantiliste maalide j\u00e4lgedes - Eesti Rahva Muuseumi ajaveeb","isPartOf":{"@id":"https:\/\/blog.erm.ee\/#website"},"primaryImageOfPage":{"@id":"https:\/\/blog.erm.ee\/?p=7840#primaryimage"},"image":{"@id":"https:\/\/blog.erm.ee\/?p=7840#primaryimage"},"thumbnailUrl":"https:\/\/blog.erm.ee\/wp-content\/uploads\/2016\/03\/Lembitu-langemne.-v\u00e4rvitahvel-Eesti-Rahva-Ajaloost.jpg","datePublished":"2016-04-07T04:57:53+00:00","dateModified":"2016-04-07T12:01:11+00:00","author":{"@id":"https:\/\/blog.erm.ee\/#\/schema\/person\/6e98c391cb00a33e7c22a3571e062114"},"breadcrumb":{"@id":"https:\/\/blog.erm.ee\/?p=7840#breadcrumb"},"inLanguage":"et","potentialAction":[{"@type":"ReadAction","target":["https:\/\/blog.erm.ee\/?p=7840"]}]},{"@type":"ImageObject","inLanguage":"et","@id":"https:\/\/blog.erm.ee\/?p=7840#primaryimage","url":"https:\/\/blog.erm.ee\/wp-content\/uploads\/2016\/03\/Lembitu-langemne.-v\u00e4rvitahvel-Eesti-Rahva-Ajaloost.jpg","contentUrl":"https:\/\/blog.erm.ee\/wp-content\/uploads\/2016\/03\/Lembitu-langemne.-v\u00e4rvitahvel-Eesti-Rahva-Ajaloost.jpg","width":1200,"height":900},{"@type":"BreadcrumbList","@id":"https:\/\/blog.erm.ee\/?p=7840#breadcrumb","itemListElement":[{"@type":"ListItem","position":1,"name":"Home","item":"https:\/\/blog.erm.ee\/"},{"@type":"ListItem","position":2,"name":"Rahvusromantiliste maalide j\u00e4lgedes"}]},{"@type":"WebSite","@id":"https:\/\/blog.erm.ee\/#website","url":"https:\/\/blog.erm.ee\/","name":"Eesti Rahva Muuseumi ajaveeb","description":"","potentialAction":[{"@type":"SearchAction","target":{"@type":"EntryPoint","urlTemplate":"https:\/\/blog.erm.ee\/?s={search_term_string}"},"query-input":{"@type":"PropertyValueSpecification","valueRequired":true,"valueName":"search_term_string"}}],"inLanguage":"et"},{"@type":"Person","@id":"https:\/\/blog.erm.ee\/#\/schema\/person\/6e98c391cb00a33e7c22a3571e062114","name":"Eesti Rahva Muuseum","image":{"@type":"ImageObject","inLanguage":"et","@id":"https:\/\/secure.gravatar.com\/avatar\/cb6d9ad5fb49f3f7315028ce5fe60641075f2cb52b8a058ff5a985fa2d8c1da0?s=96&d=mm&r=g","url":"https:\/\/secure.gravatar.com\/avatar\/cb6d9ad5fb49f3f7315028ce5fe60641075f2cb52b8a058ff5a985fa2d8c1da0?s=96&d=mm&r=g","contentUrl":"https:\/\/secure.gravatar.com\/avatar\/cb6d9ad5fb49f3f7315028ce5fe60641075f2cb52b8a058ff5a985fa2d8c1da0?s=96&d=mm&r=g","caption":"Eesti Rahva Muuseum"},"sameAs":["http:\/\/www.erm.ee"],"url":"https:\/\/blog.erm.ee\/?author=1"}]}},"jetpack_featured_media_url":"https:\/\/blog.erm.ee\/wp-content\/uploads\/2016\/03\/Lembitu-langemne.-v\u00e4rvitahvel-Eesti-Rahva-Ajaloost.jpg","jetpack_shortlink":"https:\/\/wp.me\/p2l9Zd-22s","jetpack_sharing_enabled":true,"jetpack_likes_enabled":true,"_links":{"self":[{"href":"https:\/\/blog.erm.ee\/index.php?rest_route=\/wp\/v2\/posts\/7840","targetHints":{"allow":["GET"]}}],"collection":[{"href":"https:\/\/blog.erm.ee\/index.php?rest_route=\/wp\/v2\/posts"}],"about":[{"href":"https:\/\/blog.erm.ee\/index.php?rest_route=\/wp\/v2\/types\/post"}],"author":[{"embeddable":true,"href":"https:\/\/blog.erm.ee\/index.php?rest_route=\/wp\/v2\/users\/1"}],"replies":[{"embeddable":true,"href":"https:\/\/blog.erm.ee\/index.php?rest_route=%2Fwp%2Fv2%2Fcomments&post=7840"}],"version-history":[{"count":5,"href":"https:\/\/blog.erm.ee\/index.php?rest_route=\/wp\/v2\/posts\/7840\/revisions"}],"predecessor-version":[{"id":7944,"href":"https:\/\/blog.erm.ee\/index.php?rest_route=\/wp\/v2\/posts\/7840\/revisions\/7944"}],"wp:featuredmedia":[{"embeddable":true,"href":"https:\/\/blog.erm.ee\/index.php?rest_route=\/wp\/v2\/media\/7844"}],"wp:attachment":[{"href":"https:\/\/blog.erm.ee\/index.php?rest_route=%2Fwp%2Fv2%2Fmedia&parent=7840"}],"wp:term":[{"taxonomy":"category","embeddable":true,"href":"https:\/\/blog.erm.ee\/index.php?rest_route=%2Fwp%2Fv2%2Fcategories&post=7840"},{"taxonomy":"post_tag","embeddable":true,"href":"https:\/\/blog.erm.ee\/index.php?rest_route=%2Fwp%2Fv2%2Ftags&post=7840"}],"curies":[{"name":"wp","href":"https:\/\/api.w.org\/{rel}","templated":true}]}}