{"id":7785,"date":"2016-03-10T06:14:56","date_gmt":"2016-03-10T04:14:56","guid":{"rendered":"http:\/\/blog.erm.ee\/?p=7785"},"modified":"2016-03-10T08:41:37","modified_gmt":"2016-03-10T06:41:37","slug":"suurte-surnute-eeskujulik-elu","status":"publish","type":"post","link":"https:\/\/blog.erm.ee\/?p=7785","title":{"rendered":"Suurte surnute eeskujulik elu"},"content":{"rendered":"<div class=\"fcbkbttn_buttons_block\" id=\"fcbkbttn_left\"><div class=\"fcbkbttn_like \"><fb:like href=\"https:\/\/blog.erm.ee\/?p=7785\" action=\"like\" colorscheme=\"light\" layout=\"standard\"  width=\"225px\" size=\"small\"><\/fb:like><\/div><div class=\"fb-share-button  \" data-href=\"https:\/\/blog.erm.ee\/?p=7785\" data-type=\"button\" data-size=\"small\"><\/div><\/div><p><em>Kaarel Tarand, avalike ja v\u00e4lissuhete juht<\/em><\/p>\n<p><em>Mart Laar<\/em><br \/>\n<em>Rahvuse s\u00fcnd<\/em><br \/>\n<em>Eesti Rahva Muuseumi kirjastus<\/em><br \/>\n<em>Tartu, 2016, 408 lk<\/em><br \/>\n<em>Toimetanud Tuuli Kaalep, Karin Kastehein ja Toivo Sikka<\/em><br \/>\n<em>K\u00fcljendanud Tuuli Kaalep<\/em><br \/>\n<em>Kaane kujundanud Jane Liiv<\/em><\/p>\n<p><a href=\"https:\/\/blog.erm.ee\/wp-content\/uploads\/2016\/03\/Rahvuse-synd_kaas.jpg\" rel=\"attachment wp-att-7786\"><img loading=\"lazy\" decoding=\"async\" data-attachment-id=\"7786\" data-permalink=\"https:\/\/blog.erm.ee\/?attachment_id=7786#main\" data-orig-file=\"https:\/\/blog.erm.ee\/wp-content\/uploads\/2016\/03\/Rahvuse-synd_kaas.jpg\" data-orig-size=\"782,1200\" data-comments-opened=\"1\" data-image-meta=\"{&quot;aperture&quot;:&quot;0&quot;,&quot;credit&quot;:&quot;&quot;,&quot;camera&quot;:&quot;&quot;,&quot;caption&quot;:&quot;&quot;,&quot;created_timestamp&quot;:&quot;0&quot;,&quot;copyright&quot;:&quot;&quot;,&quot;focal_length&quot;:&quot;0&quot;,&quot;iso&quot;:&quot;0&quot;,&quot;shutter_speed&quot;:&quot;0&quot;,&quot;title&quot;:&quot;&quot;,&quot;orientation&quot;:&quot;0&quot;}\" data-image-title=\"Rahvuse-synd_kaas\" data-image-description=\"\" data-image-caption=\"\" data-large-file=\"https:\/\/blog.erm.ee\/wp-content\/uploads\/2016\/03\/Rahvuse-synd_kaas-667x1024.jpg\" class=\"alignnone size-large wp-image-7786\" src=\"https:\/\/blog.erm.ee\/wp-content\/uploads\/2016\/03\/Rahvuse-synd_kaas-667x1024.jpg\" alt=\"Rahvuse-synd_kaas\" width=\"667\" height=\"1024\" srcset=\"https:\/\/blog.erm.ee\/wp-content\/uploads\/2016\/03\/Rahvuse-synd_kaas-667x1024.jpg 667w, https:\/\/blog.erm.ee\/wp-content\/uploads\/2016\/03\/Rahvuse-synd_kaas-169x260.jpg 169w, https:\/\/blog.erm.ee\/wp-content\/uploads\/2016\/03\/Rahvuse-synd_kaas-196x300.jpg 196w, https:\/\/blog.erm.ee\/wp-content\/uploads\/2016\/03\/Rahvuse-synd_kaas-768x1179.jpg 768w, https:\/\/blog.erm.ee\/wp-content\/uploads\/2016\/03\/Rahvuse-synd_kaas.jpg 782w\" sizes=\"auto, (max-width: 667px) 100vw, 667px\" \/><\/a><\/p>\n<p>Kas eestlaste rahvusliku \u00e4rkamise kohta on veel \u00fcldse midagi uut \u00f6elda? Tegu on ju rahvusliku minapildi ehitamise seisukohalt kaalukaima perioodiga ajaloos, mida on ikka ja j\u00e4lle uuemate aegade m\u00f5testamisel ja arengule suuna andmisel kasutatud. Mitmele varasemale uurijate p\u00f5lvkonnale on tegu olnud l\u00e4hiajalooga, mille t\u00f5lgendamisel pole tingimata suudetud olla erapooletu ja vaba m\u00fctoloogilistest v\u00f5i p\u00e4evapoliitilistest m\u00f5jutustest, unustades, et needsamad rahvuslikud \u00e4ratajad ja eel\u00e4ratajad olid suure jao m\u00fctoloogia (ja sugugi mitte ainult muinasjumalate pseudom\u00fctoloogilise s\u00fcsteemi) loojad ning oma loomingu innukad kasutajad ja propageerijad.<br \/>\nLaar jutustab sujuvalt ja ladusalt ajaloohuvilisele ja igale v\u00e4hegi hoolikamalt kooliajalugu omandanud lugejale tuntud asju, koormamata oma teksti \u00fclearuse viitamise ja tsiteerimisega, mis teeb t\u00e4nap\u00e4eva akadeemilise kirjutuse \u017eanri raskesti seeditavaks. Laari \u00e4rkamisaegsed tegelased ning nendest p\u00f5lvkond-kaks varem tegutsenud ideoloogilise raamistiku loojad pole erilised suurkujud, \u00fcleelusuurused kangelased, vaid tavalised inimesed, kes \u00fchiskonna v\u00e4ltimatu moderniseerumise k\u00e4igus lihtsalt pikema k\u00f5rre t\u00f5mbasid v\u00f5i osutusid mingi p\u00e4riliku omaduse t\u00f5ttu kotis mitte p\u00fcsivateks n\u00f5elteks.<br \/>\nEesti 19. sajandi ajalugu ja haritumad eestlased selle sees ei ole Laari jutustuses religioosse raamiga hea ja kurja v\u00f5itlus persooniti, veel v\u00e4hem klassiti. Kahtlemata defineerisid nn v\u00e4lised olud, valgustuse ja vastuvalgustuse filosoofilised alused, saksa rahvusluse ja vene slavofiilia m\u00f5jud nende suurriikide k\u00e4itumisele eestlaste (ja l\u00e4tlaste) v\u00f5imaluste piirid Vene tsaaririigi Balti kubermangudes. Aga isiklikumal tasandil oli tegu ikka vabade valikutega maailmavaates ja suhetes. Eestlaste pikk \u00e4rkamine ongi eesk\u00e4tt suhtedraama, milles igal \u00f5hinal ja solvumisel oma p\u00f5hjendus. Kui inimesed on n\u00e4iteks t\u00fclis, ei t\u00e4henda see tingimata, et k\u00f5ik on halvasti. Laari jutustusest koorubki kaudselt v\u00e4lja, et rahvuslik \u00fchtsus on illusioon. Eestlased kultuurrahvana said s\u00fcndida seet\u00f5ttu, et 19. sajandi jooksul l\u00e4ksid k\u00f5igepealt omavahel t\u00fclli eestluse ideed arendanud sakslased ja seej\u00e4rel nendega kaasa l\u00e4inud esimesed eestlastest kirjaoskajad. Kohe j\u00e4rgnes ka eestlaste t\u00fcli sakslastega ja impeeriumi pigistuskruvide kinnikeeramise aegadel toodi loomulikult m\u00e4ngu kolmas rahvus \u2013 venelased \u2013, kellega sai siis omakorda t\u00fclli minna v\u00e4hemasti osa nii sakslastest kui ka eestlastest. Alguses ei mahtunud inimesed \u00e4ra \u00fchte \u00fchingusse, siis samasse ajalehte ega samasse linna v\u00f5i kubermangugi. Eesti elu ei j\u00e4\u00e4nud aga sellest edenemata.<br \/>\n\u201eEel\u00e4rkamisaja tegelased ise olid seejuures pidevalt omavahel t\u00fclis. Kui Rosenpl\u00e4nter oli rahulik ning p\u00fc\u00fcdis t\u00fclitsejaid lepitada, siis n\u00e4iteks Masing oli vana t\u00fclinorija. Rahvuslikus liikumises polnud kedagi, kes oleks tema silmis armu leidnud.\u201c (lk 26). Kerime aega pool sajandit edasi ja k\u00f5ik kordub.<br \/>\nOmetigi ei leia Laar \u2013 v\u00f5ib-olla ka oma pikaajalise kogemuse t\u00f5ttu n\u00fc\u00fcdse Eesti poliitilises v\u00f5istluses \u2013, et vastuolud tingimata kahjulikud olid. Carl Robert Jakobsoni ja Jakob Hurda m\u00f5\u00f5duv\u00f5tmine saab n\u00e4iteks sellise hinnangu: \u201eEri suundade konkurents ei kasvanud esialgu \u00fcle v\u00f5itluseks liidrikoha eest rahvuslikus liikumises \u2013 see ei madaldunud isiklikuks konfliktiks. Selle asemel olid osapooled sunnitud oma \u00f5iguse ja tubliduse t\u00f5estamiseks kahekordse innuga t\u00f6\u00f6d tegema. T\u00fcli ja skandaal tekitas avalikkuses huvi ning t\u00f5i rahvusliku liikumise juurde uusi inimesi.\u201c (lk 153)<br \/>\nTuleb kuidagi tuttav ja t\u00e4nap\u00e4evane ette. Kes peab rahvusliku liikumise ideoloogilist konkurentsi ja maailmavaatelisi valikuid \u201erahvuslikule \u00fchtsusele\u201c kahjulikuks, peaks automaatselt eitama ka t\u00e4nap\u00e4evast poliitilist pluralismi, vaba m\u00f5ttevahetust. Kes aga aktsepteerib t\u00e4nases \u00fchiskonnas seda, et \u00fcksikisikud ei pea oma vaadetest loobuma millegi suurema nimel, nagu rahvus\u00fchtsus ja \u201esuur juht\u201c kogu t\u00f5ega, peaksid h\u00f5lpsalt m\u00f5istma ka, et eriarvamused \u00e4rkamisajal olid normaalseks poliitiliseks v\u00f5itluse osaks, mis aga toimus k\u00f5ikv\u00f5imalike kummaliste nimede all, sest polnud neil ei p\u00f5hiseadust ega parlamenti, erakonnaseaduse alusel tegutsevatest parteidest r\u00e4\u00e4kimata.<br \/>\nLaari teine ja raskesti vaidlustatav tees on see, et rahvuslik \u00e4rkamine sai v\u00f5imalikuks ainult t\u00e4nu eestlaste linnastumisele. See ei vajagi pikemat lahti seletamist, loogiline ju, et edasiminek eeldab m\u00f5ttevahetust ja seda eriti haritud inimeste vahel. Kui rahvuslikel \u00e4ratajatel oleks olnud kasutada Facebook ja Twitter, v\u00f5inuks k\u00f5ik teisiti minna. Nemad, vaesed mehed, aga pidid Eesti asja ajamiseks v\u00e4hemasti aeg-ajalt ninapidi kokku saama ja siis neid ka veriseks l\u00f6\u00f6ma. K\u00f5ik t\u00e4htsamad \u00e4rkamise keskused asusid linnades, kui Paistu-Tarvastu pururikaste talumeeste laager v\u00e4lja arvata. Aga siingi on oma paralleel t\u00e4nap\u00e4evaga olemas. Ei saanud Tarvastu kirikualevist suurlinna hoolimata vahvate \u00e4ratajate kontsentratsioonist, ei saa n\u00fc\u00fcd Paidestki, peetagu seal pealegi arvamusfestivali.<\/p>\n<p><a href=\"http:\/\/www.erm.ee\/et\/pood\/avaleht\/rahvuse-sund\" target=\"_blank\">http:\/\/www.erm.ee\/et\/pood\/avaleht\/rahvuse-sund<\/a><\/p>\n<div class=\"fcbkbttn_buttons_block\" id=\"fcbkbttn_left\"><div class=\"fcbkbttn_like \"><fb:like href=\"https:\/\/blog.erm.ee\/?p=7785\" action=\"like\" colorscheme=\"light\" layout=\"standard\"  width=\"225px\" size=\"small\"><\/fb:like><\/div><div class=\"fb-share-button  \" data-href=\"https:\/\/blog.erm.ee\/?p=7785\" data-type=\"button\" data-size=\"small\"><\/div><\/div>","protected":false},"excerpt":{"rendered":"<p>Kaarel Tarand, avalike ja v\u00e4lissuhete juht Mart Laar Rahvuse s\u00fcnd Eesti Rahva Muuseumi kirjastus Tartu, 2016, 408 lk Toimetanud Tuuli Kaalep, Karin Kastehein ja Toivo Sikka K\u00fcljendanud Tuuli Kaalep Kaane kujundanud Jane Liiv Kas eestlaste rahvusliku \u00e4rkamise kohta on veel \u00fcldse midagi uut \u00f6elda? Tegu on ju rahvusliku minapildi ehitamise seisukohalt kaalukaima perioodiga ajaloos, mida&hellip;<\/p>\n","protected":false},"author":1,"featured_media":7786,"comment_status":"open","ping_status":"open","sticky":false,"template":"","format":"standard","meta":{"_monsterinsights_skip_tracking":false,"_monsterinsights_sitenote_active":false,"_monsterinsights_sitenote_note":"","_monsterinsights_sitenote_category":0,"jetpack_post_was_ever_published":false,"_jetpack_newsletter_access":"","_jetpack_dont_email_post_to_subs":false,"_jetpack_newsletter_tier_id":0,"_jetpack_memberships_contains_paywalled_content":false,"_jetpack_memberships_contains_paid_content":false,"footnotes":""},"categories":[20],"tags":[],"class_list":["post-7785","post","type-post","status-publish","format-standard","has-post-thumbnail","hentry","category-muuseumimotted"],"yoast_head":"<!-- This site is optimized with the Yoast SEO plugin v27.5 - https:\/\/yoast.com\/product\/yoast-seo-wordpress\/ -->\n<title>Suurte surnute eeskujulik elu - Eesti Rahva Muuseumi ajaveeb<\/title>\n<meta name=\"robots\" content=\"index, follow, max-snippet:-1, max-image-preview:large, max-video-preview:-1\" \/>\n<link rel=\"canonical\" href=\"https:\/\/blog.erm.ee\/?p=7785\" \/>\n<meta property=\"og:locale\" content=\"et_EE\" \/>\n<meta property=\"og:type\" content=\"article\" \/>\n<meta property=\"og:title\" content=\"Suurte surnute eeskujulik elu - Eesti Rahva Muuseumi ajaveeb\" \/>\n<meta property=\"og:description\" content=\"Kaarel Tarand, avalike ja v\u00e4lissuhete juht Mart Laar Rahvuse s\u00fcnd Eesti Rahva Muuseumi kirjastus Tartu, 2016, 408 lk Toimetanud Tuuli Kaalep, Karin Kastehein ja Toivo Sikka K\u00fcljendanud Tuuli Kaalep Kaane kujundanud Jane Liiv Kas eestlaste rahvusliku \u00e4rkamise kohta on veel \u00fcldse midagi uut \u00f6elda? Tegu on ju rahvusliku minapildi ehitamise seisukohalt kaalukaima perioodiga ajaloos, mida&hellip;\" \/>\n<meta property=\"og:url\" content=\"https:\/\/blog.erm.ee\/?p=7785\" \/>\n<meta property=\"og:site_name\" content=\"Eesti Rahva Muuseumi ajaveeb\" \/>\n<meta property=\"article:published_time\" content=\"2016-03-10T04:14:56+00:00\" \/>\n<meta property=\"article:modified_time\" content=\"2016-03-10T06:41:37+00:00\" \/>\n<meta property=\"og:image\" content=\"https:\/\/blog.erm.ee\/wp-content\/uploads\/2016\/03\/Rahvuse-synd_kaas.jpg\" \/>\n\t<meta property=\"og:image:width\" content=\"782\" \/>\n\t<meta property=\"og:image:height\" content=\"1200\" \/>\n\t<meta property=\"og:image:type\" content=\"image\/jpeg\" \/>\n<meta name=\"author\" content=\"Eesti Rahva Muuseum\" \/>\n<meta name=\"twitter:card\" content=\"summary_large_image\" \/>\n<meta name=\"twitter:label1\" content=\"Written by\" \/>\n\t<meta name=\"twitter:data1\" content=\"Eesti Rahva Muuseum\" \/>\n\t<meta name=\"twitter:label2\" content=\"Est. reading time\" \/>\n\t<meta name=\"twitter:data2\" content=\"4 minutit\" \/>\n<script type=\"application\/ld+json\" class=\"yoast-schema-graph\">{\"@context\":\"https:\\\/\\\/schema.org\",\"@graph\":[{\"@type\":\"Article\",\"@id\":\"https:\\\/\\\/blog.erm.ee\\\/?p=7785#article\",\"isPartOf\":{\"@id\":\"https:\\\/\\\/blog.erm.ee\\\/?p=7785\"},\"author\":{\"name\":\"Eesti Rahva Muuseum\",\"@id\":\"https:\\\/\\\/blog.erm.ee\\\/#\\\/schema\\\/person\\\/6e98c391cb00a33e7c22a3571e062114\"},\"headline\":\"Suurte surnute eeskujulik elu\",\"datePublished\":\"2016-03-10T04:14:56+00:00\",\"dateModified\":\"2016-03-10T06:41:37+00:00\",\"mainEntityOfPage\":{\"@id\":\"https:\\\/\\\/blog.erm.ee\\\/?p=7785\"},\"wordCount\":771,\"commentCount\":0,\"image\":{\"@id\":\"https:\\\/\\\/blog.erm.ee\\\/?p=7785#primaryimage\"},\"thumbnailUrl\":\"https:\\\/\\\/blog.erm.ee\\\/wp-content\\\/uploads\\\/2016\\\/03\\\/Rahvuse-synd_kaas.jpg\",\"articleSection\":[\"Muuseumim\u00f5tted\"],\"inLanguage\":\"et\",\"potentialAction\":[{\"@type\":\"CommentAction\",\"name\":\"Comment\",\"target\":[\"https:\\\/\\\/blog.erm.ee\\\/?p=7785#respond\"]}]},{\"@type\":\"WebPage\",\"@id\":\"https:\\\/\\\/blog.erm.ee\\\/?p=7785\",\"url\":\"https:\\\/\\\/blog.erm.ee\\\/?p=7785\",\"name\":\"Suurte surnute eeskujulik elu - Eesti Rahva Muuseumi ajaveeb\",\"isPartOf\":{\"@id\":\"https:\\\/\\\/blog.erm.ee\\\/#website\"},\"primaryImageOfPage\":{\"@id\":\"https:\\\/\\\/blog.erm.ee\\\/?p=7785#primaryimage\"},\"image\":{\"@id\":\"https:\\\/\\\/blog.erm.ee\\\/?p=7785#primaryimage\"},\"thumbnailUrl\":\"https:\\\/\\\/blog.erm.ee\\\/wp-content\\\/uploads\\\/2016\\\/03\\\/Rahvuse-synd_kaas.jpg\",\"datePublished\":\"2016-03-10T04:14:56+00:00\",\"dateModified\":\"2016-03-10T06:41:37+00:00\",\"author\":{\"@id\":\"https:\\\/\\\/blog.erm.ee\\\/#\\\/schema\\\/person\\\/6e98c391cb00a33e7c22a3571e062114\"},\"breadcrumb\":{\"@id\":\"https:\\\/\\\/blog.erm.ee\\\/?p=7785#breadcrumb\"},\"inLanguage\":\"et\",\"potentialAction\":[{\"@type\":\"ReadAction\",\"target\":[\"https:\\\/\\\/blog.erm.ee\\\/?p=7785\"]}]},{\"@type\":\"ImageObject\",\"inLanguage\":\"et\",\"@id\":\"https:\\\/\\\/blog.erm.ee\\\/?p=7785#primaryimage\",\"url\":\"https:\\\/\\\/blog.erm.ee\\\/wp-content\\\/uploads\\\/2016\\\/03\\\/Rahvuse-synd_kaas.jpg\",\"contentUrl\":\"https:\\\/\\\/blog.erm.ee\\\/wp-content\\\/uploads\\\/2016\\\/03\\\/Rahvuse-synd_kaas.jpg\",\"width\":782,\"height\":1200},{\"@type\":\"BreadcrumbList\",\"@id\":\"https:\\\/\\\/blog.erm.ee\\\/?p=7785#breadcrumb\",\"itemListElement\":[{\"@type\":\"ListItem\",\"position\":1,\"name\":\"Home\",\"item\":\"https:\\\/\\\/blog.erm.ee\\\/\"},{\"@type\":\"ListItem\",\"position\":2,\"name\":\"Suurte surnute eeskujulik elu\"}]},{\"@type\":\"WebSite\",\"@id\":\"https:\\\/\\\/blog.erm.ee\\\/#website\",\"url\":\"https:\\\/\\\/blog.erm.ee\\\/\",\"name\":\"Eesti Rahva Muuseumi ajaveeb\",\"description\":\"\",\"potentialAction\":[{\"@type\":\"SearchAction\",\"target\":{\"@type\":\"EntryPoint\",\"urlTemplate\":\"https:\\\/\\\/blog.erm.ee\\\/?s={search_term_string}\"},\"query-input\":{\"@type\":\"PropertyValueSpecification\",\"valueRequired\":true,\"valueName\":\"search_term_string\"}}],\"inLanguage\":\"et\"},{\"@type\":\"Person\",\"@id\":\"https:\\\/\\\/blog.erm.ee\\\/#\\\/schema\\\/person\\\/6e98c391cb00a33e7c22a3571e062114\",\"name\":\"Eesti Rahva Muuseum\",\"image\":{\"@type\":\"ImageObject\",\"inLanguage\":\"et\",\"@id\":\"https:\\\/\\\/secure.gravatar.com\\\/avatar\\\/cb6d9ad5fb49f3f7315028ce5fe60641075f2cb52b8a058ff5a985fa2d8c1da0?s=96&d=mm&r=g\",\"url\":\"https:\\\/\\\/secure.gravatar.com\\\/avatar\\\/cb6d9ad5fb49f3f7315028ce5fe60641075f2cb52b8a058ff5a985fa2d8c1da0?s=96&d=mm&r=g\",\"contentUrl\":\"https:\\\/\\\/secure.gravatar.com\\\/avatar\\\/cb6d9ad5fb49f3f7315028ce5fe60641075f2cb52b8a058ff5a985fa2d8c1da0?s=96&d=mm&r=g\",\"caption\":\"Eesti Rahva Muuseum\"},\"sameAs\":[\"http:\\\/\\\/www.erm.ee\"],\"url\":\"https:\\\/\\\/blog.erm.ee\\\/?author=1\"}]}<\/script>\n<!-- \/ Yoast SEO plugin. -->","yoast_head_json":{"title":"Suurte surnute eeskujulik elu - Eesti Rahva Muuseumi ajaveeb","robots":{"index":"index","follow":"follow","max-snippet":"max-snippet:-1","max-image-preview":"max-image-preview:large","max-video-preview":"max-video-preview:-1"},"canonical":"https:\/\/blog.erm.ee\/?p=7785","og_locale":"et_EE","og_type":"article","og_title":"Suurte surnute eeskujulik elu - Eesti Rahva Muuseumi ajaveeb","og_description":"Kaarel Tarand, avalike ja v\u00e4lissuhete juht Mart Laar Rahvuse s\u00fcnd Eesti Rahva Muuseumi kirjastus Tartu, 2016, 408 lk Toimetanud Tuuli Kaalep, Karin Kastehein ja Toivo Sikka K\u00fcljendanud Tuuli Kaalep Kaane kujundanud Jane Liiv Kas eestlaste rahvusliku \u00e4rkamise kohta on veel \u00fcldse midagi uut \u00f6elda? Tegu on ju rahvusliku minapildi ehitamise seisukohalt kaalukaima perioodiga ajaloos, mida&hellip;","og_url":"https:\/\/blog.erm.ee\/?p=7785","og_site_name":"Eesti Rahva Muuseumi ajaveeb","article_published_time":"2016-03-10T04:14:56+00:00","article_modified_time":"2016-03-10T06:41:37+00:00","og_image":[{"width":782,"height":1200,"url":"https:\/\/blog.erm.ee\/wp-content\/uploads\/2016\/03\/Rahvuse-synd_kaas.jpg","type":"image\/jpeg"}],"author":"Eesti Rahva Muuseum","twitter_card":"summary_large_image","twitter_misc":{"Written by":"Eesti Rahva Muuseum","Est. reading time":"4 minutit"},"schema":{"@context":"https:\/\/schema.org","@graph":[{"@type":"Article","@id":"https:\/\/blog.erm.ee\/?p=7785#article","isPartOf":{"@id":"https:\/\/blog.erm.ee\/?p=7785"},"author":{"name":"Eesti Rahva Muuseum","@id":"https:\/\/blog.erm.ee\/#\/schema\/person\/6e98c391cb00a33e7c22a3571e062114"},"headline":"Suurte surnute eeskujulik elu","datePublished":"2016-03-10T04:14:56+00:00","dateModified":"2016-03-10T06:41:37+00:00","mainEntityOfPage":{"@id":"https:\/\/blog.erm.ee\/?p=7785"},"wordCount":771,"commentCount":0,"image":{"@id":"https:\/\/blog.erm.ee\/?p=7785#primaryimage"},"thumbnailUrl":"https:\/\/blog.erm.ee\/wp-content\/uploads\/2016\/03\/Rahvuse-synd_kaas.jpg","articleSection":["Muuseumim\u00f5tted"],"inLanguage":"et","potentialAction":[{"@type":"CommentAction","name":"Comment","target":["https:\/\/blog.erm.ee\/?p=7785#respond"]}]},{"@type":"WebPage","@id":"https:\/\/blog.erm.ee\/?p=7785","url":"https:\/\/blog.erm.ee\/?p=7785","name":"Suurte surnute eeskujulik elu - Eesti Rahva Muuseumi ajaveeb","isPartOf":{"@id":"https:\/\/blog.erm.ee\/#website"},"primaryImageOfPage":{"@id":"https:\/\/blog.erm.ee\/?p=7785#primaryimage"},"image":{"@id":"https:\/\/blog.erm.ee\/?p=7785#primaryimage"},"thumbnailUrl":"https:\/\/blog.erm.ee\/wp-content\/uploads\/2016\/03\/Rahvuse-synd_kaas.jpg","datePublished":"2016-03-10T04:14:56+00:00","dateModified":"2016-03-10T06:41:37+00:00","author":{"@id":"https:\/\/blog.erm.ee\/#\/schema\/person\/6e98c391cb00a33e7c22a3571e062114"},"breadcrumb":{"@id":"https:\/\/blog.erm.ee\/?p=7785#breadcrumb"},"inLanguage":"et","potentialAction":[{"@type":"ReadAction","target":["https:\/\/blog.erm.ee\/?p=7785"]}]},{"@type":"ImageObject","inLanguage":"et","@id":"https:\/\/blog.erm.ee\/?p=7785#primaryimage","url":"https:\/\/blog.erm.ee\/wp-content\/uploads\/2016\/03\/Rahvuse-synd_kaas.jpg","contentUrl":"https:\/\/blog.erm.ee\/wp-content\/uploads\/2016\/03\/Rahvuse-synd_kaas.jpg","width":782,"height":1200},{"@type":"BreadcrumbList","@id":"https:\/\/blog.erm.ee\/?p=7785#breadcrumb","itemListElement":[{"@type":"ListItem","position":1,"name":"Home","item":"https:\/\/blog.erm.ee\/"},{"@type":"ListItem","position":2,"name":"Suurte surnute eeskujulik elu"}]},{"@type":"WebSite","@id":"https:\/\/blog.erm.ee\/#website","url":"https:\/\/blog.erm.ee\/","name":"Eesti Rahva Muuseumi ajaveeb","description":"","potentialAction":[{"@type":"SearchAction","target":{"@type":"EntryPoint","urlTemplate":"https:\/\/blog.erm.ee\/?s={search_term_string}"},"query-input":{"@type":"PropertyValueSpecification","valueRequired":true,"valueName":"search_term_string"}}],"inLanguage":"et"},{"@type":"Person","@id":"https:\/\/blog.erm.ee\/#\/schema\/person\/6e98c391cb00a33e7c22a3571e062114","name":"Eesti Rahva Muuseum","image":{"@type":"ImageObject","inLanguage":"et","@id":"https:\/\/secure.gravatar.com\/avatar\/cb6d9ad5fb49f3f7315028ce5fe60641075f2cb52b8a058ff5a985fa2d8c1da0?s=96&d=mm&r=g","url":"https:\/\/secure.gravatar.com\/avatar\/cb6d9ad5fb49f3f7315028ce5fe60641075f2cb52b8a058ff5a985fa2d8c1da0?s=96&d=mm&r=g","contentUrl":"https:\/\/secure.gravatar.com\/avatar\/cb6d9ad5fb49f3f7315028ce5fe60641075f2cb52b8a058ff5a985fa2d8c1da0?s=96&d=mm&r=g","caption":"Eesti Rahva Muuseum"},"sameAs":["http:\/\/www.erm.ee"],"url":"https:\/\/blog.erm.ee\/?author=1"}]}},"jetpack_featured_media_url":"https:\/\/blog.erm.ee\/wp-content\/uploads\/2016\/03\/Rahvuse-synd_kaas.jpg","jetpack_shortlink":"https:\/\/wp.me\/p2l9Zd-21z","jetpack_sharing_enabled":true,"jetpack_likes_enabled":true,"_links":{"self":[{"href":"https:\/\/blog.erm.ee\/index.php?rest_route=\/wp\/v2\/posts\/7785","targetHints":{"allow":["GET"]}}],"collection":[{"href":"https:\/\/blog.erm.ee\/index.php?rest_route=\/wp\/v2\/posts"}],"about":[{"href":"https:\/\/blog.erm.ee\/index.php?rest_route=\/wp\/v2\/types\/post"}],"author":[{"embeddable":true,"href":"https:\/\/blog.erm.ee\/index.php?rest_route=\/wp\/v2\/users\/1"}],"replies":[{"embeddable":true,"href":"https:\/\/blog.erm.ee\/index.php?rest_route=%2Fwp%2Fv2%2Fcomments&post=7785"}],"version-history":[{"count":4,"href":"https:\/\/blog.erm.ee\/index.php?rest_route=\/wp\/v2\/posts\/7785\/revisions"}],"predecessor-version":[{"id":7791,"href":"https:\/\/blog.erm.ee\/index.php?rest_route=\/wp\/v2\/posts\/7785\/revisions\/7791"}],"wp:featuredmedia":[{"embeddable":true,"href":"https:\/\/blog.erm.ee\/index.php?rest_route=\/wp\/v2\/media\/7786"}],"wp:attachment":[{"href":"https:\/\/blog.erm.ee\/index.php?rest_route=%2Fwp%2Fv2%2Fmedia&parent=7785"}],"wp:term":[{"taxonomy":"category","embeddable":true,"href":"https:\/\/blog.erm.ee\/index.php?rest_route=%2Fwp%2Fv2%2Fcategories&post=7785"},{"taxonomy":"post_tag","embeddable":true,"href":"https:\/\/blog.erm.ee\/index.php?rest_route=%2Fwp%2Fv2%2Ftags&post=7785"}],"curies":[{"name":"wp","href":"https:\/\/api.w.org\/{rel}","templated":true}]}}