{"id":7750,"date":"2016-03-03T15:45:05","date_gmt":"2016-03-03T13:45:05","guid":{"rendered":"http:\/\/blog.erm.ee\/?p=7750"},"modified":"2016-03-03T15:48:55","modified_gmt":"2016-03-03T13:48:55","slug":"tosine-retro-pohjamaade-muuseumis","status":"publish","type":"post","link":"https:\/\/blog.erm.ee\/?p=7750","title":{"rendered":"T\u00f5sine retro P\u00f5hjamaade muuseumis"},"content":{"rendered":"<div class=\"fcbkbttn_buttons_block\" id=\"fcbkbttn_left\"><div class=\"fcbkbttn_like \"><fb:like href=\"https:\/\/blog.erm.ee\/?p=7750\" action=\"like\" colorscheme=\"light\" layout=\"standard\"  width=\"225px\" size=\"small\"><\/fb:like><\/div><div class=\"fb-share-button  \" data-href=\"https:\/\/blog.erm.ee\/?p=7750\" data-type=\"button\" data-size=\"small\"><\/div><\/div><p><em>Tekst: Kristiina Piirisild, konserveerimisosakonna juhataja<\/em><\/p>\n<p style=\"text-align: justify;\">Hiljuti k\u00fclastatud n\u00e4itus \u201eRej\u00e4lt Retro\u201c Stockholmi P\u00f5hjamaade muuseumis (Nordiska museet) on heaks p\u00f5hjuseks, et r\u00e4\u00e4kida l\u00e4hemalt rootslaste talupojam\u00f6\u00f6blist, mis on tuntud ka L\u00e4\u00e4ne-Eesti rannikualadel eestirootslaste kultuurip\u00e4randina. Kahjuks on selle v\u00e4rvikaid eksemplare t\u00e4naseks kahetsusv\u00e4\u00e4rselt v\u00e4he s\u00e4ilinud.<\/p>\n<p style=\"text-align: justify;\">N\u00e4itus keskendub rootsi talupoja m\u00f6\u00f6blile, mis p\u00e4rineb aastatest 1750\u20131850. Ajaline m\u00e4\u00e4ratlus on oluline, kuna 19. sajandi teisel poolel moodi tulnud spoonitud m\u00f6\u00f6bel ja v\u00e4ikesed tislerit\u00f6\u00f6kojad t\u00f5rjusid vana v\u00e4lja. Rustikaalne tumedates toonides m\u00f6\u00f6bel paigutati v\u00e4hem esinduslikesse ruumidesse, nt k\u00f6\u00f6ki, aita v\u00f5i visati sootuks minema. Eestirootslased on samuti soovinud ajaga kaasas k\u00e4ia ja pole lugu pidanud vanemat t\u00fc\u00fcpi m\u00f6\u00f6bli s\u00e4ilitamisest. Seda t\u00e4heldab ka Sven Danell: \u201eMandril asuvad rootslased pidasid k\u00f5ike vana p\u00f5lastusv\u00e4\u00e4rseks. Tavaliselt oli neil vanadest aegadest v\u00e4he m\u00e4lestusi. Et nende majatarbed ja r\u00f5ivad olid vanamoelised, seda ei maksnud mainida \u2013 seda oleks kergesti v\u00f5idud laituseks pidada.\u201c<\/p>\n<p style=\"text-align: justify;\">Rootslaste talupojam\u00f6\u00f6bel erineb eestlaste omast eelk\u00f5ige julge v\u00e4rvikasutuse poolest, kombineerituna rohkete taimornamentidega nii maalingus kui puidul\u00f5ikes. Maalingud tunduvad esmapilgul pisut kummalised, justkui laste v\u00e4rviraamat, kuid l\u00e4hemalt vaadates m\u00e4rkab peensusteni v\u00e4lja t\u00f6\u00f6tatud ornamendi kombinatsioone, mis on inspiratsiooni saanud kiriku interj\u00f6\u00f6ridest ja vaipade ning tekstiilide mustritest. Kombeks ei olnud kujutada taimornamenti realistlikult, nagu renessansi stiilis linnakodaniku m\u00f6\u00f6blil n\u00e4ha v\u00f5ib. Lillede ja taimev\u00e4\u00e4tide kujutamine naivistliku alatooniga oli maapiirkondades omaette kunstivorm, milles v\u00f5ib aimata m\u00f5jutusi suurlinnades levinud m\u00f6\u00f6blistiilidest.<\/p>\n<div id=\"attachment_7751\" style=\"width: 1210px\" class=\"wp-caption aligncenter\"><a href=\"https:\/\/blog.erm.ee\/wp-content\/uploads\/2016\/03\/Foto-1.jpg\" rel=\"attachment wp-att-7751\"><img loading=\"lazy\" decoding=\"async\" aria-describedby=\"caption-attachment-7751\" data-attachment-id=\"7751\" data-permalink=\"https:\/\/blog.erm.ee\/?attachment_id=7751#main\" data-orig-file=\"https:\/\/blog.erm.ee\/wp-content\/uploads\/2016\/03\/Foto-1.jpg\" data-orig-size=\"1200,900\" data-comments-opened=\"1\" data-image-meta=\"{&quot;aperture&quot;:&quot;0&quot;,&quot;credit&quot;:&quot;&quot;,&quot;camera&quot;:&quot;&quot;,&quot;caption&quot;:&quot;&quot;,&quot;created_timestamp&quot;:&quot;1456149788&quot;,&quot;copyright&quot;:&quot;&quot;,&quot;focal_length&quot;:&quot;0&quot;,&quot;iso&quot;:&quot;0&quot;,&quot;shutter_speed&quot;:&quot;0&quot;,&quot;title&quot;:&quot;&quot;,&quot;orientation&quot;:&quot;0&quot;}\" data-image-title=\"Foto 1\" data-image-description=\"\" data-image-caption=\"\" data-large-file=\"https:\/\/blog.erm.ee\/wp-content\/uploads\/2016\/03\/Foto-1-1024x768.jpg\" class=\"wp-image-7751 size-full\" src=\"https:\/\/blog.erm.ee\/wp-content\/uploads\/2016\/03\/Foto-1.jpg\" alt=\"Foto 1\" width=\"1200\" height=\"900\" srcset=\"https:\/\/blog.erm.ee\/wp-content\/uploads\/2016\/03\/Foto-1.jpg 1200w, https:\/\/blog.erm.ee\/wp-content\/uploads\/2016\/03\/Foto-1-347x260.jpg 347w, https:\/\/blog.erm.ee\/wp-content\/uploads\/2016\/03\/Foto-1-300x225.jpg 300w, https:\/\/blog.erm.ee\/wp-content\/uploads\/2016\/03\/Foto-1-768x576.jpg 768w, https:\/\/blog.erm.ee\/wp-content\/uploads\/2016\/03\/Foto-1-1024x768.jpg 1024w\" sizes=\"auto, (max-width: 1200px) 100vw, 1200px\" \/><\/a><p id=\"caption-attachment-7751\" class=\"wp-caption-text\"><em>Foto 1: Enamik maapiirkondade kunstnikke \u00f5ppisid maalimist iseseisvalt, kuid m\u00f5ningad said v\u00f5imaluse \u00f5ppida ka Rootsi Kuninglikus Kaunite Kunstide Akadeemias. Foto: Kristiina Piirisild.<\/em><\/p><\/div>\n<p style=\"text-align: justify;\">Rootsi talupojam\u00f6\u00f6blit tervikuna vaadates ei saa omistada seda ainult \u00fchele riigile, sest rahvakunst ei tunne tihtipeale piire. Nii on n\u00e4itusel v\u00e4ljas m\u00f6\u00f6blit, mis p\u00e4rineb Norra aladelt v\u00f5i mille puhul on leitud tugevaid seoseid Ahvenamaal leiduva m\u00f6\u00f6bliga. Siiski on v\u00f5imalik v\u00e4lja tuua kindlaid piirkondlikke erinevusi.<\/p>\n<p style=\"text-align: justify;\">K\u00f5ige kuulsam mustrimotiiv <em>kurbits<\/em> p\u00e4rineb Dalarna provintsist 1771. aastast ja kujunes v\u00e4lja vajadusest ellu j\u00e4\u00e4da. Hans Olofsson ja tema naine Anna olid sunnitud p\u00f5ua ajal v\u00e4lja m\u00f5tlema m\u00f5ne muu teenimise viisi, et peret \u00e4ra toita. Hansu isa oli aga \u00f5petanud poega maalima \u2013 sellest tekkiski m\u00f5te hakata m\u00fc\u00fcma lillemaalingutega kabinetm\u00f6\u00f6blit. <em>Kurbits<\/em> sai \u00e4\u00e4rmiselt populaarseks ja seda on n\u00e4ha ka t\u00e4nap\u00e4eval Rootsi suveniiride peal.<\/p>\n<p><span class=\"embed-youtube\" style=\"text-align:center; display: block;\"><iframe loading=\"lazy\" class=\"youtube-player\" width=\"700\" height=\"394\" src=\"https:\/\/www.youtube.com\/embed\/tknY0Qiw3UA?version=3&#038;rel=1&#038;showsearch=0&#038;showinfo=1&#038;iv_load_policy=1&#038;fs=1&#038;hl=et&#038;autohide=2&#038;wmode=transparent\" allowfullscreen=\"true\" style=\"border:0;\" sandbox=\"allow-scripts allow-same-origin allow-popups allow-presentation allow-popups-to-escape-sandbox\"><\/iframe><\/span><\/p>\n<p style=\"text-align: center;\"><em>Dala hobuste tehas Nusn\u00e4s. Esimene teada olev puidust hobune p\u00e4rineb 1850. aastatest.<\/em><\/p>\n<p style=\"text-align: justify;\"><em>Kurbits<\/em>\u2019a ornament kujutab renessansile iseloomulikku lilleurni lihtsustatud kujul. Kui esimestel ornamentidel v\u00f5is \u00e4ra tunda pildile maalitud taimi ja vaasi, siis hiljem muutusid need keerulisemaks ja lillede t\u00e4pne kujutamine polnud nii oluline. Maaling oli enamjaolt s\u00fcmmeetriline \u2013 seda alustati n\u00e4iteks uksetahveldise keskelt, liikudes \u00e4\u00e4rte poole, kuni kogu ala oli tihedalt t\u00e4is maalitud.<\/p>\n<p style=\"text-align: justify;\">Miks <em>kurbits<\/em>? Sellise nimetuse andis maalingule rootsi luuletaja Erik Axel Karlfeldt 1930. aastatel ja see tuleneb tegelikult rootsikeelsest <em>cucurbits<\/em>\u2019ast ehk pudelk\u00f5rvitsast. Nimelt hakati lisaks lilledele ornamenti t\u00e4iustama ka k\u00f5rvitsataoliste moodustistega, mis n\u00e4ivad esmapilgul kummaliste lehtedena. Varasemalt kutsuti seda roosiks v\u00f5i roosimaaliks (rootsi k<em> rosm<\/em><em>\u00e5<\/em><em>lning<\/em>).<\/p>\n<div id=\"attachment_7752\" style=\"width: 1210px\" class=\"wp-caption aligncenter\"><a href=\"https:\/\/blog.erm.ee\/wp-content\/uploads\/2016\/03\/Foto-2.jpg\" rel=\"attachment wp-att-7752\"><img loading=\"lazy\" decoding=\"async\" aria-describedby=\"caption-attachment-7752\" data-attachment-id=\"7752\" data-permalink=\"https:\/\/blog.erm.ee\/?attachment_id=7752#main\" data-orig-file=\"https:\/\/blog.erm.ee\/wp-content\/uploads\/2016\/03\/Foto-2.jpg\" data-orig-size=\"1200,713\" data-comments-opened=\"1\" data-image-meta=\"{&quot;aperture&quot;:&quot;0&quot;,&quot;credit&quot;:&quot;&quot;,&quot;camera&quot;:&quot;&quot;,&quot;caption&quot;:&quot;&quot;,&quot;created_timestamp&quot;:&quot;0&quot;,&quot;copyright&quot;:&quot;&quot;,&quot;focal_length&quot;:&quot;0&quot;,&quot;iso&quot;:&quot;0&quot;,&quot;shutter_speed&quot;:&quot;0&quot;,&quot;title&quot;:&quot;&quot;,&quot;orientation&quot;:&quot;0&quot;}\" data-image-title=\"Foto 2\" data-image-description=\"\" data-image-caption=\"\" data-large-file=\"https:\/\/blog.erm.ee\/wp-content\/uploads\/2016\/03\/Foto-2-1024x608.jpg\" class=\"wp-image-7752 size-full\" src=\"https:\/\/blog.erm.ee\/wp-content\/uploads\/2016\/03\/Foto-2.jpg\" alt=\"Foto 2\" width=\"1200\" height=\"713\" srcset=\"https:\/\/blog.erm.ee\/wp-content\/uploads\/2016\/03\/Foto-2.jpg 1200w, https:\/\/blog.erm.ee\/wp-content\/uploads\/2016\/03\/Foto-2-438x260.jpg 438w, https:\/\/blog.erm.ee\/wp-content\/uploads\/2016\/03\/Foto-2-300x178.jpg 300w, https:\/\/blog.erm.ee\/wp-content\/uploads\/2016\/03\/Foto-2-768x456.jpg 768w, https:\/\/blog.erm.ee\/wp-content\/uploads\/2016\/03\/Foto-2-1024x608.jpg 1024w\" sizes=\"auto, (max-width: 1200px) 100vw, 1200px\" \/><\/a><p id=\"caption-attachment-7752\" class=\"wp-caption-text\"><em>Foto 2: Pildi keskel on n\u00e4ha ehedat kurbits stiilis maalitud nurgakappi, mille k\u00f5rval eksponeeritakse detaile samas stiilis seinamaalingutest. Antud foto p\u00e4rineb P\u00f5hjamaade muuseumi rahvakunsti p\u00fcsin\u00e4ituselt.<\/em><\/p><\/div>\n<p style=\"text-align: justify;\">N\u00e4itusel eksponeeritud m\u00f6\u00f6bel kuulus valdavalt j\u00f5ukamatele talunikele, kes said lubada rohkemat kui elamiseks h\u00e4davajalik. Kui kunstnikule oli v\u00f5imalik maksta toiduga, siis materjalide eest pidi tasuma rahas. Sellised pigmendid nagu sinine, punane ja kollane olid maamuldadest palju kallimad, seega n\u00e4itasid kirgaste v\u00e4rvidega maalitud esemed peremehe j\u00f5ukust.<\/p>\n<p style=\"text-align: justify;\">Esemed, millesse investeeriti, olid kasutuses esindusruumides v\u00f5i oli neil tugev emotsionaalne v\u00e4\u00e4rtus ja side omanikuga. Peamiselt dekoreeriti riidekirste, seina-, puhvet- ja kellakappe. Kellakappide puhul v\u00f5is eristada kahte t\u00fc\u00fcpi: mehelikku ja naiselikku vormi (rahvakeeli ka vanaisa kell ning pruut, rootsi k <em>\u00c5<\/em><em>ngermanland bride<\/em>). Vol\u00fc\u00fcmikas vorm oli tingitud puhtalt praktilisest otstarbest, andes kella pendlile rohkem liikumisruumi.<\/p>\n<div id=\"attachment_7753\" style=\"width: 846px\" class=\"wp-caption aligncenter\"><a href=\"https:\/\/blog.erm.ee\/wp-content\/uploads\/2016\/03\/Foto-3.jpg\" rel=\"attachment wp-att-7753\"><img loading=\"lazy\" decoding=\"async\" aria-describedby=\"caption-attachment-7753\" data-attachment-id=\"7753\" data-permalink=\"https:\/\/blog.erm.ee\/?attachment_id=7753#main\" data-orig-file=\"https:\/\/blog.erm.ee\/wp-content\/uploads\/2016\/03\/Foto-3.jpg\" data-orig-size=\"836,1200\" data-comments-opened=\"1\" data-image-meta=\"{&quot;aperture&quot;:&quot;0&quot;,&quot;credit&quot;:&quot;&quot;,&quot;camera&quot;:&quot;&quot;,&quot;caption&quot;:&quot;&quot;,&quot;created_timestamp&quot;:&quot;0&quot;,&quot;copyright&quot;:&quot;&quot;,&quot;focal_length&quot;:&quot;0&quot;,&quot;iso&quot;:&quot;0&quot;,&quot;shutter_speed&quot;:&quot;0&quot;,&quot;title&quot;:&quot;&quot;,&quot;orientation&quot;:&quot;0&quot;}\" data-image-title=\"Foto 3\" data-image-description=\"\" data-image-caption=\"\" data-large-file=\"https:\/\/blog.erm.ee\/wp-content\/uploads\/2016\/03\/Foto-3-713x1024.jpg\" class=\"wp-image-7753 size-full\" src=\"https:\/\/blog.erm.ee\/wp-content\/uploads\/2016\/03\/Foto-3.jpg\" alt=\"Foto 3\" width=\"836\" height=\"1200\" srcset=\"https:\/\/blog.erm.ee\/wp-content\/uploads\/2016\/03\/Foto-3.jpg 836w, https:\/\/blog.erm.ee\/wp-content\/uploads\/2016\/03\/Foto-3-181x260.jpg 181w, https:\/\/blog.erm.ee\/wp-content\/uploads\/2016\/03\/Foto-3-209x300.jpg 209w, https:\/\/blog.erm.ee\/wp-content\/uploads\/2016\/03\/Foto-3-768x1102.jpg 768w, https:\/\/blog.erm.ee\/wp-content\/uploads\/2016\/03\/Foto-3-713x1024.jpg 713w\" sizes=\"auto, (max-width: 836px) 100vw, 836px\" \/><\/a><p id=\"caption-attachment-7753\" class=\"wp-caption-text\"><em>Foto 3: Olulisel kohal olid laste h\u00e4llid, mille dekoreerimisel tagasi ei hoitud.<\/em><\/p><\/div>\n<p style=\"text-align: justify;\">Esemele m\u00e4rgiti ka omaniku initsiaalid ja aasta. Kui initsiaalid l\u00f5ppevad t\u00e4hega S, t\u00e4hendab see poega, kui D-ga, siis t\u00fctart (nt EIS ja KAD). Aastaarv esemel ei t\u00e4hista alati selle valmistamise aega, vaid v\u00f5ib olla seotud ka m\u00f5ne muu s\u00fcndmusega. Kuid seda, et kunstnik kirjutas oma nime v\u00f5i initsiaalid esemele, juhtus harva. Seet\u00f5ttu on enamiku maalingute autorid ja meistrid teadmata ning \u00fcldistusi ja oletusi saab teha vaid ornamenti lugedes.<\/p>\n<div id=\"attachment_7754\" style=\"width: 710px\" class=\"wp-caption alignnone\"><a href=\"https:\/\/blog.erm.ee\/wp-content\/uploads\/2016\/03\/Foto-4.jpg\" rel=\"attachment wp-att-7754\"><img loading=\"lazy\" decoding=\"async\" aria-describedby=\"caption-attachment-7754\" data-attachment-id=\"7754\" data-permalink=\"https:\/\/blog.erm.ee\/?attachment_id=7754#main\" data-orig-file=\"https:\/\/blog.erm.ee\/wp-content\/uploads\/2016\/03\/Foto-4.jpg\" data-orig-size=\"900,1200\" data-comments-opened=\"1\" data-image-meta=\"{&quot;aperture&quot;:&quot;0&quot;,&quot;credit&quot;:&quot;&quot;,&quot;camera&quot;:&quot;&quot;,&quot;caption&quot;:&quot;&quot;,&quot;created_timestamp&quot;:&quot;1456147798&quot;,&quot;copyright&quot;:&quot;&quot;,&quot;focal_length&quot;:&quot;0&quot;,&quot;iso&quot;:&quot;0&quot;,&quot;shutter_speed&quot;:&quot;0&quot;,&quot;title&quot;:&quot;&quot;,&quot;orientation&quot;:&quot;0&quot;}\" data-image-title=\"Foto 4\" data-image-description=\"\" data-image-caption=\"\" data-large-file=\"https:\/\/blog.erm.ee\/wp-content\/uploads\/2016\/03\/Foto-4-768x1024.jpg\" class=\"wp-image-7754 size-large\" src=\"https:\/\/blog.erm.ee\/wp-content\/uploads\/2016\/03\/Foto-4-768x1024.jpg\" alt=\"Foto 4\" width=\"700\" height=\"933\" srcset=\"https:\/\/blog.erm.ee\/wp-content\/uploads\/2016\/03\/Foto-4-768x1024.jpg 768w, https:\/\/blog.erm.ee\/wp-content\/uploads\/2016\/03\/Foto-4-195x260.jpg 195w, https:\/\/blog.erm.ee\/wp-content\/uploads\/2016\/03\/Foto-4-225x300.jpg 225w, https:\/\/blog.erm.ee\/wp-content\/uploads\/2016\/03\/Foto-4.jpg 900w\" sizes=\"auto, (max-width: 700px) 100vw, 700px\" \/><\/a><p id=\"caption-attachment-7754\" class=\"wp-caption-text\"><em>Foto 4: Kapile maalitud poja ja t\u00fctre initsiaalid. Foto: Kristiina Piirisild.<\/em><\/p><\/div>\n<p style=\"text-align: justify;\">\u201eRej\u00e4lt Retro\u201c n\u00e4ituse sisu on v\u00e4ga h\u00e4sti kokku pandud ning seda toetab maitsekalt teostatud n\u00fc\u00fcdisaegne kujundus. Lisaks leidub muuseumi poes palju n\u00e4ituse juurde kuuluvat kirjanduslikku materjali.<\/p>\n<p style=\"text-align: justify;\">Soovitan v\u00f5imalusel P\u00f5hjamaade muuseumi kindlasti k\u00fclastada. N\u00e4itus j\u00e4\u00e4b avatuks kuni 4. septembrini 2016.<\/p>\n<p><strong><em>Kirjandus ja viited<\/em><\/strong><\/p>\n<p>Nordiska Museet 2015. Rej\u00e4lt Retro-m\u00e5lade allmogem\u00f6bler 1750\u20131850.<\/p>\n<p>Danell, Sven 2012. Kuldrannake \u2013 m\u00e4lestusi seitsmest aastast Eestis. Tlk A. Salu\u00e4\u00e4r. Tartu: Ilmamaa.<\/p>\n<p>Sigurd, Erixon 1925. M\u00f6bler och heminredning i svenska bygder. Stockholm: Nordiska Museets f\u00f6rlag.<\/p>\n<p><a href=\"http:\/\/d20tdhwx2i89n1.cloudfront.net\/image\/upload\/t_next_gen_article_large_480\/sew0o5w9qos5gsjjscxc.jpg\" target=\"_blank\">http:\/\/d20tdhwx2i89n1.cloudfront.net\/image\/upload\/t_next_gen_article_large_480\/sew0o5w9qos5gsjjscxc.jpg<\/a><\/p>\n<p><a href=\"http:\/\/www.nordiskamuseet.se\/press\/folkkonst\" target=\"_blank\">http:\/\/www.nordiskamuseet.se\/press\/folkkonst<\/a><\/p>\n<p>&nbsp;<\/p>\n<p>&nbsp;<\/p>\n<div class=\"fcbkbttn_buttons_block\" id=\"fcbkbttn_left\"><div class=\"fcbkbttn_like \"><fb:like href=\"https:\/\/blog.erm.ee\/?p=7750\" action=\"like\" colorscheme=\"light\" layout=\"standard\"  width=\"225px\" size=\"small\"><\/fb:like><\/div><div class=\"fb-share-button  \" data-href=\"https:\/\/blog.erm.ee\/?p=7750\" data-type=\"button\" data-size=\"small\"><\/div><\/div>","protected":false},"excerpt":{"rendered":"<p>Tekst: Kristiina Piirisild, konserveerimisosakonna juhataja Hiljuti k\u00fclastatud n\u00e4itus \u201eRej\u00e4lt Retro\u201c Stockholmi P\u00f5hjamaade muuseumis (Nordiska museet) on heaks p\u00f5hjuseks, et r\u00e4\u00e4kida l\u00e4hemalt rootslaste talupojam\u00f6\u00f6blist, mis on tuntud ka L\u00e4\u00e4ne-Eesti rannikualadel eestirootslaste kultuurip\u00e4randina. Kahjuks on selle v\u00e4rvikaid eksemplare t\u00e4naseks kahetsusv\u00e4\u00e4rselt v\u00e4he s\u00e4ilinud. N\u00e4itus keskendub rootsi talupoja m\u00f6\u00f6blile, mis p\u00e4rineb aastatest 1750\u20131850. Ajaline m\u00e4\u00e4ratlus on oluline, kuna 19.&hellip;<\/p>\n","protected":false},"author":1,"featured_media":7754,"comment_status":"open","ping_status":"open","sticky":false,"template":"","format":"standard","meta":{"_monsterinsights_skip_tracking":false,"_monsterinsights_sitenote_active":false,"_monsterinsights_sitenote_note":"","_monsterinsights_sitenote_category":0,"jetpack_post_was_ever_published":false,"_jetpack_newsletter_access":"","_jetpack_dont_email_post_to_subs":false,"_jetpack_newsletter_tier_id":0,"_jetpack_memberships_contains_paywalled_content":false,"_jetpack_memberships_contains_paid_content":false,"footnotes":""},"categories":[5,20],"tags":[],"class_list":["post-7750","post","type-post","status-publish","format-standard","has-post-thumbnail","hentry","category-museaal","category-muuseumimotted"],"yoast_head":"<!-- This site is optimized with the Yoast SEO plugin v27.5 - https:\/\/yoast.com\/product\/yoast-seo-wordpress\/ -->\n<title>T\u00f5sine retro P\u00f5hjamaade muuseumis - Eesti Rahva Muuseumi ajaveeb<\/title>\n<meta name=\"robots\" content=\"index, follow, max-snippet:-1, max-image-preview:large, max-video-preview:-1\" \/>\n<link rel=\"canonical\" href=\"https:\/\/blog.erm.ee\/?p=7750\" \/>\n<meta property=\"og:locale\" content=\"et_EE\" \/>\n<meta property=\"og:type\" content=\"article\" \/>\n<meta property=\"og:title\" content=\"T\u00f5sine retro P\u00f5hjamaade muuseumis - Eesti Rahva Muuseumi ajaveeb\" \/>\n<meta property=\"og:description\" content=\"Tekst: Kristiina Piirisild, konserveerimisosakonna juhataja Hiljuti k\u00fclastatud n\u00e4itus \u201eRej\u00e4lt Retro\u201c Stockholmi P\u00f5hjamaade muuseumis (Nordiska museet) on heaks p\u00f5hjuseks, et r\u00e4\u00e4kida l\u00e4hemalt rootslaste talupojam\u00f6\u00f6blist, mis on tuntud ka L\u00e4\u00e4ne-Eesti rannikualadel eestirootslaste kultuurip\u00e4randina. Kahjuks on selle v\u00e4rvikaid eksemplare t\u00e4naseks kahetsusv\u00e4\u00e4rselt v\u00e4he s\u00e4ilinud. N\u00e4itus keskendub rootsi talupoja m\u00f6\u00f6blile, mis p\u00e4rineb aastatest 1750\u20131850. Ajaline m\u00e4\u00e4ratlus on oluline, kuna 19.&hellip;\" \/>\n<meta property=\"og:url\" content=\"https:\/\/blog.erm.ee\/?p=7750\" \/>\n<meta property=\"og:site_name\" content=\"Eesti Rahva Muuseumi ajaveeb\" \/>\n<meta property=\"article:published_time\" content=\"2016-03-03T13:45:05+00:00\" \/>\n<meta property=\"article:modified_time\" content=\"2016-03-03T13:48:55+00:00\" \/>\n<meta property=\"og:image\" content=\"https:\/\/blog.erm.ee\/wp-content\/uploads\/2016\/03\/Foto-4.jpg\" \/>\n\t<meta property=\"og:image:width\" content=\"900\" \/>\n\t<meta property=\"og:image:height\" content=\"1200\" \/>\n\t<meta property=\"og:image:type\" content=\"image\/jpeg\" \/>\n<meta name=\"author\" content=\"Eesti Rahva Muuseum\" \/>\n<meta name=\"twitter:card\" content=\"summary_large_image\" \/>\n<meta name=\"twitter:label1\" content=\"Written by\" \/>\n\t<meta name=\"twitter:data1\" content=\"Eesti Rahva Muuseum\" \/>\n\t<meta name=\"twitter:label2\" content=\"Est. reading time\" \/>\n\t<meta name=\"twitter:data2\" content=\"5 minutit\" \/>\n<script type=\"application\/ld+json\" class=\"yoast-schema-graph\">{\"@context\":\"https:\\\/\\\/schema.org\",\"@graph\":[{\"@type\":\"Article\",\"@id\":\"https:\\\/\\\/blog.erm.ee\\\/?p=7750#article\",\"isPartOf\":{\"@id\":\"https:\\\/\\\/blog.erm.ee\\\/?p=7750\"},\"author\":{\"name\":\"Eesti Rahva Muuseum\",\"@id\":\"https:\\\/\\\/blog.erm.ee\\\/#\\\/schema\\\/person\\\/6e98c391cb00a33e7c22a3571e062114\"},\"headline\":\"T\u00f5sine retro P\u00f5hjamaade muuseumis\",\"datePublished\":\"2016-03-03T13:45:05+00:00\",\"dateModified\":\"2016-03-03T13:48:55+00:00\",\"mainEntityOfPage\":{\"@id\":\"https:\\\/\\\/blog.erm.ee\\\/?p=7750\"},\"wordCount\":937,\"commentCount\":0,\"image\":{\"@id\":\"https:\\\/\\\/blog.erm.ee\\\/?p=7750#primaryimage\"},\"thumbnailUrl\":\"https:\\\/\\\/blog.erm.ee\\\/wp-content\\\/uploads\\\/2016\\\/03\\\/Foto-4.jpg\",\"articleSection\":[\"Museaal\",\"Muuseumim\u00f5tted\"],\"inLanguage\":\"et\",\"potentialAction\":[{\"@type\":\"CommentAction\",\"name\":\"Comment\",\"target\":[\"https:\\\/\\\/blog.erm.ee\\\/?p=7750#respond\"]}]},{\"@type\":\"WebPage\",\"@id\":\"https:\\\/\\\/blog.erm.ee\\\/?p=7750\",\"url\":\"https:\\\/\\\/blog.erm.ee\\\/?p=7750\",\"name\":\"T\u00f5sine retro P\u00f5hjamaade muuseumis - Eesti Rahva Muuseumi ajaveeb\",\"isPartOf\":{\"@id\":\"https:\\\/\\\/blog.erm.ee\\\/#website\"},\"primaryImageOfPage\":{\"@id\":\"https:\\\/\\\/blog.erm.ee\\\/?p=7750#primaryimage\"},\"image\":{\"@id\":\"https:\\\/\\\/blog.erm.ee\\\/?p=7750#primaryimage\"},\"thumbnailUrl\":\"https:\\\/\\\/blog.erm.ee\\\/wp-content\\\/uploads\\\/2016\\\/03\\\/Foto-4.jpg\",\"datePublished\":\"2016-03-03T13:45:05+00:00\",\"dateModified\":\"2016-03-03T13:48:55+00:00\",\"author\":{\"@id\":\"https:\\\/\\\/blog.erm.ee\\\/#\\\/schema\\\/person\\\/6e98c391cb00a33e7c22a3571e062114\"},\"breadcrumb\":{\"@id\":\"https:\\\/\\\/blog.erm.ee\\\/?p=7750#breadcrumb\"},\"inLanguage\":\"et\",\"potentialAction\":[{\"@type\":\"ReadAction\",\"target\":[\"https:\\\/\\\/blog.erm.ee\\\/?p=7750\"]}]},{\"@type\":\"ImageObject\",\"inLanguage\":\"et\",\"@id\":\"https:\\\/\\\/blog.erm.ee\\\/?p=7750#primaryimage\",\"url\":\"https:\\\/\\\/blog.erm.ee\\\/wp-content\\\/uploads\\\/2016\\\/03\\\/Foto-4.jpg\",\"contentUrl\":\"https:\\\/\\\/blog.erm.ee\\\/wp-content\\\/uploads\\\/2016\\\/03\\\/Foto-4.jpg\",\"width\":900,\"height\":1200},{\"@type\":\"BreadcrumbList\",\"@id\":\"https:\\\/\\\/blog.erm.ee\\\/?p=7750#breadcrumb\",\"itemListElement\":[{\"@type\":\"ListItem\",\"position\":1,\"name\":\"Home\",\"item\":\"https:\\\/\\\/blog.erm.ee\\\/\"},{\"@type\":\"ListItem\",\"position\":2,\"name\":\"T\u00f5sine retro P\u00f5hjamaade muuseumis\"}]},{\"@type\":\"WebSite\",\"@id\":\"https:\\\/\\\/blog.erm.ee\\\/#website\",\"url\":\"https:\\\/\\\/blog.erm.ee\\\/\",\"name\":\"Eesti Rahva Muuseumi ajaveeb\",\"description\":\"\",\"potentialAction\":[{\"@type\":\"SearchAction\",\"target\":{\"@type\":\"EntryPoint\",\"urlTemplate\":\"https:\\\/\\\/blog.erm.ee\\\/?s={search_term_string}\"},\"query-input\":{\"@type\":\"PropertyValueSpecification\",\"valueRequired\":true,\"valueName\":\"search_term_string\"}}],\"inLanguage\":\"et\"},{\"@type\":\"Person\",\"@id\":\"https:\\\/\\\/blog.erm.ee\\\/#\\\/schema\\\/person\\\/6e98c391cb00a33e7c22a3571e062114\",\"name\":\"Eesti Rahva Muuseum\",\"image\":{\"@type\":\"ImageObject\",\"inLanguage\":\"et\",\"@id\":\"https:\\\/\\\/secure.gravatar.com\\\/avatar\\\/cb6d9ad5fb49f3f7315028ce5fe60641075f2cb52b8a058ff5a985fa2d8c1da0?s=96&d=mm&r=g\",\"url\":\"https:\\\/\\\/secure.gravatar.com\\\/avatar\\\/cb6d9ad5fb49f3f7315028ce5fe60641075f2cb52b8a058ff5a985fa2d8c1da0?s=96&d=mm&r=g\",\"contentUrl\":\"https:\\\/\\\/secure.gravatar.com\\\/avatar\\\/cb6d9ad5fb49f3f7315028ce5fe60641075f2cb52b8a058ff5a985fa2d8c1da0?s=96&d=mm&r=g\",\"caption\":\"Eesti Rahva Muuseum\"},\"sameAs\":[\"http:\\\/\\\/www.erm.ee\"],\"url\":\"https:\\\/\\\/blog.erm.ee\\\/?author=1\"}]}<\/script>\n<!-- \/ Yoast SEO plugin. -->","yoast_head_json":{"title":"T\u00f5sine retro P\u00f5hjamaade muuseumis - Eesti Rahva Muuseumi ajaveeb","robots":{"index":"index","follow":"follow","max-snippet":"max-snippet:-1","max-image-preview":"max-image-preview:large","max-video-preview":"max-video-preview:-1"},"canonical":"https:\/\/blog.erm.ee\/?p=7750","og_locale":"et_EE","og_type":"article","og_title":"T\u00f5sine retro P\u00f5hjamaade muuseumis - Eesti Rahva Muuseumi ajaveeb","og_description":"Tekst: Kristiina Piirisild, konserveerimisosakonna juhataja Hiljuti k\u00fclastatud n\u00e4itus \u201eRej\u00e4lt Retro\u201c Stockholmi P\u00f5hjamaade muuseumis (Nordiska museet) on heaks p\u00f5hjuseks, et r\u00e4\u00e4kida l\u00e4hemalt rootslaste talupojam\u00f6\u00f6blist, mis on tuntud ka L\u00e4\u00e4ne-Eesti rannikualadel eestirootslaste kultuurip\u00e4randina. Kahjuks on selle v\u00e4rvikaid eksemplare t\u00e4naseks kahetsusv\u00e4\u00e4rselt v\u00e4he s\u00e4ilinud. N\u00e4itus keskendub rootsi talupoja m\u00f6\u00f6blile, mis p\u00e4rineb aastatest 1750\u20131850. Ajaline m\u00e4\u00e4ratlus on oluline, kuna 19.&hellip;","og_url":"https:\/\/blog.erm.ee\/?p=7750","og_site_name":"Eesti Rahva Muuseumi ajaveeb","article_published_time":"2016-03-03T13:45:05+00:00","article_modified_time":"2016-03-03T13:48:55+00:00","og_image":[{"width":900,"height":1200,"url":"https:\/\/blog.erm.ee\/wp-content\/uploads\/2016\/03\/Foto-4.jpg","type":"image\/jpeg"}],"author":"Eesti Rahva Muuseum","twitter_card":"summary_large_image","twitter_misc":{"Written by":"Eesti Rahva Muuseum","Est. reading time":"5 minutit"},"schema":{"@context":"https:\/\/schema.org","@graph":[{"@type":"Article","@id":"https:\/\/blog.erm.ee\/?p=7750#article","isPartOf":{"@id":"https:\/\/blog.erm.ee\/?p=7750"},"author":{"name":"Eesti Rahva Muuseum","@id":"https:\/\/blog.erm.ee\/#\/schema\/person\/6e98c391cb00a33e7c22a3571e062114"},"headline":"T\u00f5sine retro P\u00f5hjamaade muuseumis","datePublished":"2016-03-03T13:45:05+00:00","dateModified":"2016-03-03T13:48:55+00:00","mainEntityOfPage":{"@id":"https:\/\/blog.erm.ee\/?p=7750"},"wordCount":937,"commentCount":0,"image":{"@id":"https:\/\/blog.erm.ee\/?p=7750#primaryimage"},"thumbnailUrl":"https:\/\/blog.erm.ee\/wp-content\/uploads\/2016\/03\/Foto-4.jpg","articleSection":["Museaal","Muuseumim\u00f5tted"],"inLanguage":"et","potentialAction":[{"@type":"CommentAction","name":"Comment","target":["https:\/\/blog.erm.ee\/?p=7750#respond"]}]},{"@type":"WebPage","@id":"https:\/\/blog.erm.ee\/?p=7750","url":"https:\/\/blog.erm.ee\/?p=7750","name":"T\u00f5sine retro P\u00f5hjamaade muuseumis - Eesti Rahva Muuseumi ajaveeb","isPartOf":{"@id":"https:\/\/blog.erm.ee\/#website"},"primaryImageOfPage":{"@id":"https:\/\/blog.erm.ee\/?p=7750#primaryimage"},"image":{"@id":"https:\/\/blog.erm.ee\/?p=7750#primaryimage"},"thumbnailUrl":"https:\/\/blog.erm.ee\/wp-content\/uploads\/2016\/03\/Foto-4.jpg","datePublished":"2016-03-03T13:45:05+00:00","dateModified":"2016-03-03T13:48:55+00:00","author":{"@id":"https:\/\/blog.erm.ee\/#\/schema\/person\/6e98c391cb00a33e7c22a3571e062114"},"breadcrumb":{"@id":"https:\/\/blog.erm.ee\/?p=7750#breadcrumb"},"inLanguage":"et","potentialAction":[{"@type":"ReadAction","target":["https:\/\/blog.erm.ee\/?p=7750"]}]},{"@type":"ImageObject","inLanguage":"et","@id":"https:\/\/blog.erm.ee\/?p=7750#primaryimage","url":"https:\/\/blog.erm.ee\/wp-content\/uploads\/2016\/03\/Foto-4.jpg","contentUrl":"https:\/\/blog.erm.ee\/wp-content\/uploads\/2016\/03\/Foto-4.jpg","width":900,"height":1200},{"@type":"BreadcrumbList","@id":"https:\/\/blog.erm.ee\/?p=7750#breadcrumb","itemListElement":[{"@type":"ListItem","position":1,"name":"Home","item":"https:\/\/blog.erm.ee\/"},{"@type":"ListItem","position":2,"name":"T\u00f5sine retro P\u00f5hjamaade muuseumis"}]},{"@type":"WebSite","@id":"https:\/\/blog.erm.ee\/#website","url":"https:\/\/blog.erm.ee\/","name":"Eesti Rahva Muuseumi ajaveeb","description":"","potentialAction":[{"@type":"SearchAction","target":{"@type":"EntryPoint","urlTemplate":"https:\/\/blog.erm.ee\/?s={search_term_string}"},"query-input":{"@type":"PropertyValueSpecification","valueRequired":true,"valueName":"search_term_string"}}],"inLanguage":"et"},{"@type":"Person","@id":"https:\/\/blog.erm.ee\/#\/schema\/person\/6e98c391cb00a33e7c22a3571e062114","name":"Eesti Rahva Muuseum","image":{"@type":"ImageObject","inLanguage":"et","@id":"https:\/\/secure.gravatar.com\/avatar\/cb6d9ad5fb49f3f7315028ce5fe60641075f2cb52b8a058ff5a985fa2d8c1da0?s=96&d=mm&r=g","url":"https:\/\/secure.gravatar.com\/avatar\/cb6d9ad5fb49f3f7315028ce5fe60641075f2cb52b8a058ff5a985fa2d8c1da0?s=96&d=mm&r=g","contentUrl":"https:\/\/secure.gravatar.com\/avatar\/cb6d9ad5fb49f3f7315028ce5fe60641075f2cb52b8a058ff5a985fa2d8c1da0?s=96&d=mm&r=g","caption":"Eesti Rahva Muuseum"},"sameAs":["http:\/\/www.erm.ee"],"url":"https:\/\/blog.erm.ee\/?author=1"}]}},"jetpack_featured_media_url":"https:\/\/blog.erm.ee\/wp-content\/uploads\/2016\/03\/Foto-4.jpg","jetpack_shortlink":"https:\/\/wp.me\/p2l9Zd-210","jetpack_sharing_enabled":true,"jetpack_likes_enabled":true,"_links":{"self":[{"href":"https:\/\/blog.erm.ee\/index.php?rest_route=\/wp\/v2\/posts\/7750","targetHints":{"allow":["GET"]}}],"collection":[{"href":"https:\/\/blog.erm.ee\/index.php?rest_route=\/wp\/v2\/posts"}],"about":[{"href":"https:\/\/blog.erm.ee\/index.php?rest_route=\/wp\/v2\/types\/post"}],"author":[{"embeddable":true,"href":"https:\/\/blog.erm.ee\/index.php?rest_route=\/wp\/v2\/users\/1"}],"replies":[{"embeddable":true,"href":"https:\/\/blog.erm.ee\/index.php?rest_route=%2Fwp%2Fv2%2Fcomments&post=7750"}],"version-history":[{"count":4,"href":"https:\/\/blog.erm.ee\/index.php?rest_route=\/wp\/v2\/posts\/7750\/revisions"}],"predecessor-version":[{"id":7759,"href":"https:\/\/blog.erm.ee\/index.php?rest_route=\/wp\/v2\/posts\/7750\/revisions\/7759"}],"wp:featuredmedia":[{"embeddable":true,"href":"https:\/\/blog.erm.ee\/index.php?rest_route=\/wp\/v2\/media\/7754"}],"wp:attachment":[{"href":"https:\/\/blog.erm.ee\/index.php?rest_route=%2Fwp%2Fv2%2Fmedia&parent=7750"}],"wp:term":[{"taxonomy":"category","embeddable":true,"href":"https:\/\/blog.erm.ee\/index.php?rest_route=%2Fwp%2Fv2%2Fcategories&post=7750"},{"taxonomy":"post_tag","embeddable":true,"href":"https:\/\/blog.erm.ee\/index.php?rest_route=%2Fwp%2Fv2%2Ftags&post=7750"}],"curies":[{"name":"wp","href":"https:\/\/api.w.org\/{rel}","templated":true}]}}