{"id":7664,"date":"2016-02-11T06:12:12","date_gmt":"2016-02-11T04:12:12","guid":{"rendered":"http:\/\/blog.erm.ee\/?p=7664"},"modified":"2016-02-11T06:15:45","modified_gmt":"2016-02-11T04:15:45","slug":"kuunlavalgel","status":"publish","type":"post","link":"https:\/\/blog.erm.ee\/?p=7664","title":{"rendered":"K\u00fc\u00fcnlavalgel"},"content":{"rendered":"<div class=\"fcbkbttn_buttons_block\" id=\"fcbkbttn_left\"><div class=\"fcbkbttn_like \"><fb:like href=\"https:\/\/blog.erm.ee\/?p=7664\" action=\"like\" colorscheme=\"light\" layout=\"standard\"  width=\"225px\" size=\"small\"><\/fb:like><\/div><div class=\"fb-share-button  \" data-href=\"https:\/\/blog.erm.ee\/?p=7664\" data-type=\"button\" data-size=\"small\"><\/div><\/div><p><em>Siret Saar, koguhoidja<\/em><\/p>\n<p>Elaval tulel olevat suur m\u00f5ju inimesele, aga sugestiivne on see igal juhul: me k\u00f5ik j\u00e4\u00e4me ju vahel \u00fcksisilmi tuld vaatama, tunneme vajadust l\u00f5kkes kepiga sudida v\u00f5i n\u00e4puga k\u00fc\u00fcnlarasva jooksu suunata.<br \/>\nK\u00fc\u00fcnlad kuuluvad juba ammusest ajast kesksete elus\u00fcndmuste juurde. Veel 19. sajandilgi s\u00fc\u00fcdati k\u00fc\u00fcnal ja hoiti seda vasts\u00fcndinu l\u00e4hedal, et kaitsta teda \u00f5nnetuste ja kurjade j\u00f5udude eest.<br \/>\n<em>K\u00fc\u00fcnla tuluke p\u00f5les tite emal nii kaua k\u00f6ik \u00f6\u00f6d lapse juures kut laps oli \u00e4e ristitud. Ristimata last \u00e4i v\u00f6ind pimes ilma tuleta j\u00e4tta, kurivaim vahetas siis lapse oma lapse vastu \u00e4e (KV (korrespondentide vastused) III varia lk 2233).<\/em><\/p>\n<p><a href=\"https:\/\/blog.erm.ee\/wp-content\/uploads\/2016\/02\/033908_ERM_Fk_2652_20.jpg\" rel=\"attachment wp-att-7666\"><img loading=\"lazy\" decoding=\"async\" data-attachment-id=\"7666\" data-permalink=\"https:\/\/blog.erm.ee\/?attachment_id=7666#main\" data-orig-file=\"https:\/\/blog.erm.ee\/wp-content\/uploads\/2016\/02\/033908_ERM_Fk_2652_20.jpg\" data-orig-size=\"731,1200\" data-comments-opened=\"1\" data-image-meta=\"{&quot;aperture&quot;:&quot;0&quot;,&quot;credit&quot;:&quot;&quot;,&quot;camera&quot;:&quot;&quot;,&quot;caption&quot;:&quot;&quot;,&quot;created_timestamp&quot;:&quot;0&quot;,&quot;copyright&quot;:&quot;&quot;,&quot;focal_length&quot;:&quot;0&quot;,&quot;iso&quot;:&quot;0&quot;,&quot;shutter_speed&quot;:&quot;0&quot;,&quot;title&quot;:&quot;&quot;,&quot;orientation&quot;:&quot;0&quot;}\" data-image-title=\"033908_ERM_Fk_2652_20\" data-image-description=\"\" data-image-caption=\"\" data-large-file=\"https:\/\/blog.erm.ee\/wp-content\/uploads\/2016\/02\/033908_ERM_Fk_2652_20-624x1024.jpg\" class=\"alignnone size-large wp-image-7666\" src=\"https:\/\/blog.erm.ee\/wp-content\/uploads\/2016\/02\/033908_ERM_Fk_2652_20-624x1024.jpg\" alt=\"033908_ERM_Fk_2652_20\" width=\"624\" height=\"1024\" srcset=\"https:\/\/blog.erm.ee\/wp-content\/uploads\/2016\/02\/033908_ERM_Fk_2652_20-624x1024.jpg 624w, https:\/\/blog.erm.ee\/wp-content\/uploads\/2016\/02\/033908_ERM_Fk_2652_20-158x260.jpg 158w, https:\/\/blog.erm.ee\/wp-content\/uploads\/2016\/02\/033908_ERM_Fk_2652_20-183x300.jpg 183w, https:\/\/blog.erm.ee\/wp-content\/uploads\/2016\/02\/033908_ERM_Fk_2652_20.jpg 731w\" sizes=\"auto, (max-width: 624px) 100vw, 624px\" \/><\/a><br \/>\n<em>Tartus 1930. aastatel. ERM Fk 2652:20<\/em><\/p>\n<p>J\u00f5ulukuusel k\u00fc\u00fcnalde s\u00fc\u00fctamise tava on juba enam kui sada aastat vana. Nende j\u00e4rgi ennustati ka vana-aasta\u00f5htul elu ja saatust.<br \/>\n<em>Rikkamad tegid omale aga j\u00f5ulute ees k\u00fc\u00fcnlud. Vaesed ajasid ka j\u00f5ulu piiruga l\u00e4bi. Rasva oli v\u00e4he, ea et pirekse supi maiku sai, missast sa k\u00fc\u00fcnalt teed.<\/em><br \/>\n<em> Mo isa r\u00e4\u00e4kis ikka, et n\u00e4lja aegu olnd neid ka kes olid kogemata kuskilt juhtund saama pisikese k\u00fc\u00fcnla jupi, sest v\u00f6\u00f6tud mitmed korrad supi maiku. Pireke jahu leent keedetud veega valmis ja siis kastetud k\u00fc\u00fcnla otsa mened korrad s\u00f5nna sisse ja pandud j\u00e4lle paigale. Nenda saand siis k\u00fc\u00fcnla otsaga mitu kord supi \u00e4e s\u00fc\u00fca. (KV III varia lk 2218)<\/em><\/p>\n<p><em>K\u00fc\u00fcnlavalgust ehk k\u00fc\u00fcnla p\u00f5lemist on v\u00f5etud ennustamisena mitte \u00fcksi lapse ristsetel ega pulmades vaid igal vanaaasta \u00f5htul kogunevad elatanud vanapoisid ja vanapiigad mitte \u00fchte kokku vaid kumbki sugu oma ette ja seal siis peab k\u00fc\u00fcnlatuli andma oma t\u00f5elise panuse igale soovijale. K\u00fc\u00fcnla l\u00fchikesed osad pandi p\u00e4hkli koore pooliku sisse, lauale asetati umbes 3 toobilise mahutavusega t\u00e4is veekauss sinna sisse pandi p\u00f5levate k\u00fc\u00fcnaldega p\u00e4hklikoore poolikud. Vesi l\u00f6\u00f6di keeru k\u00e4ima m\u00f5ne kepikesega, igal p\u00e4hklikoorel k\u00fc\u00fcnlaga oli omanik kellel k\u00fc\u00fcnal n\u00fc\u00fcd k\u00f5ige kauem p\u00f5leb ehk \u00fcmber kukub ja upub. Keegi vanapiiga oli v\u00f5tnud endale k\u00f5ige l\u00fchema p\u00f5leva k\u00fc\u00fcnla ja oli otse imetegu juhtus, et selle vanapiiga k\u00fc\u00fcnal p\u00f5les k\u00f5igist teistest kauemini ja t\u00f5eks sai, et ta elas k\u00f5ige kauem. (KV 232 lk 11)<\/em><\/p>\n<p><a href=\"https:\/\/blog.erm.ee\/wp-content\/uploads\/2016\/02\/066409_ERM_Fk_2909_901.jpg\" rel=\"attachment wp-att-7667\"><img loading=\"lazy\" decoding=\"async\" data-attachment-id=\"7667\" data-permalink=\"https:\/\/blog.erm.ee\/?attachment_id=7667#main\" data-orig-file=\"https:\/\/blog.erm.ee\/wp-content\/uploads\/2016\/02\/066409_ERM_Fk_2909_901.jpg\" data-orig-size=\"897,1200\" data-comments-opened=\"1\" data-image-meta=\"{&quot;aperture&quot;:&quot;0&quot;,&quot;credit&quot;:&quot;&quot;,&quot;camera&quot;:&quot;&quot;,&quot;caption&quot;:&quot;&quot;,&quot;created_timestamp&quot;:&quot;0&quot;,&quot;copyright&quot;:&quot;\\u00a9 Eesti Rahva Muuseum&quot;,&quot;focal_length&quot;:&quot;0&quot;,&quot;iso&quot;:&quot;0&quot;,&quot;shutter_speed&quot;:&quot;0&quot;,&quot;title&quot;:&quot;&quot;,&quot;orientation&quot;:&quot;0&quot;}\" data-image-title=\"066409_ERM_Fk_2909_901\" data-image-description=\"\" data-image-caption=\"\" data-large-file=\"https:\/\/blog.erm.ee\/wp-content\/uploads\/2016\/02\/066409_ERM_Fk_2909_901-765x1024.jpg\" class=\"alignnone size-large wp-image-7667\" src=\"https:\/\/blog.erm.ee\/wp-content\/uploads\/2016\/02\/066409_ERM_Fk_2909_901-765x1024.jpg\" alt=\"066409_ERM_Fk_2909_901\" width=\"700\" height=\"937\" srcset=\"https:\/\/blog.erm.ee\/wp-content\/uploads\/2016\/02\/066409_ERM_Fk_2909_901-765x1024.jpg 765w, https:\/\/blog.erm.ee\/wp-content\/uploads\/2016\/02\/066409_ERM_Fk_2909_901-194x260.jpg 194w, https:\/\/blog.erm.ee\/wp-content\/uploads\/2016\/02\/066409_ERM_Fk_2909_901-224x300.jpg 224w, https:\/\/blog.erm.ee\/wp-content\/uploads\/2016\/02\/066409_ERM_Fk_2909_901-768x1027.jpg 768w, https:\/\/blog.erm.ee\/wp-content\/uploads\/2016\/02\/066409_ERM_Fk_2909_901.jpg 897w\" sizes=\"auto, (max-width: 700px) 100vw, 700px\" \/><\/a><br \/>\n<em> K\u00fc\u00fcnalde s\u00fc\u00fctamine j\u00f5ulukuusel 1970. aastatel. ERM Fk 2909:901<\/em><\/p>\n<p>S\u00fcnnip\u00e4evapeal k\u00fc\u00fcnale s\u00fc\u00fctamise komme sai alguse 20. sajandist \u2013 enamasti pannaks nii palju k\u00fc\u00fcnlaid, kui vanaks inimene saab. Ka siin on k\u00fc\u00fcnalde surnuks puhumisel endeline t\u00e4hendus: kui k\u00f5ik k\u00fc\u00fcnlad ei kustu korraga, siis m\u00e4rgib see s\u00fcnnip\u00e4evalapse eba\u00f5nne.<\/p>\n<p><a href=\"https:\/\/blog.erm.ee\/wp-content\/uploads\/2016\/02\/053146_ERM_Fk_2853_61.jpg\" rel=\"attachment wp-att-7668\"><img loading=\"lazy\" decoding=\"async\" data-attachment-id=\"7668\" data-permalink=\"https:\/\/blog.erm.ee\/?attachment_id=7668#main\" data-orig-file=\"https:\/\/blog.erm.ee\/wp-content\/uploads\/2016\/02\/053146_ERM_Fk_2853_61.jpg\" data-orig-size=\"1200,819\" data-comments-opened=\"1\" data-image-meta=\"{&quot;aperture&quot;:&quot;0&quot;,&quot;credit&quot;:&quot;&quot;,&quot;camera&quot;:&quot;&quot;,&quot;caption&quot;:&quot;&quot;,&quot;created_timestamp&quot;:&quot;1064419314&quot;,&quot;copyright&quot;:&quot;&quot;,&quot;focal_length&quot;:&quot;0&quot;,&quot;iso&quot;:&quot;0&quot;,&quot;shutter_speed&quot;:&quot;0&quot;,&quot;title&quot;:&quot;&quot;,&quot;orientation&quot;:&quot;0&quot;}\" data-image-title=\"053146_ERM_Fk_2853_61\" data-image-description=\"\" data-image-caption=\"\" data-large-file=\"https:\/\/blog.erm.ee\/wp-content\/uploads\/2016\/02\/053146_ERM_Fk_2853_61-1024x699.jpg\" class=\"alignnone size-large wp-image-7668\" src=\"https:\/\/blog.erm.ee\/wp-content\/uploads\/2016\/02\/053146_ERM_Fk_2853_61-1024x699.jpg\" alt=\"053146_ERM_Fk_2853_61\" width=\"700\" height=\"478\" srcset=\"https:\/\/blog.erm.ee\/wp-content\/uploads\/2016\/02\/053146_ERM_Fk_2853_61-1024x699.jpg 1024w, https:\/\/blog.erm.ee\/wp-content\/uploads\/2016\/02\/053146_ERM_Fk_2853_61-381x260.jpg 381w, https:\/\/blog.erm.ee\/wp-content\/uploads\/2016\/02\/053146_ERM_Fk_2853_61-300x205.jpg 300w, https:\/\/blog.erm.ee\/wp-content\/uploads\/2016\/02\/053146_ERM_Fk_2853_61-768x524.jpg 768w, https:\/\/blog.erm.ee\/wp-content\/uploads\/2016\/02\/053146_ERM_Fk_2853_61.jpg 1200w\" sizes=\"auto, (max-width: 700px) 100vw, 700px\" \/><\/a><br \/>\n<em>Kui vanaks juubilar saab? Valgas u 1980. ERM Fk 2853:61<\/em><\/p>\n<p>Laulatuse ajal eredalt p\u00f5levad k\u00fc\u00fcnlad ennustavad head elu, vilkuvad k\u00fc\u00fcnlad halba. Kumma abielluja k\u00fc\u00fcnal kiiremini \u00e4ra p\u00f5leb, sureb esimesena.<\/p>\n<p><a href=\"https:\/\/blog.erm.ee\/wp-content\/uploads\/2016\/02\/047541_ERM_Fk_2829_64.jpg\" rel=\"attachment wp-att-7669\"><img loading=\"lazy\" decoding=\"async\" data-attachment-id=\"7669\" data-permalink=\"https:\/\/blog.erm.ee\/?attachment_id=7669#main\" data-orig-file=\"https:\/\/blog.erm.ee\/wp-content\/uploads\/2016\/02\/047541_ERM_Fk_2829_64.jpg\" data-orig-size=\"1200,774\" data-comments-opened=\"1\" data-image-meta=\"{&quot;aperture&quot;:&quot;0&quot;,&quot;credit&quot;:&quot;&quot;,&quot;camera&quot;:&quot;&quot;,&quot;caption&quot;:&quot;&quot;,&quot;created_timestamp&quot;:&quot;0&quot;,&quot;copyright&quot;:&quot;&quot;,&quot;focal_length&quot;:&quot;0&quot;,&quot;iso&quot;:&quot;0&quot;,&quot;shutter_speed&quot;:&quot;0&quot;,&quot;title&quot;:&quot;&quot;,&quot;orientation&quot;:&quot;0&quot;}\" data-image-title=\"047541_ERM_Fk_2829_64\" data-image-description=\"\" data-image-caption=\"\" data-large-file=\"https:\/\/blog.erm.ee\/wp-content\/uploads\/2016\/02\/047541_ERM_Fk_2829_64-1024x660.jpg\" class=\"alignnone size-large wp-image-7669\" src=\"https:\/\/blog.erm.ee\/wp-content\/uploads\/2016\/02\/047541_ERM_Fk_2829_64-1024x660.jpg\" alt=\"047541_ERM_Fk_2829_64\" width=\"700\" height=\"451\" srcset=\"https:\/\/blog.erm.ee\/wp-content\/uploads\/2016\/02\/047541_ERM_Fk_2829_64-1024x660.jpg 1024w, https:\/\/blog.erm.ee\/wp-content\/uploads\/2016\/02\/047541_ERM_Fk_2829_64-403x260.jpg 403w, https:\/\/blog.erm.ee\/wp-content\/uploads\/2016\/02\/047541_ERM_Fk_2829_64-300x194.jpg 300w, https:\/\/blog.erm.ee\/wp-content\/uploads\/2016\/02\/047541_ERM_Fk_2829_64-768x495.jpg 768w, https:\/\/blog.erm.ee\/wp-content\/uploads\/2016\/02\/047541_ERM_Fk_2829_64.jpg 1200w\" sizes=\"auto, (max-width: 700px) 100vw, 700px\" \/><\/a><em>Laulatus \u00f5igeusu kirikus Izhkaris (Kazansko-Bogoroditski hram). Foto Biktur Sand\u00f5r (Aleksandr Jegorov) 2002. aasta. ERM Fk 2829:64<\/em><\/p>\n<p>Eriti olulised on olnud need k\u00fc\u00fcnlad, mis s\u00fc\u00fcdatakse lahkunute m\u00e4lestuseks ja nendega sideme loomiseks. Eestlased s\u00fc\u00fctavad sugulaste ja armsate inimeste haual k\u00fc\u00fcnlad jaanilaup\u00e4eval ja j\u00f5ululaup\u00e4eval, samuti surnuaiap\u00fchal.<br \/>\n<em>Surma juures p\u00f5les j\u00e4lle \u00f6\u00f6d otsa k\u00fc\u00fcnla tuluke, nii kaua kut surm kodu oli. J\u00e4lle kardeti kurati poolt vahetamist. (KV III varia lk 2233)<\/em><\/p>\n<p><a href=\"https:\/\/blog.erm.ee\/wp-content\/uploads\/2016\/02\/069428_ERM_Fk_2911_929.jpg\" rel=\"attachment wp-att-7670\"><img loading=\"lazy\" decoding=\"async\" data-attachment-id=\"7670\" data-permalink=\"https:\/\/blog.erm.ee\/?attachment_id=7670#main\" data-orig-file=\"https:\/\/blog.erm.ee\/wp-content\/uploads\/2016\/02\/069428_ERM_Fk_2911_929.jpg\" data-orig-size=\"796,1200\" data-comments-opened=\"1\" data-image-meta=\"{&quot;aperture&quot;:&quot;0&quot;,&quot;credit&quot;:&quot;&quot;,&quot;camera&quot;:&quot;&quot;,&quot;caption&quot;:&quot;&quot;,&quot;created_timestamp&quot;:&quot;1169029394&quot;,&quot;copyright&quot;:&quot;Merylin Suve&quot;,&quot;focal_length&quot;:&quot;0&quot;,&quot;iso&quot;:&quot;0&quot;,&quot;shutter_speed&quot;:&quot;0&quot;,&quot;title&quot;:&quot;&quot;,&quot;orientation&quot;:&quot;0&quot;}\" data-image-title=\"069428_ERM_Fk_2911_929\" data-image-description=\"\" data-image-caption=\"\" data-large-file=\"https:\/\/blog.erm.ee\/wp-content\/uploads\/2016\/02\/069428_ERM_Fk_2911_929-679x1024.jpg\" class=\"alignnone size-large wp-image-7670\" src=\"https:\/\/blog.erm.ee\/wp-content\/uploads\/2016\/02\/069428_ERM_Fk_2911_929-679x1024.jpg\" alt=\"069428_ERM_Fk_2911_929\" width=\"679\" height=\"1024\" srcset=\"https:\/\/blog.erm.ee\/wp-content\/uploads\/2016\/02\/069428_ERM_Fk_2911_929-679x1024.jpg 679w, https:\/\/blog.erm.ee\/wp-content\/uploads\/2016\/02\/069428_ERM_Fk_2911_929-172x260.jpg 172w, https:\/\/blog.erm.ee\/wp-content\/uploads\/2016\/02\/069428_ERM_Fk_2911_929-199x300.jpg 199w, https:\/\/blog.erm.ee\/wp-content\/uploads\/2016\/02\/069428_ERM_Fk_2911_929-768x1158.jpg 768w, https:\/\/blog.erm.ee\/wp-content\/uploads\/2016\/02\/069428_ERM_Fk_2911_929.jpg 796w\" sizes=\"auto, (max-width: 679px) 100vw, 679px\" \/><\/a><em>Jakob Hurda haual. Foto Merylin Suve, 2007. ERM Fk 2911:929<\/em><\/p>\n<p><strong>Kuidas k\u00fc\u00fcnlaid valmistada?<\/strong><br \/>\nEestlased valmistasid pikki sajandeid pidulikeks puhkudeks kodus rasvak\u00fc\u00fcnlaid. K\u00fc\u00fcnalde valamine oli veel 20. sajandi keskpaiku \u00fcsna tavaline.<br \/>\nK\u00fc\u00fcnlad valmistati ise kodus. Need tehti lambarasvast ja tahiks kasutati puuvillan\u00f6\u00f6ri. K\u00fc\u00fcnlavormi ei olnud mitte iga\u00fchel, vaid seda laenati naabrilt. K\u00fc\u00fcnlaid sai teha ka ilma vormita \u2013 sulatatud lambarasva n\u00f5usse kasteti puuvillane n\u00f6\u00f6r ja seej\u00e4rel kasteti see k\u00fclma vee \u00e4mbrisse. Nii tehti mitu korda, kuni k\u00fc\u00fcnlal oli k\u00fcllalt paksust.<\/p>\n<p><a href=\"https:\/\/blog.erm.ee\/wp-content\/uploads\/2016\/02\/003938_ERM_EJ_5_16.jpg\" rel=\"attachment wp-att-7671\"><img loading=\"lazy\" decoding=\"async\" data-attachment-id=\"7671\" data-permalink=\"https:\/\/blog.erm.ee\/?attachment_id=7671#main\" data-orig-file=\"https:\/\/blog.erm.ee\/wp-content\/uploads\/2016\/02\/003938_ERM_EJ_5_16.jpg\" data-orig-size=\"1200,853\" data-comments-opened=\"1\" data-image-meta=\"{&quot;aperture&quot;:&quot;0&quot;,&quot;credit&quot;:&quot;&quot;,&quot;camera&quot;:&quot;&quot;,&quot;caption&quot;:&quot;&quot;,&quot;created_timestamp&quot;:&quot;0&quot;,&quot;copyright&quot;:&quot;&quot;,&quot;focal_length&quot;:&quot;0&quot;,&quot;iso&quot;:&quot;0&quot;,&quot;shutter_speed&quot;:&quot;0&quot;,&quot;title&quot;:&quot;&quot;,&quot;orientation&quot;:&quot;0&quot;}\" data-image-title=\"003938_ERM_EJ_5_16\" data-image-description=\"\" data-image-caption=\"\" data-large-file=\"https:\/\/blog.erm.ee\/wp-content\/uploads\/2016\/02\/003938_ERM_EJ_5_16-1024x728.jpg\" class=\"alignnone size-large wp-image-7671\" src=\"https:\/\/blog.erm.ee\/wp-content\/uploads\/2016\/02\/003938_ERM_EJ_5_16-1024x728.jpg\" alt=\"003938_ERM_EJ_5_16\" width=\"700\" height=\"498\" srcset=\"https:\/\/blog.erm.ee\/wp-content\/uploads\/2016\/02\/003938_ERM_EJ_5_16-1024x728.jpg 1024w, https:\/\/blog.erm.ee\/wp-content\/uploads\/2016\/02\/003938_ERM_EJ_5_16-366x260.jpg 366w, https:\/\/blog.erm.ee\/wp-content\/uploads\/2016\/02\/003938_ERM_EJ_5_16-300x213.jpg 300w, https:\/\/blog.erm.ee\/wp-content\/uploads\/2016\/02\/003938_ERM_EJ_5_16-768x546.jpg 768w, https:\/\/blog.erm.ee\/wp-content\/uploads\/2016\/02\/003938_ERM_EJ_5_16.jpg 1200w\" sizes=\"auto, (max-width: 700px) 100vw, 700px\" \/><\/a><em>ERM EJ 5:16<\/em><\/p>\n<p><a href=\"https:\/\/blog.erm.ee\/wp-content\/uploads\/2016\/02\/015223_ERM_EJ_310_138.jpg\" rel=\"attachment wp-att-7672\"><img loading=\"lazy\" decoding=\"async\" data-attachment-id=\"7672\" data-permalink=\"https:\/\/blog.erm.ee\/?attachment_id=7672#main\" data-orig-file=\"https:\/\/blog.erm.ee\/wp-content\/uploads\/2016\/02\/015223_ERM_EJ_310_138.jpg\" data-orig-size=\"1200,838\" data-comments-opened=\"1\" data-image-meta=\"{&quot;aperture&quot;:&quot;0&quot;,&quot;credit&quot;:&quot;&quot;,&quot;camera&quot;:&quot;&quot;,&quot;caption&quot;:&quot;&quot;,&quot;created_timestamp&quot;:&quot;0&quot;,&quot;copyright&quot;:&quot;&quot;,&quot;focal_length&quot;:&quot;0&quot;,&quot;iso&quot;:&quot;0&quot;,&quot;shutter_speed&quot;:&quot;0&quot;,&quot;title&quot;:&quot;&quot;,&quot;orientation&quot;:&quot;0&quot;}\" data-image-title=\"015223_ERM_EJ_310_138\" data-image-description=\"\" data-image-caption=\"\" data-large-file=\"https:\/\/blog.erm.ee\/wp-content\/uploads\/2016\/02\/015223_ERM_EJ_310_138-1024x715.jpg\" class=\"alignnone size-large wp-image-7672\" src=\"https:\/\/blog.erm.ee\/wp-content\/uploads\/2016\/02\/015223_ERM_EJ_310_138-1024x715.jpg\" alt=\"015223_ERM_EJ_310_138\" width=\"700\" height=\"489\" srcset=\"https:\/\/blog.erm.ee\/wp-content\/uploads\/2016\/02\/015223_ERM_EJ_310_138-1024x715.jpg 1024w, https:\/\/blog.erm.ee\/wp-content\/uploads\/2016\/02\/015223_ERM_EJ_310_138-372x260.jpg 372w, https:\/\/blog.erm.ee\/wp-content\/uploads\/2016\/02\/015223_ERM_EJ_310_138-300x210.jpg 300w, https:\/\/blog.erm.ee\/wp-content\/uploads\/2016\/02\/015223_ERM_EJ_310_138-768x536.jpg 768w, https:\/\/blog.erm.ee\/wp-content\/uploads\/2016\/02\/015223_ERM_EJ_310_138.jpg 1200w\" sizes=\"auto, (max-width: 700px) 100vw, 700px\" \/><\/a><em>ERM EJ 310:138<\/em><\/p>\n<p>Ega siingi saanud niisama ripa-rapa toimetada. Ikka pidi m\u00f5ningaid juhtn\u00f6\u00f6re j\u00e4rgima.<br \/>\n<em>K\u00fc\u00fcnlaid tegivad ikka oma pere inimesed vanad eided taadid. Ei peremehel ega sulasel olnud aega niisuguste asjadega m\u00e4ngima hakata, sulane oleks lambarasva \u00e4ra s\u00f6\u00f6nud ja k\u00fc\u00fcnlaid poleks siis saanudki. (KV 232 lk 8)<\/em><\/p>\n<p><em>K\u00fc\u00fcnalde tegemise aegu \u00e4i tohtind mitte perset lasta, kui lasti, siis k\u00fc\u00fcnlad akkasid p\u00f5ledes raksuma. (KV III varia lk 2233)<\/em><\/p>\n<p>M\u00f5ni informant l\u00e4ks ka v\u00e4ga hoogu:<br \/>\n<em>Inimese rasva k\u00fc\u00fcnla tulega olla siis k\u00f6iki suksi painajaid, v\u00e4dajaid, koduk\u00e4ijaid ja tontisi n\u00e4htud, kinni p\u00fc\u00fctud ja k\u00e4de saadud. Selle tule valgel olnd s\u00f6uke m\u00f6ju, et kui see tondi peale paistnd siis olnd ta inimese ede sunnitud seisma j\u00e4\u00e4ma.<\/em><br \/>\n<em> K\u00fcla arstidel ja n\u00f5idujatel olla neid inimese rasva k\u00fc\u00fcnlud olnd, teised polla neid \u00fchti k\u00e4de saand. (KV III varia lk 2233-2234)<\/em><\/p>\n<div class=\"fcbkbttn_buttons_block\" id=\"fcbkbttn_left\"><div class=\"fcbkbttn_like \"><fb:like href=\"https:\/\/blog.erm.ee\/?p=7664\" action=\"like\" colorscheme=\"light\" layout=\"standard\"  width=\"225px\" size=\"small\"><\/fb:like><\/div><div class=\"fb-share-button  \" data-href=\"https:\/\/blog.erm.ee\/?p=7664\" data-type=\"button\" data-size=\"small\"><\/div><\/div>","protected":false},"excerpt":{"rendered":"<p>Siret Saar, koguhoidja Elaval tulel olevat suur m\u00f5ju inimesele, aga sugestiivne on see igal juhul: me k\u00f5ik j\u00e4\u00e4me ju vahel \u00fcksisilmi tuld vaatama, tunneme vajadust l\u00f5kkes kepiga sudida v\u00f5i n\u00e4puga k\u00fc\u00fcnlarasva jooksu suunata. K\u00fc\u00fcnlad kuuluvad juba ammusest ajast kesksete elus\u00fcndmuste juurde. Veel 19. sajandilgi s\u00fc\u00fcdati k\u00fc\u00fcnal ja hoiti seda vasts\u00fcndinu l\u00e4hedal, et kaitsta teda \u00f5nnetuste&hellip;<\/p>\n","protected":false},"author":1,"featured_media":7668,"comment_status":"open","ping_status":"open","sticky":false,"template":"","format":"standard","meta":{"_monsterinsights_skip_tracking":false,"_monsterinsights_sitenote_active":false,"_monsterinsights_sitenote_note":"","_monsterinsights_sitenote_category":0,"jetpack_post_was_ever_published":false,"_jetpack_newsletter_access":"","_jetpack_dont_email_post_to_subs":false,"_jetpack_newsletter_tier_id":0,"_jetpack_memberships_contains_paywalled_content":false,"_jetpack_memberships_contains_paid_content":false,"footnotes":""},"categories":[5],"tags":[],"class_list":["post-7664","post","type-post","status-publish","format-standard","has-post-thumbnail","hentry","category-museaal"],"yoast_head":"<!-- This site is optimized with the Yoast SEO plugin v27.5 - https:\/\/yoast.com\/product\/yoast-seo-wordpress\/ -->\n<title>K\u00fc\u00fcnlavalgel - Eesti Rahva Muuseumi ajaveeb<\/title>\n<meta name=\"robots\" content=\"index, follow, max-snippet:-1, max-image-preview:large, max-video-preview:-1\" \/>\n<link rel=\"canonical\" href=\"https:\/\/blog.erm.ee\/?p=7664\" \/>\n<meta property=\"og:locale\" content=\"et_EE\" \/>\n<meta property=\"og:type\" content=\"article\" \/>\n<meta property=\"og:title\" content=\"K\u00fc\u00fcnlavalgel - Eesti Rahva Muuseumi ajaveeb\" \/>\n<meta property=\"og:description\" content=\"Siret Saar, koguhoidja Elaval tulel olevat suur m\u00f5ju inimesele, aga sugestiivne on see igal juhul: me k\u00f5ik j\u00e4\u00e4me ju vahel \u00fcksisilmi tuld vaatama, tunneme vajadust l\u00f5kkes kepiga sudida v\u00f5i n\u00e4puga k\u00fc\u00fcnlarasva jooksu suunata. K\u00fc\u00fcnlad kuuluvad juba ammusest ajast kesksete elus\u00fcndmuste juurde. Veel 19. sajandilgi s\u00fc\u00fcdati k\u00fc\u00fcnal ja hoiti seda vasts\u00fcndinu l\u00e4hedal, et kaitsta teda \u00f5nnetuste&hellip;\" \/>\n<meta property=\"og:url\" content=\"https:\/\/blog.erm.ee\/?p=7664\" \/>\n<meta property=\"og:site_name\" content=\"Eesti Rahva Muuseumi ajaveeb\" \/>\n<meta property=\"article:published_time\" content=\"2016-02-11T04:12:12+00:00\" \/>\n<meta property=\"article:modified_time\" content=\"2016-02-11T04:15:45+00:00\" \/>\n<meta property=\"og:image\" content=\"https:\/\/blog.erm.ee\/wp-content\/uploads\/2016\/02\/053146_ERM_Fk_2853_61.jpg\" \/>\n\t<meta property=\"og:image:width\" content=\"1200\" \/>\n\t<meta property=\"og:image:height\" content=\"819\" \/>\n\t<meta property=\"og:image:type\" content=\"image\/jpeg\" \/>\n<meta name=\"author\" content=\"Eesti Rahva Muuseum\" \/>\n<meta name=\"twitter:card\" content=\"summary_large_image\" \/>\n<meta name=\"twitter:label1\" content=\"Written by\" \/>\n\t<meta name=\"twitter:data1\" content=\"Eesti Rahva Muuseum\" \/>\n\t<meta name=\"twitter:label2\" content=\"Est. reading time\" \/>\n\t<meta name=\"twitter:data2\" content=\"4 minutit\" \/>\n<script type=\"application\/ld+json\" class=\"yoast-schema-graph\">{\"@context\":\"https:\\\/\\\/schema.org\",\"@graph\":[{\"@type\":\"Article\",\"@id\":\"https:\\\/\\\/blog.erm.ee\\\/?p=7664#article\",\"isPartOf\":{\"@id\":\"https:\\\/\\\/blog.erm.ee\\\/?p=7664\"},\"author\":{\"name\":\"Eesti Rahva Muuseum\",\"@id\":\"https:\\\/\\\/blog.erm.ee\\\/#\\\/schema\\\/person\\\/6e98c391cb00a33e7c22a3571e062114\"},\"headline\":\"K\u00fc\u00fcnlavalgel\",\"datePublished\":\"2016-02-11T04:12:12+00:00\",\"dateModified\":\"2016-02-11T04:15:45+00:00\",\"mainEntityOfPage\":{\"@id\":\"https:\\\/\\\/blog.erm.ee\\\/?p=7664\"},\"wordCount\":807,\"commentCount\":0,\"image\":{\"@id\":\"https:\\\/\\\/blog.erm.ee\\\/?p=7664#primaryimage\"},\"thumbnailUrl\":\"https:\\\/\\\/blog.erm.ee\\\/wp-content\\\/uploads\\\/2016\\\/02\\\/053146_ERM_Fk_2853_61.jpg\",\"articleSection\":[\"Museaal\"],\"inLanguage\":\"et\",\"potentialAction\":[{\"@type\":\"CommentAction\",\"name\":\"Comment\",\"target\":[\"https:\\\/\\\/blog.erm.ee\\\/?p=7664#respond\"]}]},{\"@type\":\"WebPage\",\"@id\":\"https:\\\/\\\/blog.erm.ee\\\/?p=7664\",\"url\":\"https:\\\/\\\/blog.erm.ee\\\/?p=7664\",\"name\":\"K\u00fc\u00fcnlavalgel - Eesti Rahva Muuseumi ajaveeb\",\"isPartOf\":{\"@id\":\"https:\\\/\\\/blog.erm.ee\\\/#website\"},\"primaryImageOfPage\":{\"@id\":\"https:\\\/\\\/blog.erm.ee\\\/?p=7664#primaryimage\"},\"image\":{\"@id\":\"https:\\\/\\\/blog.erm.ee\\\/?p=7664#primaryimage\"},\"thumbnailUrl\":\"https:\\\/\\\/blog.erm.ee\\\/wp-content\\\/uploads\\\/2016\\\/02\\\/053146_ERM_Fk_2853_61.jpg\",\"datePublished\":\"2016-02-11T04:12:12+00:00\",\"dateModified\":\"2016-02-11T04:15:45+00:00\",\"author\":{\"@id\":\"https:\\\/\\\/blog.erm.ee\\\/#\\\/schema\\\/person\\\/6e98c391cb00a33e7c22a3571e062114\"},\"breadcrumb\":{\"@id\":\"https:\\\/\\\/blog.erm.ee\\\/?p=7664#breadcrumb\"},\"inLanguage\":\"et\",\"potentialAction\":[{\"@type\":\"ReadAction\",\"target\":[\"https:\\\/\\\/blog.erm.ee\\\/?p=7664\"]}]},{\"@type\":\"ImageObject\",\"inLanguage\":\"et\",\"@id\":\"https:\\\/\\\/blog.erm.ee\\\/?p=7664#primaryimage\",\"url\":\"https:\\\/\\\/blog.erm.ee\\\/wp-content\\\/uploads\\\/2016\\\/02\\\/053146_ERM_Fk_2853_61.jpg\",\"contentUrl\":\"https:\\\/\\\/blog.erm.ee\\\/wp-content\\\/uploads\\\/2016\\\/02\\\/053146_ERM_Fk_2853_61.jpg\",\"width\":1200,\"height\":819},{\"@type\":\"BreadcrumbList\",\"@id\":\"https:\\\/\\\/blog.erm.ee\\\/?p=7664#breadcrumb\",\"itemListElement\":[{\"@type\":\"ListItem\",\"position\":1,\"name\":\"Home\",\"item\":\"https:\\\/\\\/blog.erm.ee\\\/\"},{\"@type\":\"ListItem\",\"position\":2,\"name\":\"K\u00fc\u00fcnlavalgel\"}]},{\"@type\":\"WebSite\",\"@id\":\"https:\\\/\\\/blog.erm.ee\\\/#website\",\"url\":\"https:\\\/\\\/blog.erm.ee\\\/\",\"name\":\"Eesti Rahva Muuseumi ajaveeb\",\"description\":\"\",\"potentialAction\":[{\"@type\":\"SearchAction\",\"target\":{\"@type\":\"EntryPoint\",\"urlTemplate\":\"https:\\\/\\\/blog.erm.ee\\\/?s={search_term_string}\"},\"query-input\":{\"@type\":\"PropertyValueSpecification\",\"valueRequired\":true,\"valueName\":\"search_term_string\"}}],\"inLanguage\":\"et\"},{\"@type\":\"Person\",\"@id\":\"https:\\\/\\\/blog.erm.ee\\\/#\\\/schema\\\/person\\\/6e98c391cb00a33e7c22a3571e062114\",\"name\":\"Eesti Rahva Muuseum\",\"image\":{\"@type\":\"ImageObject\",\"inLanguage\":\"et\",\"@id\":\"https:\\\/\\\/secure.gravatar.com\\\/avatar\\\/cb6d9ad5fb49f3f7315028ce5fe60641075f2cb52b8a058ff5a985fa2d8c1da0?s=96&d=mm&r=g\",\"url\":\"https:\\\/\\\/secure.gravatar.com\\\/avatar\\\/cb6d9ad5fb49f3f7315028ce5fe60641075f2cb52b8a058ff5a985fa2d8c1da0?s=96&d=mm&r=g\",\"contentUrl\":\"https:\\\/\\\/secure.gravatar.com\\\/avatar\\\/cb6d9ad5fb49f3f7315028ce5fe60641075f2cb52b8a058ff5a985fa2d8c1da0?s=96&d=mm&r=g\",\"caption\":\"Eesti Rahva Muuseum\"},\"sameAs\":[\"http:\\\/\\\/www.erm.ee\"],\"url\":\"https:\\\/\\\/blog.erm.ee\\\/?author=1\"}]}<\/script>\n<!-- \/ Yoast SEO plugin. -->","yoast_head_json":{"title":"K\u00fc\u00fcnlavalgel - Eesti Rahva Muuseumi ajaveeb","robots":{"index":"index","follow":"follow","max-snippet":"max-snippet:-1","max-image-preview":"max-image-preview:large","max-video-preview":"max-video-preview:-1"},"canonical":"https:\/\/blog.erm.ee\/?p=7664","og_locale":"et_EE","og_type":"article","og_title":"K\u00fc\u00fcnlavalgel - Eesti Rahva Muuseumi ajaveeb","og_description":"Siret Saar, koguhoidja Elaval tulel olevat suur m\u00f5ju inimesele, aga sugestiivne on see igal juhul: me k\u00f5ik j\u00e4\u00e4me ju vahel \u00fcksisilmi tuld vaatama, tunneme vajadust l\u00f5kkes kepiga sudida v\u00f5i n\u00e4puga k\u00fc\u00fcnlarasva jooksu suunata. K\u00fc\u00fcnlad kuuluvad juba ammusest ajast kesksete elus\u00fcndmuste juurde. Veel 19. sajandilgi s\u00fc\u00fcdati k\u00fc\u00fcnal ja hoiti seda vasts\u00fcndinu l\u00e4hedal, et kaitsta teda \u00f5nnetuste&hellip;","og_url":"https:\/\/blog.erm.ee\/?p=7664","og_site_name":"Eesti Rahva Muuseumi ajaveeb","article_published_time":"2016-02-11T04:12:12+00:00","article_modified_time":"2016-02-11T04:15:45+00:00","og_image":[{"width":1200,"height":819,"url":"https:\/\/blog.erm.ee\/wp-content\/uploads\/2016\/02\/053146_ERM_Fk_2853_61.jpg","type":"image\/jpeg"}],"author":"Eesti Rahva Muuseum","twitter_card":"summary_large_image","twitter_misc":{"Written by":"Eesti Rahva Muuseum","Est. reading time":"4 minutit"},"schema":{"@context":"https:\/\/schema.org","@graph":[{"@type":"Article","@id":"https:\/\/blog.erm.ee\/?p=7664#article","isPartOf":{"@id":"https:\/\/blog.erm.ee\/?p=7664"},"author":{"name":"Eesti Rahva Muuseum","@id":"https:\/\/blog.erm.ee\/#\/schema\/person\/6e98c391cb00a33e7c22a3571e062114"},"headline":"K\u00fc\u00fcnlavalgel","datePublished":"2016-02-11T04:12:12+00:00","dateModified":"2016-02-11T04:15:45+00:00","mainEntityOfPage":{"@id":"https:\/\/blog.erm.ee\/?p=7664"},"wordCount":807,"commentCount":0,"image":{"@id":"https:\/\/blog.erm.ee\/?p=7664#primaryimage"},"thumbnailUrl":"https:\/\/blog.erm.ee\/wp-content\/uploads\/2016\/02\/053146_ERM_Fk_2853_61.jpg","articleSection":["Museaal"],"inLanguage":"et","potentialAction":[{"@type":"CommentAction","name":"Comment","target":["https:\/\/blog.erm.ee\/?p=7664#respond"]}]},{"@type":"WebPage","@id":"https:\/\/blog.erm.ee\/?p=7664","url":"https:\/\/blog.erm.ee\/?p=7664","name":"K\u00fc\u00fcnlavalgel - Eesti Rahva Muuseumi ajaveeb","isPartOf":{"@id":"https:\/\/blog.erm.ee\/#website"},"primaryImageOfPage":{"@id":"https:\/\/blog.erm.ee\/?p=7664#primaryimage"},"image":{"@id":"https:\/\/blog.erm.ee\/?p=7664#primaryimage"},"thumbnailUrl":"https:\/\/blog.erm.ee\/wp-content\/uploads\/2016\/02\/053146_ERM_Fk_2853_61.jpg","datePublished":"2016-02-11T04:12:12+00:00","dateModified":"2016-02-11T04:15:45+00:00","author":{"@id":"https:\/\/blog.erm.ee\/#\/schema\/person\/6e98c391cb00a33e7c22a3571e062114"},"breadcrumb":{"@id":"https:\/\/blog.erm.ee\/?p=7664#breadcrumb"},"inLanguage":"et","potentialAction":[{"@type":"ReadAction","target":["https:\/\/blog.erm.ee\/?p=7664"]}]},{"@type":"ImageObject","inLanguage":"et","@id":"https:\/\/blog.erm.ee\/?p=7664#primaryimage","url":"https:\/\/blog.erm.ee\/wp-content\/uploads\/2016\/02\/053146_ERM_Fk_2853_61.jpg","contentUrl":"https:\/\/blog.erm.ee\/wp-content\/uploads\/2016\/02\/053146_ERM_Fk_2853_61.jpg","width":1200,"height":819},{"@type":"BreadcrumbList","@id":"https:\/\/blog.erm.ee\/?p=7664#breadcrumb","itemListElement":[{"@type":"ListItem","position":1,"name":"Home","item":"https:\/\/blog.erm.ee\/"},{"@type":"ListItem","position":2,"name":"K\u00fc\u00fcnlavalgel"}]},{"@type":"WebSite","@id":"https:\/\/blog.erm.ee\/#website","url":"https:\/\/blog.erm.ee\/","name":"Eesti Rahva Muuseumi ajaveeb","description":"","potentialAction":[{"@type":"SearchAction","target":{"@type":"EntryPoint","urlTemplate":"https:\/\/blog.erm.ee\/?s={search_term_string}"},"query-input":{"@type":"PropertyValueSpecification","valueRequired":true,"valueName":"search_term_string"}}],"inLanguage":"et"},{"@type":"Person","@id":"https:\/\/blog.erm.ee\/#\/schema\/person\/6e98c391cb00a33e7c22a3571e062114","name":"Eesti Rahva Muuseum","image":{"@type":"ImageObject","inLanguage":"et","@id":"https:\/\/secure.gravatar.com\/avatar\/cb6d9ad5fb49f3f7315028ce5fe60641075f2cb52b8a058ff5a985fa2d8c1da0?s=96&d=mm&r=g","url":"https:\/\/secure.gravatar.com\/avatar\/cb6d9ad5fb49f3f7315028ce5fe60641075f2cb52b8a058ff5a985fa2d8c1da0?s=96&d=mm&r=g","contentUrl":"https:\/\/secure.gravatar.com\/avatar\/cb6d9ad5fb49f3f7315028ce5fe60641075f2cb52b8a058ff5a985fa2d8c1da0?s=96&d=mm&r=g","caption":"Eesti Rahva Muuseum"},"sameAs":["http:\/\/www.erm.ee"],"url":"https:\/\/blog.erm.ee\/?author=1"}]}},"jetpack_featured_media_url":"https:\/\/blog.erm.ee\/wp-content\/uploads\/2016\/02\/053146_ERM_Fk_2853_61.jpg","jetpack_shortlink":"https:\/\/wp.me\/p2l9Zd-1ZC","jetpack_sharing_enabled":true,"jetpack_likes_enabled":true,"_links":{"self":[{"href":"https:\/\/blog.erm.ee\/index.php?rest_route=\/wp\/v2\/posts\/7664","targetHints":{"allow":["GET"]}}],"collection":[{"href":"https:\/\/blog.erm.ee\/index.php?rest_route=\/wp\/v2\/posts"}],"about":[{"href":"https:\/\/blog.erm.ee\/index.php?rest_route=\/wp\/v2\/types\/post"}],"author":[{"embeddable":true,"href":"https:\/\/blog.erm.ee\/index.php?rest_route=\/wp\/v2\/users\/1"}],"replies":[{"embeddable":true,"href":"https:\/\/blog.erm.ee\/index.php?rest_route=%2Fwp%2Fv2%2Fcomments&post=7664"}],"version-history":[{"count":2,"href":"https:\/\/blog.erm.ee\/index.php?rest_route=\/wp\/v2\/posts\/7664\/revisions"}],"predecessor-version":[{"id":7673,"href":"https:\/\/blog.erm.ee\/index.php?rest_route=\/wp\/v2\/posts\/7664\/revisions\/7673"}],"wp:featuredmedia":[{"embeddable":true,"href":"https:\/\/blog.erm.ee\/index.php?rest_route=\/wp\/v2\/media\/7668"}],"wp:attachment":[{"href":"https:\/\/blog.erm.ee\/index.php?rest_route=%2Fwp%2Fv2%2Fmedia&parent=7664"}],"wp:term":[{"taxonomy":"category","embeddable":true,"href":"https:\/\/blog.erm.ee\/index.php?rest_route=%2Fwp%2Fv2%2Fcategories&post=7664"},{"taxonomy":"post_tag","embeddable":true,"href":"https:\/\/blog.erm.ee\/index.php?rest_route=%2Fwp%2Fv2%2Ftags&post=7664"}],"curies":[{"name":"wp","href":"https:\/\/api.w.org\/{rel}","templated":true}]}}