{"id":7634,"date":"2016-02-04T08:14:13","date_gmt":"2016-02-04T06:14:13","guid":{"rendered":"http:\/\/blog.erm.ee\/?p=7634"},"modified":"2016-02-04T08:14:13","modified_gmt":"2016-02-04T06:14:13","slug":"mida-toob-aasta-2016-muuseumidele","status":"publish","type":"post","link":"https:\/\/blog.erm.ee\/?p=7634","title":{"rendered":"Mida toob aasta 2016 muuseumidele?"},"content":{"rendered":"<div class=\"fcbkbttn_buttons_block\" id=\"fcbkbttn_left\"><div class=\"fcbkbttn_like \"><fb:like href=\"https:\/\/blog.erm.ee\/?p=7634\" action=\"like\" colorscheme=\"light\" layout=\"standard\"  width=\"225px\" size=\"small\"><\/fb:like><\/div><div class=\"fb-share-button  \" data-href=\"https:\/\/blog.erm.ee\/?p=7634\" data-type=\"button\" data-size=\"small\"><\/div><\/div><p><em>Mirjam R\u00e4\u00e4bis, muuseumin\u00f5unik<\/em><\/p>\n<p><a href=\"https:\/\/blog.erm.ee\/wp-content\/uploads\/2016\/02\/097400_ERM_Fk_2911_1156.jpg\" rel=\"attachment wp-att-7636\"><img loading=\"lazy\" decoding=\"async\" data-attachment-id=\"7636\" data-permalink=\"https:\/\/blog.erm.ee\/?attachment_id=7636#main\" data-orig-file=\"https:\/\/blog.erm.ee\/wp-content\/uploads\/2016\/02\/097400_ERM_Fk_2911_1156.jpg\" data-orig-size=\"1200,1196\" data-comments-opened=\"1\" data-image-meta=\"{&quot;aperture&quot;:&quot;0&quot;,&quot;credit&quot;:&quot;\\u017e&quot;,&quot;camera&quot;:&quot;&quot;,&quot;caption&quot;:&quot;&quot;,&quot;created_timestamp&quot;:&quot;0&quot;,&quot;copyright&quot;:&quot;&quot;,&quot;focal_length&quot;:&quot;0&quot;,&quot;iso&quot;:&quot;0&quot;,&quot;shutter_speed&quot;:&quot;0&quot;,&quot;title&quot;:&quot;&quot;,&quot;orientation&quot;:&quot;0&quot;}\" data-image-title=\"097400_ERM_Fk_2911_1156\" data-image-description=\"\" data-image-caption=\"\" data-large-file=\"https:\/\/blog.erm.ee\/wp-content\/uploads\/2016\/02\/097400_ERM_Fk_2911_1156-1024x1021.jpg\" class=\"alignnone size-large wp-image-7636\" src=\"https:\/\/blog.erm.ee\/wp-content\/uploads\/2016\/02\/097400_ERM_Fk_2911_1156-1024x1021.jpg\" alt=\"097400_ERM_Fk_2911_1156\" width=\"700\" height=\"698\" srcset=\"https:\/\/blog.erm.ee\/wp-content\/uploads\/2016\/02\/097400_ERM_Fk_2911_1156-1024x1021.jpg 1024w, https:\/\/blog.erm.ee\/wp-content\/uploads\/2016\/02\/097400_ERM_Fk_2911_1156-261x260.jpg 261w, https:\/\/blog.erm.ee\/wp-content\/uploads\/2016\/02\/097400_ERM_Fk_2911_1156-300x300.jpg 300w, https:\/\/blog.erm.ee\/wp-content\/uploads\/2016\/02\/097400_ERM_Fk_2911_1156-768x765.jpg 768w, https:\/\/blog.erm.ee\/wp-content\/uploads\/2016\/02\/097400_ERM_Fk_2911_1156-50x50.jpg 50w, https:\/\/blog.erm.ee\/wp-content\/uploads\/2016\/02\/097400_ERM_Fk_2911_1156.jpg 1200w\" sizes=\"auto, (max-width: 700px) 100vw, 700px\" \/><\/a><em>Eesti Rahva Muuseumi uue hoone arhitektuurv\u00f5istluse n\u00e4itus Rotermanni soolalaos 2006. aastal (ERM Fk 2911:1156)<\/em><\/p>\n<p>Kus siis veel kui mitte ERMi ajaveebis kirjutada selle aasta muuseumide arengutest ja t\u00e4hts\u00fcndmustest. K\u00f5ige olulisem s\u00fcndmus on t\u00e4navu kahtlemata Eesti Rahva Muuseumi uue hoone avamine! Nagu k\u00f5igi suurte objektide puhul oleme ka ERMi maja valmimist oodanud pikki aastaid. Ja milline muuseum see veel tuleb! Olen juba ette kindel, et kui j\u00e4rgmise aasta alguses v\u00f5etakse kokku k\u00f5ige rohkem kajastust saanud Kultuuriministeeriumi teemad ajakirjanduses, siis on ERM nimekirja \u00fclemises otsas. Soovin ainult parimat ja palju j\u00f5udu kogu muuseumi meeskonnale!<br \/>\nSuurematest ehitamisega seotud arendust\u00f6\u00f6dest tasub kindlasti nimetada Narva kindluse, Eesti Ajaloomuuseumi Maarjam\u00e4e kompleksi ning Haapsalu piiskopilinnuse v\u00e4ljaarendamist. N\u00e4eme nende k\u00f5ikide puhul tulemusi k\u00fcll alles m\u00f5ne aasta p\u00e4rast, kuid sellegipoolest peaks nendel projektidel silma peal hoidma.<br \/>\n10 aastat tagasi valmis aga \u00fcks teine oluline teedrajav muuseumiehitis Eestis, p\u00e4rast mida pole muuseumi maailm enam endine. Sellel aastal t\u00e4histame Kumu 10 aasta juubelit. Olen ise t\u00f6\u00f6tanud selles majas \u00fcle kuue aasta ja seega on mul s\u00fcdames muidugi eriline r\u00f5\u00f5m. Julgen \u00f6elda, et 10 aastat on m\u00f6\u00f6dunud ka ajast, kus hakkasime muuseumide meeskonnas n\u00e4gema inimesi, keda traditsiooniliselt muuseumiga varem ei seostatud, samuti suurenes tuntavalt koost\u00f6\u00f6 valdkondade vahel. Muuseumit\u00f6\u00f6 on eritahuline ning t\u00e4nasel p\u00e4eval peame pigem vajalikuks, et muuseumides t\u00f6\u00f6tavad ka \u00e4ri-, kommunikatsiooni- v\u00f5i n\u00e4iteks IT-taustaga inimesed.<\/p>\n<p><a href=\"https:\/\/blog.erm.ee\/wp-content\/uploads\/2016\/02\/kumu_icon.jpg\" rel=\"attachment wp-att-7638\"><img loading=\"lazy\" decoding=\"async\" data-attachment-id=\"7638\" data-permalink=\"https:\/\/blog.erm.ee\/?attachment_id=7638#main\" data-orig-file=\"https:\/\/blog.erm.ee\/wp-content\/uploads\/2016\/02\/kumu_icon.jpg\" data-orig-size=\"1200,1200\" data-comments-opened=\"1\" data-image-meta=\"{&quot;aperture&quot;:&quot;0&quot;,&quot;credit&quot;:&quot;&quot;,&quot;camera&quot;:&quot;&quot;,&quot;caption&quot;:&quot;&quot;,&quot;created_timestamp&quot;:&quot;0&quot;,&quot;copyright&quot;:&quot;&quot;,&quot;focal_length&quot;:&quot;0&quot;,&quot;iso&quot;:&quot;0&quot;,&quot;shutter_speed&quot;:&quot;0&quot;,&quot;title&quot;:&quot;&quot;,&quot;orientation&quot;:&quot;0&quot;}\" data-image-title=\"kumu_icon\" data-image-description=\"\" data-image-caption=\"\" data-large-file=\"https:\/\/blog.erm.ee\/wp-content\/uploads\/2016\/02\/kumu_icon-1024x1024.jpg\" class=\"alignnone size-large wp-image-7638\" src=\"https:\/\/blog.erm.ee\/wp-content\/uploads\/2016\/02\/kumu_icon-1024x1024.jpg\" alt=\"kumu_icon\" width=\"700\" height=\"700\" srcset=\"https:\/\/blog.erm.ee\/wp-content\/uploads\/2016\/02\/kumu_icon-1024x1024.jpg 1024w, https:\/\/blog.erm.ee\/wp-content\/uploads\/2016\/02\/kumu_icon-260x260.jpg 260w, https:\/\/blog.erm.ee\/wp-content\/uploads\/2016\/02\/kumu_icon-300x300.jpg 300w, https:\/\/blog.erm.ee\/wp-content\/uploads\/2016\/02\/kumu_icon-768x768.jpg 768w, https:\/\/blog.erm.ee\/wp-content\/uploads\/2016\/02\/kumu_icon-50x50.jpg 50w, https:\/\/blog.erm.ee\/wp-content\/uploads\/2016\/02\/kumu_icon.jpg 1200w\" sizes=\"auto, (max-width: 700px) 100vw, 700px\" \/><\/a><em>Kumu saab 10!<\/em><\/p>\n<p><strong>J\u00e4tkub muuseumiv\u00f5rgu korrastamine<\/strong><br \/>\n2016. aastal asutatakse neli sihtasutust: SA Eesti Spordi- ja Ol\u00fcmpiamuuseum, SA Eesti Kunstimuuseum, SA Viljandi Muuseum ja SA Saaremaa Muuseum. Ettevalmistused toimuvad ka SA Eesti Meremuuseumi loomiseks, mis alustab t\u00f6\u00f6d 1. jaanuarist 2017. Muuseumide \u00fcmberkorraldamisele on l\u00e4henetud juhtumip\u00f5hiselt, vastavalt muuseumi vajadustele ja arengusuundadele. Sellest l\u00e4htuvalt asutatakse nii Viljandi kui ka Saaremaa sihtasutus koos kohalike omavalitsustega, Spordimuuseum aga koos MT\u00dc Eesti Ol\u00fcmpiakomiteega. Meremuuseum ja Kunstimuuseum j\u00e4\u00e4vad ainult riigi asutada. \u00dcmberkorraldused ootavad ka Harjumaa Muuseumit, mida hakkavad j\u00e4rgmisest aastast juhtima omavalitsused \u2013 millised omavalitsused t\u00e4psemalt ja mis vormis (kas sihtasutus v\u00f5i munitsipaalmuuseum), selgub sel aastal toimuvate l\u00e4bir\u00e4\u00e4kimiste k\u00e4igus. Ka teiste muuseumide osas j\u00e4tkuvad l\u00e4bir\u00e4\u00e4kimised, plaanikohaselt on 2018. aasta l\u00f5puks alles \u00fcks riigimuuseum \u2013 Eesti Rahva Muuseum. Tahaksin siinkohal r\u00f5hutada, et omandivorm ei ole muuseumi kvaliteeditunnuseks.<\/p>\n<p><strong>Digihoidla<\/strong><br \/>\nRiigile kuuluvate infos\u00fcsteemide arendamine pole lihtne \u00fclesanne ning kindlasti mitte nii kiire kui sarnase s\u00fcsteemi ehitamine erasektoris. Sellegipoolest on p\u00f5hjust r\u00e4\u00e4kida olulistest arengutest muuseumide infos\u00fcsteemis ja \u00e4sja valminud kesksest digihoidlast. Digihoidla lahendab \u00fche keerulise ja p\u00f5letava probleemi muuseumide jaoks \u2013 pikaajalise digitaalse materjali s\u00e4ilitamise. Selle kasutuselev\u00f5tt aga on j\u00e4rkj\u00e4rguline ja esimeses osas hakkavad hoidlat kasutama muuseumid, kes on valmis piloteerima ehk vigu leidma ja arendusele kaasa aitama. Muuseumide infos\u00fcsteemi puhul j\u00e4llegi valmistutakse j\u00f5udsalt MuIS 2 arendamiseks. \u00dcsna varsti valmib infos\u00fcsteemi \u00e4rianal\u00fc\u00fcs ehk funktsionaalsuse ja kasutajas\u00f5bralikkuse anal\u00fc\u00fcs. See valmib Registrite ja Infos\u00fcsteemide Keskuse, Kultuuriministeeriumi ja muuseumit\u00f6\u00f6tajatest koosneva t\u00f6\u00f6grupi koost\u00f6\u00f6s. Anal\u00fc\u00fcsi p\u00f5hjal otsime v\u00f5imalusi juba p\u00e4ris s\u00fcsteemi arendamiseks. \u00dcsna julgelt v\u00f5ib ka v\u00e4lja \u00f6elda, et ilmselt me ei saa enne 2018. aastat reaalselt t\u00f6\u00f6tavast MuIS 2-st veel r\u00e4\u00e4kida, aga eesm\u00e4rk on eelk\u00f5ige saada v\u00e4ga hea ja t\u00f6\u00f6tav infos\u00fcsteem.<\/p>\n<p><strong>Kogumisp\u00f5him\u00f5tted<\/strong><br \/>\nViimased kaks aastat on nii riigimuuseumides kui muuseumide infos\u00fcsteemi kasutavates muuseumides l\u00e4bi viidud kogude j\u00e4relevalvet. Samuti on muuseumin\u00f5ukogu ringi peale saanud kogumisp\u00f5him\u00f5tete hindamistele. Seda aastat v\u00f5ib nimetada j\u00e4relduste tegemiste aastaks \u2013 ministeerium ei v\u00f5ta ette uusi j\u00e4relevalveid ning pikaajalised strateegilised kogumisp\u00f5him\u00f5tted tuleb muuseumin\u00f5ukogule hindamiseks saata ainult juhul, kui dokumendis tahetakse olulisi muudatusi teha. J\u00e4relevalvete osas plaanime tehtu kokku v\u00f5tta ja tuua v\u00e4lja \u00fcldised kitsaskohad nii muuseumiseaduse t\u00e4itmises kui ka paratamatute probleemide osas (ruumitingimused, ressursipuudus jms). Kogumisp\u00f5him\u00f5tteid aga anal\u00fc\u00fcsime eelk\u00f5ige \u00fchiste kogumissuundade aspektist l\u00e4htuvalt.<\/p>\n<p><strong>Muuseumik\u00fclastajate uuring<\/strong><br \/>\nKultuuriministeeriumil on sellel aastal plaan tellida veel p\u00f5hjalik uuring muuseumik\u00fclastajate rahulolu ja mittek\u00fclastajate kohta. Viimati toimus selline uuring 2006. aastal koost\u00f6\u00f6s Ettev\u00f5tluse Arendamise Sihtasutusega, kuid n\u00fc\u00fcd planeeritava uuringuga soovime t\u00e4psemalt anal\u00fc\u00fcsida k\u00fclastajate hinnanguid ja detailset k\u00fclastajate profiili. Uuring v\u00f5iks olla oluliseks alusmaterjaliks muuseumide k\u00fclastajastrateegia v\u00e4ljat\u00f6\u00f6tamisel. See viiakse l\u00e4bi riigimuuseumides ning edaspidi on plaanis uuringut korrata iga viie aasta tagant. Eraldi on plaanis esmakordselt uurida ka mittek\u00fclastajaid, et m\u00f5ista nende motiive ning vajadusi.<\/p>\n<p><a href=\"https:\/\/blog.erm.ee\/wp-content\/uploads\/2016\/02\/043218_ERM_Fk_2806_34.jpg\" rel=\"attachment wp-att-7637\"><img loading=\"lazy\" decoding=\"async\" data-attachment-id=\"7637\" data-permalink=\"https:\/\/blog.erm.ee\/?attachment_id=7637#main\" data-orig-file=\"https:\/\/blog.erm.ee\/wp-content\/uploads\/2016\/02\/043218_ERM_Fk_2806_34.jpg\" data-orig-size=\"1200,773\" data-comments-opened=\"1\" data-image-meta=\"{&quot;aperture&quot;:&quot;0&quot;,&quot;credit&quot;:&quot;&quot;,&quot;camera&quot;:&quot;&quot;,&quot;caption&quot;:&quot;&quot;,&quot;created_timestamp&quot;:&quot;0&quot;,&quot;copyright&quot;:&quot;&quot;,&quot;focal_length&quot;:&quot;0&quot;,&quot;iso&quot;:&quot;0&quot;,&quot;shutter_speed&quot;:&quot;0&quot;,&quot;title&quot;:&quot;&quot;,&quot;orientation&quot;:&quot;0&quot;}\" data-image-title=\"043218_ERM_Fk_2806_34\" data-image-description=\"\" data-image-caption=\"\" data-large-file=\"https:\/\/blog.erm.ee\/wp-content\/uploads\/2016\/02\/043218_ERM_Fk_2806_34-1024x660.jpg\" class=\"alignnone size-large wp-image-7637\" src=\"https:\/\/blog.erm.ee\/wp-content\/uploads\/2016\/02\/043218_ERM_Fk_2806_34-1024x660.jpg\" alt=\"043218_ERM_Fk_2806_34\" width=\"700\" height=\"451\" srcset=\"https:\/\/blog.erm.ee\/wp-content\/uploads\/2016\/02\/043218_ERM_Fk_2806_34-1024x660.jpg 1024w, https:\/\/blog.erm.ee\/wp-content\/uploads\/2016\/02\/043218_ERM_Fk_2806_34-404x260.jpg 404w, https:\/\/blog.erm.ee\/wp-content\/uploads\/2016\/02\/043218_ERM_Fk_2806_34-300x193.jpg 300w, https:\/\/blog.erm.ee\/wp-content\/uploads\/2016\/02\/043218_ERM_Fk_2806_34-768x495.jpg 768w, https:\/\/blog.erm.ee\/wp-content\/uploads\/2016\/02\/043218_ERM_Fk_2806_34.jpg 1200w\" sizes=\"auto, (max-width: 700px) 100vw, 700px\" \/><\/a><em>Noored Tammsaare pargis aega veetmas. Aga miks mitte muuseumis? (ERM Fk 2806:34)<\/em><\/p>\n<p><strong>Koolitused<\/strong><br \/>\nTraditsioonilistest koolitustest toimub ka sel aastal Balti Museoloogiakool. Seekord on teemaks kogumisp\u00f5him\u00f5tted ning \u00f5ppej\u00f5uks L\u00e9ontine Meijer-van Mensch oma meeskonnaga (jah, koolitajad tuleb seekord rohkem kui kaks). Selle aasta museoloogiakool toimub L\u00e4tis C\u0113sises, kuid t\u00e4psemat informatsiooni tuleb veel oodata. Saadame info v\u00e4lja kohe, kui on midagi rohkemat teada. Etteruttavalt v\u00f5ib veel lisada, et suure t\u00f5en\u00e4osusega toimub j\u00e4rgmisel aastal museoloogiakool aga juba ERMis. Kus siis veel!<br \/>\nR\u00f5\u00f5mustav on ka see, et juba teist korda alustab Tartu \u00dclikooli ja Kultuuriministeeriumi koost\u00f6\u00f6s s\u00fcndinud koolitusprogramm \u201eXXI sajandi muuseum\u201c. See on hea platvorm muuseumimaastikust ja selle viimastest arengutest \u00fclevaate saamiseks muuseumit\u00f6\u00f6tajatele, kes alles alustavad v\u00f5i neile, kes soovivad terviklikku \u00fclevaadet muuseumi p\u00f5hitegevustest. Muuseumid tegelevad paljude suundadega ning terviklikku pilti omavaid muuseumit\u00f6\u00f6tajaid on h\u00e4dasti vaja. V\u00e4ga oluline on osata n\u00e4ha eri tahkude funktsioone ja omavahelisi suhteid ehk aru saada, miks ja mille nimel muuseum t\u00f6\u00f6tab.<br \/>\nKokkuv\u00f5tvalt olen kindel, et tuleb \u00fcks hea aasta, teisiti ei saagi m\u00f5elda. Loomulikult peame silmitsi seisma riigireformiga ja oleme m\u00f5jutatud majanduse k\u00e4ek\u00e4igust, kuid see ei saa takistada meil t\u00f6\u00f6tamast parimate lahenduste nimel. Ning t\u00f5epoolest, viimasel ajal kuulen seoses muuseumidega tihti lauseid, mis algavad s\u00f5nadega \u201emitte kunagi varem\u2026\u201c ja l\u00f5ppevad millegi v\u00e4ga positiivsega. Eks me saame j\u00e4rgmisel aastal ERMis aastakonverentsil ja auhinnagalal j\u00e4lle j\u00e4reldusi teha.<\/p>\n<div class=\"fcbkbttn_buttons_block\" id=\"fcbkbttn_left\"><div class=\"fcbkbttn_like \"><fb:like href=\"https:\/\/blog.erm.ee\/?p=7634\" action=\"like\" colorscheme=\"light\" layout=\"standard\"  width=\"225px\" size=\"small\"><\/fb:like><\/div><div class=\"fb-share-button  \" data-href=\"https:\/\/blog.erm.ee\/?p=7634\" data-type=\"button\" data-size=\"small\"><\/div><\/div>","protected":false},"excerpt":{"rendered":"<p>Mirjam R\u00e4\u00e4bis, muuseumin\u00f5unik Eesti Rahva Muuseumi uue hoone arhitektuurv\u00f5istluse n\u00e4itus Rotermanni soolalaos 2006. aastal (ERM Fk 2911:1156) Kus siis veel kui mitte ERMi ajaveebis kirjutada selle aasta muuseumide arengutest ja t\u00e4hts\u00fcndmustest. K\u00f5ige olulisem s\u00fcndmus on t\u00e4navu kahtlemata Eesti Rahva Muuseumi uue hoone avamine! Nagu k\u00f5igi suurte objektide puhul oleme ka ERMi maja valmimist oodanud pikki&hellip;<\/p>\n","protected":false},"author":1,"featured_media":7637,"comment_status":"open","ping_status":"open","sticky":false,"template":"","format":"standard","meta":{"_monsterinsights_skip_tracking":false,"_monsterinsights_sitenote_active":false,"_monsterinsights_sitenote_note":"","_monsterinsights_sitenote_category":0,"jetpack_post_was_ever_published":false,"_jetpack_newsletter_access":"","_jetpack_dont_email_post_to_subs":false,"_jetpack_newsletter_tier_id":0,"_jetpack_memberships_contains_paywalled_content":false,"_jetpack_memberships_contains_paid_content":false,"footnotes":""},"categories":[20],"tags":[],"class_list":["post-7634","post","type-post","status-publish","format-standard","has-post-thumbnail","hentry","category-muuseumimotted"],"yoast_head":"<!-- This site is optimized with the Yoast SEO plugin v27.5 - https:\/\/yoast.com\/product\/yoast-seo-wordpress\/ -->\n<title>Mida toob aasta 2016 muuseumidele? - Eesti Rahva Muuseumi ajaveeb<\/title>\n<meta name=\"robots\" content=\"index, follow, max-snippet:-1, max-image-preview:large, max-video-preview:-1\" \/>\n<link rel=\"canonical\" href=\"https:\/\/blog.erm.ee\/?p=7634\" \/>\n<meta property=\"og:locale\" content=\"et_EE\" \/>\n<meta property=\"og:type\" content=\"article\" \/>\n<meta property=\"og:title\" content=\"Mida toob aasta 2016 muuseumidele? - Eesti Rahva Muuseumi ajaveeb\" \/>\n<meta property=\"og:description\" content=\"Mirjam R\u00e4\u00e4bis, muuseumin\u00f5unik Eesti Rahva Muuseumi uue hoone arhitektuurv\u00f5istluse n\u00e4itus Rotermanni soolalaos 2006. aastal (ERM Fk 2911:1156) Kus siis veel kui mitte ERMi ajaveebis kirjutada selle aasta muuseumide arengutest ja t\u00e4hts\u00fcndmustest. K\u00f5ige olulisem s\u00fcndmus on t\u00e4navu kahtlemata Eesti Rahva Muuseumi uue hoone avamine! Nagu k\u00f5igi suurte objektide puhul oleme ka ERMi maja valmimist oodanud pikki&hellip;\" \/>\n<meta property=\"og:url\" content=\"https:\/\/blog.erm.ee\/?p=7634\" \/>\n<meta property=\"og:site_name\" content=\"Eesti Rahva Muuseumi ajaveeb\" \/>\n<meta property=\"article:published_time\" content=\"2016-02-04T06:14:13+00:00\" \/>\n<meta property=\"og:image\" content=\"https:\/\/blog.erm.ee\/wp-content\/uploads\/2016\/02\/043218_ERM_Fk_2806_34.jpg\" \/>\n\t<meta property=\"og:image:width\" content=\"1200\" \/>\n\t<meta property=\"og:image:height\" content=\"773\" \/>\n\t<meta property=\"og:image:type\" content=\"image\/jpeg\" \/>\n<meta name=\"author\" content=\"Eesti Rahva Muuseum\" \/>\n<meta name=\"twitter:card\" content=\"summary_large_image\" \/>\n<meta name=\"twitter:label1\" content=\"Written by\" \/>\n\t<meta name=\"twitter:data1\" content=\"Eesti Rahva Muuseum\" \/>\n\t<meta name=\"twitter:label2\" content=\"Est. reading time\" \/>\n\t<meta name=\"twitter:data2\" content=\"5 minutit\" \/>\n<script type=\"application\/ld+json\" class=\"yoast-schema-graph\">{\"@context\":\"https:\\\/\\\/schema.org\",\"@graph\":[{\"@type\":\"Article\",\"@id\":\"https:\\\/\\\/blog.erm.ee\\\/?p=7634#article\",\"isPartOf\":{\"@id\":\"https:\\\/\\\/blog.erm.ee\\\/?p=7634\"},\"author\":{\"name\":\"Eesti Rahva Muuseum\",\"@id\":\"https:\\\/\\\/blog.erm.ee\\\/#\\\/schema\\\/person\\\/6e98c391cb00a33e7c22a3571e062114\"},\"headline\":\"Mida toob aasta 2016 muuseumidele?\",\"datePublished\":\"2016-02-04T06:14:13+00:00\",\"mainEntityOfPage\":{\"@id\":\"https:\\\/\\\/blog.erm.ee\\\/?p=7634\"},\"wordCount\":1009,\"commentCount\":0,\"image\":{\"@id\":\"https:\\\/\\\/blog.erm.ee\\\/?p=7634#primaryimage\"},\"thumbnailUrl\":\"https:\\\/\\\/blog.erm.ee\\\/wp-content\\\/uploads\\\/2016\\\/02\\\/043218_ERM_Fk_2806_34.jpg\",\"articleSection\":[\"Muuseumim\u00f5tted\"],\"inLanguage\":\"et\",\"potentialAction\":[{\"@type\":\"CommentAction\",\"name\":\"Comment\",\"target\":[\"https:\\\/\\\/blog.erm.ee\\\/?p=7634#respond\"]}]},{\"@type\":\"WebPage\",\"@id\":\"https:\\\/\\\/blog.erm.ee\\\/?p=7634\",\"url\":\"https:\\\/\\\/blog.erm.ee\\\/?p=7634\",\"name\":\"Mida toob aasta 2016 muuseumidele? - Eesti Rahva Muuseumi ajaveeb\",\"isPartOf\":{\"@id\":\"https:\\\/\\\/blog.erm.ee\\\/#website\"},\"primaryImageOfPage\":{\"@id\":\"https:\\\/\\\/blog.erm.ee\\\/?p=7634#primaryimage\"},\"image\":{\"@id\":\"https:\\\/\\\/blog.erm.ee\\\/?p=7634#primaryimage\"},\"thumbnailUrl\":\"https:\\\/\\\/blog.erm.ee\\\/wp-content\\\/uploads\\\/2016\\\/02\\\/043218_ERM_Fk_2806_34.jpg\",\"datePublished\":\"2016-02-04T06:14:13+00:00\",\"author\":{\"@id\":\"https:\\\/\\\/blog.erm.ee\\\/#\\\/schema\\\/person\\\/6e98c391cb00a33e7c22a3571e062114\"},\"breadcrumb\":{\"@id\":\"https:\\\/\\\/blog.erm.ee\\\/?p=7634#breadcrumb\"},\"inLanguage\":\"et\",\"potentialAction\":[{\"@type\":\"ReadAction\",\"target\":[\"https:\\\/\\\/blog.erm.ee\\\/?p=7634\"]}]},{\"@type\":\"ImageObject\",\"inLanguage\":\"et\",\"@id\":\"https:\\\/\\\/blog.erm.ee\\\/?p=7634#primaryimage\",\"url\":\"https:\\\/\\\/blog.erm.ee\\\/wp-content\\\/uploads\\\/2016\\\/02\\\/043218_ERM_Fk_2806_34.jpg\",\"contentUrl\":\"https:\\\/\\\/blog.erm.ee\\\/wp-content\\\/uploads\\\/2016\\\/02\\\/043218_ERM_Fk_2806_34.jpg\",\"width\":1200,\"height\":773},{\"@type\":\"BreadcrumbList\",\"@id\":\"https:\\\/\\\/blog.erm.ee\\\/?p=7634#breadcrumb\",\"itemListElement\":[{\"@type\":\"ListItem\",\"position\":1,\"name\":\"Home\",\"item\":\"https:\\\/\\\/blog.erm.ee\\\/\"},{\"@type\":\"ListItem\",\"position\":2,\"name\":\"Mida toob aasta 2016 muuseumidele?\"}]},{\"@type\":\"WebSite\",\"@id\":\"https:\\\/\\\/blog.erm.ee\\\/#website\",\"url\":\"https:\\\/\\\/blog.erm.ee\\\/\",\"name\":\"Eesti Rahva Muuseumi ajaveeb\",\"description\":\"\",\"potentialAction\":[{\"@type\":\"SearchAction\",\"target\":{\"@type\":\"EntryPoint\",\"urlTemplate\":\"https:\\\/\\\/blog.erm.ee\\\/?s={search_term_string}\"},\"query-input\":{\"@type\":\"PropertyValueSpecification\",\"valueRequired\":true,\"valueName\":\"search_term_string\"}}],\"inLanguage\":\"et\"},{\"@type\":\"Person\",\"@id\":\"https:\\\/\\\/blog.erm.ee\\\/#\\\/schema\\\/person\\\/6e98c391cb00a33e7c22a3571e062114\",\"name\":\"Eesti Rahva Muuseum\",\"image\":{\"@type\":\"ImageObject\",\"inLanguage\":\"et\",\"@id\":\"https:\\\/\\\/secure.gravatar.com\\\/avatar\\\/cb6d9ad5fb49f3f7315028ce5fe60641075f2cb52b8a058ff5a985fa2d8c1da0?s=96&d=mm&r=g\",\"url\":\"https:\\\/\\\/secure.gravatar.com\\\/avatar\\\/cb6d9ad5fb49f3f7315028ce5fe60641075f2cb52b8a058ff5a985fa2d8c1da0?s=96&d=mm&r=g\",\"contentUrl\":\"https:\\\/\\\/secure.gravatar.com\\\/avatar\\\/cb6d9ad5fb49f3f7315028ce5fe60641075f2cb52b8a058ff5a985fa2d8c1da0?s=96&d=mm&r=g\",\"caption\":\"Eesti Rahva Muuseum\"},\"sameAs\":[\"http:\\\/\\\/www.erm.ee\"],\"url\":\"https:\\\/\\\/blog.erm.ee\\\/?author=1\"}]}<\/script>\n<!-- \/ Yoast SEO plugin. -->","yoast_head_json":{"title":"Mida toob aasta 2016 muuseumidele? - Eesti Rahva Muuseumi ajaveeb","robots":{"index":"index","follow":"follow","max-snippet":"max-snippet:-1","max-image-preview":"max-image-preview:large","max-video-preview":"max-video-preview:-1"},"canonical":"https:\/\/blog.erm.ee\/?p=7634","og_locale":"et_EE","og_type":"article","og_title":"Mida toob aasta 2016 muuseumidele? - Eesti Rahva Muuseumi ajaveeb","og_description":"Mirjam R\u00e4\u00e4bis, muuseumin\u00f5unik Eesti Rahva Muuseumi uue hoone arhitektuurv\u00f5istluse n\u00e4itus Rotermanni soolalaos 2006. aastal (ERM Fk 2911:1156) Kus siis veel kui mitte ERMi ajaveebis kirjutada selle aasta muuseumide arengutest ja t\u00e4hts\u00fcndmustest. K\u00f5ige olulisem s\u00fcndmus on t\u00e4navu kahtlemata Eesti Rahva Muuseumi uue hoone avamine! Nagu k\u00f5igi suurte objektide puhul oleme ka ERMi maja valmimist oodanud pikki&hellip;","og_url":"https:\/\/blog.erm.ee\/?p=7634","og_site_name":"Eesti Rahva Muuseumi ajaveeb","article_published_time":"2016-02-04T06:14:13+00:00","og_image":[{"width":1200,"height":773,"url":"https:\/\/blog.erm.ee\/wp-content\/uploads\/2016\/02\/043218_ERM_Fk_2806_34.jpg","type":"image\/jpeg"}],"author":"Eesti Rahva Muuseum","twitter_card":"summary_large_image","twitter_misc":{"Written by":"Eesti Rahva Muuseum","Est. reading time":"5 minutit"},"schema":{"@context":"https:\/\/schema.org","@graph":[{"@type":"Article","@id":"https:\/\/blog.erm.ee\/?p=7634#article","isPartOf":{"@id":"https:\/\/blog.erm.ee\/?p=7634"},"author":{"name":"Eesti Rahva Muuseum","@id":"https:\/\/blog.erm.ee\/#\/schema\/person\/6e98c391cb00a33e7c22a3571e062114"},"headline":"Mida toob aasta 2016 muuseumidele?","datePublished":"2016-02-04T06:14:13+00:00","mainEntityOfPage":{"@id":"https:\/\/blog.erm.ee\/?p=7634"},"wordCount":1009,"commentCount":0,"image":{"@id":"https:\/\/blog.erm.ee\/?p=7634#primaryimage"},"thumbnailUrl":"https:\/\/blog.erm.ee\/wp-content\/uploads\/2016\/02\/043218_ERM_Fk_2806_34.jpg","articleSection":["Muuseumim\u00f5tted"],"inLanguage":"et","potentialAction":[{"@type":"CommentAction","name":"Comment","target":["https:\/\/blog.erm.ee\/?p=7634#respond"]}]},{"@type":"WebPage","@id":"https:\/\/blog.erm.ee\/?p=7634","url":"https:\/\/blog.erm.ee\/?p=7634","name":"Mida toob aasta 2016 muuseumidele? - Eesti Rahva Muuseumi ajaveeb","isPartOf":{"@id":"https:\/\/blog.erm.ee\/#website"},"primaryImageOfPage":{"@id":"https:\/\/blog.erm.ee\/?p=7634#primaryimage"},"image":{"@id":"https:\/\/blog.erm.ee\/?p=7634#primaryimage"},"thumbnailUrl":"https:\/\/blog.erm.ee\/wp-content\/uploads\/2016\/02\/043218_ERM_Fk_2806_34.jpg","datePublished":"2016-02-04T06:14:13+00:00","author":{"@id":"https:\/\/blog.erm.ee\/#\/schema\/person\/6e98c391cb00a33e7c22a3571e062114"},"breadcrumb":{"@id":"https:\/\/blog.erm.ee\/?p=7634#breadcrumb"},"inLanguage":"et","potentialAction":[{"@type":"ReadAction","target":["https:\/\/blog.erm.ee\/?p=7634"]}]},{"@type":"ImageObject","inLanguage":"et","@id":"https:\/\/blog.erm.ee\/?p=7634#primaryimage","url":"https:\/\/blog.erm.ee\/wp-content\/uploads\/2016\/02\/043218_ERM_Fk_2806_34.jpg","contentUrl":"https:\/\/blog.erm.ee\/wp-content\/uploads\/2016\/02\/043218_ERM_Fk_2806_34.jpg","width":1200,"height":773},{"@type":"BreadcrumbList","@id":"https:\/\/blog.erm.ee\/?p=7634#breadcrumb","itemListElement":[{"@type":"ListItem","position":1,"name":"Home","item":"https:\/\/blog.erm.ee\/"},{"@type":"ListItem","position":2,"name":"Mida toob aasta 2016 muuseumidele?"}]},{"@type":"WebSite","@id":"https:\/\/blog.erm.ee\/#website","url":"https:\/\/blog.erm.ee\/","name":"Eesti Rahva Muuseumi ajaveeb","description":"","potentialAction":[{"@type":"SearchAction","target":{"@type":"EntryPoint","urlTemplate":"https:\/\/blog.erm.ee\/?s={search_term_string}"},"query-input":{"@type":"PropertyValueSpecification","valueRequired":true,"valueName":"search_term_string"}}],"inLanguage":"et"},{"@type":"Person","@id":"https:\/\/blog.erm.ee\/#\/schema\/person\/6e98c391cb00a33e7c22a3571e062114","name":"Eesti Rahva Muuseum","image":{"@type":"ImageObject","inLanguage":"et","@id":"https:\/\/secure.gravatar.com\/avatar\/cb6d9ad5fb49f3f7315028ce5fe60641075f2cb52b8a058ff5a985fa2d8c1da0?s=96&d=mm&r=g","url":"https:\/\/secure.gravatar.com\/avatar\/cb6d9ad5fb49f3f7315028ce5fe60641075f2cb52b8a058ff5a985fa2d8c1da0?s=96&d=mm&r=g","contentUrl":"https:\/\/secure.gravatar.com\/avatar\/cb6d9ad5fb49f3f7315028ce5fe60641075f2cb52b8a058ff5a985fa2d8c1da0?s=96&d=mm&r=g","caption":"Eesti Rahva Muuseum"},"sameAs":["http:\/\/www.erm.ee"],"url":"https:\/\/blog.erm.ee\/?author=1"}]}},"jetpack_featured_media_url":"https:\/\/blog.erm.ee\/wp-content\/uploads\/2016\/02\/043218_ERM_Fk_2806_34.jpg","jetpack_shortlink":"https:\/\/wp.me\/p2l9Zd-1Z8","jetpack_sharing_enabled":true,"jetpack_likes_enabled":true,"_links":{"self":[{"href":"https:\/\/blog.erm.ee\/index.php?rest_route=\/wp\/v2\/posts\/7634","targetHints":{"allow":["GET"]}}],"collection":[{"href":"https:\/\/blog.erm.ee\/index.php?rest_route=\/wp\/v2\/posts"}],"about":[{"href":"https:\/\/blog.erm.ee\/index.php?rest_route=\/wp\/v2\/types\/post"}],"author":[{"embeddable":true,"href":"https:\/\/blog.erm.ee\/index.php?rest_route=\/wp\/v2\/users\/1"}],"replies":[{"embeddable":true,"href":"https:\/\/blog.erm.ee\/index.php?rest_route=%2Fwp%2Fv2%2Fcomments&post=7634"}],"version-history":[{"count":2,"href":"https:\/\/blog.erm.ee\/index.php?rest_route=\/wp\/v2\/posts\/7634\/revisions"}],"predecessor-version":[{"id":7639,"href":"https:\/\/blog.erm.ee\/index.php?rest_route=\/wp\/v2\/posts\/7634\/revisions\/7639"}],"wp:featuredmedia":[{"embeddable":true,"href":"https:\/\/blog.erm.ee\/index.php?rest_route=\/wp\/v2\/media\/7637"}],"wp:attachment":[{"href":"https:\/\/blog.erm.ee\/index.php?rest_route=%2Fwp%2Fv2%2Fmedia&parent=7634"}],"wp:term":[{"taxonomy":"category","embeddable":true,"href":"https:\/\/blog.erm.ee\/index.php?rest_route=%2Fwp%2Fv2%2Fcategories&post=7634"},{"taxonomy":"post_tag","embeddable":true,"href":"https:\/\/blog.erm.ee\/index.php?rest_route=%2Fwp%2Fv2%2Ftags&post=7634"}],"curies":[{"name":"wp","href":"https:\/\/api.w.org\/{rel}","templated":true}]}}