{"id":7609,"date":"2016-01-28T08:05:23","date_gmt":"2016-01-28T06:05:23","guid":{"rendered":"http:\/\/blog.erm.ee\/?p=7609"},"modified":"2016-01-28T08:05:23","modified_gmt":"2016-01-28T06:05:23","slug":"ku-haa-tali-sis-haa-sui-kah-haademeeste","status":"publish","type":"post","link":"https:\/\/blog.erm.ee\/?p=7609","title":{"rendered":"Ku h\u00e4\u00e4 tali, sis h\u00e4\u00e4 sui kah (H\u00e4\u00e4demeeste)"},"content":{"rendered":"<div class=\"fcbkbttn_buttons_block\" id=\"fcbkbttn_left\"><div class=\"fcbkbttn_like \"><fb:like href=\"https:\/\/blog.erm.ee\/?p=7609\" action=\"like\" colorscheme=\"light\" layout=\"standard\"  width=\"225px\" size=\"small\"><\/fb:like><\/div><div class=\"fb-share-button  \" data-href=\"https:\/\/blog.erm.ee\/?p=7609\" data-type=\"button\" data-size=\"small\"><\/div><\/div><p><em>Kristi \u00dctt, digitaal- ja eriarhiivi hoiuhaldur<\/em><\/p>\n<p>Ehkki ilm on vahepeal sulale p\u00f6\u00f6ranud, ei ole talv kaugeltki l\u00e4bi ja loodetavasti tuleb veel v\u00f5imalusi talver\u00f5\u00f5me nautida. Kellel sobivatest ideedest vajaka, leiab meie fotogaleriist mitmesuguseid soovitusi, mida lume ja j\u00e4\u00e4ga peale hakata. Kui talvest r\u00f5\u00f5mu leida, k\u00fcllap tuleb siis vahva suvi ka.<\/p>\n<p><a href=\"https:\/\/blog.erm.ee\/wp-content\/uploads\/2016\/01\/073874_ERM_Fk_2644_3020.jpg\" rel=\"attachment wp-att-7612\"><img loading=\"lazy\" decoding=\"async\" data-attachment-id=\"7612\" data-permalink=\"https:\/\/blog.erm.ee\/?attachment_id=7612#main\" data-orig-file=\"https:\/\/blog.erm.ee\/wp-content\/uploads\/2016\/01\/073874_ERM_Fk_2644_3020.jpg\" data-orig-size=\"1200,777\" data-comments-opened=\"1\" data-image-meta=\"{&quot;aperture&quot;:&quot;0&quot;,&quot;credit&quot;:&quot;&quot;,&quot;camera&quot;:&quot;&quot;,&quot;caption&quot;:&quot;&quot;,&quot;created_timestamp&quot;:&quot;0&quot;,&quot;copyright&quot;:&quot;&quot;,&quot;focal_length&quot;:&quot;0&quot;,&quot;iso&quot;:&quot;0&quot;,&quot;shutter_speed&quot;:&quot;0&quot;,&quot;title&quot;:&quot;&quot;,&quot;orientation&quot;:&quot;0&quot;}\" data-image-title=\"073874_ERM_Fk_2644_3020\" data-image-description=\"\" data-image-caption=\"\" data-large-file=\"https:\/\/blog.erm.ee\/wp-content\/uploads\/2016\/01\/073874_ERM_Fk_2644_3020-1024x663.jpg\" class=\"alignnone size-large wp-image-7612\" src=\"https:\/\/blog.erm.ee\/wp-content\/uploads\/2016\/01\/073874_ERM_Fk_2644_3020-1024x663.jpg\" alt=\"073874_ERM_Fk_2644_3020\" width=\"700\" height=\"453\" srcset=\"https:\/\/blog.erm.ee\/wp-content\/uploads\/2016\/01\/073874_ERM_Fk_2644_3020-1024x663.jpg 1024w, https:\/\/blog.erm.ee\/wp-content\/uploads\/2016\/01\/073874_ERM_Fk_2644_3020-402x260.jpg 402w, https:\/\/blog.erm.ee\/wp-content\/uploads\/2016\/01\/073874_ERM_Fk_2644_3020-300x194.jpg 300w, https:\/\/blog.erm.ee\/wp-content\/uploads\/2016\/01\/073874_ERM_Fk_2644_3020-768x497.jpg 768w, https:\/\/blog.erm.ee\/wp-content\/uploads\/2016\/01\/073874_ERM_Fk_2644_3020.jpg 1200w\" sizes=\"auto, (max-width: 700px) 100vw, 700px\" \/><\/a><em>Poisid talvel. Foto: Viktor Salmre, 1965. ERM Fk 2644:3020 <\/em><\/p>\n<p><a href=\"https:\/\/blog.erm.ee\/wp-content\/uploads\/2016\/01\/020073_ERM_Fk_10_17.jpg\" rel=\"attachment wp-att-7613\"><img loading=\"lazy\" decoding=\"async\" data-attachment-id=\"7613\" data-permalink=\"https:\/\/blog.erm.ee\/?attachment_id=7613#main\" data-orig-file=\"https:\/\/blog.erm.ee\/wp-content\/uploads\/2016\/01\/020073_ERM_Fk_10_17.jpg\" data-orig-size=\"1200,876\" data-comments-opened=\"1\" data-image-meta=\"{&quot;aperture&quot;:&quot;0&quot;,&quot;credit&quot;:&quot;&quot;,&quot;camera&quot;:&quot;&quot;,&quot;caption&quot;:&quot;&quot;,&quot;created_timestamp&quot;:&quot;0&quot;,&quot;copyright&quot;:&quot;&quot;,&quot;focal_length&quot;:&quot;0&quot;,&quot;iso&quot;:&quot;0&quot;,&quot;shutter_speed&quot;:&quot;0&quot;,&quot;title&quot;:&quot;&quot;,&quot;orientation&quot;:&quot;0&quot;}\" data-image-title=\"020073_ERM_Fk_10_17\" data-image-description=\"\" data-image-caption=\"\" data-large-file=\"https:\/\/blog.erm.ee\/wp-content\/uploads\/2016\/01\/020073_ERM_Fk_10_17-1024x748.jpg\" class=\"alignnone size-large wp-image-7613\" src=\"https:\/\/blog.erm.ee\/wp-content\/uploads\/2016\/01\/020073_ERM_Fk_10_17-1024x748.jpg\" alt=\"020073_ERM_Fk_10_17\" width=\"700\" height=\"511\" srcset=\"https:\/\/blog.erm.ee\/wp-content\/uploads\/2016\/01\/020073_ERM_Fk_10_17-1024x748.jpg 1024w, https:\/\/blog.erm.ee\/wp-content\/uploads\/2016\/01\/020073_ERM_Fk_10_17-356x260.jpg 356w, https:\/\/blog.erm.ee\/wp-content\/uploads\/2016\/01\/020073_ERM_Fk_10_17-300x219.jpg 300w, https:\/\/blog.erm.ee\/wp-content\/uploads\/2016\/01\/020073_ERM_Fk_10_17-768x561.jpg 768w, https:\/\/blog.erm.ee\/wp-content\/uploads\/2016\/01\/020073_ERM_Fk_10_17.jpg 1200w\" sizes=\"auto, (max-width: 700px) 100vw, 700px\" \/><\/a><br \/>\n<em>Uisutajad, kelgutajad u 1908\u20131909. Teadmata fotograaf. ERM Fk 10:17<\/em><\/p>\n<p><em><a href=\"https:\/\/blog.erm.ee\/wp-content\/uploads\/2016\/01\/046348_ERM_Fk_2822_57.jpg\" rel=\"attachment wp-att-7614\"><img loading=\"lazy\" decoding=\"async\" data-attachment-id=\"7614\" data-permalink=\"https:\/\/blog.erm.ee\/?attachment_id=7614#main\" data-orig-file=\"https:\/\/blog.erm.ee\/wp-content\/uploads\/2016\/01\/046348_ERM_Fk_2822_57.jpg\" data-orig-size=\"937,1200\" data-comments-opened=\"1\" data-image-meta=\"{&quot;aperture&quot;:&quot;0&quot;,&quot;credit&quot;:&quot;&quot;,&quot;camera&quot;:&quot;&quot;,&quot;caption&quot;:&quot;&quot;,&quot;created_timestamp&quot;:&quot;1039010468&quot;,&quot;copyright&quot;:&quot;&quot;,&quot;focal_length&quot;:&quot;0&quot;,&quot;iso&quot;:&quot;0&quot;,&quot;shutter_speed&quot;:&quot;0&quot;,&quot;title&quot;:&quot;&quot;,&quot;orientation&quot;:&quot;0&quot;}\" data-image-title=\"046348_ERM_Fk_2822_57\" data-image-description=\"\" data-image-caption=\"\" data-large-file=\"https:\/\/blog.erm.ee\/wp-content\/uploads\/2016\/01\/046348_ERM_Fk_2822_57-800x1024.jpg\" class=\"alignnone size-large wp-image-7614\" src=\"https:\/\/blog.erm.ee\/wp-content\/uploads\/2016\/01\/046348_ERM_Fk_2822_57-800x1024.jpg\" alt=\"046348_ERM_Fk_2822_57\" width=\"700\" height=\"896\" srcset=\"https:\/\/blog.erm.ee\/wp-content\/uploads\/2016\/01\/046348_ERM_Fk_2822_57-800x1024.jpg 800w, https:\/\/blog.erm.ee\/wp-content\/uploads\/2016\/01\/046348_ERM_Fk_2822_57-203x260.jpg 203w, https:\/\/blog.erm.ee\/wp-content\/uploads\/2016\/01\/046348_ERM_Fk_2822_57-234x300.jpg 234w, https:\/\/blog.erm.ee\/wp-content\/uploads\/2016\/01\/046348_ERM_Fk_2822_57-768x984.jpg 768w, https:\/\/blog.erm.ee\/wp-content\/uploads\/2016\/01\/046348_ERM_Fk_2822_57.jpg 937w\" sizes=\"auto, (max-width: 700px) 100vw, 700px\" \/><\/a> <\/em><br \/>\n<em>Laine N\u00f5u s\u00f5idutab kelgul Heino N\u00f5ud oma kodu l\u00e4hedal Gr\u00f6na gatanil Uppsalas Rootsis. Foto: Helga N\u00f5u, m\u00e4rts 1963. ERM Fk 2822:57 <\/em><\/p>\n<p><a href=\"https:\/\/blog.erm.ee\/wp-content\/uploads\/2016\/01\/063095_ERM_Fk_2901_42.jpg\" rel=\"attachment wp-att-7615\"><img loading=\"lazy\" decoding=\"async\" data-attachment-id=\"7615\" data-permalink=\"https:\/\/blog.erm.ee\/?attachment_id=7615#main\" data-orig-file=\"https:\/\/blog.erm.ee\/wp-content\/uploads\/2016\/01\/063095_ERM_Fk_2901_42.jpg\" data-orig-size=\"1200,801\" data-comments-opened=\"1\" data-image-meta=\"{&quot;aperture&quot;:&quot;0&quot;,&quot;credit&quot;:&quot;&quot;,&quot;camera&quot;:&quot;&quot;,&quot;caption&quot;:&quot;&quot;,&quot;created_timestamp&quot;:&quot;0&quot;,&quot;copyright&quot;:&quot;&quot;,&quot;focal_length&quot;:&quot;0&quot;,&quot;iso&quot;:&quot;0&quot;,&quot;shutter_speed&quot;:&quot;0&quot;,&quot;title&quot;:&quot;&quot;,&quot;orientation&quot;:&quot;0&quot;}\" data-image-title=\"063095_ERM_Fk_2901_42\" data-image-description=\"\" data-image-caption=\"\" data-large-file=\"https:\/\/blog.erm.ee\/wp-content\/uploads\/2016\/01\/063095_ERM_Fk_2901_42-1024x684.jpg\" class=\"alignnone size-large wp-image-7615\" src=\"https:\/\/blog.erm.ee\/wp-content\/uploads\/2016\/01\/063095_ERM_Fk_2901_42-1024x684.jpg\" alt=\"063095_ERM_Fk_2901_42\" width=\"700\" height=\"468\" srcset=\"https:\/\/blog.erm.ee\/wp-content\/uploads\/2016\/01\/063095_ERM_Fk_2901_42-1024x684.jpg 1024w, https:\/\/blog.erm.ee\/wp-content\/uploads\/2016\/01\/063095_ERM_Fk_2901_42-390x260.jpg 390w, https:\/\/blog.erm.ee\/wp-content\/uploads\/2016\/01\/063095_ERM_Fk_2901_42-300x200.jpg 300w, https:\/\/blog.erm.ee\/wp-content\/uploads\/2016\/01\/063095_ERM_Fk_2901_42-768x513.jpg 768w, https:\/\/blog.erm.ee\/wp-content\/uploads\/2016\/01\/063095_ERM_Fk_2901_42.jpg 1200w\" sizes=\"auto, (max-width: 700px) 100vw, 700px\" \/><\/a><br \/>\n<em>Poiss ja t\u00fcdruk kelguga \u00c4ksi kihelkonnas. Teadmata fotograaf. ERM Fk 2901:42 <\/em><\/p>\n<p><a href=\"https:\/\/blog.erm.ee\/wp-content\/uploads\/2016\/01\/308846_ERM_Fk_2938_239.jpg\" rel=\"attachment wp-att-7616\"><img loading=\"lazy\" decoding=\"async\" data-attachment-id=\"7616\" data-permalink=\"https:\/\/blog.erm.ee\/?attachment_id=7616#main\" data-orig-file=\"https:\/\/blog.erm.ee\/wp-content\/uploads\/2016\/01\/308846_ERM_Fk_2938_239.jpg\" data-orig-size=\"1200,881\" data-comments-opened=\"1\" data-image-meta=\"{&quot;aperture&quot;:&quot;0&quot;,&quot;credit&quot;:&quot;&quot;,&quot;camera&quot;:&quot;&quot;,&quot;caption&quot;:&quot;[#Beginning of Shooting Data Section]\\rNikon D200\\rFocal Length: 50mm\\rOptimize Image: Custom\\rColor Mode: Mode II (Adobe RGB)\\rLong Exposure NR: Off\\rHigh ISO NR: Off\\r2011\/11\/09 10:43:47\\rExposure Mode: Manual\\rWhite Balance: Preset d-4\\rTone Comp.: User-Defined Custom Curve\\rRAW (12-bit)\\rMetering Mode: Center-Weighted\\rAF Mode: AF-S\\rHue Adjustment: 0\\u00b0\\rImage Size: Large (3872 x 2592)\\r1\/10 sec - F\/6.3\\rFlash Sync Mode: Not Attached\\rSaturation: Normal\\rColor\\rExposure Comp.: 0 EV\\rSharpening: Medium high\\rLens: 50mm F\/2.8 D\\rSensitivity: ISO 100\\rImage Comment:                                     \\r[#End of Shooting Data Section]&quot;,&quot;created_timestamp&quot;:&quot;1320835427&quot;,&quot;copyright&quot;:&quot;&quot;,&quot;focal_length&quot;:&quot;0&quot;,&quot;iso&quot;:&quot;0&quot;,&quot;shutter_speed&quot;:&quot;0&quot;,&quot;title&quot;:&quot;&quot;,&quot;orientation&quot;:&quot;0&quot;}\" data-image-title=\"308846_ERM_Fk_2938_239\" data-image-description=\"\" data-image-caption=\"&lt;p&gt;[#Beginning of Shooting Data Section]&lt;br \/&gt;\nNikon D200&lt;br \/&gt;\nFocal Length: 50mm&lt;br \/&gt;\nOptimize Image: Custom&lt;br \/&gt;\nColor Mode: Mode II (Adobe RGB)&lt;br \/&gt;\nLong Exposure NR: Off&lt;br \/&gt;\nHigh ISO NR: Off&lt;br \/&gt;\n2011\/11\/09 10:43:47&lt;br \/&gt;\nExposure Mode: Manual&lt;br \/&gt;\nWhite Balance: Preset d-4&lt;br \/&gt;\nTone Comp.: User-Defined Custom Curve&lt;br \/&gt;\nRAW (12-bit)&lt;br \/&gt;\nMetering Mode: Center-Weighted&lt;br \/&gt;\nAF Mode: AF-S&lt;br \/&gt;\nHue Adjustment: 0\u00b0&lt;br \/&gt;\nImage Size: Large (3872 x 2592)&lt;br \/&gt;\n1\/10 sec &amp;#8211; F\/6.3&lt;br \/&gt;\nFlash Sync Mode: Not Attached&lt;br \/&gt;\nSaturation: Normal&lt;br \/&gt;\nColor&lt;br \/&gt;\nExposure Comp.: 0 EV&lt;br \/&gt;\nSharpening: Medium high&lt;br \/&gt;\nLens: 50mm F\/2.8 D&lt;br \/&gt;\nSensitivity: ISO 100&lt;br \/&gt;\nImage Comment:&lt;br \/&gt;\n[#End of Shooting Data Section]&lt;\/p&gt;\n\" data-large-file=\"https:\/\/blog.erm.ee\/wp-content\/uploads\/2016\/01\/308846_ERM_Fk_2938_239-1024x752.jpg\" class=\"size-large wp-image-7616\" src=\"https:\/\/blog.erm.ee\/wp-content\/uploads\/2016\/01\/308846_ERM_Fk_2938_239-1024x752.jpg\" alt=\"[#Beginning of Shooting Data Section] Nikon D200 Focal Length: 50mm Optimize Image: Custom Color Mode: Mode II (Adobe RGB) Long Exposure NR: Off High ISO NR: Off 2011\/11\/09 10:43:47 Exposure Mode: Manual White Balance: Preset d-4 Tone Comp.: User-Defined Custom Curve RAW (12-bit) Metering Mode: Center-Weighted AF Mode: AF-S Hue Adjustment: 0\u00b0 Image Size: Large (3872 x 2592) 1\/10 sec - F\/6.3 Flash Sync Mode: Not Attached Saturation: Normal Color Exposure Comp.: 0 EV Sharpening: Medium high Lens: 50mm F\/2.8 D Sensitivity: ISO 100 Image Comment: [#End of Shooting Data Section]\" width=\"700\" height=\"514\" srcset=\"https:\/\/blog.erm.ee\/wp-content\/uploads\/2016\/01\/308846_ERM_Fk_2938_239-1024x752.jpg 1024w, https:\/\/blog.erm.ee\/wp-content\/uploads\/2016\/01\/308846_ERM_Fk_2938_239-354x260.jpg 354w, https:\/\/blog.erm.ee\/wp-content\/uploads\/2016\/01\/308846_ERM_Fk_2938_239-300x220.jpg 300w, https:\/\/blog.erm.ee\/wp-content\/uploads\/2016\/01\/308846_ERM_Fk_2938_239-768x564.jpg 768w, https:\/\/blog.erm.ee\/wp-content\/uploads\/2016\/01\/308846_ERM_Fk_2938_239.jpg 1200w\" sizes=\"auto, (max-width: 700px) 100vw, 700px\" \/><\/a><br \/>\n<em>Kaks last kelguga 1950. aastatel. Teadmata fotograaf. ERM Fk 2938:239 <\/em><\/p>\n<p><a href=\"https:\/\/blog.erm.ee\/wp-content\/uploads\/2016\/01\/063625_ERM_Fk_2901_572.jpg\" rel=\"attachment wp-att-7617\"><img loading=\"lazy\" decoding=\"async\" data-attachment-id=\"7617\" data-permalink=\"https:\/\/blog.erm.ee\/?attachment_id=7617#main\" data-orig-file=\"https:\/\/blog.erm.ee\/wp-content\/uploads\/2016\/01\/063625_ERM_Fk_2901_572.jpg\" data-orig-size=\"1200,797\" data-comments-opened=\"1\" data-image-meta=\"{&quot;aperture&quot;:&quot;0&quot;,&quot;credit&quot;:&quot;&quot;,&quot;camera&quot;:&quot;&quot;,&quot;caption&quot;:&quot;&quot;,&quot;created_timestamp&quot;:&quot;0&quot;,&quot;copyright&quot;:&quot;&quot;,&quot;focal_length&quot;:&quot;0&quot;,&quot;iso&quot;:&quot;0&quot;,&quot;shutter_speed&quot;:&quot;0&quot;,&quot;title&quot;:&quot;&quot;,&quot;orientation&quot;:&quot;0&quot;}\" data-image-title=\"063625_ERM_Fk_2901_572\" data-image-description=\"\" data-image-caption=\"\" data-large-file=\"https:\/\/blog.erm.ee\/wp-content\/uploads\/2016\/01\/063625_ERM_Fk_2901_572-1024x680.jpg\" class=\"alignnone size-large wp-image-7617\" src=\"https:\/\/blog.erm.ee\/wp-content\/uploads\/2016\/01\/063625_ERM_Fk_2901_572-1024x680.jpg\" alt=\"063625_ERM_Fk_2901_572\" width=\"700\" height=\"465\" srcset=\"https:\/\/blog.erm.ee\/wp-content\/uploads\/2016\/01\/063625_ERM_Fk_2901_572-1024x680.jpg 1024w, https:\/\/blog.erm.ee\/wp-content\/uploads\/2016\/01\/063625_ERM_Fk_2901_572-391x260.jpg 391w, https:\/\/blog.erm.ee\/wp-content\/uploads\/2016\/01\/063625_ERM_Fk_2901_572-300x199.jpg 300w, https:\/\/blog.erm.ee\/wp-content\/uploads\/2016\/01\/063625_ERM_Fk_2901_572-768x510.jpg 768w, https:\/\/blog.erm.ee\/wp-content\/uploads\/2016\/01\/063625_ERM_Fk_2901_572.jpg 1200w\" sizes=\"auto, (max-width: 700px) 100vw, 700px\" \/><\/a><br \/>\n<em>Hobusega saanis\u00f5idul \u00c4ksi kihelkonnas. Teadmata fotograaf. ERM Fk 2901:572 <\/em><\/p>\n<p><a href=\"https:\/\/blog.erm.ee\/wp-content\/uploads\/2016\/01\/097647_ERM_Fk_527_9.jpg\" rel=\"attachment wp-att-7618\"><img loading=\"lazy\" decoding=\"async\" data-attachment-id=\"7618\" data-permalink=\"https:\/\/blog.erm.ee\/?attachment_id=7618#main\" data-orig-file=\"https:\/\/blog.erm.ee\/wp-content\/uploads\/2016\/01\/097647_ERM_Fk_527_9.jpg\" data-orig-size=\"1200,765\" data-comments-opened=\"1\" data-image-meta=\"{&quot;aperture&quot;:&quot;0&quot;,&quot;credit&quot;:&quot;&quot;,&quot;camera&quot;:&quot;&quot;,&quot;caption&quot;:&quot;&quot;,&quot;created_timestamp&quot;:&quot;1348579236&quot;,&quot;copyright&quot;:&quot;&quot;,&quot;focal_length&quot;:&quot;0&quot;,&quot;iso&quot;:&quot;0&quot;,&quot;shutter_speed&quot;:&quot;0&quot;,&quot;title&quot;:&quot;&quot;,&quot;orientation&quot;:&quot;0&quot;}\" data-image-title=\"097647_ERM_Fk_527_9\" data-image-description=\"\" data-image-caption=\"\" data-large-file=\"https:\/\/blog.erm.ee\/wp-content\/uploads\/2016\/01\/097647_ERM_Fk_527_9-1024x653.jpg\" class=\"alignnone size-large wp-image-7618\" src=\"https:\/\/blog.erm.ee\/wp-content\/uploads\/2016\/01\/097647_ERM_Fk_527_9-1024x653.jpg\" alt=\"097647_ERM_Fk_527_9\" width=\"700\" height=\"446\" srcset=\"https:\/\/blog.erm.ee\/wp-content\/uploads\/2016\/01\/097647_ERM_Fk_527_9-1024x653.jpg 1024w, https:\/\/blog.erm.ee\/wp-content\/uploads\/2016\/01\/097647_ERM_Fk_527_9-408x260.jpg 408w, https:\/\/blog.erm.ee\/wp-content\/uploads\/2016\/01\/097647_ERM_Fk_527_9-300x191.jpg 300w, https:\/\/blog.erm.ee\/wp-content\/uploads\/2016\/01\/097647_ERM_Fk_527_9-768x490.jpg 768w, https:\/\/blog.erm.ee\/wp-content\/uploads\/2016\/01\/097647_ERM_Fk_527_9.jpg 1200w\" sizes=\"auto, (max-width: 700px) 100vw, 700px\" \/><\/a><br \/>\n<em>Narva noorte \u00fching \u201eAstra\u201c suusatajad 1927. a. Teadmata fotograaf. ERM Fk 527:9 <\/em><\/p>\n<p><a href=\"https:\/\/blog.erm.ee\/wp-content\/uploads\/2016\/01\/075930_ERM_Fk_2644_5076.jpg\" rel=\"attachment wp-att-7619\"><img loading=\"lazy\" decoding=\"async\" data-attachment-id=\"7619\" data-permalink=\"https:\/\/blog.erm.ee\/?attachment_id=7619#main\" data-orig-file=\"https:\/\/blog.erm.ee\/wp-content\/uploads\/2016\/01\/075930_ERM_Fk_2644_5076.jpg\" data-orig-size=\"1200,771\" data-comments-opened=\"1\" data-image-meta=\"{&quot;aperture&quot;:&quot;0&quot;,&quot;credit&quot;:&quot;&quot;,&quot;camera&quot;:&quot;&quot;,&quot;caption&quot;:&quot;&quot;,&quot;created_timestamp&quot;:&quot;0&quot;,&quot;copyright&quot;:&quot;&quot;,&quot;focal_length&quot;:&quot;0&quot;,&quot;iso&quot;:&quot;0&quot;,&quot;shutter_speed&quot;:&quot;0&quot;,&quot;title&quot;:&quot;&quot;,&quot;orientation&quot;:&quot;0&quot;}\" data-image-title=\"075930_ERM_Fk_2644_5076\" data-image-description=\"\" data-image-caption=\"\" data-large-file=\"https:\/\/blog.erm.ee\/wp-content\/uploads\/2016\/01\/075930_ERM_Fk_2644_5076-1024x658.jpg\" class=\"alignnone size-large wp-image-7619\" src=\"https:\/\/blog.erm.ee\/wp-content\/uploads\/2016\/01\/075930_ERM_Fk_2644_5076-1024x658.jpg\" alt=\"075930_ERM_Fk_2644_5076\" width=\"700\" height=\"450\" srcset=\"https:\/\/blog.erm.ee\/wp-content\/uploads\/2016\/01\/075930_ERM_Fk_2644_5076-1024x658.jpg 1024w, https:\/\/blog.erm.ee\/wp-content\/uploads\/2016\/01\/075930_ERM_Fk_2644_5076-405x260.jpg 405w, https:\/\/blog.erm.ee\/wp-content\/uploads\/2016\/01\/075930_ERM_Fk_2644_5076-300x193.jpg 300w, https:\/\/blog.erm.ee\/wp-content\/uploads\/2016\/01\/075930_ERM_Fk_2644_5076-768x493.jpg 768w, https:\/\/blog.erm.ee\/wp-content\/uploads\/2016\/01\/075930_ERM_Fk_2644_5076.jpg 1200w\" sizes=\"auto, (max-width: 700px) 100vw, 700px\" \/><\/a><br \/>\n<em>Maalikunstnik Valli Lember-Bogatkina perega suusatamas. Foto: Viktor Salmre, 1967. ERM Fk 2644:5076 <\/em><\/p>\n<p><a href=\"https:\/\/blog.erm.ee\/wp-content\/uploads\/2016\/01\/058447_ERM_Fk_2884_21.jpg\" rel=\"attachment wp-att-7620\"><img loading=\"lazy\" decoding=\"async\" data-attachment-id=\"7620\" data-permalink=\"https:\/\/blog.erm.ee\/?attachment_id=7620#main\" data-orig-file=\"https:\/\/blog.erm.ee\/wp-content\/uploads\/2016\/01\/058447_ERM_Fk_2884_21.jpg\" data-orig-size=\"1200,928\" data-comments-opened=\"1\" data-image-meta=\"{&quot;aperture&quot;:&quot;0&quot;,&quot;credit&quot;:&quot;&quot;,&quot;camera&quot;:&quot;&quot;,&quot;caption&quot;:&quot;&quot;,&quot;created_timestamp&quot;:&quot;1141390349&quot;,&quot;copyright&quot;:&quot;&quot;,&quot;focal_length&quot;:&quot;0&quot;,&quot;iso&quot;:&quot;0&quot;,&quot;shutter_speed&quot;:&quot;0&quot;,&quot;title&quot;:&quot;&quot;,&quot;orientation&quot;:&quot;0&quot;}\" data-image-title=\"058447_ERM_Fk_2884_21\" data-image-description=\"\" data-image-caption=\"\" data-large-file=\"https:\/\/blog.erm.ee\/wp-content\/uploads\/2016\/01\/058447_ERM_Fk_2884_21-1024x792.jpg\" class=\"alignnone size-large wp-image-7620\" src=\"https:\/\/blog.erm.ee\/wp-content\/uploads\/2016\/01\/058447_ERM_Fk_2884_21-1024x792.jpg\" alt=\"058447_ERM_Fk_2884_21\" width=\"700\" height=\"541\" srcset=\"https:\/\/blog.erm.ee\/wp-content\/uploads\/2016\/01\/058447_ERM_Fk_2884_21-1024x792.jpg 1024w, https:\/\/blog.erm.ee\/wp-content\/uploads\/2016\/01\/058447_ERM_Fk_2884_21-336x260.jpg 336w, https:\/\/blog.erm.ee\/wp-content\/uploads\/2016\/01\/058447_ERM_Fk_2884_21-300x232.jpg 300w, https:\/\/blog.erm.ee\/wp-content\/uploads\/2016\/01\/058447_ERM_Fk_2884_21-768x594.jpg 768w, https:\/\/blog.erm.ee\/wp-content\/uploads\/2016\/01\/058447_ERM_Fk_2884_21.jpg 1200w\" sizes=\"auto, (max-width: 700px) 100vw, 700px\" \/><\/a><br \/>\n<em>TR\u00dc kehakultuuriteaduskonna III kursuse noormehed suusalaagris K\u00e4\u00e4rikul 1957. a m\u00e4rtsis. Teadmata fotograaf. ERM Fk 2884:21 <\/em><\/p>\n<p><a href=\"https:\/\/blog.erm.ee\/wp-content\/uploads\/2016\/01\/054923_ERM_Fk_2861_683.jpg\" rel=\"attachment wp-att-7622\"><img loading=\"lazy\" decoding=\"async\" data-attachment-id=\"7622\" data-permalink=\"https:\/\/blog.erm.ee\/?attachment_id=7622#main\" data-orig-file=\"https:\/\/blog.erm.ee\/wp-content\/uploads\/2016\/01\/054923_ERM_Fk_2861_683.jpg\" data-orig-size=\"1200,918\" data-comments-opened=\"1\" data-image-meta=\"{&quot;aperture&quot;:&quot;0&quot;,&quot;credit&quot;:&quot;&quot;,&quot;camera&quot;:&quot;&quot;,&quot;caption&quot;:&quot;[#Beginning of Shooting Data Section]\\rNikon D70\\r\\rFocal Length: 50mm\\r\\rOptimize Image: Custom\\r\\rColor Mode: Mode II (Adobe RGB)\\r\\rNoise Reduction: OFF\\r\\r2005\/07\/15 12:56:35.8\\r\\rExposure Mode: Manual\\r\\rWhite Balance: Preset\\r\\rTone Comp: Normal\\r\\rJPEG (8-bit) Fine\\r\\rMetering Mode: Multi-Pattern\\r\\rAF Mode: AF-S\\r\\rHue Adjustment: 0\\u00b0\\r\\rImage Size:  Large (3008 x 2000)\\r\\r1\/30 sec - F\/11\\r\\rFlash Sync Mode: Not Attached\\r\\rSaturation:  Normal\\r\\rExposure Comp.: 0 EV\\r\\rSharpening: Auto\\r\\rLens: 50mm F\/2.8 D\\r\\rSensitivity: ISO 200\\r\\rImage Comment:                                     \\r\\r[#End of Shooting Data Section]&quot;,&quot;created_timestamp&quot;:&quot;1121432195&quot;,&quot;copyright&quot;:&quot;&quot;,&quot;focal_length&quot;:&quot;0&quot;,&quot;iso&quot;:&quot;0&quot;,&quot;shutter_speed&quot;:&quot;0&quot;,&quot;title&quot;:&quot;&quot;,&quot;orientation&quot;:&quot;0&quot;}\" data-image-title=\"054923_ERM_Fk_2861_683\" data-image-description=\"\" data-image-caption=\"&lt;p&gt;[#Beginning of Shooting Data Section]&lt;br \/&gt;\nNikon D70&lt;\/p&gt;\n&lt;p&gt;Focal Length: 50mm&lt;\/p&gt;\n&lt;p&gt;Optimize Image: Custom&lt;\/p&gt;\n&lt;p&gt;Color Mode: Mode II (Adobe RGB)&lt;\/p&gt;\n&lt;p&gt;Noise Reduction: OFF&lt;\/p&gt;\n&lt;p&gt;2005\/07\/15 12:56:35.8&lt;\/p&gt;\n&lt;p&gt;Exposure Mode: Manual&lt;\/p&gt;\n&lt;p&gt;White Balance: Preset&lt;\/p&gt;\n&lt;p&gt;Tone Comp: Normal&lt;\/p&gt;\n&lt;p&gt;JPEG (8-bit) Fine&lt;\/p&gt;\n&lt;p&gt;Metering Mode: Multi-Pattern&lt;\/p&gt;\n&lt;p&gt;AF Mode: AF-S&lt;\/p&gt;\n&lt;p&gt;Hue Adjustment: 0\u00b0&lt;\/p&gt;\n&lt;p&gt;Image Size:  Large (3008 x 2000)&lt;\/p&gt;\n&lt;p&gt;1\/30 sec &amp;#8211; F\/11&lt;\/p&gt;\n&lt;p&gt;Flash Sync Mode: Not Attached&lt;\/p&gt;\n&lt;p&gt;Saturation:  Normal&lt;\/p&gt;\n&lt;p&gt;Exposure Comp.: 0 EV&lt;\/p&gt;\n&lt;p&gt;Sharpening: Auto&lt;\/p&gt;\n&lt;p&gt;Lens: 50mm F\/2.8 D&lt;\/p&gt;\n&lt;p&gt;Sensitivity: ISO 200&lt;\/p&gt;\n&lt;p&gt;Image Comment:                                     &lt;\/p&gt;\n&lt;p&gt;[#End of Shooting Data Section]&lt;\/p&gt;\n\" data-large-file=\"https:\/\/blog.erm.ee\/wp-content\/uploads\/2016\/01\/054923_ERM_Fk_2861_683-1024x783.jpg\" class=\"size-large wp-image-7622\" src=\"https:\/\/blog.erm.ee\/wp-content\/uploads\/2016\/01\/054923_ERM_Fk_2861_683-1024x783.jpg\" alt=\"[#Beginning of Shooting Data Section] Nikon D70 Focal Length: 50mm Optimize Image: Custom Color Mode: Mode II (Adobe RGB) Noise Reduction: OFF 2005\/07\/15 12:56:35.8 Exposure Mode: Manual White Balance: Preset Tone Comp: Normal JPEG (8-bit) Fine Metering Mode: Multi-Pattern AF Mode: AF-S Hue Adjustment: 0\u00b0 Image Size: Large (3008 x 2000) 1\/30 sec - F\/11 Flash Sync Mode: Not Attached Saturation: Normal Exposure Comp.: 0 EV Sharpening: Auto Lens: 50mm F\/2.8 D Sensitivity: ISO 200 Image Comment: [#End of Shooting Data Section]\" width=\"700\" height=\"535\" srcset=\"https:\/\/blog.erm.ee\/wp-content\/uploads\/2016\/01\/054923_ERM_Fk_2861_683-1024x783.jpg 1024w, https:\/\/blog.erm.ee\/wp-content\/uploads\/2016\/01\/054923_ERM_Fk_2861_683-340x260.jpg 340w, https:\/\/blog.erm.ee\/wp-content\/uploads\/2016\/01\/054923_ERM_Fk_2861_683-300x230.jpg 300w, https:\/\/blog.erm.ee\/wp-content\/uploads\/2016\/01\/054923_ERM_Fk_2861_683-768x588.jpg 768w, https:\/\/blog.erm.ee\/wp-content\/uploads\/2016\/01\/054923_ERM_Fk_2861_683.jpg 1200w\" sizes=\"auto, (max-width: 700px) 100vw, 700px\" \/><\/a><br \/>\n<em>Uisutajad Tartu \u00d5petajate Instituudi uisuv\u00e4ljakul 1950. aastate alguses. Teadmata fotograaf. ERM Fk 2861:683 <\/em><\/p>\n<p><a href=\"https:\/\/blog.erm.ee\/wp-content\/uploads\/2016\/01\/071015_ERM_Fk_2644_161.jpg\" rel=\"attachment wp-att-7623\"><img loading=\"lazy\" decoding=\"async\" data-attachment-id=\"7623\" data-permalink=\"https:\/\/blog.erm.ee\/?attachment_id=7623#main\" data-orig-file=\"https:\/\/blog.erm.ee\/wp-content\/uploads\/2016\/01\/071015_ERM_Fk_2644_161.jpg\" data-orig-size=\"1200,779\" data-comments-opened=\"1\" data-image-meta=\"{&quot;aperture&quot;:&quot;0&quot;,&quot;credit&quot;:&quot;&quot;,&quot;camera&quot;:&quot;&quot;,&quot;caption&quot;:&quot;&quot;,&quot;created_timestamp&quot;:&quot;0&quot;,&quot;copyright&quot;:&quot;&quot;,&quot;focal_length&quot;:&quot;0&quot;,&quot;iso&quot;:&quot;0&quot;,&quot;shutter_speed&quot;:&quot;0&quot;,&quot;title&quot;:&quot;&quot;,&quot;orientation&quot;:&quot;0&quot;}\" data-image-title=\"071015_ERM_Fk_2644_161\" data-image-description=\"\" data-image-caption=\"\" data-large-file=\"https:\/\/blog.erm.ee\/wp-content\/uploads\/2016\/01\/071015_ERM_Fk_2644_161-1024x665.jpg\" class=\"alignnone size-large wp-image-7623\" src=\"https:\/\/blog.erm.ee\/wp-content\/uploads\/2016\/01\/071015_ERM_Fk_2644_161-1024x665.jpg\" alt=\"071015_ERM_Fk_2644_161\" width=\"700\" height=\"455\" srcset=\"https:\/\/blog.erm.ee\/wp-content\/uploads\/2016\/01\/071015_ERM_Fk_2644_161-1024x665.jpg 1024w, https:\/\/blog.erm.ee\/wp-content\/uploads\/2016\/01\/071015_ERM_Fk_2644_161-401x260.jpg 401w, https:\/\/blog.erm.ee\/wp-content\/uploads\/2016\/01\/071015_ERM_Fk_2644_161-300x195.jpg 300w, https:\/\/blog.erm.ee\/wp-content\/uploads\/2016\/01\/071015_ERM_Fk_2644_161-768x499.jpg 768w, https:\/\/blog.erm.ee\/wp-content\/uploads\/2016\/01\/071015_ERM_Fk_2644_161.jpg 1200w\" sizes=\"auto, (max-width: 700px) 100vw, 700px\" \/><\/a><br \/>\n<em>Laste uisutamisv\u00f5istlused. Foto: Viktor Salmre, u 1958\u20131962. ERM Fk 2644:161 <\/em><\/p>\n<p><a href=\"https:\/\/blog.erm.ee\/wp-content\/uploads\/2016\/01\/343856_ERM_Fk_2971_3584.jpg\" rel=\"attachment wp-att-7624\"><img loading=\"lazy\" decoding=\"async\" data-attachment-id=\"7624\" data-permalink=\"https:\/\/blog.erm.ee\/?attachment_id=7624#main\" data-orig-file=\"https:\/\/blog.erm.ee\/wp-content\/uploads\/2016\/01\/343856_ERM_Fk_2971_3584.jpg\" data-orig-size=\"1200,777\" data-comments-opened=\"1\" data-image-meta=\"{&quot;aperture&quot;:&quot;0&quot;,&quot;credit&quot;:&quot;&quot;,&quot;camera&quot;:&quot;&quot;,&quot;caption&quot;:&quot;&quot;,&quot;created_timestamp&quot;:&quot;0&quot;,&quot;copyright&quot;:&quot;&quot;,&quot;focal_length&quot;:&quot;0&quot;,&quot;iso&quot;:&quot;0&quot;,&quot;shutter_speed&quot;:&quot;0&quot;,&quot;title&quot;:&quot;&quot;,&quot;orientation&quot;:&quot;0&quot;}\" data-image-title=\"343856_ERM_Fk_2971_3584\" data-image-description=\"\" data-image-caption=\"\" data-large-file=\"https:\/\/blog.erm.ee\/wp-content\/uploads\/2016\/01\/343856_ERM_Fk_2971_3584-1024x663.jpg\" class=\"alignnone size-large wp-image-7624\" src=\"https:\/\/blog.erm.ee\/wp-content\/uploads\/2016\/01\/343856_ERM_Fk_2971_3584-1024x663.jpg\" alt=\"343856_ERM_Fk_2971_3584\" width=\"700\" height=\"453\" srcset=\"https:\/\/blog.erm.ee\/wp-content\/uploads\/2016\/01\/343856_ERM_Fk_2971_3584-1024x663.jpg 1024w, https:\/\/blog.erm.ee\/wp-content\/uploads\/2016\/01\/343856_ERM_Fk_2971_3584-402x260.jpg 402w, https:\/\/blog.erm.ee\/wp-content\/uploads\/2016\/01\/343856_ERM_Fk_2971_3584-300x194.jpg 300w, https:\/\/blog.erm.ee\/wp-content\/uploads\/2016\/01\/343856_ERM_Fk_2971_3584-768x497.jpg 768w, https:\/\/blog.erm.ee\/wp-content\/uploads\/2016\/01\/343856_ERM_Fk_2971_3584.jpg 1200w\" sizes=\"auto, (max-width: 700px) 100vw, 700px\" \/><\/a><br \/>\n<em>T\u00fcdruk lumelabidaga Kukrusel. Foto: Jaak Eelmets, u 1983. ERM Fk 2971:3584 <\/em><\/p>\n<p><a href=\"https:\/\/blog.erm.ee\/wp-content\/uploads\/2016\/01\/032186_ERM_Fk_2613_96.jpg\" rel=\"attachment wp-att-7625\"><img loading=\"lazy\" decoding=\"async\" data-attachment-id=\"7625\" data-permalink=\"https:\/\/blog.erm.ee\/?attachment_id=7625#main\" data-orig-file=\"https:\/\/blog.erm.ee\/wp-content\/uploads\/2016\/01\/032186_ERM_Fk_2613_96.jpg\" data-orig-size=\"1152,1200\" data-comments-opened=\"1\" data-image-meta=\"{&quot;aperture&quot;:&quot;0&quot;,&quot;credit&quot;:&quot;&quot;,&quot;camera&quot;:&quot;&quot;,&quot;caption&quot;:&quot;&quot;,&quot;created_timestamp&quot;:&quot;0&quot;,&quot;copyright&quot;:&quot;&quot;,&quot;focal_length&quot;:&quot;0&quot;,&quot;iso&quot;:&quot;0&quot;,&quot;shutter_speed&quot;:&quot;0&quot;,&quot;title&quot;:&quot;&quot;,&quot;orientation&quot;:&quot;0&quot;}\" data-image-title=\"032186_ERM_Fk_2613_96\" data-image-description=\"\" data-image-caption=\"\" data-large-file=\"https:\/\/blog.erm.ee\/wp-content\/uploads\/2016\/01\/032186_ERM_Fk_2613_96-983x1024.jpg\" class=\"alignnone size-large wp-image-7625\" src=\"https:\/\/blog.erm.ee\/wp-content\/uploads\/2016\/01\/032186_ERM_Fk_2613_96-983x1024.jpg\" alt=\"032186_ERM_Fk_2613_96\" width=\"700\" height=\"729\" srcset=\"https:\/\/blog.erm.ee\/wp-content\/uploads\/2016\/01\/032186_ERM_Fk_2613_96-983x1024.jpg 983w, https:\/\/blog.erm.ee\/wp-content\/uploads\/2016\/01\/032186_ERM_Fk_2613_96-250x260.jpg 250w, https:\/\/blog.erm.ee\/wp-content\/uploads\/2016\/01\/032186_ERM_Fk_2613_96-288x300.jpg 288w, https:\/\/blog.erm.ee\/wp-content\/uploads\/2016\/01\/032186_ERM_Fk_2613_96-768x800.jpg 768w, https:\/\/blog.erm.ee\/wp-content\/uploads\/2016\/01\/032186_ERM_Fk_2613_96.jpg 1152w\" sizes=\"auto, (max-width: 700px) 100vw, 700px\" \/><\/a><br \/>\n<em>ERM-i t\u00f6\u00f6tajad Tartus oma maja ees lumekoristusel. Foto: Udo Rips, 1952. ERM Fk 2613: 96 <\/em><\/p>\n<p><a href=\"https:\/\/blog.erm.ee\/wp-content\/uploads\/2016\/01\/085888_ERM_Fk_2644_15034.jpg\" rel=\"attachment wp-att-7626\"><img loading=\"lazy\" decoding=\"async\" data-attachment-id=\"7626\" data-permalink=\"https:\/\/blog.erm.ee\/?attachment_id=7626#main\" data-orig-file=\"https:\/\/blog.erm.ee\/wp-content\/uploads\/2016\/01\/085888_ERM_Fk_2644_15034.jpg\" data-orig-size=\"1200,1199\" data-comments-opened=\"1\" data-image-meta=\"{&quot;aperture&quot;:&quot;0&quot;,&quot;credit&quot;:&quot;&quot;,&quot;camera&quot;:&quot;&quot;,&quot;caption&quot;:&quot;&quot;,&quot;created_timestamp&quot;:&quot;0&quot;,&quot;copyright&quot;:&quot;\\u00a9 Eesti Rahva Muuseum&quot;,&quot;focal_length&quot;:&quot;0&quot;,&quot;iso&quot;:&quot;0&quot;,&quot;shutter_speed&quot;:&quot;0&quot;,&quot;title&quot;:&quot;&quot;,&quot;orientation&quot;:&quot;0&quot;}\" data-image-title=\"085888_ERM_Fk_2644_15034\" data-image-description=\"\" data-image-caption=\"\" data-large-file=\"https:\/\/blog.erm.ee\/wp-content\/uploads\/2016\/01\/085888_ERM_Fk_2644_15034-1024x1024.jpg\" class=\"alignnone size-large wp-image-7626\" src=\"https:\/\/blog.erm.ee\/wp-content\/uploads\/2016\/01\/085888_ERM_Fk_2644_15034-1024x1024.jpg\" alt=\"085888_ERM_Fk_2644_15034\" width=\"700\" height=\"700\" srcset=\"https:\/\/blog.erm.ee\/wp-content\/uploads\/2016\/01\/085888_ERM_Fk_2644_15034-1024x1024.jpg 1024w, https:\/\/blog.erm.ee\/wp-content\/uploads\/2016\/01\/085888_ERM_Fk_2644_15034-260x260.jpg 260w, https:\/\/blog.erm.ee\/wp-content\/uploads\/2016\/01\/085888_ERM_Fk_2644_15034-300x300.jpg 300w, https:\/\/blog.erm.ee\/wp-content\/uploads\/2016\/01\/085888_ERM_Fk_2644_15034-768x767.jpg 768w, https:\/\/blog.erm.ee\/wp-content\/uploads\/2016\/01\/085888_ERM_Fk_2644_15034-50x50.jpg 50w, https:\/\/blog.erm.ee\/wp-content\/uploads\/2016\/01\/085888_ERM_Fk_2644_15034.jpg 1200w\" sizes=\"auto, (max-width: 700px) 100vw, 700px\" \/><\/a><br \/>\n<em>Lumelinn Tallinnas Hirvepargis, t\u00fcdruk kelguga. Foto: Viktor Salmre, u 1975\u20131985. ERM Fk 2644:15034 <\/em><\/p>\n<p><a href=\"https:\/\/blog.erm.ee\/wp-content\/uploads\/2016\/01\/083799_ERM_Fk_2644_12945.jpg\" rel=\"attachment wp-att-7627\"><img loading=\"lazy\" decoding=\"async\" data-attachment-id=\"7627\" data-permalink=\"https:\/\/blog.erm.ee\/?attachment_id=7627#main\" data-orig-file=\"https:\/\/blog.erm.ee\/wp-content\/uploads\/2016\/01\/083799_ERM_Fk_2644_12945.jpg\" data-orig-size=\"1200,791\" data-comments-opened=\"1\" data-image-meta=\"{&quot;aperture&quot;:&quot;0&quot;,&quot;credit&quot;:&quot;&quot;,&quot;camera&quot;:&quot;&quot;,&quot;caption&quot;:&quot;&quot;,&quot;created_timestamp&quot;:&quot;0&quot;,&quot;copyright&quot;:&quot;\\u00a9 Eesti Rahva Muuseum&quot;,&quot;focal_length&quot;:&quot;0&quot;,&quot;iso&quot;:&quot;0&quot;,&quot;shutter_speed&quot;:&quot;0&quot;,&quot;title&quot;:&quot;&quot;,&quot;orientation&quot;:&quot;0&quot;}\" data-image-title=\"083799_ERM_Fk_2644_12945\" data-image-description=\"\" data-image-caption=\"\" data-large-file=\"https:\/\/blog.erm.ee\/wp-content\/uploads\/2016\/01\/083799_ERM_Fk_2644_12945-1024x675.jpg\" class=\"alignnone size-large wp-image-7627\" src=\"https:\/\/blog.erm.ee\/wp-content\/uploads\/2016\/01\/083799_ERM_Fk_2644_12945-1024x675.jpg\" alt=\"083799_ERM_Fk_2644_12945\" width=\"700\" height=\"461\" srcset=\"https:\/\/blog.erm.ee\/wp-content\/uploads\/2016\/01\/083799_ERM_Fk_2644_12945-1024x675.jpg 1024w, https:\/\/blog.erm.ee\/wp-content\/uploads\/2016\/01\/083799_ERM_Fk_2644_12945-394x260.jpg 394w, https:\/\/blog.erm.ee\/wp-content\/uploads\/2016\/01\/083799_ERM_Fk_2644_12945-300x198.jpg 300w, https:\/\/blog.erm.ee\/wp-content\/uploads\/2016\/01\/083799_ERM_Fk_2644_12945-768x506.jpg 768w, https:\/\/blog.erm.ee\/wp-content\/uploads\/2016\/01\/083799_ERM_Fk_2644_12945.jpg 1200w\" sizes=\"auto, (max-width: 700px) 100vw, 700px\" \/><\/a><br \/>\n<em>Laste lumelinn Tallinnas Hirvepargis. Foto: Viktor Salmre, u 1975\u20131985. ERM Fk 2644:12945 <\/em><\/p>\n<p><a href=\"https:\/\/blog.erm.ee\/wp-content\/uploads\/2016\/01\/058487_ERM_Fk_2884_61.jpg\" rel=\"attachment wp-att-7628\"><img loading=\"lazy\" decoding=\"async\" data-attachment-id=\"7628\" data-permalink=\"https:\/\/blog.erm.ee\/?attachment_id=7628#main\" data-orig-file=\"https:\/\/blog.erm.ee\/wp-content\/uploads\/2016\/01\/058487_ERM_Fk_2884_61.jpg\" data-orig-size=\"1200,889\" data-comments-opened=\"1\" data-image-meta=\"{&quot;aperture&quot;:&quot;0&quot;,&quot;credit&quot;:&quot;&quot;,&quot;camera&quot;:&quot;&quot;,&quot;caption&quot;:&quot;&quot;,&quot;created_timestamp&quot;:&quot;1141396050&quot;,&quot;copyright&quot;:&quot;&quot;,&quot;focal_length&quot;:&quot;0&quot;,&quot;iso&quot;:&quot;0&quot;,&quot;shutter_speed&quot;:&quot;0&quot;,&quot;title&quot;:&quot;&quot;,&quot;orientation&quot;:&quot;0&quot;}\" data-image-title=\"058487_ERM_Fk_2884_61\" data-image-description=\"\" data-image-caption=\"\" data-large-file=\"https:\/\/blog.erm.ee\/wp-content\/uploads\/2016\/01\/058487_ERM_Fk_2884_61-1024x759.jpg\" class=\"alignnone size-large wp-image-7628\" src=\"https:\/\/blog.erm.ee\/wp-content\/uploads\/2016\/01\/058487_ERM_Fk_2884_61-1024x759.jpg\" alt=\"058487_ERM_Fk_2884_61\" width=\"700\" height=\"519\" srcset=\"https:\/\/blog.erm.ee\/wp-content\/uploads\/2016\/01\/058487_ERM_Fk_2884_61-1024x759.jpg 1024w, https:\/\/blog.erm.ee\/wp-content\/uploads\/2016\/01\/058487_ERM_Fk_2884_61-351x260.jpg 351w, https:\/\/blog.erm.ee\/wp-content\/uploads\/2016\/01\/058487_ERM_Fk_2884_61-300x222.jpg 300w, https:\/\/blog.erm.ee\/wp-content\/uploads\/2016\/01\/058487_ERM_Fk_2884_61-768x569.jpg 768w, https:\/\/blog.erm.ee\/wp-content\/uploads\/2016\/01\/058487_ERM_Fk_2884_61.jpg 1200w\" sizes=\"auto, (max-width: 700px) 100vw, 700px\" \/><\/a><br \/>\n<em>Haapsalu ja Tallinna &#8220;Kalevi&#8221; hokiv\u00f5istlus 1949\u20131950. Teadmata fotograaf. ERM Fk 2884:61 <\/em><\/p>\n<p><a href=\"https:\/\/blog.erm.ee\/wp-content\/uploads\/2016\/01\/326026_ERM_Fk_2957_549.jpg\" rel=\"attachment wp-att-7629\"><img loading=\"lazy\" decoding=\"async\" data-attachment-id=\"7629\" data-permalink=\"https:\/\/blog.erm.ee\/?attachment_id=7629#main\" data-orig-file=\"https:\/\/blog.erm.ee\/wp-content\/uploads\/2016\/01\/326026_ERM_Fk_2957_549.jpg\" data-orig-size=\"871,1200\" data-comments-opened=\"1\" data-image-meta=\"{&quot;aperture&quot;:&quot;0&quot;,&quot;credit&quot;:&quot;&quot;,&quot;camera&quot;:&quot;&quot;,&quot;caption&quot;:&quot;&quot;,&quot;created_timestamp&quot;:&quot;0&quot;,&quot;copyright&quot;:&quot;&quot;,&quot;focal_length&quot;:&quot;0&quot;,&quot;iso&quot;:&quot;0&quot;,&quot;shutter_speed&quot;:&quot;0&quot;,&quot;title&quot;:&quot;&quot;,&quot;orientation&quot;:&quot;0&quot;}\" data-image-title=\"326026_ERM_Fk_2957_549\" data-image-description=\"\" data-image-caption=\"\" data-large-file=\"https:\/\/blog.erm.ee\/wp-content\/uploads\/2016\/01\/326026_ERM_Fk_2957_549-743x1024.jpg\" class=\"alignnone size-large wp-image-7629\" src=\"https:\/\/blog.erm.ee\/wp-content\/uploads\/2016\/01\/326026_ERM_Fk_2957_549-743x1024.jpg\" alt=\"326026_ERM_Fk_2957_549\" width=\"700\" height=\"965\" srcset=\"https:\/\/blog.erm.ee\/wp-content\/uploads\/2016\/01\/326026_ERM_Fk_2957_549-743x1024.jpg 743w, https:\/\/blog.erm.ee\/wp-content\/uploads\/2016\/01\/326026_ERM_Fk_2957_549-189x260.jpg 189w, https:\/\/blog.erm.ee\/wp-content\/uploads\/2016\/01\/326026_ERM_Fk_2957_549-218x300.jpg 218w, https:\/\/blog.erm.ee\/wp-content\/uploads\/2016\/01\/326026_ERM_Fk_2957_549-768x1058.jpg 768w, https:\/\/blog.erm.ee\/wp-content\/uploads\/2016\/01\/326026_ERM_Fk_2957_549.jpg 871w\" sizes=\"auto, (max-width: 700px) 100vw, 700px\" \/><\/a><br \/>\n<em>Fotograaf Hans Voolmanni t\u00fctar Vaida s\u00f5brannaga N\u00f5mmel lumisel teel. Foto: Hans Voolmann, u 1930\u20131931. ERM Fk 2957:549 <\/em><\/p>\n<div class=\"fcbkbttn_buttons_block\" id=\"fcbkbttn_left\"><div class=\"fcbkbttn_like \"><fb:like href=\"https:\/\/blog.erm.ee\/?p=7609\" action=\"like\" colorscheme=\"light\" layout=\"standard\"  width=\"225px\" size=\"small\"><\/fb:like><\/div><div class=\"fb-share-button  \" data-href=\"https:\/\/blog.erm.ee\/?p=7609\" data-type=\"button\" data-size=\"small\"><\/div><\/div>","protected":false},"excerpt":{"rendered":"<p>Kristi \u00dctt, digitaal- ja eriarhiivi hoiuhaldur Ehkki ilm on vahepeal sulale p\u00f6\u00f6ranud, ei ole talv kaugeltki l\u00e4bi ja loodetavasti tuleb veel v\u00f5imalusi talver\u00f5\u00f5me nautida. Kellel sobivatest ideedest vajaka, leiab meie fotogaleriist mitmesuguseid soovitusi, mida lume ja j\u00e4\u00e4ga peale hakata. Kui talvest r\u00f5\u00f5mu leida, k\u00fcllap tuleb siis vahva suvi ka. Poisid talvel. Foto: Viktor Salmre, 1965.&hellip;<\/p>\n","protected":false},"author":1,"featured_media":7624,"comment_status":"open","ping_status":"open","sticky":false,"template":"","format":"standard","meta":{"_monsterinsights_skip_tracking":false,"_monsterinsights_sitenote_active":false,"_monsterinsights_sitenote_note":"","_monsterinsights_sitenote_category":0,"jetpack_post_was_ever_published":false,"_jetpack_newsletter_access":"","_jetpack_dont_email_post_to_subs":false,"_jetpack_newsletter_tier_id":0,"_jetpack_memberships_contains_paywalled_content":false,"_jetpack_memberships_contains_paid_content":false,"footnotes":""},"categories":[6],"tags":[],"class_list":["post-7609","post","type-post","status-publish","format-standard","has-post-thumbnail","hentry","category-foto"],"yoast_head":"<!-- This site is optimized with the Yoast SEO plugin v27.5 - https:\/\/yoast.com\/product\/yoast-seo-wordpress\/ -->\n<title>Ku h\u00e4\u00e4 tali, sis h\u00e4\u00e4 sui kah (H\u00e4\u00e4demeeste) - Eesti Rahva Muuseumi ajaveeb<\/title>\n<meta name=\"robots\" content=\"index, follow, max-snippet:-1, max-image-preview:large, max-video-preview:-1\" \/>\n<link rel=\"canonical\" href=\"https:\/\/blog.erm.ee\/?p=7609\" \/>\n<meta property=\"og:locale\" content=\"et_EE\" \/>\n<meta property=\"og:type\" content=\"article\" \/>\n<meta property=\"og:title\" content=\"Ku h\u00e4\u00e4 tali, sis h\u00e4\u00e4 sui kah (H\u00e4\u00e4demeeste) - Eesti Rahva Muuseumi ajaveeb\" \/>\n<meta property=\"og:description\" content=\"Kristi \u00dctt, digitaal- ja eriarhiivi hoiuhaldur Ehkki ilm on vahepeal sulale p\u00f6\u00f6ranud, ei ole talv kaugeltki l\u00e4bi ja loodetavasti tuleb veel v\u00f5imalusi talver\u00f5\u00f5me nautida. Kellel sobivatest ideedest vajaka, leiab meie fotogaleriist mitmesuguseid soovitusi, mida lume ja j\u00e4\u00e4ga peale hakata. Kui talvest r\u00f5\u00f5mu leida, k\u00fcllap tuleb siis vahva suvi ka. Poisid talvel. Foto: Viktor Salmre, 1965.&hellip;\" \/>\n<meta property=\"og:url\" content=\"https:\/\/blog.erm.ee\/?p=7609\" \/>\n<meta property=\"og:site_name\" content=\"Eesti Rahva Muuseumi ajaveeb\" \/>\n<meta property=\"article:published_time\" content=\"2016-01-28T06:05:23+00:00\" \/>\n<meta property=\"og:image\" content=\"https:\/\/blog.erm.ee\/wp-content\/uploads\/2016\/01\/343856_ERM_Fk_2971_3584.jpg\" \/>\n\t<meta property=\"og:image:width\" content=\"1200\" \/>\n\t<meta property=\"og:image:height\" content=\"777\" \/>\n\t<meta property=\"og:image:type\" content=\"image\/jpeg\" \/>\n<meta name=\"author\" content=\"Eesti Rahva Muuseum\" \/>\n<meta name=\"twitter:card\" content=\"summary_large_image\" \/>\n<meta name=\"twitter:label1\" content=\"Written by\" \/>\n\t<meta name=\"twitter:data1\" content=\"Eesti Rahva Muuseum\" \/>\n\t<meta name=\"twitter:label2\" content=\"Est. reading time\" \/>\n\t<meta name=\"twitter:data2\" content=\"1 minut\" \/>\n<script type=\"application\/ld+json\" class=\"yoast-schema-graph\">{\"@context\":\"https:\\\/\\\/schema.org\",\"@graph\":[{\"@type\":\"Article\",\"@id\":\"https:\\\/\\\/blog.erm.ee\\\/?p=7609#article\",\"isPartOf\":{\"@id\":\"https:\\\/\\\/blog.erm.ee\\\/?p=7609\"},\"author\":{\"name\":\"Eesti Rahva Muuseum\",\"@id\":\"https:\\\/\\\/blog.erm.ee\\\/#\\\/schema\\\/person\\\/6e98c391cb00a33e7c22a3571e062114\"},\"headline\":\"Ku h\u00e4\u00e4 tali, sis h\u00e4\u00e4 sui kah (H\u00e4\u00e4demeeste)\",\"datePublished\":\"2016-01-28T06:05:23+00:00\",\"mainEntityOfPage\":{\"@id\":\"https:\\\/\\\/blog.erm.ee\\\/?p=7609\"},\"wordCount\":262,\"commentCount\":0,\"image\":{\"@id\":\"https:\\\/\\\/blog.erm.ee\\\/?p=7609#primaryimage\"},\"thumbnailUrl\":\"https:\\\/\\\/blog.erm.ee\\\/wp-content\\\/uploads\\\/2016\\\/01\\\/343856_ERM_Fk_2971_3584.jpg\",\"articleSection\":[\"Foto\"],\"inLanguage\":\"et\",\"potentialAction\":[{\"@type\":\"CommentAction\",\"name\":\"Comment\",\"target\":[\"https:\\\/\\\/blog.erm.ee\\\/?p=7609#respond\"]}]},{\"@type\":\"WebPage\",\"@id\":\"https:\\\/\\\/blog.erm.ee\\\/?p=7609\",\"url\":\"https:\\\/\\\/blog.erm.ee\\\/?p=7609\",\"name\":\"Ku h\u00e4\u00e4 tali, sis h\u00e4\u00e4 sui kah (H\u00e4\u00e4demeeste) - Eesti Rahva Muuseumi ajaveeb\",\"isPartOf\":{\"@id\":\"https:\\\/\\\/blog.erm.ee\\\/#website\"},\"primaryImageOfPage\":{\"@id\":\"https:\\\/\\\/blog.erm.ee\\\/?p=7609#primaryimage\"},\"image\":{\"@id\":\"https:\\\/\\\/blog.erm.ee\\\/?p=7609#primaryimage\"},\"thumbnailUrl\":\"https:\\\/\\\/blog.erm.ee\\\/wp-content\\\/uploads\\\/2016\\\/01\\\/343856_ERM_Fk_2971_3584.jpg\",\"datePublished\":\"2016-01-28T06:05:23+00:00\",\"author\":{\"@id\":\"https:\\\/\\\/blog.erm.ee\\\/#\\\/schema\\\/person\\\/6e98c391cb00a33e7c22a3571e062114\"},\"breadcrumb\":{\"@id\":\"https:\\\/\\\/blog.erm.ee\\\/?p=7609#breadcrumb\"},\"inLanguage\":\"et\",\"potentialAction\":[{\"@type\":\"ReadAction\",\"target\":[\"https:\\\/\\\/blog.erm.ee\\\/?p=7609\"]}]},{\"@type\":\"ImageObject\",\"inLanguage\":\"et\",\"@id\":\"https:\\\/\\\/blog.erm.ee\\\/?p=7609#primaryimage\",\"url\":\"https:\\\/\\\/blog.erm.ee\\\/wp-content\\\/uploads\\\/2016\\\/01\\\/343856_ERM_Fk_2971_3584.jpg\",\"contentUrl\":\"https:\\\/\\\/blog.erm.ee\\\/wp-content\\\/uploads\\\/2016\\\/01\\\/343856_ERM_Fk_2971_3584.jpg\",\"width\":1200,\"height\":777},{\"@type\":\"BreadcrumbList\",\"@id\":\"https:\\\/\\\/blog.erm.ee\\\/?p=7609#breadcrumb\",\"itemListElement\":[{\"@type\":\"ListItem\",\"position\":1,\"name\":\"Home\",\"item\":\"https:\\\/\\\/blog.erm.ee\\\/\"},{\"@type\":\"ListItem\",\"position\":2,\"name\":\"Ku h\u00e4\u00e4 tali, sis h\u00e4\u00e4 sui kah (H\u00e4\u00e4demeeste)\"}]},{\"@type\":\"WebSite\",\"@id\":\"https:\\\/\\\/blog.erm.ee\\\/#website\",\"url\":\"https:\\\/\\\/blog.erm.ee\\\/\",\"name\":\"Eesti Rahva Muuseumi ajaveeb\",\"description\":\"\",\"potentialAction\":[{\"@type\":\"SearchAction\",\"target\":{\"@type\":\"EntryPoint\",\"urlTemplate\":\"https:\\\/\\\/blog.erm.ee\\\/?s={search_term_string}\"},\"query-input\":{\"@type\":\"PropertyValueSpecification\",\"valueRequired\":true,\"valueName\":\"search_term_string\"}}],\"inLanguage\":\"et\"},{\"@type\":\"Person\",\"@id\":\"https:\\\/\\\/blog.erm.ee\\\/#\\\/schema\\\/person\\\/6e98c391cb00a33e7c22a3571e062114\",\"name\":\"Eesti Rahva Muuseum\",\"image\":{\"@type\":\"ImageObject\",\"inLanguage\":\"et\",\"@id\":\"https:\\\/\\\/secure.gravatar.com\\\/avatar\\\/cb6d9ad5fb49f3f7315028ce5fe60641075f2cb52b8a058ff5a985fa2d8c1da0?s=96&d=mm&r=g\",\"url\":\"https:\\\/\\\/secure.gravatar.com\\\/avatar\\\/cb6d9ad5fb49f3f7315028ce5fe60641075f2cb52b8a058ff5a985fa2d8c1da0?s=96&d=mm&r=g\",\"contentUrl\":\"https:\\\/\\\/secure.gravatar.com\\\/avatar\\\/cb6d9ad5fb49f3f7315028ce5fe60641075f2cb52b8a058ff5a985fa2d8c1da0?s=96&d=mm&r=g\",\"caption\":\"Eesti Rahva Muuseum\"},\"sameAs\":[\"http:\\\/\\\/www.erm.ee\"],\"url\":\"https:\\\/\\\/blog.erm.ee\\\/?author=1\"}]}<\/script>\n<!-- \/ Yoast SEO plugin. -->","yoast_head_json":{"title":"Ku h\u00e4\u00e4 tali, sis h\u00e4\u00e4 sui kah (H\u00e4\u00e4demeeste) - Eesti Rahva Muuseumi ajaveeb","robots":{"index":"index","follow":"follow","max-snippet":"max-snippet:-1","max-image-preview":"max-image-preview:large","max-video-preview":"max-video-preview:-1"},"canonical":"https:\/\/blog.erm.ee\/?p=7609","og_locale":"et_EE","og_type":"article","og_title":"Ku h\u00e4\u00e4 tali, sis h\u00e4\u00e4 sui kah (H\u00e4\u00e4demeeste) - Eesti Rahva Muuseumi ajaveeb","og_description":"Kristi \u00dctt, digitaal- ja eriarhiivi hoiuhaldur Ehkki ilm on vahepeal sulale p\u00f6\u00f6ranud, ei ole talv kaugeltki l\u00e4bi ja loodetavasti tuleb veel v\u00f5imalusi talver\u00f5\u00f5me nautida. Kellel sobivatest ideedest vajaka, leiab meie fotogaleriist mitmesuguseid soovitusi, mida lume ja j\u00e4\u00e4ga peale hakata. Kui talvest r\u00f5\u00f5mu leida, k\u00fcllap tuleb siis vahva suvi ka. Poisid talvel. Foto: Viktor Salmre, 1965.&hellip;","og_url":"https:\/\/blog.erm.ee\/?p=7609","og_site_name":"Eesti Rahva Muuseumi ajaveeb","article_published_time":"2016-01-28T06:05:23+00:00","og_image":[{"width":1200,"height":777,"url":"https:\/\/blog.erm.ee\/wp-content\/uploads\/2016\/01\/343856_ERM_Fk_2971_3584.jpg","type":"image\/jpeg"}],"author":"Eesti Rahva Muuseum","twitter_card":"summary_large_image","twitter_misc":{"Written by":"Eesti Rahva Muuseum","Est. reading time":"1 minut"},"schema":{"@context":"https:\/\/schema.org","@graph":[{"@type":"Article","@id":"https:\/\/blog.erm.ee\/?p=7609#article","isPartOf":{"@id":"https:\/\/blog.erm.ee\/?p=7609"},"author":{"name":"Eesti Rahva Muuseum","@id":"https:\/\/blog.erm.ee\/#\/schema\/person\/6e98c391cb00a33e7c22a3571e062114"},"headline":"Ku h\u00e4\u00e4 tali, sis h\u00e4\u00e4 sui kah (H\u00e4\u00e4demeeste)","datePublished":"2016-01-28T06:05:23+00:00","mainEntityOfPage":{"@id":"https:\/\/blog.erm.ee\/?p=7609"},"wordCount":262,"commentCount":0,"image":{"@id":"https:\/\/blog.erm.ee\/?p=7609#primaryimage"},"thumbnailUrl":"https:\/\/blog.erm.ee\/wp-content\/uploads\/2016\/01\/343856_ERM_Fk_2971_3584.jpg","articleSection":["Foto"],"inLanguage":"et","potentialAction":[{"@type":"CommentAction","name":"Comment","target":["https:\/\/blog.erm.ee\/?p=7609#respond"]}]},{"@type":"WebPage","@id":"https:\/\/blog.erm.ee\/?p=7609","url":"https:\/\/blog.erm.ee\/?p=7609","name":"Ku h\u00e4\u00e4 tali, sis h\u00e4\u00e4 sui kah (H\u00e4\u00e4demeeste) - Eesti Rahva Muuseumi ajaveeb","isPartOf":{"@id":"https:\/\/blog.erm.ee\/#website"},"primaryImageOfPage":{"@id":"https:\/\/blog.erm.ee\/?p=7609#primaryimage"},"image":{"@id":"https:\/\/blog.erm.ee\/?p=7609#primaryimage"},"thumbnailUrl":"https:\/\/blog.erm.ee\/wp-content\/uploads\/2016\/01\/343856_ERM_Fk_2971_3584.jpg","datePublished":"2016-01-28T06:05:23+00:00","author":{"@id":"https:\/\/blog.erm.ee\/#\/schema\/person\/6e98c391cb00a33e7c22a3571e062114"},"breadcrumb":{"@id":"https:\/\/blog.erm.ee\/?p=7609#breadcrumb"},"inLanguage":"et","potentialAction":[{"@type":"ReadAction","target":["https:\/\/blog.erm.ee\/?p=7609"]}]},{"@type":"ImageObject","inLanguage":"et","@id":"https:\/\/blog.erm.ee\/?p=7609#primaryimage","url":"https:\/\/blog.erm.ee\/wp-content\/uploads\/2016\/01\/343856_ERM_Fk_2971_3584.jpg","contentUrl":"https:\/\/blog.erm.ee\/wp-content\/uploads\/2016\/01\/343856_ERM_Fk_2971_3584.jpg","width":1200,"height":777},{"@type":"BreadcrumbList","@id":"https:\/\/blog.erm.ee\/?p=7609#breadcrumb","itemListElement":[{"@type":"ListItem","position":1,"name":"Home","item":"https:\/\/blog.erm.ee\/"},{"@type":"ListItem","position":2,"name":"Ku h\u00e4\u00e4 tali, sis h\u00e4\u00e4 sui kah (H\u00e4\u00e4demeeste)"}]},{"@type":"WebSite","@id":"https:\/\/blog.erm.ee\/#website","url":"https:\/\/blog.erm.ee\/","name":"Eesti Rahva Muuseumi ajaveeb","description":"","potentialAction":[{"@type":"SearchAction","target":{"@type":"EntryPoint","urlTemplate":"https:\/\/blog.erm.ee\/?s={search_term_string}"},"query-input":{"@type":"PropertyValueSpecification","valueRequired":true,"valueName":"search_term_string"}}],"inLanguage":"et"},{"@type":"Person","@id":"https:\/\/blog.erm.ee\/#\/schema\/person\/6e98c391cb00a33e7c22a3571e062114","name":"Eesti Rahva Muuseum","image":{"@type":"ImageObject","inLanguage":"et","@id":"https:\/\/secure.gravatar.com\/avatar\/cb6d9ad5fb49f3f7315028ce5fe60641075f2cb52b8a058ff5a985fa2d8c1da0?s=96&d=mm&r=g","url":"https:\/\/secure.gravatar.com\/avatar\/cb6d9ad5fb49f3f7315028ce5fe60641075f2cb52b8a058ff5a985fa2d8c1da0?s=96&d=mm&r=g","contentUrl":"https:\/\/secure.gravatar.com\/avatar\/cb6d9ad5fb49f3f7315028ce5fe60641075f2cb52b8a058ff5a985fa2d8c1da0?s=96&d=mm&r=g","caption":"Eesti Rahva Muuseum"},"sameAs":["http:\/\/www.erm.ee"],"url":"https:\/\/blog.erm.ee\/?author=1"}]}},"jetpack_featured_media_url":"https:\/\/blog.erm.ee\/wp-content\/uploads\/2016\/01\/343856_ERM_Fk_2971_3584.jpg","jetpack_shortlink":"https:\/\/wp.me\/p2l9Zd-1YJ","jetpack_sharing_enabled":true,"jetpack_likes_enabled":true,"_links":{"self":[{"href":"https:\/\/blog.erm.ee\/index.php?rest_route=\/wp\/v2\/posts\/7609","targetHints":{"allow":["GET"]}}],"collection":[{"href":"https:\/\/blog.erm.ee\/index.php?rest_route=\/wp\/v2\/posts"}],"about":[{"href":"https:\/\/blog.erm.ee\/index.php?rest_route=\/wp\/v2\/types\/post"}],"author":[{"embeddable":true,"href":"https:\/\/blog.erm.ee\/index.php?rest_route=\/wp\/v2\/users\/1"}],"replies":[{"embeddable":true,"href":"https:\/\/blog.erm.ee\/index.php?rest_route=%2Fwp%2Fv2%2Fcomments&post=7609"}],"version-history":[{"count":5,"href":"https:\/\/blog.erm.ee\/index.php?rest_route=\/wp\/v2\/posts\/7609\/revisions"}],"predecessor-version":[{"id":7632,"href":"https:\/\/blog.erm.ee\/index.php?rest_route=\/wp\/v2\/posts\/7609\/revisions\/7632"}],"wp:featuredmedia":[{"embeddable":true,"href":"https:\/\/blog.erm.ee\/index.php?rest_route=\/wp\/v2\/media\/7624"}],"wp:attachment":[{"href":"https:\/\/blog.erm.ee\/index.php?rest_route=%2Fwp%2Fv2%2Fmedia&parent=7609"}],"wp:term":[{"taxonomy":"category","embeddable":true,"href":"https:\/\/blog.erm.ee\/index.php?rest_route=%2Fwp%2Fv2%2Fcategories&post=7609"},{"taxonomy":"post_tag","embeddable":true,"href":"https:\/\/blog.erm.ee\/index.php?rest_route=%2Fwp%2Fv2%2Ftags&post=7609"}],"curies":[{"name":"wp","href":"https:\/\/api.w.org\/{rel}","templated":true}]}}