{"id":7434,"date":"2015-12-22T08:33:13","date_gmt":"2015-12-22T06:33:13","guid":{"rendered":"http:\/\/blog.erm.ee\/?p=7434"},"modified":"2015-12-23T10:00:11","modified_gmt":"2015-12-23T08:00:11","slug":"puhadetervitusi-eelmise-sajandi-postipaunast","status":"publish","type":"post","link":"https:\/\/blog.erm.ee\/?p=7434","title":{"rendered":"P\u00fchadetervitusi eelmise sajandi postipaunast"},"content":{"rendered":"<div class=\"fcbkbttn_buttons_block\" id=\"fcbkbttn_left\"><div class=\"fcbkbttn_like \"><fb:like href=\"https:\/\/blog.erm.ee\/?p=7434\" action=\"like\" colorscheme=\"light\" layout=\"standard\"  width=\"225px\" size=\"small\"><\/fb:like><\/div><div class=\"fb-share-button  \" data-href=\"https:\/\/blog.erm.ee\/?p=7434\" data-type=\"button\" data-size=\"small\"><\/div><\/div><p><em>Tiina Tael, peaarhivaar<\/em><\/p>\n<p>Kuigi ka t\u00e4nap\u00e4eval tr\u00fckitakse igal aastal aina uusi ja toredaid j\u00f5ulu- ja uusaastakaarte, l\u00e4kitavad k\u00fcllap paljud oma p\u00fchadesoovid sotsiaalmeedia suhtlusportaalide kaudu.<br \/>\nVahetult enne j\u00f5ule heidame pilgu ERMi postkaardikogu p\u00fchadekaartidele. Tavaliselt kannavad need lihtsaid j\u00f5ulutervitusi ja parimaid soove uueks aastaks, m\u00f5nikord ka pikemaid s\u00f5numeid kaardi saatja k\u00e4ek\u00e4igust ning sajandi esimestel ja viimastel k\u00fcmnenditel sisaldavad need ka salmikesi.<br \/>\nPostkaarte leiame k\u00f5igist k\u00fcmnenditest, sajandi algusest ja 1940ndatest k\u00fcll v\u00e4hem. Silma paistab, et sajandi esimesel poolel on postkaartide kunstnikud ja kirjastajad tavaliselt teadmata v\u00f5i peidavad end t\u00e4hel\u00fchendite taha.<\/p>\n<p><a href=\"https:\/\/blog.erm.ee\/wp-content\/uploads\/2015\/12\/scan028.jpg\" rel=\"attachment wp-att-7435\"><img loading=\"lazy\" decoding=\"async\" data-attachment-id=\"7435\" data-permalink=\"https:\/\/blog.erm.ee\/?attachment_id=7435#main\" data-orig-file=\"https:\/\/blog.erm.ee\/wp-content\/uploads\/2015\/12\/scan028.jpg\" data-orig-size=\"1200,794\" data-comments-opened=\"1\" data-image-meta=\"{&quot;aperture&quot;:&quot;0&quot;,&quot;credit&quot;:&quot;&quot;,&quot;camera&quot;:&quot;&quot;,&quot;caption&quot;:&quot;&quot;,&quot;created_timestamp&quot;:&quot;0&quot;,&quot;copyright&quot;:&quot;&quot;,&quot;focal_length&quot;:&quot;0&quot;,&quot;iso&quot;:&quot;0&quot;,&quot;shutter_speed&quot;:&quot;0&quot;,&quot;title&quot;:&quot;&quot;,&quot;orientation&quot;:&quot;0&quot;}\" data-image-title=\"scan028\" data-image-description=\"\" data-image-caption=\"\" data-large-file=\"https:\/\/blog.erm.ee\/wp-content\/uploads\/2015\/12\/scan028-1024x678.jpg\" class=\"alignnone size-large wp-image-7435\" src=\"https:\/\/blog.erm.ee\/wp-content\/uploads\/2015\/12\/scan028-1024x678.jpg\" alt=\"scan028\" width=\"700\" height=\"463\" srcset=\"https:\/\/blog.erm.ee\/wp-content\/uploads\/2015\/12\/scan028-1024x678.jpg 1024w, https:\/\/blog.erm.ee\/wp-content\/uploads\/2015\/12\/scan028-393x260.jpg 393w, https:\/\/blog.erm.ee\/wp-content\/uploads\/2015\/12\/scan028-300x199.jpg 300w, https:\/\/blog.erm.ee\/wp-content\/uploads\/2015\/12\/scan028-768x508.jpg 768w, https:\/\/blog.erm.ee\/wp-content\/uploads\/2015\/12\/scan028.jpg 1200w\" sizes=\"auto, (max-width: 700px) 100vw, 700px\" \/><\/a><br \/>\n<em>1907. a j\u00f5ulukaart. Kunstnik teadmata, tr\u00fckitud Saksamaal, kuid eestikeelse p\u00fchadesooviga.<\/em><br \/>\n<em> <a href=\"https:\/\/blog.erm.ee\/wp-content\/uploads\/2015\/12\/scan002.jpg\" rel=\"attachment wp-att-7436\"><img loading=\"lazy\" decoding=\"async\" data-attachment-id=\"7436\" data-permalink=\"https:\/\/blog.erm.ee\/?attachment_id=7436#main\" data-orig-file=\"https:\/\/blog.erm.ee\/wp-content\/uploads\/2015\/12\/scan002.jpg\" data-orig-size=\"767,1200\" data-comments-opened=\"1\" data-image-meta=\"{&quot;aperture&quot;:&quot;0&quot;,&quot;credit&quot;:&quot;&quot;,&quot;camera&quot;:&quot;&quot;,&quot;caption&quot;:&quot;&quot;,&quot;created_timestamp&quot;:&quot;0&quot;,&quot;copyright&quot;:&quot;&quot;,&quot;focal_length&quot;:&quot;0&quot;,&quot;iso&quot;:&quot;0&quot;,&quot;shutter_speed&quot;:&quot;0&quot;,&quot;title&quot;:&quot;&quot;,&quot;orientation&quot;:&quot;0&quot;}\" data-image-title=\"scan002\" data-image-description=\"\" data-image-caption=\"\" data-large-file=\"https:\/\/blog.erm.ee\/wp-content\/uploads\/2015\/12\/scan002-655x1024.jpg\" class=\"alignnone size-large wp-image-7436\" src=\"https:\/\/blog.erm.ee\/wp-content\/uploads\/2015\/12\/scan002-655x1024.jpg\" alt=\"scan002\" width=\"655\" height=\"1024\" srcset=\"https:\/\/blog.erm.ee\/wp-content\/uploads\/2015\/12\/scan002-655x1024.jpg 655w, https:\/\/blog.erm.ee\/wp-content\/uploads\/2015\/12\/scan002-166x260.jpg 166w, https:\/\/blog.erm.ee\/wp-content\/uploads\/2015\/12\/scan002-192x300.jpg 192w, https:\/\/blog.erm.ee\/wp-content\/uploads\/2015\/12\/scan002.jpg 767w\" sizes=\"auto, (max-width: 655px) 100vw, 655px\" \/><\/a><\/em><br \/>\n<em>1908. a j\u00f5ulukaart. Kunstnik ja kirjastaja teadmata.<\/em><br \/>\n<em> <a href=\"https:\/\/blog.erm.ee\/wp-content\/uploads\/2015\/12\/scan008.jpg\" rel=\"attachment wp-att-7437\"><img loading=\"lazy\" decoding=\"async\" data-attachment-id=\"7437\" data-permalink=\"https:\/\/blog.erm.ee\/?attachment_id=7437#main\" data-orig-file=\"https:\/\/blog.erm.ee\/wp-content\/uploads\/2015\/12\/scan008.jpg\" data-orig-size=\"779,1200\" data-comments-opened=\"1\" data-image-meta=\"{&quot;aperture&quot;:&quot;0&quot;,&quot;credit&quot;:&quot;&quot;,&quot;camera&quot;:&quot;&quot;,&quot;caption&quot;:&quot;&quot;,&quot;created_timestamp&quot;:&quot;0&quot;,&quot;copyright&quot;:&quot;&quot;,&quot;focal_length&quot;:&quot;0&quot;,&quot;iso&quot;:&quot;0&quot;,&quot;shutter_speed&quot;:&quot;0&quot;,&quot;title&quot;:&quot;&quot;,&quot;orientation&quot;:&quot;0&quot;}\" data-image-title=\"scan008\" data-image-description=\"\" data-image-caption=\"\" data-large-file=\"https:\/\/blog.erm.ee\/wp-content\/uploads\/2015\/12\/scan008-665x1024.jpg\" class=\"alignnone size-large wp-image-7437\" src=\"https:\/\/blog.erm.ee\/wp-content\/uploads\/2015\/12\/scan008-665x1024.jpg\" alt=\"scan008\" width=\"665\" height=\"1024\" srcset=\"https:\/\/blog.erm.ee\/wp-content\/uploads\/2015\/12\/scan008-665x1024.jpg 665w, https:\/\/blog.erm.ee\/wp-content\/uploads\/2015\/12\/scan008-169x260.jpg 169w, https:\/\/blog.erm.ee\/wp-content\/uploads\/2015\/12\/scan008-195x300.jpg 195w, https:\/\/blog.erm.ee\/wp-content\/uploads\/2015\/12\/scan008-768x1183.jpg 768w, https:\/\/blog.erm.ee\/wp-content\/uploads\/2015\/12\/scan008.jpg 779w\" sizes=\"auto, (max-width: 665px) 100vw, 665px\" \/><\/a><\/em><br \/>\n<em>1910ndate aastate uusaastakaart. Kunstnik ja kirjastaja teadmata, kannab EAS signatuuri.<\/em><br \/>\n<em> <a href=\"https:\/\/blog.erm.ee\/wp-content\/uploads\/2015\/12\/scan004.jpg\" rel=\"attachment wp-att-7438\"><img loading=\"lazy\" decoding=\"async\" data-attachment-id=\"7438\" data-permalink=\"https:\/\/blog.erm.ee\/?attachment_id=7438#main\" data-orig-file=\"https:\/\/blog.erm.ee\/wp-content\/uploads\/2015\/12\/scan004.jpg\" data-orig-size=\"1200,773\" data-comments-opened=\"1\" data-image-meta=\"{&quot;aperture&quot;:&quot;0&quot;,&quot;credit&quot;:&quot;&quot;,&quot;camera&quot;:&quot;&quot;,&quot;caption&quot;:&quot;&quot;,&quot;created_timestamp&quot;:&quot;0&quot;,&quot;copyright&quot;:&quot;&quot;,&quot;focal_length&quot;:&quot;0&quot;,&quot;iso&quot;:&quot;0&quot;,&quot;shutter_speed&quot;:&quot;0&quot;,&quot;title&quot;:&quot;&quot;,&quot;orientation&quot;:&quot;0&quot;}\" data-image-title=\"scan004\" data-image-description=\"\" data-image-caption=\"\" data-large-file=\"https:\/\/blog.erm.ee\/wp-content\/uploads\/2015\/12\/scan004-1024x660.jpg\" class=\"alignnone size-large wp-image-7438\" src=\"https:\/\/blog.erm.ee\/wp-content\/uploads\/2015\/12\/scan004-1024x660.jpg\" alt=\"scan004\" width=\"700\" height=\"451\" srcset=\"https:\/\/blog.erm.ee\/wp-content\/uploads\/2015\/12\/scan004-1024x660.jpg 1024w, https:\/\/blog.erm.ee\/wp-content\/uploads\/2015\/12\/scan004-404x260.jpg 404w, https:\/\/blog.erm.ee\/wp-content\/uploads\/2015\/12\/scan004-300x193.jpg 300w, https:\/\/blog.erm.ee\/wp-content\/uploads\/2015\/12\/scan004-768x495.jpg 768w, https:\/\/blog.erm.ee\/wp-content\/uploads\/2015\/12\/scan004.jpg 1200w\" sizes=\"auto, (max-width: 700px) 100vw, 700px\" \/><\/a><\/em><br \/>\n<em>1912. a j\u00f5ulukaart. Kunstnik ja kirjastaja teadmata.<\/em><\/p>\n<p><em>J\u00f5ulu laps su poole k\u00e4ed palwes t\u00f5stan \u00fclesse<\/em><br \/>\n<em>Sina minu p\u00f5ue n\u00e4ed rahu saadad s\u00fcdame.<\/em><br \/>\n<em>Saada rahu rahwa maale wendadelle tr\u00f6\u00f6sti too<\/em><br \/>\n<em>\u00d5nnistust me isamaale<\/em><br \/>\n<em>Tulewikus armust loo!<\/em><\/p>\n<p><em><a href=\"https:\/\/blog.erm.ee\/wp-content\/uploads\/2015\/12\/scan027.jpg\" rel=\"attachment wp-att-7439\"><img loading=\"lazy\" decoding=\"async\" data-attachment-id=\"7439\" data-permalink=\"https:\/\/blog.erm.ee\/?attachment_id=7439#main\" data-orig-file=\"https:\/\/blog.erm.ee\/wp-content\/uploads\/2015\/12\/scan027.jpg\" data-orig-size=\"784,1200\" data-comments-opened=\"1\" data-image-meta=\"{&quot;aperture&quot;:&quot;0&quot;,&quot;credit&quot;:&quot;&quot;,&quot;camera&quot;:&quot;&quot;,&quot;caption&quot;:&quot;&quot;,&quot;created_timestamp&quot;:&quot;0&quot;,&quot;copyright&quot;:&quot;&quot;,&quot;focal_length&quot;:&quot;0&quot;,&quot;iso&quot;:&quot;0&quot;,&quot;shutter_speed&quot;:&quot;0&quot;,&quot;title&quot;:&quot;&quot;,&quot;orientation&quot;:&quot;0&quot;}\" data-image-title=\"scan027\" data-image-description=\"\" data-image-caption=\"\" data-large-file=\"https:\/\/blog.erm.ee\/wp-content\/uploads\/2015\/12\/scan027-669x1024.jpg\" class=\"alignnone size-large wp-image-7439\" src=\"https:\/\/blog.erm.ee\/wp-content\/uploads\/2015\/12\/scan027-669x1024.jpg\" alt=\"scan027\" width=\"669\" height=\"1024\" srcset=\"https:\/\/blog.erm.ee\/wp-content\/uploads\/2015\/12\/scan027-669x1024.jpg 669w, https:\/\/blog.erm.ee\/wp-content\/uploads\/2015\/12\/scan027-170x260.jpg 170w, https:\/\/blog.erm.ee\/wp-content\/uploads\/2015\/12\/scan027-196x300.jpg 196w, https:\/\/blog.erm.ee\/wp-content\/uploads\/2015\/12\/scan027-768x1176.jpg 768w, https:\/\/blog.erm.ee\/wp-content\/uploads\/2015\/12\/scan027.jpg 784w\" sizes=\"auto, (max-width: 669px) 100vw, 669px\" \/><\/a><\/em><br \/>\n<em>1913. a koloreeritud fotopostkaart. Fotograaf teadmata, kirjastaja teadmata. <\/em><\/p>\n<p><em>Sa oled veel nii puhas<\/em><br \/>\n<em>Kui lill mis \u00f5itseb luhas<\/em><br \/>\n<em>Kui t\u00e4ht mis taeva laugel<\/em><br \/>\n<em>Seal s\u00e4rab k\u00f5rgel kaugel.<\/em><br \/>\n<em>Soovin r\u00f5\u00f5msaid J\u00f5ulup\u00fchi!<\/em><\/p>\n<p><a href=\"https:\/\/blog.erm.ee\/wp-content\/uploads\/2015\/12\/scan034.jpg\" rel=\"attachment wp-att-7440\"><img loading=\"lazy\" decoding=\"async\" data-attachment-id=\"7440\" data-permalink=\"https:\/\/blog.erm.ee\/?attachment_id=7440#main\" data-orig-file=\"https:\/\/blog.erm.ee\/wp-content\/uploads\/2015\/12\/scan034.jpg\" data-orig-size=\"1200,790\" data-comments-opened=\"1\" data-image-meta=\"{&quot;aperture&quot;:&quot;0&quot;,&quot;credit&quot;:&quot;&quot;,&quot;camera&quot;:&quot;&quot;,&quot;caption&quot;:&quot;&quot;,&quot;created_timestamp&quot;:&quot;0&quot;,&quot;copyright&quot;:&quot;&quot;,&quot;focal_length&quot;:&quot;0&quot;,&quot;iso&quot;:&quot;0&quot;,&quot;shutter_speed&quot;:&quot;0&quot;,&quot;title&quot;:&quot;&quot;,&quot;orientation&quot;:&quot;0&quot;}\" data-image-title=\"scan034\" data-image-description=\"\" data-image-caption=\"\" data-large-file=\"https:\/\/blog.erm.ee\/wp-content\/uploads\/2015\/12\/scan034-1024x674.jpg\" class=\"alignnone size-large wp-image-7440\" src=\"https:\/\/blog.erm.ee\/wp-content\/uploads\/2015\/12\/scan034-1024x674.jpg\" alt=\"scan034\" width=\"700\" height=\"461\" srcset=\"https:\/\/blog.erm.ee\/wp-content\/uploads\/2015\/12\/scan034-1024x674.jpg 1024w, https:\/\/blog.erm.ee\/wp-content\/uploads\/2015\/12\/scan034-395x260.jpg 395w, https:\/\/blog.erm.ee\/wp-content\/uploads\/2015\/12\/scan034-300x198.jpg 300w, https:\/\/blog.erm.ee\/wp-content\/uploads\/2015\/12\/scan034-768x506.jpg 768w, https:\/\/blog.erm.ee\/wp-content\/uploads\/2015\/12\/scan034.jpg 1200w\" sizes=\"auto, (max-width: 700px) 100vw, 700px\" \/><\/a><br \/>\n<em>1923. a j\u00f5ulukaart. Kunstnik ja v\u00e4ljaandja teadmata.<\/em><\/p>\n<p><a href=\"https:\/\/blog.erm.ee\/wp-content\/uploads\/2015\/12\/scan029.jpg\" rel=\"attachment wp-att-7441\"><img loading=\"lazy\" decoding=\"async\" data-attachment-id=\"7441\" data-permalink=\"https:\/\/blog.erm.ee\/?attachment_id=7441#main\" data-orig-file=\"https:\/\/blog.erm.ee\/wp-content\/uploads\/2015\/12\/scan029.jpg\" data-orig-size=\"767,1200\" data-comments-opened=\"1\" data-image-meta=\"{&quot;aperture&quot;:&quot;0&quot;,&quot;credit&quot;:&quot;&quot;,&quot;camera&quot;:&quot;&quot;,&quot;caption&quot;:&quot;&quot;,&quot;created_timestamp&quot;:&quot;0&quot;,&quot;copyright&quot;:&quot;&quot;,&quot;focal_length&quot;:&quot;0&quot;,&quot;iso&quot;:&quot;0&quot;,&quot;shutter_speed&quot;:&quot;0&quot;,&quot;title&quot;:&quot;&quot;,&quot;orientation&quot;:&quot;0&quot;}\" data-image-title=\"scan029\" data-image-description=\"\" data-image-caption=\"\" data-large-file=\"https:\/\/blog.erm.ee\/wp-content\/uploads\/2015\/12\/scan029-655x1024.jpg\" class=\"alignnone size-large wp-image-7441\" src=\"https:\/\/blog.erm.ee\/wp-content\/uploads\/2015\/12\/scan029-655x1024.jpg\" alt=\"scan029\" width=\"655\" height=\"1024\" srcset=\"https:\/\/blog.erm.ee\/wp-content\/uploads\/2015\/12\/scan029-655x1024.jpg 655w, https:\/\/blog.erm.ee\/wp-content\/uploads\/2015\/12\/scan029-166x260.jpg 166w, https:\/\/blog.erm.ee\/wp-content\/uploads\/2015\/12\/scan029-192x300.jpg 192w, https:\/\/blog.erm.ee\/wp-content\/uploads\/2015\/12\/scan029.jpg 767w\" sizes=\"auto, (max-width: 655px) 100vw, 655px\" \/><\/a><\/p>\n<p><em>1924. a uusaastakaart. Kunstnik teadmata, v\u00e4lja antud Berliinis. <\/em><\/p>\n<p><a href=\"https:\/\/blog.erm.ee\/wp-content\/uploads\/2015\/12\/scan031.jpg\" rel=\"attachment wp-att-7442\"><img loading=\"lazy\" decoding=\"async\" data-attachment-id=\"7442\" data-permalink=\"https:\/\/blog.erm.ee\/?attachment_id=7442#main\" data-orig-file=\"https:\/\/blog.erm.ee\/wp-content\/uploads\/2015\/12\/scan031.jpg\" data-orig-size=\"1200,764\" data-comments-opened=\"1\" data-image-meta=\"{&quot;aperture&quot;:&quot;0&quot;,&quot;credit&quot;:&quot;&quot;,&quot;camera&quot;:&quot;&quot;,&quot;caption&quot;:&quot;&quot;,&quot;created_timestamp&quot;:&quot;0&quot;,&quot;copyright&quot;:&quot;&quot;,&quot;focal_length&quot;:&quot;0&quot;,&quot;iso&quot;:&quot;0&quot;,&quot;shutter_speed&quot;:&quot;0&quot;,&quot;title&quot;:&quot;&quot;,&quot;orientation&quot;:&quot;0&quot;}\" data-image-title=\"scan031\" data-image-description=\"\" data-image-caption=\"\" data-large-file=\"https:\/\/blog.erm.ee\/wp-content\/uploads\/2015\/12\/scan031-1024x652.jpg\" class=\"alignnone size-large wp-image-7442\" src=\"https:\/\/blog.erm.ee\/wp-content\/uploads\/2015\/12\/scan031-1024x652.jpg\" alt=\"scan031\" width=\"700\" height=\"446\" srcset=\"https:\/\/blog.erm.ee\/wp-content\/uploads\/2015\/12\/scan031-1024x652.jpg 1024w, https:\/\/blog.erm.ee\/wp-content\/uploads\/2015\/12\/scan031-408x260.jpg 408w, https:\/\/blog.erm.ee\/wp-content\/uploads\/2015\/12\/scan031-300x191.jpg 300w, https:\/\/blog.erm.ee\/wp-content\/uploads\/2015\/12\/scan031-768x489.jpg 768w, https:\/\/blog.erm.ee\/wp-content\/uploads\/2015\/12\/scan031.jpg 1200w\" sizes=\"auto, (max-width: 700px) 100vw, 700px\" \/><\/a><\/p>\n<p><em>1928. a Eesti sidepataljoni j\u00f5ulukaart ajateenijate n\u00e4opiltidega.<\/em><\/p>\n<p><a href=\"https:\/\/blog.erm.ee\/wp-content\/uploads\/2015\/12\/scan007.jpg\" rel=\"attachment wp-att-7443\"><img loading=\"lazy\" decoding=\"async\" data-attachment-id=\"7443\" data-permalink=\"https:\/\/blog.erm.ee\/?attachment_id=7443#main\" data-orig-file=\"https:\/\/blog.erm.ee\/wp-content\/uploads\/2015\/12\/scan007.jpg\" data-orig-size=\"1200,779\" data-comments-opened=\"1\" data-image-meta=\"{&quot;aperture&quot;:&quot;0&quot;,&quot;credit&quot;:&quot;&quot;,&quot;camera&quot;:&quot;&quot;,&quot;caption&quot;:&quot;&quot;,&quot;created_timestamp&quot;:&quot;0&quot;,&quot;copyright&quot;:&quot;&quot;,&quot;focal_length&quot;:&quot;0&quot;,&quot;iso&quot;:&quot;0&quot;,&quot;shutter_speed&quot;:&quot;0&quot;,&quot;title&quot;:&quot;&quot;,&quot;orientation&quot;:&quot;0&quot;}\" data-image-title=\"scan007\" data-image-description=\"\" data-image-caption=\"\" data-large-file=\"https:\/\/blog.erm.ee\/wp-content\/uploads\/2015\/12\/scan007-1024x665.jpg\" class=\"alignnone size-large wp-image-7443\" src=\"https:\/\/blog.erm.ee\/wp-content\/uploads\/2015\/12\/scan007-1024x665.jpg\" alt=\"scan007\" width=\"700\" height=\"455\" srcset=\"https:\/\/blog.erm.ee\/wp-content\/uploads\/2015\/12\/scan007-1024x665.jpg 1024w, https:\/\/blog.erm.ee\/wp-content\/uploads\/2015\/12\/scan007-401x260.jpg 401w, https:\/\/blog.erm.ee\/wp-content\/uploads\/2015\/12\/scan007-300x195.jpg 300w, https:\/\/blog.erm.ee\/wp-content\/uploads\/2015\/12\/scan007-768x499.jpg 768w, https:\/\/blog.erm.ee\/wp-content\/uploads\/2015\/12\/scan007.jpg 1200w\" sizes=\"auto, (max-width: 700px) 100vw, 700px\" \/><\/a><\/p>\n<p><em>1930ndate aastate j\u00f5ulukaart. Kunstnik ja kirjastaja teadmata (tagak\u00fcljel t\u00e4hed JL).<\/em><\/p>\n<p><a href=\"https:\/\/blog.erm.ee\/wp-content\/uploads\/2015\/12\/scan014.jpg\" rel=\"attachment wp-att-7444\"><img loading=\"lazy\" decoding=\"async\" data-attachment-id=\"7444\" data-permalink=\"https:\/\/blog.erm.ee\/?attachment_id=7444#main\" data-orig-file=\"https:\/\/blog.erm.ee\/wp-content\/uploads\/2015\/12\/scan014.jpg\" data-orig-size=\"1200,786\" data-comments-opened=\"1\" data-image-meta=\"{&quot;aperture&quot;:&quot;0&quot;,&quot;credit&quot;:&quot;&quot;,&quot;camera&quot;:&quot;&quot;,&quot;caption&quot;:&quot;&quot;,&quot;created_timestamp&quot;:&quot;0&quot;,&quot;copyright&quot;:&quot;&quot;,&quot;focal_length&quot;:&quot;0&quot;,&quot;iso&quot;:&quot;0&quot;,&quot;shutter_speed&quot;:&quot;0&quot;,&quot;title&quot;:&quot;&quot;,&quot;orientation&quot;:&quot;0&quot;}\" data-image-title=\"scan014\" data-image-description=\"\" data-image-caption=\"\" data-large-file=\"https:\/\/blog.erm.ee\/wp-content\/uploads\/2015\/12\/scan014-1024x671.jpg\" class=\"alignnone size-large wp-image-7444\" src=\"https:\/\/blog.erm.ee\/wp-content\/uploads\/2015\/12\/scan014-1024x671.jpg\" alt=\"scan014\" width=\"700\" height=\"459\" srcset=\"https:\/\/blog.erm.ee\/wp-content\/uploads\/2015\/12\/scan014-1024x671.jpg 1024w, https:\/\/blog.erm.ee\/wp-content\/uploads\/2015\/12\/scan014-397x260.jpg 397w, https:\/\/blog.erm.ee\/wp-content\/uploads\/2015\/12\/scan014-300x197.jpg 300w, https:\/\/blog.erm.ee\/wp-content\/uploads\/2015\/12\/scan014-768x503.jpg 768w, https:\/\/blog.erm.ee\/wp-content\/uploads\/2015\/12\/scan014.jpg 1200w\" sizes=\"auto, (max-width: 700px) 100vw, 700px\" \/><\/a><\/p>\n<p><em>1930ndate aastate uusaastakaart. Kunstnik ja kirjastaja teadmata (tagak\u00fcljel t\u00e4hed JL).<\/em><\/p>\n<p><a href=\"https:\/\/blog.erm.ee\/wp-content\/uploads\/2015\/12\/scan009.jpg\" rel=\"attachment wp-att-7445\"><img loading=\"lazy\" decoding=\"async\" data-attachment-id=\"7445\" data-permalink=\"https:\/\/blog.erm.ee\/?attachment_id=7445#main\" data-orig-file=\"https:\/\/blog.erm.ee\/wp-content\/uploads\/2015\/12\/scan009.jpg\" data-orig-size=\"799,1200\" data-comments-opened=\"1\" data-image-meta=\"{&quot;aperture&quot;:&quot;0&quot;,&quot;credit&quot;:&quot;&quot;,&quot;camera&quot;:&quot;&quot;,&quot;caption&quot;:&quot;&quot;,&quot;created_timestamp&quot;:&quot;0&quot;,&quot;copyright&quot;:&quot;&quot;,&quot;focal_length&quot;:&quot;0&quot;,&quot;iso&quot;:&quot;0&quot;,&quot;shutter_speed&quot;:&quot;0&quot;,&quot;title&quot;:&quot;&quot;,&quot;orientation&quot;:&quot;0&quot;}\" data-image-title=\"scan009\" data-image-description=\"\" data-image-caption=\"\" data-large-file=\"https:\/\/blog.erm.ee\/wp-content\/uploads\/2015\/12\/scan009-682x1024.jpg\" class=\"alignnone size-large wp-image-7445\" src=\"https:\/\/blog.erm.ee\/wp-content\/uploads\/2015\/12\/scan009-682x1024.jpg\" alt=\"scan009\" width=\"682\" height=\"1024\" srcset=\"https:\/\/blog.erm.ee\/wp-content\/uploads\/2015\/12\/scan009-682x1024.jpg 682w, https:\/\/blog.erm.ee\/wp-content\/uploads\/2015\/12\/scan009-173x260.jpg 173w, https:\/\/blog.erm.ee\/wp-content\/uploads\/2015\/12\/scan009-200x300.jpg 200w, https:\/\/blog.erm.ee\/wp-content\/uploads\/2015\/12\/scan009-768x1153.jpg 768w, https:\/\/blog.erm.ee\/wp-content\/uploads\/2015\/12\/scan009.jpg 799w\" sizes=\"auto, (max-width: 682px) 100vw, 682px\" \/><\/a><\/p>\n<p><em>1931. a j\u00f5ulukaart. Kunstnik ja kirjastaja teadmata (tagak\u00fcljel t\u00e4hed M.&amp;B.).<\/em><\/p>\n<p><em>H\u00e4id vallatuid p\u00fchi! <\/em><\/p>\n<p><a href=\"https:\/\/blog.erm.ee\/wp-content\/uploads\/2015\/12\/scan013.jpg\" rel=\"attachment wp-att-7446\"><img loading=\"lazy\" decoding=\"async\" data-attachment-id=\"7446\" data-permalink=\"https:\/\/blog.erm.ee\/?attachment_id=7446#main\" data-orig-file=\"https:\/\/blog.erm.ee\/wp-content\/uploads\/2015\/12\/scan013.jpg\" data-orig-size=\"803,1200\" data-comments-opened=\"1\" data-image-meta=\"{&quot;aperture&quot;:&quot;0&quot;,&quot;credit&quot;:&quot;&quot;,&quot;camera&quot;:&quot;&quot;,&quot;caption&quot;:&quot;&quot;,&quot;created_timestamp&quot;:&quot;0&quot;,&quot;copyright&quot;:&quot;&quot;,&quot;focal_length&quot;:&quot;0&quot;,&quot;iso&quot;:&quot;0&quot;,&quot;shutter_speed&quot;:&quot;0&quot;,&quot;title&quot;:&quot;&quot;,&quot;orientation&quot;:&quot;0&quot;}\" data-image-title=\"scan013\" data-image-description=\"\" data-image-caption=\"\" data-large-file=\"https:\/\/blog.erm.ee\/wp-content\/uploads\/2015\/12\/scan013-685x1024.jpg\" class=\"alignnone size-large wp-image-7446\" src=\"https:\/\/blog.erm.ee\/wp-content\/uploads\/2015\/12\/scan013-685x1024.jpg\" alt=\"scan013\" width=\"685\" height=\"1024\" srcset=\"https:\/\/blog.erm.ee\/wp-content\/uploads\/2015\/12\/scan013-685x1024.jpg 685w, https:\/\/blog.erm.ee\/wp-content\/uploads\/2015\/12\/scan013-174x260.jpg 174w, https:\/\/blog.erm.ee\/wp-content\/uploads\/2015\/12\/scan013-201x300.jpg 201w, https:\/\/blog.erm.ee\/wp-content\/uploads\/2015\/12\/scan013-768x1148.jpg 768w, https:\/\/blog.erm.ee\/wp-content\/uploads\/2015\/12\/scan013.jpg 803w\" sizes=\"auto, (max-width: 685px) 100vw, 685px\" \/><\/a><\/p>\n<p><em>1942. a uusaastakaart. Fotograaf ja kirjastaja teadmata.<\/em><\/p>\n<p><a href=\"https:\/\/blog.erm.ee\/wp-content\/uploads\/2015\/12\/scan035.jpg\" rel=\"attachment wp-att-7447\"><img loading=\"lazy\" decoding=\"async\" data-attachment-id=\"7447\" data-permalink=\"https:\/\/blog.erm.ee\/?attachment_id=7447#main\" data-orig-file=\"https:\/\/blog.erm.ee\/wp-content\/uploads\/2015\/12\/scan035.jpg\" data-orig-size=\"820,1200\" data-comments-opened=\"1\" data-image-meta=\"{&quot;aperture&quot;:&quot;0&quot;,&quot;credit&quot;:&quot;&quot;,&quot;camera&quot;:&quot;&quot;,&quot;caption&quot;:&quot;&quot;,&quot;created_timestamp&quot;:&quot;0&quot;,&quot;copyright&quot;:&quot;&quot;,&quot;focal_length&quot;:&quot;0&quot;,&quot;iso&quot;:&quot;0&quot;,&quot;shutter_speed&quot;:&quot;0&quot;,&quot;title&quot;:&quot;&quot;,&quot;orientation&quot;:&quot;0&quot;}\" data-image-title=\"scan035\" data-image-description=\"\" data-image-caption=\"\" data-large-file=\"https:\/\/blog.erm.ee\/wp-content\/uploads\/2015\/12\/scan035-700x1024.jpg\" class=\"alignnone size-large wp-image-7447\" src=\"https:\/\/blog.erm.ee\/wp-content\/uploads\/2015\/12\/scan035-700x1024.jpg\" alt=\"scan035\" width=\"700\" height=\"1024\" srcset=\"https:\/\/blog.erm.ee\/wp-content\/uploads\/2015\/12\/scan035-700x1024.jpg 700w, https:\/\/blog.erm.ee\/wp-content\/uploads\/2015\/12\/scan035-178x260.jpg 178w, https:\/\/blog.erm.ee\/wp-content\/uploads\/2015\/12\/scan035-205x300.jpg 205w, https:\/\/blog.erm.ee\/wp-content\/uploads\/2015\/12\/scan035-768x1124.jpg 768w, https:\/\/blog.erm.ee\/wp-content\/uploads\/2015\/12\/scan035.jpg 820w\" sizes=\"auto, (max-width: 700px) 100vw, 700px\" \/><\/a><\/p>\n<p><em>1945. a p\u00fchadekaart. Fotograaf ja kirjastaja teadmata.<\/em><\/p>\n<p><em>L\u00f5butsege h\u00e4sti!<\/em><\/p>\n<p>N\u00f5ukogude ajal asendusid \u201eR\u00f5\u00f5msaid j\u00f5ulup\u00fchi!\u201c soovid \u201eH\u00e4id n\u00e4\u00e4rip\u00fchi!\u201c v\u00f5i lakoonilise \u201eH\u00e4id p\u00fchi!\u201c kirjaga. Rohkem oli saada uue aasta \u00f5nnitluskaarte, nii eesti- kui venekeelsete kirjadega. Paljud eestimeelsed pered v\u00e4ltisid venekeelsete kirjadega kirevaid postkaarte, kuid aeg-ajalt sattus neidki postkasti, sest n\u00e4iteks maasidejaoskondadesse teistsuguseid kaarte m\u00fc\u00fcgile ei tulnudki. Tol ajal olid levinud ka fotod vanadest postkaartidest, talvised loodusvaated ja ilma kirjadeta n\u00e4\u00e4rikompositsioonid. J\u00f5uluvanad asendusid n\u00e4\u00e4rivanadega ja \u00fches sellega ka nende r\u00f5ivamood. Enamasti on teada nii kunstnik kui tr\u00fckikoda ja tiraa\u017eki on sageli \u00e4ra m\u00e4rgitud.<\/p>\n<p><a href=\"https:\/\/blog.erm.ee\/wp-content\/uploads\/2015\/12\/scan012.jpg\" rel=\"attachment wp-att-7448\"><img loading=\"lazy\" decoding=\"async\" data-attachment-id=\"7448\" data-permalink=\"https:\/\/blog.erm.ee\/?attachment_id=7448#main\" data-orig-file=\"https:\/\/blog.erm.ee\/wp-content\/uploads\/2015\/12\/scan012.jpg\" data-orig-size=\"869,1200\" data-comments-opened=\"1\" data-image-meta=\"{&quot;aperture&quot;:&quot;0&quot;,&quot;credit&quot;:&quot;&quot;,&quot;camera&quot;:&quot;&quot;,&quot;caption&quot;:&quot;&quot;,&quot;created_timestamp&quot;:&quot;0&quot;,&quot;copyright&quot;:&quot;&quot;,&quot;focal_length&quot;:&quot;0&quot;,&quot;iso&quot;:&quot;0&quot;,&quot;shutter_speed&quot;:&quot;0&quot;,&quot;title&quot;:&quot;&quot;,&quot;orientation&quot;:&quot;0&quot;}\" data-image-title=\"scan012\" data-image-description=\"\" data-image-caption=\"\" data-large-file=\"https:\/\/blog.erm.ee\/wp-content\/uploads\/2015\/12\/scan012-742x1024.jpg\" class=\"alignnone size-large wp-image-7448\" src=\"https:\/\/blog.erm.ee\/wp-content\/uploads\/2015\/12\/scan012-742x1024.jpg\" alt=\"scan012\" width=\"700\" height=\"966\" srcset=\"https:\/\/blog.erm.ee\/wp-content\/uploads\/2015\/12\/scan012-742x1024.jpg 742w, https:\/\/blog.erm.ee\/wp-content\/uploads\/2015\/12\/scan012-188x260.jpg 188w, https:\/\/blog.erm.ee\/wp-content\/uploads\/2015\/12\/scan012-217x300.jpg 217w, https:\/\/blog.erm.ee\/wp-content\/uploads\/2015\/12\/scan012-768x1061.jpg 768w, https:\/\/blog.erm.ee\/wp-content\/uploads\/2015\/12\/scan012.jpg 869w\" sizes=\"auto, (max-width: 700px) 100vw, 700px\" \/><\/a><\/p>\n<p><em>1955. a uusaastakaart. Kunstnik Margarethe Fuks. Eesti Riiklik Kirjastus. <\/em><\/p>\n<p><a href=\"https:\/\/blog.erm.ee\/wp-content\/uploads\/2015\/12\/scan006.jpg\" rel=\"attachment wp-att-7449\"><img loading=\"lazy\" decoding=\"async\" data-attachment-id=\"7449\" data-permalink=\"https:\/\/blog.erm.ee\/?attachment_id=7449#main\" data-orig-file=\"https:\/\/blog.erm.ee\/wp-content\/uploads\/2015\/12\/scan006.jpg\" data-orig-size=\"1200,897\" data-comments-opened=\"1\" data-image-meta=\"{&quot;aperture&quot;:&quot;0&quot;,&quot;credit&quot;:&quot;&quot;,&quot;camera&quot;:&quot;&quot;,&quot;caption&quot;:&quot;&quot;,&quot;created_timestamp&quot;:&quot;0&quot;,&quot;copyright&quot;:&quot;&quot;,&quot;focal_length&quot;:&quot;0&quot;,&quot;iso&quot;:&quot;0&quot;,&quot;shutter_speed&quot;:&quot;0&quot;,&quot;title&quot;:&quot;&quot;,&quot;orientation&quot;:&quot;0&quot;}\" data-image-title=\"scan006\" data-image-description=\"\" data-image-caption=\"\" data-large-file=\"https:\/\/blog.erm.ee\/wp-content\/uploads\/2015\/12\/scan006-1024x765.jpg\" class=\"alignnone size-large wp-image-7449\" src=\"https:\/\/blog.erm.ee\/wp-content\/uploads\/2015\/12\/scan006-1024x765.jpg\" alt=\"scan006\" width=\"700\" height=\"523\" srcset=\"https:\/\/blog.erm.ee\/wp-content\/uploads\/2015\/12\/scan006-1024x765.jpg 1024w, https:\/\/blog.erm.ee\/wp-content\/uploads\/2015\/12\/scan006-348x260.jpg 348w, https:\/\/blog.erm.ee\/wp-content\/uploads\/2015\/12\/scan006-300x224.jpg 300w, https:\/\/blog.erm.ee\/wp-content\/uploads\/2015\/12\/scan006-768x574.jpg 768w, https:\/\/blog.erm.ee\/wp-content\/uploads\/2015\/12\/scan006.jpg 1200w\" sizes=\"auto, (max-width: 700px) 100vw, 700px\" \/><\/a><\/p>\n<p><em>1957. a fotopostkaart. Fotograaf ja v\u00e4ljaandja teadmata.<\/em><\/p>\n<p><a href=\"https:\/\/blog.erm.ee\/wp-content\/uploads\/2015\/12\/scan011.jpg\" rel=\"attachment wp-att-7450\"><img loading=\"lazy\" decoding=\"async\" data-attachment-id=\"7450\" data-permalink=\"https:\/\/blog.erm.ee\/?attachment_id=7450#main\" data-orig-file=\"https:\/\/blog.erm.ee\/wp-content\/uploads\/2015\/12\/scan011.jpg\" data-orig-size=\"860,1200\" data-comments-opened=\"1\" data-image-meta=\"{&quot;aperture&quot;:&quot;0&quot;,&quot;credit&quot;:&quot;&quot;,&quot;camera&quot;:&quot;&quot;,&quot;caption&quot;:&quot;&quot;,&quot;created_timestamp&quot;:&quot;0&quot;,&quot;copyright&quot;:&quot;&quot;,&quot;focal_length&quot;:&quot;0&quot;,&quot;iso&quot;:&quot;0&quot;,&quot;shutter_speed&quot;:&quot;0&quot;,&quot;title&quot;:&quot;&quot;,&quot;orientation&quot;:&quot;0&quot;}\" data-image-title=\"scan011\" data-image-description=\"\" data-image-caption=\"\" data-large-file=\"https:\/\/blog.erm.ee\/wp-content\/uploads\/2015\/12\/scan011-734x1024.jpg\" class=\"alignnone size-large wp-image-7450\" src=\"https:\/\/blog.erm.ee\/wp-content\/uploads\/2015\/12\/scan011-734x1024.jpg\" alt=\"scan011\" width=\"700\" height=\"977\" srcset=\"https:\/\/blog.erm.ee\/wp-content\/uploads\/2015\/12\/scan011-734x1024.jpg 734w, https:\/\/blog.erm.ee\/wp-content\/uploads\/2015\/12\/scan011-186x260.jpg 186w, https:\/\/blog.erm.ee\/wp-content\/uploads\/2015\/12\/scan011-215x300.jpg 215w, https:\/\/blog.erm.ee\/wp-content\/uploads\/2015\/12\/scan011-768x1072.jpg 768w, https:\/\/blog.erm.ee\/wp-content\/uploads\/2015\/12\/scan011.jpg 860w\" sizes=\"auto, (max-width: 700px) 100vw, 700px\" \/><\/a><\/p>\n<p><em>1958. a n\u00e4\u00e4rikaart. Kunstnik Silvi V\u00e4ljal. Tr\u00fckikoda \u201eOktoober\u201c.<\/em><\/p>\n<p><em>J\u00f5ulutervituste ja parimate uusaastasoovidega sai ka sugulastele ja s\u00f5pradele s\u00f5numeid saadetud.<\/em><\/p>\n<p><a href=\"https:\/\/blog.erm.ee\/wp-content\/uploads\/2015\/12\/0111-aa0148.jpg\" rel=\"attachment wp-att-7451\"><img loading=\"lazy\" decoding=\"async\" data-attachment-id=\"7451\" data-permalink=\"https:\/\/blog.erm.ee\/?attachment_id=7451#main\" data-orig-file=\"https:\/\/blog.erm.ee\/wp-content\/uploads\/2015\/12\/0111-aa0148.jpg\" data-orig-size=\"1200,801\" data-comments-opened=\"1\" data-image-meta=\"{&quot;aperture&quot;:&quot;0&quot;,&quot;credit&quot;:&quot;&quot;,&quot;camera&quot;:&quot;&quot;,&quot;caption&quot;:&quot;&quot;,&quot;created_timestamp&quot;:&quot;1366190855&quot;,&quot;copyright&quot;:&quot;\\u00a9Eesti Rahva Muuseum&quot;,&quot;focal_length&quot;:&quot;0&quot;,&quot;iso&quot;:&quot;0&quot;,&quot;shutter_speed&quot;:&quot;0&quot;,&quot;title&quot;:&quot;&quot;,&quot;orientation&quot;:&quot;0&quot;}\" data-image-title=\"0111 aa0148\" data-image-description=\"\" data-image-caption=\"\" data-large-file=\"https:\/\/blog.erm.ee\/wp-content\/uploads\/2015\/12\/0111-aa0148-1024x684.jpg\" class=\"alignnone size-large wp-image-7451\" src=\"https:\/\/blog.erm.ee\/wp-content\/uploads\/2015\/12\/0111-aa0148-1024x684.jpg\" alt=\"0111 aa0148\" width=\"700\" height=\"468\" srcset=\"https:\/\/blog.erm.ee\/wp-content\/uploads\/2015\/12\/0111-aa0148-1024x684.jpg 1024w, https:\/\/blog.erm.ee\/wp-content\/uploads\/2015\/12\/0111-aa0148-390x260.jpg 390w, https:\/\/blog.erm.ee\/wp-content\/uploads\/2015\/12\/0111-aa0148-300x200.jpg 300w, https:\/\/blog.erm.ee\/wp-content\/uploads\/2015\/12\/0111-aa0148-768x513.jpg 768w, https:\/\/blog.erm.ee\/wp-content\/uploads\/2015\/12\/0111-aa0148.jpg 1200w\" sizes=\"auto, (max-width: 700px) 100vw, 700px\" \/><\/a><\/p>\n<p><a href=\"https:\/\/blog.erm.ee\/wp-content\/uploads\/2015\/12\/scan033.jpg\" rel=\"attachment wp-att-7452\"><img loading=\"lazy\" decoding=\"async\" data-attachment-id=\"7452\" data-permalink=\"https:\/\/blog.erm.ee\/?attachment_id=7452#main\" data-orig-file=\"https:\/\/blog.erm.ee\/wp-content\/uploads\/2015\/12\/scan033.jpg\" data-orig-size=\"856,1200\" data-comments-opened=\"1\" data-image-meta=\"{&quot;aperture&quot;:&quot;0&quot;,&quot;credit&quot;:&quot;&quot;,&quot;camera&quot;:&quot;&quot;,&quot;caption&quot;:&quot;&quot;,&quot;created_timestamp&quot;:&quot;0&quot;,&quot;copyright&quot;:&quot;&quot;,&quot;focal_length&quot;:&quot;0&quot;,&quot;iso&quot;:&quot;0&quot;,&quot;shutter_speed&quot;:&quot;0&quot;,&quot;title&quot;:&quot;&quot;,&quot;orientation&quot;:&quot;0&quot;}\" data-image-title=\"scan033\" data-image-description=\"\" data-image-caption=\"\" data-large-file=\"https:\/\/blog.erm.ee\/wp-content\/uploads\/2015\/12\/scan033-730x1024.jpg\" class=\"alignnone size-large wp-image-7452\" src=\"https:\/\/blog.erm.ee\/wp-content\/uploads\/2015\/12\/scan033-730x1024.jpg\" alt=\"scan033\" width=\"700\" height=\"982\" srcset=\"https:\/\/blog.erm.ee\/wp-content\/uploads\/2015\/12\/scan033-730x1024.jpg 730w, https:\/\/blog.erm.ee\/wp-content\/uploads\/2015\/12\/scan033-185x260.jpg 185w, https:\/\/blog.erm.ee\/wp-content\/uploads\/2015\/12\/scan033-214x300.jpg 214w, https:\/\/blog.erm.ee\/wp-content\/uploads\/2015\/12\/scan033-768x1077.jpg 768w, https:\/\/blog.erm.ee\/wp-content\/uploads\/2015\/12\/scan033.jpg 856w\" sizes=\"auto, (max-width: 700px) 100vw, 700px\" \/><\/a><\/p>\n<p><em>1961. a n\u00e4\u00e4rikaart. Kunstnik Hugo Mitt. Kirjastus \u201eEesti NSV Kunst\u201c.<\/em><\/p>\n<p><a href=\"https:\/\/blog.erm.ee\/wp-content\/uploads\/2015\/12\/scan018.jpg\" rel=\"attachment wp-att-7453\"><img loading=\"lazy\" decoding=\"async\" data-attachment-id=\"7453\" data-permalink=\"https:\/\/blog.erm.ee\/?attachment_id=7453#main\" data-orig-file=\"https:\/\/blog.erm.ee\/wp-content\/uploads\/2015\/12\/scan018.jpg\" data-orig-size=\"1200,853\" data-comments-opened=\"1\" data-image-meta=\"{&quot;aperture&quot;:&quot;0&quot;,&quot;credit&quot;:&quot;&quot;,&quot;camera&quot;:&quot;&quot;,&quot;caption&quot;:&quot;&quot;,&quot;created_timestamp&quot;:&quot;0&quot;,&quot;copyright&quot;:&quot;&quot;,&quot;focal_length&quot;:&quot;0&quot;,&quot;iso&quot;:&quot;0&quot;,&quot;shutter_speed&quot;:&quot;0&quot;,&quot;title&quot;:&quot;&quot;,&quot;orientation&quot;:&quot;0&quot;}\" data-image-title=\"scan018\" data-image-description=\"\" data-image-caption=\"\" data-large-file=\"https:\/\/blog.erm.ee\/wp-content\/uploads\/2015\/12\/scan018-1024x728.jpg\" class=\"alignnone size-large wp-image-7453\" src=\"https:\/\/blog.erm.ee\/wp-content\/uploads\/2015\/12\/scan018-1024x728.jpg\" alt=\"scan018\" width=\"700\" height=\"498\" srcset=\"https:\/\/blog.erm.ee\/wp-content\/uploads\/2015\/12\/scan018-1024x728.jpg 1024w, https:\/\/blog.erm.ee\/wp-content\/uploads\/2015\/12\/scan018-366x260.jpg 366w, https:\/\/blog.erm.ee\/wp-content\/uploads\/2015\/12\/scan018-300x213.jpg 300w, https:\/\/blog.erm.ee\/wp-content\/uploads\/2015\/12\/scan018-768x546.jpg 768w, https:\/\/blog.erm.ee\/wp-content\/uploads\/2015\/12\/scan018.jpg 1200w\" sizes=\"auto, (max-width: 700px) 100vw, 700px\" \/><\/a><\/p>\n<p><em>1962. a n\u00e4\u00e4rikaart. Kunstnik Asta Vender. Tr\u00fckikoda \u201eOktoober\u201c.<\/em><\/p>\n<p><a href=\"https:\/\/blog.erm.ee\/wp-content\/uploads\/2015\/12\/0172-aa0209.jpg\" rel=\"attachment wp-att-7454\"><img loading=\"lazy\" decoding=\"async\" data-attachment-id=\"7454\" data-permalink=\"https:\/\/blog.erm.ee\/?attachment_id=7454#main\" data-orig-file=\"https:\/\/blog.erm.ee\/wp-content\/uploads\/2015\/12\/0172-aa0209.jpg\" data-orig-size=\"1200,801\" data-comments-opened=\"1\" data-image-meta=\"{&quot;aperture&quot;:&quot;0&quot;,&quot;credit&quot;:&quot;&quot;,&quot;camera&quot;:&quot;&quot;,&quot;caption&quot;:&quot;&quot;,&quot;created_timestamp&quot;:&quot;1366192092&quot;,&quot;copyright&quot;:&quot;\\u00a9Eesti Rahva Muuseum&quot;,&quot;focal_length&quot;:&quot;0&quot;,&quot;iso&quot;:&quot;0&quot;,&quot;shutter_speed&quot;:&quot;0&quot;,&quot;title&quot;:&quot;&quot;,&quot;orientation&quot;:&quot;0&quot;}\" data-image-title=\"0172 aa0209\" data-image-description=\"\" data-image-caption=\"\" data-large-file=\"https:\/\/blog.erm.ee\/wp-content\/uploads\/2015\/12\/0172-aa0209-1024x684.jpg\" class=\"alignnone size-large wp-image-7454\" src=\"https:\/\/blog.erm.ee\/wp-content\/uploads\/2015\/12\/0172-aa0209-1024x684.jpg\" alt=\"0172 aa0209\" width=\"700\" height=\"468\" srcset=\"https:\/\/blog.erm.ee\/wp-content\/uploads\/2015\/12\/0172-aa0209-1024x684.jpg 1024w, https:\/\/blog.erm.ee\/wp-content\/uploads\/2015\/12\/0172-aa0209-390x260.jpg 390w, https:\/\/blog.erm.ee\/wp-content\/uploads\/2015\/12\/0172-aa0209-300x200.jpg 300w, https:\/\/blog.erm.ee\/wp-content\/uploads\/2015\/12\/0172-aa0209-768x513.jpg 768w, https:\/\/blog.erm.ee\/wp-content\/uploads\/2015\/12\/0172-aa0209.jpg 1200w\" sizes=\"auto, (max-width: 700px) 100vw, 700px\" \/><\/a><\/p>\n<p><em>1965. a uusaastakaart. Kunstnik Asta Vender. Kirjastus \u201eEesti Raamat\u201c.<\/em><\/p>\n<p><a href=\"https:\/\/blog.erm.ee\/wp-content\/uploads\/2015\/12\/scan017.jpg\" rel=\"attachment wp-att-7455\"><img loading=\"lazy\" decoding=\"async\" data-attachment-id=\"7455\" data-permalink=\"https:\/\/blog.erm.ee\/?attachment_id=7455#main\" data-orig-file=\"https:\/\/blog.erm.ee\/wp-content\/uploads\/2015\/12\/scan017.jpg\" data-orig-size=\"852,1200\" data-comments-opened=\"1\" data-image-meta=\"{&quot;aperture&quot;:&quot;0&quot;,&quot;credit&quot;:&quot;&quot;,&quot;camera&quot;:&quot;&quot;,&quot;caption&quot;:&quot;&quot;,&quot;created_timestamp&quot;:&quot;0&quot;,&quot;copyright&quot;:&quot;&quot;,&quot;focal_length&quot;:&quot;0&quot;,&quot;iso&quot;:&quot;0&quot;,&quot;shutter_speed&quot;:&quot;0&quot;,&quot;title&quot;:&quot;&quot;,&quot;orientation&quot;:&quot;0&quot;}\" data-image-title=\"scan017\" data-image-description=\"\" data-image-caption=\"\" data-large-file=\"https:\/\/blog.erm.ee\/wp-content\/uploads\/2015\/12\/scan017-727x1024.jpg\" class=\"alignnone size-large wp-image-7455\" src=\"https:\/\/blog.erm.ee\/wp-content\/uploads\/2015\/12\/scan017-727x1024.jpg\" alt=\"scan017\" width=\"700\" height=\"986\" srcset=\"https:\/\/blog.erm.ee\/wp-content\/uploads\/2015\/12\/scan017-727x1024.jpg 727w, https:\/\/blog.erm.ee\/wp-content\/uploads\/2015\/12\/scan017-185x260.jpg 185w, https:\/\/blog.erm.ee\/wp-content\/uploads\/2015\/12\/scan017-213x300.jpg 213w, https:\/\/blog.erm.ee\/wp-content\/uploads\/2015\/12\/scan017-768x1082.jpg 768w, https:\/\/blog.erm.ee\/wp-content\/uploads\/2015\/12\/scan017.jpg 852w\" sizes=\"auto, (max-width: 700px) 100vw, 700px\" \/><\/a><\/p>\n<p><em>1966. a uusaastakaart. Kunstnik K. Pukk? Kirjastus \u201eEesti Raamat\u201c, 1965.<\/em><\/p>\n<p><a href=\"https:\/\/blog.erm.ee\/wp-content\/uploads\/2015\/12\/scan016.jpg\" rel=\"attachment wp-att-7456\"><img loading=\"lazy\" decoding=\"async\" data-attachment-id=\"7456\" data-permalink=\"https:\/\/blog.erm.ee\/?attachment_id=7456#main\" data-orig-file=\"https:\/\/blog.erm.ee\/wp-content\/uploads\/2015\/12\/scan016.jpg\" data-orig-size=\"877,1200\" data-comments-opened=\"1\" data-image-meta=\"{&quot;aperture&quot;:&quot;0&quot;,&quot;credit&quot;:&quot;&quot;,&quot;camera&quot;:&quot;&quot;,&quot;caption&quot;:&quot;&quot;,&quot;created_timestamp&quot;:&quot;0&quot;,&quot;copyright&quot;:&quot;&quot;,&quot;focal_length&quot;:&quot;0&quot;,&quot;iso&quot;:&quot;0&quot;,&quot;shutter_speed&quot;:&quot;0&quot;,&quot;title&quot;:&quot;&quot;,&quot;orientation&quot;:&quot;0&quot;}\" data-image-title=\"scan016\" data-image-description=\"\" data-image-caption=\"\" data-large-file=\"https:\/\/blog.erm.ee\/wp-content\/uploads\/2015\/12\/scan016-748x1024.jpg\" class=\"alignnone size-large wp-image-7456\" src=\"https:\/\/blog.erm.ee\/wp-content\/uploads\/2015\/12\/scan016-748x1024.jpg\" alt=\"scan016\" width=\"700\" height=\"958\" srcset=\"https:\/\/blog.erm.ee\/wp-content\/uploads\/2015\/12\/scan016-748x1024.jpg 748w, https:\/\/blog.erm.ee\/wp-content\/uploads\/2015\/12\/scan016-190x260.jpg 190w, https:\/\/blog.erm.ee\/wp-content\/uploads\/2015\/12\/scan016-219x300.jpg 219w, https:\/\/blog.erm.ee\/wp-content\/uploads\/2015\/12\/scan016-768x1051.jpg 768w, https:\/\/blog.erm.ee\/wp-content\/uploads\/2015\/12\/scan016.jpg 877w\" sizes=\"auto, (max-width: 700px) 100vw, 700px\" \/><\/a><\/p>\n<p><em>1967. a uusaastakaart. Kunstnik Lilian H\u00e4rm, Tr\u00fckikoda \u201eOktoober\u201c.<\/em><\/p>\n<p><a href=\"https:\/\/blog.erm.ee\/wp-content\/uploads\/2015\/12\/scan023.jpg\" rel=\"attachment wp-att-7457\"><img loading=\"lazy\" decoding=\"async\" data-attachment-id=\"7457\" data-permalink=\"https:\/\/blog.erm.ee\/?attachment_id=7457#main\" data-orig-file=\"https:\/\/blog.erm.ee\/wp-content\/uploads\/2015\/12\/scan023.jpg\" data-orig-size=\"1200,859\" data-comments-opened=\"1\" data-image-meta=\"{&quot;aperture&quot;:&quot;0&quot;,&quot;credit&quot;:&quot;&quot;,&quot;camera&quot;:&quot;&quot;,&quot;caption&quot;:&quot;&quot;,&quot;created_timestamp&quot;:&quot;0&quot;,&quot;copyright&quot;:&quot;&quot;,&quot;focal_length&quot;:&quot;0&quot;,&quot;iso&quot;:&quot;0&quot;,&quot;shutter_speed&quot;:&quot;0&quot;,&quot;title&quot;:&quot;&quot;,&quot;orientation&quot;:&quot;0&quot;}\" data-image-title=\"scan023\" data-image-description=\"\" data-image-caption=\"\" data-large-file=\"https:\/\/blog.erm.ee\/wp-content\/uploads\/2015\/12\/scan023-1024x733.jpg\" class=\"alignnone size-large wp-image-7457\" src=\"https:\/\/blog.erm.ee\/wp-content\/uploads\/2015\/12\/scan023-1024x733.jpg\" alt=\"scan023\" width=\"700\" height=\"501\" srcset=\"https:\/\/blog.erm.ee\/wp-content\/uploads\/2015\/12\/scan023-1024x733.jpg 1024w, https:\/\/blog.erm.ee\/wp-content\/uploads\/2015\/12\/scan023-363x260.jpg 363w, https:\/\/blog.erm.ee\/wp-content\/uploads\/2015\/12\/scan023-300x215.jpg 300w, https:\/\/blog.erm.ee\/wp-content\/uploads\/2015\/12\/scan023-768x550.jpg 768w, https:\/\/blog.erm.ee\/wp-content\/uploads\/2015\/12\/scan023.jpg 1200w\" sizes=\"auto, (max-width: 700px) 100vw, 700px\" \/><\/a><\/p>\n<p><em>1970. a n\u00e4\u00e4rikompositsioon. Foto Vello Sillam, kunstnik Ene Pikk. Tr\u00fckikoda \u201eOktoober\u201c.<\/em><\/p>\n<p><em>J\u00f5ulukella helin<\/em><br \/>\n<em>hinge rahu loogu,<\/em><br \/>\n<em>uue aasta k\u00f5lin,<\/em><br \/>\n<em>tervist, \u00f5nne toogu.<\/em><\/p>\n<p><a href=\"https:\/\/blog.erm.ee\/wp-content\/uploads\/2015\/12\/scan022.jpg\" rel=\"attachment wp-att-7458\"><img loading=\"lazy\" decoding=\"async\" data-attachment-id=\"7458\" data-permalink=\"https:\/\/blog.erm.ee\/?attachment_id=7458#main\" data-orig-file=\"https:\/\/blog.erm.ee\/wp-content\/uploads\/2015\/12\/scan022.jpg\" data-orig-size=\"844,1200\" data-comments-opened=\"1\" data-image-meta=\"{&quot;aperture&quot;:&quot;0&quot;,&quot;credit&quot;:&quot;&quot;,&quot;camera&quot;:&quot;&quot;,&quot;caption&quot;:&quot;&quot;,&quot;created_timestamp&quot;:&quot;0&quot;,&quot;copyright&quot;:&quot;&quot;,&quot;focal_length&quot;:&quot;0&quot;,&quot;iso&quot;:&quot;0&quot;,&quot;shutter_speed&quot;:&quot;0&quot;,&quot;title&quot;:&quot;&quot;,&quot;orientation&quot;:&quot;0&quot;}\" data-image-title=\"scan022\" data-image-description=\"\" data-image-caption=\"\" data-large-file=\"https:\/\/blog.erm.ee\/wp-content\/uploads\/2015\/12\/scan022-720x1024.jpg\" class=\"alignnone size-large wp-image-7458\" src=\"https:\/\/blog.erm.ee\/wp-content\/uploads\/2015\/12\/scan022-720x1024.jpg\" alt=\"scan022\" width=\"700\" height=\"996\" srcset=\"https:\/\/blog.erm.ee\/wp-content\/uploads\/2015\/12\/scan022-720x1024.jpg 720w, https:\/\/blog.erm.ee\/wp-content\/uploads\/2015\/12\/scan022-183x260.jpg 183w, https:\/\/blog.erm.ee\/wp-content\/uploads\/2015\/12\/scan022-211x300.jpg 211w, https:\/\/blog.erm.ee\/wp-content\/uploads\/2015\/12\/scan022-768x1092.jpg 768w, https:\/\/blog.erm.ee\/wp-content\/uploads\/2015\/12\/scan022.jpg 844w\" sizes=\"auto, (max-width: 700px) 100vw, 700px\" \/><\/a><br \/>\n<em>1974. a n\u00e4\u00e4rikaart. Kunstnik Iivi Sampu-Raudsepp. Kirjastaja \u201eEesti Raamat\u201c.<\/em><\/p>\n<p><a href=\"https:\/\/blog.erm.ee\/wp-content\/uploads\/2015\/12\/scan030.jpg\" rel=\"attachment wp-att-7459\"><img loading=\"lazy\" decoding=\"async\" data-attachment-id=\"7459\" data-permalink=\"https:\/\/blog.erm.ee\/?attachment_id=7459#main\" data-orig-file=\"https:\/\/blog.erm.ee\/wp-content\/uploads\/2015\/12\/scan030.jpg\" data-orig-size=\"872,1200\" data-comments-opened=\"1\" data-image-meta=\"{&quot;aperture&quot;:&quot;0&quot;,&quot;credit&quot;:&quot;&quot;,&quot;camera&quot;:&quot;&quot;,&quot;caption&quot;:&quot;&quot;,&quot;created_timestamp&quot;:&quot;0&quot;,&quot;copyright&quot;:&quot;&quot;,&quot;focal_length&quot;:&quot;0&quot;,&quot;iso&quot;:&quot;0&quot;,&quot;shutter_speed&quot;:&quot;0&quot;,&quot;title&quot;:&quot;&quot;,&quot;orientation&quot;:&quot;0&quot;}\" data-image-title=\"scan030\" data-image-description=\"\" data-image-caption=\"\" data-large-file=\"https:\/\/blog.erm.ee\/wp-content\/uploads\/2015\/12\/scan030-744x1024.jpg\" class=\"alignnone size-large wp-image-7459\" src=\"https:\/\/blog.erm.ee\/wp-content\/uploads\/2015\/12\/scan030-744x1024.jpg\" alt=\"scan030\" width=\"700\" height=\"963\" srcset=\"https:\/\/blog.erm.ee\/wp-content\/uploads\/2015\/12\/scan030-744x1024.jpg 744w, https:\/\/blog.erm.ee\/wp-content\/uploads\/2015\/12\/scan030-189x260.jpg 189w, https:\/\/blog.erm.ee\/wp-content\/uploads\/2015\/12\/scan030-218x300.jpg 218w, https:\/\/blog.erm.ee\/wp-content\/uploads\/2015\/12\/scan030-768x1057.jpg 768w, https:\/\/blog.erm.ee\/wp-content\/uploads\/2015\/12\/scan030.jpg 872w\" sizes=\"auto, (max-width: 700px) 100vw, 700px\" \/><\/a><\/p>\n<p><em>1975. a uusaastakaart. Kunstnik Heinz Valk. V\u00e4ljaandja Kunstikombinaat ARS.<\/em><\/p>\n<p><a href=\"https:\/\/blog.erm.ee\/wp-content\/uploads\/2015\/12\/scan024.jpg\" rel=\"attachment wp-att-7460\"><img loading=\"lazy\" decoding=\"async\" data-attachment-id=\"7460\" data-permalink=\"https:\/\/blog.erm.ee\/?attachment_id=7460#main\" data-orig-file=\"https:\/\/blog.erm.ee\/wp-content\/uploads\/2015\/12\/scan024.jpg\" data-orig-size=\"864,1200\" data-comments-opened=\"1\" data-image-meta=\"{&quot;aperture&quot;:&quot;0&quot;,&quot;credit&quot;:&quot;&quot;,&quot;camera&quot;:&quot;&quot;,&quot;caption&quot;:&quot;&quot;,&quot;created_timestamp&quot;:&quot;0&quot;,&quot;copyright&quot;:&quot;&quot;,&quot;focal_length&quot;:&quot;0&quot;,&quot;iso&quot;:&quot;0&quot;,&quot;shutter_speed&quot;:&quot;0&quot;,&quot;title&quot;:&quot;&quot;,&quot;orientation&quot;:&quot;0&quot;}\" data-image-title=\"scan024\" data-image-description=\"\" data-image-caption=\"\" data-large-file=\"https:\/\/blog.erm.ee\/wp-content\/uploads\/2015\/12\/scan024-737x1024.jpg\" class=\"alignnone size-large wp-image-7460\" src=\"https:\/\/blog.erm.ee\/wp-content\/uploads\/2015\/12\/scan024-737x1024.jpg\" alt=\"scan024\" width=\"700\" height=\"973\" srcset=\"https:\/\/blog.erm.ee\/wp-content\/uploads\/2015\/12\/scan024-737x1024.jpg 737w, https:\/\/blog.erm.ee\/wp-content\/uploads\/2015\/12\/scan024-187x260.jpg 187w, https:\/\/blog.erm.ee\/wp-content\/uploads\/2015\/12\/scan024-216x300.jpg 216w, https:\/\/blog.erm.ee\/wp-content\/uploads\/2015\/12\/scan024-768x1067.jpg 768w, https:\/\/blog.erm.ee\/wp-content\/uploads\/2015\/12\/scan024.jpg 864w\" sizes=\"auto, (max-width: 700px) 100vw, 700px\" \/><\/a><\/p>\n<p><em>1981. a uusaastakaart. Kunstnik Elle Tikerp\u00e4e. Kirjastaja \u201eEesti Raamat\u201c.<\/em><\/p>\n<p><em>Ilusaid j\u00f5ule,<\/em><br \/>\n<em>s\u00e4ravat k\u00fc\u00fcnlatulede valgust,<\/em><br \/>\n<em>tujuk\u00fcllast uue aasta algust!<\/em><\/p>\n<p><a href=\"https:\/\/blog.erm.ee\/wp-content\/uploads\/2015\/12\/scan020.jpg\" rel=\"attachment wp-att-7461\"><img loading=\"lazy\" decoding=\"async\" data-attachment-id=\"7461\" data-permalink=\"https:\/\/blog.erm.ee\/?attachment_id=7461#main\" data-orig-file=\"https:\/\/blog.erm.ee\/wp-content\/uploads\/2015\/12\/scan020.jpg\" data-orig-size=\"859,1200\" data-comments-opened=\"1\" data-image-meta=\"{&quot;aperture&quot;:&quot;0&quot;,&quot;credit&quot;:&quot;&quot;,&quot;camera&quot;:&quot;&quot;,&quot;caption&quot;:&quot;&quot;,&quot;created_timestamp&quot;:&quot;0&quot;,&quot;copyright&quot;:&quot;&quot;,&quot;focal_length&quot;:&quot;0&quot;,&quot;iso&quot;:&quot;0&quot;,&quot;shutter_speed&quot;:&quot;0&quot;,&quot;title&quot;:&quot;&quot;,&quot;orientation&quot;:&quot;0&quot;}\" data-image-title=\"scan020\" data-image-description=\"\" data-image-caption=\"\" data-large-file=\"https:\/\/blog.erm.ee\/wp-content\/uploads\/2015\/12\/scan020-733x1024.jpg\" class=\"alignnone size-large wp-image-7461\" src=\"https:\/\/blog.erm.ee\/wp-content\/uploads\/2015\/12\/scan020-733x1024.jpg\" alt=\"scan020\" width=\"700\" height=\"978\" srcset=\"https:\/\/blog.erm.ee\/wp-content\/uploads\/2015\/12\/scan020-733x1024.jpg 733w, https:\/\/blog.erm.ee\/wp-content\/uploads\/2015\/12\/scan020-186x260.jpg 186w, https:\/\/blog.erm.ee\/wp-content\/uploads\/2015\/12\/scan020-215x300.jpg 215w, https:\/\/blog.erm.ee\/wp-content\/uploads\/2015\/12\/scan020-768x1073.jpg 768w, https:\/\/blog.erm.ee\/wp-content\/uploads\/2015\/12\/scan020.jpg 859w\" sizes=\"auto, (max-width: 700px) 100vw, 700px\" \/><\/a><br \/>\n<em>1984. a uusaastakaart. V\u00e4ljaandja NSVL sideministeerium.<\/em><\/p>\n<p><em>Toogu teile aasta uus<\/em><br \/>\n<em>12 \u00f5nnelikku kuud.<\/em><br \/>\n<em>Tulgu n\u00e4\u00e4rid l\u00f5busad,<\/em><br \/>\n<em>piparkoogid magusad.<\/em><\/p>\n<p><a href=\"https:\/\/blog.erm.ee\/wp-content\/uploads\/2015\/12\/scan019.jpg\" rel=\"attachment wp-att-7462\"><img loading=\"lazy\" decoding=\"async\" data-attachment-id=\"7462\" data-permalink=\"https:\/\/blog.erm.ee\/?attachment_id=7462#main\" data-orig-file=\"https:\/\/blog.erm.ee\/wp-content\/uploads\/2015\/12\/scan019.jpg\" data-orig-size=\"1200,859\" data-comments-opened=\"1\" data-image-meta=\"{&quot;aperture&quot;:&quot;0&quot;,&quot;credit&quot;:&quot;&quot;,&quot;camera&quot;:&quot;&quot;,&quot;caption&quot;:&quot;&quot;,&quot;created_timestamp&quot;:&quot;0&quot;,&quot;copyright&quot;:&quot;&quot;,&quot;focal_length&quot;:&quot;0&quot;,&quot;iso&quot;:&quot;0&quot;,&quot;shutter_speed&quot;:&quot;0&quot;,&quot;title&quot;:&quot;&quot;,&quot;orientation&quot;:&quot;0&quot;}\" data-image-title=\"scan019\" data-image-description=\"\" data-image-caption=\"\" data-large-file=\"https:\/\/blog.erm.ee\/wp-content\/uploads\/2015\/12\/scan019-1024x733.jpg\" class=\"alignnone size-large wp-image-7462\" src=\"https:\/\/blog.erm.ee\/wp-content\/uploads\/2015\/12\/scan019-1024x733.jpg\" alt=\"scan019\" width=\"700\" height=\"501\" srcset=\"https:\/\/blog.erm.ee\/wp-content\/uploads\/2015\/12\/scan019-1024x733.jpg 1024w, https:\/\/blog.erm.ee\/wp-content\/uploads\/2015\/12\/scan019-363x260.jpg 363w, https:\/\/blog.erm.ee\/wp-content\/uploads\/2015\/12\/scan019-300x215.jpg 300w, https:\/\/blog.erm.ee\/wp-content\/uploads\/2015\/12\/scan019-768x550.jpg 768w, https:\/\/blog.erm.ee\/wp-content\/uploads\/2015\/12\/scan019.jpg 1200w\" sizes=\"auto, (max-width: 700px) 100vw, 700px\" \/><\/a><\/p>\n<p><em>1985. a n\u00e4\u00e4rikompositsioon. Foto R. Veskiloo. EKP Keskkomitee Kirjastuse tr\u00fckikoda, 1985.<\/em><\/p>\n<p><em>K\u00fc\u00fcnlas\u00e4ra n\u00e4\u00e4rikuusel<\/em><br \/>\n<em>j\u00e4\u00e4gu hinge s\u00e4rama,<\/em><br \/>\n<em>hallil argip\u00e4eval<\/em><br \/>\n<em>r\u00f5\u00f5mustagu s\u00fcdant ta!<\/em><\/p>\n<p><a href=\"https:\/\/blog.erm.ee\/wp-content\/uploads\/2015\/12\/0533-aa0073.jpg\" rel=\"attachment wp-att-7463\"><img loading=\"lazy\" decoding=\"async\" data-attachment-id=\"7463\" data-permalink=\"https:\/\/blog.erm.ee\/?attachment_id=7463#main\" data-orig-file=\"https:\/\/blog.erm.ee\/wp-content\/uploads\/2015\/12\/0533-aa0073.jpg\" data-orig-size=\"801,1200\" data-comments-opened=\"1\" data-image-meta=\"{&quot;aperture&quot;:&quot;0&quot;,&quot;credit&quot;:&quot;&quot;,&quot;camera&quot;:&quot;&quot;,&quot;caption&quot;:&quot;&quot;,&quot;created_timestamp&quot;:&quot;1366204820&quot;,&quot;copyright&quot;:&quot;\\u00a9Eesti Rahva Muuseum&quot;,&quot;focal_length&quot;:&quot;0&quot;,&quot;iso&quot;:&quot;0&quot;,&quot;shutter_speed&quot;:&quot;0&quot;,&quot;title&quot;:&quot;&quot;,&quot;orientation&quot;:&quot;0&quot;}\" data-image-title=\"0533 aa0073\" data-image-description=\"\" data-image-caption=\"\" data-large-file=\"https:\/\/blog.erm.ee\/wp-content\/uploads\/2015\/12\/0533-aa0073-684x1024.jpg\" class=\"alignnone size-large wp-image-7463\" src=\"https:\/\/blog.erm.ee\/wp-content\/uploads\/2015\/12\/0533-aa0073-684x1024.jpg\" alt=\"0533 aa0073\" width=\"684\" height=\"1024\" srcset=\"https:\/\/blog.erm.ee\/wp-content\/uploads\/2015\/12\/0533-aa0073-684x1024.jpg 684w, https:\/\/blog.erm.ee\/wp-content\/uploads\/2015\/12\/0533-aa0073-174x260.jpg 174w, https:\/\/blog.erm.ee\/wp-content\/uploads\/2015\/12\/0533-aa0073-200x300.jpg 200w, https:\/\/blog.erm.ee\/wp-content\/uploads\/2015\/12\/0533-aa0073-768x1151.jpg 768w, https:\/\/blog.erm.ee\/wp-content\/uploads\/2015\/12\/0533-aa0073.jpg 801w\" sizes=\"auto, (max-width: 684px) 100vw, 684px\" \/><\/a><br \/>\n<em>1988. a j\u00f5ulukaart. Kirjastus \u201eEesti Raamat\u201c.<\/em><\/p>\n<p><a href=\"https:\/\/blog.erm.ee\/wp-content\/uploads\/2015\/12\/scan021.jpg\" rel=\"attachment wp-att-7464\"><img loading=\"lazy\" decoding=\"async\" data-attachment-id=\"7464\" data-permalink=\"https:\/\/blog.erm.ee\/?attachment_id=7464#main\" data-orig-file=\"https:\/\/blog.erm.ee\/wp-content\/uploads\/2015\/12\/scan021.jpg\" data-orig-size=\"1200,857\" data-comments-opened=\"1\" data-image-meta=\"{&quot;aperture&quot;:&quot;0&quot;,&quot;credit&quot;:&quot;&quot;,&quot;camera&quot;:&quot;&quot;,&quot;caption&quot;:&quot;&quot;,&quot;created_timestamp&quot;:&quot;0&quot;,&quot;copyright&quot;:&quot;&quot;,&quot;focal_length&quot;:&quot;0&quot;,&quot;iso&quot;:&quot;0&quot;,&quot;shutter_speed&quot;:&quot;0&quot;,&quot;title&quot;:&quot;&quot;,&quot;orientation&quot;:&quot;0&quot;}\" data-image-title=\"scan021\" data-image-description=\"\" data-image-caption=\"\" data-large-file=\"https:\/\/blog.erm.ee\/wp-content\/uploads\/2015\/12\/scan021-1024x731.jpg\" class=\"alignnone size-large wp-image-7464\" src=\"https:\/\/blog.erm.ee\/wp-content\/uploads\/2015\/12\/scan021-1024x731.jpg\" alt=\"scan021\" width=\"700\" height=\"500\" srcset=\"https:\/\/blog.erm.ee\/wp-content\/uploads\/2015\/12\/scan021-1024x731.jpg 1024w, https:\/\/blog.erm.ee\/wp-content\/uploads\/2015\/12\/scan021-364x260.jpg 364w, https:\/\/blog.erm.ee\/wp-content\/uploads\/2015\/12\/scan021-300x214.jpg 300w, https:\/\/blog.erm.ee\/wp-content\/uploads\/2015\/12\/scan021-768x548.jpg 768w, https:\/\/blog.erm.ee\/wp-content\/uploads\/2015\/12\/scan021.jpg 1200w\" sizes=\"auto, (max-width: 700px) 100vw, 700px\" \/><\/a><\/p>\n<p><em>1989. a p\u00fchade postkaart Prostokva\u0161ino kangelastega. Multifilmi kunstnik A. \u0160er, postkaardi kunstnik T. T\u0161ebeleba. NSVL sideministeerium.<\/em><\/p>\n<p><em>Lahkuv aasta ukse suleb,<\/em><br \/>\n<em>uus me tuppa varsti tuleb.<\/em><br \/>\n<em>Tuleb pikas tuisusallis,<\/em><br \/>\n<em>k\u00fc\u00fcnlas\u00e4ras, pidutrallis!<\/em><\/p>\n<p><a href=\"https:\/\/blog.erm.ee\/wp-content\/uploads\/2015\/12\/scan025.jpg\" rel=\"attachment wp-att-7465\"><img loading=\"lazy\" decoding=\"async\" data-attachment-id=\"7465\" data-permalink=\"https:\/\/blog.erm.ee\/?attachment_id=7465#main\" data-orig-file=\"https:\/\/blog.erm.ee\/wp-content\/uploads\/2015\/12\/scan025.jpg\" data-orig-size=\"872,1200\" data-comments-opened=\"1\" data-image-meta=\"{&quot;aperture&quot;:&quot;0&quot;,&quot;credit&quot;:&quot;&quot;,&quot;camera&quot;:&quot;&quot;,&quot;caption&quot;:&quot;&quot;,&quot;created_timestamp&quot;:&quot;0&quot;,&quot;copyright&quot;:&quot;&quot;,&quot;focal_length&quot;:&quot;0&quot;,&quot;iso&quot;:&quot;0&quot;,&quot;shutter_speed&quot;:&quot;0&quot;,&quot;title&quot;:&quot;&quot;,&quot;orientation&quot;:&quot;0&quot;}\" data-image-title=\"scan025\" data-image-description=\"\" data-image-caption=\"\" data-large-file=\"https:\/\/blog.erm.ee\/wp-content\/uploads\/2015\/12\/scan025-744x1024.jpg\" class=\"alignnone size-large wp-image-7465\" src=\"https:\/\/blog.erm.ee\/wp-content\/uploads\/2015\/12\/scan025-744x1024.jpg\" alt=\"scan025\" width=\"700\" height=\"963\" srcset=\"https:\/\/blog.erm.ee\/wp-content\/uploads\/2015\/12\/scan025-744x1024.jpg 744w, https:\/\/blog.erm.ee\/wp-content\/uploads\/2015\/12\/scan025-189x260.jpg 189w, https:\/\/blog.erm.ee\/wp-content\/uploads\/2015\/12\/scan025-218x300.jpg 218w, https:\/\/blog.erm.ee\/wp-content\/uploads\/2015\/12\/scan025-768x1057.jpg 768w, https:\/\/blog.erm.ee\/wp-content\/uploads\/2015\/12\/scan025.jpg 872w\" sizes=\"auto, (max-width: 700px) 100vw, 700px\" \/><\/a><\/p>\n<p><em>1995. a j\u00f5ulukaart. Fotograaf Heinrich-Aleksander Paalvelt.<\/em><\/p>\n<p><a href=\"https:\/\/blog.erm.ee\/wp-content\/uploads\/2015\/12\/0661-aa0201.jpg\" rel=\"attachment wp-att-7466\"><img loading=\"lazy\" decoding=\"async\" data-attachment-id=\"7466\" data-permalink=\"https:\/\/blog.erm.ee\/?attachment_id=7466#main\" data-orig-file=\"https:\/\/blog.erm.ee\/wp-content\/uploads\/2015\/12\/0661-aa0201.jpg\" data-orig-size=\"801,1200\" data-comments-opened=\"1\" data-image-meta=\"{&quot;aperture&quot;:&quot;0&quot;,&quot;credit&quot;:&quot;&quot;,&quot;camera&quot;:&quot;&quot;,&quot;caption&quot;:&quot;&quot;,&quot;created_timestamp&quot;:&quot;1366211330&quot;,&quot;copyright&quot;:&quot;\\u00a9Eesti Rahva Muuseum&quot;,&quot;focal_length&quot;:&quot;0&quot;,&quot;iso&quot;:&quot;0&quot;,&quot;shutter_speed&quot;:&quot;0&quot;,&quot;title&quot;:&quot;&quot;,&quot;orientation&quot;:&quot;0&quot;}\" data-image-title=\"0661 aa0201\" data-image-description=\"\" data-image-caption=\"\" data-large-file=\"https:\/\/blog.erm.ee\/wp-content\/uploads\/2015\/12\/0661-aa0201-684x1024.jpg\" class=\"alignnone size-large wp-image-7466\" src=\"https:\/\/blog.erm.ee\/wp-content\/uploads\/2015\/12\/0661-aa0201-684x1024.jpg\" alt=\"0661 aa0201\" width=\"684\" height=\"1024\" srcset=\"https:\/\/blog.erm.ee\/wp-content\/uploads\/2015\/12\/0661-aa0201-684x1024.jpg 684w, https:\/\/blog.erm.ee\/wp-content\/uploads\/2015\/12\/0661-aa0201-174x260.jpg 174w, https:\/\/blog.erm.ee\/wp-content\/uploads\/2015\/12\/0661-aa0201-200x300.jpg 200w, https:\/\/blog.erm.ee\/wp-content\/uploads\/2015\/12\/0661-aa0201-768x1151.jpg 768w, https:\/\/blog.erm.ee\/wp-content\/uploads\/2015\/12\/0661-aa0201.jpg 801w\" sizes=\"auto, (max-width: 684px) 100vw, 684px\" \/><\/a><\/p>\n<p><em>1999. a j\u00f5ulukaart. Kunstnik teadmata. O\u00dc Gemmani. <\/em><\/p>\n<p><em>Lapsep\u00f5lve j\u00f5ulu\u00f5htu<\/em><br \/>\n<em>k\u00fc\u00fcnlatuli aisakell<\/em><br \/>\n<em>kauge aja tagant \u00f5hkub<\/em><br \/>\n<em>hinges m\u00e4lestus nii hell!<\/em><\/p>\n<p><a href=\"https:\/\/blog.erm.ee\/wp-content\/uploads\/2015\/12\/scan026.jpg\" rel=\"attachment wp-att-7467\"><img loading=\"lazy\" decoding=\"async\" data-attachment-id=\"7467\" data-permalink=\"https:\/\/blog.erm.ee\/?attachment_id=7467#main\" data-orig-file=\"https:\/\/blog.erm.ee\/wp-content\/uploads\/2015\/12\/scan026.jpg\" data-orig-size=\"874,1200\" data-comments-opened=\"1\" data-image-meta=\"{&quot;aperture&quot;:&quot;0&quot;,&quot;credit&quot;:&quot;&quot;,&quot;camera&quot;:&quot;&quot;,&quot;caption&quot;:&quot;&quot;,&quot;created_timestamp&quot;:&quot;0&quot;,&quot;copyright&quot;:&quot;&quot;,&quot;focal_length&quot;:&quot;0&quot;,&quot;iso&quot;:&quot;0&quot;,&quot;shutter_speed&quot;:&quot;0&quot;,&quot;title&quot;:&quot;&quot;,&quot;orientation&quot;:&quot;0&quot;}\" data-image-title=\"scan026\" data-image-description=\"\" data-image-caption=\"\" data-large-file=\"https:\/\/blog.erm.ee\/wp-content\/uploads\/2015\/12\/scan026-746x1024.jpg\" class=\"alignnone size-large wp-image-7467\" src=\"https:\/\/blog.erm.ee\/wp-content\/uploads\/2015\/12\/scan026-746x1024.jpg\" alt=\"scan026\" width=\"700\" height=\"961\" srcset=\"https:\/\/blog.erm.ee\/wp-content\/uploads\/2015\/12\/scan026-746x1024.jpg 746w, https:\/\/blog.erm.ee\/wp-content\/uploads\/2015\/12\/scan026-189x260.jpg 189w, https:\/\/blog.erm.ee\/wp-content\/uploads\/2015\/12\/scan026-219x300.jpg 219w, https:\/\/blog.erm.ee\/wp-content\/uploads\/2015\/12\/scan026-768x1054.jpg 768w, https:\/\/blog.erm.ee\/wp-content\/uploads\/2015\/12\/scan026.jpg 874w\" sizes=\"auto, (max-width: 700px) 100vw, 700px\" \/><\/a><br \/>\n<em>1999. a Millenniumi postkaart. Foto Jorma J\u00e4ms\u00e9n. Paletti kirjastus.<\/em><\/p>\n<p>P.S. Postkaardid, millel numbrit juurde m\u00e4rgitud ei ole, alles ootavad kogusse vastuv\u00f5tmist.<\/p>\n<p>Vaata lisaks<a href=\"https:\/\/blog.erm.ee\/?p=990\" target=\"_blank\">https:\/\/blog.erm.ee\/?p=990<\/a><\/p>\n<div class=\"fcbkbttn_buttons_block\" id=\"fcbkbttn_left\"><div class=\"fcbkbttn_like \"><fb:like href=\"https:\/\/blog.erm.ee\/?p=7434\" action=\"like\" colorscheme=\"light\" layout=\"standard\"  width=\"225px\" size=\"small\"><\/fb:like><\/div><div class=\"fb-share-button  \" data-href=\"https:\/\/blog.erm.ee\/?p=7434\" data-type=\"button\" data-size=\"small\"><\/div><\/div>","protected":false},"excerpt":{"rendered":"<p>Tiina Tael, peaarhivaar Kuigi ka t\u00e4nap\u00e4eval tr\u00fckitakse igal aastal aina uusi ja toredaid j\u00f5ulu- ja uusaastakaarte, l\u00e4kitavad k\u00fcllap paljud oma p\u00fchadesoovid sotsiaalmeedia suhtlusportaalide kaudu. Vahetult enne j\u00f5ule heidame pilgu ERMi postkaardikogu p\u00fchadekaartidele. Tavaliselt kannavad need lihtsaid j\u00f5ulutervitusi ja parimaid soove uueks aastaks, m\u00f5nikord ka pikemaid s\u00f5numeid kaardi saatja k\u00e4ek\u00e4igust ning sajandi esimestel ja viimastel k\u00fcmnenditel&hellip;<\/p>\n","protected":false},"author":1,"featured_media":7437,"comment_status":"open","ping_status":"open","sticky":false,"template":"","format":"standard","meta":{"_monsterinsights_skip_tracking":false,"_monsterinsights_sitenote_active":false,"_monsterinsights_sitenote_note":"","_monsterinsights_sitenote_category":0,"jetpack_post_was_ever_published":false,"_jetpack_newsletter_access":"","_jetpack_dont_email_post_to_subs":false,"_jetpack_newsletter_tier_id":0,"_jetpack_memberships_contains_paywalled_content":false,"_jetpack_memberships_contains_paid_content":false,"footnotes":""},"categories":[5],"tags":[],"class_list":["post-7434","post","type-post","status-publish","format-standard","has-post-thumbnail","hentry","category-museaal"],"yoast_head":"<!-- This site is optimized with the Yoast SEO plugin v27.5 - https:\/\/yoast.com\/product\/yoast-seo-wordpress\/ -->\n<title>P\u00fchadetervitusi eelmise sajandi postipaunast - Eesti Rahva Muuseumi ajaveeb<\/title>\n<meta name=\"robots\" content=\"index, follow, max-snippet:-1, max-image-preview:large, max-video-preview:-1\" \/>\n<link rel=\"canonical\" href=\"https:\/\/blog.erm.ee\/?p=7434\" \/>\n<meta property=\"og:locale\" content=\"et_EE\" \/>\n<meta property=\"og:type\" content=\"article\" \/>\n<meta property=\"og:title\" content=\"P\u00fchadetervitusi eelmise sajandi postipaunast - Eesti Rahva Muuseumi ajaveeb\" \/>\n<meta property=\"og:description\" content=\"Tiina Tael, peaarhivaar Kuigi ka t\u00e4nap\u00e4eval tr\u00fckitakse igal aastal aina uusi ja toredaid j\u00f5ulu- ja uusaastakaarte, l\u00e4kitavad k\u00fcllap paljud oma p\u00fchadesoovid sotsiaalmeedia suhtlusportaalide kaudu. Vahetult enne j\u00f5ule heidame pilgu ERMi postkaardikogu p\u00fchadekaartidele. Tavaliselt kannavad need lihtsaid j\u00f5ulutervitusi ja parimaid soove uueks aastaks, m\u00f5nikord ka pikemaid s\u00f5numeid kaardi saatja k\u00e4ek\u00e4igust ning sajandi esimestel ja viimastel k\u00fcmnenditel&hellip;\" \/>\n<meta property=\"og:url\" content=\"https:\/\/blog.erm.ee\/?p=7434\" \/>\n<meta property=\"og:site_name\" content=\"Eesti Rahva Muuseumi ajaveeb\" \/>\n<meta property=\"article:published_time\" content=\"2015-12-22T06:33:13+00:00\" \/>\n<meta property=\"article:modified_time\" content=\"2015-12-23T08:00:11+00:00\" \/>\n<meta property=\"og:image\" content=\"https:\/\/blog.erm.ee\/wp-content\/uploads\/2015\/12\/scan008.jpg\" \/>\n\t<meta property=\"og:image:width\" content=\"779\" \/>\n\t<meta property=\"og:image:height\" content=\"1200\" \/>\n\t<meta property=\"og:image:type\" content=\"image\/jpeg\" \/>\n<meta name=\"author\" content=\"Eesti Rahva Muuseum\" \/>\n<meta name=\"twitter:card\" content=\"summary_large_image\" \/>\n<meta name=\"twitter:label1\" content=\"Written by\" \/>\n\t<meta name=\"twitter:data1\" content=\"Eesti Rahva Muuseum\" \/>\n\t<meta name=\"twitter:label2\" content=\"Est. reading time\" \/>\n\t<meta name=\"twitter:data2\" content=\"3 minutit\" \/>\n<script type=\"application\/ld+json\" class=\"yoast-schema-graph\">{\"@context\":\"https:\\\/\\\/schema.org\",\"@graph\":[{\"@type\":\"Article\",\"@id\":\"https:\\\/\\\/blog.erm.ee\\\/?p=7434#article\",\"isPartOf\":{\"@id\":\"https:\\\/\\\/blog.erm.ee\\\/?p=7434\"},\"author\":{\"name\":\"Eesti Rahva Muuseum\",\"@id\":\"https:\\\/\\\/blog.erm.ee\\\/#\\\/schema\\\/person\\\/6e98c391cb00a33e7c22a3571e062114\"},\"headline\":\"P\u00fchadetervitusi eelmise sajandi postipaunast\",\"datePublished\":\"2015-12-22T06:33:13+00:00\",\"dateModified\":\"2015-12-23T08:00:11+00:00\",\"mainEntityOfPage\":{\"@id\":\"https:\\\/\\\/blog.erm.ee\\\/?p=7434\"},\"wordCount\":703,\"commentCount\":0,\"image\":{\"@id\":\"https:\\\/\\\/blog.erm.ee\\\/?p=7434#primaryimage\"},\"thumbnailUrl\":\"https:\\\/\\\/blog.erm.ee\\\/wp-content\\\/uploads\\\/2015\\\/12\\\/scan008.jpg\",\"articleSection\":[\"Museaal\"],\"inLanguage\":\"et\",\"potentialAction\":[{\"@type\":\"CommentAction\",\"name\":\"Comment\",\"target\":[\"https:\\\/\\\/blog.erm.ee\\\/?p=7434#respond\"]}]},{\"@type\":\"WebPage\",\"@id\":\"https:\\\/\\\/blog.erm.ee\\\/?p=7434\",\"url\":\"https:\\\/\\\/blog.erm.ee\\\/?p=7434\",\"name\":\"P\u00fchadetervitusi eelmise sajandi postipaunast - Eesti Rahva Muuseumi ajaveeb\",\"isPartOf\":{\"@id\":\"https:\\\/\\\/blog.erm.ee\\\/#website\"},\"primaryImageOfPage\":{\"@id\":\"https:\\\/\\\/blog.erm.ee\\\/?p=7434#primaryimage\"},\"image\":{\"@id\":\"https:\\\/\\\/blog.erm.ee\\\/?p=7434#primaryimage\"},\"thumbnailUrl\":\"https:\\\/\\\/blog.erm.ee\\\/wp-content\\\/uploads\\\/2015\\\/12\\\/scan008.jpg\",\"datePublished\":\"2015-12-22T06:33:13+00:00\",\"dateModified\":\"2015-12-23T08:00:11+00:00\",\"author\":{\"@id\":\"https:\\\/\\\/blog.erm.ee\\\/#\\\/schema\\\/person\\\/6e98c391cb00a33e7c22a3571e062114\"},\"breadcrumb\":{\"@id\":\"https:\\\/\\\/blog.erm.ee\\\/?p=7434#breadcrumb\"},\"inLanguage\":\"et\",\"potentialAction\":[{\"@type\":\"ReadAction\",\"target\":[\"https:\\\/\\\/blog.erm.ee\\\/?p=7434\"]}]},{\"@type\":\"ImageObject\",\"inLanguage\":\"et\",\"@id\":\"https:\\\/\\\/blog.erm.ee\\\/?p=7434#primaryimage\",\"url\":\"https:\\\/\\\/blog.erm.ee\\\/wp-content\\\/uploads\\\/2015\\\/12\\\/scan008.jpg\",\"contentUrl\":\"https:\\\/\\\/blog.erm.ee\\\/wp-content\\\/uploads\\\/2015\\\/12\\\/scan008.jpg\",\"width\":779,\"height\":1200},{\"@type\":\"BreadcrumbList\",\"@id\":\"https:\\\/\\\/blog.erm.ee\\\/?p=7434#breadcrumb\",\"itemListElement\":[{\"@type\":\"ListItem\",\"position\":1,\"name\":\"Home\",\"item\":\"https:\\\/\\\/blog.erm.ee\\\/\"},{\"@type\":\"ListItem\",\"position\":2,\"name\":\"P\u00fchadetervitusi eelmise sajandi postipaunast\"}]},{\"@type\":\"WebSite\",\"@id\":\"https:\\\/\\\/blog.erm.ee\\\/#website\",\"url\":\"https:\\\/\\\/blog.erm.ee\\\/\",\"name\":\"Eesti Rahva Muuseumi ajaveeb\",\"description\":\"\",\"potentialAction\":[{\"@type\":\"SearchAction\",\"target\":{\"@type\":\"EntryPoint\",\"urlTemplate\":\"https:\\\/\\\/blog.erm.ee\\\/?s={search_term_string}\"},\"query-input\":{\"@type\":\"PropertyValueSpecification\",\"valueRequired\":true,\"valueName\":\"search_term_string\"}}],\"inLanguage\":\"et\"},{\"@type\":\"Person\",\"@id\":\"https:\\\/\\\/blog.erm.ee\\\/#\\\/schema\\\/person\\\/6e98c391cb00a33e7c22a3571e062114\",\"name\":\"Eesti Rahva Muuseum\",\"image\":{\"@type\":\"ImageObject\",\"inLanguage\":\"et\",\"@id\":\"https:\\\/\\\/secure.gravatar.com\\\/avatar\\\/cb6d9ad5fb49f3f7315028ce5fe60641075f2cb52b8a058ff5a985fa2d8c1da0?s=96&d=mm&r=g\",\"url\":\"https:\\\/\\\/secure.gravatar.com\\\/avatar\\\/cb6d9ad5fb49f3f7315028ce5fe60641075f2cb52b8a058ff5a985fa2d8c1da0?s=96&d=mm&r=g\",\"contentUrl\":\"https:\\\/\\\/secure.gravatar.com\\\/avatar\\\/cb6d9ad5fb49f3f7315028ce5fe60641075f2cb52b8a058ff5a985fa2d8c1da0?s=96&d=mm&r=g\",\"caption\":\"Eesti Rahva Muuseum\"},\"sameAs\":[\"http:\\\/\\\/www.erm.ee\"],\"url\":\"https:\\\/\\\/blog.erm.ee\\\/?author=1\"}]}<\/script>\n<!-- \/ Yoast SEO plugin. -->","yoast_head_json":{"title":"P\u00fchadetervitusi eelmise sajandi postipaunast - Eesti Rahva Muuseumi ajaveeb","robots":{"index":"index","follow":"follow","max-snippet":"max-snippet:-1","max-image-preview":"max-image-preview:large","max-video-preview":"max-video-preview:-1"},"canonical":"https:\/\/blog.erm.ee\/?p=7434","og_locale":"et_EE","og_type":"article","og_title":"P\u00fchadetervitusi eelmise sajandi postipaunast - Eesti Rahva Muuseumi ajaveeb","og_description":"Tiina Tael, peaarhivaar Kuigi ka t\u00e4nap\u00e4eval tr\u00fckitakse igal aastal aina uusi ja toredaid j\u00f5ulu- ja uusaastakaarte, l\u00e4kitavad k\u00fcllap paljud oma p\u00fchadesoovid sotsiaalmeedia suhtlusportaalide kaudu. Vahetult enne j\u00f5ule heidame pilgu ERMi postkaardikogu p\u00fchadekaartidele. Tavaliselt kannavad need lihtsaid j\u00f5ulutervitusi ja parimaid soove uueks aastaks, m\u00f5nikord ka pikemaid s\u00f5numeid kaardi saatja k\u00e4ek\u00e4igust ning sajandi esimestel ja viimastel k\u00fcmnenditel&hellip;","og_url":"https:\/\/blog.erm.ee\/?p=7434","og_site_name":"Eesti Rahva Muuseumi ajaveeb","article_published_time":"2015-12-22T06:33:13+00:00","article_modified_time":"2015-12-23T08:00:11+00:00","og_image":[{"width":779,"height":1200,"url":"https:\/\/blog.erm.ee\/wp-content\/uploads\/2015\/12\/scan008.jpg","type":"image\/jpeg"}],"author":"Eesti Rahva Muuseum","twitter_card":"summary_large_image","twitter_misc":{"Written by":"Eesti Rahva Muuseum","Est. reading time":"3 minutit"},"schema":{"@context":"https:\/\/schema.org","@graph":[{"@type":"Article","@id":"https:\/\/blog.erm.ee\/?p=7434#article","isPartOf":{"@id":"https:\/\/blog.erm.ee\/?p=7434"},"author":{"name":"Eesti Rahva Muuseum","@id":"https:\/\/blog.erm.ee\/#\/schema\/person\/6e98c391cb00a33e7c22a3571e062114"},"headline":"P\u00fchadetervitusi eelmise sajandi postipaunast","datePublished":"2015-12-22T06:33:13+00:00","dateModified":"2015-12-23T08:00:11+00:00","mainEntityOfPage":{"@id":"https:\/\/blog.erm.ee\/?p=7434"},"wordCount":703,"commentCount":0,"image":{"@id":"https:\/\/blog.erm.ee\/?p=7434#primaryimage"},"thumbnailUrl":"https:\/\/blog.erm.ee\/wp-content\/uploads\/2015\/12\/scan008.jpg","articleSection":["Museaal"],"inLanguage":"et","potentialAction":[{"@type":"CommentAction","name":"Comment","target":["https:\/\/blog.erm.ee\/?p=7434#respond"]}]},{"@type":"WebPage","@id":"https:\/\/blog.erm.ee\/?p=7434","url":"https:\/\/blog.erm.ee\/?p=7434","name":"P\u00fchadetervitusi eelmise sajandi postipaunast - Eesti Rahva Muuseumi ajaveeb","isPartOf":{"@id":"https:\/\/blog.erm.ee\/#website"},"primaryImageOfPage":{"@id":"https:\/\/blog.erm.ee\/?p=7434#primaryimage"},"image":{"@id":"https:\/\/blog.erm.ee\/?p=7434#primaryimage"},"thumbnailUrl":"https:\/\/blog.erm.ee\/wp-content\/uploads\/2015\/12\/scan008.jpg","datePublished":"2015-12-22T06:33:13+00:00","dateModified":"2015-12-23T08:00:11+00:00","author":{"@id":"https:\/\/blog.erm.ee\/#\/schema\/person\/6e98c391cb00a33e7c22a3571e062114"},"breadcrumb":{"@id":"https:\/\/blog.erm.ee\/?p=7434#breadcrumb"},"inLanguage":"et","potentialAction":[{"@type":"ReadAction","target":["https:\/\/blog.erm.ee\/?p=7434"]}]},{"@type":"ImageObject","inLanguage":"et","@id":"https:\/\/blog.erm.ee\/?p=7434#primaryimage","url":"https:\/\/blog.erm.ee\/wp-content\/uploads\/2015\/12\/scan008.jpg","contentUrl":"https:\/\/blog.erm.ee\/wp-content\/uploads\/2015\/12\/scan008.jpg","width":779,"height":1200},{"@type":"BreadcrumbList","@id":"https:\/\/blog.erm.ee\/?p=7434#breadcrumb","itemListElement":[{"@type":"ListItem","position":1,"name":"Home","item":"https:\/\/blog.erm.ee\/"},{"@type":"ListItem","position":2,"name":"P\u00fchadetervitusi eelmise sajandi postipaunast"}]},{"@type":"WebSite","@id":"https:\/\/blog.erm.ee\/#website","url":"https:\/\/blog.erm.ee\/","name":"Eesti Rahva Muuseumi ajaveeb","description":"","potentialAction":[{"@type":"SearchAction","target":{"@type":"EntryPoint","urlTemplate":"https:\/\/blog.erm.ee\/?s={search_term_string}"},"query-input":{"@type":"PropertyValueSpecification","valueRequired":true,"valueName":"search_term_string"}}],"inLanguage":"et"},{"@type":"Person","@id":"https:\/\/blog.erm.ee\/#\/schema\/person\/6e98c391cb00a33e7c22a3571e062114","name":"Eesti Rahva Muuseum","image":{"@type":"ImageObject","inLanguage":"et","@id":"https:\/\/secure.gravatar.com\/avatar\/cb6d9ad5fb49f3f7315028ce5fe60641075f2cb52b8a058ff5a985fa2d8c1da0?s=96&d=mm&r=g","url":"https:\/\/secure.gravatar.com\/avatar\/cb6d9ad5fb49f3f7315028ce5fe60641075f2cb52b8a058ff5a985fa2d8c1da0?s=96&d=mm&r=g","contentUrl":"https:\/\/secure.gravatar.com\/avatar\/cb6d9ad5fb49f3f7315028ce5fe60641075f2cb52b8a058ff5a985fa2d8c1da0?s=96&d=mm&r=g","caption":"Eesti Rahva Muuseum"},"sameAs":["http:\/\/www.erm.ee"],"url":"https:\/\/blog.erm.ee\/?author=1"}]}},"jetpack_featured_media_url":"https:\/\/blog.erm.ee\/wp-content\/uploads\/2015\/12\/scan008.jpg","jetpack_shortlink":"https:\/\/wp.me\/p2l9Zd-1VU","jetpack_sharing_enabled":true,"jetpack_likes_enabled":true,"_links":{"self":[{"href":"https:\/\/blog.erm.ee\/index.php?rest_route=\/wp\/v2\/posts\/7434","targetHints":{"allow":["GET"]}}],"collection":[{"href":"https:\/\/blog.erm.ee\/index.php?rest_route=\/wp\/v2\/posts"}],"about":[{"href":"https:\/\/blog.erm.ee\/index.php?rest_route=\/wp\/v2\/types\/post"}],"author":[{"embeddable":true,"href":"https:\/\/blog.erm.ee\/index.php?rest_route=\/wp\/v2\/users\/1"}],"replies":[{"embeddable":true,"href":"https:\/\/blog.erm.ee\/index.php?rest_route=%2Fwp%2Fv2%2Fcomments&post=7434"}],"version-history":[{"count":8,"href":"https:\/\/blog.erm.ee\/index.php?rest_route=\/wp\/v2\/posts\/7434\/revisions"}],"predecessor-version":[{"id":7475,"href":"https:\/\/blog.erm.ee\/index.php?rest_route=\/wp\/v2\/posts\/7434\/revisions\/7475"}],"wp:featuredmedia":[{"embeddable":true,"href":"https:\/\/blog.erm.ee\/index.php?rest_route=\/wp\/v2\/media\/7437"}],"wp:attachment":[{"href":"https:\/\/blog.erm.ee\/index.php?rest_route=%2Fwp%2Fv2%2Fmedia&parent=7434"}],"wp:term":[{"taxonomy":"category","embeddable":true,"href":"https:\/\/blog.erm.ee\/index.php?rest_route=%2Fwp%2Fv2%2Fcategories&post=7434"},{"taxonomy":"post_tag","embeddable":true,"href":"https:\/\/blog.erm.ee\/index.php?rest_route=%2Fwp%2Fv2%2Ftags&post=7434"}],"curies":[{"name":"wp","href":"https:\/\/api.w.org\/{rel}","templated":true}]}}