{"id":7231,"date":"2015-11-26T08:00:35","date_gmt":"2015-11-26T06:00:35","guid":{"rendered":"http:\/\/blog.erm.ee\/?p=7231"},"modified":"2018-01-16T10:01:42","modified_gmt":"2018-01-16T08:01:42","slug":"artefaktide-desinfitseerimine-ermi-naitel","status":"publish","type":"post","link":"https:\/\/blog.erm.ee\/?p=7231","title":{"rendered":"Artefaktide desinfitseerimine ERMi n\u00e4itel"},"content":{"rendered":"<div class=\"fcbkbttn_buttons_block\" id=\"fcbkbttn_left\"><div class=\"fcbkbttn_like \"><fb:like href=\"https:\/\/blog.erm.ee\/?p=7231\" action=\"like\" colorscheme=\"light\" layout=\"standard\"  width=\"225px\" size=\"small\"><\/fb:like><\/div><div class=\"fb-share-button  \" data-href=\"https:\/\/blog.erm.ee\/?p=7231\" data-type=\"button\" data-size=\"small\"><\/div><\/div><p>&nbsp;<\/p>\n<p><em>Tekst: Janika Turu, konservaator<\/em><\/p>\n<p><em>Fotod: Anu Ansu, Nele Tammeaid <\/em><\/p>\n<p style=\"text-align: justify;\">M\u00f6\u00f6dunud suvel vaatasime l\u00e4bi k\u00f5ik uuel p\u00fcsin\u00e4itusel eksponeeritavad vaibad. Selgus, et \u00fcks oli v\u00e4ga t\u00e4baras seisukorras ja vajas p\u00f5hjalikku l\u00e4henemist. Tugevate mehaaniliste kahjustuste k\u00f5rval esineb tekil ka t\u00f5siseid keemilisi kahjustusi, millele viitab l\u00f5ngade v\u00e4rvimuutus ja tekist eralduv spetsiifiline l\u00f5hn. Edasiste otsuste tegemiseks oli vaja teada saada kahjustuste p\u00f5hjused. Millised ained tekitavad selliseid kahjustusi? Ja mis kemikaale meil muuseumis on kasutatud?<\/p>\n<div id=\"attachment_7249\" style=\"width: 710px\" class=\"wp-caption aligncenter\"><a href=\"https:\/\/blog.erm.ee\/wp-content\/uploads\/2015\/11\/Foto1-114465_ERM_15928.jpg\"><img loading=\"lazy\" decoding=\"async\" aria-describedby=\"caption-attachment-7249\" data-attachment-id=\"7249\" data-permalink=\"https:\/\/blog.erm.ee\/?attachment_id=7249#main\" data-orig-file=\"https:\/\/blog.erm.ee\/wp-content\/uploads\/2015\/11\/Foto1-114465_ERM_15928.jpg\" data-orig-size=\"1200,999\" data-comments-opened=\"1\" data-image-meta=\"{&quot;aperture&quot;:&quot;0&quot;,&quot;credit&quot;:&quot;Priit&quot;,&quot;camera&quot;:&quot;&quot;,&quot;caption&quot;:&quot;&quot;,&quot;created_timestamp&quot;:&quot;1253810439&quot;,&quot;copyright&quot;:&quot;&quot;,&quot;focal_length&quot;:&quot;0&quot;,&quot;iso&quot;:&quot;0&quot;,&quot;shutter_speed&quot;:&quot;0&quot;,&quot;title&quot;:&quot;&quot;,&quot;orientation&quot;:&quot;0&quot;}\" data-image-title=\"Foto1 114465_ERM_15928\" data-image-description=\"\" data-image-caption=\"\" data-large-file=\"https:\/\/blog.erm.ee\/wp-content\/uploads\/2015\/11\/Foto1-114465_ERM_15928-1024x852.jpg\" class=\"wp-image-7249 size-large\" src=\"https:\/\/blog.erm.ee\/wp-content\/uploads\/2015\/11\/Foto1-114465_ERM_15928-1024x852.jpg\" alt=\"\" width=\"700\" height=\"582\" srcset=\"https:\/\/blog.erm.ee\/wp-content\/uploads\/2015\/11\/Foto1-114465_ERM_15928-1024x852.jpg 1024w, https:\/\/blog.erm.ee\/wp-content\/uploads\/2015\/11\/Foto1-114465_ERM_15928-312x260.jpg 312w, https:\/\/blog.erm.ee\/wp-content\/uploads\/2015\/11\/Foto1-114465_ERM_15928-300x250.jpg 300w, https:\/\/blog.erm.ee\/wp-content\/uploads\/2015\/11\/Foto1-114465_ERM_15928.jpg 1200w\" sizes=\"auto, (max-width: 700px) 100vw, 700px\" \/><\/a><p id=\"caption-attachment-7249\" class=\"wp-caption-text\">Foto 1 Hobusetekk. ERM 15928<\/p><\/div>\n<div id=\"attachment_7250\" style=\"width: 338px\" class=\"wp-caption alignleft\"><a href=\"https:\/\/blog.erm.ee\/wp-content\/uploads\/2015\/11\/Foto2-15928_nt0030.jpg\"><img loading=\"lazy\" decoding=\"async\" aria-describedby=\"caption-attachment-7250\" data-attachment-id=\"7250\" data-permalink=\"https:\/\/blog.erm.ee\/?attachment_id=7250#main\" data-orig-file=\"https:\/\/blog.erm.ee\/wp-content\/uploads\/2015\/11\/Foto2-15928_nt0030.jpg\" data-orig-size=\"1200,801\" data-comments-opened=\"1\" data-image-meta=\"{&quot;aperture&quot;:&quot;0&quot;,&quot;credit&quot;:&quot;&quot;,&quot;camera&quot;:&quot;&quot;,&quot;caption&quot;:&quot;&quot;,&quot;created_timestamp&quot;:&quot;1408630403&quot;,&quot;copyright&quot;:&quot;&quot;,&quot;focal_length&quot;:&quot;0&quot;,&quot;iso&quot;:&quot;0&quot;,&quot;shutter_speed&quot;:&quot;0&quot;,&quot;title&quot;:&quot;&quot;,&quot;orientation&quot;:&quot;0&quot;}\" data-image-title=\"Foto2 15928_nt0030\" data-image-description=\"\" data-image-caption=\"\" data-large-file=\"https:\/\/blog.erm.ee\/wp-content\/uploads\/2015\/11\/Foto2-15928_nt0030-1024x684.jpg\" class=\"wp-image-7250\" src=\"https:\/\/blog.erm.ee\/wp-content\/uploads\/2015\/11\/Foto2-15928_nt0030-300x200.jpg\" alt=\"\" width=\"332\" height=\"223\" srcset=\"https:\/\/blog.erm.ee\/wp-content\/uploads\/2015\/11\/Foto2-15928_nt0030-1024x684.jpg 1024w, https:\/\/blog.erm.ee\/wp-content\/uploads\/2015\/11\/Foto2-15928_nt0030.jpg 1200w\" sizes=\"auto, (max-width: 332px) 100vw, 332px\" \/><\/a><p id=\"caption-attachment-7250\" class=\"wp-caption-text\">Foto 2 Koepinnal on m\u00e4rgatav tekstiiliv\u00e4rvide muutus ja n\u00e4ib, et erinevad toonid on \u00fcksteise sisse valgunud v\u00f5i sulandunud<\/p><\/div>\n<div id=\"attachment_7251\" style=\"width: 306px\" class=\"wp-caption alignright\"><a href=\"https:\/\/blog.erm.ee\/wp-content\/uploads\/2015\/11\/Foto3-l\u00f5ng.jpg\"><img loading=\"lazy\" decoding=\"async\" aria-describedby=\"caption-attachment-7251\" data-attachment-id=\"7251\" data-permalink=\"https:\/\/blog.erm.ee\/?attachment_id=7251#main\" data-orig-file=\"https:\/\/blog.erm.ee\/wp-content\/uploads\/2015\/11\/Foto3-l\u00f5ng-e1448270091714.jpg\" data-orig-size=\"798,597\" data-comments-opened=\"1\" data-image-meta=\"{&quot;aperture&quot;:&quot;0&quot;,&quot;credit&quot;:&quot;&quot;,&quot;camera&quot;:&quot;&quot;,&quot;caption&quot;:&quot;&quot;,&quot;created_timestamp&quot;:&quot;0&quot;,&quot;copyright&quot;:&quot;&quot;,&quot;focal_length&quot;:&quot;0&quot;,&quot;iso&quot;:&quot;0&quot;,&quot;shutter_speed&quot;:&quot;0&quot;,&quot;title&quot;:&quot;&quot;,&quot;orientation&quot;:&quot;0&quot;}\" data-image-title=\"Foto3 l\u00f5ng\" data-image-description=\"\" data-image-caption=\"\" data-large-file=\"https:\/\/blog.erm.ee\/wp-content\/uploads\/2015\/11\/Foto3-l\u00f5ng-e1448270091714.jpg\" class=\"wp-image-7251\" src=\"https:\/\/blog.erm.ee\/wp-content\/uploads\/2015\/11\/Foto3-l\u00f5ng-e1448270091714-300x224.jpg\" alt=\"\" width=\"300\" height=\"223\" srcset=\"https:\/\/blog.erm.ee\/wp-content\/uploads\/2015\/11\/Foto3-l\u00f5ng-e1448270091714-300x224.jpg 300w, https:\/\/blog.erm.ee\/wp-content\/uploads\/2015\/11\/Foto3-l\u00f5ng-e1448270091714-348x260.jpg 348w, https:\/\/blog.erm.ee\/wp-content\/uploads\/2015\/11\/Foto3-l\u00f5ng-e1448270091714.jpg 798w\" sizes=\"auto, (max-width: 300px) 100vw, 300px\" \/><\/a><p id=\"caption-attachment-7251\" class=\"wp-caption-text\">Foto 3 Stereomikroskoobiga tehtud fotol on n\u00e4ha, et punakas toon on m\u00e4rkimisv\u00e4\u00e4rselt heledamaks pleekinud. Foto: Riina Rammo<\/p><\/div>\n<p>&nbsp;<\/p>\n<p>&nbsp;<\/p>\n<p>&nbsp;<\/p>\n<p>&nbsp;<\/p>\n<p>&nbsp;<\/p>\n<p>&nbsp;<\/p>\n<p>&nbsp;<\/p>\n<p>&nbsp;<\/p>\n<p>&nbsp;<\/p>\n<p style=\"text-align: justify;\">Seadsin sammud muuseumi arhiivi, lootuses leida vihjeid meil kasutatud kemikaalide kohta ja minu \u00fcllatuseks hakkaski lahti rulluma v\u00e4ga p\u00f5nev desinfitseerimise ajalugu. Uurimus h\u00f5lmab perioodi 1913\u201340 ja k\u00e4sitleb desinfitseerimist koit\u00f5rje kontekstis. 1940. aasta seisuga oli ERMis hoiul 55 500 kultuuriloolist ning etnograafilist eset.<\/p>\n<p style=\"text-align: justify;\">Muuseumi praktilise konserveerimis- ja s\u00e4ilitustegevuse alguseks v\u00f5ib pidada 1913. aastat, kui ERMi juhatuse koosolekul v\u00f5eti vastu otsus esemeid desinfitseerida ja puhastada. Ning selles k\u00fcsimuses otsustati konsulteerida apteekriga.<\/p>\n<div id=\"attachment_7252\" style=\"width: 710px\" class=\"wp-caption aligncenter\"><a href=\"https:\/\/blog.erm.ee\/wp-content\/uploads\/2015\/11\/Foto4-Otsus-desinfitseerida.jpg\"><img loading=\"lazy\" decoding=\"async\" aria-describedby=\"caption-attachment-7252\" data-attachment-id=\"7252\" data-permalink=\"https:\/\/blog.erm.ee\/?attachment_id=7252#main\" data-orig-file=\"https:\/\/blog.erm.ee\/wp-content\/uploads\/2015\/11\/Foto4-Otsus-desinfitseerida.jpg\" data-orig-size=\"1117,345\" data-comments-opened=\"1\" data-image-meta=\"{&quot;aperture&quot;:&quot;0&quot;,&quot;credit&quot;:&quot;&quot;,&quot;camera&quot;:&quot;&quot;,&quot;caption&quot;:&quot;&quot;,&quot;created_timestamp&quot;:&quot;0&quot;,&quot;copyright&quot;:&quot;&quot;,&quot;focal_length&quot;:&quot;0&quot;,&quot;iso&quot;:&quot;0&quot;,&quot;shutter_speed&quot;:&quot;0&quot;,&quot;title&quot;:&quot;&quot;,&quot;orientation&quot;:&quot;0&quot;}\" data-image-title=\"Foto4 Otsus desinfitseerida\" data-image-description=\"\" data-image-caption=\"\" data-large-file=\"https:\/\/blog.erm.ee\/wp-content\/uploads\/2015\/11\/Foto4-Otsus-desinfitseerida-1024x316.jpg\" class=\"wp-image-7252 size-large\" src=\"https:\/\/blog.erm.ee\/wp-content\/uploads\/2015\/11\/Foto4-Otsus-desinfitseerida-1024x316.jpg\" alt=\"\" width=\"700\" height=\"216\" srcset=\"https:\/\/blog.erm.ee\/wp-content\/uploads\/2015\/11\/Foto4-Otsus-desinfitseerida-1024x316.jpg 1024w, https:\/\/blog.erm.ee\/wp-content\/uploads\/2015\/11\/Foto4-Otsus-desinfitseerida-460x142.jpg 460w, https:\/\/blog.erm.ee\/wp-content\/uploads\/2015\/11\/Foto4-Otsus-desinfitseerida-300x93.jpg 300w, https:\/\/blog.erm.ee\/wp-content\/uploads\/2015\/11\/Foto4-Otsus-desinfitseerida.jpg 1117w\" sizes=\"auto, (max-width: 700px) 100vw, 700px\" \/><\/a><p id=\"caption-attachment-7252\" class=\"wp-caption-text\">Foto 4 ERM A f 1, n 1, s 8, lk 78<\/p><\/div>\n<p style=\"text-align: justify;\">Sama aasta kulude nimekirjadest tuli v\u00e4lja, et juulist alates hakati ostma ainet nimega Tineolin. Tegemist on koirohuga, mille nimi on ilmselt tuletatud hariliku riidekoi ladinakeelsest nimetusest <em>Tineola bisselliella<\/em>. Nimetatud koirohtu kasutati kaks aastat ja \u00fches sellega soetati ka pulverisaator, millest v\u00f5ib j\u00e4reldada, et seda kasutati esemete t\u00f6\u00f6tlemiseks vedelikuga.<\/p>\n<div id=\"attachment_7253\" style=\"width: 883px\" class=\"wp-caption aligncenter\"><a href=\"https:\/\/blog.erm.ee\/wp-content\/uploads\/2015\/11\/Foto5-Tineolin.jpg\"><img loading=\"lazy\" decoding=\"async\" aria-describedby=\"caption-attachment-7253\" data-attachment-id=\"7253\" data-permalink=\"https:\/\/blog.erm.ee\/?attachment_id=7253#main\" data-orig-file=\"https:\/\/blog.erm.ee\/wp-content\/uploads\/2015\/11\/Foto5-Tineolin.jpg\" data-orig-size=\"873,673\" data-comments-opened=\"1\" data-image-meta=\"{&quot;aperture&quot;:&quot;0&quot;,&quot;credit&quot;:&quot;&quot;,&quot;camera&quot;:&quot;&quot;,&quot;caption&quot;:&quot;&quot;,&quot;created_timestamp&quot;:&quot;0&quot;,&quot;copyright&quot;:&quot;&quot;,&quot;focal_length&quot;:&quot;0&quot;,&quot;iso&quot;:&quot;0&quot;,&quot;shutter_speed&quot;:&quot;0&quot;,&quot;title&quot;:&quot;&quot;,&quot;orientation&quot;:&quot;0&quot;}\" data-image-title=\"Foto5 Tineolin\" data-image-description=\"\" data-image-caption=\"\" data-large-file=\"https:\/\/blog.erm.ee\/wp-content\/uploads\/2015\/11\/Foto5-Tineolin.jpg\" class=\"wp-image-7253 size-full\" src=\"https:\/\/blog.erm.ee\/wp-content\/uploads\/2015\/11\/Foto5-Tineolin.jpg\" alt=\"\" width=\"873\" height=\"673\" srcset=\"https:\/\/blog.erm.ee\/wp-content\/uploads\/2015\/11\/Foto5-Tineolin.jpg 873w, https:\/\/blog.erm.ee\/wp-content\/uploads\/2015\/11\/Foto5-Tineolin-337x260.jpg 337w, https:\/\/blog.erm.ee\/wp-content\/uploads\/2015\/11\/Foto5-Tineolin-300x231.jpg 300w\" sizes=\"auto, (max-width: 873px) 100vw, 873px\" \/><\/a><p id=\"caption-attachment-7253\" class=\"wp-caption-text\">Foto 5 ERM A f 1, n 1, s 384<\/p><\/div>\n<p style=\"text-align: justify;\">J\u00e4rgmine ehk 1914. aasta oli desinfitseerimise koha pealt eriti aktiivne. Jaanuarist septembrini osteti 66 naela petrooleumi ehk 10 kuuga kulus putukate t\u00f5rjeks umbes 27 kg ainet. Petrooleum e petrool on aromaatsetest s\u00fcsivesinikest koosnev naftasaadus, millest aeglasel destilleerimisel saadakse l\u00e4bipaistev mineraalne \u00f5li. Petrooleumi kasutamise kohta on eraldi v\u00e4lja toodud ka selgitus, et seda kasutati valgustuses ja kogude desinfitseerimiseks ning esemete peale m\u00e4\u00e4rimiseks.<\/p>\n<table border=\"0\" width=\"0\">\n<tbody>\n<tr>\n<td>\n<p><div id=\"attachment_7254\" style=\"width: 243px\" class=\"wp-caption alignnone\"><a href=\"https:\/\/blog.erm.ee\/wp-content\/uploads\/2015\/11\/Foto6-Petrooleum.jpg\"><img loading=\"lazy\" decoding=\"async\" aria-describedby=\"caption-attachment-7254\" data-attachment-id=\"7254\" data-permalink=\"https:\/\/blog.erm.ee\/?attachment_id=7254#main\" data-orig-file=\"https:\/\/blog.erm.ee\/wp-content\/uploads\/2015\/11\/Foto6-Petrooleum.jpg\" data-orig-size=\"236,300\" data-comments-opened=\"1\" data-image-meta=\"{&quot;aperture&quot;:&quot;0&quot;,&quot;credit&quot;:&quot;&quot;,&quot;camera&quot;:&quot;&quot;,&quot;caption&quot;:&quot;&quot;,&quot;created_timestamp&quot;:&quot;0&quot;,&quot;copyright&quot;:&quot;&quot;,&quot;focal_length&quot;:&quot;0&quot;,&quot;iso&quot;:&quot;0&quot;,&quot;shutter_speed&quot;:&quot;0&quot;,&quot;title&quot;:&quot;&quot;,&quot;orientation&quot;:&quot;0&quot;}\" data-image-title=\"Foto6 Petrooleum\" data-image-description=\"\" data-image-caption=\"\" data-large-file=\"https:\/\/blog.erm.ee\/wp-content\/uploads\/2015\/11\/Foto6-Petrooleum.jpg\" class=\"wp-image-7254\" src=\"https:\/\/blog.erm.ee\/wp-content\/uploads\/2015\/11\/Foto6-Petrooleum.jpg\" alt=\"Foto6 Petrooleum\" width=\"237\" height=\"300\" srcset=\"https:\/\/blog.erm.ee\/wp-content\/uploads\/2015\/11\/Foto6-Petrooleum.jpg 236w, https:\/\/blog.erm.ee\/wp-content\/uploads\/2015\/11\/Foto6-Petrooleum-205x260.jpg 205w\" sizes=\"auto, (max-width: 237px) 100vw, 237px\" \/><\/a><p id=\"caption-attachment-7254\" class=\"wp-caption-text\">Foto 6 Foto: http:\/\/www.ebay.com\/itm\/antique-LANCASTER-DRUG-PETROLATUM-petroleum-MEDICINE-PHARMACY-pa-quack-bottle-\/<\/p><\/div><\/td>\n<td>\n<p><div id=\"attachment_7232\" style=\"width: 383px\" class=\"wp-caption alignnone\"><a href=\"https:\/\/blog.erm.ee\/wp-content\/uploads\/2015\/11\/Foto7-Pulverisaator.jpg\"><img loading=\"lazy\" decoding=\"async\" aria-describedby=\"caption-attachment-7232\" data-attachment-id=\"7232\" data-permalink=\"https:\/\/blog.erm.ee\/?attachment_id=7232#main\" data-orig-file=\"https:\/\/blog.erm.ee\/wp-content\/uploads\/2015\/11\/Foto7-Pulverisaator.jpg\" data-orig-size=\"570,453\" data-comments-opened=\"1\" data-image-meta=\"{&quot;aperture&quot;:&quot;0&quot;,&quot;credit&quot;:&quot;&quot;,&quot;camera&quot;:&quot;&quot;,&quot;caption&quot;:&quot;&quot;,&quot;created_timestamp&quot;:&quot;0&quot;,&quot;copyright&quot;:&quot;&quot;,&quot;focal_length&quot;:&quot;0&quot;,&quot;iso&quot;:&quot;0&quot;,&quot;shutter_speed&quot;:&quot;0&quot;,&quot;title&quot;:&quot;&quot;,&quot;orientation&quot;:&quot;0&quot;}\" data-image-title=\"Foto7 Pulverisaator\" data-image-description=\"\" data-image-caption=\"\" data-large-file=\"https:\/\/blog.erm.ee\/wp-content\/uploads\/2015\/11\/Foto7-Pulverisaator.jpg\" class=\"wp-image-7232\" src=\"https:\/\/blog.erm.ee\/wp-content\/uploads\/2015\/11\/Foto7-Pulverisaator-300x238.jpg\" alt=\"Foto7 Pulverisaator\" width=\"377\" height=\"300\" srcset=\"https:\/\/blog.erm.ee\/wp-content\/uploads\/2015\/11\/Foto7-Pulverisaator-300x238.jpg 300w, https:\/\/blog.erm.ee\/wp-content\/uploads\/2015\/11\/Foto7-Pulverisaator-327x260.jpg 327w, https:\/\/blog.erm.ee\/wp-content\/uploads\/2015\/11\/Foto7-Pulverisaator.jpg 570w\" sizes=\"auto, (max-width: 377px) 100vw, 377px\" \/><\/a><p id=\"caption-attachment-7232\" class=\"wp-caption-text\">Foto 7 Foto: https:\/\/www.etsy.com\/listing\/120447191\/embossed-petroleum-antique-french<\/p><\/div><\/td>\n<\/tr>\n<\/tbody>\n<\/table>\n<p style=\"text-align: justify;\">Lisaks kulus samal aastal 42 naela (umbes 17 kg) naftaleeni. Naftaleen on keemiline \u00fchend C10H8, mida kasutati gaasilises olekus. Kasutatuna k\u00f5rges kontsentratsioonis, pakkus see \u00fcsna efektiivset pikaajalist kaitset koide vastu, kuid naftaleeni rekristalliseerumise protsessis (gaasilisest tahkesse) tekkiv sadestus on ka \u00fcks tekstiiliv\u00e4rvide muutuse p\u00f5hjustaja.<\/p>\n<div id=\"attachment_7233\" style=\"width: 284px\" class=\"wp-caption aligncenter\"><a href=\"https:\/\/blog.erm.ee\/wp-content\/uploads\/2015\/11\/Foto8-Naftaleen.jpg\"><img loading=\"lazy\" decoding=\"async\" aria-describedby=\"caption-attachment-7233\" data-attachment-id=\"7233\" data-permalink=\"https:\/\/blog.erm.ee\/?attachment_id=7233#main\" data-orig-file=\"https:\/\/blog.erm.ee\/wp-content\/uploads\/2015\/11\/Foto8-Naftaleen.jpg\" data-orig-size=\"278,197\" data-comments-opened=\"1\" data-image-meta=\"{&quot;aperture&quot;:&quot;0&quot;,&quot;credit&quot;:&quot;&quot;,&quot;camera&quot;:&quot;&quot;,&quot;caption&quot;:&quot;&quot;,&quot;created_timestamp&quot;:&quot;0&quot;,&quot;copyright&quot;:&quot;&quot;,&quot;focal_length&quot;:&quot;0&quot;,&quot;iso&quot;:&quot;0&quot;,&quot;shutter_speed&quot;:&quot;0&quot;,&quot;title&quot;:&quot;&quot;,&quot;orientation&quot;:&quot;0&quot;}\" data-image-title=\"Foto8 Naftaleen\" data-image-description=\"\" data-image-caption=\"\" data-large-file=\"https:\/\/blog.erm.ee\/wp-content\/uploads\/2015\/11\/Foto8-Naftaleen.jpg\" class=\"wp-image-7233 size-full\" src=\"https:\/\/blog.erm.ee\/wp-content\/uploads\/2015\/11\/Foto8-Naftaleen.jpg\" alt=\"Foto8 Naftaleen\" width=\"278\" height=\"197\" \/><\/a><p id=\"caption-attachment-7233\" class=\"wp-caption-text\">Foto 8 Naftaleen on kergesti sublimeeruv kristalne v\u00e4rvuseta aine. Seda kasutatakse riidekoi t\u00f5rjevahendina ning v\u00e4rvainete jt keemiasaaduste tootmisel. Foto: http:\/\/www.home-air-purifier-expert.com\/attic.html<\/p><\/div>\n<p style=\"text-align: justify;\">1915. aasta m\u00f6\u00f6dus konserveerimise ja s\u00e4ilitamise seisukohalt j\u00e4rjekindlalt ja tegusalt. Mitmesuguste kulude nimekirjas on p\u00f5hiv\u00e4ljaminekud tehtud petrooleumi, naftaleeni, t\u00e4rpentini ja pintslite ostmiseks. Muuhulgas osteti palju pakkepaberit, seepi, soodat, niiti ja kangast. Eraldi on makstud pesunaistele siidiasjade ja pesu pesemise eest. Samade nimekirjade p\u00f5hjal otsustades oli aktiivseim periood mai ja juuni, mil osteti sageli seepi, soodat naftaleeni ja petrooleumi. Oktoobrist hakati taas ostma l\u00f5nga, niiti, riiet numbrite jaoks, 3 karpi Tineolini koirohtu. Siit saab teha j\u00e4reldusi, kuidas t\u00f6\u00f6 aasta l\u00f5ikes korraldatud oli.<\/p>\n<div id=\"attachment_7234\" style=\"width: 506px\" class=\"wp-caption aligncenter\"><a href=\"https:\/\/blog.erm.ee\/wp-content\/uploads\/2015\/11\/Foto9-T\u00e4rpentin.jpg\"><img loading=\"lazy\" decoding=\"async\" aria-describedby=\"caption-attachment-7234\" data-attachment-id=\"7234\" data-permalink=\"https:\/\/blog.erm.ee\/?attachment_id=7234#main\" data-orig-file=\"https:\/\/blog.erm.ee\/wp-content\/uploads\/2015\/11\/Foto9-T\u00e4rpentin.jpg\" data-orig-size=\"614,822\" data-comments-opened=\"1\" data-image-meta=\"{&quot;aperture&quot;:&quot;0&quot;,&quot;credit&quot;:&quot;&quot;,&quot;camera&quot;:&quot;&quot;,&quot;caption&quot;:&quot;&quot;,&quot;created_timestamp&quot;:&quot;0&quot;,&quot;copyright&quot;:&quot;&quot;,&quot;focal_length&quot;:&quot;0&quot;,&quot;iso&quot;:&quot;0&quot;,&quot;shutter_speed&quot;:&quot;0&quot;,&quot;title&quot;:&quot;&quot;,&quot;orientation&quot;:&quot;0&quot;}\" data-image-title=\"Foto9 T\u00e4rpentin\" data-image-description=\"\" data-image-caption=\"\" data-large-file=\"https:\/\/blog.erm.ee\/wp-content\/uploads\/2015\/11\/Foto9-T\u00e4rpentin.jpg\" class=\"wp-image-7234\" src=\"https:\/\/blog.erm.ee\/wp-content\/uploads\/2015\/11\/Foto9-T\u00e4rpentin.jpg\" alt=\"\" width=\"500\" height=\"686\" \/><\/a><p id=\"caption-attachment-7234\" class=\"wp-caption-text\">Foto 9 T\u00e4rpentin ehk puhastatud t\u00e4rpentini\u00f5li on okaspuude vaigust valmistatav vedelik, mida kasutatakse lahusti ja vedeldajana v\u00e4rvit\u00f6\u00f6stuses. Foto: http:\/\/i.imgur.com\/xYEmT34.jpg<\/p><\/div>\n<p style=\"text-align: justify;\">J\u00e4rgmine aastak\u00fcmme, millele eelnes 1918\u20131920 toimunud Vabaduss\u00f5da, mil kogu t\u00f6\u00f6 oli raskendatud, algas konserveerimise seisukohalt siiski positiivselt, kuna muuseum sai uue juhataja ja ka ruumid Raadi lossi. Kolimisega Raadile 1922. aastal alustati kohe konserveerimise ja desinfitseerimise tubade sisseseadmist. Uus gaasikamber asus koos pesutoa ja hoidlaruumidega keldris, t\u00f6\u00f6toad olid teisel korrusel ning n\u00e4itusesaalid esimesel. Algas ka uue p\u00fcsin\u00e4ituse koostamine ja \u00fclespanek, millega kaasnes palju puhastus- ja konserveerimistegevust. On teada, et toonane muuseumi juhataja Ilmari Manninen ei pooldanud ajaloolist mustust.<\/p>\n<div id=\"attachment_7235\" style=\"width: 851px\" class=\"wp-caption aligncenter\"><a href=\"https:\/\/blog.erm.ee\/wp-content\/uploads\/2015\/11\/Foto10-003962_ERM_Fk_810_20.jpg\"><img loading=\"lazy\" decoding=\"async\" aria-describedby=\"caption-attachment-7235\" data-attachment-id=\"7235\" data-permalink=\"https:\/\/blog.erm.ee\/?attachment_id=7235#main\" data-orig-file=\"https:\/\/blog.erm.ee\/wp-content\/uploads\/2015\/11\/Foto10-003962_ERM_Fk_810_20.jpg\" data-orig-size=\"841,1200\" data-comments-opened=\"1\" data-image-meta=\"{&quot;aperture&quot;:&quot;0&quot;,&quot;credit&quot;:&quot;&quot;,&quot;camera&quot;:&quot;&quot;,&quot;caption&quot;:&quot;&quot;,&quot;created_timestamp&quot;:&quot;0&quot;,&quot;copyright&quot;:&quot;&quot;,&quot;focal_length&quot;:&quot;0&quot;,&quot;iso&quot;:&quot;0&quot;,&quot;shutter_speed&quot;:&quot;0&quot;,&quot;title&quot;:&quot;&quot;,&quot;orientation&quot;:&quot;0&quot;}\" data-image-title=\"Foto10 003962_ERM_Fk_810_20\" data-image-description=\"\" data-image-caption=\"\" data-large-file=\"https:\/\/blog.erm.ee\/wp-content\/uploads\/2015\/11\/Foto10-003962_ERM_Fk_810_20-718x1024.jpg\" class=\"wp-image-7235 size-full\" src=\"https:\/\/blog.erm.ee\/wp-content\/uploads\/2015\/11\/Foto10-003962_ERM_Fk_810_20.jpg\" alt=\"Foto10 003962_ERM_Fk_810_20\" width=\"841\" height=\"1200\" srcset=\"https:\/\/blog.erm.ee\/wp-content\/uploads\/2015\/11\/Foto10-003962_ERM_Fk_810_20.jpg 841w, https:\/\/blog.erm.ee\/wp-content\/uploads\/2015\/11\/Foto10-003962_ERM_Fk_810_20-182x260.jpg 182w, https:\/\/blog.erm.ee\/wp-content\/uploads\/2015\/11\/Foto10-003962_ERM_Fk_810_20-210x300.jpg 210w, https:\/\/blog.erm.ee\/wp-content\/uploads\/2015\/11\/Foto10-003962_ERM_Fk_810_20-718x1024.jpg 718w\" sizes=\"auto, (max-width: 841px) 100vw, 841px\" \/><\/a><p id=\"caption-attachment-7235\" class=\"wp-caption-text\">Foto 10 ERM Fk 810:20. ERMi gaasitamise kamber Raadil<\/p><\/div>\n<p>Eelarvete j\u00e4rgi ilmnes, et keskmiselt korraldati desinfitseerimise toa gaasitamist 5 korda aastas, samuti toimus kogude j\u00e4rjepidev puhastamine ja pesemine<em>. <\/em>Pesemine toimus kas lihtsalt seebi ja soodaga v\u00f5i siis keemiliselt. Praegu j\u00e4\u00e4b lahtiseks, mida t\u00e4pselt keemilise pesemise all m\u00f5isteti, kuidas ja milliste ainetega see menetlust toimus.<\/p>\n<div id=\"attachment_7236\" style=\"width: 888px\" class=\"wp-caption aligncenter\"><a href=\"https:\/\/blog.erm.ee\/wp-content\/uploads\/2015\/11\/Foto11-003969_ERM_Fk_810_30.jpg\"><img loading=\"lazy\" decoding=\"async\" aria-describedby=\"caption-attachment-7236\" data-attachment-id=\"7236\" data-permalink=\"https:\/\/blog.erm.ee\/?attachment_id=7236#main\" data-orig-file=\"https:\/\/blog.erm.ee\/wp-content\/uploads\/2015\/11\/Foto11-003969_ERM_Fk_810_30.jpg\" data-orig-size=\"878,1200\" data-comments-opened=\"1\" data-image-meta=\"{&quot;aperture&quot;:&quot;0&quot;,&quot;credit&quot;:&quot;&quot;,&quot;camera&quot;:&quot;&quot;,&quot;caption&quot;:&quot;&quot;,&quot;created_timestamp&quot;:&quot;0&quot;,&quot;copyright&quot;:&quot;&quot;,&quot;focal_length&quot;:&quot;0&quot;,&quot;iso&quot;:&quot;0&quot;,&quot;shutter_speed&quot;:&quot;0&quot;,&quot;title&quot;:&quot;&quot;,&quot;orientation&quot;:&quot;0&quot;}\" data-image-title=\"Foto11 003969_ERM_Fk_810_30\" data-image-description=\"\" data-image-caption=\"\" data-large-file=\"https:\/\/blog.erm.ee\/wp-content\/uploads\/2015\/11\/Foto11-003969_ERM_Fk_810_30-749x1024.jpg\" class=\"wp-image-7236 size-full\" src=\"https:\/\/blog.erm.ee\/wp-content\/uploads\/2015\/11\/Foto11-003969_ERM_Fk_810_30.jpg\" alt=\"Foto11 003969_ERM_Fk_810_30\" width=\"878\" height=\"1200\" srcset=\"https:\/\/blog.erm.ee\/wp-content\/uploads\/2015\/11\/Foto11-003969_ERM_Fk_810_30.jpg 878w, https:\/\/blog.erm.ee\/wp-content\/uploads\/2015\/11\/Foto11-003969_ERM_Fk_810_30-190x260.jpg 190w, https:\/\/blog.erm.ee\/wp-content\/uploads\/2015\/11\/Foto11-003969_ERM_Fk_810_30-220x300.jpg 220w, https:\/\/blog.erm.ee\/wp-content\/uploads\/2015\/11\/Foto11-003969_ERM_Fk_810_30-749x1024.jpg 749w\" sizes=\"auto, (max-width: 878px) 100vw, 878px\" \/><\/a><p id=\"caption-attachment-7236\" class=\"wp-caption-text\">Foto 11 ERM Fk 810: 30. ERMi gaasitamise kamber Raadil. Enne esemete l\u00f5plikku magasini paigutamist pesti muist asju, kas lihtsalt v\u00f5i keemiliselt, \u00fclej\u00e4\u00e4nud desinfitseeriti gaasiga<\/p><\/div>\n<p style=\"text-align: justify;\">1920. aastatel esemete desinfitseerimiseks petrooleumi enam ei kasutatud, kuid endiselt oli kasutusel naftaleen, millele lisandus kamper. Kamper C10H16O on looduslik orgaaniline \u00fchend, mida saadakse kampripuu puidust. See on tugeva l\u00f5hnaga, vahajas, kergesti s\u00fcttiv, valge v\u00f5i l\u00e4bipaistev tahke aine ja sellel arvati olevat koisid peletav toime. Ilmselt kasutati kamprit tahkete tablettidena esemete juurde paigutatuna.<\/p>\n<div id=\"attachment_7237\" style=\"width: 868px\" class=\"wp-caption aligncenter\"><a href=\"https:\/\/blog.erm.ee\/wp-content\/uploads\/2015\/11\/Foto12-Kamper.jpg\"><img loading=\"lazy\" decoding=\"async\" aria-describedby=\"caption-attachment-7237\" data-attachment-id=\"7237\" data-permalink=\"https:\/\/blog.erm.ee\/?attachment_id=7237#main\" data-orig-file=\"https:\/\/blog.erm.ee\/wp-content\/uploads\/2015\/11\/Foto12-Kamper.jpg\" data-orig-size=\"858,644\" data-comments-opened=\"1\" data-image-meta=\"{&quot;aperture&quot;:&quot;0&quot;,&quot;credit&quot;:&quot;&quot;,&quot;camera&quot;:&quot;&quot;,&quot;caption&quot;:&quot;&quot;,&quot;created_timestamp&quot;:&quot;0&quot;,&quot;copyright&quot;:&quot;&quot;,&quot;focal_length&quot;:&quot;0&quot;,&quot;iso&quot;:&quot;0&quot;,&quot;shutter_speed&quot;:&quot;0&quot;,&quot;title&quot;:&quot;&quot;,&quot;orientation&quot;:&quot;0&quot;}\" data-image-title=\"Foto12 Kamper\" data-image-description=\"\" data-image-caption=\"\" data-large-file=\"https:\/\/blog.erm.ee\/wp-content\/uploads\/2015\/11\/Foto12-Kamper.jpg\" class=\"wp-image-7237 size-full\" src=\"https:\/\/blog.erm.ee\/wp-content\/uploads\/2015\/11\/Foto12-Kamper.jpg\" alt=\"Foto12 Kamper\" width=\"858\" height=\"644\" srcset=\"https:\/\/blog.erm.ee\/wp-content\/uploads\/2015\/11\/Foto12-Kamper.jpg 858w, https:\/\/blog.erm.ee\/wp-content\/uploads\/2015\/11\/Foto12-Kamper-346x260.jpg 346w, https:\/\/blog.erm.ee\/wp-content\/uploads\/2015\/11\/Foto12-Kamper-300x225.jpg 300w\" sizes=\"auto, (max-width: 858px) 100vw, 858px\" \/><\/a><p id=\"caption-attachment-7237\" class=\"wp-caption-text\">Foto 12 Kamprit saadakse kampripuu puidust. Seda kasutati koit\u00f5rjevahendina, kuid aine oli efektiivne ainult v\u00e4ga k\u00f5rges kontsentratsioonis. Foto: http:\/\/www.alibaba.com\/product-detail\/Camphor-Bulk_105180782\/showimage.html<\/p><\/div>\n<p style=\"text-align: justify;\">Lisaks v\u00f5eti 20. aastate l\u00f5pul kasutusele veel arseen ja Eulan. \u00dchest 1928. aasta t\u00f6\u00f6aruandest v\u00f5ibki lugeda, kuidas h\u00f5imurahvaste osakonna lahtised v\u00e4ljapanekud tehti koikindlaks Eulaniga ja karusnahad arseeniga. Levinuim arseeni\u00fchend, mida kasutati, oli arseentrioksiid \u2013 As2O3, mis on vees lahustuv valge kristalliline pulber. P\u00e4rast eseme t\u00f6\u00f6tlemist lahusega muutub ese v\u00e4ga m\u00fcrgiseks nii putukatele kui inimestele.<\/p>\n<div id=\"attachment_7238\" style=\"width: 306px\" class=\"wp-caption alignleft\"><a href=\"https:\/\/blog.erm.ee\/wp-content\/uploads\/2015\/11\/Foto13-032009_ERM_B_13_15_ab.jpg\"><img loading=\"lazy\" decoding=\"async\" aria-describedby=\"caption-attachment-7238\" data-attachment-id=\"7238\" data-permalink=\"https:\/\/blog.erm.ee\/?attachment_id=7238#main\" data-orig-file=\"https:\/\/blog.erm.ee\/wp-content\/uploads\/2015\/11\/Foto13-032009_ERM_B_13_15_ab.jpg\" data-orig-size=\"1200,798\" data-comments-opened=\"1\" data-image-meta=\"{&quot;aperture&quot;:&quot;0&quot;,&quot;credit&quot;:&quot;&quot;,&quot;camera&quot;:&quot;&quot;,&quot;caption&quot;:&quot;&quot;,&quot;created_timestamp&quot;:&quot;0&quot;,&quot;copyright&quot;:&quot;&quot;,&quot;focal_length&quot;:&quot;0&quot;,&quot;iso&quot;:&quot;0&quot;,&quot;shutter_speed&quot;:&quot;0&quot;,&quot;title&quot;:&quot;&quot;,&quot;orientation&quot;:&quot;0&quot;}\" data-image-title=\"Foto13 032009_ERM_B_13_15_ab\" data-image-description=\"\" data-image-caption=\"\" data-large-file=\"https:\/\/blog.erm.ee\/wp-content\/uploads\/2015\/11\/Foto13-032009_ERM_B_13_15_ab-1024x681.jpg\" class=\"wp-image-7238 size-medium\" src=\"https:\/\/blog.erm.ee\/wp-content\/uploads\/2015\/11\/Foto13-032009_ERM_B_13_15_ab-300x200.jpg\" alt=\"Foto13 032009_ERM_B_13_15_ab\" width=\"300\" height=\"200\" srcset=\"https:\/\/blog.erm.ee\/wp-content\/uploads\/2015\/11\/Foto13-032009_ERM_B_13_15_ab-300x200.jpg 300w, https:\/\/blog.erm.ee\/wp-content\/uploads\/2015\/11\/Foto13-032009_ERM_B_13_15_ab-391x260.jpg 391w, https:\/\/blog.erm.ee\/wp-content\/uploads\/2015\/11\/Foto13-032009_ERM_B_13_15_ab-1024x681.jpg 1024w, https:\/\/blog.erm.ee\/wp-content\/uploads\/2015\/11\/Foto13-032009_ERM_B_13_15_ab.jpg 1200w\" sizes=\"auto, (max-width: 300px) 100vw, 300px\" \/><\/a><p id=\"caption-attachment-7238\" class=\"wp-caption-text\">Foto 13 1928. aastaks kogunenud karusnahksed h\u00f5imurahvaste esemed t\u00f6\u00f6deldi koikindlaks arseeniga. Karvakingad ERM B 13:15<\/p><\/div>\n<div id=\"attachment_7239\" style=\"width: 306px\" class=\"wp-caption alignright\"><a href=\"https:\/\/blog.erm.ee\/wp-content\/uploads\/2015\/11\/Foto14-Arseen.jpg\"><img loading=\"lazy\" decoding=\"async\" aria-describedby=\"caption-attachment-7239\" data-attachment-id=\"7239\" data-permalink=\"https:\/\/blog.erm.ee\/?attachment_id=7239#main\" data-orig-file=\"https:\/\/blog.erm.ee\/wp-content\/uploads\/2015\/11\/Foto14-Arseen.jpg\" data-orig-size=\"669,445\" data-comments-opened=\"1\" data-image-meta=\"{&quot;aperture&quot;:&quot;0&quot;,&quot;credit&quot;:&quot;&quot;,&quot;camera&quot;:&quot;&quot;,&quot;caption&quot;:&quot;&quot;,&quot;created_timestamp&quot;:&quot;0&quot;,&quot;copyright&quot;:&quot;&quot;,&quot;focal_length&quot;:&quot;0&quot;,&quot;iso&quot;:&quot;0&quot;,&quot;shutter_speed&quot;:&quot;0&quot;,&quot;title&quot;:&quot;&quot;,&quot;orientation&quot;:&quot;0&quot;}\" data-image-title=\"Foto14 Arseen\" data-image-description=\"\" data-image-caption=\"\" data-large-file=\"https:\/\/blog.erm.ee\/wp-content\/uploads\/2015\/11\/Foto14-Arseen.jpg\" class=\"wp-image-7239 size-medium\" src=\"https:\/\/blog.erm.ee\/wp-content\/uploads\/2015\/11\/Foto14-Arseen-300x200.jpg\" alt=\"Foto14 Arseen\" width=\"300\" height=\"200\" srcset=\"https:\/\/blog.erm.ee\/wp-content\/uploads\/2015\/11\/Foto14-Arseen-300x200.jpg 300w, https:\/\/blog.erm.ee\/wp-content\/uploads\/2015\/11\/Foto14-Arseen-391x260.jpg 391w, https:\/\/blog.erm.ee\/wp-content\/uploads\/2015\/11\/Foto14-Arseen.jpg 669w\" sizes=\"auto, (max-width: 300px) 100vw, 300px\" \/><\/a><p id=\"caption-attachment-7239\" class=\"wp-caption-text\">Foto 14 Levinum arseeni\u00fchend As2O3, mida nimetati rahvakeeli arseenikuks. Foto: http:\/\/www.dailymail.co.uk\/sciencetech\/article-2979234\/The-people-eat-ARSENIC-Remote-village-Andes-developed-tolerance-toxic-chemical.html<\/p><\/div>\n<p>&nbsp;<\/p>\n<p>&nbsp;<\/p>\n<p>&nbsp;<\/p>\n<p>&nbsp;<\/p>\n<p>&nbsp;<\/p>\n<p>&nbsp;<\/p>\n<p>&nbsp;<\/p>\n<p>&nbsp;<\/p>\n<p>&nbsp;<\/p>\n<p>&nbsp;<\/p>\n<p style=\"text-align: justify;\">Teine uus pestitsiid, mida eelnevalt nimetasin, oli Eulan. Seda telliti Saksamaalt villaste esemete desinfitseerimiseks. Muuseumi direktori Ilmari Mannineni s\u00f5nul olevat see ainuke kindel abin\u00f5u koide vastu ning pea k\u00f5igis suuremais muuseumides tarvitusel. 20 kg Eulaniga loodeti k\u00f5ik muuseumi kogud p\u00fcsivalt <em>eulaniseerida<\/em>. Eulan on orgaaniline \u00fchend (klorofen\u00fc\u00fcleeter + klorometaan sulfonamiid). Seda kasutati \u00fcle maailma nii Ameerikas (Edolan) kui Euroopas (Eulan U33) karusnahkade ja topiste putukat\u00f5rjevahendina. \u00dchendit kasutati isopropanooli- v\u00f5i vesilahuses. Selles v\u00f5idi esemeid leotada, aga seda v\u00f5idi kasutada ka esemetele pihustamiseks.<\/p>\n<div id=\"attachment_7240\" style=\"width: 506px\" class=\"wp-caption aligncenter\"><a href=\"https:\/\/blog.erm.ee\/wp-content\/uploads\/2015\/11\/Foto15-032126_ERM_B_26_2.jpg\"><img loading=\"lazy\" decoding=\"async\" aria-describedby=\"caption-attachment-7240\" data-attachment-id=\"7240\" data-permalink=\"https:\/\/blog.erm.ee\/?attachment_id=7240#main\" data-orig-file=\"https:\/\/blog.erm.ee\/wp-content\/uploads\/2015\/11\/Foto15-032126_ERM_B_26_2.jpg\" data-orig-size=\"798,1200\" data-comments-opened=\"1\" data-image-meta=\"{&quot;aperture&quot;:&quot;0&quot;,&quot;credit&quot;:&quot;&quot;,&quot;camera&quot;:&quot;&quot;,&quot;caption&quot;:&quot;&quot;,&quot;created_timestamp&quot;:&quot;0&quot;,&quot;copyright&quot;:&quot;&quot;,&quot;focal_length&quot;:&quot;0&quot;,&quot;iso&quot;:&quot;0&quot;,&quot;shutter_speed&quot;:&quot;0&quot;,&quot;title&quot;:&quot;&quot;,&quot;orientation&quot;:&quot;0&quot;}\" data-image-title=\"Foto15 032126_ERM_B_26_2\" data-image-description=\"\" data-image-caption=\"\" data-large-file=\"https:\/\/blog.erm.ee\/wp-content\/uploads\/2015\/11\/Foto15-032126_ERM_B_26_2-681x1024.jpg\" class=\"wp-image-7240\" src=\"https:\/\/blog.erm.ee\/wp-content\/uploads\/2015\/11\/Foto15-032126_ERM_B_26_2-681x1024.jpg\" alt=\"Foto15 032126_ERM_B_26_2\" width=\"500\" height=\"815\" \/><\/a><p id=\"caption-attachment-7240\" class=\"wp-caption-text\">Foto 15 H\u00f5imurahvaste osakonna lahtised v\u00e4ljapanekud tehti koikindlaks Eulaniga. M\u00fcts ERM B26:2<\/p><\/div>\n<p style=\"text-align: justify;\">M\u00f5ned muuseumi esemed, mis saadeti 1929. aastal Br\u00fcsseli rahvakunstin\u00e4itusele, on eksponeerimise jooksul korduvalt Flitiga \u00fcle pritsitud. Flit oli m\u00f5eldud k\u00e4rbse- ja s\u00e4\u00e4set\u00f5rjevahendiks. See on valmistatud mineraal\u00f5lide baasil, millele on lisatud 5% tuntud insektitsiidi DDT.<\/p>\n<div id=\"attachment_7241\" style=\"width: 342px\" class=\"wp-caption alignleft\"><a href=\"https:\/\/blog.erm.ee\/wp-content\/uploads\/2015\/11\/Foto16-Flit.jpg\"><img loading=\"lazy\" decoding=\"async\" aria-describedby=\"caption-attachment-7241\" data-attachment-id=\"7241\" data-permalink=\"https:\/\/blog.erm.ee\/?attachment_id=7241#main\" data-orig-file=\"https:\/\/blog.erm.ee\/wp-content\/uploads\/2015\/11\/Foto16-Flit.jpg\" data-orig-size=\"768,614\" data-comments-opened=\"1\" data-image-meta=\"{&quot;aperture&quot;:&quot;0&quot;,&quot;credit&quot;:&quot;&quot;,&quot;camera&quot;:&quot;&quot;,&quot;caption&quot;:&quot;&quot;,&quot;created_timestamp&quot;:&quot;0&quot;,&quot;copyright&quot;:&quot;&quot;,&quot;focal_length&quot;:&quot;0&quot;,&quot;iso&quot;:&quot;0&quot;,&quot;shutter_speed&quot;:&quot;0&quot;,&quot;title&quot;:&quot;&quot;,&quot;orientation&quot;:&quot;0&quot;}\" data-image-title=\"Foto16 Flit\" data-image-description=\"\" data-image-caption=\"\" data-large-file=\"https:\/\/blog.erm.ee\/wp-content\/uploads\/2015\/11\/Foto16-Flit.jpg\" class=\"wp-image-7241\" src=\"https:\/\/blog.erm.ee\/wp-content\/uploads\/2015\/11\/Foto16-Flit-300x240.jpg\" alt=\"Foto16 Flit\" width=\"336\" height=\"300\" \/><\/a><p id=\"caption-attachment-7241\" class=\"wp-caption-text\">Foto 16 Fliti pulverisaator. Foto: https:\/\/en.wikipedia.org\/wiki\/Flit#\/media\/File:FLIT_Spray_Can_1.jpg<\/p><\/div>\n<div id=\"attachment_7242\" style=\"width: 240px\" class=\"wp-caption alignright\"><a href=\"https:\/\/blog.erm.ee\/wp-content\/uploads\/2015\/11\/Foto17-Flit2.jpg\"><img loading=\"lazy\" decoding=\"async\" aria-describedby=\"caption-attachment-7242\" data-attachment-id=\"7242\" data-permalink=\"https:\/\/blog.erm.ee\/?attachment_id=7242#main\" data-orig-file=\"https:\/\/blog.erm.ee\/wp-content\/uploads\/2015\/11\/Foto17-Flit2.jpg\" data-orig-size=\"509,653\" data-comments-opened=\"1\" data-image-meta=\"{&quot;aperture&quot;:&quot;0&quot;,&quot;credit&quot;:&quot;&quot;,&quot;camera&quot;:&quot;&quot;,&quot;caption&quot;:&quot;&quot;,&quot;created_timestamp&quot;:&quot;0&quot;,&quot;copyright&quot;:&quot;&quot;,&quot;focal_length&quot;:&quot;0&quot;,&quot;iso&quot;:&quot;0&quot;,&quot;shutter_speed&quot;:&quot;0&quot;,&quot;title&quot;:&quot;&quot;,&quot;orientation&quot;:&quot;0&quot;}\" data-image-title=\"Foto17 Flit2\" data-image-description=\"\" data-image-caption=\"\" data-large-file=\"https:\/\/blog.erm.ee\/wp-content\/uploads\/2015\/11\/Foto17-Flit2.jpg\" class=\"wp-image-7242 size-medium\" src=\"https:\/\/blog.erm.ee\/wp-content\/uploads\/2015\/11\/Foto17-Flit2-234x300.jpg\" alt=\"Foto17 Flit2\" width=\"234\" height=\"300\" srcset=\"https:\/\/blog.erm.ee\/wp-content\/uploads\/2015\/11\/Foto17-Flit2-234x300.jpg 234w, https:\/\/blog.erm.ee\/wp-content\/uploads\/2015\/11\/Foto17-Flit2-203x260.jpg 203w, https:\/\/blog.erm.ee\/wp-content\/uploads\/2015\/11\/Foto17-Flit2.jpg 509w\" sizes=\"auto, (max-width: 234px) 100vw, 234px\" \/><\/a><p id=\"caption-attachment-7242\" class=\"wp-caption-text\">Foto 17 Fliti reklaam \u201eTapad k\u00e4rbseid \u2013 s\u00e4\u00e4stad elusid\u201c. Foto: http:\/\/qepicuwat.exblog.jp\/page\/3\/<\/p><\/div>\n<p>&nbsp;<\/p>\n<p>&nbsp;<\/p>\n<p>&nbsp;<\/p>\n<p>&nbsp;<\/p>\n<p>&nbsp;<\/p>\n<p>&nbsp;<\/p>\n<p>&nbsp;<\/p>\n<p>&nbsp;<\/p>\n<p>&nbsp;<\/p>\n<p>&nbsp;<\/p>\n<p>&nbsp;<\/p>\n<p style=\"text-align: justify;\">1930. aastatel toimus endiselt j\u00e4rjepidev esemete gaasitamine ning immutamine Eulaniga. Algasid katsed puitesemete immutamiseks bensiinis lahustatud naftaleeniga. Katsetused kestsid 3 aastat.<\/p>\n<div id=\"attachment_7243\" style=\"width: 506px\" class=\"wp-caption aligncenter\"><a href=\"https:\/\/blog.erm.ee\/wp-content\/uploads\/2015\/11\/Foto18-A_426_203.jpg\"><img loading=\"lazy\" decoding=\"async\" aria-describedby=\"caption-attachment-7243\" data-attachment-id=\"7243\" data-permalink=\"https:\/\/blog.erm.ee\/?attachment_id=7243#main\" data-orig-file=\"https:\/\/blog.erm.ee\/wp-content\/uploads\/2015\/11\/Foto18-A_426_203.jpg\" data-orig-size=\"795,1200\" data-comments-opened=\"1\" data-image-meta=\"{&quot;aperture&quot;:&quot;0&quot;,&quot;credit&quot;:&quot;&quot;,&quot;camera&quot;:&quot;&quot;,&quot;caption&quot;:&quot;[#Beginning of Shooting Data Section]\\rNikon D200\\rFocal Length: 50mm\\rOptimize Image: Custom\\rColor Mode: Mode II (Adobe RGB)\\rLong Exposure NR: Off\\rHigh ISO NR: Off\\r2010\/12\/16 12:25:28.2\\rExposure Mode: Manual\\rWhite Balance: Flash\\rTone Comp.: Auto\\rRAW (12-bit)\\rMetering Mode: Multi-Pattern\\rAF Mode: AF-S\\rHue Adjustment: 0\\u00b0\\rImage Size: Large (3872 x 2592)\\r1\/30 sec - F\/16\\rFlash Sync Mode: Not Attached\\rSaturation: Normal\\rColor\\rExposure Comp.: 0 EV\\rSharpening: Medium high\\rLens: VR 18-200mm F\/3.5-5.6 G\\rSensitivity: ISO 100\\rImage Comment:                                     \\r[#End of Shooting Data Section]&quot;,&quot;created_timestamp&quot;:&quot;1292502328&quot;,&quot;copyright&quot;:&quot;&quot;,&quot;focal_length&quot;:&quot;0&quot;,&quot;iso&quot;:&quot;0&quot;,&quot;shutter_speed&quot;:&quot;0&quot;,&quot;title&quot;:&quot;&quot;,&quot;orientation&quot;:&quot;0&quot;}\" data-image-title=\"Foto18 A_426_203\" data-image-description=\"\" data-image-caption=\"&lt;p&gt;[#Beginning of Shooting Data Section]&lt;br \/&gt;\nNikon D200&lt;br \/&gt;\nFocal Length: 50mm&lt;br \/&gt;\nOptimize Image: Custom&lt;br \/&gt;\nColor Mode: Mode II (Adobe RGB)&lt;br \/&gt;\nLong Exposure NR: Off&lt;br \/&gt;\nHigh ISO NR: Off&lt;br \/&gt;\n2010\/12\/16 12:25:28.2&lt;br \/&gt;\nExposure Mode: Manual&lt;br \/&gt;\nWhite Balance: Flash&lt;br \/&gt;\nTone Comp.: Auto&lt;br \/&gt;\nRAW (12-bit)&lt;br \/&gt;\nMetering Mode: Multi-Pattern&lt;br \/&gt;\nAF Mode: AF-S&lt;br \/&gt;\nHue Adjustment: 0\u00b0&lt;br \/&gt;\nImage Size: Large (3872 x 2592)&lt;br \/&gt;\n1\/30 sec &amp;#8211; F\/16&lt;br \/&gt;\nFlash Sync Mode: Not Attached&lt;br \/&gt;\nSaturation: Normal&lt;br \/&gt;\nColor&lt;br \/&gt;\nExposure Comp.: 0 EV&lt;br \/&gt;\nSharpening: Medium high&lt;br \/&gt;\nLens: VR 18-200mm F\/3.5-5.6 G&lt;br \/&gt;\nSensitivity: ISO 100&lt;br \/&gt;\nImage Comment:&lt;br \/&gt;\n[#End of Shooting Data Section]&lt;\/p&gt;\n\" data-large-file=\"https:\/\/blog.erm.ee\/wp-content\/uploads\/2015\/11\/Foto18-A_426_203-678x1024.jpg\" class=\"wp-image-7243\" src=\"https:\/\/blog.erm.ee\/wp-content\/uploads\/2015\/11\/Foto18-A_426_203-678x1024.jpg\" alt=\"[#Beginning of Shooting Data Section] Nikon D200 Focal Length: 50mm Optimize Image: Custom Color Mode: Mode II (Adobe RGB) Long Exposure NR: Off High ISO NR: Off 2010\/12\/16 12:25:28.2 Exposure Mode: Manual White Balance: Flash Tone Comp.: Auto RAW (12-bit) Metering Mode: Multi-Pattern AF Mode: AF-S Hue Adjustment: 0\u00b0 Image Size: Large (3872 x 2592) 1\/30 sec - F\/16 Flash Sync Mode: Not Attached Saturation: Normal Color Exposure Comp.: 0 EV Sharpening: Medium high Lens: VR 18-200mm F\/3.5-5.6 G Sensitivity: ISO 100 Image Comment: [#End of Shooting Data Section]\" width=\"500\" height=\"757\" srcset=\"https:\/\/blog.erm.ee\/wp-content\/uploads\/2015\/11\/Foto18-A_426_203-172x260.jpg 172w, https:\/\/blog.erm.ee\/wp-content\/uploads\/2015\/11\/Foto18-A_426_203-199x300.jpg 199w\" sizes=\"auto, (max-width: 500px) 100vw, 500px\" \/><\/a><p id=\"caption-attachment-7243\" class=\"wp-caption-text\">Foto 18 Tooli A 426:203 on valmistanud u 1890. aastatel puusepp Mart Kreebs Kihelkonna khk<\/p><\/div>\n<p style=\"text-align: justify;\">Sel k\u00fcmnendil konsulteeriti j\u00e4rjepidevalt T\u00dc entomoloogia katsejaama juhataja Karl Leiusega (varem Zolk), kes korraldas mitme aasta v\u00e4ltel muuseumi kogude desinfitseerimist gaasis. Temalt on ilmunud ka uurimist\u00f6\u00f6 \u201eToonesepad m\u00f6\u00f6blis ja nende t\u00f5rje\u201c, kus ta annab juhiseid puidu gaasitamiseks sinihappega, kasutades Zyklonit. Sinihape e vesinikts\u00fcaniidhape on v\u00e4rvitu lenduv vedelik, mis m\u00f5jub loomsetele organismidele v\u00e4ga tugeva m\u00fcrgina. Leius soovitas sinihapet kasutada vaakummenetluses: <em>kuid selle puudumisel v\u00f5ib gaasitamist toimetada ka lihtsas gaasitamisruumis, milliseid leidub m\u00f5ne \u00fcksiku muuseumi juures n\u00e4it. Eesti Rahva Muuseumis. Kui aga desinfitseerimise ruum puudub v\u00f5ib kasutada ka Cupramoni v\u00f5i Xylamoni \u00f5lipreparaate.<\/em> (Taluperenaine nr 1)<\/p>\n<div id=\"attachment_7244\" style=\"width: 710px\" class=\"wp-caption aligncenter\"><a href=\"https:\/\/blog.erm.ee\/wp-content\/uploads\/2015\/11\/Foto19-Sinihape.jpg\"><img loading=\"lazy\" decoding=\"async\" aria-describedby=\"caption-attachment-7244\" data-attachment-id=\"7244\" data-permalink=\"https:\/\/blog.erm.ee\/?attachment_id=7244#main\" data-orig-file=\"https:\/\/blog.erm.ee\/wp-content\/uploads\/2015\/11\/Foto19-Sinihape.jpg\" data-orig-size=\"3307,2338\" data-comments-opened=\"1\" data-image-meta=\"{&quot;aperture&quot;:&quot;0&quot;,&quot;credit&quot;:&quot;&quot;,&quot;camera&quot;:&quot;&quot;,&quot;caption&quot;:&quot;&quot;,&quot;created_timestamp&quot;:&quot;0&quot;,&quot;copyright&quot;:&quot;&quot;,&quot;focal_length&quot;:&quot;0&quot;,&quot;iso&quot;:&quot;0&quot;,&quot;shutter_speed&quot;:&quot;0&quot;,&quot;title&quot;:&quot;&quot;,&quot;orientation&quot;:&quot;0&quot;}\" data-image-title=\"Foto19 Sinihape\" data-image-description=\"\" data-image-caption=\"\" data-large-file=\"https:\/\/blog.erm.ee\/wp-content\/uploads\/2015\/11\/Foto19-Sinihape-1024x724.jpg\" class=\"wp-image-7244 size-large\" src=\"https:\/\/blog.erm.ee\/wp-content\/uploads\/2015\/11\/Foto19-Sinihape-1024x724.jpg\" alt=\"Foto19 Sinihape\" width=\"700\" height=\"495\" srcset=\"https:\/\/blog.erm.ee\/wp-content\/uploads\/2015\/11\/Foto19-Sinihape-1024x724.jpg 1024w, https:\/\/blog.erm.ee\/wp-content\/uploads\/2015\/11\/Foto19-Sinihape-368x260.jpg 368w, https:\/\/blog.erm.ee\/wp-content\/uploads\/2015\/11\/Foto19-Sinihape-300x212.jpg 300w\" sizes=\"auto, (max-width: 700px) 100vw, 700px\" \/><\/a><p id=\"caption-attachment-7244\" class=\"wp-caption-text\">Foto 19 Sinihape CHN on ekstreemselt m\u00fcrgine orgaaniline vedelik. K. Leius (Zolk), \u201eToonesepad m\u00f6\u00f6blis ja nende t\u00f5rje\u201c, Taluperenaine nr. 1, 1935<\/p><\/div>\n<p style=\"text-align: justify;\">Leiuse n\u00f5uannete kohaselt alustati muuseumis katseid puitesemete immutamiseks Xylamoni \u00f5liga. Xylamon sisaldab aktiivse ainena lindaani, mis on 100 korda toksilisem kui DDT. \u00d5li telliti Soomest ja katseid tehti 2 aasta v\u00e4ltel. Samal ajal k\u00e4is jooksva t\u00f6\u00f6na villaste esemete t\u00f6\u00f6tlemine Eulaniga, metallesemed aga konserveeriti T\u00dc Arheoloogia Kabinetis.<\/p>\n<div id=\"attachment_7245\" style=\"width: 406px\" class=\"wp-caption aligncenter\"><a href=\"https:\/\/blog.erm.ee\/wp-content\/uploads\/2015\/11\/Foto20-xylamon.jpg\"><img loading=\"lazy\" decoding=\"async\" aria-describedby=\"caption-attachment-7245\" data-attachment-id=\"7245\" data-permalink=\"https:\/\/blog.erm.ee\/?attachment_id=7245#main\" data-orig-file=\"https:\/\/blog.erm.ee\/wp-content\/uploads\/2015\/11\/Foto20-xylamon.jpg\" data-orig-size=\"522,742\" data-comments-opened=\"1\" data-image-meta=\"{&quot;aperture&quot;:&quot;0&quot;,&quot;credit&quot;:&quot;&quot;,&quot;camera&quot;:&quot;&quot;,&quot;caption&quot;:&quot;&quot;,&quot;created_timestamp&quot;:&quot;0&quot;,&quot;copyright&quot;:&quot;&quot;,&quot;focal_length&quot;:&quot;0&quot;,&quot;iso&quot;:&quot;0&quot;,&quot;shutter_speed&quot;:&quot;0&quot;,&quot;title&quot;:&quot;&quot;,&quot;orientation&quot;:&quot;0&quot;}\" data-image-title=\"Foto20 xylamon\" data-image-description=\"\" data-image-caption=\"\" data-large-file=\"https:\/\/blog.erm.ee\/wp-content\/uploads\/2015\/11\/Foto20-xylamon.jpg\" class=\"wp-image-7245\" src=\"https:\/\/blog.erm.ee\/wp-content\/uploads\/2015\/11\/Foto20-xylamon.jpg\" alt=\"Foto20 xylamon\" width=\"400\" height=\"621\" \/><\/a><p id=\"caption-attachment-7245\" class=\"wp-caption-text\">Foto 20 Xylamon \u2013 sisaldab organokloriin lindaani (HCH), valge kristalne aine, lahustub orgaanilistes lahustites. M\u00fcrgine pestitsiid. Foto: http:\/\/www.holzfragen.de\/seiten\/pop_biozide.html<\/p><\/div>\n<p style=\"text-align: justify;\">Selle aja t\u00f6\u00f6keskkonnale ja kasutatud t\u00f6\u00f6vahenditele heidab valgust 1939. aastal toimunud inventuur, kui koostati k\u00f5lbmatu inventari mahakandmise nimekiri. Sealhulgas on n\u00e4iteks j\u00e4rgmised esemed: petrooleumivaat, pulverisaator, metallharjad asjade puhastamiseks, proviisorilt saadud ja turult ostetud suured klaaspudelid, arhiivkarbid, t\u00f6\u00f6kuued, termomeetrid (1925), piimakann (gaasitamise juurde), lehter, m\u00f5\u00f5duklaas, tsingitud panged, mitmesuguseid k\u00e4sit\u00f6\u00f6riistu (kruvikeerajad, puurid, peitlid, haamrid, tangid, kruvit\u00f5mbaja, traaditangid, naelatangid, viil, pintslid).<\/p>\n<div id=\"attachment_7246\" style=\"width: 710px\" class=\"wp-caption aligncenter\"><a href=\"https:\/\/blog.erm.ee\/wp-content\/uploads\/2015\/11\/Foto21-nimekiri.jpg\"><img loading=\"lazy\" decoding=\"async\" aria-describedby=\"caption-attachment-7246\" data-attachment-id=\"7246\" data-permalink=\"https:\/\/blog.erm.ee\/?attachment_id=7246#main\" data-orig-file=\"https:\/\/blog.erm.ee\/wp-content\/uploads\/2015\/11\/Foto21-nimekiri.jpg\" data-orig-size=\"2221,1525\" data-comments-opened=\"1\" data-image-meta=\"{&quot;aperture&quot;:&quot;0&quot;,&quot;credit&quot;:&quot;&quot;,&quot;camera&quot;:&quot;&quot;,&quot;caption&quot;:&quot;&quot;,&quot;created_timestamp&quot;:&quot;0&quot;,&quot;copyright&quot;:&quot;&quot;,&quot;focal_length&quot;:&quot;0&quot;,&quot;iso&quot;:&quot;0&quot;,&quot;shutter_speed&quot;:&quot;0&quot;,&quot;title&quot;:&quot;&quot;,&quot;orientation&quot;:&quot;0&quot;}\" data-image-title=\"Foto21 nimekiri\" data-image-description=\"\" data-image-caption=\"\" data-large-file=\"https:\/\/blog.erm.ee\/wp-content\/uploads\/2015\/11\/Foto21-nimekiri-1024x703.jpg\" class=\"wp-image-7246 size-large\" src=\"https:\/\/blog.erm.ee\/wp-content\/uploads\/2015\/11\/Foto21-nimekiri-1024x703.jpg\" alt=\"Foto21 nimekiri\" width=\"700\" height=\"481\" srcset=\"https:\/\/blog.erm.ee\/wp-content\/uploads\/2015\/11\/Foto21-nimekiri-1024x703.jpg 1024w, https:\/\/blog.erm.ee\/wp-content\/uploads\/2015\/11\/Foto21-nimekiri-379x260.jpg 379w, https:\/\/blog.erm.ee\/wp-content\/uploads\/2015\/11\/Foto21-nimekiri-300x206.jpg 300w\" sizes=\"auto, (max-width: 700px) 100vw, 700px\" \/><\/a><p id=\"caption-attachment-7246\" class=\"wp-caption-text\">Foto 21 1939. aastal maha kantud t\u00f6\u00f6vahendite nimekiri. ERM A f 1, n 1, s 13<\/p><\/div>\n<p style=\"text-align: justify;\">Nagu ikka, toimus muuseumis j\u00e4rjepidev kogude seisundi kontrollimine ja j\u00e4relevalve. Selle tulemusena avastatigi 1940. aastal puumagasinides r\u00f6\u00f6vik \u201eh\u00f5bekalake\u201c e majasoomukas, mille t\u00f5rjeks tolmutati hoidlates k\u00f5ik puitesemed p\u00fcrotool-tolmuga ja m\u00f5ned immutati endiselt Xylamoniga. P\u00fcrotool oli 1920.\u201340. aastatel p\u00f5llumajanduses laialt kasutatud pestitsiid. Seda kasutati erinevate taimekahjurite t\u00f5rjeks.<\/p>\n<div id=\"attachment_7247\" style=\"width: 849px\" class=\"wp-caption aligncenter\"><a href=\"https:\/\/blog.erm.ee\/wp-content\/uploads\/2015\/11\/Foto22-Majasoomukas.jpg\"><img loading=\"lazy\" decoding=\"async\" aria-describedby=\"caption-attachment-7247\" data-attachment-id=\"7247\" data-permalink=\"https:\/\/blog.erm.ee\/?attachment_id=7247#main\" data-orig-file=\"https:\/\/blog.erm.ee\/wp-content\/uploads\/2015\/11\/Foto22-Majasoomukas.jpg\" data-orig-size=\"839,728\" data-comments-opened=\"1\" data-image-meta=\"{&quot;aperture&quot;:&quot;0&quot;,&quot;credit&quot;:&quot;&quot;,&quot;camera&quot;:&quot;&quot;,&quot;caption&quot;:&quot;&quot;,&quot;created_timestamp&quot;:&quot;0&quot;,&quot;copyright&quot;:&quot;&quot;,&quot;focal_length&quot;:&quot;0&quot;,&quot;iso&quot;:&quot;0&quot;,&quot;shutter_speed&quot;:&quot;0&quot;,&quot;title&quot;:&quot;&quot;,&quot;orientation&quot;:&quot;0&quot;}\" data-image-title=\"Foto22 Majasoomukas\" data-image-description=\"\" data-image-caption=\"\" data-large-file=\"https:\/\/blog.erm.ee\/wp-content\/uploads\/2015\/11\/Foto22-Majasoomukas.jpg\" class=\"wp-image-7247 size-full\" src=\"https:\/\/blog.erm.ee\/wp-content\/uploads\/2015\/11\/Foto22-Majasoomukas.jpg\" alt=\"Foto22 Majasoomukas\" width=\"839\" height=\"728\" srcset=\"https:\/\/blog.erm.ee\/wp-content\/uploads\/2015\/11\/Foto22-Majasoomukas.jpg 839w, https:\/\/blog.erm.ee\/wp-content\/uploads\/2015\/11\/Foto22-Majasoomukas-300x260.jpg 300w\" sizes=\"auto, (max-width: 839px) 100vw, 839px\" \/><\/a><p id=\"caption-attachment-7247\" class=\"wp-caption-text\">Foto 22 \u201eH\u00f5bekalake\u201c e majasoomukas (Lepisma saccharina)<\/p><\/div>\n<p style=\"text-align: justify;\">Teise maailmas\u00f5ja ajal tegeleti hoopis t\u00f5sisemate kogude s\u00e4ilitamise probleemidega. Kogud oli vaja s\u00f5ja eest evakueerida. P\u00f5hiliselt j\u00f5uti esemeid ainult tuulutada ja hoolitseda selle eest, et nad oleksid enamv\u00e4hem kuivades tingimustes.<\/p>\n<div id=\"attachment_7248\" style=\"width: 710px\" class=\"wp-caption aligncenter\"><a href=\"https:\/\/blog.erm.ee\/wp-content\/uploads\/2015\/11\/Foto23-315518_ERM_Fk_1081_53.jpg\"><img loading=\"lazy\" decoding=\"async\" aria-describedby=\"caption-attachment-7248\" data-attachment-id=\"7248\" data-permalink=\"https:\/\/blog.erm.ee\/?attachment_id=7248#main\" data-orig-file=\"https:\/\/blog.erm.ee\/wp-content\/uploads\/2015\/11\/Foto23-315518_ERM_Fk_1081_53.jpg\" data-orig-size=\"1200,815\" data-comments-opened=\"1\" data-image-meta=\"{&quot;aperture&quot;:&quot;0&quot;,&quot;credit&quot;:&quot;&quot;,&quot;camera&quot;:&quot;&quot;,&quot;caption&quot;:&quot;&quot;,&quot;created_timestamp&quot;:&quot;1234874982&quot;,&quot;copyright&quot;:&quot;Merylin Suve&quot;,&quot;focal_length&quot;:&quot;0&quot;,&quot;iso&quot;:&quot;0&quot;,&quot;shutter_speed&quot;:&quot;0&quot;,&quot;title&quot;:&quot;&quot;,&quot;orientation&quot;:&quot;0&quot;}\" data-image-title=\"Foto23 315518_ERM_Fk_1081_53\" data-image-description=\"\" data-image-caption=\"\" data-large-file=\"https:\/\/blog.erm.ee\/wp-content\/uploads\/2015\/11\/Foto23-315518_ERM_Fk_1081_53-1024x695.jpg\" class=\"wp-image-7248 size-large\" src=\"https:\/\/blog.erm.ee\/wp-content\/uploads\/2015\/11\/Foto23-315518_ERM_Fk_1081_53-1024x695.jpg\" alt=\"Foto23 315518_ERM_Fk_1081_53\" width=\"700\" height=\"475\" srcset=\"https:\/\/blog.erm.ee\/wp-content\/uploads\/2015\/11\/Foto23-315518_ERM_Fk_1081_53-1024x695.jpg 1024w, https:\/\/blog.erm.ee\/wp-content\/uploads\/2015\/11\/Foto23-315518_ERM_Fk_1081_53-383x260.jpg 383w, https:\/\/blog.erm.ee\/wp-content\/uploads\/2015\/11\/Foto23-315518_ERM_Fk_1081_53-300x204.jpg 300w, https:\/\/blog.erm.ee\/wp-content\/uploads\/2015\/11\/Foto23-315518_ERM_Fk_1081_53.jpg 1200w\" sizes=\"auto, (max-width: 700px) 100vw, 700px\" \/><\/a><p id=\"caption-attachment-7248\" class=\"wp-caption-text\">Foto 23 Vaipade tuulutamine Karksis. ERM Fk 1081:53<\/p><\/div>\n<p style=\"text-align: justify;\">Arhiiviallikate p\u00f5hjal on uuritava 27 aasta jooksul muuseumis kasutatud 12 erinevat desinfitseerimisainet. Minuni on j\u00f5udnud veel huvitavaid fakte, kuidas kuuek\u00fcmnendatel \u00fcritati koisid isegi kiiritada ja koobaltkahuriga t\u00f5rjuda. Aga sellest k\u00f5igest j\u00e4rgmisel korral.<\/p>\n<p>&nbsp;<\/p>\n<p>Allikad ja kirjandus:<\/p>\n<p>Eesti Rahva Muuseumi ametiarhiiv ja fotokogu.<\/p>\n<p>\u201eEesti Rahva Muuseumi Aastaraamat I\u201c. Tartu, 1925<\/p>\n<p>\u201eEesti Rahva Muuseumi Aastaraamat XI\u201c. Tartu, 1935<\/p>\n<p>\u201eEesti Rahva Muuseumi Aastaraamat XIII\u2013XIV\u201c. Tartu, 1938<\/p>\n<p>\u201eEesti Rahva Muuseumi Aastaraamat XV \u201c. Tartu, 1947<\/p>\n<p>\u00d5unapuu, Piret. \u201eEesti Rahva Muuseumi loomine ja v\u00e4ljakujunemine\u201c. Tartu, 2011<\/p>\n<p>Siimets ,\u00dclo; Madisson, Sirje, Liiv, Jane (koostajad). \u201eRaadi raamat : pildid s\u00fcndinud asjadest\u201c. Tartu, 2010<\/p>\n<p>\u00d5unapuu, Piret (koostaja). \u201e100 aastat Eesti Rahva Muuseumi\u201c . Tartu, 2009<\/p>\n<p><a href=\"http:\/\/www.angelfire.com\/mn\/FiberHome\/WoolBugs.html\">http:\/\/www.angelfire.com\/mn\/FiberHome\/WoolBugs.html<\/a><\/p>\n<p>http:\/\/cool.conservation-us.org\/byform\/mailing-lists\/cdl\/2005\/0018.html<\/p>\n<div class=\"fcbkbttn_buttons_block\" id=\"fcbkbttn_left\"><div class=\"fcbkbttn_like \"><fb:like href=\"https:\/\/blog.erm.ee\/?p=7231\" action=\"like\" colorscheme=\"light\" layout=\"standard\"  width=\"225px\" size=\"small\"><\/fb:like><\/div><div class=\"fb-share-button  \" data-href=\"https:\/\/blog.erm.ee\/?p=7231\" data-type=\"button\" data-size=\"small\"><\/div><\/div>","protected":false},"excerpt":{"rendered":"<p>&nbsp; Tekst: Janika Turu, konservaator Fotod: Anu Ansu, Nele Tammeaid M\u00f6\u00f6dunud suvel vaatasime l\u00e4bi k\u00f5ik uuel p\u00fcsin\u00e4itusel eksponeeritavad vaibad. Selgus, et \u00fcks oli v\u00e4ga t\u00e4baras seisukorras ja vajas p\u00f5hjalikku l\u00e4henemist. Tugevate mehaaniliste kahjustuste k\u00f5rval esineb tekil ka t\u00f5siseid keemilisi kahjustusi, millele viitab l\u00f5ngade v\u00e4rvimuutus ja tekist eralduv spetsiifiline l\u00f5hn. Edasiste otsuste tegemiseks oli vaja teada&hellip;<\/p>\n","protected":false},"author":1,"featured_media":7253,"comment_status":"open","ping_status":"open","sticky":false,"template":"","format":"standard","meta":{"_monsterinsights_skip_tracking":false,"_monsterinsights_sitenote_active":false,"_monsterinsights_sitenote_note":"","_monsterinsights_sitenote_category":0,"jetpack_post_was_ever_published":false,"_jetpack_newsletter_access":"","_jetpack_dont_email_post_to_subs":false,"_jetpack_newsletter_tier_id":0,"_jetpack_memberships_contains_paywalled_content":false,"_jetpack_memberships_contains_paid_content":false,"footnotes":""},"categories":[9],"tags":[],"class_list":["post-7231","post","type-post","status-publish","format-standard","has-post-thumbnail","hentry","category-konserveerimine"],"yoast_head":"<!-- This site is optimized with the Yoast SEO plugin v27.5 - https:\/\/yoast.com\/product\/yoast-seo-wordpress\/ -->\n<title>Artefaktide desinfitseerimine ERMi n\u00e4itel - Eesti Rahva Muuseumi ajaveeb<\/title>\n<meta name=\"robots\" content=\"index, follow, max-snippet:-1, max-image-preview:large, max-video-preview:-1\" \/>\n<link rel=\"canonical\" href=\"https:\/\/blog.erm.ee\/?p=7231\" \/>\n<meta property=\"og:locale\" content=\"et_EE\" \/>\n<meta property=\"og:type\" content=\"article\" \/>\n<meta property=\"og:title\" content=\"Artefaktide desinfitseerimine ERMi n\u00e4itel - Eesti Rahva Muuseumi ajaveeb\" \/>\n<meta property=\"og:description\" content=\"&nbsp; Tekst: Janika Turu, konservaator Fotod: Anu Ansu, Nele Tammeaid M\u00f6\u00f6dunud suvel vaatasime l\u00e4bi k\u00f5ik uuel p\u00fcsin\u00e4itusel eksponeeritavad vaibad. Selgus, et \u00fcks oli v\u00e4ga t\u00e4baras seisukorras ja vajas p\u00f5hjalikku l\u00e4henemist. Tugevate mehaaniliste kahjustuste k\u00f5rval esineb tekil ka t\u00f5siseid keemilisi kahjustusi, millele viitab l\u00f5ngade v\u00e4rvimuutus ja tekist eralduv spetsiifiline l\u00f5hn. Edasiste otsuste tegemiseks oli vaja teada&hellip;\" \/>\n<meta property=\"og:url\" content=\"https:\/\/blog.erm.ee\/?p=7231\" \/>\n<meta property=\"og:site_name\" content=\"Eesti Rahva Muuseumi ajaveeb\" \/>\n<meta property=\"article:published_time\" content=\"2015-11-26T06:00:35+00:00\" \/>\n<meta property=\"article:modified_time\" content=\"2018-01-16T08:01:42+00:00\" \/>\n<meta property=\"og:image\" content=\"https:\/\/blog.erm.ee\/wp-content\/uploads\/2015\/11\/Foto5-Tineolin.jpg\" \/>\n\t<meta property=\"og:image:width\" content=\"873\" \/>\n\t<meta property=\"og:image:height\" content=\"673\" \/>\n\t<meta property=\"og:image:type\" content=\"image\/jpeg\" \/>\n<meta name=\"author\" content=\"Eesti Rahva Muuseum\" \/>\n<meta name=\"twitter:card\" content=\"summary_large_image\" \/>\n<meta name=\"twitter:label1\" content=\"Written by\" \/>\n\t<meta name=\"twitter:data1\" content=\"Eesti Rahva Muuseum\" \/>\n\t<meta name=\"twitter:label2\" content=\"Est. reading time\" \/>\n\t<meta name=\"twitter:data2\" content=\"9 minutit\" \/>\n<script type=\"application\/ld+json\" class=\"yoast-schema-graph\">{\"@context\":\"https:\\\/\\\/schema.org\",\"@graph\":[{\"@type\":\"Article\",\"@id\":\"https:\\\/\\\/blog.erm.ee\\\/?p=7231#article\",\"isPartOf\":{\"@id\":\"https:\\\/\\\/blog.erm.ee\\\/?p=7231\"},\"author\":{\"name\":\"Eesti Rahva Muuseum\",\"@id\":\"https:\\\/\\\/blog.erm.ee\\\/#\\\/schema\\\/person\\\/6e98c391cb00a33e7c22a3571e062114\"},\"headline\":\"Artefaktide desinfitseerimine ERMi n\u00e4itel\",\"datePublished\":\"2015-11-26T06:00:35+00:00\",\"dateModified\":\"2018-01-16T08:01:42+00:00\",\"mainEntityOfPage\":{\"@id\":\"https:\\\/\\\/blog.erm.ee\\\/?p=7231\"},\"wordCount\":1786,\"commentCount\":1,\"image\":{\"@id\":\"https:\\\/\\\/blog.erm.ee\\\/?p=7231#primaryimage\"},\"thumbnailUrl\":\"https:\\\/\\\/blog.erm.ee\\\/wp-content\\\/uploads\\\/2015\\\/11\\\/Foto5-Tineolin.jpg\",\"articleSection\":[\"Konserveerimine\"],\"inLanguage\":\"et\",\"potentialAction\":[{\"@type\":\"CommentAction\",\"name\":\"Comment\",\"target\":[\"https:\\\/\\\/blog.erm.ee\\\/?p=7231#respond\"]}]},{\"@type\":\"WebPage\",\"@id\":\"https:\\\/\\\/blog.erm.ee\\\/?p=7231\",\"url\":\"https:\\\/\\\/blog.erm.ee\\\/?p=7231\",\"name\":\"Artefaktide desinfitseerimine ERMi n\u00e4itel - Eesti Rahva Muuseumi ajaveeb\",\"isPartOf\":{\"@id\":\"https:\\\/\\\/blog.erm.ee\\\/#website\"},\"primaryImageOfPage\":{\"@id\":\"https:\\\/\\\/blog.erm.ee\\\/?p=7231#primaryimage\"},\"image\":{\"@id\":\"https:\\\/\\\/blog.erm.ee\\\/?p=7231#primaryimage\"},\"thumbnailUrl\":\"https:\\\/\\\/blog.erm.ee\\\/wp-content\\\/uploads\\\/2015\\\/11\\\/Foto5-Tineolin.jpg\",\"datePublished\":\"2015-11-26T06:00:35+00:00\",\"dateModified\":\"2018-01-16T08:01:42+00:00\",\"author\":{\"@id\":\"https:\\\/\\\/blog.erm.ee\\\/#\\\/schema\\\/person\\\/6e98c391cb00a33e7c22a3571e062114\"},\"breadcrumb\":{\"@id\":\"https:\\\/\\\/blog.erm.ee\\\/?p=7231#breadcrumb\"},\"inLanguage\":\"et\",\"potentialAction\":[{\"@type\":\"ReadAction\",\"target\":[\"https:\\\/\\\/blog.erm.ee\\\/?p=7231\"]}]},{\"@type\":\"ImageObject\",\"inLanguage\":\"et\",\"@id\":\"https:\\\/\\\/blog.erm.ee\\\/?p=7231#primaryimage\",\"url\":\"https:\\\/\\\/blog.erm.ee\\\/wp-content\\\/uploads\\\/2015\\\/11\\\/Foto5-Tineolin.jpg\",\"contentUrl\":\"https:\\\/\\\/blog.erm.ee\\\/wp-content\\\/uploads\\\/2015\\\/11\\\/Foto5-Tineolin.jpg\",\"width\":873,\"height\":673},{\"@type\":\"BreadcrumbList\",\"@id\":\"https:\\\/\\\/blog.erm.ee\\\/?p=7231#breadcrumb\",\"itemListElement\":[{\"@type\":\"ListItem\",\"position\":1,\"name\":\"Home\",\"item\":\"https:\\\/\\\/blog.erm.ee\\\/\"},{\"@type\":\"ListItem\",\"position\":2,\"name\":\"Artefaktide desinfitseerimine ERMi n\u00e4itel\"}]},{\"@type\":\"WebSite\",\"@id\":\"https:\\\/\\\/blog.erm.ee\\\/#website\",\"url\":\"https:\\\/\\\/blog.erm.ee\\\/\",\"name\":\"Eesti Rahva Muuseumi ajaveeb\",\"description\":\"\",\"potentialAction\":[{\"@type\":\"SearchAction\",\"target\":{\"@type\":\"EntryPoint\",\"urlTemplate\":\"https:\\\/\\\/blog.erm.ee\\\/?s={search_term_string}\"},\"query-input\":{\"@type\":\"PropertyValueSpecification\",\"valueRequired\":true,\"valueName\":\"search_term_string\"}}],\"inLanguage\":\"et\"},{\"@type\":\"Person\",\"@id\":\"https:\\\/\\\/blog.erm.ee\\\/#\\\/schema\\\/person\\\/6e98c391cb00a33e7c22a3571e062114\",\"name\":\"Eesti Rahva Muuseum\",\"image\":{\"@type\":\"ImageObject\",\"inLanguage\":\"et\",\"@id\":\"https:\\\/\\\/secure.gravatar.com\\\/avatar\\\/cb6d9ad5fb49f3f7315028ce5fe60641075f2cb52b8a058ff5a985fa2d8c1da0?s=96&d=mm&r=g\",\"url\":\"https:\\\/\\\/secure.gravatar.com\\\/avatar\\\/cb6d9ad5fb49f3f7315028ce5fe60641075f2cb52b8a058ff5a985fa2d8c1da0?s=96&d=mm&r=g\",\"contentUrl\":\"https:\\\/\\\/secure.gravatar.com\\\/avatar\\\/cb6d9ad5fb49f3f7315028ce5fe60641075f2cb52b8a058ff5a985fa2d8c1da0?s=96&d=mm&r=g\",\"caption\":\"Eesti Rahva Muuseum\"},\"sameAs\":[\"http:\\\/\\\/www.erm.ee\"],\"url\":\"https:\\\/\\\/blog.erm.ee\\\/?author=1\"}]}<\/script>\n<!-- \/ Yoast SEO plugin. -->","yoast_head_json":{"title":"Artefaktide desinfitseerimine ERMi n\u00e4itel - Eesti Rahva Muuseumi ajaveeb","robots":{"index":"index","follow":"follow","max-snippet":"max-snippet:-1","max-image-preview":"max-image-preview:large","max-video-preview":"max-video-preview:-1"},"canonical":"https:\/\/blog.erm.ee\/?p=7231","og_locale":"et_EE","og_type":"article","og_title":"Artefaktide desinfitseerimine ERMi n\u00e4itel - Eesti Rahva Muuseumi ajaveeb","og_description":"&nbsp; Tekst: Janika Turu, konservaator Fotod: Anu Ansu, Nele Tammeaid M\u00f6\u00f6dunud suvel vaatasime l\u00e4bi k\u00f5ik uuel p\u00fcsin\u00e4itusel eksponeeritavad vaibad. Selgus, et \u00fcks oli v\u00e4ga t\u00e4baras seisukorras ja vajas p\u00f5hjalikku l\u00e4henemist. Tugevate mehaaniliste kahjustuste k\u00f5rval esineb tekil ka t\u00f5siseid keemilisi kahjustusi, millele viitab l\u00f5ngade v\u00e4rvimuutus ja tekist eralduv spetsiifiline l\u00f5hn. Edasiste otsuste tegemiseks oli vaja teada&hellip;","og_url":"https:\/\/blog.erm.ee\/?p=7231","og_site_name":"Eesti Rahva Muuseumi ajaveeb","article_published_time":"2015-11-26T06:00:35+00:00","article_modified_time":"2018-01-16T08:01:42+00:00","og_image":[{"width":873,"height":673,"url":"https:\/\/blog.erm.ee\/wp-content\/uploads\/2015\/11\/Foto5-Tineolin.jpg","type":"image\/jpeg"}],"author":"Eesti Rahva Muuseum","twitter_card":"summary_large_image","twitter_misc":{"Written by":"Eesti Rahva Muuseum","Est. reading time":"9 minutit"},"schema":{"@context":"https:\/\/schema.org","@graph":[{"@type":"Article","@id":"https:\/\/blog.erm.ee\/?p=7231#article","isPartOf":{"@id":"https:\/\/blog.erm.ee\/?p=7231"},"author":{"name":"Eesti Rahva Muuseum","@id":"https:\/\/blog.erm.ee\/#\/schema\/person\/6e98c391cb00a33e7c22a3571e062114"},"headline":"Artefaktide desinfitseerimine ERMi n\u00e4itel","datePublished":"2015-11-26T06:00:35+00:00","dateModified":"2018-01-16T08:01:42+00:00","mainEntityOfPage":{"@id":"https:\/\/blog.erm.ee\/?p=7231"},"wordCount":1786,"commentCount":1,"image":{"@id":"https:\/\/blog.erm.ee\/?p=7231#primaryimage"},"thumbnailUrl":"https:\/\/blog.erm.ee\/wp-content\/uploads\/2015\/11\/Foto5-Tineolin.jpg","articleSection":["Konserveerimine"],"inLanguage":"et","potentialAction":[{"@type":"CommentAction","name":"Comment","target":["https:\/\/blog.erm.ee\/?p=7231#respond"]}]},{"@type":"WebPage","@id":"https:\/\/blog.erm.ee\/?p=7231","url":"https:\/\/blog.erm.ee\/?p=7231","name":"Artefaktide desinfitseerimine ERMi n\u00e4itel - Eesti Rahva Muuseumi ajaveeb","isPartOf":{"@id":"https:\/\/blog.erm.ee\/#website"},"primaryImageOfPage":{"@id":"https:\/\/blog.erm.ee\/?p=7231#primaryimage"},"image":{"@id":"https:\/\/blog.erm.ee\/?p=7231#primaryimage"},"thumbnailUrl":"https:\/\/blog.erm.ee\/wp-content\/uploads\/2015\/11\/Foto5-Tineolin.jpg","datePublished":"2015-11-26T06:00:35+00:00","dateModified":"2018-01-16T08:01:42+00:00","author":{"@id":"https:\/\/blog.erm.ee\/#\/schema\/person\/6e98c391cb00a33e7c22a3571e062114"},"breadcrumb":{"@id":"https:\/\/blog.erm.ee\/?p=7231#breadcrumb"},"inLanguage":"et","potentialAction":[{"@type":"ReadAction","target":["https:\/\/blog.erm.ee\/?p=7231"]}]},{"@type":"ImageObject","inLanguage":"et","@id":"https:\/\/blog.erm.ee\/?p=7231#primaryimage","url":"https:\/\/blog.erm.ee\/wp-content\/uploads\/2015\/11\/Foto5-Tineolin.jpg","contentUrl":"https:\/\/blog.erm.ee\/wp-content\/uploads\/2015\/11\/Foto5-Tineolin.jpg","width":873,"height":673},{"@type":"BreadcrumbList","@id":"https:\/\/blog.erm.ee\/?p=7231#breadcrumb","itemListElement":[{"@type":"ListItem","position":1,"name":"Home","item":"https:\/\/blog.erm.ee\/"},{"@type":"ListItem","position":2,"name":"Artefaktide desinfitseerimine ERMi n\u00e4itel"}]},{"@type":"WebSite","@id":"https:\/\/blog.erm.ee\/#website","url":"https:\/\/blog.erm.ee\/","name":"Eesti Rahva Muuseumi ajaveeb","description":"","potentialAction":[{"@type":"SearchAction","target":{"@type":"EntryPoint","urlTemplate":"https:\/\/blog.erm.ee\/?s={search_term_string}"},"query-input":{"@type":"PropertyValueSpecification","valueRequired":true,"valueName":"search_term_string"}}],"inLanguage":"et"},{"@type":"Person","@id":"https:\/\/blog.erm.ee\/#\/schema\/person\/6e98c391cb00a33e7c22a3571e062114","name":"Eesti Rahva Muuseum","image":{"@type":"ImageObject","inLanguage":"et","@id":"https:\/\/secure.gravatar.com\/avatar\/cb6d9ad5fb49f3f7315028ce5fe60641075f2cb52b8a058ff5a985fa2d8c1da0?s=96&d=mm&r=g","url":"https:\/\/secure.gravatar.com\/avatar\/cb6d9ad5fb49f3f7315028ce5fe60641075f2cb52b8a058ff5a985fa2d8c1da0?s=96&d=mm&r=g","contentUrl":"https:\/\/secure.gravatar.com\/avatar\/cb6d9ad5fb49f3f7315028ce5fe60641075f2cb52b8a058ff5a985fa2d8c1da0?s=96&d=mm&r=g","caption":"Eesti Rahva Muuseum"},"sameAs":["http:\/\/www.erm.ee"],"url":"https:\/\/blog.erm.ee\/?author=1"}]}},"jetpack_featured_media_url":"https:\/\/blog.erm.ee\/wp-content\/uploads\/2015\/11\/Foto5-Tineolin.jpg","jetpack_shortlink":"https:\/\/wp.me\/p2l9Zd-1SD","jetpack_sharing_enabled":true,"jetpack_likes_enabled":true,"_links":{"self":[{"href":"https:\/\/blog.erm.ee\/index.php?rest_route=\/wp\/v2\/posts\/7231","targetHints":{"allow":["GET"]}}],"collection":[{"href":"https:\/\/blog.erm.ee\/index.php?rest_route=\/wp\/v2\/posts"}],"about":[{"href":"https:\/\/blog.erm.ee\/index.php?rest_route=\/wp\/v2\/types\/post"}],"author":[{"embeddable":true,"href":"https:\/\/blog.erm.ee\/index.php?rest_route=\/wp\/v2\/users\/1"}],"replies":[{"embeddable":true,"href":"https:\/\/blog.erm.ee\/index.php?rest_route=%2Fwp%2Fv2%2Fcomments&post=7231"}],"version-history":[{"count":17,"href":"https:\/\/blog.erm.ee\/index.php?rest_route=\/wp\/v2\/posts\/7231\/revisions"}],"predecessor-version":[{"id":10900,"href":"https:\/\/blog.erm.ee\/index.php?rest_route=\/wp\/v2\/posts\/7231\/revisions\/10900"}],"wp:featuredmedia":[{"embeddable":true,"href":"https:\/\/blog.erm.ee\/index.php?rest_route=\/wp\/v2\/media\/7253"}],"wp:attachment":[{"href":"https:\/\/blog.erm.ee\/index.php?rest_route=%2Fwp%2Fv2%2Fmedia&parent=7231"}],"wp:term":[{"taxonomy":"category","embeddable":true,"href":"https:\/\/blog.erm.ee\/index.php?rest_route=%2Fwp%2Fv2%2Fcategories&post=7231"},{"taxonomy":"post_tag","embeddable":true,"href":"https:\/\/blog.erm.ee\/index.php?rest_route=%2Fwp%2Fv2%2Ftags&post=7231"}],"curies":[{"name":"wp","href":"https:\/\/api.w.org\/{rel}","templated":true}]}}