{"id":719,"date":"2012-10-09T07:33:20","date_gmt":"2012-10-09T05:33:20","guid":{"rendered":"http:\/\/blog.erm.ee\/?p=719"},"modified":"2013-10-07T15:47:15","modified_gmt":"2013-10-07T13:47:15","slug":"raudteraga-puu-uisud","status":"publish","type":"post","link":"https:\/\/blog.erm.ee\/?p=719","title":{"rendered":"Raudteraga puu-uisud"},"content":{"rendered":"<div class=\"fcbkbttn_buttons_block\" id=\"fcbkbttn_left\"><div class=\"fcbkbttn_like \"><fb:like href=\"https:\/\/blog.erm.ee\/?p=719\" action=\"like\" colorscheme=\"light\" layout=\"standard\"  width=\"225px\" size=\"small\"><\/fb:like><\/div><div class=\"fb-share-button  \" data-href=\"https:\/\/blog.erm.ee\/?p=719\" data-type=\"button\" data-size=\"small\"><\/div><\/div><p><em>Siret Saar, koguhoidja<\/em><\/p>\n<p><a href=\"https:\/\/blog.erm.ee\/wp-content\/uploads\/2012\/10\/020073_ERM_Fk_10_17.jpg\"><img loading=\"lazy\" decoding=\"async\" data-attachment-id=\"720\" data-permalink=\"https:\/\/blog.erm.ee\/?attachment_id=720#main\" data-orig-file=\"https:\/\/blog.erm.ee\/wp-content\/uploads\/2012\/10\/020073_ERM_Fk_10_17.jpg\" data-orig-size=\"1024,740\" data-comments-opened=\"1\" data-image-meta=\"{&quot;aperture&quot;:&quot;0&quot;,&quot;credit&quot;:&quot;&quot;,&quot;camera&quot;:&quot;&quot;,&quot;caption&quot;:&quot;&quot;,&quot;created_timestamp&quot;:&quot;0&quot;,&quot;copyright&quot;:&quot;&quot;,&quot;focal_length&quot;:&quot;0&quot;,&quot;iso&quot;:&quot;0&quot;,&quot;shutter_speed&quot;:&quot;0&quot;,&quot;title&quot;:&quot;&quot;}\" data-image-title=\"020073_ERM_Fk_10_17\" data-image-description=\"\" data-image-caption=\"\" data-large-file=\"https:\/\/blog.erm.ee\/wp-content\/uploads\/2012\/10\/020073_ERM_Fk_10_17.jpg\" class=\"alignnone  wp-image-720\" title=\"020073_ERM_Fk_10_17\" alt=\"\" src=\"https:\/\/blog.erm.ee\/wp-content\/uploads\/2012\/10\/020073_ERM_Fk_10_17-1024x739.jpg\" width=\"1024\" height=\"739\" \/><\/a><\/p>\n<p><em>ERM Fk 10:17 Tartu 1912.<\/em><\/p>\n<p>Uisuspordist on teada ka m\u00e4rtreid. 1498. aastast p\u00e4rineb puugrav\u00fc\u00fcr, mis on seotud legendaarse juhtumiga Hollandis. Jutustuse j\u00e4rgi elas seal XIV sajandil t\u00fctarlaps Lidwina (s\u00fcnd 1380), keda hiljem nimetati P\u00fchaks Ludwinaks. Ta liugles puust valmistatud uiskudel m\u00f6\u00f6da kinnik\u00fclmunud Amsterdami kanaleid ning \u00e4ratas rahva hulgas suurt t\u00e4helepanu, tema s\u00f5iduoskust imestati ja temast r\u00e4\u00e4giti ka v\u00e4ljaspool Amsterdami. 16-aastasena kukkus Lidwina halval j\u00e4\u00e4l ja murdis mitu roiet. Ta viidi kloostrisse, kus ta veetis paar aastat paranemata voodis ja l\u00f5puks suri. Hollandi vaimulikud kuulutasid t\u00fctarlapse p\u00fchakuks. Paljud preestrid ja ilmalikud kunstnikud said legendaarsest uisutajast piltide maalimiseks ainet.<\/p>\n<p>Raudteraga puu-uiske hakati valmistama Hollandis 13. sajandi keskel. ERMi kogude vanimad puu-uisud\u00a0on \u00fcleandja s\u00f5nutsi valmistatud 1895. a.<\/p>\n<p>Erinevalt luu-uiskudest, mis olid levinud rannikualadel, on nende levik \u00fcle-eestiline. Materjalina on kasutatud puitu, metalli (enamasti vana vikatitera) ja jalgade \u00fcmber kinnitamiseks n\u00f6\u00f6ri. ERMi puu-uiskude pikkus j\u00e4\u00e4b vahemikku 27\u201335 cm. Valmistamisega saadi ise hakkama.<\/p>\n<p><a href=\"https:\/\/blog.erm.ee\/wp-content\/uploads\/2012\/10\/061677_ERM_A_563_2082.jpg\"><img loading=\"lazy\" decoding=\"async\" data-attachment-id=\"721\" data-permalink=\"https:\/\/blog.erm.ee\/?attachment_id=721#main\" data-orig-file=\"https:\/\/blog.erm.ee\/wp-content\/uploads\/2012\/10\/061677_ERM_A_563_2082.jpg\" data-orig-size=\"1024,685\" data-comments-opened=\"1\" data-image-meta=\"{&quot;aperture&quot;:&quot;0&quot;,&quot;credit&quot;:&quot;&quot;,&quot;camera&quot;:&quot;&quot;,&quot;caption&quot;:&quot;&quot;,&quot;created_timestamp&quot;:&quot;0&quot;,&quot;copyright&quot;:&quot;&quot;,&quot;focal_length&quot;:&quot;0&quot;,&quot;iso&quot;:&quot;0&quot;,&quot;shutter_speed&quot;:&quot;0&quot;,&quot;title&quot;:&quot;&quot;}\" data-image-title=\"061677_ERM_A_563_2082\" data-image-description=\"&lt;p&gt;[#Beginning of Shooting Data Section]&lt;br \/&gt;\nNikon D200&lt;br \/&gt;\nFocal Length: 40mm&lt;br \/&gt;\nOptimize Image: Custom&lt;br \/&gt;\nColor Mode: Mode II (Adobe RGB)&lt;br \/&gt;\nLong Exposure NR: Off&lt;br \/&gt;\nHigh ISO NR: Off&lt;br \/&gt;\n2010\/02\/12 11:36:11.7&lt;br \/&gt;\nExposure Mode: Manual&lt;br \/&gt;\nWhite Balance: Flash&lt;br \/&gt;\nTone Comp.: Auto&lt;br \/&gt;\nRAW (12-bit)&lt;br \/&gt;\nMetering Mode: Spot&lt;br \/&gt;\nAF Mode: AF-S&lt;br \/&gt;\nHue Adjustment: 0\u00c2\u00b0&lt;br \/&gt;\nImage Size: Large (3872 x 2592)&lt;br \/&gt;\n1\/30 sec &amp;#8211; F\/22&lt;br \/&gt;\nFlash Sync Mode: Not Attached&lt;br \/&gt;\nSaturation: Normal&lt;br \/&gt;\nColor&lt;br \/&gt;\nExposure Comp.: 0 EV&lt;br \/&gt;\nSharpening: Medium high&lt;br \/&gt;\nLens: VR 18-200mm F\/3.5-5.6 G&lt;br \/&gt;\nSensitivity: ISO 100&lt;br \/&gt;\nImage Comment:&lt;br \/&gt;\n[#End of Shooting Data Section]&lt;\/p&gt;\n\" data-image-caption=\"\" data-large-file=\"https:\/\/blog.erm.ee\/wp-content\/uploads\/2012\/10\/061677_ERM_A_563_2082.jpg\" class=\"alignnone  wp-image-721\" title=\"061677_ERM_A_563_2082\" alt=\"\" src=\"https:\/\/blog.erm.ee\/wp-content\/uploads\/2012\/10\/061677_ERM_A_563_2082-1024x685.jpg\" width=\"1024\" height=\"685\" \/><\/a><\/p>\n<p><em>ERM A 563:2082 uisud Tori khk.<\/em><\/p>\n<p><em>Puuuisk rauast jalase ja selle peale kinnitatud puust tallaga. Jalas on 25 cm pikkuselt kinnitatud \u00fclemise servaga talda tehtud soonde. Kanna juures on jalas \u00fchendatud veel erilise naeltest kinnitusega. Nimelt on jalasesse tehtud august l\u00e4bi pistetud r\u00f5htsuunas nael, mis otstest omakorda kinnitatud aasakujuliste klambritega. Uiskude jala k\u00fclge kinn<em>itamiseks on tallast r\u00f5htsuunas l\u00e4bi puuritud 3 auku.<\/em><\/em><\/p>\n<p><a href=\"https:\/\/blog.erm.ee\/wp-content\/uploads\/2012\/10\/061764_ERM_A_657_5_ab.jpg\"><img loading=\"lazy\" decoding=\"async\" data-attachment-id=\"722\" data-permalink=\"https:\/\/blog.erm.ee\/?attachment_id=722#main\" data-orig-file=\"https:\/\/blog.erm.ee\/wp-content\/uploads\/2012\/10\/061764_ERM_A_657_5_ab.jpg\" data-orig-size=\"1024,685\" data-comments-opened=\"1\" data-image-meta=\"{&quot;aperture&quot;:&quot;0&quot;,&quot;credit&quot;:&quot;&quot;,&quot;camera&quot;:&quot;&quot;,&quot;caption&quot;:&quot;&quot;,&quot;created_timestamp&quot;:&quot;0&quot;,&quot;copyright&quot;:&quot;&quot;,&quot;focal_length&quot;:&quot;0&quot;,&quot;iso&quot;:&quot;0&quot;,&quot;shutter_speed&quot;:&quot;0&quot;,&quot;title&quot;:&quot;&quot;}\" data-image-title=\"061764_ERM_A_657_5_ab\" data-image-description=\"&lt;p&gt;[#Beginning of Shooting Data Section]&lt;br \/&gt;\nNikon D200&lt;br \/&gt;\nFocal Length: 34mm&lt;br \/&gt;\nOptimize Image: Custom&lt;br \/&gt;\nColor Mode: Mode II (Adobe RGB)&lt;br \/&gt;\nLong Exposure NR: Off&lt;br \/&gt;\nHigh ISO NR: Off&lt;br \/&gt;\n2010\/02\/12 11:47:43.8&lt;br \/&gt;\nExposure Mode: Manual&lt;br \/&gt;\nWhite Balance: Flash&lt;br \/&gt;\nTone Comp.: Auto&lt;br \/&gt;\nRAW (12-bit)&lt;br \/&gt;\nMetering Mode: Spot&lt;br \/&gt;\nAF Mode: AF-S&lt;br \/&gt;\nHue Adjustment: 0\u00c2\u00b0&lt;br \/&gt;\nImage Size: Large (3872 x 2592)&lt;br \/&gt;\n1\/30 sec &amp;#8211; F\/25&lt;br \/&gt;\nFlash Sync Mode: Not Attached&lt;br \/&gt;\nSaturation: Normal&lt;br \/&gt;\nColor&lt;br \/&gt;\nExposure Comp.: 0 EV&lt;br \/&gt;\nSharpening: Medium high&lt;br \/&gt;\nLens: VR 18-200mm F\/3.5-5.6 G&lt;br \/&gt;\nSensitivity: ISO 100&lt;br \/&gt;\nImage Comment:&lt;br \/&gt;\n[#End of Shooting Data Section]&lt;\/p&gt;\n\" data-image-caption=\"\" data-large-file=\"https:\/\/blog.erm.ee\/wp-content\/uploads\/2012\/10\/061764_ERM_A_657_5_ab.jpg\" class=\"alignnone  wp-image-722\" title=\"061764_ERM_A_657_5_ab\" alt=\"\" src=\"https:\/\/blog.erm.ee\/wp-content\/uploads\/2012\/10\/061764_ERM_A_657_5_ab-1024x685.jpg\" width=\"1024\" height=\"685\" \/><\/a><\/p>\n<p><em>ERM A 657:5\/ab uisud Lobotkast.<\/em><\/p>\n<p><strong><\/strong>J\u00e4rgmisel korral\u00a0metalluiskudest.<\/p>\n<div class=\"fcbkbttn_buttons_block\" id=\"fcbkbttn_left\"><div class=\"fcbkbttn_like \"><fb:like href=\"https:\/\/blog.erm.ee\/?p=719\" action=\"like\" colorscheme=\"light\" layout=\"standard\"  width=\"225px\" size=\"small\"><\/fb:like><\/div><div class=\"fb-share-button  \" data-href=\"https:\/\/blog.erm.ee\/?p=719\" data-type=\"button\" data-size=\"small\"><\/div><\/div>","protected":false},"excerpt":{"rendered":"<p>Siret Saar, koguhoidja ERM Fk 10:17 Tartu 1912. Uisuspordist on teada ka m\u00e4rtreid. 1498. aastast p\u00e4rineb puugrav\u00fc\u00fcr, mis on seotud legendaarse juhtumiga Hollandis. Jutustuse j\u00e4rgi elas seal XIV sajandil t\u00fctarlaps Lidwina (s\u00fcnd 1380), keda hiljem nimetati P\u00fchaks Ludwinaks. Ta liugles puust valmistatud uiskudel m\u00f6\u00f6da kinnik\u00fclmunud Amsterdami kanaleid ning \u00e4ratas rahva hulgas suurt t\u00e4helepanu, tema s\u00f5iduoskust&hellip;<\/p>\n","protected":false},"author":1,"featured_media":722,"comment_status":"open","ping_status":"open","sticky":false,"template":"","format":"standard","meta":{"_monsterinsights_skip_tracking":false,"_monsterinsights_sitenote_active":false,"_monsterinsights_sitenote_note":"","_monsterinsights_sitenote_category":0,"jetpack_post_was_ever_published":false,"_jetpack_newsletter_access":"","_jetpack_dont_email_post_to_subs":false,"_jetpack_newsletter_tier_id":0,"_jetpack_memberships_contains_paywalled_content":false,"_jetpack_memberships_contains_paid_content":false,"footnotes":""},"categories":[5],"tags":[],"class_list":["post-719","post","type-post","status-publish","format-standard","has-post-thumbnail","hentry","category-museaal"],"yoast_head":"<!-- This site is optimized with the Yoast SEO plugin v27.5 - https:\/\/yoast.com\/product\/yoast-seo-wordpress\/ -->\n<title>Raudteraga puu-uisud - Eesti Rahva Muuseumi ajaveeb<\/title>\n<meta name=\"robots\" content=\"index, follow, max-snippet:-1, max-image-preview:large, max-video-preview:-1\" \/>\n<link rel=\"canonical\" href=\"https:\/\/blog.erm.ee\/?p=719\" \/>\n<meta property=\"og:locale\" content=\"et_EE\" \/>\n<meta property=\"og:type\" content=\"article\" \/>\n<meta property=\"og:title\" content=\"Raudteraga puu-uisud - Eesti Rahva Muuseumi ajaveeb\" \/>\n<meta property=\"og:description\" content=\"Siret Saar, koguhoidja ERM Fk 10:17 Tartu 1912. Uisuspordist on teada ka m\u00e4rtreid. 1498. aastast p\u00e4rineb puugrav\u00fc\u00fcr, mis on seotud legendaarse juhtumiga Hollandis. Jutustuse j\u00e4rgi elas seal XIV sajandil t\u00fctarlaps Lidwina (s\u00fcnd 1380), keda hiljem nimetati P\u00fchaks Ludwinaks. Ta liugles puust valmistatud uiskudel m\u00f6\u00f6da kinnik\u00fclmunud Amsterdami kanaleid ning \u00e4ratas rahva hulgas suurt t\u00e4helepanu, tema s\u00f5iduoskust&hellip;\" \/>\n<meta property=\"og:url\" content=\"https:\/\/blog.erm.ee\/?p=719\" \/>\n<meta property=\"og:site_name\" content=\"Eesti Rahva Muuseumi ajaveeb\" \/>\n<meta property=\"article:published_time\" content=\"2012-10-09T05:33:20+00:00\" \/>\n<meta property=\"article:modified_time\" content=\"2013-10-07T13:47:15+00:00\" \/>\n<meta property=\"og:image\" content=\"https:\/\/blog.erm.ee\/wp-content\/uploads\/2012\/10\/061764_ERM_A_657_5_ab.jpg\" \/>\n\t<meta property=\"og:image:width\" content=\"1024\" \/>\n\t<meta property=\"og:image:height\" content=\"685\" \/>\n\t<meta property=\"og:image:type\" content=\"image\/jpeg\" \/>\n<meta name=\"author\" content=\"Eesti Rahva Muuseum\" \/>\n<meta name=\"twitter:card\" content=\"summary_large_image\" \/>\n<meta name=\"twitter:label1\" content=\"Written by\" \/>\n\t<meta name=\"twitter:data1\" content=\"Eesti Rahva Muuseum\" \/>\n\t<meta name=\"twitter:label2\" content=\"Est. reading time\" \/>\n\t<meta name=\"twitter:data2\" content=\"1 minut\" \/>\n<script type=\"application\/ld+json\" class=\"yoast-schema-graph\">{\"@context\":\"https:\\\/\\\/schema.org\",\"@graph\":[{\"@type\":\"Article\",\"@id\":\"https:\\\/\\\/blog.erm.ee\\\/?p=719#article\",\"isPartOf\":{\"@id\":\"https:\\\/\\\/blog.erm.ee\\\/?p=719\"},\"author\":{\"name\":\"Eesti Rahva Muuseum\",\"@id\":\"https:\\\/\\\/blog.erm.ee\\\/#\\\/schema\\\/person\\\/6e98c391cb00a33e7c22a3571e062114\"},\"headline\":\"Raudteraga puu-uisud\",\"datePublished\":\"2012-10-09T05:33:20+00:00\",\"dateModified\":\"2013-10-07T13:47:15+00:00\",\"mainEntityOfPage\":{\"@id\":\"https:\\\/\\\/blog.erm.ee\\\/?p=719\"},\"wordCount\":239,\"commentCount\":0,\"image\":{\"@id\":\"https:\\\/\\\/blog.erm.ee\\\/?p=719#primaryimage\"},\"thumbnailUrl\":\"https:\\\/\\\/blog.erm.ee\\\/wp-content\\\/uploads\\\/2012\\\/10\\\/061764_ERM_A_657_5_ab.jpg\",\"articleSection\":[\"Museaal\"],\"inLanguage\":\"et\",\"potentialAction\":[{\"@type\":\"CommentAction\",\"name\":\"Comment\",\"target\":[\"https:\\\/\\\/blog.erm.ee\\\/?p=719#respond\"]}]},{\"@type\":\"WebPage\",\"@id\":\"https:\\\/\\\/blog.erm.ee\\\/?p=719\",\"url\":\"https:\\\/\\\/blog.erm.ee\\\/?p=719\",\"name\":\"Raudteraga puu-uisud - Eesti Rahva Muuseumi ajaveeb\",\"isPartOf\":{\"@id\":\"https:\\\/\\\/blog.erm.ee\\\/#website\"},\"primaryImageOfPage\":{\"@id\":\"https:\\\/\\\/blog.erm.ee\\\/?p=719#primaryimage\"},\"image\":{\"@id\":\"https:\\\/\\\/blog.erm.ee\\\/?p=719#primaryimage\"},\"thumbnailUrl\":\"https:\\\/\\\/blog.erm.ee\\\/wp-content\\\/uploads\\\/2012\\\/10\\\/061764_ERM_A_657_5_ab.jpg\",\"datePublished\":\"2012-10-09T05:33:20+00:00\",\"dateModified\":\"2013-10-07T13:47:15+00:00\",\"author\":{\"@id\":\"https:\\\/\\\/blog.erm.ee\\\/#\\\/schema\\\/person\\\/6e98c391cb00a33e7c22a3571e062114\"},\"breadcrumb\":{\"@id\":\"https:\\\/\\\/blog.erm.ee\\\/?p=719#breadcrumb\"},\"inLanguage\":\"et\",\"potentialAction\":[{\"@type\":\"ReadAction\",\"target\":[\"https:\\\/\\\/blog.erm.ee\\\/?p=719\"]}]},{\"@type\":\"ImageObject\",\"inLanguage\":\"et\",\"@id\":\"https:\\\/\\\/blog.erm.ee\\\/?p=719#primaryimage\",\"url\":\"https:\\\/\\\/blog.erm.ee\\\/wp-content\\\/uploads\\\/2012\\\/10\\\/061764_ERM_A_657_5_ab.jpg\",\"contentUrl\":\"https:\\\/\\\/blog.erm.ee\\\/wp-content\\\/uploads\\\/2012\\\/10\\\/061764_ERM_A_657_5_ab.jpg\",\"width\":1024,\"height\":685},{\"@type\":\"BreadcrumbList\",\"@id\":\"https:\\\/\\\/blog.erm.ee\\\/?p=719#breadcrumb\",\"itemListElement\":[{\"@type\":\"ListItem\",\"position\":1,\"name\":\"Home\",\"item\":\"https:\\\/\\\/blog.erm.ee\\\/\"},{\"@type\":\"ListItem\",\"position\":2,\"name\":\"Raudteraga puu-uisud\"}]},{\"@type\":\"WebSite\",\"@id\":\"https:\\\/\\\/blog.erm.ee\\\/#website\",\"url\":\"https:\\\/\\\/blog.erm.ee\\\/\",\"name\":\"Eesti Rahva Muuseumi ajaveeb\",\"description\":\"\",\"potentialAction\":[{\"@type\":\"SearchAction\",\"target\":{\"@type\":\"EntryPoint\",\"urlTemplate\":\"https:\\\/\\\/blog.erm.ee\\\/?s={search_term_string}\"},\"query-input\":{\"@type\":\"PropertyValueSpecification\",\"valueRequired\":true,\"valueName\":\"search_term_string\"}}],\"inLanguage\":\"et\"},{\"@type\":\"Person\",\"@id\":\"https:\\\/\\\/blog.erm.ee\\\/#\\\/schema\\\/person\\\/6e98c391cb00a33e7c22a3571e062114\",\"name\":\"Eesti Rahva Muuseum\",\"image\":{\"@type\":\"ImageObject\",\"inLanguage\":\"et\",\"@id\":\"https:\\\/\\\/secure.gravatar.com\\\/avatar\\\/cb6d9ad5fb49f3f7315028ce5fe60641075f2cb52b8a058ff5a985fa2d8c1da0?s=96&d=mm&r=g\",\"url\":\"https:\\\/\\\/secure.gravatar.com\\\/avatar\\\/cb6d9ad5fb49f3f7315028ce5fe60641075f2cb52b8a058ff5a985fa2d8c1da0?s=96&d=mm&r=g\",\"contentUrl\":\"https:\\\/\\\/secure.gravatar.com\\\/avatar\\\/cb6d9ad5fb49f3f7315028ce5fe60641075f2cb52b8a058ff5a985fa2d8c1da0?s=96&d=mm&r=g\",\"caption\":\"Eesti Rahva Muuseum\"},\"sameAs\":[\"http:\\\/\\\/www.erm.ee\"],\"url\":\"https:\\\/\\\/blog.erm.ee\\\/?author=1\"}]}<\/script>\n<!-- \/ Yoast SEO plugin. -->","yoast_head_json":{"title":"Raudteraga puu-uisud - Eesti Rahva Muuseumi ajaveeb","robots":{"index":"index","follow":"follow","max-snippet":"max-snippet:-1","max-image-preview":"max-image-preview:large","max-video-preview":"max-video-preview:-1"},"canonical":"https:\/\/blog.erm.ee\/?p=719","og_locale":"et_EE","og_type":"article","og_title":"Raudteraga puu-uisud - Eesti Rahva Muuseumi ajaveeb","og_description":"Siret Saar, koguhoidja ERM Fk 10:17 Tartu 1912. Uisuspordist on teada ka m\u00e4rtreid. 1498. aastast p\u00e4rineb puugrav\u00fc\u00fcr, mis on seotud legendaarse juhtumiga Hollandis. Jutustuse j\u00e4rgi elas seal XIV sajandil t\u00fctarlaps Lidwina (s\u00fcnd 1380), keda hiljem nimetati P\u00fchaks Ludwinaks. Ta liugles puust valmistatud uiskudel m\u00f6\u00f6da kinnik\u00fclmunud Amsterdami kanaleid ning \u00e4ratas rahva hulgas suurt t\u00e4helepanu, tema s\u00f5iduoskust&hellip;","og_url":"https:\/\/blog.erm.ee\/?p=719","og_site_name":"Eesti Rahva Muuseumi ajaveeb","article_published_time":"2012-10-09T05:33:20+00:00","article_modified_time":"2013-10-07T13:47:15+00:00","og_image":[{"width":1024,"height":685,"url":"https:\/\/blog.erm.ee\/wp-content\/uploads\/2012\/10\/061764_ERM_A_657_5_ab.jpg","type":"image\/jpeg"}],"author":"Eesti Rahva Muuseum","twitter_card":"summary_large_image","twitter_misc":{"Written by":"Eesti Rahva Muuseum","Est. reading time":"1 minut"},"schema":{"@context":"https:\/\/schema.org","@graph":[{"@type":"Article","@id":"https:\/\/blog.erm.ee\/?p=719#article","isPartOf":{"@id":"https:\/\/blog.erm.ee\/?p=719"},"author":{"name":"Eesti Rahva Muuseum","@id":"https:\/\/blog.erm.ee\/#\/schema\/person\/6e98c391cb00a33e7c22a3571e062114"},"headline":"Raudteraga puu-uisud","datePublished":"2012-10-09T05:33:20+00:00","dateModified":"2013-10-07T13:47:15+00:00","mainEntityOfPage":{"@id":"https:\/\/blog.erm.ee\/?p=719"},"wordCount":239,"commentCount":0,"image":{"@id":"https:\/\/blog.erm.ee\/?p=719#primaryimage"},"thumbnailUrl":"https:\/\/blog.erm.ee\/wp-content\/uploads\/2012\/10\/061764_ERM_A_657_5_ab.jpg","articleSection":["Museaal"],"inLanguage":"et","potentialAction":[{"@type":"CommentAction","name":"Comment","target":["https:\/\/blog.erm.ee\/?p=719#respond"]}]},{"@type":"WebPage","@id":"https:\/\/blog.erm.ee\/?p=719","url":"https:\/\/blog.erm.ee\/?p=719","name":"Raudteraga puu-uisud - Eesti Rahva Muuseumi ajaveeb","isPartOf":{"@id":"https:\/\/blog.erm.ee\/#website"},"primaryImageOfPage":{"@id":"https:\/\/blog.erm.ee\/?p=719#primaryimage"},"image":{"@id":"https:\/\/blog.erm.ee\/?p=719#primaryimage"},"thumbnailUrl":"https:\/\/blog.erm.ee\/wp-content\/uploads\/2012\/10\/061764_ERM_A_657_5_ab.jpg","datePublished":"2012-10-09T05:33:20+00:00","dateModified":"2013-10-07T13:47:15+00:00","author":{"@id":"https:\/\/blog.erm.ee\/#\/schema\/person\/6e98c391cb00a33e7c22a3571e062114"},"breadcrumb":{"@id":"https:\/\/blog.erm.ee\/?p=719#breadcrumb"},"inLanguage":"et","potentialAction":[{"@type":"ReadAction","target":["https:\/\/blog.erm.ee\/?p=719"]}]},{"@type":"ImageObject","inLanguage":"et","@id":"https:\/\/blog.erm.ee\/?p=719#primaryimage","url":"https:\/\/blog.erm.ee\/wp-content\/uploads\/2012\/10\/061764_ERM_A_657_5_ab.jpg","contentUrl":"https:\/\/blog.erm.ee\/wp-content\/uploads\/2012\/10\/061764_ERM_A_657_5_ab.jpg","width":1024,"height":685},{"@type":"BreadcrumbList","@id":"https:\/\/blog.erm.ee\/?p=719#breadcrumb","itemListElement":[{"@type":"ListItem","position":1,"name":"Home","item":"https:\/\/blog.erm.ee\/"},{"@type":"ListItem","position":2,"name":"Raudteraga puu-uisud"}]},{"@type":"WebSite","@id":"https:\/\/blog.erm.ee\/#website","url":"https:\/\/blog.erm.ee\/","name":"Eesti Rahva Muuseumi ajaveeb","description":"","potentialAction":[{"@type":"SearchAction","target":{"@type":"EntryPoint","urlTemplate":"https:\/\/blog.erm.ee\/?s={search_term_string}"},"query-input":{"@type":"PropertyValueSpecification","valueRequired":true,"valueName":"search_term_string"}}],"inLanguage":"et"},{"@type":"Person","@id":"https:\/\/blog.erm.ee\/#\/schema\/person\/6e98c391cb00a33e7c22a3571e062114","name":"Eesti Rahva Muuseum","image":{"@type":"ImageObject","inLanguage":"et","@id":"https:\/\/secure.gravatar.com\/avatar\/cb6d9ad5fb49f3f7315028ce5fe60641075f2cb52b8a058ff5a985fa2d8c1da0?s=96&d=mm&r=g","url":"https:\/\/secure.gravatar.com\/avatar\/cb6d9ad5fb49f3f7315028ce5fe60641075f2cb52b8a058ff5a985fa2d8c1da0?s=96&d=mm&r=g","contentUrl":"https:\/\/secure.gravatar.com\/avatar\/cb6d9ad5fb49f3f7315028ce5fe60641075f2cb52b8a058ff5a985fa2d8c1da0?s=96&d=mm&r=g","caption":"Eesti Rahva Muuseum"},"sameAs":["http:\/\/www.erm.ee"],"url":"https:\/\/blog.erm.ee\/?author=1"}]}},"jetpack_featured_media_url":"https:\/\/blog.erm.ee\/wp-content\/uploads\/2012\/10\/061764_ERM_A_657_5_ab.jpg","jetpack_shortlink":"https:\/\/wp.me\/p2l9Zd-bB","jetpack_sharing_enabled":true,"jetpack_likes_enabled":true,"_links":{"self":[{"href":"https:\/\/blog.erm.ee\/index.php?rest_route=\/wp\/v2\/posts\/719","targetHints":{"allow":["GET"]}}],"collection":[{"href":"https:\/\/blog.erm.ee\/index.php?rest_route=\/wp\/v2\/posts"}],"about":[{"href":"https:\/\/blog.erm.ee\/index.php?rest_route=\/wp\/v2\/types\/post"}],"author":[{"embeddable":true,"href":"https:\/\/blog.erm.ee\/index.php?rest_route=\/wp\/v2\/users\/1"}],"replies":[{"embeddable":true,"href":"https:\/\/blog.erm.ee\/index.php?rest_route=%2Fwp%2Fv2%2Fcomments&post=719"}],"version-history":[{"count":8,"href":"https:\/\/blog.erm.ee\/index.php?rest_route=\/wp\/v2\/posts\/719\/revisions"}],"predecessor-version":[{"id":3184,"href":"https:\/\/blog.erm.ee\/index.php?rest_route=\/wp\/v2\/posts\/719\/revisions\/3184"}],"wp:featuredmedia":[{"embeddable":true,"href":"https:\/\/blog.erm.ee\/index.php?rest_route=\/wp\/v2\/media\/722"}],"wp:attachment":[{"href":"https:\/\/blog.erm.ee\/index.php?rest_route=%2Fwp%2Fv2%2Fmedia&parent=719"}],"wp:term":[{"taxonomy":"category","embeddable":true,"href":"https:\/\/blog.erm.ee\/index.php?rest_route=%2Fwp%2Fv2%2Fcategories&post=719"},{"taxonomy":"post_tag","embeddable":true,"href":"https:\/\/blog.erm.ee\/index.php?rest_route=%2Fwp%2Fv2%2Ftags&post=719"}],"curies":[{"name":"wp","href":"https:\/\/api.w.org\/{rel}","templated":true}]}}