{"id":7002,"date":"2015-10-13T05:35:32","date_gmt":"2015-10-13T02:35:32","guid":{"rendered":"http:\/\/blog.erm.ee\/?p=7002"},"modified":"2015-10-12T11:51:03","modified_gmt":"2015-10-12T08:51:03","slug":"vaata-ja-sa-naed-ermi-laul","status":"publish","type":"post","link":"https:\/\/blog.erm.ee\/?p=7002","title":{"rendered":"Vaata ja Sa n\u00e4ed!"},"content":{"rendered":"<div class=\"fcbkbttn_buttons_block\" id=\"fcbkbttn_left\"><div class=\"fcbkbttn_like \"><fb:like href=\"https:\/\/blog.erm.ee\/?p=7002\" action=\"like\" colorscheme=\"light\" layout=\"standard\"  width=\"225px\" size=\"small\"><\/fb:like><\/div><div class=\"fb-share-button  \" data-href=\"https:\/\/blog.erm.ee\/?p=7002\" data-type=\"button\" data-size=\"small\"><\/div><\/div><p>T\u00e4navu kevadel sai ERM endale tunnuslaulu, mida esitavad Koit Toome ja Tanja Mihhailova. Laulu s\u00f5nade ja muusika autoriks on helilooja, muusik ja produtsent Sten Sheripov.\u00a0Laulu video on osaks Andres Maimiku ja Rain Tolgi loodud muuseumi tutvustavast filmist \u201eEesti Rahva Muuseumi verdtarretav saladus\u201c.<\/p>\n<p>Otsustasime k\u00fcsida Eesti muusikutelt, mis m\u00f5tteid ERMi uus lugu nendes tekitab. M\u00f5ningaid arvamusi saate n\u00fc\u00fcd blogi vahendusel ka lugeda.<\/p>\n<p><span class=\"embed-youtube\" style=\"text-align:center; display: block;\"><iframe loading=\"lazy\" class=\"youtube-player\" width=\"700\" height=\"394\" src=\"https:\/\/www.youtube.com\/embed\/suw0Q0g1E54?version=3&#038;rel=1&#038;showsearch=0&#038;showinfo=1&#038;iv_load_policy=1&#038;fs=1&#038;hl=et&#038;autohide=2&#038;wmode=transparent\" allowfullscreen=\"true\" style=\"border:0;\" sandbox=\"allow-scripts allow-same-origin allow-popups allow-presentation allow-popups-to-escape-sandbox\"><\/iframe><\/span><\/p>\n<p>&nbsp;<\/p>\n<p><strong>Epp K\u00f5iv<\/strong><\/p>\n<p>Laulu ajatu-estraadilik k\u00f5la sobib minu arvates v\u00e4ga h\u00e4sti muuseumi konteksti. On ju muuseum isegi ajatu, v\u00f5i siis vastupidi, igat ajastut t\u00e4is. Nii ei sobiks lauluks midagi ultramoodsat, vaid just niisugune rahulik ning igikestev meloodia. Hea m\u00f5te on ka see, et laulu esitajateks on eesti pea kuulsaimad popstaarid. Nii ulatab muuseum k\u00e4e ka laiemale eesti publikule.<\/p>\n<p><strong>T\u00f5nu Trubetsky<\/strong><\/p>\n<p>Klassikaline Koit Toome. Nagu &#8220;On k\u00fcll hilja&#8221; v\u00f5i midagi.<\/p>\n<p><strong>Jaan Elgula<\/strong><\/p>\n<p>ERMi muusikavideo (&#8220;Vaata ja sa n\u00e4ed.&#8221;) tekitas minus vastandlikke m\u00f5tteid. Igasugune uuendus on minu arust progressi alus, v\u00f5i on seda keegi juba enne \u00f6elnud. Aga sellise mastaapse organisatsiooni nagu ERMi tutvustav muusikavideo oleks v\u00f5inud natuke konservatiivsem olla. Aga kui otsustajatele see meeldib, siis las ta olla. Tundub kuidagi kunstlik, nagu need Koit Toome ja Tanja sammud seal t\u00fchjuses. Nii arvan mina isiklikult. Animatsioon on hea, kuid mida arvab Maarika Valk sellest kui Heinz ajab noorele Tanjale keelt k\u00f5rva \ud83d\ude42 ????<\/p>\n<p><strong>Anne Veski<\/strong><\/p>\n<p>Minu arust v\u00e4ga m\u00f5nus lugu. Salap\u00e4rased tegelased meie riigi ja rahva k\u00e4idud teest ja samal ajal paneb uuesti meenutama olnud s\u00fcndmustega kaasnevaid inimesi. Ait\u00e4h Koidule ja teistele tegijatele!<\/p>\n<div class=\"fcbkbttn_buttons_block\" id=\"fcbkbttn_left\"><div class=\"fcbkbttn_like \"><fb:like href=\"https:\/\/blog.erm.ee\/?p=7002\" action=\"like\" colorscheme=\"light\" layout=\"standard\"  width=\"225px\" size=\"small\"><\/fb:like><\/div><div class=\"fb-share-button  \" data-href=\"https:\/\/blog.erm.ee\/?p=7002\" data-type=\"button\" data-size=\"small\"><\/div><\/div>","protected":false},"excerpt":{"rendered":"<p>T\u00e4navu kevadel sai ERM endale tunnuslaulu, mida esitavad Koit Toome ja Tanja Mihhailova. Laulu s\u00f5nade ja muusika autoriks on helilooja, muusik ja produtsent Sten Sheripov.\u00a0Laulu video on osaks Andres Maimiku ja Rain Tolgi loodud muuseumi tutvustavast filmist \u201eEesti Rahva Muuseumi verdtarretav saladus\u201c. Otsustasime k\u00fcsida Eesti muusikutelt, mis m\u00f5tteid ERMi uus lugu nendes tekitab. M\u00f5ningaid arvamusi&hellip;<\/p>\n","protected":false},"author":1,"featured_media":7006,"comment_status":"open","ping_status":"open","sticky":false,"template":"","format":"standard","meta":{"_monsterinsights_skip_tracking":false,"_monsterinsights_sitenote_active":false,"_monsterinsights_sitenote_note":"","_monsterinsights_sitenote_category":0,"jetpack_post_was_ever_published":false,"_jetpack_newsletter_access":"","_jetpack_dont_email_post_to_subs":false,"_jetpack_newsletter_tier_id":0,"_jetpack_memberships_contains_paywalled_content":false,"_jetpack_memberships_contains_paid_content":false,"footnotes":""},"categories":[19,17],"tags":[],"class_list":["post-7002","post","type-post","status-publish","format-standard","has-post-thumbnail","hentry","category-sundmus","category-uus-maja"],"yoast_head":"<!-- This site is optimized with the Yoast SEO plugin v27.5 - https:\/\/yoast.com\/product\/yoast-seo-wordpress\/ -->\n<title>Vaata ja Sa n\u00e4ed! - Eesti Rahva Muuseumi ajaveeb<\/title>\n<meta name=\"robots\" content=\"index, follow, max-snippet:-1, max-image-preview:large, max-video-preview:-1\" \/>\n<link rel=\"canonical\" href=\"https:\/\/blog.erm.ee\/?p=7002\" \/>\n<meta property=\"og:locale\" content=\"et_EE\" \/>\n<meta property=\"og:type\" content=\"article\" \/>\n<meta property=\"og:title\" content=\"Vaata ja Sa n\u00e4ed! - Eesti Rahva Muuseumi ajaveeb\" \/>\n<meta property=\"og:description\" content=\"T\u00e4navu kevadel sai ERM endale tunnuslaulu, mida esitavad Koit Toome ja Tanja Mihhailova. Laulu s\u00f5nade ja muusika autoriks on helilooja, muusik ja produtsent Sten Sheripov.\u00a0Laulu video on osaks Andres Maimiku ja Rain Tolgi loodud muuseumi tutvustavast filmist \u201eEesti Rahva Muuseumi verdtarretav saladus\u201c. Otsustasime k\u00fcsida Eesti muusikutelt, mis m\u00f5tteid ERMi uus lugu nendes tekitab. M\u00f5ningaid arvamusi&hellip;\" \/>\n<meta property=\"og:url\" content=\"https:\/\/blog.erm.ee\/?p=7002\" \/>\n<meta property=\"og:site_name\" content=\"Eesti Rahva Muuseumi ajaveeb\" \/>\n<meta property=\"article:published_time\" content=\"2015-10-13T02:35:32+00:00\" \/>\n<meta property=\"og:image\" content=\"https:\/\/blog.erm.ee\/wp-content\/uploads\/2015\/10\/laulust2.png\" \/>\n\t<meta property=\"og:image:width\" content=\"1200\" \/>\n\t<meta property=\"og:image:height\" content=\"626\" \/>\n\t<meta property=\"og:image:type\" content=\"image\/png\" \/>\n<meta name=\"author\" content=\"Eesti Rahva Muuseum\" \/>\n<meta name=\"twitter:card\" content=\"summary_large_image\" \/>\n<meta name=\"twitter:label1\" content=\"Written by\" \/>\n\t<meta name=\"twitter:data1\" content=\"Eesti Rahva Muuseum\" \/>\n\t<meta name=\"twitter:label2\" content=\"Est. reading time\" \/>\n\t<meta name=\"twitter:data2\" content=\"1 minut\" \/>\n<script type=\"application\/ld+json\" class=\"yoast-schema-graph\">{\"@context\":\"https:\\\/\\\/schema.org\",\"@graph\":[{\"@type\":\"Article\",\"@id\":\"https:\\\/\\\/blog.erm.ee\\\/?p=7002#article\",\"isPartOf\":{\"@id\":\"https:\\\/\\\/blog.erm.ee\\\/?p=7002\"},\"author\":{\"name\":\"Eesti Rahva Muuseum\",\"@id\":\"https:\\\/\\\/blog.erm.ee\\\/#\\\/schema\\\/person\\\/6e98c391cb00a33e7c22a3571e062114\"},\"headline\":\"Vaata ja Sa n\u00e4ed!\",\"datePublished\":\"2015-10-13T02:35:32+00:00\",\"mainEntityOfPage\":{\"@id\":\"https:\\\/\\\/blog.erm.ee\\\/?p=7002\"},\"wordCount\":287,\"commentCount\":0,\"image\":{\"@id\":\"https:\\\/\\\/blog.erm.ee\\\/?p=7002#primaryimage\"},\"thumbnailUrl\":\"https:\\\/\\\/blog.erm.ee\\\/wp-content\\\/uploads\\\/2015\\\/10\\\/laulust2.png\",\"articleSection\":[\"S\u00fcndmus\",\"Uus maja\"],\"inLanguage\":\"et\",\"potentialAction\":[{\"@type\":\"CommentAction\",\"name\":\"Comment\",\"target\":[\"https:\\\/\\\/blog.erm.ee\\\/?p=7002#respond\"]}]},{\"@type\":\"WebPage\",\"@id\":\"https:\\\/\\\/blog.erm.ee\\\/?p=7002\",\"url\":\"https:\\\/\\\/blog.erm.ee\\\/?p=7002\",\"name\":\"Vaata ja Sa n\u00e4ed! - Eesti Rahva Muuseumi ajaveeb\",\"isPartOf\":{\"@id\":\"https:\\\/\\\/blog.erm.ee\\\/#website\"},\"primaryImageOfPage\":{\"@id\":\"https:\\\/\\\/blog.erm.ee\\\/?p=7002#primaryimage\"},\"image\":{\"@id\":\"https:\\\/\\\/blog.erm.ee\\\/?p=7002#primaryimage\"},\"thumbnailUrl\":\"https:\\\/\\\/blog.erm.ee\\\/wp-content\\\/uploads\\\/2015\\\/10\\\/laulust2.png\",\"datePublished\":\"2015-10-13T02:35:32+00:00\",\"author\":{\"@id\":\"https:\\\/\\\/blog.erm.ee\\\/#\\\/schema\\\/person\\\/6e98c391cb00a33e7c22a3571e062114\"},\"breadcrumb\":{\"@id\":\"https:\\\/\\\/blog.erm.ee\\\/?p=7002#breadcrumb\"},\"inLanguage\":\"et\",\"potentialAction\":[{\"@type\":\"ReadAction\",\"target\":[\"https:\\\/\\\/blog.erm.ee\\\/?p=7002\"]}]},{\"@type\":\"ImageObject\",\"inLanguage\":\"et\",\"@id\":\"https:\\\/\\\/blog.erm.ee\\\/?p=7002#primaryimage\",\"url\":\"https:\\\/\\\/blog.erm.ee\\\/wp-content\\\/uploads\\\/2015\\\/10\\\/laulust2.png\",\"contentUrl\":\"https:\\\/\\\/blog.erm.ee\\\/wp-content\\\/uploads\\\/2015\\\/10\\\/laulust2.png\",\"width\":1200,\"height\":626},{\"@type\":\"BreadcrumbList\",\"@id\":\"https:\\\/\\\/blog.erm.ee\\\/?p=7002#breadcrumb\",\"itemListElement\":[{\"@type\":\"ListItem\",\"position\":1,\"name\":\"Home\",\"item\":\"https:\\\/\\\/blog.erm.ee\\\/\"},{\"@type\":\"ListItem\",\"position\":2,\"name\":\"Vaata ja Sa n\u00e4ed!\"}]},{\"@type\":\"WebSite\",\"@id\":\"https:\\\/\\\/blog.erm.ee\\\/#website\",\"url\":\"https:\\\/\\\/blog.erm.ee\\\/\",\"name\":\"Eesti Rahva Muuseumi ajaveeb\",\"description\":\"\",\"potentialAction\":[{\"@type\":\"SearchAction\",\"target\":{\"@type\":\"EntryPoint\",\"urlTemplate\":\"https:\\\/\\\/blog.erm.ee\\\/?s={search_term_string}\"},\"query-input\":{\"@type\":\"PropertyValueSpecification\",\"valueRequired\":true,\"valueName\":\"search_term_string\"}}],\"inLanguage\":\"et\"},{\"@type\":\"Person\",\"@id\":\"https:\\\/\\\/blog.erm.ee\\\/#\\\/schema\\\/person\\\/6e98c391cb00a33e7c22a3571e062114\",\"name\":\"Eesti Rahva Muuseum\",\"image\":{\"@type\":\"ImageObject\",\"inLanguage\":\"et\",\"@id\":\"https:\\\/\\\/secure.gravatar.com\\\/avatar\\\/cb6d9ad5fb49f3f7315028ce5fe60641075f2cb52b8a058ff5a985fa2d8c1da0?s=96&d=mm&r=g\",\"url\":\"https:\\\/\\\/secure.gravatar.com\\\/avatar\\\/cb6d9ad5fb49f3f7315028ce5fe60641075f2cb52b8a058ff5a985fa2d8c1da0?s=96&d=mm&r=g\",\"contentUrl\":\"https:\\\/\\\/secure.gravatar.com\\\/avatar\\\/cb6d9ad5fb49f3f7315028ce5fe60641075f2cb52b8a058ff5a985fa2d8c1da0?s=96&d=mm&r=g\",\"caption\":\"Eesti Rahva Muuseum\"},\"sameAs\":[\"http:\\\/\\\/www.erm.ee\"],\"url\":\"https:\\\/\\\/blog.erm.ee\\\/?author=1\"}]}<\/script>\n<!-- \/ Yoast SEO plugin. -->","yoast_head_json":{"title":"Vaata ja Sa n\u00e4ed! - Eesti Rahva Muuseumi ajaveeb","robots":{"index":"index","follow":"follow","max-snippet":"max-snippet:-1","max-image-preview":"max-image-preview:large","max-video-preview":"max-video-preview:-1"},"canonical":"https:\/\/blog.erm.ee\/?p=7002","og_locale":"et_EE","og_type":"article","og_title":"Vaata ja Sa n\u00e4ed! - Eesti Rahva Muuseumi ajaveeb","og_description":"T\u00e4navu kevadel sai ERM endale tunnuslaulu, mida esitavad Koit Toome ja Tanja Mihhailova. Laulu s\u00f5nade ja muusika autoriks on helilooja, muusik ja produtsent Sten Sheripov.\u00a0Laulu video on osaks Andres Maimiku ja Rain Tolgi loodud muuseumi tutvustavast filmist \u201eEesti Rahva Muuseumi verdtarretav saladus\u201c. Otsustasime k\u00fcsida Eesti muusikutelt, mis m\u00f5tteid ERMi uus lugu nendes tekitab. M\u00f5ningaid arvamusi&hellip;","og_url":"https:\/\/blog.erm.ee\/?p=7002","og_site_name":"Eesti Rahva Muuseumi ajaveeb","article_published_time":"2015-10-13T02:35:32+00:00","og_image":[{"width":1200,"height":626,"url":"https:\/\/blog.erm.ee\/wp-content\/uploads\/2015\/10\/laulust2.png","type":"image\/png"}],"author":"Eesti Rahva Muuseum","twitter_card":"summary_large_image","twitter_misc":{"Written by":"Eesti Rahva Muuseum","Est. reading time":"1 minut"},"schema":{"@context":"https:\/\/schema.org","@graph":[{"@type":"Article","@id":"https:\/\/blog.erm.ee\/?p=7002#article","isPartOf":{"@id":"https:\/\/blog.erm.ee\/?p=7002"},"author":{"name":"Eesti Rahva Muuseum","@id":"https:\/\/blog.erm.ee\/#\/schema\/person\/6e98c391cb00a33e7c22a3571e062114"},"headline":"Vaata ja Sa n\u00e4ed!","datePublished":"2015-10-13T02:35:32+00:00","mainEntityOfPage":{"@id":"https:\/\/blog.erm.ee\/?p=7002"},"wordCount":287,"commentCount":0,"image":{"@id":"https:\/\/blog.erm.ee\/?p=7002#primaryimage"},"thumbnailUrl":"https:\/\/blog.erm.ee\/wp-content\/uploads\/2015\/10\/laulust2.png","articleSection":["S\u00fcndmus","Uus maja"],"inLanguage":"et","potentialAction":[{"@type":"CommentAction","name":"Comment","target":["https:\/\/blog.erm.ee\/?p=7002#respond"]}]},{"@type":"WebPage","@id":"https:\/\/blog.erm.ee\/?p=7002","url":"https:\/\/blog.erm.ee\/?p=7002","name":"Vaata ja Sa n\u00e4ed! - Eesti Rahva Muuseumi ajaveeb","isPartOf":{"@id":"https:\/\/blog.erm.ee\/#website"},"primaryImageOfPage":{"@id":"https:\/\/blog.erm.ee\/?p=7002#primaryimage"},"image":{"@id":"https:\/\/blog.erm.ee\/?p=7002#primaryimage"},"thumbnailUrl":"https:\/\/blog.erm.ee\/wp-content\/uploads\/2015\/10\/laulust2.png","datePublished":"2015-10-13T02:35:32+00:00","author":{"@id":"https:\/\/blog.erm.ee\/#\/schema\/person\/6e98c391cb00a33e7c22a3571e062114"},"breadcrumb":{"@id":"https:\/\/blog.erm.ee\/?p=7002#breadcrumb"},"inLanguage":"et","potentialAction":[{"@type":"ReadAction","target":["https:\/\/blog.erm.ee\/?p=7002"]}]},{"@type":"ImageObject","inLanguage":"et","@id":"https:\/\/blog.erm.ee\/?p=7002#primaryimage","url":"https:\/\/blog.erm.ee\/wp-content\/uploads\/2015\/10\/laulust2.png","contentUrl":"https:\/\/blog.erm.ee\/wp-content\/uploads\/2015\/10\/laulust2.png","width":1200,"height":626},{"@type":"BreadcrumbList","@id":"https:\/\/blog.erm.ee\/?p=7002#breadcrumb","itemListElement":[{"@type":"ListItem","position":1,"name":"Home","item":"https:\/\/blog.erm.ee\/"},{"@type":"ListItem","position":2,"name":"Vaata ja Sa n\u00e4ed!"}]},{"@type":"WebSite","@id":"https:\/\/blog.erm.ee\/#website","url":"https:\/\/blog.erm.ee\/","name":"Eesti Rahva Muuseumi ajaveeb","description":"","potentialAction":[{"@type":"SearchAction","target":{"@type":"EntryPoint","urlTemplate":"https:\/\/blog.erm.ee\/?s={search_term_string}"},"query-input":{"@type":"PropertyValueSpecification","valueRequired":true,"valueName":"search_term_string"}}],"inLanguage":"et"},{"@type":"Person","@id":"https:\/\/blog.erm.ee\/#\/schema\/person\/6e98c391cb00a33e7c22a3571e062114","name":"Eesti Rahva Muuseum","image":{"@type":"ImageObject","inLanguage":"et","@id":"https:\/\/secure.gravatar.com\/avatar\/cb6d9ad5fb49f3f7315028ce5fe60641075f2cb52b8a058ff5a985fa2d8c1da0?s=96&d=mm&r=g","url":"https:\/\/secure.gravatar.com\/avatar\/cb6d9ad5fb49f3f7315028ce5fe60641075f2cb52b8a058ff5a985fa2d8c1da0?s=96&d=mm&r=g","contentUrl":"https:\/\/secure.gravatar.com\/avatar\/cb6d9ad5fb49f3f7315028ce5fe60641075f2cb52b8a058ff5a985fa2d8c1da0?s=96&d=mm&r=g","caption":"Eesti Rahva Muuseum"},"sameAs":["http:\/\/www.erm.ee"],"url":"https:\/\/blog.erm.ee\/?author=1"}]}},"jetpack_featured_media_url":"https:\/\/blog.erm.ee\/wp-content\/uploads\/2015\/10\/laulust2.png","jetpack_shortlink":"https:\/\/wp.me\/p2l9Zd-1OW","jetpack_sharing_enabled":true,"jetpack_likes_enabled":true,"_links":{"self":[{"href":"https:\/\/blog.erm.ee\/index.php?rest_route=\/wp\/v2\/posts\/7002","targetHints":{"allow":["GET"]}}],"collection":[{"href":"https:\/\/blog.erm.ee\/index.php?rest_route=\/wp\/v2\/posts"}],"about":[{"href":"https:\/\/blog.erm.ee\/index.php?rest_route=\/wp\/v2\/types\/post"}],"author":[{"embeddable":true,"href":"https:\/\/blog.erm.ee\/index.php?rest_route=\/wp\/v2\/users\/1"}],"replies":[{"embeddable":true,"href":"https:\/\/blog.erm.ee\/index.php?rest_route=%2Fwp%2Fv2%2Fcomments&post=7002"}],"version-history":[{"count":3,"href":"https:\/\/blog.erm.ee\/index.php?rest_route=\/wp\/v2\/posts\/7002\/revisions"}],"predecessor-version":[{"id":7007,"href":"https:\/\/blog.erm.ee\/index.php?rest_route=\/wp\/v2\/posts\/7002\/revisions\/7007"}],"wp:featuredmedia":[{"embeddable":true,"href":"https:\/\/blog.erm.ee\/index.php?rest_route=\/wp\/v2\/media\/7006"}],"wp:attachment":[{"href":"https:\/\/blog.erm.ee\/index.php?rest_route=%2Fwp%2Fv2%2Fmedia&parent=7002"}],"wp:term":[{"taxonomy":"category","embeddable":true,"href":"https:\/\/blog.erm.ee\/index.php?rest_route=%2Fwp%2Fv2%2Fcategories&post=7002"},{"taxonomy":"post_tag","embeddable":true,"href":"https:\/\/blog.erm.ee\/index.php?rest_route=%2Fwp%2Fv2%2Ftags&post=7002"}],"curies":[{"name":"wp","href":"https:\/\/api.w.org\/{rel}","templated":true}]}}