{"id":6904,"date":"2015-09-24T07:00:17","date_gmt":"2015-09-24T04:00:17","guid":{"rendered":"http:\/\/blog.erm.ee\/?p=6904"},"modified":"2015-09-25T21:48:33","modified_gmt":"2015-09-25T18:48:33","slug":"muuseum-kust-ei-tahagi-lahkuda","status":"publish","type":"post","link":"https:\/\/blog.erm.ee\/?p=6904","title":{"rendered":"Muuseum, kust ei tahagi lahkuda"},"content":{"rendered":"<div class=\"fcbkbttn_buttons_block\" id=\"fcbkbttn_left\"><div class=\"fcbkbttn_like \"><fb:like href=\"https:\/\/blog.erm.ee\/?p=6904\" action=\"like\" colorscheme=\"light\" layout=\"standard\"  width=\"225px\" size=\"small\"><\/fb:like><\/div><div class=\"fb-share-button  \" data-href=\"https:\/\/blog.erm.ee\/?p=6904\" data-type=\"button\" data-size=\"small\"><\/div><\/div><p>&nbsp;<\/p>\n<p><em>Tekst: Kristel Rattus, Agnes Aljas<\/em><br \/>\n<em>Fotod: Moesgaardi muuseum, blogile s\u00e4ttinud Anu Ansu<\/em><\/p>\n<p>Augusti l\u00f5pus k\u00fclastas peamiselt ERMi teaduritest ja kuraatoritest koosnev 15-liikmeline grupp Marje \u00d5unapuu p\u00e4randuse ja Eesti Kultuurkapitali toel Taani muuseume<a href=\"#_ftn1\" name=\"_ftnref1\">[1]<\/a>.<br \/>\nTunne, et oleme j\u00f5udnud muuseumi, kust enam lahkuda ei tahaks, valdas meid siis, kui olime j\u00f5udnud Moesgaardi. Kodulehek\u00fclg m\u00e4\u00e4ratleb Moesgaardi kui etnoloogia- ja arheoloogiamuuseumi, ent tegelikult on arheoloogia osa etnoloogia omast siiski ligi viis korda suurem. Ja ka atraktiivsem.<\/p>\n<p>MAJA V\u00c4LJAST\u2026<br \/>\n<a href=\"http:\/\/www.moesgaardmuseum.dk\/\" target=\"_blank\">Moesgaardi muuseum <\/a>(MoMu) ei ole tegelikult uus, vaid 1970. aastal asutatud suur vaba\u00f5humuuseum. Uus on selle 2014. aasta oktoobris uksed avanud hoone. V\u00f5imas kompleks asub Aarhusi \u00fclikoolilinnast k\u00fcmmekonna kilomeetri kaugusel mere\u00e4\u00e4rsel alal, millel suurust on \u00fcle 100 hektari. Muuseum n\u00e4ib m\u00e4kke uuristatud monumendina, mida \u00fcmbritseb rohetav muru, mis katab ka katust. Hoone k\u00f5rgem osa j\u00e4tkab justkui m\u00e4en\u00f5lva t\u00f5usu. Hoone autoriks on Taani arhitektuurib\u00fcroo <a href=\"http:\/\/www.henninglarsen.com\/projects\/0700-0799\/0716-moesgaard-museum-%281%29.aspx\" target=\"_blank\">Henning Larsen Architects<\/a>.<\/p>\n<p><a href=\"https:\/\/blog.erm.ee\/wp-content\/uploads\/2015\/09\/1_suur.jpg\"><img loading=\"lazy\" decoding=\"async\" data-attachment-id=\"6905\" data-permalink=\"https:\/\/blog.erm.ee\/?attachment_id=6905#main\" data-orig-file=\"https:\/\/blog.erm.ee\/wp-content\/uploads\/2015\/09\/1_suur.jpg\" data-orig-size=\"1200,385\" data-comments-opened=\"1\" data-image-meta=\"{&quot;aperture&quot;:&quot;0&quot;,&quot;credit&quot;:&quot;Jan Broch Nielsen&quot;,&quot;camera&quot;:&quot;&quot;,&quot;caption&quot;:&quot;&quot;,&quot;created_timestamp&quot;:&quot;1397297772&quot;,&quot;copyright&quot;:&quot;Copyright:Jan Broch Nielsen,janbroch@mail.dk&quot;,&quot;focal_length&quot;:&quot;0&quot;,&quot;iso&quot;:&quot;0&quot;,&quot;shutter_speed&quot;:&quot;0&quot;,&quot;title&quot;:&quot;&quot;,&quot;orientation&quot;:&quot;0&quot;}\" data-image-title=\"1_suur\" data-image-description=\"\" data-image-caption=\"\" data-large-file=\"https:\/\/blog.erm.ee\/wp-content\/uploads\/2015\/09\/1_suur-1024x329.jpg\" class=\"alignnone size-large wp-image-6905\" src=\"https:\/\/blog.erm.ee\/wp-content\/uploads\/2015\/09\/1_suur-1024x329.jpg\" alt=\"1_suur\" width=\"700\" height=\"225\" srcset=\"https:\/\/blog.erm.ee\/wp-content\/uploads\/2015\/09\/1_suur-1024x329.jpg 1024w, https:\/\/blog.erm.ee\/wp-content\/uploads\/2015\/09\/1_suur-460x148.jpg 460w, https:\/\/blog.erm.ee\/wp-content\/uploads\/2015\/09\/1_suur-300x96.jpg 300w, https:\/\/blog.erm.ee\/wp-content\/uploads\/2015\/09\/1_suur.jpg 1200w\" sizes=\"auto, (max-width: 700px) 100vw, 700px\" \/><\/a><\/p>\n<p>\u2026 JA SEEST<br \/>\nEkspositsioon jaguneb kolme korruse vahel: k\u00f5ige k\u00f5rgemal on etnoloogiaosa, keskmisel ehk sissep\u00e4\u00e4sukorrusel ajutiste n\u00e4ituste ruumid (muidugi ei puudu ka pood, restoran, auditooriumid) ning k\u00f5ige all arheoloogian\u00e4itused.<\/p>\n<p><a href=\"https:\/\/blog.erm.ee\/wp-content\/uploads\/2015\/09\/2_suur_moesgaard-museum.jpg\"><img loading=\"lazy\" decoding=\"async\" data-attachment-id=\"6906\" data-permalink=\"https:\/\/blog.erm.ee\/?attachment_id=6906#main\" data-orig-file=\"https:\/\/blog.erm.ee\/wp-content\/uploads\/2015\/09\/2_suur_moesgaard-museum.jpg\" data-orig-size=\"804,1200\" data-comments-opened=\"1\" data-image-meta=\"{&quot;aperture&quot;:&quot;0&quot;,&quot;credit&quot;:&quot;Jacob Due (Foto\/medie afdelingen&quot;,&quot;camera&quot;:&quot;&quot;,&quot;caption&quot;:&quot;Ophavsret beskyttet billede, Jacob Due, Foto\/medie afdelingen Moesgaard.&quot;,&quot;created_timestamp&quot;:&quot;1413031666&quot;,&quot;copyright&quot;:&quot;Jacob Due\\rFoto\/medie afdelingen Moesgaard\\rMoesg\\u00e5rd All\\u00e9 20\\r8270 H\\u00f8jbjerg\\rDenmark\\rphone (+45) 8716 1118\\re-mail. rogvi.johansen&quot;,&quot;focal_length&quot;:&quot;0&quot;,&quot;iso&quot;:&quot;0&quot;,&quot;shutter_speed&quot;:&quot;0&quot;,&quot;title&quot;:&quot;Ophavsret beskyttet billede, Jacob Due, Foto\/medie afdelingen Moesgaard.&quot;,&quot;orientation&quot;:&quot;0&quot;}\" data-image-title=\"Ophavsret beskyttet billede, Jacob Due, Foto\/medie afdelingen Moesgaard.\" data-image-description=\"\" data-image-caption=\"&lt;p&gt;Ophavsret beskyttet billede, Jacob Due, Foto\/medie afdelingen Moesgaard.&lt;\/p&gt;\n\" data-large-file=\"https:\/\/blog.erm.ee\/wp-content\/uploads\/2015\/09\/2_suur_moesgaard-museum-686x1024.jpg\" class=\"size-large wp-image-6906\" src=\"https:\/\/blog.erm.ee\/wp-content\/uploads\/2015\/09\/2_suur_moesgaard-museum-686x1024.jpg\" alt=\"Ophavsret beskyttet billede, Jacob Due, Foto\/medie afdelingen Moesgaard.\" width=\"686\" height=\"1024\" srcset=\"https:\/\/blog.erm.ee\/wp-content\/uploads\/2015\/09\/2_suur_moesgaard-museum-686x1024.jpg 686w, https:\/\/blog.erm.ee\/wp-content\/uploads\/2015\/09\/2_suur_moesgaard-museum-174x260.jpg 174w, https:\/\/blog.erm.ee\/wp-content\/uploads\/2015\/09\/2_suur_moesgaard-museum-201x300.jpg 201w, https:\/\/blog.erm.ee\/wp-content\/uploads\/2015\/09\/2_suur_moesgaard-museum.jpg 804w\" sizes=\"auto, (max-width: 686px) 100vw, 686px\" \/><\/a><\/p>\n<p>Korruseid \u00fchendab massiivne trepp, mida Moesgaardi kolleegid nimetavad evolutsioonitrepiks. Alla arheoloogian\u00e4itustele viivatel trepiastmetel v\u00f5ib n\u00e4ha rekonstruktsioone maailma eri paigus leitud hominiididest, alustades Australopithecus Lucyst ja l\u00f5petades kromanjooni inimesega. Etnoloogian\u00e4ituse jalamil asub aga kolme eri ajastust ja kultuurist p\u00e4rit inimest kujutav skulptuurigrupp. Seal on Austraalia aborigeen, kes teab k\u00f5ike unen\u00e4gude maailmast; t\u0161ukt\u0161itar, kes usub \u00fcmbers\u00fcndi, ja l\u00e4\u00e4nelik kosmoloog Stephen Hawking. See kolmik s\u00fcmboliseerib kultuuriliste perspektiivide muutumist.<\/p>\n<p><a href=\"https:\/\/blog.erm.ee\/wp-content\/uploads\/2015\/09\/7_momu-evolution-stairs-family-2.jpg\"><img loading=\"lazy\" decoding=\"async\" data-attachment-id=\"6908\" data-permalink=\"https:\/\/blog.erm.ee\/?attachment_id=6908#main\" data-orig-file=\"https:\/\/blog.erm.ee\/wp-content\/uploads\/2015\/09\/7_momu-evolution-stairs-family-2.jpg\" data-orig-size=\"953,1200\" data-comments-opened=\"1\" data-image-meta=\"{&quot;aperture&quot;:&quot;0&quot;,&quot;credit&quot;:&quot;&quot;,&quot;camera&quot;:&quot;&quot;,&quot;caption&quot;:&quot;&quot;,&quot;created_timestamp&quot;:&quot;0&quot;,&quot;copyright&quot;:&quot;Jacob Due\\rFoto\/medie afdelingen Moesgaard\\rMoesg\\u00e5rd All\\u00e9 20\\r8270 H\\u00f8jbjerg\\rDenmark\\rphone (+45) 8716 1118\\re-mail. rogvi.johansen&quot;,&quot;focal_length&quot;:&quot;0&quot;,&quot;iso&quot;:&quot;0&quot;,&quot;shutter_speed&quot;:&quot;0&quot;,&quot;title&quot;:&quot;&quot;,&quot;orientation&quot;:&quot;0&quot;}\" data-image-title=\"7_momu-evolution-stairs-family (2)\" data-image-description=\"\" data-image-caption=\"\" data-large-file=\"https:\/\/blog.erm.ee\/wp-content\/uploads\/2015\/09\/7_momu-evolution-stairs-family-2-813x1024.jpg\" class=\"alignnone size-large wp-image-6908\" src=\"https:\/\/blog.erm.ee\/wp-content\/uploads\/2015\/09\/7_momu-evolution-stairs-family-2-813x1024.jpg\" alt=\"7_momu-evolution-stairs-family (2)\" width=\"700\" height=\"882\" srcset=\"https:\/\/blog.erm.ee\/wp-content\/uploads\/2015\/09\/7_momu-evolution-stairs-family-2-813x1024.jpg 813w, https:\/\/blog.erm.ee\/wp-content\/uploads\/2015\/09\/7_momu-evolution-stairs-family-2-206x260.jpg 206w, https:\/\/blog.erm.ee\/wp-content\/uploads\/2015\/09\/7_momu-evolution-stairs-family-2-238x300.jpg 238w, https:\/\/blog.erm.ee\/wp-content\/uploads\/2015\/09\/7_momu-evolution-stairs-family-2.jpg 953w\" sizes=\"auto, (max-width: 700px) 100vw, 700px\" \/><\/a> <a href=\"https:\/\/blog.erm.ee\/wp-content\/uploads\/2015\/09\/5_suur_trappen-etno-samlet.jpg\"><img loading=\"lazy\" decoding=\"async\" data-attachment-id=\"6909\" data-permalink=\"https:\/\/blog.erm.ee\/?attachment_id=6909#main\" data-orig-file=\"https:\/\/blog.erm.ee\/wp-content\/uploads\/2015\/09\/5_suur_trappen-etno-samlet.jpg\" data-orig-size=\"1200,801\" data-comments-opened=\"1\" data-image-meta=\"{&quot;aperture&quot;:&quot;0&quot;,&quot;credit&quot;:&quot;&quot;,&quot;camera&quot;:&quot;&quot;,&quot;caption&quot;:&quot;&quot;,&quot;created_timestamp&quot;:&quot;1414485773&quot;,&quot;copyright&quot;:&quot;&quot;,&quot;focal_length&quot;:&quot;0&quot;,&quot;iso&quot;:&quot;0&quot;,&quot;shutter_speed&quot;:&quot;0&quot;,&quot;title&quot;:&quot;&quot;,&quot;orientation&quot;:&quot;0&quot;}\" data-image-title=\"5_suur_trappen-etno-samlet\" data-image-description=\"\" data-image-caption=\"\" data-large-file=\"https:\/\/blog.erm.ee\/wp-content\/uploads\/2015\/09\/5_suur_trappen-etno-samlet-1024x684.jpg\" class=\"alignnone size-large wp-image-6909\" src=\"https:\/\/blog.erm.ee\/wp-content\/uploads\/2015\/09\/5_suur_trappen-etno-samlet-1024x684.jpg\" alt=\"5_suur_trappen-etno-samlet\" width=\"700\" height=\"468\" srcset=\"https:\/\/blog.erm.ee\/wp-content\/uploads\/2015\/09\/5_suur_trappen-etno-samlet-1024x684.jpg 1024w, https:\/\/blog.erm.ee\/wp-content\/uploads\/2015\/09\/5_suur_trappen-etno-samlet-390x260.jpg 390w, https:\/\/blog.erm.ee\/wp-content\/uploads\/2015\/09\/5_suur_trappen-etno-samlet-300x200.jpg 300w, https:\/\/blog.erm.ee\/wp-content\/uploads\/2015\/09\/5_suur_trappen-etno-samlet.jpg 1200w\" sizes=\"auto, (max-width: 700px) 100vw, 700px\" \/><\/a><\/p>\n<p>N\u00c4ITUSED<br \/>\nOmavahelises vestluses kinnitasid Moesgaardi kolleegid, et n\u00e4ituste sisu ja k\u00e4sitlusviiside \u00fcle otsustamisel j\u00e4eti neile \u00fcsna vabad k\u00e4ed. Etnoloogid otsustasid n\u00e4ituse \u00fcles ehitada temaatiliselt, mitte tavap\u00e4rase \u00fclevaaten\u00e4itusena. N\u00e4itus on nii-\u00f6elda poolp\u00fcsiva iseloomuga \u2013 see j\u00e4\u00e4b k\u00fcll mitmeks aastaks lahti, ent uueneb samas perioodiliselt. Selle l\u00e4henemisviisi pluss on v\u00f5imalus rohkem keskenduda ja s\u00fcveneda ning v\u00e4ltida vajadust korraga k\u00f5ik kogud v\u00e4lja panna.<\/p>\n<p><a href=\"https:\/\/blog.erm.ee\/wp-content\/uploads\/2015\/09\/6_suur_.jpg\"><img loading=\"lazy\" decoding=\"async\" data-attachment-id=\"6910\" data-permalink=\"https:\/\/blog.erm.ee\/?attachment_id=6910#main\" data-orig-file=\"https:\/\/blog.erm.ee\/wp-content\/uploads\/2015\/09\/6_suur_.jpg\" data-orig-size=\"1200,799\" data-comments-opened=\"1\" data-image-meta=\"{&quot;aperture&quot;:&quot;0&quot;,&quot;credit&quot;:&quot;&quot;,&quot;camera&quot;:&quot;&quot;,&quot;caption&quot;:&quot;&quot;,&quot;created_timestamp&quot;:&quot;0&quot;,&quot;copyright&quot;:&quot;Jacob Due\\rFoto\/medie afdelingen Moesgaard\\rMoesg\\u00e5rd All\\u00e9 20\\r8270 H\\u00f8jbjerg\\rDenmark\\rphone (+45) 8716 1118\\re-mail. rogvi.johansen&quot;,&quot;focal_length&quot;:&quot;0&quot;,&quot;iso&quot;:&quot;0&quot;,&quot;shutter_speed&quot;:&quot;0&quot;,&quot;title&quot;:&quot;&quot;,&quot;orientation&quot;:&quot;0&quot;}\" data-image-title=\"6_suur_\" data-image-description=\"\" data-image-caption=\"\" data-large-file=\"https:\/\/blog.erm.ee\/wp-content\/uploads\/2015\/09\/6_suur_-1024x682.jpg\" class=\"alignnone size-large wp-image-6910\" src=\"https:\/\/blog.erm.ee\/wp-content\/uploads\/2015\/09\/6_suur_-1024x682.jpg\" alt=\"6_suur_\" width=\"700\" height=\"466\" srcset=\"https:\/\/blog.erm.ee\/wp-content\/uploads\/2015\/09\/6_suur_-1024x682.jpg 1024w, https:\/\/blog.erm.ee\/wp-content\/uploads\/2015\/09\/6_suur_-390x260.jpg 390w, https:\/\/blog.erm.ee\/wp-content\/uploads\/2015\/09\/6_suur_-300x200.jpg 300w, https:\/\/blog.erm.ee\/wp-content\/uploads\/2015\/09\/6_suur_.jpg 1200w\" sizes=\"auto, (max-width: 700px) 100vw, 700px\" \/><\/a><\/p>\n<p>N\u00e4ituse teemade valiku aluseks on oodatav k\u00fclastajate huvi, esemete olemasolu kogudes ja nende m\u00f5ttekus kultuuris ning, last but not least, valdkond, mida on Aarhusi \u00fclikoolis hiljuti uuritud. Kuna Moesgaardi muuseum t\u00f6\u00f6tab tihedalt koos Aarhusi \u00fclikooliga ja mitmed kuraatorid on samas selle \u00f5ppej\u00f5ud, siis kajastub see ka ekspositsioonis.<br \/>\nArheoloogid otsustasid p\u00fcsivama, ent ka investeeringuterohkema formaadi kasuks. See n\u00e4ituseosa on mastaapsem, kuid see-eest pikemaajalise iseloomuga.<\/p>\n<p><a href=\"https:\/\/blog.erm.ee\/wp-content\/uploads\/2015\/09\/8_suur_jgd_2015_03_18_045.jpg\"><img loading=\"lazy\" decoding=\"async\" data-attachment-id=\"6911\" data-permalink=\"https:\/\/blog.erm.ee\/?attachment_id=6911#main\" data-orig-file=\"https:\/\/blog.erm.ee\/wp-content\/uploads\/2015\/09\/8_suur_jgd_2015_03_18_045.jpg\" data-orig-size=\"1200,800\" data-comments-opened=\"1\" data-image-meta=\"{&quot;aperture&quot;:&quot;0&quot;,&quot;credit&quot;:&quot;Jacob Gonge Due&quot;,&quot;camera&quot;:&quot;&quot;,&quot;caption&quot;:&quot;Ophavsbeskyttet billede, Foto\/ medie afdelingen, Moesg\\u00e5rd museum, Jacob Gonge Due, Udstilling&quot;,&quot;created_timestamp&quot;:&quot;1426674365&quot;,&quot;copyright&quot;:&quot;Jacob Gonge Due\\r\\rFoto\/medie afdelingen Moesg\\u00e5rd\\rMoesg\\u00e5rd Alle 15\\r8270 H\\u00f8jbjerg\\r(+45) 8716 1118&quot;,&quot;focal_length&quot;:&quot;0&quot;,&quot;iso&quot;:&quot;0&quot;,&quot;shutter_speed&quot;:&quot;0&quot;,&quot;title&quot;:&quot;&quot;,&quot;orientation&quot;:&quot;0&quot;}\" data-image-title=\"8_suur_jgd_2015_03_18_045\" data-image-description=\"\" data-image-caption=\"&lt;p&gt;Ophavsbeskyttet billede, Foto\/ medie afdelingen, Moesg\u00e5rd museum, Jacob Gonge Due, Udstilling&lt;\/p&gt;\n\" data-large-file=\"https:\/\/blog.erm.ee\/wp-content\/uploads\/2015\/09\/8_suur_jgd_2015_03_18_045-1024x683.jpg\" class=\"size-large wp-image-6911\" src=\"https:\/\/blog.erm.ee\/wp-content\/uploads\/2015\/09\/8_suur_jgd_2015_03_18_045-1024x683.jpg\" alt=\"Ophavsbeskyttet billede, Foto\/ medie afdelingen, Moesg\u00e5rd museum, Jacob Gonge Due, Udstilling\" width=\"700\" height=\"467\" srcset=\"https:\/\/blog.erm.ee\/wp-content\/uploads\/2015\/09\/8_suur_jgd_2015_03_18_045-1024x683.jpg 1024w, https:\/\/blog.erm.ee\/wp-content\/uploads\/2015\/09\/8_suur_jgd_2015_03_18_045-390x260.jpg 390w, https:\/\/blog.erm.ee\/wp-content\/uploads\/2015\/09\/8_suur_jgd_2015_03_18_045-300x200.jpg 300w, https:\/\/blog.erm.ee\/wp-content\/uploads\/2015\/09\/8_suur_jgd_2015_03_18_045.jpg 1200w\" sizes=\"auto, (max-width: 700px) 100vw, 700px\" \/><\/a><br \/>\nTegijate sooviks oli, et k\u00fclastaja n\u00e4itusekogemus oleks v\u00f5imalikult vahetu ja intiimne; et ta suudaks minevikuinimestega samastuda. Sooviti, et k\u00fclastaja kohtuks n\u00e4ost n\u00e4kku ka valdkonna uurijatega. Ja mis k\u00f5ige olulisem \u2013 et n\u00e4itus oleks atraktiivne nii noorele, keskmisele kui ka vanemale p\u00f5lvkonnale. Seega on n\u00e4itus esmajoones meeleline kogemus ja alles seej\u00e4rel info saamise koht. Lisaks kuraatoritele, arhitektidele jt osales ruumi loomises ka kaks stsenograafi.<\/p>\n<p>Oma koht on ka ajutistel n\u00e4itustel, mis taotlevad kiiret publikumenu. Meie k\u00fclask\u00e4igu ajal oli lahti n\u00e4itus Hiina keisri terrakotas\u00f5dalastest. See on m\u00f5nda aega mitmel pool Euroopas ringelnud, viimati n\u00e4iteks p\u00f5hjanaabrite juures Tamperes Vapriikkis. Moesgaardis oli see saanud aga t\u00e4iesti ainulaadse kuue. Hiinast laenatud esemetele, mis p\u00e4rinevad esimese Qini keisri Shi Huangdidi mausoleumist, on lisatud oma kuraatorite loodud lugu keisrist kui inimesest ning tema maailmast.<\/p>\n<p>MUSEOGRAAFIA<br \/>\nKujunduslik \u00fchtlustamistaotlus ei n\u00e4i olevat Moesgaardi kolleege kammitsenud. N\u00e4ituseruumid on dramaatilised ja k\u00fclluslikud, k\u00f5ik on erinevad ja \u00fcllatusi t\u00e4is. Leidub mitut t\u00fc\u00fcpi eksponaate ja eriefekte ning v\u00f5imsaid graafilisi taustu. On ka arhitektuurseid efekte, n\u00e4iteks on rauaaja soolaipadest jutustavas ruumis p\u00f5rand pehme nagu soo. Efekte tekitavad helid ja valguski (v\u00f5i sagedamini pimedus) ning liikuv pilt on nii filmi kui ka animatsioonina. On ruum, mida kogetakse kinnisilmi, ainult katsudes. On m\u00e4ngufilme, arhiivikaadreid&#8230; Sageli taotletud refleksiivsus on Moesgaardis saavutatud nii-\u00f6elda r\u00e4\u00e4kivate peade abil \u2013 teemak\u00e4sitlustes on oma koht videotel, kus uurijad jutustavad ise ekraanil, mida ja kuidas nad t\u00e4pselt uurinud on. Animatsioonide puhul on muretult kasutatud mitmeid kunstnikuk\u00e4ekirju. Originaalesemed on l\u00e4bisegi mulaa\u017eidega\u2026 Huvitaval kombel ei h\u00e4iri see eklektika sugugi, vaid m\u00f5jub l\u00e4bim\u00f5eldud tervikuna. Ja on p\u00f5nev!<br \/>\nMoesgaardi kolleegide s\u00f5nul on nad paljud ekspositsioonitehnoloogiad ise v\u00e4lja arendanud, ent pidanud k\u00fcmne kuu jooksul ikka ja j\u00e4lle t\u00f5dema, et tehnika ei t\u00f6\u00f6ta. Paljud tehnoloogiad on lahtioleku aja jooksul siiski t\u00f6\u00f6korda saadud, aga k\u00f5ik vead pole ikkagi siiani veel k\u00f5rvaldatud.<\/p>\n<p><a href=\"https:\/\/blog.erm.ee\/wp-content\/uploads\/2015\/09\/9_suur_momu-gundestrup.jpg\"><img loading=\"lazy\" decoding=\"async\" data-attachment-id=\"6912\" data-permalink=\"https:\/\/blog.erm.ee\/?attachment_id=6912#main\" data-orig-file=\"https:\/\/blog.erm.ee\/wp-content\/uploads\/2015\/09\/9_suur_momu-gundestrup.jpg\" data-orig-size=\"1200,800\" data-comments-opened=\"1\" data-image-meta=\"{&quot;aperture&quot;:&quot;0&quot;,&quot;credit&quot;:&quot;Jacob Gonge Due&quot;,&quot;camera&quot;:&quot;&quot;,&quot;caption&quot;:&quot;Ophavsbeskyttet billede, Foto\/ medie afdelingen, Moesg\\u00e5rd museum, Jacob Gonge Due, udstilling, betina&quot;,&quot;created_timestamp&quot;:&quot;1433231542&quot;,&quot;copyright&quot;:&quot;Jacob Gonge Due\\r\\rFoto\/medie afdelingen Moesg\\u00e5rd\\rMoesg\\u00e5rd Alle 15\\r8270 H\\u00f8jbjerg\\r(+45) 8716 1118&quot;,&quot;focal_length&quot;:&quot;0&quot;,&quot;iso&quot;:&quot;0&quot;,&quot;shutter_speed&quot;:&quot;0&quot;,&quot;title&quot;:&quot;&quot;,&quot;orientation&quot;:&quot;0&quot;}\" data-image-title=\"9_suur_momu-gundestrup\" data-image-description=\"\" data-image-caption=\"&lt;p&gt;Ophavsbeskyttet billede, Foto\/ medie afdelingen, Moesg\u00e5rd museum, Jacob Gonge Due, udstilling, betina&lt;\/p&gt;\n\" data-large-file=\"https:\/\/blog.erm.ee\/wp-content\/uploads\/2015\/09\/9_suur_momu-gundestrup-1024x683.jpg\" class=\"size-large wp-image-6912\" src=\"https:\/\/blog.erm.ee\/wp-content\/uploads\/2015\/09\/9_suur_momu-gundestrup-1024x683.jpg\" alt=\"Ophavsbeskyttet billede, Foto\/ medie afdelingen, Moesg\u00e5rd museum, Jacob Gonge Due, udstilling, betina\" width=\"700\" height=\"467\" srcset=\"https:\/\/blog.erm.ee\/wp-content\/uploads\/2015\/09\/9_suur_momu-gundestrup-1024x683.jpg 1024w, https:\/\/blog.erm.ee\/wp-content\/uploads\/2015\/09\/9_suur_momu-gundestrup-390x260.jpg 390w, https:\/\/blog.erm.ee\/wp-content\/uploads\/2015\/09\/9_suur_momu-gundestrup-300x200.jpg 300w, https:\/\/blog.erm.ee\/wp-content\/uploads\/2015\/09\/9_suur_momu-gundestrup.jpg 1200w\" sizes=\"auto, (max-width: 700px) 100vw, 700px\" \/><\/a><\/p>\n<p>MIKS ME SEALT LAHKUDA EI TAHTNUD<br \/>\nK\u00f5ige enam v\u00f5luski meid n\u00e4ituste atraktiivsuse, efektse teostuse ja teadusliku osa osav l\u00e4bip\u00f5imitus. Nagu \u00f6eldud, on mitmed muuseumit\u00f6\u00f6tajad \u00fclikooli \u00f5ppej\u00f5ud ning kuna Taaniski hinnatakse teadusvaldkonna rahastamisotsuseid tehes k\u00f5rgelt uurimisprojektide praktilist v\u00e4ljundit, on koost\u00f6\u00f6 muuseumiga kasulik ka \u00fclikooli jaoks.<br \/>\nKindlasti ei k\u00f5neta arheoloogia ja etnoloogia k\u00f5iki, kuid Moesgaardi k\u00fclastajaid vaadates n\u00e4eb seal igast soost ja vanuses inimesi. Ja neid on t\u00f5esti palju. Moesgaardi t\u00f6\u00f6tajad tunnistasid, et ehkki nad eeldasid k\u00fclastajanumbrite suurenemist uues majas, poleks nad siiski kunagi osanud oodata s\u00e4\u00e4rast tungi. K\u00fcmne kuu jooksul on muuseumi k\u00fclastanud 430 000 inimest. Parimatel p\u00e4evadel on pileti ostnud lausa 3000\u20135000 k\u00fclastajat. Enamasti ilma ette registreerimata tulla ei saagi. Terrakotas\u00f5dalaste n\u00e4itus on aidanud niigi k\u00f5rget muuseumi k\u00fclastatavust kahekordistada ja tuua muuseumi k\u00fclastajaid ka v\u00e4ljaspool Taanit.<\/p>\n<p><a href=\"https:\/\/blog.erm.ee\/wp-content\/uploads\/2015\/09\/3_peopleterracottaexhibition.jpg\"><img loading=\"lazy\" decoding=\"async\" data-attachment-id=\"6913\" data-permalink=\"https:\/\/blog.erm.ee\/?attachment_id=6913#main\" data-orig-file=\"https:\/\/blog.erm.ee\/wp-content\/uploads\/2015\/09\/3_peopleterracottaexhibition.jpg\" data-orig-size=\"1200,669\" data-comments-opened=\"1\" data-image-meta=\"{&quot;aperture&quot;:&quot;0&quot;,&quot;credit&quot;:&quot;&quot;,&quot;camera&quot;:&quot;&quot;,&quot;caption&quot;:&quot;&quot;,&quot;created_timestamp&quot;:&quot;0&quot;,&quot;copyright&quot;:&quot;&quot;,&quot;focal_length&quot;:&quot;0&quot;,&quot;iso&quot;:&quot;0&quot;,&quot;shutter_speed&quot;:&quot;0&quot;,&quot;title&quot;:&quot;&quot;,&quot;orientation&quot;:&quot;0&quot;}\" data-image-title=\"3_peopleterracottaexhibition\" data-image-description=\"\" data-image-caption=\"\" data-large-file=\"https:\/\/blog.erm.ee\/wp-content\/uploads\/2015\/09\/3_peopleterracottaexhibition-1024x571.jpg\" class=\"alignnone size-large wp-image-6913\" src=\"https:\/\/blog.erm.ee\/wp-content\/uploads\/2015\/09\/3_peopleterracottaexhibition-1024x571.jpg\" alt=\"3_peopleterracottaexhibition\" width=\"700\" height=\"390\" srcset=\"https:\/\/blog.erm.ee\/wp-content\/uploads\/2015\/09\/3_peopleterracottaexhibition-1024x571.jpg 1024w, https:\/\/blog.erm.ee\/wp-content\/uploads\/2015\/09\/3_peopleterracottaexhibition-460x256.jpg 460w, https:\/\/blog.erm.ee\/wp-content\/uploads\/2015\/09\/3_peopleterracottaexhibition-300x167.jpg 300w, https:\/\/blog.erm.ee\/wp-content\/uploads\/2015\/09\/3_peopleterracottaexhibition.jpg 1200w\" sizes=\"auto, (max-width: 700px) 100vw, 700px\" \/><\/a><\/p>\n<p>MIDA V\u00d5IKS VEEL K\u00dcSIDA<br \/>\nMuuseumi inimest huvitab k\u00f5ige enam ikka see, kuidas n\u00e4itus t\u00f6\u00f6tab. Mis k\u00fclastajatele meeldib ja mis mitte? Mis nende jaoks p\u00e4riselt kasulik on: kas muuseumitunnid koolilastele v\u00f5i leiab keegi siit uue huvitava hobi v\u00f5i vahetab p\u00e4rast muuseumik\u00fclastust elukutset? Kas p\u00fcsik\u00fclastajaskond on kasvanud? K\u00fcmne kuu j\u00e4rel on ehk liialt vara vastuseid oodata, aga Moesgaardi muuseum on alustanud juba uut uurimisprojekti, et sellistele k\u00fcsimustele vastata, muidugi koost\u00f6\u00f6s Aarhusi \u00fclikooliga.<\/p>\n<p>&nbsp;<\/p>\n<p><a href=\"#_ftnref1\" name=\"_ftn1\">[1]<\/a> Kopenhagenis k\u00fclastasime ka varasemaid koost\u00f6\u00f6partnereid <a href=\"http:\/\/www.arbejdermuseet.dk\/\" target=\"_blank\">Worker&#8217;s museumi<\/a> ja <a href=\"http:\/\/natmus.dk\/\" target=\"_blank\">Nationalmuseet<\/a>\u2019i, peagi uude majja kolivat <a href=\"http:\/\/www.copenhagen.dk\/en\/\" target=\"_blank\">Copenhagen City Museumi<\/a> ning <a href=\"http:\/\/designmuseum.dk\/en\" target=\"_blank\">Design Museum Danmark<\/a>\u2019i. Helsingoris k\u00e4isime vaatamas uhiuut <a href=\"http:\/\/mfs.dk\/en\/\" target=\"_blank\">Maritime Museum of Denmark<\/a>i, teada-tuntud muuseumiuuendajat <a href=\"http:\/\/www.louisiana.dk\/\" target=\"_blank\">Louisiana Museum of Modern Art<\/a>i\u2019. Aarhusis mahtus meie kavasse lisaks Moesgaardile ka <a href=\"http:\/\/kvindemuseet.dk\/dk.aspx\" target=\"_blank\">Kvindemusee<\/a>t ja <a href=\"http:\/\/www.dengamleby.dk\/\" target=\"_blank\">Den Gamle By<\/a>.<\/p>\n<div class=\"fcbkbttn_buttons_block\" id=\"fcbkbttn_left\"><div class=\"fcbkbttn_like \"><fb:like href=\"https:\/\/blog.erm.ee\/?p=6904\" action=\"like\" colorscheme=\"light\" layout=\"standard\"  width=\"225px\" size=\"small\"><\/fb:like><\/div><div class=\"fb-share-button  \" data-href=\"https:\/\/blog.erm.ee\/?p=6904\" data-type=\"button\" data-size=\"small\"><\/div><\/div>","protected":false},"excerpt":{"rendered":"<p>&nbsp; Tekst: Kristel Rattus, Agnes Aljas Fotod: Moesgaardi muuseum, blogile s\u00e4ttinud Anu Ansu Augusti l\u00f5pus k\u00fclastas peamiselt ERMi teaduritest ja kuraatoritest koosnev 15-liikmeline grupp Marje \u00d5unapuu p\u00e4randuse ja Eesti Kultuurkapitali toel Taani muuseume[1]. Tunne, et oleme j\u00f5udnud muuseumi, kust enam lahkuda ei tahaks, valdas meid siis, kui olime j\u00f5udnud Moesgaardi. Kodulehek\u00fclg m\u00e4\u00e4ratleb Moesgaardi kui etnoloogia-&hellip;<\/p>\n","protected":false},"author":1,"featured_media":6905,"comment_status":"open","ping_status":"open","sticky":false,"template":"","format":"standard","meta":{"_monsterinsights_skip_tracking":false,"_monsterinsights_sitenote_active":false,"_monsterinsights_sitenote_note":"","_monsterinsights_sitenote_category":0,"jetpack_post_was_ever_published":false,"_jetpack_newsletter_access":"","_jetpack_dont_email_post_to_subs":false,"_jetpack_newsletter_tier_id":0,"_jetpack_memberships_contains_paywalled_content":false,"_jetpack_memberships_contains_paid_content":false,"footnotes":""},"categories":[20,7,10],"tags":[],"class_list":["post-6904","post","type-post","status-publish","format-standard","has-post-thumbnail","hentry","category-muuseumimotted","category-naitus","category-teadus"],"yoast_head":"<!-- This site is optimized with the Yoast SEO plugin v27.5 - https:\/\/yoast.com\/product\/yoast-seo-wordpress\/ -->\n<title>Muuseum, kust ei tahagi lahkuda - Eesti Rahva Muuseumi ajaveeb<\/title>\n<meta name=\"robots\" content=\"index, follow, max-snippet:-1, max-image-preview:large, max-video-preview:-1\" \/>\n<link rel=\"canonical\" href=\"https:\/\/blog.erm.ee\/?p=6904\" \/>\n<meta property=\"og:locale\" content=\"et_EE\" \/>\n<meta property=\"og:type\" content=\"article\" \/>\n<meta property=\"og:title\" content=\"Muuseum, kust ei tahagi lahkuda - Eesti Rahva Muuseumi ajaveeb\" \/>\n<meta property=\"og:description\" content=\"&nbsp; Tekst: Kristel Rattus, Agnes Aljas Fotod: Moesgaardi muuseum, blogile s\u00e4ttinud Anu Ansu Augusti l\u00f5pus k\u00fclastas peamiselt ERMi teaduritest ja kuraatoritest koosnev 15-liikmeline grupp Marje \u00d5unapuu p\u00e4randuse ja Eesti Kultuurkapitali toel Taani muuseume[1]. Tunne, et oleme j\u00f5udnud muuseumi, kust enam lahkuda ei tahaks, valdas meid siis, kui olime j\u00f5udnud Moesgaardi. Kodulehek\u00fclg m\u00e4\u00e4ratleb Moesgaardi kui etnoloogia-&hellip;\" \/>\n<meta property=\"og:url\" content=\"https:\/\/blog.erm.ee\/?p=6904\" \/>\n<meta property=\"og:site_name\" content=\"Eesti Rahva Muuseumi ajaveeb\" \/>\n<meta property=\"article:published_time\" content=\"2015-09-24T04:00:17+00:00\" \/>\n<meta property=\"article:modified_time\" content=\"2015-09-25T18:48:33+00:00\" \/>\n<meta property=\"og:image\" content=\"https:\/\/blog.erm.ee\/wp-content\/uploads\/2015\/09\/1_suur.jpg\" \/>\n\t<meta property=\"og:image:width\" content=\"1200\" \/>\n\t<meta property=\"og:image:height\" content=\"385\" \/>\n\t<meta property=\"og:image:type\" content=\"image\/jpeg\" \/>\n<meta name=\"author\" content=\"Eesti Rahva Muuseum\" \/>\n<meta name=\"twitter:card\" content=\"summary_large_image\" \/>\n<meta name=\"twitter:label1\" content=\"Written by\" \/>\n\t<meta name=\"twitter:data1\" content=\"Eesti Rahva Muuseum\" \/>\n\t<meta name=\"twitter:label2\" content=\"Est. reading time\" \/>\n\t<meta name=\"twitter:data2\" content=\"5 minutit\" \/>\n<script type=\"application\/ld+json\" class=\"yoast-schema-graph\">{\"@context\":\"https:\\\/\\\/schema.org\",\"@graph\":[{\"@type\":\"Article\",\"@id\":\"https:\\\/\\\/blog.erm.ee\\\/?p=6904#article\",\"isPartOf\":{\"@id\":\"https:\\\/\\\/blog.erm.ee\\\/?p=6904\"},\"author\":{\"name\":\"Eesti Rahva Muuseum\",\"@id\":\"https:\\\/\\\/blog.erm.ee\\\/#\\\/schema\\\/person\\\/6e98c391cb00a33e7c22a3571e062114\"},\"headline\":\"Muuseum, kust ei tahagi lahkuda\",\"datePublished\":\"2015-09-24T04:00:17+00:00\",\"dateModified\":\"2015-09-25T18:48:33+00:00\",\"mainEntityOfPage\":{\"@id\":\"https:\\\/\\\/blog.erm.ee\\\/?p=6904\"},\"wordCount\":1056,\"commentCount\":0,\"image\":{\"@id\":\"https:\\\/\\\/blog.erm.ee\\\/?p=6904#primaryimage\"},\"thumbnailUrl\":\"https:\\\/\\\/blog.erm.ee\\\/wp-content\\\/uploads\\\/2015\\\/09\\\/1_suur.jpg\",\"articleSection\":[\"Muuseumim\u00f5tted\",\"N\u00e4itus\",\"Teadus\"],\"inLanguage\":\"et\",\"potentialAction\":[{\"@type\":\"CommentAction\",\"name\":\"Comment\",\"target\":[\"https:\\\/\\\/blog.erm.ee\\\/?p=6904#respond\"]}]},{\"@type\":\"WebPage\",\"@id\":\"https:\\\/\\\/blog.erm.ee\\\/?p=6904\",\"url\":\"https:\\\/\\\/blog.erm.ee\\\/?p=6904\",\"name\":\"Muuseum, kust ei tahagi lahkuda - Eesti Rahva Muuseumi ajaveeb\",\"isPartOf\":{\"@id\":\"https:\\\/\\\/blog.erm.ee\\\/#website\"},\"primaryImageOfPage\":{\"@id\":\"https:\\\/\\\/blog.erm.ee\\\/?p=6904#primaryimage\"},\"image\":{\"@id\":\"https:\\\/\\\/blog.erm.ee\\\/?p=6904#primaryimage\"},\"thumbnailUrl\":\"https:\\\/\\\/blog.erm.ee\\\/wp-content\\\/uploads\\\/2015\\\/09\\\/1_suur.jpg\",\"datePublished\":\"2015-09-24T04:00:17+00:00\",\"dateModified\":\"2015-09-25T18:48:33+00:00\",\"author\":{\"@id\":\"https:\\\/\\\/blog.erm.ee\\\/#\\\/schema\\\/person\\\/6e98c391cb00a33e7c22a3571e062114\"},\"breadcrumb\":{\"@id\":\"https:\\\/\\\/blog.erm.ee\\\/?p=6904#breadcrumb\"},\"inLanguage\":\"et\",\"potentialAction\":[{\"@type\":\"ReadAction\",\"target\":[\"https:\\\/\\\/blog.erm.ee\\\/?p=6904\"]}]},{\"@type\":\"ImageObject\",\"inLanguage\":\"et\",\"@id\":\"https:\\\/\\\/blog.erm.ee\\\/?p=6904#primaryimage\",\"url\":\"https:\\\/\\\/blog.erm.ee\\\/wp-content\\\/uploads\\\/2015\\\/09\\\/1_suur.jpg\",\"contentUrl\":\"https:\\\/\\\/blog.erm.ee\\\/wp-content\\\/uploads\\\/2015\\\/09\\\/1_suur.jpg\",\"width\":1200,\"height\":385},{\"@type\":\"BreadcrumbList\",\"@id\":\"https:\\\/\\\/blog.erm.ee\\\/?p=6904#breadcrumb\",\"itemListElement\":[{\"@type\":\"ListItem\",\"position\":1,\"name\":\"Home\",\"item\":\"https:\\\/\\\/blog.erm.ee\\\/\"},{\"@type\":\"ListItem\",\"position\":2,\"name\":\"Muuseum, kust ei tahagi lahkuda\"}]},{\"@type\":\"WebSite\",\"@id\":\"https:\\\/\\\/blog.erm.ee\\\/#website\",\"url\":\"https:\\\/\\\/blog.erm.ee\\\/\",\"name\":\"Eesti Rahva Muuseumi ajaveeb\",\"description\":\"\",\"potentialAction\":[{\"@type\":\"SearchAction\",\"target\":{\"@type\":\"EntryPoint\",\"urlTemplate\":\"https:\\\/\\\/blog.erm.ee\\\/?s={search_term_string}\"},\"query-input\":{\"@type\":\"PropertyValueSpecification\",\"valueRequired\":true,\"valueName\":\"search_term_string\"}}],\"inLanguage\":\"et\"},{\"@type\":\"Person\",\"@id\":\"https:\\\/\\\/blog.erm.ee\\\/#\\\/schema\\\/person\\\/6e98c391cb00a33e7c22a3571e062114\",\"name\":\"Eesti Rahva Muuseum\",\"image\":{\"@type\":\"ImageObject\",\"inLanguage\":\"et\",\"@id\":\"https:\\\/\\\/secure.gravatar.com\\\/avatar\\\/cb6d9ad5fb49f3f7315028ce5fe60641075f2cb52b8a058ff5a985fa2d8c1da0?s=96&d=mm&r=g\",\"url\":\"https:\\\/\\\/secure.gravatar.com\\\/avatar\\\/cb6d9ad5fb49f3f7315028ce5fe60641075f2cb52b8a058ff5a985fa2d8c1da0?s=96&d=mm&r=g\",\"contentUrl\":\"https:\\\/\\\/secure.gravatar.com\\\/avatar\\\/cb6d9ad5fb49f3f7315028ce5fe60641075f2cb52b8a058ff5a985fa2d8c1da0?s=96&d=mm&r=g\",\"caption\":\"Eesti Rahva Muuseum\"},\"sameAs\":[\"http:\\\/\\\/www.erm.ee\"],\"url\":\"https:\\\/\\\/blog.erm.ee\\\/?author=1\"}]}<\/script>\n<!-- \/ Yoast SEO plugin. -->","yoast_head_json":{"title":"Muuseum, kust ei tahagi lahkuda - Eesti Rahva Muuseumi ajaveeb","robots":{"index":"index","follow":"follow","max-snippet":"max-snippet:-1","max-image-preview":"max-image-preview:large","max-video-preview":"max-video-preview:-1"},"canonical":"https:\/\/blog.erm.ee\/?p=6904","og_locale":"et_EE","og_type":"article","og_title":"Muuseum, kust ei tahagi lahkuda - Eesti Rahva Muuseumi ajaveeb","og_description":"&nbsp; Tekst: Kristel Rattus, Agnes Aljas Fotod: Moesgaardi muuseum, blogile s\u00e4ttinud Anu Ansu Augusti l\u00f5pus k\u00fclastas peamiselt ERMi teaduritest ja kuraatoritest koosnev 15-liikmeline grupp Marje \u00d5unapuu p\u00e4randuse ja Eesti Kultuurkapitali toel Taani muuseume[1]. Tunne, et oleme j\u00f5udnud muuseumi, kust enam lahkuda ei tahaks, valdas meid siis, kui olime j\u00f5udnud Moesgaardi. Kodulehek\u00fclg m\u00e4\u00e4ratleb Moesgaardi kui etnoloogia-&hellip;","og_url":"https:\/\/blog.erm.ee\/?p=6904","og_site_name":"Eesti Rahva Muuseumi ajaveeb","article_published_time":"2015-09-24T04:00:17+00:00","article_modified_time":"2015-09-25T18:48:33+00:00","og_image":[{"width":1200,"height":385,"url":"https:\/\/blog.erm.ee\/wp-content\/uploads\/2015\/09\/1_suur.jpg","type":"image\/jpeg"}],"author":"Eesti Rahva Muuseum","twitter_card":"summary_large_image","twitter_misc":{"Written by":"Eesti Rahva Muuseum","Est. reading time":"5 minutit"},"schema":{"@context":"https:\/\/schema.org","@graph":[{"@type":"Article","@id":"https:\/\/blog.erm.ee\/?p=6904#article","isPartOf":{"@id":"https:\/\/blog.erm.ee\/?p=6904"},"author":{"name":"Eesti Rahva Muuseum","@id":"https:\/\/blog.erm.ee\/#\/schema\/person\/6e98c391cb00a33e7c22a3571e062114"},"headline":"Muuseum, kust ei tahagi lahkuda","datePublished":"2015-09-24T04:00:17+00:00","dateModified":"2015-09-25T18:48:33+00:00","mainEntityOfPage":{"@id":"https:\/\/blog.erm.ee\/?p=6904"},"wordCount":1056,"commentCount":0,"image":{"@id":"https:\/\/blog.erm.ee\/?p=6904#primaryimage"},"thumbnailUrl":"https:\/\/blog.erm.ee\/wp-content\/uploads\/2015\/09\/1_suur.jpg","articleSection":["Muuseumim\u00f5tted","N\u00e4itus","Teadus"],"inLanguage":"et","potentialAction":[{"@type":"CommentAction","name":"Comment","target":["https:\/\/blog.erm.ee\/?p=6904#respond"]}]},{"@type":"WebPage","@id":"https:\/\/blog.erm.ee\/?p=6904","url":"https:\/\/blog.erm.ee\/?p=6904","name":"Muuseum, kust ei tahagi lahkuda - Eesti Rahva Muuseumi ajaveeb","isPartOf":{"@id":"https:\/\/blog.erm.ee\/#website"},"primaryImageOfPage":{"@id":"https:\/\/blog.erm.ee\/?p=6904#primaryimage"},"image":{"@id":"https:\/\/blog.erm.ee\/?p=6904#primaryimage"},"thumbnailUrl":"https:\/\/blog.erm.ee\/wp-content\/uploads\/2015\/09\/1_suur.jpg","datePublished":"2015-09-24T04:00:17+00:00","dateModified":"2015-09-25T18:48:33+00:00","author":{"@id":"https:\/\/blog.erm.ee\/#\/schema\/person\/6e98c391cb00a33e7c22a3571e062114"},"breadcrumb":{"@id":"https:\/\/blog.erm.ee\/?p=6904#breadcrumb"},"inLanguage":"et","potentialAction":[{"@type":"ReadAction","target":["https:\/\/blog.erm.ee\/?p=6904"]}]},{"@type":"ImageObject","inLanguage":"et","@id":"https:\/\/blog.erm.ee\/?p=6904#primaryimage","url":"https:\/\/blog.erm.ee\/wp-content\/uploads\/2015\/09\/1_suur.jpg","contentUrl":"https:\/\/blog.erm.ee\/wp-content\/uploads\/2015\/09\/1_suur.jpg","width":1200,"height":385},{"@type":"BreadcrumbList","@id":"https:\/\/blog.erm.ee\/?p=6904#breadcrumb","itemListElement":[{"@type":"ListItem","position":1,"name":"Home","item":"https:\/\/blog.erm.ee\/"},{"@type":"ListItem","position":2,"name":"Muuseum, kust ei tahagi lahkuda"}]},{"@type":"WebSite","@id":"https:\/\/blog.erm.ee\/#website","url":"https:\/\/blog.erm.ee\/","name":"Eesti Rahva Muuseumi ajaveeb","description":"","potentialAction":[{"@type":"SearchAction","target":{"@type":"EntryPoint","urlTemplate":"https:\/\/blog.erm.ee\/?s={search_term_string}"},"query-input":{"@type":"PropertyValueSpecification","valueRequired":true,"valueName":"search_term_string"}}],"inLanguage":"et"},{"@type":"Person","@id":"https:\/\/blog.erm.ee\/#\/schema\/person\/6e98c391cb00a33e7c22a3571e062114","name":"Eesti Rahva Muuseum","image":{"@type":"ImageObject","inLanguage":"et","@id":"https:\/\/secure.gravatar.com\/avatar\/cb6d9ad5fb49f3f7315028ce5fe60641075f2cb52b8a058ff5a985fa2d8c1da0?s=96&d=mm&r=g","url":"https:\/\/secure.gravatar.com\/avatar\/cb6d9ad5fb49f3f7315028ce5fe60641075f2cb52b8a058ff5a985fa2d8c1da0?s=96&d=mm&r=g","contentUrl":"https:\/\/secure.gravatar.com\/avatar\/cb6d9ad5fb49f3f7315028ce5fe60641075f2cb52b8a058ff5a985fa2d8c1da0?s=96&d=mm&r=g","caption":"Eesti Rahva Muuseum"},"sameAs":["http:\/\/www.erm.ee"],"url":"https:\/\/blog.erm.ee\/?author=1"}]}},"jetpack_featured_media_url":"https:\/\/blog.erm.ee\/wp-content\/uploads\/2015\/09\/1_suur.jpg","jetpack_shortlink":"https:\/\/wp.me\/p2l9Zd-1Nm","jetpack_sharing_enabled":true,"jetpack_likes_enabled":true,"_links":{"self":[{"href":"https:\/\/blog.erm.ee\/index.php?rest_route=\/wp\/v2\/posts\/6904","targetHints":{"allow":["GET"]}}],"collection":[{"href":"https:\/\/blog.erm.ee\/index.php?rest_route=\/wp\/v2\/posts"}],"about":[{"href":"https:\/\/blog.erm.ee\/index.php?rest_route=\/wp\/v2\/types\/post"}],"author":[{"embeddable":true,"href":"https:\/\/blog.erm.ee\/index.php?rest_route=\/wp\/v2\/users\/1"}],"replies":[{"embeddable":true,"href":"https:\/\/blog.erm.ee\/index.php?rest_route=%2Fwp%2Fv2%2Fcomments&post=6904"}],"version-history":[{"count":9,"href":"https:\/\/blog.erm.ee\/index.php?rest_route=\/wp\/v2\/posts\/6904\/revisions"}],"predecessor-version":[{"id":6935,"href":"https:\/\/blog.erm.ee\/index.php?rest_route=\/wp\/v2\/posts\/6904\/revisions\/6935"}],"wp:featuredmedia":[{"embeddable":true,"href":"https:\/\/blog.erm.ee\/index.php?rest_route=\/wp\/v2\/media\/6905"}],"wp:attachment":[{"href":"https:\/\/blog.erm.ee\/index.php?rest_route=%2Fwp%2Fv2%2Fmedia&parent=6904"}],"wp:term":[{"taxonomy":"category","embeddable":true,"href":"https:\/\/blog.erm.ee\/index.php?rest_route=%2Fwp%2Fv2%2Fcategories&post=6904"},{"taxonomy":"post_tag","embeddable":true,"href":"https:\/\/blog.erm.ee\/index.php?rest_route=%2Fwp%2Fv2%2Ftags&post=6904"}],"curies":[{"name":"wp","href":"https:\/\/api.w.org\/{rel}","templated":true}]}}