{"id":6881,"date":"2015-09-29T08:00:13","date_gmt":"2015-09-29T05:00:13","guid":{"rendered":"http:\/\/blog.erm.ee\/?p=6881"},"modified":"2015-09-29T08:42:52","modified_gmt":"2015-09-29T05:42:52","slug":"pildigalerii-viimane-pilk-eesti-rahva-muuseumi-pusinaitusele-eesti-maa-rahvas-kultuur","status":"publish","type":"post","link":"https:\/\/blog.erm.ee\/?p=6881","title":{"rendered":"Pildigalerii: viimane pilk Eesti Rahva Muuseumi p\u00fcsin\u00e4itusele &#8220;EESTI. Maa, rahvas, kultuur&#8221;"},"content":{"rendered":"<div class=\"fcbkbttn_buttons_block\" id=\"fcbkbttn_left\"><div class=\"fcbkbttn_like \"><fb:like href=\"https:\/\/blog.erm.ee\/?p=6881\" action=\"like\" colorscheme=\"light\" layout=\"standard\"  width=\"225px\" size=\"small\"><\/fb:like><\/div><div class=\"fb-share-button  \" data-href=\"https:\/\/blog.erm.ee\/?p=6881\" data-type=\"button\" data-size=\"small\"><\/div><\/div><p>Tekst: Mariliis Vaks, konservaator<br \/>\nFotod: Anu Ansu, Arp Karm, Berta Vosman<\/p>\n<p>Sellest suvest on ERMi kogud k\u00fclalisetele ajutiselt suletud, kuna varade kokkupakkimine ja kolimine Raadil valmivasse peahoonesse on alanud. Selleks aga, et s\u00fcndmustel pisutki pilku peal hoida, vahendame t\u00e4na kolimismeeleolulisi pildiet\u00fc\u00fcde ERMi fotograafide valikust:<\/p>\n<p><a href=\"https:\/\/blog.erm.ee\/wp-content\/uploads\/2015\/09\/aa0078.jpg\"><img loading=\"lazy\" decoding=\"async\" data-attachment-id=\"6883\" data-permalink=\"https:\/\/blog.erm.ee\/?attachment_id=6883#main\" data-orig-file=\"https:\/\/blog.erm.ee\/wp-content\/uploads\/2015\/09\/aa0078.jpg\" data-orig-size=\"1200,801\" data-comments-opened=\"1\" data-image-meta=\"{&quot;aperture&quot;:&quot;0&quot;,&quot;credit&quot;:&quot;&quot;,&quot;camera&quot;:&quot;&quot;,&quot;caption&quot;:&quot;&quot;,&quot;created_timestamp&quot;:&quot;1441017124&quot;,&quot;copyright&quot;:&quot;&quot;,&quot;focal_length&quot;:&quot;0&quot;,&quot;iso&quot;:&quot;0&quot;,&quot;shutter_speed&quot;:&quot;0&quot;,&quot;title&quot;:&quot;&quot;,&quot;orientation&quot;:&quot;0&quot;}\" data-image-title=\"aa0078\" data-image-description=\"\" data-image-caption=\"\" data-large-file=\"https:\/\/blog.erm.ee\/wp-content\/uploads\/2015\/09\/aa0078-1024x684.jpg\" class=\"alignnone size-large wp-image-6883\" src=\"https:\/\/blog.erm.ee\/wp-content\/uploads\/2015\/09\/aa0078-1024x684.jpg\" alt=\"aa0078\" width=\"700\" height=\"468\" srcset=\"https:\/\/blog.erm.ee\/wp-content\/uploads\/2015\/09\/aa0078-1024x684.jpg 1024w, https:\/\/blog.erm.ee\/wp-content\/uploads\/2015\/09\/aa0078-390x260.jpg 390w, https:\/\/blog.erm.ee\/wp-content\/uploads\/2015\/09\/aa0078-300x200.jpg 300w, https:\/\/blog.erm.ee\/wp-content\/uploads\/2015\/09\/aa0078.jpg 1200w\" sizes=\"auto, (max-width: 700px) 100vw, 700px\" \/><\/a><\/p>\n<p><em><strong>Foto 1<\/strong>: Lahtir\u00f5ivastatud mannekeenid m\u00f5juvad t\u00fchjas vitriinis \u00fcsna \u00fcksikult. Foto: Anu Ansu<\/em><\/p>\n<p><img loading=\"lazy\" decoding=\"async\" data-attachment-id=\"6882\" data-permalink=\"https:\/\/blog.erm.ee\/?attachment_id=6882#main\" data-orig-file=\"https:\/\/blog.erm.ee\/wp-content\/uploads\/2015\/09\/aa0071.jpg\" data-orig-size=\"1200,801\" data-comments-opened=\"1\" data-image-meta=\"{&quot;aperture&quot;:&quot;0&quot;,&quot;credit&quot;:&quot;&quot;,&quot;camera&quot;:&quot;&quot;,&quot;caption&quot;:&quot;&quot;,&quot;created_timestamp&quot;:&quot;1441016767&quot;,&quot;copyright&quot;:&quot;&quot;,&quot;focal_length&quot;:&quot;0&quot;,&quot;iso&quot;:&quot;0&quot;,&quot;shutter_speed&quot;:&quot;0&quot;,&quot;title&quot;:&quot;&quot;,&quot;orientation&quot;:&quot;0&quot;}\" data-image-title=\"aa0071\" data-image-description=\"\" data-image-caption=\"\" data-large-file=\"https:\/\/blog.erm.ee\/wp-content\/uploads\/2015\/09\/aa0071-1024x684.jpg\" class=\"alignnone size-large wp-image-6882\" src=\"https:\/\/blog.erm.ee\/wp-content\/uploads\/2015\/09\/aa0071-1024x684.jpg\" alt=\"aa0071\" width=\"700\" height=\"468\" srcset=\"https:\/\/blog.erm.ee\/wp-content\/uploads\/2015\/09\/aa0071-1024x684.jpg 1024w, https:\/\/blog.erm.ee\/wp-content\/uploads\/2015\/09\/aa0071-390x260.jpg 390w, https:\/\/blog.erm.ee\/wp-content\/uploads\/2015\/09\/aa0071-300x200.jpg 300w, https:\/\/blog.erm.ee\/wp-content\/uploads\/2015\/09\/aa0071.jpg 1200w\" sizes=\"auto, (max-width: 700px) 100vw, 700px\" \/><\/p>\n<p><em><strong>Foto 2<\/strong>: Kuhjad muudkui kasvavad. Foto: Anu Ansu<\/em><\/p>\n<p><a href=\"https:\/\/blog.erm.ee\/wp-content\/uploads\/2015\/09\/ak0027.jpg\"><img loading=\"lazy\" decoding=\"async\" data-attachment-id=\"6889\" data-permalink=\"https:\/\/blog.erm.ee\/?attachment_id=6889#main\" data-orig-file=\"https:\/\/blog.erm.ee\/wp-content\/uploads\/2015\/09\/ak0027.jpg\" data-orig-size=\"1200,801\" data-comments-opened=\"1\" data-image-meta=\"{&quot;aperture&quot;:&quot;0&quot;,&quot;credit&quot;:&quot;&quot;,&quot;camera&quot;:&quot;&quot;,&quot;caption&quot;:&quot;&quot;,&quot;created_timestamp&quot;:&quot;1436189785&quot;,&quot;copyright&quot;:&quot;\\u00a9 Arp Karm\/Eesti Rahva Muuseum 2015&quot;,&quot;focal_length&quot;:&quot;0&quot;,&quot;iso&quot;:&quot;0&quot;,&quot;shutter_speed&quot;:&quot;0&quot;,&quot;title&quot;:&quot;&quot;,&quot;orientation&quot;:&quot;0&quot;}\" data-image-title=\"ak0027\" data-image-description=\"\" data-image-caption=\"\" data-large-file=\"https:\/\/blog.erm.ee\/wp-content\/uploads\/2015\/09\/ak0027-1024x684.jpg\" class=\"alignnone size-large wp-image-6889\" src=\"https:\/\/blog.erm.ee\/wp-content\/uploads\/2015\/09\/ak0027-1024x684.jpg\" alt=\"ak0027\" width=\"700\" height=\"468\" srcset=\"https:\/\/blog.erm.ee\/wp-content\/uploads\/2015\/09\/ak0027-1024x684.jpg 1024w, https:\/\/blog.erm.ee\/wp-content\/uploads\/2015\/09\/ak0027-390x260.jpg 390w, https:\/\/blog.erm.ee\/wp-content\/uploads\/2015\/09\/ak0027-300x200.jpg 300w, https:\/\/blog.erm.ee\/wp-content\/uploads\/2015\/09\/ak0027.jpg 1200w\" sizes=\"auto, (max-width: 700px) 100vw, 700px\" \/><\/a><\/p>\n<p><a href=\"https:\/\/blog.erm.ee\/wp-content\/uploads\/2015\/09\/ak0022.jpg\"><img loading=\"lazy\" decoding=\"async\" data-attachment-id=\"6887\" data-permalink=\"https:\/\/blog.erm.ee\/?attachment_id=6887#main\" data-orig-file=\"https:\/\/blog.erm.ee\/wp-content\/uploads\/2015\/09\/ak0022.jpg\" data-orig-size=\"1200,801\" data-comments-opened=\"1\" data-image-meta=\"{&quot;aperture&quot;:&quot;0&quot;,&quot;credit&quot;:&quot;&quot;,&quot;camera&quot;:&quot;&quot;,&quot;caption&quot;:&quot;&quot;,&quot;created_timestamp&quot;:&quot;1436189521&quot;,&quot;copyright&quot;:&quot;\\u00a9 Arp Karm\/Eesti Rahva Muuseum 2015&quot;,&quot;focal_length&quot;:&quot;0&quot;,&quot;iso&quot;:&quot;0&quot;,&quot;shutter_speed&quot;:&quot;0&quot;,&quot;title&quot;:&quot;&quot;,&quot;orientation&quot;:&quot;0&quot;}\" data-image-title=\"ak0022\" data-image-description=\"\" data-image-caption=\"\" data-large-file=\"https:\/\/blog.erm.ee\/wp-content\/uploads\/2015\/09\/ak0022-1024x684.jpg\" class=\"alignnone size-large wp-image-6887\" src=\"https:\/\/blog.erm.ee\/wp-content\/uploads\/2015\/09\/ak0022-1024x684.jpg\" alt=\"ak0022\" width=\"700\" height=\"468\" srcset=\"https:\/\/blog.erm.ee\/wp-content\/uploads\/2015\/09\/ak0022-1024x684.jpg 1024w, https:\/\/blog.erm.ee\/wp-content\/uploads\/2015\/09\/ak0022-390x260.jpg 390w, https:\/\/blog.erm.ee\/wp-content\/uploads\/2015\/09\/ak0022-300x200.jpg 300w, https:\/\/blog.erm.ee\/wp-content\/uploads\/2015\/09\/ak0022.jpg 1200w\" sizes=\"auto, (max-width: 700px) 100vw, 700px\" \/><\/a><\/p>\n<p><em><strong>Fotod 3, 4<\/strong>: T\u00dc Viljandi Kulturiakadeemia tudengid Indrek Ikkonen ja Anna-Maria Kaseoja korjavad seinalt t\u00f6\u00f6riistu kokku. Foto: Arp Karm<\/em><\/p>\n<p><a href=\"https:\/\/blog.erm.ee\/wp-content\/uploads\/2015\/09\/ak0043.jpg\"><img loading=\"lazy\" decoding=\"async\" data-attachment-id=\"6891\" data-permalink=\"https:\/\/blog.erm.ee\/?attachment_id=6891#main\" data-orig-file=\"https:\/\/blog.erm.ee\/wp-content\/uploads\/2015\/09\/ak0043.jpg\" data-orig-size=\"1200,801\" data-comments-opened=\"1\" data-image-meta=\"{&quot;aperture&quot;:&quot;0&quot;,&quot;credit&quot;:&quot;&quot;,&quot;camera&quot;:&quot;&quot;,&quot;caption&quot;:&quot;&quot;,&quot;created_timestamp&quot;:&quot;1436190441&quot;,&quot;copyright&quot;:&quot;\\u00a9 Arp Karm\/Eesti Rahva Muuseum 2015&quot;,&quot;focal_length&quot;:&quot;0&quot;,&quot;iso&quot;:&quot;0&quot;,&quot;shutter_speed&quot;:&quot;0&quot;,&quot;title&quot;:&quot;&quot;,&quot;orientation&quot;:&quot;0&quot;}\" data-image-title=\"ak0043\" data-image-description=\"\" data-image-caption=\"\" data-large-file=\"https:\/\/blog.erm.ee\/wp-content\/uploads\/2015\/09\/ak0043-1024x684.jpg\" class=\"alignnone size-large wp-image-6891\" src=\"https:\/\/blog.erm.ee\/wp-content\/uploads\/2015\/09\/ak0043-1024x684.jpg\" alt=\"ak0043\" width=\"700\" height=\"468\" srcset=\"https:\/\/blog.erm.ee\/wp-content\/uploads\/2015\/09\/ak0043-1024x684.jpg 1024w, https:\/\/blog.erm.ee\/wp-content\/uploads\/2015\/09\/ak0043-390x260.jpg 390w, https:\/\/blog.erm.ee\/wp-content\/uploads\/2015\/09\/ak0043-300x200.jpg 300w, https:\/\/blog.erm.ee\/wp-content\/uploads\/2015\/09\/ak0043.jpg 1200w\" sizes=\"auto, (max-width: 700px) 100vw, 700px\" \/><\/a><\/p>\n<p><em><strong>Foto 5<\/strong>: Koguhoidja \u00dclle J\u00e4e riietab lahti rahvar\u00f5ivais nukku. Foto: Arp Karm<\/em><\/p>\n<p><a href=\"https:\/\/blog.erm.ee\/wp-content\/uploads\/2015\/09\/ak0045.jpg\"><img loading=\"lazy\" decoding=\"async\" data-attachment-id=\"6892\" data-permalink=\"https:\/\/blog.erm.ee\/?attachment_id=6892#main\" data-orig-file=\"https:\/\/blog.erm.ee\/wp-content\/uploads\/2015\/09\/ak0045.jpg\" data-orig-size=\"1200,801\" data-comments-opened=\"1\" data-image-meta=\"{&quot;aperture&quot;:&quot;0&quot;,&quot;credit&quot;:&quot;&quot;,&quot;camera&quot;:&quot;&quot;,&quot;caption&quot;:&quot;&quot;,&quot;created_timestamp&quot;:&quot;1436190483&quot;,&quot;copyright&quot;:&quot;\\u00a9 Arp Karm\/Eesti Rahva Muuseum 2015&quot;,&quot;focal_length&quot;:&quot;0&quot;,&quot;iso&quot;:&quot;0&quot;,&quot;shutter_speed&quot;:&quot;0&quot;,&quot;title&quot;:&quot;&quot;,&quot;orientation&quot;:&quot;0&quot;}\" data-image-title=\"ak0045\" data-image-description=\"\" data-image-caption=\"\" data-large-file=\"https:\/\/blog.erm.ee\/wp-content\/uploads\/2015\/09\/ak0045-1024x684.jpg\" class=\"alignnone size-large wp-image-6892\" src=\"https:\/\/blog.erm.ee\/wp-content\/uploads\/2015\/09\/ak0045-1024x684.jpg\" alt=\"ak0045\" width=\"700\" height=\"468\" srcset=\"https:\/\/blog.erm.ee\/wp-content\/uploads\/2015\/09\/ak0045-1024x684.jpg 1024w, https:\/\/blog.erm.ee\/wp-content\/uploads\/2015\/09\/ak0045-390x260.jpg 390w, https:\/\/blog.erm.ee\/wp-content\/uploads\/2015\/09\/ak0045-300x200.jpg 300w, https:\/\/blog.erm.ee\/wp-content\/uploads\/2015\/09\/ak0045.jpg 1200w\" sizes=\"auto, (max-width: 700px) 100vw, 700px\" \/><\/a><\/p>\n<p><em><strong>Foto 6<\/strong>: Koguhoidja Maire Kuningas hoolitseb selle eest, et mannekeenide seljas olnud riideesemed kontrollitud ja pakitud saaksid. Foto: Arp Karm<br \/>\n<\/em><br \/>\n<a href=\"https:\/\/blog.erm.ee\/wp-content\/uploads\/2015\/09\/ak0049.jpg\"><img loading=\"lazy\" decoding=\"async\" data-attachment-id=\"6893\" data-permalink=\"https:\/\/blog.erm.ee\/?attachment_id=6893#main\" data-orig-file=\"https:\/\/blog.erm.ee\/wp-content\/uploads\/2015\/09\/ak0049.jpg\" data-orig-size=\"1200,801\" data-comments-opened=\"1\" data-image-meta=\"{&quot;aperture&quot;:&quot;0&quot;,&quot;credit&quot;:&quot;&quot;,&quot;camera&quot;:&quot;&quot;,&quot;caption&quot;:&quot;&quot;,&quot;created_timestamp&quot;:&quot;1436190667&quot;,&quot;copyright&quot;:&quot;\\u00a9 Arp Karm\/Eesti Rahva Muuseum 2015&quot;,&quot;focal_length&quot;:&quot;0&quot;,&quot;iso&quot;:&quot;0&quot;,&quot;shutter_speed&quot;:&quot;0&quot;,&quot;title&quot;:&quot;&quot;,&quot;orientation&quot;:&quot;0&quot;}\" data-image-title=\"ak0049\" data-image-description=\"\" data-image-caption=\"\" data-large-file=\"https:\/\/blog.erm.ee\/wp-content\/uploads\/2015\/09\/ak0049-1024x684.jpg\" class=\"alignnone size-large wp-image-6893\" src=\"https:\/\/blog.erm.ee\/wp-content\/uploads\/2015\/09\/ak0049-1024x684.jpg\" alt=\"ak0049\" width=\"700\" height=\"468\" srcset=\"https:\/\/blog.erm.ee\/wp-content\/uploads\/2015\/09\/ak0049-1024x684.jpg 1024w, https:\/\/blog.erm.ee\/wp-content\/uploads\/2015\/09\/ak0049-390x260.jpg 390w, https:\/\/blog.erm.ee\/wp-content\/uploads\/2015\/09\/ak0049-300x200.jpg 300w, https:\/\/blog.erm.ee\/wp-content\/uploads\/2015\/09\/ak0049.jpg 1200w\" sizes=\"auto, (max-width: 700px) 100vw, 700px\" \/><\/a><\/p>\n<p><em><strong>Foto 7<\/strong>: Filmi- ja videostuudio juhataja Maido Selgm\u00e4e dokumenteerib, kuidas peavarahoidja Riina Reinvelt k\u00e4pikuid pakib. Foto: Arp Karm <\/em><\/p>\n<p><a href=\"https:\/\/blog.erm.ee\/wp-content\/uploads\/2015\/09\/bv0081.jpg\"><img loading=\"lazy\" decoding=\"async\" data-attachment-id=\"6894\" data-permalink=\"https:\/\/blog.erm.ee\/?attachment_id=6894#main\" data-orig-file=\"https:\/\/blog.erm.ee\/wp-content\/uploads\/2015\/09\/bv0081.jpg\" data-orig-size=\"1200,801\" data-comments-opened=\"1\" data-image-meta=\"{&quot;aperture&quot;:&quot;0&quot;,&quot;credit&quot;:&quot;&quot;,&quot;camera&quot;:&quot;&quot;,&quot;caption&quot;:&quot;&quot;,&quot;created_timestamp&quot;:&quot;1441019632&quot;,&quot;copyright&quot;:&quot;&quot;,&quot;focal_length&quot;:&quot;0&quot;,&quot;iso&quot;:&quot;0&quot;,&quot;shutter_speed&quot;:&quot;0&quot;,&quot;title&quot;:&quot;&quot;,&quot;orientation&quot;:&quot;0&quot;}\" data-image-title=\"bv0081\" data-image-description=\"\" data-image-caption=\"\" data-large-file=\"https:\/\/blog.erm.ee\/wp-content\/uploads\/2015\/09\/bv0081-1024x684.jpg\" class=\"alignnone size-large wp-image-6894\" src=\"https:\/\/blog.erm.ee\/wp-content\/uploads\/2015\/09\/bv0081-1024x684.jpg\" alt=\"bv0081\" width=\"700\" height=\"468\" srcset=\"https:\/\/blog.erm.ee\/wp-content\/uploads\/2015\/09\/bv0081-1024x684.jpg 1024w, https:\/\/blog.erm.ee\/wp-content\/uploads\/2015\/09\/bv0081-390x260.jpg 390w, https:\/\/blog.erm.ee\/wp-content\/uploads\/2015\/09\/bv0081-300x200.jpg 300w, https:\/\/blog.erm.ee\/wp-content\/uploads\/2015\/09\/bv0081.jpg 1200w\" sizes=\"auto, (max-width: 700px) 100vw, 700px\" \/><\/a><\/p>\n<p><a href=\"https:\/\/blog.erm.ee\/wp-content\/uploads\/2015\/09\/bv0097.jpg\"><img loading=\"lazy\" decoding=\"async\" data-attachment-id=\"6895\" data-permalink=\"https:\/\/blog.erm.ee\/?attachment_id=6895#main\" data-orig-file=\"https:\/\/blog.erm.ee\/wp-content\/uploads\/2015\/09\/bv0097.jpg\" data-orig-size=\"1200,801\" data-comments-opened=\"1\" data-image-meta=\"{&quot;aperture&quot;:&quot;0&quot;,&quot;credit&quot;:&quot;&quot;,&quot;camera&quot;:&quot;&quot;,&quot;caption&quot;:&quot;&quot;,&quot;created_timestamp&quot;:&quot;1441019999&quot;,&quot;copyright&quot;:&quot;&quot;,&quot;focal_length&quot;:&quot;0&quot;,&quot;iso&quot;:&quot;0&quot;,&quot;shutter_speed&quot;:&quot;0&quot;,&quot;title&quot;:&quot;&quot;,&quot;orientation&quot;:&quot;0&quot;}\" data-image-title=\"bv0097\" data-image-description=\"\" data-image-caption=\"\" data-large-file=\"https:\/\/blog.erm.ee\/wp-content\/uploads\/2015\/09\/bv0097-1024x684.jpg\" class=\"alignnone size-large wp-image-6895\" src=\"https:\/\/blog.erm.ee\/wp-content\/uploads\/2015\/09\/bv0097-1024x684.jpg\" alt=\"bv0097\" width=\"700\" height=\"468\" srcset=\"https:\/\/blog.erm.ee\/wp-content\/uploads\/2015\/09\/bv0097-1024x684.jpg 1024w, https:\/\/blog.erm.ee\/wp-content\/uploads\/2015\/09\/bv0097-390x260.jpg 390w, https:\/\/blog.erm.ee\/wp-content\/uploads\/2015\/09\/bv0097-300x200.jpg 300w, https:\/\/blog.erm.ee\/wp-content\/uploads\/2015\/09\/bv0097.jpg 1200w\" sizes=\"auto, (max-width: 700px) 100vw, 700px\" \/><\/a><\/p>\n<p><em><strong>Foto 8, 9<\/strong>: Vaated n\u00e4itusesaalile &#8211; rehetalu-alune varandus on kokku kraabitud, seinad t\u00fchjaks tehtud ja tutvustavad plagud maas. Foto: Berta Vosman <\/em><\/p>\n<p><a href=\"https:\/\/blog.erm.ee\/wp-content\/uploads\/2015\/09\/bv0124_01.jpg\"><img loading=\"lazy\" decoding=\"async\" data-attachment-id=\"6896\" data-permalink=\"https:\/\/blog.erm.ee\/?attachment_id=6896#main\" data-orig-file=\"https:\/\/blog.erm.ee\/wp-content\/uploads\/2015\/09\/bv0124_01.jpg\" data-orig-size=\"801,1200\" data-comments-opened=\"1\" data-image-meta=\"{&quot;aperture&quot;:&quot;0&quot;,&quot;credit&quot;:&quot;&quot;,&quot;camera&quot;:&quot;&quot;,&quot;caption&quot;:&quot;&quot;,&quot;created_timestamp&quot;:&quot;1441020726&quot;,&quot;copyright&quot;:&quot;&quot;,&quot;focal_length&quot;:&quot;0&quot;,&quot;iso&quot;:&quot;0&quot;,&quot;shutter_speed&quot;:&quot;0&quot;,&quot;title&quot;:&quot;&quot;,&quot;orientation&quot;:&quot;0&quot;}\" data-image-title=\"bv0124_01\" data-image-description=\"\" data-image-caption=\"\" data-large-file=\"https:\/\/blog.erm.ee\/wp-content\/uploads\/2015\/09\/bv0124_01-684x1024.jpg\" class=\"alignnone size-large wp-image-6896\" src=\"https:\/\/blog.erm.ee\/wp-content\/uploads\/2015\/09\/bv0124_01-684x1024.jpg\" alt=\"bv0124_01\" width=\"684\" height=\"1024\" srcset=\"https:\/\/blog.erm.ee\/wp-content\/uploads\/2015\/09\/bv0124_01-684x1024.jpg 684w, https:\/\/blog.erm.ee\/wp-content\/uploads\/2015\/09\/bv0124_01-174x260.jpg 174w, https:\/\/blog.erm.ee\/wp-content\/uploads\/2015\/09\/bv0124_01-200x300.jpg 200w, https:\/\/blog.erm.ee\/wp-content\/uploads\/2015\/09\/bv0124_01.jpg 801w\" sizes=\"auto, (max-width: 684px) 100vw, 684px\" \/><\/a><\/p>\n<p><em><strong>Foto 10<\/strong>: Lahtiriietatud nukud aina kuhjuvad. Foto: Berta Vosman<br \/>\n<\/em><\/p>\n<p><a href=\"https:\/\/blog.erm.ee\/wp-content\/uploads\/2015\/09\/bv0172.jpg\"><img loading=\"lazy\" decoding=\"async\" data-attachment-id=\"6899\" data-permalink=\"https:\/\/blog.erm.ee\/?attachment_id=6899#main\" data-orig-file=\"https:\/\/blog.erm.ee\/wp-content\/uploads\/2015\/09\/bv0172.jpg\" data-orig-size=\"1200,801\" data-comments-opened=\"1\" data-image-meta=\"{&quot;aperture&quot;:&quot;0&quot;,&quot;credit&quot;:&quot;&quot;,&quot;camera&quot;:&quot;&quot;,&quot;caption&quot;:&quot;&quot;,&quot;created_timestamp&quot;:&quot;1442322407&quot;,&quot;copyright&quot;:&quot;&quot;,&quot;focal_length&quot;:&quot;0&quot;,&quot;iso&quot;:&quot;0&quot;,&quot;shutter_speed&quot;:&quot;0&quot;,&quot;title&quot;:&quot;&quot;,&quot;orientation&quot;:&quot;0&quot;}\" data-image-title=\"bv0172\" data-image-description=\"\" data-image-caption=\"\" data-large-file=\"https:\/\/blog.erm.ee\/wp-content\/uploads\/2015\/09\/bv0172-1024x684.jpg\" class=\"alignnone size-large wp-image-6899\" src=\"https:\/\/blog.erm.ee\/wp-content\/uploads\/2015\/09\/bv0172-1024x684.jpg\" alt=\"bv0172\" width=\"700\" height=\"468\" srcset=\"https:\/\/blog.erm.ee\/wp-content\/uploads\/2015\/09\/bv0172-1024x684.jpg 1024w, https:\/\/blog.erm.ee\/wp-content\/uploads\/2015\/09\/bv0172-390x260.jpg 390w, https:\/\/blog.erm.ee\/wp-content\/uploads\/2015\/09\/bv0172-300x200.jpg 300w, https:\/\/blog.erm.ee\/wp-content\/uploads\/2015\/09\/bv0172.jpg 1200w\" sizes=\"auto, (max-width: 700px) 100vw, 700px\" \/><\/a><\/p>\n<p><em><strong>Foto 11<\/strong>: N\u00e4itusesaali \u00fchte nurka on \u00fcles seatud fotostuudio, kus k\u00f5ik museaalid \u00fcles pildistatakse. Foto: Anu Ansu<br \/>\n<\/em><\/p>\n<div class=\"fcbkbttn_buttons_block\" id=\"fcbkbttn_left\"><div class=\"fcbkbttn_like \"><fb:like href=\"https:\/\/blog.erm.ee\/?p=6881\" action=\"like\" colorscheme=\"light\" layout=\"standard\"  width=\"225px\" size=\"small\"><\/fb:like><\/div><div class=\"fb-share-button  \" data-href=\"https:\/\/blog.erm.ee\/?p=6881\" data-type=\"button\" data-size=\"small\"><\/div><\/div>","protected":false},"excerpt":{"rendered":"<p>Tekst: Mariliis Vaks, konservaator Fotod: Anu Ansu, Arp Karm, Berta Vosman Sellest suvest on ERMi kogud k\u00fclalisetele ajutiselt suletud, kuna varade kokkupakkimine ja kolimine Raadil valmivasse peahoonesse on alanud. Selleks aga, et s\u00fcndmustel pisutki pilku peal hoida, vahendame t\u00e4na kolimismeeleolulisi pildiet\u00fc\u00fcde ERMi fotograafide valikust: Foto 1: Lahtir\u00f5ivastatud mannekeenid m\u00f5juvad t\u00fchjas vitriinis \u00fcsna \u00fcksikult. Foto: Anu&hellip;<\/p>\n","protected":false},"author":1,"featured_media":6882,"comment_status":"open","ping_status":"open","sticky":false,"template":"","format":"link","meta":{"_monsterinsights_skip_tracking":false,"_monsterinsights_sitenote_active":false,"_monsterinsights_sitenote_note":"","_monsterinsights_sitenote_category":0,"jetpack_post_was_ever_published":false,"_jetpack_newsletter_access":"","_jetpack_dont_email_post_to_subs":false,"_jetpack_newsletter_tier_id":0,"_jetpack_memberships_contains_paywalled_content":false,"_jetpack_memberships_contains_paid_content":false,"footnotes":""},"categories":[7],"tags":[],"class_list":["post-6881","post","type-post","status-publish","format-link","has-post-thumbnail","hentry","category-naitus","post_format-post-format-link"],"yoast_head":"<!-- This site is optimized with the Yoast SEO plugin v27.5 - https:\/\/yoast.com\/product\/yoast-seo-wordpress\/ -->\n<title>Pildigalerii: viimane pilk Eesti Rahva Muuseumi p\u00fcsin\u00e4itusele &quot;EESTI. Maa, rahvas, kultuur&quot; - Eesti Rahva Muuseumi ajaveeb<\/title>\n<meta name=\"robots\" content=\"index, follow, max-snippet:-1, max-image-preview:large, max-video-preview:-1\" \/>\n<link rel=\"canonical\" href=\"https:\/\/blog.erm.ee\/?p=6881\" \/>\n<meta property=\"og:locale\" content=\"et_EE\" \/>\n<meta property=\"og:type\" content=\"article\" \/>\n<meta property=\"og:title\" content=\"Pildigalerii: viimane pilk Eesti Rahva Muuseumi p\u00fcsin\u00e4itusele &quot;EESTI. Maa, rahvas, kultuur&quot; - Eesti Rahva Muuseumi ajaveeb\" \/>\n<meta property=\"og:description\" content=\"Tekst: Mariliis Vaks, konservaator Fotod: Anu Ansu, Arp Karm, Berta Vosman Sellest suvest on ERMi kogud k\u00fclalisetele ajutiselt suletud, kuna varade kokkupakkimine ja kolimine Raadil valmivasse peahoonesse on alanud. Selleks aga, et s\u00fcndmustel pisutki pilku peal hoida, vahendame t\u00e4na kolimismeeleolulisi pildiet\u00fc\u00fcde ERMi fotograafide valikust: Foto 1: Lahtir\u00f5ivastatud mannekeenid m\u00f5juvad t\u00fchjas vitriinis \u00fcsna \u00fcksikult. Foto: Anu&hellip;\" \/>\n<meta property=\"og:url\" content=\"https:\/\/blog.erm.ee\/?p=6881\" \/>\n<meta property=\"og:site_name\" content=\"Eesti Rahva Muuseumi ajaveeb\" \/>\n<meta property=\"article:published_time\" content=\"2015-09-29T05:00:13+00:00\" \/>\n<meta property=\"article:modified_time\" content=\"2015-09-29T05:42:52+00:00\" \/>\n<meta property=\"og:image\" content=\"https:\/\/blog.erm.ee\/wp-content\/uploads\/2015\/09\/aa0071.jpg\" \/>\n\t<meta property=\"og:image:width\" content=\"1200\" \/>\n\t<meta property=\"og:image:height\" content=\"801\" \/>\n\t<meta property=\"og:image:type\" content=\"image\/jpeg\" \/>\n<meta name=\"author\" content=\"Eesti Rahva Muuseum\" \/>\n<meta name=\"twitter:card\" content=\"summary_large_image\" \/>\n<meta name=\"twitter:label1\" content=\"Written by\" \/>\n\t<meta name=\"twitter:data1\" content=\"Eesti Rahva Muuseum\" \/>\n\t<meta name=\"twitter:label2\" content=\"Est. reading time\" \/>\n\t<meta name=\"twitter:data2\" content=\"1 minut\" \/>\n<script type=\"application\/ld+json\" class=\"yoast-schema-graph\">{\"@context\":\"https:\\\/\\\/schema.org\",\"@graph\":[{\"@type\":\"Article\",\"@id\":\"https:\\\/\\\/blog.erm.ee\\\/?p=6881#article\",\"isPartOf\":{\"@id\":\"https:\\\/\\\/blog.erm.ee\\\/?p=6881\"},\"author\":{\"name\":\"Eesti Rahva Muuseum\",\"@id\":\"https:\\\/\\\/blog.erm.ee\\\/#\\\/schema\\\/person\\\/6e98c391cb00a33e7c22a3571e062114\"},\"headline\":\"Pildigalerii: viimane pilk Eesti Rahva Muuseumi p\u00fcsin\u00e4itusele &#8220;EESTI. Maa, rahvas, kultuur&#8221;\",\"datePublished\":\"2015-09-29T05:00:13+00:00\",\"dateModified\":\"2015-09-29T05:42:52+00:00\",\"mainEntityOfPage\":{\"@id\":\"https:\\\/\\\/blog.erm.ee\\\/?p=6881\"},\"wordCount\":198,\"commentCount\":0,\"image\":{\"@id\":\"https:\\\/\\\/blog.erm.ee\\\/?p=6881#primaryimage\"},\"thumbnailUrl\":\"https:\\\/\\\/blog.erm.ee\\\/wp-content\\\/uploads\\\/2015\\\/09\\\/aa0071.jpg\",\"articleSection\":[\"N\u00e4itus\"],\"inLanguage\":\"et\",\"potentialAction\":[{\"@type\":\"CommentAction\",\"name\":\"Comment\",\"target\":[\"https:\\\/\\\/blog.erm.ee\\\/?p=6881#respond\"]}]},{\"@type\":\"WebPage\",\"@id\":\"https:\\\/\\\/blog.erm.ee\\\/?p=6881\",\"url\":\"https:\\\/\\\/blog.erm.ee\\\/?p=6881\",\"name\":\"Pildigalerii: viimane pilk Eesti Rahva Muuseumi p\u00fcsin\u00e4itusele \\\"EESTI. Maa, rahvas, kultuur\\\" - Eesti Rahva Muuseumi ajaveeb\",\"isPartOf\":{\"@id\":\"https:\\\/\\\/blog.erm.ee\\\/#website\"},\"primaryImageOfPage\":{\"@id\":\"https:\\\/\\\/blog.erm.ee\\\/?p=6881#primaryimage\"},\"image\":{\"@id\":\"https:\\\/\\\/blog.erm.ee\\\/?p=6881#primaryimage\"},\"thumbnailUrl\":\"https:\\\/\\\/blog.erm.ee\\\/wp-content\\\/uploads\\\/2015\\\/09\\\/aa0071.jpg\",\"datePublished\":\"2015-09-29T05:00:13+00:00\",\"dateModified\":\"2015-09-29T05:42:52+00:00\",\"author\":{\"@id\":\"https:\\\/\\\/blog.erm.ee\\\/#\\\/schema\\\/person\\\/6e98c391cb00a33e7c22a3571e062114\"},\"breadcrumb\":{\"@id\":\"https:\\\/\\\/blog.erm.ee\\\/?p=6881#breadcrumb\"},\"inLanguage\":\"et\",\"potentialAction\":[{\"@type\":\"ReadAction\",\"target\":[\"https:\\\/\\\/blog.erm.ee\\\/?p=6881\"]}]},{\"@type\":\"ImageObject\",\"inLanguage\":\"et\",\"@id\":\"https:\\\/\\\/blog.erm.ee\\\/?p=6881#primaryimage\",\"url\":\"https:\\\/\\\/blog.erm.ee\\\/wp-content\\\/uploads\\\/2015\\\/09\\\/aa0071.jpg\",\"contentUrl\":\"https:\\\/\\\/blog.erm.ee\\\/wp-content\\\/uploads\\\/2015\\\/09\\\/aa0071.jpg\",\"width\":1200,\"height\":801},{\"@type\":\"BreadcrumbList\",\"@id\":\"https:\\\/\\\/blog.erm.ee\\\/?p=6881#breadcrumb\",\"itemListElement\":[{\"@type\":\"ListItem\",\"position\":1,\"name\":\"Home\",\"item\":\"https:\\\/\\\/blog.erm.ee\\\/\"},{\"@type\":\"ListItem\",\"position\":2,\"name\":\"Pildigalerii: viimane pilk Eesti Rahva Muuseumi p\u00fcsin\u00e4itusele &#8220;EESTI. Maa, rahvas, kultuur&#8221;\"}]},{\"@type\":\"WebSite\",\"@id\":\"https:\\\/\\\/blog.erm.ee\\\/#website\",\"url\":\"https:\\\/\\\/blog.erm.ee\\\/\",\"name\":\"Eesti Rahva Muuseumi ajaveeb\",\"description\":\"\",\"potentialAction\":[{\"@type\":\"SearchAction\",\"target\":{\"@type\":\"EntryPoint\",\"urlTemplate\":\"https:\\\/\\\/blog.erm.ee\\\/?s={search_term_string}\"},\"query-input\":{\"@type\":\"PropertyValueSpecification\",\"valueRequired\":true,\"valueName\":\"search_term_string\"}}],\"inLanguage\":\"et\"},{\"@type\":\"Person\",\"@id\":\"https:\\\/\\\/blog.erm.ee\\\/#\\\/schema\\\/person\\\/6e98c391cb00a33e7c22a3571e062114\",\"name\":\"Eesti Rahva Muuseum\",\"image\":{\"@type\":\"ImageObject\",\"inLanguage\":\"et\",\"@id\":\"https:\\\/\\\/secure.gravatar.com\\\/avatar\\\/cb6d9ad5fb49f3f7315028ce5fe60641075f2cb52b8a058ff5a985fa2d8c1da0?s=96&d=mm&r=g\",\"url\":\"https:\\\/\\\/secure.gravatar.com\\\/avatar\\\/cb6d9ad5fb49f3f7315028ce5fe60641075f2cb52b8a058ff5a985fa2d8c1da0?s=96&d=mm&r=g\",\"contentUrl\":\"https:\\\/\\\/secure.gravatar.com\\\/avatar\\\/cb6d9ad5fb49f3f7315028ce5fe60641075f2cb52b8a058ff5a985fa2d8c1da0?s=96&d=mm&r=g\",\"caption\":\"Eesti Rahva Muuseum\"},\"sameAs\":[\"http:\\\/\\\/www.erm.ee\"],\"url\":\"https:\\\/\\\/blog.erm.ee\\\/?author=1\"}]}<\/script>\n<!-- \/ Yoast SEO plugin. -->","yoast_head_json":{"title":"Pildigalerii: viimane pilk Eesti Rahva Muuseumi p\u00fcsin\u00e4itusele \"EESTI. Maa, rahvas, kultuur\" - Eesti Rahva Muuseumi ajaveeb","robots":{"index":"index","follow":"follow","max-snippet":"max-snippet:-1","max-image-preview":"max-image-preview:large","max-video-preview":"max-video-preview:-1"},"canonical":"https:\/\/blog.erm.ee\/?p=6881","og_locale":"et_EE","og_type":"article","og_title":"Pildigalerii: viimane pilk Eesti Rahva Muuseumi p\u00fcsin\u00e4itusele \"EESTI. Maa, rahvas, kultuur\" - Eesti Rahva Muuseumi ajaveeb","og_description":"Tekst: Mariliis Vaks, konservaator Fotod: Anu Ansu, Arp Karm, Berta Vosman Sellest suvest on ERMi kogud k\u00fclalisetele ajutiselt suletud, kuna varade kokkupakkimine ja kolimine Raadil valmivasse peahoonesse on alanud. Selleks aga, et s\u00fcndmustel pisutki pilku peal hoida, vahendame t\u00e4na kolimismeeleolulisi pildiet\u00fc\u00fcde ERMi fotograafide valikust: Foto 1: Lahtir\u00f5ivastatud mannekeenid m\u00f5juvad t\u00fchjas vitriinis \u00fcsna \u00fcksikult. Foto: Anu&hellip;","og_url":"https:\/\/blog.erm.ee\/?p=6881","og_site_name":"Eesti Rahva Muuseumi ajaveeb","article_published_time":"2015-09-29T05:00:13+00:00","article_modified_time":"2015-09-29T05:42:52+00:00","og_image":[{"width":1200,"height":801,"url":"https:\/\/blog.erm.ee\/wp-content\/uploads\/2015\/09\/aa0071.jpg","type":"image\/jpeg"}],"author":"Eesti Rahva Muuseum","twitter_card":"summary_large_image","twitter_misc":{"Written by":"Eesti Rahva Muuseum","Est. reading time":"1 minut"},"schema":{"@context":"https:\/\/schema.org","@graph":[{"@type":"Article","@id":"https:\/\/blog.erm.ee\/?p=6881#article","isPartOf":{"@id":"https:\/\/blog.erm.ee\/?p=6881"},"author":{"name":"Eesti Rahva Muuseum","@id":"https:\/\/blog.erm.ee\/#\/schema\/person\/6e98c391cb00a33e7c22a3571e062114"},"headline":"Pildigalerii: viimane pilk Eesti Rahva Muuseumi p\u00fcsin\u00e4itusele &#8220;EESTI. Maa, rahvas, kultuur&#8221;","datePublished":"2015-09-29T05:00:13+00:00","dateModified":"2015-09-29T05:42:52+00:00","mainEntityOfPage":{"@id":"https:\/\/blog.erm.ee\/?p=6881"},"wordCount":198,"commentCount":0,"image":{"@id":"https:\/\/blog.erm.ee\/?p=6881#primaryimage"},"thumbnailUrl":"https:\/\/blog.erm.ee\/wp-content\/uploads\/2015\/09\/aa0071.jpg","articleSection":["N\u00e4itus"],"inLanguage":"et","potentialAction":[{"@type":"CommentAction","name":"Comment","target":["https:\/\/blog.erm.ee\/?p=6881#respond"]}]},{"@type":"WebPage","@id":"https:\/\/blog.erm.ee\/?p=6881","url":"https:\/\/blog.erm.ee\/?p=6881","name":"Pildigalerii: viimane pilk Eesti Rahva Muuseumi p\u00fcsin\u00e4itusele \"EESTI. Maa, rahvas, kultuur\" - Eesti Rahva Muuseumi ajaveeb","isPartOf":{"@id":"https:\/\/blog.erm.ee\/#website"},"primaryImageOfPage":{"@id":"https:\/\/blog.erm.ee\/?p=6881#primaryimage"},"image":{"@id":"https:\/\/blog.erm.ee\/?p=6881#primaryimage"},"thumbnailUrl":"https:\/\/blog.erm.ee\/wp-content\/uploads\/2015\/09\/aa0071.jpg","datePublished":"2015-09-29T05:00:13+00:00","dateModified":"2015-09-29T05:42:52+00:00","author":{"@id":"https:\/\/blog.erm.ee\/#\/schema\/person\/6e98c391cb00a33e7c22a3571e062114"},"breadcrumb":{"@id":"https:\/\/blog.erm.ee\/?p=6881#breadcrumb"},"inLanguage":"et","potentialAction":[{"@type":"ReadAction","target":["https:\/\/blog.erm.ee\/?p=6881"]}]},{"@type":"ImageObject","inLanguage":"et","@id":"https:\/\/blog.erm.ee\/?p=6881#primaryimage","url":"https:\/\/blog.erm.ee\/wp-content\/uploads\/2015\/09\/aa0071.jpg","contentUrl":"https:\/\/blog.erm.ee\/wp-content\/uploads\/2015\/09\/aa0071.jpg","width":1200,"height":801},{"@type":"BreadcrumbList","@id":"https:\/\/blog.erm.ee\/?p=6881#breadcrumb","itemListElement":[{"@type":"ListItem","position":1,"name":"Home","item":"https:\/\/blog.erm.ee\/"},{"@type":"ListItem","position":2,"name":"Pildigalerii: viimane pilk Eesti Rahva Muuseumi p\u00fcsin\u00e4itusele &#8220;EESTI. Maa, rahvas, kultuur&#8221;"}]},{"@type":"WebSite","@id":"https:\/\/blog.erm.ee\/#website","url":"https:\/\/blog.erm.ee\/","name":"Eesti Rahva Muuseumi ajaveeb","description":"","potentialAction":[{"@type":"SearchAction","target":{"@type":"EntryPoint","urlTemplate":"https:\/\/blog.erm.ee\/?s={search_term_string}"},"query-input":{"@type":"PropertyValueSpecification","valueRequired":true,"valueName":"search_term_string"}}],"inLanguage":"et"},{"@type":"Person","@id":"https:\/\/blog.erm.ee\/#\/schema\/person\/6e98c391cb00a33e7c22a3571e062114","name":"Eesti Rahva Muuseum","image":{"@type":"ImageObject","inLanguage":"et","@id":"https:\/\/secure.gravatar.com\/avatar\/cb6d9ad5fb49f3f7315028ce5fe60641075f2cb52b8a058ff5a985fa2d8c1da0?s=96&d=mm&r=g","url":"https:\/\/secure.gravatar.com\/avatar\/cb6d9ad5fb49f3f7315028ce5fe60641075f2cb52b8a058ff5a985fa2d8c1da0?s=96&d=mm&r=g","contentUrl":"https:\/\/secure.gravatar.com\/avatar\/cb6d9ad5fb49f3f7315028ce5fe60641075f2cb52b8a058ff5a985fa2d8c1da0?s=96&d=mm&r=g","caption":"Eesti Rahva Muuseum"},"sameAs":["http:\/\/www.erm.ee"],"url":"https:\/\/blog.erm.ee\/?author=1"}]}},"jetpack_featured_media_url":"https:\/\/blog.erm.ee\/wp-content\/uploads\/2015\/09\/aa0071.jpg","jetpack_shortlink":"https:\/\/wp.me\/p2l9Zd-1MZ","jetpack_sharing_enabled":true,"jetpack_likes_enabled":true,"_links":{"self":[{"href":"https:\/\/blog.erm.ee\/index.php?rest_route=\/wp\/v2\/posts\/6881","targetHints":{"allow":["GET"]}}],"collection":[{"href":"https:\/\/blog.erm.ee\/index.php?rest_route=\/wp\/v2\/posts"}],"about":[{"href":"https:\/\/blog.erm.ee\/index.php?rest_route=\/wp\/v2\/types\/post"}],"author":[{"embeddable":true,"href":"https:\/\/blog.erm.ee\/index.php?rest_route=\/wp\/v2\/users\/1"}],"replies":[{"embeddable":true,"href":"https:\/\/blog.erm.ee\/index.php?rest_route=%2Fwp%2Fv2%2Fcomments&post=6881"}],"version-history":[{"count":30,"href":"https:\/\/blog.erm.ee\/index.php?rest_route=\/wp\/v2\/posts\/6881\/revisions"}],"predecessor-version":[{"id":6960,"href":"https:\/\/blog.erm.ee\/index.php?rest_route=\/wp\/v2\/posts\/6881\/revisions\/6960"}],"wp:featuredmedia":[{"embeddable":true,"href":"https:\/\/blog.erm.ee\/index.php?rest_route=\/wp\/v2\/media\/6882"}],"wp:attachment":[{"href":"https:\/\/blog.erm.ee\/index.php?rest_route=%2Fwp%2Fv2%2Fmedia&parent=6881"}],"wp:term":[{"taxonomy":"category","embeddable":true,"href":"https:\/\/blog.erm.ee\/index.php?rest_route=%2Fwp%2Fv2%2Fcategories&post=6881"},{"taxonomy":"post_tag","embeddable":true,"href":"https:\/\/blog.erm.ee\/index.php?rest_route=%2Fwp%2Fv2%2Ftags&post=6881"}],"curies":[{"name":"wp","href":"https:\/\/api.w.org\/{rel}","templated":true}]}}