{"id":686,"date":"2012-09-27T08:33:25","date_gmt":"2012-09-27T06:33:25","guid":{"rendered":"http:\/\/blog.erm.ee\/?p=686"},"modified":"2013-10-07T15:53:59","modified_gmt":"2013-10-07T13:53:59","slug":"soome-ugri-pusinaitus-uurali-kaja","status":"publish","type":"post","link":"https:\/\/blog.erm.ee\/?p=686","title":{"rendered":"Soome-ugri p\u00fcsin\u00e4itus \u201eUurali kaja\u201c"},"content":{"rendered":"<div class=\"fcbkbttn_buttons_block\" id=\"fcbkbttn_left\"><div class=\"fcbkbttn_like \"><fb:like href=\"https:\/\/blog.erm.ee\/?p=686\" action=\"like\" colorscheme=\"light\" layout=\"standard\"  width=\"225px\" size=\"small\"><\/fb:like><\/div><div class=\"fb-share-button  \" data-href=\"https:\/\/blog.erm.ee\/?p=686\" data-type=\"button\" data-size=\"small\"><\/div><\/div><p><em>Tekst: Art Leete, <\/em><em>ERMi soome-ugri p\u00fcsin\u00e4ituse t\u00f6\u00f6grupi liige<\/em><\/p>\n<p><em>3D vaated: JAN&amp;KEN O\u00dc<\/em><\/p>\n<p>Esimest korda mainitakse soome-ugrilasi ajalooallikates 1. sajandil ja alates 18. sajandist oleme olnud teadlaste uurimisobjektiks. 19. sajandi teisel poolel algas soome-ugri kultuurilise kogemuse rakendamine kaasaegses kultuurielus. Soome-ugri traditsioonide talletamine muuseumides on olnud \u00fcks selle arengu p\u00f5hihoovusi.<\/p>\n<p>Soome-ugri vanavara hakati Eestisse koguma juba enne ERMi asutamist, ent muuseumi rajamisel oli soome-ugri \u201eteaduslik-patriootiline p\u00fc\u00fcdlus\u201c \u00fcks esmat\u00e4htsaid. Peagi sai ERMist Eesti keskne soome-ugri uurimiskeskus ja 1928. aastal avati Raadil ka esimene soome-ugri p\u00fcsin\u00e4itus. Nagu tollal kombeks, pandi soome-ugri ilu kultuurinautlejate jaoks lihtsalt vitriinidesse ritta.<\/p>\n<p>N\u00fc\u00fcd, ligi 90 aastat hiljem, oleme taas soome-ugri p\u00fcsin\u00e4ituse ettevalmistamise teel. Et t\u00e4nap\u00e4eval ei piisa inimestele ainult s\u00fcstemaatilise kultuuriesteetika pakkumisest, on tulnud omajagu pead murda n\u00e4ituse ideelise p\u00f5him\u00f5tte ja sadade pisiasjade kallal. T\u00f6\u00f6grupp on tegutsenud juba 5 aastat ja tulevase v\u00e4ljapaneku peamised m\u00f5tteliinid ning kujunduskontseptsioon on \u00fcldiselt paigas.<\/p>\n<p>ERMi soome-ugri p\u00fcsin\u00e4ituse pealkiri on \u201eUurali kaja\u201c. Selle nime kaudu osutatakse \u00fchelt poolt soome-ugri rahvaste arhailistele kultuuriseostele, teisalt aga sellele, et me ei esita soome-ugri kultuuri mitte vahetult, vaid l\u00e4bi meelelise peegelduse ja hajumise. N\u00e4itus on soome-ugri kultuuri tinglik mudel.<\/p>\n<p><a href=\"https:\/\/blog.erm.ee\/wp-content\/uploads\/2012\/09\/ACCamera_14.jpg\"><img loading=\"lazy\" decoding=\"async\" data-attachment-id=\"687\" data-permalink=\"https:\/\/blog.erm.ee\/?attachment_id=687#main\" data-orig-file=\"https:\/\/blog.erm.ee\/wp-content\/uploads\/2012\/09\/ACCamera_14.jpg\" data-orig-size=\"1024,768\" data-comments-opened=\"1\" data-image-meta=\"{&quot;aperture&quot;:&quot;0&quot;,&quot;credit&quot;:&quot;&quot;,&quot;camera&quot;:&quot;&quot;,&quot;caption&quot;:&quot;&quot;,&quot;created_timestamp&quot;:&quot;0&quot;,&quot;copyright&quot;:&quot;&quot;,&quot;focal_length&quot;:&quot;0&quot;,&quot;iso&quot;:&quot;0&quot;,&quot;shutter_speed&quot;:&quot;0&quot;,&quot;title&quot;:&quot;&quot;}\" data-image-title=\"Uurali n\u00e4itus\" data-image-description=\"\" data-image-caption=\"\" data-large-file=\"https:\/\/blog.erm.ee\/wp-content\/uploads\/2012\/09\/ACCamera_14.jpg\" class=\"alignnone size-full wp-image-687\" title=\"Uurali n\u00e4itus\" alt=\"\" src=\"https:\/\/blog.erm.ee\/wp-content\/uploads\/2012\/09\/ACCamera_14.jpg\" width=\"1024\" height=\"768\" srcset=\"https:\/\/blog.erm.ee\/wp-content\/uploads\/2012\/09\/ACCamera_14.jpg 1024w, https:\/\/blog.erm.ee\/wp-content\/uploads\/2012\/09\/ACCamera_14-346x260.jpg 346w, https:\/\/blog.erm.ee\/wp-content\/uploads\/2012\/09\/ACCamera_14-300x225.jpg 300w\" sizes=\"auto, (max-width: 1024px) 100vw, 1024px\" \/><\/a><\/p>\n<p><a href=\"https:\/\/blog.erm.ee\/wp-content\/uploads\/2012\/09\/ACCamera.jpg\"><img loading=\"lazy\" decoding=\"async\" data-attachment-id=\"689\" data-permalink=\"https:\/\/blog.erm.ee\/?attachment_id=689#main\" data-orig-file=\"https:\/\/blog.erm.ee\/wp-content\/uploads\/2012\/09\/ACCamera.jpg\" data-orig-size=\"1024,768\" data-comments-opened=\"1\" data-image-meta=\"{&quot;aperture&quot;:&quot;0&quot;,&quot;credit&quot;:&quot;&quot;,&quot;camera&quot;:&quot;&quot;,&quot;caption&quot;:&quot;&quot;,&quot;created_timestamp&quot;:&quot;0&quot;,&quot;copyright&quot;:&quot;&quot;,&quot;focal_length&quot;:&quot;0&quot;,&quot;iso&quot;:&quot;0&quot;,&quot;shutter_speed&quot;:&quot;0&quot;,&quot;title&quot;:&quot;&quot;}\" data-image-title=\"ACCamera\" data-image-description=\"\" data-image-caption=\"\" data-large-file=\"https:\/\/blog.erm.ee\/wp-content\/uploads\/2012\/09\/ACCamera.jpg\" class=\"alignnone size-full wp-image-689\" title=\"ACCamera\" alt=\"\" src=\"https:\/\/blog.erm.ee\/wp-content\/uploads\/2012\/09\/ACCamera.jpg\" width=\"1024\" height=\"768\" srcset=\"https:\/\/blog.erm.ee\/wp-content\/uploads\/2012\/09\/ACCamera.jpg 1024w, https:\/\/blog.erm.ee\/wp-content\/uploads\/2012\/09\/ACCamera-346x260.jpg 346w, https:\/\/blog.erm.ee\/wp-content\/uploads\/2012\/09\/ACCamera-300x225.jpg 300w\" sizes=\"auto, (max-width: 1024px) 100vw, 1024px\" \/><\/a><\/p>\n<p><a href=\"https:\/\/blog.erm.ee\/wp-content\/uploads\/2012\/09\/untitled.png\"><img loading=\"lazy\" decoding=\"async\" data-attachment-id=\"690\" data-permalink=\"https:\/\/blog.erm.ee\/?attachment_id=690#main\" data-orig-file=\"https:\/\/blog.erm.ee\/wp-content\/uploads\/2012\/09\/untitled.png\" data-orig-size=\"1600,1200\" data-comments-opened=\"1\" data-image-meta=\"{&quot;aperture&quot;:&quot;0&quot;,&quot;credit&quot;:&quot;&quot;,&quot;camera&quot;:&quot;&quot;,&quot;caption&quot;:&quot;&quot;,&quot;created_timestamp&quot;:&quot;0&quot;,&quot;copyright&quot;:&quot;&quot;,&quot;focal_length&quot;:&quot;0&quot;,&quot;iso&quot;:&quot;0&quot;,&quot;shutter_speed&quot;:&quot;0&quot;,&quot;title&quot;:&quot;&quot;}\" data-image-title=\"untitled\" data-image-description=\"\" data-image-caption=\"\" data-large-file=\"https:\/\/blog.erm.ee\/wp-content\/uploads\/2012\/09\/untitled-1024x768.png\" class=\"alignnone  wp-image-690\" title=\"untitled\" alt=\"\" src=\"https:\/\/blog.erm.ee\/wp-content\/uploads\/2012\/09\/untitled-1024x768.png\" width=\"1024\" height=\"768\" srcset=\"https:\/\/blog.erm.ee\/wp-content\/uploads\/2012\/09\/untitled-1024x768.png 1024w, https:\/\/blog.erm.ee\/wp-content\/uploads\/2012\/09\/untitled-346x260.png 346w, https:\/\/blog.erm.ee\/wp-content\/uploads\/2012\/09\/untitled-300x225.png 300w, https:\/\/blog.erm.ee\/wp-content\/uploads\/2012\/09\/untitled.png 1600w\" sizes=\"auto, (max-width: 1024px) 100vw, 1024px\" \/><\/a><\/p>\n<p><em>3D vaated<\/em><\/p>\n<p>Soome-ugri kultuuri n\u00e4itamisel ei p\u00fc\u00fcdle me k\u00f5ikeh\u00f5lmavuse poole, vaid valisime v\u00e4lja valdkonna, mis v\u00f5imaldab t\u00f6\u00f6grupi meelest piisavalt soome-ugrilaste iseloomulikke jooni esile tuua. Tulevasel n\u00e4itusel kujutatakse soome-ugri rahvaid emandate ja isandate arusaamade, tegevuste ja esemete kaudu. Eesm\u00e4rgiks on n\u00e4idata, kuidas ilmnevad soome-ugrilaste igap\u00e4evaelus naiste ja meeste tegevusvaldkondade erinevused ning mil moel naised ja mehed oma elu m\u00f5testavad.<\/p>\n<p>Naisi ja mehi vaadeldes saame kultuurist paljugi teada. Etnoloogid on uurinud soome-ugri emandaid ja isandaid v\u00e4ga erineval m\u00e4\u00e4ral ja viisil, seejuures on naistele jagunud oluliselt rohkem t\u00e4helepanu. Samas pole mehedki p\u00e4ris t\u00e4helepanuta j\u00e4\u00e4nud. Igatahes p\u00fc\u00fcame n\u00e4itusel esitada asjaolusid, kuidas naised ja mehed loovad korraga eriilmelist ja samas terviklikult \u00fchteseotud soome-ugri kultuurip\u00e4randit.<\/p>\n<div class=\"fcbkbttn_buttons_block\" id=\"fcbkbttn_left\"><div class=\"fcbkbttn_like \"><fb:like href=\"https:\/\/blog.erm.ee\/?p=686\" action=\"like\" colorscheme=\"light\" layout=\"standard\"  width=\"225px\" size=\"small\"><\/fb:like><\/div><div class=\"fb-share-button  \" data-href=\"https:\/\/blog.erm.ee\/?p=686\" data-type=\"button\" data-size=\"small\"><\/div><\/div>","protected":false},"excerpt":{"rendered":"<p>Tekst: Art Leete, ERMi soome-ugri p\u00fcsin\u00e4ituse t\u00f6\u00f6grupi liige 3D vaated: JAN&amp;KEN O\u00dc Esimest korda mainitakse soome-ugrilasi ajalooallikates 1. sajandil ja alates 18. sajandist oleme olnud teadlaste uurimisobjektiks. 19. sajandi teisel poolel algas soome-ugri kultuurilise kogemuse rakendamine kaasaegses kultuurielus. Soome-ugri traditsioonide talletamine muuseumides on olnud \u00fcks selle arengu p\u00f5hihoovusi. Soome-ugri vanavara hakati Eestisse koguma juba enne&hellip;<\/p>\n","protected":false},"author":1,"featured_media":687,"comment_status":"open","ping_status":"open","sticky":false,"template":"","format":"standard","meta":{"_monsterinsights_skip_tracking":false,"_monsterinsights_sitenote_active":false,"_monsterinsights_sitenote_note":"","_monsterinsights_sitenote_category":0,"jetpack_post_was_ever_published":false,"_jetpack_newsletter_access":"","_jetpack_dont_email_post_to_subs":false,"_jetpack_newsletter_tier_id":0,"_jetpack_memberships_contains_paywalled_content":false,"_jetpack_memberships_contains_paid_content":false,"footnotes":""},"categories":[28,17],"tags":[],"class_list":["post-686","post","type-post","status-publish","format-standard","has-post-thumbnail","hentry","category-soome-ugri","category-uus-maja"],"yoast_head":"<!-- This site is optimized with the Yoast SEO plugin v27.5 - https:\/\/yoast.com\/product\/yoast-seo-wordpress\/ -->\n<title>Soome-ugri p\u00fcsin\u00e4itus \u201eUurali kaja\u201c - Eesti Rahva Muuseumi ajaveeb<\/title>\n<meta name=\"robots\" content=\"index, follow, max-snippet:-1, max-image-preview:large, max-video-preview:-1\" \/>\n<link rel=\"canonical\" href=\"https:\/\/blog.erm.ee\/?p=686\" \/>\n<meta property=\"og:locale\" content=\"et_EE\" \/>\n<meta property=\"og:type\" content=\"article\" \/>\n<meta property=\"og:title\" content=\"Soome-ugri p\u00fcsin\u00e4itus \u201eUurali kaja\u201c - Eesti Rahva Muuseumi ajaveeb\" \/>\n<meta property=\"og:description\" content=\"Tekst: Art Leete, ERMi soome-ugri p\u00fcsin\u00e4ituse t\u00f6\u00f6grupi liige 3D vaated: JAN&amp;KEN O\u00dc Esimest korda mainitakse soome-ugrilasi ajalooallikates 1. sajandil ja alates 18. sajandist oleme olnud teadlaste uurimisobjektiks. 19. sajandi teisel poolel algas soome-ugri kultuurilise kogemuse rakendamine kaasaegses kultuurielus. Soome-ugri traditsioonide talletamine muuseumides on olnud \u00fcks selle arengu p\u00f5hihoovusi. Soome-ugri vanavara hakati Eestisse koguma juba enne&hellip;\" \/>\n<meta property=\"og:url\" content=\"https:\/\/blog.erm.ee\/?p=686\" \/>\n<meta property=\"og:site_name\" content=\"Eesti Rahva Muuseumi ajaveeb\" \/>\n<meta property=\"article:published_time\" content=\"2012-09-27T06:33:25+00:00\" \/>\n<meta property=\"article:modified_time\" content=\"2013-10-07T13:53:59+00:00\" \/>\n<meta property=\"og:image\" content=\"https:\/\/blog.erm.ee\/wp-content\/uploads\/2012\/09\/ACCamera_14.jpg\" \/>\n\t<meta property=\"og:image:width\" content=\"1024\" \/>\n\t<meta property=\"og:image:height\" content=\"768\" \/>\n\t<meta property=\"og:image:type\" content=\"image\/jpeg\" \/>\n<meta name=\"author\" content=\"Eesti Rahva Muuseum\" \/>\n<meta name=\"twitter:card\" content=\"summary_large_image\" \/>\n<meta name=\"twitter:label1\" content=\"Written by\" \/>\n\t<meta name=\"twitter:data1\" content=\"Eesti Rahva Muuseum\" \/>\n\t<meta name=\"twitter:label2\" content=\"Est. reading time\" \/>\n\t<meta name=\"twitter:data2\" content=\"2 minutit\" \/>\n<script type=\"application\/ld+json\" class=\"yoast-schema-graph\">{\"@context\":\"https:\\\/\\\/schema.org\",\"@graph\":[{\"@type\":\"Article\",\"@id\":\"https:\\\/\\\/blog.erm.ee\\\/?p=686#article\",\"isPartOf\":{\"@id\":\"https:\\\/\\\/blog.erm.ee\\\/?p=686\"},\"author\":{\"name\":\"Eesti Rahva Muuseum\",\"@id\":\"https:\\\/\\\/blog.erm.ee\\\/#\\\/schema\\\/person\\\/6e98c391cb00a33e7c22a3571e062114\"},\"headline\":\"Soome-ugri p\u00fcsin\u00e4itus \u201eUurali kaja\u201c\",\"datePublished\":\"2012-09-27T06:33:25+00:00\",\"dateModified\":\"2013-10-07T13:53:59+00:00\",\"mainEntityOfPage\":{\"@id\":\"https:\\\/\\\/blog.erm.ee\\\/?p=686\"},\"wordCount\":337,\"commentCount\":1,\"image\":{\"@id\":\"https:\\\/\\\/blog.erm.ee\\\/?p=686#primaryimage\"},\"thumbnailUrl\":\"https:\\\/\\\/blog.erm.ee\\\/wp-content\\\/uploads\\\/2012\\\/09\\\/ACCamera_14.jpg\",\"articleSection\":[\"Soome-ugri\",\"Uus maja\"],\"inLanguage\":\"et\",\"potentialAction\":[{\"@type\":\"CommentAction\",\"name\":\"Comment\",\"target\":[\"https:\\\/\\\/blog.erm.ee\\\/?p=686#respond\"]}]},{\"@type\":\"WebPage\",\"@id\":\"https:\\\/\\\/blog.erm.ee\\\/?p=686\",\"url\":\"https:\\\/\\\/blog.erm.ee\\\/?p=686\",\"name\":\"Soome-ugri p\u00fcsin\u00e4itus \u201eUurali kaja\u201c - Eesti Rahva Muuseumi ajaveeb\",\"isPartOf\":{\"@id\":\"https:\\\/\\\/blog.erm.ee\\\/#website\"},\"primaryImageOfPage\":{\"@id\":\"https:\\\/\\\/blog.erm.ee\\\/?p=686#primaryimage\"},\"image\":{\"@id\":\"https:\\\/\\\/blog.erm.ee\\\/?p=686#primaryimage\"},\"thumbnailUrl\":\"https:\\\/\\\/blog.erm.ee\\\/wp-content\\\/uploads\\\/2012\\\/09\\\/ACCamera_14.jpg\",\"datePublished\":\"2012-09-27T06:33:25+00:00\",\"dateModified\":\"2013-10-07T13:53:59+00:00\",\"author\":{\"@id\":\"https:\\\/\\\/blog.erm.ee\\\/#\\\/schema\\\/person\\\/6e98c391cb00a33e7c22a3571e062114\"},\"breadcrumb\":{\"@id\":\"https:\\\/\\\/blog.erm.ee\\\/?p=686#breadcrumb\"},\"inLanguage\":\"et\",\"potentialAction\":[{\"@type\":\"ReadAction\",\"target\":[\"https:\\\/\\\/blog.erm.ee\\\/?p=686\"]}]},{\"@type\":\"ImageObject\",\"inLanguage\":\"et\",\"@id\":\"https:\\\/\\\/blog.erm.ee\\\/?p=686#primaryimage\",\"url\":\"https:\\\/\\\/blog.erm.ee\\\/wp-content\\\/uploads\\\/2012\\\/09\\\/ACCamera_14.jpg\",\"contentUrl\":\"https:\\\/\\\/blog.erm.ee\\\/wp-content\\\/uploads\\\/2012\\\/09\\\/ACCamera_14.jpg\",\"width\":1024,\"height\":768},{\"@type\":\"BreadcrumbList\",\"@id\":\"https:\\\/\\\/blog.erm.ee\\\/?p=686#breadcrumb\",\"itemListElement\":[{\"@type\":\"ListItem\",\"position\":1,\"name\":\"Home\",\"item\":\"https:\\\/\\\/blog.erm.ee\\\/\"},{\"@type\":\"ListItem\",\"position\":2,\"name\":\"Soome-ugri p\u00fcsin\u00e4itus \u201eUurali kaja\u201c\"}]},{\"@type\":\"WebSite\",\"@id\":\"https:\\\/\\\/blog.erm.ee\\\/#website\",\"url\":\"https:\\\/\\\/blog.erm.ee\\\/\",\"name\":\"Eesti Rahva Muuseumi ajaveeb\",\"description\":\"\",\"potentialAction\":[{\"@type\":\"SearchAction\",\"target\":{\"@type\":\"EntryPoint\",\"urlTemplate\":\"https:\\\/\\\/blog.erm.ee\\\/?s={search_term_string}\"},\"query-input\":{\"@type\":\"PropertyValueSpecification\",\"valueRequired\":true,\"valueName\":\"search_term_string\"}}],\"inLanguage\":\"et\"},{\"@type\":\"Person\",\"@id\":\"https:\\\/\\\/blog.erm.ee\\\/#\\\/schema\\\/person\\\/6e98c391cb00a33e7c22a3571e062114\",\"name\":\"Eesti Rahva Muuseum\",\"image\":{\"@type\":\"ImageObject\",\"inLanguage\":\"et\",\"@id\":\"https:\\\/\\\/secure.gravatar.com\\\/avatar\\\/cb6d9ad5fb49f3f7315028ce5fe60641075f2cb52b8a058ff5a985fa2d8c1da0?s=96&d=mm&r=g\",\"url\":\"https:\\\/\\\/secure.gravatar.com\\\/avatar\\\/cb6d9ad5fb49f3f7315028ce5fe60641075f2cb52b8a058ff5a985fa2d8c1da0?s=96&d=mm&r=g\",\"contentUrl\":\"https:\\\/\\\/secure.gravatar.com\\\/avatar\\\/cb6d9ad5fb49f3f7315028ce5fe60641075f2cb52b8a058ff5a985fa2d8c1da0?s=96&d=mm&r=g\",\"caption\":\"Eesti Rahva Muuseum\"},\"sameAs\":[\"http:\\\/\\\/www.erm.ee\"],\"url\":\"https:\\\/\\\/blog.erm.ee\\\/?author=1\"}]}<\/script>\n<!-- \/ Yoast SEO plugin. -->","yoast_head_json":{"title":"Soome-ugri p\u00fcsin\u00e4itus \u201eUurali kaja\u201c - Eesti Rahva Muuseumi ajaveeb","robots":{"index":"index","follow":"follow","max-snippet":"max-snippet:-1","max-image-preview":"max-image-preview:large","max-video-preview":"max-video-preview:-1"},"canonical":"https:\/\/blog.erm.ee\/?p=686","og_locale":"et_EE","og_type":"article","og_title":"Soome-ugri p\u00fcsin\u00e4itus \u201eUurali kaja\u201c - Eesti Rahva Muuseumi ajaveeb","og_description":"Tekst: Art Leete, ERMi soome-ugri p\u00fcsin\u00e4ituse t\u00f6\u00f6grupi liige 3D vaated: JAN&amp;KEN O\u00dc Esimest korda mainitakse soome-ugrilasi ajalooallikates 1. sajandil ja alates 18. sajandist oleme olnud teadlaste uurimisobjektiks. 19. sajandi teisel poolel algas soome-ugri kultuurilise kogemuse rakendamine kaasaegses kultuurielus. Soome-ugri traditsioonide talletamine muuseumides on olnud \u00fcks selle arengu p\u00f5hihoovusi. Soome-ugri vanavara hakati Eestisse koguma juba enne&hellip;","og_url":"https:\/\/blog.erm.ee\/?p=686","og_site_name":"Eesti Rahva Muuseumi ajaveeb","article_published_time":"2012-09-27T06:33:25+00:00","article_modified_time":"2013-10-07T13:53:59+00:00","og_image":[{"width":1024,"height":768,"url":"https:\/\/blog.erm.ee\/wp-content\/uploads\/2012\/09\/ACCamera_14.jpg","type":"image\/jpeg"}],"author":"Eesti Rahva Muuseum","twitter_card":"summary_large_image","twitter_misc":{"Written by":"Eesti Rahva Muuseum","Est. reading time":"2 minutit"},"schema":{"@context":"https:\/\/schema.org","@graph":[{"@type":"Article","@id":"https:\/\/blog.erm.ee\/?p=686#article","isPartOf":{"@id":"https:\/\/blog.erm.ee\/?p=686"},"author":{"name":"Eesti Rahva Muuseum","@id":"https:\/\/blog.erm.ee\/#\/schema\/person\/6e98c391cb00a33e7c22a3571e062114"},"headline":"Soome-ugri p\u00fcsin\u00e4itus \u201eUurali kaja\u201c","datePublished":"2012-09-27T06:33:25+00:00","dateModified":"2013-10-07T13:53:59+00:00","mainEntityOfPage":{"@id":"https:\/\/blog.erm.ee\/?p=686"},"wordCount":337,"commentCount":1,"image":{"@id":"https:\/\/blog.erm.ee\/?p=686#primaryimage"},"thumbnailUrl":"https:\/\/blog.erm.ee\/wp-content\/uploads\/2012\/09\/ACCamera_14.jpg","articleSection":["Soome-ugri","Uus maja"],"inLanguage":"et","potentialAction":[{"@type":"CommentAction","name":"Comment","target":["https:\/\/blog.erm.ee\/?p=686#respond"]}]},{"@type":"WebPage","@id":"https:\/\/blog.erm.ee\/?p=686","url":"https:\/\/blog.erm.ee\/?p=686","name":"Soome-ugri p\u00fcsin\u00e4itus \u201eUurali kaja\u201c - Eesti Rahva Muuseumi ajaveeb","isPartOf":{"@id":"https:\/\/blog.erm.ee\/#website"},"primaryImageOfPage":{"@id":"https:\/\/blog.erm.ee\/?p=686#primaryimage"},"image":{"@id":"https:\/\/blog.erm.ee\/?p=686#primaryimage"},"thumbnailUrl":"https:\/\/blog.erm.ee\/wp-content\/uploads\/2012\/09\/ACCamera_14.jpg","datePublished":"2012-09-27T06:33:25+00:00","dateModified":"2013-10-07T13:53:59+00:00","author":{"@id":"https:\/\/blog.erm.ee\/#\/schema\/person\/6e98c391cb00a33e7c22a3571e062114"},"breadcrumb":{"@id":"https:\/\/blog.erm.ee\/?p=686#breadcrumb"},"inLanguage":"et","potentialAction":[{"@type":"ReadAction","target":["https:\/\/blog.erm.ee\/?p=686"]}]},{"@type":"ImageObject","inLanguage":"et","@id":"https:\/\/blog.erm.ee\/?p=686#primaryimage","url":"https:\/\/blog.erm.ee\/wp-content\/uploads\/2012\/09\/ACCamera_14.jpg","contentUrl":"https:\/\/blog.erm.ee\/wp-content\/uploads\/2012\/09\/ACCamera_14.jpg","width":1024,"height":768},{"@type":"BreadcrumbList","@id":"https:\/\/blog.erm.ee\/?p=686#breadcrumb","itemListElement":[{"@type":"ListItem","position":1,"name":"Home","item":"https:\/\/blog.erm.ee\/"},{"@type":"ListItem","position":2,"name":"Soome-ugri p\u00fcsin\u00e4itus \u201eUurali kaja\u201c"}]},{"@type":"WebSite","@id":"https:\/\/blog.erm.ee\/#website","url":"https:\/\/blog.erm.ee\/","name":"Eesti Rahva Muuseumi ajaveeb","description":"","potentialAction":[{"@type":"SearchAction","target":{"@type":"EntryPoint","urlTemplate":"https:\/\/blog.erm.ee\/?s={search_term_string}"},"query-input":{"@type":"PropertyValueSpecification","valueRequired":true,"valueName":"search_term_string"}}],"inLanguage":"et"},{"@type":"Person","@id":"https:\/\/blog.erm.ee\/#\/schema\/person\/6e98c391cb00a33e7c22a3571e062114","name":"Eesti Rahva Muuseum","image":{"@type":"ImageObject","inLanguage":"et","@id":"https:\/\/secure.gravatar.com\/avatar\/cb6d9ad5fb49f3f7315028ce5fe60641075f2cb52b8a058ff5a985fa2d8c1da0?s=96&d=mm&r=g","url":"https:\/\/secure.gravatar.com\/avatar\/cb6d9ad5fb49f3f7315028ce5fe60641075f2cb52b8a058ff5a985fa2d8c1da0?s=96&d=mm&r=g","contentUrl":"https:\/\/secure.gravatar.com\/avatar\/cb6d9ad5fb49f3f7315028ce5fe60641075f2cb52b8a058ff5a985fa2d8c1da0?s=96&d=mm&r=g","caption":"Eesti Rahva Muuseum"},"sameAs":["http:\/\/www.erm.ee"],"url":"https:\/\/blog.erm.ee\/?author=1"}]}},"jetpack_featured_media_url":"https:\/\/blog.erm.ee\/wp-content\/uploads\/2012\/09\/ACCamera_14.jpg","jetpack_shortlink":"https:\/\/wp.me\/p2l9Zd-b4","jetpack_sharing_enabled":true,"jetpack_likes_enabled":true,"_links":{"self":[{"href":"https:\/\/blog.erm.ee\/index.php?rest_route=\/wp\/v2\/posts\/686","targetHints":{"allow":["GET"]}}],"collection":[{"href":"https:\/\/blog.erm.ee\/index.php?rest_route=\/wp\/v2\/posts"}],"about":[{"href":"https:\/\/blog.erm.ee\/index.php?rest_route=\/wp\/v2\/types\/post"}],"author":[{"embeddable":true,"href":"https:\/\/blog.erm.ee\/index.php?rest_route=\/wp\/v2\/users\/1"}],"replies":[{"embeddable":true,"href":"https:\/\/blog.erm.ee\/index.php?rest_route=%2Fwp%2Fv2%2Fcomments&post=686"}],"version-history":[{"count":8,"href":"https:\/\/blog.erm.ee\/index.php?rest_route=\/wp\/v2\/posts\/686\/revisions"}],"predecessor-version":[{"id":3191,"href":"https:\/\/blog.erm.ee\/index.php?rest_route=\/wp\/v2\/posts\/686\/revisions\/3191"}],"wp:featuredmedia":[{"embeddable":true,"href":"https:\/\/blog.erm.ee\/index.php?rest_route=\/wp\/v2\/media\/687"}],"wp:attachment":[{"href":"https:\/\/blog.erm.ee\/index.php?rest_route=%2Fwp%2Fv2%2Fmedia&parent=686"}],"wp:term":[{"taxonomy":"category","embeddable":true,"href":"https:\/\/blog.erm.ee\/index.php?rest_route=%2Fwp%2Fv2%2Fcategories&post=686"},{"taxonomy":"post_tag","embeddable":true,"href":"https:\/\/blog.erm.ee\/index.php?rest_route=%2Fwp%2Fv2%2Ftags&post=686"}],"curies":[{"name":"wp","href":"https:\/\/api.w.org\/{rel}","templated":true}]}}