{"id":6776,"date":"2015-09-10T08:00:18","date_gmt":"2015-09-10T05:00:18","guid":{"rendered":"http:\/\/blog.erm.ee\/?p=6776"},"modified":"2015-09-16T14:29:59","modified_gmt":"2015-09-16T11:29:59","slug":"ermi-konserveerimisosakond-tahistab-50-juubelit","status":"publish","type":"post","link":"https:\/\/blog.erm.ee\/?p=6776","title":{"rendered":"ERMi konserveerimisosakond t\u00e4histab 50. juubelit!"},"content":{"rendered":"<div class=\"fcbkbttn_buttons_block\" id=\"fcbkbttn_left\"><div class=\"fcbkbttn_like \"><fb:like href=\"https:\/\/blog.erm.ee\/?p=6776\" action=\"like\" colorscheme=\"light\" layout=\"standard\"  width=\"225px\" size=\"small\"><\/fb:like><\/div><div class=\"fb-share-button  \" data-href=\"https:\/\/blog.erm.ee\/?p=6776\" data-type=\"button\" data-size=\"small\"><\/div><\/div><p>&nbsp;<\/p>\n<p><em>Tekst: Eesti Rahva Muuseumi konserveerimisosakond<\/em><\/p>\n<p style=\"text-align: justify;\">Septembrikuu m\u00f6\u00f6dub Eesti Rahva Muuseumi konserveerimisosakonna jaoks siginas-saginas, et enne suurt p\u00e4eva &#8211; 30. septembrit &#8211; k\u00f5ik ettevalmistused juubelikonverentsi ja -n\u00e4ituse avamiseks valmis saada.<\/p>\n<p style=\"text-align: justify;\">Nimelt, kutsume k\u00f5iki endisi ja praeguseid kolleege, koost\u00f6\u00f6partnerid, s\u00f5pru ja asjahuvilisi konverentsile, mille p\u00f5hir\u00f5hk on vaadata tagasi Eesti Rahva Muuseumi loomisaastatele &#8211; ajale, mil \u00fches vanavara korjamisega tekkis vajadus ka kogutud esemete s\u00e4ilitamise ja sellega koos konservaatori ametikoha j\u00e4rele. M\u00f6\u00f6da ajatelge viime kuulajad minevikust t\u00e4nap\u00e4eva ja kiikame ka ERMi uue maja tulevasele p\u00fcsin\u00e4itusele. Konverentsip\u00e4eval on olulisele kohale on seatud Tartu Pauluse Kirik, kus asusid pikka aega ERMi konserveerimisosakonna t\u00f6\u00f6ruumid ja hoidlad.<\/p>\n<p>Ettekannetega astuvad \u00fcles:<\/p>\n<p style=\"text-align: justify;\">Piret \u00d5unapuu &#8211; Eesti Rahva Muuseumi loomine<br \/>\nRiina Rammo &#8211; ERMi konservaatorid ja T\u00dc arheoloogia kabinet<br \/>\nGrete Nilp &#8211; Tallinna kunstiv\u00e4\u00e4rtuste restaureerimisest n\u00f5ukogude perioodil<br \/>\nJanika Turu &#8211; Artefaktide desinfitseerimine ERM`i n\u00e4itel<br \/>\nKristiina Piirisild &#8211; Ettevalmistused ERMi oma maja p\u00fcsin\u00e4ituse eel<br \/>\nKristiina Ribelus &#8211; Tartu Pauluse Kiriku seinamaalingute taastamine<\/p>\n<p style=\"text-align: justify;\">Lisaks ettekannetele paneme kokku virtuaaln\u00e4ituse konserveerimise ajaloost ERMis (1909-2015), milles keskendume peamiselt inimestele \u2013 praegustele ja endistele t\u00f6\u00f6tajatele, koost\u00f6\u00f6partneritele, konserveerimisalastele suhetele Soome ja Venemaaga, huvitavatele situatsioonidele ERMi ajaloos ja p\u00f5nevatele ning kohati jaburatele protokollidele ja aruannetele n\u00f5ukogude ajast.<\/p>\n<p style=\"text-align: justify;\">Konverents toimub 30. septembril 2015. a. Tartu Pauluse kirikus, algusega kell 14.00 \u2013 18.30. Konverentsil osalemine toimub eelregistreerimisega.<br \/>\n<a href=\"http:\/\/doodle.com\/poll\/t5w9982ymsbwziux\" target=\"_blank\">http:\/\/doodle.com\/poll\/t5w9982ymsbwziux<\/a><\/p>\n<p style=\"text-align: justify;\">T\u00e4pne ajakava ilmub peagi ERMi kodulehele <a href=\"http:\/\/www.erm.ee\/et\/kylasta\/Koik-yritused\" target=\"_blank\">http:\/\/www.erm.ee\/et\/kylasta\/Koik-yritused<\/a> ja Facebooki <a href=\"https:\/\/www.facebook.com\/eestirahvamuuseum?fref=ts\" target=\"_blank\">https:\/\/www.facebook.com\/eestirahvamuuseum?fref=ts<\/a>.<\/p>\n<p style=\"text-align: justify;\">Et aga ootamine poleks nii pikk, heitke pilk v\u00e4ikesele galeriile, mis annab pisut aimu, mida n\u00e4itusel n\u00e4ha saab:<\/p>\n<p style=\"text-align: center;\"><a href=\"https:\/\/blog.erm.ee\/wp-content\/uploads\/2015\/09\/314340_ERM_Fk_625_18.jpg\"><img loading=\"lazy\" decoding=\"async\" data-attachment-id=\"6867\" data-permalink=\"https:\/\/blog.erm.ee\/?attachment_id=6867#main\" data-orig-file=\"https:\/\/blog.erm.ee\/wp-content\/uploads\/2015\/09\/314340_ERM_Fk_625_18.jpg\" data-orig-size=\"1200,836\" data-comments-opened=\"1\" data-image-meta=\"{&quot;aperture&quot;:&quot;0&quot;,&quot;credit&quot;:&quot;&quot;,&quot;camera&quot;:&quot;&quot;,&quot;caption&quot;:&quot;Capturefile: I:!fotokast asjadf257_piret625_18.NEF\\rCaptureSN: --.000000\\rSoftware: Capture One LE for Windows&quot;,&quot;created_timestamp&quot;:&quot;1228927435&quot;,&quot;copyright&quot;:&quot;Arp Karm&quot;,&quot;focal_length&quot;:&quot;0&quot;,&quot;iso&quot;:&quot;0&quot;,&quot;shutter_speed&quot;:&quot;0&quot;,&quot;title&quot;:&quot;&quot;,&quot;orientation&quot;:&quot;0&quot;}\" data-image-title=\"314340_ERM_Fk_625_18\" data-image-description=\"\" data-image-caption=\"&lt;p&gt;Capturefile: I:!fotokast asjadf257_piret625_18.NEF&lt;br \/&gt;\nCaptureSN: &amp;#8211;.000000&lt;br \/&gt;\nSoftware: Capture One LE for Windows&lt;\/p&gt;\n\" data-large-file=\"https:\/\/blog.erm.ee\/wp-content\/uploads\/2015\/09\/314340_ERM_Fk_625_18-1024x713.jpg\" class=\"size-large wp-image-6867\" src=\"https:\/\/blog.erm.ee\/wp-content\/uploads\/2015\/09\/314340_ERM_Fk_625_18-1024x713.jpg\" alt=\"Capturefile: I:!fotokast asjadf257_piret625_18.NEF CaptureSN: --.000000 Software: Capture One LE for Windows\" width=\"700\" height=\"487\" srcset=\"https:\/\/blog.erm.ee\/wp-content\/uploads\/2015\/09\/314340_ERM_Fk_625_18-1024x713.jpg 1024w, https:\/\/blog.erm.ee\/wp-content\/uploads\/2015\/09\/314340_ERM_Fk_625_18-373x260.jpg 373w, https:\/\/blog.erm.ee\/wp-content\/uploads\/2015\/09\/314340_ERM_Fk_625_18-300x209.jpg 300w, https:\/\/blog.erm.ee\/wp-content\/uploads\/2015\/09\/314340_ERM_Fk_625_18.jpg 1200w\" sizes=\"auto, (max-width: 700px) 100vw, 700px\" \/><\/a><\/p>\n<p style=\"text-align: center;\"><em>ERM Fk 625:18.\u00a0 ERMi ametnikud E. Eisenschmidt, Vold. Kolga, Gustav Matto, F. K\u00f6rvel ja Linda Kurs, 1915. a.<\/em><\/p>\n<p><a href=\"https:\/\/blog.erm.ee\/wp-content\/uploads\/2015\/09\/003969_ERM_Fk_810_30.jpg\"><img loading=\"lazy\" decoding=\"async\" data-attachment-id=\"6861\" data-permalink=\"https:\/\/blog.erm.ee\/?attachment_id=6861#main\" data-orig-file=\"https:\/\/blog.erm.ee\/wp-content\/uploads\/2015\/09\/003969_ERM_Fk_810_30.jpg\" data-orig-size=\"875,1200\" data-comments-opened=\"1\" data-image-meta=\"{&quot;aperture&quot;:&quot;0&quot;,&quot;credit&quot;:&quot;&quot;,&quot;camera&quot;:&quot;&quot;,&quot;caption&quot;:&quot;&quot;,&quot;created_timestamp&quot;:&quot;0&quot;,&quot;copyright&quot;:&quot;&quot;,&quot;focal_length&quot;:&quot;0&quot;,&quot;iso&quot;:&quot;0&quot;,&quot;shutter_speed&quot;:&quot;0&quot;,&quot;title&quot;:&quot;&quot;,&quot;orientation&quot;:&quot;0&quot;}\" data-image-title=\"003969_ERM_Fk_810_30\" data-image-description=\"\" data-image-caption=\"\" data-large-file=\"https:\/\/blog.erm.ee\/wp-content\/uploads\/2015\/09\/003969_ERM_Fk_810_30-747x1024.jpg\" class=\"alignnone size-large wp-image-6861\" src=\"https:\/\/blog.erm.ee\/wp-content\/uploads\/2015\/09\/003969_ERM_Fk_810_30-747x1024.jpg\" alt=\"003969_ERM_Fk_810_30\" width=\"700\" height=\"960\" srcset=\"https:\/\/blog.erm.ee\/wp-content\/uploads\/2015\/09\/003969_ERM_Fk_810_30-747x1024.jpg 747w, https:\/\/blog.erm.ee\/wp-content\/uploads\/2015\/09\/003969_ERM_Fk_810_30-190x260.jpg 190w, https:\/\/blog.erm.ee\/wp-content\/uploads\/2015\/09\/003969_ERM_Fk_810_30-219x300.jpg 219w, https:\/\/blog.erm.ee\/wp-content\/uploads\/2015\/09\/003969_ERM_Fk_810_30.jpg 875w\" sizes=\"auto, (max-width: 700px) 100vw, 700px\" \/><\/a><\/p>\n<p style=\"text-align: center;\"><em>ERM Fk 810: 30. ERMi gaasitamise kamber Raadil.<\/em><\/p>\n<p><a href=\"https:\/\/blog.erm.ee\/wp-content\/uploads\/2015\/09\/003959_ERM_Fk_810_9.jpg\"><img loading=\"lazy\" decoding=\"async\" data-attachment-id=\"6860\" data-permalink=\"https:\/\/blog.erm.ee\/?attachment_id=6860#main\" data-orig-file=\"https:\/\/blog.erm.ee\/wp-content\/uploads\/2015\/09\/003959_ERM_Fk_810_9.jpg\" data-orig-size=\"1200,869\" data-comments-opened=\"1\" data-image-meta=\"{&quot;aperture&quot;:&quot;0&quot;,&quot;credit&quot;:&quot;&quot;,&quot;camera&quot;:&quot;&quot;,&quot;caption&quot;:&quot;&quot;,&quot;created_timestamp&quot;:&quot;0&quot;,&quot;copyright&quot;:&quot;&quot;,&quot;focal_length&quot;:&quot;0&quot;,&quot;iso&quot;:&quot;0&quot;,&quot;shutter_speed&quot;:&quot;0&quot;,&quot;title&quot;:&quot;&quot;,&quot;orientation&quot;:&quot;0&quot;}\" data-image-title=\"003959_ERM_Fk_810_9\" data-image-description=\"\" data-image-caption=\"\" data-large-file=\"https:\/\/blog.erm.ee\/wp-content\/uploads\/2015\/09\/003959_ERM_Fk_810_9-1024x742.jpg\" class=\"alignnone size-large wp-image-6860\" src=\"https:\/\/blog.erm.ee\/wp-content\/uploads\/2015\/09\/003959_ERM_Fk_810_9-1024x742.jpg\" alt=\"003959_ERM_Fk_810_9\" width=\"700\" height=\"507\" srcset=\"https:\/\/blog.erm.ee\/wp-content\/uploads\/2015\/09\/003959_ERM_Fk_810_9-1024x742.jpg 1024w, https:\/\/blog.erm.ee\/wp-content\/uploads\/2015\/09\/003959_ERM_Fk_810_9-359x260.jpg 359w, https:\/\/blog.erm.ee\/wp-content\/uploads\/2015\/09\/003959_ERM_Fk_810_9-300x217.jpg 300w, https:\/\/blog.erm.ee\/wp-content\/uploads\/2015\/09\/003959_ERM_Fk_810_9.jpg 1200w\" sizes=\"auto, (max-width: 700px) 100vw, 700px\" \/><\/a><\/p>\n<p style=\"text-align: center;\"><em>ERM Fk 810: 9. Vitsutaja J. Lepp muuseumis Raadil puun\u00f5usid vitsutamas.<\/em><\/p>\n<p style=\"text-align: center;\"><a href=\"https:\/\/blog.erm.ee\/wp-content\/uploads\/2015\/09\/314870_ERM_Fk_810_48.jpg\"><img loading=\"lazy\" decoding=\"async\" data-attachment-id=\"6868\" data-permalink=\"https:\/\/blog.erm.ee\/?attachment_id=6868#main\" data-orig-file=\"https:\/\/blog.erm.ee\/wp-content\/uploads\/2015\/09\/314870_ERM_Fk_810_48.jpg\" data-orig-size=\"1200,731\" data-comments-opened=\"1\" data-image-meta=\"{&quot;aperture&quot;:&quot;0&quot;,&quot;credit&quot;:&quot;&quot;,&quot;camera&quot;:&quot;&quot;,&quot;caption&quot;:&quot;&quot;,&quot;created_timestamp&quot;:&quot;1206718207&quot;,&quot;copyright&quot;:&quot;Merylin Suve&quot;,&quot;focal_length&quot;:&quot;0&quot;,&quot;iso&quot;:&quot;0&quot;,&quot;shutter_speed&quot;:&quot;0&quot;,&quot;title&quot;:&quot;&quot;,&quot;orientation&quot;:&quot;0&quot;}\" data-image-title=\"314870_ERM_Fk_810_48\" data-image-description=\"\" data-image-caption=\"\" data-large-file=\"https:\/\/blog.erm.ee\/wp-content\/uploads\/2015\/09\/314870_ERM_Fk_810_48-1024x624.jpg\" class=\"alignnone size-large wp-image-6868\" src=\"https:\/\/blog.erm.ee\/wp-content\/uploads\/2015\/09\/314870_ERM_Fk_810_48-1024x624.jpg\" alt=\"314870_ERM_Fk_810_48\" width=\"700\" height=\"427\" srcset=\"https:\/\/blog.erm.ee\/wp-content\/uploads\/2015\/09\/314870_ERM_Fk_810_48-1024x624.jpg 1024w, https:\/\/blog.erm.ee\/wp-content\/uploads\/2015\/09\/314870_ERM_Fk_810_48-427x260.jpg 427w, https:\/\/blog.erm.ee\/wp-content\/uploads\/2015\/09\/314870_ERM_Fk_810_48-300x183.jpg 300w, https:\/\/blog.erm.ee\/wp-content\/uploads\/2015\/09\/314870_ERM_Fk_810_48.jpg 1200w\" sizes=\"auto, (max-width: 700px) 100vw, 700px\" \/><\/a><\/p>\n<p style=\"text-align: center;\"><em>ERM Fk 810: 48. ERMi kantselei personal: preili Helmi \u00dcprus, proua Lydia Voist, preili I. Lattik 1937.<\/em><\/p>\n<p style=\"text-align: center;\"><a href=\"https:\/\/blog.erm.ee\/wp-content\/uploads\/2015\/09\/314997_ERM_Fk_840_16.jpg\"><img loading=\"lazy\" decoding=\"async\" data-attachment-id=\"6869\" data-permalink=\"https:\/\/blog.erm.ee\/?attachment_id=6869#main\" data-orig-file=\"https:\/\/blog.erm.ee\/wp-content\/uploads\/2015\/09\/314997_ERM_Fk_840_16.jpg\" data-orig-size=\"1200,839\" data-comments-opened=\"1\" data-image-meta=\"{&quot;aperture&quot;:&quot;0&quot;,&quot;credit&quot;:&quot;&quot;,&quot;camera&quot;:&quot;&quot;,&quot;caption&quot;:&quot;&quot;,&quot;created_timestamp&quot;:&quot;1206718090&quot;,&quot;copyright&quot;:&quot;Merylin Suve&quot;,&quot;focal_length&quot;:&quot;0&quot;,&quot;iso&quot;:&quot;0&quot;,&quot;shutter_speed&quot;:&quot;0&quot;,&quot;title&quot;:&quot;&quot;,&quot;orientation&quot;:&quot;0&quot;}\" data-image-title=\"314997_ERM_Fk_840_16\" data-image-description=\"\" data-image-caption=\"\" data-large-file=\"https:\/\/blog.erm.ee\/wp-content\/uploads\/2015\/09\/314997_ERM_Fk_840_16-1024x716.jpg\" class=\"alignnone size-large wp-image-6869\" src=\"https:\/\/blog.erm.ee\/wp-content\/uploads\/2015\/09\/314997_ERM_Fk_840_16-1024x716.jpg\" alt=\"314997_ERM_Fk_840_16\" width=\"700\" height=\"489\" srcset=\"https:\/\/blog.erm.ee\/wp-content\/uploads\/2015\/09\/314997_ERM_Fk_840_16-1024x716.jpg 1024w, https:\/\/blog.erm.ee\/wp-content\/uploads\/2015\/09\/314997_ERM_Fk_840_16-372x260.jpg 372w, https:\/\/blog.erm.ee\/wp-content\/uploads\/2015\/09\/314997_ERM_Fk_840_16-300x210.jpg 300w, https:\/\/blog.erm.ee\/wp-content\/uploads\/2015\/09\/314997_ERM_Fk_840_16.jpg 1200w\" sizes=\"auto, (max-width: 700px) 100vw, 700px\" \/><\/a><\/p>\n<p style=\"text-align: center;\"><em>ERM Fk 840:16. P\u00f5ld, Eerik. Kataloogitud puuesemete pesemine ERMis.<\/em><\/p>\n<p><a href=\"https:\/\/blog.erm.ee\/wp-content\/uploads\/2015\/09\/314998_ERM_Fk_841_6.jpg\"><img loading=\"lazy\" decoding=\"async\" data-attachment-id=\"6870\" data-permalink=\"https:\/\/blog.erm.ee\/?attachment_id=6870#main\" data-orig-file=\"https:\/\/blog.erm.ee\/wp-content\/uploads\/2015\/09\/314998_ERM_Fk_841_6.jpg\" data-orig-size=\"1200,823\" data-comments-opened=\"1\" data-image-meta=\"{&quot;aperture&quot;:&quot;0&quot;,&quot;credit&quot;:&quot;&quot;,&quot;camera&quot;:&quot;&quot;,&quot;caption&quot;:&quot;&quot;,&quot;created_timestamp&quot;:&quot;1206718116&quot;,&quot;copyright&quot;:&quot;Merylin Suve&quot;,&quot;focal_length&quot;:&quot;0&quot;,&quot;iso&quot;:&quot;0&quot;,&quot;shutter_speed&quot;:&quot;0&quot;,&quot;title&quot;:&quot;&quot;,&quot;orientation&quot;:&quot;0&quot;}\" data-image-title=\"314998_ERM_Fk_841_6\" data-image-description=\"\" data-image-caption=\"\" data-large-file=\"https:\/\/blog.erm.ee\/wp-content\/uploads\/2015\/09\/314998_ERM_Fk_841_6-1024x702.jpg\" class=\"alignnone size-large wp-image-6870\" src=\"https:\/\/blog.erm.ee\/wp-content\/uploads\/2015\/09\/314998_ERM_Fk_841_6-1024x702.jpg\" alt=\"314998_ERM_Fk_841_6\" width=\"700\" height=\"480\" srcset=\"https:\/\/blog.erm.ee\/wp-content\/uploads\/2015\/09\/314998_ERM_Fk_841_6-1024x702.jpg 1024w, https:\/\/blog.erm.ee\/wp-content\/uploads\/2015\/09\/314998_ERM_Fk_841_6-379x260.jpg 379w, https:\/\/blog.erm.ee\/wp-content\/uploads\/2015\/09\/314998_ERM_Fk_841_6-300x206.jpg 300w, https:\/\/blog.erm.ee\/wp-content\/uploads\/2015\/09\/314998_ERM_Fk_841_6.jpg 1200w\" sizes=\"auto, (max-width: 700px) 100vw, 700px\" \/><\/a><\/p>\n<p style=\"text-align: center;\"><em>ERM Fk 841: 6. Aleksander P\u00f5rga kogu tekstiilide etikettimistalgud ERMis. Helmi Kurriku \u00fclesv\u00f5tted 1939. a aprillis.<\/em><\/p>\n<p><a href=\"https:\/\/blog.erm.ee\/wp-content\/uploads\/2015\/09\/1273_1001.jpg\"><img loading=\"lazy\" decoding=\"async\" data-attachment-id=\"6852\" data-permalink=\"https:\/\/blog.erm.ee\/?attachment_id=6852#main\" data-orig-file=\"https:\/\/blog.erm.ee\/wp-content\/uploads\/2015\/09\/1273_1001.jpg\" data-orig-size=\"762,1200\" data-comments-opened=\"1\" data-image-meta=\"{&quot;aperture&quot;:&quot;0&quot;,&quot;credit&quot;:&quot;&quot;,&quot;camera&quot;:&quot;&quot;,&quot;caption&quot;:&quot;&quot;,&quot;created_timestamp&quot;:&quot;1424253436&quot;,&quot;copyright&quot;:&quot;&quot;,&quot;focal_length&quot;:&quot;0&quot;,&quot;iso&quot;:&quot;0&quot;,&quot;shutter_speed&quot;:&quot;0&quot;,&quot;title&quot;:&quot;&quot;,&quot;orientation&quot;:&quot;0&quot;}\" data-image-title=\"1273_100\" data-image-description=\"\" data-image-caption=\"\" data-large-file=\"https:\/\/blog.erm.ee\/wp-content\/uploads\/2015\/09\/1273_1001-650x1024.jpg\" class=\"alignnone size-large wp-image-6852\" src=\"https:\/\/blog.erm.ee\/wp-content\/uploads\/2015\/09\/1273_1001-650x1024.jpg\" alt=\"1273_100\" width=\"650\" height=\"1024\" srcset=\"https:\/\/blog.erm.ee\/wp-content\/uploads\/2015\/09\/1273_1001-650x1024.jpg 650w, https:\/\/blog.erm.ee\/wp-content\/uploads\/2015\/09\/1273_1001-165x260.jpg 165w, https:\/\/blog.erm.ee\/wp-content\/uploads\/2015\/09\/1273_1001-191x300.jpg 191w, https:\/\/blog.erm.ee\/wp-content\/uploads\/2015\/09\/1273_1001.jpg 762w\" sizes=\"auto, (max-width: 650px) 100vw, 650px\" \/><\/a><\/p>\n<p style=\"text-align: center;\"><em>Fk 1273: 100. ERMi restauraator E. Reineller v\u00f6\u00f6de kappi kontrollimas.<\/em><\/p>\n<p><a href=\"https:\/\/blog.erm.ee\/wp-content\/uploads\/2015\/09\/1507_171.jpg\"><img loading=\"lazy\" decoding=\"async\" data-attachment-id=\"6853\" data-permalink=\"https:\/\/blog.erm.ee\/?attachment_id=6853#main\" data-orig-file=\"https:\/\/blog.erm.ee\/wp-content\/uploads\/2015\/09\/1507_171.jpg\" data-orig-size=\"809,1200\" data-comments-opened=\"1\" data-image-meta=\"{&quot;aperture&quot;:&quot;0&quot;,&quot;credit&quot;:&quot;&quot;,&quot;camera&quot;:&quot;&quot;,&quot;caption&quot;:&quot;&quot;,&quot;created_timestamp&quot;:&quot;1424253873&quot;,&quot;copyright&quot;:&quot;&quot;,&quot;focal_length&quot;:&quot;0&quot;,&quot;iso&quot;:&quot;0&quot;,&quot;shutter_speed&quot;:&quot;0&quot;,&quot;title&quot;:&quot;&quot;,&quot;orientation&quot;:&quot;0&quot;}\" data-image-title=\"1507_17\" data-image-description=\"\" data-image-caption=\"\" data-large-file=\"https:\/\/blog.erm.ee\/wp-content\/uploads\/2015\/09\/1507_171-690x1024.jpg\" class=\"alignnone size-large wp-image-6853\" src=\"https:\/\/blog.erm.ee\/wp-content\/uploads\/2015\/09\/1507_171-690x1024.jpg\" alt=\"1507_17\" width=\"690\" height=\"1024\" srcset=\"https:\/\/blog.erm.ee\/wp-content\/uploads\/2015\/09\/1507_171-690x1024.jpg 690w, https:\/\/blog.erm.ee\/wp-content\/uploads\/2015\/09\/1507_171-175x260.jpg 175w, https:\/\/blog.erm.ee\/wp-content\/uploads\/2015\/09\/1507_171-202x300.jpg 202w, https:\/\/blog.erm.ee\/wp-content\/uploads\/2015\/09\/1507_171.jpg 809w\" sizes=\"auto, (max-width: 690px) 100vw, 690px\" \/><\/a><\/p>\n<p style=\"text-align: center;\"><em>Fk 1507: 17. Kunstnik-restauraatori kutsetunnistuse k\u00e4tteandmine Lehti Konsinile ja Arnold K\u00e4rbole (29.04.1967).<\/em><\/p>\n<p><a href=\"https:\/\/blog.erm.ee\/wp-content\/uploads\/2015\/09\/1559_61.jpg\"><img loading=\"lazy\" decoding=\"async\" data-attachment-id=\"6854\" data-permalink=\"https:\/\/blog.erm.ee\/?attachment_id=6854#main\" data-orig-file=\"https:\/\/blog.erm.ee\/wp-content\/uploads\/2015\/09\/1559_61.jpg\" data-orig-size=\"1200,799\" data-comments-opened=\"1\" data-image-meta=\"{&quot;aperture&quot;:&quot;0&quot;,&quot;credit&quot;:&quot;&quot;,&quot;camera&quot;:&quot;&quot;,&quot;caption&quot;:&quot;&quot;,&quot;created_timestamp&quot;:&quot;1424253490&quot;,&quot;copyright&quot;:&quot;&quot;,&quot;focal_length&quot;:&quot;0&quot;,&quot;iso&quot;:&quot;0&quot;,&quot;shutter_speed&quot;:&quot;0&quot;,&quot;title&quot;:&quot;&quot;,&quot;orientation&quot;:&quot;0&quot;}\" data-image-title=\"1559_6\" data-image-description=\"\" data-image-caption=\"\" data-large-file=\"https:\/\/blog.erm.ee\/wp-content\/uploads\/2015\/09\/1559_61-1024x682.jpg\" class=\"alignnone size-large wp-image-6854\" src=\"https:\/\/blog.erm.ee\/wp-content\/uploads\/2015\/09\/1559_61-1024x682.jpg\" alt=\"1559_6\" width=\"700\" height=\"466\" srcset=\"https:\/\/blog.erm.ee\/wp-content\/uploads\/2015\/09\/1559_61-1024x682.jpg 1024w, https:\/\/blog.erm.ee\/wp-content\/uploads\/2015\/09\/1559_61-390x260.jpg 390w, https:\/\/blog.erm.ee\/wp-content\/uploads\/2015\/09\/1559_61-300x200.jpg 300w, https:\/\/blog.erm.ee\/wp-content\/uploads\/2015\/09\/1559_61.jpg 1200w\" sizes=\"auto, (max-width: 700px) 100vw, 700px\" \/><\/a><\/p>\n<p style=\"text-align: center;\"><em>ERM Fk 1559:6. Vaade ERMi restaureerimislaboratooriumile. Laboratooriumi juhataja sm. H. Veroman.<\/em><\/p>\n<p><a href=\"https:\/\/blog.erm.ee\/wp-content\/uploads\/2015\/09\/1689_11.jpg\"><img loading=\"lazy\" decoding=\"async\" data-attachment-id=\"6855\" data-permalink=\"https:\/\/blog.erm.ee\/?attachment_id=6855#main\" data-orig-file=\"https:\/\/blog.erm.ee\/wp-content\/uploads\/2015\/09\/1689_11.jpg\" data-orig-size=\"1200,804\" data-comments-opened=\"1\" data-image-meta=\"{&quot;aperture&quot;:&quot;0&quot;,&quot;credit&quot;:&quot;&quot;,&quot;camera&quot;:&quot;&quot;,&quot;caption&quot;:&quot;&quot;,&quot;created_timestamp&quot;:&quot;1424253679&quot;,&quot;copyright&quot;:&quot;&quot;,&quot;focal_length&quot;:&quot;0&quot;,&quot;iso&quot;:&quot;0&quot;,&quot;shutter_speed&quot;:&quot;0&quot;,&quot;title&quot;:&quot;&quot;,&quot;orientation&quot;:&quot;0&quot;}\" data-image-title=\"1689_1\" data-image-description=\"\" data-image-caption=\"\" data-large-file=\"https:\/\/blog.erm.ee\/wp-content\/uploads\/2015\/09\/1689_11-1024x686.jpg\" class=\"alignnone size-large wp-image-6855\" src=\"https:\/\/blog.erm.ee\/wp-content\/uploads\/2015\/09\/1689_11-1024x686.jpg\" alt=\"1689_1\" width=\"700\" height=\"469\" srcset=\"https:\/\/blog.erm.ee\/wp-content\/uploads\/2015\/09\/1689_11-1024x686.jpg 1024w, https:\/\/blog.erm.ee\/wp-content\/uploads\/2015\/09\/1689_11-388x260.jpg 388w, https:\/\/blog.erm.ee\/wp-content\/uploads\/2015\/09\/1689_11-300x201.jpg 300w, https:\/\/blog.erm.ee\/wp-content\/uploads\/2015\/09\/1689_11.jpg 1200w\" sizes=\"auto, (max-width: 700px) 100vw, 700px\" \/><\/a><\/p>\n<p style=\"text-align: center;\"><em>Fk 1689: 1. Kunstnik-restauraator Rein Olli v\u00e4lit\u00f6\u00f6del.<\/em><\/p>\n<p><a href=\"https:\/\/blog.erm.ee\/wp-content\/uploads\/2015\/09\/1768_41.jpg\"><img loading=\"lazy\" decoding=\"async\" data-attachment-id=\"6856\" data-permalink=\"https:\/\/blog.erm.ee\/?attachment_id=6856#main\" data-orig-file=\"https:\/\/blog.erm.ee\/wp-content\/uploads\/2015\/09\/1768_41.jpg\" data-orig-size=\"878,1200\" data-comments-opened=\"1\" data-image-meta=\"{&quot;aperture&quot;:&quot;0&quot;,&quot;credit&quot;:&quot;&quot;,&quot;camera&quot;:&quot;&quot;,&quot;caption&quot;:&quot;&quot;,&quot;created_timestamp&quot;:&quot;0&quot;,&quot;copyright&quot;:&quot;&quot;,&quot;focal_length&quot;:&quot;0&quot;,&quot;iso&quot;:&quot;0&quot;,&quot;shutter_speed&quot;:&quot;0&quot;,&quot;title&quot;:&quot;&quot;,&quot;orientation&quot;:&quot;0&quot;}\" data-image-title=\"1768_4\" data-image-description=\"\" data-image-caption=\"\" data-large-file=\"https:\/\/blog.erm.ee\/wp-content\/uploads\/2015\/09\/1768_41-749x1024.jpg\" class=\"alignnone size-large wp-image-6856\" src=\"https:\/\/blog.erm.ee\/wp-content\/uploads\/2015\/09\/1768_41-749x1024.jpg\" alt=\"1768_4\" width=\"700\" height=\"957\" srcset=\"https:\/\/blog.erm.ee\/wp-content\/uploads\/2015\/09\/1768_41-749x1024.jpg 749w, https:\/\/blog.erm.ee\/wp-content\/uploads\/2015\/09\/1768_41-190x260.jpg 190w, https:\/\/blog.erm.ee\/wp-content\/uploads\/2015\/09\/1768_41-220x300.jpg 220w, https:\/\/blog.erm.ee\/wp-content\/uploads\/2015\/09\/1768_41.jpg 878w\" sizes=\"auto, (max-width: 700px) 100vw, 700px\" \/><\/a><\/p>\n<p style=\"text-align: center;\"><em>ERM Fk 1768:4. Vasakult (istuvad) restaureerimislabori juhataja Arnold K\u00e4rbo, restauraator Rein Olli, (seisab) Annes Hermann.<\/em><\/p>\n<p><a href=\"https:\/\/blog.erm.ee\/wp-content\/uploads\/2015\/09\/2023_61.jpg\"><img loading=\"lazy\" decoding=\"async\" data-attachment-id=\"6857\" data-permalink=\"https:\/\/blog.erm.ee\/?attachment_id=6857#main\" data-orig-file=\"https:\/\/blog.erm.ee\/wp-content\/uploads\/2015\/09\/2023_61.jpg\" data-orig-size=\"1200,860\" data-comments-opened=\"1\" data-image-meta=\"{&quot;aperture&quot;:&quot;0&quot;,&quot;credit&quot;:&quot;&quot;,&quot;camera&quot;:&quot;&quot;,&quot;caption&quot;:&quot;&quot;,&quot;created_timestamp&quot;:&quot;1424253503&quot;,&quot;copyright&quot;:&quot;&quot;,&quot;focal_length&quot;:&quot;0&quot;,&quot;iso&quot;:&quot;0&quot;,&quot;shutter_speed&quot;:&quot;0&quot;,&quot;title&quot;:&quot;&quot;,&quot;orientation&quot;:&quot;0&quot;}\" data-image-title=\"2023_6\" data-image-description=\"\" data-image-caption=\"\" data-large-file=\"https:\/\/blog.erm.ee\/wp-content\/uploads\/2015\/09\/2023_61-1024x734.jpg\" class=\"alignnone size-large wp-image-6857\" src=\"https:\/\/blog.erm.ee\/wp-content\/uploads\/2015\/09\/2023_61-1024x734.jpg\" alt=\"2023_6\" width=\"700\" height=\"502\" srcset=\"https:\/\/blog.erm.ee\/wp-content\/uploads\/2015\/09\/2023_61-1024x734.jpg 1024w, https:\/\/blog.erm.ee\/wp-content\/uploads\/2015\/09\/2023_61-363x260.jpg 363w, https:\/\/blog.erm.ee\/wp-content\/uploads\/2015\/09\/2023_61-300x215.jpg 300w, https:\/\/blog.erm.ee\/wp-content\/uploads\/2015\/09\/2023_61.jpg 1200w\" sizes=\"auto, (max-width: 700px) 100vw, 700px\" \/><\/a><\/p>\n<p style=\"text-align: center;\"><em>Fk 2023: 6. Restaureerimislabori juhataja Sirje H\u00e4rmas ja kunstnik-restauraator Rein Olli.<\/em><\/p>\n<p><a href=\"https:\/\/blog.erm.ee\/wp-content\/uploads\/2015\/09\/2219_81.jpg\"><img loading=\"lazy\" decoding=\"async\" data-attachment-id=\"6858\" data-permalink=\"https:\/\/blog.erm.ee\/?attachment_id=6858#main\" data-orig-file=\"https:\/\/blog.erm.ee\/wp-content\/uploads\/2015\/09\/2219_81.jpg\" data-orig-size=\"1200,781\" data-comments-opened=\"1\" data-image-meta=\"{&quot;aperture&quot;:&quot;0&quot;,&quot;credit&quot;:&quot;&quot;,&quot;camera&quot;:&quot;&quot;,&quot;caption&quot;:&quot;&quot;,&quot;created_timestamp&quot;:&quot;1424253665&quot;,&quot;copyright&quot;:&quot;&quot;,&quot;focal_length&quot;:&quot;0&quot;,&quot;iso&quot;:&quot;0&quot;,&quot;shutter_speed&quot;:&quot;0&quot;,&quot;title&quot;:&quot;&quot;,&quot;orientation&quot;:&quot;0&quot;}\" data-image-title=\"2219_8\" data-image-description=\"\" data-image-caption=\"\" data-large-file=\"https:\/\/blog.erm.ee\/wp-content\/uploads\/2015\/09\/2219_81-1024x666.jpg\" class=\"alignnone size-large wp-image-6858\" src=\"https:\/\/blog.erm.ee\/wp-content\/uploads\/2015\/09\/2219_81-1024x666.jpg\" alt=\"2219_8\" width=\"700\" height=\"455\" srcset=\"https:\/\/blog.erm.ee\/wp-content\/uploads\/2015\/09\/2219_81-1024x666.jpg 1024w, https:\/\/blog.erm.ee\/wp-content\/uploads\/2015\/09\/2219_81-399x260.jpg 399w, https:\/\/blog.erm.ee\/wp-content\/uploads\/2015\/09\/2219_81-300x195.jpg 300w, https:\/\/blog.erm.ee\/wp-content\/uploads\/2015\/09\/2219_81.jpg 1200w\" sizes=\"auto, (max-width: 700px) 100vw, 700px\" \/><\/a><\/p>\n<p style=\"text-align: center;\"><em>Fk 2219: 8. Restaureerimisosakonna juhataja Lea Raichmann.<\/em><\/p>\n<p><a href=\"https:\/\/blog.erm.ee\/wp-content\/uploads\/2015\/09\/039086_ERM_Fk_2758_3.jpg\"><img loading=\"lazy\" decoding=\"async\" data-attachment-id=\"6862\" data-permalink=\"https:\/\/blog.erm.ee\/?attachment_id=6862#main\" data-orig-file=\"https:\/\/blog.erm.ee\/wp-content\/uploads\/2015\/09\/039086_ERM_Fk_2758_3.jpg\" data-orig-size=\"1200,786\" data-comments-opened=\"1\" data-image-meta=\"{&quot;aperture&quot;:&quot;0&quot;,&quot;credit&quot;:&quot;&quot;,&quot;camera&quot;:&quot;&quot;,&quot;caption&quot;:&quot;&quot;,&quot;created_timestamp&quot;:&quot;0&quot;,&quot;copyright&quot;:&quot;&quot;,&quot;focal_length&quot;:&quot;0&quot;,&quot;iso&quot;:&quot;0&quot;,&quot;shutter_speed&quot;:&quot;0&quot;,&quot;title&quot;:&quot;&quot;,&quot;orientation&quot;:&quot;0&quot;}\" data-image-title=\"039086_ERM_Fk_2758_3\" data-image-description=\"\" data-image-caption=\"\" data-large-file=\"https:\/\/blog.erm.ee\/wp-content\/uploads\/2015\/09\/039086_ERM_Fk_2758_3-1024x671.jpg\" class=\"alignnone size-large wp-image-6862\" src=\"https:\/\/blog.erm.ee\/wp-content\/uploads\/2015\/09\/039086_ERM_Fk_2758_3-1024x671.jpg\" alt=\"039086_ERM_Fk_2758_3\" width=\"700\" height=\"459\" srcset=\"https:\/\/blog.erm.ee\/wp-content\/uploads\/2015\/09\/039086_ERM_Fk_2758_3-1024x671.jpg 1024w, https:\/\/blog.erm.ee\/wp-content\/uploads\/2015\/09\/039086_ERM_Fk_2758_3-397x260.jpg 397w, https:\/\/blog.erm.ee\/wp-content\/uploads\/2015\/09\/039086_ERM_Fk_2758_3-300x197.jpg 300w, https:\/\/blog.erm.ee\/wp-content\/uploads\/2015\/09\/039086_ERM_Fk_2758_3.jpg 1200w\" sizes=\"auto, (max-width: 700px) 100vw, 700px\" \/><\/a><\/p>\n<p style=\"text-align: center;\"><em>Fk 2758: 3. Tekstiilikonservaator Laili Kuusma restaureerimas ratsar\u00fcgemendi lippu, 1990ndad.<\/em><\/p>\n<p><a href=\"https:\/\/blog.erm.ee\/wp-content\/uploads\/2015\/09\/039117_ERM_Fk_2758_34.jpg\"><img loading=\"lazy\" decoding=\"async\" data-attachment-id=\"6863\" data-permalink=\"https:\/\/blog.erm.ee\/?attachment_id=6863#main\" data-orig-file=\"https:\/\/blog.erm.ee\/wp-content\/uploads\/2015\/09\/039117_ERM_Fk_2758_34.jpg\" data-orig-size=\"1200,778\" data-comments-opened=\"1\" data-image-meta=\"{&quot;aperture&quot;:&quot;0&quot;,&quot;credit&quot;:&quot;&quot;,&quot;camera&quot;:&quot;&quot;,&quot;caption&quot;:&quot;&quot;,&quot;created_timestamp&quot;:&quot;0&quot;,&quot;copyright&quot;:&quot;&quot;,&quot;focal_length&quot;:&quot;0&quot;,&quot;iso&quot;:&quot;0&quot;,&quot;shutter_speed&quot;:&quot;0&quot;,&quot;title&quot;:&quot;&quot;,&quot;orientation&quot;:&quot;0&quot;}\" data-image-title=\"039117_ERM_Fk_2758_34\" data-image-description=\"\" data-image-caption=\"\" data-large-file=\"https:\/\/blog.erm.ee\/wp-content\/uploads\/2015\/09\/039117_ERM_Fk_2758_34-1024x664.jpg\" class=\"alignnone size-large wp-image-6863\" src=\"https:\/\/blog.erm.ee\/wp-content\/uploads\/2015\/09\/039117_ERM_Fk_2758_34-1024x664.jpg\" alt=\"039117_ERM_Fk_2758_34\" width=\"700\" height=\"454\" srcset=\"https:\/\/blog.erm.ee\/wp-content\/uploads\/2015\/09\/039117_ERM_Fk_2758_34-1024x664.jpg 1024w, https:\/\/blog.erm.ee\/wp-content\/uploads\/2015\/09\/039117_ERM_Fk_2758_34-401x260.jpg 401w, https:\/\/blog.erm.ee\/wp-content\/uploads\/2015\/09\/039117_ERM_Fk_2758_34-300x195.jpg 300w, https:\/\/blog.erm.ee\/wp-content\/uploads\/2015\/09\/039117_ERM_Fk_2758_34.jpg 1200w\" sizes=\"auto, (max-width: 700px) 100vw, 700px\" \/><\/a><\/p>\n<p style=\"text-align: center;\"><em>Fk 2758: 34. ERMi konservaatorid, 1990ndad.<\/em><\/p>\n<p><a href=\"https:\/\/blog.erm.ee\/wp-content\/uploads\/2015\/09\/039129_ERM_Fk_2758_46.jpg\"><img loading=\"lazy\" decoding=\"async\" data-attachment-id=\"6864\" data-permalink=\"https:\/\/blog.erm.ee\/?attachment_id=6864#main\" data-orig-file=\"https:\/\/blog.erm.ee\/wp-content\/uploads\/2015\/09\/039129_ERM_Fk_2758_46.jpg\" data-orig-size=\"1200,773\" data-comments-opened=\"1\" data-image-meta=\"{&quot;aperture&quot;:&quot;0&quot;,&quot;credit&quot;:&quot;&quot;,&quot;camera&quot;:&quot;&quot;,&quot;caption&quot;:&quot;&quot;,&quot;created_timestamp&quot;:&quot;0&quot;,&quot;copyright&quot;:&quot;&quot;,&quot;focal_length&quot;:&quot;0&quot;,&quot;iso&quot;:&quot;0&quot;,&quot;shutter_speed&quot;:&quot;0&quot;,&quot;title&quot;:&quot;&quot;,&quot;orientation&quot;:&quot;0&quot;}\" data-image-title=\"039129_ERM_Fk_2758_46\" data-image-description=\"\" data-image-caption=\"\" data-large-file=\"https:\/\/blog.erm.ee\/wp-content\/uploads\/2015\/09\/039129_ERM_Fk_2758_46-1024x660.jpg\" class=\"alignnone size-large wp-image-6864\" src=\"https:\/\/blog.erm.ee\/wp-content\/uploads\/2015\/09\/039129_ERM_Fk_2758_46-1024x660.jpg\" alt=\"039129_ERM_Fk_2758_46\" width=\"700\" height=\"451\" srcset=\"https:\/\/blog.erm.ee\/wp-content\/uploads\/2015\/09\/039129_ERM_Fk_2758_46-1024x660.jpg 1024w, https:\/\/blog.erm.ee\/wp-content\/uploads\/2015\/09\/039129_ERM_Fk_2758_46-404x260.jpg 404w, https:\/\/blog.erm.ee\/wp-content\/uploads\/2015\/09\/039129_ERM_Fk_2758_46-300x193.jpg 300w, https:\/\/blog.erm.ee\/wp-content\/uploads\/2015\/09\/039129_ERM_Fk_2758_46.jpg 1200w\" sizes=\"auto, (max-width: 700px) 100vw, 700px\" \/><\/a><\/p>\n<p style=\"text-align: center;\"><em>ERM Fk 2758:46. Tekstiilikonservaator Maire Kuningas.<\/em><\/p>\n<p style=\"text-align: center;\"><a href=\"https:\/\/blog.erm.ee\/wp-content\/uploads\/2015\/09\/039306_ERM_Fk_2758_229.jpg\"><img loading=\"lazy\" decoding=\"async\" data-attachment-id=\"6866\" data-permalink=\"https:\/\/blog.erm.ee\/?attachment_id=6866#main\" data-orig-file=\"https:\/\/blog.erm.ee\/wp-content\/uploads\/2015\/09\/039306_ERM_Fk_2758_229.jpg\" data-orig-size=\"1200,768\" data-comments-opened=\"1\" data-image-meta=\"{&quot;aperture&quot;:&quot;0&quot;,&quot;credit&quot;:&quot;&quot;,&quot;camera&quot;:&quot;&quot;,&quot;caption&quot;:&quot;&quot;,&quot;created_timestamp&quot;:&quot;0&quot;,&quot;copyright&quot;:&quot;&quot;,&quot;focal_length&quot;:&quot;0&quot;,&quot;iso&quot;:&quot;0&quot;,&quot;shutter_speed&quot;:&quot;0&quot;,&quot;title&quot;:&quot;&quot;,&quot;orientation&quot;:&quot;0&quot;}\" data-image-title=\"039306_ERM_Fk_2758_229\" data-image-description=\"\" data-image-caption=\"\" data-large-file=\"https:\/\/blog.erm.ee\/wp-content\/uploads\/2015\/09\/039306_ERM_Fk_2758_229-1024x655.jpg\" class=\"alignnone size-large wp-image-6866\" src=\"https:\/\/blog.erm.ee\/wp-content\/uploads\/2015\/09\/039306_ERM_Fk_2758_229-1024x655.jpg\" alt=\"039306_ERM_Fk_2758_229\" width=\"700\" height=\"448\" srcset=\"https:\/\/blog.erm.ee\/wp-content\/uploads\/2015\/09\/039306_ERM_Fk_2758_229-1024x655.jpg 1024w, https:\/\/blog.erm.ee\/wp-content\/uploads\/2015\/09\/039306_ERM_Fk_2758_229-406x260.jpg 406w, https:\/\/blog.erm.ee\/wp-content\/uploads\/2015\/09\/039306_ERM_Fk_2758_229-300x192.jpg 300w, https:\/\/blog.erm.ee\/wp-content\/uploads\/2015\/09\/039306_ERM_Fk_2758_229.jpg 1200w\" sizes=\"auto, (max-width: 700px) 100vw, 700px\" \/><\/a><\/p>\n<p style=\"text-align: center;\"><em>Fk 2758: 229. Enno Rennit nahakonservaatori t\u00f6\u00f6ruumides.<\/em><\/p>\n<p><a href=\"https:\/\/blog.erm.ee\/wp-content\/uploads\/2015\/09\/2758_1151.jpg\"><img loading=\"lazy\" decoding=\"async\" data-attachment-id=\"6859\" data-permalink=\"https:\/\/blog.erm.ee\/?attachment_id=6859#main\" data-orig-file=\"https:\/\/blog.erm.ee\/wp-content\/uploads\/2015\/09\/2758_1151.jpg\" data-orig-size=\"1200,798\" data-comments-opened=\"1\" data-image-meta=\"{&quot;aperture&quot;:&quot;0&quot;,&quot;credit&quot;:&quot;&quot;,&quot;camera&quot;:&quot;&quot;,&quot;caption&quot;:&quot;&quot;,&quot;created_timestamp&quot;:&quot;1424253719&quot;,&quot;copyright&quot;:&quot;&quot;,&quot;focal_length&quot;:&quot;0&quot;,&quot;iso&quot;:&quot;0&quot;,&quot;shutter_speed&quot;:&quot;0&quot;,&quot;title&quot;:&quot;&quot;,&quot;orientation&quot;:&quot;0&quot;}\" data-image-title=\"2758_115\" data-image-description=\"\" data-image-caption=\"\" data-large-file=\"https:\/\/blog.erm.ee\/wp-content\/uploads\/2015\/09\/2758_1151-1024x681.jpg\" class=\"alignnone size-large wp-image-6859\" src=\"https:\/\/blog.erm.ee\/wp-content\/uploads\/2015\/09\/2758_1151-1024x681.jpg\" alt=\"2758_115\" width=\"700\" height=\"466\" srcset=\"https:\/\/blog.erm.ee\/wp-content\/uploads\/2015\/09\/2758_1151-1024x681.jpg 1024w, https:\/\/blog.erm.ee\/wp-content\/uploads\/2015\/09\/2758_1151-391x260.jpg 391w, https:\/\/blog.erm.ee\/wp-content\/uploads\/2015\/09\/2758_1151-300x200.jpg 300w, https:\/\/blog.erm.ee\/wp-content\/uploads\/2015\/09\/2758_1151.jpg 1200w\" sizes=\"auto, (max-width: 700px) 100vw, 700px\" \/><\/a><\/p>\n<p style=\"text-align: center;\"><em>ERM Fk 2758:115. Restauraatorid Tartu Restauraatorite Klubi n\u00e4itusel \u201eEnnistatud kultuuriv\u00e4\u00e4rtusi\u201c.<\/em><\/p>\n<p><a href=\"https:\/\/blog.erm.ee\/wp-content\/uploads\/2015\/09\/039302_ERM_Fk_2758_225.jpg\"><img loading=\"lazy\" decoding=\"async\" data-attachment-id=\"6865\" data-permalink=\"https:\/\/blog.erm.ee\/?attachment_id=6865#main\" data-orig-file=\"https:\/\/blog.erm.ee\/wp-content\/uploads\/2015\/09\/039302_ERM_Fk_2758_225.jpg\" data-orig-size=\"1200,762\" data-comments-opened=\"1\" data-image-meta=\"{&quot;aperture&quot;:&quot;0&quot;,&quot;credit&quot;:&quot;&quot;,&quot;camera&quot;:&quot;&quot;,&quot;caption&quot;:&quot;&quot;,&quot;created_timestamp&quot;:&quot;0&quot;,&quot;copyright&quot;:&quot;&quot;,&quot;focal_length&quot;:&quot;0&quot;,&quot;iso&quot;:&quot;0&quot;,&quot;shutter_speed&quot;:&quot;0&quot;,&quot;title&quot;:&quot;&quot;,&quot;orientation&quot;:&quot;0&quot;}\" data-image-title=\"039302_ERM_Fk_2758_225\" data-image-description=\"\" data-image-caption=\"\" data-large-file=\"https:\/\/blog.erm.ee\/wp-content\/uploads\/2015\/09\/039302_ERM_Fk_2758_225-1024x650.jpg\" class=\"alignnone size-large wp-image-6865\" src=\"https:\/\/blog.erm.ee\/wp-content\/uploads\/2015\/09\/039302_ERM_Fk_2758_225-1024x650.jpg\" alt=\"039302_ERM_Fk_2758_225\" width=\"700\" height=\"444\" srcset=\"https:\/\/blog.erm.ee\/wp-content\/uploads\/2015\/09\/039302_ERM_Fk_2758_225-1024x650.jpg 1024w, https:\/\/blog.erm.ee\/wp-content\/uploads\/2015\/09\/039302_ERM_Fk_2758_225-409x260.jpg 409w, https:\/\/blog.erm.ee\/wp-content\/uploads\/2015\/09\/039302_ERM_Fk_2758_225-300x191.jpg 300w, https:\/\/blog.erm.ee\/wp-content\/uploads\/2015\/09\/039302_ERM_Fk_2758_225.jpg 1200w\" sizes=\"auto, (max-width: 700px) 100vw, 700px\" \/><\/a><\/p>\n<p style=\"text-align: center;\"><em>ERM Fk 2758:225. ERMi puidukonservaatorite t\u00f6\u00f6ruum.<\/em><\/p>\n<p><a href=\"https:\/\/blog.erm.ee\/wp-content\/uploads\/2015\/09\/Arvi_21.jpg\"><img loading=\"lazy\" decoding=\"async\" data-attachment-id=\"6871\" data-permalink=\"https:\/\/blog.erm.ee\/?attachment_id=6871#main\" data-orig-file=\"https:\/\/blog.erm.ee\/wp-content\/uploads\/2015\/09\/Arvi_21.jpg\" data-orig-size=\"1200,770\" data-comments-opened=\"1\" data-image-meta=\"{&quot;aperture&quot;:&quot;0&quot;,&quot;credit&quot;:&quot;&quot;,&quot;camera&quot;:&quot;&quot;,&quot;caption&quot;:&quot;&quot;,&quot;created_timestamp&quot;:&quot;1424255319&quot;,&quot;copyright&quot;:&quot;&quot;,&quot;focal_length&quot;:&quot;0&quot;,&quot;iso&quot;:&quot;0&quot;,&quot;shutter_speed&quot;:&quot;0&quot;,&quot;title&quot;:&quot;&quot;,&quot;orientation&quot;:&quot;0&quot;}\" data-image-title=\"Arvi_2\" data-image-description=\"\" data-image-caption=\"\" data-large-file=\"https:\/\/blog.erm.ee\/wp-content\/uploads\/2015\/09\/Arvi_21-1024x657.jpg\" class=\"alignnone size-large wp-image-6871\" src=\"https:\/\/blog.erm.ee\/wp-content\/uploads\/2015\/09\/Arvi_21-1024x657.jpg\" alt=\"Arvi_2\" width=\"700\" height=\"449\" srcset=\"https:\/\/blog.erm.ee\/wp-content\/uploads\/2015\/09\/Arvi_21-1024x657.jpg 1024w, https:\/\/blog.erm.ee\/wp-content\/uploads\/2015\/09\/Arvi_21-405x260.jpg 405w, https:\/\/blog.erm.ee\/wp-content\/uploads\/2015\/09\/Arvi_21-300x193.jpg 300w, https:\/\/blog.erm.ee\/wp-content\/uploads\/2015\/09\/Arvi_21.jpg 1200w\" sizes=\"auto, (max-width: 700px) 100vw, 700px\" \/><\/a><\/p>\n<p style=\"text-align: center;\"><em>N\u00e4ituse &#8220;Talupere tubased t\u00f6\u00f6d&#8221; raames toimunud puulusikate tegemise \u00f5pituba Veski 32 teise korruse koridoris. Esiplaanil restauraatorid Arvi Tragel (vasakul) ja Roland Suits, tagaplaanil koguhoidja \u00dclle J\u00e4e, oktoober 1992.<\/em><\/p>\n<p style=\"text-align: center;\"><a href=\"https:\/\/blog.erm.ee\/wp-content\/uploads\/2015\/09\/Arvi_31.jpg\"><img loading=\"lazy\" decoding=\"async\" data-attachment-id=\"6872\" data-permalink=\"https:\/\/blog.erm.ee\/?attachment_id=6872#main\" data-orig-file=\"https:\/\/blog.erm.ee\/wp-content\/uploads\/2015\/09\/Arvi_31.jpg\" data-orig-size=\"1200,796\" data-comments-opened=\"1\" data-image-meta=\"{&quot;aperture&quot;:&quot;0&quot;,&quot;credit&quot;:&quot;&quot;,&quot;camera&quot;:&quot;&quot;,&quot;caption&quot;:&quot;&quot;,&quot;created_timestamp&quot;:&quot;1424255363&quot;,&quot;copyright&quot;:&quot;&quot;,&quot;focal_length&quot;:&quot;0&quot;,&quot;iso&quot;:&quot;0&quot;,&quot;shutter_speed&quot;:&quot;0&quot;,&quot;title&quot;:&quot;&quot;,&quot;orientation&quot;:&quot;0&quot;}\" data-image-title=\"Arvi_3\" data-image-description=\"\" data-image-caption=\"\" data-large-file=\"https:\/\/blog.erm.ee\/wp-content\/uploads\/2015\/09\/Arvi_31-1024x679.jpg\" class=\"alignnone size-large wp-image-6872\" src=\"https:\/\/blog.erm.ee\/wp-content\/uploads\/2015\/09\/Arvi_31-1024x679.jpg\" alt=\"Arvi_3\" width=\"700\" height=\"464\" srcset=\"https:\/\/blog.erm.ee\/wp-content\/uploads\/2015\/09\/Arvi_31-1024x679.jpg 1024w, https:\/\/blog.erm.ee\/wp-content\/uploads\/2015\/09\/Arvi_31-392x260.jpg 392w, https:\/\/blog.erm.ee\/wp-content\/uploads\/2015\/09\/Arvi_31-300x199.jpg 300w, https:\/\/blog.erm.ee\/wp-content\/uploads\/2015\/09\/Arvi_31.jpg 1200w\" sizes=\"auto, (max-width: 700px) 100vw, 700px\" \/><\/a><\/p>\n<p style=\"text-align: center;\"><em>ERMi puidukonservaatorite t\u00f6\u00f6ruum Pauluse kiriku k\u00e4\u00e4rkambris. Sahtli kallal nokitseb Indrek Tirrul, sahtlis pikutab Arvi Trageli toona 3aastane t\u00fctar Elli Marie.<\/em><\/p>\n<p style=\"text-align: center;\"><a href=\"https:\/\/blog.erm.ee\/wp-content\/uploads\/2015\/09\/Indrek_61.jpg\"><img loading=\"lazy\" decoding=\"async\" data-attachment-id=\"6873\" data-permalink=\"https:\/\/blog.erm.ee\/?attachment_id=6873#main\" data-orig-file=\"https:\/\/blog.erm.ee\/wp-content\/uploads\/2015\/09\/Indrek_61.jpg\" data-orig-size=\"1200,800\" data-comments-opened=\"1\" data-image-meta=\"{&quot;aperture&quot;:&quot;0&quot;,&quot;credit&quot;:&quot;&quot;,&quot;camera&quot;:&quot;&quot;,&quot;caption&quot;:&quot;&quot;,&quot;created_timestamp&quot;:&quot;1424254818&quot;,&quot;copyright&quot;:&quot;&quot;,&quot;focal_length&quot;:&quot;0&quot;,&quot;iso&quot;:&quot;0&quot;,&quot;shutter_speed&quot;:&quot;0&quot;,&quot;title&quot;:&quot;&quot;,&quot;orientation&quot;:&quot;0&quot;}\" data-image-title=\"Indrek_6\" data-image-description=\"\" data-image-caption=\"\" data-large-file=\"https:\/\/blog.erm.ee\/wp-content\/uploads\/2015\/09\/Indrek_61-1024x683.jpg\" class=\"alignnone size-large wp-image-6873\" src=\"https:\/\/blog.erm.ee\/wp-content\/uploads\/2015\/09\/Indrek_61-1024x683.jpg\" alt=\"Indrek_6\" width=\"700\" height=\"467\" srcset=\"https:\/\/blog.erm.ee\/wp-content\/uploads\/2015\/09\/Indrek_61-1024x683.jpg 1024w, https:\/\/blog.erm.ee\/wp-content\/uploads\/2015\/09\/Indrek_61-390x260.jpg 390w, https:\/\/blog.erm.ee\/wp-content\/uploads\/2015\/09\/Indrek_61-300x200.jpg 300w, https:\/\/blog.erm.ee\/wp-content\/uploads\/2015\/09\/Indrek_61.jpg 1200w\" sizes=\"auto, (max-width: 700px) 100vw, 700px\" \/><\/a><\/p>\n<p style=\"text-align: center;\"><em>ERMi puidukonservaatorite t\u00f6\u00f6ruum Pauluse kiriku k\u00e4\u00e4rkambris. Esiplaanil Indrek Tirrul, taga Roland Suits.<\/em><\/p>\n<p style=\"text-align: center;\"><a href=\"https:\/\/blog.erm.ee\/wp-content\/uploads\/2015\/09\/Karoliine_21.jpg\"><img loading=\"lazy\" decoding=\"async\" data-attachment-id=\"6874\" data-permalink=\"https:\/\/blog.erm.ee\/?attachment_id=6874#main\" data-orig-file=\"https:\/\/blog.erm.ee\/wp-content\/uploads\/2015\/09\/Karoliine_21.jpg\" data-orig-size=\"1200,800\" data-comments-opened=\"1\" data-image-meta=\"{&quot;aperture&quot;:&quot;0&quot;,&quot;credit&quot;:&quot;&quot;,&quot;camera&quot;:&quot;&quot;,&quot;caption&quot;:&quot;&quot;,&quot;created_timestamp&quot;:&quot;0&quot;,&quot;copyright&quot;:&quot;&quot;,&quot;focal_length&quot;:&quot;0&quot;,&quot;iso&quot;:&quot;0&quot;,&quot;shutter_speed&quot;:&quot;0&quot;,&quot;title&quot;:&quot;&quot;,&quot;orientation&quot;:&quot;0&quot;}\" data-image-title=\"Karoliine_2\" data-image-description=\"\" data-image-caption=\"\" data-large-file=\"https:\/\/blog.erm.ee\/wp-content\/uploads\/2015\/09\/Karoliine_21-1024x683.jpg\" class=\"alignnone size-large wp-image-6874\" src=\"https:\/\/blog.erm.ee\/wp-content\/uploads\/2015\/09\/Karoliine_21-1024x683.jpg\" alt=\"Karoliine_2\" width=\"700\" height=\"467\" srcset=\"https:\/\/blog.erm.ee\/wp-content\/uploads\/2015\/09\/Karoliine_21-1024x683.jpg 1024w, https:\/\/blog.erm.ee\/wp-content\/uploads\/2015\/09\/Karoliine_21-390x260.jpg 390w, https:\/\/blog.erm.ee\/wp-content\/uploads\/2015\/09\/Karoliine_21-300x200.jpg 300w, https:\/\/blog.erm.ee\/wp-content\/uploads\/2015\/09\/Karoliine_21.jpg 1200w\" sizes=\"auto, (max-width: 700px) 100vw, 700px\" \/><\/a><\/p>\n<p style=\"text-align: center;\"><em>ERMi konservaatorid Eesti Muuseumide aastaauhindade galal 2015. a jaanuaris: (vasakult) Indrek Tirrul, Mariliis Vaks, Triinu Siilbek, osakonnajuhataja Kristiina Piirisild, Karoliine Korol, Karl-Erik Hiiemaa, Tatjana Enok, Laili Kuusma, Janika Turu, Eve Kasearu.<\/em><\/p>\n<div class=\"fcbkbttn_buttons_block\" id=\"fcbkbttn_left\"><div class=\"fcbkbttn_like \"><fb:like href=\"https:\/\/blog.erm.ee\/?p=6776\" action=\"like\" colorscheme=\"light\" layout=\"standard\"  width=\"225px\" size=\"small\"><\/fb:like><\/div><div class=\"fb-share-button  \" data-href=\"https:\/\/blog.erm.ee\/?p=6776\" data-type=\"button\" data-size=\"small\"><\/div><\/div>","protected":false},"excerpt":{"rendered":"<p>&nbsp; Tekst: Eesti Rahva Muuseumi konserveerimisosakond Septembrikuu m\u00f6\u00f6dub Eesti Rahva Muuseumi konserveerimisosakonna jaoks siginas-saginas, et enne suurt p\u00e4eva &#8211; 30. septembrit &#8211; k\u00f5ik ettevalmistused juubelikonverentsi ja -n\u00e4ituse avamiseks valmis saada. Nimelt, kutsume k\u00f5iki endisi ja praeguseid kolleege, koost\u00f6\u00f6partnerid, s\u00f5pru ja asjahuvilisi konverentsile, mille p\u00f5hir\u00f5hk on vaadata tagasi Eesti Rahva Muuseumi loomisaastatele &#8211; ajale, mil \u00fches&hellip;<\/p>\n","protected":false},"author":1,"featured_media":6855,"comment_status":"open","ping_status":"open","sticky":false,"template":"","format":"standard","meta":{"_monsterinsights_skip_tracking":false,"_monsterinsights_sitenote_active":false,"_monsterinsights_sitenote_note":"","_monsterinsights_sitenote_category":0,"jetpack_post_was_ever_published":false,"_jetpack_newsletter_access":"","_jetpack_dont_email_post_to_subs":false,"_jetpack_newsletter_tier_id":0,"_jetpack_memberships_contains_paywalled_content":false,"_jetpack_memberships_contains_paid_content":false,"footnotes":""},"categories":[9,7],"tags":[],"class_list":["post-6776","post","type-post","status-publish","format-standard","has-post-thumbnail","hentry","category-konserveerimine","category-naitus"],"yoast_head":"<!-- This site is optimized with the Yoast SEO plugin v27.5 - https:\/\/yoast.com\/product\/yoast-seo-wordpress\/ -->\n<title>ERMi konserveerimisosakond t\u00e4histab 50. juubelit! - Eesti Rahva Muuseumi ajaveeb<\/title>\n<meta name=\"robots\" content=\"index, follow, max-snippet:-1, max-image-preview:large, max-video-preview:-1\" \/>\n<link rel=\"canonical\" href=\"https:\/\/blog.erm.ee\/?p=6776\" \/>\n<meta property=\"og:locale\" content=\"et_EE\" \/>\n<meta property=\"og:type\" content=\"article\" \/>\n<meta property=\"og:title\" content=\"ERMi konserveerimisosakond t\u00e4histab 50. juubelit! - Eesti Rahva Muuseumi ajaveeb\" \/>\n<meta property=\"og:description\" content=\"&nbsp; Tekst: Eesti Rahva Muuseumi konserveerimisosakond Septembrikuu m\u00f6\u00f6dub Eesti Rahva Muuseumi konserveerimisosakonna jaoks siginas-saginas, et enne suurt p\u00e4eva &#8211; 30. septembrit &#8211; k\u00f5ik ettevalmistused juubelikonverentsi ja -n\u00e4ituse avamiseks valmis saada. Nimelt, kutsume k\u00f5iki endisi ja praeguseid kolleege, koost\u00f6\u00f6partnerid, s\u00f5pru ja asjahuvilisi konverentsile, mille p\u00f5hir\u00f5hk on vaadata tagasi Eesti Rahva Muuseumi loomisaastatele &#8211; ajale, mil \u00fches&hellip;\" \/>\n<meta property=\"og:url\" content=\"https:\/\/blog.erm.ee\/?p=6776\" \/>\n<meta property=\"og:site_name\" content=\"Eesti Rahva Muuseumi ajaveeb\" \/>\n<meta property=\"article:published_time\" content=\"2015-09-10T05:00:18+00:00\" \/>\n<meta property=\"article:modified_time\" content=\"2015-09-16T11:29:59+00:00\" \/>\n<meta property=\"og:image\" content=\"https:\/\/blog.erm.ee\/wp-content\/uploads\/2015\/09\/1689_11.jpg\" \/>\n\t<meta property=\"og:image:width\" content=\"1200\" \/>\n\t<meta property=\"og:image:height\" content=\"804\" \/>\n\t<meta property=\"og:image:type\" content=\"image\/jpeg\" \/>\n<meta name=\"author\" content=\"Eesti Rahva Muuseum\" \/>\n<meta name=\"twitter:card\" content=\"summary_large_image\" \/>\n<meta name=\"twitter:label1\" content=\"Written by\" \/>\n\t<meta name=\"twitter:data1\" content=\"Eesti Rahva Muuseum\" \/>\n\t<meta name=\"twitter:label2\" content=\"Est. reading time\" \/>\n\t<meta name=\"twitter:data2\" content=\"3 minutit\" \/>\n<script type=\"application\/ld+json\" class=\"yoast-schema-graph\">{\"@context\":\"https:\\\/\\\/schema.org\",\"@graph\":[{\"@type\":\"Article\",\"@id\":\"https:\\\/\\\/blog.erm.ee\\\/?p=6776#article\",\"isPartOf\":{\"@id\":\"https:\\\/\\\/blog.erm.ee\\\/?p=6776\"},\"author\":{\"name\":\"Eesti Rahva Muuseum\",\"@id\":\"https:\\\/\\\/blog.erm.ee\\\/#\\\/schema\\\/person\\\/6e98c391cb00a33e7c22a3571e062114\"},\"headline\":\"ERMi konserveerimisosakond t\u00e4histab 50. juubelit!\",\"datePublished\":\"2015-09-10T05:00:18+00:00\",\"dateModified\":\"2015-09-16T11:29:59+00:00\",\"mainEntityOfPage\":{\"@id\":\"https:\\\/\\\/blog.erm.ee\\\/?p=6776\"},\"wordCount\":561,\"commentCount\":0,\"image\":{\"@id\":\"https:\\\/\\\/blog.erm.ee\\\/?p=6776#primaryimage\"},\"thumbnailUrl\":\"https:\\\/\\\/blog.erm.ee\\\/wp-content\\\/uploads\\\/2015\\\/09\\\/1689_11.jpg\",\"articleSection\":[\"Konserveerimine\",\"N\u00e4itus\"],\"inLanguage\":\"et\",\"potentialAction\":[{\"@type\":\"CommentAction\",\"name\":\"Comment\",\"target\":[\"https:\\\/\\\/blog.erm.ee\\\/?p=6776#respond\"]}]},{\"@type\":\"WebPage\",\"@id\":\"https:\\\/\\\/blog.erm.ee\\\/?p=6776\",\"url\":\"https:\\\/\\\/blog.erm.ee\\\/?p=6776\",\"name\":\"ERMi konserveerimisosakond t\u00e4histab 50. juubelit! - Eesti Rahva Muuseumi ajaveeb\",\"isPartOf\":{\"@id\":\"https:\\\/\\\/blog.erm.ee\\\/#website\"},\"primaryImageOfPage\":{\"@id\":\"https:\\\/\\\/blog.erm.ee\\\/?p=6776#primaryimage\"},\"image\":{\"@id\":\"https:\\\/\\\/blog.erm.ee\\\/?p=6776#primaryimage\"},\"thumbnailUrl\":\"https:\\\/\\\/blog.erm.ee\\\/wp-content\\\/uploads\\\/2015\\\/09\\\/1689_11.jpg\",\"datePublished\":\"2015-09-10T05:00:18+00:00\",\"dateModified\":\"2015-09-16T11:29:59+00:00\",\"author\":{\"@id\":\"https:\\\/\\\/blog.erm.ee\\\/#\\\/schema\\\/person\\\/6e98c391cb00a33e7c22a3571e062114\"},\"breadcrumb\":{\"@id\":\"https:\\\/\\\/blog.erm.ee\\\/?p=6776#breadcrumb\"},\"inLanguage\":\"et\",\"potentialAction\":[{\"@type\":\"ReadAction\",\"target\":[\"https:\\\/\\\/blog.erm.ee\\\/?p=6776\"]}]},{\"@type\":\"ImageObject\",\"inLanguage\":\"et\",\"@id\":\"https:\\\/\\\/blog.erm.ee\\\/?p=6776#primaryimage\",\"url\":\"https:\\\/\\\/blog.erm.ee\\\/wp-content\\\/uploads\\\/2015\\\/09\\\/1689_11.jpg\",\"contentUrl\":\"https:\\\/\\\/blog.erm.ee\\\/wp-content\\\/uploads\\\/2015\\\/09\\\/1689_11.jpg\",\"width\":1200,\"height\":804},{\"@type\":\"BreadcrumbList\",\"@id\":\"https:\\\/\\\/blog.erm.ee\\\/?p=6776#breadcrumb\",\"itemListElement\":[{\"@type\":\"ListItem\",\"position\":1,\"name\":\"Home\",\"item\":\"https:\\\/\\\/blog.erm.ee\\\/\"},{\"@type\":\"ListItem\",\"position\":2,\"name\":\"ERMi konserveerimisosakond t\u00e4histab 50. juubelit!\"}]},{\"@type\":\"WebSite\",\"@id\":\"https:\\\/\\\/blog.erm.ee\\\/#website\",\"url\":\"https:\\\/\\\/blog.erm.ee\\\/\",\"name\":\"Eesti Rahva Muuseumi ajaveeb\",\"description\":\"\",\"potentialAction\":[{\"@type\":\"SearchAction\",\"target\":{\"@type\":\"EntryPoint\",\"urlTemplate\":\"https:\\\/\\\/blog.erm.ee\\\/?s={search_term_string}\"},\"query-input\":{\"@type\":\"PropertyValueSpecification\",\"valueRequired\":true,\"valueName\":\"search_term_string\"}}],\"inLanguage\":\"et\"},{\"@type\":\"Person\",\"@id\":\"https:\\\/\\\/blog.erm.ee\\\/#\\\/schema\\\/person\\\/6e98c391cb00a33e7c22a3571e062114\",\"name\":\"Eesti Rahva Muuseum\",\"image\":{\"@type\":\"ImageObject\",\"inLanguage\":\"et\",\"@id\":\"https:\\\/\\\/secure.gravatar.com\\\/avatar\\\/cb6d9ad5fb49f3f7315028ce5fe60641075f2cb52b8a058ff5a985fa2d8c1da0?s=96&d=mm&r=g\",\"url\":\"https:\\\/\\\/secure.gravatar.com\\\/avatar\\\/cb6d9ad5fb49f3f7315028ce5fe60641075f2cb52b8a058ff5a985fa2d8c1da0?s=96&d=mm&r=g\",\"contentUrl\":\"https:\\\/\\\/secure.gravatar.com\\\/avatar\\\/cb6d9ad5fb49f3f7315028ce5fe60641075f2cb52b8a058ff5a985fa2d8c1da0?s=96&d=mm&r=g\",\"caption\":\"Eesti Rahva Muuseum\"},\"sameAs\":[\"http:\\\/\\\/www.erm.ee\"],\"url\":\"https:\\\/\\\/blog.erm.ee\\\/?author=1\"}]}<\/script>\n<!-- \/ Yoast SEO plugin. -->","yoast_head_json":{"title":"ERMi konserveerimisosakond t\u00e4histab 50. juubelit! - Eesti Rahva Muuseumi ajaveeb","robots":{"index":"index","follow":"follow","max-snippet":"max-snippet:-1","max-image-preview":"max-image-preview:large","max-video-preview":"max-video-preview:-1"},"canonical":"https:\/\/blog.erm.ee\/?p=6776","og_locale":"et_EE","og_type":"article","og_title":"ERMi konserveerimisosakond t\u00e4histab 50. juubelit! - Eesti Rahva Muuseumi ajaveeb","og_description":"&nbsp; Tekst: Eesti Rahva Muuseumi konserveerimisosakond Septembrikuu m\u00f6\u00f6dub Eesti Rahva Muuseumi konserveerimisosakonna jaoks siginas-saginas, et enne suurt p\u00e4eva &#8211; 30. septembrit &#8211; k\u00f5ik ettevalmistused juubelikonverentsi ja -n\u00e4ituse avamiseks valmis saada. Nimelt, kutsume k\u00f5iki endisi ja praeguseid kolleege, koost\u00f6\u00f6partnerid, s\u00f5pru ja asjahuvilisi konverentsile, mille p\u00f5hir\u00f5hk on vaadata tagasi Eesti Rahva Muuseumi loomisaastatele &#8211; ajale, mil \u00fches&hellip;","og_url":"https:\/\/blog.erm.ee\/?p=6776","og_site_name":"Eesti Rahva Muuseumi ajaveeb","article_published_time":"2015-09-10T05:00:18+00:00","article_modified_time":"2015-09-16T11:29:59+00:00","og_image":[{"width":1200,"height":804,"url":"https:\/\/blog.erm.ee\/wp-content\/uploads\/2015\/09\/1689_11.jpg","type":"image\/jpeg"}],"author":"Eesti Rahva Muuseum","twitter_card":"summary_large_image","twitter_misc":{"Written by":"Eesti Rahva Muuseum","Est. reading time":"3 minutit"},"schema":{"@context":"https:\/\/schema.org","@graph":[{"@type":"Article","@id":"https:\/\/blog.erm.ee\/?p=6776#article","isPartOf":{"@id":"https:\/\/blog.erm.ee\/?p=6776"},"author":{"name":"Eesti Rahva Muuseum","@id":"https:\/\/blog.erm.ee\/#\/schema\/person\/6e98c391cb00a33e7c22a3571e062114"},"headline":"ERMi konserveerimisosakond t\u00e4histab 50. juubelit!","datePublished":"2015-09-10T05:00:18+00:00","dateModified":"2015-09-16T11:29:59+00:00","mainEntityOfPage":{"@id":"https:\/\/blog.erm.ee\/?p=6776"},"wordCount":561,"commentCount":0,"image":{"@id":"https:\/\/blog.erm.ee\/?p=6776#primaryimage"},"thumbnailUrl":"https:\/\/blog.erm.ee\/wp-content\/uploads\/2015\/09\/1689_11.jpg","articleSection":["Konserveerimine","N\u00e4itus"],"inLanguage":"et","potentialAction":[{"@type":"CommentAction","name":"Comment","target":["https:\/\/blog.erm.ee\/?p=6776#respond"]}]},{"@type":"WebPage","@id":"https:\/\/blog.erm.ee\/?p=6776","url":"https:\/\/blog.erm.ee\/?p=6776","name":"ERMi konserveerimisosakond t\u00e4histab 50. juubelit! - Eesti Rahva Muuseumi ajaveeb","isPartOf":{"@id":"https:\/\/blog.erm.ee\/#website"},"primaryImageOfPage":{"@id":"https:\/\/blog.erm.ee\/?p=6776#primaryimage"},"image":{"@id":"https:\/\/blog.erm.ee\/?p=6776#primaryimage"},"thumbnailUrl":"https:\/\/blog.erm.ee\/wp-content\/uploads\/2015\/09\/1689_11.jpg","datePublished":"2015-09-10T05:00:18+00:00","dateModified":"2015-09-16T11:29:59+00:00","author":{"@id":"https:\/\/blog.erm.ee\/#\/schema\/person\/6e98c391cb00a33e7c22a3571e062114"},"breadcrumb":{"@id":"https:\/\/blog.erm.ee\/?p=6776#breadcrumb"},"inLanguage":"et","potentialAction":[{"@type":"ReadAction","target":["https:\/\/blog.erm.ee\/?p=6776"]}]},{"@type":"ImageObject","inLanguage":"et","@id":"https:\/\/blog.erm.ee\/?p=6776#primaryimage","url":"https:\/\/blog.erm.ee\/wp-content\/uploads\/2015\/09\/1689_11.jpg","contentUrl":"https:\/\/blog.erm.ee\/wp-content\/uploads\/2015\/09\/1689_11.jpg","width":1200,"height":804},{"@type":"BreadcrumbList","@id":"https:\/\/blog.erm.ee\/?p=6776#breadcrumb","itemListElement":[{"@type":"ListItem","position":1,"name":"Home","item":"https:\/\/blog.erm.ee\/"},{"@type":"ListItem","position":2,"name":"ERMi konserveerimisosakond t\u00e4histab 50. juubelit!"}]},{"@type":"WebSite","@id":"https:\/\/blog.erm.ee\/#website","url":"https:\/\/blog.erm.ee\/","name":"Eesti Rahva Muuseumi ajaveeb","description":"","potentialAction":[{"@type":"SearchAction","target":{"@type":"EntryPoint","urlTemplate":"https:\/\/blog.erm.ee\/?s={search_term_string}"},"query-input":{"@type":"PropertyValueSpecification","valueRequired":true,"valueName":"search_term_string"}}],"inLanguage":"et"},{"@type":"Person","@id":"https:\/\/blog.erm.ee\/#\/schema\/person\/6e98c391cb00a33e7c22a3571e062114","name":"Eesti Rahva Muuseum","image":{"@type":"ImageObject","inLanguage":"et","@id":"https:\/\/secure.gravatar.com\/avatar\/cb6d9ad5fb49f3f7315028ce5fe60641075f2cb52b8a058ff5a985fa2d8c1da0?s=96&d=mm&r=g","url":"https:\/\/secure.gravatar.com\/avatar\/cb6d9ad5fb49f3f7315028ce5fe60641075f2cb52b8a058ff5a985fa2d8c1da0?s=96&d=mm&r=g","contentUrl":"https:\/\/secure.gravatar.com\/avatar\/cb6d9ad5fb49f3f7315028ce5fe60641075f2cb52b8a058ff5a985fa2d8c1da0?s=96&d=mm&r=g","caption":"Eesti Rahva Muuseum"},"sameAs":["http:\/\/www.erm.ee"],"url":"https:\/\/blog.erm.ee\/?author=1"}]}},"jetpack_featured_media_url":"https:\/\/blog.erm.ee\/wp-content\/uploads\/2015\/09\/1689_11.jpg","jetpack_shortlink":"https:\/\/wp.me\/p2l9Zd-1Li","jetpack_sharing_enabled":true,"jetpack_likes_enabled":true,"_links":{"self":[{"href":"https:\/\/blog.erm.ee\/index.php?rest_route=\/wp\/v2\/posts\/6776","targetHints":{"allow":["GET"]}}],"collection":[{"href":"https:\/\/blog.erm.ee\/index.php?rest_route=\/wp\/v2\/posts"}],"about":[{"href":"https:\/\/blog.erm.ee\/index.php?rest_route=\/wp\/v2\/types\/post"}],"author":[{"embeddable":true,"href":"https:\/\/blog.erm.ee\/index.php?rest_route=\/wp\/v2\/users\/1"}],"replies":[{"embeddable":true,"href":"https:\/\/blog.erm.ee\/index.php?rest_route=%2Fwp%2Fv2%2Fcomments&post=6776"}],"version-history":[{"count":20,"href":"https:\/\/blog.erm.ee\/index.php?rest_route=\/wp\/v2\/posts\/6776\/revisions"}],"predecessor-version":[{"id":6875,"href":"https:\/\/blog.erm.ee\/index.php?rest_route=\/wp\/v2\/posts\/6776\/revisions\/6875"}],"wp:featuredmedia":[{"embeddable":true,"href":"https:\/\/blog.erm.ee\/index.php?rest_route=\/wp\/v2\/media\/6855"}],"wp:attachment":[{"href":"https:\/\/blog.erm.ee\/index.php?rest_route=%2Fwp%2Fv2%2Fmedia&parent=6776"}],"wp:term":[{"taxonomy":"category","embeddable":true,"href":"https:\/\/blog.erm.ee\/index.php?rest_route=%2Fwp%2Fv2%2Fcategories&post=6776"},{"taxonomy":"post_tag","embeddable":true,"href":"https:\/\/blog.erm.ee\/index.php?rest_route=%2Fwp%2Fv2%2Ftags&post=6776"}],"curies":[{"name":"wp","href":"https:\/\/api.w.org\/{rel}","templated":true}]}}