{"id":6750,"date":"2015-09-08T06:06:49","date_gmt":"2015-09-08T03:06:49","guid":{"rendered":"http:\/\/blog.erm.ee\/?p=6750"},"modified":"2015-09-08T06:06:49","modified_gmt":"2015-09-08T03:06:49","slug":"laps-on-vanainimese-ahv-eesti-vanasona","status":"publish","type":"post","link":"https:\/\/blog.erm.ee\/?p=6750","title":{"rendered":"Laps on vanainimese ahv (eesti vanas\u00f5na)"},"content":{"rendered":"<div class=\"fcbkbttn_buttons_block\" id=\"fcbkbttn_left\"><div class=\"fcbkbttn_like \"><fb:like href=\"https:\/\/blog.erm.ee\/?p=6750\" action=\"like\" colorscheme=\"light\" layout=\"standard\"  width=\"225px\" size=\"small\"><\/fb:like><\/div><div class=\"fb-share-button  \" data-href=\"https:\/\/blog.erm.ee\/?p=6750\" data-type=\"button\" data-size=\"small\"><\/div><\/div><p><em>Siret Saar, koguhoidja<\/em><\/p>\n<p>K\u00f5ikv\u00f5imalikud k\u00e4siraamatud selle kohta, kuidas peab elama, on mind alati k\u00f6itnud, alates Holger Puki raamatust \u201eKuidas toimid sina?\u201c, l\u00f5petades Benjamin Spock teosega \u201eTeie laps\u201c. Mida k\u00f5ike ma olen t\u00e4nu nendele raamatutele teada saanud! Elu on v\u00f5itlus ja sellep\u00e4rast tuleb oma \u201ev\u00f5lusid\u201c korrigeerida; lastele ei tohi toonekurejutte r\u00e4\u00e4kida ja beebi v\u00f5ib magama panna ka sahtlisse (mis tuleks kummutist v\u00e4lja t\u00f5mmata ja p\u00f5randale asetada); korterit ei tohi nipsasjakestega \u00fcle kuhjata ning fotode koht on albumis, mitte seinal. Selline maiuspala sattus ka ERMi raamatukokku seoses v\u00e4liseestlase Ago Vallase annetatud raamatukoguga.<br \/>\n<a href=\"http:\/\/www.ester.ee\/record=b1482103*est\" target=\"_blank\">http:\/\/www.ester.ee\/record=b1482103*est<\/a><br \/>\nHerman Rajamaa \u201eK\u00e4siraamat eesti koolide \u00f5petajatele ja noortejuhtidele\u201c koosneb kahest osast: esimeses osas on \u00fclevaade 5\u201315-aastaste laste hingeelust ja selle arengust. Teine osa puudutab eesti keele \u00f5petamist alates lugema \u00f5ppimisest ja l\u00f5petades kirjandite kirjutamisega. Eriti k\u00f6itev on aga ikkagi osa, mille on kirjutanud Rutt Rajamaa. Peatungi siin ainult sellel.<\/p>\n<p><strong>5-aastane<\/strong><br \/>\n<em>Aga n\u00fc\u00fcd tunneb ta ennast ikka veel kindlana k\u00f5ige ja k\u00f5igi keskel, kus ta liigub ja elab: tema isa ja ema, aga eriti ema, tema koht s\u00f6\u00f6gilauas kodus ja lasteaias, tema r\u00f5ivad, eriti tema m\u00fcts, mille \u00fcle ta on \u00fclimalt uhke \u2026 (lk 6)<\/em><\/p>\n<p><a href=\"https:\/\/blog.erm.ee\/wp-content\/uploads\/2015\/09\/063017_ERM_Fk_2900_285.jpg\"><img loading=\"lazy\" decoding=\"async\" data-attachment-id=\"6752\" data-permalink=\"https:\/\/blog.erm.ee\/?attachment_id=6752#main\" data-orig-file=\"https:\/\/blog.erm.ee\/wp-content\/uploads\/2015\/09\/063017_ERM_Fk_2900_285.jpg\" data-orig-size=\"1200,843\" data-comments-opened=\"1\" data-image-meta=\"{&quot;aperture&quot;:&quot;0&quot;,&quot;credit&quot;:&quot;&quot;,&quot;camera&quot;:&quot;&quot;,&quot;caption&quot;:&quot;&quot;,&quot;created_timestamp&quot;:&quot;1130861907&quot;,&quot;copyright&quot;:&quot;&quot;,&quot;focal_length&quot;:&quot;0&quot;,&quot;iso&quot;:&quot;0&quot;,&quot;shutter_speed&quot;:&quot;0&quot;,&quot;title&quot;:&quot;&quot;,&quot;orientation&quot;:&quot;0&quot;}\" data-image-title=\"063017_ERM_Fk_2900_285\" data-image-description=\"\" data-image-caption=\"\" data-large-file=\"https:\/\/blog.erm.ee\/wp-content\/uploads\/2015\/09\/063017_ERM_Fk_2900_285-1024x719.jpg\" class=\"alignnone size-large wp-image-6752\" src=\"https:\/\/blog.erm.ee\/wp-content\/uploads\/2015\/09\/063017_ERM_Fk_2900_285-1024x719.jpg\" alt=\"063017_ERM_Fk_2900_285\" width=\"700\" height=\"492\" srcset=\"https:\/\/blog.erm.ee\/wp-content\/uploads\/2015\/09\/063017_ERM_Fk_2900_285-1024x719.jpg 1024w, https:\/\/blog.erm.ee\/wp-content\/uploads\/2015\/09\/063017_ERM_Fk_2900_285-370x260.jpg 370w, https:\/\/blog.erm.ee\/wp-content\/uploads\/2015\/09\/063017_ERM_Fk_2900_285-300x211.jpg 300w, https:\/\/blog.erm.ee\/wp-content\/uploads\/2015\/09\/063017_ERM_Fk_2900_285.jpg 1200w\" sizes=\"auto, (max-width: 700px) 100vw, 700px\" \/><\/a><\/p>\n<p><em>U 1957. a. ERM Fk 2900:285<\/em><\/p>\n<p><strong>6-aastane<\/strong><br \/>\n<em>See biopolaarsus avaldub selles, et 6-aastasel on \u00fctlemata raske teha valikut kahe v\u00f5imaluse vahel. Kui k\u00fcsitakse 6-aastaselt, kas sa soovid \u0161okolaadij\u00e4\u00e4tist v\u00f5i vanillij\u00e4\u00e4tist, siis on tal \u00fcletamatult raske otsustada. (Lk 10)<\/em><\/p>\n<p><a href=\"https:\/\/blog.erm.ee\/wp-content\/uploads\/2015\/09\/343542_ERM_Fk_2971_3270.jpg\"><img loading=\"lazy\" decoding=\"async\" data-attachment-id=\"6753\" data-permalink=\"https:\/\/blog.erm.ee\/?attachment_id=6753#main\" data-orig-file=\"https:\/\/blog.erm.ee\/wp-content\/uploads\/2015\/09\/343542_ERM_Fk_2971_3270.jpg\" data-orig-size=\"782,1200\" data-comments-opened=\"1\" data-image-meta=\"{&quot;aperture&quot;:&quot;0&quot;,&quot;credit&quot;:&quot;&quot;,&quot;camera&quot;:&quot;&quot;,&quot;caption&quot;:&quot;&quot;,&quot;created_timestamp&quot;:&quot;0&quot;,&quot;copyright&quot;:&quot;&quot;,&quot;focal_length&quot;:&quot;0&quot;,&quot;iso&quot;:&quot;0&quot;,&quot;shutter_speed&quot;:&quot;0&quot;,&quot;title&quot;:&quot;&quot;,&quot;orientation&quot;:&quot;0&quot;}\" data-image-title=\"343542_ERM_Fk_2971_3270\" data-image-description=\"\" data-image-caption=\"\" data-large-file=\"https:\/\/blog.erm.ee\/wp-content\/uploads\/2015\/09\/343542_ERM_Fk_2971_3270-667x1024.jpg\" class=\"alignnone size-large wp-image-6753\" src=\"https:\/\/blog.erm.ee\/wp-content\/uploads\/2015\/09\/343542_ERM_Fk_2971_3270-667x1024.jpg\" alt=\"343542_ERM_Fk_2971_3270\" width=\"667\" height=\"1024\" srcset=\"https:\/\/blog.erm.ee\/wp-content\/uploads\/2015\/09\/343542_ERM_Fk_2971_3270-667x1024.jpg 667w, https:\/\/blog.erm.ee\/wp-content\/uploads\/2015\/09\/343542_ERM_Fk_2971_3270-169x260.jpg 169w, https:\/\/blog.erm.ee\/wp-content\/uploads\/2015\/09\/343542_ERM_Fk_2971_3270-196x300.jpg 196w, https:\/\/blog.erm.ee\/wp-content\/uploads\/2015\/09\/343542_ERM_Fk_2971_3270.jpg 782w\" sizes=\"auto, (max-width: 667px) 100vw, 667px\" \/><\/a><\/p>\n<p><em>Foto: Jaak Eelmets 1987. Fk 2971:3270<\/em><\/p>\n<p><strong>7-aastane<\/strong><br \/>\n<em>Ta on hooletu oma nina- ja suur\u00e4tiga, saabaste ja saapapaelte korrashoiuga, r\u00f5ivaist, eriti p\u00fckstest r\u00e4\u00e4kimata. Kodus ja koolis kehtiv kindel ja j\u00e4rjest kontrollitav kord nim. aladel v\u00f5ib just selles eas anda positiivseid harjumusi, mis kestavad hauani. (Lk 15)<\/em><\/p>\n<p><a href=\"https:\/\/blog.erm.ee\/wp-content\/uploads\/2015\/09\/340578_ERM_Fk_2971_306.jpg\"><img loading=\"lazy\" decoding=\"async\" data-attachment-id=\"6754\" data-permalink=\"https:\/\/blog.erm.ee\/?attachment_id=6754#main\" data-orig-file=\"https:\/\/blog.erm.ee\/wp-content\/uploads\/2015\/09\/340578_ERM_Fk_2971_306.jpg\" data-orig-size=\"1200,774\" data-comments-opened=\"1\" data-image-meta=\"{&quot;aperture&quot;:&quot;0&quot;,&quot;credit&quot;:&quot;&quot;,&quot;camera&quot;:&quot;&quot;,&quot;caption&quot;:&quot;&quot;,&quot;created_timestamp&quot;:&quot;0&quot;,&quot;copyright&quot;:&quot;&quot;,&quot;focal_length&quot;:&quot;0&quot;,&quot;iso&quot;:&quot;0&quot;,&quot;shutter_speed&quot;:&quot;0&quot;,&quot;title&quot;:&quot;&quot;,&quot;orientation&quot;:&quot;0&quot;}\" data-image-title=\"340578_ERM_Fk_2971_306\" data-image-description=\"\" data-image-caption=\"\" data-large-file=\"https:\/\/blog.erm.ee\/wp-content\/uploads\/2015\/09\/340578_ERM_Fk_2971_306-1024x660.jpg\" class=\"alignnone size-large wp-image-6754\" src=\"https:\/\/blog.erm.ee\/wp-content\/uploads\/2015\/09\/340578_ERM_Fk_2971_306-1024x660.jpg\" alt=\"340578_ERM_Fk_2971_306\" width=\"700\" height=\"451\" srcset=\"https:\/\/blog.erm.ee\/wp-content\/uploads\/2015\/09\/340578_ERM_Fk_2971_306-1024x660.jpg 1024w, https:\/\/blog.erm.ee\/wp-content\/uploads\/2015\/09\/340578_ERM_Fk_2971_306-403x260.jpg 403w, https:\/\/blog.erm.ee\/wp-content\/uploads\/2015\/09\/340578_ERM_Fk_2971_306-300x194.jpg 300w, https:\/\/blog.erm.ee\/wp-content\/uploads\/2015\/09\/340578_ERM_Fk_2971_306.jpg 1200w\" sizes=\"auto, (max-width: 700px) 100vw, 700px\" \/><\/a><\/p>\n<p><em>Foto: Jaak Eelmets 1985-90. ERM Fk 2971:306<\/em><\/p>\n<p><strong>8-aastane<\/strong><br \/>\n<em>S\u00f6\u00f6gilauas on 8-aastasel probleeme. Peale vastumeelsusele teatud toitude vastu, mis v\u00f5ib individuaalselt suuresti erineda, on 8-aastaste suurimaks probleemiks kiire s\u00f6\u00f6mine, peaaegu toidu \u00f5gimine, millele oli juba eelpool vihjatud ja millest on raske vabaneda. (Lk 19)<\/em><\/p>\n<p><a href=\"https:\/\/blog.erm.ee\/wp-content\/uploads\/2015\/09\/048774_ERM_Fk_2834_883.jpg\"><img loading=\"lazy\" decoding=\"async\" data-attachment-id=\"6755\" data-permalink=\"https:\/\/blog.erm.ee\/?attachment_id=6755#main\" data-orig-file=\"https:\/\/blog.erm.ee\/wp-content\/uploads\/2015\/09\/048774_ERM_Fk_2834_883.jpg\" data-orig-size=\"1200,761\" data-comments-opened=\"1\" data-image-meta=\"{&quot;aperture&quot;:&quot;0&quot;,&quot;credit&quot;:&quot;&quot;,&quot;camera&quot;:&quot;&quot;,&quot;caption&quot;:&quot;&quot;,&quot;created_timestamp&quot;:&quot;0&quot;,&quot;copyright&quot;:&quot;&quot;,&quot;focal_length&quot;:&quot;0&quot;,&quot;iso&quot;:&quot;0&quot;,&quot;shutter_speed&quot;:&quot;0&quot;,&quot;title&quot;:&quot;&quot;,&quot;orientation&quot;:&quot;0&quot;}\" data-image-title=\"048774_ERM_Fk_2834_883\" data-image-description=\"\" data-image-caption=\"\" data-large-file=\"https:\/\/blog.erm.ee\/wp-content\/uploads\/2015\/09\/048774_ERM_Fk_2834_883-1024x649.jpg\" class=\"alignnone size-large wp-image-6755\" src=\"https:\/\/blog.erm.ee\/wp-content\/uploads\/2015\/09\/048774_ERM_Fk_2834_883-1024x649.jpg\" alt=\"048774_ERM_Fk_2834_883\" width=\"700\" height=\"444\" srcset=\"https:\/\/blog.erm.ee\/wp-content\/uploads\/2015\/09\/048774_ERM_Fk_2834_883-1024x649.jpg 1024w, https:\/\/blog.erm.ee\/wp-content\/uploads\/2015\/09\/048774_ERM_Fk_2834_883-410x260.jpg 410w, https:\/\/blog.erm.ee\/wp-content\/uploads\/2015\/09\/048774_ERM_Fk_2834_883-300x190.jpg 300w, https:\/\/blog.erm.ee\/wp-content\/uploads\/2015\/09\/048774_ERM_Fk_2834_883.jpg 1200w\" sizes=\"auto, (max-width: 700px) 100vw, 700px\" \/><\/a><\/p>\n<p><em>Foto: Agnes T\u00f5ldsepp, 1960. aastate II pool. ERM Fk 2834:883<\/em><\/p>\n<p><strong>9-aastane<\/strong><br \/>\n<em>9-aastane soovib lugeda ja \u00f5ppida meelsamini ikka seda, mis talle ikka uusi teadmisi ja fakte annab. See ilmneb tema lugemisvarast, mida n\u00e4eme tema laual. (Lk 26)<\/em><\/p>\n<p><a href=\"https:\/\/blog.erm.ee\/wp-content\/uploads\/2015\/09\/076522_ERM_Fk_2644_5668.jpg\"><img loading=\"lazy\" decoding=\"async\" data-attachment-id=\"6756\" data-permalink=\"https:\/\/blog.erm.ee\/?attachment_id=6756#main\" data-orig-file=\"https:\/\/blog.erm.ee\/wp-content\/uploads\/2015\/09\/076522_ERM_Fk_2644_5668.jpg\" data-orig-size=\"1200,783\" data-comments-opened=\"1\" data-image-meta=\"{&quot;aperture&quot;:&quot;0&quot;,&quot;credit&quot;:&quot;&quot;,&quot;camera&quot;:&quot;&quot;,&quot;caption&quot;:&quot;&quot;,&quot;created_timestamp&quot;:&quot;0&quot;,&quot;copyright&quot;:&quot;&quot;,&quot;focal_length&quot;:&quot;0&quot;,&quot;iso&quot;:&quot;0&quot;,&quot;shutter_speed&quot;:&quot;0&quot;,&quot;title&quot;:&quot;&quot;,&quot;orientation&quot;:&quot;0&quot;}\" data-image-title=\"076522_ERM_Fk_2644_5668\" data-image-description=\"\" data-image-caption=\"\" data-large-file=\"https:\/\/blog.erm.ee\/wp-content\/uploads\/2015\/09\/076522_ERM_Fk_2644_5668-1024x668.jpg\" class=\"alignnone size-large wp-image-6756\" src=\"https:\/\/blog.erm.ee\/wp-content\/uploads\/2015\/09\/076522_ERM_Fk_2644_5668-1024x668.jpg\" alt=\"076522_ERM_Fk_2644_5668\" width=\"700\" height=\"457\" srcset=\"https:\/\/blog.erm.ee\/wp-content\/uploads\/2015\/09\/076522_ERM_Fk_2644_5668-1024x668.jpg 1024w, https:\/\/blog.erm.ee\/wp-content\/uploads\/2015\/09\/076522_ERM_Fk_2644_5668-398x260.jpg 398w, https:\/\/blog.erm.ee\/wp-content\/uploads\/2015\/09\/076522_ERM_Fk_2644_5668-300x196.jpg 300w, https:\/\/blog.erm.ee\/wp-content\/uploads\/2015\/09\/076522_ERM_Fk_2644_5668.jpg 1200w\" sizes=\"auto, (max-width: 700px) 100vw, 700px\" \/><\/a><\/p>\n<p><em>Foto: Viktor Salmre 1968. ERM Fk 2644:5668<\/em><\/p>\n<p><strong>10-aastane<\/strong><br \/>\n<em>M\u00e4ng on siiski t\u00e4htis samav\u00f5rra m\u00f5lemale. T\u00fcdrukud on huvitatud pallim\u00e4ngust, rihmaga h\u00fcppamisest ja eriti hobustest. Huvi loomade vastu ja nende eest hoolitsemine on selles eas \u00fcldse v\u00e4ga suur nii poistel kui t\u00fcdrukuil. (Lk 28)<\/em><\/p>\n<p><a href=\"https:\/\/blog.erm.ee\/wp-content\/uploads\/2015\/09\/082143_ERM_Fk_2644_11289.jpg\"><img loading=\"lazy\" decoding=\"async\" data-attachment-id=\"6757\" data-permalink=\"https:\/\/blog.erm.ee\/?attachment_id=6757#main\" data-orig-file=\"https:\/\/blog.erm.ee\/wp-content\/uploads\/2015\/09\/082143_ERM_Fk_2644_11289.jpg\" data-orig-size=\"789,1200\" data-comments-opened=\"1\" data-image-meta=\"{&quot;aperture&quot;:&quot;0&quot;,&quot;credit&quot;:&quot;&quot;,&quot;camera&quot;:&quot;&quot;,&quot;caption&quot;:&quot;&quot;,&quot;created_timestamp&quot;:&quot;0&quot;,&quot;copyright&quot;:&quot;\\u00a9 Eesti Rahva Muuseum&quot;,&quot;focal_length&quot;:&quot;0&quot;,&quot;iso&quot;:&quot;0&quot;,&quot;shutter_speed&quot;:&quot;0&quot;,&quot;title&quot;:&quot;&quot;,&quot;orientation&quot;:&quot;0&quot;}\" data-image-title=\"082143_ERM_Fk_2644_11289\" data-image-description=\"\" data-image-caption=\"\" data-large-file=\"https:\/\/blog.erm.ee\/wp-content\/uploads\/2015\/09\/082143_ERM_Fk_2644_11289-673x1024.jpg\" class=\"alignnone size-large wp-image-6757\" src=\"https:\/\/blog.erm.ee\/wp-content\/uploads\/2015\/09\/082143_ERM_Fk_2644_11289-673x1024.jpg\" alt=\"082143_ERM_Fk_2644_11289\" width=\"673\" height=\"1024\" srcset=\"https:\/\/blog.erm.ee\/wp-content\/uploads\/2015\/09\/082143_ERM_Fk_2644_11289-673x1024.jpg 673w, https:\/\/blog.erm.ee\/wp-content\/uploads\/2015\/09\/082143_ERM_Fk_2644_11289-171x260.jpg 171w, https:\/\/blog.erm.ee\/wp-content\/uploads\/2015\/09\/082143_ERM_Fk_2644_11289-197x300.jpg 197w, https:\/\/blog.erm.ee\/wp-content\/uploads\/2015\/09\/082143_ERM_Fk_2644_11289.jpg 789w\" sizes=\"auto, (max-width: 673px) 100vw, 673px\" \/><\/a><\/p>\n<p><em>Foto: Viktor Salmre 1975. ERM Fk 2644:11289<\/em><\/p>\n<p><strong>11-aastane<\/strong><br \/>\n<em>11-aastasel on raske \u00f5igel ajal magama minna. Ta teeb k\u00f5ike, v\u00e4lja arvatud voodisse minna. Paljud pikutavad ja aelevad niisama ja loevad kaua. Kasvatuslik j\u00e4relevalve on siin omal kohal. (Lk 32)<\/em><\/p>\n<p><a href=\"https:\/\/blog.erm.ee\/wp-content\/uploads\/2015\/09\/071329_ERM_Fk_2644_475.jpg\"><img loading=\"lazy\" decoding=\"async\" data-attachment-id=\"6758\" data-permalink=\"https:\/\/blog.erm.ee\/?attachment_id=6758#main\" data-orig-file=\"https:\/\/blog.erm.ee\/wp-content\/uploads\/2015\/09\/071329_ERM_Fk_2644_475.jpg\" data-orig-size=\"1200,769\" data-comments-opened=\"1\" data-image-meta=\"{&quot;aperture&quot;:&quot;0&quot;,&quot;credit&quot;:&quot;&quot;,&quot;camera&quot;:&quot;&quot;,&quot;caption&quot;:&quot;&quot;,&quot;created_timestamp&quot;:&quot;0&quot;,&quot;copyright&quot;:&quot;&quot;,&quot;focal_length&quot;:&quot;0&quot;,&quot;iso&quot;:&quot;0&quot;,&quot;shutter_speed&quot;:&quot;0&quot;,&quot;title&quot;:&quot;&quot;,&quot;orientation&quot;:&quot;0&quot;}\" data-image-title=\"071329_ERM_Fk_2644_475\" data-image-description=\"\" data-image-caption=\"\" data-large-file=\"https:\/\/blog.erm.ee\/wp-content\/uploads\/2015\/09\/071329_ERM_Fk_2644_475-1024x656.jpg\" class=\"alignnone size-large wp-image-6758\" src=\"https:\/\/blog.erm.ee\/wp-content\/uploads\/2015\/09\/071329_ERM_Fk_2644_475-1024x656.jpg\" alt=\"071329_ERM_Fk_2644_475\" width=\"700\" height=\"448\" srcset=\"https:\/\/blog.erm.ee\/wp-content\/uploads\/2015\/09\/071329_ERM_Fk_2644_475-1024x656.jpg 1024w, https:\/\/blog.erm.ee\/wp-content\/uploads\/2015\/09\/071329_ERM_Fk_2644_475-406x260.jpg 406w, https:\/\/blog.erm.ee\/wp-content\/uploads\/2015\/09\/071329_ERM_Fk_2644_475-300x192.jpg 300w, https:\/\/blog.erm.ee\/wp-content\/uploads\/2015\/09\/071329_ERM_Fk_2644_475.jpg 1200w\" sizes=\"auto, (max-width: 700px) 100vw, 700px\" \/><\/a><\/p>\n<p><em>Foto: Viktor Salmre 1961-66. ERM Fk 2644:475<\/em><\/p>\n<p><strong>12-aastane<\/strong><br \/>\n<em>Huvi r\u00f5ivastuse vastu muutub j\u00e4rjekindlalt suuremaks ja n\u00f5udlikumaks ja niih\u00e4sti poisid kui t\u00fcdrukud soovivad seda, mis just neile sobib ja see peab olema koosk\u00f5las momendil valitseva moega. (Lk 37)<\/em><\/p>\n<p><a href=\"https:\/\/blog.erm.ee\/wp-content\/uploads\/2015\/09\/339960_ERM_Fk_2963_42.jpg\"><img loading=\"lazy\" decoding=\"async\" data-attachment-id=\"6759\" data-permalink=\"https:\/\/blog.erm.ee\/?attachment_id=6759#main\" data-orig-file=\"https:\/\/blog.erm.ee\/wp-content\/uploads\/2015\/09\/339960_ERM_Fk_2963_42.jpg\" data-orig-size=\"1200,800\" data-comments-opened=\"1\" data-image-meta=\"{&quot;aperture&quot;:&quot;0&quot;,&quot;credit&quot;:&quot;&quot;,&quot;camera&quot;:&quot;&quot;,&quot;caption&quot;:&quot;&quot;,&quot;created_timestamp&quot;:&quot;0&quot;,&quot;copyright&quot;:&quot;\\u00a9Eesti Rahva Muuseum&quot;,&quot;focal_length&quot;:&quot;0&quot;,&quot;iso&quot;:&quot;0&quot;,&quot;shutter_speed&quot;:&quot;0&quot;,&quot;title&quot;:&quot;&quot;,&quot;orientation&quot;:&quot;0&quot;}\" data-image-title=\"339960_ERM_Fk_2963_42\" data-image-description=\"\" data-image-caption=\"\" data-large-file=\"https:\/\/blog.erm.ee\/wp-content\/uploads\/2015\/09\/339960_ERM_Fk_2963_42-1024x683.jpg\" class=\"alignnone size-large wp-image-6759\" src=\"https:\/\/blog.erm.ee\/wp-content\/uploads\/2015\/09\/339960_ERM_Fk_2963_42-1024x683.jpg\" alt=\"339960_ERM_Fk_2963_42\" width=\"700\" height=\"467\" srcset=\"https:\/\/blog.erm.ee\/wp-content\/uploads\/2015\/09\/339960_ERM_Fk_2963_42-1024x683.jpg 1024w, https:\/\/blog.erm.ee\/wp-content\/uploads\/2015\/09\/339960_ERM_Fk_2963_42-390x260.jpg 390w, https:\/\/blog.erm.ee\/wp-content\/uploads\/2015\/09\/339960_ERM_Fk_2963_42-300x200.jpg 300w, https:\/\/blog.erm.ee\/wp-content\/uploads\/2015\/09\/339960_ERM_Fk_2963_42.jpg 1200w\" sizes=\"auto, (max-width: 700px) 100vw, 700px\" \/><\/a><\/p>\n<p><em>Foto Aarne Vutt 1976. ERM Fk 2963:42<\/em><\/p>\n<p><strong>13-aastane<\/strong><br \/>\n<em>T\u00fcdrukuile n\u00e4ib, et poisid on ebak\u00fcpsed, aga poiste juuresolek paneb t\u00fcdrukud itsitama. Poisid on selles eas tavaliselt hoolimatud t\u00fctarlaste vastu ja r\u00f5hutavad sageli, et t\u00fcdrukud ei t\u00e4henda neile mitte midagi. (Lk 45)<\/em><\/p>\n<p><a href=\"https:\/\/blog.erm.ee\/wp-content\/uploads\/2015\/09\/071543_ERM_Fk_2644_689.jpg\"><img loading=\"lazy\" decoding=\"async\" data-attachment-id=\"6760\" data-permalink=\"https:\/\/blog.erm.ee\/?attachment_id=6760#main\" data-orig-file=\"https:\/\/blog.erm.ee\/wp-content\/uploads\/2015\/09\/071543_ERM_Fk_2644_689.jpg\" data-orig-size=\"784,1200\" data-comments-opened=\"1\" data-image-meta=\"{&quot;aperture&quot;:&quot;0&quot;,&quot;credit&quot;:&quot;&quot;,&quot;camera&quot;:&quot;&quot;,&quot;caption&quot;:&quot;&quot;,&quot;created_timestamp&quot;:&quot;0&quot;,&quot;copyright&quot;:&quot;&quot;,&quot;focal_length&quot;:&quot;0&quot;,&quot;iso&quot;:&quot;0&quot;,&quot;shutter_speed&quot;:&quot;0&quot;,&quot;title&quot;:&quot;&quot;,&quot;orientation&quot;:&quot;0&quot;}\" data-image-title=\"071543_ERM_Fk_2644_689\" data-image-description=\"\" data-image-caption=\"\" data-large-file=\"https:\/\/blog.erm.ee\/wp-content\/uploads\/2015\/09\/071543_ERM_Fk_2644_689-669x1024.jpg\" class=\"alignnone size-large wp-image-6760\" src=\"https:\/\/blog.erm.ee\/wp-content\/uploads\/2015\/09\/071543_ERM_Fk_2644_689-669x1024.jpg\" alt=\"071543_ERM_Fk_2644_689\" width=\"669\" height=\"1024\" srcset=\"https:\/\/blog.erm.ee\/wp-content\/uploads\/2015\/09\/071543_ERM_Fk_2644_689-669x1024.jpg 669w, https:\/\/blog.erm.ee\/wp-content\/uploads\/2015\/09\/071543_ERM_Fk_2644_689-170x260.jpg 170w, https:\/\/blog.erm.ee\/wp-content\/uploads\/2015\/09\/071543_ERM_Fk_2644_689-196x300.jpg 196w, https:\/\/blog.erm.ee\/wp-content\/uploads\/2015\/09\/071543_ERM_Fk_2644_689.jpg 784w\" sizes=\"auto, (max-width: 669px) 100vw, 669px\" \/><\/a><\/p>\n<p><em>Foto: Viktor Salmre 1961\u201366. ERM Fk 2644:689<\/em><\/p>\n<p><strong>14-aastane<\/strong><br \/>\n<em>Harilikuks probleemiks on tema oma kehaehitus: ta on kas liiga l\u00fchike, peenike, pikk v\u00f5i paks. Ka \u00fcksikud kehaosad (nina, k\u00e4ed, \u00f5lad jt) v\u00f5ivad tekitada 14-aastasele r\u00e4nka peavalu, kui need tema arvates erinevad kaas\u00f5pilaste vastavaist kehaosadest. (Lk 50)<\/em><\/p>\n<p><a href=\"https:\/\/blog.erm.ee\/wp-content\/uploads\/2015\/09\/081835_ERM_Fk_2644_10981.jpg\"><img loading=\"lazy\" decoding=\"async\" data-attachment-id=\"6761\" data-permalink=\"https:\/\/blog.erm.ee\/?attachment_id=6761#main\" data-orig-file=\"https:\/\/blog.erm.ee\/wp-content\/uploads\/2015\/09\/081835_ERM_Fk_2644_10981.jpg\" data-orig-size=\"1200,791\" data-comments-opened=\"1\" data-image-meta=\"{&quot;aperture&quot;:&quot;0&quot;,&quot;credit&quot;:&quot;&quot;,&quot;camera&quot;:&quot;&quot;,&quot;caption&quot;:&quot;&quot;,&quot;created_timestamp&quot;:&quot;0&quot;,&quot;copyright&quot;:&quot;\\u00a9 Eesti Rahva Muuseum&quot;,&quot;focal_length&quot;:&quot;0&quot;,&quot;iso&quot;:&quot;0&quot;,&quot;shutter_speed&quot;:&quot;0&quot;,&quot;title&quot;:&quot;&quot;,&quot;orientation&quot;:&quot;0&quot;}\" data-image-title=\"081835_ERM_Fk_2644_10981\" data-image-description=\"\" data-image-caption=\"\" data-large-file=\"https:\/\/blog.erm.ee\/wp-content\/uploads\/2015\/09\/081835_ERM_Fk_2644_10981-1024x675.jpg\" class=\"alignnone size-large wp-image-6761\" src=\"https:\/\/blog.erm.ee\/wp-content\/uploads\/2015\/09\/081835_ERM_Fk_2644_10981-1024x675.jpg\" alt=\"081835_ERM_Fk_2644_10981\" width=\"700\" height=\"461\" srcset=\"https:\/\/blog.erm.ee\/wp-content\/uploads\/2015\/09\/081835_ERM_Fk_2644_10981-1024x675.jpg 1024w, https:\/\/blog.erm.ee\/wp-content\/uploads\/2015\/09\/081835_ERM_Fk_2644_10981-394x260.jpg 394w, https:\/\/blog.erm.ee\/wp-content\/uploads\/2015\/09\/081835_ERM_Fk_2644_10981-300x198.jpg 300w, https:\/\/blog.erm.ee\/wp-content\/uploads\/2015\/09\/081835_ERM_Fk_2644_10981.jpg 1200w\" sizes=\"auto, (max-width: 700px) 100vw, 700px\" \/><\/a><\/p>\n<p><em>Foto: Viktor Salmre 1975. ERM Fk 2644:10981<\/em><\/p>\n<p><strong>15-aastane<\/strong><br \/>\n<em>T\u00fcdrukute m\u00f5tted hakkavad juba abiellumise \u00fcmber liikuma, kuid paljud on ka juba avastanud, et on olemas \u00f5nnetuid abielusid. (Lk 56)<\/em><\/p>\n<p><a href=\"https:\/\/blog.erm.ee\/wp-content\/uploads\/2015\/09\/351111_ERM_Fk_2984_41.jpg\"><img loading=\"lazy\" decoding=\"async\" data-attachment-id=\"6762\" data-permalink=\"https:\/\/blog.erm.ee\/?attachment_id=6762#main\" data-orig-file=\"https:\/\/blog.erm.ee\/wp-content\/uploads\/2015\/09\/351111_ERM_Fk_2984_41.jpg\" data-orig-size=\"955,1200\" data-comments-opened=\"1\" data-image-meta=\"{&quot;aperture&quot;:&quot;0&quot;,&quot;credit&quot;:&quot;&quot;,&quot;camera&quot;:&quot;&quot;,&quot;caption&quot;:&quot;&quot;,&quot;created_timestamp&quot;:&quot;1416328869&quot;,&quot;copyright&quot;:&quot;&quot;,&quot;focal_length&quot;:&quot;0&quot;,&quot;iso&quot;:&quot;0&quot;,&quot;shutter_speed&quot;:&quot;0&quot;,&quot;title&quot;:&quot;&quot;,&quot;orientation&quot;:&quot;0&quot;}\" data-image-title=\"351111_ERM_Fk_2984_41\" data-image-description=\"\" data-image-caption=\"\" data-large-file=\"https:\/\/blog.erm.ee\/wp-content\/uploads\/2015\/09\/351111_ERM_Fk_2984_41-815x1024.jpg\" class=\"alignnone size-large wp-image-6762\" src=\"https:\/\/blog.erm.ee\/wp-content\/uploads\/2015\/09\/351111_ERM_Fk_2984_41-815x1024.jpg\" alt=\"351111_ERM_Fk_2984_41\" width=\"700\" height=\"880\" srcset=\"https:\/\/blog.erm.ee\/wp-content\/uploads\/2015\/09\/351111_ERM_Fk_2984_41-815x1024.jpg 815w, https:\/\/blog.erm.ee\/wp-content\/uploads\/2015\/09\/351111_ERM_Fk_2984_41-207x260.jpg 207w, https:\/\/blog.erm.ee\/wp-content\/uploads\/2015\/09\/351111_ERM_Fk_2984_41-239x300.jpg 239w, https:\/\/blog.erm.ee\/wp-content\/uploads\/2015\/09\/351111_ERM_Fk_2984_41.jpg 955w\" sizes=\"auto, (max-width: 700px) 100vw, 700px\" \/><\/a><\/p>\n<p><em>Foto: Jaak Eelmets 1992\u201393. ERM Fk 2984:41<\/em><\/p>\n<div class=\"fcbkbttn_buttons_block\" id=\"fcbkbttn_left\"><div class=\"fcbkbttn_like \"><fb:like href=\"https:\/\/blog.erm.ee\/?p=6750\" action=\"like\" colorscheme=\"light\" layout=\"standard\"  width=\"225px\" size=\"small\"><\/fb:like><\/div><div class=\"fb-share-button  \" data-href=\"https:\/\/blog.erm.ee\/?p=6750\" data-type=\"button\" data-size=\"small\"><\/div><\/div>","protected":false},"excerpt":{"rendered":"<p>Siret Saar, koguhoidja K\u00f5ikv\u00f5imalikud k\u00e4siraamatud selle kohta, kuidas peab elama, on mind alati k\u00f6itnud, alates Holger Puki raamatust \u201eKuidas toimid sina?\u201c, l\u00f5petades Benjamin Spock teosega \u201eTeie laps\u201c. Mida k\u00f5ike ma olen t\u00e4nu nendele raamatutele teada saanud! Elu on v\u00f5itlus ja sellep\u00e4rast tuleb oma \u201ev\u00f5lusid\u201c korrigeerida; lastele ei tohi toonekurejutte r\u00e4\u00e4kida ja beebi v\u00f5ib magama panna&hellip;<\/p>\n","protected":false},"author":1,"featured_media":6754,"comment_status":"open","ping_status":"open","sticky":false,"template":"","format":"standard","meta":{"_monsterinsights_skip_tracking":false,"_monsterinsights_sitenote_active":false,"_monsterinsights_sitenote_note":"","_monsterinsights_sitenote_category":0,"jetpack_post_was_ever_published":false,"_jetpack_newsletter_access":"","_jetpack_dont_email_post_to_subs":false,"_jetpack_newsletter_tier_id":0,"_jetpack_memberships_contains_paywalled_content":false,"_jetpack_memberships_contains_paid_content":false,"footnotes":""},"categories":[6,5],"tags":[],"class_list":["post-6750","post","type-post","status-publish","format-standard","has-post-thumbnail","hentry","category-foto","category-museaal"],"yoast_head":"<!-- This site is optimized with the Yoast SEO plugin v27.5 - https:\/\/yoast.com\/product\/yoast-seo-wordpress\/ -->\n<title>Laps on vanainimese ahv (eesti vanas\u00f5na) - Eesti Rahva Muuseumi ajaveeb<\/title>\n<meta name=\"robots\" content=\"index, follow, max-snippet:-1, max-image-preview:large, max-video-preview:-1\" \/>\n<link rel=\"canonical\" href=\"https:\/\/blog.erm.ee\/?p=6750\" \/>\n<meta property=\"og:locale\" content=\"et_EE\" \/>\n<meta property=\"og:type\" content=\"article\" \/>\n<meta property=\"og:title\" content=\"Laps on vanainimese ahv (eesti vanas\u00f5na) - Eesti Rahva Muuseumi ajaveeb\" \/>\n<meta property=\"og:description\" content=\"Siret Saar, koguhoidja K\u00f5ikv\u00f5imalikud k\u00e4siraamatud selle kohta, kuidas peab elama, on mind alati k\u00f6itnud, alates Holger Puki raamatust \u201eKuidas toimid sina?\u201c, l\u00f5petades Benjamin Spock teosega \u201eTeie laps\u201c. Mida k\u00f5ike ma olen t\u00e4nu nendele raamatutele teada saanud! Elu on v\u00f5itlus ja sellep\u00e4rast tuleb oma \u201ev\u00f5lusid\u201c korrigeerida; lastele ei tohi toonekurejutte r\u00e4\u00e4kida ja beebi v\u00f5ib magama panna&hellip;\" \/>\n<meta property=\"og:url\" content=\"https:\/\/blog.erm.ee\/?p=6750\" \/>\n<meta property=\"og:site_name\" content=\"Eesti Rahva Muuseumi ajaveeb\" \/>\n<meta property=\"article:published_time\" content=\"2015-09-08T03:06:49+00:00\" \/>\n<meta property=\"og:image\" content=\"https:\/\/blog.erm.ee\/wp-content\/uploads\/2015\/09\/340578_ERM_Fk_2971_306.jpg\" \/>\n\t<meta property=\"og:image:width\" content=\"1200\" \/>\n\t<meta property=\"og:image:height\" content=\"774\" \/>\n\t<meta property=\"og:image:type\" content=\"image\/jpeg\" \/>\n<meta name=\"author\" content=\"Eesti Rahva Muuseum\" \/>\n<meta name=\"twitter:card\" content=\"summary_large_image\" \/>\n<meta name=\"twitter:label1\" content=\"Written by\" \/>\n\t<meta name=\"twitter:data1\" content=\"Eesti Rahva Muuseum\" \/>\n\t<meta name=\"twitter:label2\" content=\"Est. reading time\" \/>\n\t<meta name=\"twitter:data2\" content=\"3 minutit\" \/>\n<script type=\"application\/ld+json\" class=\"yoast-schema-graph\">{\"@context\":\"https:\\\/\\\/schema.org\",\"@graph\":[{\"@type\":\"Article\",\"@id\":\"https:\\\/\\\/blog.erm.ee\\\/?p=6750#article\",\"isPartOf\":{\"@id\":\"https:\\\/\\\/blog.erm.ee\\\/?p=6750\"},\"author\":{\"name\":\"Eesti Rahva Muuseum\",\"@id\":\"https:\\\/\\\/blog.erm.ee\\\/#\\\/schema\\\/person\\\/6e98c391cb00a33e7c22a3571e062114\"},\"headline\":\"Laps on vanainimese ahv (eesti vanas\u00f5na)\",\"datePublished\":\"2015-09-08T03:06:49+00:00\",\"mainEntityOfPage\":{\"@id\":\"https:\\\/\\\/blog.erm.ee\\\/?p=6750\"},\"wordCount\":641,\"commentCount\":0,\"image\":{\"@id\":\"https:\\\/\\\/blog.erm.ee\\\/?p=6750#primaryimage\"},\"thumbnailUrl\":\"https:\\\/\\\/blog.erm.ee\\\/wp-content\\\/uploads\\\/2015\\\/09\\\/340578_ERM_Fk_2971_306.jpg\",\"articleSection\":[\"Foto\",\"Museaal\"],\"inLanguage\":\"et\",\"potentialAction\":[{\"@type\":\"CommentAction\",\"name\":\"Comment\",\"target\":[\"https:\\\/\\\/blog.erm.ee\\\/?p=6750#respond\"]}]},{\"@type\":\"WebPage\",\"@id\":\"https:\\\/\\\/blog.erm.ee\\\/?p=6750\",\"url\":\"https:\\\/\\\/blog.erm.ee\\\/?p=6750\",\"name\":\"Laps on vanainimese ahv (eesti vanas\u00f5na) - Eesti Rahva Muuseumi ajaveeb\",\"isPartOf\":{\"@id\":\"https:\\\/\\\/blog.erm.ee\\\/#website\"},\"primaryImageOfPage\":{\"@id\":\"https:\\\/\\\/blog.erm.ee\\\/?p=6750#primaryimage\"},\"image\":{\"@id\":\"https:\\\/\\\/blog.erm.ee\\\/?p=6750#primaryimage\"},\"thumbnailUrl\":\"https:\\\/\\\/blog.erm.ee\\\/wp-content\\\/uploads\\\/2015\\\/09\\\/340578_ERM_Fk_2971_306.jpg\",\"datePublished\":\"2015-09-08T03:06:49+00:00\",\"author\":{\"@id\":\"https:\\\/\\\/blog.erm.ee\\\/#\\\/schema\\\/person\\\/6e98c391cb00a33e7c22a3571e062114\"},\"breadcrumb\":{\"@id\":\"https:\\\/\\\/blog.erm.ee\\\/?p=6750#breadcrumb\"},\"inLanguage\":\"et\",\"potentialAction\":[{\"@type\":\"ReadAction\",\"target\":[\"https:\\\/\\\/blog.erm.ee\\\/?p=6750\"]}]},{\"@type\":\"ImageObject\",\"inLanguage\":\"et\",\"@id\":\"https:\\\/\\\/blog.erm.ee\\\/?p=6750#primaryimage\",\"url\":\"https:\\\/\\\/blog.erm.ee\\\/wp-content\\\/uploads\\\/2015\\\/09\\\/340578_ERM_Fk_2971_306.jpg\",\"contentUrl\":\"https:\\\/\\\/blog.erm.ee\\\/wp-content\\\/uploads\\\/2015\\\/09\\\/340578_ERM_Fk_2971_306.jpg\",\"width\":1200,\"height\":774},{\"@type\":\"BreadcrumbList\",\"@id\":\"https:\\\/\\\/blog.erm.ee\\\/?p=6750#breadcrumb\",\"itemListElement\":[{\"@type\":\"ListItem\",\"position\":1,\"name\":\"Home\",\"item\":\"https:\\\/\\\/blog.erm.ee\\\/\"},{\"@type\":\"ListItem\",\"position\":2,\"name\":\"Laps on vanainimese ahv (eesti vanas\u00f5na)\"}]},{\"@type\":\"WebSite\",\"@id\":\"https:\\\/\\\/blog.erm.ee\\\/#website\",\"url\":\"https:\\\/\\\/blog.erm.ee\\\/\",\"name\":\"Eesti Rahva Muuseumi ajaveeb\",\"description\":\"\",\"potentialAction\":[{\"@type\":\"SearchAction\",\"target\":{\"@type\":\"EntryPoint\",\"urlTemplate\":\"https:\\\/\\\/blog.erm.ee\\\/?s={search_term_string}\"},\"query-input\":{\"@type\":\"PropertyValueSpecification\",\"valueRequired\":true,\"valueName\":\"search_term_string\"}}],\"inLanguage\":\"et\"},{\"@type\":\"Person\",\"@id\":\"https:\\\/\\\/blog.erm.ee\\\/#\\\/schema\\\/person\\\/6e98c391cb00a33e7c22a3571e062114\",\"name\":\"Eesti Rahva Muuseum\",\"image\":{\"@type\":\"ImageObject\",\"inLanguage\":\"et\",\"@id\":\"https:\\\/\\\/secure.gravatar.com\\\/avatar\\\/cb6d9ad5fb49f3f7315028ce5fe60641075f2cb52b8a058ff5a985fa2d8c1da0?s=96&d=mm&r=g\",\"url\":\"https:\\\/\\\/secure.gravatar.com\\\/avatar\\\/cb6d9ad5fb49f3f7315028ce5fe60641075f2cb52b8a058ff5a985fa2d8c1da0?s=96&d=mm&r=g\",\"contentUrl\":\"https:\\\/\\\/secure.gravatar.com\\\/avatar\\\/cb6d9ad5fb49f3f7315028ce5fe60641075f2cb52b8a058ff5a985fa2d8c1da0?s=96&d=mm&r=g\",\"caption\":\"Eesti Rahva Muuseum\"},\"sameAs\":[\"http:\\\/\\\/www.erm.ee\"],\"url\":\"https:\\\/\\\/blog.erm.ee\\\/?author=1\"}]}<\/script>\n<!-- \/ Yoast SEO plugin. -->","yoast_head_json":{"title":"Laps on vanainimese ahv (eesti vanas\u00f5na) - Eesti Rahva Muuseumi ajaveeb","robots":{"index":"index","follow":"follow","max-snippet":"max-snippet:-1","max-image-preview":"max-image-preview:large","max-video-preview":"max-video-preview:-1"},"canonical":"https:\/\/blog.erm.ee\/?p=6750","og_locale":"et_EE","og_type":"article","og_title":"Laps on vanainimese ahv (eesti vanas\u00f5na) - Eesti Rahva Muuseumi ajaveeb","og_description":"Siret Saar, koguhoidja K\u00f5ikv\u00f5imalikud k\u00e4siraamatud selle kohta, kuidas peab elama, on mind alati k\u00f6itnud, alates Holger Puki raamatust \u201eKuidas toimid sina?\u201c, l\u00f5petades Benjamin Spock teosega \u201eTeie laps\u201c. Mida k\u00f5ike ma olen t\u00e4nu nendele raamatutele teada saanud! Elu on v\u00f5itlus ja sellep\u00e4rast tuleb oma \u201ev\u00f5lusid\u201c korrigeerida; lastele ei tohi toonekurejutte r\u00e4\u00e4kida ja beebi v\u00f5ib magama panna&hellip;","og_url":"https:\/\/blog.erm.ee\/?p=6750","og_site_name":"Eesti Rahva Muuseumi ajaveeb","article_published_time":"2015-09-08T03:06:49+00:00","og_image":[{"width":1200,"height":774,"url":"https:\/\/blog.erm.ee\/wp-content\/uploads\/2015\/09\/340578_ERM_Fk_2971_306.jpg","type":"image\/jpeg"}],"author":"Eesti Rahva Muuseum","twitter_card":"summary_large_image","twitter_misc":{"Written by":"Eesti Rahva Muuseum","Est. reading time":"3 minutit"},"schema":{"@context":"https:\/\/schema.org","@graph":[{"@type":"Article","@id":"https:\/\/blog.erm.ee\/?p=6750#article","isPartOf":{"@id":"https:\/\/blog.erm.ee\/?p=6750"},"author":{"name":"Eesti Rahva Muuseum","@id":"https:\/\/blog.erm.ee\/#\/schema\/person\/6e98c391cb00a33e7c22a3571e062114"},"headline":"Laps on vanainimese ahv (eesti vanas\u00f5na)","datePublished":"2015-09-08T03:06:49+00:00","mainEntityOfPage":{"@id":"https:\/\/blog.erm.ee\/?p=6750"},"wordCount":641,"commentCount":0,"image":{"@id":"https:\/\/blog.erm.ee\/?p=6750#primaryimage"},"thumbnailUrl":"https:\/\/blog.erm.ee\/wp-content\/uploads\/2015\/09\/340578_ERM_Fk_2971_306.jpg","articleSection":["Foto","Museaal"],"inLanguage":"et","potentialAction":[{"@type":"CommentAction","name":"Comment","target":["https:\/\/blog.erm.ee\/?p=6750#respond"]}]},{"@type":"WebPage","@id":"https:\/\/blog.erm.ee\/?p=6750","url":"https:\/\/blog.erm.ee\/?p=6750","name":"Laps on vanainimese ahv (eesti vanas\u00f5na) - Eesti Rahva Muuseumi ajaveeb","isPartOf":{"@id":"https:\/\/blog.erm.ee\/#website"},"primaryImageOfPage":{"@id":"https:\/\/blog.erm.ee\/?p=6750#primaryimage"},"image":{"@id":"https:\/\/blog.erm.ee\/?p=6750#primaryimage"},"thumbnailUrl":"https:\/\/blog.erm.ee\/wp-content\/uploads\/2015\/09\/340578_ERM_Fk_2971_306.jpg","datePublished":"2015-09-08T03:06:49+00:00","author":{"@id":"https:\/\/blog.erm.ee\/#\/schema\/person\/6e98c391cb00a33e7c22a3571e062114"},"breadcrumb":{"@id":"https:\/\/blog.erm.ee\/?p=6750#breadcrumb"},"inLanguage":"et","potentialAction":[{"@type":"ReadAction","target":["https:\/\/blog.erm.ee\/?p=6750"]}]},{"@type":"ImageObject","inLanguage":"et","@id":"https:\/\/blog.erm.ee\/?p=6750#primaryimage","url":"https:\/\/blog.erm.ee\/wp-content\/uploads\/2015\/09\/340578_ERM_Fk_2971_306.jpg","contentUrl":"https:\/\/blog.erm.ee\/wp-content\/uploads\/2015\/09\/340578_ERM_Fk_2971_306.jpg","width":1200,"height":774},{"@type":"BreadcrumbList","@id":"https:\/\/blog.erm.ee\/?p=6750#breadcrumb","itemListElement":[{"@type":"ListItem","position":1,"name":"Home","item":"https:\/\/blog.erm.ee\/"},{"@type":"ListItem","position":2,"name":"Laps on vanainimese ahv (eesti vanas\u00f5na)"}]},{"@type":"WebSite","@id":"https:\/\/blog.erm.ee\/#website","url":"https:\/\/blog.erm.ee\/","name":"Eesti Rahva Muuseumi ajaveeb","description":"","potentialAction":[{"@type":"SearchAction","target":{"@type":"EntryPoint","urlTemplate":"https:\/\/blog.erm.ee\/?s={search_term_string}"},"query-input":{"@type":"PropertyValueSpecification","valueRequired":true,"valueName":"search_term_string"}}],"inLanguage":"et"},{"@type":"Person","@id":"https:\/\/blog.erm.ee\/#\/schema\/person\/6e98c391cb00a33e7c22a3571e062114","name":"Eesti Rahva Muuseum","image":{"@type":"ImageObject","inLanguage":"et","@id":"https:\/\/secure.gravatar.com\/avatar\/cb6d9ad5fb49f3f7315028ce5fe60641075f2cb52b8a058ff5a985fa2d8c1da0?s=96&d=mm&r=g","url":"https:\/\/secure.gravatar.com\/avatar\/cb6d9ad5fb49f3f7315028ce5fe60641075f2cb52b8a058ff5a985fa2d8c1da0?s=96&d=mm&r=g","contentUrl":"https:\/\/secure.gravatar.com\/avatar\/cb6d9ad5fb49f3f7315028ce5fe60641075f2cb52b8a058ff5a985fa2d8c1da0?s=96&d=mm&r=g","caption":"Eesti Rahva Muuseum"},"sameAs":["http:\/\/www.erm.ee"],"url":"https:\/\/blog.erm.ee\/?author=1"}]}},"jetpack_featured_media_url":"https:\/\/blog.erm.ee\/wp-content\/uploads\/2015\/09\/340578_ERM_Fk_2971_306.jpg","jetpack_shortlink":"https:\/\/wp.me\/p2l9Zd-1KS","jetpack_sharing_enabled":true,"jetpack_likes_enabled":true,"_links":{"self":[{"href":"https:\/\/blog.erm.ee\/index.php?rest_route=\/wp\/v2\/posts\/6750","targetHints":{"allow":["GET"]}}],"collection":[{"href":"https:\/\/blog.erm.ee\/index.php?rest_route=\/wp\/v2\/posts"}],"about":[{"href":"https:\/\/blog.erm.ee\/index.php?rest_route=\/wp\/v2\/types\/post"}],"author":[{"embeddable":true,"href":"https:\/\/blog.erm.ee\/index.php?rest_route=\/wp\/v2\/users\/1"}],"replies":[{"embeddable":true,"href":"https:\/\/blog.erm.ee\/index.php?rest_route=%2Fwp%2Fv2%2Fcomments&post=6750"}],"version-history":[{"count":2,"href":"https:\/\/blog.erm.ee\/index.php?rest_route=\/wp\/v2\/posts\/6750\/revisions"}],"predecessor-version":[{"id":6763,"href":"https:\/\/blog.erm.ee\/index.php?rest_route=\/wp\/v2\/posts\/6750\/revisions\/6763"}],"wp:featuredmedia":[{"embeddable":true,"href":"https:\/\/blog.erm.ee\/index.php?rest_route=\/wp\/v2\/media\/6754"}],"wp:attachment":[{"href":"https:\/\/blog.erm.ee\/index.php?rest_route=%2Fwp%2Fv2%2Fmedia&parent=6750"}],"wp:term":[{"taxonomy":"category","embeddable":true,"href":"https:\/\/blog.erm.ee\/index.php?rest_route=%2Fwp%2Fv2%2Fcategories&post=6750"},{"taxonomy":"post_tag","embeddable":true,"href":"https:\/\/blog.erm.ee\/index.php?rest_route=%2Fwp%2Fv2%2Ftags&post=6750"}],"curies":[{"name":"wp","href":"https:\/\/api.w.org\/{rel}","templated":true}]}}