{"id":6692,"date":"2015-08-26T00:54:20","date_gmt":"2015-08-25T21:54:20","guid":{"rendered":"http:\/\/blog.erm.ee\/?p=6692"},"modified":"2015-08-26T19:11:19","modified_gmt":"2015-08-26T16:11:19","slug":"asumiseltside-roll-inimkeskse-linnaruumi-loomisel","status":"publish","type":"post","link":"https:\/\/blog.erm.ee\/?p=6692","title":{"rendered":"Asumiseltside roll inimkeskse linnaruumi loomisel"},"content":{"rendered":"<div class=\"fcbkbttn_buttons_block\" id=\"fcbkbttn_left\"><div class=\"fcbkbttn_like \"><fb:like href=\"https:\/\/blog.erm.ee\/?p=6692\" action=\"like\" colorscheme=\"light\" layout=\"standard\"  width=\"225px\" size=\"small\"><\/fb:like><\/div><div class=\"fb-share-button  \" data-href=\"https:\/\/blog.erm.ee\/?p=6692\" data-type=\"button\" data-size=\"small\"><\/div><\/div><p>&nbsp;<\/p>\n<p>Madle Lippus,\u00a0linnauurija <a href=\"http:\/\/www.linnalabor.ee\/\" target=\"_blank\">Linnalaborist<\/a><\/p>\n<p>Asumiseltsid on sageli tuntud oma toredate pidude j\u00e4rgi. Isegi need, kelle tegevus on muidu v\u00e4hem aktiivne, korraldavad tavaliselt korra aastas \u00fche suurema \u00fcrituse, muusika ja laadaga, kuhu on oodatud k\u00fclalised \u00fcle terve linna. Kui ka midagi muud seltside tegemiste kohta ei teata, siis Uue Maailma T\u00e4navafestivalist v\u00f5i Supilinna p\u00e4evadest ollakse ikka kuulnud, isegi kui ise sinna pole sattutud.<\/p>\n<p><a href=\"https:\/\/blog.erm.ee\/wp-content\/uploads\/2015\/08\/26-06-supilinna-p\u00e4evad.jpg\"><img loading=\"lazy\" decoding=\"async\" data-attachment-id=\"6693\" data-permalink=\"https:\/\/blog.erm.ee\/?attachment_id=6693#main\" data-orig-file=\"https:\/\/blog.erm.ee\/wp-content\/uploads\/2015\/08\/26-06-supilinna-p\u00e4evad.jpg\" data-orig-size=\"1000,666\" data-comments-opened=\"1\" data-image-meta=\"{&quot;aperture&quot;:&quot;0&quot;,&quot;credit&quot;:&quot;&quot;,&quot;camera&quot;:&quot;&quot;,&quot;caption&quot;:&quot;&quot;,&quot;created_timestamp&quot;:&quot;0&quot;,&quot;copyright&quot;:&quot;&quot;,&quot;focal_length&quot;:&quot;0&quot;,&quot;iso&quot;:&quot;0&quot;,&quot;shutter_speed&quot;:&quot;0&quot;,&quot;title&quot;:&quot;&quot;,&quot;orientation&quot;:&quot;0&quot;}\" data-image-title=\"26-06 supilinna p\u00e4evad\" data-image-description=\"\" data-image-caption=\"\" data-large-file=\"https:\/\/blog.erm.ee\/wp-content\/uploads\/2015\/08\/26-06-supilinna-p\u00e4evad.jpg\" class=\"alignnone size-full wp-image-6693\" src=\"https:\/\/blog.erm.ee\/wp-content\/uploads\/2015\/08\/26-06-supilinna-p\u00e4evad.jpg\" alt=\"26-06 supilinna p\u00e4evad\" width=\"1000\" height=\"666\" srcset=\"https:\/\/blog.erm.ee\/wp-content\/uploads\/2015\/08\/26-06-supilinna-p\u00e4evad.jpg 1000w, https:\/\/blog.erm.ee\/wp-content\/uploads\/2015\/08\/26-06-supilinna-p\u00e4evad-390x260.jpg 390w, https:\/\/blog.erm.ee\/wp-content\/uploads\/2015\/08\/26-06-supilinna-p\u00e4evad-300x200.jpg 300w\" sizes=\"auto, (max-width: 1000px) 100vw, 1000px\" \/><\/a><em>Supilinna p\u00e4evad 2014. Foto <a href=\"http:\/\/toomasjuriado.blogspot.com\/2014_05_01_archive.html\" target=\"_blank\">Toomas J\u00fcriado<\/a><\/em><\/p>\n<p>Ehkki v\u00f5ib j\u00e4\u00e4da mulje, et t\u00e4histamist on palju, siis tegelikult on seltsidel ka tegus igap\u00e4evaelu. Tallinnas on asumiseltse praeguseks kokku 26, Tartus kolm ja P\u00e4rnus (m\u00f6\u00f6ndustega) neli seltsi (vahe\u00fclevaate nende tegemistest annab nt 2013. aasta Urbanistide uudiskirja <a href=\"http:\/\/www.urban.ee\/issue\/ee\/15\" target=\"_blank\">Linnaidee number<\/a>.) \u00a0V\u00f5rreldes pea tuhande k\u00fclaseltsiga pole kolmk\u00fcmmend linnaseltsi nagu suurt midagi. Samas on asumiseltside tegevus nende linnade elukvaliteedi t\u00f5usule oluliselt kaasa aidanud.<\/p>\n<p>Asumiselts on nagu k\u00fclaselts \u2013 see on piirkonna elanikke kokku toov \u00fchendus, mille eesm\u00e4rk on kaasa r\u00e4\u00e4kida kohaliku elu korralduses ja miks mitte ka ise k\u00e4ed k\u00fclge panna. Linnaseltside tekkimine hoogustus peale 2006. aastat ja k\u00f5igepealt tekkisid need pigem sellistesse pool-linn-pool-k\u00fcladesse, piirkondadesse, kus tihedus on v\u00e4iksem ning asumil oma selge identiteet juba olemas. N\u00e4iteks linnas\u00fcdame romantilised puitagulid, nagu Kalamaja ja Pelgulinn Tallinnas v\u00f5i Karlova ja Supilinn Tartus, v\u00f5i siis eramajade piirkonnad Tallinnas N\u00f5mmel ja Pirital. 2014. aastat v\u00f5is selles m\u00f5ttes lugeda Eesti asumiliikumises n-\u00f6 uue laine aastaks, kus kohalik aktiivsus muutus n\u00e4htavaks ka oluliselt v\u00e4hemt\u00f5en\u00e4olistes kohtades, Annelinnas ja Lasnam\u00e4el. Lasnam\u00e4e LasnaIdee algatuse raames n\u00e4idati 2015. aasta augustis n\u00e4iteks \u00fche n\u00e4dala v\u00e4ltel Lasnam\u00e4e erinevates hoovides \u00f5htuti filme \u2013 tegutses LasnaKino. V\u00f5iks loota, et selliseid algatusi tekib aina rohkem.<\/p>\n<p><a href=\"https:\/\/blog.erm.ee\/wp-content\/uploads\/2015\/08\/Lasnakino.jpg\"><img loading=\"lazy\" decoding=\"async\" data-attachment-id=\"6695\" data-permalink=\"https:\/\/blog.erm.ee\/?attachment_id=6695#main\" data-orig-file=\"https:\/\/blog.erm.ee\/wp-content\/uploads\/2015\/08\/Lasnakino.jpg\" data-orig-size=\"960,640\" data-comments-opened=\"1\" data-image-meta=\"{&quot;aperture&quot;:&quot;0&quot;,&quot;credit&quot;:&quot;&quot;,&quot;camera&quot;:&quot;&quot;,&quot;caption&quot;:&quot;&quot;,&quot;created_timestamp&quot;:&quot;0&quot;,&quot;copyright&quot;:&quot;&quot;,&quot;focal_length&quot;:&quot;0&quot;,&quot;iso&quot;:&quot;0&quot;,&quot;shutter_speed&quot;:&quot;0&quot;,&quot;title&quot;:&quot;&quot;,&quot;orientation&quot;:&quot;0&quot;}\" data-image-title=\"Lasnakino\" data-image-description=\"\" data-image-caption=\"\" data-large-file=\"https:\/\/blog.erm.ee\/wp-content\/uploads\/2015\/08\/Lasnakino.jpg\" class=\"alignnone size-full wp-image-6695\" src=\"https:\/\/blog.erm.ee\/wp-content\/uploads\/2015\/08\/Lasnakino.jpg\" alt=\"Lasnakino\" width=\"960\" height=\"640\" srcset=\"https:\/\/blog.erm.ee\/wp-content\/uploads\/2015\/08\/Lasnakino.jpg 960w, https:\/\/blog.erm.ee\/wp-content\/uploads\/2015\/08\/Lasnakino-390x260.jpg 390w, https:\/\/blog.erm.ee\/wp-content\/uploads\/2015\/08\/Lasnakino-300x200.jpg 300w\" sizes=\"auto, (max-width: 960px) 100vw, 960px\" \/><\/a><i>LasnaKino filmiseanss. Foto\u00a0<a href=\"https:\/\/www.facebook.com\/lasnaidee\/photos\/a.737815596345616.1073741840.514813098645868\/737818233012019\/?type=3&amp;theater\" target=\"_blank\">Vladislav Kopylkov<\/a><\/i><\/p>\n<p>Toimunud elukvaliteedi t\u00f5usu ning asumiseltside panust sellesse v\u00f5ib olla esmapilgul raske m\u00f5\u00f5ta. Seda enam, et asumiseltside tegevus on sageli \u00fcsna h\u00fcplik \u2013 kui kohalike kino\u00f5htute vedajal jaks otsa saab, siis ei pruugi neid enam toimuda. Samas on ju teada, et \u00fchiskondlike muutuste jaoks on vaja j\u00e4rjepidevust ja aega \u2013 ainult \u00fcksikutest kino\u00f5htutest ei piisa.<\/p>\n<p>Et teemat ka enda jaoks selgemaks m\u00f5telda, kaardistas Tallinna asumiseltse \u00fchendav Linnaidee algatus 2013. aastal seltside tegevust ja m\u00f5ju. Algatuse \u00fche tulemusena jagati seltside tegevused kolme p\u00f5him\u00f5ttelisse plokki: 1) \u00fchise infov\u00e4lja loomine: oluline info j\u00f5uab lihtsamini elanikeni (nt vahendab selts planeeringu uudiseid); 2) elanike kokku toomisele suunatud ettev\u00f5tmised nt festivalid, ekskursioonid; 3) otseselt kohaliku elukvaliteedi parandamiseks suunatud tegevused, nt kohalikud heakorratalgud. Asumiseltsid oma olemasoluga loovad raamistiku, tugistruktuuri k\u00f5igiks nendeks tegevusteks: kui on vaja levitada kadunud kassipoja pilti v\u00f5i tarvis inimesi heakorratalguteks kokku kutsuda, siis on juba olemas kanalid, mille kaudu seda teha. See k\u00f5ik h\u00f5lbustab inimeste tutvumist, mis omakorda muudab elamise sellises piirkonnas turvalisemaks, mis j\u00e4llegi\u00a0julgustab nt v\u00e4ikeettev\u00f5tjat v\u00f5tma riski avada piirkonnas oma v\u00e4ike pood v\u00f5i kohvik jne. Et inimkeskse linnaruumi loomisel on see k\u00f5ik oluline, n\u00e4itab kasv\u00f5i see, et 2014. aastal korraldatud Annelinna avaliku ruumi visioonikonkurss kasutas k\u00f5iki neid m\u00e4rks\u00f5nu kirjeldamaks osalejatele kvaliteete, mida pakutavatelt lahendustelt oodatakse.<\/p>\n<p><a href=\"https:\/\/blog.erm.ee\/wp-content\/uploads\/2015\/08\/Annelinnap\u00e4evad.png\"><img loading=\"lazy\" decoding=\"async\" data-attachment-id=\"6694\" data-permalink=\"https:\/\/blog.erm.ee\/?attachment_id=6694#main\" data-orig-file=\"https:\/\/blog.erm.ee\/wp-content\/uploads\/2015\/08\/Annelinnap\u00e4evad.png\" data-orig-size=\"672,372\" data-comments-opened=\"1\" data-image-meta=\"{&quot;aperture&quot;:&quot;0&quot;,&quot;credit&quot;:&quot;&quot;,&quot;camera&quot;:&quot;&quot;,&quot;caption&quot;:&quot;&quot;,&quot;created_timestamp&quot;:&quot;0&quot;,&quot;copyright&quot;:&quot;&quot;,&quot;focal_length&quot;:&quot;0&quot;,&quot;iso&quot;:&quot;0&quot;,&quot;shutter_speed&quot;:&quot;0&quot;,&quot;title&quot;:&quot;&quot;,&quot;orientation&quot;:&quot;0&quot;}\" data-image-title=\"Annelinnap\u00e4evad\" data-image-description=\"\" data-image-caption=\"\" data-large-file=\"https:\/\/blog.erm.ee\/wp-content\/uploads\/2015\/08\/Annelinnap\u00e4evad.png\" class=\"alignnone size-full wp-image-6694\" src=\"https:\/\/blog.erm.ee\/wp-content\/uploads\/2015\/08\/Annelinnap\u00e4evad.png\" alt=\"Annelinnap\u00e4evad\" width=\"672\" height=\"372\" srcset=\"https:\/\/blog.erm.ee\/wp-content\/uploads\/2015\/08\/Annelinnap\u00e4evad.png 672w, https:\/\/blog.erm.ee\/wp-content\/uploads\/2015\/08\/Annelinnap\u00e4evad-460x255.png 460w, https:\/\/blog.erm.ee\/wp-content\/uploads\/2015\/08\/Annelinnap\u00e4evad-300x166.png 300w\" sizes=\"auto, (max-width: 672px) 100vw, 672px\" \/><\/a><em>Pilt:\u00a0<a href=\"https:\/\/annelinnaportaal.wordpress.com\/\" target=\"_blank\">Paco Ulman, Kaarel K\u00fcnnap<\/a><\/em><\/p>\n<p>Teisalt on asumiseltside tegevusel ka s\u00fcgavam m\u00f5\u00f5de kui lihtsalt vabatahtlik omaalgatus ja seltsitegevus. V\u00f5iksime neist m\u00f5telda kui kohaliku omavalitsuse k\u00f5ige rohujuuremast tasandist, riigi partnerist kohaliku elu korraldamisel ning kohalike elu-olu puudutavate otsuste tegemisel. On mitmeid teemasid, mille puhul kohalike elanike informeeritus on valdkonna ametnikest oluliselt parem v\u00f5i lihtsalt teistsugune, vahetu, igap\u00e4evasest ruumikasutusest kantud. Sellised on nt mitmed heakorrateemad, rekreatsioon, linnaruumi korraldus jne. Et kohalike seltside kompetentsus neil teemadel on sageli suur, siis oleks m\u00f5istlik seda ka kohalike otsuste tegemisel \u00e4ra kasutada. V\u00f5i miks mitte j\u00e4tta \u00fcldse osa kohalikke otsuseid seltside teha.<\/p>\n<p>&nbsp;<\/p>\n<p>29. augustil toimub Rakendusliku Antropoloogia Keskuse, Tartu Linnamuuseumi ja ERMi eestvedamisel \u00dclej\u00f5el \u00fcritus <a href=\"https:\/\/www.facebook.com\/events\/728593420603244\/\" target=\"_blank\">\u201eP\u00e4ev \u00dcle J\u00f5e\u201c<\/a>, mille eesm\u00e4rgiks on linnaruumi elavdamise ning piirkonna inimeste ja ettev\u00f5tete kokku toomisega t\u00f5mmata t\u00e4helepanu \u00dclej\u00f5e piirkonnale kui meeldivale ja huvitavale ajaveetmis- ning elukohale. Lisaks soovime kutsuda \u00dclej\u00f5ele ka neid tartlasi, kes teisele poole j\u00f5ge v\u00e4ga sageli ei satu.<\/p>\n<p>P\u00e4eva tegevusi ja ajakava vaata <a href=\"https:\/\/www.facebook.com\/events\/728593420603244\/\" target=\"_blank\">Facebookist<\/a>.<\/p>\n<div class=\"fcbkbttn_buttons_block\" id=\"fcbkbttn_left\"><div class=\"fcbkbttn_like \"><fb:like href=\"https:\/\/blog.erm.ee\/?p=6692\" action=\"like\" colorscheme=\"light\" layout=\"standard\"  width=\"225px\" size=\"small\"><\/fb:like><\/div><div class=\"fb-share-button  \" data-href=\"https:\/\/blog.erm.ee\/?p=6692\" data-type=\"button\" data-size=\"small\"><\/div><\/div>","protected":false},"excerpt":{"rendered":"<p>&nbsp; Madle Lippus,\u00a0linnauurija Linnalaborist Asumiseltsid on sageli tuntud oma toredate pidude j\u00e4rgi. Isegi need, kelle tegevus on muidu v\u00e4hem aktiivne, korraldavad tavaliselt korra aastas \u00fche suurema \u00fcrituse, muusika ja laadaga, kuhu on oodatud k\u00fclalised \u00fcle terve linna. Kui ka midagi muud seltside tegemiste kohta ei teata, siis Uue Maailma T\u00e4navafestivalist v\u00f5i Supilinna p\u00e4evadest ollakse ikka&hellip;<\/p>\n","protected":false},"author":1,"featured_media":6694,"comment_status":"open","ping_status":"open","sticky":false,"template":"","format":"standard","meta":{"_monsterinsights_skip_tracking":false,"_monsterinsights_sitenote_active":false,"_monsterinsights_sitenote_note":"","_monsterinsights_sitenote_category":0,"jetpack_post_was_ever_published":false,"_jetpack_newsletter_access":"","_jetpack_dont_email_post_to_subs":false,"_jetpack_newsletter_tier_id":0,"_jetpack_memberships_contains_paywalled_content":false,"_jetpack_memberships_contains_paid_content":false,"footnotes":""},"categories":[19],"tags":[],"class_list":["post-6692","post","type-post","status-publish","format-standard","has-post-thumbnail","hentry","category-sundmus"],"yoast_head":"<!-- This site is optimized with the Yoast SEO plugin v27.5 - https:\/\/yoast.com\/product\/yoast-seo-wordpress\/ -->\n<title>Asumiseltside roll inimkeskse linnaruumi loomisel - Eesti Rahva Muuseumi ajaveeb<\/title>\n<meta name=\"robots\" content=\"index, follow, max-snippet:-1, max-image-preview:large, max-video-preview:-1\" \/>\n<link rel=\"canonical\" href=\"https:\/\/blog.erm.ee\/?p=6692\" \/>\n<meta property=\"og:locale\" content=\"et_EE\" \/>\n<meta property=\"og:type\" content=\"article\" \/>\n<meta property=\"og:title\" content=\"Asumiseltside roll inimkeskse linnaruumi loomisel - Eesti Rahva Muuseumi ajaveeb\" \/>\n<meta property=\"og:description\" content=\"&nbsp; Madle Lippus,\u00a0linnauurija Linnalaborist Asumiseltsid on sageli tuntud oma toredate pidude j\u00e4rgi. Isegi need, kelle tegevus on muidu v\u00e4hem aktiivne, korraldavad tavaliselt korra aastas \u00fche suurema \u00fcrituse, muusika ja laadaga, kuhu on oodatud k\u00fclalised \u00fcle terve linna. Kui ka midagi muud seltside tegemiste kohta ei teata, siis Uue Maailma T\u00e4navafestivalist v\u00f5i Supilinna p\u00e4evadest ollakse ikka&hellip;\" \/>\n<meta property=\"og:url\" content=\"https:\/\/blog.erm.ee\/?p=6692\" \/>\n<meta property=\"og:site_name\" content=\"Eesti Rahva Muuseumi ajaveeb\" \/>\n<meta property=\"article:published_time\" content=\"2015-08-25T21:54:20+00:00\" \/>\n<meta property=\"article:modified_time\" content=\"2015-08-26T16:11:19+00:00\" \/>\n<meta property=\"og:image\" content=\"https:\/\/blog.erm.ee\/wp-content\/uploads\/2015\/08\/Annelinnap\u00e4evad.png\" \/>\n\t<meta property=\"og:image:width\" content=\"672\" \/>\n\t<meta property=\"og:image:height\" content=\"372\" \/>\n\t<meta property=\"og:image:type\" content=\"image\/png\" \/>\n<meta name=\"author\" content=\"Eesti Rahva Muuseum\" \/>\n<meta name=\"twitter:card\" content=\"summary_large_image\" \/>\n<meta name=\"twitter:label1\" content=\"Written by\" \/>\n\t<meta name=\"twitter:data1\" content=\"Eesti Rahva Muuseum\" \/>\n\t<meta name=\"twitter:label2\" content=\"Est. reading time\" \/>\n\t<meta name=\"twitter:data2\" content=\"4 minutit\" \/>\n<script type=\"application\/ld+json\" class=\"yoast-schema-graph\">{\"@context\":\"https:\\\/\\\/schema.org\",\"@graph\":[{\"@type\":\"Article\",\"@id\":\"https:\\\/\\\/blog.erm.ee\\\/?p=6692#article\",\"isPartOf\":{\"@id\":\"https:\\\/\\\/blog.erm.ee\\\/?p=6692\"},\"author\":{\"name\":\"Eesti Rahva Muuseum\",\"@id\":\"https:\\\/\\\/blog.erm.ee\\\/#\\\/schema\\\/person\\\/6e98c391cb00a33e7c22a3571e062114\"},\"headline\":\"Asumiseltside roll inimkeskse linnaruumi loomisel\",\"datePublished\":\"2015-08-25T21:54:20+00:00\",\"dateModified\":\"2015-08-26T16:11:19+00:00\",\"mainEntityOfPage\":{\"@id\":\"https:\\\/\\\/blog.erm.ee\\\/?p=6692\"},\"wordCount\":709,\"commentCount\":0,\"image\":{\"@id\":\"https:\\\/\\\/blog.erm.ee\\\/?p=6692#primaryimage\"},\"thumbnailUrl\":\"https:\\\/\\\/blog.erm.ee\\\/wp-content\\\/uploads\\\/2015\\\/08\\\/Annelinnap\u00e4evad.png\",\"articleSection\":[\"S\u00fcndmus\"],\"inLanguage\":\"et\",\"potentialAction\":[{\"@type\":\"CommentAction\",\"name\":\"Comment\",\"target\":[\"https:\\\/\\\/blog.erm.ee\\\/?p=6692#respond\"]}]},{\"@type\":\"WebPage\",\"@id\":\"https:\\\/\\\/blog.erm.ee\\\/?p=6692\",\"url\":\"https:\\\/\\\/blog.erm.ee\\\/?p=6692\",\"name\":\"Asumiseltside roll inimkeskse linnaruumi loomisel - Eesti Rahva Muuseumi ajaveeb\",\"isPartOf\":{\"@id\":\"https:\\\/\\\/blog.erm.ee\\\/#website\"},\"primaryImageOfPage\":{\"@id\":\"https:\\\/\\\/blog.erm.ee\\\/?p=6692#primaryimage\"},\"image\":{\"@id\":\"https:\\\/\\\/blog.erm.ee\\\/?p=6692#primaryimage\"},\"thumbnailUrl\":\"https:\\\/\\\/blog.erm.ee\\\/wp-content\\\/uploads\\\/2015\\\/08\\\/Annelinnap\u00e4evad.png\",\"datePublished\":\"2015-08-25T21:54:20+00:00\",\"dateModified\":\"2015-08-26T16:11:19+00:00\",\"author\":{\"@id\":\"https:\\\/\\\/blog.erm.ee\\\/#\\\/schema\\\/person\\\/6e98c391cb00a33e7c22a3571e062114\"},\"breadcrumb\":{\"@id\":\"https:\\\/\\\/blog.erm.ee\\\/?p=6692#breadcrumb\"},\"inLanguage\":\"et\",\"potentialAction\":[{\"@type\":\"ReadAction\",\"target\":[\"https:\\\/\\\/blog.erm.ee\\\/?p=6692\"]}]},{\"@type\":\"ImageObject\",\"inLanguage\":\"et\",\"@id\":\"https:\\\/\\\/blog.erm.ee\\\/?p=6692#primaryimage\",\"url\":\"https:\\\/\\\/blog.erm.ee\\\/wp-content\\\/uploads\\\/2015\\\/08\\\/Annelinnap\u00e4evad.png\",\"contentUrl\":\"https:\\\/\\\/blog.erm.ee\\\/wp-content\\\/uploads\\\/2015\\\/08\\\/Annelinnap\u00e4evad.png\",\"width\":672,\"height\":372},{\"@type\":\"BreadcrumbList\",\"@id\":\"https:\\\/\\\/blog.erm.ee\\\/?p=6692#breadcrumb\",\"itemListElement\":[{\"@type\":\"ListItem\",\"position\":1,\"name\":\"Home\",\"item\":\"https:\\\/\\\/blog.erm.ee\\\/\"},{\"@type\":\"ListItem\",\"position\":2,\"name\":\"Asumiseltside roll inimkeskse linnaruumi loomisel\"}]},{\"@type\":\"WebSite\",\"@id\":\"https:\\\/\\\/blog.erm.ee\\\/#website\",\"url\":\"https:\\\/\\\/blog.erm.ee\\\/\",\"name\":\"Eesti Rahva Muuseumi ajaveeb\",\"description\":\"\",\"potentialAction\":[{\"@type\":\"SearchAction\",\"target\":{\"@type\":\"EntryPoint\",\"urlTemplate\":\"https:\\\/\\\/blog.erm.ee\\\/?s={search_term_string}\"},\"query-input\":{\"@type\":\"PropertyValueSpecification\",\"valueRequired\":true,\"valueName\":\"search_term_string\"}}],\"inLanguage\":\"et\"},{\"@type\":\"Person\",\"@id\":\"https:\\\/\\\/blog.erm.ee\\\/#\\\/schema\\\/person\\\/6e98c391cb00a33e7c22a3571e062114\",\"name\":\"Eesti Rahva Muuseum\",\"image\":{\"@type\":\"ImageObject\",\"inLanguage\":\"et\",\"@id\":\"https:\\\/\\\/secure.gravatar.com\\\/avatar\\\/cb6d9ad5fb49f3f7315028ce5fe60641075f2cb52b8a058ff5a985fa2d8c1da0?s=96&d=mm&r=g\",\"url\":\"https:\\\/\\\/secure.gravatar.com\\\/avatar\\\/cb6d9ad5fb49f3f7315028ce5fe60641075f2cb52b8a058ff5a985fa2d8c1da0?s=96&d=mm&r=g\",\"contentUrl\":\"https:\\\/\\\/secure.gravatar.com\\\/avatar\\\/cb6d9ad5fb49f3f7315028ce5fe60641075f2cb52b8a058ff5a985fa2d8c1da0?s=96&d=mm&r=g\",\"caption\":\"Eesti Rahva Muuseum\"},\"sameAs\":[\"http:\\\/\\\/www.erm.ee\"],\"url\":\"https:\\\/\\\/blog.erm.ee\\\/?author=1\"}]}<\/script>\n<!-- \/ Yoast SEO plugin. -->","yoast_head_json":{"title":"Asumiseltside roll inimkeskse linnaruumi loomisel - Eesti Rahva Muuseumi ajaveeb","robots":{"index":"index","follow":"follow","max-snippet":"max-snippet:-1","max-image-preview":"max-image-preview:large","max-video-preview":"max-video-preview:-1"},"canonical":"https:\/\/blog.erm.ee\/?p=6692","og_locale":"et_EE","og_type":"article","og_title":"Asumiseltside roll inimkeskse linnaruumi loomisel - Eesti Rahva Muuseumi ajaveeb","og_description":"&nbsp; Madle Lippus,\u00a0linnauurija Linnalaborist Asumiseltsid on sageli tuntud oma toredate pidude j\u00e4rgi. Isegi need, kelle tegevus on muidu v\u00e4hem aktiivne, korraldavad tavaliselt korra aastas \u00fche suurema \u00fcrituse, muusika ja laadaga, kuhu on oodatud k\u00fclalised \u00fcle terve linna. Kui ka midagi muud seltside tegemiste kohta ei teata, siis Uue Maailma T\u00e4navafestivalist v\u00f5i Supilinna p\u00e4evadest ollakse ikka&hellip;","og_url":"https:\/\/blog.erm.ee\/?p=6692","og_site_name":"Eesti Rahva Muuseumi ajaveeb","article_published_time":"2015-08-25T21:54:20+00:00","article_modified_time":"2015-08-26T16:11:19+00:00","og_image":[{"width":672,"height":372,"url":"https:\/\/blog.erm.ee\/wp-content\/uploads\/2015\/08\/Annelinnap\u00e4evad.png","type":"image\/png"}],"author":"Eesti Rahva Muuseum","twitter_card":"summary_large_image","twitter_misc":{"Written by":"Eesti Rahva Muuseum","Est. reading time":"4 minutit"},"schema":{"@context":"https:\/\/schema.org","@graph":[{"@type":"Article","@id":"https:\/\/blog.erm.ee\/?p=6692#article","isPartOf":{"@id":"https:\/\/blog.erm.ee\/?p=6692"},"author":{"name":"Eesti Rahva Muuseum","@id":"https:\/\/blog.erm.ee\/#\/schema\/person\/6e98c391cb00a33e7c22a3571e062114"},"headline":"Asumiseltside roll inimkeskse linnaruumi loomisel","datePublished":"2015-08-25T21:54:20+00:00","dateModified":"2015-08-26T16:11:19+00:00","mainEntityOfPage":{"@id":"https:\/\/blog.erm.ee\/?p=6692"},"wordCount":709,"commentCount":0,"image":{"@id":"https:\/\/blog.erm.ee\/?p=6692#primaryimage"},"thumbnailUrl":"https:\/\/blog.erm.ee\/wp-content\/uploads\/2015\/08\/Annelinnap\u00e4evad.png","articleSection":["S\u00fcndmus"],"inLanguage":"et","potentialAction":[{"@type":"CommentAction","name":"Comment","target":["https:\/\/blog.erm.ee\/?p=6692#respond"]}]},{"@type":"WebPage","@id":"https:\/\/blog.erm.ee\/?p=6692","url":"https:\/\/blog.erm.ee\/?p=6692","name":"Asumiseltside roll inimkeskse linnaruumi loomisel - Eesti Rahva Muuseumi ajaveeb","isPartOf":{"@id":"https:\/\/blog.erm.ee\/#website"},"primaryImageOfPage":{"@id":"https:\/\/blog.erm.ee\/?p=6692#primaryimage"},"image":{"@id":"https:\/\/blog.erm.ee\/?p=6692#primaryimage"},"thumbnailUrl":"https:\/\/blog.erm.ee\/wp-content\/uploads\/2015\/08\/Annelinnap\u00e4evad.png","datePublished":"2015-08-25T21:54:20+00:00","dateModified":"2015-08-26T16:11:19+00:00","author":{"@id":"https:\/\/blog.erm.ee\/#\/schema\/person\/6e98c391cb00a33e7c22a3571e062114"},"breadcrumb":{"@id":"https:\/\/blog.erm.ee\/?p=6692#breadcrumb"},"inLanguage":"et","potentialAction":[{"@type":"ReadAction","target":["https:\/\/blog.erm.ee\/?p=6692"]}]},{"@type":"ImageObject","inLanguage":"et","@id":"https:\/\/blog.erm.ee\/?p=6692#primaryimage","url":"https:\/\/blog.erm.ee\/wp-content\/uploads\/2015\/08\/Annelinnap\u00e4evad.png","contentUrl":"https:\/\/blog.erm.ee\/wp-content\/uploads\/2015\/08\/Annelinnap\u00e4evad.png","width":672,"height":372},{"@type":"BreadcrumbList","@id":"https:\/\/blog.erm.ee\/?p=6692#breadcrumb","itemListElement":[{"@type":"ListItem","position":1,"name":"Home","item":"https:\/\/blog.erm.ee\/"},{"@type":"ListItem","position":2,"name":"Asumiseltside roll inimkeskse linnaruumi loomisel"}]},{"@type":"WebSite","@id":"https:\/\/blog.erm.ee\/#website","url":"https:\/\/blog.erm.ee\/","name":"Eesti Rahva Muuseumi ajaveeb","description":"","potentialAction":[{"@type":"SearchAction","target":{"@type":"EntryPoint","urlTemplate":"https:\/\/blog.erm.ee\/?s={search_term_string}"},"query-input":{"@type":"PropertyValueSpecification","valueRequired":true,"valueName":"search_term_string"}}],"inLanguage":"et"},{"@type":"Person","@id":"https:\/\/blog.erm.ee\/#\/schema\/person\/6e98c391cb00a33e7c22a3571e062114","name":"Eesti Rahva Muuseum","image":{"@type":"ImageObject","inLanguage":"et","@id":"https:\/\/secure.gravatar.com\/avatar\/cb6d9ad5fb49f3f7315028ce5fe60641075f2cb52b8a058ff5a985fa2d8c1da0?s=96&d=mm&r=g","url":"https:\/\/secure.gravatar.com\/avatar\/cb6d9ad5fb49f3f7315028ce5fe60641075f2cb52b8a058ff5a985fa2d8c1da0?s=96&d=mm&r=g","contentUrl":"https:\/\/secure.gravatar.com\/avatar\/cb6d9ad5fb49f3f7315028ce5fe60641075f2cb52b8a058ff5a985fa2d8c1da0?s=96&d=mm&r=g","caption":"Eesti Rahva Muuseum"},"sameAs":["http:\/\/www.erm.ee"],"url":"https:\/\/blog.erm.ee\/?author=1"}]}},"jetpack_featured_media_url":"https:\/\/blog.erm.ee\/wp-content\/uploads\/2015\/08\/Annelinnap\u00e4evad.png","jetpack_shortlink":"https:\/\/wp.me\/p2l9Zd-1JW","jetpack_sharing_enabled":true,"jetpack_likes_enabled":true,"_links":{"self":[{"href":"https:\/\/blog.erm.ee\/index.php?rest_route=\/wp\/v2\/posts\/6692","targetHints":{"allow":["GET"]}}],"collection":[{"href":"https:\/\/blog.erm.ee\/index.php?rest_route=\/wp\/v2\/posts"}],"about":[{"href":"https:\/\/blog.erm.ee\/index.php?rest_route=\/wp\/v2\/types\/post"}],"author":[{"embeddable":true,"href":"https:\/\/blog.erm.ee\/index.php?rest_route=\/wp\/v2\/users\/1"}],"replies":[{"embeddable":true,"href":"https:\/\/blog.erm.ee\/index.php?rest_route=%2Fwp%2Fv2%2Fcomments&post=6692"}],"version-history":[{"count":8,"href":"https:\/\/blog.erm.ee\/index.php?rest_route=\/wp\/v2\/posts\/6692\/revisions"}],"predecessor-version":[{"id":6703,"href":"https:\/\/blog.erm.ee\/index.php?rest_route=\/wp\/v2\/posts\/6692\/revisions\/6703"}],"wp:featuredmedia":[{"embeddable":true,"href":"https:\/\/blog.erm.ee\/index.php?rest_route=\/wp\/v2\/media\/6694"}],"wp:attachment":[{"href":"https:\/\/blog.erm.ee\/index.php?rest_route=%2Fwp%2Fv2%2Fmedia&parent=6692"}],"wp:term":[{"taxonomy":"category","embeddable":true,"href":"https:\/\/blog.erm.ee\/index.php?rest_route=%2Fwp%2Fv2%2Fcategories&post=6692"},{"taxonomy":"post_tag","embeddable":true,"href":"https:\/\/blog.erm.ee\/index.php?rest_route=%2Fwp%2Fv2%2Ftags&post=6692"}],"curies":[{"name":"wp","href":"https:\/\/api.w.org\/{rel}","templated":true}]}}