{"id":6569,"date":"2015-07-21T07:50:51","date_gmt":"2015-07-21T04:50:51","guid":{"rendered":"http:\/\/blog.erm.ee\/?p=6569"},"modified":"2015-07-21T07:50:51","modified_gmt":"2015-07-21T04:50:51","slug":"laheb-kalamees-kalale-pane-pada-tulele","status":"publish","type":"post","link":"https:\/\/blog.erm.ee\/?p=6569","title":{"rendered":"L\u00e4heb kalamees kalale \u2013 pane pada tulele"},"content":{"rendered":"<div class=\"fcbkbttn_buttons_block\" id=\"fcbkbttn_left\"><div class=\"fcbkbttn_like \"><fb:like href=\"https:\/\/blog.erm.ee\/?p=6569\" action=\"like\" colorscheme=\"light\" layout=\"standard\"  width=\"225px\" size=\"small\"><\/fb:like><\/div><div class=\"fb-share-button  \" data-href=\"https:\/\/blog.erm.ee\/?p=6569\" data-type=\"button\" data-size=\"small\"><\/div><\/div><p><em>Siret Saar, koguhoidja<\/em><\/p>\n<p>Jerome\u2019i raamatus \u201eKolm meest paadis\u201c \u00f6eldakse, et hea kalamees ei oska mitte ainult h\u00e4sti \u00f5ngitseda, vaid tal on ka korralik kujutlusv\u00f5ime, m\u00e4nglev leidlikkus ja hea fantaseerimisoskus. Sellest ei piisa, et oskad kergelt ja punastamata valetada. Lihtsalt valetamisest ei ole mingit kasu \u2013 sellega saab iga kollanokk hakkama. Kogenud \u00f5ngemeest tuntakse usutavatest lugudest, mis on t\u00e4is \u00fcksikasju ja kaunistavaid vihjeid.<br \/>\nKalamehed on t\u00f5esti kirglikud ja suures\u00f5nalised ning nende lood on toredad. Minu s\u00f5navaras on oma koha leidnud v\u00e4ljendid <em>kassikala, paras poiss, pannikala, pr\u00fcgikala, purakas<\/em> ja<em> kaunitar<\/em>.<br \/>\nHead kala\u00f5nne \u00f5ngitsejatele! Teised v\u00f5ivad ennast lihtsalt nendega kaasa sokutada, et veekogu \u00e4\u00e4res m\u00f5nusalt aega veeta.<\/p>\n<p><a href=\"https:\/\/blog.erm.ee\/wp-content\/uploads\/2015\/06\/313495_ERM_Fk_213_227.jpg\"><img loading=\"lazy\" decoding=\"async\" data-attachment-id=\"6570\" data-permalink=\"https:\/\/blog.erm.ee\/?attachment_id=6570#main\" data-orig-file=\"https:\/\/blog.erm.ee\/wp-content\/uploads\/2015\/06\/313495_ERM_Fk_213_227.jpg\" data-orig-size=\"1200,875\" data-comments-opened=\"1\" data-image-meta=\"{&quot;aperture&quot;:&quot;0&quot;,&quot;credit&quot;:&quot;Arp Karm&quot;,&quot;camera&quot;:&quot;&quot;,&quot;caption&quot;:&quot;&quot;,&quot;created_timestamp&quot;:&quot;1257173946&quot;,&quot;copyright&quot;:&quot;Arp Karm&quot;,&quot;focal_length&quot;:&quot;0&quot;,&quot;iso&quot;:&quot;0&quot;,&quot;shutter_speed&quot;:&quot;0&quot;,&quot;title&quot;:&quot;&quot;,&quot;orientation&quot;:&quot;0&quot;}\" data-image-title=\"313495_ERM_Fk_213_227\" data-image-description=\"\" data-image-caption=\"\" data-large-file=\"https:\/\/blog.erm.ee\/wp-content\/uploads\/2015\/06\/313495_ERM_Fk_213_227-1024x747.jpg\" class=\"alignnone size-large wp-image-6570\" src=\"https:\/\/blog.erm.ee\/wp-content\/uploads\/2015\/06\/313495_ERM_Fk_213_227-1024x747.jpg\" alt=\"313495_ERM_Fk_213_227\" width=\"700\" height=\"511\" srcset=\"https:\/\/blog.erm.ee\/wp-content\/uploads\/2015\/06\/313495_ERM_Fk_213_227-1024x747.jpg 1024w, https:\/\/blog.erm.ee\/wp-content\/uploads\/2015\/06\/313495_ERM_Fk_213_227-357x260.jpg 357w, https:\/\/blog.erm.ee\/wp-content\/uploads\/2015\/06\/313495_ERM_Fk_213_227-300x219.jpg 300w, https:\/\/blog.erm.ee\/wp-content\/uploads\/2015\/06\/313495_ERM_Fk_213_227.jpg 1200w\" sizes=\"auto, (max-width: 700px) 100vw, 700px\" \/><\/a><br \/>\n<em>Kalap\u00fc\u00fcdjad Vasula j\u00e4rve \u00e4\u00e4res. Foto Johannes P\u00e4\u00e4suke 1913. ERM Fk 213:227<\/em><\/p>\n<p><a href=\"https:\/\/blog.erm.ee\/wp-content\/uploads\/2015\/06\/106513_ERM_Fk_213_230.jpg\"><img loading=\"lazy\" decoding=\"async\" data-attachment-id=\"6571\" data-permalink=\"https:\/\/blog.erm.ee\/?attachment_id=6571#main\" data-orig-file=\"https:\/\/blog.erm.ee\/wp-content\/uploads\/2015\/06\/106513_ERM_Fk_213_230.jpg\" data-orig-size=\"1200,842\" data-comments-opened=\"1\" data-image-meta=\"{&quot;aperture&quot;:&quot;0&quot;,&quot;credit&quot;:&quot;&quot;,&quot;camera&quot;:&quot;&quot;,&quot;caption&quot;:&quot;&quot;,&quot;created_timestamp&quot;:&quot;1396948792&quot;,&quot;copyright&quot;:&quot;Eesti Rahva Muuseum 2014&quot;,&quot;focal_length&quot;:&quot;0&quot;,&quot;iso&quot;:&quot;0&quot;,&quot;shutter_speed&quot;:&quot;0&quot;,&quot;title&quot;:&quot;&quot;,&quot;orientation&quot;:&quot;0&quot;}\" data-image-title=\"106513_ERM_Fk_213_230\" data-image-description=\"\" data-image-caption=\"\" data-large-file=\"https:\/\/blog.erm.ee\/wp-content\/uploads\/2015\/06\/106513_ERM_Fk_213_230-1024x719.jpg\" class=\"alignnone size-large wp-image-6571\" src=\"https:\/\/blog.erm.ee\/wp-content\/uploads\/2015\/06\/106513_ERM_Fk_213_230-1024x719.jpg\" alt=\"106513_ERM_Fk_213_230\" width=\"700\" height=\"492\" srcset=\"https:\/\/blog.erm.ee\/wp-content\/uploads\/2015\/06\/106513_ERM_Fk_213_230-1024x719.jpg 1024w, https:\/\/blog.erm.ee\/wp-content\/uploads\/2015\/06\/106513_ERM_Fk_213_230-371x260.jpg 371w, https:\/\/blog.erm.ee\/wp-content\/uploads\/2015\/06\/106513_ERM_Fk_213_230-300x211.jpg 300w, https:\/\/blog.erm.ee\/wp-content\/uploads\/2015\/06\/106513_ERM_Fk_213_230.jpg 1200w\" sizes=\"auto, (max-width: 700px) 100vw, 700px\" \/><\/a><br \/>\n<em>Kalap\u00fc\u00fcdjad Vasulas kehakinnitust keetmas. Foto Johannes P\u00e4\u00e4suke 1913. ERM Fk 213:230<\/em><\/p>\n<p><a href=\"https:\/\/blog.erm.ee\/wp-content\/uploads\/2015\/06\/106630_ERM_Fk_214_16.jpg\"><img loading=\"lazy\" decoding=\"async\" data-attachment-id=\"6572\" data-permalink=\"https:\/\/blog.erm.ee\/?attachment_id=6572#main\" data-orig-file=\"https:\/\/blog.erm.ee\/wp-content\/uploads\/2015\/06\/106630_ERM_Fk_214_16.jpg\" data-orig-size=\"1200,861\" data-comments-opened=\"1\" data-image-meta=\"{&quot;aperture&quot;:&quot;0&quot;,&quot;credit&quot;:&quot;&quot;,&quot;camera&quot;:&quot;&quot;,&quot;caption&quot;:&quot;&quot;,&quot;created_timestamp&quot;:&quot;1396952247&quot;,&quot;copyright&quot;:&quot;Eesti Rahva Muuseum 2014&quot;,&quot;focal_length&quot;:&quot;0&quot;,&quot;iso&quot;:&quot;0&quot;,&quot;shutter_speed&quot;:&quot;0&quot;,&quot;title&quot;:&quot;&quot;,&quot;orientation&quot;:&quot;0&quot;}\" data-image-title=\"106630_ERM_Fk_214_16\" data-image-description=\"\" data-image-caption=\"\" data-large-file=\"https:\/\/blog.erm.ee\/wp-content\/uploads\/2015\/06\/106630_ERM_Fk_214_16-1024x735.jpg\" class=\"alignnone size-large wp-image-6572\" src=\"https:\/\/blog.erm.ee\/wp-content\/uploads\/2015\/06\/106630_ERM_Fk_214_16-1024x735.jpg\" alt=\"106630_ERM_Fk_214_16\" width=\"700\" height=\"502\" srcset=\"https:\/\/blog.erm.ee\/wp-content\/uploads\/2015\/06\/106630_ERM_Fk_214_16-1024x735.jpg 1024w, https:\/\/blog.erm.ee\/wp-content\/uploads\/2015\/06\/106630_ERM_Fk_214_16-362x260.jpg 362w, https:\/\/blog.erm.ee\/wp-content\/uploads\/2015\/06\/106630_ERM_Fk_214_16-300x215.jpg 300w, https:\/\/blog.erm.ee\/wp-content\/uploads\/2015\/06\/106630_ERM_Fk_214_16.jpg 1200w\" sizes=\"auto, (max-width: 700px) 100vw, 700px\" \/><\/a><br \/>\n<em>Kalamehed l\u00e4hevad merele Toila k\u00fcla all. Foto Johannes P\u00e4\u00e4suke 1913. ERM Fk 214:16<\/em><\/p>\n<p><a href=\"https:\/\/blog.erm.ee\/wp-content\/uploads\/2015\/06\/025627_ERM_Fk_376_11.jpg\"><img loading=\"lazy\" decoding=\"async\" data-attachment-id=\"6573\" data-permalink=\"https:\/\/blog.erm.ee\/?attachment_id=6573#main\" data-orig-file=\"https:\/\/blog.erm.ee\/wp-content\/uploads\/2015\/06\/025627_ERM_Fk_376_11.jpg\" data-orig-size=\"1200,768\" data-comments-opened=\"1\" data-image-meta=\"{&quot;aperture&quot;:&quot;0&quot;,&quot;credit&quot;:&quot;&quot;,&quot;camera&quot;:&quot;&quot;,&quot;caption&quot;:&quot;&quot;,&quot;created_timestamp&quot;:&quot;0&quot;,&quot;copyright&quot;:&quot;&quot;,&quot;focal_length&quot;:&quot;0&quot;,&quot;iso&quot;:&quot;0&quot;,&quot;shutter_speed&quot;:&quot;0&quot;,&quot;title&quot;:&quot;&quot;,&quot;orientation&quot;:&quot;0&quot;}\" data-image-title=\"025627_ERM_Fk_376_11\" data-image-description=\"\" data-image-caption=\"\" data-large-file=\"https:\/\/blog.erm.ee\/wp-content\/uploads\/2015\/06\/025627_ERM_Fk_376_11-1024x655.jpg\" class=\"alignnone size-large wp-image-6573\" src=\"https:\/\/blog.erm.ee\/wp-content\/uploads\/2015\/06\/025627_ERM_Fk_376_11-1024x655.jpg\" alt=\"025627_ERM_Fk_376_11\" width=\"700\" height=\"448\" srcset=\"https:\/\/blog.erm.ee\/wp-content\/uploads\/2015\/06\/025627_ERM_Fk_376_11-1024x655.jpg 1024w, https:\/\/blog.erm.ee\/wp-content\/uploads\/2015\/06\/025627_ERM_Fk_376_11-406x260.jpg 406w, https:\/\/blog.erm.ee\/wp-content\/uploads\/2015\/06\/025627_ERM_Fk_376_11-300x192.jpg 300w, https:\/\/blog.erm.ee\/wp-content\/uploads\/2015\/06\/025627_ERM_Fk_376_11.jpg 1200w\" sizes=\"auto, (max-width: 700px) 100vw, 700px\" \/><\/a><br \/>\n<em>Kalale minek Peipsil. Foto Ernst Wittoff 1921. ERM Fk 376:11<\/em><\/p>\n<p><a href=\"https:\/\/blog.erm.ee\/wp-content\/uploads\/2015\/06\/098759_ERM_Fk_580_54.jpg\"><img loading=\"lazy\" decoding=\"async\" data-attachment-id=\"6574\" data-permalink=\"https:\/\/blog.erm.ee\/?attachment_id=6574#main\" data-orig-file=\"https:\/\/blog.erm.ee\/wp-content\/uploads\/2015\/06\/098759_ERM_Fk_580_54.jpg\" data-orig-size=\"763,1200\" data-comments-opened=\"1\" data-image-meta=\"{&quot;aperture&quot;:&quot;0&quot;,&quot;credit&quot;:&quot;&quot;,&quot;camera&quot;:&quot;&quot;,&quot;caption&quot;:&quot;[#Beginning of Shooting Data Section]\\rNikon D200\\rFocal Length: 50mm\\rOptimize Image: Custom\\rColor Mode: Mode II (Adobe RGB)\\rLong Exposure NR: Off\\rHigh ISO NR: Off\\r2012\/11\/05 16:46:52.9\\rExposure Mode: Manual\\rWhite Balance: Preset d-2\\rTone Comp.: User-Defined Custom Curve\\rRAW (12-bit)\\rMetering Mode: Center-Weighted\\rAF Mode: AF-S\\rHue Adjustment: 0\\u00b0\\rImage Size: Large (3872 x 2592)\\r1\/30 sec - F\/8\\rFlash Sync Mode: Not Attached\\rSaturation: Normal\\rColor\\rExposure Comp.: 0 EV\\rSharpening: High\\rLens: 50mm F\/2.8 D\\rSensitivity: ISO 100\\rImage Comment:                                     \\r[#End of Shooting Data Section]&quot;,&quot;created_timestamp&quot;:&quot;1352134012&quot;,&quot;copyright&quot;:&quot;&quot;,&quot;focal_length&quot;:&quot;0&quot;,&quot;iso&quot;:&quot;0&quot;,&quot;shutter_speed&quot;:&quot;0&quot;,&quot;title&quot;:&quot;&quot;,&quot;orientation&quot;:&quot;0&quot;}\" data-image-title=\"098759_ERM_Fk_580_54\" data-image-description=\"\" data-image-caption=\"&lt;p&gt;[#Beginning of Shooting Data Section]&lt;br \/&gt;\nNikon D200&lt;br \/&gt;\nFocal Length: 50mm&lt;br \/&gt;\nOptimize Image: Custom&lt;br \/&gt;\nColor Mode: Mode II (Adobe RGB)&lt;br \/&gt;\nLong Exposure NR: Off&lt;br \/&gt;\nHigh ISO NR: Off&lt;br \/&gt;\n2012\/11\/05 16:46:52.9&lt;br \/&gt;\nExposure Mode: Manual&lt;br \/&gt;\nWhite Balance: Preset d-2&lt;br \/&gt;\nTone Comp.: User-Defined Custom Curve&lt;br \/&gt;\nRAW (12-bit)&lt;br \/&gt;\nMetering Mode: Center-Weighted&lt;br \/&gt;\nAF Mode: AF-S&lt;br \/&gt;\nHue Adjustment: 0\u00b0&lt;br \/&gt;\nImage Size: Large (3872 x 2592)&lt;br \/&gt;\n1\/30 sec &amp;#8211; F\/8&lt;br \/&gt;\nFlash Sync Mode: Not Attached&lt;br \/&gt;\nSaturation: Normal&lt;br \/&gt;\nColor&lt;br \/&gt;\nExposure Comp.: 0 EV&lt;br \/&gt;\nSharpening: High&lt;br \/&gt;\nLens: 50mm F\/2.8 D&lt;br \/&gt;\nSensitivity: ISO 100&lt;br \/&gt;\nImage Comment:&lt;br \/&gt;\n[#End of Shooting Data Section]&lt;\/p&gt;\n\" data-large-file=\"https:\/\/blog.erm.ee\/wp-content\/uploads\/2015\/06\/098759_ERM_Fk_580_54-651x1024.jpg\" class=\"size-large wp-image-6574\" src=\"https:\/\/blog.erm.ee\/wp-content\/uploads\/2015\/06\/098759_ERM_Fk_580_54-651x1024.jpg\" alt=\"[#Beginning of Shooting Data Section] Nikon D200 Focal Length: 50mm Optimize Image: Custom Color Mode: Mode II (Adobe RGB) Long Exposure NR: Off High ISO NR: Off 2012\/11\/05 16:46:52.9 Exposure Mode: Manual White Balance: Preset d-2 Tone Comp.: User-Defined Custom Curve RAW (12-bit) Metering Mode: Center-Weighted AF Mode: AF-S Hue Adjustment: 0\u00b0 Image Size: Large (3872 x 2592) 1\/30 sec - F\/8 Flash Sync Mode: Not Attached Saturation: Normal Color Exposure Comp.: 0 EV Sharpening: High Lens: 50mm F\/2.8 D Sensitivity: ISO 100 Image Comment:                                      [#End of Shooting Data Section]\" width=\"651\" height=\"1024\" srcset=\"https:\/\/blog.erm.ee\/wp-content\/uploads\/2015\/06\/098759_ERM_Fk_580_54-651x1024.jpg 651w, https:\/\/blog.erm.ee\/wp-content\/uploads\/2015\/06\/098759_ERM_Fk_580_54-165x260.jpg 165w, https:\/\/blog.erm.ee\/wp-content\/uploads\/2015\/06\/098759_ERM_Fk_580_54-191x300.jpg 191w, https:\/\/blog.erm.ee\/wp-content\/uploads\/2015\/06\/098759_ERM_Fk_580_54.jpg 763w\" sizes=\"auto, (max-width: 651px) 100vw, 651px\" \/><\/a><br \/>\n<em>Kalalt tulek hommikul, J\u00e4maja khk. Foto Carl Oswald Bulla. ERM Fk 580:54<\/em><\/p>\n<p><a href=\"https:\/\/blog.erm.ee\/wp-content\/uploads\/2015\/06\/098834_ERM_Fk_672_101.jpg\"><img loading=\"lazy\" decoding=\"async\" data-attachment-id=\"6578\" data-permalink=\"https:\/\/blog.erm.ee\/?attachment_id=6578#main\" data-orig-file=\"https:\/\/blog.erm.ee\/wp-content\/uploads\/2015\/06\/098834_ERM_Fk_672_101.jpg\" data-orig-size=\"1200,820\" data-comments-opened=\"1\" data-image-meta=\"{&quot;aperture&quot;:&quot;0&quot;,&quot;credit&quot;:&quot;&quot;,&quot;camera&quot;:&quot;&quot;,&quot;caption&quot;:&quot;&quot;,&quot;created_timestamp&quot;:&quot;1322049583&quot;,&quot;copyright&quot;:&quot;&quot;,&quot;focal_length&quot;:&quot;0&quot;,&quot;iso&quot;:&quot;0&quot;,&quot;shutter_speed&quot;:&quot;0&quot;,&quot;title&quot;:&quot;&quot;,&quot;orientation&quot;:&quot;0&quot;}\" data-image-title=\"098834_ERM_Fk_672_10\" data-image-description=\"\" data-image-caption=\"\" data-large-file=\"https:\/\/blog.erm.ee\/wp-content\/uploads\/2015\/06\/098834_ERM_Fk_672_101-1024x700.jpg\" class=\"alignnone size-large wp-image-6578\" src=\"https:\/\/blog.erm.ee\/wp-content\/uploads\/2015\/06\/098834_ERM_Fk_672_101-1024x700.jpg\" alt=\"098834_ERM_Fk_672_10\" width=\"700\" height=\"479\" srcset=\"https:\/\/blog.erm.ee\/wp-content\/uploads\/2015\/06\/098834_ERM_Fk_672_101-1024x700.jpg 1024w, https:\/\/blog.erm.ee\/wp-content\/uploads\/2015\/06\/098834_ERM_Fk_672_101-380x260.jpg 380w, https:\/\/blog.erm.ee\/wp-content\/uploads\/2015\/06\/098834_ERM_Fk_672_101-300x205.jpg 300w, https:\/\/blog.erm.ee\/wp-content\/uploads\/2015\/06\/098834_ERM_Fk_672_101.jpg 1200w\" sizes=\"auto, (max-width: 700px) 100vw, 700px\" \/><\/a><br \/>\n<em>Ahingup\u00fc\u00fck J\u00f5el\u00e4htme khk. Fotograaf teadmata. ERM Fk 672:10<\/em><\/p>\n<p><a href=\"https:\/\/blog.erm.ee\/wp-content\/uploads\/2015\/06\/314395_ERM_Fk_672_141.jpg\"><img loading=\"lazy\" decoding=\"async\" data-attachment-id=\"6579\" data-permalink=\"https:\/\/blog.erm.ee\/?attachment_id=6579#main\" data-orig-file=\"https:\/\/blog.erm.ee\/wp-content\/uploads\/2015\/06\/314395_ERM_Fk_672_141.jpg\" data-orig-size=\"1200,817\" data-comments-opened=\"1\" data-image-meta=\"{&quot;aperture&quot;:&quot;0&quot;,&quot;credit&quot;:&quot;&quot;,&quot;camera&quot;:&quot;&quot;,&quot;caption&quot;:&quot;[#Beginning of Shooting Data Section]\\rNikon D200\\rFocal Length: 50mm\\rOptimize Image: Custom\\rColor Mode: Mode II (Adobe RGB)\\rLong Exposure NR: Off\\rHigh ISO NR: Off\\r2010\/10\/18 15:52:45.6\\rExposure Mode: Manual\\rWhite Balance: Preset d-4\\rTone Comp.: Auto\\rRAW (12-bit)\\rMetering Mode: Spot\\rAF Mode: AF-S\\rHue Adjustment: 0\\u00b0\\rImage Size: Large (3872 x 2592)\\r1\/6 sec - F\/8\\rFlash Sync Mode: Not Attached\\rSaturation: Normal\\rColor\\rExposure Comp.: 0 EV\\rSharpening: Medium high\\rLens: 50mm F\/2.8 D\\rSensitivity: ISO 100\\rImage Comment:                                     \\r[#End of Shooting Data Section]&quot;,&quot;created_timestamp&quot;:&quot;1287417165&quot;,&quot;copyright&quot;:&quot;&quot;,&quot;focal_length&quot;:&quot;0&quot;,&quot;iso&quot;:&quot;0&quot;,&quot;shutter_speed&quot;:&quot;0&quot;,&quot;title&quot;:&quot;&quot;,&quot;orientation&quot;:&quot;0&quot;}\" data-image-title=\"314395_ERM_Fk_672_14\" data-image-description=\"\" data-image-caption=\"&lt;p&gt;[#Beginning of Shooting Data Section]&lt;br \/&gt;\nNikon D200&lt;br \/&gt;\nFocal Length: 50mm&lt;br \/&gt;\nOptimize Image: Custom&lt;br \/&gt;\nColor Mode: Mode II (Adobe RGB)&lt;br \/&gt;\nLong Exposure NR: Off&lt;br \/&gt;\nHigh ISO NR: Off&lt;br \/&gt;\n2010\/10\/18 15:52:45.6&lt;br \/&gt;\nExposure Mode: Manual&lt;br \/&gt;\nWhite Balance: Preset d-4&lt;br \/&gt;\nTone Comp.: Auto&lt;br \/&gt;\nRAW (12-bit)&lt;br \/&gt;\nMetering Mode: Spot&lt;br \/&gt;\nAF Mode: AF-S&lt;br \/&gt;\nHue Adjustment: 0\u00b0&lt;br \/&gt;\nImage Size: Large (3872 x 2592)&lt;br \/&gt;\n1\/6 sec &amp;#8211; F\/8&lt;br \/&gt;\nFlash Sync Mode: Not Attached&lt;br \/&gt;\nSaturation: Normal&lt;br \/&gt;\nColor&lt;br \/&gt;\nExposure Comp.: 0 EV&lt;br \/&gt;\nSharpening: Medium high&lt;br \/&gt;\nLens: 50mm F\/2.8 D&lt;br \/&gt;\nSensitivity: ISO 100&lt;br \/&gt;\nImage Comment:&lt;br \/&gt;\n[#End of Shooting Data Section]&lt;\/p&gt;\n\" data-large-file=\"https:\/\/blog.erm.ee\/wp-content\/uploads\/2015\/06\/314395_ERM_Fk_672_141-1024x697.jpg\" class=\"size-large wp-image-6579\" src=\"https:\/\/blog.erm.ee\/wp-content\/uploads\/2015\/06\/314395_ERM_Fk_672_141-1024x697.jpg\" alt=\"[#Beginning of Shooting Data Section] Nikon D200 Focal Length: 50mm Optimize Image: Custom Color Mode: Mode II (Adobe RGB) Long Exposure NR: Off High ISO NR: Off 2010\/10\/18 15:52:45.6 Exposure Mode: Manual White Balance: Preset d-4 Tone Comp.: Auto RAW (12-bit) Metering Mode: Spot AF Mode: AF-S Hue Adjustment: 0\u00b0 Image Size: Large (3872 x 2592) 1\/6 sec - F\/8 Flash Sync Mode: Not Attached Saturation: Normal Color Exposure Comp.: 0 EV Sharpening: Medium high Lens: 50mm F\/2.8 D Sensitivity: ISO 100 Image Comment:                                      [#End of Shooting Data Section]\" width=\"700\" height=\"476\" srcset=\"https:\/\/blog.erm.ee\/wp-content\/uploads\/2015\/06\/314395_ERM_Fk_672_141-1024x697.jpg 1024w, https:\/\/blog.erm.ee\/wp-content\/uploads\/2015\/06\/314395_ERM_Fk_672_141-382x260.jpg 382w, https:\/\/blog.erm.ee\/wp-content\/uploads\/2015\/06\/314395_ERM_Fk_672_141-300x204.jpg 300w, https:\/\/blog.erm.ee\/wp-content\/uploads\/2015\/06\/314395_ERM_Fk_672_141.jpg 1200w\" sizes=\"auto, (max-width: 700px) 100vw, 700px\" \/><\/a><br \/>\n<em>Kuuritsa p\u00fc\u00fck \u2013 kala v\u00e4ljav\u00f5tmine, J\u00f5el\u00e4htme khk Pirita j\u00f5gi. Fotograaf teadmata. ERM Fk 672:14<\/em><\/p>\n<p><a href=\"https:\/\/blog.erm.ee\/wp-content\/uploads\/2015\/06\/318597_ERM_Fk_2325_34.jpg\"><img loading=\"lazy\" decoding=\"async\" data-attachment-id=\"6581\" data-permalink=\"https:\/\/blog.erm.ee\/?attachment_id=6581#main\" data-orig-file=\"https:\/\/blog.erm.ee\/wp-content\/uploads\/2015\/06\/318597_ERM_Fk_2325_34.jpg\" data-orig-size=\"781,1200\" data-comments-opened=\"1\" data-image-meta=\"{&quot;aperture&quot;:&quot;0&quot;,&quot;credit&quot;:&quot;&quot;,&quot;camera&quot;:&quot;&quot;,&quot;caption&quot;:&quot;&quot;,&quot;created_timestamp&quot;:&quot;0&quot;,&quot;copyright&quot;:&quot;&quot;,&quot;focal_length&quot;:&quot;0&quot;,&quot;iso&quot;:&quot;0&quot;,&quot;shutter_speed&quot;:&quot;0&quot;,&quot;title&quot;:&quot;&quot;,&quot;orientation&quot;:&quot;0&quot;}\" data-image-title=\"318597_ERM_Fk_2325_34\" data-image-description=\"\" data-image-caption=\"\" data-large-file=\"https:\/\/blog.erm.ee\/wp-content\/uploads\/2015\/06\/318597_ERM_Fk_2325_34-666x1024.jpg\" class=\"alignnone size-large wp-image-6581\" src=\"https:\/\/blog.erm.ee\/wp-content\/uploads\/2015\/06\/318597_ERM_Fk_2325_34-666x1024.jpg\" alt=\"318597_ERM_Fk_2325_34\" width=\"666\" height=\"1024\" srcset=\"https:\/\/blog.erm.ee\/wp-content\/uploads\/2015\/06\/318597_ERM_Fk_2325_34-666x1024.jpg 666w, https:\/\/blog.erm.ee\/wp-content\/uploads\/2015\/06\/318597_ERM_Fk_2325_34-169x260.jpg 169w, https:\/\/blog.erm.ee\/wp-content\/uploads\/2015\/06\/318597_ERM_Fk_2325_34-195x300.jpg 195w, https:\/\/blog.erm.ee\/wp-content\/uploads\/2015\/06\/318597_ERM_Fk_2325_34.jpg 781w\" sizes=\"auto, (max-width: 666px) 100vw, 666px\" \/><\/a><br \/>\n<em>Handid Kunovati j\u00f5el kala p\u00fc\u00fcdmas. Foto Edgar Saar 1989. ERM Fk 2325:34<\/em><\/p>\n<p><a href=\"https:\/\/blog.erm.ee\/wp-content\/uploads\/2015\/06\/075429_ERM_Fk_2644_4575.jpg\"><img loading=\"lazy\" decoding=\"async\" data-attachment-id=\"6582\" data-permalink=\"https:\/\/blog.erm.ee\/?attachment_id=6582#main\" data-orig-file=\"https:\/\/blog.erm.ee\/wp-content\/uploads\/2015\/06\/075429_ERM_Fk_2644_4575.jpg\" data-orig-size=\"779,1200\" data-comments-opened=\"1\" data-image-meta=\"{&quot;aperture&quot;:&quot;0&quot;,&quot;credit&quot;:&quot;&quot;,&quot;camera&quot;:&quot;&quot;,&quot;caption&quot;:&quot;&quot;,&quot;created_timestamp&quot;:&quot;0&quot;,&quot;copyright&quot;:&quot;&quot;,&quot;focal_length&quot;:&quot;0&quot;,&quot;iso&quot;:&quot;0&quot;,&quot;shutter_speed&quot;:&quot;0&quot;,&quot;title&quot;:&quot;&quot;,&quot;orientation&quot;:&quot;0&quot;}\" data-image-title=\"075429_ERM_Fk_2644_4575\" data-image-description=\"\" data-image-caption=\"\" data-large-file=\"https:\/\/blog.erm.ee\/wp-content\/uploads\/2015\/06\/075429_ERM_Fk_2644_4575-665x1024.jpg\" class=\"alignnone size-large wp-image-6582\" src=\"https:\/\/blog.erm.ee\/wp-content\/uploads\/2015\/06\/075429_ERM_Fk_2644_4575-665x1024.jpg\" alt=\"075429_ERM_Fk_2644_4575\" width=\"665\" height=\"1024\" srcset=\"https:\/\/blog.erm.ee\/wp-content\/uploads\/2015\/06\/075429_ERM_Fk_2644_4575-665x1024.jpg 665w, https:\/\/blog.erm.ee\/wp-content\/uploads\/2015\/06\/075429_ERM_Fk_2644_4575-169x260.jpg 169w, https:\/\/blog.erm.ee\/wp-content\/uploads\/2015\/06\/075429_ERM_Fk_2644_4575-195x300.jpg 195w, https:\/\/blog.erm.ee\/wp-content\/uploads\/2015\/06\/075429_ERM_Fk_2644_4575.jpg 779w\" sizes=\"auto, (max-width: 665px) 100vw, 665px\" \/><\/a><br \/>\n<em>Kalamees paadip\u00e4ras. Foto Viktor Salmre 1966. ERM Fk 2644:4575<\/em><\/p>\n<p><a href=\"https:\/\/blog.erm.ee\/wp-content\/uploads\/2015\/06\/081238_ERM_Fk_2644_10384.jpg\"><img loading=\"lazy\" decoding=\"async\" data-attachment-id=\"6583\" data-permalink=\"https:\/\/blog.erm.ee\/?attachment_id=6583#main\" data-orig-file=\"https:\/\/blog.erm.ee\/wp-content\/uploads\/2015\/06\/081238_ERM_Fk_2644_10384.jpg\" data-orig-size=\"792,1200\" data-comments-opened=\"1\" data-image-meta=\"{&quot;aperture&quot;:&quot;0&quot;,&quot;credit&quot;:&quot;&quot;,&quot;camera&quot;:&quot;&quot;,&quot;caption&quot;:&quot;&quot;,&quot;created_timestamp&quot;:&quot;0&quot;,&quot;copyright&quot;:&quot;\\u00a9 Eesti Rahva Muuseum&quot;,&quot;focal_length&quot;:&quot;0&quot;,&quot;iso&quot;:&quot;0&quot;,&quot;shutter_speed&quot;:&quot;0&quot;,&quot;title&quot;:&quot;&quot;,&quot;orientation&quot;:&quot;0&quot;}\" data-image-title=\"081238_ERM_Fk_2644_10384\" data-image-description=\"\" data-image-caption=\"\" data-large-file=\"https:\/\/blog.erm.ee\/wp-content\/uploads\/2015\/06\/081238_ERM_Fk_2644_10384-676x1024.jpg\" class=\"alignnone size-large wp-image-6583\" src=\"https:\/\/blog.erm.ee\/wp-content\/uploads\/2015\/06\/081238_ERM_Fk_2644_10384-676x1024.jpg\" alt=\"081238_ERM_Fk_2644_10384\" width=\"676\" height=\"1024\" srcset=\"https:\/\/blog.erm.ee\/wp-content\/uploads\/2015\/06\/081238_ERM_Fk_2644_10384-676x1024.jpg 676w, https:\/\/blog.erm.ee\/wp-content\/uploads\/2015\/06\/081238_ERM_Fk_2644_10384-172x260.jpg 172w, https:\/\/blog.erm.ee\/wp-content\/uploads\/2015\/06\/081238_ERM_Fk_2644_10384-198x300.jpg 198w, https:\/\/blog.erm.ee\/wp-content\/uploads\/2015\/06\/081238_ERM_Fk_2644_10384.jpg 792w\" sizes=\"auto, (max-width: 676px) 100vw, 676px\" \/><\/a><br \/>\n<em>Piirissaar. Mehed kalale minemas. Foto Viktor Salmre 1975. ERM Fk 2644:10384<\/em><\/p>\n<p><a href=\"https:\/\/blog.erm.ee\/wp-content\/uploads\/2015\/06\/345044_ERM_Fk_2971_4772.jpg\"><img loading=\"lazy\" decoding=\"async\" data-attachment-id=\"6584\" data-permalink=\"https:\/\/blog.erm.ee\/?attachment_id=6584#main\" data-orig-file=\"https:\/\/blog.erm.ee\/wp-content\/uploads\/2015\/06\/345044_ERM_Fk_2971_4772.jpg\" data-orig-size=\"781,1200\" data-comments-opened=\"1\" data-image-meta=\"{&quot;aperture&quot;:&quot;0&quot;,&quot;credit&quot;:&quot;&quot;,&quot;camera&quot;:&quot;&quot;,&quot;caption&quot;:&quot;&quot;,&quot;created_timestamp&quot;:&quot;0&quot;,&quot;copyright&quot;:&quot;&quot;,&quot;focal_length&quot;:&quot;0&quot;,&quot;iso&quot;:&quot;0&quot;,&quot;shutter_speed&quot;:&quot;0&quot;,&quot;title&quot;:&quot;&quot;,&quot;orientation&quot;:&quot;0&quot;}\" data-image-title=\"345044_ERM_Fk_2971_4772\" data-image-description=\"\" data-image-caption=\"\" data-large-file=\"https:\/\/blog.erm.ee\/wp-content\/uploads\/2015\/06\/345044_ERM_Fk_2971_4772-666x1024.jpg\" class=\"alignnone size-large wp-image-6584\" src=\"https:\/\/blog.erm.ee\/wp-content\/uploads\/2015\/06\/345044_ERM_Fk_2971_4772-666x1024.jpg\" alt=\"345044_ERM_Fk_2971_4772\" width=\"666\" height=\"1024\" srcset=\"https:\/\/blog.erm.ee\/wp-content\/uploads\/2015\/06\/345044_ERM_Fk_2971_4772-666x1024.jpg 666w, https:\/\/blog.erm.ee\/wp-content\/uploads\/2015\/06\/345044_ERM_Fk_2971_4772-169x260.jpg 169w, https:\/\/blog.erm.ee\/wp-content\/uploads\/2015\/06\/345044_ERM_Fk_2971_4772-195x300.jpg 195w, https:\/\/blog.erm.ee\/wp-content\/uploads\/2015\/06\/345044_ERM_Fk_2971_4772.jpg 781w\" sizes=\"auto, (max-width: 666px) 100vw, 666px\" \/><\/a><br \/>\n<em>Toila sadam, kalur kala ja s\u00f5pradega. Foto Jaak Eelmets u 1990. ERM Fk 2971:4772<\/em><\/p>\n<div class=\"fcbkbttn_buttons_block\" id=\"fcbkbttn_left\"><div class=\"fcbkbttn_like \"><fb:like href=\"https:\/\/blog.erm.ee\/?p=6569\" action=\"like\" colorscheme=\"light\" layout=\"standard\"  width=\"225px\" size=\"small\"><\/fb:like><\/div><div class=\"fb-share-button  \" data-href=\"https:\/\/blog.erm.ee\/?p=6569\" data-type=\"button\" data-size=\"small\"><\/div><\/div>","protected":false},"excerpt":{"rendered":"<p>Siret Saar, koguhoidja Jerome\u2019i raamatus \u201eKolm meest paadis\u201c \u00f6eldakse, et hea kalamees ei oska mitte ainult h\u00e4sti \u00f5ngitseda, vaid tal on ka korralik kujutlusv\u00f5ime, m\u00e4nglev leidlikkus ja hea fantaseerimisoskus. Sellest ei piisa, et oskad kergelt ja punastamata valetada. Lihtsalt valetamisest ei ole mingit kasu \u2013 sellega saab iga kollanokk hakkama. Kogenud \u00f5ngemeest tuntakse usutavatest lugudest,&hellip;<\/p>\n","protected":false},"author":1,"featured_media":6576,"comment_status":"open","ping_status":"open","sticky":false,"template":"","format":"standard","meta":{"_monsterinsights_skip_tracking":false,"_monsterinsights_sitenote_active":false,"_monsterinsights_sitenote_note":"","_monsterinsights_sitenote_category":0,"jetpack_post_was_ever_published":false,"_jetpack_newsletter_access":"","_jetpack_dont_email_post_to_subs":false,"_jetpack_newsletter_tier_id":0,"_jetpack_memberships_contains_paywalled_content":false,"_jetpack_memberships_contains_paid_content":false,"footnotes":""},"categories":[5],"tags":[],"class_list":["post-6569","post","type-post","status-publish","format-standard","has-post-thumbnail","hentry","category-museaal"],"yoast_head":"<!-- This site is optimized with the Yoast SEO plugin v27.5 - https:\/\/yoast.com\/product\/yoast-seo-wordpress\/ -->\n<title>L\u00e4heb kalamees kalale \u2013 pane pada tulele - Eesti Rahva Muuseumi ajaveeb<\/title>\n<meta name=\"robots\" content=\"index, follow, max-snippet:-1, max-image-preview:large, max-video-preview:-1\" \/>\n<link rel=\"canonical\" href=\"https:\/\/blog.erm.ee\/?p=6569\" \/>\n<meta property=\"og:locale\" content=\"et_EE\" \/>\n<meta property=\"og:type\" content=\"article\" \/>\n<meta property=\"og:title\" content=\"L\u00e4heb kalamees kalale \u2013 pane pada tulele - Eesti Rahva Muuseumi ajaveeb\" \/>\n<meta property=\"og:description\" content=\"Siret Saar, koguhoidja Jerome\u2019i raamatus \u201eKolm meest paadis\u201c \u00f6eldakse, et hea kalamees ei oska mitte ainult h\u00e4sti \u00f5ngitseda, vaid tal on ka korralik kujutlusv\u00f5ime, m\u00e4nglev leidlikkus ja hea fantaseerimisoskus. Sellest ei piisa, et oskad kergelt ja punastamata valetada. Lihtsalt valetamisest ei ole mingit kasu \u2013 sellega saab iga kollanokk hakkama. Kogenud \u00f5ngemeest tuntakse usutavatest lugudest,&hellip;\" \/>\n<meta property=\"og:url\" content=\"https:\/\/blog.erm.ee\/?p=6569\" \/>\n<meta property=\"og:site_name\" content=\"Eesti Rahva Muuseumi ajaveeb\" \/>\n<meta property=\"article:published_time\" content=\"2015-07-21T04:50:51+00:00\" \/>\n<meta property=\"og:image\" content=\"https:\/\/blog.erm.ee\/wp-content\/uploads\/2015\/06\/314395_ERM_Fk_672_14.jpg\" \/>\n\t<meta property=\"og:image:width\" content=\"1200\" \/>\n\t<meta property=\"og:image:height\" content=\"817\" \/>\n\t<meta property=\"og:image:type\" content=\"image\/jpeg\" \/>\n<meta name=\"author\" content=\"Eesti Rahva Muuseum\" \/>\n<meta name=\"twitter:card\" content=\"summary_large_image\" \/>\n<meta name=\"twitter:label1\" content=\"Written by\" \/>\n\t<meta name=\"twitter:data1\" content=\"Eesti Rahva Muuseum\" \/>\n\t<meta name=\"twitter:label2\" content=\"Est. reading time\" \/>\n\t<meta name=\"twitter:data2\" content=\"1 minut\" \/>\n<script type=\"application\/ld+json\" class=\"yoast-schema-graph\">{\"@context\":\"https:\\\/\\\/schema.org\",\"@graph\":[{\"@type\":\"Article\",\"@id\":\"https:\\\/\\\/blog.erm.ee\\\/?p=6569#article\",\"isPartOf\":{\"@id\":\"https:\\\/\\\/blog.erm.ee\\\/?p=6569\"},\"author\":{\"name\":\"Eesti Rahva Muuseum\",\"@id\":\"https:\\\/\\\/blog.erm.ee\\\/#\\\/schema\\\/person\\\/6e98c391cb00a33e7c22a3571e062114\"},\"headline\":\"L\u00e4heb kalamees kalale \u2013 pane pada tulele\",\"datePublished\":\"2015-07-21T04:50:51+00:00\",\"mainEntityOfPage\":{\"@id\":\"https:\\\/\\\/blog.erm.ee\\\/?p=6569\"},\"wordCount\":250,\"commentCount\":0,\"image\":{\"@id\":\"https:\\\/\\\/blog.erm.ee\\\/?p=6569#primaryimage\"},\"thumbnailUrl\":\"https:\\\/\\\/blog.erm.ee\\\/wp-content\\\/uploads\\\/2015\\\/06\\\/314395_ERM_Fk_672_14.jpg\",\"articleSection\":[\"Museaal\"],\"inLanguage\":\"et\",\"potentialAction\":[{\"@type\":\"CommentAction\",\"name\":\"Comment\",\"target\":[\"https:\\\/\\\/blog.erm.ee\\\/?p=6569#respond\"]}]},{\"@type\":\"WebPage\",\"@id\":\"https:\\\/\\\/blog.erm.ee\\\/?p=6569\",\"url\":\"https:\\\/\\\/blog.erm.ee\\\/?p=6569\",\"name\":\"L\u00e4heb kalamees kalale \u2013 pane pada tulele - Eesti Rahva Muuseumi ajaveeb\",\"isPartOf\":{\"@id\":\"https:\\\/\\\/blog.erm.ee\\\/#website\"},\"primaryImageOfPage\":{\"@id\":\"https:\\\/\\\/blog.erm.ee\\\/?p=6569#primaryimage\"},\"image\":{\"@id\":\"https:\\\/\\\/blog.erm.ee\\\/?p=6569#primaryimage\"},\"thumbnailUrl\":\"https:\\\/\\\/blog.erm.ee\\\/wp-content\\\/uploads\\\/2015\\\/06\\\/314395_ERM_Fk_672_14.jpg\",\"datePublished\":\"2015-07-21T04:50:51+00:00\",\"author\":{\"@id\":\"https:\\\/\\\/blog.erm.ee\\\/#\\\/schema\\\/person\\\/6e98c391cb00a33e7c22a3571e062114\"},\"breadcrumb\":{\"@id\":\"https:\\\/\\\/blog.erm.ee\\\/?p=6569#breadcrumb\"},\"inLanguage\":\"et\",\"potentialAction\":[{\"@type\":\"ReadAction\",\"target\":[\"https:\\\/\\\/blog.erm.ee\\\/?p=6569\"]}]},{\"@type\":\"ImageObject\",\"inLanguage\":\"et\",\"@id\":\"https:\\\/\\\/blog.erm.ee\\\/?p=6569#primaryimage\",\"url\":\"https:\\\/\\\/blog.erm.ee\\\/wp-content\\\/uploads\\\/2015\\\/06\\\/314395_ERM_Fk_672_14.jpg\",\"contentUrl\":\"https:\\\/\\\/blog.erm.ee\\\/wp-content\\\/uploads\\\/2015\\\/06\\\/314395_ERM_Fk_672_14.jpg\",\"width\":1200,\"height\":817,\"caption\":\"[#Beginning of Shooting Data Section] Nikon D200 Focal Length: 50mm Optimize Image: Custom Color Mode: Mode II (Adobe RGB) Long Exposure NR: Off High ISO NR: Off 2010\\\/10\\\/18 15:52:45.6 Exposure Mode: Manual White Balance: Preset d-4 Tone Comp.: Auto RAW (12-bit) Metering Mode: Spot AF Mode: AF-S Hue Adjustment: 0\u00b0 Image Size: Large (3872 x 2592) 1\\\/6 sec - F\\\/8 Flash Sync Mode: Not Attached Saturation: Normal Color Exposure Comp.: 0 EV Sharpening: Medium high Lens: 50mm F\\\/2.8 D Sensitivity: ISO 100 Image Comment: [#End of Shooting Data Section]\"},{\"@type\":\"BreadcrumbList\",\"@id\":\"https:\\\/\\\/blog.erm.ee\\\/?p=6569#breadcrumb\",\"itemListElement\":[{\"@type\":\"ListItem\",\"position\":1,\"name\":\"Home\",\"item\":\"https:\\\/\\\/blog.erm.ee\\\/\"},{\"@type\":\"ListItem\",\"position\":2,\"name\":\"L\u00e4heb kalamees kalale \u2013 pane pada tulele\"}]},{\"@type\":\"WebSite\",\"@id\":\"https:\\\/\\\/blog.erm.ee\\\/#website\",\"url\":\"https:\\\/\\\/blog.erm.ee\\\/\",\"name\":\"Eesti Rahva Muuseumi ajaveeb\",\"description\":\"\",\"potentialAction\":[{\"@type\":\"SearchAction\",\"target\":{\"@type\":\"EntryPoint\",\"urlTemplate\":\"https:\\\/\\\/blog.erm.ee\\\/?s={search_term_string}\"},\"query-input\":{\"@type\":\"PropertyValueSpecification\",\"valueRequired\":true,\"valueName\":\"search_term_string\"}}],\"inLanguage\":\"et\"},{\"@type\":\"Person\",\"@id\":\"https:\\\/\\\/blog.erm.ee\\\/#\\\/schema\\\/person\\\/6e98c391cb00a33e7c22a3571e062114\",\"name\":\"Eesti Rahva Muuseum\",\"image\":{\"@type\":\"ImageObject\",\"inLanguage\":\"et\",\"@id\":\"https:\\\/\\\/secure.gravatar.com\\\/avatar\\\/cb6d9ad5fb49f3f7315028ce5fe60641075f2cb52b8a058ff5a985fa2d8c1da0?s=96&d=mm&r=g\",\"url\":\"https:\\\/\\\/secure.gravatar.com\\\/avatar\\\/cb6d9ad5fb49f3f7315028ce5fe60641075f2cb52b8a058ff5a985fa2d8c1da0?s=96&d=mm&r=g\",\"contentUrl\":\"https:\\\/\\\/secure.gravatar.com\\\/avatar\\\/cb6d9ad5fb49f3f7315028ce5fe60641075f2cb52b8a058ff5a985fa2d8c1da0?s=96&d=mm&r=g\",\"caption\":\"Eesti Rahva Muuseum\"},\"sameAs\":[\"http:\\\/\\\/www.erm.ee\"],\"url\":\"https:\\\/\\\/blog.erm.ee\\\/?author=1\"}]}<\/script>\n<!-- \/ Yoast SEO plugin. -->","yoast_head_json":{"title":"L\u00e4heb kalamees kalale \u2013 pane pada tulele - Eesti Rahva Muuseumi ajaveeb","robots":{"index":"index","follow":"follow","max-snippet":"max-snippet:-1","max-image-preview":"max-image-preview:large","max-video-preview":"max-video-preview:-1"},"canonical":"https:\/\/blog.erm.ee\/?p=6569","og_locale":"et_EE","og_type":"article","og_title":"L\u00e4heb kalamees kalale \u2013 pane pada tulele - Eesti Rahva Muuseumi ajaveeb","og_description":"Siret Saar, koguhoidja Jerome\u2019i raamatus \u201eKolm meest paadis\u201c \u00f6eldakse, et hea kalamees ei oska mitte ainult h\u00e4sti \u00f5ngitseda, vaid tal on ka korralik kujutlusv\u00f5ime, m\u00e4nglev leidlikkus ja hea fantaseerimisoskus. Sellest ei piisa, et oskad kergelt ja punastamata valetada. Lihtsalt valetamisest ei ole mingit kasu \u2013 sellega saab iga kollanokk hakkama. Kogenud \u00f5ngemeest tuntakse usutavatest lugudest,&hellip;","og_url":"https:\/\/blog.erm.ee\/?p=6569","og_site_name":"Eesti Rahva Muuseumi ajaveeb","article_published_time":"2015-07-21T04:50:51+00:00","og_image":[{"width":1200,"height":817,"url":"https:\/\/blog.erm.ee\/wp-content\/uploads\/2015\/06\/314395_ERM_Fk_672_14.jpg","type":"image\/jpeg"}],"author":"Eesti Rahva Muuseum","twitter_card":"summary_large_image","twitter_misc":{"Written by":"Eesti Rahva Muuseum","Est. reading time":"1 minut"},"schema":{"@context":"https:\/\/schema.org","@graph":[{"@type":"Article","@id":"https:\/\/blog.erm.ee\/?p=6569#article","isPartOf":{"@id":"https:\/\/blog.erm.ee\/?p=6569"},"author":{"name":"Eesti Rahva Muuseum","@id":"https:\/\/blog.erm.ee\/#\/schema\/person\/6e98c391cb00a33e7c22a3571e062114"},"headline":"L\u00e4heb kalamees kalale \u2013 pane pada tulele","datePublished":"2015-07-21T04:50:51+00:00","mainEntityOfPage":{"@id":"https:\/\/blog.erm.ee\/?p=6569"},"wordCount":250,"commentCount":0,"image":{"@id":"https:\/\/blog.erm.ee\/?p=6569#primaryimage"},"thumbnailUrl":"https:\/\/blog.erm.ee\/wp-content\/uploads\/2015\/06\/314395_ERM_Fk_672_14.jpg","articleSection":["Museaal"],"inLanguage":"et","potentialAction":[{"@type":"CommentAction","name":"Comment","target":["https:\/\/blog.erm.ee\/?p=6569#respond"]}]},{"@type":"WebPage","@id":"https:\/\/blog.erm.ee\/?p=6569","url":"https:\/\/blog.erm.ee\/?p=6569","name":"L\u00e4heb kalamees kalale \u2013 pane pada tulele - Eesti Rahva Muuseumi ajaveeb","isPartOf":{"@id":"https:\/\/blog.erm.ee\/#website"},"primaryImageOfPage":{"@id":"https:\/\/blog.erm.ee\/?p=6569#primaryimage"},"image":{"@id":"https:\/\/blog.erm.ee\/?p=6569#primaryimage"},"thumbnailUrl":"https:\/\/blog.erm.ee\/wp-content\/uploads\/2015\/06\/314395_ERM_Fk_672_14.jpg","datePublished":"2015-07-21T04:50:51+00:00","author":{"@id":"https:\/\/blog.erm.ee\/#\/schema\/person\/6e98c391cb00a33e7c22a3571e062114"},"breadcrumb":{"@id":"https:\/\/blog.erm.ee\/?p=6569#breadcrumb"},"inLanguage":"et","potentialAction":[{"@type":"ReadAction","target":["https:\/\/blog.erm.ee\/?p=6569"]}]},{"@type":"ImageObject","inLanguage":"et","@id":"https:\/\/blog.erm.ee\/?p=6569#primaryimage","url":"https:\/\/blog.erm.ee\/wp-content\/uploads\/2015\/06\/314395_ERM_Fk_672_14.jpg","contentUrl":"https:\/\/blog.erm.ee\/wp-content\/uploads\/2015\/06\/314395_ERM_Fk_672_14.jpg","width":1200,"height":817,"caption":"[#Beginning of Shooting Data Section] Nikon D200 Focal Length: 50mm Optimize Image: Custom Color Mode: Mode II (Adobe RGB) Long Exposure NR: Off High ISO NR: Off 2010\/10\/18 15:52:45.6 Exposure Mode: Manual White Balance: Preset d-4 Tone Comp.: Auto RAW (12-bit) Metering Mode: Spot AF Mode: AF-S Hue Adjustment: 0\u00b0 Image Size: Large (3872 x 2592) 1\/6 sec - F\/8 Flash Sync Mode: Not Attached Saturation: Normal Color Exposure Comp.: 0 EV Sharpening: Medium high Lens: 50mm F\/2.8 D Sensitivity: ISO 100 Image Comment: [#End of Shooting Data Section]"},{"@type":"BreadcrumbList","@id":"https:\/\/blog.erm.ee\/?p=6569#breadcrumb","itemListElement":[{"@type":"ListItem","position":1,"name":"Home","item":"https:\/\/blog.erm.ee\/"},{"@type":"ListItem","position":2,"name":"L\u00e4heb kalamees kalale \u2013 pane pada tulele"}]},{"@type":"WebSite","@id":"https:\/\/blog.erm.ee\/#website","url":"https:\/\/blog.erm.ee\/","name":"Eesti Rahva Muuseumi ajaveeb","description":"","potentialAction":[{"@type":"SearchAction","target":{"@type":"EntryPoint","urlTemplate":"https:\/\/blog.erm.ee\/?s={search_term_string}"},"query-input":{"@type":"PropertyValueSpecification","valueRequired":true,"valueName":"search_term_string"}}],"inLanguage":"et"},{"@type":"Person","@id":"https:\/\/blog.erm.ee\/#\/schema\/person\/6e98c391cb00a33e7c22a3571e062114","name":"Eesti Rahva Muuseum","image":{"@type":"ImageObject","inLanguage":"et","@id":"https:\/\/secure.gravatar.com\/avatar\/cb6d9ad5fb49f3f7315028ce5fe60641075f2cb52b8a058ff5a985fa2d8c1da0?s=96&d=mm&r=g","url":"https:\/\/secure.gravatar.com\/avatar\/cb6d9ad5fb49f3f7315028ce5fe60641075f2cb52b8a058ff5a985fa2d8c1da0?s=96&d=mm&r=g","contentUrl":"https:\/\/secure.gravatar.com\/avatar\/cb6d9ad5fb49f3f7315028ce5fe60641075f2cb52b8a058ff5a985fa2d8c1da0?s=96&d=mm&r=g","caption":"Eesti Rahva Muuseum"},"sameAs":["http:\/\/www.erm.ee"],"url":"https:\/\/blog.erm.ee\/?author=1"}]}},"jetpack_featured_media_url":"https:\/\/blog.erm.ee\/wp-content\/uploads\/2015\/06\/314395_ERM_Fk_672_14.jpg","jetpack_shortlink":"https:\/\/wp.me\/p2l9Zd-1HX","jetpack_sharing_enabled":true,"jetpack_likes_enabled":true,"_links":{"self":[{"href":"https:\/\/blog.erm.ee\/index.php?rest_route=\/wp\/v2\/posts\/6569","targetHints":{"allow":["GET"]}}],"collection":[{"href":"https:\/\/blog.erm.ee\/index.php?rest_route=\/wp\/v2\/posts"}],"about":[{"href":"https:\/\/blog.erm.ee\/index.php?rest_route=\/wp\/v2\/types\/post"}],"author":[{"embeddable":true,"href":"https:\/\/blog.erm.ee\/index.php?rest_route=\/wp\/v2\/users\/1"}],"replies":[{"embeddable":true,"href":"https:\/\/blog.erm.ee\/index.php?rest_route=%2Fwp%2Fv2%2Fcomments&post=6569"}],"version-history":[{"count":5,"href":"https:\/\/blog.erm.ee\/index.php?rest_route=\/wp\/v2\/posts\/6569\/revisions"}],"predecessor-version":[{"id":6588,"href":"https:\/\/blog.erm.ee\/index.php?rest_route=\/wp\/v2\/posts\/6569\/revisions\/6588"}],"wp:featuredmedia":[{"embeddable":true,"href":"https:\/\/blog.erm.ee\/index.php?rest_route=\/wp\/v2\/media\/6576"}],"wp:attachment":[{"href":"https:\/\/blog.erm.ee\/index.php?rest_route=%2Fwp%2Fv2%2Fmedia&parent=6569"}],"wp:term":[{"taxonomy":"category","embeddable":true,"href":"https:\/\/blog.erm.ee\/index.php?rest_route=%2Fwp%2Fv2%2Fcategories&post=6569"},{"taxonomy":"post_tag","embeddable":true,"href":"https:\/\/blog.erm.ee\/index.php?rest_route=%2Fwp%2Fv2%2Ftags&post=6569"}],"curies":[{"name":"wp","href":"https:\/\/api.w.org\/{rel}","templated":true}]}}