{"id":6521,"date":"2015-06-16T05:23:48","date_gmt":"2015-06-16T02:23:48","guid":{"rendered":"http:\/\/blog.erm.ee\/?p=6521"},"modified":"2015-06-17T10:21:15","modified_gmt":"2015-06-17T07:21:15","slug":"vaike-must-on-alati-moes","status":"publish","type":"post","link":"https:\/\/blog.erm.ee\/?p=6521","title":{"rendered":"V\u00e4ike must on alati moes"},"content":{"rendered":"<div class=\"fcbkbttn_buttons_block\" id=\"fcbkbttn_left\"><div class=\"fcbkbttn_like \"><fb:like href=\"https:\/\/blog.erm.ee\/?p=6521\" action=\"like\" colorscheme=\"light\" layout=\"standard\"  width=\"225px\" size=\"small\"><\/fb:like><\/div><div class=\"fb-share-button  \" data-href=\"https:\/\/blog.erm.ee\/?p=6521\" data-type=\"button\" data-size=\"small\"><\/div><\/div><p><em>Tekst: Kaarel Tarand, avalike ja v\u00e4lissuhete juht<\/em><\/p>\n<p><em>Fotod: Anu Ansu<\/em><\/p>\n<p>Kui Eesti Rahva Muuseum peaks enda uue maja kohvikusse hakkama klaverit ostma \u2013 sest mis \u00f5ige kohvik see ikka ilma salongimuusika v\u00f5imaluseta oleks \u2013, siis vaevalt et me l\u00f5pptulemusena t\u00fc\u00fctu riigihanke ja keerulise otsustusprotsessi kaudu just armsa v\u00e4ikese Grotrian-Steinwegini j\u00f5uaksime. Aga teinekord on saatusel k\u00f5ik varakult valmis pandud ja ei peagi suurt midagi muud tegema kui aktiivsest isetegevusest hoiduma.<\/p>\n<p><a href=\"https:\/\/blog.erm.ee\/wp-content\/uploads\/2015\/06\/aa0011.jpg\"><img loading=\"lazy\" decoding=\"async\" data-attachment-id=\"6522\" data-permalink=\"https:\/\/blog.erm.ee\/?attachment_id=6522#main\" data-orig-file=\"https:\/\/blog.erm.ee\/wp-content\/uploads\/2015\/06\/aa0011.jpg\" data-orig-size=\"801,1200\" data-comments-opened=\"1\" data-image-meta=\"{&quot;aperture&quot;:&quot;0&quot;,&quot;credit&quot;:&quot;&quot;,&quot;camera&quot;:&quot;&quot;,&quot;caption&quot;:&quot;&quot;,&quot;created_timestamp&quot;:&quot;1432298590&quot;,&quot;copyright&quot;:&quot;&quot;,&quot;focal_length&quot;:&quot;0&quot;,&quot;iso&quot;:&quot;0&quot;,&quot;shutter_speed&quot;:&quot;0&quot;,&quot;title&quot;:&quot;&quot;,&quot;orientation&quot;:&quot;0&quot;}\" data-image-title=\"aa0011\" data-image-description=\"\" data-image-caption=\"\" data-large-file=\"https:\/\/blog.erm.ee\/wp-content\/uploads\/2015\/06\/aa0011-684x1024.jpg\" class=\"alignnone size-large wp-image-6522\" src=\"https:\/\/blog.erm.ee\/wp-content\/uploads\/2015\/06\/aa0011-684x1024.jpg\" alt=\"aa0011\" width=\"684\" height=\"1024\" srcset=\"https:\/\/blog.erm.ee\/wp-content\/uploads\/2015\/06\/aa0011-684x1024.jpg 684w, https:\/\/blog.erm.ee\/wp-content\/uploads\/2015\/06\/aa0011-174x260.jpg 174w, https:\/\/blog.erm.ee\/wp-content\/uploads\/2015\/06\/aa0011-200x300.jpg 200w, https:\/\/blog.erm.ee\/wp-content\/uploads\/2015\/06\/aa0011.jpg 801w\" sizes=\"auto, (max-width: 684px) 100vw, 684px\" \/><\/a><\/p>\n<p>Nii muuseumis tehtudki, kui uue maja enam kui 100-kohalise kohviku planeerimisel ja sisseseade joonistamisel \u00fchtki klaverit kohustusena kavva ei v\u00f5etudki. Vaikimisi loodeti, et k\u00fcllap majja m\u00f5ni professionaalse m\u00e4ngija n\u00f5udlikkusele vastav klaver suursuguste muuseumiavajate kingitusena ikka \u00f5igeaegselt saabub. Sel lootusel oli m\u00e4\u00e4ratud t\u00e4ituda, pika eelloo v\u00f5ib aga vabalt tagasi venitada n\u00e4iteks Audru lahinguni 19. juulil 1941, milles m\u00f5nede allikate j\u00e4rgi oli Eesti poolel vaid \u00fcksainus langenu \u2013 kolonel Viktor-Johannes Koern (<a href=\"http:\/\/www.parnupostimees.ee\/101837\/audru-lahing-miks-langes-kolonel-koern\" target=\"_blank\">http:\/\/www.parnupostimees.ee\/101837\/audru-lahing-miks-langes-kolonel-koern<\/a>)<\/p>\n<p>Juba Vabaduss\u00f5jast kaptenina osa v\u00f5tnud Viktor Koern tegutses mitmes ametis k\u00f5rgema s\u00f5jav\u00e4elasena l\u00e4bi terve iseseisvusaja. Selliseid inimesi ja nende perekondi tabas reeglina represseerimine v\u00f5i kiire h\u00e4vitamine n\u00f5ukogude okupatsiooni ava-aastal. Kel \u00f5nnestus end varjata, j\u00e4i ellu. Loomulikult olid \u00fchtviisi ohus nii patrioodid ise kui ka nende perekonnad. Neil ei olnud palju valikut ka 1944, kui venelane j\u00e4lle peale tungis.<\/p>\n<p>Langenud koloneli j\u00e4reltulijad j\u00f5udsidki pageda l\u00e4\u00e4nde ning asetusid l\u00f5puks paiksemalt elama L\u00f5una-Rootsis. Koloneli t\u00fctret\u00fctre Lilith Valtenbergi abiellu j\u00f5udis tema abikaasa Bj\u00f6rn \u00c5kermani kaudu ka Helsingborgis 1925. aasta novembris ostetud Grotrian-Steinwegi must p\u00fcstklaver \u201emudel 120\u201c. Ligemale 50 aastat j\u00f5udis see klaver Malm\u00f6s L\u00f5una-Rootsi eesti seltskonda saata ja l\u00f5bustada, olles kultuuriliselt ja seltskondlikult mitmek\u00fclgses ja aktiivses kodus tihti partneriks ka n\u00f5udlikuma k\u00e4ega pianistidele. T\u00f5si, Eesti superstaarid, nagu K\u00e4bi Laretei, kes eelistas piirkonnas ikka suuri Kopenhaageni saale, v\u00f5isid, kuid ei pruukinud sel konkreetsel klaveril m\u00e4ngida.<\/p>\n<p><a href=\"https:\/\/blog.erm.ee\/wp-content\/uploads\/2015\/06\/aa0019.jpg\"><img loading=\"lazy\" decoding=\"async\" data-attachment-id=\"6523\" data-permalink=\"https:\/\/blog.erm.ee\/?attachment_id=6523#main\" data-orig-file=\"https:\/\/blog.erm.ee\/wp-content\/uploads\/2015\/06\/aa0019.jpg\" data-orig-size=\"1200,801\" data-comments-opened=\"1\" data-image-meta=\"{&quot;aperture&quot;:&quot;0&quot;,&quot;credit&quot;:&quot;&quot;,&quot;camera&quot;:&quot;&quot;,&quot;caption&quot;:&quot;&quot;,&quot;created_timestamp&quot;:&quot;1432298988&quot;,&quot;copyright&quot;:&quot;&quot;,&quot;focal_length&quot;:&quot;0&quot;,&quot;iso&quot;:&quot;0&quot;,&quot;shutter_speed&quot;:&quot;0&quot;,&quot;title&quot;:&quot;&quot;,&quot;orientation&quot;:&quot;0&quot;}\" data-image-title=\"aa0019\" data-image-description=\"\" data-image-caption=\"\" data-large-file=\"https:\/\/blog.erm.ee\/wp-content\/uploads\/2015\/06\/aa0019-1024x684.jpg\" class=\"alignnone size-large wp-image-6523\" src=\"https:\/\/blog.erm.ee\/wp-content\/uploads\/2015\/06\/aa0019-1024x684.jpg\" alt=\"aa0019\" width=\"700\" height=\"468\" srcset=\"https:\/\/blog.erm.ee\/wp-content\/uploads\/2015\/06\/aa0019-1024x684.jpg 1024w, https:\/\/blog.erm.ee\/wp-content\/uploads\/2015\/06\/aa0019-390x260.jpg 390w, https:\/\/blog.erm.ee\/wp-content\/uploads\/2015\/06\/aa0019-300x200.jpg 300w, https:\/\/blog.erm.ee\/wp-content\/uploads\/2015\/06\/aa0019.jpg 1200w\" sizes=\"auto, (max-width: 700px) 100vw, 700px\" \/><\/a><\/p>\n<p>Grotrian-Steinweg (hiljem ainult Grotrian, et v\u00e4ltida eksitusi ja segamini ajamist Steinway ilmakuulsate klaveritega) on Braunschweigis aastast 1835 juba kuuendat p\u00f5lve perefirmana tegutsev tipptootja (vt <a href=\"http:\/\/www.grotrian.de\/en\/\" target=\"_blank\">www.grotrian.de<\/a>), kelle tooted ei pruugi k\u00fcll j\u00f5uda alati inglise-keelse maailma tippk\u00fcmne nimetuste hulka (aga neis edetabelites ei kohta ka Estonia klavereid, nende headusele vaatamata), aga kes guugeldab, n\u00e4eb h\u00f5lpsasti, et sajandivanuseid p\u00fcstmudeleid m\u00fc\u00fcakse tihti uue keskklassi auto hinnaga. Ait\u00e4h, Bj\u00f6rn ja Lilith!<\/p>\n<p>Malm\u00f6st Tartusse saabunud v\u00e4ike must Grotrian on l\u00e4binud siin esimese \u00fclevaatuse, hoolduse ja kerge h\u00e4\u00e4lestamise, esimesi improvisatsioone esitas neil Raun Juurikas \u00fchel kevadisel muuseumi t\u00e4nu\u00fcritusel. K\u00f5las h\u00e4sti. Kuni muuseumil aga oma kvaliteetseid salvestusi pakkuda pole, lepib muuseumi s\u00f5ber eelroana ehk ka selle kerge Bachiga Maria Prokofjeva esituses:<\/p>\n<p><a href=\"https:\/\/www.youtube.com\/watch?v=8CjTAxosylk\" target=\"_blank\">https:\/\/www.youtube.com\/watch?v=8CjTAxosylk<\/a><\/p>\n<p>&nbsp;<\/p>\n<div class=\"fcbkbttn_buttons_block\" id=\"fcbkbttn_left\"><div class=\"fcbkbttn_like \"><fb:like href=\"https:\/\/blog.erm.ee\/?p=6521\" action=\"like\" colorscheme=\"light\" layout=\"standard\"  width=\"225px\" size=\"small\"><\/fb:like><\/div><div class=\"fb-share-button  \" data-href=\"https:\/\/blog.erm.ee\/?p=6521\" data-type=\"button\" data-size=\"small\"><\/div><\/div>","protected":false},"excerpt":{"rendered":"<p>Tekst: Kaarel Tarand, avalike ja v\u00e4lissuhete juht Fotod: Anu Ansu Kui Eesti Rahva Muuseum peaks enda uue maja kohvikusse hakkama klaverit ostma \u2013 sest mis \u00f5ige kohvik see ikka ilma salongimuusika v\u00f5imaluseta oleks \u2013, siis vaevalt et me l\u00f5pptulemusena t\u00fc\u00fctu riigihanke ja keerulise otsustusprotsessi kaudu just armsa v\u00e4ikese Grotrian-Steinwegini j\u00f5uaksime. Aga teinekord on saatusel k\u00f5ik&hellip;<\/p>\n","protected":false},"author":1,"featured_media":6523,"comment_status":"open","ping_status":"open","sticky":false,"template":"","format":"standard","meta":{"_monsterinsights_skip_tracking":false,"_monsterinsights_sitenote_active":false,"_monsterinsights_sitenote_note":"","_monsterinsights_sitenote_category":0,"jetpack_post_was_ever_published":false,"_jetpack_newsletter_access":"","_jetpack_dont_email_post_to_subs":false,"_jetpack_newsletter_tier_id":0,"_jetpack_memberships_contains_paywalled_content":false,"_jetpack_memberships_contains_paid_content":false,"footnotes":""},"categories":[5],"tags":[],"class_list":["post-6521","post","type-post","status-publish","format-standard","has-post-thumbnail","hentry","category-museaal"],"yoast_head":"<!-- This site is optimized with the Yoast SEO plugin v27.5 - https:\/\/yoast.com\/product\/yoast-seo-wordpress\/ -->\n<title>V\u00e4ike must on alati moes - Eesti Rahva Muuseumi ajaveeb<\/title>\n<meta name=\"robots\" content=\"index, follow, max-snippet:-1, max-image-preview:large, max-video-preview:-1\" \/>\n<link rel=\"canonical\" href=\"https:\/\/blog.erm.ee\/?p=6521\" \/>\n<meta property=\"og:locale\" content=\"et_EE\" \/>\n<meta property=\"og:type\" content=\"article\" \/>\n<meta property=\"og:title\" content=\"V\u00e4ike must on alati moes - Eesti Rahva Muuseumi ajaveeb\" \/>\n<meta property=\"og:description\" content=\"Tekst: Kaarel Tarand, avalike ja v\u00e4lissuhete juht Fotod: Anu Ansu Kui Eesti Rahva Muuseum peaks enda uue maja kohvikusse hakkama klaverit ostma \u2013 sest mis \u00f5ige kohvik see ikka ilma salongimuusika v\u00f5imaluseta oleks \u2013, siis vaevalt et me l\u00f5pptulemusena t\u00fc\u00fctu riigihanke ja keerulise otsustusprotsessi kaudu just armsa v\u00e4ikese Grotrian-Steinwegini j\u00f5uaksime. Aga teinekord on saatusel k\u00f5ik&hellip;\" \/>\n<meta property=\"og:url\" content=\"https:\/\/blog.erm.ee\/?p=6521\" \/>\n<meta property=\"og:site_name\" content=\"Eesti Rahva Muuseumi ajaveeb\" \/>\n<meta property=\"article:published_time\" content=\"2015-06-16T02:23:48+00:00\" \/>\n<meta property=\"article:modified_time\" content=\"2015-06-17T07:21:15+00:00\" \/>\n<meta property=\"og:image\" content=\"https:\/\/blog.erm.ee\/wp-content\/uploads\/2015\/06\/aa0019.jpg\" \/>\n\t<meta property=\"og:image:width\" content=\"1200\" \/>\n\t<meta property=\"og:image:height\" content=\"801\" \/>\n\t<meta property=\"og:image:type\" content=\"image\/jpeg\" \/>\n<meta name=\"author\" content=\"Eesti Rahva Muuseum\" \/>\n<meta name=\"twitter:card\" content=\"summary_large_image\" \/>\n<meta name=\"twitter:label1\" content=\"Written by\" \/>\n\t<meta name=\"twitter:data1\" content=\"Eesti Rahva Muuseum\" \/>\n\t<meta name=\"twitter:label2\" content=\"Est. reading time\" \/>\n\t<meta name=\"twitter:data2\" content=\"2 minutit\" \/>\n<script type=\"application\/ld+json\" class=\"yoast-schema-graph\">{\"@context\":\"https:\\\/\\\/schema.org\",\"@graph\":[{\"@type\":\"Article\",\"@id\":\"https:\\\/\\\/blog.erm.ee\\\/?p=6521#article\",\"isPartOf\":{\"@id\":\"https:\\\/\\\/blog.erm.ee\\\/?p=6521\"},\"author\":{\"name\":\"Eesti Rahva Muuseum\",\"@id\":\"https:\\\/\\\/blog.erm.ee\\\/#\\\/schema\\\/person\\\/6e98c391cb00a33e7c22a3571e062114\"},\"headline\":\"V\u00e4ike must on alati moes\",\"datePublished\":\"2015-06-16T02:23:48+00:00\",\"dateModified\":\"2015-06-17T07:21:15+00:00\",\"mainEntityOfPage\":{\"@id\":\"https:\\\/\\\/blog.erm.ee\\\/?p=6521\"},\"wordCount\":472,\"commentCount\":0,\"image\":{\"@id\":\"https:\\\/\\\/blog.erm.ee\\\/?p=6521#primaryimage\"},\"thumbnailUrl\":\"https:\\\/\\\/blog.erm.ee\\\/wp-content\\\/uploads\\\/2015\\\/06\\\/aa0019.jpg\",\"articleSection\":[\"Museaal\"],\"inLanguage\":\"et\",\"potentialAction\":[{\"@type\":\"CommentAction\",\"name\":\"Comment\",\"target\":[\"https:\\\/\\\/blog.erm.ee\\\/?p=6521#respond\"]}]},{\"@type\":\"WebPage\",\"@id\":\"https:\\\/\\\/blog.erm.ee\\\/?p=6521\",\"url\":\"https:\\\/\\\/blog.erm.ee\\\/?p=6521\",\"name\":\"V\u00e4ike must on alati moes - Eesti Rahva Muuseumi ajaveeb\",\"isPartOf\":{\"@id\":\"https:\\\/\\\/blog.erm.ee\\\/#website\"},\"primaryImageOfPage\":{\"@id\":\"https:\\\/\\\/blog.erm.ee\\\/?p=6521#primaryimage\"},\"image\":{\"@id\":\"https:\\\/\\\/blog.erm.ee\\\/?p=6521#primaryimage\"},\"thumbnailUrl\":\"https:\\\/\\\/blog.erm.ee\\\/wp-content\\\/uploads\\\/2015\\\/06\\\/aa0019.jpg\",\"datePublished\":\"2015-06-16T02:23:48+00:00\",\"dateModified\":\"2015-06-17T07:21:15+00:00\",\"author\":{\"@id\":\"https:\\\/\\\/blog.erm.ee\\\/#\\\/schema\\\/person\\\/6e98c391cb00a33e7c22a3571e062114\"},\"breadcrumb\":{\"@id\":\"https:\\\/\\\/blog.erm.ee\\\/?p=6521#breadcrumb\"},\"inLanguage\":\"et\",\"potentialAction\":[{\"@type\":\"ReadAction\",\"target\":[\"https:\\\/\\\/blog.erm.ee\\\/?p=6521\"]}]},{\"@type\":\"ImageObject\",\"inLanguage\":\"et\",\"@id\":\"https:\\\/\\\/blog.erm.ee\\\/?p=6521#primaryimage\",\"url\":\"https:\\\/\\\/blog.erm.ee\\\/wp-content\\\/uploads\\\/2015\\\/06\\\/aa0019.jpg\",\"contentUrl\":\"https:\\\/\\\/blog.erm.ee\\\/wp-content\\\/uploads\\\/2015\\\/06\\\/aa0019.jpg\",\"width\":1200,\"height\":801},{\"@type\":\"BreadcrumbList\",\"@id\":\"https:\\\/\\\/blog.erm.ee\\\/?p=6521#breadcrumb\",\"itemListElement\":[{\"@type\":\"ListItem\",\"position\":1,\"name\":\"Home\",\"item\":\"https:\\\/\\\/blog.erm.ee\\\/\"},{\"@type\":\"ListItem\",\"position\":2,\"name\":\"V\u00e4ike must on alati moes\"}]},{\"@type\":\"WebSite\",\"@id\":\"https:\\\/\\\/blog.erm.ee\\\/#website\",\"url\":\"https:\\\/\\\/blog.erm.ee\\\/\",\"name\":\"Eesti Rahva Muuseumi ajaveeb\",\"description\":\"\",\"potentialAction\":[{\"@type\":\"SearchAction\",\"target\":{\"@type\":\"EntryPoint\",\"urlTemplate\":\"https:\\\/\\\/blog.erm.ee\\\/?s={search_term_string}\"},\"query-input\":{\"@type\":\"PropertyValueSpecification\",\"valueRequired\":true,\"valueName\":\"search_term_string\"}}],\"inLanguage\":\"et\"},{\"@type\":\"Person\",\"@id\":\"https:\\\/\\\/blog.erm.ee\\\/#\\\/schema\\\/person\\\/6e98c391cb00a33e7c22a3571e062114\",\"name\":\"Eesti Rahva Muuseum\",\"image\":{\"@type\":\"ImageObject\",\"inLanguage\":\"et\",\"@id\":\"https:\\\/\\\/secure.gravatar.com\\\/avatar\\\/cb6d9ad5fb49f3f7315028ce5fe60641075f2cb52b8a058ff5a985fa2d8c1da0?s=96&d=mm&r=g\",\"url\":\"https:\\\/\\\/secure.gravatar.com\\\/avatar\\\/cb6d9ad5fb49f3f7315028ce5fe60641075f2cb52b8a058ff5a985fa2d8c1da0?s=96&d=mm&r=g\",\"contentUrl\":\"https:\\\/\\\/secure.gravatar.com\\\/avatar\\\/cb6d9ad5fb49f3f7315028ce5fe60641075f2cb52b8a058ff5a985fa2d8c1da0?s=96&d=mm&r=g\",\"caption\":\"Eesti Rahva Muuseum\"},\"sameAs\":[\"http:\\\/\\\/www.erm.ee\"],\"url\":\"https:\\\/\\\/blog.erm.ee\\\/?author=1\"}]}<\/script>\n<!-- \/ Yoast SEO plugin. -->","yoast_head_json":{"title":"V\u00e4ike must on alati moes - Eesti Rahva Muuseumi ajaveeb","robots":{"index":"index","follow":"follow","max-snippet":"max-snippet:-1","max-image-preview":"max-image-preview:large","max-video-preview":"max-video-preview:-1"},"canonical":"https:\/\/blog.erm.ee\/?p=6521","og_locale":"et_EE","og_type":"article","og_title":"V\u00e4ike must on alati moes - Eesti Rahva Muuseumi ajaveeb","og_description":"Tekst: Kaarel Tarand, avalike ja v\u00e4lissuhete juht Fotod: Anu Ansu Kui Eesti Rahva Muuseum peaks enda uue maja kohvikusse hakkama klaverit ostma \u2013 sest mis \u00f5ige kohvik see ikka ilma salongimuusika v\u00f5imaluseta oleks \u2013, siis vaevalt et me l\u00f5pptulemusena t\u00fc\u00fctu riigihanke ja keerulise otsustusprotsessi kaudu just armsa v\u00e4ikese Grotrian-Steinwegini j\u00f5uaksime. Aga teinekord on saatusel k\u00f5ik&hellip;","og_url":"https:\/\/blog.erm.ee\/?p=6521","og_site_name":"Eesti Rahva Muuseumi ajaveeb","article_published_time":"2015-06-16T02:23:48+00:00","article_modified_time":"2015-06-17T07:21:15+00:00","og_image":[{"width":1200,"height":801,"url":"https:\/\/blog.erm.ee\/wp-content\/uploads\/2015\/06\/aa0019.jpg","type":"image\/jpeg"}],"author":"Eesti Rahva Muuseum","twitter_card":"summary_large_image","twitter_misc":{"Written by":"Eesti Rahva Muuseum","Est. reading time":"2 minutit"},"schema":{"@context":"https:\/\/schema.org","@graph":[{"@type":"Article","@id":"https:\/\/blog.erm.ee\/?p=6521#article","isPartOf":{"@id":"https:\/\/blog.erm.ee\/?p=6521"},"author":{"name":"Eesti Rahva Muuseum","@id":"https:\/\/blog.erm.ee\/#\/schema\/person\/6e98c391cb00a33e7c22a3571e062114"},"headline":"V\u00e4ike must on alati moes","datePublished":"2015-06-16T02:23:48+00:00","dateModified":"2015-06-17T07:21:15+00:00","mainEntityOfPage":{"@id":"https:\/\/blog.erm.ee\/?p=6521"},"wordCount":472,"commentCount":0,"image":{"@id":"https:\/\/blog.erm.ee\/?p=6521#primaryimage"},"thumbnailUrl":"https:\/\/blog.erm.ee\/wp-content\/uploads\/2015\/06\/aa0019.jpg","articleSection":["Museaal"],"inLanguage":"et","potentialAction":[{"@type":"CommentAction","name":"Comment","target":["https:\/\/blog.erm.ee\/?p=6521#respond"]}]},{"@type":"WebPage","@id":"https:\/\/blog.erm.ee\/?p=6521","url":"https:\/\/blog.erm.ee\/?p=6521","name":"V\u00e4ike must on alati moes - Eesti Rahva Muuseumi ajaveeb","isPartOf":{"@id":"https:\/\/blog.erm.ee\/#website"},"primaryImageOfPage":{"@id":"https:\/\/blog.erm.ee\/?p=6521#primaryimage"},"image":{"@id":"https:\/\/blog.erm.ee\/?p=6521#primaryimage"},"thumbnailUrl":"https:\/\/blog.erm.ee\/wp-content\/uploads\/2015\/06\/aa0019.jpg","datePublished":"2015-06-16T02:23:48+00:00","dateModified":"2015-06-17T07:21:15+00:00","author":{"@id":"https:\/\/blog.erm.ee\/#\/schema\/person\/6e98c391cb00a33e7c22a3571e062114"},"breadcrumb":{"@id":"https:\/\/blog.erm.ee\/?p=6521#breadcrumb"},"inLanguage":"et","potentialAction":[{"@type":"ReadAction","target":["https:\/\/blog.erm.ee\/?p=6521"]}]},{"@type":"ImageObject","inLanguage":"et","@id":"https:\/\/blog.erm.ee\/?p=6521#primaryimage","url":"https:\/\/blog.erm.ee\/wp-content\/uploads\/2015\/06\/aa0019.jpg","contentUrl":"https:\/\/blog.erm.ee\/wp-content\/uploads\/2015\/06\/aa0019.jpg","width":1200,"height":801},{"@type":"BreadcrumbList","@id":"https:\/\/blog.erm.ee\/?p=6521#breadcrumb","itemListElement":[{"@type":"ListItem","position":1,"name":"Home","item":"https:\/\/blog.erm.ee\/"},{"@type":"ListItem","position":2,"name":"V\u00e4ike must on alati moes"}]},{"@type":"WebSite","@id":"https:\/\/blog.erm.ee\/#website","url":"https:\/\/blog.erm.ee\/","name":"Eesti Rahva Muuseumi ajaveeb","description":"","potentialAction":[{"@type":"SearchAction","target":{"@type":"EntryPoint","urlTemplate":"https:\/\/blog.erm.ee\/?s={search_term_string}"},"query-input":{"@type":"PropertyValueSpecification","valueRequired":true,"valueName":"search_term_string"}}],"inLanguage":"et"},{"@type":"Person","@id":"https:\/\/blog.erm.ee\/#\/schema\/person\/6e98c391cb00a33e7c22a3571e062114","name":"Eesti Rahva Muuseum","image":{"@type":"ImageObject","inLanguage":"et","@id":"https:\/\/secure.gravatar.com\/avatar\/cb6d9ad5fb49f3f7315028ce5fe60641075f2cb52b8a058ff5a985fa2d8c1da0?s=96&d=mm&r=g","url":"https:\/\/secure.gravatar.com\/avatar\/cb6d9ad5fb49f3f7315028ce5fe60641075f2cb52b8a058ff5a985fa2d8c1da0?s=96&d=mm&r=g","contentUrl":"https:\/\/secure.gravatar.com\/avatar\/cb6d9ad5fb49f3f7315028ce5fe60641075f2cb52b8a058ff5a985fa2d8c1da0?s=96&d=mm&r=g","caption":"Eesti Rahva Muuseum"},"sameAs":["http:\/\/www.erm.ee"],"url":"https:\/\/blog.erm.ee\/?author=1"}]}},"jetpack_featured_media_url":"https:\/\/blog.erm.ee\/wp-content\/uploads\/2015\/06\/aa0019.jpg","jetpack_shortlink":"https:\/\/wp.me\/p2l9Zd-1Hb","jetpack_sharing_enabled":true,"jetpack_likes_enabled":true,"_links":{"self":[{"href":"https:\/\/blog.erm.ee\/index.php?rest_route=\/wp\/v2\/posts\/6521","targetHints":{"allow":["GET"]}}],"collection":[{"href":"https:\/\/blog.erm.ee\/index.php?rest_route=\/wp\/v2\/posts"}],"about":[{"href":"https:\/\/blog.erm.ee\/index.php?rest_route=\/wp\/v2\/types\/post"}],"author":[{"embeddable":true,"href":"https:\/\/blog.erm.ee\/index.php?rest_route=\/wp\/v2\/users\/1"}],"replies":[{"embeddable":true,"href":"https:\/\/blog.erm.ee\/index.php?rest_route=%2Fwp%2Fv2%2Fcomments&post=6521"}],"version-history":[{"count":6,"href":"https:\/\/blog.erm.ee\/index.php?rest_route=\/wp\/v2\/posts\/6521\/revisions"}],"predecessor-version":[{"id":6535,"href":"https:\/\/blog.erm.ee\/index.php?rest_route=\/wp\/v2\/posts\/6521\/revisions\/6535"}],"wp:featuredmedia":[{"embeddable":true,"href":"https:\/\/blog.erm.ee\/index.php?rest_route=\/wp\/v2\/media\/6523"}],"wp:attachment":[{"href":"https:\/\/blog.erm.ee\/index.php?rest_route=%2Fwp%2Fv2%2Fmedia&parent=6521"}],"wp:term":[{"taxonomy":"category","embeddable":true,"href":"https:\/\/blog.erm.ee\/index.php?rest_route=%2Fwp%2Fv2%2Fcategories&post=6521"},{"taxonomy":"post_tag","embeddable":true,"href":"https:\/\/blog.erm.ee\/index.php?rest_route=%2Fwp%2Fv2%2Ftags&post=6521"}],"curies":[{"name":"wp","href":"https:\/\/api.w.org\/{rel}","templated":true}]}}