{"id":6504,"date":"2015-06-11T06:07:38","date_gmt":"2015-06-11T03:07:38","guid":{"rendered":"http:\/\/blog.erm.ee\/?p=6504"},"modified":"2015-06-17T09:30:52","modified_gmt":"2015-06-17T06:30:52","slug":"kolm-korda-kolida-on-niisama-hea-kui-uks-kord-ara-poleda-tartu","status":"publish","type":"post","link":"https:\/\/blog.erm.ee\/?p=6504","title":{"rendered":"Kolm korda kolida on niisama hea kui \u00fcks kord \u00e4ra p\u00f5leda (Tartu)"},"content":{"rendered":"<div class=\"fcbkbttn_buttons_block\" id=\"fcbkbttn_left\"><div class=\"fcbkbttn_like \"><fb:like href=\"https:\/\/blog.erm.ee\/?p=6504\" action=\"like\" colorscheme=\"light\" layout=\"standard\"  width=\"225px\" size=\"small\"><\/fb:like><\/div><div class=\"fb-share-button  \" data-href=\"https:\/\/blog.erm.ee\/?p=6504\" data-type=\"button\" data-size=\"small\"><\/div><\/div><p><em>Kristi \u00dctt, digitaal- ja eriarhiivi hoiuhaldur<\/em><\/p>\n<p>Muuseum hakkab peagi uude majja kolima. Eks igasugune kolimine on kaunis ebamugav ja t\u00fc\u00fctu, aga samas tore ka. Eriti kui tead, et see uus ootav kodu on palju avaram ja uhkem.<\/p>\n<p><a href=\"https:\/\/blog.erm.ee\/wp-content\/uploads\/2015\/06\/336064_ERM_Fk_2960_8187.jpg\"><img loading=\"lazy\" decoding=\"async\" data-attachment-id=\"6505\" data-permalink=\"https:\/\/blog.erm.ee\/?attachment_id=6505#main\" data-orig-file=\"https:\/\/blog.erm.ee\/wp-content\/uploads\/2015\/06\/336064_ERM_Fk_2960_8187.jpg\" data-orig-size=\"775,1200\" data-comments-opened=\"1\" data-image-meta=\"{&quot;aperture&quot;:&quot;0&quot;,&quot;credit&quot;:&quot;&quot;,&quot;camera&quot;:&quot;&quot;,&quot;caption&quot;:&quot;&quot;,&quot;created_timestamp&quot;:&quot;0&quot;,&quot;copyright&quot;:&quot;&quot;,&quot;focal_length&quot;:&quot;0&quot;,&quot;iso&quot;:&quot;0&quot;,&quot;shutter_speed&quot;:&quot;0&quot;,&quot;title&quot;:&quot;&quot;,&quot;orientation&quot;:&quot;0&quot;}\" data-image-title=\"336064_ERM_Fk_2960_8187\" data-image-description=\"\" data-image-caption=\"\" data-large-file=\"https:\/\/blog.erm.ee\/wp-content\/uploads\/2015\/06\/336064_ERM_Fk_2960_8187-661x1024.jpg\" class=\"alignnone size-large wp-image-6505\" src=\"https:\/\/blog.erm.ee\/wp-content\/uploads\/2015\/06\/336064_ERM_Fk_2960_8187-661x1024.jpg\" alt=\"336064_ERM_Fk_2960_8187\" width=\"661\" height=\"1024\" srcset=\"https:\/\/blog.erm.ee\/wp-content\/uploads\/2015\/06\/336064_ERM_Fk_2960_8187-661x1024.jpg 661w, https:\/\/blog.erm.ee\/wp-content\/uploads\/2015\/06\/336064_ERM_Fk_2960_8187-168x260.jpg 168w, https:\/\/blog.erm.ee\/wp-content\/uploads\/2015\/06\/336064_ERM_Fk_2960_8187-194x300.jpg 194w, https:\/\/blog.erm.ee\/wp-content\/uploads\/2015\/06\/336064_ERM_Fk_2960_8187.jpg 775w\" sizes=\"auto, (max-width: 661px) 100vw, 661px\" \/><\/a><\/p>\n<p><em>Bengt ja Lydia Veiderpass oma Rootsi korteris asju pakkimas. Foto: Hans Teetlaus, 1947. ERM Fk 2960: 8187<\/em><\/p>\n<p><em>Elukohta vahetasin siis, kui abiellusin, siis tuli kolida, see oli minu elus k\u00f5ige kurvem tund, oli ju alata uut elu v\u00f5\u00f5raste inimeste juures, mees oli k\u00fcll oma, aga ikka uus k\u00f5ik. <\/em><br \/>\n(Kodu ja pere 1993, Saaremaa, naine, s 1916; ERM KV 751:12, KL 185)<\/p>\n<p><em>Rahvasuu \u00fctleb, et kolm korda kolida on sama, mis kord p\u00f5leda. M\u00f6\u00f6bli transportimine hobuveokil m\u00f6\u00f6da munakivisillutist eriti m\u00f6\u00f6blit ei s\u00e4\u00e4stnud. Siis ei olnud suured esemed lahti monteeritavad, suured r\u00f5ivakapid, kummutid ja muud katsuti servadest polsterdada p\u00f5randariietega v\u00f5i paksu papiga. <\/em>(Kodu ja pere 1993, Viljandi, naine, s 1917; KV 754:419, KL 185)<\/p>\n<p><a href=\"https:\/\/blog.erm.ee\/wp-content\/uploads\/2015\/06\/051416_ERM_Fk_2839_18.jpg\"><img loading=\"lazy\" decoding=\"async\" data-attachment-id=\"6506\" data-permalink=\"https:\/\/blog.erm.ee\/?attachment_id=6506#main\" data-orig-file=\"https:\/\/blog.erm.ee\/wp-content\/uploads\/2015\/06\/051416_ERM_Fk_2839_18.jpg\" data-orig-size=\"1200,884\" data-comments-opened=\"1\" data-image-meta=\"{&quot;aperture&quot;:&quot;0&quot;,&quot;credit&quot;:&quot;&quot;,&quot;camera&quot;:&quot;&quot;,&quot;caption&quot;:&quot;&quot;,&quot;created_timestamp&quot;:&quot;1045666574&quot;,&quot;copyright&quot;:&quot;&quot;,&quot;focal_length&quot;:&quot;0&quot;,&quot;iso&quot;:&quot;0&quot;,&quot;shutter_speed&quot;:&quot;0&quot;,&quot;title&quot;:&quot;&quot;,&quot;orientation&quot;:&quot;0&quot;}\" data-image-title=\"051416_ERM_Fk_2839_18\" data-image-description=\"\" data-image-caption=\"\" data-large-file=\"https:\/\/blog.erm.ee\/wp-content\/uploads\/2015\/06\/051416_ERM_Fk_2839_18-1024x754.jpg\" class=\"alignnone size-large wp-image-6506\" src=\"https:\/\/blog.erm.ee\/wp-content\/uploads\/2015\/06\/051416_ERM_Fk_2839_18-1024x754.jpg\" alt=\"051416_ERM_Fk_2839_18\" width=\"700\" height=\"515\" srcset=\"https:\/\/blog.erm.ee\/wp-content\/uploads\/2015\/06\/051416_ERM_Fk_2839_18-1024x754.jpg 1024w, https:\/\/blog.erm.ee\/wp-content\/uploads\/2015\/06\/051416_ERM_Fk_2839_18-353x260.jpg 353w, https:\/\/blog.erm.ee\/wp-content\/uploads\/2015\/06\/051416_ERM_Fk_2839_18-300x221.jpg 300w, https:\/\/blog.erm.ee\/wp-content\/uploads\/2015\/06\/051416_ERM_Fk_2839_18.jpg 1200w\" sizes=\"auto, (max-width: 700px) 100vw, 700px\" \/><\/a><br \/>\n<em>Seltskond t\u00e4histamas vallasekret\u00e4r J. T\u00f5ldsepa kolimist Aakrest Soontagale 1923. aaastal Fotograaf teadmata. ERM Fk 2839:18<\/em><\/p>\n<p><em>19-aastase noormehena lahkusin nuttes kallist isatalust. K\u00e4eotsas kaks v\u00e4ikest pakikest \u2013 \u00fches ema poolt pandud pesu ja teises pakis natukene s\u00f6\u00f6gipoolist ja kotis umbes 10\u201312 rubla raha, mis ma Rakke jaamas komandeerimise eest olin saanud. Nii algasin mina peaaegu paljaste k\u00e4tega omale igap\u00e4evast leiba teenima. Sellel ajal mul peret ei olnud. Olin noor ja elur\u00f5\u00f5mus poissmees. <\/em>(Kodu ja pere 1993, J\u00f5geva, mees, s 1895; KV 750:90-91, KL 185)<\/p>\n<p><em>1928. aastal, kui olin juba nelja-aastane, kolisime hobuveokiga oma majja elama, mis on mulle olnud p\u00e4riskoduks kuni siiani ja j\u00e4\u00e4b seda kuni surmani. See kolimine oli meie perele suur, suur r\u00f5\u00f5m vaatamata sellele, et maja ei olnud veel kaugeltki mitte valmis. Olid alles muldp\u00f5randad ja palju muid veel tegemata t\u00f6id. <\/em><br \/>\n(Kodu ja pere 1993, Viljandimaa, naine, s 1924; KV 754:26, KL 185)<\/p>\n<p><a href=\"https:\/\/blog.erm.ee\/wp-content\/uploads\/2015\/06\/345668_ERM_Fk_2963_254.jpg\"><img loading=\"lazy\" decoding=\"async\" data-attachment-id=\"6507\" data-permalink=\"https:\/\/blog.erm.ee\/?attachment_id=6507#main\" data-orig-file=\"https:\/\/blog.erm.ee\/wp-content\/uploads\/2015\/06\/345668_ERM_Fk_2963_254.jpg\" data-orig-size=\"1200,776\" data-comments-opened=\"1\" data-image-meta=\"{&quot;aperture&quot;:&quot;0&quot;,&quot;credit&quot;:&quot;&quot;,&quot;camera&quot;:&quot;&quot;,&quot;caption&quot;:&quot;&quot;,&quot;created_timestamp&quot;:&quot;1378831981&quot;,&quot;copyright&quot;:&quot;&quot;,&quot;focal_length&quot;:&quot;0&quot;,&quot;iso&quot;:&quot;0&quot;,&quot;shutter_speed&quot;:&quot;0&quot;,&quot;title&quot;:&quot;&quot;,&quot;orientation&quot;:&quot;0&quot;}\" data-image-title=\"345668_ERM_Fk_2963_254\" data-image-description=\"\" data-image-caption=\"\" data-large-file=\"https:\/\/blog.erm.ee\/wp-content\/uploads\/2015\/06\/345668_ERM_Fk_2963_254-1024x662.jpg\" class=\"alignnone size-large wp-image-6507\" src=\"https:\/\/blog.erm.ee\/wp-content\/uploads\/2015\/06\/345668_ERM_Fk_2963_254-1024x662.jpg\" alt=\"345668_ERM_Fk_2963_254\" width=\"700\" height=\"453\" srcset=\"https:\/\/blog.erm.ee\/wp-content\/uploads\/2015\/06\/345668_ERM_Fk_2963_254-1024x662.jpg 1024w, https:\/\/blog.erm.ee\/wp-content\/uploads\/2015\/06\/345668_ERM_Fk_2963_254-402x260.jpg 402w, https:\/\/blog.erm.ee\/wp-content\/uploads\/2015\/06\/345668_ERM_Fk_2963_254-300x194.jpg 300w, https:\/\/blog.erm.ee\/wp-content\/uploads\/2015\/06\/345668_ERM_Fk_2963_254.jpg 1200w\" sizes=\"auto, (max-width: 700px) 100vw, 700px\" \/><\/a><br \/>\n<em>Kolimine Viljandimaalt Harjumaale u 1970. Fotograaf teadmata. ERM Fk 2963:254<\/em><\/p>\n<p><a href=\"https:\/\/blog.erm.ee\/wp-content\/uploads\/2015\/06\/047103_ERM_Fk_2827_3561.jpg\"><img loading=\"lazy\" decoding=\"async\" data-attachment-id=\"6517\" data-permalink=\"https:\/\/blog.erm.ee\/?attachment_id=6517#main\" data-orig-file=\"https:\/\/blog.erm.ee\/wp-content\/uploads\/2015\/06\/047103_ERM_Fk_2827_3561.jpg\" data-orig-size=\"1200,819\" data-comments-opened=\"1\" data-image-meta=\"{&quot;aperture&quot;:&quot;0&quot;,&quot;credit&quot;:&quot;&quot;,&quot;camera&quot;:&quot;&quot;,&quot;caption&quot;:&quot;File Name : DSCN9960.JPG\\r\\rFile Size : 1.6MB (1635456 Bytes)\\r\\rDate Taken : 2002\/09\/25 11:28:28\\r\\rImage Size : 2560 x 1920 pixels\\r\\rResolution : 300 x 300 dpi\\r\\rBit Depth : 8 bits\/channel\\r\\rProtection Attribute : Off\\r\\rHide Attribute : Off\\r\\rCamera ID : N\/A\\r\\rCamera : E5000\\r\\rQuality Mode : FINE\\r\\rMetering Mode : Matrix\\r\\rExposure Mode : Manual\\r\\rSpeed Light : No\\r\\rFocal Length : 16.2 mm\\r\\rShutter Speed : 1\/60 second\\r\\rAperture : F6.3\\r\\rExposure Compensation : 0 EV\\r\\rWhite Balance : Preset\\r\\rLens : Built-in\\r\\rFlash Sync Mode : N\/A\\r\\rExposure Difference : N\/A\\r\\rFlexible Program : N\/A\\r\\rSensitivity : ISO100\\r\\rSharpening : Auto\\r\\rImage Type : Color\\r\\rColor Mode : N\/A\\r\\rHue Adjustment : N\/A\\r\\rSaturation Control : Normal\\r\\rTone Compensation : Auto\\r\\rLatitude(GPS) : N\/A\\r\\rLongitude(GPS) : N\/A\\r\\rAltitude(GPS) : N\/A&quot;,&quot;created_timestamp&quot;:&quot;1032953308&quot;,&quot;copyright&quot;:&quot;&quot;,&quot;focal_length&quot;:&quot;0&quot;,&quot;iso&quot;:&quot;0&quot;,&quot;shutter_speed&quot;:&quot;0&quot;,&quot;title&quot;:&quot;&quot;,&quot;orientation&quot;:&quot;0&quot;}\" data-image-title=\"047103_ERM_Fk_2827_356\" data-image-description=\"\" data-image-caption=\"&lt;p&gt;File Name : DSCN9960.JPG&lt;\/p&gt;\n&lt;p&gt;File Size : 1.6MB (1635456 Bytes)&lt;\/p&gt;\n&lt;p&gt;Date Taken : 2002\/09\/25 11:28:28&lt;\/p&gt;\n&lt;p&gt;Image Size : 2560 x 1920 pixels&lt;\/p&gt;\n&lt;p&gt;Resolution : 300 x 300 dpi&lt;\/p&gt;\n&lt;p&gt;Bit Depth : 8 bits\/channel&lt;\/p&gt;\n&lt;p&gt;Protection Attribute : Off&lt;\/p&gt;\n&lt;p&gt;Hide Attribute : Off&lt;\/p&gt;\n&lt;p&gt;Camera ID : N\/A&lt;\/p&gt;\n&lt;p&gt;Camera : E5000&lt;\/p&gt;\n&lt;p&gt;Quality Mode : FINE&lt;\/p&gt;\n&lt;p&gt;Metering Mode : Matrix&lt;\/p&gt;\n&lt;p&gt;Exposure Mode : Manual&lt;\/p&gt;\n&lt;p&gt;Speed Light : No&lt;\/p&gt;\n&lt;p&gt;Focal Length : 16.2 mm&lt;\/p&gt;\n&lt;p&gt;Shutter Speed : 1\/60 second&lt;\/p&gt;\n&lt;p&gt;Aperture : F6.3&lt;\/p&gt;\n&lt;p&gt;Exposure Compensation : 0 EV&lt;\/p&gt;\n&lt;p&gt;White Balance : Preset&lt;\/p&gt;\n&lt;p&gt;Lens : Built-in&lt;\/p&gt;\n&lt;p&gt;Flash Sync Mode : N\/A&lt;\/p&gt;\n&lt;p&gt;Exposure Difference : N\/A&lt;\/p&gt;\n&lt;p&gt;Flexible Program : N\/A&lt;\/p&gt;\n&lt;p&gt;Sensitivity : ISO100&lt;\/p&gt;\n&lt;p&gt;Sharpening : Auto&lt;\/p&gt;\n&lt;p&gt;Image Type : Color&lt;\/p&gt;\n&lt;p&gt;Color Mode : N\/A&lt;\/p&gt;\n&lt;p&gt;Hue Adjustment : N\/A&lt;\/p&gt;\n&lt;p&gt;Saturation Control : Normal&lt;\/p&gt;\n&lt;p&gt;Tone Compensation : Auto&lt;\/p&gt;\n&lt;p&gt;Latitude(GPS) : N\/A&lt;\/p&gt;\n&lt;p&gt;Longitude(GPS) : N\/A&lt;\/p&gt;\n&lt;p&gt;Altitude(GPS) : N\/A&lt;\/p&gt;\n\" data-large-file=\"https:\/\/blog.erm.ee\/wp-content\/uploads\/2015\/06\/047103_ERM_Fk_2827_3561-1024x699.jpg\" class=\"size-large wp-image-6517\" src=\"https:\/\/blog.erm.ee\/wp-content\/uploads\/2015\/06\/047103_ERM_Fk_2827_3561-1024x699.jpg\" alt=\"File Name : DSCN9960.JPG File Size : 1.6MB (1635456 Bytes) Date Taken : 2002\/09\/25 11:28:28 Image Size : 2560 x 1920 pixels Resolution : 300 x 300 dpi Bit Depth : 8 bits\/channel Protection Attribute : Off Hide Attribute : Off Camera ID : N\/A Camera : E5000 Quality Mode : FINE Metering Mode : Matrix Exposure Mode : Manual Speed Light : No Focal Length : 16.2 mm Shutter Speed : 1\/60 second Aperture : F6.3 Exposure Compensation : 0 EV White Balance : Preset Lens : Built-in Flash Sync Mode : N\/A Exposure Difference : N\/A Flexible Program : N\/A Sensitivity : ISO100 Sharpening : Auto Image Type : Color Color Mode : N\/A Hue Adjustment : N\/A Saturation Control : Normal Tone Compensation : Auto Latitude(GPS) : N\/A Longitude(GPS) : N\/A Altitude(GPS) : N\/A\" width=\"700\" height=\"478\" srcset=\"https:\/\/blog.erm.ee\/wp-content\/uploads\/2015\/06\/047103_ERM_Fk_2827_3561-1024x699.jpg 1024w, https:\/\/blog.erm.ee\/wp-content\/uploads\/2015\/06\/047103_ERM_Fk_2827_3561-381x260.jpg 381w, https:\/\/blog.erm.ee\/wp-content\/uploads\/2015\/06\/047103_ERM_Fk_2827_3561-300x205.jpg 300w, https:\/\/blog.erm.ee\/wp-content\/uploads\/2015\/06\/047103_ERM_Fk_2827_3561.jpg 1200w\" sizes=\"auto, (max-width: 700px) 100vw, 700px\" \/><\/a><\/p>\n<p><em>Kolimisauto kraamiga \u2013 kolimine Tartust Reolasse 4. jaanuaril 1970. Fotograaf teadmata. ERM Fk 2827:356<\/em><\/p>\n<p><em>Kolimine ei ole meeldiv, see on vastumeelne tegevus. See t\u00e4hendab palju askeldust ja korraldamist, harjumuste muutmist. Ta on teatud murranguks elus. Kergendanud on kolimisi see, et otsused on tehtud abikaasaga \u00fchel meelel ja asjad on varem l\u00e4bi m\u00f5eldud, k\u00f5iki aspekte k\u00fcllaltki p\u00f5hjalikult kaalutud. <\/em><br \/>\n(Kodu ja pere 1993, Saaremaa, mees, s 1934; ERM KV 751:412, KL 185)<\/p>\n<p><a href=\"https:\/\/blog.erm.ee\/wp-content\/uploads\/2015\/06\/042854_ERM_Fk_2803_209.jpg\"><img loading=\"lazy\" decoding=\"async\" data-attachment-id=\"6509\" data-permalink=\"https:\/\/blog.erm.ee\/?attachment_id=6509#main\" data-orig-file=\"https:\/\/blog.erm.ee\/wp-content\/uploads\/2015\/06\/042854_ERM_Fk_2803_209.jpg\" data-orig-size=\"1200,775\" data-comments-opened=\"1\" data-image-meta=\"{&quot;aperture&quot;:&quot;0&quot;,&quot;credit&quot;:&quot;&quot;,&quot;camera&quot;:&quot;&quot;,&quot;caption&quot;:&quot;&quot;,&quot;created_timestamp&quot;:&quot;0&quot;,&quot;copyright&quot;:&quot;&quot;,&quot;focal_length&quot;:&quot;0&quot;,&quot;iso&quot;:&quot;0&quot;,&quot;shutter_speed&quot;:&quot;0&quot;,&quot;title&quot;:&quot;&quot;,&quot;orientation&quot;:&quot;0&quot;}\" data-image-title=\"042854_ERM_Fk_2803_209\" data-image-description=\"\" data-image-caption=\"\" data-large-file=\"https:\/\/blog.erm.ee\/wp-content\/uploads\/2015\/06\/042854_ERM_Fk_2803_209-1024x661.jpg\" class=\"alignnone size-large wp-image-6509\" src=\"https:\/\/blog.erm.ee\/wp-content\/uploads\/2015\/06\/042854_ERM_Fk_2803_209-1024x661.jpg\" alt=\"042854_ERM_Fk_2803_209\" width=\"700\" height=\"452\" srcset=\"https:\/\/blog.erm.ee\/wp-content\/uploads\/2015\/06\/042854_ERM_Fk_2803_209-1024x661.jpg 1024w, https:\/\/blog.erm.ee\/wp-content\/uploads\/2015\/06\/042854_ERM_Fk_2803_209-403x260.jpg 403w, https:\/\/blog.erm.ee\/wp-content\/uploads\/2015\/06\/042854_ERM_Fk_2803_209-300x194.jpg 300w, https:\/\/blog.erm.ee\/wp-content\/uploads\/2015\/06\/042854_ERM_Fk_2803_209.jpg 1200w\" sizes=\"auto, (max-width: 700px) 100vw, 700px\" \/><\/a><br \/>\n<em>Kolimine kolhoosi uude majja Ruusm\u00e4el 1961. Fotograaf teadmata. ERM Fk 2803:209<\/em><\/p>\n<p><a href=\"https:\/\/blog.erm.ee\/wp-content\/uploads\/2015\/06\/083005_ERM_Fk_2644_12151.jpg\"><img loading=\"lazy\" decoding=\"async\" data-attachment-id=\"6510\" data-permalink=\"https:\/\/blog.erm.ee\/?attachment_id=6510#main\" data-orig-file=\"https:\/\/blog.erm.ee\/wp-content\/uploads\/2015\/06\/083005_ERM_Fk_2644_12151.jpg\" data-orig-size=\"781,1200\" data-comments-opened=\"1\" data-image-meta=\"{&quot;aperture&quot;:&quot;0&quot;,&quot;credit&quot;:&quot;&quot;,&quot;camera&quot;:&quot;&quot;,&quot;caption&quot;:&quot;&quot;,&quot;created_timestamp&quot;:&quot;0&quot;,&quot;copyright&quot;:&quot;\\u00a9 Eesti Rahva Muuseum&quot;,&quot;focal_length&quot;:&quot;0&quot;,&quot;iso&quot;:&quot;0&quot;,&quot;shutter_speed&quot;:&quot;0&quot;,&quot;title&quot;:&quot;&quot;,&quot;orientation&quot;:&quot;0&quot;}\" data-image-title=\"083005_ERM_Fk_2644_12151\" data-image-description=\"\" data-image-caption=\"\" data-large-file=\"https:\/\/blog.erm.ee\/wp-content\/uploads\/2015\/06\/083005_ERM_Fk_2644_12151-666x1024.jpg\" class=\"alignnone size-large wp-image-6510\" src=\"https:\/\/blog.erm.ee\/wp-content\/uploads\/2015\/06\/083005_ERM_Fk_2644_12151-666x1024.jpg\" alt=\"083005_ERM_Fk_2644_12151\" width=\"666\" height=\"1024\" srcset=\"https:\/\/blog.erm.ee\/wp-content\/uploads\/2015\/06\/083005_ERM_Fk_2644_12151-666x1024.jpg 666w, https:\/\/blog.erm.ee\/wp-content\/uploads\/2015\/06\/083005_ERM_Fk_2644_12151-169x260.jpg 169w, https:\/\/blog.erm.ee\/wp-content\/uploads\/2015\/06\/083005_ERM_Fk_2644_12151-195x300.jpg 195w, https:\/\/blog.erm.ee\/wp-content\/uploads\/2015\/06\/083005_ERM_Fk_2644_12151.jpg 781w\" sizes=\"auto, (max-width: 666px) 100vw, 666px\" \/><\/a><\/p>\n<p><em>Inimesed Valgas kolimas. Foto: Viktor Salmre, u 1970\u20131980. ERM Fk 2644:12151<\/em><\/p>\n<p><a href=\"https:\/\/blog.erm.ee\/wp-content\/uploads\/2015\/06\/083006_ERM_Fk_2644_12152.jpg\"><img loading=\"lazy\" decoding=\"async\" data-attachment-id=\"6511\" data-permalink=\"https:\/\/blog.erm.ee\/?attachment_id=6511#main\" data-orig-file=\"https:\/\/blog.erm.ee\/wp-content\/uploads\/2015\/06\/083006_ERM_Fk_2644_12152.jpg\" data-orig-size=\"1200,781\" data-comments-opened=\"1\" data-image-meta=\"{&quot;aperture&quot;:&quot;0&quot;,&quot;credit&quot;:&quot;&quot;,&quot;camera&quot;:&quot;&quot;,&quot;caption&quot;:&quot;&quot;,&quot;created_timestamp&quot;:&quot;0&quot;,&quot;copyright&quot;:&quot;\\u00a9 Eesti Rahva Muuseum&quot;,&quot;focal_length&quot;:&quot;0&quot;,&quot;iso&quot;:&quot;0&quot;,&quot;shutter_speed&quot;:&quot;0&quot;,&quot;title&quot;:&quot;&quot;,&quot;orientation&quot;:&quot;0&quot;}\" data-image-title=\"083006_ERM_Fk_2644_12152\" data-image-description=\"\" data-image-caption=\"\" data-large-file=\"https:\/\/blog.erm.ee\/wp-content\/uploads\/2015\/06\/083006_ERM_Fk_2644_12152-1024x666.jpg\" class=\"alignnone size-large wp-image-6511\" src=\"https:\/\/blog.erm.ee\/wp-content\/uploads\/2015\/06\/083006_ERM_Fk_2644_12152-1024x666.jpg\" alt=\"083006_ERM_Fk_2644_12152\" width=\"700\" height=\"455\" srcset=\"https:\/\/blog.erm.ee\/wp-content\/uploads\/2015\/06\/083006_ERM_Fk_2644_12152-1024x666.jpg 1024w, https:\/\/blog.erm.ee\/wp-content\/uploads\/2015\/06\/083006_ERM_Fk_2644_12152-399x260.jpg 399w, https:\/\/blog.erm.ee\/wp-content\/uploads\/2015\/06\/083006_ERM_Fk_2644_12152-300x195.jpg 300w, https:\/\/blog.erm.ee\/wp-content\/uploads\/2015\/06\/083006_ERM_Fk_2644_12152.jpg 1200w\" sizes=\"auto, (max-width: 700px) 100vw, 700px\" \/><\/a><\/p>\n<p><em>Inimesed Valgas kolimas. Foto: Viktor Salmre, u 1970\u20131980. ERM Fk 2644:12152<\/em><\/p>\n<p><em>Lapsep\u00f5lve ajal pole kolimisi olnud, kuid oma isiklikus elus oleme palju kordi kolinud. K\u00f5ik kraam pidi \u00fchte autokoormasse \u00e4ra mahtuma, seet\u00f5ttu pakkisime k\u00f5ike enne kolimist korralikult. Abikaasa oli osav m\u00f6\u00f6bli lahtiv\u00f5tja ja kokkus\u00e4\u00e4dja, autosse paigutaja. \u00dclearuseid ja vanu asju me kaasa ei viinud, p\u00f5letasime \u00e4ra. <\/em><br \/>\n(Kodu ja pere 1993, Tartumaa, naine, s 1925; KV 750:14, KL 185)<\/p>\n<p><a href=\"https:\/\/blog.erm.ee\/wp-content\/uploads\/2015\/06\/038926_ERM_Fk_2751_74.jpg\"><img loading=\"lazy\" decoding=\"async\" data-attachment-id=\"6512\" data-permalink=\"https:\/\/blog.erm.ee\/?attachment_id=6512#main\" data-orig-file=\"https:\/\/blog.erm.ee\/wp-content\/uploads\/2015\/06\/038926_ERM_Fk_2751_74.jpg\" data-orig-size=\"1200,784\" data-comments-opened=\"1\" data-image-meta=\"{&quot;aperture&quot;:&quot;0&quot;,&quot;credit&quot;:&quot;&quot;,&quot;camera&quot;:&quot;&quot;,&quot;caption&quot;:&quot;&quot;,&quot;created_timestamp&quot;:&quot;0&quot;,&quot;copyright&quot;:&quot;&quot;,&quot;focal_length&quot;:&quot;0&quot;,&quot;iso&quot;:&quot;0&quot;,&quot;shutter_speed&quot;:&quot;0&quot;,&quot;title&quot;:&quot;&quot;,&quot;orientation&quot;:&quot;0&quot;}\" data-image-title=\"038926_ERM_Fk_2751_74\" data-image-description=\"\" data-image-caption=\"\" data-large-file=\"https:\/\/blog.erm.ee\/wp-content\/uploads\/2015\/06\/038926_ERM_Fk_2751_74-1024x669.jpg\" class=\"alignnone size-large wp-image-6512\" src=\"https:\/\/blog.erm.ee\/wp-content\/uploads\/2015\/06\/038926_ERM_Fk_2751_74-1024x669.jpg\" alt=\"038926_ERM_Fk_2751_74\" width=\"700\" height=\"457\" srcset=\"https:\/\/blog.erm.ee\/wp-content\/uploads\/2015\/06\/038926_ERM_Fk_2751_74-1024x669.jpg 1024w, https:\/\/blog.erm.ee\/wp-content\/uploads\/2015\/06\/038926_ERM_Fk_2751_74-398x260.jpg 398w, https:\/\/blog.erm.ee\/wp-content\/uploads\/2015\/06\/038926_ERM_Fk_2751_74-300x196.jpg 300w, https:\/\/blog.erm.ee\/wp-content\/uploads\/2015\/06\/038926_ERM_Fk_2751_74.jpg 1200w\" sizes=\"auto, (max-width: 700px) 100vw, 700px\" \/><\/a><\/p>\n<p><em>Kolimisfirma KLG klaverit transportimas u 1999. Fotograaf teadmata. ERM Fk 2751:74<\/em><\/p>\n<p><a href=\"https:\/\/blog.erm.ee\/wp-content\/uploads\/2015\/06\/098930_ERM_Fk_907_54.jpg\"><img loading=\"lazy\" decoding=\"async\" data-attachment-id=\"6513\" data-permalink=\"https:\/\/blog.erm.ee\/?attachment_id=6513#main\" data-orig-file=\"https:\/\/blog.erm.ee\/wp-content\/uploads\/2015\/06\/098930_ERM_Fk_907_54.jpg\" data-orig-size=\"1200,874\" data-comments-opened=\"1\" data-image-meta=\"{&quot;aperture&quot;:&quot;0&quot;,&quot;credit&quot;:&quot;&quot;,&quot;camera&quot;:&quot;&quot;,&quot;caption&quot;:&quot;[#Beginning of Shooting Data Section]\\rNikon D200\\rFocal Length: 50mm\\rOptimize Image: Custom\\rColor Mode: Mode II (Adobe RGB)\\rLong Exposure NR: Off\\rHigh ISO NR: Off\\r2012\/10\/02 10:07:30.4\\rExposure Mode: Manual\\rWhite Balance: Preset d-2\\rTone Comp.: User-Defined Custom Curve\\rRAW (12-bit)\\rMetering Mode: Multi-Pattern\\rAF Mode: AF-C\\rHue Adjustment: 0\\u00b0\\rImage Size: Large (3872 x 2592)\\r1\/15 sec - F\/5.6\\rFlash Sync Mode: Not Attached\\rSaturation: Normal\\rColor\\rExposure Comp.: 0 EV\\rSharpening: High\\rLens: 50mm F\/2.8 D\\rSensitivity: ISO 100\\rImage Comment:                                     \\r[#End of Shooting Data Section]&quot;,&quot;created_timestamp&quot;:&quot;1349172450&quot;,&quot;copyright&quot;:&quot;&quot;,&quot;focal_length&quot;:&quot;0&quot;,&quot;iso&quot;:&quot;0&quot;,&quot;shutter_speed&quot;:&quot;0&quot;,&quot;title&quot;:&quot;&quot;,&quot;orientation&quot;:&quot;0&quot;}\" data-image-title=\"098930_ERM_Fk_907_54\" data-image-description=\"\" data-image-caption=\"&lt;p&gt;[#Beginning of Shooting Data Section]&lt;br \/&gt;\nNikon D200&lt;br \/&gt;\nFocal Length: 50mm&lt;br \/&gt;\nOptimize Image: Custom&lt;br \/&gt;\nColor Mode: Mode II (Adobe RGB)&lt;br \/&gt;\nLong Exposure NR: Off&lt;br \/&gt;\nHigh ISO NR: Off&lt;br \/&gt;\n2012\/10\/02 10:07:30.4&lt;br \/&gt;\nExposure Mode: Manual&lt;br \/&gt;\nWhite Balance: Preset d-2&lt;br \/&gt;\nTone Comp.: User-Defined Custom Curve&lt;br \/&gt;\nRAW (12-bit)&lt;br \/&gt;\nMetering Mode: Multi-Pattern&lt;br \/&gt;\nAF Mode: AF-C&lt;br \/&gt;\nHue Adjustment: 0\u00b0&lt;br \/&gt;\nImage Size: Large (3872 x 2592)&lt;br \/&gt;\n1\/15 sec &amp;#8211; F\/5.6&lt;br \/&gt;\nFlash Sync Mode: Not Attached&lt;br \/&gt;\nSaturation: Normal&lt;br \/&gt;\nColor&lt;br \/&gt;\nExposure Comp.: 0 EV&lt;br \/&gt;\nSharpening: High&lt;br \/&gt;\nLens: 50mm F\/2.8 D&lt;br \/&gt;\nSensitivity: ISO 100&lt;br \/&gt;\nImage Comment:&lt;br \/&gt;\n[#End of Shooting Data Section]&lt;\/p&gt;\n\" data-large-file=\"https:\/\/blog.erm.ee\/wp-content\/uploads\/2015\/06\/098930_ERM_Fk_907_54-1024x746.jpg\" class=\"size-large wp-image-6513\" src=\"https:\/\/blog.erm.ee\/wp-content\/uploads\/2015\/06\/098930_ERM_Fk_907_54-1024x746.jpg\" alt=\"[#Beginning of Shooting Data Section] Nikon D200 Focal Length: 50mm Optimize Image: Custom Color Mode: Mode II (Adobe RGB) Long Exposure NR: Off High ISO NR: Off 2012\/10\/02 10:07:30.4 Exposure Mode: Manual White Balance: Preset d-2 Tone Comp.: User-Defined Custom Curve RAW (12-bit) Metering Mode: Multi-Pattern AF Mode: AF-C Hue Adjustment: 0\u00b0 Image Size: Large (3872 x 2592) 1\/15 sec - F\/5.6 Flash Sync Mode: Not Attached Saturation: Normal Color Exposure Comp.: 0 EV Sharpening: High Lens: 50mm F\/2.8 D Sensitivity: ISO 100 Image Comment:                                      [#End of Shooting Data Section]\" width=\"700\" height=\"510\" srcset=\"https:\/\/blog.erm.ee\/wp-content\/uploads\/2015\/06\/098930_ERM_Fk_907_54-1024x746.jpg 1024w, https:\/\/blog.erm.ee\/wp-content\/uploads\/2015\/06\/098930_ERM_Fk_907_54-357x260.jpg 357w, https:\/\/blog.erm.ee\/wp-content\/uploads\/2015\/06\/098930_ERM_Fk_907_54-300x219.jpg 300w, https:\/\/blog.erm.ee\/wp-content\/uploads\/2015\/06\/098930_ERM_Fk_907_54.jpg 1200w\" sizes=\"auto, (max-width: 700px) 100vw, 700px\" \/><\/a><\/p>\n<p><em>\u00dcmberasujad lahkumas Osmussaarelt \u2013 lehmi aetakse sadamasse. Foto: F. Leinbock, 1940. ERM Fk 907: 54<\/em><\/p>\n<p><em>Mandrile kolimiseks hakkas meie pere valmistuma 1934. aastal. [\u2026] Muhu saar j\u00e4i igaveseks meie selja taha \u00fchel k\u00fclmal tuulisel 1935. aasta m\u00e4rtsihommikul. See kolimine on k\u00f5ige selgemini s\u00f6\u00f6binud mu m\u00e4llu. \u00dcle Suure V\u00e4ina j\u00e4\u00e4lagendiku toimetasid meid ja meie majakraami k\u00fclast palgatud hobusemehed. Kui reed j\u00f5udsid Virtsu sadamasse, ootas seal ees Koonga poemehe veoauto. Vanemad koos kraamiga autokastis, lapsed ees kabiinis, nii s\u00f5itsime m\u00f6\u00f6da L\u00e4\u00e4ne-Eesti lumistest metsadest ja heinamaadest, kuni j\u00f5udsime oma tulevase koduk\u00fcla teesuhu. Veel v\u00e4ike peatus, sest k\u00fclat\u00e4nav algas hangega, mille mehed labidatega laiali l\u00f5id, ja peagi ootasid meid k\u00fcla keskel soojaks k\u00f6etud rehetuba ja talukambrid. <\/em><br \/>\n(Kodu ja pere 1993, Saaremaa, naine, s 1926; ERM KV 751:571, KL 185)<\/p>\n<p><a href=\"https:\/\/blog.erm.ee\/wp-content\/uploads\/2015\/06\/DSC_0012-1120x750_1.jpg\"><img loading=\"lazy\" decoding=\"async\" data-attachment-id=\"6514\" data-permalink=\"https:\/\/blog.erm.ee\/?attachment_id=6514#main\" data-orig-file=\"https:\/\/blog.erm.ee\/wp-content\/uploads\/2015\/06\/DSC_0012-1120x750_1.jpg\" data-orig-size=\"1200,804\" data-comments-opened=\"1\" data-image-meta=\"{&quot;aperture&quot;:&quot;0&quot;,&quot;credit&quot;:&quot;&quot;,&quot;camera&quot;:&quot;&quot;,&quot;caption&quot;:&quot;&quot;,&quot;created_timestamp&quot;:&quot;0&quot;,&quot;copyright&quot;:&quot;&quot;,&quot;focal_length&quot;:&quot;0&quot;,&quot;iso&quot;:&quot;0&quot;,&quot;shutter_speed&quot;:&quot;0&quot;,&quot;title&quot;:&quot;&quot;,&quot;orientation&quot;:&quot;0&quot;}\" data-image-title=\"DSC_0012-1120x750_1\" data-image-description=\"\" data-image-caption=\"\" data-large-file=\"https:\/\/blog.erm.ee\/wp-content\/uploads\/2015\/06\/DSC_0012-1120x750_1-1024x686.jpg\" class=\"alignnone size-large wp-image-6514\" src=\"https:\/\/blog.erm.ee\/wp-content\/uploads\/2015\/06\/DSC_0012-1120x750_1-1024x686.jpg\" alt=\"DSC_0012-1120x750_1\" width=\"700\" height=\"469\" srcset=\"https:\/\/blog.erm.ee\/wp-content\/uploads\/2015\/06\/DSC_0012-1120x750_1-1024x686.jpg 1024w, https:\/\/blog.erm.ee\/wp-content\/uploads\/2015\/06\/DSC_0012-1120x750_1-388x260.jpg 388w, https:\/\/blog.erm.ee\/wp-content\/uploads\/2015\/06\/DSC_0012-1120x750_1-300x201.jpg 300w, https:\/\/blog.erm.ee\/wp-content\/uploads\/2015\/06\/DSC_0012-1120x750_1.jpg 1200w\" sizes=\"auto, (max-width: 700px) 100vw, 700px\" \/><\/a><\/p>\n<p><em>K\u00f5ik on pakitud, ka lemmikloomad Mambo ja Funtik ei j\u00e4\u00e4 kolimisel maha. Foto: Marju, 2010. ERM Fk <\/em><br \/>\n<em><a href=\"http:\/\/pildiait.erm.ee\/koik-pakitud\/\" target=\"_blank\">http:\/\/pildiait.erm.ee\/koik-pakitud\/<\/a><\/em><\/p>\n<p><a href=\"https:\/\/blog.erm.ee\/wp-content\/uploads\/2015\/06\/DSC_5187-1120x747.jpg\"><img loading=\"lazy\" decoding=\"async\" data-attachment-id=\"6515\" data-permalink=\"https:\/\/blog.erm.ee\/?attachment_id=6515#main\" data-orig-file=\"https:\/\/blog.erm.ee\/wp-content\/uploads\/2015\/06\/DSC_5187-1120x747.jpg\" data-orig-size=\"1200,800\" data-comments-opened=\"1\" data-image-meta=\"{&quot;aperture&quot;:&quot;0&quot;,&quot;credit&quot;:&quot;&quot;,&quot;camera&quot;:&quot;&quot;,&quot;caption&quot;:&quot;&quot;,&quot;created_timestamp&quot;:&quot;0&quot;,&quot;copyright&quot;:&quot;&quot;,&quot;focal_length&quot;:&quot;0&quot;,&quot;iso&quot;:&quot;0&quot;,&quot;shutter_speed&quot;:&quot;0&quot;,&quot;title&quot;:&quot;&quot;,&quot;orientation&quot;:&quot;0&quot;}\" data-image-title=\"DSC_5187-1120&amp;#215;747\" data-image-description=\"\" data-image-caption=\"\" data-large-file=\"https:\/\/blog.erm.ee\/wp-content\/uploads\/2015\/06\/DSC_5187-1120x747-1024x683.jpg\" class=\"alignnone size-large wp-image-6515\" src=\"https:\/\/blog.erm.ee\/wp-content\/uploads\/2015\/06\/DSC_5187-1120x747-1024x683.jpg\" alt=\"DSC_5187-1120x747\" width=\"700\" height=\"467\" srcset=\"https:\/\/blog.erm.ee\/wp-content\/uploads\/2015\/06\/DSC_5187-1120x747-1024x683.jpg 1024w, https:\/\/blog.erm.ee\/wp-content\/uploads\/2015\/06\/DSC_5187-1120x747-390x260.jpg 390w, https:\/\/blog.erm.ee\/wp-content\/uploads\/2015\/06\/DSC_5187-1120x747-300x200.jpg 300w, https:\/\/blog.erm.ee\/wp-content\/uploads\/2015\/06\/DSC_5187-1120x747.jpg 1200w\" sizes=\"auto, (max-width: 700px) 100vw, 700px\" \/><\/a><\/p>\n<p><em>\u00dcheaastane Aleksandr kolib. Esimene l\u00f5unauni uues kohas tuleb olude sunnil kohvris m\u00f6\u00f6da saata. Foto: Marju, 2013. ERM Fk <\/em><br \/>\n<a href=\"http:\/\/pildiait.erm.ee\/elu-kohvris\/\" target=\"_blank\"><em>http:\/\/pildiait.erm.ee\/elu-kohvris\/<\/em><\/a><\/p>\n<p>NB! Eesti Rahva Muuseum ootab ka teie fotosid kolimisest. Vaata <a href=\"http:\/\/pildiait.erm.ee.\" target=\"_blank\">http:\/\/pildiait.erm.ee.<\/a><\/p>\n<div class=\"fcbkbttn_buttons_block\" id=\"fcbkbttn_left\"><div class=\"fcbkbttn_like \"><fb:like href=\"https:\/\/blog.erm.ee\/?p=6504\" action=\"like\" colorscheme=\"light\" layout=\"standard\"  width=\"225px\" size=\"small\"><\/fb:like><\/div><div class=\"fb-share-button  \" data-href=\"https:\/\/blog.erm.ee\/?p=6504\" data-type=\"button\" data-size=\"small\"><\/div><\/div>","protected":false},"excerpt":{"rendered":"<p>Kristi \u00dctt, digitaal- ja eriarhiivi hoiuhaldur Muuseum hakkab peagi uude majja kolima. Eks igasugune kolimine on kaunis ebamugav ja t\u00fc\u00fctu, aga samas tore ka. Eriti kui tead, et see uus ootav kodu on palju avaram ja uhkem. Bengt ja Lydia Veiderpass oma Rootsi korteris asju pakkimas. Foto: Hans Teetlaus, 1947. ERM Fk 2960: 8187 Elukohta&hellip;<\/p>\n","protected":false},"author":1,"featured_media":6509,"comment_status":"open","ping_status":"open","sticky":false,"template":"","format":"standard","meta":{"_monsterinsights_skip_tracking":false,"_monsterinsights_sitenote_active":false,"_monsterinsights_sitenote_note":"","_monsterinsights_sitenote_category":0,"jetpack_post_was_ever_published":false,"_jetpack_newsletter_access":"","_jetpack_dont_email_post_to_subs":false,"_jetpack_newsletter_tier_id":0,"_jetpack_memberships_contains_paywalled_content":false,"_jetpack_memberships_contains_paid_content":false,"footnotes":""},"categories":[6],"tags":[],"class_list":["post-6504","post","type-post","status-publish","format-standard","has-post-thumbnail","hentry","category-foto"],"yoast_head":"<!-- This site is optimized with the Yoast SEO plugin v27.5 - https:\/\/yoast.com\/product\/yoast-seo-wordpress\/ -->\n<title>Kolm korda kolida on niisama hea kui \u00fcks kord \u00e4ra p\u00f5leda (Tartu) - Eesti Rahva Muuseumi ajaveeb<\/title>\n<meta name=\"robots\" content=\"index, follow, max-snippet:-1, max-image-preview:large, max-video-preview:-1\" \/>\n<link rel=\"canonical\" href=\"https:\/\/blog.erm.ee\/?p=6504\" \/>\n<meta property=\"og:locale\" content=\"et_EE\" \/>\n<meta property=\"og:type\" content=\"article\" \/>\n<meta property=\"og:title\" content=\"Kolm korda kolida on niisama hea kui \u00fcks kord \u00e4ra p\u00f5leda (Tartu) - Eesti Rahva Muuseumi ajaveeb\" \/>\n<meta property=\"og:description\" content=\"Kristi \u00dctt, digitaal- ja eriarhiivi hoiuhaldur Muuseum hakkab peagi uude majja kolima. Eks igasugune kolimine on kaunis ebamugav ja t\u00fc\u00fctu, aga samas tore ka. Eriti kui tead, et see uus ootav kodu on palju avaram ja uhkem. Bengt ja Lydia Veiderpass oma Rootsi korteris asju pakkimas. Foto: Hans Teetlaus, 1947. ERM Fk 2960: 8187 Elukohta&hellip;\" \/>\n<meta property=\"og:url\" content=\"https:\/\/blog.erm.ee\/?p=6504\" \/>\n<meta property=\"og:site_name\" content=\"Eesti Rahva Muuseumi ajaveeb\" \/>\n<meta property=\"article:published_time\" content=\"2015-06-11T03:07:38+00:00\" \/>\n<meta property=\"article:modified_time\" content=\"2015-06-17T06:30:52+00:00\" \/>\n<meta property=\"og:image\" content=\"https:\/\/blog.erm.ee\/wp-content\/uploads\/2015\/06\/042854_ERM_Fk_2803_209.jpg\" \/>\n\t<meta property=\"og:image:width\" content=\"1200\" \/>\n\t<meta property=\"og:image:height\" content=\"775\" \/>\n\t<meta property=\"og:image:type\" content=\"image\/jpeg\" \/>\n<meta name=\"author\" content=\"Eesti Rahva Muuseum\" \/>\n<meta name=\"twitter:card\" content=\"summary_large_image\" \/>\n<meta name=\"twitter:label1\" content=\"Written by\" \/>\n\t<meta name=\"twitter:data1\" content=\"Eesti Rahva Muuseum\" \/>\n\t<meta name=\"twitter:label2\" content=\"Est. reading time\" \/>\n\t<meta name=\"twitter:data2\" content=\"3 minutit\" \/>\n<script type=\"application\/ld+json\" class=\"yoast-schema-graph\">{\"@context\":\"https:\\\/\\\/schema.org\",\"@graph\":[{\"@type\":\"Article\",\"@id\":\"https:\\\/\\\/blog.erm.ee\\\/?p=6504#article\",\"isPartOf\":{\"@id\":\"https:\\\/\\\/blog.erm.ee\\\/?p=6504\"},\"author\":{\"name\":\"Eesti Rahva Muuseum\",\"@id\":\"https:\\\/\\\/blog.erm.ee\\\/#\\\/schema\\\/person\\\/6e98c391cb00a33e7c22a3571e062114\"},\"headline\":\"Kolm korda kolida on niisama hea kui \u00fcks kord \u00e4ra p\u00f5leda (Tartu)\",\"datePublished\":\"2015-06-11T03:07:38+00:00\",\"dateModified\":\"2015-06-17T06:30:52+00:00\",\"mainEntityOfPage\":{\"@id\":\"https:\\\/\\\/blog.erm.ee\\\/?p=6504\"},\"wordCount\":681,\"commentCount\":0,\"image\":{\"@id\":\"https:\\\/\\\/blog.erm.ee\\\/?p=6504#primaryimage\"},\"thumbnailUrl\":\"https:\\\/\\\/blog.erm.ee\\\/wp-content\\\/uploads\\\/2015\\\/06\\\/042854_ERM_Fk_2803_209.jpg\",\"articleSection\":[\"Foto\"],\"inLanguage\":\"et\",\"potentialAction\":[{\"@type\":\"CommentAction\",\"name\":\"Comment\",\"target\":[\"https:\\\/\\\/blog.erm.ee\\\/?p=6504#respond\"]}]},{\"@type\":\"WebPage\",\"@id\":\"https:\\\/\\\/blog.erm.ee\\\/?p=6504\",\"url\":\"https:\\\/\\\/blog.erm.ee\\\/?p=6504\",\"name\":\"Kolm korda kolida on niisama hea kui \u00fcks kord \u00e4ra p\u00f5leda (Tartu) - Eesti Rahva Muuseumi ajaveeb\",\"isPartOf\":{\"@id\":\"https:\\\/\\\/blog.erm.ee\\\/#website\"},\"primaryImageOfPage\":{\"@id\":\"https:\\\/\\\/blog.erm.ee\\\/?p=6504#primaryimage\"},\"image\":{\"@id\":\"https:\\\/\\\/blog.erm.ee\\\/?p=6504#primaryimage\"},\"thumbnailUrl\":\"https:\\\/\\\/blog.erm.ee\\\/wp-content\\\/uploads\\\/2015\\\/06\\\/042854_ERM_Fk_2803_209.jpg\",\"datePublished\":\"2015-06-11T03:07:38+00:00\",\"dateModified\":\"2015-06-17T06:30:52+00:00\",\"author\":{\"@id\":\"https:\\\/\\\/blog.erm.ee\\\/#\\\/schema\\\/person\\\/6e98c391cb00a33e7c22a3571e062114\"},\"breadcrumb\":{\"@id\":\"https:\\\/\\\/blog.erm.ee\\\/?p=6504#breadcrumb\"},\"inLanguage\":\"et\",\"potentialAction\":[{\"@type\":\"ReadAction\",\"target\":[\"https:\\\/\\\/blog.erm.ee\\\/?p=6504\"]}]},{\"@type\":\"ImageObject\",\"inLanguage\":\"et\",\"@id\":\"https:\\\/\\\/blog.erm.ee\\\/?p=6504#primaryimage\",\"url\":\"https:\\\/\\\/blog.erm.ee\\\/wp-content\\\/uploads\\\/2015\\\/06\\\/042854_ERM_Fk_2803_209.jpg\",\"contentUrl\":\"https:\\\/\\\/blog.erm.ee\\\/wp-content\\\/uploads\\\/2015\\\/06\\\/042854_ERM_Fk_2803_209.jpg\",\"width\":1200,\"height\":775},{\"@type\":\"BreadcrumbList\",\"@id\":\"https:\\\/\\\/blog.erm.ee\\\/?p=6504#breadcrumb\",\"itemListElement\":[{\"@type\":\"ListItem\",\"position\":1,\"name\":\"Home\",\"item\":\"https:\\\/\\\/blog.erm.ee\\\/\"},{\"@type\":\"ListItem\",\"position\":2,\"name\":\"Kolm korda kolida on niisama hea kui \u00fcks kord \u00e4ra p\u00f5leda (Tartu)\"}]},{\"@type\":\"WebSite\",\"@id\":\"https:\\\/\\\/blog.erm.ee\\\/#website\",\"url\":\"https:\\\/\\\/blog.erm.ee\\\/\",\"name\":\"Eesti Rahva Muuseumi ajaveeb\",\"description\":\"\",\"potentialAction\":[{\"@type\":\"SearchAction\",\"target\":{\"@type\":\"EntryPoint\",\"urlTemplate\":\"https:\\\/\\\/blog.erm.ee\\\/?s={search_term_string}\"},\"query-input\":{\"@type\":\"PropertyValueSpecification\",\"valueRequired\":true,\"valueName\":\"search_term_string\"}}],\"inLanguage\":\"et\"},{\"@type\":\"Person\",\"@id\":\"https:\\\/\\\/blog.erm.ee\\\/#\\\/schema\\\/person\\\/6e98c391cb00a33e7c22a3571e062114\",\"name\":\"Eesti Rahva Muuseum\",\"image\":{\"@type\":\"ImageObject\",\"inLanguage\":\"et\",\"@id\":\"https:\\\/\\\/secure.gravatar.com\\\/avatar\\\/cb6d9ad5fb49f3f7315028ce5fe60641075f2cb52b8a058ff5a985fa2d8c1da0?s=96&d=mm&r=g\",\"url\":\"https:\\\/\\\/secure.gravatar.com\\\/avatar\\\/cb6d9ad5fb49f3f7315028ce5fe60641075f2cb52b8a058ff5a985fa2d8c1da0?s=96&d=mm&r=g\",\"contentUrl\":\"https:\\\/\\\/secure.gravatar.com\\\/avatar\\\/cb6d9ad5fb49f3f7315028ce5fe60641075f2cb52b8a058ff5a985fa2d8c1da0?s=96&d=mm&r=g\",\"caption\":\"Eesti Rahva Muuseum\"},\"sameAs\":[\"http:\\\/\\\/www.erm.ee\"],\"url\":\"https:\\\/\\\/blog.erm.ee\\\/?author=1\"}]}<\/script>\n<!-- \/ Yoast SEO plugin. -->","yoast_head_json":{"title":"Kolm korda kolida on niisama hea kui \u00fcks kord \u00e4ra p\u00f5leda (Tartu) - Eesti Rahva Muuseumi ajaveeb","robots":{"index":"index","follow":"follow","max-snippet":"max-snippet:-1","max-image-preview":"max-image-preview:large","max-video-preview":"max-video-preview:-1"},"canonical":"https:\/\/blog.erm.ee\/?p=6504","og_locale":"et_EE","og_type":"article","og_title":"Kolm korda kolida on niisama hea kui \u00fcks kord \u00e4ra p\u00f5leda (Tartu) - Eesti Rahva Muuseumi ajaveeb","og_description":"Kristi \u00dctt, digitaal- ja eriarhiivi hoiuhaldur Muuseum hakkab peagi uude majja kolima. Eks igasugune kolimine on kaunis ebamugav ja t\u00fc\u00fctu, aga samas tore ka. Eriti kui tead, et see uus ootav kodu on palju avaram ja uhkem. Bengt ja Lydia Veiderpass oma Rootsi korteris asju pakkimas. Foto: Hans Teetlaus, 1947. ERM Fk 2960: 8187 Elukohta&hellip;","og_url":"https:\/\/blog.erm.ee\/?p=6504","og_site_name":"Eesti Rahva Muuseumi ajaveeb","article_published_time":"2015-06-11T03:07:38+00:00","article_modified_time":"2015-06-17T06:30:52+00:00","og_image":[{"width":1200,"height":775,"url":"https:\/\/blog.erm.ee\/wp-content\/uploads\/2015\/06\/042854_ERM_Fk_2803_209.jpg","type":"image\/jpeg"}],"author":"Eesti Rahva Muuseum","twitter_card":"summary_large_image","twitter_misc":{"Written by":"Eesti Rahva Muuseum","Est. reading time":"3 minutit"},"schema":{"@context":"https:\/\/schema.org","@graph":[{"@type":"Article","@id":"https:\/\/blog.erm.ee\/?p=6504#article","isPartOf":{"@id":"https:\/\/blog.erm.ee\/?p=6504"},"author":{"name":"Eesti Rahva Muuseum","@id":"https:\/\/blog.erm.ee\/#\/schema\/person\/6e98c391cb00a33e7c22a3571e062114"},"headline":"Kolm korda kolida on niisama hea kui \u00fcks kord \u00e4ra p\u00f5leda (Tartu)","datePublished":"2015-06-11T03:07:38+00:00","dateModified":"2015-06-17T06:30:52+00:00","mainEntityOfPage":{"@id":"https:\/\/blog.erm.ee\/?p=6504"},"wordCount":681,"commentCount":0,"image":{"@id":"https:\/\/blog.erm.ee\/?p=6504#primaryimage"},"thumbnailUrl":"https:\/\/blog.erm.ee\/wp-content\/uploads\/2015\/06\/042854_ERM_Fk_2803_209.jpg","articleSection":["Foto"],"inLanguage":"et","potentialAction":[{"@type":"CommentAction","name":"Comment","target":["https:\/\/blog.erm.ee\/?p=6504#respond"]}]},{"@type":"WebPage","@id":"https:\/\/blog.erm.ee\/?p=6504","url":"https:\/\/blog.erm.ee\/?p=6504","name":"Kolm korda kolida on niisama hea kui \u00fcks kord \u00e4ra p\u00f5leda (Tartu) - Eesti Rahva Muuseumi ajaveeb","isPartOf":{"@id":"https:\/\/blog.erm.ee\/#website"},"primaryImageOfPage":{"@id":"https:\/\/blog.erm.ee\/?p=6504#primaryimage"},"image":{"@id":"https:\/\/blog.erm.ee\/?p=6504#primaryimage"},"thumbnailUrl":"https:\/\/blog.erm.ee\/wp-content\/uploads\/2015\/06\/042854_ERM_Fk_2803_209.jpg","datePublished":"2015-06-11T03:07:38+00:00","dateModified":"2015-06-17T06:30:52+00:00","author":{"@id":"https:\/\/blog.erm.ee\/#\/schema\/person\/6e98c391cb00a33e7c22a3571e062114"},"breadcrumb":{"@id":"https:\/\/blog.erm.ee\/?p=6504#breadcrumb"},"inLanguage":"et","potentialAction":[{"@type":"ReadAction","target":["https:\/\/blog.erm.ee\/?p=6504"]}]},{"@type":"ImageObject","inLanguage":"et","@id":"https:\/\/blog.erm.ee\/?p=6504#primaryimage","url":"https:\/\/blog.erm.ee\/wp-content\/uploads\/2015\/06\/042854_ERM_Fk_2803_209.jpg","contentUrl":"https:\/\/blog.erm.ee\/wp-content\/uploads\/2015\/06\/042854_ERM_Fk_2803_209.jpg","width":1200,"height":775},{"@type":"BreadcrumbList","@id":"https:\/\/blog.erm.ee\/?p=6504#breadcrumb","itemListElement":[{"@type":"ListItem","position":1,"name":"Home","item":"https:\/\/blog.erm.ee\/"},{"@type":"ListItem","position":2,"name":"Kolm korda kolida on niisama hea kui \u00fcks kord \u00e4ra p\u00f5leda (Tartu)"}]},{"@type":"WebSite","@id":"https:\/\/blog.erm.ee\/#website","url":"https:\/\/blog.erm.ee\/","name":"Eesti Rahva Muuseumi ajaveeb","description":"","potentialAction":[{"@type":"SearchAction","target":{"@type":"EntryPoint","urlTemplate":"https:\/\/blog.erm.ee\/?s={search_term_string}"},"query-input":{"@type":"PropertyValueSpecification","valueRequired":true,"valueName":"search_term_string"}}],"inLanguage":"et"},{"@type":"Person","@id":"https:\/\/blog.erm.ee\/#\/schema\/person\/6e98c391cb00a33e7c22a3571e062114","name":"Eesti Rahva Muuseum","image":{"@type":"ImageObject","inLanguage":"et","@id":"https:\/\/secure.gravatar.com\/avatar\/cb6d9ad5fb49f3f7315028ce5fe60641075f2cb52b8a058ff5a985fa2d8c1da0?s=96&d=mm&r=g","url":"https:\/\/secure.gravatar.com\/avatar\/cb6d9ad5fb49f3f7315028ce5fe60641075f2cb52b8a058ff5a985fa2d8c1da0?s=96&d=mm&r=g","contentUrl":"https:\/\/secure.gravatar.com\/avatar\/cb6d9ad5fb49f3f7315028ce5fe60641075f2cb52b8a058ff5a985fa2d8c1da0?s=96&d=mm&r=g","caption":"Eesti Rahva Muuseum"},"sameAs":["http:\/\/www.erm.ee"],"url":"https:\/\/blog.erm.ee\/?author=1"}]}},"jetpack_featured_media_url":"https:\/\/blog.erm.ee\/wp-content\/uploads\/2015\/06\/042854_ERM_Fk_2803_209.jpg","jetpack_shortlink":"https:\/\/wp.me\/p2l9Zd-1GU","jetpack_sharing_enabled":true,"jetpack_likes_enabled":true,"_links":{"self":[{"href":"https:\/\/blog.erm.ee\/index.php?rest_route=\/wp\/v2\/posts\/6504","targetHints":{"allow":["GET"]}}],"collection":[{"href":"https:\/\/blog.erm.ee\/index.php?rest_route=\/wp\/v2\/posts"}],"about":[{"href":"https:\/\/blog.erm.ee\/index.php?rest_route=\/wp\/v2\/types\/post"}],"author":[{"embeddable":true,"href":"https:\/\/blog.erm.ee\/index.php?rest_route=\/wp\/v2\/users\/1"}],"replies":[{"embeddable":true,"href":"https:\/\/blog.erm.ee\/index.php?rest_route=%2Fwp%2Fv2%2Fcomments&post=6504"}],"version-history":[{"count":5,"href":"https:\/\/blog.erm.ee\/index.php?rest_route=\/wp\/v2\/posts\/6504\/revisions"}],"predecessor-version":[{"id":6532,"href":"https:\/\/blog.erm.ee\/index.php?rest_route=\/wp\/v2\/posts\/6504\/revisions\/6532"}],"wp:featuredmedia":[{"embeddable":true,"href":"https:\/\/blog.erm.ee\/index.php?rest_route=\/wp\/v2\/media\/6509"}],"wp:attachment":[{"href":"https:\/\/blog.erm.ee\/index.php?rest_route=%2Fwp%2Fv2%2Fmedia&parent=6504"}],"wp:term":[{"taxonomy":"category","embeddable":true,"href":"https:\/\/blog.erm.ee\/index.php?rest_route=%2Fwp%2Fv2%2Fcategories&post=6504"},{"taxonomy":"post_tag","embeddable":true,"href":"https:\/\/blog.erm.ee\/index.php?rest_route=%2Fwp%2Fv2%2Ftags&post=6504"}],"curies":[{"name":"wp","href":"https:\/\/api.w.org\/{rel}","templated":true}]}}