{"id":6492,"date":"2015-06-04T07:56:19","date_gmt":"2015-06-04T04:56:19","guid":{"rendered":"http:\/\/blog.erm.ee\/?p=6492"},"modified":"2015-06-04T09:14:28","modified_gmt":"2015-06-04T06:14:28","slug":"esimene-brasiilias-lehvinud-eesti-lipp","status":"publish","type":"post","link":"https:\/\/blog.erm.ee\/?p=6492","title":{"rendered":"Esimene Brasiilias lehvinud Eesti lipp"},"content":{"rendered":"<div class=\"fcbkbttn_buttons_block\" id=\"fcbkbttn_left\"><div class=\"fcbkbttn_like \"><fb:like href=\"https:\/\/blog.erm.ee\/?p=6492\" action=\"like\" colorscheme=\"light\" layout=\"standard\"  width=\"225px\" size=\"small\"><\/fb:like><\/div><div class=\"fb-share-button  \" data-href=\"https:\/\/blog.erm.ee\/?p=6492\" data-type=\"button\" data-size=\"small\"><\/div><\/div><p><em>Tekst: Riina Reinvelt, peavarahoidja<\/em><br \/>\n<em>Fotod: Anu Ansu, Arp Karm<\/em><\/p>\n<p>See on \u00fcsna tavaline, et lipule on peale maalitud v\u00f5i tikitud t\u00e4htsaid kirju, n\u00e4iteks asutuse v\u00f5i organisatsiooni nimi koos strateegiliste kuup\u00e4evadega. Kui aga avastad \u00fche sinimustvalge lipu valge paani peal paremas alumises nurgas justkui terve A4 mahus teksti, tekib v\u00e4hegi uudishimulikul inimesel k\u00fcsimus, mis see on. Esimesena haarab silm v\u00f5\u00f5rast keelt, mis algab s\u00f5naga \u201eAttestado\u201c, j\u00e4rgmisena tr\u00fckit\u00e4htedega kirjutatud linnanime RIO de JANEIRO. Selge, oleme Brasiilias ja keel on siis ilmselt portugali. \u00d5nneks j\u00f5uab silm ka eestikeelse t\u00f5lkeni.<\/p>\n<p><a href=\"https:\/\/blog.erm.ee\/wp-content\/uploads\/2015\/06\/D_61_6.jpg\"><img loading=\"lazy\" decoding=\"async\" data-attachment-id=\"6493\" data-permalink=\"https:\/\/blog.erm.ee\/?attachment_id=6493#main\" data-orig-file=\"https:\/\/blog.erm.ee\/wp-content\/uploads\/2015\/06\/D_61_6.jpg\" data-orig-size=\"1047,1200\" data-comments-opened=\"1\" data-image-meta=\"{&quot;aperture&quot;:&quot;0&quot;,&quot;credit&quot;:&quot;&quot;,&quot;camera&quot;:&quot;&quot;,&quot;caption&quot;:&quot;&quot;,&quot;created_timestamp&quot;:&quot;1424691280&quot;,&quot;copyright&quot;:&quot;&quot;,&quot;focal_length&quot;:&quot;0&quot;,&quot;iso&quot;:&quot;0&quot;,&quot;shutter_speed&quot;:&quot;0&quot;,&quot;title&quot;:&quot;&quot;,&quot;orientation&quot;:&quot;0&quot;}\" data-image-title=\"D_61_6\" data-image-description=\"\" data-image-caption=\"\" data-large-file=\"https:\/\/blog.erm.ee\/wp-content\/uploads\/2015\/06\/D_61_6-893x1024.jpg\" class=\"alignnone size-large wp-image-6493\" src=\"https:\/\/blog.erm.ee\/wp-content\/uploads\/2015\/06\/D_61_6-893x1024.jpg\" alt=\"D_61_6\" width=\"700\" height=\"803\" srcset=\"https:\/\/blog.erm.ee\/wp-content\/uploads\/2015\/06\/D_61_6-893x1024.jpg 893w, https:\/\/blog.erm.ee\/wp-content\/uploads\/2015\/06\/D_61_6-227x260.jpg 227w, https:\/\/blog.erm.ee\/wp-content\/uploads\/2015\/06\/D_61_6-262x300.jpg 262w, https:\/\/blog.erm.ee\/wp-content\/uploads\/2015\/06\/D_61_6.jpg 1047w\" sizes=\"auto, (max-width: 700px) 100vw, 700px\" \/><\/a><\/p>\n<p><em>TUNNISTUS<\/em><br \/>\n<em> Meie, allakirjutatud, tunnustame k\u00e4esoleva Eesti Rahvuse Lippu ehtsust mis sai esindatud ja Brasiilia Rahvuse Lippuga risteldud, Eestis s\u00fcndinud hra Julius Tammerik\u2019u l\u00e4bi, 18mal Juulil 1919 aastal, RIO de JANEIRO COLLEGIO BAPTISTA aulas, t\u00e4hendatud \u00f5ppeasutuse arvurikka \u00f5pilaste ja \u00f5petajate kogude ees.<\/em><br \/>\n<em> T\u00e4hendatud Aktuse pidulikkusele vastavas k\u00f5nes \u00fclalnimetud h\u00e4rra kandis ette Eesti Rahvuse P\u00e4ritolu ja Eestlaste Maa ajalugu, etteseades Brasiilia kaubanduse v\u00f5imalusi selle v\u00e4ikse kuid kangelaslise Eesti Rahvaga keda suurv\u00f5imud isegi seitsme aastasajase r\u00f5humisega ei suutnud \u00e4rakaudata \u00fcleilmlise majanduse ja politika n\u00e4itelavalt.<\/em><\/p>\n<p>Allkirju leiab nii portugali- kui eestikeelse teksti alt, lisaks veel tempel, tempelmargid ja notari kinnitus. Tundub v\u00e4ga pidulik. Aga mida see t\u00e4hendab, kui Eesti lipp on Brasiilia lipuga risteldud ja kes on h\u00e4rra Julius Tammerik? Algab uurimist\u00f6\u00f6. Internetip\u00e4ringud eriti palju infot ei anna. Saan teada, et 23.09.1923 on Julius Tammeriku nimele registreeritud \u00fcks patent \u2013 \u201eImprovements in or relating to electric time switching systems\u201c. Kuna seegi Tammerik elas Brasiilias ja oli Eesti kodanik, siis k\u00fcllap on tegemist sama inimesega. Ajalehes KesKus mainib sama meest Aivar J\u00fcrgenson Brasiilia eestlastest r\u00e4\u00e4kivas artiklis (14.03.2010), tuues v\u00e4lja, et ta tegutses baptisti misjon\u00e4rina mituk\u00fcmmend aastat Brasiilia sisemaa \u00fcrgmetsade indiaanlaste juures, \u00f5petades neile muuseas ka eestikeelseid laule. Baptistide mainimine sobib lipul oleva tekstiga, sest just Rio de Janeiro baptistide kolled\u017eis on lippu \u201eesindatud ja risteldud\u201c. Seda infot on siiski \u00fcsna v\u00e4he, kuid \u00f5nneks leian Sander J\u00fcrissoni ajakirjas M\u00e4etagused avaldatud artiklist veel \u00fche viite.<br \/>\nPikemalt saab Tammeriku kireva elu kohta lugeda 1976. aastal ajakirjas Usur\u00e4ndur avaldatud j\u00e4relh\u00fc\u00fcdes. Ta on s\u00fcndinud 1891. aastal Tallinnas, 1908. aastal r\u00e4ndas pere koos kolme teise perekonnaga Brasiiliasse, sest Eesti luterlik kirik ei olnud tol ajal baptistide vastu s\u00f5bralik. Alguses maabuti Nova Europa asunduses, kuhu kogunes aja jooksul sadakond eesti peret. Hiljem kolisid Tammeriku pere noored Riosse, kus Julius l\u00f5petas 1920. aastal babtisti seminari ja ordineeriti samal aastal. Lisaks pastoriametile ja misjonit\u00f6\u00f6le t\u00f6\u00f6tas ja tegutses ta paljudes ametites, alates telefoniliinide ehitamisest kuni Teise maailmas\u00f5ja j\u00e4rel saabuvate p\u00f5genike vahendamiseni ametiv\u00f5imude juures.<br \/>\nKuigi Eestist kaugel, vaimustus ta Eesti Vabaduss\u00f5jast ja otsis isegi v\u00f5imalusi siia s\u00f5ita ning Vabaduss\u00f5jas kaasa l\u00fc\u00fca. Segaste aegade t\u00f5ttu ei \u00f5nnestunud tal aga \u00fcheski laevas kohta leida. K\u00fcll aga paigutub samasse perioodi t\u00e4nase loo peategelase, sinimustvalge lipu esmaesitlus Brasiilias. J\u00e4relh\u00fc\u00fcdes antakse sellest s\u00fcndmusest t\u00e4pne \u00fclevaade, mis seletab lahti ka lipu \u201eristlemise\u201c:<br \/>\n\u201eBrasiilia pealinnas Rio de Janeiros peeti 18. juulil 1919 Collegio Baptista aulas arvuka \u00f5pilaspere, \u00f5petajate ja riigi esindajate kohalviibimisel suur aktus. Julius Tammerik t\u00f5i seal v\u00e4lja Eesti Vabariigi lipu, sini-must-valge, ja asetas selle lavale ristamisi Brasiilia riigilipuga, pidades seej\u00e4rel ise portugalikeelse k\u00f5ne Eestist ja tema rahvast, meie p\u00e4ritolust, ajaloost ja kannatusist suurv\u00f5imudest vallutajate t\u00f5ttu. Kuid Eestit ja tema rahvast pole nad suutnud h\u00e4vitada. See oli p\u00e4evaks, mil esimest korda Vaba Eesti lipp levis t\u00e4is\u00f5igusliku rahva lipuna Brasiilias.\u201c<br \/>\nEesti saab vabaks ja 1933. aastal otsustatakse hakata iga aasta novembri viimasel p\u00fchap\u00e4eval t\u00e4histama v\u00e4liseesti p\u00e4eva. See tava j\u00f5uab Brasiiliassegi ja 1934. aastal osaleb \u00fcritusel ka koolidirektor Tammerik, kes peab piduk\u00f5ne, milles ta meenutab 1919. aastal toimunud lipu esitlemist. J\u00e4rgmisel vabariigi aastap\u00e4eval annetab Tammerik lipu Rio de Janeiro Eesti seltsile, lastes ilmselt enne seda kinnitada lipule allkirjadega ja notariaalselt kinnitatud teksti, mis on \u00e4ra toodud selle blogiloo alguses.<br \/>\nEesti Selts peab lippu aga nii v\u00e4\u00e4rtuslikuks, et otsustab selle edasi annetada Tallinnas loodud V\u00e4lis-Eesti Muuseumile ja lisab omalt poolt teisegi allkirjadega teksti.<\/p>\n<p><a href=\"https:\/\/blog.erm.ee\/wp-content\/uploads\/2015\/06\/D_61_6_aa0005.jpg\"><img loading=\"lazy\" decoding=\"async\" data-attachment-id=\"6494\" data-permalink=\"https:\/\/blog.erm.ee\/?attachment_id=6494#main\" data-orig-file=\"https:\/\/blog.erm.ee\/wp-content\/uploads\/2015\/06\/D_61_6_aa0005.jpg\" data-orig-size=\"1200,660\" data-comments-opened=\"1\" data-image-meta=\"{&quot;aperture&quot;:&quot;0&quot;,&quot;credit&quot;:&quot;&quot;,&quot;camera&quot;:&quot;&quot;,&quot;caption&quot;:&quot;&quot;,&quot;created_timestamp&quot;:&quot;1424691310&quot;,&quot;copyright&quot;:&quot;&quot;,&quot;focal_length&quot;:&quot;0&quot;,&quot;iso&quot;:&quot;0&quot;,&quot;shutter_speed&quot;:&quot;0&quot;,&quot;title&quot;:&quot;&quot;,&quot;orientation&quot;:&quot;0&quot;}\" data-image-title=\"D_61_6_aa0005\" data-image-description=\"\" data-image-caption=\"\" data-large-file=\"https:\/\/blog.erm.ee\/wp-content\/uploads\/2015\/06\/D_61_6_aa0005-1024x563.jpg\" class=\"alignnone size-large wp-image-6494\" src=\"https:\/\/blog.erm.ee\/wp-content\/uploads\/2015\/06\/D_61_6_aa0005-1024x563.jpg\" alt=\"D_61_6_aa0005\" width=\"700\" height=\"385\" srcset=\"https:\/\/blog.erm.ee\/wp-content\/uploads\/2015\/06\/D_61_6_aa0005-1024x563.jpg 1024w, https:\/\/blog.erm.ee\/wp-content\/uploads\/2015\/06\/D_61_6_aa0005-460x253.jpg 460w, https:\/\/blog.erm.ee\/wp-content\/uploads\/2015\/06\/D_61_6_aa0005-300x165.jpg 300w, https:\/\/blog.erm.ee\/wp-content\/uploads\/2015\/06\/D_61_6_aa0005.jpg 1200w\" sizes=\"auto, (max-width: 700px) 100vw, 700px\" \/><\/a><\/p>\n<p><em>Sao Paulo, Rio de Janeiro, E.H.A.S. \u201eUus Kodu\u201c osakonna juhatus omal koosolekul 24.IX.1935 a. otsustas k\u00e4esoleva Eesti Lipu annetata V\u00e4lis Eesti Museumile Tallinn. Eesti Lipu, millel veike ajalooline t\u00e4htsus, oli esimene Eesti Lipp Brasilias Eesti iseseisvuse algp\u00e4evilt.<\/em><\/p>\n<p><em>Georg Sander (esimees), Joh. Krisch, M. Ernits<\/em><\/p>\n<p>1936. aastal j\u00f5udiski lipp Tallinnasse V\u00e4liseesti Muuseumisse. Lipuga koos anti \u00fcle h\u00f5beplaat, mis pole kahjuks k\u00fcll s\u00e4ilinud, kuid selle tekst on \u00e4ra toodud ajakirjas V\u00e4lis-Eesti: \u201e1-ne Eesti lipp Brasiilias, esitet 18.VII 1919. Annetet J. Tammerik\u2019ilt Eesti Seltsile, Rio de Janeiro 24.II 35\u201c.<br \/>\n1941. aastal uue korra ajal likvideeriti muuseume ja suleti organisatsioone. Sama juhtus ka V\u00e4lis-Eesti \u00dchingu ja V\u00e4lis-Eesti Muuseumiga. \u00d5nneks anti lipp \u00fcle Eesti Rahva Muuseumile ja nii on meil lisaks k\u00f5ige esimesele Eesti lipule alles ka esimene Brasiilias lehvinud sinimustvalge. Tulevikus saab seda Brasiilia lipuga risteldud Eesti lippu ehk museaali ERM D 61:6 kindlasti n\u00e4ha ERMi uues hoones nn lipusaalis, kus on aukohal Eesti \u00dcli\u00f5pilaste Seltsi esimene sinimustvalge.<\/p>\n<p><a href=\"https:\/\/blog.erm.ee\/wp-content\/uploads\/2015\/06\/083514_ERM_D_61_6.jpg\"><img loading=\"lazy\" decoding=\"async\" data-attachment-id=\"6495\" data-permalink=\"https:\/\/blog.erm.ee\/?attachment_id=6495#main\" data-orig-file=\"https:\/\/blog.erm.ee\/wp-content\/uploads\/2015\/06\/083514_ERM_D_61_6.jpg\" data-orig-size=\"1200,664\" data-comments-opened=\"1\" data-image-meta=\"{&quot;aperture&quot;:&quot;0&quot;,&quot;credit&quot;:&quot;&quot;,&quot;camera&quot;:&quot;&quot;,&quot;caption&quot;:&quot;&quot;,&quot;created_timestamp&quot;:&quot;1396278933&quot;,&quot;copyright&quot;:&quot;\\u00a9 Eesti Rahva Muuseum 2014&quot;,&quot;focal_length&quot;:&quot;0&quot;,&quot;iso&quot;:&quot;0&quot;,&quot;shutter_speed&quot;:&quot;0&quot;,&quot;title&quot;:&quot;&quot;,&quot;orientation&quot;:&quot;0&quot;}\" data-image-title=\"083514_ERM_D_61_6\" data-image-description=\"\" data-image-caption=\"\" data-large-file=\"https:\/\/blog.erm.ee\/wp-content\/uploads\/2015\/06\/083514_ERM_D_61_6-1024x567.jpg\" class=\"alignnone size-large wp-image-6495\" src=\"https:\/\/blog.erm.ee\/wp-content\/uploads\/2015\/06\/083514_ERM_D_61_6-1024x567.jpg\" alt=\"083514_ERM_D_61_6\" width=\"700\" height=\"388\" srcset=\"https:\/\/blog.erm.ee\/wp-content\/uploads\/2015\/06\/083514_ERM_D_61_6-1024x567.jpg 1024w, https:\/\/blog.erm.ee\/wp-content\/uploads\/2015\/06\/083514_ERM_D_61_6-460x255.jpg 460w, https:\/\/blog.erm.ee\/wp-content\/uploads\/2015\/06\/083514_ERM_D_61_6-300x166.jpg 300w, https:\/\/blog.erm.ee\/wp-content\/uploads\/2015\/06\/083514_ERM_D_61_6.jpg 1200w\" sizes=\"auto, (max-width: 700px) 100vw, 700px\" \/><\/a><br \/>\nMaterjal<\/p>\n<p>Jutl. Julius Tammerik In Memoriam. Usur\u00e4ndur 1976, nr 6, lk 9\u201311<br \/>\nJ\u00fcrgenson, Aivar. Siiani eksootiline paik. KesKus 14.03.2010 (<a href=\"http:\/\/kes-kus.ee\/siiani-eksootiline-paik-etnoloog-aivar-jurgenson-raagib-meie-kaasmaalaste-loost-teisel-pool-ookeani-brasiilias\/\" target=\"_blank\">http:\/\/kes-kus.ee\/siiani-eksootiline-paik-etnoloog-aivar-jurgenson-raagib-meie-kaasmaalaste-loost-teisel-pool-ookeani-brasiilias\/<\/a>)<br \/>\nJ\u00fcrisson, Sander. Kuldsele Kaananimaale: esimestest eesti v\u00e4ljar\u00e4ndajatest Brasiilias. M\u00e4etagused 50 (<a href=\"http:\/\/www.folklore.ee\/tagused\/nr50\/jyrisson.pdf\" target=\"_blank\">http:\/\/www.folklore.ee\/tagused\/nr50\/jyrisson.pdf<\/a>)<br \/>\nV\u00e4lis-Eesti 1935, nr 1<br \/>\nV\u00e4lis-Eesti 1936, nr 9<\/p>\n<div class=\"fcbkbttn_buttons_block\" id=\"fcbkbttn_left\"><div class=\"fcbkbttn_like \"><fb:like href=\"https:\/\/blog.erm.ee\/?p=6492\" action=\"like\" colorscheme=\"light\" layout=\"standard\"  width=\"225px\" size=\"small\"><\/fb:like><\/div><div class=\"fb-share-button  \" data-href=\"https:\/\/blog.erm.ee\/?p=6492\" data-type=\"button\" data-size=\"small\"><\/div><\/div>","protected":false},"excerpt":{"rendered":"<p>Tekst: Riina Reinvelt, peavarahoidja Fotod: Anu Ansu, Arp Karm See on \u00fcsna tavaline, et lipule on peale maalitud v\u00f5i tikitud t\u00e4htsaid kirju, n\u00e4iteks asutuse v\u00f5i organisatsiooni nimi koos strateegiliste kuup\u00e4evadega. Kui aga avastad \u00fche sinimustvalge lipu valge paani peal paremas alumises nurgas justkui terve A4 mahus teksti, tekib v\u00e4hegi uudishimulikul inimesel k\u00fcsimus, mis see on.&hellip;<\/p>\n","protected":false},"author":1,"featured_media":6495,"comment_status":"open","ping_status":"open","sticky":false,"template":"","format":"standard","meta":{"_monsterinsights_skip_tracking":false,"_monsterinsights_sitenote_active":false,"_monsterinsights_sitenote_note":"","_monsterinsights_sitenote_category":0,"jetpack_post_was_ever_published":false,"_jetpack_newsletter_access":"","_jetpack_dont_email_post_to_subs":false,"_jetpack_newsletter_tier_id":0,"_jetpack_memberships_contains_paywalled_content":false,"_jetpack_memberships_contains_paid_content":false,"footnotes":""},"categories":[5],"tags":[],"class_list":["post-6492","post","type-post","status-publish","format-standard","has-post-thumbnail","hentry","category-museaal"],"yoast_head":"<!-- This site is optimized with the Yoast SEO plugin v27.5 - https:\/\/yoast.com\/product\/yoast-seo-wordpress\/ -->\n<title>Esimene Brasiilias lehvinud Eesti lipp - Eesti Rahva Muuseumi ajaveeb<\/title>\n<meta name=\"robots\" content=\"index, follow, max-snippet:-1, max-image-preview:large, max-video-preview:-1\" \/>\n<link rel=\"canonical\" href=\"https:\/\/blog.erm.ee\/?p=6492\" \/>\n<meta property=\"og:locale\" content=\"et_EE\" \/>\n<meta property=\"og:type\" content=\"article\" \/>\n<meta property=\"og:title\" content=\"Esimene Brasiilias lehvinud Eesti lipp - Eesti Rahva Muuseumi ajaveeb\" \/>\n<meta property=\"og:description\" content=\"Tekst: Riina Reinvelt, peavarahoidja Fotod: Anu Ansu, Arp Karm See on \u00fcsna tavaline, et lipule on peale maalitud v\u00f5i tikitud t\u00e4htsaid kirju, n\u00e4iteks asutuse v\u00f5i organisatsiooni nimi koos strateegiliste kuup\u00e4evadega. Kui aga avastad \u00fche sinimustvalge lipu valge paani peal paremas alumises nurgas justkui terve A4 mahus teksti, tekib v\u00e4hegi uudishimulikul inimesel k\u00fcsimus, mis see on.&hellip;\" \/>\n<meta property=\"og:url\" content=\"https:\/\/blog.erm.ee\/?p=6492\" \/>\n<meta property=\"og:site_name\" content=\"Eesti Rahva Muuseumi ajaveeb\" \/>\n<meta property=\"article:published_time\" content=\"2015-06-04T04:56:19+00:00\" \/>\n<meta property=\"article:modified_time\" content=\"2015-06-04T06:14:28+00:00\" \/>\n<meta property=\"og:image\" content=\"https:\/\/blog.erm.ee\/wp-content\/uploads\/2015\/06\/083514_ERM_D_61_6.jpg\" \/>\n\t<meta property=\"og:image:width\" content=\"1200\" \/>\n\t<meta property=\"og:image:height\" content=\"664\" \/>\n\t<meta property=\"og:image:type\" content=\"image\/jpeg\" \/>\n<meta name=\"author\" content=\"Eesti Rahva Muuseum\" \/>\n<meta name=\"twitter:card\" content=\"summary_large_image\" \/>\n<meta name=\"twitter:label1\" content=\"Written by\" \/>\n\t<meta name=\"twitter:data1\" content=\"Eesti Rahva Muuseum\" \/>\n\t<meta name=\"twitter:label2\" content=\"Est. reading time\" \/>\n\t<meta name=\"twitter:data2\" content=\"5 minutit\" \/>\n<script type=\"application\/ld+json\" class=\"yoast-schema-graph\">{\"@context\":\"https:\\\/\\\/schema.org\",\"@graph\":[{\"@type\":\"Article\",\"@id\":\"https:\\\/\\\/blog.erm.ee\\\/?p=6492#article\",\"isPartOf\":{\"@id\":\"https:\\\/\\\/blog.erm.ee\\\/?p=6492\"},\"author\":{\"name\":\"Eesti Rahva Muuseum\",\"@id\":\"https:\\\/\\\/blog.erm.ee\\\/#\\\/schema\\\/person\\\/6e98c391cb00a33e7c22a3571e062114\"},\"headline\":\"Esimene Brasiilias lehvinud Eesti lipp\",\"datePublished\":\"2015-06-04T04:56:19+00:00\",\"dateModified\":\"2015-06-04T06:14:28+00:00\",\"mainEntityOfPage\":{\"@id\":\"https:\\\/\\\/blog.erm.ee\\\/?p=6492\"},\"wordCount\":921,\"commentCount\":0,\"image\":{\"@id\":\"https:\\\/\\\/blog.erm.ee\\\/?p=6492#primaryimage\"},\"thumbnailUrl\":\"https:\\\/\\\/blog.erm.ee\\\/wp-content\\\/uploads\\\/2015\\\/06\\\/083514_ERM_D_61_6.jpg\",\"articleSection\":[\"Museaal\"],\"inLanguage\":\"et\",\"potentialAction\":[{\"@type\":\"CommentAction\",\"name\":\"Comment\",\"target\":[\"https:\\\/\\\/blog.erm.ee\\\/?p=6492#respond\"]}]},{\"@type\":\"WebPage\",\"@id\":\"https:\\\/\\\/blog.erm.ee\\\/?p=6492\",\"url\":\"https:\\\/\\\/blog.erm.ee\\\/?p=6492\",\"name\":\"Esimene Brasiilias lehvinud Eesti lipp - Eesti Rahva Muuseumi ajaveeb\",\"isPartOf\":{\"@id\":\"https:\\\/\\\/blog.erm.ee\\\/#website\"},\"primaryImageOfPage\":{\"@id\":\"https:\\\/\\\/blog.erm.ee\\\/?p=6492#primaryimage\"},\"image\":{\"@id\":\"https:\\\/\\\/blog.erm.ee\\\/?p=6492#primaryimage\"},\"thumbnailUrl\":\"https:\\\/\\\/blog.erm.ee\\\/wp-content\\\/uploads\\\/2015\\\/06\\\/083514_ERM_D_61_6.jpg\",\"datePublished\":\"2015-06-04T04:56:19+00:00\",\"dateModified\":\"2015-06-04T06:14:28+00:00\",\"author\":{\"@id\":\"https:\\\/\\\/blog.erm.ee\\\/#\\\/schema\\\/person\\\/6e98c391cb00a33e7c22a3571e062114\"},\"breadcrumb\":{\"@id\":\"https:\\\/\\\/blog.erm.ee\\\/?p=6492#breadcrumb\"},\"inLanguage\":\"et\",\"potentialAction\":[{\"@type\":\"ReadAction\",\"target\":[\"https:\\\/\\\/blog.erm.ee\\\/?p=6492\"]}]},{\"@type\":\"ImageObject\",\"inLanguage\":\"et\",\"@id\":\"https:\\\/\\\/blog.erm.ee\\\/?p=6492#primaryimage\",\"url\":\"https:\\\/\\\/blog.erm.ee\\\/wp-content\\\/uploads\\\/2015\\\/06\\\/083514_ERM_D_61_6.jpg\",\"contentUrl\":\"https:\\\/\\\/blog.erm.ee\\\/wp-content\\\/uploads\\\/2015\\\/06\\\/083514_ERM_D_61_6.jpg\",\"width\":1200,\"height\":664},{\"@type\":\"BreadcrumbList\",\"@id\":\"https:\\\/\\\/blog.erm.ee\\\/?p=6492#breadcrumb\",\"itemListElement\":[{\"@type\":\"ListItem\",\"position\":1,\"name\":\"Home\",\"item\":\"https:\\\/\\\/blog.erm.ee\\\/\"},{\"@type\":\"ListItem\",\"position\":2,\"name\":\"Esimene Brasiilias lehvinud Eesti lipp\"}]},{\"@type\":\"WebSite\",\"@id\":\"https:\\\/\\\/blog.erm.ee\\\/#website\",\"url\":\"https:\\\/\\\/blog.erm.ee\\\/\",\"name\":\"Eesti Rahva Muuseumi ajaveeb\",\"description\":\"\",\"potentialAction\":[{\"@type\":\"SearchAction\",\"target\":{\"@type\":\"EntryPoint\",\"urlTemplate\":\"https:\\\/\\\/blog.erm.ee\\\/?s={search_term_string}\"},\"query-input\":{\"@type\":\"PropertyValueSpecification\",\"valueRequired\":true,\"valueName\":\"search_term_string\"}}],\"inLanguage\":\"et\"},{\"@type\":\"Person\",\"@id\":\"https:\\\/\\\/blog.erm.ee\\\/#\\\/schema\\\/person\\\/6e98c391cb00a33e7c22a3571e062114\",\"name\":\"Eesti Rahva Muuseum\",\"image\":{\"@type\":\"ImageObject\",\"inLanguage\":\"et\",\"@id\":\"https:\\\/\\\/secure.gravatar.com\\\/avatar\\\/cb6d9ad5fb49f3f7315028ce5fe60641075f2cb52b8a058ff5a985fa2d8c1da0?s=96&d=mm&r=g\",\"url\":\"https:\\\/\\\/secure.gravatar.com\\\/avatar\\\/cb6d9ad5fb49f3f7315028ce5fe60641075f2cb52b8a058ff5a985fa2d8c1da0?s=96&d=mm&r=g\",\"contentUrl\":\"https:\\\/\\\/secure.gravatar.com\\\/avatar\\\/cb6d9ad5fb49f3f7315028ce5fe60641075f2cb52b8a058ff5a985fa2d8c1da0?s=96&d=mm&r=g\",\"caption\":\"Eesti Rahva Muuseum\"},\"sameAs\":[\"http:\\\/\\\/www.erm.ee\"],\"url\":\"https:\\\/\\\/blog.erm.ee\\\/?author=1\"}]}<\/script>\n<!-- \/ Yoast SEO plugin. -->","yoast_head_json":{"title":"Esimene Brasiilias lehvinud Eesti lipp - Eesti Rahva Muuseumi ajaveeb","robots":{"index":"index","follow":"follow","max-snippet":"max-snippet:-1","max-image-preview":"max-image-preview:large","max-video-preview":"max-video-preview:-1"},"canonical":"https:\/\/blog.erm.ee\/?p=6492","og_locale":"et_EE","og_type":"article","og_title":"Esimene Brasiilias lehvinud Eesti lipp - Eesti Rahva Muuseumi ajaveeb","og_description":"Tekst: Riina Reinvelt, peavarahoidja Fotod: Anu Ansu, Arp Karm See on \u00fcsna tavaline, et lipule on peale maalitud v\u00f5i tikitud t\u00e4htsaid kirju, n\u00e4iteks asutuse v\u00f5i organisatsiooni nimi koos strateegiliste kuup\u00e4evadega. Kui aga avastad \u00fche sinimustvalge lipu valge paani peal paremas alumises nurgas justkui terve A4 mahus teksti, tekib v\u00e4hegi uudishimulikul inimesel k\u00fcsimus, mis see on.&hellip;","og_url":"https:\/\/blog.erm.ee\/?p=6492","og_site_name":"Eesti Rahva Muuseumi ajaveeb","article_published_time":"2015-06-04T04:56:19+00:00","article_modified_time":"2015-06-04T06:14:28+00:00","og_image":[{"width":1200,"height":664,"url":"https:\/\/blog.erm.ee\/wp-content\/uploads\/2015\/06\/083514_ERM_D_61_6.jpg","type":"image\/jpeg"}],"author":"Eesti Rahva Muuseum","twitter_card":"summary_large_image","twitter_misc":{"Written by":"Eesti Rahva Muuseum","Est. reading time":"5 minutit"},"schema":{"@context":"https:\/\/schema.org","@graph":[{"@type":"Article","@id":"https:\/\/blog.erm.ee\/?p=6492#article","isPartOf":{"@id":"https:\/\/blog.erm.ee\/?p=6492"},"author":{"name":"Eesti Rahva Muuseum","@id":"https:\/\/blog.erm.ee\/#\/schema\/person\/6e98c391cb00a33e7c22a3571e062114"},"headline":"Esimene Brasiilias lehvinud Eesti lipp","datePublished":"2015-06-04T04:56:19+00:00","dateModified":"2015-06-04T06:14:28+00:00","mainEntityOfPage":{"@id":"https:\/\/blog.erm.ee\/?p=6492"},"wordCount":921,"commentCount":0,"image":{"@id":"https:\/\/blog.erm.ee\/?p=6492#primaryimage"},"thumbnailUrl":"https:\/\/blog.erm.ee\/wp-content\/uploads\/2015\/06\/083514_ERM_D_61_6.jpg","articleSection":["Museaal"],"inLanguage":"et","potentialAction":[{"@type":"CommentAction","name":"Comment","target":["https:\/\/blog.erm.ee\/?p=6492#respond"]}]},{"@type":"WebPage","@id":"https:\/\/blog.erm.ee\/?p=6492","url":"https:\/\/blog.erm.ee\/?p=6492","name":"Esimene Brasiilias lehvinud Eesti lipp - Eesti Rahva Muuseumi ajaveeb","isPartOf":{"@id":"https:\/\/blog.erm.ee\/#website"},"primaryImageOfPage":{"@id":"https:\/\/blog.erm.ee\/?p=6492#primaryimage"},"image":{"@id":"https:\/\/blog.erm.ee\/?p=6492#primaryimage"},"thumbnailUrl":"https:\/\/blog.erm.ee\/wp-content\/uploads\/2015\/06\/083514_ERM_D_61_6.jpg","datePublished":"2015-06-04T04:56:19+00:00","dateModified":"2015-06-04T06:14:28+00:00","author":{"@id":"https:\/\/blog.erm.ee\/#\/schema\/person\/6e98c391cb00a33e7c22a3571e062114"},"breadcrumb":{"@id":"https:\/\/blog.erm.ee\/?p=6492#breadcrumb"},"inLanguage":"et","potentialAction":[{"@type":"ReadAction","target":["https:\/\/blog.erm.ee\/?p=6492"]}]},{"@type":"ImageObject","inLanguage":"et","@id":"https:\/\/blog.erm.ee\/?p=6492#primaryimage","url":"https:\/\/blog.erm.ee\/wp-content\/uploads\/2015\/06\/083514_ERM_D_61_6.jpg","contentUrl":"https:\/\/blog.erm.ee\/wp-content\/uploads\/2015\/06\/083514_ERM_D_61_6.jpg","width":1200,"height":664},{"@type":"BreadcrumbList","@id":"https:\/\/blog.erm.ee\/?p=6492#breadcrumb","itemListElement":[{"@type":"ListItem","position":1,"name":"Home","item":"https:\/\/blog.erm.ee\/"},{"@type":"ListItem","position":2,"name":"Esimene Brasiilias lehvinud Eesti lipp"}]},{"@type":"WebSite","@id":"https:\/\/blog.erm.ee\/#website","url":"https:\/\/blog.erm.ee\/","name":"Eesti Rahva Muuseumi ajaveeb","description":"","potentialAction":[{"@type":"SearchAction","target":{"@type":"EntryPoint","urlTemplate":"https:\/\/blog.erm.ee\/?s={search_term_string}"},"query-input":{"@type":"PropertyValueSpecification","valueRequired":true,"valueName":"search_term_string"}}],"inLanguage":"et"},{"@type":"Person","@id":"https:\/\/blog.erm.ee\/#\/schema\/person\/6e98c391cb00a33e7c22a3571e062114","name":"Eesti Rahva Muuseum","image":{"@type":"ImageObject","inLanguage":"et","@id":"https:\/\/secure.gravatar.com\/avatar\/cb6d9ad5fb49f3f7315028ce5fe60641075f2cb52b8a058ff5a985fa2d8c1da0?s=96&d=mm&r=g","url":"https:\/\/secure.gravatar.com\/avatar\/cb6d9ad5fb49f3f7315028ce5fe60641075f2cb52b8a058ff5a985fa2d8c1da0?s=96&d=mm&r=g","contentUrl":"https:\/\/secure.gravatar.com\/avatar\/cb6d9ad5fb49f3f7315028ce5fe60641075f2cb52b8a058ff5a985fa2d8c1da0?s=96&d=mm&r=g","caption":"Eesti Rahva Muuseum"},"sameAs":["http:\/\/www.erm.ee"],"url":"https:\/\/blog.erm.ee\/?author=1"}]}},"jetpack_featured_media_url":"https:\/\/blog.erm.ee\/wp-content\/uploads\/2015\/06\/083514_ERM_D_61_6.jpg","jetpack_shortlink":"https:\/\/wp.me\/p2l9Zd-1GI","jetpack_sharing_enabled":true,"jetpack_likes_enabled":true,"_links":{"self":[{"href":"https:\/\/blog.erm.ee\/index.php?rest_route=\/wp\/v2\/posts\/6492","targetHints":{"allow":["GET"]}}],"collection":[{"href":"https:\/\/blog.erm.ee\/index.php?rest_route=\/wp\/v2\/posts"}],"about":[{"href":"https:\/\/blog.erm.ee\/index.php?rest_route=\/wp\/v2\/types\/post"}],"author":[{"embeddable":true,"href":"https:\/\/blog.erm.ee\/index.php?rest_route=\/wp\/v2\/users\/1"}],"replies":[{"embeddable":true,"href":"https:\/\/blog.erm.ee\/index.php?rest_route=%2Fwp%2Fv2%2Fcomments&post=6492"}],"version-history":[{"count":6,"href":"https:\/\/blog.erm.ee\/index.php?rest_route=\/wp\/v2\/posts\/6492\/revisions"}],"predecessor-version":[{"id":6501,"href":"https:\/\/blog.erm.ee\/index.php?rest_route=\/wp\/v2\/posts\/6492\/revisions\/6501"}],"wp:featuredmedia":[{"embeddable":true,"href":"https:\/\/blog.erm.ee\/index.php?rest_route=\/wp\/v2\/media\/6495"}],"wp:attachment":[{"href":"https:\/\/blog.erm.ee\/index.php?rest_route=%2Fwp%2Fv2%2Fmedia&parent=6492"}],"wp:term":[{"taxonomy":"category","embeddable":true,"href":"https:\/\/blog.erm.ee\/index.php?rest_route=%2Fwp%2Fv2%2Fcategories&post=6492"},{"taxonomy":"post_tag","embeddable":true,"href":"https:\/\/blog.erm.ee\/index.php?rest_route=%2Fwp%2Fv2%2Ftags&post=6492"}],"curies":[{"name":"wp","href":"https:\/\/api.w.org\/{rel}","templated":true}]}}