{"id":6476,"date":"2015-06-02T11:40:49","date_gmt":"2015-06-02T08:40:49","guid":{"rendered":"http:\/\/blog.erm.ee\/?p=6476"},"modified":"2015-06-17T09:29:37","modified_gmt":"2015-06-17T06:29:37","slug":"ja-suvekuudel-juunis-juulis-sai-puhatud-ja-mindud-pruuniks","status":"publish","type":"post","link":"https:\/\/blog.erm.ee\/?p=6476","title":{"rendered":"Ja suvekuudel juunis-juulis, sai puhatud ja mindud pruuniks"},"content":{"rendered":"<div class=\"fcbkbttn_buttons_block\" id=\"fcbkbttn_left\"><div class=\"fcbkbttn_like \"><fb:like href=\"https:\/\/blog.erm.ee\/?p=6476\" action=\"like\" colorscheme=\"light\" layout=\"standard\"  width=\"225px\" size=\"small\"><\/fb:like><\/div><div class=\"fb-share-button  \" data-href=\"https:\/\/blog.erm.ee\/?p=6476\" data-type=\"button\" data-size=\"small\"><\/div><\/div><p><em>Siret Saar, koguhoidja<\/em><\/p>\n<p>M\u00f5istlikud inimesed hakkavad varakult suvevaheaega ootama \u2013 mina olen alati m\u00f5istlik olnud ning hakkasin seda tavaliselt ootama juba p\u00e4rast j\u00f5ule. N\u00fc\u00fcd ongi j\u00e4lle j\u00f5ulud m\u00f6\u00f6das ja enamik koolilapsi priid. L\u00f5busat suve!<\/p>\n<p><em>Suvi on vahva. K\u00f5ik muutub otsekohe toredaks sellest ajast peale, kui kool l\u00f5peb. <\/em>(A. Lindgren \u201eBullerby lapsed\u201c, 2006)<\/p>\n<p><a href=\"https:\/\/blog.erm.ee\/wp-content\/uploads\/2015\/06\/080650_ERM_Fk_2644_9796.jpg\"><img loading=\"lazy\" decoding=\"async\" data-attachment-id=\"6479\" data-permalink=\"https:\/\/blog.erm.ee\/?attachment_id=6479#main\" data-orig-file=\"https:\/\/blog.erm.ee\/wp-content\/uploads\/2015\/06\/080650_ERM_Fk_2644_9796.jpg\" data-orig-size=\"789,1200\" data-comments-opened=\"1\" data-image-meta=\"{&quot;aperture&quot;:&quot;0&quot;,&quot;credit&quot;:&quot;&quot;,&quot;camera&quot;:&quot;&quot;,&quot;caption&quot;:&quot;&quot;,&quot;created_timestamp&quot;:&quot;0&quot;,&quot;copyright&quot;:&quot;&quot;,&quot;focal_length&quot;:&quot;0&quot;,&quot;iso&quot;:&quot;0&quot;,&quot;shutter_speed&quot;:&quot;0&quot;,&quot;title&quot;:&quot;&quot;,&quot;orientation&quot;:&quot;0&quot;}\" data-image-title=\"080650_ERM_Fk_2644_9796\" data-image-description=\"\" data-image-caption=\"\" data-large-file=\"https:\/\/blog.erm.ee\/wp-content\/uploads\/2015\/06\/080650_ERM_Fk_2644_9796-673x1024.jpg\" class=\"alignnone size-large wp-image-6479\" src=\"https:\/\/blog.erm.ee\/wp-content\/uploads\/2015\/06\/080650_ERM_Fk_2644_9796-673x1024.jpg\" alt=\"080650_ERM_Fk_2644_9796\" width=\"673\" height=\"1024\" srcset=\"https:\/\/blog.erm.ee\/wp-content\/uploads\/2015\/06\/080650_ERM_Fk_2644_9796-673x1024.jpg 673w, https:\/\/blog.erm.ee\/wp-content\/uploads\/2015\/06\/080650_ERM_Fk_2644_9796-171x260.jpg 171w, https:\/\/blog.erm.ee\/wp-content\/uploads\/2015\/06\/080650_ERM_Fk_2644_9796-197x300.jpg 197w, https:\/\/blog.erm.ee\/wp-content\/uploads\/2015\/06\/080650_ERM_Fk_2644_9796.jpg 789w\" sizes=\"auto, (max-width: 673px) 100vw, 673px\" \/><\/a><em>Lapsed Mustam\u00e4el m\u00e4ngimas. Foto Viktor Salmre 1975. ERM Fk 2644:9796<\/em><\/p>\n<p><em>Poiste ainuke kohustus oli natuke peenraid rohida, aga sellest polnud midagi hullu, sest t\u00f6\u00f6d oli \u00fcsna v\u00e4he ja rohimise eest said nad peaaegu alati midagi preemiaks. Vahel kommi, vahel limpsi, vahel n\u00e4tsu. Ville leidis, et nii on lausa l\u00f5bus t\u00f6\u00f6d teha. <\/em>(K. Vainola \u201eVille\u201c, 2006)<\/p>\n<p><a href=\"https:\/\/blog.erm.ee\/wp-content\/uploads\/2015\/06\/099034_ERM_Fk_1284_127.jpg\"><img loading=\"lazy\" decoding=\"async\" data-attachment-id=\"6480\" data-permalink=\"https:\/\/blog.erm.ee\/?attachment_id=6480#main\" data-orig-file=\"https:\/\/blog.erm.ee\/wp-content\/uploads\/2015\/06\/099034_ERM_Fk_1284_127.jpg\" data-orig-size=\"1200,803\" data-comments-opened=\"1\" data-image-meta=\"{&quot;aperture&quot;:&quot;0&quot;,&quot;credit&quot;:&quot;&quot;,&quot;camera&quot;:&quot;&quot;,&quot;caption&quot;:&quot;&quot;,&quot;created_timestamp&quot;:&quot;0&quot;,&quot;copyright&quot;:&quot;&quot;,&quot;focal_length&quot;:&quot;0&quot;,&quot;iso&quot;:&quot;0&quot;,&quot;shutter_speed&quot;:&quot;0&quot;,&quot;title&quot;:&quot;&quot;,&quot;orientation&quot;:&quot;0&quot;}\" data-image-title=\"099034_ERM_Fk_1284_127\" data-image-description=\"\" data-image-caption=\"\" data-large-file=\"https:\/\/blog.erm.ee\/wp-content\/uploads\/2015\/06\/099034_ERM_Fk_1284_127-1024x685.jpg\" class=\"alignnone size-large wp-image-6480\" src=\"https:\/\/blog.erm.ee\/wp-content\/uploads\/2015\/06\/099034_ERM_Fk_1284_127-1024x685.jpg\" alt=\"099034_ERM_Fk_1284_127\" width=\"700\" height=\"468\" srcset=\"https:\/\/blog.erm.ee\/wp-content\/uploads\/2015\/06\/099034_ERM_Fk_1284_127-1024x685.jpg 1024w, https:\/\/blog.erm.ee\/wp-content\/uploads\/2015\/06\/099034_ERM_Fk_1284_127-389x260.jpg 389w, https:\/\/blog.erm.ee\/wp-content\/uploads\/2015\/06\/099034_ERM_Fk_1284_127-300x201.jpg 300w, https:\/\/blog.erm.ee\/wp-content\/uploads\/2015\/06\/099034_ERM_Fk_1284_127.jpg 1200w\" sizes=\"auto, (max-width: 700px) 100vw, 700px\" \/><\/a><em>Lapsed kitkuvad taimeaias rohtu. Hageri khk Rabivere k. Foto Grigori Kaljuvee 1960. ERM Fk 1284:127<\/em><\/p>\n<p><em>J\u00e4rgmisel p\u00e4eval viidigi lapsed maale. Seal oli muidu p\u00e4ris tore, ainult korda polnud sugugi. \u201eTe v\u00f5ite kas v\u00f5i p\u00e4ev otsa aias ringi joosta,\u201c r\u00e4\u00e4kis vanaema. \u201eJa kui k\u00f5ht vahepeal t\u00fchjaks l\u00e4heb, v\u00f5tke sahvrist k\u00fclmi pannkooke ja moosi.\u201c \u201eAga mis kell meil laulutund on?\u201c k\u00fcsis Sass. \u201eOi, laps, mis laulutund?\u201c imestas vanaema. \u201eLaula millal tahad! Kogu aeg v\u00f5i laulda.\u201c \u201eAga mis p\u00e4eval on joonistamistund?\u201c uuris Sigrid. \u201eKas v\u00f5i iga p\u00e4ev. V\u00f5ta toast pliiats ja sirgelda nii palju kui tahad!\u201c <\/em>(A. Kivir\u00e4hk \u201eKaka ja kevad\u201c, 2009)<\/p>\n<p><a href=\"https:\/\/blog.erm.ee\/wp-content\/uploads\/2015\/06\/318187_ERM_Fk_2120_10.jpg\"><img loading=\"lazy\" decoding=\"async\" data-attachment-id=\"6481\" data-permalink=\"https:\/\/blog.erm.ee\/?attachment_id=6481#main\" data-orig-file=\"https:\/\/blog.erm.ee\/wp-content\/uploads\/2015\/06\/318187_ERM_Fk_2120_10.jpg\" data-orig-size=\"1200,796\" data-comments-opened=\"1\" data-image-meta=\"{&quot;aperture&quot;:&quot;0&quot;,&quot;credit&quot;:&quot;&quot;,&quot;camera&quot;:&quot;&quot;,&quot;caption&quot;:&quot;&quot;,&quot;created_timestamp&quot;:&quot;0&quot;,&quot;copyright&quot;:&quot;&quot;,&quot;focal_length&quot;:&quot;0&quot;,&quot;iso&quot;:&quot;0&quot;,&quot;shutter_speed&quot;:&quot;0&quot;,&quot;title&quot;:&quot;&quot;,&quot;orientation&quot;:&quot;0&quot;}\" data-image-title=\"318187_ERM_Fk_2120_10\" data-image-description=\"\" data-image-caption=\"\" data-large-file=\"https:\/\/blog.erm.ee\/wp-content\/uploads\/2015\/06\/318187_ERM_Fk_2120_10-1024x679.jpg\" class=\"alignnone size-large wp-image-6481\" src=\"https:\/\/blog.erm.ee\/wp-content\/uploads\/2015\/06\/318187_ERM_Fk_2120_10-1024x679.jpg\" alt=\"318187_ERM_Fk_2120_10\" width=\"700\" height=\"464\" srcset=\"https:\/\/blog.erm.ee\/wp-content\/uploads\/2015\/06\/318187_ERM_Fk_2120_10-1024x679.jpg 1024w, https:\/\/blog.erm.ee\/wp-content\/uploads\/2015\/06\/318187_ERM_Fk_2120_10-392x260.jpg 392w, https:\/\/blog.erm.ee\/wp-content\/uploads\/2015\/06\/318187_ERM_Fk_2120_10-300x199.jpg 300w, https:\/\/blog.erm.ee\/wp-content\/uploads\/2015\/06\/318187_ERM_Fk_2120_10.jpg 1200w\" sizes=\"auto, (max-width: 700px) 100vw, 700px\" \/><\/a><em>Lapsed m\u00e4ngimas. Karjala ANSV. Foto Uuno Ojala 1985. ERM Fk 2120:10<\/em><\/p>\n<p><em>\u201eOskad sa ujuda?\u201c k\u00fcsis Kingpool Muhvilt. \u201eEi tea,\u201c \u00fctles Muhv pisut h\u00e4belikult. \u201eMul pole seda kunagi juhust olnud j\u00e4rele proovida. Millegip\u00e4rast on mulle alati tundunud, et muhv pole just eriti sobiv ujumiskost\u00fc\u00fcm ja et ma v\u00f5iksin oma muhviga teiste ujujate hulgas ebasoovitavat t\u00e4helepanu \u00e4ratada.\u201c <\/em>(E. Raud \u201eNaksitrallid\u201c, 1984)<\/p>\n<p><a href=\"https:\/\/blog.erm.ee\/wp-content\/uploads\/2015\/06\/087813_ERM_Fk_2644_16959.jpg\"><img loading=\"lazy\" decoding=\"async\" data-attachment-id=\"6482\" data-permalink=\"https:\/\/blog.erm.ee\/?attachment_id=6482#main\" data-orig-file=\"https:\/\/blog.erm.ee\/wp-content\/uploads\/2015\/06\/087813_ERM_Fk_2644_16959.jpg\" data-orig-size=\"1197,1200\" data-comments-opened=\"1\" data-image-meta=\"{&quot;aperture&quot;:&quot;0&quot;,&quot;credit&quot;:&quot;&quot;,&quot;camera&quot;:&quot;&quot;,&quot;caption&quot;:&quot;&quot;,&quot;created_timestamp&quot;:&quot;0&quot;,&quot;copyright&quot;:&quot;&quot;,&quot;focal_length&quot;:&quot;0&quot;,&quot;iso&quot;:&quot;0&quot;,&quot;shutter_speed&quot;:&quot;0&quot;,&quot;title&quot;:&quot;&quot;,&quot;orientation&quot;:&quot;0&quot;}\" data-image-title=\"087813_ERM_Fk_2644_16959\" data-image-description=\"\" data-image-caption=\"\" data-large-file=\"https:\/\/blog.erm.ee\/wp-content\/uploads\/2015\/06\/087813_ERM_Fk_2644_16959-1021x1024.jpg\" class=\"alignnone size-large wp-image-6482\" src=\"https:\/\/blog.erm.ee\/wp-content\/uploads\/2015\/06\/087813_ERM_Fk_2644_16959-1021x1024.jpg\" alt=\"087813_ERM_Fk_2644_16959\" width=\"700\" height=\"702\" srcset=\"https:\/\/blog.erm.ee\/wp-content\/uploads\/2015\/06\/087813_ERM_Fk_2644_16959-1021x1024.jpg 1021w, https:\/\/blog.erm.ee\/wp-content\/uploads\/2015\/06\/087813_ERM_Fk_2644_16959-259x260.jpg 259w, https:\/\/blog.erm.ee\/wp-content\/uploads\/2015\/06\/087813_ERM_Fk_2644_16959-300x300.jpg 300w, https:\/\/blog.erm.ee\/wp-content\/uploads\/2015\/06\/087813_ERM_Fk_2644_16959-50x50.jpg 50w, https:\/\/blog.erm.ee\/wp-content\/uploads\/2015\/06\/087813_ERM_Fk_2644_16959.jpg 1197w\" sizes=\"auto, (max-width: 700px) 100vw, 700px\" \/><\/a><\/p>\n<p><em>Kurtna pioneerilaagris. Foto Viktor Salmre 1967. ERM Fk 2644:16959<\/em><\/p>\n<p><em>Ekraanile ilmus kohe kiri: \u201ePalun moosi!\u201c Linda l\u00e4ks k\u00f6\u00f6ki ja t\u00f5i kapist moosipurgi ja lusika. Linda oli ometi ise ka maias ja maiasmokad peavad kokku hoidma ning teineteist aitama. Arvuti peab moosi saama, olgu mis on. Ta torkas lusika purki. Arvuti seest lipsas v\u00e4lja tilluke roosa keel. Linda tilgutas moosi sinna peale ja keel kadus tagasi arvutisse. \u201eAit\u00e4h! See oli jube hea!\u201c ilmus kiri ekraanile. <\/em>(A. Kivir\u00e4hk \u201eKarneval ja kartulisalat\u201c, 2015)<\/p>\n<p><a href=\"https:\/\/blog.erm.ee\/wp-content\/uploads\/2015\/06\/307677_ERM_Fk_2941_88.jpg\"><img loading=\"lazy\" decoding=\"async\" data-attachment-id=\"6483\" data-permalink=\"https:\/\/blog.erm.ee\/?attachment_id=6483#main\" data-orig-file=\"https:\/\/blog.erm.ee\/wp-content\/uploads\/2015\/06\/307677_ERM_Fk_2941_88.jpg\" data-orig-size=\"1200,803\" data-comments-opened=\"1\" data-image-meta=\"{&quot;aperture&quot;:&quot;0&quot;,&quot;credit&quot;:&quot;&quot;,&quot;camera&quot;:&quot;&quot;,&quot;caption&quot;:&quot;&quot;,&quot;created_timestamp&quot;:&quot;0&quot;,&quot;copyright&quot;:&quot;&quot;,&quot;focal_length&quot;:&quot;0&quot;,&quot;iso&quot;:&quot;0&quot;,&quot;shutter_speed&quot;:&quot;0&quot;,&quot;title&quot;:&quot;&quot;,&quot;orientation&quot;:&quot;0&quot;}\" data-image-title=\"307677_ERM_Fk_2941_88\" data-image-description=\"\" data-image-caption=\"\" data-large-file=\"https:\/\/blog.erm.ee\/wp-content\/uploads\/2015\/06\/307677_ERM_Fk_2941_88-1024x685.jpg\" class=\"alignnone size-large wp-image-6483\" src=\"https:\/\/blog.erm.ee\/wp-content\/uploads\/2015\/06\/307677_ERM_Fk_2941_88-1024x685.jpg\" alt=\"307677_ERM_Fk_2941_88\" width=\"700\" height=\"468\" srcset=\"https:\/\/blog.erm.ee\/wp-content\/uploads\/2015\/06\/307677_ERM_Fk_2941_88-1024x685.jpg 1024w, https:\/\/blog.erm.ee\/wp-content\/uploads\/2015\/06\/307677_ERM_Fk_2941_88-389x260.jpg 389w, https:\/\/blog.erm.ee\/wp-content\/uploads\/2015\/06\/307677_ERM_Fk_2941_88-300x201.jpg 300w, https:\/\/blog.erm.ee\/wp-content\/uploads\/2015\/06\/307677_ERM_Fk_2941_88.jpg 1200w\" sizes=\"auto, (max-width: 700px) 100vw, 700px\" \/><\/a><em>Lapsed arvuti taga. M\u00e4etaguse v Rajak\u00fcla t. Foto Ehti J\u00e4rv 2010. ERM Fk 2941:88<\/em><\/p>\n<p><em>Mul on kasvuperiood ja ma ei v\u00f5i oma j\u00f5uvarusid pillata mingi t\u00fchja s\u00f6rkjooksu peale. <\/em>(A. Kass \u201ePahupidi puhkus\u201c, 2006)<\/p>\n<p><a href=\"https:\/\/blog.erm.ee\/wp-content\/uploads\/2015\/06\/081222_ERM_Fk_2644_10368.jpg\"><img loading=\"lazy\" decoding=\"async\" data-attachment-id=\"6484\" data-permalink=\"https:\/\/blog.erm.ee\/?attachment_id=6484#main\" data-orig-file=\"https:\/\/blog.erm.ee\/wp-content\/uploads\/2015\/06\/081222_ERM_Fk_2644_10368.jpg\" data-orig-size=\"1200,792\" data-comments-opened=\"1\" data-image-meta=\"{&quot;aperture&quot;:&quot;0&quot;,&quot;credit&quot;:&quot;&quot;,&quot;camera&quot;:&quot;&quot;,&quot;caption&quot;:&quot;&quot;,&quot;created_timestamp&quot;:&quot;0&quot;,&quot;copyright&quot;:&quot;&quot;,&quot;focal_length&quot;:&quot;0&quot;,&quot;iso&quot;:&quot;0&quot;,&quot;shutter_speed&quot;:&quot;0&quot;,&quot;title&quot;:&quot;&quot;,&quot;orientation&quot;:&quot;0&quot;}\" data-image-title=\"081222_ERM_Fk_2644_10368\" data-image-description=\"\" data-image-caption=\"\" data-large-file=\"https:\/\/blog.erm.ee\/wp-content\/uploads\/2015\/06\/081222_ERM_Fk_2644_10368-1024x676.jpg\" class=\"alignnone size-large wp-image-6484\" src=\"https:\/\/blog.erm.ee\/wp-content\/uploads\/2015\/06\/081222_ERM_Fk_2644_10368-1024x676.jpg\" alt=\"081222_ERM_Fk_2644_10368\" width=\"700\" height=\"462\" srcset=\"https:\/\/blog.erm.ee\/wp-content\/uploads\/2015\/06\/081222_ERM_Fk_2644_10368-1024x676.jpg 1024w, https:\/\/blog.erm.ee\/wp-content\/uploads\/2015\/06\/081222_ERM_Fk_2644_10368-394x260.jpg 394w, https:\/\/blog.erm.ee\/wp-content\/uploads\/2015\/06\/081222_ERM_Fk_2644_10368-300x198.jpg 300w, https:\/\/blog.erm.ee\/wp-content\/uploads\/2015\/06\/081222_ERM_Fk_2644_10368.jpg 1200w\" sizes=\"auto, (max-width: 700px) 100vw, 700px\" \/><\/a><em>Poisid m\u00e4ngivad. Piirissaar. Foto Viktor Salmre 1975. ERM Fk 2644:10368<\/em><\/p>\n<p><em>M\u00f5nikord me m\u00e4ngime, et proua Bengtsson ja proua Larsson l\u00e4hevad t\u00fclli, ning siis \u00fctleb Anna. \u201eProua Larsson, v\u00f5tke oma pahad lapsed ja minge koju.\u201c Need on minu nukud, keda ta \u201epahadeks lasteks\u201c nimetab, ning siis \u00fctlen mina: \u201eMinu meelest on hoopis teie lapsed pahad, proua Bengtsson!\u201c Aga p\u00e4rast me lepime j\u00e4lle \u00e4ra ja l\u00e4heme m\u00e4ngult poodi, et osta siidi, sametit ja kompvekke.<\/em> (A. Lindgren \u201eBullerby lapsed\u201c, 2006)<\/p>\n<p><a href=\"https:\/\/blog.erm.ee\/wp-content\/uploads\/2015\/06\/307734_ERM_Fk_2941_145.jpg\"><img loading=\"lazy\" decoding=\"async\" data-attachment-id=\"6485\" data-permalink=\"https:\/\/blog.erm.ee\/?attachment_id=6485#main\" data-orig-file=\"https:\/\/blog.erm.ee\/wp-content\/uploads\/2015\/06\/307734_ERM_Fk_2941_145.jpg\" data-orig-size=\"797,1200\" data-comments-opened=\"1\" data-image-meta=\"{&quot;aperture&quot;:&quot;0&quot;,&quot;credit&quot;:&quot;&quot;,&quot;camera&quot;:&quot;&quot;,&quot;caption&quot;:&quot;&quot;,&quot;created_timestamp&quot;:&quot;0&quot;,&quot;copyright&quot;:&quot;&quot;,&quot;focal_length&quot;:&quot;0&quot;,&quot;iso&quot;:&quot;0&quot;,&quot;shutter_speed&quot;:&quot;0&quot;,&quot;title&quot;:&quot;&quot;,&quot;orientation&quot;:&quot;0&quot;}\" data-image-title=\"307734_ERM_Fk_2941_145\" data-image-description=\"\" data-image-caption=\"\" data-large-file=\"https:\/\/blog.erm.ee\/wp-content\/uploads\/2015\/06\/307734_ERM_Fk_2941_145-680x1024.jpg\" class=\"alignnone size-large wp-image-6485\" src=\"https:\/\/blog.erm.ee\/wp-content\/uploads\/2015\/06\/307734_ERM_Fk_2941_145-680x1024.jpg\" alt=\"307734_ERM_Fk_2941_145\" width=\"680\" height=\"1024\" srcset=\"https:\/\/blog.erm.ee\/wp-content\/uploads\/2015\/06\/307734_ERM_Fk_2941_145-680x1024.jpg 680w, https:\/\/blog.erm.ee\/wp-content\/uploads\/2015\/06\/307734_ERM_Fk_2941_145-173x260.jpg 173w, https:\/\/blog.erm.ee\/wp-content\/uploads\/2015\/06\/307734_ERM_Fk_2941_145-199x300.jpg 199w, https:\/\/blog.erm.ee\/wp-content\/uploads\/2015\/06\/307734_ERM_Fk_2941_145.jpg 797w\" sizes=\"auto, (max-width: 680px) 100vw, 680px\" \/><\/a><em>M\u00e4ngivad lapsed M\u00e4etagusel. Foto Ehti J\u00e4rv 2010. ERM Fk 2941:145<\/em><\/p>\n<p><em>\u201eK\u00e4ib m\u00f6\u00f6da linna ja loeb raamatut,\u201c kuulutas Sasha. \u201eKas sa Moskvas ka l\u00e4hed, nina raamatus, \u00fcle t\u00e4nava?\u201c \u201eMis te n\u00fc\u00fcd? Moskvas ma loen ainult metroos ja trollis. Aga t\u00e4naval ei tohi \u2013 seal on ju valgusfoorid.\u201c <\/em>(A. Aleksin \u201eSeeva Kotlovi ebatavalised juhtumused\u201c, 1966)<\/p>\n<p><a href=\"https:\/\/blog.erm.ee\/wp-content\/uploads\/2015\/06\/350739_ERM_Fk_2981_6.jpg\"><img loading=\"lazy\" decoding=\"async\" data-attachment-id=\"6486\" data-permalink=\"https:\/\/blog.erm.ee\/?attachment_id=6486#main\" data-orig-file=\"https:\/\/blog.erm.ee\/wp-content\/uploads\/2015\/06\/350739_ERM_Fk_2981_6.jpg\" data-orig-size=\"1200,801\" data-comments-opened=\"1\" data-image-meta=\"{&quot;aperture&quot;:&quot;0&quot;,&quot;credit&quot;:&quot;&quot;,&quot;camera&quot;:&quot;&quot;,&quot;caption&quot;:&quot;&quot;,&quot;created_timestamp&quot;:&quot;0&quot;,&quot;copyright&quot;:&quot;&quot;,&quot;focal_length&quot;:&quot;0&quot;,&quot;iso&quot;:&quot;0&quot;,&quot;shutter_speed&quot;:&quot;0&quot;,&quot;title&quot;:&quot;&quot;,&quot;orientation&quot;:&quot;0&quot;}\" data-image-title=\"350739_ERM_Fk_2981_6\" data-image-description=\"\" data-image-caption=\"\" data-large-file=\"https:\/\/blog.erm.ee\/wp-content\/uploads\/2015\/06\/350739_ERM_Fk_2981_6-1024x684.jpg\" class=\"alignnone size-large wp-image-6486\" src=\"https:\/\/blog.erm.ee\/wp-content\/uploads\/2015\/06\/350739_ERM_Fk_2981_6-1024x684.jpg\" alt=\"350739_ERM_Fk_2981_6\" width=\"700\" height=\"468\" srcset=\"https:\/\/blog.erm.ee\/wp-content\/uploads\/2015\/06\/350739_ERM_Fk_2981_6-1024x684.jpg 1024w, https:\/\/blog.erm.ee\/wp-content\/uploads\/2015\/06\/350739_ERM_Fk_2981_6-390x260.jpg 390w, https:\/\/blog.erm.ee\/wp-content\/uploads\/2015\/06\/350739_ERM_Fk_2981_6-300x200.jpg 300w, https:\/\/blog.erm.ee\/wp-content\/uploads\/2015\/06\/350739_ERM_Fk_2981_6.jpg 1200w\" sizes=\"auto, (max-width: 700px) 100vw, 700px\" \/><\/a><em>Laps raamatut lugemas. Prima Vista Tartu. Foto Nele Tammeaid 2013. ERM Fk 2981:6<\/em><\/p>\n<p><em>Poisid olid kaevanud endale heinte sisse pikad k\u00e4igud, aga need k\u00f5ik seisid kaardil. Kui poed niisugusesse k\u00e4iku ja su \u00fcmber on pime ning kohutavalt paksult heinu, siis tuled vahetevahel iseendast niisuguse m\u00f5tte peale: mis siis saab, kui ma siit enam v\u00e4lja ei p\u00e4\u00e4se? See on \u00f5udne ja kohutavalt p\u00f5nev. Aga v\u00e4lja p\u00e4\u00e4seb alati. <\/em>(A. Lindgren \u201eBullerby lapsed\u201c, 2006)<\/p>\n<p><a href=\"https:\/\/blog.erm.ee\/wp-content\/uploads\/2015\/06\/343671_ERM_Fk_2971_3399.jpg\"><img loading=\"lazy\" decoding=\"async\" data-attachment-id=\"6487\" data-permalink=\"https:\/\/blog.erm.ee\/?attachment_id=6487#main\" data-orig-file=\"https:\/\/blog.erm.ee\/wp-content\/uploads\/2015\/06\/343671_ERM_Fk_2971_3399.jpg\" data-orig-size=\"1200,795\" data-comments-opened=\"1\" data-image-meta=\"{&quot;aperture&quot;:&quot;0&quot;,&quot;credit&quot;:&quot;&quot;,&quot;camera&quot;:&quot;&quot;,&quot;caption&quot;:&quot;&quot;,&quot;created_timestamp&quot;:&quot;0&quot;,&quot;copyright&quot;:&quot;&quot;,&quot;focal_length&quot;:&quot;0&quot;,&quot;iso&quot;:&quot;0&quot;,&quot;shutter_speed&quot;:&quot;0&quot;,&quot;title&quot;:&quot;&quot;,&quot;orientation&quot;:&quot;0&quot;}\" data-image-title=\"343671_ERM_Fk_2971_3399\" data-image-description=\"\" data-image-caption=\"\" data-large-file=\"https:\/\/blog.erm.ee\/wp-content\/uploads\/2015\/06\/343671_ERM_Fk_2971_3399-1024x678.jpg\" class=\"alignnone size-large wp-image-6487\" src=\"https:\/\/blog.erm.ee\/wp-content\/uploads\/2015\/06\/343671_ERM_Fk_2971_3399-1024x678.jpg\" alt=\"343671_ERM_Fk_2971_3399\" width=\"700\" height=\"463\" srcset=\"https:\/\/blog.erm.ee\/wp-content\/uploads\/2015\/06\/343671_ERM_Fk_2971_3399-1024x678.jpg 1024w, https:\/\/blog.erm.ee\/wp-content\/uploads\/2015\/06\/343671_ERM_Fk_2971_3399-392x260.jpg 392w, https:\/\/blog.erm.ee\/wp-content\/uploads\/2015\/06\/343671_ERM_Fk_2971_3399-300x199.jpg 300w, https:\/\/blog.erm.ee\/wp-content\/uploads\/2015\/06\/343671_ERM_Fk_2971_3399.jpg 1200w\" sizes=\"auto, (max-width: 700px) 100vw, 700px\" \/><\/a><em>Lapsed Kalina k\u00fclas heinamaal onni ehitamas. Foto Jaak Eelmets 1985\u20131990. ERM Fk 2971:3399<\/em><\/p>\n<p><em>\u201eAga sa pista uss korraks suhu ja siis vaata, kuidas n\u00e4kkab!\u201c n\u00e4itas Villu oma teadmisi kalap\u00fc\u00fcgist.<br \/>\n\u201eLoll oled v\u00f5i?!\u201c h\u00fc\u00fcdis Jan, ise s\u00f5bra soovituse \u00fcle naerdes, kuid n\u00f5uande paikapidavuses ka m\u00f5nev\u00f5rra kaheldes. \u201eSa vist k\u00e4id isaga liiga palju kalal, et sellist juttu ajad. Purjus mehed teevad nii,\u201c lisas ta targalt, sest teadis, et mehed tulid alati kalalt, viinahaisud k\u00fcljes. <\/em>(I. Soopan \u201eK\u00f5ik poisid ei saa suureks\u201c, 2010)<em><br \/>\n<\/em><em><br \/>\n<\/em><\/p>\n<p><a href=\"https:\/\/blog.erm.ee\/wp-content\/uploads\/2015\/06\/081576_ERM_Fk_2644_10722.jpg\"><img loading=\"lazy\" decoding=\"async\" data-attachment-id=\"6488\" data-permalink=\"https:\/\/blog.erm.ee\/?attachment_id=6488#main\" data-orig-file=\"https:\/\/blog.erm.ee\/wp-content\/uploads\/2015\/06\/081576_ERM_Fk_2644_10722.jpg\" data-orig-size=\"1200,779\" data-comments-opened=\"1\" data-image-meta=\"{&quot;aperture&quot;:&quot;0&quot;,&quot;credit&quot;:&quot;&quot;,&quot;camera&quot;:&quot;&quot;,&quot;caption&quot;:&quot;&quot;,&quot;created_timestamp&quot;:&quot;0&quot;,&quot;copyright&quot;:&quot;&quot;,&quot;focal_length&quot;:&quot;0&quot;,&quot;iso&quot;:&quot;0&quot;,&quot;shutter_speed&quot;:&quot;0&quot;,&quot;title&quot;:&quot;&quot;,&quot;orientation&quot;:&quot;0&quot;}\" data-image-title=\"081576_ERM_Fk_2644_10722\" data-image-description=\"\" data-image-caption=\"\" data-large-file=\"https:\/\/blog.erm.ee\/wp-content\/uploads\/2015\/06\/081576_ERM_Fk_2644_10722-1024x665.jpg\" class=\"alignnone size-large wp-image-6488\" src=\"https:\/\/blog.erm.ee\/wp-content\/uploads\/2015\/06\/081576_ERM_Fk_2644_10722-1024x665.jpg\" alt=\"081576_ERM_Fk_2644_10722\" width=\"700\" height=\"455\" srcset=\"https:\/\/blog.erm.ee\/wp-content\/uploads\/2015\/06\/081576_ERM_Fk_2644_10722-1024x665.jpg 1024w, https:\/\/blog.erm.ee\/wp-content\/uploads\/2015\/06\/081576_ERM_Fk_2644_10722-401x260.jpg 401w, https:\/\/blog.erm.ee\/wp-content\/uploads\/2015\/06\/081576_ERM_Fk_2644_10722-300x195.jpg 300w, https:\/\/blog.erm.ee\/wp-content\/uploads\/2015\/06\/081576_ERM_Fk_2644_10722.jpg 1200w\" sizes=\"auto, (max-width: 700px) 100vw, 700px\" \/><\/a><em>Poisid kala p\u00fc\u00fcdmas. Saaremaa. Foto Viktor Salmre 1974. ERM Fk 2644:10722.<\/em><\/p>\n<p><em>Sellest on juba palju pahandust tulnud, et m\u00f5nel on ilusad silmad. Aga niisugusest t\u00fclist, mis Julika silmade p\u00e4rast tekkis, pole, ma kinnitan, ka k\u00f5ige vanemad inimesed kuulnud. \/&#8212;\/ Kurekell kriiskas, et Julika silmad on oma v\u00e4rvi hoopis temalt laenanud. Kannike hoidis naeru p\u00e4rast k\u00f5htu kinni. \u201eV\u00f5i teie arvate, et \u2026 hehee \u2026 Aga mina?\u201c Selle peale s\u00f5imas Siniliilia Kannikest lillaks. \u201eSa ei ole sinine, vaid lilla,\u201c \u00fctles ta vihaselt. \u201eKui mina olen lilla, siis on ka Julika silmad lillad. V\u00f5tke teatavaks!\u201c karjus Kannike. Selle peale kihvatas ka Rukkilill. \u201eMille \u00fcle te vaidlete?! Te vaadake mind!\u201c<\/em> (E. L\u00e1zar \u201eSeitsmep\u00e4ine haldjas\u201c, 1984)<\/p>\n<p><a href=\"https:\/\/blog.erm.ee\/wp-content\/uploads\/2015\/06\/325184_ERM_Fk_2950_132.jpg\"><img loading=\"lazy\" decoding=\"async\" data-attachment-id=\"6489\" data-permalink=\"https:\/\/blog.erm.ee\/?attachment_id=6489#main\" data-orig-file=\"https:\/\/blog.erm.ee\/wp-content\/uploads\/2015\/06\/325184_ERM_Fk_2950_132.jpg\" data-orig-size=\"1200,900\" data-comments-opened=\"1\" data-image-meta=\"{&quot;aperture&quot;:&quot;0&quot;,&quot;credit&quot;:&quot;&quot;,&quot;camera&quot;:&quot;&quot;,&quot;caption&quot;:&quot;&quot;,&quot;created_timestamp&quot;:&quot;0&quot;,&quot;copyright&quot;:&quot;&quot;,&quot;focal_length&quot;:&quot;0&quot;,&quot;iso&quot;:&quot;0&quot;,&quot;shutter_speed&quot;:&quot;0&quot;,&quot;title&quot;:&quot;&quot;,&quot;orientation&quot;:&quot;0&quot;}\" data-image-title=\"325184_ERM_Fk_2950_132\" data-image-description=\"\" data-image-caption=\"\" data-large-file=\"https:\/\/blog.erm.ee\/wp-content\/uploads\/2015\/06\/325184_ERM_Fk_2950_132-1024x768.jpg\" class=\"alignnone size-large wp-image-6489\" src=\"https:\/\/blog.erm.ee\/wp-content\/uploads\/2015\/06\/325184_ERM_Fk_2950_132-1024x768.jpg\" alt=\"325184_ERM_Fk_2950_132\" width=\"700\" height=\"525\" srcset=\"https:\/\/blog.erm.ee\/wp-content\/uploads\/2015\/06\/325184_ERM_Fk_2950_132-1024x768.jpg 1024w, https:\/\/blog.erm.ee\/wp-content\/uploads\/2015\/06\/325184_ERM_Fk_2950_132-347x260.jpg 347w, https:\/\/blog.erm.ee\/wp-content\/uploads\/2015\/06\/325184_ERM_Fk_2950_132-300x225.jpg 300w, https:\/\/blog.erm.ee\/wp-content\/uploads\/2015\/06\/325184_ERM_Fk_2950_132.jpg 1200w\" sizes=\"auto, (max-width: 700px) 100vw, 700px\" \/><\/a><em>Merem\u00e4e vaatetorni juures. Foto Eva-Kaia Vabam\u00e4e 2012. ERM Fk 2950:132<\/em><\/p>\n<p><em>Eero Tosman oli kevadel oma horoskoobist lugenud, et peaks tulema p\u00f5nev ja romantikast tulvil suvi. Ta oli arvanud, et parem v\u00f5taks p\u00f5neva ja rahaka suve. Aga mida suudab inimene saatuse vastu, mis viis ta m\u00f6\u00f6dap\u00e4\u00e4smatult ujumiskooli kandidaadi eksameile, kus muuseas viienda klassi Virpi, kel olid v\u00e4lkuvad \u00f5gvendusklambrid suus, leekpunased juuksed ja v\u00f5luv, kajakamuna meenutav n\u00e4olapp, ujus vapustavalt koera. <\/em>(T. Kallioniemi \u201eTuomas Tosmani must minevik\u201c, 2001)<\/p>\n<p><a href=\"https:\/\/blog.erm.ee\/wp-content\/uploads\/2015\/06\/080718_ERM_Fk_2644_9864.jpg\"><img loading=\"lazy\" decoding=\"async\" data-attachment-id=\"6490\" data-permalink=\"https:\/\/blog.erm.ee\/?attachment_id=6490#main\" data-orig-file=\"https:\/\/blog.erm.ee\/wp-content\/uploads\/2015\/06\/080718_ERM_Fk_2644_9864.jpg\" data-orig-size=\"1200,792\" data-comments-opened=\"1\" data-image-meta=\"{&quot;aperture&quot;:&quot;0&quot;,&quot;credit&quot;:&quot;&quot;,&quot;camera&quot;:&quot;&quot;,&quot;caption&quot;:&quot;&quot;,&quot;created_timestamp&quot;:&quot;0&quot;,&quot;copyright&quot;:&quot;&quot;,&quot;focal_length&quot;:&quot;0&quot;,&quot;iso&quot;:&quot;0&quot;,&quot;shutter_speed&quot;:&quot;0&quot;,&quot;title&quot;:&quot;&quot;,&quot;orientation&quot;:&quot;0&quot;}\" data-image-title=\"080718_ERM_Fk_2644_9864\" data-image-description=\"\" data-image-caption=\"\" data-large-file=\"https:\/\/blog.erm.ee\/wp-content\/uploads\/2015\/06\/080718_ERM_Fk_2644_9864-1024x676.jpg\" class=\"alignnone size-large wp-image-6490\" src=\"https:\/\/blog.erm.ee\/wp-content\/uploads\/2015\/06\/080718_ERM_Fk_2644_9864-1024x676.jpg\" alt=\"080718_ERM_Fk_2644_9864\" width=\"700\" height=\"462\" srcset=\"https:\/\/blog.erm.ee\/wp-content\/uploads\/2015\/06\/080718_ERM_Fk_2644_9864-1024x676.jpg 1024w, https:\/\/blog.erm.ee\/wp-content\/uploads\/2015\/06\/080718_ERM_Fk_2644_9864-394x260.jpg 394w, https:\/\/blog.erm.ee\/wp-content\/uploads\/2015\/06\/080718_ERM_Fk_2644_9864-300x198.jpg 300w, https:\/\/blog.erm.ee\/wp-content\/uploads\/2015\/06\/080718_ERM_Fk_2644_9864.jpg 1200w\" sizes=\"auto, (max-width: 700px) 100vw, 700px\" \/><\/a><em>Kauksi rannas. Foto Viktor Salmre 1975. ERM Fk 2644:9864<\/em><\/p>\n<p>&nbsp;<\/p>\n<div class=\"fcbkbttn_buttons_block\" id=\"fcbkbttn_left\"><div class=\"fcbkbttn_like \"><fb:like href=\"https:\/\/blog.erm.ee\/?p=6476\" action=\"like\" colorscheme=\"light\" layout=\"standard\"  width=\"225px\" size=\"small\"><\/fb:like><\/div><div class=\"fb-share-button  \" data-href=\"https:\/\/blog.erm.ee\/?p=6476\" data-type=\"button\" data-size=\"small\"><\/div><\/div>","protected":false},"excerpt":{"rendered":"<p>Siret Saar, koguhoidja M\u00f5istlikud inimesed hakkavad varakult suvevaheaega ootama \u2013 mina olen alati m\u00f5istlik olnud ning hakkasin seda tavaliselt ootama juba p\u00e4rast j\u00f5ule. N\u00fc\u00fcd ongi j\u00e4lle j\u00f5ulud m\u00f6\u00f6das ja enamik koolilapsi priid. L\u00f5busat suve! Suvi on vahva. K\u00f5ik muutub otsekohe toredaks sellest ajast peale, kui kool l\u00f5peb. (A. Lindgren \u201eBullerby lapsed\u201c, 2006) Lapsed Mustam\u00e4el m\u00e4ngimas.&hellip;<\/p>\n","protected":false},"author":1,"featured_media":6490,"comment_status":"open","ping_status":"open","sticky":false,"template":"","format":"standard","meta":{"_monsterinsights_skip_tracking":false,"_monsterinsights_sitenote_active":false,"_monsterinsights_sitenote_note":"","_monsterinsights_sitenote_category":0,"jetpack_post_was_ever_published":false,"_jetpack_newsletter_access":"","_jetpack_dont_email_post_to_subs":false,"_jetpack_newsletter_tier_id":0,"_jetpack_memberships_contains_paywalled_content":false,"_jetpack_memberships_contains_paid_content":false,"footnotes":""},"categories":[5],"tags":[],"class_list":["post-6476","post","type-post","status-publish","format-standard","has-post-thumbnail","hentry","category-museaal"],"yoast_head":"<!-- This site is optimized with the Yoast SEO plugin v27.5 - https:\/\/yoast.com\/product\/yoast-seo-wordpress\/ -->\n<title>Ja suvekuudel juunis-juulis, sai puhatud ja mindud pruuniks - Eesti Rahva Muuseumi ajaveeb<\/title>\n<meta name=\"robots\" content=\"index, follow, max-snippet:-1, max-image-preview:large, max-video-preview:-1\" \/>\n<link rel=\"canonical\" href=\"https:\/\/blog.erm.ee\/?p=6476\" \/>\n<meta property=\"og:locale\" content=\"et_EE\" \/>\n<meta property=\"og:type\" content=\"article\" \/>\n<meta property=\"og:title\" content=\"Ja suvekuudel juunis-juulis, sai puhatud ja mindud pruuniks - Eesti Rahva Muuseumi ajaveeb\" \/>\n<meta property=\"og:description\" content=\"Siret Saar, koguhoidja M\u00f5istlikud inimesed hakkavad varakult suvevaheaega ootama \u2013 mina olen alati m\u00f5istlik olnud ning hakkasin seda tavaliselt ootama juba p\u00e4rast j\u00f5ule. N\u00fc\u00fcd ongi j\u00e4lle j\u00f5ulud m\u00f6\u00f6das ja enamik koolilapsi priid. L\u00f5busat suve! Suvi on vahva. K\u00f5ik muutub otsekohe toredaks sellest ajast peale, kui kool l\u00f5peb. (A. Lindgren \u201eBullerby lapsed\u201c, 2006) Lapsed Mustam\u00e4el m\u00e4ngimas.&hellip;\" \/>\n<meta property=\"og:url\" content=\"https:\/\/blog.erm.ee\/?p=6476\" \/>\n<meta property=\"og:site_name\" content=\"Eesti Rahva Muuseumi ajaveeb\" \/>\n<meta property=\"article:published_time\" content=\"2015-06-02T08:40:49+00:00\" \/>\n<meta property=\"article:modified_time\" content=\"2015-06-17T06:29:37+00:00\" \/>\n<meta property=\"og:image\" content=\"https:\/\/blog.erm.ee\/wp-content\/uploads\/2015\/06\/080718_ERM_Fk_2644_9864.jpg\" \/>\n\t<meta property=\"og:image:width\" content=\"1200\" \/>\n\t<meta property=\"og:image:height\" content=\"792\" \/>\n\t<meta property=\"og:image:type\" content=\"image\/jpeg\" \/>\n<meta name=\"author\" content=\"Eesti Rahva Muuseum\" \/>\n<meta name=\"twitter:card\" content=\"summary_large_image\" \/>\n<meta name=\"twitter:label1\" content=\"Written by\" \/>\n\t<meta name=\"twitter:data1\" content=\"Eesti Rahva Muuseum\" \/>\n\t<meta name=\"twitter:label2\" content=\"Est. reading time\" \/>\n\t<meta name=\"twitter:data2\" content=\"5 minutit\" \/>\n<script type=\"application\/ld+json\" class=\"yoast-schema-graph\">{\"@context\":\"https:\\\/\\\/schema.org\",\"@graph\":[{\"@type\":\"Article\",\"@id\":\"https:\\\/\\\/blog.erm.ee\\\/?p=6476#article\",\"isPartOf\":{\"@id\":\"https:\\\/\\\/blog.erm.ee\\\/?p=6476\"},\"author\":{\"name\":\"Eesti Rahva Muuseum\",\"@id\":\"https:\\\/\\\/blog.erm.ee\\\/#\\\/schema\\\/person\\\/6e98c391cb00a33e7c22a3571e062114\"},\"headline\":\"Ja suvekuudel juunis-juulis, sai puhatud ja mindud pruuniks\",\"datePublished\":\"2015-06-02T08:40:49+00:00\",\"dateModified\":\"2015-06-17T06:29:37+00:00\",\"mainEntityOfPage\":{\"@id\":\"https:\\\/\\\/blog.erm.ee\\\/?p=6476\"},\"wordCount\":945,\"commentCount\":0,\"image\":{\"@id\":\"https:\\\/\\\/blog.erm.ee\\\/?p=6476#primaryimage\"},\"thumbnailUrl\":\"https:\\\/\\\/blog.erm.ee\\\/wp-content\\\/uploads\\\/2015\\\/06\\\/080718_ERM_Fk_2644_9864.jpg\",\"articleSection\":[\"Museaal\"],\"inLanguage\":\"et\",\"potentialAction\":[{\"@type\":\"CommentAction\",\"name\":\"Comment\",\"target\":[\"https:\\\/\\\/blog.erm.ee\\\/?p=6476#respond\"]}]},{\"@type\":\"WebPage\",\"@id\":\"https:\\\/\\\/blog.erm.ee\\\/?p=6476\",\"url\":\"https:\\\/\\\/blog.erm.ee\\\/?p=6476\",\"name\":\"Ja suvekuudel juunis-juulis, sai puhatud ja mindud pruuniks - Eesti Rahva Muuseumi ajaveeb\",\"isPartOf\":{\"@id\":\"https:\\\/\\\/blog.erm.ee\\\/#website\"},\"primaryImageOfPage\":{\"@id\":\"https:\\\/\\\/blog.erm.ee\\\/?p=6476#primaryimage\"},\"image\":{\"@id\":\"https:\\\/\\\/blog.erm.ee\\\/?p=6476#primaryimage\"},\"thumbnailUrl\":\"https:\\\/\\\/blog.erm.ee\\\/wp-content\\\/uploads\\\/2015\\\/06\\\/080718_ERM_Fk_2644_9864.jpg\",\"datePublished\":\"2015-06-02T08:40:49+00:00\",\"dateModified\":\"2015-06-17T06:29:37+00:00\",\"author\":{\"@id\":\"https:\\\/\\\/blog.erm.ee\\\/#\\\/schema\\\/person\\\/6e98c391cb00a33e7c22a3571e062114\"},\"breadcrumb\":{\"@id\":\"https:\\\/\\\/blog.erm.ee\\\/?p=6476#breadcrumb\"},\"inLanguage\":\"et\",\"potentialAction\":[{\"@type\":\"ReadAction\",\"target\":[\"https:\\\/\\\/blog.erm.ee\\\/?p=6476\"]}]},{\"@type\":\"ImageObject\",\"inLanguage\":\"et\",\"@id\":\"https:\\\/\\\/blog.erm.ee\\\/?p=6476#primaryimage\",\"url\":\"https:\\\/\\\/blog.erm.ee\\\/wp-content\\\/uploads\\\/2015\\\/06\\\/080718_ERM_Fk_2644_9864.jpg\",\"contentUrl\":\"https:\\\/\\\/blog.erm.ee\\\/wp-content\\\/uploads\\\/2015\\\/06\\\/080718_ERM_Fk_2644_9864.jpg\",\"width\":1200,\"height\":792},{\"@type\":\"BreadcrumbList\",\"@id\":\"https:\\\/\\\/blog.erm.ee\\\/?p=6476#breadcrumb\",\"itemListElement\":[{\"@type\":\"ListItem\",\"position\":1,\"name\":\"Home\",\"item\":\"https:\\\/\\\/blog.erm.ee\\\/\"},{\"@type\":\"ListItem\",\"position\":2,\"name\":\"Ja suvekuudel juunis-juulis, sai puhatud ja mindud pruuniks\"}]},{\"@type\":\"WebSite\",\"@id\":\"https:\\\/\\\/blog.erm.ee\\\/#website\",\"url\":\"https:\\\/\\\/blog.erm.ee\\\/\",\"name\":\"Eesti Rahva Muuseumi ajaveeb\",\"description\":\"\",\"potentialAction\":[{\"@type\":\"SearchAction\",\"target\":{\"@type\":\"EntryPoint\",\"urlTemplate\":\"https:\\\/\\\/blog.erm.ee\\\/?s={search_term_string}\"},\"query-input\":{\"@type\":\"PropertyValueSpecification\",\"valueRequired\":true,\"valueName\":\"search_term_string\"}}],\"inLanguage\":\"et\"},{\"@type\":\"Person\",\"@id\":\"https:\\\/\\\/blog.erm.ee\\\/#\\\/schema\\\/person\\\/6e98c391cb00a33e7c22a3571e062114\",\"name\":\"Eesti Rahva Muuseum\",\"image\":{\"@type\":\"ImageObject\",\"inLanguage\":\"et\",\"@id\":\"https:\\\/\\\/secure.gravatar.com\\\/avatar\\\/cb6d9ad5fb49f3f7315028ce5fe60641075f2cb52b8a058ff5a985fa2d8c1da0?s=96&d=mm&r=g\",\"url\":\"https:\\\/\\\/secure.gravatar.com\\\/avatar\\\/cb6d9ad5fb49f3f7315028ce5fe60641075f2cb52b8a058ff5a985fa2d8c1da0?s=96&d=mm&r=g\",\"contentUrl\":\"https:\\\/\\\/secure.gravatar.com\\\/avatar\\\/cb6d9ad5fb49f3f7315028ce5fe60641075f2cb52b8a058ff5a985fa2d8c1da0?s=96&d=mm&r=g\",\"caption\":\"Eesti Rahva Muuseum\"},\"sameAs\":[\"http:\\\/\\\/www.erm.ee\"],\"url\":\"https:\\\/\\\/blog.erm.ee\\\/?author=1\"}]}<\/script>\n<!-- \/ Yoast SEO plugin. -->","yoast_head_json":{"title":"Ja suvekuudel juunis-juulis, sai puhatud ja mindud pruuniks - Eesti Rahva Muuseumi ajaveeb","robots":{"index":"index","follow":"follow","max-snippet":"max-snippet:-1","max-image-preview":"max-image-preview:large","max-video-preview":"max-video-preview:-1"},"canonical":"https:\/\/blog.erm.ee\/?p=6476","og_locale":"et_EE","og_type":"article","og_title":"Ja suvekuudel juunis-juulis, sai puhatud ja mindud pruuniks - Eesti Rahva Muuseumi ajaveeb","og_description":"Siret Saar, koguhoidja M\u00f5istlikud inimesed hakkavad varakult suvevaheaega ootama \u2013 mina olen alati m\u00f5istlik olnud ning hakkasin seda tavaliselt ootama juba p\u00e4rast j\u00f5ule. N\u00fc\u00fcd ongi j\u00e4lle j\u00f5ulud m\u00f6\u00f6das ja enamik koolilapsi priid. L\u00f5busat suve! Suvi on vahva. K\u00f5ik muutub otsekohe toredaks sellest ajast peale, kui kool l\u00f5peb. (A. Lindgren \u201eBullerby lapsed\u201c, 2006) Lapsed Mustam\u00e4el m\u00e4ngimas.&hellip;","og_url":"https:\/\/blog.erm.ee\/?p=6476","og_site_name":"Eesti Rahva Muuseumi ajaveeb","article_published_time":"2015-06-02T08:40:49+00:00","article_modified_time":"2015-06-17T06:29:37+00:00","og_image":[{"width":1200,"height":792,"url":"https:\/\/blog.erm.ee\/wp-content\/uploads\/2015\/06\/080718_ERM_Fk_2644_9864.jpg","type":"image\/jpeg"}],"author":"Eesti Rahva Muuseum","twitter_card":"summary_large_image","twitter_misc":{"Written by":"Eesti Rahva Muuseum","Est. reading time":"5 minutit"},"schema":{"@context":"https:\/\/schema.org","@graph":[{"@type":"Article","@id":"https:\/\/blog.erm.ee\/?p=6476#article","isPartOf":{"@id":"https:\/\/blog.erm.ee\/?p=6476"},"author":{"name":"Eesti Rahva Muuseum","@id":"https:\/\/blog.erm.ee\/#\/schema\/person\/6e98c391cb00a33e7c22a3571e062114"},"headline":"Ja suvekuudel juunis-juulis, sai puhatud ja mindud pruuniks","datePublished":"2015-06-02T08:40:49+00:00","dateModified":"2015-06-17T06:29:37+00:00","mainEntityOfPage":{"@id":"https:\/\/blog.erm.ee\/?p=6476"},"wordCount":945,"commentCount":0,"image":{"@id":"https:\/\/blog.erm.ee\/?p=6476#primaryimage"},"thumbnailUrl":"https:\/\/blog.erm.ee\/wp-content\/uploads\/2015\/06\/080718_ERM_Fk_2644_9864.jpg","articleSection":["Museaal"],"inLanguage":"et","potentialAction":[{"@type":"CommentAction","name":"Comment","target":["https:\/\/blog.erm.ee\/?p=6476#respond"]}]},{"@type":"WebPage","@id":"https:\/\/blog.erm.ee\/?p=6476","url":"https:\/\/blog.erm.ee\/?p=6476","name":"Ja suvekuudel juunis-juulis, sai puhatud ja mindud pruuniks - Eesti Rahva Muuseumi ajaveeb","isPartOf":{"@id":"https:\/\/blog.erm.ee\/#website"},"primaryImageOfPage":{"@id":"https:\/\/blog.erm.ee\/?p=6476#primaryimage"},"image":{"@id":"https:\/\/blog.erm.ee\/?p=6476#primaryimage"},"thumbnailUrl":"https:\/\/blog.erm.ee\/wp-content\/uploads\/2015\/06\/080718_ERM_Fk_2644_9864.jpg","datePublished":"2015-06-02T08:40:49+00:00","dateModified":"2015-06-17T06:29:37+00:00","author":{"@id":"https:\/\/blog.erm.ee\/#\/schema\/person\/6e98c391cb00a33e7c22a3571e062114"},"breadcrumb":{"@id":"https:\/\/blog.erm.ee\/?p=6476#breadcrumb"},"inLanguage":"et","potentialAction":[{"@type":"ReadAction","target":["https:\/\/blog.erm.ee\/?p=6476"]}]},{"@type":"ImageObject","inLanguage":"et","@id":"https:\/\/blog.erm.ee\/?p=6476#primaryimage","url":"https:\/\/blog.erm.ee\/wp-content\/uploads\/2015\/06\/080718_ERM_Fk_2644_9864.jpg","contentUrl":"https:\/\/blog.erm.ee\/wp-content\/uploads\/2015\/06\/080718_ERM_Fk_2644_9864.jpg","width":1200,"height":792},{"@type":"BreadcrumbList","@id":"https:\/\/blog.erm.ee\/?p=6476#breadcrumb","itemListElement":[{"@type":"ListItem","position":1,"name":"Home","item":"https:\/\/blog.erm.ee\/"},{"@type":"ListItem","position":2,"name":"Ja suvekuudel juunis-juulis, sai puhatud ja mindud pruuniks"}]},{"@type":"WebSite","@id":"https:\/\/blog.erm.ee\/#website","url":"https:\/\/blog.erm.ee\/","name":"Eesti Rahva Muuseumi ajaveeb","description":"","potentialAction":[{"@type":"SearchAction","target":{"@type":"EntryPoint","urlTemplate":"https:\/\/blog.erm.ee\/?s={search_term_string}"},"query-input":{"@type":"PropertyValueSpecification","valueRequired":true,"valueName":"search_term_string"}}],"inLanguage":"et"},{"@type":"Person","@id":"https:\/\/blog.erm.ee\/#\/schema\/person\/6e98c391cb00a33e7c22a3571e062114","name":"Eesti Rahva Muuseum","image":{"@type":"ImageObject","inLanguage":"et","@id":"https:\/\/secure.gravatar.com\/avatar\/cb6d9ad5fb49f3f7315028ce5fe60641075f2cb52b8a058ff5a985fa2d8c1da0?s=96&d=mm&r=g","url":"https:\/\/secure.gravatar.com\/avatar\/cb6d9ad5fb49f3f7315028ce5fe60641075f2cb52b8a058ff5a985fa2d8c1da0?s=96&d=mm&r=g","contentUrl":"https:\/\/secure.gravatar.com\/avatar\/cb6d9ad5fb49f3f7315028ce5fe60641075f2cb52b8a058ff5a985fa2d8c1da0?s=96&d=mm&r=g","caption":"Eesti Rahva Muuseum"},"sameAs":["http:\/\/www.erm.ee"],"url":"https:\/\/blog.erm.ee\/?author=1"}]}},"jetpack_featured_media_url":"https:\/\/blog.erm.ee\/wp-content\/uploads\/2015\/06\/080718_ERM_Fk_2644_9864.jpg","jetpack_shortlink":"https:\/\/wp.me\/p2l9Zd-1Gs","jetpack_sharing_enabled":true,"jetpack_likes_enabled":true,"_links":{"self":[{"href":"https:\/\/blog.erm.ee\/index.php?rest_route=\/wp\/v2\/posts\/6476","targetHints":{"allow":["GET"]}}],"collection":[{"href":"https:\/\/blog.erm.ee\/index.php?rest_route=\/wp\/v2\/posts"}],"about":[{"href":"https:\/\/blog.erm.ee\/index.php?rest_route=\/wp\/v2\/types\/post"}],"author":[{"embeddable":true,"href":"https:\/\/blog.erm.ee\/index.php?rest_route=\/wp\/v2\/users\/1"}],"replies":[{"embeddable":true,"href":"https:\/\/blog.erm.ee\/index.php?rest_route=%2Fwp%2Fv2%2Fcomments&post=6476"}],"version-history":[{"count":6,"href":"https:\/\/blog.erm.ee\/index.php?rest_route=\/wp\/v2\/posts\/6476\/revisions"}],"predecessor-version":[{"id":6531,"href":"https:\/\/blog.erm.ee\/index.php?rest_route=\/wp\/v2\/posts\/6476\/revisions\/6531"}],"wp:featuredmedia":[{"embeddable":true,"href":"https:\/\/blog.erm.ee\/index.php?rest_route=\/wp\/v2\/media\/6490"}],"wp:attachment":[{"href":"https:\/\/blog.erm.ee\/index.php?rest_route=%2Fwp%2Fv2%2Fmedia&parent=6476"}],"wp:term":[{"taxonomy":"category","embeddable":true,"href":"https:\/\/blog.erm.ee\/index.php?rest_route=%2Fwp%2Fv2%2Fcategories&post=6476"},{"taxonomy":"post_tag","embeddable":true,"href":"https:\/\/blog.erm.ee\/index.php?rest_route=%2Fwp%2Fv2%2Ftags&post=6476"}],"curies":[{"name":"wp","href":"https:\/\/api.w.org\/{rel}","templated":true}]}}