{"id":6336,"date":"2015-05-05T13:16:12","date_gmt":"2015-05-05T10:16:12","guid":{"rendered":"http:\/\/blog.erm.ee\/?p=6336"},"modified":"2015-05-05T15:21:37","modified_gmt":"2015-05-05T12:21:37","slug":"kahekuu-video-nr-3-peetri-kiriku-kell","status":"publish","type":"post","link":"https:\/\/blog.erm.ee\/?p=6336","title":{"rendered":"Kahekuu video nr 3. Peetri kiriku kell"},"content":{"rendered":"<div class=\"fcbkbttn_buttons_block\" id=\"fcbkbttn_left\"><div class=\"fcbkbttn_like \"><fb:like href=\"https:\/\/blog.erm.ee\/?p=6336\" action=\"like\" colorscheme=\"light\" layout=\"standard\"  width=\"225px\" size=\"small\"><\/fb:like><\/div><div class=\"fb-share-button  \" data-href=\"https:\/\/blog.erm.ee\/?p=6336\" data-type=\"button\" data-size=\"small\"><\/div><\/div><p><em>Gerd Raassalu, audiovisuaalse kogu arhivaar<\/em><\/p>\n<p>\u00dcks Tartu Peetri kiriku \u00fcle saja aasta vanustest kelladest oli m\u00f5rane juba 1944. aasta pommitamistest saati. \u00d5iget heli kellast enam k\u00e4tte ei saadud ja ka taastamine polnud v\u00f5imalik. M\u00f5tted uuest kellast hakkasid tekkima 2011. aasta s\u00fcgisel koos kiriku torni remondiga, mida toetas soojaettev\u00f5tja Tiit Veeber.<br \/>\nToad ei saa hakkama soojata ega kirikud kellata. 2012. aasta m\u00e4rtsis valmistati orelimeister Toomas M\u00e4ev\u00e4lja soovitusel Saksamaal Vestfaalis Gesheri linna valukojas uus kell, mille kinkis kirikule Tiit Veeber koos oma perega.<sup>1<\/sup> 80 cm l\u00e4bim\u00f5\u00f5duga pronksist kell kaalub ligi 290 kilo, mis on M\u00e4ev\u00e4lja s\u00f5nutsi \u00fcsnagi Eesti keskmine<sup>2<\/sup> .<br \/>\nAprillis j\u00f5udis uus kell Tartusse. 10. mail 2012 j\u00e4\u00e4dvustas Eesti Rahva Muuseumi filmimees Maido Selgm\u00e4e kiriku eeskojas oodanud kella teekonna viimase etapi \u2013 torni t\u00f5stmise. Samuti oli ERM kaameraga kohal kolmainup\u00fchal 3. juunil, kui rahvahulga ees p\u00fchitsesid uue kella peapiiskop Andres P\u00f5der, Tartu praost Joel Luhamets ja Peetri koguduse \u00f5petaja Ants Tooming.<\/p>\n<p><iframe loading=\"lazy\" src=\"https:\/\/www.youtube.com\/embed\/s3IwIDP6lHk?rel=0\" width=\"853\" height=\"480\" frameborder=\"0\" allowfullscreen=\"allowfullscreen\"><\/iframe><\/p>\n<p><sup>1<\/sup> Olmaru, Jaan 2012. Tartu Peetri kirikust k\u00f5lab peagi uue kella heli. \u2013 Tartu Postimees, 19. m\u00e4rts<br \/>\n<sup>2<\/sup> Hanson, Raimu 2012. Peetri kiriku tornikell laskis kuuldavale oma k\u00f5la. \u2013 Tartu Postimees, 3. aprill<\/p>\n<p>&nbsp;<\/p>\n<div class=\"fcbkbttn_buttons_block\" id=\"fcbkbttn_left\"><div class=\"fcbkbttn_like \"><fb:like href=\"https:\/\/blog.erm.ee\/?p=6336\" action=\"like\" colorscheme=\"light\" layout=\"standard\"  width=\"225px\" size=\"small\"><\/fb:like><\/div><div class=\"fb-share-button  \" data-href=\"https:\/\/blog.erm.ee\/?p=6336\" data-type=\"button\" data-size=\"small\"><\/div><\/div>","protected":false},"excerpt":{"rendered":"<p>Gerd Raassalu, audiovisuaalse kogu arhivaar \u00dcks Tartu Peetri kiriku \u00fcle saja aasta vanustest kelladest oli m\u00f5rane juba 1944. aasta pommitamistest saati. \u00d5iget heli kellast enam k\u00e4tte ei saadud ja ka taastamine polnud v\u00f5imalik. M\u00f5tted uuest kellast hakkasid tekkima 2011. aasta s\u00fcgisel koos kiriku torni remondiga, mida toetas soojaettev\u00f5tja Tiit Veeber. Toad ei saa hakkama soojata&hellip;<\/p>\n","protected":false},"author":1,"featured_media":6337,"comment_status":"open","ping_status":"open","sticky":false,"template":"","format":"standard","meta":{"_monsterinsights_skip_tracking":false,"_monsterinsights_sitenote_active":false,"_monsterinsights_sitenote_note":"","_monsterinsights_sitenote_category":0,"jetpack_post_was_ever_published":false,"_jetpack_newsletter_access":"","_jetpack_dont_email_post_to_subs":false,"_jetpack_newsletter_tier_id":0,"_jetpack_memberships_contains_paywalled_content":false,"_jetpack_memberships_contains_paid_content":false,"footnotes":""},"categories":[5],"tags":[],"class_list":["post-6336","post","type-post","status-publish","format-standard","has-post-thumbnail","hentry","category-museaal"],"yoast_head":"<!-- This site is optimized with the Yoast SEO plugin v27.5 - https:\/\/yoast.com\/product\/yoast-seo-wordpress\/ -->\n<title>Kahekuu video nr 3. Peetri kiriku kell - Eesti Rahva Muuseumi ajaveeb<\/title>\n<meta name=\"robots\" content=\"index, follow, max-snippet:-1, max-image-preview:large, max-video-preview:-1\" \/>\n<link rel=\"canonical\" href=\"https:\/\/blog.erm.ee\/?p=6336\" \/>\n<meta property=\"og:locale\" content=\"et_EE\" \/>\n<meta property=\"og:type\" content=\"article\" \/>\n<meta property=\"og:title\" content=\"Kahekuu video nr 3. Peetri kiriku kell - Eesti Rahva Muuseumi ajaveeb\" \/>\n<meta property=\"og:description\" content=\"Gerd Raassalu, audiovisuaalse kogu arhivaar \u00dcks Tartu Peetri kiriku \u00fcle saja aasta vanustest kelladest oli m\u00f5rane juba 1944. aasta pommitamistest saati. \u00d5iget heli kellast enam k\u00e4tte ei saadud ja ka taastamine polnud v\u00f5imalik. M\u00f5tted uuest kellast hakkasid tekkima 2011. aasta s\u00fcgisel koos kiriku torni remondiga, mida toetas soojaettev\u00f5tja Tiit Veeber. Toad ei saa hakkama soojata&hellip;\" \/>\n<meta property=\"og:url\" content=\"https:\/\/blog.erm.ee\/?p=6336\" \/>\n<meta property=\"og:site_name\" content=\"Eesti Rahva Muuseumi ajaveeb\" \/>\n<meta property=\"article:published_time\" content=\"2015-05-05T10:16:12+00:00\" \/>\n<meta property=\"article:modified_time\" content=\"2015-05-05T12:21:37+00:00\" \/>\n<meta property=\"og:image\" content=\"https:\/\/blog.erm.ee\/wp-content\/uploads\/2015\/05\/Kuu_video_3_kaader.jpg\" \/>\n\t<meta property=\"og:image:width\" content=\"800\" \/>\n\t<meta property=\"og:image:height\" content=\"450\" \/>\n\t<meta property=\"og:image:type\" content=\"image\/jpeg\" \/>\n<meta name=\"author\" content=\"Eesti Rahva Muuseum\" \/>\n<meta name=\"twitter:card\" content=\"summary_large_image\" \/>\n<meta name=\"twitter:label1\" content=\"Written by\" \/>\n\t<meta name=\"twitter:data1\" content=\"Eesti Rahva Muuseum\" \/>\n\t<meta name=\"twitter:label2\" content=\"Est. reading time\" \/>\n\t<meta name=\"twitter:data2\" content=\"1 minut\" \/>\n<script type=\"application\/ld+json\" class=\"yoast-schema-graph\">{\"@context\":\"https:\\\/\\\/schema.org\",\"@graph\":[{\"@type\":\"Article\",\"@id\":\"https:\\\/\\\/blog.erm.ee\\\/?p=6336#article\",\"isPartOf\":{\"@id\":\"https:\\\/\\\/blog.erm.ee\\\/?p=6336\"},\"author\":{\"name\":\"Eesti Rahva Muuseum\",\"@id\":\"https:\\\/\\\/blog.erm.ee\\\/#\\\/schema\\\/person\\\/6e98c391cb00a33e7c22a3571e062114\"},\"headline\":\"Kahekuu video nr 3. Peetri kiriku kell\",\"datePublished\":\"2015-05-05T10:16:12+00:00\",\"dateModified\":\"2015-05-05T12:21:37+00:00\",\"mainEntityOfPage\":{\"@id\":\"https:\\\/\\\/blog.erm.ee\\\/?p=6336\"},\"wordCount\":196,\"commentCount\":0,\"image\":{\"@id\":\"https:\\\/\\\/blog.erm.ee\\\/?p=6336#primaryimage\"},\"thumbnailUrl\":\"https:\\\/\\\/blog.erm.ee\\\/wp-content\\\/uploads\\\/2015\\\/05\\\/Kuu_video_3_kaader.jpg\",\"articleSection\":[\"Museaal\"],\"inLanguage\":\"et\",\"potentialAction\":[{\"@type\":\"CommentAction\",\"name\":\"Comment\",\"target\":[\"https:\\\/\\\/blog.erm.ee\\\/?p=6336#respond\"]}]},{\"@type\":\"WebPage\",\"@id\":\"https:\\\/\\\/blog.erm.ee\\\/?p=6336\",\"url\":\"https:\\\/\\\/blog.erm.ee\\\/?p=6336\",\"name\":\"Kahekuu video nr 3. Peetri kiriku kell - Eesti Rahva Muuseumi ajaveeb\",\"isPartOf\":{\"@id\":\"https:\\\/\\\/blog.erm.ee\\\/#website\"},\"primaryImageOfPage\":{\"@id\":\"https:\\\/\\\/blog.erm.ee\\\/?p=6336#primaryimage\"},\"image\":{\"@id\":\"https:\\\/\\\/blog.erm.ee\\\/?p=6336#primaryimage\"},\"thumbnailUrl\":\"https:\\\/\\\/blog.erm.ee\\\/wp-content\\\/uploads\\\/2015\\\/05\\\/Kuu_video_3_kaader.jpg\",\"datePublished\":\"2015-05-05T10:16:12+00:00\",\"dateModified\":\"2015-05-05T12:21:37+00:00\",\"author\":{\"@id\":\"https:\\\/\\\/blog.erm.ee\\\/#\\\/schema\\\/person\\\/6e98c391cb00a33e7c22a3571e062114\"},\"breadcrumb\":{\"@id\":\"https:\\\/\\\/blog.erm.ee\\\/?p=6336#breadcrumb\"},\"inLanguage\":\"et\",\"potentialAction\":[{\"@type\":\"ReadAction\",\"target\":[\"https:\\\/\\\/blog.erm.ee\\\/?p=6336\"]}]},{\"@type\":\"ImageObject\",\"inLanguage\":\"et\",\"@id\":\"https:\\\/\\\/blog.erm.ee\\\/?p=6336#primaryimage\",\"url\":\"https:\\\/\\\/blog.erm.ee\\\/wp-content\\\/uploads\\\/2015\\\/05\\\/Kuu_video_3_kaader.jpg\",\"contentUrl\":\"https:\\\/\\\/blog.erm.ee\\\/wp-content\\\/uploads\\\/2015\\\/05\\\/Kuu_video_3_kaader.jpg\",\"width\":800,\"height\":450},{\"@type\":\"BreadcrumbList\",\"@id\":\"https:\\\/\\\/blog.erm.ee\\\/?p=6336#breadcrumb\",\"itemListElement\":[{\"@type\":\"ListItem\",\"position\":1,\"name\":\"Home\",\"item\":\"https:\\\/\\\/blog.erm.ee\\\/\"},{\"@type\":\"ListItem\",\"position\":2,\"name\":\"Kahekuu video nr 3. Peetri kiriku kell\"}]},{\"@type\":\"WebSite\",\"@id\":\"https:\\\/\\\/blog.erm.ee\\\/#website\",\"url\":\"https:\\\/\\\/blog.erm.ee\\\/\",\"name\":\"Eesti Rahva Muuseumi ajaveeb\",\"description\":\"\",\"potentialAction\":[{\"@type\":\"SearchAction\",\"target\":{\"@type\":\"EntryPoint\",\"urlTemplate\":\"https:\\\/\\\/blog.erm.ee\\\/?s={search_term_string}\"},\"query-input\":{\"@type\":\"PropertyValueSpecification\",\"valueRequired\":true,\"valueName\":\"search_term_string\"}}],\"inLanguage\":\"et\"},{\"@type\":\"Person\",\"@id\":\"https:\\\/\\\/blog.erm.ee\\\/#\\\/schema\\\/person\\\/6e98c391cb00a33e7c22a3571e062114\",\"name\":\"Eesti Rahva Muuseum\",\"image\":{\"@type\":\"ImageObject\",\"inLanguage\":\"et\",\"@id\":\"https:\\\/\\\/secure.gravatar.com\\\/avatar\\\/cb6d9ad5fb49f3f7315028ce5fe60641075f2cb52b8a058ff5a985fa2d8c1da0?s=96&d=mm&r=g\",\"url\":\"https:\\\/\\\/secure.gravatar.com\\\/avatar\\\/cb6d9ad5fb49f3f7315028ce5fe60641075f2cb52b8a058ff5a985fa2d8c1da0?s=96&d=mm&r=g\",\"contentUrl\":\"https:\\\/\\\/secure.gravatar.com\\\/avatar\\\/cb6d9ad5fb49f3f7315028ce5fe60641075f2cb52b8a058ff5a985fa2d8c1da0?s=96&d=mm&r=g\",\"caption\":\"Eesti Rahva Muuseum\"},\"sameAs\":[\"http:\\\/\\\/www.erm.ee\"],\"url\":\"https:\\\/\\\/blog.erm.ee\\\/?author=1\"}]}<\/script>\n<!-- \/ Yoast SEO plugin. -->","yoast_head_json":{"title":"Kahekuu video nr 3. Peetri kiriku kell - Eesti Rahva Muuseumi ajaveeb","robots":{"index":"index","follow":"follow","max-snippet":"max-snippet:-1","max-image-preview":"max-image-preview:large","max-video-preview":"max-video-preview:-1"},"canonical":"https:\/\/blog.erm.ee\/?p=6336","og_locale":"et_EE","og_type":"article","og_title":"Kahekuu video nr 3. Peetri kiriku kell - Eesti Rahva Muuseumi ajaveeb","og_description":"Gerd Raassalu, audiovisuaalse kogu arhivaar \u00dcks Tartu Peetri kiriku \u00fcle saja aasta vanustest kelladest oli m\u00f5rane juba 1944. aasta pommitamistest saati. \u00d5iget heli kellast enam k\u00e4tte ei saadud ja ka taastamine polnud v\u00f5imalik. M\u00f5tted uuest kellast hakkasid tekkima 2011. aasta s\u00fcgisel koos kiriku torni remondiga, mida toetas soojaettev\u00f5tja Tiit Veeber. Toad ei saa hakkama soojata&hellip;","og_url":"https:\/\/blog.erm.ee\/?p=6336","og_site_name":"Eesti Rahva Muuseumi ajaveeb","article_published_time":"2015-05-05T10:16:12+00:00","article_modified_time":"2015-05-05T12:21:37+00:00","og_image":[{"width":800,"height":450,"url":"https:\/\/blog.erm.ee\/wp-content\/uploads\/2015\/05\/Kuu_video_3_kaader.jpg","type":"image\/jpeg"}],"author":"Eesti Rahva Muuseum","twitter_card":"summary_large_image","twitter_misc":{"Written by":"Eesti Rahva Muuseum","Est. reading time":"1 minut"},"schema":{"@context":"https:\/\/schema.org","@graph":[{"@type":"Article","@id":"https:\/\/blog.erm.ee\/?p=6336#article","isPartOf":{"@id":"https:\/\/blog.erm.ee\/?p=6336"},"author":{"name":"Eesti Rahva Muuseum","@id":"https:\/\/blog.erm.ee\/#\/schema\/person\/6e98c391cb00a33e7c22a3571e062114"},"headline":"Kahekuu video nr 3. Peetri kiriku kell","datePublished":"2015-05-05T10:16:12+00:00","dateModified":"2015-05-05T12:21:37+00:00","mainEntityOfPage":{"@id":"https:\/\/blog.erm.ee\/?p=6336"},"wordCount":196,"commentCount":0,"image":{"@id":"https:\/\/blog.erm.ee\/?p=6336#primaryimage"},"thumbnailUrl":"https:\/\/blog.erm.ee\/wp-content\/uploads\/2015\/05\/Kuu_video_3_kaader.jpg","articleSection":["Museaal"],"inLanguage":"et","potentialAction":[{"@type":"CommentAction","name":"Comment","target":["https:\/\/blog.erm.ee\/?p=6336#respond"]}]},{"@type":"WebPage","@id":"https:\/\/blog.erm.ee\/?p=6336","url":"https:\/\/blog.erm.ee\/?p=6336","name":"Kahekuu video nr 3. Peetri kiriku kell - Eesti Rahva Muuseumi ajaveeb","isPartOf":{"@id":"https:\/\/blog.erm.ee\/#website"},"primaryImageOfPage":{"@id":"https:\/\/blog.erm.ee\/?p=6336#primaryimage"},"image":{"@id":"https:\/\/blog.erm.ee\/?p=6336#primaryimage"},"thumbnailUrl":"https:\/\/blog.erm.ee\/wp-content\/uploads\/2015\/05\/Kuu_video_3_kaader.jpg","datePublished":"2015-05-05T10:16:12+00:00","dateModified":"2015-05-05T12:21:37+00:00","author":{"@id":"https:\/\/blog.erm.ee\/#\/schema\/person\/6e98c391cb00a33e7c22a3571e062114"},"breadcrumb":{"@id":"https:\/\/blog.erm.ee\/?p=6336#breadcrumb"},"inLanguage":"et","potentialAction":[{"@type":"ReadAction","target":["https:\/\/blog.erm.ee\/?p=6336"]}]},{"@type":"ImageObject","inLanguage":"et","@id":"https:\/\/blog.erm.ee\/?p=6336#primaryimage","url":"https:\/\/blog.erm.ee\/wp-content\/uploads\/2015\/05\/Kuu_video_3_kaader.jpg","contentUrl":"https:\/\/blog.erm.ee\/wp-content\/uploads\/2015\/05\/Kuu_video_3_kaader.jpg","width":800,"height":450},{"@type":"BreadcrumbList","@id":"https:\/\/blog.erm.ee\/?p=6336#breadcrumb","itemListElement":[{"@type":"ListItem","position":1,"name":"Home","item":"https:\/\/blog.erm.ee\/"},{"@type":"ListItem","position":2,"name":"Kahekuu video nr 3. Peetri kiriku kell"}]},{"@type":"WebSite","@id":"https:\/\/blog.erm.ee\/#website","url":"https:\/\/blog.erm.ee\/","name":"Eesti Rahva Muuseumi ajaveeb","description":"","potentialAction":[{"@type":"SearchAction","target":{"@type":"EntryPoint","urlTemplate":"https:\/\/blog.erm.ee\/?s={search_term_string}"},"query-input":{"@type":"PropertyValueSpecification","valueRequired":true,"valueName":"search_term_string"}}],"inLanguage":"et"},{"@type":"Person","@id":"https:\/\/blog.erm.ee\/#\/schema\/person\/6e98c391cb00a33e7c22a3571e062114","name":"Eesti Rahva Muuseum","image":{"@type":"ImageObject","inLanguage":"et","@id":"https:\/\/secure.gravatar.com\/avatar\/cb6d9ad5fb49f3f7315028ce5fe60641075f2cb52b8a058ff5a985fa2d8c1da0?s=96&d=mm&r=g","url":"https:\/\/secure.gravatar.com\/avatar\/cb6d9ad5fb49f3f7315028ce5fe60641075f2cb52b8a058ff5a985fa2d8c1da0?s=96&d=mm&r=g","contentUrl":"https:\/\/secure.gravatar.com\/avatar\/cb6d9ad5fb49f3f7315028ce5fe60641075f2cb52b8a058ff5a985fa2d8c1da0?s=96&d=mm&r=g","caption":"Eesti Rahva Muuseum"},"sameAs":["http:\/\/www.erm.ee"],"url":"https:\/\/blog.erm.ee\/?author=1"}]}},"jetpack_featured_media_url":"https:\/\/blog.erm.ee\/wp-content\/uploads\/2015\/05\/Kuu_video_3_kaader.jpg","jetpack_shortlink":"https:\/\/wp.me\/p2l9Zd-1Ec","jetpack_sharing_enabled":true,"jetpack_likes_enabled":true,"_links":{"self":[{"href":"https:\/\/blog.erm.ee\/index.php?rest_route=\/wp\/v2\/posts\/6336","targetHints":{"allow":["GET"]}}],"collection":[{"href":"https:\/\/blog.erm.ee\/index.php?rest_route=\/wp\/v2\/posts"}],"about":[{"href":"https:\/\/blog.erm.ee\/index.php?rest_route=\/wp\/v2\/types\/post"}],"author":[{"embeddable":true,"href":"https:\/\/blog.erm.ee\/index.php?rest_route=\/wp\/v2\/users\/1"}],"replies":[{"embeddable":true,"href":"https:\/\/blog.erm.ee\/index.php?rest_route=%2Fwp%2Fv2%2Fcomments&post=6336"}],"version-history":[{"count":11,"href":"https:\/\/blog.erm.ee\/index.php?rest_route=\/wp\/v2\/posts\/6336\/revisions"}],"predecessor-version":[{"id":6346,"href":"https:\/\/blog.erm.ee\/index.php?rest_route=\/wp\/v2\/posts\/6336\/revisions\/6346"}],"wp:featuredmedia":[{"embeddable":true,"href":"https:\/\/blog.erm.ee\/index.php?rest_route=\/wp\/v2\/media\/6337"}],"wp:attachment":[{"href":"https:\/\/blog.erm.ee\/index.php?rest_route=%2Fwp%2Fv2%2Fmedia&parent=6336"}],"wp:term":[{"taxonomy":"category","embeddable":true,"href":"https:\/\/blog.erm.ee\/index.php?rest_route=%2Fwp%2Fv2%2Fcategories&post=6336"},{"taxonomy":"post_tag","embeddable":true,"href":"https:\/\/blog.erm.ee\/index.php?rest_route=%2Fwp%2Fv2%2Ftags&post=6336"}],"curies":[{"name":"wp","href":"https:\/\/api.w.org\/{rel}","templated":true}]}}