{"id":5912,"date":"2015-02-05T08:59:51","date_gmt":"2015-02-05T06:59:51","guid":{"rendered":"http:\/\/blog.erm.ee\/?p=5912"},"modified":"2015-02-05T13:55:16","modified_gmt":"2015-02-05T11:55:16","slug":"vaike-balti-narratiiv","status":"publish","type":"post","link":"https:\/\/blog.erm.ee\/?p=5912","title":{"rendered":"V\u00e4ike Balti narratiiv"},"content":{"rendered":"<div class=\"fcbkbttn_buttons_block\" id=\"fcbkbttn_left\"><div class=\"fcbkbttn_like \"><fb:like href=\"https:\/\/blog.erm.ee\/?p=5912\" action=\"like\" colorscheme=\"light\" layout=\"standard\"  width=\"225px\" size=\"small\"><\/fb:like><\/div><div class=\"fb-share-button  \" data-href=\"https:\/\/blog.erm.ee\/?p=5912\" data-type=\"button\" data-size=\"small\"><\/div><\/div><p><em>Tekst: Kaarel Tarand,\u00a0avalike ja v\u00e4lissuhete juht<\/em><br \/>\n<em>Fotod: Arp Karm<\/em><\/p>\n<p>\u201eRaske k\u00e4si pandi tema \u00f5la p\u00e4\u00e4le, madal h\u00e4\u00e4l \u00fctles: \u201eTeie olete m\u00f5rtsukas!\u201c Nagu piksest rabatud vahtis \u2026 \u00fcmber. Tema ees seisis pikk musta mantliga mees. \u201eTeie olete m\u00f5rtsukas,\u201c kordas v\u00f5\u00f5ras tumedalt.\u201c<\/p>\n<p>Nii oleks j\u00e4rgnevat lugu alustanud sotsiaaldemokraat Eduard Vilde (ja oma jutustust \u201eMusta mantliga mees\u201c ta nii just alustaski). Tartu rahulepingu s\u00f5lmimise 95. aastap\u00e4eva leebes \u00f5htuh\u00e4maruses Tartu Veski t\u00e4naval Eesti Rahva Muuseumi ajutise peamaja uksest sisenenud Vilde t\u00e4nap\u00e4evane aatekaaslane ja \u00fchtlasi riigikogu esimees Eiki Nestor oli oma avaldustes vaguram. Kuid kohtumisel direktor T\u00f5nis Lukasega oli \u00fcks aastatetagune hirmus m\u00f5rtsukat\u00f6\u00f6 ikkagi keskseks jutuaineks.<\/p>\n<p><a href=\"https:\/\/blog.erm.ee\/wp-content\/uploads\/2015\/02\/ak0040.jpg\"><img loading=\"lazy\" decoding=\"async\" data-attachment-id=\"5913\" data-permalink=\"https:\/\/blog.erm.ee\/?attachment_id=5913#main\" data-orig-file=\"https:\/\/blog.erm.ee\/wp-content\/uploads\/2015\/02\/ak0040.jpg\" data-orig-size=\"1200,801\" data-comments-opened=\"1\" data-image-meta=\"{&quot;aperture&quot;:&quot;0&quot;,&quot;credit&quot;:&quot;&quot;,&quot;camera&quot;:&quot;&quot;,&quot;caption&quot;:&quot;&quot;,&quot;created_timestamp&quot;:&quot;1422900903&quot;,&quot;copyright&quot;:&quot;\\u00a9 Arp Karm\/Eesti Rahva Muuseum 2015&quot;,&quot;focal_length&quot;:&quot;0&quot;,&quot;iso&quot;:&quot;0&quot;,&quot;shutter_speed&quot;:&quot;0&quot;,&quot;title&quot;:&quot;&quot;,&quot;orientation&quot;:&quot;0&quot;}\" data-image-title=\"ak0040\" data-image-description=\"\" data-image-caption=\"\" data-large-file=\"https:\/\/blog.erm.ee\/wp-content\/uploads\/2015\/02\/ak0040-1024x684.jpg\" class=\"alignnone size-full wp-image-5913\" src=\"https:\/\/blog.erm.ee\/wp-content\/uploads\/2015\/02\/ak0040.jpg\" alt=\"ak0040\" width=\"1200\" height=\"801\" srcset=\"https:\/\/blog.erm.ee\/wp-content\/uploads\/2015\/02\/ak0040.jpg 1200w, https:\/\/blog.erm.ee\/wp-content\/uploads\/2015\/02\/ak0040-390x260.jpg 390w, https:\/\/blog.erm.ee\/wp-content\/uploads\/2015\/02\/ak0040-300x200.jpg 300w, https:\/\/blog.erm.ee\/wp-content\/uploads\/2015\/02\/ak0040-1024x684.jpg 1024w\" sizes=\"auto, (max-width: 1200px) 100vw, 1200px\" \/><\/a><\/p>\n<p>Selles veret\u00f6\u00f6s, milleks \u00fcliriik N\u00f5ukogude liidu kuulsusetu l\u00f5petamine, m\u00e4letatavasti osalesid 1980ndate l\u00f5pul eestlaste k\u00f5rval v\u00f5rdv\u00e4\u00e4rse innuga l\u00e4tlased ja leedulased ning v\u00e4hemal m\u00e4\u00e4ral veel k\u00fcmned impeeriumi v\u00e4hemusrahvused. Hiljem on Venemaa president Vladimir Putin roima kuulutanud \u201eXX sajandi suurimaks geopoliitiliseks katastroofiks\u201c, meie siin tavatseme asja nimetada iseseisvuse taastamiseks. Protsessi v\u00f5imsaim s\u00fcndmus, mis korraga k\u00e4ib nii poliitilise v\u00f5itluse kui ka maastikukunsti sajandi tippsaavutuste hulka, oli teadagi Balti kett, mille kolm Balti rahvast k\u00e4est kinni v\u00f5ttes moodustasid 1989. aasta 23. augustil protestiks meie regioonis l\u00f5petamata j\u00e4\u00e4nud II maailmas\u00f5ja ning Molotov-Ribbentropi lepingu salaprotokolli vastu.<\/p>\n<p>Nii kummaline kui see ka pole, oli just salasobing Stalini Venemaa ja Hitleri Saksamaa vahel liim, mis esmakordselt me piirkonna ajaloos l\u00f5i n\u00e4htuse \u201eBalti \u00fchtsus\u201c ning jutustuse kolmest \u00fchesuguse saatusega v\u00e4ikeriigist. S\u00f5jaeelsel ajal ei paistnud kolm riiki L\u00e4\u00e4nemere idakaldal sugugi mingi iseseisva \u00fchtsusena, parimal juhul tajus suurriiklik v\u00e4lisilm neid kui nn sanitaarkordoni osa. Ise m\u00f5istsime me vahet teha endiste kubermangupiiride v\u00f5i etnilise paigutumise j\u00e4rgi. Igal oli oma orientatsioon ja Eestis pooldas k\u00fcllalt h\u00e4\u00e4lekas r\u00fchm p\u00f5hjamaastumise suunda, v\u00e4lispoliitikas v\u00f5istlesid soovid olla l\u00e4hedane Inglismaa v\u00f5i Saksamaaga. Balti kolmik s\u00fcndis okupatsiooni k\u00e4sitluses ja vabaduse ajal pole sel lootust pikalt kesta.<\/p>\n<p>Ometigi on see \u00fchtsus v\u00e4hemasti \u00fchele v\u00f5i kahele ja veel aktiivsele inimp\u00f5lvele sedav\u00f5rd t\u00e4htis, et seda pidevalt m\u00e4lestada nii s\u00f5na kui esemete kujul. L\u00e4inud suvel p\u00fcstitati Via Baltica \u00e4\u00e4rde L\u00e4ti ja Leedu piirile Pasienise motelli l\u00e4hedusse tammine monument Balti keti 25. s\u00fcnniaastap\u00e4eva meenutuseks. Suurest asjast tehti ka kolm ja ainult kolm v\u00e4hendatud koopiat, millest \u00fche sai iga Balti riigi parlamendi esimees. Just enda kolmandikku sellest m\u00e4lestusest meie riigikogu juhataja ERMile \u00e4ra toomas k\u00e4iski. Lihtsa ja m\u00f5istliku p\u00f5hjendusega, et Balti kett polnud ju ometigi tema kui spiikeri v\u00f5i tema kui Nestori asi, vaid ikka rahva asi. Ja rahva asjade koht on rahva muuseumis.<\/p>\n<p><a href=\"https:\/\/blog.erm.ee\/wp-content\/uploads\/2015\/02\/ak0064.jpg\"><img loading=\"lazy\" decoding=\"async\" data-attachment-id=\"5914\" data-permalink=\"https:\/\/blog.erm.ee\/?attachment_id=5914#main\" data-orig-file=\"https:\/\/blog.erm.ee\/wp-content\/uploads\/2015\/02\/ak0064.jpg\" data-orig-size=\"801,1200\" data-comments-opened=\"1\" data-image-meta=\"{&quot;aperture&quot;:&quot;0&quot;,&quot;credit&quot;:&quot;&quot;,&quot;camera&quot;:&quot;&quot;,&quot;caption&quot;:&quot;&quot;,&quot;created_timestamp&quot;:&quot;1422901150&quot;,&quot;copyright&quot;:&quot;\\u00a9 Arp Karm\/Eesti Rahva Muuseum 2015&quot;,&quot;focal_length&quot;:&quot;0&quot;,&quot;iso&quot;:&quot;0&quot;,&quot;shutter_speed&quot;:&quot;0&quot;,&quot;title&quot;:&quot;&quot;,&quot;orientation&quot;:&quot;0&quot;}\" data-image-title=\"ak0064\" data-image-description=\"\" data-image-caption=\"\" data-large-file=\"https:\/\/blog.erm.ee\/wp-content\/uploads\/2015\/02\/ak0064-684x1024.jpg\" class=\"alignnone size-full wp-image-5914\" src=\"https:\/\/blog.erm.ee\/wp-content\/uploads\/2015\/02\/ak0064.jpg\" alt=\"ak0064\" width=\"801\" height=\"1200\" srcset=\"https:\/\/blog.erm.ee\/wp-content\/uploads\/2015\/02\/ak0064.jpg 801w, https:\/\/blog.erm.ee\/wp-content\/uploads\/2015\/02\/ak0064-174x260.jpg 174w, https:\/\/blog.erm.ee\/wp-content\/uploads\/2015\/02\/ak0064-200x300.jpg 200w, https:\/\/blog.erm.ee\/wp-content\/uploads\/2015\/02\/ak0064-684x1024.jpg 684w\" sizes=\"auto, (max-width: 801px) 100vw, 801px\" \/><\/a><\/p>\n<p>Eiki Nestori \u00fcksikpanus ERMi kogudesse paigutub kenasti suuremasse pilti. Eelmisel aastal k\u00e4ivitunud kogumisaktsioon <a href=\"http:\/\/www.erm.ee\/et\/Osale\/Vabaduse-lood\" target=\"_blank\">Vabaduse lood<\/a> ei kavatse kindlasti l\u00f5ppeda enne, kui murranguaegu k\u00e4sitlev riigi juubelin\u00e4itus 2018. aastal ERMi uues majas kuju on v\u00f5tnud. Meenutusi ja asju (ka siis, kui nad just parima eesti maitse j\u00e4rgi tehtud pole) v\u00f5tab muuseum vastu nagu Maurus raha. Selle jaoks ollakse alati kodus. Ja isegi, kui kogunenu ei aita meil suurt \u201eUue P\u00f5hjamaa\u201c narratiivi luua, siis v\u00e4ikese ja armsa XX sajandi Balti loo saab ikka kokku.<\/p>\n<p>&nbsp;<\/p>\n<div class=\"fcbkbttn_buttons_block\" id=\"fcbkbttn_left\"><div class=\"fcbkbttn_like \"><fb:like href=\"https:\/\/blog.erm.ee\/?p=5912\" action=\"like\" colorscheme=\"light\" layout=\"standard\"  width=\"225px\" size=\"small\"><\/fb:like><\/div><div class=\"fb-share-button  \" data-href=\"https:\/\/blog.erm.ee\/?p=5912\" data-type=\"button\" data-size=\"small\"><\/div><\/div>","protected":false},"excerpt":{"rendered":"<p>Tekst: Kaarel Tarand,\u00a0avalike ja v\u00e4lissuhete juht Fotod: Arp Karm \u201eRaske k\u00e4si pandi tema \u00f5la p\u00e4\u00e4le, madal h\u00e4\u00e4l \u00fctles: \u201eTeie olete m\u00f5rtsukas!\u201c Nagu piksest rabatud vahtis \u2026 \u00fcmber. Tema ees seisis pikk musta mantliga mees. \u201eTeie olete m\u00f5rtsukas,\u201c kordas v\u00f5\u00f5ras tumedalt.\u201c Nii oleks j\u00e4rgnevat lugu alustanud sotsiaaldemokraat Eduard Vilde (ja oma jutustust \u201eMusta mantliga mees\u201c ta&hellip;<\/p>\n","protected":false},"author":1,"featured_media":5914,"comment_status":"open","ping_status":"open","sticky":false,"template":"","format":"standard","meta":{"_monsterinsights_skip_tracking":false,"_monsterinsights_sitenote_active":false,"_monsterinsights_sitenote_note":"","_monsterinsights_sitenote_category":0,"jetpack_post_was_ever_published":false,"_jetpack_newsletter_access":"","_jetpack_dont_email_post_to_subs":false,"_jetpack_newsletter_tier_id":0,"_jetpack_memberships_contains_paywalled_content":false,"_jetpack_memberships_contains_paid_content":false,"footnotes":""},"categories":[5],"tags":[],"class_list":["post-5912","post","type-post","status-publish","format-standard","has-post-thumbnail","hentry","category-museaal"],"yoast_head":"<!-- This site is optimized with the Yoast SEO plugin v27.5 - https:\/\/yoast.com\/product\/yoast-seo-wordpress\/ -->\n<title>V\u00e4ike Balti narratiiv - Eesti Rahva Muuseumi ajaveeb<\/title>\n<meta name=\"robots\" content=\"index, follow, max-snippet:-1, max-image-preview:large, max-video-preview:-1\" \/>\n<link rel=\"canonical\" href=\"https:\/\/blog.erm.ee\/?p=5912\" \/>\n<meta property=\"og:locale\" content=\"et_EE\" \/>\n<meta property=\"og:type\" content=\"article\" \/>\n<meta property=\"og:title\" content=\"V\u00e4ike Balti narratiiv - Eesti Rahva Muuseumi ajaveeb\" \/>\n<meta property=\"og:description\" content=\"Tekst: Kaarel Tarand,\u00a0avalike ja v\u00e4lissuhete juht Fotod: Arp Karm \u201eRaske k\u00e4si pandi tema \u00f5la p\u00e4\u00e4le, madal h\u00e4\u00e4l \u00fctles: \u201eTeie olete m\u00f5rtsukas!\u201c Nagu piksest rabatud vahtis \u2026 \u00fcmber. Tema ees seisis pikk musta mantliga mees. \u201eTeie olete m\u00f5rtsukas,\u201c kordas v\u00f5\u00f5ras tumedalt.\u201c Nii oleks j\u00e4rgnevat lugu alustanud sotsiaaldemokraat Eduard Vilde (ja oma jutustust \u201eMusta mantliga mees\u201c ta&hellip;\" \/>\n<meta property=\"og:url\" content=\"https:\/\/blog.erm.ee\/?p=5912\" \/>\n<meta property=\"og:site_name\" content=\"Eesti Rahva Muuseumi ajaveeb\" \/>\n<meta property=\"article:published_time\" content=\"2015-02-05T06:59:51+00:00\" \/>\n<meta property=\"article:modified_time\" content=\"2015-02-05T11:55:16+00:00\" \/>\n<meta property=\"og:image\" content=\"https:\/\/blog.erm.ee\/wp-content\/uploads\/2015\/02\/ak0064.jpg\" \/>\n\t<meta property=\"og:image:width\" content=\"801\" \/>\n\t<meta property=\"og:image:height\" content=\"1200\" \/>\n\t<meta property=\"og:image:type\" content=\"image\/jpeg\" \/>\n<meta name=\"author\" content=\"Eesti Rahva Muuseum\" \/>\n<meta name=\"twitter:card\" content=\"summary_large_image\" \/>\n<meta name=\"twitter:label1\" content=\"Written by\" \/>\n\t<meta name=\"twitter:data1\" content=\"Eesti Rahva Muuseum\" \/>\n\t<meta name=\"twitter:label2\" content=\"Est. reading time\" \/>\n\t<meta name=\"twitter:data2\" content=\"3 minutit\" \/>\n<script type=\"application\/ld+json\" class=\"yoast-schema-graph\">{\"@context\":\"https:\\\/\\\/schema.org\",\"@graph\":[{\"@type\":\"Article\",\"@id\":\"https:\\\/\\\/blog.erm.ee\\\/?p=5912#article\",\"isPartOf\":{\"@id\":\"https:\\\/\\\/blog.erm.ee\\\/?p=5912\"},\"author\":{\"name\":\"Eesti Rahva Muuseum\",\"@id\":\"https:\\\/\\\/blog.erm.ee\\\/#\\\/schema\\\/person\\\/6e98c391cb00a33e7c22a3571e062114\"},\"headline\":\"V\u00e4ike Balti narratiiv\",\"datePublished\":\"2015-02-05T06:59:51+00:00\",\"dateModified\":\"2015-02-05T11:55:16+00:00\",\"mainEntityOfPage\":{\"@id\":\"https:\\\/\\\/blog.erm.ee\\\/?p=5912\"},\"wordCount\":555,\"commentCount\":0,\"image\":{\"@id\":\"https:\\\/\\\/blog.erm.ee\\\/?p=5912#primaryimage\"},\"thumbnailUrl\":\"https:\\\/\\\/blog.erm.ee\\\/wp-content\\\/uploads\\\/2015\\\/02\\\/ak0064.jpg\",\"articleSection\":[\"Museaal\"],\"inLanguage\":\"et\",\"potentialAction\":[{\"@type\":\"CommentAction\",\"name\":\"Comment\",\"target\":[\"https:\\\/\\\/blog.erm.ee\\\/?p=5912#respond\"]}]},{\"@type\":\"WebPage\",\"@id\":\"https:\\\/\\\/blog.erm.ee\\\/?p=5912\",\"url\":\"https:\\\/\\\/blog.erm.ee\\\/?p=5912\",\"name\":\"V\u00e4ike Balti narratiiv - Eesti Rahva Muuseumi ajaveeb\",\"isPartOf\":{\"@id\":\"https:\\\/\\\/blog.erm.ee\\\/#website\"},\"primaryImageOfPage\":{\"@id\":\"https:\\\/\\\/blog.erm.ee\\\/?p=5912#primaryimage\"},\"image\":{\"@id\":\"https:\\\/\\\/blog.erm.ee\\\/?p=5912#primaryimage\"},\"thumbnailUrl\":\"https:\\\/\\\/blog.erm.ee\\\/wp-content\\\/uploads\\\/2015\\\/02\\\/ak0064.jpg\",\"datePublished\":\"2015-02-05T06:59:51+00:00\",\"dateModified\":\"2015-02-05T11:55:16+00:00\",\"author\":{\"@id\":\"https:\\\/\\\/blog.erm.ee\\\/#\\\/schema\\\/person\\\/6e98c391cb00a33e7c22a3571e062114\"},\"breadcrumb\":{\"@id\":\"https:\\\/\\\/blog.erm.ee\\\/?p=5912#breadcrumb\"},\"inLanguage\":\"et\",\"potentialAction\":[{\"@type\":\"ReadAction\",\"target\":[\"https:\\\/\\\/blog.erm.ee\\\/?p=5912\"]}]},{\"@type\":\"ImageObject\",\"inLanguage\":\"et\",\"@id\":\"https:\\\/\\\/blog.erm.ee\\\/?p=5912#primaryimage\",\"url\":\"https:\\\/\\\/blog.erm.ee\\\/wp-content\\\/uploads\\\/2015\\\/02\\\/ak0064.jpg\",\"contentUrl\":\"https:\\\/\\\/blog.erm.ee\\\/wp-content\\\/uploads\\\/2015\\\/02\\\/ak0064.jpg\",\"width\":801,\"height\":1200},{\"@type\":\"BreadcrumbList\",\"@id\":\"https:\\\/\\\/blog.erm.ee\\\/?p=5912#breadcrumb\",\"itemListElement\":[{\"@type\":\"ListItem\",\"position\":1,\"name\":\"Home\",\"item\":\"https:\\\/\\\/blog.erm.ee\\\/\"},{\"@type\":\"ListItem\",\"position\":2,\"name\":\"V\u00e4ike Balti narratiiv\"}]},{\"@type\":\"WebSite\",\"@id\":\"https:\\\/\\\/blog.erm.ee\\\/#website\",\"url\":\"https:\\\/\\\/blog.erm.ee\\\/\",\"name\":\"Eesti Rahva Muuseumi ajaveeb\",\"description\":\"\",\"potentialAction\":[{\"@type\":\"SearchAction\",\"target\":{\"@type\":\"EntryPoint\",\"urlTemplate\":\"https:\\\/\\\/blog.erm.ee\\\/?s={search_term_string}\"},\"query-input\":{\"@type\":\"PropertyValueSpecification\",\"valueRequired\":true,\"valueName\":\"search_term_string\"}}],\"inLanguage\":\"et\"},{\"@type\":\"Person\",\"@id\":\"https:\\\/\\\/blog.erm.ee\\\/#\\\/schema\\\/person\\\/6e98c391cb00a33e7c22a3571e062114\",\"name\":\"Eesti Rahva Muuseum\",\"image\":{\"@type\":\"ImageObject\",\"inLanguage\":\"et\",\"@id\":\"https:\\\/\\\/secure.gravatar.com\\\/avatar\\\/cb6d9ad5fb49f3f7315028ce5fe60641075f2cb52b8a058ff5a985fa2d8c1da0?s=96&d=mm&r=g\",\"url\":\"https:\\\/\\\/secure.gravatar.com\\\/avatar\\\/cb6d9ad5fb49f3f7315028ce5fe60641075f2cb52b8a058ff5a985fa2d8c1da0?s=96&d=mm&r=g\",\"contentUrl\":\"https:\\\/\\\/secure.gravatar.com\\\/avatar\\\/cb6d9ad5fb49f3f7315028ce5fe60641075f2cb52b8a058ff5a985fa2d8c1da0?s=96&d=mm&r=g\",\"caption\":\"Eesti Rahva Muuseum\"},\"sameAs\":[\"http:\\\/\\\/www.erm.ee\"],\"url\":\"https:\\\/\\\/blog.erm.ee\\\/?author=1\"}]}<\/script>\n<!-- \/ Yoast SEO plugin. -->","yoast_head_json":{"title":"V\u00e4ike Balti narratiiv - Eesti Rahva Muuseumi ajaveeb","robots":{"index":"index","follow":"follow","max-snippet":"max-snippet:-1","max-image-preview":"max-image-preview:large","max-video-preview":"max-video-preview:-1"},"canonical":"https:\/\/blog.erm.ee\/?p=5912","og_locale":"et_EE","og_type":"article","og_title":"V\u00e4ike Balti narratiiv - Eesti Rahva Muuseumi ajaveeb","og_description":"Tekst: Kaarel Tarand,\u00a0avalike ja v\u00e4lissuhete juht Fotod: Arp Karm \u201eRaske k\u00e4si pandi tema \u00f5la p\u00e4\u00e4le, madal h\u00e4\u00e4l \u00fctles: \u201eTeie olete m\u00f5rtsukas!\u201c Nagu piksest rabatud vahtis \u2026 \u00fcmber. Tema ees seisis pikk musta mantliga mees. \u201eTeie olete m\u00f5rtsukas,\u201c kordas v\u00f5\u00f5ras tumedalt.\u201c Nii oleks j\u00e4rgnevat lugu alustanud sotsiaaldemokraat Eduard Vilde (ja oma jutustust \u201eMusta mantliga mees\u201c ta&hellip;","og_url":"https:\/\/blog.erm.ee\/?p=5912","og_site_name":"Eesti Rahva Muuseumi ajaveeb","article_published_time":"2015-02-05T06:59:51+00:00","article_modified_time":"2015-02-05T11:55:16+00:00","og_image":[{"width":801,"height":1200,"url":"https:\/\/blog.erm.ee\/wp-content\/uploads\/2015\/02\/ak0064.jpg","type":"image\/jpeg"}],"author":"Eesti Rahva Muuseum","twitter_card":"summary_large_image","twitter_misc":{"Written by":"Eesti Rahva Muuseum","Est. reading time":"3 minutit"},"schema":{"@context":"https:\/\/schema.org","@graph":[{"@type":"Article","@id":"https:\/\/blog.erm.ee\/?p=5912#article","isPartOf":{"@id":"https:\/\/blog.erm.ee\/?p=5912"},"author":{"name":"Eesti Rahva Muuseum","@id":"https:\/\/blog.erm.ee\/#\/schema\/person\/6e98c391cb00a33e7c22a3571e062114"},"headline":"V\u00e4ike Balti narratiiv","datePublished":"2015-02-05T06:59:51+00:00","dateModified":"2015-02-05T11:55:16+00:00","mainEntityOfPage":{"@id":"https:\/\/blog.erm.ee\/?p=5912"},"wordCount":555,"commentCount":0,"image":{"@id":"https:\/\/blog.erm.ee\/?p=5912#primaryimage"},"thumbnailUrl":"https:\/\/blog.erm.ee\/wp-content\/uploads\/2015\/02\/ak0064.jpg","articleSection":["Museaal"],"inLanguage":"et","potentialAction":[{"@type":"CommentAction","name":"Comment","target":["https:\/\/blog.erm.ee\/?p=5912#respond"]}]},{"@type":"WebPage","@id":"https:\/\/blog.erm.ee\/?p=5912","url":"https:\/\/blog.erm.ee\/?p=5912","name":"V\u00e4ike Balti narratiiv - Eesti Rahva Muuseumi ajaveeb","isPartOf":{"@id":"https:\/\/blog.erm.ee\/#website"},"primaryImageOfPage":{"@id":"https:\/\/blog.erm.ee\/?p=5912#primaryimage"},"image":{"@id":"https:\/\/blog.erm.ee\/?p=5912#primaryimage"},"thumbnailUrl":"https:\/\/blog.erm.ee\/wp-content\/uploads\/2015\/02\/ak0064.jpg","datePublished":"2015-02-05T06:59:51+00:00","dateModified":"2015-02-05T11:55:16+00:00","author":{"@id":"https:\/\/blog.erm.ee\/#\/schema\/person\/6e98c391cb00a33e7c22a3571e062114"},"breadcrumb":{"@id":"https:\/\/blog.erm.ee\/?p=5912#breadcrumb"},"inLanguage":"et","potentialAction":[{"@type":"ReadAction","target":["https:\/\/blog.erm.ee\/?p=5912"]}]},{"@type":"ImageObject","inLanguage":"et","@id":"https:\/\/blog.erm.ee\/?p=5912#primaryimage","url":"https:\/\/blog.erm.ee\/wp-content\/uploads\/2015\/02\/ak0064.jpg","contentUrl":"https:\/\/blog.erm.ee\/wp-content\/uploads\/2015\/02\/ak0064.jpg","width":801,"height":1200},{"@type":"BreadcrumbList","@id":"https:\/\/blog.erm.ee\/?p=5912#breadcrumb","itemListElement":[{"@type":"ListItem","position":1,"name":"Home","item":"https:\/\/blog.erm.ee\/"},{"@type":"ListItem","position":2,"name":"V\u00e4ike Balti narratiiv"}]},{"@type":"WebSite","@id":"https:\/\/blog.erm.ee\/#website","url":"https:\/\/blog.erm.ee\/","name":"Eesti Rahva Muuseumi ajaveeb","description":"","potentialAction":[{"@type":"SearchAction","target":{"@type":"EntryPoint","urlTemplate":"https:\/\/blog.erm.ee\/?s={search_term_string}"},"query-input":{"@type":"PropertyValueSpecification","valueRequired":true,"valueName":"search_term_string"}}],"inLanguage":"et"},{"@type":"Person","@id":"https:\/\/blog.erm.ee\/#\/schema\/person\/6e98c391cb00a33e7c22a3571e062114","name":"Eesti Rahva Muuseum","image":{"@type":"ImageObject","inLanguage":"et","@id":"https:\/\/secure.gravatar.com\/avatar\/cb6d9ad5fb49f3f7315028ce5fe60641075f2cb52b8a058ff5a985fa2d8c1da0?s=96&d=mm&r=g","url":"https:\/\/secure.gravatar.com\/avatar\/cb6d9ad5fb49f3f7315028ce5fe60641075f2cb52b8a058ff5a985fa2d8c1da0?s=96&d=mm&r=g","contentUrl":"https:\/\/secure.gravatar.com\/avatar\/cb6d9ad5fb49f3f7315028ce5fe60641075f2cb52b8a058ff5a985fa2d8c1da0?s=96&d=mm&r=g","caption":"Eesti Rahva Muuseum"},"sameAs":["http:\/\/www.erm.ee"],"url":"https:\/\/blog.erm.ee\/?author=1"}]}},"jetpack_featured_media_url":"https:\/\/blog.erm.ee\/wp-content\/uploads\/2015\/02\/ak0064.jpg","jetpack_shortlink":"https:\/\/wp.me\/p2l9Zd-1xm","jetpack_sharing_enabled":true,"jetpack_likes_enabled":true,"_links":{"self":[{"href":"https:\/\/blog.erm.ee\/index.php?rest_route=\/wp\/v2\/posts\/5912","targetHints":{"allow":["GET"]}}],"collection":[{"href":"https:\/\/blog.erm.ee\/index.php?rest_route=\/wp\/v2\/posts"}],"about":[{"href":"https:\/\/blog.erm.ee\/index.php?rest_route=\/wp\/v2\/types\/post"}],"author":[{"embeddable":true,"href":"https:\/\/blog.erm.ee\/index.php?rest_route=\/wp\/v2\/users\/1"}],"replies":[{"embeddable":true,"href":"https:\/\/blog.erm.ee\/index.php?rest_route=%2Fwp%2Fv2%2Fcomments&post=5912"}],"version-history":[{"count":2,"href":"https:\/\/blog.erm.ee\/index.php?rest_route=\/wp\/v2\/posts\/5912\/revisions"}],"predecessor-version":[{"id":5916,"href":"https:\/\/blog.erm.ee\/index.php?rest_route=\/wp\/v2\/posts\/5912\/revisions\/5916"}],"wp:featuredmedia":[{"embeddable":true,"href":"https:\/\/blog.erm.ee\/index.php?rest_route=\/wp\/v2\/media\/5914"}],"wp:attachment":[{"href":"https:\/\/blog.erm.ee\/index.php?rest_route=%2Fwp%2Fv2%2Fmedia&parent=5912"}],"wp:term":[{"taxonomy":"category","embeddable":true,"href":"https:\/\/blog.erm.ee\/index.php?rest_route=%2Fwp%2Fv2%2Fcategories&post=5912"},{"taxonomy":"post_tag","embeddable":true,"href":"https:\/\/blog.erm.ee\/index.php?rest_route=%2Fwp%2Fv2%2Ftags&post=5912"}],"curies":[{"name":"wp","href":"https:\/\/api.w.org\/{rel}","templated":true}]}}