{"id":5900,"date":"2015-02-03T08:00:59","date_gmt":"2015-02-03T06:00:59","guid":{"rendered":"http:\/\/blog.erm.ee\/?p=5900"},"modified":"2015-02-03T17:43:07","modified_gmt":"2015-02-03T15:43:07","slug":"kurisoo-moisa-kasitoolaua-konserveerimine-vol-2","status":"publish","type":"post","link":"https:\/\/blog.erm.ee\/?p=5900","title":{"rendered":"Kurisoo m\u00f5isa k\u00e4sit\u00f6\u00f6laua konserveerimine, vol. 2"},"content":{"rendered":"<div class=\"fcbkbttn_buttons_block\" id=\"fcbkbttn_left\"><div class=\"fcbkbttn_like \"><fb:like href=\"https:\/\/blog.erm.ee\/?p=5900\" action=\"like\" colorscheme=\"light\" layout=\"standard\"  width=\"225px\" size=\"small\"><\/fb:like><\/div><div class=\"fb-share-button  \" data-href=\"https:\/\/blog.erm.ee\/?p=5900\" data-type=\"button\" data-size=\"small\"><\/div><\/div><p><em>Tekst: Indrek Tirrul, konservaator<br \/>\nFotod: Anu Ansu, Merilyn Suve<br \/>\nVideo: Maido Selgm\u00e4e<br \/>\n<\/em><\/p>\n<p><a href=\"https:\/\/blog.erm.ee\/?p=1102\" target=\"_blank\">Esimeses teemakohases postituses<\/a> sai lubatud, et annan j\u00e4rgmisel aastal teada, kuidas t\u00f6\u00f6 edeneb. J\u00e4rgmisest sai \u00fcle-\u00fclej\u00e4rgmine aasta. Tark ei torma.<\/p>\n<p><a href=\"https:\/\/blog.erm.ee\/wp-content\/uploads\/2015\/02\/Laud_foto_Anu_Ansu_Merilyn_Suve.jpg\"><img loading=\"lazy\" decoding=\"async\" data-attachment-id=\"5902\" data-permalink=\"https:\/\/blog.erm.ee\/?attachment_id=5902#main\" data-orig-file=\"https:\/\/blog.erm.ee\/wp-content\/uploads\/2015\/02\/Laud_foto_Anu_Ansu_Merilyn_Suve.jpg\" data-orig-size=\"6144,3809\" data-comments-opened=\"1\" data-image-meta=\"{&quot;aperture&quot;:&quot;0&quot;,&quot;credit&quot;:&quot;&quot;,&quot;camera&quot;:&quot;&quot;,&quot;caption&quot;:&quot;[#Beginning of Shooting Data Section]\\rNikon D200\\rFocal Length: 46mm\\rOptimize Image: Custom\\rColor Mode: Mode II (Adobe RGB)\\rLong Exposure NR: Off\\rHigh ISO NR: Off\\r2011\/12\/15 16:19:33.7\\rExposure Mode: Manual\\rWhite Balance: Preset d-4\\rTone Comp.: User-Defined Custom Curve\\rRAW (12-bit)\\rMetering Mode: Center-Weighted\\rAF Mode: AF-S\\rHue Adjustment: 0\\u00b0\\rImage Size: Large (3872 x 2592)\\r1\/80 sec - F\/16\\rFlash Sync Mode: Not Attached\\rSaturation: Normal\\rColor\\rExposure Comp.: 0 EV\\rSharpening: Medium high\\rLens: VR 18-200mm F\/3.5-5.6 G\\rSensitivity: ISO 100\\rImage Comment:                                     \\r[#End of Shooting Data Section]&quot;,&quot;created_timestamp&quot;:&quot;1323965973&quot;,&quot;copyright&quot;:&quot;&quot;,&quot;focal_length&quot;:&quot;0&quot;,&quot;iso&quot;:&quot;0&quot;,&quot;shutter_speed&quot;:&quot;0&quot;,&quot;title&quot;:&quot;&quot;,&quot;orientation&quot;:&quot;0&quot;}\" data-image-title=\"Laud_foto_Anu_Ansu_Merilyn_Suve\" data-image-description=\"&lt;p&gt;[#Beginning of Shooting Data Section]&lt;br \/&gt;\nNikon D200&lt;br \/&gt;\nFocal Length: 46mm&lt;br \/&gt;\nOptimize Image: Custom&lt;br \/&gt;\nColor Mode: Mode II (Adobe RGB)&lt;br \/&gt;\nLong Exposure NR: Off&lt;br \/&gt;\nHigh ISO NR: Off&lt;br \/&gt;\n2011\/12\/15 16:19:33.7&lt;br \/&gt;\nExposure Mode: Manual&lt;br \/&gt;\nWhite Balance: Preset d-4&lt;br \/&gt;\nTone Comp.: User-Defined Custom Curve&lt;br \/&gt;\nRAW (12-bit)&lt;br \/&gt;\nMetering Mode: Center-Weighted&lt;br \/&gt;\nAF Mode: AF-S&lt;br \/&gt;\nHue Adjustment: 0\u00b0&lt;br \/&gt;\nImage Size: Large (3872 x 2592)&lt;br \/&gt;\n1\/80 sec &amp;#8211; F\/16&lt;br \/&gt;\nFlash Sync Mode: Not Attached&lt;br \/&gt;\nSaturation: Normal&lt;br \/&gt;\nColor&lt;br \/&gt;\nExposure Comp.: 0 EV&lt;br \/&gt;\nSharpening: Medium high&lt;br \/&gt;\nLens: VR 18-200mm F\/3.5-5.6 G&lt;br \/&gt;\nSensitivity: ISO 100&lt;br \/&gt;\nImage Comment:&lt;br \/&gt;\n[#End of Shooting Data Section]&lt;\/p&gt;\n\" data-image-caption=\"\" data-large-file=\"https:\/\/blog.erm.ee\/wp-content\/uploads\/2015\/02\/Laud_foto_Anu_Ansu_Merilyn_Suve-1024x635.jpg\" class=\"alignnone size-full wp-image-5902\" src=\"https:\/\/blog.erm.ee\/wp-content\/uploads\/2015\/02\/Laud_foto_Anu_Ansu_Merilyn_Suve.jpg\" alt=\"Laud_foto_Anu_Ansu_Merilyn_Suve\" width=\"6144\" height=\"3809\" srcset=\"https:\/\/blog.erm.ee\/wp-content\/uploads\/2015\/02\/Laud_foto_Anu_Ansu_Merilyn_Suve.jpg 6144w, https:\/\/blog.erm.ee\/wp-content\/uploads\/2015\/02\/Laud_foto_Anu_Ansu_Merilyn_Suve-419x260.jpg 419w, https:\/\/blog.erm.ee\/wp-content\/uploads\/2015\/02\/Laud_foto_Anu_Ansu_Merilyn_Suve-300x186.jpg 300w, https:\/\/blog.erm.ee\/wp-content\/uploads\/2015\/02\/Laud_foto_Anu_Ansu_Merilyn_Suve-1024x635.jpg 1024w\" sizes=\"auto, (max-width: 6144px) 100vw, 6144px\" \/><\/a><em>Kurisoo m\u00f5isa k\u00e4sit\u00f6\u00f6laud enne ja p\u00e4rast konserveerimist.<\/em><\/p>\n<p>J\u00e4tkan siis sealt, kus pooleli j\u00e4i ehk k\u00fcsitluse tulemustest.<\/p>\n<p>Osav\u00f5tjatelt k\u00fcsiti: 1. Kas konserveerida see, mis on s\u00e4ilinud; 2. taastada ese endises hiilguses ehk restaureerida; 3. kustutada ese kogudest kui h\u00e4vinud.<\/p>\n<p>K\u00fcsitluste tulemusena soovis enamik vastanuid konserveerida seda, mis on s\u00e4ilinud. Tuginedes eelnevale ajur\u00fcnnakule, otsustasin laua esteetilist terviklikkust silmas pidades taastada ka puuduvad konstruktsiooni, inkrustatsiooni ja vineeringu osad.<\/p>\n<p>Esmalt dokumenteeriti eseme esialgne seisund ning lauda pildistati nii loomulikus kui UV-valguses. Tartu \u00dclikooli arheoloogia osakonnas oli v\u00f5imalus kasutada ka mikroskoopi, millega saime uurida viimistluskihte ja samal ajal erinevates valgustes pildistada. See oli suureks abiks, lisaks UV-valgus ja ajalooline taust, m\u00e4\u00e4ramaks \u0161ellakit viimistluskihiks. Liimaine ja inkrusteeringu t\u00e4iteaine kindlakstegemiseks kasutasin lahustuvustesti, tulemuseks sain, et liimaineks on orgaaniline liim ja t\u00e4iteaine lisandiks ilmselt puidutolm.<\/p>\n<p>V\u00e4\u00e4rispuidu kindlakstegemisel kasutasin puidun\u00e4idiseid ja eseme analooge kirjandusest. Tulemuseks sain Rio palisanderi, mida vanasti on intarsiat\u00f6\u00f6des laialdaselt kasutatud, kuid praeguseks on selle puuliigi import \u00fcleraiumise tagaj\u00e4rjel keelatud. Siiski \u00f5nnestus leida vajaminev materjal \u201cvanades varudest\u201c, mis on toodud meile enne keeluaega.<\/p>\n<p>Inkrusteeringu kaod tuli taastada, kuid probleemseks osutus \u00fclemine sahtel. Ilmselt on see olnud lukus ja v\u00f5ti kadunud. J\u00f5udu kasutades on sahtel sisse l\u00fckatud, mille tulemusena on lukukorpus surunud esipaneelist fragmendi v\u00e4lja (mitte p\u00f5lenud, nagu v\u00f5ib pildilt petlikult tunduda, vaid mustaks v\u00e4rvitud), sest paneeli paksus luku kohal on vaid 3 mm. Alumise sahtliga on juhtunud vastupidine: \u00f5nneks on fragment kadunud seestpoolt. Kolleegidega arutades leidsime, et kuna suured kaod olid nii inkrusteeringus kui puitmaterjalis, tuleb eemaldada \u00fclemise sahtli esipaneel ja asendada see koopiaga. Originaal j\u00e4\u00e4b loomulikult n\u00e4idiseks eelnevast ajast.<\/p>\n<p>Suureks abiks oli k\u00fclask\u00e4ik T\u00dc Viljandi Kultuuriakadeemia metalliinkubaatorisse. Sealt sai uusi m\u00f5tteid inkrusteeringu taastamiseks ja vastavate t\u00f6\u00f6vahendite leidmiseks. Tartu \u201e ARSi\u201c metallit\u00f6\u00f6kojas tehti \u00fcmarast messingtraadist kalibreeritud nelikantmaterjal, mida sain kasutada inkrusteeringu \u00e4\u00e4ristuses.<\/p>\n<p>\u00dcheks suureks probleemiks oli k\u00fclgmisi lauaplaate kandvate konsoolide, mis lauaplaatide langetamisel pidid liikuma korpusesse, puudumine. Olid ainult s\u00fcvendid korpuses. Seega tuli need tuletada ja ma usun, et p\u00e4rast mitmeid praktilisi katsetusi, said need \u00fcsnagi sarnased algup\u00e4rastega.<\/p>\n<p>Kui konserveerimiskava ja meetodid selgeks said, oli mul aeg hakata teostama. Projekti finantseeris Eesti Rahva Muuseum. N\u00fc\u00fcdseks on k\u00e4sit\u00f6\u00f6laud eksponeeritav ja kindlasti m\u00f5ned v\u00e4\u00e4rtused juurde saanud.<\/p>\n<p>Konserveerimisprojekt sai nominatsiooni Eesti Muuseumide Aastaauhinnale 2014, mille tarbeks valmis tuvustav videol\u00f5ik.<\/p>\n<p><span class=\"embed-youtube\" style=\"text-align:center; display: block;\"><iframe loading=\"lazy\" class=\"youtube-player\" width=\"700\" height=\"394\" src=\"https:\/\/www.youtube.com\/embed\/jyYmb2zVeIw?version=3&#038;rel=1&#038;showsearch=0&#038;showinfo=1&#038;iv_load_policy=1&#038;fs=1&#038;hl=et&#038;autohide=2&#038;wmode=transparent\" allowfullscreen=\"true\" style=\"border:0;\" sandbox=\"allow-scripts allow-same-origin allow-popups allow-presentation allow-popups-to-escape-sandbox\"><\/iframe><\/span><\/p>\n<div class=\"fcbkbttn_buttons_block\" id=\"fcbkbttn_left\"><div class=\"fcbkbttn_like \"><fb:like href=\"https:\/\/blog.erm.ee\/?p=5900\" action=\"like\" colorscheme=\"light\" layout=\"standard\"  width=\"225px\" size=\"small\"><\/fb:like><\/div><div class=\"fb-share-button  \" data-href=\"https:\/\/blog.erm.ee\/?p=5900\" data-type=\"button\" data-size=\"small\"><\/div><\/div>","protected":false},"excerpt":{"rendered":"<p>Tekst: Indrek Tirrul, konservaator Fotod: Anu Ansu, Merilyn Suve Video: Maido Selgm\u00e4e Esimeses teemakohases postituses sai lubatud, et annan j\u00e4rgmisel aastal teada, kuidas t\u00f6\u00f6 edeneb. J\u00e4rgmisest sai \u00fcle-\u00fclej\u00e4rgmine aasta. Tark ei torma. Kurisoo m\u00f5isa k\u00e4sit\u00f6\u00f6laud enne ja p\u00e4rast konserveerimist. J\u00e4tkan siis sealt, kus pooleli j\u00e4i ehk k\u00fcsitluse tulemustest. Osav\u00f5tjatelt k\u00fcsiti: 1. Kas konserveerida see, mis&hellip;<\/p>\n","protected":false},"author":1,"featured_media":5902,"comment_status":"open","ping_status":"open","sticky":false,"template":"","format":"standard","meta":{"_monsterinsights_skip_tracking":false,"_monsterinsights_sitenote_active":false,"_monsterinsights_sitenote_note":"","_monsterinsights_sitenote_category":0,"jetpack_post_was_ever_published":false,"_jetpack_newsletter_access":"","_jetpack_dont_email_post_to_subs":false,"_jetpack_newsletter_tier_id":0,"_jetpack_memberships_contains_paywalled_content":false,"_jetpack_memberships_contains_paid_content":false,"footnotes":""},"categories":[9],"tags":[],"class_list":["post-5900","post","type-post","status-publish","format-standard","has-post-thumbnail","hentry","category-konserveerimine"],"yoast_head":"<!-- This site is optimized with the Yoast SEO plugin v27.5 - https:\/\/yoast.com\/product\/yoast-seo-wordpress\/ -->\n<title>Kurisoo m\u00f5isa k\u00e4sit\u00f6\u00f6laua konserveerimine, vol. 2 - Eesti Rahva Muuseumi ajaveeb<\/title>\n<meta name=\"robots\" content=\"index, follow, max-snippet:-1, max-image-preview:large, max-video-preview:-1\" \/>\n<link rel=\"canonical\" href=\"https:\/\/blog.erm.ee\/?p=5900\" \/>\n<meta property=\"og:locale\" content=\"et_EE\" \/>\n<meta property=\"og:type\" content=\"article\" \/>\n<meta property=\"og:title\" content=\"Kurisoo m\u00f5isa k\u00e4sit\u00f6\u00f6laua konserveerimine, vol. 2 - Eesti Rahva Muuseumi ajaveeb\" \/>\n<meta property=\"og:description\" content=\"Tekst: Indrek Tirrul, konservaator Fotod: Anu Ansu, Merilyn Suve Video: Maido Selgm\u00e4e Esimeses teemakohases postituses sai lubatud, et annan j\u00e4rgmisel aastal teada, kuidas t\u00f6\u00f6 edeneb. J\u00e4rgmisest sai \u00fcle-\u00fclej\u00e4rgmine aasta. Tark ei torma. Kurisoo m\u00f5isa k\u00e4sit\u00f6\u00f6laud enne ja p\u00e4rast konserveerimist. J\u00e4tkan siis sealt, kus pooleli j\u00e4i ehk k\u00fcsitluse tulemustest. Osav\u00f5tjatelt k\u00fcsiti: 1. Kas konserveerida see, mis&hellip;\" \/>\n<meta property=\"og:url\" content=\"https:\/\/blog.erm.ee\/?p=5900\" \/>\n<meta property=\"og:site_name\" content=\"Eesti Rahva Muuseumi ajaveeb\" \/>\n<meta property=\"article:published_time\" content=\"2015-02-03T06:00:59+00:00\" \/>\n<meta property=\"article:modified_time\" content=\"2015-02-03T15:43:07+00:00\" \/>\n<meta property=\"og:image\" content=\"https:\/\/blog.erm.ee\/wp-content\/uploads\/2015\/02\/Laud_foto_Anu_Ansu_Merilyn_Suve-1024x635.jpg\" \/>\n\t<meta property=\"og:image:width\" content=\"1024\" \/>\n\t<meta property=\"og:image:height\" content=\"635\" \/>\n\t<meta property=\"og:image:type\" content=\"image\/jpeg\" \/>\n<meta name=\"author\" content=\"Eesti Rahva Muuseum\" \/>\n<meta name=\"twitter:card\" content=\"summary_large_image\" \/>\n<meta name=\"twitter:label1\" content=\"Written by\" \/>\n\t<meta name=\"twitter:data1\" content=\"Eesti Rahva Muuseum\" \/>\n\t<meta name=\"twitter:label2\" content=\"Est. reading time\" \/>\n\t<meta name=\"twitter:data2\" content=\"2 minutit\" \/>\n<script type=\"application\/ld+json\" class=\"yoast-schema-graph\">{\"@context\":\"https:\\\/\\\/schema.org\",\"@graph\":[{\"@type\":\"Article\",\"@id\":\"https:\\\/\\\/blog.erm.ee\\\/?p=5900#article\",\"isPartOf\":{\"@id\":\"https:\\\/\\\/blog.erm.ee\\\/?p=5900\"},\"author\":{\"name\":\"Eesti Rahva Muuseum\",\"@id\":\"https:\\\/\\\/blog.erm.ee\\\/#\\\/schema\\\/person\\\/6e98c391cb00a33e7c22a3571e062114\"},\"headline\":\"Kurisoo m\u00f5isa k\u00e4sit\u00f6\u00f6laua konserveerimine, vol. 2\",\"datePublished\":\"2015-02-03T06:00:59+00:00\",\"dateModified\":\"2015-02-03T15:43:07+00:00\",\"mainEntityOfPage\":{\"@id\":\"https:\\\/\\\/blog.erm.ee\\\/?p=5900\"},\"wordCount\":455,\"commentCount\":1,\"image\":{\"@id\":\"https:\\\/\\\/blog.erm.ee\\\/?p=5900#primaryimage\"},\"thumbnailUrl\":\"https:\\\/\\\/blog.erm.ee\\\/wp-content\\\/uploads\\\/2015\\\/02\\\/Laud_foto_Anu_Ansu_Merilyn_Suve.jpg\",\"articleSection\":[\"Konserveerimine\"],\"inLanguage\":\"et\",\"potentialAction\":[{\"@type\":\"CommentAction\",\"name\":\"Comment\",\"target\":[\"https:\\\/\\\/blog.erm.ee\\\/?p=5900#respond\"]}]},{\"@type\":\"WebPage\",\"@id\":\"https:\\\/\\\/blog.erm.ee\\\/?p=5900\",\"url\":\"https:\\\/\\\/blog.erm.ee\\\/?p=5900\",\"name\":\"Kurisoo m\u00f5isa k\u00e4sit\u00f6\u00f6laua konserveerimine, vol. 2 - Eesti Rahva Muuseumi ajaveeb\",\"isPartOf\":{\"@id\":\"https:\\\/\\\/blog.erm.ee\\\/#website\"},\"primaryImageOfPage\":{\"@id\":\"https:\\\/\\\/blog.erm.ee\\\/?p=5900#primaryimage\"},\"image\":{\"@id\":\"https:\\\/\\\/blog.erm.ee\\\/?p=5900#primaryimage\"},\"thumbnailUrl\":\"https:\\\/\\\/blog.erm.ee\\\/wp-content\\\/uploads\\\/2015\\\/02\\\/Laud_foto_Anu_Ansu_Merilyn_Suve.jpg\",\"datePublished\":\"2015-02-03T06:00:59+00:00\",\"dateModified\":\"2015-02-03T15:43:07+00:00\",\"author\":{\"@id\":\"https:\\\/\\\/blog.erm.ee\\\/#\\\/schema\\\/person\\\/6e98c391cb00a33e7c22a3571e062114\"},\"breadcrumb\":{\"@id\":\"https:\\\/\\\/blog.erm.ee\\\/?p=5900#breadcrumb\"},\"inLanguage\":\"et\",\"potentialAction\":[{\"@type\":\"ReadAction\",\"target\":[\"https:\\\/\\\/blog.erm.ee\\\/?p=5900\"]}]},{\"@type\":\"ImageObject\",\"inLanguage\":\"et\",\"@id\":\"https:\\\/\\\/blog.erm.ee\\\/?p=5900#primaryimage\",\"url\":\"https:\\\/\\\/blog.erm.ee\\\/wp-content\\\/uploads\\\/2015\\\/02\\\/Laud_foto_Anu_Ansu_Merilyn_Suve.jpg\",\"contentUrl\":\"https:\\\/\\\/blog.erm.ee\\\/wp-content\\\/uploads\\\/2015\\\/02\\\/Laud_foto_Anu_Ansu_Merilyn_Suve.jpg\",\"width\":6144,\"height\":3809},{\"@type\":\"BreadcrumbList\",\"@id\":\"https:\\\/\\\/blog.erm.ee\\\/?p=5900#breadcrumb\",\"itemListElement\":[{\"@type\":\"ListItem\",\"position\":1,\"name\":\"Home\",\"item\":\"https:\\\/\\\/blog.erm.ee\\\/\"},{\"@type\":\"ListItem\",\"position\":2,\"name\":\"Kurisoo m\u00f5isa k\u00e4sit\u00f6\u00f6laua konserveerimine, vol. 2\"}]},{\"@type\":\"WebSite\",\"@id\":\"https:\\\/\\\/blog.erm.ee\\\/#website\",\"url\":\"https:\\\/\\\/blog.erm.ee\\\/\",\"name\":\"Eesti Rahva Muuseumi ajaveeb\",\"description\":\"\",\"potentialAction\":[{\"@type\":\"SearchAction\",\"target\":{\"@type\":\"EntryPoint\",\"urlTemplate\":\"https:\\\/\\\/blog.erm.ee\\\/?s={search_term_string}\"},\"query-input\":{\"@type\":\"PropertyValueSpecification\",\"valueRequired\":true,\"valueName\":\"search_term_string\"}}],\"inLanguage\":\"et\"},{\"@type\":\"Person\",\"@id\":\"https:\\\/\\\/blog.erm.ee\\\/#\\\/schema\\\/person\\\/6e98c391cb00a33e7c22a3571e062114\",\"name\":\"Eesti Rahva Muuseum\",\"image\":{\"@type\":\"ImageObject\",\"inLanguage\":\"et\",\"@id\":\"https:\\\/\\\/secure.gravatar.com\\\/avatar\\\/cb6d9ad5fb49f3f7315028ce5fe60641075f2cb52b8a058ff5a985fa2d8c1da0?s=96&d=mm&r=g\",\"url\":\"https:\\\/\\\/secure.gravatar.com\\\/avatar\\\/cb6d9ad5fb49f3f7315028ce5fe60641075f2cb52b8a058ff5a985fa2d8c1da0?s=96&d=mm&r=g\",\"contentUrl\":\"https:\\\/\\\/secure.gravatar.com\\\/avatar\\\/cb6d9ad5fb49f3f7315028ce5fe60641075f2cb52b8a058ff5a985fa2d8c1da0?s=96&d=mm&r=g\",\"caption\":\"Eesti Rahva Muuseum\"},\"sameAs\":[\"http:\\\/\\\/www.erm.ee\"],\"url\":\"https:\\\/\\\/blog.erm.ee\\\/?author=1\"}]}<\/script>\n<!-- \/ Yoast SEO plugin. -->","yoast_head_json":{"title":"Kurisoo m\u00f5isa k\u00e4sit\u00f6\u00f6laua konserveerimine, vol. 2 - Eesti Rahva Muuseumi ajaveeb","robots":{"index":"index","follow":"follow","max-snippet":"max-snippet:-1","max-image-preview":"max-image-preview:large","max-video-preview":"max-video-preview:-1"},"canonical":"https:\/\/blog.erm.ee\/?p=5900","og_locale":"et_EE","og_type":"article","og_title":"Kurisoo m\u00f5isa k\u00e4sit\u00f6\u00f6laua konserveerimine, vol. 2 - Eesti Rahva Muuseumi ajaveeb","og_description":"Tekst: Indrek Tirrul, konservaator Fotod: Anu Ansu, Merilyn Suve Video: Maido Selgm\u00e4e Esimeses teemakohases postituses sai lubatud, et annan j\u00e4rgmisel aastal teada, kuidas t\u00f6\u00f6 edeneb. J\u00e4rgmisest sai \u00fcle-\u00fclej\u00e4rgmine aasta. Tark ei torma. Kurisoo m\u00f5isa k\u00e4sit\u00f6\u00f6laud enne ja p\u00e4rast konserveerimist. J\u00e4tkan siis sealt, kus pooleli j\u00e4i ehk k\u00fcsitluse tulemustest. Osav\u00f5tjatelt k\u00fcsiti: 1. Kas konserveerida see, mis&hellip;","og_url":"https:\/\/blog.erm.ee\/?p=5900","og_site_name":"Eesti Rahva Muuseumi ajaveeb","article_published_time":"2015-02-03T06:00:59+00:00","article_modified_time":"2015-02-03T15:43:07+00:00","og_image":[{"width":1024,"height":635,"url":"https:\/\/blog.erm.ee\/wp-content\/uploads\/2015\/02\/Laud_foto_Anu_Ansu_Merilyn_Suve-1024x635.jpg","type":"image\/jpeg"}],"author":"Eesti Rahva Muuseum","twitter_card":"summary_large_image","twitter_misc":{"Written by":"Eesti Rahva Muuseum","Est. reading time":"2 minutit"},"schema":{"@context":"https:\/\/schema.org","@graph":[{"@type":"Article","@id":"https:\/\/blog.erm.ee\/?p=5900#article","isPartOf":{"@id":"https:\/\/blog.erm.ee\/?p=5900"},"author":{"name":"Eesti Rahva Muuseum","@id":"https:\/\/blog.erm.ee\/#\/schema\/person\/6e98c391cb00a33e7c22a3571e062114"},"headline":"Kurisoo m\u00f5isa k\u00e4sit\u00f6\u00f6laua konserveerimine, vol. 2","datePublished":"2015-02-03T06:00:59+00:00","dateModified":"2015-02-03T15:43:07+00:00","mainEntityOfPage":{"@id":"https:\/\/blog.erm.ee\/?p=5900"},"wordCount":455,"commentCount":1,"image":{"@id":"https:\/\/blog.erm.ee\/?p=5900#primaryimage"},"thumbnailUrl":"https:\/\/blog.erm.ee\/wp-content\/uploads\/2015\/02\/Laud_foto_Anu_Ansu_Merilyn_Suve.jpg","articleSection":["Konserveerimine"],"inLanguage":"et","potentialAction":[{"@type":"CommentAction","name":"Comment","target":["https:\/\/blog.erm.ee\/?p=5900#respond"]}]},{"@type":"WebPage","@id":"https:\/\/blog.erm.ee\/?p=5900","url":"https:\/\/blog.erm.ee\/?p=5900","name":"Kurisoo m\u00f5isa k\u00e4sit\u00f6\u00f6laua konserveerimine, vol. 2 - Eesti Rahva Muuseumi ajaveeb","isPartOf":{"@id":"https:\/\/blog.erm.ee\/#website"},"primaryImageOfPage":{"@id":"https:\/\/blog.erm.ee\/?p=5900#primaryimage"},"image":{"@id":"https:\/\/blog.erm.ee\/?p=5900#primaryimage"},"thumbnailUrl":"https:\/\/blog.erm.ee\/wp-content\/uploads\/2015\/02\/Laud_foto_Anu_Ansu_Merilyn_Suve.jpg","datePublished":"2015-02-03T06:00:59+00:00","dateModified":"2015-02-03T15:43:07+00:00","author":{"@id":"https:\/\/blog.erm.ee\/#\/schema\/person\/6e98c391cb00a33e7c22a3571e062114"},"breadcrumb":{"@id":"https:\/\/blog.erm.ee\/?p=5900#breadcrumb"},"inLanguage":"et","potentialAction":[{"@type":"ReadAction","target":["https:\/\/blog.erm.ee\/?p=5900"]}]},{"@type":"ImageObject","inLanguage":"et","@id":"https:\/\/blog.erm.ee\/?p=5900#primaryimage","url":"https:\/\/blog.erm.ee\/wp-content\/uploads\/2015\/02\/Laud_foto_Anu_Ansu_Merilyn_Suve.jpg","contentUrl":"https:\/\/blog.erm.ee\/wp-content\/uploads\/2015\/02\/Laud_foto_Anu_Ansu_Merilyn_Suve.jpg","width":6144,"height":3809},{"@type":"BreadcrumbList","@id":"https:\/\/blog.erm.ee\/?p=5900#breadcrumb","itemListElement":[{"@type":"ListItem","position":1,"name":"Home","item":"https:\/\/blog.erm.ee\/"},{"@type":"ListItem","position":2,"name":"Kurisoo m\u00f5isa k\u00e4sit\u00f6\u00f6laua konserveerimine, vol. 2"}]},{"@type":"WebSite","@id":"https:\/\/blog.erm.ee\/#website","url":"https:\/\/blog.erm.ee\/","name":"Eesti Rahva Muuseumi ajaveeb","description":"","potentialAction":[{"@type":"SearchAction","target":{"@type":"EntryPoint","urlTemplate":"https:\/\/blog.erm.ee\/?s={search_term_string}"},"query-input":{"@type":"PropertyValueSpecification","valueRequired":true,"valueName":"search_term_string"}}],"inLanguage":"et"},{"@type":"Person","@id":"https:\/\/blog.erm.ee\/#\/schema\/person\/6e98c391cb00a33e7c22a3571e062114","name":"Eesti Rahva Muuseum","image":{"@type":"ImageObject","inLanguage":"et","@id":"https:\/\/secure.gravatar.com\/avatar\/cb6d9ad5fb49f3f7315028ce5fe60641075f2cb52b8a058ff5a985fa2d8c1da0?s=96&d=mm&r=g","url":"https:\/\/secure.gravatar.com\/avatar\/cb6d9ad5fb49f3f7315028ce5fe60641075f2cb52b8a058ff5a985fa2d8c1da0?s=96&d=mm&r=g","contentUrl":"https:\/\/secure.gravatar.com\/avatar\/cb6d9ad5fb49f3f7315028ce5fe60641075f2cb52b8a058ff5a985fa2d8c1da0?s=96&d=mm&r=g","caption":"Eesti Rahva Muuseum"},"sameAs":["http:\/\/www.erm.ee"],"url":"https:\/\/blog.erm.ee\/?author=1"}]}},"jetpack_featured_media_url":"https:\/\/blog.erm.ee\/wp-content\/uploads\/2015\/02\/Laud_foto_Anu_Ansu_Merilyn_Suve.jpg","jetpack_shortlink":"https:\/\/wp.me\/p2l9Zd-1xa","jetpack_sharing_enabled":true,"jetpack_likes_enabled":true,"_links":{"self":[{"href":"https:\/\/blog.erm.ee\/index.php?rest_route=\/wp\/v2\/posts\/5900","targetHints":{"allow":["GET"]}}],"collection":[{"href":"https:\/\/blog.erm.ee\/index.php?rest_route=\/wp\/v2\/posts"}],"about":[{"href":"https:\/\/blog.erm.ee\/index.php?rest_route=\/wp\/v2\/types\/post"}],"author":[{"embeddable":true,"href":"https:\/\/blog.erm.ee\/index.php?rest_route=\/wp\/v2\/users\/1"}],"replies":[{"embeddable":true,"href":"https:\/\/blog.erm.ee\/index.php?rest_route=%2Fwp%2Fv2%2Fcomments&post=5900"}],"version-history":[{"count":6,"href":"https:\/\/blog.erm.ee\/index.php?rest_route=\/wp\/v2\/posts\/5900\/revisions"}],"predecessor-version":[{"id":5908,"href":"https:\/\/blog.erm.ee\/index.php?rest_route=\/wp\/v2\/posts\/5900\/revisions\/5908"}],"wp:featuredmedia":[{"embeddable":true,"href":"https:\/\/blog.erm.ee\/index.php?rest_route=\/wp\/v2\/media\/5902"}],"wp:attachment":[{"href":"https:\/\/blog.erm.ee\/index.php?rest_route=%2Fwp%2Fv2%2Fmedia&parent=5900"}],"wp:term":[{"taxonomy":"category","embeddable":true,"href":"https:\/\/blog.erm.ee\/index.php?rest_route=%2Fwp%2Fv2%2Fcategories&post=5900"},{"taxonomy":"post_tag","embeddable":true,"href":"https:\/\/blog.erm.ee\/index.php?rest_route=%2Fwp%2Fv2%2Ftags&post=5900"}],"curies":[{"name":"wp","href":"https:\/\/api.w.org\/{rel}","templated":true}]}}