{"id":5845,"date":"2015-01-20T08:38:12","date_gmt":"2015-01-20T06:38:12","guid":{"rendered":"http:\/\/blog.erm.ee\/?p=5845"},"modified":"2015-01-20T08:49:34","modified_gmt":"2015-01-20T06:49:34","slug":"parteid-panid-muuseumidele-pilgu-peale-ulevaade-valimisprogrammides-muuseume-puudutavast","status":"publish","type":"post","link":"https:\/\/blog.erm.ee\/?p=5845","title":{"rendered":"Parteid panid muuseumidele pilgu peale. \u00dclevaade valimisprogrammides muuseume puudutavast"},"content":{"rendered":"<div class=\"fcbkbttn_buttons_block\" id=\"fcbkbttn_left\"><div class=\"fcbkbttn_like \"><fb:like href=\"https:\/\/blog.erm.ee\/?p=5845\" action=\"like\" colorscheme=\"light\" layout=\"standard\"  width=\"225px\" size=\"small\"><\/fb:like><\/div><div class=\"fb-share-button  \" data-href=\"https:\/\/blog.erm.ee\/?p=5845\" data-type=\"button\" data-size=\"small\"><\/div><\/div><p><em>Kaarel Tarand, avalike suhete juht<\/em><\/p>\n<p>Muuseum pole glamuurne. Muuseum pole kohustuslik. Ilmselt aina suurem osa riigi poliitilisest juhtkonnast\/klassist suudab oma \u00f5nneliku ja j\u00f5uka elu nii \u00e4ra elada, et nad muuseumisse ei sattu. V\u00f5i kui, siis ametiisikuna n\u00e4iteks m\u00f5nd nurgakivi panema v\u00f5i linti l\u00f5ikama ja n\u00f5uniku kirjutatud lauseid deklameerima. Et siis hiljem omasuguste hulka naastes imestada: \u201eKrt, aru ma neist ei saa, mis asja nad seal ajavad ja sellise haleda raha eest. Mingi bisness see k\u00fcll ei ole<em>. Waste of space<\/em> nii majad kui inimesed!\u201c<\/p>\n<p>Museoloogi, ajaloolase, kunstiteadlase, etnoloogi, etnograafi, pedagoogi ja muu muuseumi taustaga inimesi erakondadesse ei kuulu. Kui kuuluks, siis peaks neilt muidugi n\u00f5udlikult k\u00fcsima, et kus nad siis magasid, kui erakondade kultuuriprogramme valimisteks kirja pandi. Et miks nad oma valdkonna lauseid sinna sisse ei saanud. Ei nad maganud, lihtsalt muuseumide ja riigijuhtimise vahel valitseb paks ja kuulikindel klaassein. Me n\u00e4eme \u00fcksteist, aga valitseja suhe muuseumit\u00f6\u00f6tajasse l\u00e4bi selle klaasi on palju h\u00f5redam kui muuseumit\u00f6\u00f6taja klaasitagune suhe eksponaati vitriinis. Sest tema jaoks on vitriinis oleval museaalil oma lugu ja hing. Ses esmanimetatud suhtes muuseumit\u00f6\u00f6taja hingestatud ja m\u00f5testatud, oma looga kodanikuks ei kvalifitseeru.<\/p>\n<p>K\u00f5ik need kurvad, ent mitte sugugi \u00fcllatuslikud j\u00e4reldused tegin lugedes ja otsingumootoriga l\u00e4bi kammides erakondade valimisprogramme m\u00e4rtsis toimuvateks riigikogu valimisteks. K\u00fcll oleks tahtnud, et rammusasse stagnatsioonirahusse suikunud parlamendierakondadele kinda visata lubanud parlamendiv\u00e4lised oleksid kasutanud oma v\u00f5imalusi neis ni\u0161\u0161ides, kus suured t\u00f6\u00f6 tegemata j\u00e4tavad, aga nii ei l\u00e4inud.<\/p>\n<p>Vabaerakond, Roheline Erakond, Eesti Konservatiivne Rahvaerakond, Iseseisvuspartei, Eestimaa \u00dchendatud Vasakpartei ja Rahva \u00dchtsuse Erakond muuseume oma programmides ja l\u00fchemates valimisplatvormides ei ole nimetanud. Kaudsete signaalide j\u00e4rgi v\u00f5ib justkui aimata, et kui oleks nende teha, k\u00fcllap nad siis kultuurile \u00fcldse ja k\u00f5rgharidusega kultuurit\u00f6\u00f6tajatele natuke praegusest rohkem raha annaksid. Karta v\u00f5ib aga, et kui see t\u00f5e tund ja v\u00f5imu p\u00e4ev k\u00e4tte j\u00f5uaks, siis oleks nende eestoas palgele tr\u00fcgijaid kuhjas koos ja muuseumid j\u00e4\u00e4ksid ikkagi kaugeks k\u00f5rvaltvaatajaks.<\/p>\n<p>Niisiis on neljal erakonnal muuseumide kohta \u00fcldse midagi \u00f6elda. Kolm neist ehk k\u00f5ik peale Keskerakonna lubavad toetuda parlamendis aruteluta heaks kiidetud kultuuripoliitika arengusuundadele aastani 2020, mis teatavasti oli muuseumide osas lahjam leem kui Siberi laagrites vangidele pakuti \u2013 huviline saab seda meenutada siit (punkt 34):<\/p>\n<p><a href=\"https:\/\/www.riigiteataja.ee\/aktilisa\/3140\/2201\/4002\/RKo_lisa.pdf#\" target=\"_blank\">https:\/\/www.riigiteataja.ee\/aktilisa\/3140\/2201\/4002\/RKo_lisa.pdf#<\/a><\/p>\n<p>Oma lubadust kirja pannes parteid ilmselt ei meenutanud, mis seal arengusuundades muuseumide kohta oli, vastasel korral peaks muuseumidele m\u00e4\u00e4ratud suund olla aktiivne haridusasutus ju kuskil kas v\u00f5i m\u00f5ne vihjena programmist v\u00e4lja paistma. Aga ei. Mitte mingit vihjetki sinna suunda pole. Selle asemel punnitavad nii Reformierakond kui ka IRL muuseume tihedamalt hoopis muinsuskaitsega siduda. Selle idee algne t\u00f5ukej\u00f5ud ei ole mitte murda barj\u00e4\u00e4re loomuliku sisemise \u00fchtsuse teelt, vaid hoopis vajadus j\u00e4rjekordsete haldusmuutuste k\u00e4igus \u00fclej\u00e4\u00e4vatele inimestele (muinsuskaitse inspektorid) kuskil struktuur ja tubane t\u00f6\u00f6koht leida (ja miks siis mitte muuseumis, need asjad algavad ju samade t\u00e4htedega m ja u).<\/p>\n<p>Instinktiivselt peaks kultuurit\u00f6\u00f6taja hoidma vasakule, kui loodab palgat\u00f5usu. Sotsiaaldemokraadid pakuvadki tulevaseks kultuurit\u00f6\u00f6taja miinimumiks k\u00f5rghariduse puhul riigi keskmist. Sama latik\u00f5rgust taotleb ka IRL. M\u00f5lemad on aastaid koos Reformierakonnaga v\u00e4iksemana valitsuses olnud ja eeldades soovi siirust peaks j\u00e4relikult p\u00f5hiline palgat\u00f5usu pidur olema just viimased 15 aastat kultuurielu administreerinud Reformierakond. Varem lubasid nemadki kultuurisektoris palgat\u00f5usu, on aga n\u00fc\u00fcdses programmis leidnud palju vaimukama mittesiduva s\u00f5nastuse, kui teatavad, et kavatsevad \u201esaavutada kultuurit\u00f6\u00f6tajate sissetulekute v\u00f5rreldavuse haridust\u00f6\u00f6tajate, sealhulgas treenerite, sissetulekutega t\u00f6\u00f6kohtade objektiivse hindamise alusel\u201c. Mida see k\u00fcll v\u00f5iks t\u00e4hendada? V\u00f5rreldavad on me palgad iga muu sektori palkadega ju praegugi \u2013 on v\u00e4iksemad. Kui aga Reformierakond me nappi raha \u201cobjektiivselt hindama\u201c asub, v\u00f5ib karta, et t\u00f6\u00f6 muuseumis muutub \u00fcldse vabatahtlikuks heategevuseks. Nagu alguses \u00f6eldud, nad ei k\u00e4i muuseumides ega tea, mida siin tehakse. Kuidas nad k\u00fcll saaksid selles teadmatuses midagi objektiivselt hinnata?<\/p>\n<p>Keskerakond ja sotsiaaldemokraadid soovivad muuseumidele head teha, lubades tasuta sissep\u00e4\u00e4su (\u00f5pilastele) v\u00f5i v\u00e4hendades muuseumipiletite k\u00e4ibemaksu (vastavalt 5 ja 9% peale). V\u00e4ga tahaks parteirahvast informeerida, et juurdep\u00e4\u00e4s n\u00e4itustele ei ole juba ammu majanduslike barj\u00e4\u00e4ride taga. K\u00f5igis muuseumides on hulgi tasuta k\u00fclastusp\u00e4evi, rohkesti soodustusi \u00f5pilastele jne. V\u00e4hem kindlustatud elanikel pole kaugemalt muuseumi kohale v\u00f5imalik j\u00f5uda pigem vaba aja puuduse ning suurte transpordi- ja elamiskulude t\u00f5ttu, mitte piletihinna p\u00e4rast. Ja mida see inimese jaoks ikka muudaks, kui praegusest piletihinnast kaoks n\u00e4iteks k\u00fcmnendik? Kas t\u00f5esti on seni inimeste jaoks olnud otsustav n\u00e4iteks Kumu k\u00fclastusest loobumisel t\u00e4ispileti hind 6 eurot \u2013 et kui see oleks 5.50, kohe l\u00e4heks? V\u00e4heusutav.<\/p>\n<p>\u00dcks originaalne, t\u00f5si, mitte k\u00fcll otse ja ainult muuseumide pihta k\u00e4iv m\u00f5te IRL programmis leidub. Nad nendivad, et \u201ekultuuriministeeriumi roll on olla altpoolt tulevate valdkonnap\u00f5histe algatuste administratiivne tugistruktuur\u201c. Sellist toetajat ehk teenrit on k\u00f5igis loomevaldkondades kaua taga igatsetud. Aga selle asemel on meil initsiatiivitu, kuid siiski v\u00f5imaluse tulles n\u00fcrilt v\u00f5imu nautiv ja valitsemisalast tulevatele h\u00e4\u00e4ltele kurt administreerimine. Kas ja kuidas see muutuks, kui IRLi liige kultuuriministri portfelli haaraks? Kas t\u00f5esti kaoks jabur meelelahutuslikkuse pealesundimine ning fanatismini k\u00fc\u00fcndiv isemajandamise saavutamise n\u00f5ue? Vaevalt k\u00fcll, ka IRL n\u00e4eb muuseume pigem ettev\u00f5tlus- kui hariduss\u00fcsteemi osana, kui lubab toetada \u201emuuseume Eesti ekspordipotentsiaali kasvatavate ekspositsioonide ettevalmistamisel\u201c. Seda lahing\u00fclesannet ei oska esimese ehmatusega kohe kuidagi m\u00f5tetega sisustada.<\/p>\n<p>Enne mahukaima maiuspala ehk Reformierakonna lubaduste juurde j\u00f5udmist veel \u00fcks v\u00e4ike reministsents sotside kapsaaiast. Mullu kevadel, kui nad \u00fcle hulga aja j\u00e4lle valitsusse p\u00e4\u00e4sesid, kirjutati nende soovil koalitsioonilepingusse veider lubadus: \u201ePooldame MT\u00dc Vene Muuseumi tegevuse j\u00e4tkamist Eesti Rahva Muuseumi koosseisus\u201c. Sellesse \u201ekoosseisu\u201c p\u00e4\u00e4semise tuumaks oli vajadus luua ERMi meie doktorikraadiga teaduritega v\u00f5rreldes topeltpalgaga t\u00f6\u00f6kohad paarile imekaunile, ent muuseumit\u00f6\u00f6ks ettevalmistuseta Vassilissale, mis aga pole t\u00e4naseni \u00f5nnestunud. Ja nii ongi valimisprogrammis uus ja kangem lubadus: \u201eToetame Vene muuseumi ja teiste Eesti rahvusv\u00e4hemuste kultuurikeskuste v\u00e4ljaarendamist\u201c. Need teised rahvusv\u00e4hemused on oma kultuurikeskused t\u00e4itsa vabalt juba ise v\u00e4lja arendanud, ainult suur ja eriline vene rahvas miskip\u00e4rast ei suuda seda. Riik peab tegema. Aga ellu sellised leiutised ei \u00e4rka, peksa v\u00f5i palu.<\/p>\n<p>Reformierakonnal on arvuliselt k\u00f5ige rohkem kultuurivaldkonna lubadusi, samas on raske unustada, et just Reformierakond on Raivo Palmaru v\u00e4ikese vahepalaga (2006) valitsenud kultuuriministeeriumi juba aastast 1999. K\u00f5ik, mida v\u00e4lja suudetakse m\u00f5elda, v\u00f5iks olla ka realiseeritud. Aga ei, nad suudavad ikka \u00fcllatada.<\/p>\n<p>Esimene ja k\u00f5lavaim plaan on Reformierakonnal kavatsus \u201eavada Eesti Rahva Muuseumi uus maja ja saavutada selle ekspositsioonile rahvusvaheline t\u00e4helepanu\u201c. Raske on v\u00e4lja m\u00f5elda, miks seda paratamatult 2016. aasta s\u00fcgisel juhtuvat asja veel partei j\u00f5uga peaks tagant t\u00f5ukama. Kui see on vihje sellele, et kellele k\u00f5ige rohkem avamispeo kutseid peaks saatma, siis vihje pole arusaadav. Otse tuleb k\u00fcsida! Ohutumat ja turvalisemat lubadust on programmist v\u00f5imatu leida. Sama h\u00e4sti v\u00f5iks olla programmis kirjas, et avame P\u00e4rnu j\u00f5e veele tee Liivi lahte.<\/p>\n<p>Edasi tuleb paar rahalubadust j\u00e4rjekorras ootavatele Tallinna muuseumidele (Vaba\u00f5humuuseum ja Ajaloomuuseum) ning kavatsus viia l\u00f5pule nn muuseumireform ehk muuseumidest sihtasutuste moodustamine. Selles lubaduses v\u00e4\u00e4rib t\u00e4helepanu viide \u201ep\u00f5hjendatud v\u00f5rgule\u201c. Kes p\u00f5hjendab, kuidas p\u00f5hjendab? Kus on anal\u00fc\u00fcs selle kohta, kes ellu j\u00e4etakse, kes seina \u00e4\u00e4rde seatakse?<\/p>\n<p>Ka viimane lubadus \u2013 j\u00e4tkata muuseumikogude digiteerimist \u2013 on ohutu, sest see on v\u00e4hemasti riigimuuseumidele juba seadusega pandud kohustus. Reformierakond paljastab ka asja m\u00f5tte: digiteeritult avalikuks muutuva vara peale saab siis erasektor hakata \u00e4ppe tegema. Ja kui juba \u00e4pp olemas, pole kaugel ka ingelinvestor, kelle tiivul purjetatakse otse R\u00e4niorgu ja \u00f5nne tippu.<\/p>\n<p>Kultuuripoliitika arengusuundades on m\u00e4rgitud, et muuseumid kujunevad\/kujundatakse m\u00e4luasutusteks. Seega peaks muuseume kuidagi puudutama ka m\u00e4lupoliitika. Erinevalt teistest parteidest on Reformierakonnal selle kohta eraldi peat\u00fckk \u201eRahvusliku m\u00e4lu hoidmine ja edasiandmine j\u00e4rgmisele p\u00f5lvkonnale.\u201c Kui selles sisalduvad haralised punktid \u00fchte lausesse kokku v\u00f5tta, saame j\u00e4rgmise tulemuse: juut ja Peipsi vanausuline t\u00e4histavad p\u00fchas hiies Eesti Vabariigi 100. ja Eesti Kongressi 25. s\u00fcnnip\u00e4eva, arutades sel puhul kommunistide ja natside kuritegusid, mille nad \u00f5htu l\u00f5puks inimsusevastasteks kuulutavad.\u201c Just nii kandubki eestluse m\u00e4lu p\u00f5lvest p\u00f5lve!<\/p>\n<p>Palju \u00f5nne, muuseumirahvas, meid on m\u00e4rgatud, kuid \u00f5nneks v\u00e4he. Kui parteid muuseumielu samas vaimus veel rohkem programmiliselt korraldada tahaks, vaat siis oleks h\u00e4dap\u00e4evad k\u00e4es.<\/p>\n<div class=\"fcbkbttn_buttons_block\" id=\"fcbkbttn_left\"><div class=\"fcbkbttn_like \"><fb:like href=\"https:\/\/blog.erm.ee\/?p=5845\" action=\"like\" colorscheme=\"light\" layout=\"standard\"  width=\"225px\" size=\"small\"><\/fb:like><\/div><div class=\"fb-share-button  \" data-href=\"https:\/\/blog.erm.ee\/?p=5845\" data-type=\"button\" data-size=\"small\"><\/div><\/div>","protected":false},"excerpt":{"rendered":"<p>Kaarel Tarand, avalike suhete juht Muuseum pole glamuurne. Muuseum pole kohustuslik. Ilmselt aina suurem osa riigi poliitilisest juhtkonnast\/klassist suudab oma \u00f5nneliku ja j\u00f5uka elu nii \u00e4ra elada, et nad muuseumisse ei sattu. V\u00f5i kui, siis ametiisikuna n\u00e4iteks m\u00f5nd nurgakivi panema v\u00f5i linti l\u00f5ikama ja n\u00f5uniku kirjutatud lauseid deklameerima. Et siis hiljem omasuguste hulka naastes imestada:&hellip;<\/p>\n","protected":false},"author":1,"featured_media":5849,"comment_status":"open","ping_status":"open","sticky":false,"template":"","format":"standard","meta":{"_monsterinsights_skip_tracking":false,"_monsterinsights_sitenote_active":false,"_monsterinsights_sitenote_note":"","_monsterinsights_sitenote_category":0,"jetpack_post_was_ever_published":false,"_jetpack_newsletter_access":"","_jetpack_dont_email_post_to_subs":false,"_jetpack_newsletter_tier_id":0,"_jetpack_memberships_contains_paywalled_content":false,"_jetpack_memberships_contains_paid_content":false,"footnotes":""},"categories":[20],"tags":[],"class_list":["post-5845","post","type-post","status-publish","format-standard","has-post-thumbnail","hentry","category-muuseumimotted"],"yoast_head":"<!-- This site is optimized with the Yoast SEO plugin v27.5 - https:\/\/yoast.com\/product\/yoast-seo-wordpress\/ -->\n<title>Parteid panid muuseumidele pilgu peale. \u00dclevaade valimisprogrammides muuseume puudutavast - Eesti Rahva Muuseumi ajaveeb<\/title>\n<meta name=\"robots\" content=\"index, follow, max-snippet:-1, max-image-preview:large, max-video-preview:-1\" \/>\n<link rel=\"canonical\" href=\"https:\/\/blog.erm.ee\/?p=5845\" \/>\n<meta property=\"og:locale\" content=\"et_EE\" \/>\n<meta property=\"og:type\" content=\"article\" \/>\n<meta property=\"og:title\" content=\"Parteid panid muuseumidele pilgu peale. \u00dclevaade valimisprogrammides muuseume puudutavast - Eesti Rahva Muuseumi ajaveeb\" \/>\n<meta property=\"og:description\" content=\"Kaarel Tarand, avalike suhete juht Muuseum pole glamuurne. Muuseum pole kohustuslik. Ilmselt aina suurem osa riigi poliitilisest juhtkonnast\/klassist suudab oma \u00f5nneliku ja j\u00f5uka elu nii \u00e4ra elada, et nad muuseumisse ei sattu. V\u00f5i kui, siis ametiisikuna n\u00e4iteks m\u00f5nd nurgakivi panema v\u00f5i linti l\u00f5ikama ja n\u00f5uniku kirjutatud lauseid deklameerima. Et siis hiljem omasuguste hulka naastes imestada:&hellip;\" \/>\n<meta property=\"og:url\" content=\"https:\/\/blog.erm.ee\/?p=5845\" \/>\n<meta property=\"og:site_name\" content=\"Eesti Rahva Muuseumi ajaveeb\" \/>\n<meta property=\"article:published_time\" content=\"2015-01-20T06:38:12+00:00\" \/>\n<meta property=\"article:modified_time\" content=\"2015-01-20T06:49:34+00:00\" \/>\n<meta property=\"og:image\" content=\"https:\/\/blog.erm.ee\/wp-content\/uploads\/2015\/01\/025424_ERM_A_686_1.jpg\" \/>\n\t<meta property=\"og:image:width\" content=\"1200\" \/>\n\t<meta property=\"og:image:height\" content=\"846\" \/>\n\t<meta property=\"og:image:type\" content=\"image\/jpeg\" \/>\n<meta name=\"author\" content=\"Eesti Rahva Muuseum\" \/>\n<meta name=\"twitter:card\" content=\"summary_large_image\" \/>\n<meta name=\"twitter:label1\" content=\"Written by\" \/>\n\t<meta name=\"twitter:data1\" content=\"Eesti Rahva Muuseum\" \/>\n\t<meta name=\"twitter:label2\" content=\"Est. reading time\" \/>\n\t<meta name=\"twitter:data2\" content=\"7 minutit\" \/>\n<script type=\"application\/ld+json\" class=\"yoast-schema-graph\">{\"@context\":\"https:\\\/\\\/schema.org\",\"@graph\":[{\"@type\":\"Article\",\"@id\":\"https:\\\/\\\/blog.erm.ee\\\/?p=5845#article\",\"isPartOf\":{\"@id\":\"https:\\\/\\\/blog.erm.ee\\\/?p=5845\"},\"author\":{\"name\":\"Eesti Rahva Muuseum\",\"@id\":\"https:\\\/\\\/blog.erm.ee\\\/#\\\/schema\\\/person\\\/6e98c391cb00a33e7c22a3571e062114\"},\"headline\":\"Parteid panid muuseumidele pilgu peale. \u00dclevaade valimisprogrammides muuseume puudutavast\",\"datePublished\":\"2015-01-20T06:38:12+00:00\",\"dateModified\":\"2015-01-20T06:49:34+00:00\",\"mainEntityOfPage\":{\"@id\":\"https:\\\/\\\/blog.erm.ee\\\/?p=5845\"},\"wordCount\":1424,\"commentCount\":0,\"image\":{\"@id\":\"https:\\\/\\\/blog.erm.ee\\\/?p=5845#primaryimage\"},\"thumbnailUrl\":\"https:\\\/\\\/blog.erm.ee\\\/wp-content\\\/uploads\\\/2015\\\/01\\\/025424_ERM_A_686_1.jpg\",\"articleSection\":[\"Muuseumim\u00f5tted\"],\"inLanguage\":\"et\",\"potentialAction\":[{\"@type\":\"CommentAction\",\"name\":\"Comment\",\"target\":[\"https:\\\/\\\/blog.erm.ee\\\/?p=5845#respond\"]}]},{\"@type\":\"WebPage\",\"@id\":\"https:\\\/\\\/blog.erm.ee\\\/?p=5845\",\"url\":\"https:\\\/\\\/blog.erm.ee\\\/?p=5845\",\"name\":\"Parteid panid muuseumidele pilgu peale. \u00dclevaade valimisprogrammides muuseume puudutavast - Eesti Rahva Muuseumi ajaveeb\",\"isPartOf\":{\"@id\":\"https:\\\/\\\/blog.erm.ee\\\/#website\"},\"primaryImageOfPage\":{\"@id\":\"https:\\\/\\\/blog.erm.ee\\\/?p=5845#primaryimage\"},\"image\":{\"@id\":\"https:\\\/\\\/blog.erm.ee\\\/?p=5845#primaryimage\"},\"thumbnailUrl\":\"https:\\\/\\\/blog.erm.ee\\\/wp-content\\\/uploads\\\/2015\\\/01\\\/025424_ERM_A_686_1.jpg\",\"datePublished\":\"2015-01-20T06:38:12+00:00\",\"dateModified\":\"2015-01-20T06:49:34+00:00\",\"author\":{\"@id\":\"https:\\\/\\\/blog.erm.ee\\\/#\\\/schema\\\/person\\\/6e98c391cb00a33e7c22a3571e062114\"},\"breadcrumb\":{\"@id\":\"https:\\\/\\\/blog.erm.ee\\\/?p=5845#breadcrumb\"},\"inLanguage\":\"et\",\"potentialAction\":[{\"@type\":\"ReadAction\",\"target\":[\"https:\\\/\\\/blog.erm.ee\\\/?p=5845\"]}]},{\"@type\":\"ImageObject\",\"inLanguage\":\"et\",\"@id\":\"https:\\\/\\\/blog.erm.ee\\\/?p=5845#primaryimage\",\"url\":\"https:\\\/\\\/blog.erm.ee\\\/wp-content\\\/uploads\\\/2015\\\/01\\\/025424_ERM_A_686_1.jpg\",\"contentUrl\":\"https:\\\/\\\/blog.erm.ee\\\/wp-content\\\/uploads\\\/2015\\\/01\\\/025424_ERM_A_686_1.jpg\",\"width\":1200,\"height\":846},{\"@type\":\"BreadcrumbList\",\"@id\":\"https:\\\/\\\/blog.erm.ee\\\/?p=5845#breadcrumb\",\"itemListElement\":[{\"@type\":\"ListItem\",\"position\":1,\"name\":\"Home\",\"item\":\"https:\\\/\\\/blog.erm.ee\\\/\"},{\"@type\":\"ListItem\",\"position\":2,\"name\":\"Parteid panid muuseumidele pilgu peale. \u00dclevaade valimisprogrammides muuseume puudutavast\"}]},{\"@type\":\"WebSite\",\"@id\":\"https:\\\/\\\/blog.erm.ee\\\/#website\",\"url\":\"https:\\\/\\\/blog.erm.ee\\\/\",\"name\":\"Eesti Rahva Muuseumi ajaveeb\",\"description\":\"\",\"potentialAction\":[{\"@type\":\"SearchAction\",\"target\":{\"@type\":\"EntryPoint\",\"urlTemplate\":\"https:\\\/\\\/blog.erm.ee\\\/?s={search_term_string}\"},\"query-input\":{\"@type\":\"PropertyValueSpecification\",\"valueRequired\":true,\"valueName\":\"search_term_string\"}}],\"inLanguage\":\"et\"},{\"@type\":\"Person\",\"@id\":\"https:\\\/\\\/blog.erm.ee\\\/#\\\/schema\\\/person\\\/6e98c391cb00a33e7c22a3571e062114\",\"name\":\"Eesti Rahva Muuseum\",\"image\":{\"@type\":\"ImageObject\",\"inLanguage\":\"et\",\"@id\":\"https:\\\/\\\/secure.gravatar.com\\\/avatar\\\/cb6d9ad5fb49f3f7315028ce5fe60641075f2cb52b8a058ff5a985fa2d8c1da0?s=96&d=mm&r=g\",\"url\":\"https:\\\/\\\/secure.gravatar.com\\\/avatar\\\/cb6d9ad5fb49f3f7315028ce5fe60641075f2cb52b8a058ff5a985fa2d8c1da0?s=96&d=mm&r=g\",\"contentUrl\":\"https:\\\/\\\/secure.gravatar.com\\\/avatar\\\/cb6d9ad5fb49f3f7315028ce5fe60641075f2cb52b8a058ff5a985fa2d8c1da0?s=96&d=mm&r=g\",\"caption\":\"Eesti Rahva Muuseum\"},\"sameAs\":[\"http:\\\/\\\/www.erm.ee\"],\"url\":\"https:\\\/\\\/blog.erm.ee\\\/?author=1\"}]}<\/script>\n<!-- \/ Yoast SEO plugin. -->","yoast_head_json":{"title":"Parteid panid muuseumidele pilgu peale. \u00dclevaade valimisprogrammides muuseume puudutavast - Eesti Rahva Muuseumi ajaveeb","robots":{"index":"index","follow":"follow","max-snippet":"max-snippet:-1","max-image-preview":"max-image-preview:large","max-video-preview":"max-video-preview:-1"},"canonical":"https:\/\/blog.erm.ee\/?p=5845","og_locale":"et_EE","og_type":"article","og_title":"Parteid panid muuseumidele pilgu peale. \u00dclevaade valimisprogrammides muuseume puudutavast - Eesti Rahva Muuseumi ajaveeb","og_description":"Kaarel Tarand, avalike suhete juht Muuseum pole glamuurne. Muuseum pole kohustuslik. Ilmselt aina suurem osa riigi poliitilisest juhtkonnast\/klassist suudab oma \u00f5nneliku ja j\u00f5uka elu nii \u00e4ra elada, et nad muuseumisse ei sattu. V\u00f5i kui, siis ametiisikuna n\u00e4iteks m\u00f5nd nurgakivi panema v\u00f5i linti l\u00f5ikama ja n\u00f5uniku kirjutatud lauseid deklameerima. Et siis hiljem omasuguste hulka naastes imestada:&hellip;","og_url":"https:\/\/blog.erm.ee\/?p=5845","og_site_name":"Eesti Rahva Muuseumi ajaveeb","article_published_time":"2015-01-20T06:38:12+00:00","article_modified_time":"2015-01-20T06:49:34+00:00","og_image":[{"width":1200,"height":846,"url":"https:\/\/blog.erm.ee\/wp-content\/uploads\/2015\/01\/025424_ERM_A_686_1.jpg","type":"image\/jpeg"}],"author":"Eesti Rahva Muuseum","twitter_card":"summary_large_image","twitter_misc":{"Written by":"Eesti Rahva Muuseum","Est. reading time":"7 minutit"},"schema":{"@context":"https:\/\/schema.org","@graph":[{"@type":"Article","@id":"https:\/\/blog.erm.ee\/?p=5845#article","isPartOf":{"@id":"https:\/\/blog.erm.ee\/?p=5845"},"author":{"name":"Eesti Rahva Muuseum","@id":"https:\/\/blog.erm.ee\/#\/schema\/person\/6e98c391cb00a33e7c22a3571e062114"},"headline":"Parteid panid muuseumidele pilgu peale. \u00dclevaade valimisprogrammides muuseume puudutavast","datePublished":"2015-01-20T06:38:12+00:00","dateModified":"2015-01-20T06:49:34+00:00","mainEntityOfPage":{"@id":"https:\/\/blog.erm.ee\/?p=5845"},"wordCount":1424,"commentCount":0,"image":{"@id":"https:\/\/blog.erm.ee\/?p=5845#primaryimage"},"thumbnailUrl":"https:\/\/blog.erm.ee\/wp-content\/uploads\/2015\/01\/025424_ERM_A_686_1.jpg","articleSection":["Muuseumim\u00f5tted"],"inLanguage":"et","potentialAction":[{"@type":"CommentAction","name":"Comment","target":["https:\/\/blog.erm.ee\/?p=5845#respond"]}]},{"@type":"WebPage","@id":"https:\/\/blog.erm.ee\/?p=5845","url":"https:\/\/blog.erm.ee\/?p=5845","name":"Parteid panid muuseumidele pilgu peale. \u00dclevaade valimisprogrammides muuseume puudutavast - Eesti Rahva Muuseumi ajaveeb","isPartOf":{"@id":"https:\/\/blog.erm.ee\/#website"},"primaryImageOfPage":{"@id":"https:\/\/blog.erm.ee\/?p=5845#primaryimage"},"image":{"@id":"https:\/\/blog.erm.ee\/?p=5845#primaryimage"},"thumbnailUrl":"https:\/\/blog.erm.ee\/wp-content\/uploads\/2015\/01\/025424_ERM_A_686_1.jpg","datePublished":"2015-01-20T06:38:12+00:00","dateModified":"2015-01-20T06:49:34+00:00","author":{"@id":"https:\/\/blog.erm.ee\/#\/schema\/person\/6e98c391cb00a33e7c22a3571e062114"},"breadcrumb":{"@id":"https:\/\/blog.erm.ee\/?p=5845#breadcrumb"},"inLanguage":"et","potentialAction":[{"@type":"ReadAction","target":["https:\/\/blog.erm.ee\/?p=5845"]}]},{"@type":"ImageObject","inLanguage":"et","@id":"https:\/\/blog.erm.ee\/?p=5845#primaryimage","url":"https:\/\/blog.erm.ee\/wp-content\/uploads\/2015\/01\/025424_ERM_A_686_1.jpg","contentUrl":"https:\/\/blog.erm.ee\/wp-content\/uploads\/2015\/01\/025424_ERM_A_686_1.jpg","width":1200,"height":846},{"@type":"BreadcrumbList","@id":"https:\/\/blog.erm.ee\/?p=5845#breadcrumb","itemListElement":[{"@type":"ListItem","position":1,"name":"Home","item":"https:\/\/blog.erm.ee\/"},{"@type":"ListItem","position":2,"name":"Parteid panid muuseumidele pilgu peale. \u00dclevaade valimisprogrammides muuseume puudutavast"}]},{"@type":"WebSite","@id":"https:\/\/blog.erm.ee\/#website","url":"https:\/\/blog.erm.ee\/","name":"Eesti Rahva Muuseumi ajaveeb","description":"","potentialAction":[{"@type":"SearchAction","target":{"@type":"EntryPoint","urlTemplate":"https:\/\/blog.erm.ee\/?s={search_term_string}"},"query-input":{"@type":"PropertyValueSpecification","valueRequired":true,"valueName":"search_term_string"}}],"inLanguage":"et"},{"@type":"Person","@id":"https:\/\/blog.erm.ee\/#\/schema\/person\/6e98c391cb00a33e7c22a3571e062114","name":"Eesti Rahva Muuseum","image":{"@type":"ImageObject","inLanguage":"et","@id":"https:\/\/secure.gravatar.com\/avatar\/cb6d9ad5fb49f3f7315028ce5fe60641075f2cb52b8a058ff5a985fa2d8c1da0?s=96&d=mm&r=g","url":"https:\/\/secure.gravatar.com\/avatar\/cb6d9ad5fb49f3f7315028ce5fe60641075f2cb52b8a058ff5a985fa2d8c1da0?s=96&d=mm&r=g","contentUrl":"https:\/\/secure.gravatar.com\/avatar\/cb6d9ad5fb49f3f7315028ce5fe60641075f2cb52b8a058ff5a985fa2d8c1da0?s=96&d=mm&r=g","caption":"Eesti Rahva Muuseum"},"sameAs":["http:\/\/www.erm.ee"],"url":"https:\/\/blog.erm.ee\/?author=1"}]}},"jetpack_featured_media_url":"https:\/\/blog.erm.ee\/wp-content\/uploads\/2015\/01\/025424_ERM_A_686_1.jpg","jetpack_shortlink":"https:\/\/wp.me\/p2l9Zd-1wh","jetpack_sharing_enabled":true,"jetpack_likes_enabled":true,"_links":{"self":[{"href":"https:\/\/blog.erm.ee\/index.php?rest_route=\/wp\/v2\/posts\/5845","targetHints":{"allow":["GET"]}}],"collection":[{"href":"https:\/\/blog.erm.ee\/index.php?rest_route=\/wp\/v2\/posts"}],"about":[{"href":"https:\/\/blog.erm.ee\/index.php?rest_route=\/wp\/v2\/types\/post"}],"author":[{"embeddable":true,"href":"https:\/\/blog.erm.ee\/index.php?rest_route=\/wp\/v2\/users\/1"}],"replies":[{"embeddable":true,"href":"https:\/\/blog.erm.ee\/index.php?rest_route=%2Fwp%2Fv2%2Fcomments&post=5845"}],"version-history":[{"count":5,"href":"https:\/\/blog.erm.ee\/index.php?rest_route=\/wp\/v2\/posts\/5845\/revisions"}],"predecessor-version":[{"id":5851,"href":"https:\/\/blog.erm.ee\/index.php?rest_route=\/wp\/v2\/posts\/5845\/revisions\/5851"}],"wp:featuredmedia":[{"embeddable":true,"href":"https:\/\/blog.erm.ee\/index.php?rest_route=\/wp\/v2\/media\/5849"}],"wp:attachment":[{"href":"https:\/\/blog.erm.ee\/index.php?rest_route=%2Fwp%2Fv2%2Fmedia&parent=5845"}],"wp:term":[{"taxonomy":"category","embeddable":true,"href":"https:\/\/blog.erm.ee\/index.php?rest_route=%2Fwp%2Fv2%2Fcategories&post=5845"},{"taxonomy":"post_tag","embeddable":true,"href":"https:\/\/blog.erm.ee\/index.php?rest_route=%2Fwp%2Fv2%2Ftags&post=5845"}],"curies":[{"name":"wp","href":"https:\/\/api.w.org\/{rel}","templated":true}]}}