{"id":5521,"date":"2014-11-18T18:03:36","date_gmt":"2014-11-18T16:03:36","guid":{"rendered":"http:\/\/blog.erm.ee\/?p=5521"},"modified":"2014-11-18T18:04:15","modified_gmt":"2014-11-18T16:04:15","slug":"vaarikas-lipp-joudis-muuseumi","status":"publish","type":"post","link":"https:\/\/blog.erm.ee\/?p=5521","title":{"rendered":"V\u00e4\u00e4rikas lipp j\u00f5udis muuseumi"},"content":{"rendered":"<div class=\"fcbkbttn_buttons_block\" id=\"fcbkbttn_left\"><div class=\"fcbkbttn_like \"><fb:like href=\"https:\/\/blog.erm.ee\/?p=5521\" action=\"like\" colorscheme=\"light\" layout=\"standard\"  width=\"225px\" size=\"small\"><\/fb:like><\/div><div class=\"fb-share-button  \" data-href=\"https:\/\/blog.erm.ee\/?p=5521\" data-type=\"button\" data-size=\"small\"><\/div><\/div><p><em>Terje Anepaio, teadur<\/em><\/p>\n<p><em>Fotod Arp Karm<\/em><\/p>\n<p>V\u00e4\u00e4rikate esemete j\u00f5udmine muuseumi teeb alati erilist r\u00f5\u00f5mu! T\u00e4pselt kaks n\u00e4dalat tagasi, 4.novembril oligi \u00fcks selliseid p\u00e4evi \u2013 muuseumirahvas ootas k\u00fclla h\u00e4id s\u00f5pru ja koost\u00f6\u00f6partnereid Rakvere Memento \u00dchingust, kes tulid Tartusse, et ERMile \u00fcle anda oma \u00fchingu teenekas lipp, mille kinkis Rakvere Mementole 1993. aastal tollane Riigikogu saadik Kuno Raude.<\/p>\n<p>Hiljuti muretsesid mementolased oma organisatsioonile uue lipu \u2013 sellise, mis on valmistatud juba kaasaegsemast materjalist ning moodsamate tehnoloogiate abil ja on ilmastikuoludele vastupidavam. Aga mida teha vanaga? Nii tekkiski m\u00f5te anda oma senine s\u00fcmbol hoiule Eesti Rahva Muuseumi. Et oleks \u201e\u00fcks tee ja kaks asja\u201c, hakati plaanima pikemat k\u00fclask\u00e4iku Tartusse, et \u00fchtlasi oma silmaga uurida, kuidas valmib ERMi uus maja. Kaasa kutsuti ka Rakvere linnapea Mihkel Juhkam ja volikogu esimees Toomas Varek.<\/p>\n<p>Kui mementolased muuseumiga \u00fchendust v\u00f5tsid ja oma soovist teada andsid, oldi muuseumis selle \u00fcle v\u00e4ga r\u00f5\u00f5msad lausa mitmel p\u00f5hjusel. ERMi ei j\u00e4\u00e4 ainult lipp, vaid palju enamat \u2013 meile j\u00e4\u00e4b lugu Rakvere Mementost ja tema lipust. Rakvere Memento n\u00e4ol on tegemist Eesti taasiseseisvumisajale ning meie siirde\u00fchiskonnale tunnusliku m\u00e4luorganisatsiooni v\u00e4\u00e4rika s\u00fcmboliga, mille senist elu ehk kasutust on filmikaameraga j\u00e4\u00e4dvustatud ERMi ja Rakvere Memento \u00fchisprojektis represseeritute m\u00e4lut\u00f6\u00f6st ja selle tulemusena valminud dokumentaalfilmis \u201e<a href=\"http:\/\/www.erm.ee\/et\/pood\/valjaanded\/cddvd\/dvd-meie-maletame-meie-malestame\" target=\"_blank\">Meie m\u00e4letame! Meie m\u00e4lestame!<\/a>\u201c. Lisaks on ERMi uues majas \u00fcks valmivatest n\u00e4itustest, mida nimetame <em>Lipusaaliks<\/em>, p\u00fchendatud Eesti territooriumi valitsemisele ja riiklusele ning kodaniku\u00fchiskonna kujunemisele. Sellel n\u00e4itusel on muuhulgas plaanis kordam\u00f6\u00f6da eksponeerida erinevaid lippe (nt seltside, valdade jne) minevikust t\u00e4nap\u00e4evani. Sobival ajal saaks ka Memento lippu selles saalis n\u00e4idata.<\/p>\n<p><a href=\"https:\/\/blog.erm.ee\/wp-content\/uploads\/2014\/11\/lipp_7.jpg\"><img loading=\"lazy\" decoding=\"async\" data-attachment-id=\"5522\" data-permalink=\"https:\/\/blog.erm.ee\/?attachment_id=5522#main\" data-orig-file=\"https:\/\/blog.erm.ee\/wp-content\/uploads\/2014\/11\/lipp_7.jpg\" data-orig-size=\"1200,675\" data-comments-opened=\"1\" data-image-meta=\"{&quot;aperture&quot;:&quot;0&quot;,&quot;credit&quot;:&quot;&quot;,&quot;camera&quot;:&quot;&quot;,&quot;caption&quot;:&quot;&quot;,&quot;created_timestamp&quot;:&quot;0&quot;,&quot;copyright&quot;:&quot;&quot;,&quot;focal_length&quot;:&quot;0&quot;,&quot;iso&quot;:&quot;0&quot;,&quot;shutter_speed&quot;:&quot;0&quot;,&quot;title&quot;:&quot;&quot;,&quot;orientation&quot;:&quot;0&quot;}\" data-image-title=\"lipp_7\" data-image-description=\"\" data-image-caption=\"\" data-large-file=\"https:\/\/blog.erm.ee\/wp-content\/uploads\/2014\/11\/lipp_7-1024x576.jpg\" class=\"alignnone size-large wp-image-5522\" src=\"https:\/\/blog.erm.ee\/wp-content\/uploads\/2014\/11\/lipp_7-1024x576.jpg\" alt=\"lipp_7\" width=\"700\" height=\"393\" srcset=\"https:\/\/blog.erm.ee\/wp-content\/uploads\/2014\/11\/lipp_7-1024x576.jpg 1024w, https:\/\/blog.erm.ee\/wp-content\/uploads\/2014\/11\/lipp_7-460x258.jpg 460w, https:\/\/blog.erm.ee\/wp-content\/uploads\/2014\/11\/lipp_7-300x168.jpg 300w, https:\/\/blog.erm.ee\/wp-content\/uploads\/2014\/11\/lipp_7.jpg 1200w\" sizes=\"auto, (max-width: 700px) 100vw, 700px\" \/><\/a><br \/>\n<em>Kaader filmist \u201eMeie m\u00e4letame! Meie m\u00e4lestame!\u201c<\/em><\/p>\n<p>Nii oli 4. novembril ERMi n\u00e4itusemajas k\u00fclalisi Rakverest ootamas salkkond ERMlasi eesotsas direktori T\u00f5nis Lukasega ja S\u00f5prade Seltsi esindus. T\u00f5eliselt meeldiva \u00fcllatusena j\u00f5udis esimesena Tallinnast kohale lipu kavandaja ja kinkija, endine riigikogulane arhitekt Kuno Raude. Varsti liitusid meiega ka rakverelased ja t\u00e4htis hetk v\u00f5i alata! Lipu andis \u00fcle Rakvere Memento teenekas esinaine Aino Kiiver. ERMi poolt lippu vastu v\u00f5ttes r\u00f5hutas T\u00f5nis Lukas, et muuseumi jaoks on j\u00e4rjest olulisemaks saanud eseme lugu ehk v\u00e4\u00e4rt lugu m\u00e4\u00e4rab suuresti eseme muuseumikogusse j\u00f5udmise. Rakvere Memento lipp on ese v\u00e4\u00e4rika elu ja looga. Kuno Raude meenutas, et lipu kinkis ta mementolastele-saatusekaaslastele 1993. aasta v\u00f5idup\u00e4eval, 23. juunil. L\u00e4\u00e4ne-Virumaalt Riigikogu VII koosseisu liikmeks valitud mehe sooviks oli valmistada oma saatusekaaslastele head meelt. 1941. aastal Rakveres s\u00fcndinud Kuno k\u00fc\u00fcditati poisikesena m\u00e4rtsis 1949 Rakvere l\u00e4hedalt Aruk\u00fclast koos vanaemaga Siberisse.<\/p>\n<p>S\u00f5na v\u00f5tsid ka Rakvere linnapea ja volikogu esimees. Linnah\u00e4rrad kinnitasid, et Rakvere Memento on v\u00e4\u00e4rikas ja linnav\u00f5imude jaoks oluline organisatsioon, mille t\u00f6\u00f6d mineviku hoidmisel ja v\u00e4\u00e4rtustamisel igati hinnatakse.<\/p>\n<p><a href=\"https:\/\/blog.erm.ee\/wp-content\/uploads\/2014\/11\/ak0023.jpg\"><img loading=\"lazy\" decoding=\"async\" data-attachment-id=\"5523\" data-permalink=\"https:\/\/blog.erm.ee\/?attachment_id=5523#main\" data-orig-file=\"https:\/\/blog.erm.ee\/wp-content\/uploads\/2014\/11\/ak0023.jpg\" data-orig-size=\"1200,801\" data-comments-opened=\"1\" data-image-meta=\"{&quot;aperture&quot;:&quot;0&quot;,&quot;credit&quot;:&quot;&quot;,&quot;camera&quot;:&quot;&quot;,&quot;caption&quot;:&quot;&quot;,&quot;created_timestamp&quot;:&quot;1415099373&quot;,&quot;copyright&quot;:&quot;\\u00a9 Arp Karm\/Eesti Rahva Muuseum 2014&quot;,&quot;focal_length&quot;:&quot;0&quot;,&quot;iso&quot;:&quot;0&quot;,&quot;shutter_speed&quot;:&quot;0&quot;,&quot;title&quot;:&quot;&quot;,&quot;orientation&quot;:&quot;0&quot;}\" data-image-title=\"ak0023\" data-image-description=\"\" data-image-caption=\"\" data-large-file=\"https:\/\/blog.erm.ee\/wp-content\/uploads\/2014\/11\/ak0023-1024x683.jpg\" class=\"alignnone size-large wp-image-5523\" src=\"https:\/\/blog.erm.ee\/wp-content\/uploads\/2014\/11\/ak0023-1024x683.jpg\" alt=\"ak0023\" width=\"700\" height=\"466\" srcset=\"https:\/\/blog.erm.ee\/wp-content\/uploads\/2014\/11\/ak0023-1024x683.jpg 1024w, https:\/\/blog.erm.ee\/wp-content\/uploads\/2014\/11\/ak0023-389x260.jpg 389w, https:\/\/blog.erm.ee\/wp-content\/uploads\/2014\/11\/ak0023-300x200.jpg 300w, https:\/\/blog.erm.ee\/wp-content\/uploads\/2014\/11\/ak0023.jpg 1200w\" sizes=\"auto, (max-width: 700px) 100vw, 700px\" \/><\/a><br \/>\n<em>K\u00fclalised ja v\u00f5\u00f5rustajad \u00fcheskoos.<\/em><\/p>\n<p><a href=\"https:\/\/blog.erm.ee\/wp-content\/uploads\/2014\/11\/ak0030.jpg\"><img loading=\"lazy\" decoding=\"async\" data-attachment-id=\"5524\" data-permalink=\"https:\/\/blog.erm.ee\/?attachment_id=5524#main\" data-orig-file=\"https:\/\/blog.erm.ee\/wp-content\/uploads\/2014\/11\/ak0030.jpg\" data-orig-size=\"1200,801\" data-comments-opened=\"1\" data-image-meta=\"{&quot;aperture&quot;:&quot;0&quot;,&quot;credit&quot;:&quot;&quot;,&quot;camera&quot;:&quot;&quot;,&quot;caption&quot;:&quot;&quot;,&quot;created_timestamp&quot;:&quot;1415099479&quot;,&quot;copyright&quot;:&quot;\\u00a9 Arp Karm\/Eesti Rahva Muuseum 2014&quot;,&quot;focal_length&quot;:&quot;0&quot;,&quot;iso&quot;:&quot;0&quot;,&quot;shutter_speed&quot;:&quot;0&quot;,&quot;title&quot;:&quot;&quot;,&quot;orientation&quot;:&quot;0&quot;}\" data-image-title=\"ak0030\" data-image-description=\"\" data-image-caption=\"\" data-large-file=\"https:\/\/blog.erm.ee\/wp-content\/uploads\/2014\/11\/ak0030-1024x683.jpg\" class=\"alignnone size-large wp-image-5524\" src=\"https:\/\/blog.erm.ee\/wp-content\/uploads\/2014\/11\/ak0030-1024x683.jpg\" alt=\"ak0030\" width=\"700\" height=\"466\" srcset=\"https:\/\/blog.erm.ee\/wp-content\/uploads\/2014\/11\/ak0030-1024x683.jpg 1024w, https:\/\/blog.erm.ee\/wp-content\/uploads\/2014\/11\/ak0030-389x260.jpg 389w, https:\/\/blog.erm.ee\/wp-content\/uploads\/2014\/11\/ak0030-300x200.jpg 300w, https:\/\/blog.erm.ee\/wp-content\/uploads\/2014\/11\/ak0030.jpg 1200w\" sizes=\"auto, (max-width: 700px) 100vw, 700px\" \/><\/a><br \/>\n<em>Rakvere Memento t\u00fcdrukud lipuga. Lippu hoiavad senine ja uus esinaine<\/em>.<\/p>\n<p><a href=\"https:\/\/blog.erm.ee\/wp-content\/uploads\/2014\/11\/IMG_2842.jpg\"><img loading=\"lazy\" decoding=\"async\" data-attachment-id=\"5525\" data-permalink=\"https:\/\/blog.erm.ee\/?attachment_id=5525#main\" data-orig-file=\"https:\/\/blog.erm.ee\/wp-content\/uploads\/2014\/11\/IMG_2842.jpg\" data-orig-size=\"900,1200\" data-comments-opened=\"1\" data-image-meta=\"{&quot;aperture&quot;:&quot;0&quot;,&quot;credit&quot;:&quot;&quot;,&quot;camera&quot;:&quot;&quot;,&quot;caption&quot;:&quot;&quot;,&quot;created_timestamp&quot;:&quot;1415099631&quot;,&quot;copyright&quot;:&quot;&quot;,&quot;focal_length&quot;:&quot;0&quot;,&quot;iso&quot;:&quot;0&quot;,&quot;shutter_speed&quot;:&quot;0&quot;,&quot;title&quot;:&quot;&quot;,&quot;orientation&quot;:&quot;0&quot;}\" data-image-title=\"IMG_2842\" data-image-description=\"\" data-image-caption=\"\" data-large-file=\"https:\/\/blog.erm.ee\/wp-content\/uploads\/2014\/11\/IMG_2842-768x1024.jpg\" class=\"alignnone size-large wp-image-5525\" src=\"https:\/\/blog.erm.ee\/wp-content\/uploads\/2014\/11\/IMG_2842-768x1024.jpg\" alt=\"IMG_2842\" width=\"700\" height=\"933\" srcset=\"https:\/\/blog.erm.ee\/wp-content\/uploads\/2014\/11\/IMG_2842-768x1024.jpg 768w, https:\/\/blog.erm.ee\/wp-content\/uploads\/2014\/11\/IMG_2842-195x260.jpg 195w, https:\/\/blog.erm.ee\/wp-content\/uploads\/2014\/11\/IMG_2842-225x300.jpg 225w, https:\/\/blog.erm.ee\/wp-content\/uploads\/2014\/11\/IMG_2842.jpg 900w\" sizes=\"auto, (max-width: 700px) 100vw, 700px\" \/><\/a><br \/>\n<em>Foto: Sirje Madisson.<\/em><\/p>\n<p><a href=\"https:\/\/blog.erm.ee\/wp-content\/uploads\/2014\/11\/ak0047.jpg\"><img loading=\"lazy\" decoding=\"async\" data-attachment-id=\"5526\" data-permalink=\"https:\/\/blog.erm.ee\/?attachment_id=5526#main\" data-orig-file=\"https:\/\/blog.erm.ee\/wp-content\/uploads\/2014\/11\/ak0047.jpg\" data-orig-size=\"1200,801\" data-comments-opened=\"1\" data-image-meta=\"{&quot;aperture&quot;:&quot;0&quot;,&quot;credit&quot;:&quot;&quot;,&quot;camera&quot;:&quot;&quot;,&quot;caption&quot;:&quot;&quot;,&quot;created_timestamp&quot;:&quot;1415099569&quot;,&quot;copyright&quot;:&quot;\\u00a9 Arp Karm\/Eesti Rahva Muuseum 2014&quot;,&quot;focal_length&quot;:&quot;0&quot;,&quot;iso&quot;:&quot;0&quot;,&quot;shutter_speed&quot;:&quot;0&quot;,&quot;title&quot;:&quot;&quot;,&quot;orientation&quot;:&quot;0&quot;}\" data-image-title=\"ak0047\" data-image-description=\"\" data-image-caption=\"\" data-large-file=\"https:\/\/blog.erm.ee\/wp-content\/uploads\/2014\/11\/ak0047-1024x683.jpg\" class=\"alignnone size-large wp-image-5526\" src=\"https:\/\/blog.erm.ee\/wp-content\/uploads\/2014\/11\/ak0047-1024x683.jpg\" alt=\"ak0047\" width=\"700\" height=\"466\" srcset=\"https:\/\/blog.erm.ee\/wp-content\/uploads\/2014\/11\/ak0047-1024x683.jpg 1024w, https:\/\/blog.erm.ee\/wp-content\/uploads\/2014\/11\/ak0047-389x260.jpg 389w, https:\/\/blog.erm.ee\/wp-content\/uploads\/2014\/11\/ak0047-300x200.jpg 300w, https:\/\/blog.erm.ee\/wp-content\/uploads\/2014\/11\/ak0047.jpg 1200w\" sizes=\"auto, (max-width: 700px) 100vw, 700px\" \/><\/a><br \/>\n<em>Lipp on \u00fcle antud.<\/em><\/p>\n<p><a href=\"https:\/\/blog.erm.ee\/wp-content\/uploads\/2014\/11\/ak0102.jpg\"><img loading=\"lazy\" decoding=\"async\" data-attachment-id=\"5527\" data-permalink=\"https:\/\/blog.erm.ee\/?attachment_id=5527#main\" data-orig-file=\"https:\/\/blog.erm.ee\/wp-content\/uploads\/2014\/11\/ak0102.jpg\" data-orig-size=\"1200,801\" data-comments-opened=\"1\" data-image-meta=\"{&quot;aperture&quot;:&quot;0&quot;,&quot;credit&quot;:&quot;&quot;,&quot;camera&quot;:&quot;&quot;,&quot;caption&quot;:&quot;&quot;,&quot;created_timestamp&quot;:&quot;1415100468&quot;,&quot;copyright&quot;:&quot;\\u00a9 Arp Karm\/Eesti Rahva Muuseum 2014&quot;,&quot;focal_length&quot;:&quot;0&quot;,&quot;iso&quot;:&quot;0&quot;,&quot;shutter_speed&quot;:&quot;0&quot;,&quot;title&quot;:&quot;&quot;,&quot;orientation&quot;:&quot;0&quot;}\" data-image-title=\"ak0102\" data-image-description=\"\" data-image-caption=\"\" data-large-file=\"https:\/\/blog.erm.ee\/wp-content\/uploads\/2014\/11\/ak0102-1024x683.jpg\" class=\"alignnone size-large wp-image-5527\" src=\"https:\/\/blog.erm.ee\/wp-content\/uploads\/2014\/11\/ak0102-1024x683.jpg\" alt=\"ak0102\" width=\"700\" height=\"466\" srcset=\"https:\/\/blog.erm.ee\/wp-content\/uploads\/2014\/11\/ak0102-1024x683.jpg 1024w, https:\/\/blog.erm.ee\/wp-content\/uploads\/2014\/11\/ak0102-389x260.jpg 389w, https:\/\/blog.erm.ee\/wp-content\/uploads\/2014\/11\/ak0102-300x200.jpg 300w, https:\/\/blog.erm.ee\/wp-content\/uploads\/2014\/11\/ak0102.jpg 1200w\" sizes=\"auto, (max-width: 700px) 100vw, 700px\" \/><\/a><br \/>\n<em>N\u00fc\u00fcd juba muuseumile kuuluvat lippu aitab kokku rullida lipu kavandanud ja muretsenud Kuno Raude. <\/em><\/p>\n<p>Seej\u00e4rel siirdusid k\u00fclalised n\u00e4itusemaja teisele korrusele tutvuma sealsete v\u00e4ljapanekutega. Esmalt juhatas kuraator Riina sisse n\u00e4itusega \u201e<a href=\"http:\/\/www.erm.ee\/et\/kylasta\/Naitusemaja\/Naitused\/440\" target=\"_blank\">Aasta 1944. Meri L\u00e4\u00e4nde<\/a>\u201c tutvumise. Reet Piiri asjatundlike kommentaaride saatel said virulased v\u00f5imaluse oma silmaga kaeda, mida p\u00f5nevat oli kroonprintsess Victoria ERMile \u00fcle andnud. Mementolased r\u00f5\u00f5mustasid, et neil ERMi tulekuks sedav\u00f5rd h\u00e4\u00e4 ajastus sattus!<\/p>\n<p><a href=\"https:\/\/blog.erm.ee\/wp-content\/uploads\/2014\/11\/ak0106.jpg\"><img loading=\"lazy\" decoding=\"async\" data-attachment-id=\"5528\" data-permalink=\"https:\/\/blog.erm.ee\/?attachment_id=5528#main\" data-orig-file=\"https:\/\/blog.erm.ee\/wp-content\/uploads\/2014\/11\/ak0106.jpg\" data-orig-size=\"1200,801\" data-comments-opened=\"1\" data-image-meta=\"{&quot;aperture&quot;:&quot;0&quot;,&quot;credit&quot;:&quot;&quot;,&quot;camera&quot;:&quot;&quot;,&quot;caption&quot;:&quot;&quot;,&quot;created_timestamp&quot;:&quot;1415100820&quot;,&quot;copyright&quot;:&quot;\\u00a9 Arp Karm\/Eesti Rahva Muuseum 2014&quot;,&quot;focal_length&quot;:&quot;0&quot;,&quot;iso&quot;:&quot;0&quot;,&quot;shutter_speed&quot;:&quot;0&quot;,&quot;title&quot;:&quot;&quot;,&quot;orientation&quot;:&quot;0&quot;}\" data-image-title=\"ak0106\" data-image-description=\"\" data-image-caption=\"\" data-large-file=\"https:\/\/blog.erm.ee\/wp-content\/uploads\/2014\/11\/ak0106-1024x683.jpg\" class=\"alignnone size-large wp-image-5528\" src=\"https:\/\/blog.erm.ee\/wp-content\/uploads\/2014\/11\/ak0106-1024x683.jpg\" alt=\"ak0106\" width=\"700\" height=\"466\" srcset=\"https:\/\/blog.erm.ee\/wp-content\/uploads\/2014\/11\/ak0106-1024x683.jpg 1024w, https:\/\/blog.erm.ee\/wp-content\/uploads\/2014\/11\/ak0106-389x260.jpg 389w, https:\/\/blog.erm.ee\/wp-content\/uploads\/2014\/11\/ak0106-300x200.jpg 300w, https:\/\/blog.erm.ee\/wp-content\/uploads\/2014\/11\/ak0106.jpg 1200w\" sizes=\"auto, (max-width: 700px) 100vw, 700px\" \/><\/a><br \/>\n<em>K\u00fclalised n\u00e4itusel \u201e1944. Meri L\u00e4\u00e4nde\u201c. <\/em><\/p>\n<p>N\u00fc\u00fcd oli aeg \u00fchiseks kohvipausiks n\u00e4itusemaja t\u00f6\u00f6toas, et veidi jalgu puhata enne Raadile minekut. ERM omalt poolt kinkis igale k\u00fclalisele sarja \u201eVanavara kogumisretkedelt\u201c 5. raamatu. Kohvitassi k\u00f5rvale seda sirvides avastas Kuno Raude, et tema perekonna side meie muuseumiga k\u00fc\u00fcndib sajanditagusesse aega! Nimelt olid noored mehed Leopold Laurson ja Julius Kuperjanov 100 aastat tagasi Viru-Jaagupi kihelkonnas ringi r\u00e4nnates ja ERMi h\u00e4\u00e4ks asju kogudes ka tema vanaemaga kohtunud ja tollelt vanavanema Ann Karjuse kootud kinda saanud (vt ERM 10439, raamatus lk 36).<\/p>\n<p>Jalad puhatud, oligi rakverelastel aeg minna Raadile, produtsent Viljar Pohhomovi juhatusel kaema ERMi uue hoone ehitust. T\u00f5nis usaldas oma isikliku turvakiivri Rakvere linnapeale.<\/p>\n<p>Raadil n\u00e4htu muljed olgu edasi antud Aino Kiiveri s\u00f5nadega: <em>H\u00e4mmastas v\u00e4ga positiivselt, et Raadil k\u00e4ies n\u00e4gime, et tegu pole teps mitte klaasist majaga \u2013 nii nagu r\u00e4\u00e4gitud ja kurdetud ja kardetud! Ei ole ta suur ja on p\u00f5nevalt projekteeritud. Kuno Raudel, kes ise ju arhitekt, oli palju p\u00e4rimist, aga meie giidi Viljari p\u00f5hjalikud ja asjalikud teadmised olid muljetavaldavad. Muuhulgas n\u00e4itas Viljar ka, kus on see Lipusaal, kus kunagi ka meie Memento lippu saab rahvale n\u00e4idata! <\/em>L\u00e4bi ERMi uue maja jalutades uurisid mementolased, kas <em>avatud fondi<\/em> klaasist katus ikka peab vastu k\u00fclastajahulkade raskusele ning v\u00f5rdlesid ERMi uue maja ja Rakvere P\u00f5hjakeskuse suurusi. Selgus, et ERMi uus maja ei ole hiiglaslik, vaid kolmandiku v\u00f5rra v\u00e4iksem kui Rakvere P\u00f5hjakeskus! Olgu p\u00e4eva kokkuv\u00f5tteks taas s\u00f5na Ainol: <em>P\u00e4rast k\u00fclask\u00e4iku olid meie noorikud elevil ja lubasid ka kolmandat korda ERMi tulla ehk avamisel kohal olla, et n\u00fc\u00fcd nii kenasti kaks korda k\u00e4idud ja\u2026!<\/em><\/p>\n<p>Selle lipuloo p\u00e4ris l\u00f5ppu j\u00e4\u00e4b lisada, et sel p\u00e4eval ERMis n\u00e4htu, nii n\u00e4itus 1944. aasta p\u00f5genemisest kui <em>printsessa <\/em>\u00fcleantud ilus vanavara inspireerisid mementolast Mallet, kes lubas, et otsib keldrist kohvrist v\u00e4lja ja annab ERMile oma ema <em>Siberis \u00e4ra k\u00e4inud <\/em>laulatuskleidi. Kuno Raude aga kirjutas muuseumile: <em>Ajendatuna sellest &#8220;avastusest&#8221; olen hakanud m\u00f5tlema sellele, et ehk oleks ka minu vanemate tehtud asjade, eriti Siberis tehtud asjade, koht ERMis?<\/em><\/p>\n<div class=\"fcbkbttn_buttons_block\" id=\"fcbkbttn_left\"><div class=\"fcbkbttn_like \"><fb:like href=\"https:\/\/blog.erm.ee\/?p=5521\" action=\"like\" colorscheme=\"light\" layout=\"standard\"  width=\"225px\" size=\"small\"><\/fb:like><\/div><div class=\"fb-share-button  \" data-href=\"https:\/\/blog.erm.ee\/?p=5521\" data-type=\"button\" data-size=\"small\"><\/div><\/div>","protected":false},"excerpt":{"rendered":"<p>Terje Anepaio, teadur Fotod Arp Karm V\u00e4\u00e4rikate esemete j\u00f5udmine muuseumi teeb alati erilist r\u00f5\u00f5mu! T\u00e4pselt kaks n\u00e4dalat tagasi, 4.novembril oligi \u00fcks selliseid p\u00e4evi \u2013 muuseumirahvas ootas k\u00fclla h\u00e4id s\u00f5pru ja koost\u00f6\u00f6partnereid Rakvere Memento \u00dchingust, kes tulid Tartusse, et ERMile \u00fcle anda oma \u00fchingu teenekas lipp, mille kinkis Rakvere Mementole 1993. aastal tollane Riigikogu saadik Kuno&hellip;<\/p>\n","protected":false},"author":1,"featured_media":5527,"comment_status":"open","ping_status":"open","sticky":false,"template":"","format":"standard","meta":{"_monsterinsights_skip_tracking":false,"_monsterinsights_sitenote_active":false,"_monsterinsights_sitenote_note":"","_monsterinsights_sitenote_category":0,"jetpack_post_was_ever_published":false,"_jetpack_newsletter_access":"","_jetpack_dont_email_post_to_subs":false,"_jetpack_newsletter_tier_id":0,"_jetpack_memberships_contains_paywalled_content":false,"_jetpack_memberships_contains_paid_content":false,"footnotes":""},"categories":[19],"tags":[],"class_list":["post-5521","post","type-post","status-publish","format-standard","has-post-thumbnail","hentry","category-sundmus"],"yoast_head":"<!-- This site is optimized with the Yoast SEO plugin v27.5 - https:\/\/yoast.com\/product\/yoast-seo-wordpress\/ -->\n<title>V\u00e4\u00e4rikas lipp j\u00f5udis muuseumi - Eesti Rahva Muuseumi ajaveeb<\/title>\n<meta name=\"robots\" content=\"index, follow, max-snippet:-1, max-image-preview:large, max-video-preview:-1\" \/>\n<link rel=\"canonical\" href=\"https:\/\/blog.erm.ee\/?p=5521\" \/>\n<meta property=\"og:locale\" content=\"et_EE\" \/>\n<meta property=\"og:type\" content=\"article\" \/>\n<meta property=\"og:title\" content=\"V\u00e4\u00e4rikas lipp j\u00f5udis muuseumi - Eesti Rahva Muuseumi ajaveeb\" \/>\n<meta property=\"og:description\" content=\"Terje Anepaio, teadur Fotod Arp Karm V\u00e4\u00e4rikate esemete j\u00f5udmine muuseumi teeb alati erilist r\u00f5\u00f5mu! T\u00e4pselt kaks n\u00e4dalat tagasi, 4.novembril oligi \u00fcks selliseid p\u00e4evi \u2013 muuseumirahvas ootas k\u00fclla h\u00e4id s\u00f5pru ja koost\u00f6\u00f6partnereid Rakvere Memento \u00dchingust, kes tulid Tartusse, et ERMile \u00fcle anda oma \u00fchingu teenekas lipp, mille kinkis Rakvere Mementole 1993. aastal tollane Riigikogu saadik Kuno&hellip;\" \/>\n<meta property=\"og:url\" content=\"https:\/\/blog.erm.ee\/?p=5521\" \/>\n<meta property=\"og:site_name\" content=\"Eesti Rahva Muuseumi ajaveeb\" \/>\n<meta property=\"article:published_time\" content=\"2014-11-18T16:03:36+00:00\" \/>\n<meta property=\"article:modified_time\" content=\"2014-11-18T16:04:15+00:00\" \/>\n<meta property=\"og:image\" content=\"https:\/\/blog.erm.ee\/wp-content\/uploads\/2014\/11\/ak0102.jpg\" \/>\n\t<meta property=\"og:image:width\" content=\"1200\" \/>\n\t<meta property=\"og:image:height\" content=\"801\" \/>\n\t<meta property=\"og:image:type\" content=\"image\/jpeg\" \/>\n<meta name=\"author\" content=\"Eesti Rahva Muuseum\" \/>\n<meta name=\"twitter:card\" content=\"summary_large_image\" \/>\n<meta name=\"twitter:label1\" content=\"Written by\" \/>\n\t<meta name=\"twitter:data1\" content=\"Eesti Rahva Muuseum\" \/>\n\t<meta name=\"twitter:label2\" content=\"Est. reading time\" \/>\n\t<meta name=\"twitter:data2\" content=\"5 minutit\" \/>\n<script type=\"application\/ld+json\" class=\"yoast-schema-graph\">{\"@context\":\"https:\\\/\\\/schema.org\",\"@graph\":[{\"@type\":\"Article\",\"@id\":\"https:\\\/\\\/blog.erm.ee\\\/?p=5521#article\",\"isPartOf\":{\"@id\":\"https:\\\/\\\/blog.erm.ee\\\/?p=5521\"},\"author\":{\"name\":\"Eesti Rahva Muuseum\",\"@id\":\"https:\\\/\\\/blog.erm.ee\\\/#\\\/schema\\\/person\\\/6e98c391cb00a33e7c22a3571e062114\"},\"headline\":\"V\u00e4\u00e4rikas lipp j\u00f5udis muuseumi\",\"datePublished\":\"2014-11-18T16:03:36+00:00\",\"dateModified\":\"2014-11-18T16:04:15+00:00\",\"mainEntityOfPage\":{\"@id\":\"https:\\\/\\\/blog.erm.ee\\\/?p=5521\"},\"wordCount\":937,\"commentCount\":0,\"image\":{\"@id\":\"https:\\\/\\\/blog.erm.ee\\\/?p=5521#primaryimage\"},\"thumbnailUrl\":\"https:\\\/\\\/blog.erm.ee\\\/wp-content\\\/uploads\\\/2014\\\/11\\\/ak0102.jpg\",\"articleSection\":[\"S\u00fcndmus\"],\"inLanguage\":\"et\",\"potentialAction\":[{\"@type\":\"CommentAction\",\"name\":\"Comment\",\"target\":[\"https:\\\/\\\/blog.erm.ee\\\/?p=5521#respond\"]}]},{\"@type\":\"WebPage\",\"@id\":\"https:\\\/\\\/blog.erm.ee\\\/?p=5521\",\"url\":\"https:\\\/\\\/blog.erm.ee\\\/?p=5521\",\"name\":\"V\u00e4\u00e4rikas lipp j\u00f5udis muuseumi - Eesti Rahva Muuseumi ajaveeb\",\"isPartOf\":{\"@id\":\"https:\\\/\\\/blog.erm.ee\\\/#website\"},\"primaryImageOfPage\":{\"@id\":\"https:\\\/\\\/blog.erm.ee\\\/?p=5521#primaryimage\"},\"image\":{\"@id\":\"https:\\\/\\\/blog.erm.ee\\\/?p=5521#primaryimage\"},\"thumbnailUrl\":\"https:\\\/\\\/blog.erm.ee\\\/wp-content\\\/uploads\\\/2014\\\/11\\\/ak0102.jpg\",\"datePublished\":\"2014-11-18T16:03:36+00:00\",\"dateModified\":\"2014-11-18T16:04:15+00:00\",\"author\":{\"@id\":\"https:\\\/\\\/blog.erm.ee\\\/#\\\/schema\\\/person\\\/6e98c391cb00a33e7c22a3571e062114\"},\"breadcrumb\":{\"@id\":\"https:\\\/\\\/blog.erm.ee\\\/?p=5521#breadcrumb\"},\"inLanguage\":\"et\",\"potentialAction\":[{\"@type\":\"ReadAction\",\"target\":[\"https:\\\/\\\/blog.erm.ee\\\/?p=5521\"]}]},{\"@type\":\"ImageObject\",\"inLanguage\":\"et\",\"@id\":\"https:\\\/\\\/blog.erm.ee\\\/?p=5521#primaryimage\",\"url\":\"https:\\\/\\\/blog.erm.ee\\\/wp-content\\\/uploads\\\/2014\\\/11\\\/ak0102.jpg\",\"contentUrl\":\"https:\\\/\\\/blog.erm.ee\\\/wp-content\\\/uploads\\\/2014\\\/11\\\/ak0102.jpg\",\"width\":1200,\"height\":801},{\"@type\":\"BreadcrumbList\",\"@id\":\"https:\\\/\\\/blog.erm.ee\\\/?p=5521#breadcrumb\",\"itemListElement\":[{\"@type\":\"ListItem\",\"position\":1,\"name\":\"Home\",\"item\":\"https:\\\/\\\/blog.erm.ee\\\/\"},{\"@type\":\"ListItem\",\"position\":2,\"name\":\"V\u00e4\u00e4rikas lipp j\u00f5udis muuseumi\"}]},{\"@type\":\"WebSite\",\"@id\":\"https:\\\/\\\/blog.erm.ee\\\/#website\",\"url\":\"https:\\\/\\\/blog.erm.ee\\\/\",\"name\":\"Eesti Rahva Muuseumi ajaveeb\",\"description\":\"\",\"potentialAction\":[{\"@type\":\"SearchAction\",\"target\":{\"@type\":\"EntryPoint\",\"urlTemplate\":\"https:\\\/\\\/blog.erm.ee\\\/?s={search_term_string}\"},\"query-input\":{\"@type\":\"PropertyValueSpecification\",\"valueRequired\":true,\"valueName\":\"search_term_string\"}}],\"inLanguage\":\"et\"},{\"@type\":\"Person\",\"@id\":\"https:\\\/\\\/blog.erm.ee\\\/#\\\/schema\\\/person\\\/6e98c391cb00a33e7c22a3571e062114\",\"name\":\"Eesti Rahva Muuseum\",\"image\":{\"@type\":\"ImageObject\",\"inLanguage\":\"et\",\"@id\":\"https:\\\/\\\/secure.gravatar.com\\\/avatar\\\/cb6d9ad5fb49f3f7315028ce5fe60641075f2cb52b8a058ff5a985fa2d8c1da0?s=96&d=mm&r=g\",\"url\":\"https:\\\/\\\/secure.gravatar.com\\\/avatar\\\/cb6d9ad5fb49f3f7315028ce5fe60641075f2cb52b8a058ff5a985fa2d8c1da0?s=96&d=mm&r=g\",\"contentUrl\":\"https:\\\/\\\/secure.gravatar.com\\\/avatar\\\/cb6d9ad5fb49f3f7315028ce5fe60641075f2cb52b8a058ff5a985fa2d8c1da0?s=96&d=mm&r=g\",\"caption\":\"Eesti Rahva Muuseum\"},\"sameAs\":[\"http:\\\/\\\/www.erm.ee\"],\"url\":\"https:\\\/\\\/blog.erm.ee\\\/?author=1\"}]}<\/script>\n<!-- \/ Yoast SEO plugin. -->","yoast_head_json":{"title":"V\u00e4\u00e4rikas lipp j\u00f5udis muuseumi - Eesti Rahva Muuseumi ajaveeb","robots":{"index":"index","follow":"follow","max-snippet":"max-snippet:-1","max-image-preview":"max-image-preview:large","max-video-preview":"max-video-preview:-1"},"canonical":"https:\/\/blog.erm.ee\/?p=5521","og_locale":"et_EE","og_type":"article","og_title":"V\u00e4\u00e4rikas lipp j\u00f5udis muuseumi - Eesti Rahva Muuseumi ajaveeb","og_description":"Terje Anepaio, teadur Fotod Arp Karm V\u00e4\u00e4rikate esemete j\u00f5udmine muuseumi teeb alati erilist r\u00f5\u00f5mu! T\u00e4pselt kaks n\u00e4dalat tagasi, 4.novembril oligi \u00fcks selliseid p\u00e4evi \u2013 muuseumirahvas ootas k\u00fclla h\u00e4id s\u00f5pru ja koost\u00f6\u00f6partnereid Rakvere Memento \u00dchingust, kes tulid Tartusse, et ERMile \u00fcle anda oma \u00fchingu teenekas lipp, mille kinkis Rakvere Mementole 1993. aastal tollane Riigikogu saadik Kuno&hellip;","og_url":"https:\/\/blog.erm.ee\/?p=5521","og_site_name":"Eesti Rahva Muuseumi ajaveeb","article_published_time":"2014-11-18T16:03:36+00:00","article_modified_time":"2014-11-18T16:04:15+00:00","og_image":[{"width":1200,"height":801,"url":"https:\/\/blog.erm.ee\/wp-content\/uploads\/2014\/11\/ak0102.jpg","type":"image\/jpeg"}],"author":"Eesti Rahva Muuseum","twitter_card":"summary_large_image","twitter_misc":{"Written by":"Eesti Rahva Muuseum","Est. reading time":"5 minutit"},"schema":{"@context":"https:\/\/schema.org","@graph":[{"@type":"Article","@id":"https:\/\/blog.erm.ee\/?p=5521#article","isPartOf":{"@id":"https:\/\/blog.erm.ee\/?p=5521"},"author":{"name":"Eesti Rahva Muuseum","@id":"https:\/\/blog.erm.ee\/#\/schema\/person\/6e98c391cb00a33e7c22a3571e062114"},"headline":"V\u00e4\u00e4rikas lipp j\u00f5udis muuseumi","datePublished":"2014-11-18T16:03:36+00:00","dateModified":"2014-11-18T16:04:15+00:00","mainEntityOfPage":{"@id":"https:\/\/blog.erm.ee\/?p=5521"},"wordCount":937,"commentCount":0,"image":{"@id":"https:\/\/blog.erm.ee\/?p=5521#primaryimage"},"thumbnailUrl":"https:\/\/blog.erm.ee\/wp-content\/uploads\/2014\/11\/ak0102.jpg","articleSection":["S\u00fcndmus"],"inLanguage":"et","potentialAction":[{"@type":"CommentAction","name":"Comment","target":["https:\/\/blog.erm.ee\/?p=5521#respond"]}]},{"@type":"WebPage","@id":"https:\/\/blog.erm.ee\/?p=5521","url":"https:\/\/blog.erm.ee\/?p=5521","name":"V\u00e4\u00e4rikas lipp j\u00f5udis muuseumi - Eesti Rahva Muuseumi ajaveeb","isPartOf":{"@id":"https:\/\/blog.erm.ee\/#website"},"primaryImageOfPage":{"@id":"https:\/\/blog.erm.ee\/?p=5521#primaryimage"},"image":{"@id":"https:\/\/blog.erm.ee\/?p=5521#primaryimage"},"thumbnailUrl":"https:\/\/blog.erm.ee\/wp-content\/uploads\/2014\/11\/ak0102.jpg","datePublished":"2014-11-18T16:03:36+00:00","dateModified":"2014-11-18T16:04:15+00:00","author":{"@id":"https:\/\/blog.erm.ee\/#\/schema\/person\/6e98c391cb00a33e7c22a3571e062114"},"breadcrumb":{"@id":"https:\/\/blog.erm.ee\/?p=5521#breadcrumb"},"inLanguage":"et","potentialAction":[{"@type":"ReadAction","target":["https:\/\/blog.erm.ee\/?p=5521"]}]},{"@type":"ImageObject","inLanguage":"et","@id":"https:\/\/blog.erm.ee\/?p=5521#primaryimage","url":"https:\/\/blog.erm.ee\/wp-content\/uploads\/2014\/11\/ak0102.jpg","contentUrl":"https:\/\/blog.erm.ee\/wp-content\/uploads\/2014\/11\/ak0102.jpg","width":1200,"height":801},{"@type":"BreadcrumbList","@id":"https:\/\/blog.erm.ee\/?p=5521#breadcrumb","itemListElement":[{"@type":"ListItem","position":1,"name":"Home","item":"https:\/\/blog.erm.ee\/"},{"@type":"ListItem","position":2,"name":"V\u00e4\u00e4rikas lipp j\u00f5udis muuseumi"}]},{"@type":"WebSite","@id":"https:\/\/blog.erm.ee\/#website","url":"https:\/\/blog.erm.ee\/","name":"Eesti Rahva Muuseumi ajaveeb","description":"","potentialAction":[{"@type":"SearchAction","target":{"@type":"EntryPoint","urlTemplate":"https:\/\/blog.erm.ee\/?s={search_term_string}"},"query-input":{"@type":"PropertyValueSpecification","valueRequired":true,"valueName":"search_term_string"}}],"inLanguage":"et"},{"@type":"Person","@id":"https:\/\/blog.erm.ee\/#\/schema\/person\/6e98c391cb00a33e7c22a3571e062114","name":"Eesti Rahva Muuseum","image":{"@type":"ImageObject","inLanguage":"et","@id":"https:\/\/secure.gravatar.com\/avatar\/cb6d9ad5fb49f3f7315028ce5fe60641075f2cb52b8a058ff5a985fa2d8c1da0?s=96&d=mm&r=g","url":"https:\/\/secure.gravatar.com\/avatar\/cb6d9ad5fb49f3f7315028ce5fe60641075f2cb52b8a058ff5a985fa2d8c1da0?s=96&d=mm&r=g","contentUrl":"https:\/\/secure.gravatar.com\/avatar\/cb6d9ad5fb49f3f7315028ce5fe60641075f2cb52b8a058ff5a985fa2d8c1da0?s=96&d=mm&r=g","caption":"Eesti Rahva Muuseum"},"sameAs":["http:\/\/www.erm.ee"],"url":"https:\/\/blog.erm.ee\/?author=1"}]}},"jetpack_featured_media_url":"https:\/\/blog.erm.ee\/wp-content\/uploads\/2014\/11\/ak0102.jpg","jetpack_shortlink":"https:\/\/wp.me\/p2l9Zd-1r3","jetpack_sharing_enabled":true,"jetpack_likes_enabled":true,"_links":{"self":[{"href":"https:\/\/blog.erm.ee\/index.php?rest_route=\/wp\/v2\/posts\/5521","targetHints":{"allow":["GET"]}}],"collection":[{"href":"https:\/\/blog.erm.ee\/index.php?rest_route=\/wp\/v2\/posts"}],"about":[{"href":"https:\/\/blog.erm.ee\/index.php?rest_route=\/wp\/v2\/types\/post"}],"author":[{"embeddable":true,"href":"https:\/\/blog.erm.ee\/index.php?rest_route=\/wp\/v2\/users\/1"}],"replies":[{"embeddable":true,"href":"https:\/\/blog.erm.ee\/index.php?rest_route=%2Fwp%2Fv2%2Fcomments&post=5521"}],"version-history":[{"count":5,"href":"https:\/\/blog.erm.ee\/index.php?rest_route=\/wp\/v2\/posts\/5521\/revisions"}],"predecessor-version":[{"id":5533,"href":"https:\/\/blog.erm.ee\/index.php?rest_route=\/wp\/v2\/posts\/5521\/revisions\/5533"}],"wp:featuredmedia":[{"embeddable":true,"href":"https:\/\/blog.erm.ee\/index.php?rest_route=\/wp\/v2\/media\/5527"}],"wp:attachment":[{"href":"https:\/\/blog.erm.ee\/index.php?rest_route=%2Fwp%2Fv2%2Fmedia&parent=5521"}],"wp:term":[{"taxonomy":"category","embeddable":true,"href":"https:\/\/blog.erm.ee\/index.php?rest_route=%2Fwp%2Fv2%2Fcategories&post=5521"},{"taxonomy":"post_tag","embeddable":true,"href":"https:\/\/blog.erm.ee\/index.php?rest_route=%2Fwp%2Fv2%2Ftags&post=5521"}],"curies":[{"name":"wp","href":"https:\/\/api.w.org\/{rel}","templated":true}]}}