{"id":550,"date":"2012-08-27T08:41:16","date_gmt":"2012-08-27T06:41:16","guid":{"rendered":"http:\/\/blog.erm.ee\/?p=550"},"modified":"2013-10-07T21:52:33","modified_gmt":"2013-10-07T19:52:33","slug":"kivisse-raiutud-aeg-paikesekellad-ermi-kogudes","status":"publish","type":"post","link":"https:\/\/blog.erm.ee\/?p=550","title":{"rendered":"Kivisse raiutud aeg \u2013 p\u00e4ikesekellad ERMi kogudes"},"content":{"rendered":"<div class=\"fcbkbttn_buttons_block\" id=\"fcbkbttn_left\"><div class=\"fcbkbttn_like \"><fb:like href=\"https:\/\/blog.erm.ee\/?p=550\" action=\"like\" colorscheme=\"light\" layout=\"standard\"  width=\"225px\" size=\"small\"><\/fb:like><\/div><div class=\"fb-share-button  \" data-href=\"https:\/\/blog.erm.ee\/?p=550\" data-type=\"button\" data-size=\"small\"><\/div><\/div><p style=\"text-align: left;\" align=\"right\"><em>Age Raudsepp, koguhoidja, ja Siret Saar, koguhoidja<\/em><\/p>\n<p style=\"text-align: left;\" align=\"right\">\n<p><em>\u00a0\u201eMa tulen umbes kell kolm v\u00f5i kell neli v\u00f5i kell viis, aga mitte \u00fcks minut enne kuut,\u201c oli Karlsson \u00f6elnud. \/\u2026\/ <\/em><\/p>\n<p><em>\u201eIgal juhul mitte hiljem kui kell seitse,\u201c oli Karlsson vastanud. \u201eAga vaevalt enne kaheksat. Igatahes pane t\u00e4hele umbes kell \u00fcheksa, umbes, siis l\u00e4heb lahti!\u201c<\/em><\/p>\n<p>S\u00fcmboolne m\u00e4\u00e4ratlus \u201eumbes\u201c on k\u00f5ige konkreetsem \u00fchik, milleks Karlsson v\u00f5imeline on. Ja umbes Karlsson alati tuligi.<\/p>\n<p>Miks on vaja aega t\u00e4pselt tajuda ja m\u00e4\u00e4rata? Miks on aeg niiv\u00f5rd oluline?<\/p>\n<p>Kui \u00f6elda \u201eaeg\u201c, siis \u00fcks kujutluspilt, mis t\u00e4nap\u00e4eva inimesel sellega seostub, on kell. Kell aitab aega liigendada ja osadeks jagada, aga ei \u00fctle midagi aja enese kohta, vaid hoopis eeldab seda, et ma aega juba ise tunnen.<\/p>\n<p>Kella kasutamisele osutavad eesti keeles 17.-18. saj fikseeritud s\u00f5nad <em>tund, tunni kell, kella sepp<\/em>, otseselt p\u00e4ikesekellale viitavad <em>tunni kivi, tunni pakk, pakk-kell. <\/em>Wiedemann lisab neile veel<em>\u00a0 p\u00e4eva-kivi ja p\u00e4eva-kella.<\/em><\/p>\n<p>Muidugi on seieritega kell inimkonna ajaloos v\u00e4ga hiline leiutis. Varasemad ja palju k\u00e4ep\u00e4rasemad aja m\u00f5\u00f5tmise vahendid on mitmesugused loodusn\u00e4htused, n\u00e4iteks P\u00e4ikese liikumine.<\/p>\n<p>Igal ajal on inimesed pidanud P\u00e4ikest k\u00f5ige \u00f5igemaks kellaks. Ammu enne seda, kui p\u00e4ev jagati kahek\u00fcmne neljaks tunniks, arvasid inimesed aega p\u00e4ikese j\u00e4rgi. Praegugi veel r\u00e4\u00e4gime: <em>p\u00e4ikeset\u00f5usul, p\u00e4ikeseloojakul, videvikus<\/em>.<\/p>\n<p>Et P\u00e4iksega aega m\u00f5\u00f5ta, ei piisa ainult\u00a0 numbrilauast ja varju tekitavast vardast. \u00d5ige aja saamiseks on v\u00e4ga oluline ka varju tekitava varda asend Maa p\u00f6\u00f6rlemistelje suhtes. See peaks olema suunatud geograafilise p\u00f5hjapooluse suunas ja olema paralleelne Maa p\u00f6\u00f6rlemisteljega. Lisaks s\u00f5ltub korrektne aeg ka Maa liikumisest \u00fcmber P\u00e4ikese, mist\u00f5ttu erinevatel aastaaegadel v\u00f5ib p\u00e4ikesekella viga standardajaga olla kuni 15 minutit.<\/p>\n<p>Erinevalt meile tuntud kella mudelist 12 v\u00f5rdse sektoriga, v\u00f5ib p\u00e4ikesekellal neid olla peaaegu poole rohkem. Kui palju jaotisi p\u00e4ikesekellale tarvis l\u00e4heb, s\u00f5ltub juba geograafilisest asendist &#8211; mida kaugemal ekvaatorist, seda enam tunde p\u00e4evas suvisel ajal P\u00e4ike varju tekitab ja jaotisi on vaja rohkem. Sellest tingituna on igal laiuskraadil isesuguse jaotusega kell.<\/p>\n<p>Kui t\u00e4pset aega ERMi kogudes olevad p\u00e4ikesekellad (nimetusena kasutatud ka tunnipakk, tunnin\u00e4itaja, p\u00e4evakell, p\u00e4eva kellu) n\u00e4idata v\u00f5isid, ei ole teada.\u00a0 Need p\u00e4ikesekellad on k\u00f5ik horisontaalselt paigutatavad, see on t\u00f5en\u00e4oliselt k\u00f5ige lihtsam viis, aga p\u00e4ikesekellasid saab asetada ka vertikaalselt, erinevate nurkade all, on teada ka sf\u00e4\u00e4rilisi kellasid.<\/p>\n<p>ERMis on 9 p\u00e4ikesekella, neist 2 vasest, \u00fclej\u00e4\u00e4nud kivist. Kujult on nad \u00fcmmargused v\u00f5i neljakandilised, numbrilaual tunnijaotus\u00a0 ning keskel auk varda jaoks.<\/p>\n<p>Sageli on vanus teadmata (nt leitud p\u00f5ldu k\u00fcndes), \u00f5nneks on valmistamisaeg osadelt kelladelt loetav \u2013 1682, 1770, 1786, 1875.<\/p>\n<p><a href=\"https:\/\/blog.erm.ee\/wp-content\/uploads\/2012\/08\/p\u00e4iksekell-ERM-7483.jpg\"><img loading=\"lazy\" decoding=\"async\" data-attachment-id=\"552\" data-permalink=\"https:\/\/blog.erm.ee\/?attachment_id=552#main\" data-orig-file=\"https:\/\/blog.erm.ee\/wp-content\/uploads\/2012\/08\/p\u00e4iksekell-ERM-7483.jpg\" data-orig-size=\"250,188\" data-comments-opened=\"1\" data-image-meta=\"{&quot;aperture&quot;:&quot;0&quot;,&quot;credit&quot;:&quot;&quot;,&quot;camera&quot;:&quot;&quot;,&quot;caption&quot;:&quot;&quot;,&quot;created_timestamp&quot;:&quot;0&quot;,&quot;copyright&quot;:&quot;&quot;,&quot;focal_length&quot;:&quot;0&quot;,&quot;iso&quot;:&quot;0&quot;,&quot;shutter_speed&quot;:&quot;0&quot;,&quot;title&quot;:&quot;&quot;}\" data-image-title=\"p\u00e4iksekell ERM 7483\" data-image-description=\"\" data-image-caption=\"\" data-large-file=\"https:\/\/blog.erm.ee\/wp-content\/uploads\/2012\/08\/p\u00e4iksekell-ERM-7483.jpg\" class=\"alignnone size-full wp-image-552\" title=\"p\u00e4iksekell ERM 7483\" alt=\"\" src=\"https:\/\/blog.erm.ee\/wp-content\/uploads\/2012\/08\/p\u00e4iksekell-ERM-7483.jpg\" width=\"250\" height=\"188\" \/><\/a><\/p>\n<p><strong>ERM 7483 <\/strong>&#8211; Kogutud 1912. a Kambja khk. Eseme kinkija Karl Oberschneideri kommentaar: \u201eTunnipakk oli puupaku otsas, paku augus oli pulk p\u00fcsti, mille abil aega arvati.\u201c<\/p>\n<p><a href=\"https:\/\/blog.erm.ee\/wp-content\/uploads\/2012\/08\/p\u00e4iksekell-ERM-A-426-2606.jpg\"><img loading=\"lazy\" decoding=\"async\" data-attachment-id=\"553\" data-permalink=\"https:\/\/blog.erm.ee\/?attachment_id=553#main\" data-orig-file=\"https:\/\/blog.erm.ee\/wp-content\/uploads\/2012\/08\/p\u00e4iksekell-ERM-A-426-2606.jpg\" data-orig-size=\"250,188\" data-comments-opened=\"1\" data-image-meta=\"{&quot;aperture&quot;:&quot;0&quot;,&quot;credit&quot;:&quot;&quot;,&quot;camera&quot;:&quot;&quot;,&quot;caption&quot;:&quot;&quot;,&quot;created_timestamp&quot;:&quot;0&quot;,&quot;copyright&quot;:&quot;&quot;,&quot;focal_length&quot;:&quot;0&quot;,&quot;iso&quot;:&quot;0&quot;,&quot;shutter_speed&quot;:&quot;0&quot;,&quot;title&quot;:&quot;&quot;}\" data-image-title=\"p\u00e4iksekell ERM A 426-2606\" data-image-description=\"\" data-image-caption=\"\" data-large-file=\"https:\/\/blog.erm.ee\/wp-content\/uploads\/2012\/08\/p\u00e4iksekell-ERM-A-426-2606.jpg\" class=\"alignnone size-full wp-image-553\" title=\"p\u00e4iksekell ERM A 426-2606\" alt=\"\" src=\"https:\/\/blog.erm.ee\/wp-content\/uploads\/2012\/08\/p\u00e4iksekell-ERM-A-426-2606.jpg\" width=\"250\" height=\"188\" \/><\/a><\/p>\n<div>\n<p><strong>ERM A 426:2606<\/strong> &#8211; Kogutud 1920. a Jaani khk.<\/p>\n<p><a href=\"https:\/\/blog.erm.ee\/wp-content\/uploads\/2012\/08\/p\u00e4iksekell-ERM-A-509-5987.jpg\"><img loading=\"lazy\" decoding=\"async\" data-attachment-id=\"551\" data-permalink=\"https:\/\/blog.erm.ee\/?attachment_id=551#main\" data-orig-file=\"https:\/\/blog.erm.ee\/wp-content\/uploads\/2012\/08\/p\u00e4iksekell-ERM-A-509-5987.jpg\" data-orig-size=\"250,188\" data-comments-opened=\"1\" data-image-meta=\"{&quot;aperture&quot;:&quot;0&quot;,&quot;credit&quot;:&quot;&quot;,&quot;camera&quot;:&quot;&quot;,&quot;caption&quot;:&quot;&quot;,&quot;created_timestamp&quot;:&quot;0&quot;,&quot;copyright&quot;:&quot;&quot;,&quot;focal_length&quot;:&quot;0&quot;,&quot;iso&quot;:&quot;0&quot;,&quot;shutter_speed&quot;:&quot;0&quot;,&quot;title&quot;:&quot;&quot;}\" data-image-title=\"p\u00e4iksekell ERM A 509-5987\" data-image-description=\"\" data-image-caption=\"\" data-large-file=\"https:\/\/blog.erm.ee\/wp-content\/uploads\/2012\/08\/p\u00e4iksekell-ERM-A-509-5987.jpg\" class=\"alignnone size-full wp-image-551\" title=\"p\u00e4iksekell ERM A 509-5987\" alt=\"\" src=\"https:\/\/blog.erm.ee\/wp-content\/uploads\/2012\/08\/p\u00e4iksekell-ERM-A-509-5987.jpg\" width=\"250\" height=\"188\" \/><\/a><\/p>\n<div>\n<p><strong>ERM A 509:5987<\/strong> &#8211; P\u00e4ritolu teadmata, ERMi deponeeritud 1942. a. \u00dche nurga peal arv \u201e1875\u201c.<\/p>\n<\/div>\n<\/div>\n<p>&nbsp;<\/p>\n<div class=\"fcbkbttn_buttons_block\" id=\"fcbkbttn_left\"><div class=\"fcbkbttn_like \"><fb:like href=\"https:\/\/blog.erm.ee\/?p=550\" action=\"like\" colorscheme=\"light\" layout=\"standard\"  width=\"225px\" size=\"small\"><\/fb:like><\/div><div class=\"fb-share-button  \" data-href=\"https:\/\/blog.erm.ee\/?p=550\" data-type=\"button\" data-size=\"small\"><\/div><\/div>","protected":false},"excerpt":{"rendered":"<p>Age Raudsepp, koguhoidja, ja Siret Saar, koguhoidja \u00a0\u201eMa tulen umbes kell kolm v\u00f5i kell neli v\u00f5i kell viis, aga mitte \u00fcks minut enne kuut,\u201c oli Karlsson \u00f6elnud. \/\u2026\/ \u201eIgal juhul mitte hiljem kui kell seitse,\u201c oli Karlsson vastanud. \u201eAga vaevalt enne kaheksat. Igatahes pane t\u00e4hele umbes kell \u00fcheksa, umbes, siis l\u00e4heb lahti!\u201c S\u00fcmboolne m\u00e4\u00e4ratlus \u201eumbes\u201c&hellip;<\/p>\n","protected":false},"author":1,"featured_media":553,"comment_status":"open","ping_status":"open","sticky":false,"template":"","format":"standard","meta":{"_monsterinsights_skip_tracking":false,"_monsterinsights_sitenote_active":false,"_monsterinsights_sitenote_note":"","_monsterinsights_sitenote_category":0,"jetpack_post_was_ever_published":false,"_jetpack_newsletter_access":"","_jetpack_dont_email_post_to_subs":false,"_jetpack_newsletter_tier_id":0,"_jetpack_memberships_contains_paywalled_content":false,"_jetpack_memberships_contains_paid_content":false,"footnotes":""},"categories":[5],"tags":[],"class_list":["post-550","post","type-post","status-publish","format-standard","has-post-thumbnail","hentry","category-museaal"],"yoast_head":"<!-- This site is optimized with the Yoast SEO plugin v27.5 - https:\/\/yoast.com\/product\/yoast-seo-wordpress\/ -->\n<title>Kivisse raiutud aeg \u2013 p\u00e4ikesekellad ERMi kogudes - Eesti Rahva Muuseumi ajaveeb<\/title>\n<meta name=\"robots\" content=\"index, follow, max-snippet:-1, max-image-preview:large, max-video-preview:-1\" \/>\n<link rel=\"canonical\" href=\"https:\/\/blog.erm.ee\/?p=550\" \/>\n<meta property=\"og:locale\" content=\"et_EE\" \/>\n<meta property=\"og:type\" content=\"article\" \/>\n<meta property=\"og:title\" content=\"Kivisse raiutud aeg \u2013 p\u00e4ikesekellad ERMi kogudes - Eesti Rahva Muuseumi ajaveeb\" \/>\n<meta property=\"og:description\" content=\"Age Raudsepp, koguhoidja, ja Siret Saar, koguhoidja \u00a0\u201eMa tulen umbes kell kolm v\u00f5i kell neli v\u00f5i kell viis, aga mitte \u00fcks minut enne kuut,\u201c oli Karlsson \u00f6elnud. \/\u2026\/ \u201eIgal juhul mitte hiljem kui kell seitse,\u201c oli Karlsson vastanud. \u201eAga vaevalt enne kaheksat. Igatahes pane t\u00e4hele umbes kell \u00fcheksa, umbes, siis l\u00e4heb lahti!\u201c S\u00fcmboolne m\u00e4\u00e4ratlus \u201eumbes\u201c&hellip;\" \/>\n<meta property=\"og:url\" content=\"https:\/\/blog.erm.ee\/?p=550\" \/>\n<meta property=\"og:site_name\" content=\"Eesti Rahva Muuseumi ajaveeb\" \/>\n<meta property=\"article:published_time\" content=\"2012-08-27T06:41:16+00:00\" \/>\n<meta property=\"article:modified_time\" content=\"2013-10-07T19:52:33+00:00\" \/>\n<meta property=\"og:image\" content=\"https:\/\/blog.erm.ee\/wp-content\/uploads\/2012\/08\/p\u00e4iksekell-ERM-A-426-2606.jpg\" \/>\n\t<meta property=\"og:image:width\" content=\"250\" \/>\n\t<meta property=\"og:image:height\" content=\"188\" \/>\n\t<meta property=\"og:image:type\" content=\"image\/jpeg\" \/>\n<meta name=\"author\" content=\"Eesti Rahva Muuseum\" \/>\n<meta name=\"twitter:card\" content=\"summary_large_image\" \/>\n<meta name=\"twitter:label1\" content=\"Written by\" \/>\n\t<meta name=\"twitter:data1\" content=\"Eesti Rahva Muuseum\" \/>\n\t<meta name=\"twitter:label2\" content=\"Est. reading time\" \/>\n\t<meta name=\"twitter:data2\" content=\"3 minutit\" \/>\n<script type=\"application\/ld+json\" class=\"yoast-schema-graph\">{\"@context\":\"https:\\\/\\\/schema.org\",\"@graph\":[{\"@type\":\"Article\",\"@id\":\"https:\\\/\\\/blog.erm.ee\\\/?p=550#article\",\"isPartOf\":{\"@id\":\"https:\\\/\\\/blog.erm.ee\\\/?p=550\"},\"author\":{\"name\":\"Eesti Rahva Muuseum\",\"@id\":\"https:\\\/\\\/blog.erm.ee\\\/#\\\/schema\\\/person\\\/6e98c391cb00a33e7c22a3571e062114\"},\"headline\":\"Kivisse raiutud aeg \u2013 p\u00e4ikesekellad ERMi kogudes\",\"datePublished\":\"2012-08-27T06:41:16+00:00\",\"dateModified\":\"2013-10-07T19:52:33+00:00\",\"mainEntityOfPage\":{\"@id\":\"https:\\\/\\\/blog.erm.ee\\\/?p=550\"},\"wordCount\":509,\"commentCount\":0,\"image\":{\"@id\":\"https:\\\/\\\/blog.erm.ee\\\/?p=550#primaryimage\"},\"thumbnailUrl\":\"https:\\\/\\\/blog.erm.ee\\\/wp-content\\\/uploads\\\/2012\\\/08\\\/p\u00e4iksekell-ERM-A-426-2606.jpg\",\"articleSection\":[\"Museaal\"],\"inLanguage\":\"et\",\"potentialAction\":[{\"@type\":\"CommentAction\",\"name\":\"Comment\",\"target\":[\"https:\\\/\\\/blog.erm.ee\\\/?p=550#respond\"]}]},{\"@type\":\"WebPage\",\"@id\":\"https:\\\/\\\/blog.erm.ee\\\/?p=550\",\"url\":\"https:\\\/\\\/blog.erm.ee\\\/?p=550\",\"name\":\"Kivisse raiutud aeg \u2013 p\u00e4ikesekellad ERMi kogudes - Eesti Rahva Muuseumi ajaveeb\",\"isPartOf\":{\"@id\":\"https:\\\/\\\/blog.erm.ee\\\/#website\"},\"primaryImageOfPage\":{\"@id\":\"https:\\\/\\\/blog.erm.ee\\\/?p=550#primaryimage\"},\"image\":{\"@id\":\"https:\\\/\\\/blog.erm.ee\\\/?p=550#primaryimage\"},\"thumbnailUrl\":\"https:\\\/\\\/blog.erm.ee\\\/wp-content\\\/uploads\\\/2012\\\/08\\\/p\u00e4iksekell-ERM-A-426-2606.jpg\",\"datePublished\":\"2012-08-27T06:41:16+00:00\",\"dateModified\":\"2013-10-07T19:52:33+00:00\",\"author\":{\"@id\":\"https:\\\/\\\/blog.erm.ee\\\/#\\\/schema\\\/person\\\/6e98c391cb00a33e7c22a3571e062114\"},\"breadcrumb\":{\"@id\":\"https:\\\/\\\/blog.erm.ee\\\/?p=550#breadcrumb\"},\"inLanguage\":\"et\",\"potentialAction\":[{\"@type\":\"ReadAction\",\"target\":[\"https:\\\/\\\/blog.erm.ee\\\/?p=550\"]}]},{\"@type\":\"ImageObject\",\"inLanguage\":\"et\",\"@id\":\"https:\\\/\\\/blog.erm.ee\\\/?p=550#primaryimage\",\"url\":\"https:\\\/\\\/blog.erm.ee\\\/wp-content\\\/uploads\\\/2012\\\/08\\\/p\u00e4iksekell-ERM-A-426-2606.jpg\",\"contentUrl\":\"https:\\\/\\\/blog.erm.ee\\\/wp-content\\\/uploads\\\/2012\\\/08\\\/p\u00e4iksekell-ERM-A-426-2606.jpg\",\"width\":250,\"height\":188},{\"@type\":\"BreadcrumbList\",\"@id\":\"https:\\\/\\\/blog.erm.ee\\\/?p=550#breadcrumb\",\"itemListElement\":[{\"@type\":\"ListItem\",\"position\":1,\"name\":\"Home\",\"item\":\"https:\\\/\\\/blog.erm.ee\\\/\"},{\"@type\":\"ListItem\",\"position\":2,\"name\":\"Kivisse raiutud aeg \u2013 p\u00e4ikesekellad ERMi kogudes\"}]},{\"@type\":\"WebSite\",\"@id\":\"https:\\\/\\\/blog.erm.ee\\\/#website\",\"url\":\"https:\\\/\\\/blog.erm.ee\\\/\",\"name\":\"Eesti Rahva Muuseumi ajaveeb\",\"description\":\"\",\"potentialAction\":[{\"@type\":\"SearchAction\",\"target\":{\"@type\":\"EntryPoint\",\"urlTemplate\":\"https:\\\/\\\/blog.erm.ee\\\/?s={search_term_string}\"},\"query-input\":{\"@type\":\"PropertyValueSpecification\",\"valueRequired\":true,\"valueName\":\"search_term_string\"}}],\"inLanguage\":\"et\"},{\"@type\":\"Person\",\"@id\":\"https:\\\/\\\/blog.erm.ee\\\/#\\\/schema\\\/person\\\/6e98c391cb00a33e7c22a3571e062114\",\"name\":\"Eesti Rahva Muuseum\",\"image\":{\"@type\":\"ImageObject\",\"inLanguage\":\"et\",\"@id\":\"https:\\\/\\\/secure.gravatar.com\\\/avatar\\\/cb6d9ad5fb49f3f7315028ce5fe60641075f2cb52b8a058ff5a985fa2d8c1da0?s=96&d=mm&r=g\",\"url\":\"https:\\\/\\\/secure.gravatar.com\\\/avatar\\\/cb6d9ad5fb49f3f7315028ce5fe60641075f2cb52b8a058ff5a985fa2d8c1da0?s=96&d=mm&r=g\",\"contentUrl\":\"https:\\\/\\\/secure.gravatar.com\\\/avatar\\\/cb6d9ad5fb49f3f7315028ce5fe60641075f2cb52b8a058ff5a985fa2d8c1da0?s=96&d=mm&r=g\",\"caption\":\"Eesti Rahva Muuseum\"},\"sameAs\":[\"http:\\\/\\\/www.erm.ee\"],\"url\":\"https:\\\/\\\/blog.erm.ee\\\/?author=1\"}]}<\/script>\n<!-- \/ Yoast SEO plugin. -->","yoast_head_json":{"title":"Kivisse raiutud aeg \u2013 p\u00e4ikesekellad ERMi kogudes - Eesti Rahva Muuseumi ajaveeb","robots":{"index":"index","follow":"follow","max-snippet":"max-snippet:-1","max-image-preview":"max-image-preview:large","max-video-preview":"max-video-preview:-1"},"canonical":"https:\/\/blog.erm.ee\/?p=550","og_locale":"et_EE","og_type":"article","og_title":"Kivisse raiutud aeg \u2013 p\u00e4ikesekellad ERMi kogudes - Eesti Rahva Muuseumi ajaveeb","og_description":"Age Raudsepp, koguhoidja, ja Siret Saar, koguhoidja \u00a0\u201eMa tulen umbes kell kolm v\u00f5i kell neli v\u00f5i kell viis, aga mitte \u00fcks minut enne kuut,\u201c oli Karlsson \u00f6elnud. \/\u2026\/ \u201eIgal juhul mitte hiljem kui kell seitse,\u201c oli Karlsson vastanud. \u201eAga vaevalt enne kaheksat. Igatahes pane t\u00e4hele umbes kell \u00fcheksa, umbes, siis l\u00e4heb lahti!\u201c S\u00fcmboolne m\u00e4\u00e4ratlus \u201eumbes\u201c&hellip;","og_url":"https:\/\/blog.erm.ee\/?p=550","og_site_name":"Eesti Rahva Muuseumi ajaveeb","article_published_time":"2012-08-27T06:41:16+00:00","article_modified_time":"2013-10-07T19:52:33+00:00","og_image":[{"width":250,"height":188,"url":"https:\/\/blog.erm.ee\/wp-content\/uploads\/2012\/08\/p\u00e4iksekell-ERM-A-426-2606.jpg","type":"image\/jpeg"}],"author":"Eesti Rahva Muuseum","twitter_card":"summary_large_image","twitter_misc":{"Written by":"Eesti Rahva Muuseum","Est. reading time":"3 minutit"},"schema":{"@context":"https:\/\/schema.org","@graph":[{"@type":"Article","@id":"https:\/\/blog.erm.ee\/?p=550#article","isPartOf":{"@id":"https:\/\/blog.erm.ee\/?p=550"},"author":{"name":"Eesti Rahva Muuseum","@id":"https:\/\/blog.erm.ee\/#\/schema\/person\/6e98c391cb00a33e7c22a3571e062114"},"headline":"Kivisse raiutud aeg \u2013 p\u00e4ikesekellad ERMi kogudes","datePublished":"2012-08-27T06:41:16+00:00","dateModified":"2013-10-07T19:52:33+00:00","mainEntityOfPage":{"@id":"https:\/\/blog.erm.ee\/?p=550"},"wordCount":509,"commentCount":0,"image":{"@id":"https:\/\/blog.erm.ee\/?p=550#primaryimage"},"thumbnailUrl":"https:\/\/blog.erm.ee\/wp-content\/uploads\/2012\/08\/p\u00e4iksekell-ERM-A-426-2606.jpg","articleSection":["Museaal"],"inLanguage":"et","potentialAction":[{"@type":"CommentAction","name":"Comment","target":["https:\/\/blog.erm.ee\/?p=550#respond"]}]},{"@type":"WebPage","@id":"https:\/\/blog.erm.ee\/?p=550","url":"https:\/\/blog.erm.ee\/?p=550","name":"Kivisse raiutud aeg \u2013 p\u00e4ikesekellad ERMi kogudes - Eesti Rahva Muuseumi ajaveeb","isPartOf":{"@id":"https:\/\/blog.erm.ee\/#website"},"primaryImageOfPage":{"@id":"https:\/\/blog.erm.ee\/?p=550#primaryimage"},"image":{"@id":"https:\/\/blog.erm.ee\/?p=550#primaryimage"},"thumbnailUrl":"https:\/\/blog.erm.ee\/wp-content\/uploads\/2012\/08\/p\u00e4iksekell-ERM-A-426-2606.jpg","datePublished":"2012-08-27T06:41:16+00:00","dateModified":"2013-10-07T19:52:33+00:00","author":{"@id":"https:\/\/blog.erm.ee\/#\/schema\/person\/6e98c391cb00a33e7c22a3571e062114"},"breadcrumb":{"@id":"https:\/\/blog.erm.ee\/?p=550#breadcrumb"},"inLanguage":"et","potentialAction":[{"@type":"ReadAction","target":["https:\/\/blog.erm.ee\/?p=550"]}]},{"@type":"ImageObject","inLanguage":"et","@id":"https:\/\/blog.erm.ee\/?p=550#primaryimage","url":"https:\/\/blog.erm.ee\/wp-content\/uploads\/2012\/08\/p\u00e4iksekell-ERM-A-426-2606.jpg","contentUrl":"https:\/\/blog.erm.ee\/wp-content\/uploads\/2012\/08\/p\u00e4iksekell-ERM-A-426-2606.jpg","width":250,"height":188},{"@type":"BreadcrumbList","@id":"https:\/\/blog.erm.ee\/?p=550#breadcrumb","itemListElement":[{"@type":"ListItem","position":1,"name":"Home","item":"https:\/\/blog.erm.ee\/"},{"@type":"ListItem","position":2,"name":"Kivisse raiutud aeg \u2013 p\u00e4ikesekellad ERMi kogudes"}]},{"@type":"WebSite","@id":"https:\/\/blog.erm.ee\/#website","url":"https:\/\/blog.erm.ee\/","name":"Eesti Rahva Muuseumi ajaveeb","description":"","potentialAction":[{"@type":"SearchAction","target":{"@type":"EntryPoint","urlTemplate":"https:\/\/blog.erm.ee\/?s={search_term_string}"},"query-input":{"@type":"PropertyValueSpecification","valueRequired":true,"valueName":"search_term_string"}}],"inLanguage":"et"},{"@type":"Person","@id":"https:\/\/blog.erm.ee\/#\/schema\/person\/6e98c391cb00a33e7c22a3571e062114","name":"Eesti Rahva Muuseum","image":{"@type":"ImageObject","inLanguage":"et","@id":"https:\/\/secure.gravatar.com\/avatar\/cb6d9ad5fb49f3f7315028ce5fe60641075f2cb52b8a058ff5a985fa2d8c1da0?s=96&d=mm&r=g","url":"https:\/\/secure.gravatar.com\/avatar\/cb6d9ad5fb49f3f7315028ce5fe60641075f2cb52b8a058ff5a985fa2d8c1da0?s=96&d=mm&r=g","contentUrl":"https:\/\/secure.gravatar.com\/avatar\/cb6d9ad5fb49f3f7315028ce5fe60641075f2cb52b8a058ff5a985fa2d8c1da0?s=96&d=mm&r=g","caption":"Eesti Rahva Muuseum"},"sameAs":["http:\/\/www.erm.ee"],"url":"https:\/\/blog.erm.ee\/?author=1"}]}},"jetpack_featured_media_url":"https:\/\/blog.erm.ee\/wp-content\/uploads\/2012\/08\/p\u00e4iksekell-ERM-A-426-2606.jpg","jetpack_shortlink":"https:\/\/wp.me\/p2l9Zd-8S","jetpack_sharing_enabled":true,"jetpack_likes_enabled":true,"_links":{"self":[{"href":"https:\/\/blog.erm.ee\/index.php?rest_route=\/wp\/v2\/posts\/550","targetHints":{"allow":["GET"]}}],"collection":[{"href":"https:\/\/blog.erm.ee\/index.php?rest_route=\/wp\/v2\/posts"}],"about":[{"href":"https:\/\/blog.erm.ee\/index.php?rest_route=\/wp\/v2\/types\/post"}],"author":[{"embeddable":true,"href":"https:\/\/blog.erm.ee\/index.php?rest_route=\/wp\/v2\/users\/1"}],"replies":[{"embeddable":true,"href":"https:\/\/blog.erm.ee\/index.php?rest_route=%2Fwp%2Fv2%2Fcomments&post=550"}],"version-history":[{"count":5,"href":"https:\/\/blog.erm.ee\/index.php?rest_route=\/wp\/v2\/posts\/550\/revisions"}],"predecessor-version":[{"id":3288,"href":"https:\/\/blog.erm.ee\/index.php?rest_route=\/wp\/v2\/posts\/550\/revisions\/3288"}],"wp:featuredmedia":[{"embeddable":true,"href":"https:\/\/blog.erm.ee\/index.php?rest_route=\/wp\/v2\/media\/553"}],"wp:attachment":[{"href":"https:\/\/blog.erm.ee\/index.php?rest_route=%2Fwp%2Fv2%2Fmedia&parent=550"}],"wp:term":[{"taxonomy":"category","embeddable":true,"href":"https:\/\/blog.erm.ee\/index.php?rest_route=%2Fwp%2Fv2%2Fcategories&post=550"},{"taxonomy":"post_tag","embeddable":true,"href":"https:\/\/blog.erm.ee\/index.php?rest_route=%2Fwp%2Fv2%2Ftags&post=550"}],"curies":[{"name":"wp","href":"https:\/\/api.w.org\/{rel}","templated":true}]}}