{"id":5426,"date":"2014-10-21T00:11:01","date_gmt":"2014-10-20T22:11:01","guid":{"rendered":"http:\/\/blog.erm.ee\/?p=5426"},"modified":"2014-10-20T13:49:58","modified_gmt":"2014-10-20T11:49:58","slug":"kaugetest-kuladest-ja-soome-ugri-muusika-vaest","status":"publish","type":"post","link":"https:\/\/blog.erm.ee\/?p=5426","title":{"rendered":"Kaugetest k\u00fcladest ja soome-ugri muusika v\u00e4est"},"content":{"rendered":"<div class=\"fcbkbttn_buttons_block\" id=\"fcbkbttn_left\"><div class=\"fcbkbttn_like \"><fb:like href=\"https:\/\/blog.erm.ee\/?p=5426\" action=\"like\" colorscheme=\"light\" layout=\"standard\"  width=\"225px\" size=\"small\"><\/fb:like><\/div><div class=\"fb-share-button  \" data-href=\"https:\/\/blog.erm.ee\/?p=5426\" data-type=\"button\" data-size=\"small\"><\/div><\/div><p><em>Maris Reintal, Anna-Kristina R\u00e4tsep, Laura Jamsja<\/em>; <em>Tartu \u00dclikooli tudengid<\/em><\/p>\n<p>H\u00f5imup\u00e4evadel oli j\u00f5udu t\u00e4ita s\u00fcgis p\u00f5nevate soome-ugri maitsete, filmide, konverentside ja muusikaga. P\u00e4rast \u00fcrituse peakontserti Tartu \u00dclikooli aulas, kus esinesid soome-ugri folklooriansamblid, oli miski muutunud. Ersade ja mok\u0161ade folkansambel Merema t\u00f5i aulasse mordva mitmeh\u00e4\u00e4lse v\u00e4e, s\u00f6lkupite kultuuri tutvustanud Aleksandr Kuli\u0161 ja Ljudmila Dibikova andsid h\u00e4\u00e4le tundras elavate lindudele ja loomadele ning ansambel \u0160\u00f5\u017earvl\u00e4 n\u00e4itas, kuidas k\u00f5lavad m\u00e4emaride kandleviisid.<\/p>\n<p>Muusika oli kesksel kohal ka 2014. aasta augustikuus Tatarstani maride k\u00fclades toimunud filmiekspeditsioonil, mis keskendus mari folklooriansambli Kna Veli tegevuse j\u00e4\u00e4dvustamisele. Koreograaf Igor Ivanovi juhendamisel on ansambel tegutsenud 1991. aastat ning selja taga on rohkelt esinemisi nii kodu- kui ka v\u00e4lismaal. Meie esimene kokkupuude mari kultuuri ja Kna Veli tegevusega leidis aset Tartus mari sangari p\u00e4eva t\u00e4histamisel. Rahvuskangelase Boltu\u0161i julguse austamine p\u00e4\u00e4dis \u00fchistantsimise ja -laulmisega ansambli \u00fche keskse muusiku Roman Naz\u00f5rovi juhendamisel. Roman on kahtlemata silmapaistev noor, sest ajal, kui inimeste suurim soov on pageda tatari mari k\u00fcladest linnadesse ja k\u00f5neleda eelk\u00f5ige vene keeles, tahab tema panustada oma kogukonda ning mari keele ja kultuuri s\u00e4ilimisse.<\/p>\n<p><a href=\"https:\/\/blog.erm.ee\/wp-content\/uploads\/2014\/10\/roman.jpg\"><img loading=\"lazy\" decoding=\"async\" data-attachment-id=\"5424\" data-permalink=\"https:\/\/blog.erm.ee\/?attachment_id=5424#main\" data-orig-file=\"https:\/\/blog.erm.ee\/wp-content\/uploads\/2014\/10\/roman.jpg\" data-orig-size=\"801,1200\" data-comments-opened=\"1\" data-image-meta=\"{&quot;aperture&quot;:&quot;0&quot;,&quot;credit&quot;:&quot;Picasa&quot;,&quot;camera&quot;:&quot;&quot;,&quot;caption&quot;:&quot;&quot;,&quot;created_timestamp&quot;:&quot;1406800932&quot;,&quot;copyright&quot;:&quot;\\u00a9Eesti Rahva Muuseum&quot;,&quot;focal_length&quot;:&quot;0&quot;,&quot;iso&quot;:&quot;0&quot;,&quot;shutter_speed&quot;:&quot;0&quot;,&quot;title&quot;:&quot;&quot;,&quot;orientation&quot;:&quot;0&quot;}\" data-image-title=\"roman\" data-image-description=\"\" data-image-caption=\"\" data-large-file=\"https:\/\/blog.erm.ee\/wp-content\/uploads\/2014\/10\/roman-683x1024.jpg\" class=\"alignnone size-large wp-image-5424\" src=\"https:\/\/blog.erm.ee\/wp-content\/uploads\/2014\/10\/roman-683x1024.jpg\" alt=\"roman\" width=\"683\" height=\"1024\" srcset=\"https:\/\/blog.erm.ee\/wp-content\/uploads\/2014\/10\/roman-683x1024.jpg 683w, https:\/\/blog.erm.ee\/wp-content\/uploads\/2014\/10\/roman-173x260.jpg 173w, https:\/\/blog.erm.ee\/wp-content\/uploads\/2014\/10\/roman-200x300.jpg 200w, https:\/\/blog.erm.ee\/wp-content\/uploads\/2014\/10\/roman.jpg 801w\" sizes=\"auto, (max-width: 683px) 100vw, 683px\" \/><\/a><br \/>\n<em>Roman Naz\u00f5rov muusikale vahelduseks heinateoga tegelemas. Foto: Anna-Kristina R\u00e4tsep<\/em><\/p>\n<p>Romani soov p\u00fchenduda tatari mari kultuuri eluj\u00f5ulisena hoidmisele, pani meid m\u00f5tlema, kuiv\u00f5rd oleme teadlikud eesti kultuurist. Mari k\u00fclade elanikud ei palunud meil r\u00e4\u00e4kida elust kodus v\u00f5i Ukraina teemade kajastamisest, vaid hoopis laulda ja tantsida. Need palved tekitasid m\u00f5nikord veidi piinlikkust, sest muusika elab k\u00fcll k\u00f5rvaklappides ja kooriproovides, ent sealsesse argiellu oli seda keerulisem tuua. Seega muutuski avastusretk maride juurde ka eesti kultuuri tundma\u00f5ppimiseks, sest enda seest tuli \u00fcles otsida argiste tegevuste alla mattunud laulud ja julgus neid esitada. Seega peab etnoloog v\u00e4lit\u00f6\u00f6le minnes olema valmis endast palju andma ja end \u00fcletama. \u0160emordanis toimunud kontserdil, kus ansambel Kna Vel astus \u00fcles koos teiste Kukmori rajoonis elavate v\u00e4hemusrahvustega, pidime teiste tahtel eesti lauludega esinema. Seistes kohaliku rahvamaja saalis, mari rahvar\u00f5ivad seljas ja okas kurgus, m\u00f5tlesime, et v\u00e4lit\u00f6\u00f6 projekti kirjutades ei osanud seesugust asjade k\u00e4iku k\u00fcll ette n\u00e4ha.<\/p>\n<p><a href=\"https:\/\/blog.erm.ee\/wp-content\/uploads\/2014\/10\/folkansambel.jpg\"><img loading=\"lazy\" decoding=\"async\" data-attachment-id=\"5422\" data-permalink=\"https:\/\/blog.erm.ee\/?attachment_id=5422#main\" data-orig-file=\"https:\/\/blog.erm.ee\/wp-content\/uploads\/2014\/10\/folkansambel.jpg\" data-orig-size=\"1200,801\" data-comments-opened=\"1\" data-image-meta=\"{&quot;aperture&quot;:&quot;0&quot;,&quot;credit&quot;:&quot;&quot;,&quot;camera&quot;:&quot;&quot;,&quot;caption&quot;:&quot;&quot;,&quot;created_timestamp&quot;:&quot;0&quot;,&quot;copyright&quot;:&quot;\\u00a9Eesti Rahva Muuseum&quot;,&quot;focal_length&quot;:&quot;0&quot;,&quot;iso&quot;:&quot;0&quot;,&quot;shutter_speed&quot;:&quot;0&quot;,&quot;title&quot;:&quot;&quot;,&quot;orientation&quot;:&quot;0&quot;}\" data-image-title=\"folkansambel\" data-image-description=\"\" data-image-caption=\"\" data-large-file=\"https:\/\/blog.erm.ee\/wp-content\/uploads\/2014\/10\/folkansambel-1024x683.jpg\" class=\"alignnone size-large wp-image-5422\" src=\"https:\/\/blog.erm.ee\/wp-content\/uploads\/2014\/10\/folkansambel-1024x683.jpg\" alt=\"folkansambel\" width=\"700\" height=\"466\" srcset=\"https:\/\/blog.erm.ee\/wp-content\/uploads\/2014\/10\/folkansambel-1024x683.jpg 1024w, https:\/\/blog.erm.ee\/wp-content\/uploads\/2014\/10\/folkansambel-389x260.jpg 389w, https:\/\/blog.erm.ee\/wp-content\/uploads\/2014\/10\/folkansambel-300x200.jpg 300w, https:\/\/blog.erm.ee\/wp-content\/uploads\/2014\/10\/folkansambel.jpg 1200w\" sizes=\"auto, (max-width: 700px) 100vw, 700px\" \/><\/a><br \/>\n<em>Kukmori rajoonis elavate udmurtide folklooriansambel ja mari rahvar\u00f5ivais eestlased enne esinemist \u0160emordani kultuurimajas. Foto: Roman Naz\u00f5rov<\/em><\/p>\n<p>\u201cPole noori, pole \u00fchtki poodi&#8230;\u201d \u2013 Kristiina Ehini laulus\u00f5nad h\u00e4\u00e4buvast Eesti k\u00fclaelust kehtivad kahjuks ka tatari mari k\u00fclades. Ehkki seal oli pood ja oli ka noori, terendas ees k\u00fcllaltki tume tulevik. Noorte kolimine linna, \u00fcksluisus, t\u00f6\u00f6puudus, mari keele oskuse h\u00e4\u00e4bumine \u2013 need on vaid m\u00f5ned probleemid, millega sealne kogukond on sunnitud silmitsi seisma. Tatari mari k\u00fclades elavatele noortele on ligit\u00f5mbavaks sihtpunktiks rohkete haridus- ja t\u00f6\u00f6v\u00f5imalustega miljonilinn Kaasan, mille arengusse on viimastel aastatel palju panustatud seoses suveuniversiaadiga 2013. aastal. Mitmed noored pendeldavad linna ja k\u00fcla vahel: riidekauplust pidav Roman, kirurgina t\u00f6\u00f6tav Valentin, \u00fclikooli astuv Irina jne. Siiski nentisid paljud noored, et neil on keeruline elada k\u00fcla vaikuse ja looduseta ning sooviksid j\u00e4\u00e4da sinna elama, kui haridus on omandatud. K\u00fclaelule ja kogukondlikule tunnetusele v\u00f5ib palju juurde anda aga soome-ugri kultuuripealinnaks kandideerimine. Just laulu ja tantsuga on setod toomas soome-ugri kultuuripealinna tiitlit Udmurdimaa B\u00f5g\u00f5 k\u00fclast Obinitsa.<\/p>\n<p><a href=\"https:\/\/blog.erm.ee\/wp-content\/uploads\/2014\/10\/ujali.jpg\"><img loading=\"lazy\" decoding=\"async\" data-attachment-id=\"5425\" data-permalink=\"https:\/\/blog.erm.ee\/?attachment_id=5425#main\" data-orig-file=\"https:\/\/blog.erm.ee\/wp-content\/uploads\/2014\/10\/ujali.jpg\" data-orig-size=\"1200,801\" data-comments-opened=\"1\" data-image-meta=\"{&quot;aperture&quot;:&quot;0&quot;,&quot;credit&quot;:&quot;&quot;,&quot;camera&quot;:&quot;&quot;,&quot;caption&quot;:&quot;&quot;,&quot;created_timestamp&quot;:&quot;0&quot;,&quot;copyright&quot;:&quot;\\u00a9Eesti Rahva Muuseum&quot;,&quot;focal_length&quot;:&quot;0&quot;,&quot;iso&quot;:&quot;0&quot;,&quot;shutter_speed&quot;:&quot;0&quot;,&quot;title&quot;:&quot;&quot;,&quot;orientation&quot;:&quot;0&quot;}\" data-image-title=\"ujali\" data-image-description=\"\" data-image-caption=\"\" data-large-file=\"https:\/\/blog.erm.ee\/wp-content\/uploads\/2014\/10\/ujali-1024x683.jpg\" class=\"alignnone size-large wp-image-5425\" src=\"https:\/\/blog.erm.ee\/wp-content\/uploads\/2014\/10\/ujali-1024x683.jpg\" alt=\"ujali\" width=\"700\" height=\"466\" srcset=\"https:\/\/blog.erm.ee\/wp-content\/uploads\/2014\/10\/ujali-1024x683.jpg 1024w, https:\/\/blog.erm.ee\/wp-content\/uploads\/2014\/10\/ujali-389x260.jpg 389w, https:\/\/blog.erm.ee\/wp-content\/uploads\/2014\/10\/ujali-300x200.jpg 300w, https:\/\/blog.erm.ee\/wp-content\/uploads\/2014\/10\/ujali.jpg 1200w\" sizes=\"auto, (max-width: 700px) 100vw, 700px\" \/><\/a><br \/>\n<em>Ujali k\u00fclas elavad tatari marid tulid kokku, et k\u00fclalistele laulda ja tantsida. Foto: Anna-Kristina R\u00e4tsep<\/em><\/p>\n<p><a href=\"https:\/\/blog.erm.ee\/wp-content\/uploads\/2014\/10\/kits.jpg\"><img loading=\"lazy\" decoding=\"async\" data-attachment-id=\"5423\" data-permalink=\"https:\/\/blog.erm.ee\/?attachment_id=5423#main\" data-orig-file=\"https:\/\/blog.erm.ee\/wp-content\/uploads\/2014\/10\/kits.jpg\" data-orig-size=\"1200,800\" data-comments-opened=\"1\" data-image-meta=\"{&quot;aperture&quot;:&quot;0&quot;,&quot;credit&quot;:&quot;&quot;,&quot;camera&quot;:&quot;&quot;,&quot;caption&quot;:&quot;&quot;,&quot;created_timestamp&quot;:&quot;1407245722&quot;,&quot;copyright&quot;:&quot;\\u00a9Eesti Rahva Muuseum&quot;,&quot;focal_length&quot;:&quot;0&quot;,&quot;iso&quot;:&quot;0&quot;,&quot;shutter_speed&quot;:&quot;0&quot;,&quot;title&quot;:&quot;&quot;,&quot;orientation&quot;:&quot;0&quot;}\" data-image-title=\"kits\" data-image-description=\"\" data-image-caption=\"\" data-large-file=\"https:\/\/blog.erm.ee\/wp-content\/uploads\/2014\/10\/kits-1024x682.jpg\" class=\"alignnone size-large wp-image-5423\" src=\"https:\/\/blog.erm.ee\/wp-content\/uploads\/2014\/10\/kits-1024x682.jpg\" alt=\"kits\" width=\"700\" height=\"466\" srcset=\"https:\/\/blog.erm.ee\/wp-content\/uploads\/2014\/10\/kits-1024x682.jpg 1024w, https:\/\/blog.erm.ee\/wp-content\/uploads\/2014\/10\/kits-390x260.jpg 390w, https:\/\/blog.erm.ee\/wp-content\/uploads\/2014\/10\/kits-300x200.jpg 300w, https:\/\/blog.erm.ee\/wp-content\/uploads\/2014\/10\/kits.jpg 1200w\" sizes=\"auto, (max-width: 700px) 100vw, 700px\" \/><\/a><br \/>\n<em>Kits kauges k\u00fclas \u2013 m\u00f5tlik hetk. Foto: Maris Reintal<\/em><\/p>\n<p>________________________<\/p>\n<p>28.7.\u20136.8.2014 Tatarstani Vabariigi mari k\u00fclades toimunud filmiekspeditsioonist ja v\u00e4lit\u00f6\u00f6dest, mida juhendas mari filmire\u017eiss\u00f6\u00f6r Aleksei Aleksejev, v\u00f5tsid osa Tartu \u00dclikooli \u00fcli\u00f5pilased Maris Reintal, Anna-Kristina R\u00e4tsep ja Laura Jamsja 24. oktoobril toimub ERMi n\u00e4itusemaja loengusaalis<a href=\"http:\/\/www.erm.ee\/et\/kylasta\/Naitusemaja\/Yritused\/469http:\/\/\" target=\"_blank\"> v\u00e4lit\u00f6\u00f6deteemaline vestlus\u00f5htu<\/a> ning 26. oktoobrini v\u00f5ib n\u00e4ha valikut <a href=\"http:\/\/www.erm.ee\/et\/kylasta\/Naitusemaja\/Naitused\/470\" target=\"_blank\">v\u00e4lit\u00f6\u00f6del tehtud fotodest<\/a>. Projekti toetasid Kultuurkapital ja H\u00f5imurahvaste programm.<\/p>\n<div class=\"fcbkbttn_buttons_block\" id=\"fcbkbttn_left\"><div class=\"fcbkbttn_like \"><fb:like href=\"https:\/\/blog.erm.ee\/?p=5426\" action=\"like\" colorscheme=\"light\" layout=\"standard\"  width=\"225px\" size=\"small\"><\/fb:like><\/div><div class=\"fb-share-button  \" data-href=\"https:\/\/blog.erm.ee\/?p=5426\" data-type=\"button\" data-size=\"small\"><\/div><\/div>","protected":false},"excerpt":{"rendered":"<p>Maris Reintal, Anna-Kristina R\u00e4tsep, Laura Jamsja; Tartu \u00dclikooli tudengid H\u00f5imup\u00e4evadel oli j\u00f5udu t\u00e4ita s\u00fcgis p\u00f5nevate soome-ugri maitsete, filmide, konverentside ja muusikaga. P\u00e4rast \u00fcrituse peakontserti Tartu \u00dclikooli aulas, kus esinesid soome-ugri folklooriansamblid, oli miski muutunud. Ersade ja mok\u0161ade folkansambel Merema t\u00f5i aulasse mordva mitmeh\u00e4\u00e4lse v\u00e4e, s\u00f6lkupite kultuuri tutvustanud Aleksandr Kuli\u0161 ja Ljudmila Dibikova andsid h\u00e4\u00e4le tundras&hellip;<\/p>\n","protected":false},"author":1,"featured_media":5425,"comment_status":"open","ping_status":"open","sticky":false,"template":"","format":"standard","meta":{"_monsterinsights_skip_tracking":false,"_monsterinsights_sitenote_active":false,"_monsterinsights_sitenote_note":"","_monsterinsights_sitenote_category":0,"jetpack_post_was_ever_published":false,"_jetpack_newsletter_access":"","_jetpack_dont_email_post_to_subs":false,"_jetpack_newsletter_tier_id":0,"_jetpack_memberships_contains_paywalled_content":false,"_jetpack_memberships_contains_paid_content":false,"footnotes":""},"categories":[28],"tags":[],"class_list":["post-5426","post","type-post","status-publish","format-standard","has-post-thumbnail","hentry","category-soome-ugri"],"yoast_head":"<!-- This site is optimized with the Yoast SEO plugin v27.5 - https:\/\/yoast.com\/product\/yoast-seo-wordpress\/ -->\n<title>Kaugetest k\u00fcladest ja soome-ugri muusika v\u00e4est - Eesti Rahva Muuseumi ajaveeb<\/title>\n<meta name=\"robots\" content=\"index, follow, max-snippet:-1, max-image-preview:large, max-video-preview:-1\" \/>\n<link rel=\"canonical\" href=\"https:\/\/blog.erm.ee\/?p=5426\" \/>\n<meta property=\"og:locale\" content=\"et_EE\" \/>\n<meta property=\"og:type\" content=\"article\" \/>\n<meta property=\"og:title\" content=\"Kaugetest k\u00fcladest ja soome-ugri muusika v\u00e4est - Eesti Rahva Muuseumi ajaveeb\" \/>\n<meta property=\"og:description\" content=\"Maris Reintal, Anna-Kristina R\u00e4tsep, Laura Jamsja; Tartu \u00dclikooli tudengid H\u00f5imup\u00e4evadel oli j\u00f5udu t\u00e4ita s\u00fcgis p\u00f5nevate soome-ugri maitsete, filmide, konverentside ja muusikaga. P\u00e4rast \u00fcrituse peakontserti Tartu \u00dclikooli aulas, kus esinesid soome-ugri folklooriansamblid, oli miski muutunud. Ersade ja mok\u0161ade folkansambel Merema t\u00f5i aulasse mordva mitmeh\u00e4\u00e4lse v\u00e4e, s\u00f6lkupite kultuuri tutvustanud Aleksandr Kuli\u0161 ja Ljudmila Dibikova andsid h\u00e4\u00e4le tundras&hellip;\" \/>\n<meta property=\"og:url\" content=\"https:\/\/blog.erm.ee\/?p=5426\" \/>\n<meta property=\"og:site_name\" content=\"Eesti Rahva Muuseumi ajaveeb\" \/>\n<meta property=\"article:published_time\" content=\"2014-10-20T22:11:01+00:00\" \/>\n<meta property=\"og:image\" content=\"https:\/\/blog.erm.ee\/wp-content\/uploads\/2014\/10\/ujali.jpg\" \/>\n\t<meta property=\"og:image:width\" content=\"1200\" \/>\n\t<meta property=\"og:image:height\" content=\"801\" \/>\n\t<meta property=\"og:image:type\" content=\"image\/jpeg\" \/>\n<meta name=\"author\" content=\"Eesti Rahva Muuseum\" \/>\n<meta name=\"twitter:card\" content=\"summary_large_image\" \/>\n<meta name=\"twitter:label1\" content=\"Written by\" \/>\n\t<meta name=\"twitter:data1\" content=\"Eesti Rahva Muuseum\" \/>\n\t<meta name=\"twitter:label2\" content=\"Est. reading time\" \/>\n\t<meta name=\"twitter:data2\" content=\"3 minutit\" \/>\n<script type=\"application\/ld+json\" class=\"yoast-schema-graph\">{\"@context\":\"https:\\\/\\\/schema.org\",\"@graph\":[{\"@type\":\"Article\",\"@id\":\"https:\\\/\\\/blog.erm.ee\\\/?p=5426#article\",\"isPartOf\":{\"@id\":\"https:\\\/\\\/blog.erm.ee\\\/?p=5426\"},\"author\":{\"name\":\"Eesti Rahva Muuseum\",\"@id\":\"https:\\\/\\\/blog.erm.ee\\\/#\\\/schema\\\/person\\\/6e98c391cb00a33e7c22a3571e062114\"},\"headline\":\"Kaugetest k\u00fcladest ja soome-ugri muusika v\u00e4est\",\"datePublished\":\"2014-10-20T22:11:01+00:00\",\"mainEntityOfPage\":{\"@id\":\"https:\\\/\\\/blog.erm.ee\\\/?p=5426\"},\"wordCount\":643,\"commentCount\":0,\"image\":{\"@id\":\"https:\\\/\\\/blog.erm.ee\\\/?p=5426#primaryimage\"},\"thumbnailUrl\":\"https:\\\/\\\/blog.erm.ee\\\/wp-content\\\/uploads\\\/2014\\\/10\\\/ujali.jpg\",\"articleSection\":[\"Soome-ugri\"],\"inLanguage\":\"et\",\"potentialAction\":[{\"@type\":\"CommentAction\",\"name\":\"Comment\",\"target\":[\"https:\\\/\\\/blog.erm.ee\\\/?p=5426#respond\"]}]},{\"@type\":\"WebPage\",\"@id\":\"https:\\\/\\\/blog.erm.ee\\\/?p=5426\",\"url\":\"https:\\\/\\\/blog.erm.ee\\\/?p=5426\",\"name\":\"Kaugetest k\u00fcladest ja soome-ugri muusika v\u00e4est - Eesti Rahva Muuseumi ajaveeb\",\"isPartOf\":{\"@id\":\"https:\\\/\\\/blog.erm.ee\\\/#website\"},\"primaryImageOfPage\":{\"@id\":\"https:\\\/\\\/blog.erm.ee\\\/?p=5426#primaryimage\"},\"image\":{\"@id\":\"https:\\\/\\\/blog.erm.ee\\\/?p=5426#primaryimage\"},\"thumbnailUrl\":\"https:\\\/\\\/blog.erm.ee\\\/wp-content\\\/uploads\\\/2014\\\/10\\\/ujali.jpg\",\"datePublished\":\"2014-10-20T22:11:01+00:00\",\"author\":{\"@id\":\"https:\\\/\\\/blog.erm.ee\\\/#\\\/schema\\\/person\\\/6e98c391cb00a33e7c22a3571e062114\"},\"breadcrumb\":{\"@id\":\"https:\\\/\\\/blog.erm.ee\\\/?p=5426#breadcrumb\"},\"inLanguage\":\"et\",\"potentialAction\":[{\"@type\":\"ReadAction\",\"target\":[\"https:\\\/\\\/blog.erm.ee\\\/?p=5426\"]}]},{\"@type\":\"ImageObject\",\"inLanguage\":\"et\",\"@id\":\"https:\\\/\\\/blog.erm.ee\\\/?p=5426#primaryimage\",\"url\":\"https:\\\/\\\/blog.erm.ee\\\/wp-content\\\/uploads\\\/2014\\\/10\\\/ujali.jpg\",\"contentUrl\":\"https:\\\/\\\/blog.erm.ee\\\/wp-content\\\/uploads\\\/2014\\\/10\\\/ujali.jpg\",\"width\":1200,\"height\":801},{\"@type\":\"BreadcrumbList\",\"@id\":\"https:\\\/\\\/blog.erm.ee\\\/?p=5426#breadcrumb\",\"itemListElement\":[{\"@type\":\"ListItem\",\"position\":1,\"name\":\"Home\",\"item\":\"https:\\\/\\\/blog.erm.ee\\\/\"},{\"@type\":\"ListItem\",\"position\":2,\"name\":\"Kaugetest k\u00fcladest ja soome-ugri muusika v\u00e4est\"}]},{\"@type\":\"WebSite\",\"@id\":\"https:\\\/\\\/blog.erm.ee\\\/#website\",\"url\":\"https:\\\/\\\/blog.erm.ee\\\/\",\"name\":\"Eesti Rahva Muuseumi ajaveeb\",\"description\":\"\",\"potentialAction\":[{\"@type\":\"SearchAction\",\"target\":{\"@type\":\"EntryPoint\",\"urlTemplate\":\"https:\\\/\\\/blog.erm.ee\\\/?s={search_term_string}\"},\"query-input\":{\"@type\":\"PropertyValueSpecification\",\"valueRequired\":true,\"valueName\":\"search_term_string\"}}],\"inLanguage\":\"et\"},{\"@type\":\"Person\",\"@id\":\"https:\\\/\\\/blog.erm.ee\\\/#\\\/schema\\\/person\\\/6e98c391cb00a33e7c22a3571e062114\",\"name\":\"Eesti Rahva Muuseum\",\"image\":{\"@type\":\"ImageObject\",\"inLanguage\":\"et\",\"@id\":\"https:\\\/\\\/secure.gravatar.com\\\/avatar\\\/cb6d9ad5fb49f3f7315028ce5fe60641075f2cb52b8a058ff5a985fa2d8c1da0?s=96&d=mm&r=g\",\"url\":\"https:\\\/\\\/secure.gravatar.com\\\/avatar\\\/cb6d9ad5fb49f3f7315028ce5fe60641075f2cb52b8a058ff5a985fa2d8c1da0?s=96&d=mm&r=g\",\"contentUrl\":\"https:\\\/\\\/secure.gravatar.com\\\/avatar\\\/cb6d9ad5fb49f3f7315028ce5fe60641075f2cb52b8a058ff5a985fa2d8c1da0?s=96&d=mm&r=g\",\"caption\":\"Eesti Rahva Muuseum\"},\"sameAs\":[\"http:\\\/\\\/www.erm.ee\"],\"url\":\"https:\\\/\\\/blog.erm.ee\\\/?author=1\"}]}<\/script>\n<!-- \/ Yoast SEO plugin. -->","yoast_head_json":{"title":"Kaugetest k\u00fcladest ja soome-ugri muusika v\u00e4est - Eesti Rahva Muuseumi ajaveeb","robots":{"index":"index","follow":"follow","max-snippet":"max-snippet:-1","max-image-preview":"max-image-preview:large","max-video-preview":"max-video-preview:-1"},"canonical":"https:\/\/blog.erm.ee\/?p=5426","og_locale":"et_EE","og_type":"article","og_title":"Kaugetest k\u00fcladest ja soome-ugri muusika v\u00e4est - Eesti Rahva Muuseumi ajaveeb","og_description":"Maris Reintal, Anna-Kristina R\u00e4tsep, Laura Jamsja; Tartu \u00dclikooli tudengid H\u00f5imup\u00e4evadel oli j\u00f5udu t\u00e4ita s\u00fcgis p\u00f5nevate soome-ugri maitsete, filmide, konverentside ja muusikaga. P\u00e4rast \u00fcrituse peakontserti Tartu \u00dclikooli aulas, kus esinesid soome-ugri folklooriansamblid, oli miski muutunud. Ersade ja mok\u0161ade folkansambel Merema t\u00f5i aulasse mordva mitmeh\u00e4\u00e4lse v\u00e4e, s\u00f6lkupite kultuuri tutvustanud Aleksandr Kuli\u0161 ja Ljudmila Dibikova andsid h\u00e4\u00e4le tundras&hellip;","og_url":"https:\/\/blog.erm.ee\/?p=5426","og_site_name":"Eesti Rahva Muuseumi ajaveeb","article_published_time":"2014-10-20T22:11:01+00:00","og_image":[{"width":1200,"height":801,"url":"https:\/\/blog.erm.ee\/wp-content\/uploads\/2014\/10\/ujali.jpg","type":"image\/jpeg"}],"author":"Eesti Rahva Muuseum","twitter_card":"summary_large_image","twitter_misc":{"Written by":"Eesti Rahva Muuseum","Est. reading time":"3 minutit"},"schema":{"@context":"https:\/\/schema.org","@graph":[{"@type":"Article","@id":"https:\/\/blog.erm.ee\/?p=5426#article","isPartOf":{"@id":"https:\/\/blog.erm.ee\/?p=5426"},"author":{"name":"Eesti Rahva Muuseum","@id":"https:\/\/blog.erm.ee\/#\/schema\/person\/6e98c391cb00a33e7c22a3571e062114"},"headline":"Kaugetest k\u00fcladest ja soome-ugri muusika v\u00e4est","datePublished":"2014-10-20T22:11:01+00:00","mainEntityOfPage":{"@id":"https:\/\/blog.erm.ee\/?p=5426"},"wordCount":643,"commentCount":0,"image":{"@id":"https:\/\/blog.erm.ee\/?p=5426#primaryimage"},"thumbnailUrl":"https:\/\/blog.erm.ee\/wp-content\/uploads\/2014\/10\/ujali.jpg","articleSection":["Soome-ugri"],"inLanguage":"et","potentialAction":[{"@type":"CommentAction","name":"Comment","target":["https:\/\/blog.erm.ee\/?p=5426#respond"]}]},{"@type":"WebPage","@id":"https:\/\/blog.erm.ee\/?p=5426","url":"https:\/\/blog.erm.ee\/?p=5426","name":"Kaugetest k\u00fcladest ja soome-ugri muusika v\u00e4est - Eesti Rahva Muuseumi ajaveeb","isPartOf":{"@id":"https:\/\/blog.erm.ee\/#website"},"primaryImageOfPage":{"@id":"https:\/\/blog.erm.ee\/?p=5426#primaryimage"},"image":{"@id":"https:\/\/blog.erm.ee\/?p=5426#primaryimage"},"thumbnailUrl":"https:\/\/blog.erm.ee\/wp-content\/uploads\/2014\/10\/ujali.jpg","datePublished":"2014-10-20T22:11:01+00:00","author":{"@id":"https:\/\/blog.erm.ee\/#\/schema\/person\/6e98c391cb00a33e7c22a3571e062114"},"breadcrumb":{"@id":"https:\/\/blog.erm.ee\/?p=5426#breadcrumb"},"inLanguage":"et","potentialAction":[{"@type":"ReadAction","target":["https:\/\/blog.erm.ee\/?p=5426"]}]},{"@type":"ImageObject","inLanguage":"et","@id":"https:\/\/blog.erm.ee\/?p=5426#primaryimage","url":"https:\/\/blog.erm.ee\/wp-content\/uploads\/2014\/10\/ujali.jpg","contentUrl":"https:\/\/blog.erm.ee\/wp-content\/uploads\/2014\/10\/ujali.jpg","width":1200,"height":801},{"@type":"BreadcrumbList","@id":"https:\/\/blog.erm.ee\/?p=5426#breadcrumb","itemListElement":[{"@type":"ListItem","position":1,"name":"Home","item":"https:\/\/blog.erm.ee\/"},{"@type":"ListItem","position":2,"name":"Kaugetest k\u00fcladest ja soome-ugri muusika v\u00e4est"}]},{"@type":"WebSite","@id":"https:\/\/blog.erm.ee\/#website","url":"https:\/\/blog.erm.ee\/","name":"Eesti Rahva Muuseumi ajaveeb","description":"","potentialAction":[{"@type":"SearchAction","target":{"@type":"EntryPoint","urlTemplate":"https:\/\/blog.erm.ee\/?s={search_term_string}"},"query-input":{"@type":"PropertyValueSpecification","valueRequired":true,"valueName":"search_term_string"}}],"inLanguage":"et"},{"@type":"Person","@id":"https:\/\/blog.erm.ee\/#\/schema\/person\/6e98c391cb00a33e7c22a3571e062114","name":"Eesti Rahva Muuseum","image":{"@type":"ImageObject","inLanguage":"et","@id":"https:\/\/secure.gravatar.com\/avatar\/cb6d9ad5fb49f3f7315028ce5fe60641075f2cb52b8a058ff5a985fa2d8c1da0?s=96&d=mm&r=g","url":"https:\/\/secure.gravatar.com\/avatar\/cb6d9ad5fb49f3f7315028ce5fe60641075f2cb52b8a058ff5a985fa2d8c1da0?s=96&d=mm&r=g","contentUrl":"https:\/\/secure.gravatar.com\/avatar\/cb6d9ad5fb49f3f7315028ce5fe60641075f2cb52b8a058ff5a985fa2d8c1da0?s=96&d=mm&r=g","caption":"Eesti Rahva Muuseum"},"sameAs":["http:\/\/www.erm.ee"],"url":"https:\/\/blog.erm.ee\/?author=1"}]}},"jetpack_featured_media_url":"https:\/\/blog.erm.ee\/wp-content\/uploads\/2014\/10\/ujali.jpg","jetpack_shortlink":"https:\/\/wp.me\/p2l9Zd-1pw","jetpack_sharing_enabled":true,"jetpack_likes_enabled":true,"_links":{"self":[{"href":"https:\/\/blog.erm.ee\/index.php?rest_route=\/wp\/v2\/posts\/5426","targetHints":{"allow":["GET"]}}],"collection":[{"href":"https:\/\/blog.erm.ee\/index.php?rest_route=\/wp\/v2\/posts"}],"about":[{"href":"https:\/\/blog.erm.ee\/index.php?rest_route=\/wp\/v2\/types\/post"}],"author":[{"embeddable":true,"href":"https:\/\/blog.erm.ee\/index.php?rest_route=\/wp\/v2\/users\/1"}],"replies":[{"embeddable":true,"href":"https:\/\/blog.erm.ee\/index.php?rest_route=%2Fwp%2Fv2%2Fcomments&post=5426"}],"version-history":[{"count":2,"href":"https:\/\/blog.erm.ee\/index.php?rest_route=\/wp\/v2\/posts\/5426\/revisions"}],"predecessor-version":[{"id":5428,"href":"https:\/\/blog.erm.ee\/index.php?rest_route=\/wp\/v2\/posts\/5426\/revisions\/5428"}],"wp:featuredmedia":[{"embeddable":true,"href":"https:\/\/blog.erm.ee\/index.php?rest_route=\/wp\/v2\/media\/5425"}],"wp:attachment":[{"href":"https:\/\/blog.erm.ee\/index.php?rest_route=%2Fwp%2Fv2%2Fmedia&parent=5426"}],"wp:term":[{"taxonomy":"category","embeddable":true,"href":"https:\/\/blog.erm.ee\/index.php?rest_route=%2Fwp%2Fv2%2Fcategories&post=5426"},{"taxonomy":"post_tag","embeddable":true,"href":"https:\/\/blog.erm.ee\/index.php?rest_route=%2Fwp%2Fv2%2Ftags&post=5426"}],"curies":[{"name":"wp","href":"https:\/\/api.w.org\/{rel}","templated":true}]}}