{"id":539,"date":"2012-08-23T13:20:41","date_gmt":"2012-08-23T11:20:41","guid":{"rendered":"http:\/\/blog.erm.ee\/?p=539"},"modified":"2013-10-07T16:14:25","modified_gmt":"2013-10-07T14:14:25","slug":"mees-fotoaparaadiga-valiseestlase-hans-teetlausi-fotokogu","status":"publish","type":"post","link":"https:\/\/blog.erm.ee\/?p=539","title":{"rendered":"Mees fotoaparaadiga &#8211; v\u00e4liseestlase Hans Teetlausi fotokogu"},"content":{"rendered":"<div class=\"fcbkbttn_buttons_block\" id=\"fcbkbttn_left\"><div class=\"fcbkbttn_like \"><fb:like href=\"https:\/\/blog.erm.ee\/?p=539\" action=\"like\" colorscheme=\"light\" layout=\"standard\"  width=\"225px\" size=\"small\"><\/fb:like><\/div><div class=\"fb-share-button  \" data-href=\"https:\/\/blog.erm.ee\/?p=539\" data-type=\"button\" data-size=\"small\"><\/div><\/div><p><em>Karin Kiisk, Hans Teetlausi kogu arhiveerija<\/em><\/p>\n<p>2011. aasta novembri l\u00f5puks sai korrastatud sugulaste poolt ERMile \u00fcle antud (v\u00e4liseestlase) Hans Teetlausi isikuarhiiv, nimistunumbriga 18. Arhiivi juurde kuulus ka ulatuslik fotokogu, millest j\u00e4rgnevalt veidi l\u00e4hemalt.<\/p>\n<p><a href=\"https:\/\/blog.erm.ee\/wp-content\/uploads\/2012\/08\/18_015.jpg\"><img loading=\"lazy\" decoding=\"async\" data-attachment-id=\"540\" data-permalink=\"https:\/\/blog.erm.ee\/?attachment_id=540#main\" data-orig-file=\"https:\/\/blog.erm.ee\/wp-content\/uploads\/2012\/08\/18_015.jpg\" data-orig-size=\"1024,768\" data-comments-opened=\"1\" data-image-meta=\"{&quot;aperture&quot;:&quot;0&quot;,&quot;credit&quot;:&quot;&quot;,&quot;camera&quot;:&quot;&quot;,&quot;caption&quot;:&quot;&quot;,&quot;created_timestamp&quot;:&quot;0&quot;,&quot;copyright&quot;:&quot;&quot;,&quot;focal_length&quot;:&quot;0&quot;,&quot;iso&quot;:&quot;0&quot;,&quot;shutter_speed&quot;:&quot;0&quot;,&quot;title&quot;:&quot;&quot;}\" data-image-title=\"18_015\" data-image-description=\"\" data-image-caption=\"\" data-large-file=\"https:\/\/blog.erm.ee\/wp-content\/uploads\/2012\/08\/18_015.jpg\" class=\"alignnone size-full wp-image-540\" title=\"18_015\" alt=\"\" src=\"https:\/\/blog.erm.ee\/wp-content\/uploads\/2012\/08\/18_015.jpg\" width=\"1024\" height=\"768\" srcset=\"https:\/\/blog.erm.ee\/wp-content\/uploads\/2012\/08\/18_015.jpg 1024w, https:\/\/blog.erm.ee\/wp-content\/uploads\/2012\/08\/18_015-346x260.jpg 346w, https:\/\/blog.erm.ee\/wp-content\/uploads\/2012\/08\/18_015-300x225.jpg 300w\" sizes=\"auto, (max-width: 1024px) 100vw, 1024px\" \/><\/a><\/p>\n<p><em>Viru t\u00e4nav Tallinnas<\/em><\/p>\n<p>Arhiivimoodustaja ja fotode autor Hans Teetlaus s\u00fcndis 2. septembril 1920 L\u00fcganuse kihelkonnas Varja k\u00fclas. Ta l\u00f5petas 1934. aastal \u00a0l\u00e4hedalasuva P\u00fcssi 6-klassilise algkooli ning astus samal aastal Rakvere \u00dchisg\u00fcmnaasiumi, l\u00f5petades tookordse 6-aastase kursuse 1940. aastal. Samal aastal j\u00e4tkas ta \u00f5pinguid Tallinna Tehnika\u00fclikooli ehitusosakonnas. \u00dclikool j\u00e4i l\u00f5petamata, kuna 1944. aasta septembris lahkus Teetlaus Eestist Hiiumaa kaudu paadip\u00f5genikuna Rootsi. Stockholmis \u00f5nnestus tal varsti saada t\u00f6\u00f6d insenerina, \u00fchtlasi j\u00e4tkata ka \u00f5pinguid \u00fclikoolis. Rootsist suundus H. Teetlaus edasi Kanadasse, sealt paari aasta p\u00e4rast USAsse, elades vahepeal taas Rootsis, siis uuesti USAs ja elu viimased aastad Eestis, kus tema elutee 24. aprillil 2010 l\u00f5ppes.<\/p>\n<p><a href=\"https:\/\/blog.erm.ee\/wp-content\/uploads\/2012\/08\/26_006.jpg\"><img loading=\"lazy\" decoding=\"async\" data-attachment-id=\"541\" data-permalink=\"https:\/\/blog.erm.ee\/?attachment_id=541#main\" data-orig-file=\"https:\/\/blog.erm.ee\/wp-content\/uploads\/2012\/08\/26_006.jpg\" data-orig-size=\"768,1024\" data-comments-opened=\"1\" data-image-meta=\"{&quot;aperture&quot;:&quot;0&quot;,&quot;credit&quot;:&quot;&quot;,&quot;camera&quot;:&quot;&quot;,&quot;caption&quot;:&quot;&quot;,&quot;created_timestamp&quot;:&quot;0&quot;,&quot;copyright&quot;:&quot;&quot;,&quot;focal_length&quot;:&quot;0&quot;,&quot;iso&quot;:&quot;0&quot;,&quot;shutter_speed&quot;:&quot;0&quot;,&quot;title&quot;:&quot;&quot;}\" data-image-title=\"26_006\" data-image-description=\"\" data-image-caption=\"\" data-large-file=\"https:\/\/blog.erm.ee\/wp-content\/uploads\/2012\/08\/26_006.jpg\" class=\"alignnone size-full wp-image-541\" title=\"26_006\" alt=\"\" src=\"https:\/\/blog.erm.ee\/wp-content\/uploads\/2012\/08\/26_006.jpg\" width=\"768\" height=\"1024\" srcset=\"https:\/\/blog.erm.ee\/wp-content\/uploads\/2012\/08\/26_006.jpg 768w, https:\/\/blog.erm.ee\/wp-content\/uploads\/2012\/08\/26_006-195x260.jpg 195w, https:\/\/blog.erm.ee\/wp-content\/uploads\/2012\/08\/26_006-225x300.jpg 225w\" sizes=\"auto, (max-width: 768px) 100vw, 768px\" \/><\/a><\/p>\n<p><em>Hans Teetlaus seismas reisilaeva Georg Ots k\u00f5rval<\/em><\/p>\n<p>H. Teetlausi arhiivkogu nimistu on jagatud 8 sarjaks: 1. <em>Biographica<\/em>; 2. Kirjavahetus (Hans Teetlausile saadetud kirjad ja Hans Teetlausi poolt saadetud kirjade mustandid ja koopiad); 3. \u00d5pingute ja loomingulise tegevusega seotud dokumendid; 4. Erialast tegevust kajastavad dokumendid; 5. Harrastused (muusika, fotograafia ja film, filateelia); 6. Varia; 7. Ajalehev\u00e4ljal\u00f5iked; 8. Teiste arhiivimoodustajate dokumendid.<\/p>\n<p>\u00dcks Hans Teetlausi pikaajalisemaid ja produktiivsemaid hobisid oli fotograafia. Koos eelpool mainitud arhiivimaterjaliga j\u00f5udis ERMi ka tema pika elu jooksul kujunenud rikkalik fotokogu, mille uurijale kasutusk\u00f5lblikuks tegemine on ERMis hetkel k\u00e4sil.<\/p>\n<p>H. Teetlausi poolt hoole ja armastusega pakendatud fotosid, mille hulgast tuleb muuseumi fotokogusse vastu v\u00f5tmiseks valik teha, on terve hoidlariiuli jagu. Ilmutatud fotodega on kaasas ka arhiveerimise seisukohalt veelgi v\u00e4\u00e4rtuslikumad originaalid ehk fotonegatiivid, mis skanneeritakse spetsiaalse tehnika abil. Negatiividest tehtud valik registreeritakse ja kirjeldatakse MuISis.<\/p>\n<p><a href=\"https:\/\/blog.erm.ee\/wp-content\/uploads\/2012\/08\/29_005.jpg\"><img loading=\"lazy\" decoding=\"async\" data-attachment-id=\"542\" data-permalink=\"https:\/\/blog.erm.ee\/?attachment_id=542#main\" data-orig-file=\"https:\/\/blog.erm.ee\/wp-content\/uploads\/2012\/08\/29_005.jpg\" data-orig-size=\"1024,768\" data-comments-opened=\"1\" data-image-meta=\"{&quot;aperture&quot;:&quot;0&quot;,&quot;credit&quot;:&quot;&quot;,&quot;camera&quot;:&quot;&quot;,&quot;caption&quot;:&quot;&quot;,&quot;created_timestamp&quot;:&quot;0&quot;,&quot;copyright&quot;:&quot;&quot;,&quot;focal_length&quot;:&quot;0&quot;,&quot;iso&quot;:&quot;0&quot;,&quot;shutter_speed&quot;:&quot;0&quot;,&quot;title&quot;:&quot;&quot;}\" data-image-title=\"29_005\" data-image-description=\"\" data-image-caption=\"\" data-large-file=\"https:\/\/blog.erm.ee\/wp-content\/uploads\/2012\/08\/29_005.jpg\" class=\"alignnone size-full wp-image-542\" title=\"29_005\" alt=\"\" src=\"https:\/\/blog.erm.ee\/wp-content\/uploads\/2012\/08\/29_005.jpg\" width=\"1024\" height=\"768\" srcset=\"https:\/\/blog.erm.ee\/wp-content\/uploads\/2012\/08\/29_005.jpg 1024w, https:\/\/blog.erm.ee\/wp-content\/uploads\/2012\/08\/29_005-346x260.jpg 346w, https:\/\/blog.erm.ee\/wp-content\/uploads\/2012\/08\/29_005-300x225.jpg 300w\" sizes=\"auto, (max-width: 1024px) 100vw, 1024px\" \/><\/a><\/p>\n<p><em>Helge Teetlaus Tallinnas Balti jaamas<br \/>\n<\/em><\/p>\n<p>Mis on hobifotograaf Hans Teetlausi j\u00e4\u00e4dvustuste hulgast s\u00e4ilitamisv\u00e4\u00e4rne? Fotode korrastamine on alles pooleli, seega on veel vara l\u00f5plikeks j\u00e4reldusteks ja aruandvateks numbriteks. Seni l\u00e4bi t\u00f6\u00f6tatud materjali p\u00f5hjal v\u00f5iks esile tuua mitmek\u00fcmne aasta v\u00e4ltel j\u00e4\u00e4dvustatud Tallinna linna fotokroonikat. Ajavahemikus 1980ndad\u20132000ndad on Hans Teetlaus j\u00e4rjekindlalt pildistanud elu Tallinnas, mis annab huvilisele hea v\u00f5imaluse j\u00e4lgida linnapildis paarik\u00fcmne aastaga toimunud muutusi.<\/p>\n<p>Suuremalt jaolt on fotod vanalinnast ja Mustam\u00e4elt, kuid leidub teisigi tuntud ja tundmatuid k\u00fclgi Tallinnast. Seejuures on vanalinna fotode hulgas peamiste arhitektuurim\u00e4lestiste k\u00f5rval pildile j\u00e4\u00e4nud ka k\u00f5rvalised sisehoovid. Lisaks \u00fcldisele hoonetereale on Hans Teetlausil j\u00e4tkunud t\u00e4helepanu ka sellistele detailidele nagu hoonete fassaadikaunistused, tuulelipud, sildid jne. J\u00e4\u00e4dvustatud on turistid, peat\u00e4navatel oma igap\u00e4evaasju ajavad inimesed, ehitushoos t\u00f6\u00f6mehed, m\u00e4ngivad lapsed, pargitud autod, kuivav pesu. On fotosid argip\u00e4evast ja pidulikest kultuuris\u00fcndmustest. Viimaste puhul v\u00f5iks \u00e4ra m\u00e4rkida p\u00f5hjalikud foto\u00fclevaated tantsu- ja laulupidudest, vanalinna- ja hansap\u00e4evadest, aga ka mitmesugustest kontsertidest ja kogunemistest.<\/p>\n<p><a href=\"https:\/\/blog.erm.ee\/wp-content\/uploads\/2012\/08\/30_010.jpg\"><img loading=\"lazy\" decoding=\"async\" data-attachment-id=\"543\" data-permalink=\"https:\/\/blog.erm.ee\/?attachment_id=543#main\" data-orig-file=\"https:\/\/blog.erm.ee\/wp-content\/uploads\/2012\/08\/30_010.jpg\" data-orig-size=\"1024,768\" data-comments-opened=\"1\" data-image-meta=\"{&quot;aperture&quot;:&quot;0&quot;,&quot;credit&quot;:&quot;&quot;,&quot;camera&quot;:&quot;&quot;,&quot;caption&quot;:&quot;&quot;,&quot;created_timestamp&quot;:&quot;0&quot;,&quot;copyright&quot;:&quot;&quot;,&quot;focal_length&quot;:&quot;0&quot;,&quot;iso&quot;:&quot;0&quot;,&quot;shutter_speed&quot;:&quot;0&quot;,&quot;title&quot;:&quot;&quot;}\" data-image-title=\"30_010\" data-image-description=\"\" data-image-caption=\"\" data-large-file=\"https:\/\/blog.erm.ee\/wp-content\/uploads\/2012\/08\/30_010.jpg\" class=\"alignnone size-full wp-image-543\" title=\"30_010\" alt=\"\" src=\"https:\/\/blog.erm.ee\/wp-content\/uploads\/2012\/08\/30_010.jpg\" width=\"1024\" height=\"768\" srcset=\"https:\/\/blog.erm.ee\/wp-content\/uploads\/2012\/08\/30_010.jpg 1024w, https:\/\/blog.erm.ee\/wp-content\/uploads\/2012\/08\/30_010-346x260.jpg 346w, https:\/\/blog.erm.ee\/wp-content\/uploads\/2012\/08\/30_010-300x225.jpg 300w\" sizes=\"auto, (max-width: 1024px) 100vw, 1024px\" \/><\/a><\/p>\n<p><em>M\u00fc\u00fcgilett laulupeo ajal Tallinna lauluv\u00e4ljakul<\/em><\/p>\n<p><a href=\"https:\/\/blog.erm.ee\/wp-content\/uploads\/2012\/08\/30_007.jpg\"><img loading=\"lazy\" decoding=\"async\" data-attachment-id=\"544\" data-permalink=\"https:\/\/blog.erm.ee\/?attachment_id=544#main\" data-orig-file=\"https:\/\/blog.erm.ee\/wp-content\/uploads\/2012\/08\/30_007.jpg\" data-orig-size=\"1024,768\" data-comments-opened=\"1\" data-image-meta=\"{&quot;aperture&quot;:&quot;0&quot;,&quot;credit&quot;:&quot;&quot;,&quot;camera&quot;:&quot;&quot;,&quot;caption&quot;:&quot;&quot;,&quot;created_timestamp&quot;:&quot;0&quot;,&quot;copyright&quot;:&quot;&quot;,&quot;focal_length&quot;:&quot;0&quot;,&quot;iso&quot;:&quot;0&quot;,&quot;shutter_speed&quot;:&quot;0&quot;,&quot;title&quot;:&quot;&quot;}\" data-image-title=\"30_007\" data-image-description=\"\" data-image-caption=\"\" data-large-file=\"https:\/\/blog.erm.ee\/wp-content\/uploads\/2012\/08\/30_007.jpg\" class=\"alignnone size-full wp-image-544\" title=\"30_007\" alt=\"\" src=\"https:\/\/blog.erm.ee\/wp-content\/uploads\/2012\/08\/30_007.jpg\" width=\"1024\" height=\"768\" srcset=\"https:\/\/blog.erm.ee\/wp-content\/uploads\/2012\/08\/30_007.jpg 1024w, https:\/\/blog.erm.ee\/wp-content\/uploads\/2012\/08\/30_007-346x260.jpg 346w, https:\/\/blog.erm.ee\/wp-content\/uploads\/2012\/08\/30_007-300x225.jpg 300w\" sizes=\"auto, (max-width: 1024px) 100vw, 1024px\" \/><\/a><\/p>\n<p><em>Tantsupidulised Tallinnas<\/em><\/p>\n<p>Tallinna k\u00f5rval on Hans Teetlaus pildistanud L\u00fcganuse \u00fcmbrust, Narvat, Rakveret ja Tartut. Tihtipeale on need fotomatkad viinud teda noorp\u00f5lveradadele. Sellisel juhul v\u00f5ib fotode tagant leida informatiivseid meenutuslikke m\u00e4rkmeid.<\/p>\n<p>Lisaks \u00fcmbritsevat fotografeerides juhuslikult pildile p\u00fc\u00fctud avalikus ruumis viibivatele anon\u00fc\u00fcmsetele inimestele on arvukalt pilte ka Hans Teetlausi pereliikmetest, sugulastest, s\u00f5pradest ja tuttavatest. Piltidel on nii kodu- kui v\u00e4liseestlasi, kelle hulgas mitmeidki huvitavaid persoone. Nendegi fotode puhul v\u00f5iks teha j\u00e4rgmise tingliku jaotuse: argip\u00e4evased situatsioonid ja \u00fcritused, t\u00e4htp\u00e4evad.<\/p>\n<p><a href=\"https:\/\/blog.erm.ee\/wp-content\/uploads\/2012\/08\/35_006.jpg\"><img loading=\"lazy\" decoding=\"async\" data-attachment-id=\"545\" data-permalink=\"https:\/\/blog.erm.ee\/?attachment_id=545#main\" data-orig-file=\"https:\/\/blog.erm.ee\/wp-content\/uploads\/2012\/08\/35_006.jpg\" data-orig-size=\"1024,768\" data-comments-opened=\"1\" data-image-meta=\"{&quot;aperture&quot;:&quot;0&quot;,&quot;credit&quot;:&quot;&quot;,&quot;camera&quot;:&quot;&quot;,&quot;caption&quot;:&quot;&quot;,&quot;created_timestamp&quot;:&quot;0&quot;,&quot;copyright&quot;:&quot;&quot;,&quot;focal_length&quot;:&quot;0&quot;,&quot;iso&quot;:&quot;0&quot;,&quot;shutter_speed&quot;:&quot;0&quot;,&quot;title&quot;:&quot;&quot;}\" data-image-title=\"35_006\" data-image-description=\"\" data-image-caption=\"\" data-large-file=\"https:\/\/blog.erm.ee\/wp-content\/uploads\/2012\/08\/35_006.jpg\" class=\"alignnone size-full wp-image-545\" title=\"35_006\" alt=\"\" src=\"https:\/\/blog.erm.ee\/wp-content\/uploads\/2012\/08\/35_006.jpg\" width=\"1024\" height=\"768\" srcset=\"https:\/\/blog.erm.ee\/wp-content\/uploads\/2012\/08\/35_006.jpg 1024w, https:\/\/blog.erm.ee\/wp-content\/uploads\/2012\/08\/35_006-346x260.jpg 346w, https:\/\/blog.erm.ee\/wp-content\/uploads\/2012\/08\/35_006-300x225.jpg 300w\" sizes=\"auto, (max-width: 1024px) 100vw, 1024px\" \/><\/a><\/p>\n<p><em>Helge ja Valve Teetlaus minemas P\u00fchaj\u00e4rve bussile<\/em><\/p>\n<p>Eraldi v\u00f5iks veel esile tuua fotod Hans Teetlausi reisidest ja \u00fclesv\u00f5tted, kus on j\u00e4\u00e4dvustatud tema erinevaid elukohti.<\/p>\n<p>Suhteliselt tundmatuks j\u00e4\u00e4b hetkel fotokogu ajaliselt varasem (1940ndad\u20131960ndad) osa. V\u00e4heste vihjete p\u00f5hjal v\u00f5ib oletada, et juba siis alustas Hans Teetlaus \u00fcmbritseva j\u00e4rjepidevat j\u00e4\u00e4dvustamist, p\u00fc\u00fcdes filmilindile eesti pagulaste elu argi- ja pidup\u00e4evi nii pagulaslaagris kui hiljem, erinevatel asukohamaadel.<\/p>\n<p>Hans Teetlausi fotokogu pakub kahtlemata huvitavat materjali ja avastamisr\u00f5\u00f5mu. \u00dchtpidi, kui uurimisteemaks on Tallinna linnapilt, v\u00e4liseestlaste kodusisustus, kultuuri\u00fcritused v\u00f5i midagi muud sarnast. Hoopis teistmoodi ja sama kuldav\u00e4\u00e4rt materjaliallikaks osutub aga k\u00f5nealune kogu siis, kui uuritav peaks olema Hans Teetlaus ise v\u00f5i keegi tema l\u00e4hedastest.<\/p>\n<div class=\"fcbkbttn_buttons_block\" id=\"fcbkbttn_left\"><div class=\"fcbkbttn_like \"><fb:like href=\"https:\/\/blog.erm.ee\/?p=539\" action=\"like\" colorscheme=\"light\" layout=\"standard\"  width=\"225px\" size=\"small\"><\/fb:like><\/div><div class=\"fb-share-button  \" data-href=\"https:\/\/blog.erm.ee\/?p=539\" data-type=\"button\" data-size=\"small\"><\/div><\/div>","protected":false},"excerpt":{"rendered":"<p>Karin Kiisk, Hans Teetlausi kogu arhiveerija 2011. aasta novembri l\u00f5puks sai korrastatud sugulaste poolt ERMile \u00fcle antud (v\u00e4liseestlase) Hans Teetlausi isikuarhiiv, nimistunumbriga 18. Arhiivi juurde kuulus ka ulatuslik fotokogu, millest j\u00e4rgnevalt veidi l\u00e4hemalt. Viru t\u00e4nav Tallinnas Arhiivimoodustaja ja fotode autor Hans Teetlaus s\u00fcndis 2. septembril 1920 L\u00fcganuse kihelkonnas Varja k\u00fclas. Ta l\u00f5petas 1934. aastal \u00a0l\u00e4hedalasuva&hellip;<\/p>\n","protected":false},"author":1,"featured_media":542,"comment_status":"open","ping_status":"open","sticky":false,"template":"","format":"standard","meta":{"_monsterinsights_skip_tracking":false,"_monsterinsights_sitenote_active":false,"_monsterinsights_sitenote_note":"","_monsterinsights_sitenote_category":0,"jetpack_post_was_ever_published":false,"_jetpack_newsletter_access":"","_jetpack_dont_email_post_to_subs":false,"_jetpack_newsletter_tier_id":0,"_jetpack_memberships_contains_paywalled_content":false,"_jetpack_memberships_contains_paid_content":false,"footnotes":""},"categories":[6],"tags":[],"class_list":["post-539","post","type-post","status-publish","format-standard","has-post-thumbnail","hentry","category-foto"],"yoast_head":"<!-- This site is optimized with the Yoast SEO plugin v27.5 - https:\/\/yoast.com\/product\/yoast-seo-wordpress\/ -->\n<title>Mees fotoaparaadiga - v\u00e4liseestlase Hans Teetlausi fotokogu - Eesti Rahva Muuseumi ajaveeb<\/title>\n<meta name=\"robots\" content=\"index, follow, max-snippet:-1, max-image-preview:large, max-video-preview:-1\" \/>\n<link rel=\"canonical\" href=\"https:\/\/blog.erm.ee\/?p=539\" \/>\n<meta property=\"og:locale\" content=\"et_EE\" \/>\n<meta property=\"og:type\" content=\"article\" \/>\n<meta property=\"og:title\" content=\"Mees fotoaparaadiga - v\u00e4liseestlase Hans Teetlausi fotokogu - Eesti Rahva Muuseumi ajaveeb\" \/>\n<meta property=\"og:description\" content=\"Karin Kiisk, Hans Teetlausi kogu arhiveerija 2011. aasta novembri l\u00f5puks sai korrastatud sugulaste poolt ERMile \u00fcle antud (v\u00e4liseestlase) Hans Teetlausi isikuarhiiv, nimistunumbriga 18. Arhiivi juurde kuulus ka ulatuslik fotokogu, millest j\u00e4rgnevalt veidi l\u00e4hemalt. Viru t\u00e4nav Tallinnas Arhiivimoodustaja ja fotode autor Hans Teetlaus s\u00fcndis 2. septembril 1920 L\u00fcganuse kihelkonnas Varja k\u00fclas. Ta l\u00f5petas 1934. aastal \u00a0l\u00e4hedalasuva&hellip;\" \/>\n<meta property=\"og:url\" content=\"https:\/\/blog.erm.ee\/?p=539\" \/>\n<meta property=\"og:site_name\" content=\"Eesti Rahva Muuseumi ajaveeb\" \/>\n<meta property=\"article:published_time\" content=\"2012-08-23T11:20:41+00:00\" \/>\n<meta property=\"article:modified_time\" content=\"2013-10-07T14:14:25+00:00\" \/>\n<meta property=\"og:image\" content=\"https:\/\/blog.erm.ee\/wp-content\/uploads\/2012\/08\/29_005.jpg\" \/>\n\t<meta property=\"og:image:width\" content=\"1024\" \/>\n\t<meta property=\"og:image:height\" content=\"768\" \/>\n\t<meta property=\"og:image:type\" content=\"image\/jpeg\" \/>\n<meta name=\"author\" content=\"Eesti Rahva Muuseum\" \/>\n<meta name=\"twitter:card\" content=\"summary_large_image\" \/>\n<meta name=\"twitter:label1\" content=\"Written by\" \/>\n\t<meta name=\"twitter:data1\" content=\"Eesti Rahva Muuseum\" \/>\n\t<meta name=\"twitter:label2\" content=\"Est. reading time\" \/>\n\t<meta name=\"twitter:data2\" content=\"3 minutit\" \/>\n<script type=\"application\/ld+json\" class=\"yoast-schema-graph\">{\"@context\":\"https:\\\/\\\/schema.org\",\"@graph\":[{\"@type\":\"Article\",\"@id\":\"https:\\\/\\\/blog.erm.ee\\\/?p=539#article\",\"isPartOf\":{\"@id\":\"https:\\\/\\\/blog.erm.ee\\\/?p=539\"},\"author\":{\"name\":\"Eesti Rahva Muuseum\",\"@id\":\"https:\\\/\\\/blog.erm.ee\\\/#\\\/schema\\\/person\\\/6e98c391cb00a33e7c22a3571e062114\"},\"headline\":\"Mees fotoaparaadiga &#8211; v\u00e4liseestlase Hans Teetlausi fotokogu\",\"datePublished\":\"2012-08-23T11:20:41+00:00\",\"dateModified\":\"2013-10-07T14:14:25+00:00\",\"mainEntityOfPage\":{\"@id\":\"https:\\\/\\\/blog.erm.ee\\\/?p=539\"},\"wordCount\":698,\"commentCount\":0,\"image\":{\"@id\":\"https:\\\/\\\/blog.erm.ee\\\/?p=539#primaryimage\"},\"thumbnailUrl\":\"https:\\\/\\\/blog.erm.ee\\\/wp-content\\\/uploads\\\/2012\\\/08\\\/29_005.jpg\",\"articleSection\":[\"Foto\"],\"inLanguage\":\"et\",\"potentialAction\":[{\"@type\":\"CommentAction\",\"name\":\"Comment\",\"target\":[\"https:\\\/\\\/blog.erm.ee\\\/?p=539#respond\"]}]},{\"@type\":\"WebPage\",\"@id\":\"https:\\\/\\\/blog.erm.ee\\\/?p=539\",\"url\":\"https:\\\/\\\/blog.erm.ee\\\/?p=539\",\"name\":\"Mees fotoaparaadiga - v\u00e4liseestlase Hans Teetlausi fotokogu - Eesti Rahva Muuseumi ajaveeb\",\"isPartOf\":{\"@id\":\"https:\\\/\\\/blog.erm.ee\\\/#website\"},\"primaryImageOfPage\":{\"@id\":\"https:\\\/\\\/blog.erm.ee\\\/?p=539#primaryimage\"},\"image\":{\"@id\":\"https:\\\/\\\/blog.erm.ee\\\/?p=539#primaryimage\"},\"thumbnailUrl\":\"https:\\\/\\\/blog.erm.ee\\\/wp-content\\\/uploads\\\/2012\\\/08\\\/29_005.jpg\",\"datePublished\":\"2012-08-23T11:20:41+00:00\",\"dateModified\":\"2013-10-07T14:14:25+00:00\",\"author\":{\"@id\":\"https:\\\/\\\/blog.erm.ee\\\/#\\\/schema\\\/person\\\/6e98c391cb00a33e7c22a3571e062114\"},\"breadcrumb\":{\"@id\":\"https:\\\/\\\/blog.erm.ee\\\/?p=539#breadcrumb\"},\"inLanguage\":\"et\",\"potentialAction\":[{\"@type\":\"ReadAction\",\"target\":[\"https:\\\/\\\/blog.erm.ee\\\/?p=539\"]}]},{\"@type\":\"ImageObject\",\"inLanguage\":\"et\",\"@id\":\"https:\\\/\\\/blog.erm.ee\\\/?p=539#primaryimage\",\"url\":\"https:\\\/\\\/blog.erm.ee\\\/wp-content\\\/uploads\\\/2012\\\/08\\\/29_005.jpg\",\"contentUrl\":\"https:\\\/\\\/blog.erm.ee\\\/wp-content\\\/uploads\\\/2012\\\/08\\\/29_005.jpg\",\"width\":1024,\"height\":768},{\"@type\":\"BreadcrumbList\",\"@id\":\"https:\\\/\\\/blog.erm.ee\\\/?p=539#breadcrumb\",\"itemListElement\":[{\"@type\":\"ListItem\",\"position\":1,\"name\":\"Home\",\"item\":\"https:\\\/\\\/blog.erm.ee\\\/\"},{\"@type\":\"ListItem\",\"position\":2,\"name\":\"Mees fotoaparaadiga &#8211; v\u00e4liseestlase Hans Teetlausi fotokogu\"}]},{\"@type\":\"WebSite\",\"@id\":\"https:\\\/\\\/blog.erm.ee\\\/#website\",\"url\":\"https:\\\/\\\/blog.erm.ee\\\/\",\"name\":\"Eesti Rahva Muuseumi ajaveeb\",\"description\":\"\",\"potentialAction\":[{\"@type\":\"SearchAction\",\"target\":{\"@type\":\"EntryPoint\",\"urlTemplate\":\"https:\\\/\\\/blog.erm.ee\\\/?s={search_term_string}\"},\"query-input\":{\"@type\":\"PropertyValueSpecification\",\"valueRequired\":true,\"valueName\":\"search_term_string\"}}],\"inLanguage\":\"et\"},{\"@type\":\"Person\",\"@id\":\"https:\\\/\\\/blog.erm.ee\\\/#\\\/schema\\\/person\\\/6e98c391cb00a33e7c22a3571e062114\",\"name\":\"Eesti Rahva Muuseum\",\"image\":{\"@type\":\"ImageObject\",\"inLanguage\":\"et\",\"@id\":\"https:\\\/\\\/secure.gravatar.com\\\/avatar\\\/cb6d9ad5fb49f3f7315028ce5fe60641075f2cb52b8a058ff5a985fa2d8c1da0?s=96&d=mm&r=g\",\"url\":\"https:\\\/\\\/secure.gravatar.com\\\/avatar\\\/cb6d9ad5fb49f3f7315028ce5fe60641075f2cb52b8a058ff5a985fa2d8c1da0?s=96&d=mm&r=g\",\"contentUrl\":\"https:\\\/\\\/secure.gravatar.com\\\/avatar\\\/cb6d9ad5fb49f3f7315028ce5fe60641075f2cb52b8a058ff5a985fa2d8c1da0?s=96&d=mm&r=g\",\"caption\":\"Eesti Rahva Muuseum\"},\"sameAs\":[\"http:\\\/\\\/www.erm.ee\"],\"url\":\"https:\\\/\\\/blog.erm.ee\\\/?author=1\"}]}<\/script>\n<!-- \/ Yoast SEO plugin. -->","yoast_head_json":{"title":"Mees fotoaparaadiga - v\u00e4liseestlase Hans Teetlausi fotokogu - Eesti Rahva Muuseumi ajaveeb","robots":{"index":"index","follow":"follow","max-snippet":"max-snippet:-1","max-image-preview":"max-image-preview:large","max-video-preview":"max-video-preview:-1"},"canonical":"https:\/\/blog.erm.ee\/?p=539","og_locale":"et_EE","og_type":"article","og_title":"Mees fotoaparaadiga - v\u00e4liseestlase Hans Teetlausi fotokogu - Eesti Rahva Muuseumi ajaveeb","og_description":"Karin Kiisk, Hans Teetlausi kogu arhiveerija 2011. aasta novembri l\u00f5puks sai korrastatud sugulaste poolt ERMile \u00fcle antud (v\u00e4liseestlase) Hans Teetlausi isikuarhiiv, nimistunumbriga 18. Arhiivi juurde kuulus ka ulatuslik fotokogu, millest j\u00e4rgnevalt veidi l\u00e4hemalt. Viru t\u00e4nav Tallinnas Arhiivimoodustaja ja fotode autor Hans Teetlaus s\u00fcndis 2. septembril 1920 L\u00fcganuse kihelkonnas Varja k\u00fclas. Ta l\u00f5petas 1934. aastal \u00a0l\u00e4hedalasuva&hellip;","og_url":"https:\/\/blog.erm.ee\/?p=539","og_site_name":"Eesti Rahva Muuseumi ajaveeb","article_published_time":"2012-08-23T11:20:41+00:00","article_modified_time":"2013-10-07T14:14:25+00:00","og_image":[{"width":1024,"height":768,"url":"https:\/\/blog.erm.ee\/wp-content\/uploads\/2012\/08\/29_005.jpg","type":"image\/jpeg"}],"author":"Eesti Rahva Muuseum","twitter_card":"summary_large_image","twitter_misc":{"Written by":"Eesti Rahva Muuseum","Est. reading time":"3 minutit"},"schema":{"@context":"https:\/\/schema.org","@graph":[{"@type":"Article","@id":"https:\/\/blog.erm.ee\/?p=539#article","isPartOf":{"@id":"https:\/\/blog.erm.ee\/?p=539"},"author":{"name":"Eesti Rahva Muuseum","@id":"https:\/\/blog.erm.ee\/#\/schema\/person\/6e98c391cb00a33e7c22a3571e062114"},"headline":"Mees fotoaparaadiga &#8211; v\u00e4liseestlase Hans Teetlausi fotokogu","datePublished":"2012-08-23T11:20:41+00:00","dateModified":"2013-10-07T14:14:25+00:00","mainEntityOfPage":{"@id":"https:\/\/blog.erm.ee\/?p=539"},"wordCount":698,"commentCount":0,"image":{"@id":"https:\/\/blog.erm.ee\/?p=539#primaryimage"},"thumbnailUrl":"https:\/\/blog.erm.ee\/wp-content\/uploads\/2012\/08\/29_005.jpg","articleSection":["Foto"],"inLanguage":"et","potentialAction":[{"@type":"CommentAction","name":"Comment","target":["https:\/\/blog.erm.ee\/?p=539#respond"]}]},{"@type":"WebPage","@id":"https:\/\/blog.erm.ee\/?p=539","url":"https:\/\/blog.erm.ee\/?p=539","name":"Mees fotoaparaadiga - v\u00e4liseestlase Hans Teetlausi fotokogu - Eesti Rahva Muuseumi ajaveeb","isPartOf":{"@id":"https:\/\/blog.erm.ee\/#website"},"primaryImageOfPage":{"@id":"https:\/\/blog.erm.ee\/?p=539#primaryimage"},"image":{"@id":"https:\/\/blog.erm.ee\/?p=539#primaryimage"},"thumbnailUrl":"https:\/\/blog.erm.ee\/wp-content\/uploads\/2012\/08\/29_005.jpg","datePublished":"2012-08-23T11:20:41+00:00","dateModified":"2013-10-07T14:14:25+00:00","author":{"@id":"https:\/\/blog.erm.ee\/#\/schema\/person\/6e98c391cb00a33e7c22a3571e062114"},"breadcrumb":{"@id":"https:\/\/blog.erm.ee\/?p=539#breadcrumb"},"inLanguage":"et","potentialAction":[{"@type":"ReadAction","target":["https:\/\/blog.erm.ee\/?p=539"]}]},{"@type":"ImageObject","inLanguage":"et","@id":"https:\/\/blog.erm.ee\/?p=539#primaryimage","url":"https:\/\/blog.erm.ee\/wp-content\/uploads\/2012\/08\/29_005.jpg","contentUrl":"https:\/\/blog.erm.ee\/wp-content\/uploads\/2012\/08\/29_005.jpg","width":1024,"height":768},{"@type":"BreadcrumbList","@id":"https:\/\/blog.erm.ee\/?p=539#breadcrumb","itemListElement":[{"@type":"ListItem","position":1,"name":"Home","item":"https:\/\/blog.erm.ee\/"},{"@type":"ListItem","position":2,"name":"Mees fotoaparaadiga &#8211; v\u00e4liseestlase Hans Teetlausi fotokogu"}]},{"@type":"WebSite","@id":"https:\/\/blog.erm.ee\/#website","url":"https:\/\/blog.erm.ee\/","name":"Eesti Rahva Muuseumi ajaveeb","description":"","potentialAction":[{"@type":"SearchAction","target":{"@type":"EntryPoint","urlTemplate":"https:\/\/blog.erm.ee\/?s={search_term_string}"},"query-input":{"@type":"PropertyValueSpecification","valueRequired":true,"valueName":"search_term_string"}}],"inLanguage":"et"},{"@type":"Person","@id":"https:\/\/blog.erm.ee\/#\/schema\/person\/6e98c391cb00a33e7c22a3571e062114","name":"Eesti Rahva Muuseum","image":{"@type":"ImageObject","inLanguage":"et","@id":"https:\/\/secure.gravatar.com\/avatar\/cb6d9ad5fb49f3f7315028ce5fe60641075f2cb52b8a058ff5a985fa2d8c1da0?s=96&d=mm&r=g","url":"https:\/\/secure.gravatar.com\/avatar\/cb6d9ad5fb49f3f7315028ce5fe60641075f2cb52b8a058ff5a985fa2d8c1da0?s=96&d=mm&r=g","contentUrl":"https:\/\/secure.gravatar.com\/avatar\/cb6d9ad5fb49f3f7315028ce5fe60641075f2cb52b8a058ff5a985fa2d8c1da0?s=96&d=mm&r=g","caption":"Eesti Rahva Muuseum"},"sameAs":["http:\/\/www.erm.ee"],"url":"https:\/\/blog.erm.ee\/?author=1"}]}},"jetpack_featured_media_url":"https:\/\/blog.erm.ee\/wp-content\/uploads\/2012\/08\/29_005.jpg","jetpack_shortlink":"https:\/\/wp.me\/p2l9Zd-8H","jetpack_sharing_enabled":true,"jetpack_likes_enabled":true,"_links":{"self":[{"href":"https:\/\/blog.erm.ee\/index.php?rest_route=\/wp\/v2\/posts\/539","targetHints":{"allow":["GET"]}}],"collection":[{"href":"https:\/\/blog.erm.ee\/index.php?rest_route=\/wp\/v2\/posts"}],"about":[{"href":"https:\/\/blog.erm.ee\/index.php?rest_route=\/wp\/v2\/types\/post"}],"author":[{"embeddable":true,"href":"https:\/\/blog.erm.ee\/index.php?rest_route=\/wp\/v2\/users\/1"}],"replies":[{"embeddable":true,"href":"https:\/\/blog.erm.ee\/index.php?rest_route=%2Fwp%2Fv2%2Fcomments&post=539"}],"version-history":[{"count":5,"href":"https:\/\/blog.erm.ee\/index.php?rest_route=\/wp\/v2\/posts\/539\/revisions"}],"predecessor-version":[{"id":2887,"href":"https:\/\/blog.erm.ee\/index.php?rest_route=\/wp\/v2\/posts\/539\/revisions\/2887"}],"wp:featuredmedia":[{"embeddable":true,"href":"https:\/\/blog.erm.ee\/index.php?rest_route=\/wp\/v2\/media\/542"}],"wp:attachment":[{"href":"https:\/\/blog.erm.ee\/index.php?rest_route=%2Fwp%2Fv2%2Fmedia&parent=539"}],"wp:term":[{"taxonomy":"category","embeddable":true,"href":"https:\/\/blog.erm.ee\/index.php?rest_route=%2Fwp%2Fv2%2Fcategories&post=539"},{"taxonomy":"post_tag","embeddable":true,"href":"https:\/\/blog.erm.ee\/index.php?rest_route=%2Fwp%2Fv2%2Ftags&post=539"}],"curies":[{"name":"wp","href":"https:\/\/api.w.org\/{rel}","templated":true}]}}