{"id":536,"date":"2012-08-15T10:51:47","date_gmt":"2012-08-15T08:51:47","guid":{"rendered":"http:\/\/blog.erm.ee\/?p=536"},"modified":"2013-10-07T17:00:37","modified_gmt":"2013-10-07T15:00:37","slug":"kumme-kusimust-uue-maja-kohta","status":"publish","type":"post","link":"https:\/\/blog.erm.ee\/?p=536","title":{"rendered":"K\u00fcmme k\u00fcsimust uue maja kohta"},"content":{"rendered":"<div class=\"fcbkbttn_buttons_block\" id=\"fcbkbttn_left\"><div class=\"fcbkbttn_like \"><fb:like href=\"https:\/\/blog.erm.ee\/?p=536\" action=\"like\" colorscheme=\"light\" layout=\"standard\"  width=\"225px\" size=\"small\"><\/fb:like><\/div><div class=\"fb-share-button  \" data-href=\"https:\/\/blog.erm.ee\/?p=536\" data-type=\"button\" data-size=\"small\"><\/div><\/div><p>Viljar Pohhomov on inimene, kelle t\u00f6\u00f6 on otseselt seotud Eesti Rahva Muuseumi uue maja ehitusega. Seet\u00f5ttu k\u00fcsis blogi toimetus oma tuttavatelt, mida nad uue maja kohta teada tahaksid, valis v\u00e4lja k\u00fcmme enim Viljari t\u00f6\u00f6ga haakuvat k\u00fcsimust ning palus tal vastata.<br \/>\n<strong>1.\u00a0\u00a0 \u00a0Miks on Tartule ja Eestile ERMi uut maja vaja?<\/strong><br \/>\nVastus oleks isiklik. Mul on suur pere ja t\u00e4nases paduglobaliseerumises oleks minu jaoks t\u00f5eline l\u00e4bikukkumine, kui mu lapsed ei teaks, kus on nende juured. ERMi on juurte\u00a0 hoidja. Eesti ilma m\u00e4luta, keeleta, traditsioonideta oleks lihtsalt \u00fcks nimetu maalapp ja kuna Tartu on \u00fcks\u00a0 olulisemaid kohti, mis seda k\u00f5ike toidab, siis see peab lihtsalt nii olema. Nii et Eestile ja Tartule pole ERMi lihtsalt vaja, vaid see on nende\u00a0 jaoks elut\u00e4htis organ.<br \/>\n<strong>2.\u00a0\u00a0 \u00a0Miks uus maja nii suur tuleb?<\/strong><br \/>\nMis on suur? L\u00f5unakeskus on kolm korda suurem, Tasku kaks korda, Tartu Kaubamaja pisut v\u00e4iksem. Eesti kultuurip\u00e4rand on ajatu, seda on hoolega hoitud, n\u00fc\u00fcd on tulnud aeg seda n\u00e4idata. Miks peavad tarbimiskolossid, mille me s\u00fcdamerahus kasumlikult kinni maksame, olema suured ja rahvusmuuseum mitte? T\u00e4na, kus uued p\u00fcsin\u00e4itused on valmimas, tundub, et ERMi uus maja on pigem v\u00e4ike ja me saame v\u00e4lja panna ikkagi ainult murdosa rahva poolt kogutud esemetest. Lisaks ei ole ERM ainult sahver, see on \u00f5pitoad, etendused, n\u00e4itused, raamatukogu, kontserdid jne. ERMis peab olema koht k\u00f5igile m\u00f5tlevatele inimestele ja \u00f5nneks neid veel Eestis niipalju on, et suitsusauna suurusest ruumist j\u00e4\u00e4b v\u00e4heks.<br \/>\n<strong>3.\u00a0\u00a0 \u00a0Miks ei tehta korda hoopis Raadi m\u00f5isa?<\/strong><br \/>\nTegelikult on m\u00f5is juba praegu korras. Kui k\u00fcsimuses m\u00f5eldakse Raadi peahoone taastamist, siis mis oleks selle kaugem eesm\u00e4rk? Ilus maja vana m\u00f6\u00f6bli ja l\u00e4ikivate p\u00f5randatega? Maja maht ja olemus ei vasta t\u00e4nase muuseumi n\u00f5uetele ja me pole hetkel nii rikkad, et kindla eesm\u00e4rgita Raadi m\u00f5isa peahoone koopiat \u00fcles ehitada, sest renoveerida pole seal kahjuks midagi.<br \/>\n<strong>4.\u00a0\u00a0 \u00a0Mida uues majas hoidma hakatakse? Kas ERMi praegustele kogudele lisandub sinna esemeid ka mujalt muuseumidest?<\/strong><br \/>\nHoidma hakatakse eelk\u00f5ige seda, mis on sajandi jooksul kogutud ja mille hoiutingimused ei allu mingile kriitikale. T\u00e4na on kogumine t\u00f5eline peavalu, sest esemeid pole juba aastaid kuhugi panna. Kuna uued hoidlad ehitatakse varuga, siis on kahtlemata teretulnud ka teised muuseumid, kelle hoiutingimused pole head. L\u00f5ppeks s\u00e4ilitame me k\u00f5ik ju meie \u00fchtset vara ja kanname otsest vastutust, et see vara oleks meil olemas ka j\u00e4rgnevatel sajanditel.<\/p>\n<p><a href=\"https:\/\/blog.erm.ee\/wp-content\/uploads\/2012\/08\/IMG_8533.jpg\"><img loading=\"lazy\" decoding=\"async\" data-attachment-id=\"537\" data-permalink=\"https:\/\/blog.erm.ee\/?attachment_id=537#main\" data-orig-file=\"https:\/\/blog.erm.ee\/wp-content\/uploads\/2012\/08\/IMG_8533.jpg\" data-orig-size=\"1600,1067\" data-comments-opened=\"1\" data-image-meta=\"{&quot;aperture&quot;:&quot;0&quot;,&quot;credit&quot;:&quot;&quot;,&quot;camera&quot;:&quot;&quot;,&quot;caption&quot;:&quot;&quot;,&quot;created_timestamp&quot;:&quot;0&quot;,&quot;copyright&quot;:&quot;&quot;,&quot;focal_length&quot;:&quot;0&quot;,&quot;iso&quot;:&quot;0&quot;,&quot;shutter_speed&quot;:&quot;0&quot;,&quot;title&quot;:&quot;&quot;}\" data-image-title=\"Naised valitsevad maailma etendus\" data-image-description=\"\" data-image-caption=\"\" data-large-file=\"https:\/\/blog.erm.ee\/wp-content\/uploads\/2012\/08\/IMG_8533-1024x682.jpg\" class=\"alignnone  wp-image-537\" title=\"Naised valitsevad maailma etendus\" alt=\"\" src=\"https:\/\/blog.erm.ee\/wp-content\/uploads\/2012\/08\/IMG_8533-1024x682.jpg\" width=\"1024\" height=\"682\" srcset=\"https:\/\/blog.erm.ee\/wp-content\/uploads\/2012\/08\/IMG_8533-1024x682.jpg 1024w, https:\/\/blog.erm.ee\/wp-content\/uploads\/2012\/08\/IMG_8533-389x260.jpg 389w, https:\/\/blog.erm.ee\/wp-content\/uploads\/2012\/08\/IMG_8533-300x200.jpg 300w, https:\/\/blog.erm.ee\/wp-content\/uploads\/2012\/08\/IMG_8533.jpg 1600w\" sizes=\"auto, (max-width: 1024px) 100vw, 1024px\" \/><\/a><\/p>\n<p><em>Raadil etenduv &#8220;Naised valitsevad maailma ehk Opus Geographicum&#8221; kannab ka piirkonna elavdamise eesm\u00e4rki. Kaua kinnisena p\u00fcsinud ala ei ole tartlased harjunud oma vaba aja veetmiseks kasutama. Muuhulgas t\u00f6\u00f6tab Viljar seet\u00f5ttu lisaks uue majaga seotud k\u00fcsimuste lahendamisele ka suveetenduse korraldusliku poole juures. Foto: T\u00f5nu Tamm<\/em><br \/>\n<strong>5.\u00a0\u00a0 \u00a0Kas midagi muutub esemete uurijatele k\u00e4ttesaadavuses?<\/strong><br \/>\nMuutub see, et kui t\u00e4na on Veski t\u00e4navas \u00fcks 20 ruutmeetrine tuba, kus uurijad saavad esemetega t\u00f6\u00f6d teha, siis Raadil on selleks eraldi suur infokeskus kui ka individuaalruumid t\u00f5sisema uurimist\u00f6\u00f6 tegijatele.<br \/>\n<strong>6.\u00a0\u00a0 \u00a0Kas Te kardate esimest k\u00fcttearvet?<\/strong><br \/>\nK\u00fcttearve nagu k\u00f5ik muud arved on teatavasti k\u00f5ige kindlam asi siin maailmas. ERMi uue maja puhul on selle ala Eesti parimad spetsialistid leidnud meile parimad v\u00f5imalikud lahendused, mis ei m\u00f5ju kuidagi hirmutavalt. Uus hoone hakkab kasutama maak\u00fctet ning hoidlad hakkavad t\u00f6\u00f6le passiivs\u00fcsteemis, milline lahendus ei vaja nende pidevat k\u00fctmist talvel ja jahutamist suvel.<br \/>\n<strong>7.\u00a0\u00a0 \u00a0Mida on plaanis teha ERMi kui turismiobjekti populariseerimiseks?<\/strong><br \/>\nKindlasti ei hakka me kokku ostma k\u00f5ikide telekanalite reklaamiminuteid ja ajalehtede esik\u00fclgi. Uus maja ei ole ainult p\u00fcsin\u00e4itused, see on ka hariduskeskus, koolituskoht, k\u00f5ige erinevamate kultuuris\u00fcndmuste toimumispaik jne. Plaanime olla h\u00e4sti mitmekesised, et iga tulija leiaks midagi enda jaoks. Eelmisel aastal l\u00e4biviidud uuring n\u00e4itas, et \u00fcle 70% eestlastes plaanib k\u00fclastada ERMi v\u00e4hemalt kord aastas, mist\u00f5ttu tuleb vaeva n\u00e4ha, et p\u00e4rast seda k\u00e4iku oleks neil soovi ja p\u00f5hjust tulla ka j\u00e4rgmisel korral.<br \/>\n<strong>8.\u00a0\u00a0 \u00a0Mis muutub uues majas tavak\u00fclastaja jaoks?<\/strong><br \/>\nP\u00f5him\u00f5tteliselt muutub k\u00f5ik. Kaks uut p\u00fcsin\u00e4itust, suur ajutine n\u00e4itus kas meilt v\u00f5i mujalt maailmast tulevate erin\u00e4itustega, erinevaid \u00fcritusi t\u00e4is konverentsi- ja kinosaal, teatrisaal, loengu-ja\u00a0 \u00f5pitoad erinevate programmidega, avariiulitega raamatukogu, kunstin\u00e4ituste saal, aga ka lastetuba, pere\u00fcrituste ruum, kohvikud ning isegi suur muuseumipood.<br \/>\n<strong>9.\u00a0\u00a0 \u00a0Kas muuseumi katusel hakkab ka mingeid tegevusi v\u00f5i \u00fcritusi olema?<\/strong><br \/>\nKatusel ei hakka, k\u00fcll on aga projektis planeeritud \u00fcrituste korraldamiseks vajalike kommunikatsioonide rajamine nii hoone peasissep\u00e4\u00e4su rippkatuse alla<br \/>\nkui ka\u00a0 hoone lennurajapoolsele osale. Nii et v\u00e4iksemat sorti laulupidu maja ees v\u00f5i suurejooneline rock-kontsert hoone sabas on t\u00e4iesti reaalsed ja teostatavad.<br \/>\n<strong>10.\u00a0\u00a0 \u00a0Kuidas uude muuseumisse kohale saab ja kas \u00fcmbruses olevad r\u00e4\u00e4mas t\u00e4navad tehakse korda?<\/strong><br \/>\nUude muuseumisse saab Raekoja platsilt autoga kohale 4 minutiga ja jala 20 minutiga. Rattaga ja jala tulijatele on plaanis teha Roosi t\u00e4navast Tartu oma kultuurit\u00e4nav, sest Raekoja platsist kuni uue muuseumini ei ole v\u00e4hem ega rohkem kui 1909 meetrit. P\u00fc\u00fcame ka need meetrid teha harivaks, mugavaks ja kutsuvaks.<\/p>\n<p>Hea lugeja, kui sul tekkis m\u00f5ni uus k\u00fcsimus, siis kirjuta see kommentaaridesse! Plaanime edaspidi ka teistele uue majaga seonduvatele k\u00fcsimustele vastuseid anda.<\/p>\n<div class=\"fcbkbttn_buttons_block\" id=\"fcbkbttn_left\"><div class=\"fcbkbttn_like \"><fb:like href=\"https:\/\/blog.erm.ee\/?p=536\" action=\"like\" colorscheme=\"light\" layout=\"standard\"  width=\"225px\" size=\"small\"><\/fb:like><\/div><div class=\"fb-share-button  \" data-href=\"https:\/\/blog.erm.ee\/?p=536\" data-type=\"button\" data-size=\"small\"><\/div><\/div>","protected":false},"excerpt":{"rendered":"<p>Viljar Pohhomov on inimene, kelle t\u00f6\u00f6 on otseselt seotud Eesti Rahva Muuseumi uue maja ehitusega. Seet\u00f5ttu k\u00fcsis blogi toimetus oma tuttavatelt, mida nad uue maja kohta teada tahaksid, valis v\u00e4lja k\u00fcmme enim Viljari t\u00f6\u00f6ga haakuvat k\u00fcsimust ning palus tal vastata. 1.\u00a0\u00a0 \u00a0Miks on Tartule ja Eestile ERMi uut maja vaja? Vastus oleks isiklik. Mul on&hellip;<\/p>\n","protected":false},"author":1,"featured_media":537,"comment_status":"open","ping_status":"open","sticky":false,"template":"","format":"standard","meta":{"_monsterinsights_skip_tracking":false,"_monsterinsights_sitenote_active":false,"_monsterinsights_sitenote_note":"","_monsterinsights_sitenote_category":0,"jetpack_post_was_ever_published":false,"_jetpack_newsletter_access":"","_jetpack_dont_email_post_to_subs":false,"_jetpack_newsletter_tier_id":0,"_jetpack_memberships_contains_paywalled_content":false,"_jetpack_memberships_contains_paid_content":false,"footnotes":""},"categories":[17],"tags":[],"class_list":["post-536","post","type-post","status-publish","format-standard","has-post-thumbnail","hentry","category-uus-maja"],"yoast_head":"<!-- This site is optimized with the Yoast SEO plugin v27.5 - https:\/\/yoast.com\/product\/yoast-seo-wordpress\/ -->\n<title>K\u00fcmme k\u00fcsimust uue maja kohta - Eesti Rahva Muuseumi ajaveeb<\/title>\n<meta name=\"robots\" content=\"index, follow, max-snippet:-1, max-image-preview:large, max-video-preview:-1\" \/>\n<link rel=\"canonical\" href=\"https:\/\/blog.erm.ee\/?p=536\" \/>\n<meta property=\"og:locale\" content=\"et_EE\" \/>\n<meta property=\"og:type\" content=\"article\" \/>\n<meta property=\"og:title\" content=\"K\u00fcmme k\u00fcsimust uue maja kohta - Eesti Rahva Muuseumi ajaveeb\" \/>\n<meta property=\"og:description\" content=\"Viljar Pohhomov on inimene, kelle t\u00f6\u00f6 on otseselt seotud Eesti Rahva Muuseumi uue maja ehitusega. Seet\u00f5ttu k\u00fcsis blogi toimetus oma tuttavatelt, mida nad uue maja kohta teada tahaksid, valis v\u00e4lja k\u00fcmme enim Viljari t\u00f6\u00f6ga haakuvat k\u00fcsimust ning palus tal vastata. 1.\u00a0\u00a0 \u00a0Miks on Tartule ja Eestile ERMi uut maja vaja? Vastus oleks isiklik. Mul on&hellip;\" \/>\n<meta property=\"og:url\" content=\"https:\/\/blog.erm.ee\/?p=536\" \/>\n<meta property=\"og:site_name\" content=\"Eesti Rahva Muuseumi ajaveeb\" \/>\n<meta property=\"article:published_time\" content=\"2012-08-15T08:51:47+00:00\" \/>\n<meta property=\"article:modified_time\" content=\"2013-10-07T15:00:37+00:00\" \/>\n<meta property=\"og:image\" content=\"https:\/\/blog.erm.ee\/wp-content\/uploads\/2012\/08\/IMG_8533.jpg\" \/>\n\t<meta property=\"og:image:width\" content=\"1600\" \/>\n\t<meta property=\"og:image:height\" content=\"1067\" \/>\n\t<meta property=\"og:image:type\" content=\"image\/jpeg\" \/>\n<meta name=\"author\" content=\"Eesti Rahva Muuseum\" \/>\n<meta name=\"twitter:card\" content=\"summary_large_image\" \/>\n<meta name=\"twitter:label1\" content=\"Written by\" \/>\n\t<meta name=\"twitter:data1\" content=\"Eesti Rahva Muuseum\" \/>\n\t<meta name=\"twitter:label2\" content=\"Est. reading time\" \/>\n\t<meta name=\"twitter:data2\" content=\"4 minutit\" \/>\n<script type=\"application\/ld+json\" class=\"yoast-schema-graph\">{\"@context\":\"https:\\\/\\\/schema.org\",\"@graph\":[{\"@type\":\"Article\",\"@id\":\"https:\\\/\\\/blog.erm.ee\\\/?p=536#article\",\"isPartOf\":{\"@id\":\"https:\\\/\\\/blog.erm.ee\\\/?p=536\"},\"author\":{\"name\":\"Eesti Rahva Muuseum\",\"@id\":\"https:\\\/\\\/blog.erm.ee\\\/#\\\/schema\\\/person\\\/6e98c391cb00a33e7c22a3571e062114\"},\"headline\":\"K\u00fcmme k\u00fcsimust uue maja kohta\",\"datePublished\":\"2012-08-15T08:51:47+00:00\",\"dateModified\":\"2013-10-07T15:00:37+00:00\",\"mainEntityOfPage\":{\"@id\":\"https:\\\/\\\/blog.erm.ee\\\/?p=536\"},\"wordCount\":883,\"commentCount\":0,\"image\":{\"@id\":\"https:\\\/\\\/blog.erm.ee\\\/?p=536#primaryimage\"},\"thumbnailUrl\":\"https:\\\/\\\/blog.erm.ee\\\/wp-content\\\/uploads\\\/2012\\\/08\\\/IMG_8533.jpg\",\"articleSection\":[\"Uus maja\"],\"inLanguage\":\"et\",\"potentialAction\":[{\"@type\":\"CommentAction\",\"name\":\"Comment\",\"target\":[\"https:\\\/\\\/blog.erm.ee\\\/?p=536#respond\"]}]},{\"@type\":\"WebPage\",\"@id\":\"https:\\\/\\\/blog.erm.ee\\\/?p=536\",\"url\":\"https:\\\/\\\/blog.erm.ee\\\/?p=536\",\"name\":\"K\u00fcmme k\u00fcsimust uue maja kohta - Eesti Rahva Muuseumi ajaveeb\",\"isPartOf\":{\"@id\":\"https:\\\/\\\/blog.erm.ee\\\/#website\"},\"primaryImageOfPage\":{\"@id\":\"https:\\\/\\\/blog.erm.ee\\\/?p=536#primaryimage\"},\"image\":{\"@id\":\"https:\\\/\\\/blog.erm.ee\\\/?p=536#primaryimage\"},\"thumbnailUrl\":\"https:\\\/\\\/blog.erm.ee\\\/wp-content\\\/uploads\\\/2012\\\/08\\\/IMG_8533.jpg\",\"datePublished\":\"2012-08-15T08:51:47+00:00\",\"dateModified\":\"2013-10-07T15:00:37+00:00\",\"author\":{\"@id\":\"https:\\\/\\\/blog.erm.ee\\\/#\\\/schema\\\/person\\\/6e98c391cb00a33e7c22a3571e062114\"},\"breadcrumb\":{\"@id\":\"https:\\\/\\\/blog.erm.ee\\\/?p=536#breadcrumb\"},\"inLanguage\":\"et\",\"potentialAction\":[{\"@type\":\"ReadAction\",\"target\":[\"https:\\\/\\\/blog.erm.ee\\\/?p=536\"]}]},{\"@type\":\"ImageObject\",\"inLanguage\":\"et\",\"@id\":\"https:\\\/\\\/blog.erm.ee\\\/?p=536#primaryimage\",\"url\":\"https:\\\/\\\/blog.erm.ee\\\/wp-content\\\/uploads\\\/2012\\\/08\\\/IMG_8533.jpg\",\"contentUrl\":\"https:\\\/\\\/blog.erm.ee\\\/wp-content\\\/uploads\\\/2012\\\/08\\\/IMG_8533.jpg\",\"width\":1600,\"height\":1067},{\"@type\":\"BreadcrumbList\",\"@id\":\"https:\\\/\\\/blog.erm.ee\\\/?p=536#breadcrumb\",\"itemListElement\":[{\"@type\":\"ListItem\",\"position\":1,\"name\":\"Home\",\"item\":\"https:\\\/\\\/blog.erm.ee\\\/\"},{\"@type\":\"ListItem\",\"position\":2,\"name\":\"K\u00fcmme k\u00fcsimust uue maja kohta\"}]},{\"@type\":\"WebSite\",\"@id\":\"https:\\\/\\\/blog.erm.ee\\\/#website\",\"url\":\"https:\\\/\\\/blog.erm.ee\\\/\",\"name\":\"Eesti Rahva Muuseumi ajaveeb\",\"description\":\"\",\"potentialAction\":[{\"@type\":\"SearchAction\",\"target\":{\"@type\":\"EntryPoint\",\"urlTemplate\":\"https:\\\/\\\/blog.erm.ee\\\/?s={search_term_string}\"},\"query-input\":{\"@type\":\"PropertyValueSpecification\",\"valueRequired\":true,\"valueName\":\"search_term_string\"}}],\"inLanguage\":\"et\"},{\"@type\":\"Person\",\"@id\":\"https:\\\/\\\/blog.erm.ee\\\/#\\\/schema\\\/person\\\/6e98c391cb00a33e7c22a3571e062114\",\"name\":\"Eesti Rahva Muuseum\",\"image\":{\"@type\":\"ImageObject\",\"inLanguage\":\"et\",\"@id\":\"https:\\\/\\\/secure.gravatar.com\\\/avatar\\\/cb6d9ad5fb49f3f7315028ce5fe60641075f2cb52b8a058ff5a985fa2d8c1da0?s=96&d=mm&r=g\",\"url\":\"https:\\\/\\\/secure.gravatar.com\\\/avatar\\\/cb6d9ad5fb49f3f7315028ce5fe60641075f2cb52b8a058ff5a985fa2d8c1da0?s=96&d=mm&r=g\",\"contentUrl\":\"https:\\\/\\\/secure.gravatar.com\\\/avatar\\\/cb6d9ad5fb49f3f7315028ce5fe60641075f2cb52b8a058ff5a985fa2d8c1da0?s=96&d=mm&r=g\",\"caption\":\"Eesti Rahva Muuseum\"},\"sameAs\":[\"http:\\\/\\\/www.erm.ee\"],\"url\":\"https:\\\/\\\/blog.erm.ee\\\/?author=1\"}]}<\/script>\n<!-- \/ Yoast SEO plugin. -->","yoast_head_json":{"title":"K\u00fcmme k\u00fcsimust uue maja kohta - Eesti Rahva Muuseumi ajaveeb","robots":{"index":"index","follow":"follow","max-snippet":"max-snippet:-1","max-image-preview":"max-image-preview:large","max-video-preview":"max-video-preview:-1"},"canonical":"https:\/\/blog.erm.ee\/?p=536","og_locale":"et_EE","og_type":"article","og_title":"K\u00fcmme k\u00fcsimust uue maja kohta - Eesti Rahva Muuseumi ajaveeb","og_description":"Viljar Pohhomov on inimene, kelle t\u00f6\u00f6 on otseselt seotud Eesti Rahva Muuseumi uue maja ehitusega. Seet\u00f5ttu k\u00fcsis blogi toimetus oma tuttavatelt, mida nad uue maja kohta teada tahaksid, valis v\u00e4lja k\u00fcmme enim Viljari t\u00f6\u00f6ga haakuvat k\u00fcsimust ning palus tal vastata. 1.\u00a0\u00a0 \u00a0Miks on Tartule ja Eestile ERMi uut maja vaja? Vastus oleks isiklik. Mul on&hellip;","og_url":"https:\/\/blog.erm.ee\/?p=536","og_site_name":"Eesti Rahva Muuseumi ajaveeb","article_published_time":"2012-08-15T08:51:47+00:00","article_modified_time":"2013-10-07T15:00:37+00:00","og_image":[{"width":1600,"height":1067,"url":"https:\/\/blog.erm.ee\/wp-content\/uploads\/2012\/08\/IMG_8533.jpg","type":"image\/jpeg"}],"author":"Eesti Rahva Muuseum","twitter_card":"summary_large_image","twitter_misc":{"Written by":"Eesti Rahva Muuseum","Est. reading time":"4 minutit"},"schema":{"@context":"https:\/\/schema.org","@graph":[{"@type":"Article","@id":"https:\/\/blog.erm.ee\/?p=536#article","isPartOf":{"@id":"https:\/\/blog.erm.ee\/?p=536"},"author":{"name":"Eesti Rahva Muuseum","@id":"https:\/\/blog.erm.ee\/#\/schema\/person\/6e98c391cb00a33e7c22a3571e062114"},"headline":"K\u00fcmme k\u00fcsimust uue maja kohta","datePublished":"2012-08-15T08:51:47+00:00","dateModified":"2013-10-07T15:00:37+00:00","mainEntityOfPage":{"@id":"https:\/\/blog.erm.ee\/?p=536"},"wordCount":883,"commentCount":0,"image":{"@id":"https:\/\/blog.erm.ee\/?p=536#primaryimage"},"thumbnailUrl":"https:\/\/blog.erm.ee\/wp-content\/uploads\/2012\/08\/IMG_8533.jpg","articleSection":["Uus maja"],"inLanguage":"et","potentialAction":[{"@type":"CommentAction","name":"Comment","target":["https:\/\/blog.erm.ee\/?p=536#respond"]}]},{"@type":"WebPage","@id":"https:\/\/blog.erm.ee\/?p=536","url":"https:\/\/blog.erm.ee\/?p=536","name":"K\u00fcmme k\u00fcsimust uue maja kohta - Eesti Rahva Muuseumi ajaveeb","isPartOf":{"@id":"https:\/\/blog.erm.ee\/#website"},"primaryImageOfPage":{"@id":"https:\/\/blog.erm.ee\/?p=536#primaryimage"},"image":{"@id":"https:\/\/blog.erm.ee\/?p=536#primaryimage"},"thumbnailUrl":"https:\/\/blog.erm.ee\/wp-content\/uploads\/2012\/08\/IMG_8533.jpg","datePublished":"2012-08-15T08:51:47+00:00","dateModified":"2013-10-07T15:00:37+00:00","author":{"@id":"https:\/\/blog.erm.ee\/#\/schema\/person\/6e98c391cb00a33e7c22a3571e062114"},"breadcrumb":{"@id":"https:\/\/blog.erm.ee\/?p=536#breadcrumb"},"inLanguage":"et","potentialAction":[{"@type":"ReadAction","target":["https:\/\/blog.erm.ee\/?p=536"]}]},{"@type":"ImageObject","inLanguage":"et","@id":"https:\/\/blog.erm.ee\/?p=536#primaryimage","url":"https:\/\/blog.erm.ee\/wp-content\/uploads\/2012\/08\/IMG_8533.jpg","contentUrl":"https:\/\/blog.erm.ee\/wp-content\/uploads\/2012\/08\/IMG_8533.jpg","width":1600,"height":1067},{"@type":"BreadcrumbList","@id":"https:\/\/blog.erm.ee\/?p=536#breadcrumb","itemListElement":[{"@type":"ListItem","position":1,"name":"Home","item":"https:\/\/blog.erm.ee\/"},{"@type":"ListItem","position":2,"name":"K\u00fcmme k\u00fcsimust uue maja kohta"}]},{"@type":"WebSite","@id":"https:\/\/blog.erm.ee\/#website","url":"https:\/\/blog.erm.ee\/","name":"Eesti Rahva Muuseumi ajaveeb","description":"","potentialAction":[{"@type":"SearchAction","target":{"@type":"EntryPoint","urlTemplate":"https:\/\/blog.erm.ee\/?s={search_term_string}"},"query-input":{"@type":"PropertyValueSpecification","valueRequired":true,"valueName":"search_term_string"}}],"inLanguage":"et"},{"@type":"Person","@id":"https:\/\/blog.erm.ee\/#\/schema\/person\/6e98c391cb00a33e7c22a3571e062114","name":"Eesti Rahva Muuseum","image":{"@type":"ImageObject","inLanguage":"et","@id":"https:\/\/secure.gravatar.com\/avatar\/cb6d9ad5fb49f3f7315028ce5fe60641075f2cb52b8a058ff5a985fa2d8c1da0?s=96&d=mm&r=g","url":"https:\/\/secure.gravatar.com\/avatar\/cb6d9ad5fb49f3f7315028ce5fe60641075f2cb52b8a058ff5a985fa2d8c1da0?s=96&d=mm&r=g","contentUrl":"https:\/\/secure.gravatar.com\/avatar\/cb6d9ad5fb49f3f7315028ce5fe60641075f2cb52b8a058ff5a985fa2d8c1da0?s=96&d=mm&r=g","caption":"Eesti Rahva Muuseum"},"sameAs":["http:\/\/www.erm.ee"],"url":"https:\/\/blog.erm.ee\/?author=1"}]}},"jetpack_featured_media_url":"https:\/\/blog.erm.ee\/wp-content\/uploads\/2012\/08\/IMG_8533.jpg","jetpack_shortlink":"https:\/\/wp.me\/p2l9Zd-8E","jetpack_sharing_enabled":true,"jetpack_likes_enabled":true,"_links":{"self":[{"href":"https:\/\/blog.erm.ee\/index.php?rest_route=\/wp\/v2\/posts\/536","targetHints":{"allow":["GET"]}}],"collection":[{"href":"https:\/\/blog.erm.ee\/index.php?rest_route=\/wp\/v2\/posts"}],"about":[{"href":"https:\/\/blog.erm.ee\/index.php?rest_route=\/wp\/v2\/types\/post"}],"author":[{"embeddable":true,"href":"https:\/\/blog.erm.ee\/index.php?rest_route=\/wp\/v2\/users\/1"}],"replies":[{"embeddable":true,"href":"https:\/\/blog.erm.ee\/index.php?rest_route=%2Fwp%2Fv2%2Fcomments&post=536"}],"version-history":[{"count":3,"href":"https:\/\/blog.erm.ee\/index.php?rest_route=\/wp\/v2\/posts\/536\/revisions"}],"predecessor-version":[{"id":3280,"href":"https:\/\/blog.erm.ee\/index.php?rest_route=\/wp\/v2\/posts\/536\/revisions\/3280"}],"wp:featuredmedia":[{"embeddable":true,"href":"https:\/\/blog.erm.ee\/index.php?rest_route=\/wp\/v2\/media\/537"}],"wp:attachment":[{"href":"https:\/\/blog.erm.ee\/index.php?rest_route=%2Fwp%2Fv2%2Fmedia&parent=536"}],"wp:term":[{"taxonomy":"category","embeddable":true,"href":"https:\/\/blog.erm.ee\/index.php?rest_route=%2Fwp%2Fv2%2Fcategories&post=536"},{"taxonomy":"post_tag","embeddable":true,"href":"https:\/\/blog.erm.ee\/index.php?rest_route=%2Fwp%2Fv2%2Ftags&post=536"}],"curies":[{"name":"wp","href":"https:\/\/api.w.org\/{rel}","templated":true}]}}