{"id":5315,"date":"2014-10-02T07:39:07","date_gmt":"2014-10-02T05:39:07","guid":{"rendered":"http:\/\/blog.erm.ee\/?p=5315"},"modified":"2014-10-02T08:21:52","modified_gmt":"2014-10-02T06:21:52","slug":"kuu-foto-nr-10-ehk-38-aastat-tagasi-oktoobris","status":"publish","type":"post","link":"https:\/\/blog.erm.ee\/?p=5315","title":{"rendered":"Kuu foto nr 10 ehk 38 aastat tagasi oktoobris"},"content":{"rendered":"<div class=\"fcbkbttn_buttons_block\" id=\"fcbkbttn_left\"><div class=\"fcbkbttn_like \"><fb:like href=\"https:\/\/blog.erm.ee\/?p=5315\" action=\"like\" colorscheme=\"light\" layout=\"standard\"  width=\"225px\" size=\"small\"><\/fb:like><\/div><div class=\"fb-share-button  \" data-href=\"https:\/\/blog.erm.ee\/?p=5315\" data-type=\"button\" data-size=\"small\"><\/div><\/div><p><em>Kristi \u00dctt, digitaal- ja eriarhiivi hoiuhaldur<\/em><\/p>\n<p><a href=\"https:\/\/blog.erm.ee\/wp-content\/uploads\/2014\/09\/1797_287.jpg\"><img loading=\"lazy\" decoding=\"async\" data-attachment-id=\"5321\" data-permalink=\"https:\/\/blog.erm.ee\/?attachment_id=5321#main\" data-orig-file=\"https:\/\/blog.erm.ee\/wp-content\/uploads\/2014\/09\/1797_287.jpg\" data-orig-size=\"834,1200\" data-comments-opened=\"1\" data-image-meta=\"{&quot;aperture&quot;:&quot;0&quot;,&quot;credit&quot;:&quot;&quot;,&quot;camera&quot;:&quot;&quot;,&quot;caption&quot;:&quot;&quot;,&quot;created_timestamp&quot;:&quot;1412154862&quot;,&quot;copyright&quot;:&quot;&quot;,&quot;focal_length&quot;:&quot;0&quot;,&quot;iso&quot;:&quot;0&quot;,&quot;shutter_speed&quot;:&quot;0&quot;,&quot;title&quot;:&quot;&quot;,&quot;orientation&quot;:&quot;0&quot;}\" data-image-title=\"1797_287\" data-image-description=\"\" data-image-caption=\"\" data-large-file=\"https:\/\/blog.erm.ee\/wp-content\/uploads\/2014\/09\/1797_287-711x1024.jpg\" class=\"alignnone size-large wp-image-5321\" src=\"https:\/\/blog.erm.ee\/wp-content\/uploads\/2014\/09\/1797_287-711x1024.jpg\" alt=\"1797_287\" width=\"700\" height=\"1008\" srcset=\"https:\/\/blog.erm.ee\/wp-content\/uploads\/2014\/09\/1797_287-711x1024.jpg 711w, https:\/\/blog.erm.ee\/wp-content\/uploads\/2014\/09\/1797_287-180x260.jpg 180w, https:\/\/blog.erm.ee\/wp-content\/uploads\/2014\/09\/1797_287-208x300.jpg 208w, https:\/\/blog.erm.ee\/wp-content\/uploads\/2014\/09\/1797_287.jpg 834w\" sizes=\"auto, (max-width: 700px) 100vw, 700px\" \/><\/a><\/p>\n<p><em>ERM Fk 1797:287 TR\u00dc ajaloo osakonna esmakursuslaste \u00f5htu oktoobris 1976. Esmakursuslane tuuakse kahe l\u00f5pukursuse tudengi vahel \u201ek\u00f5rge kohtu\u201c ette.<\/em><\/p>\n<p><a href=\"https:\/\/blog.erm.ee\/wp-content\/uploads\/2014\/09\/1797_286.jpg\"><img loading=\"lazy\" decoding=\"async\" data-attachment-id=\"5320\" data-permalink=\"https:\/\/blog.erm.ee\/?attachment_id=5320#main\" data-orig-file=\"https:\/\/blog.erm.ee\/wp-content\/uploads\/2014\/09\/1797_286.jpg\" data-orig-size=\"841,1200\" data-comments-opened=\"1\" data-image-meta=\"{&quot;aperture&quot;:&quot;0&quot;,&quot;credit&quot;:&quot;&quot;,&quot;camera&quot;:&quot;&quot;,&quot;caption&quot;:&quot;&quot;,&quot;created_timestamp&quot;:&quot;1412154896&quot;,&quot;copyright&quot;:&quot;&quot;,&quot;focal_length&quot;:&quot;0&quot;,&quot;iso&quot;:&quot;0&quot;,&quot;shutter_speed&quot;:&quot;0&quot;,&quot;title&quot;:&quot;&quot;,&quot;orientation&quot;:&quot;0&quot;}\" data-image-title=\"1797_286\" data-image-description=\"\" data-image-caption=\"\" data-large-file=\"https:\/\/blog.erm.ee\/wp-content\/uploads\/2014\/09\/1797_286-717x1024.jpg\" class=\"alignnone size-large wp-image-5320\" src=\"https:\/\/blog.erm.ee\/wp-content\/uploads\/2014\/09\/1797_286-717x1024.jpg\" alt=\"1797_286\" width=\"700\" height=\"999\" srcset=\"https:\/\/blog.erm.ee\/wp-content\/uploads\/2014\/09\/1797_286-717x1024.jpg 717w, https:\/\/blog.erm.ee\/wp-content\/uploads\/2014\/09\/1797_286-182x260.jpg 182w, https:\/\/blog.erm.ee\/wp-content\/uploads\/2014\/09\/1797_286-210x300.jpg 210w, https:\/\/blog.erm.ee\/wp-content\/uploads\/2014\/09\/1797_286.jpg 841w\" sizes=\"auto, (max-width: 700px) 100vw, 700px\" \/><\/a><\/p>\n<p><em>ERM Fk 1797:288 V kursuse tudengite \u201ek\u00f5rge kohus\u201c l\u00f6\u00f6b vaimukuseproovi l\u00e4bi teinud esmakursuslase \u00fclikooli vana kohviku kaminasaalis \u00fcli\u00f5pilaseks.<\/em><\/p>\n<p><a href=\"https:\/\/blog.erm.ee\/wp-content\/uploads\/2014\/09\/1797_289.jpg\"><img loading=\"lazy\" decoding=\"async\" data-attachment-id=\"5322\" data-permalink=\"https:\/\/blog.erm.ee\/?attachment_id=5322#main\" data-orig-file=\"https:\/\/blog.erm.ee\/wp-content\/uploads\/2014\/09\/1797_289.jpg\" data-orig-size=\"1200,826\" data-comments-opened=\"1\" data-image-meta=\"{&quot;aperture&quot;:&quot;0&quot;,&quot;credit&quot;:&quot;&quot;,&quot;camera&quot;:&quot;&quot;,&quot;caption&quot;:&quot;&quot;,&quot;created_timestamp&quot;:&quot;1412154875&quot;,&quot;copyright&quot;:&quot;&quot;,&quot;focal_length&quot;:&quot;0&quot;,&quot;iso&quot;:&quot;0&quot;,&quot;shutter_speed&quot;:&quot;0&quot;,&quot;title&quot;:&quot;&quot;,&quot;orientation&quot;:&quot;0&quot;}\" data-image-title=\"1797_289\" data-image-description=\"\" data-image-caption=\"\" data-large-file=\"https:\/\/blog.erm.ee\/wp-content\/uploads\/2014\/09\/1797_289-1024x704.jpg\" class=\"alignnone size-large wp-image-5322\" src=\"https:\/\/blog.erm.ee\/wp-content\/uploads\/2014\/09\/1797_289-1024x704.jpg\" alt=\"1797_289\" width=\"700\" height=\"481\" srcset=\"https:\/\/blog.erm.ee\/wp-content\/uploads\/2014\/09\/1797_289-1024x704.jpg 1024w, https:\/\/blog.erm.ee\/wp-content\/uploads\/2014\/09\/1797_289-377x260.jpg 377w, https:\/\/blog.erm.ee\/wp-content\/uploads\/2014\/09\/1797_289-300x206.jpg 300w, https:\/\/blog.erm.ee\/wp-content\/uploads\/2014\/09\/1797_289.jpg 1200w\" sizes=\"auto, (max-width: 700px) 100vw, 700px\" \/><\/a><\/p>\n<p><em>ERM Fk 1797:289 \u201eK\u00f5rge kohus\u201c esitab esmakursuslasele konksuga k\u00fcsimusi.<\/em><\/p>\n<p><a href=\"https:\/\/blog.erm.ee\/wp-content\/uploads\/2014\/10\/1797_290.jpg\"><img loading=\"lazy\" decoding=\"async\" data-attachment-id=\"5323\" data-permalink=\"https:\/\/blog.erm.ee\/?attachment_id=5323#main\" data-orig-file=\"https:\/\/blog.erm.ee\/wp-content\/uploads\/2014\/10\/1797_290.jpg\" data-orig-size=\"1200,846\" data-comments-opened=\"1\" data-image-meta=\"{&quot;aperture&quot;:&quot;0&quot;,&quot;credit&quot;:&quot;&quot;,&quot;camera&quot;:&quot;&quot;,&quot;caption&quot;:&quot;&quot;,&quot;created_timestamp&quot;:&quot;1412154884&quot;,&quot;copyright&quot;:&quot;&quot;,&quot;focal_length&quot;:&quot;0&quot;,&quot;iso&quot;:&quot;0&quot;,&quot;shutter_speed&quot;:&quot;0&quot;,&quot;title&quot;:&quot;&quot;,&quot;orientation&quot;:&quot;0&quot;}\" data-image-title=\"1797_290\" data-image-description=\"\" data-image-caption=\"\" data-large-file=\"https:\/\/blog.erm.ee\/wp-content\/uploads\/2014\/10\/1797_290-1024x721.jpg\" class=\"alignnone size-large wp-image-5323\" src=\"https:\/\/blog.erm.ee\/wp-content\/uploads\/2014\/10\/1797_290-1024x721.jpg\" alt=\"1797_290\" width=\"700\" height=\"492\" srcset=\"https:\/\/blog.erm.ee\/wp-content\/uploads\/2014\/10\/1797_290-1024x721.jpg 1024w, https:\/\/blog.erm.ee\/wp-content\/uploads\/2014\/10\/1797_290-368x260.jpg 368w, https:\/\/blog.erm.ee\/wp-content\/uploads\/2014\/10\/1797_290-300x211.jpg 300w\" sizes=\"auto, (max-width: 700px) 100vw, 700px\" \/><\/a><\/p>\n<p><em>ERM Fk 1797:290 Ajaloo V kursuse esindus loeb ette I kursusele m\u00e4\u00e4ratud l\u00e4kituse \u00fcli\u00f5pilaseks l\u00f6\u00f6mise \u00f5htul.<\/em><\/p>\n<p><em>Fotod: Ain M\u00e4esalu, 1976.<\/em><\/p>\n<div class=\"fcbkbttn_buttons_block\" id=\"fcbkbttn_left\"><div class=\"fcbkbttn_like \"><fb:like href=\"https:\/\/blog.erm.ee\/?p=5315\" action=\"like\" colorscheme=\"light\" layout=\"standard\"  width=\"225px\" size=\"small\"><\/fb:like><\/div><div class=\"fb-share-button  \" data-href=\"https:\/\/blog.erm.ee\/?p=5315\" data-type=\"button\" data-size=\"small\"><\/div><\/div>","protected":false},"excerpt":{"rendered":"<p>Kristi \u00dctt, digitaal- ja eriarhiivi hoiuhaldur ERM Fk 1797:287 TR\u00dc ajaloo osakonna esmakursuslaste \u00f5htu oktoobris 1976. Esmakursuslane tuuakse kahe l\u00f5pukursuse tudengi vahel \u201ek\u00f5rge kohtu\u201c ette. ERM Fk 1797:288 V kursuse tudengite \u201ek\u00f5rge kohus\u201c l\u00f6\u00f6b vaimukuseproovi l\u00e4bi teinud esmakursuslase \u00fclikooli vana kohviku kaminasaalis \u00fcli\u00f5pilaseks. ERM Fk 1797:289 \u201eK\u00f5rge kohus\u201c esitab esmakursuslasele konksuga k\u00fcsimusi. ERM Fk 1797:290&hellip;<\/p>\n","protected":false},"author":1,"featured_media":5323,"comment_status":"open","ping_status":"open","sticky":false,"template":"","format":"standard","meta":{"_monsterinsights_skip_tracking":false,"_monsterinsights_sitenote_active":false,"_monsterinsights_sitenote_note":"","_monsterinsights_sitenote_category":0,"jetpack_post_was_ever_published":false,"_jetpack_newsletter_access":"","_jetpack_dont_email_post_to_subs":false,"_jetpack_newsletter_tier_id":0,"_jetpack_memberships_contains_paywalled_content":false,"_jetpack_memberships_contains_paid_content":false,"footnotes":""},"categories":[6],"tags":[],"class_list":["post-5315","post","type-post","status-publish","format-standard","has-post-thumbnail","hentry","category-foto"],"yoast_head":"<!-- This site is optimized with the Yoast SEO plugin v27.5 - https:\/\/yoast.com\/product\/yoast-seo-wordpress\/ -->\n<title>Kuu foto nr 10 ehk 38 aastat tagasi oktoobris - Eesti Rahva Muuseumi ajaveeb<\/title>\n<meta name=\"robots\" content=\"index, follow, max-snippet:-1, max-image-preview:large, max-video-preview:-1\" \/>\n<link rel=\"canonical\" href=\"https:\/\/blog.erm.ee\/?p=5315\" \/>\n<meta property=\"og:locale\" content=\"et_EE\" \/>\n<meta property=\"og:type\" content=\"article\" \/>\n<meta property=\"og:title\" content=\"Kuu foto nr 10 ehk 38 aastat tagasi oktoobris - Eesti Rahva Muuseumi ajaveeb\" \/>\n<meta property=\"og:description\" content=\"Kristi \u00dctt, digitaal- ja eriarhiivi hoiuhaldur ERM Fk 1797:287 TR\u00dc ajaloo osakonna esmakursuslaste \u00f5htu oktoobris 1976. Esmakursuslane tuuakse kahe l\u00f5pukursuse tudengi vahel \u201ek\u00f5rge kohtu\u201c ette. ERM Fk 1797:288 V kursuse tudengite \u201ek\u00f5rge kohus\u201c l\u00f6\u00f6b vaimukuseproovi l\u00e4bi teinud esmakursuslase \u00fclikooli vana kohviku kaminasaalis \u00fcli\u00f5pilaseks. ERM Fk 1797:289 \u201eK\u00f5rge kohus\u201c esitab esmakursuslasele konksuga k\u00fcsimusi. ERM Fk 1797:290&hellip;\" \/>\n<meta property=\"og:url\" content=\"https:\/\/blog.erm.ee\/?p=5315\" \/>\n<meta property=\"og:site_name\" content=\"Eesti Rahva Muuseumi ajaveeb\" \/>\n<meta property=\"article:published_time\" content=\"2014-10-02T05:39:07+00:00\" \/>\n<meta property=\"article:modified_time\" content=\"2014-10-02T06:21:52+00:00\" \/>\n<meta property=\"og:image\" content=\"https:\/\/blog.erm.ee\/wp-content\/uploads\/2014\/10\/1797_290.jpg\" \/>\n\t<meta property=\"og:image:width\" content=\"1200\" \/>\n\t<meta property=\"og:image:height\" content=\"846\" \/>\n\t<meta property=\"og:image:type\" content=\"image\/jpeg\" \/>\n<meta name=\"author\" content=\"Eesti Rahva Muuseum\" \/>\n<meta name=\"twitter:card\" content=\"summary_large_image\" \/>\n<meta name=\"twitter:label1\" content=\"Written by\" \/>\n\t<meta name=\"twitter:data1\" content=\"Eesti Rahva Muuseum\" \/>\n<script type=\"application\/ld+json\" class=\"yoast-schema-graph\">{\"@context\":\"https:\\\/\\\/schema.org\",\"@graph\":[{\"@type\":\"Article\",\"@id\":\"https:\\\/\\\/blog.erm.ee\\\/?p=5315#article\",\"isPartOf\":{\"@id\":\"https:\\\/\\\/blog.erm.ee\\\/?p=5315\"},\"author\":{\"name\":\"Eesti Rahva Muuseum\",\"@id\":\"https:\\\/\\\/blog.erm.ee\\\/#\\\/schema\\\/person\\\/6e98c391cb00a33e7c22a3571e062114\"},\"headline\":\"Kuu foto nr 10 ehk 38 aastat tagasi oktoobris\",\"datePublished\":\"2014-10-02T05:39:07+00:00\",\"dateModified\":\"2014-10-02T06:21:52+00:00\",\"mainEntityOfPage\":{\"@id\":\"https:\\\/\\\/blog.erm.ee\\\/?p=5315\"},\"wordCount\":86,\"commentCount\":0,\"image\":{\"@id\":\"https:\\\/\\\/blog.erm.ee\\\/?p=5315#primaryimage\"},\"thumbnailUrl\":\"https:\\\/\\\/blog.erm.ee\\\/wp-content\\\/uploads\\\/2014\\\/10\\\/1797_290.jpg\",\"articleSection\":[\"Foto\"],\"inLanguage\":\"et\",\"potentialAction\":[{\"@type\":\"CommentAction\",\"name\":\"Comment\",\"target\":[\"https:\\\/\\\/blog.erm.ee\\\/?p=5315#respond\"]}]},{\"@type\":\"WebPage\",\"@id\":\"https:\\\/\\\/blog.erm.ee\\\/?p=5315\",\"url\":\"https:\\\/\\\/blog.erm.ee\\\/?p=5315\",\"name\":\"Kuu foto nr 10 ehk 38 aastat tagasi oktoobris - Eesti Rahva Muuseumi ajaveeb\",\"isPartOf\":{\"@id\":\"https:\\\/\\\/blog.erm.ee\\\/#website\"},\"primaryImageOfPage\":{\"@id\":\"https:\\\/\\\/blog.erm.ee\\\/?p=5315#primaryimage\"},\"image\":{\"@id\":\"https:\\\/\\\/blog.erm.ee\\\/?p=5315#primaryimage\"},\"thumbnailUrl\":\"https:\\\/\\\/blog.erm.ee\\\/wp-content\\\/uploads\\\/2014\\\/10\\\/1797_290.jpg\",\"datePublished\":\"2014-10-02T05:39:07+00:00\",\"dateModified\":\"2014-10-02T06:21:52+00:00\",\"author\":{\"@id\":\"https:\\\/\\\/blog.erm.ee\\\/#\\\/schema\\\/person\\\/6e98c391cb00a33e7c22a3571e062114\"},\"breadcrumb\":{\"@id\":\"https:\\\/\\\/blog.erm.ee\\\/?p=5315#breadcrumb\"},\"inLanguage\":\"et\",\"potentialAction\":[{\"@type\":\"ReadAction\",\"target\":[\"https:\\\/\\\/blog.erm.ee\\\/?p=5315\"]}]},{\"@type\":\"ImageObject\",\"inLanguage\":\"et\",\"@id\":\"https:\\\/\\\/blog.erm.ee\\\/?p=5315#primaryimage\",\"url\":\"https:\\\/\\\/blog.erm.ee\\\/wp-content\\\/uploads\\\/2014\\\/10\\\/1797_290.jpg\",\"contentUrl\":\"https:\\\/\\\/blog.erm.ee\\\/wp-content\\\/uploads\\\/2014\\\/10\\\/1797_290.jpg\",\"width\":1200,\"height\":846},{\"@type\":\"BreadcrumbList\",\"@id\":\"https:\\\/\\\/blog.erm.ee\\\/?p=5315#breadcrumb\",\"itemListElement\":[{\"@type\":\"ListItem\",\"position\":1,\"name\":\"Home\",\"item\":\"https:\\\/\\\/blog.erm.ee\\\/\"},{\"@type\":\"ListItem\",\"position\":2,\"name\":\"Kuu foto nr 10 ehk 38 aastat tagasi oktoobris\"}]},{\"@type\":\"WebSite\",\"@id\":\"https:\\\/\\\/blog.erm.ee\\\/#website\",\"url\":\"https:\\\/\\\/blog.erm.ee\\\/\",\"name\":\"Eesti Rahva Muuseumi ajaveeb\",\"description\":\"\",\"potentialAction\":[{\"@type\":\"SearchAction\",\"target\":{\"@type\":\"EntryPoint\",\"urlTemplate\":\"https:\\\/\\\/blog.erm.ee\\\/?s={search_term_string}\"},\"query-input\":{\"@type\":\"PropertyValueSpecification\",\"valueRequired\":true,\"valueName\":\"search_term_string\"}}],\"inLanguage\":\"et\"},{\"@type\":\"Person\",\"@id\":\"https:\\\/\\\/blog.erm.ee\\\/#\\\/schema\\\/person\\\/6e98c391cb00a33e7c22a3571e062114\",\"name\":\"Eesti Rahva Muuseum\",\"image\":{\"@type\":\"ImageObject\",\"inLanguage\":\"et\",\"@id\":\"https:\\\/\\\/secure.gravatar.com\\\/avatar\\\/cb6d9ad5fb49f3f7315028ce5fe60641075f2cb52b8a058ff5a985fa2d8c1da0?s=96&d=mm&r=g\",\"url\":\"https:\\\/\\\/secure.gravatar.com\\\/avatar\\\/cb6d9ad5fb49f3f7315028ce5fe60641075f2cb52b8a058ff5a985fa2d8c1da0?s=96&d=mm&r=g\",\"contentUrl\":\"https:\\\/\\\/secure.gravatar.com\\\/avatar\\\/cb6d9ad5fb49f3f7315028ce5fe60641075f2cb52b8a058ff5a985fa2d8c1da0?s=96&d=mm&r=g\",\"caption\":\"Eesti Rahva Muuseum\"},\"sameAs\":[\"http:\\\/\\\/www.erm.ee\"],\"url\":\"https:\\\/\\\/blog.erm.ee\\\/?author=1\"}]}<\/script>\n<!-- \/ Yoast SEO plugin. -->","yoast_head_json":{"title":"Kuu foto nr 10 ehk 38 aastat tagasi oktoobris - Eesti Rahva Muuseumi ajaveeb","robots":{"index":"index","follow":"follow","max-snippet":"max-snippet:-1","max-image-preview":"max-image-preview:large","max-video-preview":"max-video-preview:-1"},"canonical":"https:\/\/blog.erm.ee\/?p=5315","og_locale":"et_EE","og_type":"article","og_title":"Kuu foto nr 10 ehk 38 aastat tagasi oktoobris - Eesti Rahva Muuseumi ajaveeb","og_description":"Kristi \u00dctt, digitaal- ja eriarhiivi hoiuhaldur ERM Fk 1797:287 TR\u00dc ajaloo osakonna esmakursuslaste \u00f5htu oktoobris 1976. Esmakursuslane tuuakse kahe l\u00f5pukursuse tudengi vahel \u201ek\u00f5rge kohtu\u201c ette. ERM Fk 1797:288 V kursuse tudengite \u201ek\u00f5rge kohus\u201c l\u00f6\u00f6b vaimukuseproovi l\u00e4bi teinud esmakursuslase \u00fclikooli vana kohviku kaminasaalis \u00fcli\u00f5pilaseks. ERM Fk 1797:289 \u201eK\u00f5rge kohus\u201c esitab esmakursuslasele konksuga k\u00fcsimusi. ERM Fk 1797:290&hellip;","og_url":"https:\/\/blog.erm.ee\/?p=5315","og_site_name":"Eesti Rahva Muuseumi ajaveeb","article_published_time":"2014-10-02T05:39:07+00:00","article_modified_time":"2014-10-02T06:21:52+00:00","og_image":[{"width":1200,"height":846,"url":"https:\/\/blog.erm.ee\/wp-content\/uploads\/2014\/10\/1797_290.jpg","type":"image\/jpeg"}],"author":"Eesti Rahva Muuseum","twitter_card":"summary_large_image","twitter_misc":{"Written by":"Eesti Rahva Muuseum"},"schema":{"@context":"https:\/\/schema.org","@graph":[{"@type":"Article","@id":"https:\/\/blog.erm.ee\/?p=5315#article","isPartOf":{"@id":"https:\/\/blog.erm.ee\/?p=5315"},"author":{"name":"Eesti Rahva Muuseum","@id":"https:\/\/blog.erm.ee\/#\/schema\/person\/6e98c391cb00a33e7c22a3571e062114"},"headline":"Kuu foto nr 10 ehk 38 aastat tagasi oktoobris","datePublished":"2014-10-02T05:39:07+00:00","dateModified":"2014-10-02T06:21:52+00:00","mainEntityOfPage":{"@id":"https:\/\/blog.erm.ee\/?p=5315"},"wordCount":86,"commentCount":0,"image":{"@id":"https:\/\/blog.erm.ee\/?p=5315#primaryimage"},"thumbnailUrl":"https:\/\/blog.erm.ee\/wp-content\/uploads\/2014\/10\/1797_290.jpg","articleSection":["Foto"],"inLanguage":"et","potentialAction":[{"@type":"CommentAction","name":"Comment","target":["https:\/\/blog.erm.ee\/?p=5315#respond"]}]},{"@type":"WebPage","@id":"https:\/\/blog.erm.ee\/?p=5315","url":"https:\/\/blog.erm.ee\/?p=5315","name":"Kuu foto nr 10 ehk 38 aastat tagasi oktoobris - Eesti Rahva Muuseumi ajaveeb","isPartOf":{"@id":"https:\/\/blog.erm.ee\/#website"},"primaryImageOfPage":{"@id":"https:\/\/blog.erm.ee\/?p=5315#primaryimage"},"image":{"@id":"https:\/\/blog.erm.ee\/?p=5315#primaryimage"},"thumbnailUrl":"https:\/\/blog.erm.ee\/wp-content\/uploads\/2014\/10\/1797_290.jpg","datePublished":"2014-10-02T05:39:07+00:00","dateModified":"2014-10-02T06:21:52+00:00","author":{"@id":"https:\/\/blog.erm.ee\/#\/schema\/person\/6e98c391cb00a33e7c22a3571e062114"},"breadcrumb":{"@id":"https:\/\/blog.erm.ee\/?p=5315#breadcrumb"},"inLanguage":"et","potentialAction":[{"@type":"ReadAction","target":["https:\/\/blog.erm.ee\/?p=5315"]}]},{"@type":"ImageObject","inLanguage":"et","@id":"https:\/\/blog.erm.ee\/?p=5315#primaryimage","url":"https:\/\/blog.erm.ee\/wp-content\/uploads\/2014\/10\/1797_290.jpg","contentUrl":"https:\/\/blog.erm.ee\/wp-content\/uploads\/2014\/10\/1797_290.jpg","width":1200,"height":846},{"@type":"BreadcrumbList","@id":"https:\/\/blog.erm.ee\/?p=5315#breadcrumb","itemListElement":[{"@type":"ListItem","position":1,"name":"Home","item":"https:\/\/blog.erm.ee\/"},{"@type":"ListItem","position":2,"name":"Kuu foto nr 10 ehk 38 aastat tagasi oktoobris"}]},{"@type":"WebSite","@id":"https:\/\/blog.erm.ee\/#website","url":"https:\/\/blog.erm.ee\/","name":"Eesti Rahva Muuseumi ajaveeb","description":"","potentialAction":[{"@type":"SearchAction","target":{"@type":"EntryPoint","urlTemplate":"https:\/\/blog.erm.ee\/?s={search_term_string}"},"query-input":{"@type":"PropertyValueSpecification","valueRequired":true,"valueName":"search_term_string"}}],"inLanguage":"et"},{"@type":"Person","@id":"https:\/\/blog.erm.ee\/#\/schema\/person\/6e98c391cb00a33e7c22a3571e062114","name":"Eesti Rahva Muuseum","image":{"@type":"ImageObject","inLanguage":"et","@id":"https:\/\/secure.gravatar.com\/avatar\/cb6d9ad5fb49f3f7315028ce5fe60641075f2cb52b8a058ff5a985fa2d8c1da0?s=96&d=mm&r=g","url":"https:\/\/secure.gravatar.com\/avatar\/cb6d9ad5fb49f3f7315028ce5fe60641075f2cb52b8a058ff5a985fa2d8c1da0?s=96&d=mm&r=g","contentUrl":"https:\/\/secure.gravatar.com\/avatar\/cb6d9ad5fb49f3f7315028ce5fe60641075f2cb52b8a058ff5a985fa2d8c1da0?s=96&d=mm&r=g","caption":"Eesti Rahva Muuseum"},"sameAs":["http:\/\/www.erm.ee"],"url":"https:\/\/blog.erm.ee\/?author=1"}]}},"jetpack_featured_media_url":"https:\/\/blog.erm.ee\/wp-content\/uploads\/2014\/10\/1797_290.jpg","jetpack_shortlink":"https:\/\/wp.me\/p2l9Zd-1nJ","jetpack_sharing_enabled":true,"jetpack_likes_enabled":true,"_links":{"self":[{"href":"https:\/\/blog.erm.ee\/index.php?rest_route=\/wp\/v2\/posts\/5315","targetHints":{"allow":["GET"]}}],"collection":[{"href":"https:\/\/blog.erm.ee\/index.php?rest_route=\/wp\/v2\/posts"}],"about":[{"href":"https:\/\/blog.erm.ee\/index.php?rest_route=\/wp\/v2\/types\/post"}],"author":[{"embeddable":true,"href":"https:\/\/blog.erm.ee\/index.php?rest_route=\/wp\/v2\/users\/1"}],"replies":[{"embeddable":true,"href":"https:\/\/blog.erm.ee\/index.php?rest_route=%2Fwp%2Fv2%2Fcomments&post=5315"}],"version-history":[{"count":7,"href":"https:\/\/blog.erm.ee\/index.php?rest_route=\/wp\/v2\/posts\/5315\/revisions"}],"predecessor-version":[{"id":5329,"href":"https:\/\/blog.erm.ee\/index.php?rest_route=\/wp\/v2\/posts\/5315\/revisions\/5329"}],"wp:featuredmedia":[{"embeddable":true,"href":"https:\/\/blog.erm.ee\/index.php?rest_route=\/wp\/v2\/media\/5323"}],"wp:attachment":[{"href":"https:\/\/blog.erm.ee\/index.php?rest_route=%2Fwp%2Fv2%2Fmedia&parent=5315"}],"wp:term":[{"taxonomy":"category","embeddable":true,"href":"https:\/\/blog.erm.ee\/index.php?rest_route=%2Fwp%2Fv2%2Fcategories&post=5315"},{"taxonomy":"post_tag","embeddable":true,"href":"https:\/\/blog.erm.ee\/index.php?rest_route=%2Fwp%2Fv2%2Ftags&post=5315"}],"curies":[{"name":"wp","href":"https:\/\/api.w.org\/{rel}","templated":true}]}}