{"id":5299,"date":"2014-09-25T00:11:44","date_gmt":"2014-09-24T22:11:44","guid":{"rendered":"http:\/\/blog.erm.ee\/?p=5299"},"modified":"2014-10-17T10:29:50","modified_gmt":"2014-10-17T08:29:50","slug":"etno-a-la-finno-ougrienne","status":"publish","type":"post","link":"https:\/\/blog.erm.ee\/?p=5299","title":{"rendered":"Etno \u00e0 la finno-ougrienne"},"content":{"rendered":"<div class=\"fcbkbttn_buttons_block\" id=\"fcbkbttn_left\"><div class=\"fcbkbttn_like \"><fb:like href=\"https:\/\/blog.erm.ee\/?p=5299\" action=\"like\" colorscheme=\"light\" layout=\"standard\"  width=\"225px\" size=\"small\"><\/fb:like><\/div><div class=\"fb-share-button  \" data-href=\"https:\/\/blog.erm.ee\/?p=5299\" data-type=\"button\" data-size=\"small\"><\/div><\/div><p><em>Piret Koosa, teadur<\/em><\/p>\n<p>Nii \u00fcksikisikute kui kogukondade edukus t\u00e4nap\u00e4eva maailmas s\u00f5ltub paljuski v\u00f5imest end ning oma erip\u00e4ra n\u00e4htavaks ja meeldej\u00e4\u00e4vaks teha. Ka erinevad soome-ugri maad ja kogukonnad tegelevad aktiivselt kohalike \u201ckaubam\u00e4rkide\u201d otsimise ja arendamisega.<\/p>\n<p>Soome-ugrilikke elemente ja traditsioone kasutatakse \u00fcsna erinevalt: kes otsib neis teadlikult vastukaalu kas l\u00e4\u00e4neliku v\u00f5i vene kultuuri domineerimisele (ka m\u00f5ned venelased ise, kes <em>meinstriimile<\/em> alternatiivi otsivad), kes n\u00e4eb etniliste elementide kasutamises peaasjalikult \u00e4ritegemise v\u00f5imalust, kes leiab soome-ugri maailmas eksootikat pakkuvat meelelahutust. Kahtlemata on kohalikul erip\u00e4ral p\u00f5hinevate toodete ja br\u00e4ndide teadliku loomise oluliseks eesm\u00e4rgiks turisminduse edendamine. Turistide huvi v\u00f5imaldab piirkonna arendamist ning pakub teenistust kohalikele inimestele. Teisalt on tegu ka ideoloogiliste taotlustega v\u00e4\u00e4rtustada ja hoida eluj\u00f5ulisena oma etnilist erip\u00e4ra ning teadvustada soomeugrilaste olemasolu (l\u00e4\u00e4ne)maailmas laiemalt, anda neile seel\u00e4bi koht \u201emaailmakultuuris\u201c \u2013 selles vaimus korraldati m\u00f5ne aasta eest n\u00e4iteks <a href=\"http:\/\/www.fennougria.ee\/index.php?id=21904#.VCFrsBY3kUM\" target=\"_blank\">soome-ugri maailma imede otsimise konkurss<\/a>.<\/p>\n<p>Samaaegselt nii etnilisust v\u00e4ljendavate kui ka piirkonda reklaamivate s\u00fcmbolite seas on lisaks rahvariidemustritele ja karjala petrogl\u00fc\u00fcfidele, millega k\u00f5ikv\u00f5imalikke tarbe- ja suveniiresemeid ilustatakse, oma koht ka n\u00e4iteks rahvuslikel palsamitel, Eurovisioonil esinenud Buranovo memmedel ja isegi Gerard Depardieu\u2019l.<\/p>\n<p>Prantsusmaa k\u00f5rgete maksude eest pagenud Depardieu\u2019le anti Vene kodakondsus ning korter Mordvamaa pealinnas Saranskis, talle pakuti isegi Mordvamaa kultuuriministri kohta&#8230; K\u00fcllap nii m\u00f5nedki inimesed kuulsid mordvalastest esimest korda just seoses selle meedias\u00fcndmusega, mil v\u00e4lismaises ajakirjanduses ilmus ridamisi sellelaadseid pilte:<\/p>\n<p><a href=\"https:\/\/blog.erm.ee\/wp-content\/uploads\/2014\/09\/depardieu.jpg\"><img loading=\"lazy\" decoding=\"async\" data-attachment-id=\"5296\" data-permalink=\"https:\/\/blog.erm.ee\/?attachment_id=5296#main\" data-orig-file=\"https:\/\/blog.erm.ee\/wp-content\/uploads\/2014\/09\/depardieu.jpg\" data-orig-size=\"620,360\" data-comments-opened=\"1\" data-image-meta=\"{&quot;aperture&quot;:&quot;0&quot;,&quot;credit&quot;:&quot;&quot;,&quot;camera&quot;:&quot;&quot;,&quot;caption&quot;:&quot;&quot;,&quot;created_timestamp&quot;:&quot;0&quot;,&quot;copyright&quot;:&quot;&quot;,&quot;focal_length&quot;:&quot;0&quot;,&quot;iso&quot;:&quot;0&quot;,&quot;shutter_speed&quot;:&quot;0&quot;,&quot;title&quot;:&quot;&quot;,&quot;orientation&quot;:&quot;0&quot;}\" data-image-title=\"depardieu\" data-image-description=\"\" data-image-caption=\"\" data-large-file=\"https:\/\/blog.erm.ee\/wp-content\/uploads\/2014\/09\/depardieu.jpg\" class=\"alignnone size-full wp-image-5296\" src=\"https:\/\/blog.erm.ee\/wp-content\/uploads\/2014\/09\/depardieu.jpg\" alt=\"depardieu\" width=\"620\" height=\"360\" srcset=\"https:\/\/blog.erm.ee\/wp-content\/uploads\/2014\/09\/depardieu.jpg 620w, https:\/\/blog.erm.ee\/wp-content\/uploads\/2014\/09\/depardieu-447x260.jpg 447w, https:\/\/blog.erm.ee\/wp-content\/uploads\/2014\/09\/depardieu-300x174.jpg 300w\" sizes=\"auto, (max-width: 620px) 100vw, 620px\" \/><\/a><br \/>\n<em>Foto: Stanislav Krasilnikov. (Allikas: <a href=\"http:\/\/cdn-parismatch.ladmedia.fr\/var\/news\/storage\/images\/media\/images\/depardieu4\/767096-1-fre-FR\/depardieu_inside_full_content_pm_v8.jpg\" target=\"_blank\">http:\/\/cdn-parismatch.ladmedia.fr\/var\/news\/storage\/images\/media\/images\/depardieu4\/767096-1-fre-FR\/depardieu_inside_full_content_pm_v8.jpg<\/a>)<\/em><\/p>\n<p>Traditsiooniliste mustrite, narratiivide ja s\u00fcmbolite kasutamine v\u00f5ib vahel kalduda kit\u0161i ja isegi groteski. Samas on p\u00e4rimuslikule ainesele leitud ka v\u00e4rskeid vorme ja ootamatuid l\u00e4henemisnurki. Nii on soomeugrilaste identiteediloomes ja kokkukuuluvuse v\u00e4ljendamisel oma roll n\u00e4iteks etnofuturistlikul esteetikal.<\/p>\n<p><a href=\"https:\/\/blog.erm.ee\/wp-content\/uploads\/2014\/09\/Eco_Standard_Maestro.jpg\"><img loading=\"lazy\" decoding=\"async\" data-attachment-id=\"5297\" data-permalink=\"https:\/\/blog.erm.ee\/?attachment_id=5297#main\" data-orig-file=\"https:\/\/blog.erm.ee\/wp-content\/uploads\/2014\/09\/Eco_Standard_Maestro.jpg\" data-orig-size=\"500,346\" data-comments-opened=\"1\" data-image-meta=\"{&quot;aperture&quot;:&quot;0&quot;,&quot;credit&quot;:&quot;&quot;,&quot;camera&quot;:&quot;&quot;,&quot;caption&quot;:&quot;&quot;,&quot;created_timestamp&quot;:&quot;0&quot;,&quot;copyright&quot;:&quot;&quot;,&quot;focal_length&quot;:&quot;0&quot;,&quot;iso&quot;:&quot;0&quot;,&quot;shutter_speed&quot;:&quot;0&quot;,&quot;title&quot;:&quot;&quot;,&quot;orientation&quot;:&quot;0&quot;}\" data-image-title=\"Eco_Standard_Maestro\" data-image-description=\"\" data-image-caption=\"\" data-large-file=\"https:\/\/blog.erm.ee\/wp-content\/uploads\/2014\/09\/Eco_Standard_Maestro.jpg\" class=\"alignnone size-full wp-image-5297\" src=\"https:\/\/blog.erm.ee\/wp-content\/uploads\/2014\/09\/Eco_Standard_Maestro.jpg\" alt=\"Eco_Standard_Maestro\" width=\"500\" height=\"346\" srcset=\"https:\/\/blog.erm.ee\/wp-content\/uploads\/2014\/09\/Eco_Standard_Maestro.jpg 500w, https:\/\/blog.erm.ee\/wp-content\/uploads\/2014\/09\/Eco_Standard_Maestro-375x260.jpg 375w, https:\/\/blog.erm.ee\/wp-content\/uploads\/2014\/09\/Eco_Standard_Maestro-300x207.jpg 300w\" sizes=\"auto, (max-width: 500px) 100vw, 500px\" \/><\/a><em><br \/>\nEtnofuturistlikus stiilis kujundatud pangakaardid, panga keskus asub Permis. (Alllikas: <a href=\"http:\/\/komikz.ru\/images\/Eco_Standard_Maestro.jpg\" target=\"_blank\">http:\/\/komikz.ru\/images\/Eco_Standard_Maestro.jpg<\/a>)<\/em><\/p>\n<p>Kohalikke motiive ja rahvuss\u00fcmboolikat on oma maa ja rahva tutvustamisel ja \u201eturundamisel\u201c kasutatud mitmekesiselt ning on p\u00f5nev j\u00e4lgida, milliseid elemente t\u00e4psemalt selleks on valitud ja sobivaks peetud. Vahel ei saa taoliste s\u00fcmbolite kujunemise taga teab mis l\u00e4bim\u00f5eldud ja sihip\u00e4rast valikut n\u00e4ha, suurem roll v\u00f5ib olla juhuslikkusel. Mitte alati pole nende kasutusviise ja -kontekste valinud kultuurikandjad ise. Ning k\u00f5ige l\u00f5puks on oluline osa ka \u201ctarbijate\u201d individuaalsetel t\u00f5lgendustel, kuidas asjad ja n\u00e4htused konkreetse inimese jaoks oma t\u00e4henduse ja staatuse omandavad.<\/p>\n<p><a href=\"https:\/\/blog.erm.ee\/wp-content\/uploads\/2014\/09\/pelmeen.jpg\"><img loading=\"lazy\" decoding=\"async\" data-attachment-id=\"5298\" data-permalink=\"https:\/\/blog.erm.ee\/?attachment_id=5298#main\" data-orig-file=\"https:\/\/blog.erm.ee\/wp-content\/uploads\/2014\/09\/pelmeen.jpg\" data-orig-size=\"335,500\" data-comments-opened=\"1\" data-image-meta=\"{&quot;aperture&quot;:&quot;0&quot;,&quot;credit&quot;:&quot;&quot;,&quot;camera&quot;:&quot;&quot;,&quot;caption&quot;:&quot;&quot;,&quot;created_timestamp&quot;:&quot;0&quot;,&quot;copyright&quot;:&quot;&quot;,&quot;focal_length&quot;:&quot;0&quot;,&quot;iso&quot;:&quot;0&quot;,&quot;shutter_speed&quot;:&quot;0&quot;,&quot;title&quot;:&quot;&quot;,&quot;orientation&quot;:&quot;0&quot;}\" data-image-title=\"pelmeen\" data-image-description=\"\" data-image-caption=\"\" data-large-file=\"https:\/\/blog.erm.ee\/wp-content\/uploads\/2014\/09\/pelmeen.jpg\" class=\"alignnone size-full wp-image-5298\" src=\"https:\/\/blog.erm.ee\/wp-content\/uploads\/2014\/09\/pelmeen.jpg\" alt=\"pelmeen\" width=\"335\" height=\"500\" srcset=\"https:\/\/blog.erm.ee\/wp-content\/uploads\/2014\/09\/pelmeen.jpg 335w, https:\/\/blog.erm.ee\/wp-content\/uploads\/2014\/09\/pelmeen-174x260.jpg 174w, https:\/\/blog.erm.ee\/wp-content\/uploads\/2014\/09\/pelmeen-201x300.jpg 201w\" sizes=\"auto, (max-width: 335px) 100vw, 335px\" \/><\/a><br \/>\n<em>T\u00e4htis roll piirkondliku erip\u00e4ra turundamisel on kohalikul toidul. Fotol ausammas pelmeenile I\u017eevskis.<\/em> (<em>Allikas: <a href=\"http:\/\/kaloriyka.ru\/userfiles\/mamba5454\/image\/pic_452469_17_335x500.jpg\" target=\"_blank\">http:\/\/kaloriyka.ru\/userfiles\/mamba5454\/image\/pic_452469_17_335x500.jpg<\/a>)<\/em><\/p>\n<p>Oluline identiteedimarker on oma keel. Omajagu t\u00e4helepanu on saanud soome-ugri keeltele iseloomulik \u00f6-t\u00e4ht (h\u00e4\u00e4ldub m\u00f5neski keeles sarnasena eesti \u00f5-le), Komimaal on \u00f6-le isegi ausammas p\u00fcstitatud.<\/p>\n<p><a href=\"https:\/\/blog.erm.ee\/wp-content\/uploads\/2014\/09\/6t2ht.jpg\"><img loading=\"lazy\" decoding=\"async\" data-attachment-id=\"5295\" data-permalink=\"https:\/\/blog.erm.ee\/?attachment_id=5295#main\" data-orig-file=\"https:\/\/blog.erm.ee\/wp-content\/uploads\/2014\/09\/6t2ht.jpg\" data-orig-size=\"514,350\" data-comments-opened=\"1\" data-image-meta=\"{&quot;aperture&quot;:&quot;0&quot;,&quot;credit&quot;:&quot;&quot;,&quot;camera&quot;:&quot;&quot;,&quot;caption&quot;:&quot;&quot;,&quot;created_timestamp&quot;:&quot;0&quot;,&quot;copyright&quot;:&quot;&quot;,&quot;focal_length&quot;:&quot;0&quot;,&quot;iso&quot;:&quot;0&quot;,&quot;shutter_speed&quot;:&quot;0&quot;,&quot;title&quot;:&quot;&quot;,&quot;orientation&quot;:&quot;0&quot;}\" data-image-title=\"6t2ht\" data-image-description=\"\" data-image-caption=\"\" data-large-file=\"https:\/\/blog.erm.ee\/wp-content\/uploads\/2014\/09\/6t2ht.jpg\" class=\"alignnone size-full wp-image-5295\" src=\"https:\/\/blog.erm.ee\/wp-content\/uploads\/2014\/09\/6t2ht.jpg\" alt=\"6t2ht\" width=\"514\" height=\"350\" srcset=\"https:\/\/blog.erm.ee\/wp-content\/uploads\/2014\/09\/6t2ht.jpg 514w, https:\/\/blog.erm.ee\/wp-content\/uploads\/2014\/09\/6t2ht-381x260.jpg 381w, https:\/\/blog.erm.ee\/wp-content\/uploads\/2014\/09\/6t2ht-300x204.jpg 300w\" sizes=\"auto, (max-width: 514px) 100vw, 514px\" \/><\/a><br \/>\n<em>Ausammas \u00f6-le. (Allikas: <a href=\"http:\/\/syktyvkar.igid.ru\/img\/upload\/photos\/7e82d6888ab5144fd7bf0f7ff86cea89.jpg\" target=\"_blank\">http:\/\/syktyvkar.igid.ru\/img\/upload\/photos\/7e82d6888ab5144fd7bf0f7ff86cea89.jpg<\/a>)<\/em><\/p>\n<p>Kui soomeugrilased seovad selle t\u00e4hega oma identiteeti, siis vene marurahvuslane \u017dirinovski n\u00f5udis hiljuti \u00f5-t\u00e4he kustutamist vene t\u00e4hestikust, sest taoline h\u00e4\u00e4lik olevat iseloomulik metslastele\u2026<\/p>\n<p>H\u00f5imukuu ajal, 17. oktoobril avame n\u00e4ituse (kuraatorid Piret Koosa ja Svetlana Karm, kujundaja Maaria Treima), mis teeb sissevaate soome-ugri br\u00e4ndiloomesse. N\u00e4ituse eesm\u00e4rgiks pole pakkuda traditsioonilise kultuuri elementide kasutamise s\u00fcstemaatilist anal\u00fc\u00fcsi, vaid sellele teemale pigem m\u00e4nguliselt l\u00e4heneda, tuua v\u00e4lja ootamatuid seoseid ja isegi kohatist absurdsust soome-ugri omap\u00e4ra \u201eturundamisel\u201c. N\u00e4itus valmib H\u00f5imurahvaste programmi toetusel.<\/p>\n<p>&#8212;&#8212;&#8212;&#8211;<br \/>\nVaata ka Art Leete artiklit &#8220;<a href=\"http:\/\/www.sirp.ee\/s1-artiklid\/c21-teadus\/soome-ugri-esteetika\/\" target=\"_blank\">Soome-ugri esteetika<\/a>&#8221; ajalehes Sirp, 17.10.2014.<\/p>\n<div class=\"fcbkbttn_buttons_block\" id=\"fcbkbttn_left\"><div class=\"fcbkbttn_like \"><fb:like href=\"https:\/\/blog.erm.ee\/?p=5299\" action=\"like\" colorscheme=\"light\" layout=\"standard\"  width=\"225px\" size=\"small\"><\/fb:like><\/div><div class=\"fb-share-button  \" data-href=\"https:\/\/blog.erm.ee\/?p=5299\" data-type=\"button\" data-size=\"small\"><\/div><\/div>","protected":false},"excerpt":{"rendered":"<p>Piret Koosa, teadur Nii \u00fcksikisikute kui kogukondade edukus t\u00e4nap\u00e4eva maailmas s\u00f5ltub paljuski v\u00f5imest end ning oma erip\u00e4ra n\u00e4htavaks ja meeldej\u00e4\u00e4vaks teha. Ka erinevad soome-ugri maad ja kogukonnad tegelevad aktiivselt kohalike \u201ckaubam\u00e4rkide\u201d otsimise ja arendamisega. Soome-ugrilikke elemente ja traditsioone kasutatakse \u00fcsna erinevalt: kes otsib neis teadlikult vastukaalu kas l\u00e4\u00e4neliku v\u00f5i vene kultuuri domineerimisele (ka m\u00f5ned venelased&hellip;<\/p>\n","protected":false},"author":1,"featured_media":5296,"comment_status":"open","ping_status":"open","sticky":false,"template":"","format":"standard","meta":{"_monsterinsights_skip_tracking":false,"_monsterinsights_sitenote_active":false,"_monsterinsights_sitenote_note":"","_monsterinsights_sitenote_category":0,"jetpack_post_was_ever_published":false,"_jetpack_newsletter_access":"","_jetpack_dont_email_post_to_subs":false,"_jetpack_newsletter_tier_id":0,"_jetpack_memberships_contains_paywalled_content":false,"_jetpack_memberships_contains_paid_content":false,"footnotes":""},"categories":[28],"tags":[],"class_list":["post-5299","post","type-post","status-publish","format-standard","has-post-thumbnail","hentry","category-soome-ugri"],"yoast_head":"<!-- This site is optimized with the Yoast SEO plugin v27.5 - https:\/\/yoast.com\/product\/yoast-seo-wordpress\/ -->\n<title>Etno \u00e0 la finno-ougrienne - Eesti Rahva Muuseumi ajaveeb<\/title>\n<meta name=\"robots\" content=\"index, follow, max-snippet:-1, max-image-preview:large, max-video-preview:-1\" \/>\n<link rel=\"canonical\" href=\"https:\/\/blog.erm.ee\/?p=5299\" \/>\n<meta property=\"og:locale\" content=\"et_EE\" \/>\n<meta property=\"og:type\" content=\"article\" \/>\n<meta property=\"og:title\" content=\"Etno \u00e0 la finno-ougrienne - Eesti Rahva Muuseumi ajaveeb\" \/>\n<meta property=\"og:description\" content=\"Piret Koosa, teadur Nii \u00fcksikisikute kui kogukondade edukus t\u00e4nap\u00e4eva maailmas s\u00f5ltub paljuski v\u00f5imest end ning oma erip\u00e4ra n\u00e4htavaks ja meeldej\u00e4\u00e4vaks teha. Ka erinevad soome-ugri maad ja kogukonnad tegelevad aktiivselt kohalike \u201ckaubam\u00e4rkide\u201d otsimise ja arendamisega. Soome-ugrilikke elemente ja traditsioone kasutatakse \u00fcsna erinevalt: kes otsib neis teadlikult vastukaalu kas l\u00e4\u00e4neliku v\u00f5i vene kultuuri domineerimisele (ka m\u00f5ned venelased&hellip;\" \/>\n<meta property=\"og:url\" content=\"https:\/\/blog.erm.ee\/?p=5299\" \/>\n<meta property=\"og:site_name\" content=\"Eesti Rahva Muuseumi ajaveeb\" \/>\n<meta property=\"article:published_time\" content=\"2014-09-24T22:11:44+00:00\" \/>\n<meta property=\"article:modified_time\" content=\"2014-10-17T08:29:50+00:00\" \/>\n<meta property=\"og:image\" content=\"https:\/\/blog.erm.ee\/wp-content\/uploads\/2014\/09\/depardieu.jpg\" \/>\n\t<meta property=\"og:image:width\" content=\"620\" \/>\n\t<meta property=\"og:image:height\" content=\"360\" \/>\n\t<meta property=\"og:image:type\" content=\"image\/jpeg\" \/>\n<meta name=\"author\" content=\"Eesti Rahva Muuseum\" \/>\n<meta name=\"twitter:card\" content=\"summary_large_image\" \/>\n<meta name=\"twitter:label1\" content=\"Written by\" \/>\n\t<meta name=\"twitter:data1\" content=\"Eesti Rahva Muuseum\" \/>\n\t<meta name=\"twitter:label2\" content=\"Est. reading time\" \/>\n\t<meta name=\"twitter:data2\" content=\"3 minutit\" \/>\n<script type=\"application\/ld+json\" class=\"yoast-schema-graph\">{\"@context\":\"https:\\\/\\\/schema.org\",\"@graph\":[{\"@type\":\"Article\",\"@id\":\"https:\\\/\\\/blog.erm.ee\\\/?p=5299#article\",\"isPartOf\":{\"@id\":\"https:\\\/\\\/blog.erm.ee\\\/?p=5299\"},\"author\":{\"name\":\"Eesti Rahva Muuseum\",\"@id\":\"https:\\\/\\\/blog.erm.ee\\\/#\\\/schema\\\/person\\\/6e98c391cb00a33e7c22a3571e062114\"},\"headline\":\"Etno \u00e0 la finno-ougrienne\",\"datePublished\":\"2014-09-24T22:11:44+00:00\",\"dateModified\":\"2014-10-17T08:29:50+00:00\",\"mainEntityOfPage\":{\"@id\":\"https:\\\/\\\/blog.erm.ee\\\/?p=5299\"},\"wordCount\":606,\"commentCount\":0,\"image\":{\"@id\":\"https:\\\/\\\/blog.erm.ee\\\/?p=5299#primaryimage\"},\"thumbnailUrl\":\"https:\\\/\\\/blog.erm.ee\\\/wp-content\\\/uploads\\\/2014\\\/09\\\/depardieu.jpg\",\"articleSection\":[\"Soome-ugri\"],\"inLanguage\":\"et\",\"potentialAction\":[{\"@type\":\"CommentAction\",\"name\":\"Comment\",\"target\":[\"https:\\\/\\\/blog.erm.ee\\\/?p=5299#respond\"]}]},{\"@type\":\"WebPage\",\"@id\":\"https:\\\/\\\/blog.erm.ee\\\/?p=5299\",\"url\":\"https:\\\/\\\/blog.erm.ee\\\/?p=5299\",\"name\":\"Etno \u00e0 la finno-ougrienne - Eesti Rahva Muuseumi ajaveeb\",\"isPartOf\":{\"@id\":\"https:\\\/\\\/blog.erm.ee\\\/#website\"},\"primaryImageOfPage\":{\"@id\":\"https:\\\/\\\/blog.erm.ee\\\/?p=5299#primaryimage\"},\"image\":{\"@id\":\"https:\\\/\\\/blog.erm.ee\\\/?p=5299#primaryimage\"},\"thumbnailUrl\":\"https:\\\/\\\/blog.erm.ee\\\/wp-content\\\/uploads\\\/2014\\\/09\\\/depardieu.jpg\",\"datePublished\":\"2014-09-24T22:11:44+00:00\",\"dateModified\":\"2014-10-17T08:29:50+00:00\",\"author\":{\"@id\":\"https:\\\/\\\/blog.erm.ee\\\/#\\\/schema\\\/person\\\/6e98c391cb00a33e7c22a3571e062114\"},\"breadcrumb\":{\"@id\":\"https:\\\/\\\/blog.erm.ee\\\/?p=5299#breadcrumb\"},\"inLanguage\":\"et\",\"potentialAction\":[{\"@type\":\"ReadAction\",\"target\":[\"https:\\\/\\\/blog.erm.ee\\\/?p=5299\"]}]},{\"@type\":\"ImageObject\",\"inLanguage\":\"et\",\"@id\":\"https:\\\/\\\/blog.erm.ee\\\/?p=5299#primaryimage\",\"url\":\"https:\\\/\\\/blog.erm.ee\\\/wp-content\\\/uploads\\\/2014\\\/09\\\/depardieu.jpg\",\"contentUrl\":\"https:\\\/\\\/blog.erm.ee\\\/wp-content\\\/uploads\\\/2014\\\/09\\\/depardieu.jpg\",\"width\":620,\"height\":360},{\"@type\":\"BreadcrumbList\",\"@id\":\"https:\\\/\\\/blog.erm.ee\\\/?p=5299#breadcrumb\",\"itemListElement\":[{\"@type\":\"ListItem\",\"position\":1,\"name\":\"Home\",\"item\":\"https:\\\/\\\/blog.erm.ee\\\/\"},{\"@type\":\"ListItem\",\"position\":2,\"name\":\"Etno \u00e0 la finno-ougrienne\"}]},{\"@type\":\"WebSite\",\"@id\":\"https:\\\/\\\/blog.erm.ee\\\/#website\",\"url\":\"https:\\\/\\\/blog.erm.ee\\\/\",\"name\":\"Eesti Rahva Muuseumi ajaveeb\",\"description\":\"\",\"potentialAction\":[{\"@type\":\"SearchAction\",\"target\":{\"@type\":\"EntryPoint\",\"urlTemplate\":\"https:\\\/\\\/blog.erm.ee\\\/?s={search_term_string}\"},\"query-input\":{\"@type\":\"PropertyValueSpecification\",\"valueRequired\":true,\"valueName\":\"search_term_string\"}}],\"inLanguage\":\"et\"},{\"@type\":\"Person\",\"@id\":\"https:\\\/\\\/blog.erm.ee\\\/#\\\/schema\\\/person\\\/6e98c391cb00a33e7c22a3571e062114\",\"name\":\"Eesti Rahva Muuseum\",\"image\":{\"@type\":\"ImageObject\",\"inLanguage\":\"et\",\"@id\":\"https:\\\/\\\/secure.gravatar.com\\\/avatar\\\/cb6d9ad5fb49f3f7315028ce5fe60641075f2cb52b8a058ff5a985fa2d8c1da0?s=96&d=mm&r=g\",\"url\":\"https:\\\/\\\/secure.gravatar.com\\\/avatar\\\/cb6d9ad5fb49f3f7315028ce5fe60641075f2cb52b8a058ff5a985fa2d8c1da0?s=96&d=mm&r=g\",\"contentUrl\":\"https:\\\/\\\/secure.gravatar.com\\\/avatar\\\/cb6d9ad5fb49f3f7315028ce5fe60641075f2cb52b8a058ff5a985fa2d8c1da0?s=96&d=mm&r=g\",\"caption\":\"Eesti Rahva Muuseum\"},\"sameAs\":[\"http:\\\/\\\/www.erm.ee\"],\"url\":\"https:\\\/\\\/blog.erm.ee\\\/?author=1\"}]}<\/script>\n<!-- \/ Yoast SEO plugin. -->","yoast_head_json":{"title":"Etno \u00e0 la finno-ougrienne - Eesti Rahva Muuseumi ajaveeb","robots":{"index":"index","follow":"follow","max-snippet":"max-snippet:-1","max-image-preview":"max-image-preview:large","max-video-preview":"max-video-preview:-1"},"canonical":"https:\/\/blog.erm.ee\/?p=5299","og_locale":"et_EE","og_type":"article","og_title":"Etno \u00e0 la finno-ougrienne - Eesti Rahva Muuseumi ajaveeb","og_description":"Piret Koosa, teadur Nii \u00fcksikisikute kui kogukondade edukus t\u00e4nap\u00e4eva maailmas s\u00f5ltub paljuski v\u00f5imest end ning oma erip\u00e4ra n\u00e4htavaks ja meeldej\u00e4\u00e4vaks teha. Ka erinevad soome-ugri maad ja kogukonnad tegelevad aktiivselt kohalike \u201ckaubam\u00e4rkide\u201d otsimise ja arendamisega. Soome-ugrilikke elemente ja traditsioone kasutatakse \u00fcsna erinevalt: kes otsib neis teadlikult vastukaalu kas l\u00e4\u00e4neliku v\u00f5i vene kultuuri domineerimisele (ka m\u00f5ned venelased&hellip;","og_url":"https:\/\/blog.erm.ee\/?p=5299","og_site_name":"Eesti Rahva Muuseumi ajaveeb","article_published_time":"2014-09-24T22:11:44+00:00","article_modified_time":"2014-10-17T08:29:50+00:00","og_image":[{"width":620,"height":360,"url":"https:\/\/blog.erm.ee\/wp-content\/uploads\/2014\/09\/depardieu.jpg","type":"image\/jpeg"}],"author":"Eesti Rahva Muuseum","twitter_card":"summary_large_image","twitter_misc":{"Written by":"Eesti Rahva Muuseum","Est. reading time":"3 minutit"},"schema":{"@context":"https:\/\/schema.org","@graph":[{"@type":"Article","@id":"https:\/\/blog.erm.ee\/?p=5299#article","isPartOf":{"@id":"https:\/\/blog.erm.ee\/?p=5299"},"author":{"name":"Eesti Rahva Muuseum","@id":"https:\/\/blog.erm.ee\/#\/schema\/person\/6e98c391cb00a33e7c22a3571e062114"},"headline":"Etno \u00e0 la finno-ougrienne","datePublished":"2014-09-24T22:11:44+00:00","dateModified":"2014-10-17T08:29:50+00:00","mainEntityOfPage":{"@id":"https:\/\/blog.erm.ee\/?p=5299"},"wordCount":606,"commentCount":0,"image":{"@id":"https:\/\/blog.erm.ee\/?p=5299#primaryimage"},"thumbnailUrl":"https:\/\/blog.erm.ee\/wp-content\/uploads\/2014\/09\/depardieu.jpg","articleSection":["Soome-ugri"],"inLanguage":"et","potentialAction":[{"@type":"CommentAction","name":"Comment","target":["https:\/\/blog.erm.ee\/?p=5299#respond"]}]},{"@type":"WebPage","@id":"https:\/\/blog.erm.ee\/?p=5299","url":"https:\/\/blog.erm.ee\/?p=5299","name":"Etno \u00e0 la finno-ougrienne - Eesti Rahva Muuseumi ajaveeb","isPartOf":{"@id":"https:\/\/blog.erm.ee\/#website"},"primaryImageOfPage":{"@id":"https:\/\/blog.erm.ee\/?p=5299#primaryimage"},"image":{"@id":"https:\/\/blog.erm.ee\/?p=5299#primaryimage"},"thumbnailUrl":"https:\/\/blog.erm.ee\/wp-content\/uploads\/2014\/09\/depardieu.jpg","datePublished":"2014-09-24T22:11:44+00:00","dateModified":"2014-10-17T08:29:50+00:00","author":{"@id":"https:\/\/blog.erm.ee\/#\/schema\/person\/6e98c391cb00a33e7c22a3571e062114"},"breadcrumb":{"@id":"https:\/\/blog.erm.ee\/?p=5299#breadcrumb"},"inLanguage":"et","potentialAction":[{"@type":"ReadAction","target":["https:\/\/blog.erm.ee\/?p=5299"]}]},{"@type":"ImageObject","inLanguage":"et","@id":"https:\/\/blog.erm.ee\/?p=5299#primaryimage","url":"https:\/\/blog.erm.ee\/wp-content\/uploads\/2014\/09\/depardieu.jpg","contentUrl":"https:\/\/blog.erm.ee\/wp-content\/uploads\/2014\/09\/depardieu.jpg","width":620,"height":360},{"@type":"BreadcrumbList","@id":"https:\/\/blog.erm.ee\/?p=5299#breadcrumb","itemListElement":[{"@type":"ListItem","position":1,"name":"Home","item":"https:\/\/blog.erm.ee\/"},{"@type":"ListItem","position":2,"name":"Etno \u00e0 la finno-ougrienne"}]},{"@type":"WebSite","@id":"https:\/\/blog.erm.ee\/#website","url":"https:\/\/blog.erm.ee\/","name":"Eesti Rahva Muuseumi ajaveeb","description":"","potentialAction":[{"@type":"SearchAction","target":{"@type":"EntryPoint","urlTemplate":"https:\/\/blog.erm.ee\/?s={search_term_string}"},"query-input":{"@type":"PropertyValueSpecification","valueRequired":true,"valueName":"search_term_string"}}],"inLanguage":"et"},{"@type":"Person","@id":"https:\/\/blog.erm.ee\/#\/schema\/person\/6e98c391cb00a33e7c22a3571e062114","name":"Eesti Rahva Muuseum","image":{"@type":"ImageObject","inLanguage":"et","@id":"https:\/\/secure.gravatar.com\/avatar\/cb6d9ad5fb49f3f7315028ce5fe60641075f2cb52b8a058ff5a985fa2d8c1da0?s=96&d=mm&r=g","url":"https:\/\/secure.gravatar.com\/avatar\/cb6d9ad5fb49f3f7315028ce5fe60641075f2cb52b8a058ff5a985fa2d8c1da0?s=96&d=mm&r=g","contentUrl":"https:\/\/secure.gravatar.com\/avatar\/cb6d9ad5fb49f3f7315028ce5fe60641075f2cb52b8a058ff5a985fa2d8c1da0?s=96&d=mm&r=g","caption":"Eesti Rahva Muuseum"},"sameAs":["http:\/\/www.erm.ee"],"url":"https:\/\/blog.erm.ee\/?author=1"}]}},"jetpack_featured_media_url":"https:\/\/blog.erm.ee\/wp-content\/uploads\/2014\/09\/depardieu.jpg","jetpack_shortlink":"https:\/\/wp.me\/p2l9Zd-1nt","jetpack_sharing_enabled":true,"jetpack_likes_enabled":true,"_links":{"self":[{"href":"https:\/\/blog.erm.ee\/index.php?rest_route=\/wp\/v2\/posts\/5299","targetHints":{"allow":["GET"]}}],"collection":[{"href":"https:\/\/blog.erm.ee\/index.php?rest_route=\/wp\/v2\/posts"}],"about":[{"href":"https:\/\/blog.erm.ee\/index.php?rest_route=\/wp\/v2\/types\/post"}],"author":[{"embeddable":true,"href":"https:\/\/blog.erm.ee\/index.php?rest_route=\/wp\/v2\/users\/1"}],"replies":[{"embeddable":true,"href":"https:\/\/blog.erm.ee\/index.php?rest_route=%2Fwp%2Fv2%2Fcomments&post=5299"}],"version-history":[{"count":6,"href":"https:\/\/blog.erm.ee\/index.php?rest_route=\/wp\/v2\/posts\/5299\/revisions"}],"predecessor-version":[{"id":5421,"href":"https:\/\/blog.erm.ee\/index.php?rest_route=\/wp\/v2\/posts\/5299\/revisions\/5421"}],"wp:featuredmedia":[{"embeddable":true,"href":"https:\/\/blog.erm.ee\/index.php?rest_route=\/wp\/v2\/media\/5296"}],"wp:attachment":[{"href":"https:\/\/blog.erm.ee\/index.php?rest_route=%2Fwp%2Fv2%2Fmedia&parent=5299"}],"wp:term":[{"taxonomy":"category","embeddable":true,"href":"https:\/\/blog.erm.ee\/index.php?rest_route=%2Fwp%2Fv2%2Fcategories&post=5299"},{"taxonomy":"post_tag","embeddable":true,"href":"https:\/\/blog.erm.ee\/index.php?rest_route=%2Fwp%2Fv2%2Ftags&post=5299"}],"curies":[{"name":"wp","href":"https:\/\/api.w.org\/{rel}","templated":true}]}}