{"id":5263,"date":"2014-09-23T05:46:52","date_gmt":"2014-09-23T03:46:52","guid":{"rendered":"http:\/\/blog.erm.ee\/?p=5263"},"modified":"2014-09-23T14:23:15","modified_gmt":"2014-09-23T12:23:15","slug":"mine-metsa","status":"publish","type":"post","link":"https:\/\/blog.erm.ee\/?p=5263","title":{"rendered":"Mine metsa!"},"content":{"rendered":"<div class=\"fcbkbttn_buttons_block\" id=\"fcbkbttn_left\"><div class=\"fcbkbttn_like \"><fb:like href=\"https:\/\/blog.erm.ee\/?p=5263\" action=\"like\" colorscheme=\"light\" layout=\"standard\"  width=\"225px\" size=\"small\"><\/fb:like><\/div><div class=\"fb-share-button  \" data-href=\"https:\/\/blog.erm.ee\/?p=5263\" data-type=\"button\" data-size=\"small\"><\/div><\/div><p><em>Kristi \u00dctt, <\/em><em>digitaal- ja eriarhiivi hoiuhaldur<\/em><\/p>\n<p><em>Siret Saar, koguhoidja<\/em><\/p>\n<p>Eesti on \u00fcks metsarikkamaid riike \u2013 metsaga on kaetud ligi pool maismaast. V\u00f5ib-olla on see \u00fcks p\u00f5hjustest, miks paljud eestlased naudivad korilust. Lisaks korjamisvajadusele on eestlaste n\u00f5rkuseks ka saagi s\u00e4ilitamine.<\/p>\n<h3><strong>MARJAD<\/strong><\/h3>\n<p><em>Kodukandis l\u00e4ksime vanaemaga metsa marjule. Vanaema k\u00f5neles, et need, kes rebivad marjad \u00fches okste, varte ja juurtega ning tallavad palju, neile metsavana j\u00e4rgmisel aastal enam marju ei anna. <\/em>ERM KV 583:326 (KL 168 Loodusandide korjamine, Saarde, 1983\u20131984).<\/p>\n<p><a href=\"https:\/\/blog.erm.ee\/wp-content\/uploads\/2014\/09\/308851_ERM_Fk_2938_244.jpg\"><img loading=\"lazy\" decoding=\"async\" data-attachment-id=\"5267\" data-permalink=\"https:\/\/blog.erm.ee\/?attachment_id=5267#main\" data-orig-file=\"https:\/\/blog.erm.ee\/wp-content\/uploads\/2014\/09\/308851_ERM_Fk_2938_244.jpg\" data-orig-size=\"1600,1032\" data-comments-opened=\"1\" data-image-meta=\"{&quot;aperture&quot;:&quot;0&quot;,&quot;credit&quot;:&quot;&quot;,&quot;camera&quot;:&quot;&quot;,&quot;caption&quot;:&quot;[#Beginning of Shooting Data Section]\\rNikon D200\\rFocal Length: 50mm\\rOptimize Image: Custom\\rColor Mode: Mode II (Adobe RGB)\\rLong Exposure NR: Off\\rHigh ISO NR: Off\\r2011\/11\/09 10:46:46.4\\rExposure Mode: Manual\\rWhite Balance: Preset d-4\\rTone Comp.: User-Defined Custom Curve\\rRAW (12-bit)\\rMetering Mode: Center-Weighted\\rAF Mode: AF-S\\rHue Adjustment: 0\\u00b0\\rImage Size: Large (3872 x 2592)\\r1\/10 sec - F\/6.3\\rFlash Sync Mode: Not Attached\\rSaturation: Normal\\rColor\\rExposure Comp.: 0 EV\\rSharpening: Medium high\\rLens: 50mm F\/2.8 D\\rSensitivity: ISO 100\\rImage Comment:                                     \\r[#End of Shooting Data Section]&quot;,&quot;created_timestamp&quot;:&quot;1320835606&quot;,&quot;copyright&quot;:&quot;\\u00a9 Eesti Rahva Muuseum&quot;,&quot;focal_length&quot;:&quot;0&quot;,&quot;iso&quot;:&quot;0&quot;,&quot;shutter_speed&quot;:&quot;0&quot;,&quot;title&quot;:&quot;&quot;,&quot;orientation&quot;:&quot;0&quot;}\" data-image-title=\"308851_ERM_Fk_2938_244\" data-image-description=\"&lt;p&gt;[#Beginning of Shooting Data Section]&lt;br \/&gt;\nNikon D200&lt;br \/&gt;\nFocal Length: 50mm&lt;br \/&gt;\nOptimize Image: Custom&lt;br \/&gt;\nColor Mode: Mode II (Adobe RGB)&lt;br \/&gt;\nLong Exposure NR: Off&lt;br \/&gt;\nHigh ISO NR: Off&lt;br \/&gt;\n2011\/11\/09 10:46:46.4&lt;br \/&gt;\nExposure Mode: Manual&lt;br \/&gt;\nWhite Balance: Preset d-4&lt;br \/&gt;\nTone Comp.: User-Defined Custom Curve&lt;br \/&gt;\nRAW (12-bit)&lt;br \/&gt;\nMetering Mode: Center-Weighted&lt;br \/&gt;\nAF Mode: AF-S&lt;br \/&gt;\nHue Adjustment: 0\u00b0&lt;br \/&gt;\nImage Size: Large (3872 x 2592)&lt;br \/&gt;\n1\/10 sec &amp;#8211; F\/6.3&lt;br \/&gt;\nFlash Sync Mode: Not Attached&lt;br \/&gt;\nSaturation: Normal&lt;br \/&gt;\nColor&lt;br \/&gt;\nExposure Comp.: 0 EV&lt;br \/&gt;\nSharpening: Medium high&lt;br \/&gt;\nLens: 50mm F\/2.8 D&lt;br \/&gt;\nSensitivity: ISO 100&lt;br \/&gt;\nImage Comment:&lt;br \/&gt;\n[#End of Shooting Data Section]&lt;\/p&gt;\n\" data-image-caption=\"\" data-large-file=\"https:\/\/blog.erm.ee\/wp-content\/uploads\/2014\/09\/308851_ERM_Fk_2938_244-1024x660.jpg\" class=\"alignnone size-large wp-image-5267\" src=\"https:\/\/blog.erm.ee\/wp-content\/uploads\/2014\/09\/308851_ERM_Fk_2938_244-1024x660.jpg\" alt=\"308851_ERM_Fk_2938_244\" width=\"700\" height=\"451\" srcset=\"https:\/\/blog.erm.ee\/wp-content\/uploads\/2014\/09\/308851_ERM_Fk_2938_244-1024x660.jpg 1024w, https:\/\/blog.erm.ee\/wp-content\/uploads\/2014\/09\/308851_ERM_Fk_2938_244-403x260.jpg 403w, https:\/\/blog.erm.ee\/wp-content\/uploads\/2014\/09\/308851_ERM_Fk_2938_244-300x193.jpg 300w, https:\/\/blog.erm.ee\/wp-content\/uploads\/2014\/09\/308851_ERM_Fk_2938_244.jpg 1600w\" sizes=\"auto, (max-width: 700px) 100vw, 700px\" \/><\/a><em><br \/>\nERM Fk 2938:244 Ema lastega maasikaid korjamas 1950. aastatel. Fotograaf teadmata.<\/em><\/p>\n<p><em>\u00a0<\/em><\/p>\n<p><a href=\"https:\/\/blog.erm.ee\/wp-content\/uploads\/2014\/09\/1009_188.jpg\"><img loading=\"lazy\" decoding=\"async\" data-attachment-id=\"5269\" data-permalink=\"https:\/\/blog.erm.ee\/?attachment_id=5269#main\" data-orig-file=\"https:\/\/blog.erm.ee\/wp-content\/uploads\/2014\/09\/1009_188.jpg\" data-orig-size=\"1600,1151\" data-comments-opened=\"1\" data-image-meta=\"{&quot;aperture&quot;:&quot;0&quot;,&quot;credit&quot;:&quot;&quot;,&quot;camera&quot;:&quot;&quot;,&quot;caption&quot;:&quot;&quot;,&quot;created_timestamp&quot;:&quot;1410516877&quot;,&quot;copyright&quot;:&quot;\\u00a9 Eesti Rahva Muuseum&quot;,&quot;focal_length&quot;:&quot;0&quot;,&quot;iso&quot;:&quot;0&quot;,&quot;shutter_speed&quot;:&quot;0&quot;,&quot;title&quot;:&quot;&quot;,&quot;orientation&quot;:&quot;0&quot;}\" data-image-title=\"1009_188\" data-image-description=\"\" data-image-caption=\"\" data-large-file=\"https:\/\/blog.erm.ee\/wp-content\/uploads\/2014\/09\/1009_188-1024x736.jpg\" class=\"alignnone size-large wp-image-5269\" src=\"https:\/\/blog.erm.ee\/wp-content\/uploads\/2014\/09\/1009_188-1024x736.jpg\" alt=\"1009_188\" width=\"700\" height=\"503\" srcset=\"https:\/\/blog.erm.ee\/wp-content\/uploads\/2014\/09\/1009_188-1024x736.jpg 1024w, https:\/\/blog.erm.ee\/wp-content\/uploads\/2014\/09\/1009_188-361x260.jpg 361w, https:\/\/blog.erm.ee\/wp-content\/uploads\/2014\/09\/1009_188-300x215.jpg 300w, https:\/\/blog.erm.ee\/wp-content\/uploads\/2014\/09\/1009_188.jpg 1600w\" sizes=\"auto, (max-width: 700px) 100vw, 700px\" \/><\/a><em><br \/>\nERM Fk 1009:188 M. J. Boranova t\u00fctrega pohlale minemas Matti k\u00fclas, Vadjamaal. Foto: Eerik Laid, 1942.<\/em><\/p>\n<p><a href=\"https:\/\/blog.erm.ee\/wp-content\/uploads\/2014\/09\/020003_ERM_Fk_2133_9427.jpg\"><img loading=\"lazy\" decoding=\"async\" data-attachment-id=\"5270\" data-permalink=\"https:\/\/blog.erm.ee\/?attachment_id=5270#main\" data-orig-file=\"https:\/\/blog.erm.ee\/wp-content\/uploads\/2014\/09\/020003_ERM_Fk_2133_9427.jpg\" data-orig-size=\"1600,1051\" data-comments-opened=\"1\" data-image-meta=\"{&quot;aperture&quot;:&quot;0&quot;,&quot;credit&quot;:&quot;&quot;,&quot;camera&quot;:&quot;&quot;,&quot;caption&quot;:&quot;&quot;,&quot;created_timestamp&quot;:&quot;0&quot;,&quot;copyright&quot;:&quot;\\u00a9 Eesti Rahva Muuseum&quot;,&quot;focal_length&quot;:&quot;0&quot;,&quot;iso&quot;:&quot;0&quot;,&quot;shutter_speed&quot;:&quot;0&quot;,&quot;title&quot;:&quot;&quot;,&quot;orientation&quot;:&quot;0&quot;}\" data-image-title=\"020003_ERM_Fk_2133_9427\" data-image-description=\"\" data-image-caption=\"\" data-large-file=\"https:\/\/blog.erm.ee\/wp-content\/uploads\/2014\/09\/020003_ERM_Fk_2133_9427-1024x672.jpg\" class=\"alignnone size-large wp-image-5270\" src=\"https:\/\/blog.erm.ee\/wp-content\/uploads\/2014\/09\/020003_ERM_Fk_2133_9427-1024x672.jpg\" alt=\"020003_ERM_Fk_2133_9427\" width=\"700\" height=\"459\" srcset=\"https:\/\/blog.erm.ee\/wp-content\/uploads\/2014\/09\/020003_ERM_Fk_2133_9427-1024x672.jpg 1024w, https:\/\/blog.erm.ee\/wp-content\/uploads\/2014\/09\/020003_ERM_Fk_2133_9427-395x260.jpg 395w, https:\/\/blog.erm.ee\/wp-content\/uploads\/2014\/09\/020003_ERM_Fk_2133_9427-300x197.jpg 300w, https:\/\/blog.erm.ee\/wp-content\/uploads\/2014\/09\/020003_ERM_Fk_2133_9427.jpg 1600w\" sizes=\"auto, (max-width: 700px) 100vw, 700px\" \/><\/a><em><br \/>\nERM Fk 2133:9427 Kaks inimest laukasoos, ilmselt j\u00f5hvikal. Foto: Jakob Bockmann.<\/em><\/p>\n<p><a href=\"https:\/\/blog.erm.ee\/wp-content\/uploads\/2014\/09\/1394_185.jpg\"><img loading=\"lazy\" decoding=\"async\" data-attachment-id=\"5271\" data-permalink=\"https:\/\/blog.erm.ee\/?attachment_id=5271#main\" data-orig-file=\"https:\/\/blog.erm.ee\/wp-content\/uploads\/2014\/09\/1394_185.jpg\" data-orig-size=\"1600,1126\" data-comments-opened=\"1\" data-image-meta=\"{&quot;aperture&quot;:&quot;0&quot;,&quot;credit&quot;:&quot;&quot;,&quot;camera&quot;:&quot;&quot;,&quot;caption&quot;:&quot;&quot;,&quot;created_timestamp&quot;:&quot;1410516904&quot;,&quot;copyright&quot;:&quot;\\u00a9 Eesti Rahva Muuseum&quot;,&quot;focal_length&quot;:&quot;0&quot;,&quot;iso&quot;:&quot;0&quot;,&quot;shutter_speed&quot;:&quot;0&quot;,&quot;title&quot;:&quot;&quot;,&quot;orientation&quot;:&quot;0&quot;}\" data-image-title=\"1394_185\" data-image-description=\"\" data-image-caption=\"\" data-large-file=\"https:\/\/blog.erm.ee\/wp-content\/uploads\/2014\/09\/1394_185-1024x720.jpg\" class=\"alignnone size-large wp-image-5271\" src=\"https:\/\/blog.erm.ee\/wp-content\/uploads\/2014\/09\/1394_185-1024x720.jpg\" alt=\"1394_185\" width=\"700\" height=\"492\" srcset=\"https:\/\/blog.erm.ee\/wp-content\/uploads\/2014\/09\/1394_185-1024x720.jpg 1024w, https:\/\/blog.erm.ee\/wp-content\/uploads\/2014\/09\/1394_185-369x260.jpg 369w, https:\/\/blog.erm.ee\/wp-content\/uploads\/2014\/09\/1394_185-300x211.jpg 300w, https:\/\/blog.erm.ee\/wp-content\/uploads\/2014\/09\/1394_185.jpg 1600w\" sizes=\"auto, (max-width: 700px) 100vw, 700px\" \/><\/a><em><br \/>\nERM Fk 1394:185 Marjulised metsas Tuusna l\u00e4hedal Vaivara kihelkonnas. Foto: Gustav Vilbaste, 1929.<\/em><\/p>\n<p><a href=\"https:\/\/blog.erm.ee\/wp-content\/uploads\/2014\/09\/2250_155.jpg\"><img loading=\"lazy\" decoding=\"async\" data-attachment-id=\"5272\" data-permalink=\"https:\/\/blog.erm.ee\/?attachment_id=5272#main\" data-orig-file=\"https:\/\/blog.erm.ee\/wp-content\/uploads\/2014\/09\/2250_155.jpg\" data-orig-size=\"1600,1020\" data-comments-opened=\"1\" data-image-meta=\"{&quot;aperture&quot;:&quot;0&quot;,&quot;credit&quot;:&quot;&quot;,&quot;camera&quot;:&quot;&quot;,&quot;caption&quot;:&quot;&quot;,&quot;created_timestamp&quot;:&quot;1410516886&quot;,&quot;copyright&quot;:&quot;\\u00a9 Eesti Rahva Muuseum&quot;,&quot;focal_length&quot;:&quot;0&quot;,&quot;iso&quot;:&quot;0&quot;,&quot;shutter_speed&quot;:&quot;0&quot;,&quot;title&quot;:&quot;&quot;,&quot;orientation&quot;:&quot;0&quot;}\" data-image-title=\"2250_155\" data-image-description=\"\" data-image-caption=\"\" data-large-file=\"https:\/\/blog.erm.ee\/wp-content\/uploads\/2014\/09\/2250_155-1024x652.jpg\" class=\"alignnone size-large wp-image-5272\" src=\"https:\/\/blog.erm.ee\/wp-content\/uploads\/2014\/09\/2250_155-1024x652.jpg\" alt=\"2250_155\" width=\"700\" height=\"445\" srcset=\"https:\/\/blog.erm.ee\/wp-content\/uploads\/2014\/09\/2250_155-1024x652.jpg 1024w, https:\/\/blog.erm.ee\/wp-content\/uploads\/2014\/09\/2250_155-407x260.jpg 407w, https:\/\/blog.erm.ee\/wp-content\/uploads\/2014\/09\/2250_155-300x191.jpg 300w, https:\/\/blog.erm.ee\/wp-content\/uploads\/2014\/09\/2250_155.jpg 1600w\" sizes=\"auto, (max-width: 700px) 100vw, 700px\" \/><\/a><em><br \/>\nERM Fk 2250:155 Kusagil Viljandimaal pohlal 1921. a. Fotograaf teadmata.<\/em><\/p>\n<p><a href=\"https:\/\/blog.erm.ee\/wp-content\/uploads\/2014\/09\/1925_14.jpg\"><img loading=\"lazy\" decoding=\"async\" data-attachment-id=\"5273\" data-permalink=\"https:\/\/blog.erm.ee\/?attachment_id=5273#main\" data-orig-file=\"https:\/\/blog.erm.ee\/wp-content\/uploads\/2014\/09\/1925_14.jpg\" data-orig-size=\"1047,1600\" data-comments-opened=\"1\" data-image-meta=\"{&quot;aperture&quot;:&quot;0&quot;,&quot;credit&quot;:&quot;&quot;,&quot;camera&quot;:&quot;&quot;,&quot;caption&quot;:&quot;&quot;,&quot;created_timestamp&quot;:&quot;1410516935&quot;,&quot;copyright&quot;:&quot;\\u00a9 Eesti Rahva Muuseum&quot;,&quot;focal_length&quot;:&quot;0&quot;,&quot;iso&quot;:&quot;0&quot;,&quot;shutter_speed&quot;:&quot;0&quot;,&quot;title&quot;:&quot;&quot;,&quot;orientation&quot;:&quot;0&quot;}\" data-image-title=\"1925_14\" data-image-description=\"\" data-image-caption=\"\" data-large-file=\"https:\/\/blog.erm.ee\/wp-content\/uploads\/2014\/09\/1925_14-670x1024.jpg\" class=\"alignnone size-large wp-image-5273\" src=\"https:\/\/blog.erm.ee\/wp-content\/uploads\/2014\/09\/1925_14-670x1024.jpg\" alt=\"1925_14\" width=\"670\" height=\"1024\" srcset=\"https:\/\/blog.erm.ee\/wp-content\/uploads\/2014\/09\/1925_14-670x1024.jpg 670w, https:\/\/blog.erm.ee\/wp-content\/uploads\/2014\/09\/1925_14-170x260.jpg 170w, https:\/\/blog.erm.ee\/wp-content\/uploads\/2014\/09\/1925_14-196x300.jpg 196w, https:\/\/blog.erm.ee\/wp-content\/uploads\/2014\/09\/1925_14.jpg 1047w\" sizes=\"auto, (max-width: 670px) 100vw, 670px\" \/><\/a><em><br \/>\nERM Fk 1925:14 Jekaterina Sondova Karjalas pohli tuulamas. Foto: Hannes Voolmaa, 1980.<\/em><\/p>\n<h3><strong>P\u00c4HKLID<\/strong><\/h3>\n<p><em>P\u00e4hklitest tehti ka p\u00e4rleid, st p\u00e4hklil l\u00f5igati m\u00f5lemast otsast t\u00fckk \u00e4ra, pisteti n\u00f5el ja linane l\u00f5ng l\u00e4bi ja niimoodi pandi l\u00f5ngale palju p\u00e4hkleid, kuni sai pikk rong, see seoti kokku ja pandi j\u00f5ulupuule.<br \/>\n\u00dckskord tuli uuel aastal meile naabri koer. T\u00fcdrukud panid koerale sellise p\u00e4hklitest rongi kaela, igale p\u00e4hklile kirjutati \u00fcks t\u00e4ht HEAD UUT AASTAT! Koer oli l\u00e4inud kohe koju ja imestus oli suur, kui tema kaelast leiti selline tervitus. <\/em>ERM KV 583:48 (KL 168 Loodusandide korjamine, Saaremaa, 1983\u20131984).<\/p>\n<p><em>\u00a0<a href=\"https:\/\/blog.erm.ee\/wp-content\/uploads\/2014\/09\/2388_87.jpg\"><img loading=\"lazy\" decoding=\"async\" data-attachment-id=\"5274\" data-permalink=\"https:\/\/blog.erm.ee\/?attachment_id=5274#main\" data-orig-file=\"https:\/\/blog.erm.ee\/wp-content\/uploads\/2014\/09\/2388_87.jpg\" data-orig-size=\"1600,1055\" data-comments-opened=\"1\" data-image-meta=\"{&quot;aperture&quot;:&quot;0&quot;,&quot;credit&quot;:&quot;&quot;,&quot;camera&quot;:&quot;&quot;,&quot;caption&quot;:&quot;&quot;,&quot;created_timestamp&quot;:&quot;1410516949&quot;,&quot;copyright&quot;:&quot;\\u00a9 Eesti Rahva Muuseum&quot;,&quot;focal_length&quot;:&quot;0&quot;,&quot;iso&quot;:&quot;0&quot;,&quot;shutter_speed&quot;:&quot;0&quot;,&quot;title&quot;:&quot;&quot;,&quot;orientation&quot;:&quot;0&quot;}\" data-image-title=\"2388_87\" data-image-description=\"\" data-image-caption=\"\" data-large-file=\"https:\/\/blog.erm.ee\/wp-content\/uploads\/2014\/09\/2388_87-1024x675.jpg\" class=\"alignnone size-large wp-image-5274\" src=\"https:\/\/blog.erm.ee\/wp-content\/uploads\/2014\/09\/2388_87-1024x675.jpg\" alt=\"2388_87\" width=\"700\" height=\"461\" srcset=\"https:\/\/blog.erm.ee\/wp-content\/uploads\/2014\/09\/2388_87-1024x675.jpg 1024w, https:\/\/blog.erm.ee\/wp-content\/uploads\/2014\/09\/2388_87-394x260.jpg 394w, https:\/\/blog.erm.ee\/wp-content\/uploads\/2014\/09\/2388_87-300x197.jpg 300w, https:\/\/blog.erm.ee\/wp-content\/uploads\/2014\/09\/2388_87.jpg 1600w\" sizes=\"auto, (max-width: 700px) 100vw, 700px\" \/><\/a><\/em><em><br \/>\nERM Fk 2388:87 P\u00e4hklikorjajad. Foto: August Kaevats, 1914.<\/em><\/p>\n<p><a href=\"https:\/\/blog.erm.ee\/wp-content\/uploads\/2014\/09\/2192_263.jpg\"><img loading=\"lazy\" decoding=\"async\" data-attachment-id=\"5275\" data-permalink=\"https:\/\/blog.erm.ee\/?attachment_id=5275#main\" data-orig-file=\"https:\/\/blog.erm.ee\/wp-content\/uploads\/2014\/09\/2192_263.jpg\" data-orig-size=\"1600,1142\" data-comments-opened=\"1\" data-image-meta=\"{&quot;aperture&quot;:&quot;0&quot;,&quot;credit&quot;:&quot;&quot;,&quot;camera&quot;:&quot;&quot;,&quot;caption&quot;:&quot;&quot;,&quot;created_timestamp&quot;:&quot;1410516976&quot;,&quot;copyright&quot;:&quot;\\u00a9 Eesti Rahva Muuseum&quot;,&quot;focal_length&quot;:&quot;0&quot;,&quot;iso&quot;:&quot;0&quot;,&quot;shutter_speed&quot;:&quot;0&quot;,&quot;title&quot;:&quot;&quot;,&quot;orientation&quot;:&quot;0&quot;}\" data-image-title=\"2192_263\" data-image-description=\"\" data-image-caption=\"\" data-large-file=\"https:\/\/blog.erm.ee\/wp-content\/uploads\/2014\/09\/2192_263-1024x730.jpg\" class=\"alignnone size-large wp-image-5275\" src=\"https:\/\/blog.erm.ee\/wp-content\/uploads\/2014\/09\/2192_263-1024x730.jpg\" alt=\"2192_263\" width=\"700\" height=\"499\" srcset=\"https:\/\/blog.erm.ee\/wp-content\/uploads\/2014\/09\/2192_263-1024x730.jpg 1024w, https:\/\/blog.erm.ee\/wp-content\/uploads\/2014\/09\/2192_263-364x260.jpg 364w, https:\/\/blog.erm.ee\/wp-content\/uploads\/2014\/09\/2192_263-300x214.jpg 300w, https:\/\/blog.erm.ee\/wp-content\/uploads\/2014\/09\/2192_263.jpg 1600w\" sizes=\"auto, (max-width: 700px) 100vw, 700px\" \/><\/a><em><br \/>\nERM Fk 2192:263 Amalie Juhkum p\u00e4hkleid puhastamas Sulevi k\u00fclas, Abhaasia ANSV-s. Foto: Aado Lintrop, 1986.<\/em><\/p>\n<h3><strong>RAVIMTAIMED<\/strong><\/h3>\n<p><em>Ravimtaimi korjati ja korjatakse ka praegu igas peres, mitmeid ka kasvatatakse koduaedades, nagu kummel, piparm\u00fcnt ja k\u00f6\u00f6mned, et oleks silma all ja saaks \u00f5igel ajal korjatud. <\/em>ERM KV 583:24 (Kl 168 Loodusandide korjamine, Saaremaa, 1983\u20131984).<\/p>\n<p><em>\u00a0<a href=\"https:\/\/blog.erm.ee\/wp-content\/uploads\/2014\/09\/2497_12.jpg\"><img loading=\"lazy\" decoding=\"async\" data-attachment-id=\"5290\" data-permalink=\"https:\/\/blog.erm.ee\/?attachment_id=5290#main\" data-orig-file=\"https:\/\/blog.erm.ee\/wp-content\/uploads\/2014\/09\/2497_12.jpg\" data-orig-size=\"1152,1600\" data-comments-opened=\"1\" data-image-meta=\"{&quot;aperture&quot;:&quot;0&quot;,&quot;credit&quot;:&quot;&quot;,&quot;camera&quot;:&quot;&quot;,&quot;caption&quot;:&quot;&quot;,&quot;created_timestamp&quot;:&quot;0&quot;,&quot;copyright&quot;:&quot;&quot;,&quot;focal_length&quot;:&quot;0&quot;,&quot;iso&quot;:&quot;0&quot;,&quot;shutter_speed&quot;:&quot;0&quot;,&quot;title&quot;:&quot;&quot;,&quot;orientation&quot;:&quot;0&quot;}\" data-image-title=\"2497_12\" data-image-description=\"\" data-image-caption=\"\" data-large-file=\"https:\/\/blog.erm.ee\/wp-content\/uploads\/2014\/09\/2497_12-737x1024.jpg\" class=\"alignnone size-large wp-image-5290\" src=\"https:\/\/blog.erm.ee\/wp-content\/uploads\/2014\/09\/2497_12-737x1024.jpg\" alt=\"2497_12\" width=\"700\" height=\"972\" srcset=\"https:\/\/blog.erm.ee\/wp-content\/uploads\/2014\/09\/2497_12-737x1024.jpg 737w, https:\/\/blog.erm.ee\/wp-content\/uploads\/2014\/09\/2497_12-187x260.jpg 187w, https:\/\/blog.erm.ee\/wp-content\/uploads\/2014\/09\/2497_12-216x300.jpg 216w, https:\/\/blog.erm.ee\/wp-content\/uploads\/2014\/09\/2497_12.jpg 1152w\" sizes=\"auto, (max-width: 700px) 100vw, 700px\" \/><\/a><\/em><em><br \/>\nERM Fk 2497:12 P\u00f5ltsamaa apteegi t\u00f6\u00f6tajad Tartu l\u00e4histel kummeli\u00f5isi korjamas 1960. Fotograaf teadmata.<\/em><\/p>\n<p><a href=\"https:\/\/blog.erm.ee\/wp-content\/uploads\/2014\/09\/1890_165.jpg\"><img loading=\"lazy\" decoding=\"async\" data-attachment-id=\"5277\" data-permalink=\"https:\/\/blog.erm.ee\/?attachment_id=5277#main\" data-orig-file=\"https:\/\/blog.erm.ee\/wp-content\/uploads\/2014\/09\/1890_165.jpg\" data-orig-size=\"1600,1363\" data-comments-opened=\"1\" data-image-meta=\"{&quot;aperture&quot;:&quot;0&quot;,&quot;credit&quot;:&quot;&quot;,&quot;camera&quot;:&quot;&quot;,&quot;caption&quot;:&quot;&quot;,&quot;created_timestamp&quot;:&quot;1410516919&quot;,&quot;copyright&quot;:&quot;\\u00a9 Eesti Rahva Muuseum&quot;,&quot;focal_length&quot;:&quot;0&quot;,&quot;iso&quot;:&quot;0&quot;,&quot;shutter_speed&quot;:&quot;0&quot;,&quot;title&quot;:&quot;&quot;,&quot;orientation&quot;:&quot;0&quot;}\" data-image-title=\"1890_165\" data-image-description=\"\" data-image-caption=\"\" data-large-file=\"https:\/\/blog.erm.ee\/wp-content\/uploads\/2014\/09\/1890_165-1024x872.jpg\" class=\"alignnone size-large wp-image-5277\" src=\"https:\/\/blog.erm.ee\/wp-content\/uploads\/2014\/09\/1890_165-1024x872.jpg\" alt=\"1890_165\" width=\"700\" height=\"596\" srcset=\"https:\/\/blog.erm.ee\/wp-content\/uploads\/2014\/09\/1890_165-1024x872.jpg 1024w, https:\/\/blog.erm.ee\/wp-content\/uploads\/2014\/09\/1890_165-305x260.jpg 305w, https:\/\/blog.erm.ee\/wp-content\/uploads\/2014\/09\/1890_165-300x255.jpg 300w, https:\/\/blog.erm.ee\/wp-content\/uploads\/2014\/09\/1890_165.jpg 1600w\" sizes=\"auto, (max-width: 700px) 100vw, 700px\" \/><\/a><em><br \/>\nERM Fk 1890:165 Vihik\u00fcla elanik j\u00f5est ravimtaimi \u2013 piparm\u00fcnti ja maavitsa \u2013 korjamas. Foto J\u00fcri Karm, 1979.<\/em><\/p>\n<h3><strong>SEENED<\/strong><\/h3>\n<p><em>Enne esimest ilmas\u00f5da kuulutas Paju m\u00f5isa omanik k\u00f5ik seened ja marjad m\u00f5isa omandiks. Kehtestas piletite m\u00fc\u00fcgi seente ja marjade korjajatele, vist 50 kop marjapilet ja sama palju seenepilet. Metsavahid kontrollisid metsas naisi. \u00dcks metsavaht oli eriti \u00f5el. Kui sai naised k\u00e4tte, kellel piletit ei olnud, l\u00f5hkus korvi, tallas marjad ja seened jalgadega sodiks. Salak\u00fctid tapsid metsavahi hiljem \u00e4ra. <\/em>ERM KV 583:482 (Kl 168 Loodusandide korjamine, Valga, 1983\u20131984).<\/p>\n<p><em><a href=\"https:\/\/blog.erm.ee\/wp-content\/uploads\/2014\/09\/064274_ERM_Fk_2905_346.jpg\"><img loading=\"lazy\" decoding=\"async\" data-attachment-id=\"5278\" data-permalink=\"https:\/\/blog.erm.ee\/?attachment_id=5278#main\" data-orig-file=\"https:\/\/blog.erm.ee\/wp-content\/uploads\/2014\/09\/064274_ERM_Fk_2905_346.jpg\" data-orig-size=\"1600,1047\" data-comments-opened=\"1\" data-image-meta=\"{&quot;aperture&quot;:&quot;0&quot;,&quot;credit&quot;:&quot;&quot;,&quot;camera&quot;:&quot;&quot;,&quot;caption&quot;:&quot;&quot;,&quot;created_timestamp&quot;:&quot;1141639485&quot;,&quot;copyright&quot;:&quot;\\u00a9 Eesti Rahva Muuseum&quot;,&quot;focal_length&quot;:&quot;0&quot;,&quot;iso&quot;:&quot;0&quot;,&quot;shutter_speed&quot;:&quot;0&quot;,&quot;title&quot;:&quot;&quot;,&quot;orientation&quot;:&quot;0&quot;}\" data-image-title=\"064274_ERM_Fk_2905_346\" data-image-description=\"\" data-image-caption=\"\" data-large-file=\"https:\/\/blog.erm.ee\/wp-content\/uploads\/2014\/09\/064274_ERM_Fk_2905_346-1024x670.jpg\" class=\"alignnone size-large wp-image-5278\" src=\"https:\/\/blog.erm.ee\/wp-content\/uploads\/2014\/09\/064274_ERM_Fk_2905_346-1024x670.jpg\" alt=\"064274_ERM_Fk_2905_346\" width=\"700\" height=\"458\" srcset=\"https:\/\/blog.erm.ee\/wp-content\/uploads\/2014\/09\/064274_ERM_Fk_2905_346-1024x670.jpg 1024w, https:\/\/blog.erm.ee\/wp-content\/uploads\/2014\/09\/064274_ERM_Fk_2905_346-397x260.jpg 397w, https:\/\/blog.erm.ee\/wp-content\/uploads\/2014\/09\/064274_ERM_Fk_2905_346-300x196.jpg 300w, https:\/\/blog.erm.ee\/wp-content\/uploads\/2014\/09\/064274_ERM_Fk_2905_346.jpg 1600w\" sizes=\"auto, (max-width: 700px) 100vw, 700px\" \/><\/a><br \/>\nERM Fk 2905:346 Tartu kartonaa\u017etsehhi kollektiivi v\u00e4ljas\u00f5it seenemetsa 1960. aastatel. Fotograaf teadmata.<\/em><\/p>\n<p><a href=\"https:\/\/blog.erm.ee\/wp-content\/uploads\/2014\/09\/344050_ERM_Fk_2971_3778.jpg\"><img loading=\"lazy\" decoding=\"async\" data-attachment-id=\"5279\" data-permalink=\"https:\/\/blog.erm.ee\/?attachment_id=5279#main\" data-orig-file=\"https:\/\/blog.erm.ee\/wp-content\/uploads\/2014\/09\/344050_ERM_Fk_2971_3778.jpg\" data-orig-size=\"1600,1040\" data-comments-opened=\"1\" data-image-meta=\"{&quot;aperture&quot;:&quot;0&quot;,&quot;credit&quot;:&quot;&quot;,&quot;camera&quot;:&quot;&quot;,&quot;caption&quot;:&quot;&quot;,&quot;created_timestamp&quot;:&quot;0&quot;,&quot;copyright&quot;:&quot;\\u00a9 Eesti Rahva Muuseum&quot;,&quot;focal_length&quot;:&quot;0&quot;,&quot;iso&quot;:&quot;0&quot;,&quot;shutter_speed&quot;:&quot;0&quot;,&quot;title&quot;:&quot;&quot;,&quot;orientation&quot;:&quot;0&quot;}\" data-image-title=\"344050_ERM_Fk_2971_3778\" data-image-description=\"\" data-image-caption=\"\" data-large-file=\"https:\/\/blog.erm.ee\/wp-content\/uploads\/2014\/09\/344050_ERM_Fk_2971_3778-1024x665.jpg\" class=\"alignnone size-large wp-image-5279\" src=\"https:\/\/blog.erm.ee\/wp-content\/uploads\/2014\/09\/344050_ERM_Fk_2971_3778-1024x665.jpg\" alt=\"344050_ERM_Fk_2971_3778\" width=\"700\" height=\"454\" srcset=\"https:\/\/blog.erm.ee\/wp-content\/uploads\/2014\/09\/344050_ERM_Fk_2971_3778-1024x665.jpg 1024w, https:\/\/blog.erm.ee\/wp-content\/uploads\/2014\/09\/344050_ERM_Fk_2971_3778-400x260.jpg 400w, https:\/\/blog.erm.ee\/wp-content\/uploads\/2014\/09\/344050_ERM_Fk_2971_3778-300x195.jpg 300w, https:\/\/blog.erm.ee\/wp-content\/uploads\/2014\/09\/344050_ERM_Fk_2971_3778.jpg 1600w\" sizes=\"auto, (max-width: 700px) 100vw, 700px\" \/><\/a><em><br \/>\nERM Fk 2971:3778 Poiss kahe suure sirmikuga metsateel. Foto: Jaak Eelmets, u 1992.<\/em><\/p>\n<p><a href=\"https:\/\/blog.erm.ee\/wp-content\/uploads\/2014\/09\/064147_ERM_Fk_2905_219.jpg\"><img loading=\"lazy\" decoding=\"async\" data-attachment-id=\"5280\" data-permalink=\"https:\/\/blog.erm.ee\/?attachment_id=5280#main\" data-orig-file=\"https:\/\/blog.erm.ee\/wp-content\/uploads\/2014\/09\/064147_ERM_Fk_2905_219.jpg\" data-orig-size=\"1600,1094\" data-comments-opened=\"1\" data-image-meta=\"{&quot;aperture&quot;:&quot;0&quot;,&quot;credit&quot;:&quot;&quot;,&quot;camera&quot;:&quot;&quot;,&quot;caption&quot;:&quot;&quot;,&quot;created_timestamp&quot;:&quot;0&quot;,&quot;copyright&quot;:&quot;\\u00a9 Eesti Rahva Muuseum&quot;,&quot;focal_length&quot;:&quot;0&quot;,&quot;iso&quot;:&quot;0&quot;,&quot;shutter_speed&quot;:&quot;0&quot;,&quot;title&quot;:&quot;&quot;,&quot;orientation&quot;:&quot;0&quot;}\" data-image-title=\"064147_ERM_Fk_2905_219\" data-image-description=\"\" data-image-caption=\"\" data-large-file=\"https:\/\/blog.erm.ee\/wp-content\/uploads\/2014\/09\/064147_ERM_Fk_2905_219-1024x700.jpg\" class=\"alignnone size-large wp-image-5280\" src=\"https:\/\/blog.erm.ee\/wp-content\/uploads\/2014\/09\/064147_ERM_Fk_2905_219-1024x700.jpg\" alt=\"064147_ERM_Fk_2905_219\" width=\"700\" height=\"478\" srcset=\"https:\/\/blog.erm.ee\/wp-content\/uploads\/2014\/09\/064147_ERM_Fk_2905_219-1024x700.jpg 1024w, https:\/\/blog.erm.ee\/wp-content\/uploads\/2014\/09\/064147_ERM_Fk_2905_219-380x260.jpg 380w, https:\/\/blog.erm.ee\/wp-content\/uploads\/2014\/09\/064147_ERM_Fk_2905_219-300x205.jpg 300w, https:\/\/blog.erm.ee\/wp-content\/uploads\/2014\/09\/064147_ERM_Fk_2905_219.jpg 1600w\" sizes=\"auto, (max-width: 700px) 100vw, 700px\" \/><\/a><em><br \/>\nERM Fk 2905:219 Lapsed imetlemas emade seenesaaki Tartu LMK suvila trepil Taevaskojas. Foto: Juhan Tuubel, 1986.<\/em><\/p>\n<p><a href=\"https:\/\/blog.erm.ee\/wp-content\/uploads\/2014\/09\/046889_ERM_Fk_2827_142.jpg\"><img loading=\"lazy\" decoding=\"async\" data-attachment-id=\"5281\" data-permalink=\"https:\/\/blog.erm.ee\/?attachment_id=5281#main\" data-orig-file=\"https:\/\/blog.erm.ee\/wp-content\/uploads\/2014\/09\/046889_ERM_Fk_2827_142.jpg\" data-orig-size=\"1600,1144\" data-comments-opened=\"1\" data-image-meta=\"{&quot;aperture&quot;:&quot;0&quot;,&quot;credit&quot;:&quot;&quot;,&quot;camera&quot;:&quot;&quot;,&quot;caption&quot;:&quot;File Name : DSCN9727.JPG\\r\\rFile Size : 1.5MB (1624293 Bytes)\\r\\rDate Taken : 2002\/09\/24 14:49:30\\r\\rImage Size : 2560 x 1920 pixels\\r\\rResolution : 300 x 300 dpi\\r\\rBit Depth : 8 bits\/channel\\r\\rProtection Attribute : Off\\r\\rHide Attribute : Off\\r\\rCamera ID : N\/A\\r\\rCamera : E5000\\r\\rQuality Mode : FINE\\r\\rMetering Mode : Matrix\\r\\rExposure Mode : Manual\\r\\rSpeed Light : No\\r\\rFocal Length : 17.5 mm\\r\\rShutter Speed : 1\/60 second\\r\\rAperture : F6.7\\r\\rExposure Compensation : 0 EV\\r\\rWhite Balance : Preset\\r\\rLens : Built-in\\r\\rFlash Sync Mode : N\/A\\r\\rExposure Difference : N\/A\\r\\rFlexible Program : N\/A\\r\\rSensitivity : ISO100\\r\\rSharpening : Auto\\r\\rImage Type : Color\\r\\rColor Mode : N\/A\\r\\rHue Adjustment : N\/A\\r\\rSaturation Control : Normal\\r\\rTone Compensation : Auto\\r\\rLatitude(GPS) : N\/A\\r\\rLongitude(GPS) : N\/A\\r\\rAltitude(GPS) : N\/A&quot;,&quot;created_timestamp&quot;:&quot;1032868170&quot;,&quot;copyright&quot;:&quot;\\u00a9 Eesti Rahva Muuseum&quot;,&quot;focal_length&quot;:&quot;0&quot;,&quot;iso&quot;:&quot;0&quot;,&quot;shutter_speed&quot;:&quot;0&quot;,&quot;title&quot;:&quot;&quot;,&quot;orientation&quot;:&quot;0&quot;}\" data-image-title=\"046889_ERM_Fk_2827_142\" data-image-description=\"&lt;p&gt;File Name : DSCN9727.JPG&lt;\/p&gt;\n&lt;p&gt;File Size : 1.5MB (1624293 Bytes)&lt;\/p&gt;\n&lt;p&gt;Date Taken : 2002\/09\/24 14:49:30&lt;\/p&gt;\n&lt;p&gt;Image Size : 2560 x 1920 pixels&lt;\/p&gt;\n&lt;p&gt;Resolution : 300 x 300 dpi&lt;\/p&gt;\n&lt;p&gt;Bit Depth : 8 bits\/channel&lt;\/p&gt;\n&lt;p&gt;Protection Attribute : Off&lt;\/p&gt;\n&lt;p&gt;Hide Attribute : Off&lt;\/p&gt;\n&lt;p&gt;Camera ID : N\/A&lt;\/p&gt;\n&lt;p&gt;Camera : E5000&lt;\/p&gt;\n&lt;p&gt;Quality Mode : FINE&lt;\/p&gt;\n&lt;p&gt;Metering Mode : Matrix&lt;\/p&gt;\n&lt;p&gt;Exposure Mode : Manual&lt;\/p&gt;\n&lt;p&gt;Speed Light : No&lt;\/p&gt;\n&lt;p&gt;Focal Length : 17.5 mm&lt;\/p&gt;\n&lt;p&gt;Shutter Speed : 1\/60 second&lt;\/p&gt;\n&lt;p&gt;Aperture : F6.7&lt;\/p&gt;\n&lt;p&gt;Exposure Compensation : 0 EV&lt;\/p&gt;\n&lt;p&gt;White Balance : Preset&lt;\/p&gt;\n&lt;p&gt;Lens : Built-in&lt;\/p&gt;\n&lt;p&gt;Flash Sync Mode : N\/A&lt;\/p&gt;\n&lt;p&gt;Exposure Difference : N\/A&lt;\/p&gt;\n&lt;p&gt;Flexible Program : N\/A&lt;\/p&gt;\n&lt;p&gt;Sensitivity : ISO100&lt;\/p&gt;\n&lt;p&gt;Sharpening : Auto&lt;\/p&gt;\n&lt;p&gt;Image Type : Color&lt;\/p&gt;\n&lt;p&gt;Color Mode : N\/A&lt;\/p&gt;\n&lt;p&gt;Hue Adjustment : N\/A&lt;\/p&gt;\n&lt;p&gt;Saturation Control : Normal&lt;\/p&gt;\n&lt;p&gt;Tone Compensation : Auto&lt;\/p&gt;\n&lt;p&gt;Latitude(GPS) : N\/A&lt;\/p&gt;\n&lt;p&gt;Longitude(GPS) : N\/A&lt;\/p&gt;\n&lt;p&gt;Altitude(GPS) : N\/A&lt;\/p&gt;\n\" data-image-caption=\"\" data-large-file=\"https:\/\/blog.erm.ee\/wp-content\/uploads\/2014\/09\/046889_ERM_Fk_2827_142-1024x732.jpg\" class=\"alignnone size-large wp-image-5281\" src=\"https:\/\/blog.erm.ee\/wp-content\/uploads\/2014\/09\/046889_ERM_Fk_2827_142-1024x732.jpg\" alt=\"046889_ERM_Fk_2827_142\" width=\"700\" height=\"500\" srcset=\"https:\/\/blog.erm.ee\/wp-content\/uploads\/2014\/09\/046889_ERM_Fk_2827_142-1024x732.jpg 1024w, https:\/\/blog.erm.ee\/wp-content\/uploads\/2014\/09\/046889_ERM_Fk_2827_142-363x260.jpg 363w, https:\/\/blog.erm.ee\/wp-content\/uploads\/2014\/09\/046889_ERM_Fk_2827_142-300x214.jpg 300w, https:\/\/blog.erm.ee\/wp-content\/uploads\/2014\/09\/046889_ERM_Fk_2827_142.jpg 1600w\" sizes=\"auto, (max-width: 700px) 100vw, 700px\" \/><\/a><em><br \/>\nERM Fk 2827:142 Siberis Tomski oblastis Krasn\u00f5i Jaris 1955. a seenel. Fotograaf teadmata.<\/em><\/p>\n<p><a href=\"https:\/\/blog.erm.ee\/wp-content\/uploads\/2014\/09\/315736_ERM_Fk_1194_56.jpg\"><img loading=\"lazy\" decoding=\"async\" data-attachment-id=\"5282\" data-permalink=\"https:\/\/blog.erm.ee\/?attachment_id=5282#main\" data-orig-file=\"https:\/\/blog.erm.ee\/wp-content\/uploads\/2014\/09\/315736_ERM_Fk_1194_56.jpg\" data-orig-size=\"1600,1171\" data-comments-opened=\"1\" data-image-meta=\"{&quot;aperture&quot;:&quot;0&quot;,&quot;credit&quot;:&quot;Unspecified&quot;,&quot;camera&quot;:&quot;&quot;,&quot;caption&quot;:&quot;Capturefile: D:! fotokast asjad2010-12-08_repF221_Mare Piho1194_56.NEF\\rCaptureSN: --.000000\\rSoftware: Capture One LE for Windows&quot;,&quot;created_timestamp&quot;:&quot;1291824136&quot;,&quot;copyright&quot;:&quot;\\u00a9 Eesti Rahva Muuseum&quot;,&quot;focal_length&quot;:&quot;0&quot;,&quot;iso&quot;:&quot;0&quot;,&quot;shutter_speed&quot;:&quot;0&quot;,&quot;title&quot;:&quot;&quot;,&quot;orientation&quot;:&quot;0&quot;}\" data-image-title=\"315736_ERM_Fk_1194_56\" data-image-description=\"&lt;p&gt;Capturefile: D:! fotokast asjad2010-12-08_repF221_Mare Piho1194_56.NEF&lt;br \/&gt;\nCaptureSN: &amp;#8211;.000000&lt;br \/&gt;\nSoftware: Capture One LE for Windows&lt;\/p&gt;\n\" data-image-caption=\"\" data-large-file=\"https:\/\/blog.erm.ee\/wp-content\/uploads\/2014\/09\/315736_ERM_Fk_1194_56-1024x749.jpg\" class=\"alignnone size-large wp-image-5282\" src=\"https:\/\/blog.erm.ee\/wp-content\/uploads\/2014\/09\/315736_ERM_Fk_1194_56-1024x749.jpg\" alt=\"315736_ERM_Fk_1194_56\" width=\"700\" height=\"512\" srcset=\"https:\/\/blog.erm.ee\/wp-content\/uploads\/2014\/09\/315736_ERM_Fk_1194_56-1024x749.jpg 1024w, https:\/\/blog.erm.ee\/wp-content\/uploads\/2014\/09\/315736_ERM_Fk_1194_56-355x260.jpg 355w, https:\/\/blog.erm.ee\/wp-content\/uploads\/2014\/09\/315736_ERM_Fk_1194_56-300x219.jpg 300w, https:\/\/blog.erm.ee\/wp-content\/uploads\/2014\/09\/315736_ERM_Fk_1194_56.jpg 1600w\" sizes=\"auto, (max-width: 700px) 100vw, 700px\" \/><\/a><em><br \/>\nERM Fk 1194:56 Kolhoosnikud L\u00f5kovost seenekorvidega. Foto: Uudo Rips, 1952\u201353.<\/em><\/p>\n<p><a href=\"https:\/\/blog.erm.ee\/wp-content\/uploads\/2014\/09\/065892_ERM_Fk_2909_384.jpg\"><img loading=\"lazy\" decoding=\"async\" data-attachment-id=\"5283\" data-permalink=\"https:\/\/blog.erm.ee\/?attachment_id=5283#main\" data-orig-file=\"https:\/\/blog.erm.ee\/wp-content\/uploads\/2014\/09\/065892_ERM_Fk_2909_384.jpg\" data-orig-size=\"1600,1055\" data-comments-opened=\"1\" data-image-meta=\"{&quot;aperture&quot;:&quot;0&quot;,&quot;credit&quot;:&quot;&quot;,&quot;camera&quot;:&quot;&quot;,&quot;caption&quot;:&quot;&quot;,&quot;created_timestamp&quot;:&quot;0&quot;,&quot;copyright&quot;:&quot;\\u00a9 Eesti Rahva Muuseum&quot;,&quot;focal_length&quot;:&quot;0&quot;,&quot;iso&quot;:&quot;0&quot;,&quot;shutter_speed&quot;:&quot;0&quot;,&quot;title&quot;:&quot;&quot;,&quot;orientation&quot;:&quot;0&quot;}\" data-image-title=\"065892_ERM_Fk_2909_384\" data-image-description=\"\" data-image-caption=\"\" data-large-file=\"https:\/\/blog.erm.ee\/wp-content\/uploads\/2014\/09\/065892_ERM_Fk_2909_384-1024x675.jpg\" class=\"alignnone size-large wp-image-5283\" src=\"https:\/\/blog.erm.ee\/wp-content\/uploads\/2014\/09\/065892_ERM_Fk_2909_384-1024x675.jpg\" alt=\"065892_ERM_Fk_2909_384\" width=\"700\" height=\"461\" srcset=\"https:\/\/blog.erm.ee\/wp-content\/uploads\/2014\/09\/065892_ERM_Fk_2909_384-1024x675.jpg 1024w, https:\/\/blog.erm.ee\/wp-content\/uploads\/2014\/09\/065892_ERM_Fk_2909_384-394x260.jpg 394w, https:\/\/blog.erm.ee\/wp-content\/uploads\/2014\/09\/065892_ERM_Fk_2909_384-300x197.jpg 300w, https:\/\/blog.erm.ee\/wp-content\/uploads\/2014\/09\/065892_ERM_Fk_2909_384.jpg 1600w\" sizes=\"auto, (max-width: 700px) 100vw, 700px\" \/><\/a><em><br \/>\nERM Fk 2909:384 Seenelised 1980. aastatel Kalam\u00e4e talus Kudina vallas. Fotograaf teadmata.<\/em><\/p>\n<p><a href=\"https:\/\/blog.erm.ee\/wp-content\/uploads\/2014\/09\/2143_17.jpg\"><img loading=\"lazy\" decoding=\"async\" data-attachment-id=\"5284\" data-permalink=\"https:\/\/blog.erm.ee\/?attachment_id=5284#main\" data-orig-file=\"https:\/\/blog.erm.ee\/wp-content\/uploads\/2014\/09\/2143_17.jpg\" data-orig-size=\"1600,1119\" data-comments-opened=\"1\" data-image-meta=\"{&quot;aperture&quot;:&quot;0&quot;,&quot;credit&quot;:&quot;&quot;,&quot;camera&quot;:&quot;&quot;,&quot;caption&quot;:&quot;&quot;,&quot;created_timestamp&quot;:&quot;1410517084&quot;,&quot;copyright&quot;:&quot;\\u00a9 Eesti Rahva Muuseum&quot;,&quot;focal_length&quot;:&quot;0&quot;,&quot;iso&quot;:&quot;0&quot;,&quot;shutter_speed&quot;:&quot;0&quot;,&quot;title&quot;:&quot;&quot;,&quot;orientation&quot;:&quot;0&quot;}\" data-image-title=\"2143_17\" data-image-description=\"\" data-image-caption=\"\" data-large-file=\"https:\/\/blog.erm.ee\/wp-content\/uploads\/2014\/09\/2143_17-1024x716.jpg\" class=\"alignnone size-large wp-image-5284\" src=\"https:\/\/blog.erm.ee\/wp-content\/uploads\/2014\/09\/2143_17-1024x716.jpg\" alt=\"2143_17\" width=\"700\" height=\"489\" srcset=\"https:\/\/blog.erm.ee\/wp-content\/uploads\/2014\/09\/2143_17-1024x716.jpg 1024w, https:\/\/blog.erm.ee\/wp-content\/uploads\/2014\/09\/2143_17-371x260.jpg 371w, https:\/\/blog.erm.ee\/wp-content\/uploads\/2014\/09\/2143_17-300x209.jpg 300w, https:\/\/blog.erm.ee\/wp-content\/uploads\/2014\/09\/2143_17.jpg 1600w\" sizes=\"auto, (max-width: 700px) 100vw, 700px\" \/><\/a><em><br \/>\nERM Fk 2143:17 Seeneliste peatus Kuusalu teel 1947. a septembris. Fotograaf teadmata.<\/em><\/p>\n<p><a href=\"https:\/\/blog.erm.ee\/wp-content\/uploads\/2014\/09\/2143_24.jpg\"><img loading=\"lazy\" decoding=\"async\" data-attachment-id=\"5285\" data-permalink=\"https:\/\/blog.erm.ee\/?attachment_id=5285#main\" data-orig-file=\"https:\/\/blog.erm.ee\/wp-content\/uploads\/2014\/09\/2143_24.jpg\" data-orig-size=\"1600,1057\" data-comments-opened=\"1\" data-image-meta=\"{&quot;aperture&quot;:&quot;0&quot;,&quot;credit&quot;:&quot;&quot;,&quot;camera&quot;:&quot;&quot;,&quot;caption&quot;:&quot;&quot;,&quot;created_timestamp&quot;:&quot;1410517098&quot;,&quot;copyright&quot;:&quot;\\u00a9 Eesti Rahva Muuseum&quot;,&quot;focal_length&quot;:&quot;0&quot;,&quot;iso&quot;:&quot;0&quot;,&quot;shutter_speed&quot;:&quot;0&quot;,&quot;title&quot;:&quot;&quot;,&quot;orientation&quot;:&quot;0&quot;}\" data-image-title=\"2143_24\" data-image-description=\"\" data-image-caption=\"\" data-large-file=\"https:\/\/blog.erm.ee\/wp-content\/uploads\/2014\/09\/2143_24-1024x676.jpg\" class=\"alignnone size-large wp-image-5285\" src=\"https:\/\/blog.erm.ee\/wp-content\/uploads\/2014\/09\/2143_24-1024x676.jpg\" alt=\"2143_24\" width=\"700\" height=\"462\" srcset=\"https:\/\/blog.erm.ee\/wp-content\/uploads\/2014\/09\/2143_24-1024x676.jpg 1024w, https:\/\/blog.erm.ee\/wp-content\/uploads\/2014\/09\/2143_24-393x260.jpg 393w, https:\/\/blog.erm.ee\/wp-content\/uploads\/2014\/09\/2143_24-300x198.jpg 300w, https:\/\/blog.erm.ee\/wp-content\/uploads\/2014\/09\/2143_24.jpg 1600w\" sizes=\"auto, (max-width: 700px) 100vw, 700px\" \/><\/a><em><br \/>\nERM Fk 2143:24 Seenel Laeva tee \u00e4\u00e4res 1947. aastal. Fotograaf teadmata.<\/em><\/p>\n<p><a href=\"https:\/\/blog.erm.ee\/wp-content\/uploads\/2014\/09\/2327_13.jpg\"><img loading=\"lazy\" decoding=\"async\" data-attachment-id=\"5286\" data-permalink=\"https:\/\/blog.erm.ee\/?attachment_id=5286#main\" data-orig-file=\"https:\/\/blog.erm.ee\/wp-content\/uploads\/2014\/09\/2327_13.jpg\" data-orig-size=\"1600,1096\" data-comments-opened=\"1\" data-image-meta=\"{&quot;aperture&quot;:&quot;0&quot;,&quot;credit&quot;:&quot;&quot;,&quot;camera&quot;:&quot;&quot;,&quot;caption&quot;:&quot;&quot;,&quot;created_timestamp&quot;:&quot;1410516961&quot;,&quot;copyright&quot;:&quot;\\u00a9 Eesti Rahva Muuseum&quot;,&quot;focal_length&quot;:&quot;0&quot;,&quot;iso&quot;:&quot;0&quot;,&quot;shutter_speed&quot;:&quot;0&quot;,&quot;title&quot;:&quot;&quot;,&quot;orientation&quot;:&quot;0&quot;}\" data-image-title=\"2327_13\" data-image-description=\"\" data-image-caption=\"\" data-large-file=\"https:\/\/blog.erm.ee\/wp-content\/uploads\/2014\/09\/2327_13-1024x701.jpg\" class=\"alignnone size-large wp-image-5286\" src=\"https:\/\/blog.erm.ee\/wp-content\/uploads\/2014\/09\/2327_13-1024x701.jpg\" alt=\"2327_13\" width=\"700\" height=\"479\" srcset=\"https:\/\/blog.erm.ee\/wp-content\/uploads\/2014\/09\/2327_13-1024x701.jpg 1024w, https:\/\/blog.erm.ee\/wp-content\/uploads\/2014\/09\/2327_13-379x260.jpg 379w, https:\/\/blog.erm.ee\/wp-content\/uploads\/2014\/09\/2327_13-300x205.jpg 300w, https:\/\/blog.erm.ee\/wp-content\/uploads\/2014\/09\/2327_13.jpg 1600w\" sizes=\"auto, (max-width: 700px) 100vw, 700px\" \/><\/a><em><br \/>\nERM Fk 2327:13 Seente kuivatamine Ust-Kulomi rajoonis Komi ANSV-s. Foto: Aldo Luud, 1989.<\/em><\/p>\n<div class=\"fcbkbttn_buttons_block\" id=\"fcbkbttn_left\"><div class=\"fcbkbttn_like \"><fb:like href=\"https:\/\/blog.erm.ee\/?p=5263\" action=\"like\" colorscheme=\"light\" layout=\"standard\"  width=\"225px\" size=\"small\"><\/fb:like><\/div><div class=\"fb-share-button  \" data-href=\"https:\/\/blog.erm.ee\/?p=5263\" data-type=\"button\" data-size=\"small\"><\/div><\/div>","protected":false},"excerpt":{"rendered":"<p>Kristi \u00dctt, digitaal- ja eriarhiivi hoiuhaldur Siret Saar, koguhoidja Eesti on \u00fcks metsarikkamaid riike \u2013 metsaga on kaetud ligi pool maismaast. V\u00f5ib-olla on see \u00fcks p\u00f5hjustest, miks paljud eestlased naudivad korilust. Lisaks korjamisvajadusele on eestlaste n\u00f5rkuseks ka saagi s\u00e4ilitamine. MARJAD Kodukandis l\u00e4ksime vanaemaga metsa marjule. Vanaema k\u00f5neles, et need, kes rebivad marjad \u00fches okste, varte&hellip;<\/p>\n","protected":false},"author":1,"featured_media":5283,"comment_status":"open","ping_status":"open","sticky":false,"template":"","format":"standard","meta":{"_monsterinsights_skip_tracking":false,"_monsterinsights_sitenote_active":false,"_monsterinsights_sitenote_note":"","_monsterinsights_sitenote_category":0,"jetpack_post_was_ever_published":false,"_jetpack_newsletter_access":"","_jetpack_dont_email_post_to_subs":false,"_jetpack_newsletter_tier_id":0,"_jetpack_memberships_contains_paywalled_content":false,"_jetpack_memberships_contains_paid_content":false,"footnotes":""},"categories":[6],"tags":[],"class_list":["post-5263","post","type-post","status-publish","format-standard","has-post-thumbnail","hentry","category-foto"],"yoast_head":"<!-- This site is optimized with the Yoast SEO plugin v27.5 - https:\/\/yoast.com\/product\/yoast-seo-wordpress\/ -->\n<title>Mine metsa! - Eesti Rahva Muuseumi ajaveeb<\/title>\n<meta name=\"robots\" content=\"index, follow, max-snippet:-1, max-image-preview:large, max-video-preview:-1\" \/>\n<link rel=\"canonical\" href=\"https:\/\/blog.erm.ee\/?p=5263\" \/>\n<meta property=\"og:locale\" content=\"et_EE\" \/>\n<meta property=\"og:type\" content=\"article\" \/>\n<meta property=\"og:title\" content=\"Mine metsa! - Eesti Rahva Muuseumi ajaveeb\" \/>\n<meta property=\"og:description\" content=\"Kristi \u00dctt, digitaal- ja eriarhiivi hoiuhaldur Siret Saar, koguhoidja Eesti on \u00fcks metsarikkamaid riike \u2013 metsaga on kaetud ligi pool maismaast. V\u00f5ib-olla on see \u00fcks p\u00f5hjustest, miks paljud eestlased naudivad korilust. Lisaks korjamisvajadusele on eestlaste n\u00f5rkuseks ka saagi s\u00e4ilitamine. MARJAD Kodukandis l\u00e4ksime vanaemaga metsa marjule. Vanaema k\u00f5neles, et need, kes rebivad marjad \u00fches okste, varte&hellip;\" \/>\n<meta property=\"og:url\" content=\"https:\/\/blog.erm.ee\/?p=5263\" \/>\n<meta property=\"og:site_name\" content=\"Eesti Rahva Muuseumi ajaveeb\" \/>\n<meta property=\"article:published_time\" content=\"2014-09-23T03:46:52+00:00\" \/>\n<meta property=\"article:modified_time\" content=\"2014-09-23T12:23:15+00:00\" \/>\n<meta property=\"og:image\" content=\"https:\/\/blog.erm.ee\/wp-content\/uploads\/2014\/09\/065892_ERM_Fk_2909_384.jpg\" \/>\n\t<meta property=\"og:image:width\" content=\"1600\" \/>\n\t<meta property=\"og:image:height\" content=\"1055\" \/>\n\t<meta property=\"og:image:type\" content=\"image\/jpeg\" \/>\n<meta name=\"author\" content=\"Eesti Rahva Muuseum\" \/>\n<meta name=\"twitter:card\" content=\"summary_large_image\" \/>\n<meta name=\"twitter:label1\" content=\"Written by\" \/>\n\t<meta name=\"twitter:data1\" content=\"Eesti Rahva Muuseum\" \/>\n\t<meta name=\"twitter:label2\" content=\"Est. reading time\" \/>\n\t<meta name=\"twitter:data2\" content=\"3 minutit\" \/>\n<script type=\"application\/ld+json\" class=\"yoast-schema-graph\">{\"@context\":\"https:\\\/\\\/schema.org\",\"@graph\":[{\"@type\":\"Article\",\"@id\":\"https:\\\/\\\/blog.erm.ee\\\/?p=5263#article\",\"isPartOf\":{\"@id\":\"https:\\\/\\\/blog.erm.ee\\\/?p=5263\"},\"author\":{\"name\":\"Eesti Rahva Muuseum\",\"@id\":\"https:\\\/\\\/blog.erm.ee\\\/#\\\/schema\\\/person\\\/6e98c391cb00a33e7c22a3571e062114\"},\"headline\":\"Mine metsa!\",\"datePublished\":\"2014-09-23T03:46:52+00:00\",\"dateModified\":\"2014-09-23T12:23:15+00:00\",\"mainEntityOfPage\":{\"@id\":\"https:\\\/\\\/blog.erm.ee\\\/?p=5263\"},\"wordCount\":504,\"commentCount\":0,\"image\":{\"@id\":\"https:\\\/\\\/blog.erm.ee\\\/?p=5263#primaryimage\"},\"thumbnailUrl\":\"https:\\\/\\\/blog.erm.ee\\\/wp-content\\\/uploads\\\/2014\\\/09\\\/065892_ERM_Fk_2909_384.jpg\",\"articleSection\":[\"Foto\"],\"inLanguage\":\"et\",\"potentialAction\":[{\"@type\":\"CommentAction\",\"name\":\"Comment\",\"target\":[\"https:\\\/\\\/blog.erm.ee\\\/?p=5263#respond\"]}]},{\"@type\":\"WebPage\",\"@id\":\"https:\\\/\\\/blog.erm.ee\\\/?p=5263\",\"url\":\"https:\\\/\\\/blog.erm.ee\\\/?p=5263\",\"name\":\"Mine metsa! - Eesti Rahva Muuseumi ajaveeb\",\"isPartOf\":{\"@id\":\"https:\\\/\\\/blog.erm.ee\\\/#website\"},\"primaryImageOfPage\":{\"@id\":\"https:\\\/\\\/blog.erm.ee\\\/?p=5263#primaryimage\"},\"image\":{\"@id\":\"https:\\\/\\\/blog.erm.ee\\\/?p=5263#primaryimage\"},\"thumbnailUrl\":\"https:\\\/\\\/blog.erm.ee\\\/wp-content\\\/uploads\\\/2014\\\/09\\\/065892_ERM_Fk_2909_384.jpg\",\"datePublished\":\"2014-09-23T03:46:52+00:00\",\"dateModified\":\"2014-09-23T12:23:15+00:00\",\"author\":{\"@id\":\"https:\\\/\\\/blog.erm.ee\\\/#\\\/schema\\\/person\\\/6e98c391cb00a33e7c22a3571e062114\"},\"breadcrumb\":{\"@id\":\"https:\\\/\\\/blog.erm.ee\\\/?p=5263#breadcrumb\"},\"inLanguage\":\"et\",\"potentialAction\":[{\"@type\":\"ReadAction\",\"target\":[\"https:\\\/\\\/blog.erm.ee\\\/?p=5263\"]}]},{\"@type\":\"ImageObject\",\"inLanguage\":\"et\",\"@id\":\"https:\\\/\\\/blog.erm.ee\\\/?p=5263#primaryimage\",\"url\":\"https:\\\/\\\/blog.erm.ee\\\/wp-content\\\/uploads\\\/2014\\\/09\\\/065892_ERM_Fk_2909_384.jpg\",\"contentUrl\":\"https:\\\/\\\/blog.erm.ee\\\/wp-content\\\/uploads\\\/2014\\\/09\\\/065892_ERM_Fk_2909_384.jpg\",\"width\":1600,\"height\":1055},{\"@type\":\"BreadcrumbList\",\"@id\":\"https:\\\/\\\/blog.erm.ee\\\/?p=5263#breadcrumb\",\"itemListElement\":[{\"@type\":\"ListItem\",\"position\":1,\"name\":\"Home\",\"item\":\"https:\\\/\\\/blog.erm.ee\\\/\"},{\"@type\":\"ListItem\",\"position\":2,\"name\":\"Mine metsa!\"}]},{\"@type\":\"WebSite\",\"@id\":\"https:\\\/\\\/blog.erm.ee\\\/#website\",\"url\":\"https:\\\/\\\/blog.erm.ee\\\/\",\"name\":\"Eesti Rahva Muuseumi ajaveeb\",\"description\":\"\",\"potentialAction\":[{\"@type\":\"SearchAction\",\"target\":{\"@type\":\"EntryPoint\",\"urlTemplate\":\"https:\\\/\\\/blog.erm.ee\\\/?s={search_term_string}\"},\"query-input\":{\"@type\":\"PropertyValueSpecification\",\"valueRequired\":true,\"valueName\":\"search_term_string\"}}],\"inLanguage\":\"et\"},{\"@type\":\"Person\",\"@id\":\"https:\\\/\\\/blog.erm.ee\\\/#\\\/schema\\\/person\\\/6e98c391cb00a33e7c22a3571e062114\",\"name\":\"Eesti Rahva Muuseum\",\"image\":{\"@type\":\"ImageObject\",\"inLanguage\":\"et\",\"@id\":\"https:\\\/\\\/secure.gravatar.com\\\/avatar\\\/cb6d9ad5fb49f3f7315028ce5fe60641075f2cb52b8a058ff5a985fa2d8c1da0?s=96&d=mm&r=g\",\"url\":\"https:\\\/\\\/secure.gravatar.com\\\/avatar\\\/cb6d9ad5fb49f3f7315028ce5fe60641075f2cb52b8a058ff5a985fa2d8c1da0?s=96&d=mm&r=g\",\"contentUrl\":\"https:\\\/\\\/secure.gravatar.com\\\/avatar\\\/cb6d9ad5fb49f3f7315028ce5fe60641075f2cb52b8a058ff5a985fa2d8c1da0?s=96&d=mm&r=g\",\"caption\":\"Eesti Rahva Muuseum\"},\"sameAs\":[\"http:\\\/\\\/www.erm.ee\"],\"url\":\"https:\\\/\\\/blog.erm.ee\\\/?author=1\"}]}<\/script>\n<!-- \/ Yoast SEO plugin. -->","yoast_head_json":{"title":"Mine metsa! - Eesti Rahva Muuseumi ajaveeb","robots":{"index":"index","follow":"follow","max-snippet":"max-snippet:-1","max-image-preview":"max-image-preview:large","max-video-preview":"max-video-preview:-1"},"canonical":"https:\/\/blog.erm.ee\/?p=5263","og_locale":"et_EE","og_type":"article","og_title":"Mine metsa! - Eesti Rahva Muuseumi ajaveeb","og_description":"Kristi \u00dctt, digitaal- ja eriarhiivi hoiuhaldur Siret Saar, koguhoidja Eesti on \u00fcks metsarikkamaid riike \u2013 metsaga on kaetud ligi pool maismaast. V\u00f5ib-olla on see \u00fcks p\u00f5hjustest, miks paljud eestlased naudivad korilust. Lisaks korjamisvajadusele on eestlaste n\u00f5rkuseks ka saagi s\u00e4ilitamine. MARJAD Kodukandis l\u00e4ksime vanaemaga metsa marjule. Vanaema k\u00f5neles, et need, kes rebivad marjad \u00fches okste, varte&hellip;","og_url":"https:\/\/blog.erm.ee\/?p=5263","og_site_name":"Eesti Rahva Muuseumi ajaveeb","article_published_time":"2014-09-23T03:46:52+00:00","article_modified_time":"2014-09-23T12:23:15+00:00","og_image":[{"width":1600,"height":1055,"url":"https:\/\/blog.erm.ee\/wp-content\/uploads\/2014\/09\/065892_ERM_Fk_2909_384.jpg","type":"image\/jpeg"}],"author":"Eesti Rahva Muuseum","twitter_card":"summary_large_image","twitter_misc":{"Written by":"Eesti Rahva Muuseum","Est. reading time":"3 minutit"},"schema":{"@context":"https:\/\/schema.org","@graph":[{"@type":"Article","@id":"https:\/\/blog.erm.ee\/?p=5263#article","isPartOf":{"@id":"https:\/\/blog.erm.ee\/?p=5263"},"author":{"name":"Eesti Rahva Muuseum","@id":"https:\/\/blog.erm.ee\/#\/schema\/person\/6e98c391cb00a33e7c22a3571e062114"},"headline":"Mine metsa!","datePublished":"2014-09-23T03:46:52+00:00","dateModified":"2014-09-23T12:23:15+00:00","mainEntityOfPage":{"@id":"https:\/\/blog.erm.ee\/?p=5263"},"wordCount":504,"commentCount":0,"image":{"@id":"https:\/\/blog.erm.ee\/?p=5263#primaryimage"},"thumbnailUrl":"https:\/\/blog.erm.ee\/wp-content\/uploads\/2014\/09\/065892_ERM_Fk_2909_384.jpg","articleSection":["Foto"],"inLanguage":"et","potentialAction":[{"@type":"CommentAction","name":"Comment","target":["https:\/\/blog.erm.ee\/?p=5263#respond"]}]},{"@type":"WebPage","@id":"https:\/\/blog.erm.ee\/?p=5263","url":"https:\/\/blog.erm.ee\/?p=5263","name":"Mine metsa! - Eesti Rahva Muuseumi ajaveeb","isPartOf":{"@id":"https:\/\/blog.erm.ee\/#website"},"primaryImageOfPage":{"@id":"https:\/\/blog.erm.ee\/?p=5263#primaryimage"},"image":{"@id":"https:\/\/blog.erm.ee\/?p=5263#primaryimage"},"thumbnailUrl":"https:\/\/blog.erm.ee\/wp-content\/uploads\/2014\/09\/065892_ERM_Fk_2909_384.jpg","datePublished":"2014-09-23T03:46:52+00:00","dateModified":"2014-09-23T12:23:15+00:00","author":{"@id":"https:\/\/blog.erm.ee\/#\/schema\/person\/6e98c391cb00a33e7c22a3571e062114"},"breadcrumb":{"@id":"https:\/\/blog.erm.ee\/?p=5263#breadcrumb"},"inLanguage":"et","potentialAction":[{"@type":"ReadAction","target":["https:\/\/blog.erm.ee\/?p=5263"]}]},{"@type":"ImageObject","inLanguage":"et","@id":"https:\/\/blog.erm.ee\/?p=5263#primaryimage","url":"https:\/\/blog.erm.ee\/wp-content\/uploads\/2014\/09\/065892_ERM_Fk_2909_384.jpg","contentUrl":"https:\/\/blog.erm.ee\/wp-content\/uploads\/2014\/09\/065892_ERM_Fk_2909_384.jpg","width":1600,"height":1055},{"@type":"BreadcrumbList","@id":"https:\/\/blog.erm.ee\/?p=5263#breadcrumb","itemListElement":[{"@type":"ListItem","position":1,"name":"Home","item":"https:\/\/blog.erm.ee\/"},{"@type":"ListItem","position":2,"name":"Mine metsa!"}]},{"@type":"WebSite","@id":"https:\/\/blog.erm.ee\/#website","url":"https:\/\/blog.erm.ee\/","name":"Eesti Rahva Muuseumi ajaveeb","description":"","potentialAction":[{"@type":"SearchAction","target":{"@type":"EntryPoint","urlTemplate":"https:\/\/blog.erm.ee\/?s={search_term_string}"},"query-input":{"@type":"PropertyValueSpecification","valueRequired":true,"valueName":"search_term_string"}}],"inLanguage":"et"},{"@type":"Person","@id":"https:\/\/blog.erm.ee\/#\/schema\/person\/6e98c391cb00a33e7c22a3571e062114","name":"Eesti Rahva Muuseum","image":{"@type":"ImageObject","inLanguage":"et","@id":"https:\/\/secure.gravatar.com\/avatar\/cb6d9ad5fb49f3f7315028ce5fe60641075f2cb52b8a058ff5a985fa2d8c1da0?s=96&d=mm&r=g","url":"https:\/\/secure.gravatar.com\/avatar\/cb6d9ad5fb49f3f7315028ce5fe60641075f2cb52b8a058ff5a985fa2d8c1da0?s=96&d=mm&r=g","contentUrl":"https:\/\/secure.gravatar.com\/avatar\/cb6d9ad5fb49f3f7315028ce5fe60641075f2cb52b8a058ff5a985fa2d8c1da0?s=96&d=mm&r=g","caption":"Eesti Rahva Muuseum"},"sameAs":["http:\/\/www.erm.ee"],"url":"https:\/\/blog.erm.ee\/?author=1"}]}},"jetpack_featured_media_url":"https:\/\/blog.erm.ee\/wp-content\/uploads\/2014\/09\/065892_ERM_Fk_2909_384.jpg","jetpack_shortlink":"https:\/\/wp.me\/p2l9Zd-1mT","jetpack_sharing_enabled":true,"jetpack_likes_enabled":true,"_links":{"self":[{"href":"https:\/\/blog.erm.ee\/index.php?rest_route=\/wp\/v2\/posts\/5263","targetHints":{"allow":["GET"]}}],"collection":[{"href":"https:\/\/blog.erm.ee\/index.php?rest_route=\/wp\/v2\/posts"}],"about":[{"href":"https:\/\/blog.erm.ee\/index.php?rest_route=\/wp\/v2\/types\/post"}],"author":[{"embeddable":true,"href":"https:\/\/blog.erm.ee\/index.php?rest_route=\/wp\/v2\/users\/1"}],"replies":[{"embeddable":true,"href":"https:\/\/blog.erm.ee\/index.php?rest_route=%2Fwp%2Fv2%2Fcomments&post=5263"}],"version-history":[{"count":8,"href":"https:\/\/blog.erm.ee\/index.php?rest_route=\/wp\/v2\/posts\/5263\/revisions"}],"predecessor-version":[{"id":5294,"href":"https:\/\/blog.erm.ee\/index.php?rest_route=\/wp\/v2\/posts\/5263\/revisions\/5294"}],"wp:featuredmedia":[{"embeddable":true,"href":"https:\/\/blog.erm.ee\/index.php?rest_route=\/wp\/v2\/media\/5283"}],"wp:attachment":[{"href":"https:\/\/blog.erm.ee\/index.php?rest_route=%2Fwp%2Fv2%2Fmedia&parent=5263"}],"wp:term":[{"taxonomy":"category","embeddable":true,"href":"https:\/\/blog.erm.ee\/index.php?rest_route=%2Fwp%2Fv2%2Fcategories&post=5263"},{"taxonomy":"post_tag","embeddable":true,"href":"https:\/\/blog.erm.ee\/index.php?rest_route=%2Fwp%2Fv2%2Ftags&post=5263"}],"curies":[{"name":"wp","href":"https:\/\/api.w.org\/{rel}","templated":true}]}}